{"id":61604,"date":"2024-11-15T11:30:56","date_gmt":"2024-11-15T10:30:56","guid":{"rendered":"https:\/?p=61604"},"modified":"2024-11-18T11:37:00","modified_gmt":"2024-11-18T10:37:00","slug":"lexus-apoya-a-malaga-en-la-celebracion-de-la-final-de-la-copa-davis-2024","status":"publish","type":"post","link":"https:\/\/luxonomy.net\/es\/lexus-apoya-a-malaga-en-la-celebracion-de-la-final-de-la-copa-davis-2024\/","title":{"rendered":"Lexus Apoya a M\u00e1laga en la Celebraci\u00f3n de la Final de la Copa Davis 2024"},"content":{"rendered":"\n<p class=\"wp-block-paragraph\">Lexus es, por quinta vez, Veh\u00edculo Oficial de las Finales de la Copa Davis 2024, y estar\u00e1 presente en M\u00e1laga como sede de la Final que se llevar\u00e1 a cabo del 19 al 24 de noviembre. En esta edici\u00f3n 2024, Lexus junto a la ITF (Federaci\u00f3n Internacional de Tenis), se unen en la celebraci\u00f3n de la Copa del Mundo de Tenis masculino 2024.<\/p>\n\n\n\n<p class=\"wp-block-paragraph\">Como Veh\u00edculo Oficial de la Copa Davis, durante el torneo, Lexus ser\u00e1 el encargado del transporte de jugadores y equipos que participan, con su completa gama Lexus Electrified, con los modelos UX, NX, RX, ES, RZ y LM.<\/p>\n\n\n\n<p class=\"wp-block-paragraph\">Adem\u00e1s, la marca expondr\u00e1 en la propia pista su novedad, el nuevo LBX, un crossover urbano con el que ha reinventado algunos de sus convencionalismos de dise\u00f1o m\u00e1s habituales. Este nuevo y radical modelo h\u00edbrido es el Lexus m\u00e1s compacto hasta la fecha. Tiene un estilo que lo distingue de sus compa\u00f1eros de filas m\u00e1s grandes y se\u00f1ala su intenci\u00f3n de cautivar el coraz\u00f3n y la mente de una nueva generaci\u00f3n de clientes de la marca.<\/p><div id=\"luxon-2287951244\" class=\"luxon-3er-parrafo luxon-entity-placement\" style=\"margin-top: 20px;margin-bottom: 20px;margin-left: auto;margin-right: auto;text-align: center;\"><a href=\"https:\/\/luxonomy.university\/course\/master-turismo-de-lujo\" target=\"_blank\" aria-label=\"master-turismo-lujo-2026-2027\"><img loading=\"lazy\" decoding=\"async\" src=\"https:\/\/i0.wp.com\/luxonomy.net\/wp-content\/uploads\/2020\/07\/master-turismo-lujo-2026-2027.jpg?fit=1672%2C941&#038;ssl=1\" alt=\"\"  srcset=\"https:\/\/i0.wp.com\/luxonomy.net\/wp-content\/uploads\/2020\/07\/master-turismo-lujo-2026-2027.jpg?w=1672&ssl=1 1672w, https:\/\/i0.wp.com\/luxonomy.net\/wp-content\/uploads\/2020\/07\/master-turismo-lujo-2026-2027.jpg?resize=300%2C169&ssl=1 300w, https:\/\/i0.wp.com\/luxonomy.net\/wp-content\/uploads\/2020\/07\/master-turismo-lujo-2026-2027.jpg?resize=1024%2C576&ssl=1 1024w, https:\/\/i0.wp.com\/luxonomy.net\/wp-content\/uploads\/2020\/07\/master-turismo-lujo-2026-2027.jpg?resize=768%2C432&ssl=1 768w, https:\/\/i0.wp.com\/luxonomy.net\/wp-content\/uploads\/2020\/07\/master-turismo-lujo-2026-2027.jpg?resize=1536%2C864&ssl=1 1536w, https:\/\/i0.wp.com\/luxonomy.net\/wp-content\/uploads\/2020\/07\/master-turismo-lujo-2026-2027.jpg?resize=370%2C208&ssl=1 370w, https:\/\/i0.wp.com\/luxonomy.net\/wp-content\/uploads\/2020\/07\/master-turismo-lujo-2026-2027.jpg?resize=800%2C450&ssl=1 800w, https:\/\/i0.wp.com\/luxonomy.net\/wp-content\/uploads\/2020\/07\/master-turismo-lujo-2026-2027.jpg?resize=20%2C11&ssl=1 20w, https:\/\/i0.wp.com\/luxonomy.net\/wp-content\/uploads\/2020\/07\/master-turismo-lujo-2026-2027.jpg?resize=740%2C416&ssl=1 740w, https:\/\/i0.wp.com\/luxonomy.net\/wp-content\/uploads\/2020\/07\/master-turismo-lujo-2026-2027.jpg?resize=1600%2C900&ssl=1 1600w, https:\/\/i0.wp.com\/luxonomy.net\/wp-content\/uploads\/2020\/07\/master-turismo-lujo-2026-2027.jpg?resize=1200%2C675&ssl=1 1200w, https:\/\/i0.wp.com\/luxonomy.net\/wp-content\/uploads\/2020\/07\/master-turismo-lujo-2026-2027.jpg?resize=85%2C48&ssl=1 85w\" sizes=\"(max-width: 1170px) 100vw, 1170px\" class=\"no-lazyload\" width=\"1672\" height=\"941\"   \/><\/a><\/div>\n\n\n\n<p class=\"wp-block-paragraph\">Existe una aut\u00e9ntica conexi\u00f3n entre Lexus y la Copa Davis, con clientes y aficionados que buscan experiencias \u00fanicas e inolvidables, con Lexus como protagonista de la movilidad en uno de los eventos deportivos m\u00e1s emocionantes del mundo.<\/p>\n\n\n\n<p class=\"wp-block-paragraph\">La asociaci\u00f3n de la marca con la Copa Davis demuestra la sinergia entre la energ\u00eda de uno de los torneos de tenis m\u00e1s importantes del mundo y la experiencia de conducir un modelo Lexus, ya sea el\u00e9ctrico o h\u00edbrido.<\/p>\n\n\n\n<h6 class=\"wp-block-heading\">ROBERTO BAUTISTA &amp; LEXUS<\/h6>\n\n\n\n<p class=\"wp-block-paragraph\">Lexus y Roberto Bautista contin\u00faan con el acuerdo iniciado en 2019, que incluye la colaboraci\u00f3n del tenista en acciones de la marca. Adem\u00e1s, Roberto Bautista conducir\u00e1 un Lexus NX 350h durante el periodo de duraci\u00f3n del contrato.<\/p>\n\n\n\n<p class=\"wp-block-paragraph\">El reconocido tenista a nivel mundial es, por lo tanto, embajador de la marca como una muestra m\u00e1s de la fuerte vinculaci\u00f3n que la marca tiene con el tenis, como parte de su compromiso con la excelencia y los valores que el deporte transmite.<\/p><div id=\"luxon-2827755849\" class=\"luxon-7-parrafo luxon-entity-placement\" style=\"margin-top: 20px;margin-bottom: 20px;margin-left: auto;margin-right: auto;text-align: center;\"><a href=\"https:\/\/theintelligence.institute\/course\/inteligencia-artificial-para-directivos\" target=\"_blank\" aria-label=\"CSIAD_empresas_THEI_horizontal_4x3_v5\"><img loading=\"lazy\" decoding=\"async\" src=\"https:\/\/i0.wp.com\/luxonomy.net\/wp-content\/uploads\/2025\/08\/CSIAD_empresas_THEI_horizontal_4x3_v5.png?fit=2000%2C1500&#038;ssl=1\" alt=\"\"  srcset=\"https:\/\/i0.wp.com\/luxonomy.net\/wp-content\/uploads\/2025\/08\/CSIAD_empresas_THEI_horizontal_4x3_v5.png?w=2000&ssl=1 2000w, https:\/\/i0.wp.com\/luxonomy.net\/wp-content\/uploads\/2025\/08\/CSIAD_empresas_THEI_horizontal_4x3_v5.png?resize=300%2C225&ssl=1 300w, https:\/\/i0.wp.com\/luxonomy.net\/wp-content\/uploads\/2025\/08\/CSIAD_empresas_THEI_horizontal_4x3_v5.png?resize=1024%2C768&ssl=1 1024w, https:\/\/i0.wp.com\/luxonomy.net\/wp-content\/uploads\/2025\/08\/CSIAD_empresas_THEI_horizontal_4x3_v5.png?resize=768%2C576&ssl=1 768w, https:\/\/i0.wp.com\/luxonomy.net\/wp-content\/uploads\/2025\/08\/CSIAD_empresas_THEI_horizontal_4x3_v5.png?resize=1536%2C1152&ssl=1 1536w, https:\/\/i0.wp.com\/luxonomy.net\/wp-content\/uploads\/2025\/08\/CSIAD_empresas_THEI_horizontal_4x3_v5.png?resize=370%2C278&ssl=1 370w, https:\/\/i0.wp.com\/luxonomy.net\/wp-content\/uploads\/2025\/08\/CSIAD_empresas_THEI_horizontal_4x3_v5.png?resize=800%2C600&ssl=1 800w, https:\/\/i0.wp.com\/luxonomy.net\/wp-content\/uploads\/2025\/08\/CSIAD_empresas_THEI_horizontal_4x3_v5.png?resize=20%2C15&ssl=1 20w, https:\/\/i0.wp.com\/luxonomy.net\/wp-content\/uploads\/2025\/08\/CSIAD_empresas_THEI_horizontal_4x3_v5.png?resize=740%2C555&ssl=1 740w, https:\/\/i0.wp.com\/luxonomy.net\/wp-content\/uploads\/2025\/08\/CSIAD_empresas_THEI_horizontal_4x3_v5.png?resize=1600%2C1200&ssl=1 1600w, https:\/\/i0.wp.com\/luxonomy.net\/wp-content\/uploads\/2025\/08\/CSIAD_empresas_THEI_horizontal_4x3_v5.png?resize=1200%2C900&ssl=1 1200w, https:\/\/i0.wp.com\/luxonomy.net\/wp-content\/uploads\/2025\/08\/CSIAD_empresas_THEI_horizontal_4x3_v5.png?resize=64%2C48&ssl=1 64w\" sizes=\"(max-width: 1170px) 100vw, 1170px\" class=\"no-lazyload\" width=\"2000\" height=\"1500\"   \/><\/a><\/div>\n\n\n\n<h6 class=\"wp-block-heading\">ACERCA DE ROBERTO BAUTISTA<\/h6>\n\n\n\n<p class=\"wp-block-paragraph\">Roberto Bautista naci\u00f3 el 14 de abril de 1988 en Benlloch, Castell\u00f3n. Comenz\u00f3 a jugar al tenis a los cinco a\u00f1os con su madre, a quien acompa\u00f1aba los fines de semana. Creci\u00f3 viendo a \u00eddolos como Juan Carlos Ferrero y David Ferrer. Disfruta montando a caballo (posee siete) y practicando todo tipo de deportes, especialmente el f\u00fatbol. Fiel seguidor del Villarreal C.F., jug\u00f3 al f\u00fatbol en el Villarreal C.F. hasta los 14 a\u00f1os, cuando decidi\u00f3 enfocar su carrera al tenis.<\/p>\n\n\n\n<h6 class=\"wp-block-heading\">ACERCA DE ITF<\/h6>\n\n\n\n<p class=\"wp-block-paragraph\">La Federaci\u00f3n Internacional de Tenis (ITF) es el organismo rector mundial del tenis. Fundada en 1913, su prop\u00f3sito es garantizar el crecimiento a largo plazo y la sostenibilidad del deporte, ofreciendo tenis para las generaciones futuras en asociaci\u00f3n con sus 213 Asociaciones Nacionales miembros. La ITF supervisa las reglas y regulaciones que rigen la competencia internacional y nacional.<\/p>\n\n\n\n<p class=\"wp-block-paragraph\">La ITF es responsable del desarrollo mundial del tenis a trav\u00e9s de su Programa de Desarrollo global de gran prestigio, su departamento de Ciencia y T\u00e9cnica que supervisa el equipo y la tecnolog\u00eda, y su departamento de Arbitraje que supervisa la educaci\u00f3n y el avance de los \u00e1rbitros.<\/p>\n\n\n\n<p class=\"wp-block-paragraph\">La ITF organiza hasta 1850 torneos masculinos, femeninos y juveniles en el ITF World Tennis Tour, y gestiona las competiciones de equipos juveniles de la ITF, el ITF Beach Tennis World Tour, el UNIQLO Wheelchair Tennis Tour y el ITF World Tennis Masters Tour, junto con las Copas del Mundo de Tenis masculinas y femeninas, la Copa Davis y la Copa Billie Jean King by Gainbridge respectivamente.<\/p>\n\n\n\n<p class=\"wp-block-paragraph\">Las dos competiciones internacionales por equipos m\u00e1s grandes del tenis. La ITF gestiona el Evento Ol\u00edmpico de Tenis en nombre del COI y el Evento Paral\u00edmpico de Tenis en nombre del IPC y las V\u00edas de Clasificaci\u00f3n para ambos eventos en los Juegos. Para obtener m\u00e1s informaci\u00f3n, visite&nbsp;<a href=\"http:\/\/www.itftennis.com\/\">www.itftennis.com<\/a>.<\/p>\n\n\n\n<h6 class=\"wp-block-heading\">ACERCA DE COPA DAVIS<\/h6>\n\n\n\n<p class=\"wp-block-paragraph\">La Copa Davis comenz\u00f3 en 1900 como un partido de desaf\u00edo entre Estados Unidos y Gran Breta\u00f1a y ha evolucionado desde entonces hasta convertirse en la competici\u00f3n internacional por equipos m\u00e1s grande del mundo, con un r\u00e9cord de 157 naciones inscritas en 2024. Italia gan\u00f3 su segundo t\u00edtulo de Copa Davis en 2023, con Jannik Sinner liderando al equipo a las victorias sobre Pa\u00edses Bajos, Serbia y Australia en la Final en M\u00e1laga.<\/p>\n\n\n\n<p class=\"wp-block-paragraph\">La fase de grupos de las Finales de la Copa Davis 2024 tendr\u00e1 lugar del 10 al 15 de septiembre en cuatro ciudades (Bolonia, Manchester, Valencia y Zhuhai), con 16 naciones compitiendo en cuatro grupos de cuatro naciones. Los dos mejores equipos de cada grupo avanzar\u00e1n a la Final, que se celebrar\u00e1 en M\u00e1laga por tercer a\u00f1o consecutivo, del 19 al 24 de noviembre de 2024.<\/p>\n","protected":false},"excerpt":{"rendered":"<p>Lexus es, por quinta vez, Veh\u00edculo Oficial de las Finales de la Copa Davis 2024, y estar\u00e1 presente en M\u00e1laga como sede de la Final que se llevar\u00e1 a cabo del 19 al 24 de noviembre. En esta edici\u00f3n 2024, Lexus junto a la ITF (Federaci\u00f3n Internacional de Tenis), se unen en la celebraci\u00f3n de&hellip;<\/p>\n","protected":false},"author":1,"featured_media":61605,"comment_status":"open","ping_status":"open","sticky":false,"template":"","format":"standard","meta":{"_jetpack_newsletter_access":"","_jetpack_dont_email_post_to_subs":true,"_jetpack_newsletter_tier_id":0,"_jetpack_memberships_contains_paywalled_content":false,"_jetpack_feature_clip_id":0,"_jetpack_memberships_contains_paid_content":false,"footnotes":"","jetpack_publicize_message":"","jetpack_publicize_feature_enabled":false,"jetpack_social_post_already_shared":false,"jetpack_social_options":{"image_generator_settings":{"template":"edge","enabled":true,"token":"eyJpbWciOiJodHRwczpcL1wvbHV4b25vbXkubmV0XC93cC1jb250ZW50XC91cGxvYWRzXC8yMDI0XC8xMVwvTGV4dXMtQXBveWEtYS1NYWxhZ2EtZW4tbGEtQ2VsZWJyYWNpb24tZGUtbGEtRmluYWwtZGUtbGEtQ29wYS1EYXZpcy0yMDI0LTEwMjR4NjgzLmpwZyIsInR4dCI6IkxleHVzIEFwb3lhIGEgTVx1MDBlMWxhZ2EgZW4gbGEgQ2VsZWJyYWNpXHUwMGYzbiBkZSBsYSBGaW5hbCBkZSBsYSBDb3BhIERhdmlzIDIwMjQiLCJ0ZW1wbGF0ZSI6ImVkZ2UiLCJibG9nX2lkIjoxNTk5ODU3NDB9.h-iDC1XZjR3KsIEzCDIbwUydSTek2N0ONf6FfTIpR-oMQ"},"version":2},"jetpack_post_was_ever_published":false},"categories":[938,227],"tags":[228,295],"thb-sponsors":[1206],"class_list":["post-61604","post","type-post","status-publish","format-standard","has-post-thumbnail","hentry","category-deporte","category-eventos","tag-eventos","tag-lexus"],"yoast_head":"<!-- This site is optimized with the Yoast SEO plugin v28.4 - https:\/\/yoast.com\/product\/yoast-seo-wordpress\/ -->\n<title>Lexus Apoya a M\u00e1laga en la Celebraci\u00f3n de la Final de la Copa Davis 2024 | LUXONOMY<\/title>\n<meta name=\"robots\" content=\"index, follow, max-snippet:-1, max-image-preview:large, max-video-preview:-1\" \/>\n<link rel=\"canonical\" href=\"https:\/\/luxonomy.net\/es\/lexus-apoya-a-malaga-en-la-celebracion-de-la-final-de-la-copa-davis-2024\/\" \/>\n<meta property=\"og:locale\" content=\"es_ES\" \/>\n<meta property=\"og:type\" content=\"article\" \/>\n<meta property=\"og:title\" content=\"Lexus Apoya a M\u00e1laga en la Celebraci\u00f3n de la Final de la Copa Davis 2024 | LUXONOMY\" \/>\n<meta property=\"og:description\" content=\"Lexus es, por quinta vez, Veh\u00edculo Oficial de las Finales de la Copa Davis 2024, y estar\u00e1 presente en M\u00e1laga como sede de la Final que se llevar\u00e1 a cabo del 19 al 24 de noviembre. En esta edici\u00f3n 2024, Lexus junto a la ITF (Federaci\u00f3n Internacional de Tenis), se unen en la celebraci\u00f3n de&hellip;\" \/>\n<meta property=\"og:url\" content=\"https:\/\/luxonomy.net\/es\/lexus-apoya-a-malaga-en-la-celebracion-de-la-final-de-la-copa-davis-2024\/\" \/>\n<meta property=\"og:site_name\" content=\"LUXONOMY\" \/>\n<meta property=\"article:publisher\" content=\"https:\/\/www.facebook.com\/luxonomy\" \/>\n<meta property=\"article:published_time\" content=\"2024-11-15T10:30:56+00:00\" \/>\n<meta property=\"article:modified_time\" content=\"2024-11-18T10:37:00+00:00\" \/>\n<meta property=\"og:image\" content=\"https:\/\/i0.wp.com\/luxonomy.net\/wp-content\/uploads\/2024\/11\/Lexus-Apoya-a-Malaga-en-la-Celebracion-de-la-Final-de-la-Copa-Davis-2024.jpg?fit=2560%2C1707&quality=89&ssl=1\" \/>\n\t<meta property=\"og:image:width\" content=\"2560\" \/>\n\t<meta property=\"og:image:height\" content=\"1707\" \/>\n\t<meta property=\"og:image:type\" content=\"image\/jpeg\" \/>\n<meta name=\"author\" content=\"LUXONOMY\" \/>\n<meta name=\"twitter:card\" content=\"summary_large_image\" \/>\n<meta name=\"twitter:label1\" content=\"Escrito por\" \/>\n\t<meta name=\"twitter:data1\" content=\"LUXONOMY\" \/>\n\t<meta name=\"twitter:label2\" content=\"Tiempo de lectura\" \/>\n\t<meta name=\"twitter:data2\" content=\"4 minutos\" \/>\n<script type=\"application\/ld+json\" class=\"yoast-schema-graph\">{\"@context\":\"https:\\\/\\\/schema.org\",\"@graph\":[{\"@type\":\"Article\",\"@id\":\"https:\\\/\\\/luxonomy.net\\\/es\\\/lexus-apoya-a-malaga-en-la-celebracion-de-la-final-de-la-copa-davis-2024\\\/#article\",\"isPartOf\":{\"@id\":\"https:\\\/\\\/luxonomy.net\\\/es\\\/lexus-apoya-a-malaga-en-la-celebracion-de-la-final-de-la-copa-davis-2024\\\/\"},\"author\":{\"name\":\"LUXONOMY\",\"@id\":\"https:\\\/\\\/luxonomy.net\\\/es\\\/#\\\/schema\\\/person\\\/ca588d8b741a1fdd9065289c8d98ee8c\"},\"headline\":\"Lexus Apoya a M\u00e1laga en la Celebraci\u00f3n de la Final de la Copa Davis 2024\",\"datePublished\":\"2024-11-15T10:30:56+00:00\",\"dateModified\":\"2024-11-18T10:37:00+00:00\",\"mainEntityOfPage\":{\"@id\":\"https:\\\/\\\/luxonomy.net\\\/es\\\/lexus-apoya-a-malaga-en-la-celebracion-de-la-final-de-la-copa-davis-2024\\\/\"},\"wordCount\":850,\"commentCount\":0,\"publisher\":{\"@id\":\"https:\\\/\\\/luxonomy.net\\\/es\\\/#organization\"},\"image\":{\"@id\":\"https:\\\/\\\/luxonomy.net\\\/es\\\/lexus-apoya-a-malaga-en-la-celebracion-de-la-final-de-la-copa-davis-2024\\\/#primaryimage\"},\"thumbnailUrl\":\"https:\\\/\\\/i0.wp.com\\\/luxonomy.net\\\/wp-content\\\/uploads\\\/2024\\\/11\\\/Lexus-Apoya-a-Malaga-en-la-Celebracion-de-la-Final-de-la-Copa-Davis-2024.jpg?fit=2560%2C1707&ssl=1\",\"keywords\":[\"Eventos\",\"Lexus\"],\"articleSection\":[\"Deporte\",\"Eventos\"],\"inLanguage\":\"es\",\"potentialAction\":[{\"@type\":\"CommentAction\",\"name\":\"Comment\",\"target\":[\"https:\\\/\\\/luxonomy.net\\\/es\\\/lexus-apoya-a-malaga-en-la-celebracion-de-la-final-de-la-copa-davis-2024\\\/#respond\"]}]},{\"@type\":\"WebPage\",\"@id\":\"https:\\\/\\\/luxonomy.net\\\/es\\\/lexus-apoya-a-malaga-en-la-celebracion-de-la-final-de-la-copa-davis-2024\\\/\",\"url\":\"https:\\\/\\\/luxonomy.net\\\/es\\\/lexus-apoya-a-malaga-en-la-celebracion-de-la-final-de-la-copa-davis-2024\\\/\",\"name\":\"Lexus Apoya a M\u00e1laga en la Celebraci\u00f3n de la Final de la Copa Davis 2024 | LUXONOMY\",\"isPartOf\":{\"@id\":\"https:\\\/\\\/luxonomy.net\\\/es\\\/#website\"},\"primaryImageOfPage\":{\"@id\":\"https:\\\/\\\/luxonomy.net\\\/es\\\/lexus-apoya-a-malaga-en-la-celebracion-de-la-final-de-la-copa-davis-2024\\\/#primaryimage\"},\"image\":{\"@id\":\"https:\\\/\\\/luxonomy.net\\\/es\\\/lexus-apoya-a-malaga-en-la-celebracion-de-la-final-de-la-copa-davis-2024\\\/#primaryimage\"},\"thumbnailUrl\":\"https:\\\/\\\/i0.wp.com\\\/luxonomy.net\\\/wp-content\\\/uploads\\\/2024\\\/11\\\/Lexus-Apoya-a-Malaga-en-la-Celebracion-de-la-Final-de-la-Copa-Davis-2024.jpg?fit=2560%2C1707&ssl=1\",\"datePublished\":\"2024-11-15T10:30:56+00:00\",\"dateModified\":\"2024-11-18T10:37:00+00:00\",\"breadcrumb\":{\"@id\":\"https:\\\/\\\/luxonomy.net\\\/es\\\/lexus-apoya-a-malaga-en-la-celebracion-de-la-final-de-la-copa-davis-2024\\\/#breadcrumb\"},\"inLanguage\":\"es\",\"potentialAction\":[{\"@type\":\"ReadAction\",\"target\":[\"https:\\\/\\\/luxonomy.net\\\/es\\\/lexus-apoya-a-malaga-en-la-celebracion-de-la-final-de-la-copa-davis-2024\\\/\"]}]},{\"@type\":\"ImageObject\",\"inLanguage\":\"es\",\"@id\":\"https:\\\/\\\/luxonomy.net\\\/es\\\/lexus-apoya-a-malaga-en-la-celebracion-de-la-final-de-la-copa-davis-2024\\\/#primaryimage\",\"url\":\"https:\\\/\\\/i0.wp.com\\\/luxonomy.net\\\/wp-content\\\/uploads\\\/2024\\\/11\\\/Lexus-Apoya-a-Malaga-en-la-Celebracion-de-la-Final-de-la-Copa-Davis-2024.jpg?fit=2560%2C1707&ssl=1\",\"contentUrl\":\"https:\\\/\\\/i0.wp.com\\\/luxonomy.net\\\/wp-content\\\/uploads\\\/2024\\\/11\\\/Lexus-Apoya-a-Malaga-en-la-Celebracion-de-la-Final-de-la-Copa-Davis-2024.jpg?fit=2560%2C1707&ssl=1\",\"width\":2560,\"height\":1707},{\"@type\":\"BreadcrumbList\",\"@id\":\"https:\\\/\\\/luxonomy.net\\\/es\\\/lexus-apoya-a-malaga-en-la-celebracion-de-la-final-de-la-copa-davis-2024\\\/#breadcrumb\",\"itemListElement\":[{\"@type\":\"ListItem\",\"position\":1,\"name\":\"Portada\",\"item\":\"https:\\\/\\\/luxonomy.net\\\/es\\\/\"},{\"@type\":\"ListItem\",\"position\":2,\"name\":\"Lexus Apoya a M\u00e1laga en la Celebraci\u00f3n de la Final de la Copa Davis 2024\"}]},{\"@type\":\"WebSite\",\"@id\":\"https:\\\/\\\/luxonomy.net\\\/es\\\/#website\",\"url\":\"https:\\\/\\\/luxonomy.net\\\/es\\\/\",\"name\":\"LUXONOMY\",\"description\":\"The Economy of Fashion &amp; Luxury\",\"publisher\":{\"@id\":\"https:\\\/\\\/luxonomy.net\\\/es\\\/#organization\"},\"potentialAction\":[{\"@type\":\"SearchAction\",\"target\":{\"@type\":\"EntryPoint\",\"urlTemplate\":\"https:\\\/\\\/luxonomy.net\\\/es\\\/?s={search_term_string}\"},\"query-input\":{\"@type\":\"PropertyValueSpecification\",\"valueRequired\":true,\"valueName\":\"search_term_string\"}}],\"inLanguage\":\"es\"},{\"@type\":\"Organization\",\"@id\":\"https:\\\/\\\/luxonomy.net\\\/es\\\/#organization\",\"name\":\"LUXONOMY\",\"url\":\"https:\\\/\\\/luxonomy.net\\\/es\\\/\",\"logo\":{\"@type\":\"ImageObject\",\"inLanguage\":\"es\",\"@id\":\"https:\\\/\\\/luxonomy.net\\\/es\\\/#\\\/schema\\\/logo\\\/image\\\/\",\"url\":\"https:\\\/\\\/i2.wp.com\\\/luxonomy.net\\\/wp-content\\\/uploads\\\/2021\\\/09\\\/MOCKUP-TODOS-LUXONOMY.jpg?fit=1000%2C515&ssl=1\",\"contentUrl\":\"https:\\\/\\\/i2.wp.com\\\/luxonomy.net\\\/wp-content\\\/uploads\\\/2021\\\/09\\\/MOCKUP-TODOS-LUXONOMY.jpg?fit=1000%2C515&ssl=1\",\"width\":1000,\"height\":515,\"caption\":\"LUXONOMY\"},\"image\":{\"@id\":\"https:\\\/\\\/luxonomy.net\\\/es\\\/#\\\/schema\\\/logo\\\/image\\\/\"},\"sameAs\":[\"https:\\\/\\\/www.facebook.com\\\/luxonomy\",\"https:\\\/\\\/www.instagram.com\\\/luxonomy\\\/\",\"https:\\\/\\\/www.linkedin.com\\\/company\\\/luxonomy\\\/\"]},{\"@type\":\"Person\",\"@id\":\"https:\\\/\\\/luxonomy.net\\\/es\\\/#\\\/schema\\\/person\\\/ca588d8b741a1fdd9065289c8d98ee8c\",\"name\":\"LUXONOMY\",\"image\":{\"@type\":\"ImageObject\",\"inLanguage\":\"es\",\"@id\":\"https:\\\/\\\/luxonomy.net\\\/wp-content\\\/litespeed\\\/avatar\\\/a6436cdb14fdaf9c21808e63d0da2055.jpg?ver=1788366758\",\"url\":\"https:\\\/\\\/luxonomy.net\\\/wp-content\\\/litespeed\\\/avatar\\\/a6436cdb14fdaf9c21808e63d0da2055.jpg?ver=1788366758\",\"contentUrl\":\"https:\\\/\\\/luxonomy.net\\\/wp-content\\\/litespeed\\\/avatar\\\/a6436cdb14fdaf9c21808e63d0da2055.jpg?ver=1788366758\",\"caption\":\"LUXONOMY\"},\"sameAs\":[\"https:\\\/\"],\"url\":\"https:\\\/\\\/luxonomy.net\\\/es\\\/author\\\/luxonomy\\\/\"}]}<\/script>\n<!-- \/ Yoast SEO plugin. -->","yoast_head_json":{"title":"Lexus Apoya a M\u00e1laga en la Celebraci\u00f3n de la Final de la Copa Davis 2024 | LUXONOMY","robots":{"index":"index","follow":"follow","max-snippet":"max-snippet:-1","max-image-preview":"max-image-preview:large","max-video-preview":"max-video-preview:-1"},"canonical":"https:\/\/luxonomy.net\/es\/lexus-apoya-a-malaga-en-la-celebracion-de-la-final-de-la-copa-davis-2024\/","og_locale":"es_ES","og_type":"article","og_title":"Lexus Apoya a M\u00e1laga en la Celebraci\u00f3n de la Final de la Copa Davis 2024 | LUXONOMY","og_description":"Lexus es, por quinta vez, Veh\u00edculo Oficial de las Finales de la Copa Davis 2024, y estar\u00e1 presente en M\u00e1laga como sede de la Final que se llevar\u00e1 a cabo del 19 al 24 de noviembre. En esta edici\u00f3n 2024, Lexus junto a la ITF (Federaci\u00f3n Internacional de Tenis), se unen en la celebraci\u00f3n de&hellip;","og_url":"https:\/\/luxonomy.net\/es\/lexus-apoya-a-malaga-en-la-celebracion-de-la-final-de-la-copa-davis-2024\/","og_site_name":"LUXONOMY","article_publisher":"https:\/\/www.facebook.com\/luxonomy","article_published_time":"2024-11-15T10:30:56+00:00","article_modified_time":"2024-11-18T10:37:00+00:00","og_image":[{"width":2560,"height":1707,"url":"https:\/\/i0.wp.com\/luxonomy.net\/wp-content\/uploads\/2024\/11\/Lexus-Apoya-a-Malaga-en-la-Celebracion-de-la-Final-de-la-Copa-Davis-2024.jpg?fit=2560%2C1707&quality=89&ssl=1","type":"image\/jpeg"}],"author":"LUXONOMY","twitter_card":"summary_large_image","twitter_misc":{"Escrito por":"LUXONOMY","Tiempo de lectura":"4 minutos"},"schema":{"@context":"https:\/\/schema.org","@graph":[{"@type":"Article","@id":"https:\/\/luxonomy.net\/es\/lexus-apoya-a-malaga-en-la-celebracion-de-la-final-de-la-copa-davis-2024\/#article","isPartOf":{"@id":"https:\/\/luxonomy.net\/es\/lexus-apoya-a-malaga-en-la-celebracion-de-la-final-de-la-copa-davis-2024\/"},"author":{"name":"LUXONOMY","@id":"https:\/\/luxonomy.net\/es\/#\/schema\/person\/ca588d8b741a1fdd9065289c8d98ee8c"},"headline":"Lexus Apoya a M\u00e1laga en la Celebraci\u00f3n de la Final de la Copa Davis 2024","datePublished":"2024-11-15T10:30:56+00:00","dateModified":"2024-11-18T10:37:00+00:00","mainEntityOfPage":{"@id":"https:\/\/luxonomy.net\/es\/lexus-apoya-a-malaga-en-la-celebracion-de-la-final-de-la-copa-davis-2024\/"},"wordCount":850,"commentCount":0,"publisher":{"@id":"https:\/\/luxonomy.net\/es\/#organization"},"image":{"@id":"https:\/\/luxonomy.net\/es\/lexus-apoya-a-malaga-en-la-celebracion-de-la-final-de-la-copa-davis-2024\/#primaryimage"},"thumbnailUrl":"https:\/\/i0.wp.com\/luxonomy.net\/wp-content\/uploads\/2024\/11\/Lexus-Apoya-a-Malaga-en-la-Celebracion-de-la-Final-de-la-Copa-Davis-2024.jpg?fit=2560%2C1707&ssl=1","keywords":["Eventos","Lexus"],"articleSection":["Deporte","Eventos"],"inLanguage":"es","potentialAction":[{"@type":"CommentAction","name":"Comment","target":["https:\/\/luxonomy.net\/es\/lexus-apoya-a-malaga-en-la-celebracion-de-la-final-de-la-copa-davis-2024\/#respond"]}]},{"@type":"WebPage","@id":"https:\/\/luxonomy.net\/es\/lexus-apoya-a-malaga-en-la-celebracion-de-la-final-de-la-copa-davis-2024\/","url":"https:\/\/luxonomy.net\/es\/lexus-apoya-a-malaga-en-la-celebracion-de-la-final-de-la-copa-davis-2024\/","name":"Lexus Apoya a M\u00e1laga en la Celebraci\u00f3n de la Final de la Copa Davis 2024 | LUXONOMY","isPartOf":{"@id":"https:\/\/luxonomy.net\/es\/#website"},"primaryImageOfPage":{"@id":"https:\/\/luxonomy.net\/es\/lexus-apoya-a-malaga-en-la-celebracion-de-la-final-de-la-copa-davis-2024\/#primaryimage"},"image":{"@id":"https:\/\/luxonomy.net\/es\/lexus-apoya-a-malaga-en-la-celebracion-de-la-final-de-la-copa-davis-2024\/#primaryimage"},"thumbnailUrl":"https:\/\/i0.wp.com\/luxonomy.net\/wp-content\/uploads\/2024\/11\/Lexus-Apoya-a-Malaga-en-la-Celebracion-de-la-Final-de-la-Copa-Davis-2024.jpg?fit=2560%2C1707&ssl=1","datePublished":"2024-11-15T10:30:56+00:00","dateModified":"2024-11-18T10:37:00+00:00","breadcrumb":{"@id":"https:\/\/luxonomy.net\/es\/lexus-apoya-a-malaga-en-la-celebracion-de-la-final-de-la-copa-davis-2024\/#breadcrumb"},"inLanguage":"es","potentialAction":[{"@type":"ReadAction","target":["https:\/\/luxonomy.net\/es\/lexus-apoya-a-malaga-en-la-celebracion-de-la-final-de-la-copa-davis-2024\/"]}]},{"@type":"ImageObject","inLanguage":"es","@id":"https:\/\/luxonomy.net\/es\/lexus-apoya-a-malaga-en-la-celebracion-de-la-final-de-la-copa-davis-2024\/#primaryimage","url":"https:\/\/i0.wp.com\/luxonomy.net\/wp-content\/uploads\/2024\/11\/Lexus-Apoya-a-Malaga-en-la-Celebracion-de-la-Final-de-la-Copa-Davis-2024.jpg?fit=2560%2C1707&ssl=1","contentUrl":"https:\/\/i0.wp.com\/luxonomy.net\/wp-content\/uploads\/2024\/11\/Lexus-Apoya-a-Malaga-en-la-Celebracion-de-la-Final-de-la-Copa-Davis-2024.jpg?fit=2560%2C1707&ssl=1","width":2560,"height":1707},{"@type":"BreadcrumbList","@id":"https:\/\/luxonomy.net\/es\/lexus-apoya-a-malaga-en-la-celebracion-de-la-final-de-la-copa-davis-2024\/#breadcrumb","itemListElement":[{"@type":"ListItem","position":1,"name":"Portada","item":"https:\/\/luxonomy.net\/es\/"},{"@type":"ListItem","position":2,"name":"Lexus Apoya a M\u00e1laga en la Celebraci\u00f3n de la Final de la Copa Davis 2024"}]},{"@type":"WebSite","@id":"https:\/\/luxonomy.net\/es\/#website","url":"https:\/\/luxonomy.net\/es\/","name":"LUXONOMY","description":"The Economy of Fashion &amp; Luxury","publisher":{"@id":"https:\/\/luxonomy.net\/es\/#organization"},"potentialAction":[{"@type":"SearchAction","target":{"@type":"EntryPoint","urlTemplate":"https:\/\/luxonomy.net\/es\/?s={search_term_string}"},"query-input":{"@type":"PropertyValueSpecification","valueRequired":true,"valueName":"search_term_string"}}],"inLanguage":"es"},{"@type":"Organization","@id":"https:\/\/luxonomy.net\/es\/#organization","name":"LUXONOMY","url":"https:\/\/luxonomy.net\/es\/","logo":{"@type":"ImageObject","inLanguage":"es","@id":"https:\/\/luxonomy.net\/es\/#\/schema\/logo\/image\/","url":"https:\/\/i2.wp.com\/luxonomy.net\/wp-content\/uploads\/2021\/09\/MOCKUP-TODOS-LUXONOMY.jpg?fit=1000%2C515&ssl=1","contentUrl":"https:\/\/i2.wp.com\/luxonomy.net\/wp-content\/uploads\/2021\/09\/MOCKUP-TODOS-LUXONOMY.jpg?fit=1000%2C515&ssl=1","width":1000,"height":515,"caption":"LUXONOMY"},"image":{"@id":"https:\/\/luxonomy.net\/es\/#\/schema\/logo\/image\/"},"sameAs":["https:\/\/www.facebook.com\/luxonomy","https:\/\/www.instagram.com\/luxonomy\/","https:\/\/www.linkedin.com\/company\/luxonomy\/"]},{"@type":"Person","@id":"https:\/\/luxonomy.net\/es\/#\/schema\/person\/ca588d8b741a1fdd9065289c8d98ee8c","name":"LUXONOMY","image":{"@type":"ImageObject","inLanguage":"es","@id":"https:\/\/luxonomy.net\/wp-content\/litespeed\/avatar\/a6436cdb14fdaf9c21808e63d0da2055.jpg?ver=1788366758","url":"https:\/\/luxonomy.net\/wp-content\/litespeed\/avatar\/a6436cdb14fdaf9c21808e63d0da2055.jpg?ver=1788366758","contentUrl":"https:\/\/luxonomy.net\/wp-content\/litespeed\/avatar\/a6436cdb14fdaf9c21808e63d0da2055.jpg?ver=1788366758","caption":"LUXONOMY"},"sameAs":["https:\/"],"url":"https:\/\/luxonomy.net\/es\/author\/luxonomy\/"}]}},"jetpack_publicize_connections":[],"jetpack_shortlink":"https:\/\/wp.me\/paPhBa-g1C","jetpack_sharing_enabled":true,"jetpack_featured_media_url":"https:\/\/i0.wp.com\/luxonomy.net\/wp-content\/uploads\/2024\/11\/Lexus-Apoya-a-Malaga-en-la-Celebracion-de-la-Final-de-la-Copa-Davis-2024.jpg?fit=2560%2C1707&ssl=1","_links":{"self":[{"href":"https:\/\/luxonomy.net\/es\/wp-json\/wp\/v2\/posts\/61604","targetHints":{"allow":["GET"]}}],"collection":[{"href":"https:\/\/luxonomy.net\/es\/wp-json\/wp\/v2\/posts"}],"about":[{"href":"https:\/\/luxonomy.net\/es\/wp-json\/wp\/v2\/types\/post"}],"author":[{"embeddable":true,"href":"https:\/\/luxonomy.net\/es\/wp-json\/wp\/v2\/users\/1"}],"replies":[{"embeddable":true,"href":"https:\/\/luxonomy.net\/es\/wp-json\/wp\/v2\/comments?post=61604"}],"version-history":[{"count":1,"href":"https:\/\/luxonomy.net\/es\/wp-json\/wp\/v2\/posts\/61604\/revisions"}],"predecessor-version":[{"id":61607,"href":"https:\/\/luxonomy.net\/es\/wp-json\/wp\/v2\/posts\/61604\/revisions\/61607"}],"wp:featuredmedia":[{"embeddable":true,"href":"https:\/\/luxonomy.net\/es\/wp-json\/wp\/v2\/media\/61605"}],"wp:attachment":[{"href":"https:\/\/luxonomy.net\/es\/wp-json\/wp\/v2\/media?parent=61604"}],"wp:term":[{"taxonomy":"category","embeddable":true,"href":"https:\/\/luxonomy.net\/es\/wp-json\/wp\/v2\/categories?post=61604"},{"taxonomy":"post_tag","embeddable":true,"href":"https:\/\/luxonomy.net\/es\/wp-json\/wp\/v2\/tags?post=61604"},{"taxonomy":"thb-sponsors","embeddable":true,"href":"https:\/\/luxonomy.net\/es\/wp-json\/wp\/v2\/thb-sponsors?post=61604"}],"curies":[{"name":"wp","href":"https:\/\/api.w.org\/{rel}","templated":true}]}}