{"id":61318,"date":"2024-10-28T13:03:42","date_gmt":"2024-10-28T12:03:42","guid":{"rendered":"https:\/?p=61318"},"modified":"2024-10-28T13:25:36","modified_gmt":"2024-10-28T12:25:36","slug":"sonam-kapoor-nueva-embajadora-de-dior","status":"publish","type":"post","link":"https:\/\/luxonomy.net\/es\/sonam-kapoor-nueva-embajadora-de-dior\/","title":{"rendered":"Sonam Kapoor: Nueva Embajadora de Dior"},"content":{"rendered":"\n<p class=\"wp-block-paragraph\">En una clara manifestaci\u00f3n del enorme crecimiento e influencia de India en el mercado de la moda y el lujo, la actriz <strong>Sonam Kapoor<\/strong> ha sido nombrada como embajadora de <strong>Dior<\/strong>, consolidando su estatus como un \u00edcono de estilo y elegancia. Este nombramiento no solo es un reconocimiento a su influencia en el mundo del cine y la moda, donde ha establecido tendencias y ha promovido la belleza de la diversidad, sino tambi\u00e9n un hito significativo para la representaci\u00f3n cultural en la industria de la moda global. La elecci\u00f3n de Kapoor como embajadora refleja el compromiso de Dior por diversificar su imagen y conectar con audiencias m\u00e1s amplias en todo el mundo, especialmente en un momento en que las marcas de lujo buscan cada vez m\u00e1s resonar con el creciente mercado indio, que est\u00e1 repleto de consumidores j\u00f3venes y sofisticados que valoran tanto la autenticidad como la innovaci\u00f3n en el estilo.<\/p>\n\n\n\n<figure class=\"wp-block-image size-large\"><a href=\"http:\/\/luxonomy.net\/wp-content\/uploads\/2024\/10\/DIOR-AMBASSADOR-SONAM-KAPOOR-FELIX-COOPER-2.jpg\" class=\"mfp-image\"><img loading=\"lazy\" decoding=\"async\" width=\"819\" height=\"1024\" data-attachment-id=\"61319\" data-permalink=\"https:\/\/luxonomy.net\/es\/sonam-kapoor-nueva-embajadora-de-dior\/dior-ambassador-sonam-kapoor-felix-cooper-2\/\" data-orig-file=\"https:\/\/i0.wp.com\/luxonomy.net\/wp-content\/uploads\/2024\/10\/DIOR-AMBASSADOR-SONAM-KAPOOR-FELIX-COOPER-2.jpg?fit=900%2C1125&amp;ssl=1\" data-orig-size=\"900,1125\" data-comments-opened=\"1\" data-image-title=\"DIOR-AMBASSADOR&amp;#8212;SONAM-KAPOOR&amp;#8212;FELIX-COOPER-(2)\" data-image-description=\"\" data-image-caption=\"\" data-large-file=\"https:\/\/i0.wp.com\/luxonomy.net\/wp-content\/uploads\/2024\/10\/DIOR-AMBASSADOR-SONAM-KAPOOR-FELIX-COOPER-2.jpg?fit=819%2C1024&amp;ssl=1\" src=\"data:image\/gif;base64,R0lGODlhAQABAAAAACH5BAEKAAEALAAAAAABAAEAAAICTAEAOw==\" data-src=\"http:\/\/luxonomy.net\/wp-content\/uploads\/2024\/10\/DIOR-AMBASSADOR-SONAM-KAPOOR-FELIX-COOPER-2-819x1024.jpg\" alt=\"\" class=\"wp-image-61319 lazyload\" data-sizes=\"auto\" data-srcset=\"https:\/\/i0.wp.com\/luxonomy.net\/wp-content\/uploads\/2024\/10\/DIOR-AMBASSADOR-SONAM-KAPOOR-FELIX-COOPER-2.jpg?resize=819%2C1024&amp;ssl=1 819w, https:\/\/i0.wp.com\/luxonomy.net\/wp-content\/uploads\/2024\/10\/DIOR-AMBASSADOR-SONAM-KAPOOR-FELIX-COOPER-2.jpg?resize=240%2C300&amp;ssl=1 240w, https:\/\/i0.wp.com\/luxonomy.net\/wp-content\/uploads\/2024\/10\/DIOR-AMBASSADOR-SONAM-KAPOOR-FELIX-COOPER-2.jpg?resize=768%2C960&amp;ssl=1 768w, https:\/\/i0.wp.com\/luxonomy.net\/wp-content\/uploads\/2024\/10\/DIOR-AMBASSADOR-SONAM-KAPOOR-FELIX-COOPER-2.jpg?resize=370%2C463&amp;ssl=1 370w, https:\/\/i0.wp.com\/luxonomy.net\/wp-content\/uploads\/2024\/10\/DIOR-AMBASSADOR-SONAM-KAPOOR-FELIX-COOPER-2.jpg?resize=800%2C1000&amp;ssl=1 800w, https:\/\/i0.wp.com\/luxonomy.net\/wp-content\/uploads\/2024\/10\/DIOR-AMBASSADOR-SONAM-KAPOOR-FELIX-COOPER-2.jpg?resize=740%2C925&amp;ssl=1 740w, https:\/\/i0.wp.com\/luxonomy.net\/wp-content\/uploads\/2024\/10\/DIOR-AMBASSADOR-SONAM-KAPOOR-FELIX-COOPER-2.jpg?resize=20%2C25&amp;ssl=1 20w, https:\/\/i0.wp.com\/luxonomy.net\/wp-content\/uploads\/2024\/10\/DIOR-AMBASSADOR-SONAM-KAPOOR-FELIX-COOPER-2.jpg?resize=600%2C750&amp;ssl=1 600w, https:\/\/i0.wp.com\/luxonomy.net\/wp-content\/uploads\/2024\/10\/DIOR-AMBASSADOR-SONAM-KAPOOR-FELIX-COOPER-2.jpg?resize=38%2C48&amp;ssl=1 38w\" sizes=\"auto, (max-width: 819px) 100vw, 819px\" \/><\/a><figcaption class=\"wp-element-caption\"><em>Foto: Dior Press<\/em><\/figcaption><\/figure>\n\n\n\n<p class=\"wp-block-paragraph\">Sonam Kapoor se convierte en embajadora de Dior para las colecciones creadas por Maria Grazia Chiuri, marcando un hito significativo en su carrera y en la historia de la moda. Con una personalidad polifac\u00e9tica que abarca el cine, la producci\u00f3n y la moda, la actriz, productora e \u00edcono de la moda encarna a partir de ahora la audacia, la gracia y la elegancia del estilo Dior, representando una feminidad en constante reinvenci\u00f3n que resuena en la actualidad. Esta alianza \u00fanica no solo celebra su talento excepcional, sino que tambi\u00e9n rinde homenaje al estilo distintivo de Kapoor, que ha inspirado a muchas mujeres alrededor del mundo. Adem\u00e1s, resalta, m\u00e1s que nunca, los poderosos lazos culturales que han unido a Dior e India desde los inicios de la Maison, creando un puente entre la tradici\u00f3n y la modernidad, y enfatizando la influencia duradera de la rica herencia cultural india en la alta costura global. En esta colaboraci\u00f3n, Sonam no solo se convierte en el rostro de la marca, sino tambi\u00e9n en una embajadora de la narrativa asociada a la moda inclusiva y a la expresi\u00f3n personal.<\/p>\n","protected":false},"excerpt":{"rendered":"<p>Sonam Kapoor ha sido nombrada embajadora de Dior, destacando el crecimiento de la influencia de India en la moda y el lujo. Este reconocimiento celebra su impacto en el cine y la moda, fomentando la diversidad y la representaci\u00f3n cultural en la industria global. El acuerdo refleja la intenci\u00f3n de Dior de diversificar su imagen y conectar con consumidores j\u00f3venes en el mercado indio. Kapoor simboliza la audacia y elegancia del estilo Dior, y esta colaboraci\u00f3n subraya los lazos culturales entre Dior e India, fusionando tradici\u00f3n y modernidad, mientras promueve la moda inclusiva y la expresi\u00f3n personal.<\/p>\n","protected":false},"author":10,"featured_media":61328,"comment_status":"open","ping_status":"open","sticky":false,"template":"","format":"standard","meta":{"_jetpack_newsletter_access":"","_jetpack_dont_email_post_to_subs":false,"_jetpack_newsletter_tier_id":0,"_jetpack_memberships_contains_paywalled_content":false,"_jetpack_feature_clip_id":0,"_jetpack_memberships_contains_paid_content":false,"footnotes":"","jetpack_publicize_message":"Sonam Kapoor ha sido nombrada embajadora de Dior, destacando el crecimiento de la influencia de India en la moda y el lujo. Este reconocimiento celebra su impacto en el cine y la moda, fomentando la diversidad y la representaci\u00f3n cultural en la industria ","jetpack_publicize_feature_enabled":true,"jetpack_social_post_already_shared":true,"jetpack_social_options":{"image_generator_settings":{"template":"edge","enabled":false,"token":"eyJpbWciOiJodHRwczpcL1wvbHV4b25vbXkubmV0XC93cC1jb250ZW50XC91cGxvYWRzXC8yMDI0XC8xMFwvRGlvci1zZWxlY3RzLUJvbGx5d29vZC1zdGFybGV0LVNvbmFtLUthcG9vci1mb3ItYnJhbmQtYW1iYXNzYWRvcnNoaXAtMTAyNHg2ODIuanBnIiwidHh0IjoiU29uYW0gS2Fwb29yOiBOdWV2YSBFbWJhamFkb3JhIGRlIERpb3IiLCJ0ZW1wbGF0ZSI6ImVkZ2UiLCJibG9nX2lkIjoxNTk5ODU3NDB9.xBRy8AxxuOhForA7w8nXgXiSe4zFv-a2Xd_ENHh9FCQMQ"},"version":2,"attached_media":[{"id":61328,"url":"http:\/\/luxonomy.net\/wp-content\/uploads\/2024\/10\/generated-image-31.jpg","type":"image\/jpeg"}]},"jetpack_post_was_ever_published":false},"categories":[534],"tags":[699,1337,586,7421],"thb-sponsors":[],"class_list":["post-61318","post","type-post","status-publish","format-standard","has-post-thumbnail","hentry","category-moda","tag-dior","tag-india","tag-moda","tag-sonam-kapoor"],"yoast_head":"<!-- This site is optimized with the Yoast SEO plugin v28.4 - https:\/\/yoast.com\/product\/yoast-seo-wordpress\/ -->\n<title>Sonam Kapoor: Nueva Embajadora de Dior | LUXONOMY<\/title>\n<meta name=\"robots\" content=\"index, follow, max-snippet:-1, max-image-preview:large, max-video-preview:-1\" \/>\n<link rel=\"canonical\" href=\"https:\/\/luxonomy.net\/es\/sonam-kapoor-nueva-embajadora-de-dior\/\" \/>\n<meta property=\"og:locale\" content=\"es_ES\" \/>\n<meta property=\"og:type\" content=\"article\" \/>\n<meta property=\"og:title\" content=\"Sonam Kapoor: Nueva Embajadora de Dior | LUXONOMY\" \/>\n<meta property=\"og:description\" content=\"Sonam Kapoor ha sido nombrada embajadora de Dior, destacando el crecimiento de la influencia de India en la moda y el lujo. Este reconocimiento celebra su impacto en el cine y la moda, fomentando la diversidad y la representaci\u00f3n cultural en la industria global. El acuerdo refleja la intenci\u00f3n de Dior de diversificar su imagen y conectar con consumidores j\u00f3venes en el mercado indio. Kapoor simboliza la audacia y elegancia del estilo Dior, y esta colaboraci\u00f3n subraya los lazos culturales entre Dior e India, fusionando tradici\u00f3n y modernidad, mientras promueve la moda inclusiva y la expresi\u00f3n personal.\" \/>\n<meta property=\"og:url\" content=\"https:\/\/luxonomy.net\/es\/sonam-kapoor-nueva-embajadora-de-dior\/\" \/>\n<meta property=\"og:site_name\" content=\"LUXONOMY\" \/>\n<meta property=\"article:publisher\" content=\"https:\/\/www.facebook.com\/luxonomy\" \/>\n<meta property=\"article:published_time\" content=\"2024-10-28T12:03:42+00:00\" \/>\n<meta property=\"article:modified_time\" content=\"2024-10-28T12:25:36+00:00\" \/>\n<meta property=\"og:image\" content=\"https:\/\/i0.wp.com\/luxonomy.net\/wp-content\/uploads\/2024\/10\/generated-image-31.jpg?fit=1200%2C630&quality=89&ssl=1\" \/>\n\t<meta property=\"og:image:width\" content=\"1200\" \/>\n\t<meta property=\"og:image:height\" content=\"630\" \/>\n\t<meta property=\"og:image:type\" content=\"image\/jpeg\" \/>\n<meta name=\"author\" content=\"Chiara Gabardi\" \/>\n<meta name=\"twitter:card\" content=\"summary_large_image\" \/>\n<meta name=\"twitter:label1\" content=\"Escrito por\" \/>\n\t<meta name=\"twitter:data1\" content=\"Chiara Gabardi\" \/>\n\t<meta name=\"twitter:label2\" content=\"Tiempo de lectura\" \/>\n\t<meta name=\"twitter:data2\" content=\"2 minutos\" \/>\n<script type=\"application\/ld+json\" class=\"yoast-schema-graph\">{\"@context\":\"https:\\\/\\\/schema.org\",\"@graph\":[{\"@type\":\"Article\",\"@id\":\"https:\\\/\\\/luxonomy.net\\\/es\\\/sonam-kapoor-nueva-embajadora-de-dior\\\/#article\",\"isPartOf\":{\"@id\":\"https:\\\/\\\/luxonomy.net\\\/es\\\/sonam-kapoor-nueva-embajadora-de-dior\\\/\"},\"author\":{\"name\":\"Chiara Gabardi\",\"@id\":\"https:\\\/\\\/luxonomy.net\\\/es\\\/#\\\/schema\\\/person\\\/e5c97cb37fd115728030c51e21c67d89\"},\"headline\":\"Sonam Kapoor: Nueva Embajadora de Dior\",\"datePublished\":\"2024-10-28T12:03:42+00:00\",\"dateModified\":\"2024-10-28T12:25:36+00:00\",\"mainEntityOfPage\":{\"@id\":\"https:\\\/\\\/luxonomy.net\\\/es\\\/sonam-kapoor-nueva-embajadora-de-dior\\\/\"},\"wordCount\":362,\"commentCount\":0,\"publisher\":{\"@id\":\"https:\\\/\\\/luxonomy.net\\\/es\\\/#organization\"},\"image\":{\"@id\":\"https:\\\/\\\/luxonomy.net\\\/es\\\/sonam-kapoor-nueva-embajadora-de-dior\\\/#primaryimage\"},\"thumbnailUrl\":\"https:\\\/\\\/i0.wp.com\\\/luxonomy.net\\\/wp-content\\\/uploads\\\/2024\\\/10\\\/generated-image-31.jpg?fit=1200%2C630&ssl=1\",\"keywords\":[\"Dior\",\"India\",\"Moda\",\"Sonam Kapoor\"],\"articleSection\":[\"Moda\"],\"inLanguage\":\"es\",\"potentialAction\":[{\"@type\":\"CommentAction\",\"name\":\"Comment\",\"target\":[\"https:\\\/\\\/luxonomy.net\\\/es\\\/sonam-kapoor-nueva-embajadora-de-dior\\\/#respond\"]}]},{\"@type\":\"WebPage\",\"@id\":\"https:\\\/\\\/luxonomy.net\\\/es\\\/sonam-kapoor-nueva-embajadora-de-dior\\\/\",\"url\":\"https:\\\/\\\/luxonomy.net\\\/es\\\/sonam-kapoor-nueva-embajadora-de-dior\\\/\",\"name\":\"Sonam Kapoor: Nueva Embajadora de Dior | LUXONOMY\",\"isPartOf\":{\"@id\":\"https:\\\/\\\/luxonomy.net\\\/es\\\/#website\"},\"primaryImageOfPage\":{\"@id\":\"https:\\\/\\\/luxonomy.net\\\/es\\\/sonam-kapoor-nueva-embajadora-de-dior\\\/#primaryimage\"},\"image\":{\"@id\":\"https:\\\/\\\/luxonomy.net\\\/es\\\/sonam-kapoor-nueva-embajadora-de-dior\\\/#primaryimage\"},\"thumbnailUrl\":\"https:\\\/\\\/i0.wp.com\\\/luxonomy.net\\\/wp-content\\\/uploads\\\/2024\\\/10\\\/generated-image-31.jpg?fit=1200%2C630&ssl=1\",\"datePublished\":\"2024-10-28T12:03:42+00:00\",\"dateModified\":\"2024-10-28T12:25:36+00:00\",\"breadcrumb\":{\"@id\":\"https:\\\/\\\/luxonomy.net\\\/es\\\/sonam-kapoor-nueva-embajadora-de-dior\\\/#breadcrumb\"},\"inLanguage\":\"es\",\"potentialAction\":[{\"@type\":\"ReadAction\",\"target\":[\"https:\\\/\\\/luxonomy.net\\\/es\\\/sonam-kapoor-nueva-embajadora-de-dior\\\/\"]}]},{\"@type\":\"ImageObject\",\"inLanguage\":\"es\",\"@id\":\"https:\\\/\\\/luxonomy.net\\\/es\\\/sonam-kapoor-nueva-embajadora-de-dior\\\/#primaryimage\",\"url\":\"https:\\\/\\\/i0.wp.com\\\/luxonomy.net\\\/wp-content\\\/uploads\\\/2024\\\/10\\\/generated-image-31.jpg?fit=1200%2C630&ssl=1\",\"contentUrl\":\"https:\\\/\\\/i0.wp.com\\\/luxonomy.net\\\/wp-content\\\/uploads\\\/2024\\\/10\\\/generated-image-31.jpg?fit=1200%2C630&ssl=1\",\"width\":1200,\"height\":630},{\"@type\":\"BreadcrumbList\",\"@id\":\"https:\\\/\\\/luxonomy.net\\\/es\\\/sonam-kapoor-nueva-embajadora-de-dior\\\/#breadcrumb\",\"itemListElement\":[{\"@type\":\"ListItem\",\"position\":1,\"name\":\"Portada\",\"item\":\"https:\\\/\\\/luxonomy.net\\\/es\\\/\"},{\"@type\":\"ListItem\",\"position\":2,\"name\":\"Sonam Kapoor: Nueva Embajadora de Dior\"}]},{\"@type\":\"WebSite\",\"@id\":\"https:\\\/\\\/luxonomy.net\\\/es\\\/#website\",\"url\":\"https:\\\/\\\/luxonomy.net\\\/es\\\/\",\"name\":\"LUXONOMY\",\"description\":\"The Economy of Fashion &amp; Luxury\",\"publisher\":{\"@id\":\"https:\\\/\\\/luxonomy.net\\\/es\\\/#organization\"},\"potentialAction\":[{\"@type\":\"SearchAction\",\"target\":{\"@type\":\"EntryPoint\",\"urlTemplate\":\"https:\\\/\\\/luxonomy.net\\\/es\\\/?s={search_term_string}\"},\"query-input\":{\"@type\":\"PropertyValueSpecification\",\"valueRequired\":true,\"valueName\":\"search_term_string\"}}],\"inLanguage\":\"es\"},{\"@type\":\"Organization\",\"@id\":\"https:\\\/\\\/luxonomy.net\\\/es\\\/#organization\",\"name\":\"LUXONOMY\",\"url\":\"https:\\\/\\\/luxonomy.net\\\/es\\\/\",\"logo\":{\"@type\":\"ImageObject\",\"inLanguage\":\"es\",\"@id\":\"https:\\\/\\\/luxonomy.net\\\/es\\\/#\\\/schema\\\/logo\\\/image\\\/\",\"url\":\"https:\\\/\\\/i2.wp.com\\\/luxonomy.net\\\/wp-content\\\/uploads\\\/2021\\\/09\\\/MOCKUP-TODOS-LUXONOMY.jpg?fit=1000%2C515&ssl=1\",\"contentUrl\":\"https:\\\/\\\/i2.wp.com\\\/luxonomy.net\\\/wp-content\\\/uploads\\\/2021\\\/09\\\/MOCKUP-TODOS-LUXONOMY.jpg?fit=1000%2C515&ssl=1\",\"width\":1000,\"height\":515,\"caption\":\"LUXONOMY\"},\"image\":{\"@id\":\"https:\\\/\\\/luxonomy.net\\\/es\\\/#\\\/schema\\\/logo\\\/image\\\/\"},\"sameAs\":[\"https:\\\/\\\/www.facebook.com\\\/luxonomy\",\"https:\\\/\\\/www.instagram.com\\\/luxonomy\\\/\",\"https:\\\/\\\/www.linkedin.com\\\/company\\\/luxonomy\\\/\"]},{\"@type\":\"Person\",\"@id\":\"https:\\\/\\\/luxonomy.net\\\/es\\\/#\\\/schema\\\/person\\\/e5c97cb37fd115728030c51e21c67d89\",\"name\":\"Chiara Gabardi\",\"image\":{\"@type\":\"ImageObject\",\"inLanguage\":\"es\",\"@id\":\"https:\\\/\\\/luxonomy.net\\\/wp-content\\\/litespeed\\\/avatar\\\/548640c4e2c34544e66c65ab1641a5d7.jpg?ver=1788581172\",\"url\":\"https:\\\/\\\/luxonomy.net\\\/wp-content\\\/litespeed\\\/avatar\\\/548640c4e2c34544e66c65ab1641a5d7.jpg?ver=1788581172\",\"contentUrl\":\"https:\\\/\\\/luxonomy.net\\\/wp-content\\\/litespeed\\\/avatar\\\/548640c4e2c34544e66c65ab1641a5d7.jpg?ver=1788581172\",\"caption\":\"Chiara Gabardi\"},\"description\":\"Editor at LUXONOMY\u2122 Group\",\"url\":\"https:\\\/\\\/luxonomy.net\\\/es\\\/author\\\/chiara-gabardi\\\/\"}]}<\/script>\n<!-- \/ Yoast SEO plugin. -->","yoast_head_json":{"title":"Sonam Kapoor: Nueva Embajadora de Dior | LUXONOMY","robots":{"index":"index","follow":"follow","max-snippet":"max-snippet:-1","max-image-preview":"max-image-preview:large","max-video-preview":"max-video-preview:-1"},"canonical":"https:\/\/luxonomy.net\/es\/sonam-kapoor-nueva-embajadora-de-dior\/","og_locale":"es_ES","og_type":"article","og_title":"Sonam Kapoor: Nueva Embajadora de Dior | LUXONOMY","og_description":"Sonam Kapoor ha sido nombrada embajadora de Dior, destacando el crecimiento de la influencia de India en la moda y el lujo. Este reconocimiento celebra su impacto en el cine y la moda, fomentando la diversidad y la representaci\u00f3n cultural en la industria global. El acuerdo refleja la intenci\u00f3n de Dior de diversificar su imagen y conectar con consumidores j\u00f3venes en el mercado indio. Kapoor simboliza la audacia y elegancia del estilo Dior, y esta colaboraci\u00f3n subraya los lazos culturales entre Dior e India, fusionando tradici\u00f3n y modernidad, mientras promueve la moda inclusiva y la expresi\u00f3n personal.","og_url":"https:\/\/luxonomy.net\/es\/sonam-kapoor-nueva-embajadora-de-dior\/","og_site_name":"LUXONOMY","article_publisher":"https:\/\/www.facebook.com\/luxonomy","article_published_time":"2024-10-28T12:03:42+00:00","article_modified_time":"2024-10-28T12:25:36+00:00","og_image":[{"width":1200,"height":630,"url":"https:\/\/i0.wp.com\/luxonomy.net\/wp-content\/uploads\/2024\/10\/generated-image-31.jpg?fit=1200%2C630&quality=89&ssl=1","type":"image\/jpeg"}],"author":"Chiara Gabardi","twitter_card":"summary_large_image","twitter_misc":{"Escrito por":"Chiara Gabardi","Tiempo de lectura":"2 minutos"},"schema":{"@context":"https:\/\/schema.org","@graph":[{"@type":"Article","@id":"https:\/\/luxonomy.net\/es\/sonam-kapoor-nueva-embajadora-de-dior\/#article","isPartOf":{"@id":"https:\/\/luxonomy.net\/es\/sonam-kapoor-nueva-embajadora-de-dior\/"},"author":{"name":"Chiara Gabardi","@id":"https:\/\/luxonomy.net\/es\/#\/schema\/person\/e5c97cb37fd115728030c51e21c67d89"},"headline":"Sonam Kapoor: Nueva Embajadora de Dior","datePublished":"2024-10-28T12:03:42+00:00","dateModified":"2024-10-28T12:25:36+00:00","mainEntityOfPage":{"@id":"https:\/\/luxonomy.net\/es\/sonam-kapoor-nueva-embajadora-de-dior\/"},"wordCount":362,"commentCount":0,"publisher":{"@id":"https:\/\/luxonomy.net\/es\/#organization"},"image":{"@id":"https:\/\/luxonomy.net\/es\/sonam-kapoor-nueva-embajadora-de-dior\/#primaryimage"},"thumbnailUrl":"https:\/\/i0.wp.com\/luxonomy.net\/wp-content\/uploads\/2024\/10\/generated-image-31.jpg?fit=1200%2C630&ssl=1","keywords":["Dior","India","Moda","Sonam Kapoor"],"articleSection":["Moda"],"inLanguage":"es","potentialAction":[{"@type":"CommentAction","name":"Comment","target":["https:\/\/luxonomy.net\/es\/sonam-kapoor-nueva-embajadora-de-dior\/#respond"]}]},{"@type":"WebPage","@id":"https:\/\/luxonomy.net\/es\/sonam-kapoor-nueva-embajadora-de-dior\/","url":"https:\/\/luxonomy.net\/es\/sonam-kapoor-nueva-embajadora-de-dior\/","name":"Sonam Kapoor: Nueva Embajadora de Dior | LUXONOMY","isPartOf":{"@id":"https:\/\/luxonomy.net\/es\/#website"},"primaryImageOfPage":{"@id":"https:\/\/luxonomy.net\/es\/sonam-kapoor-nueva-embajadora-de-dior\/#primaryimage"},"image":{"@id":"https:\/\/luxonomy.net\/es\/sonam-kapoor-nueva-embajadora-de-dior\/#primaryimage"},"thumbnailUrl":"https:\/\/i0.wp.com\/luxonomy.net\/wp-content\/uploads\/2024\/10\/generated-image-31.jpg?fit=1200%2C630&ssl=1","datePublished":"2024-10-28T12:03:42+00:00","dateModified":"2024-10-28T12:25:36+00:00","breadcrumb":{"@id":"https:\/\/luxonomy.net\/es\/sonam-kapoor-nueva-embajadora-de-dior\/#breadcrumb"},"inLanguage":"es","potentialAction":[{"@type":"ReadAction","target":["https:\/\/luxonomy.net\/es\/sonam-kapoor-nueva-embajadora-de-dior\/"]}]},{"@type":"ImageObject","inLanguage":"es","@id":"https:\/\/luxonomy.net\/es\/sonam-kapoor-nueva-embajadora-de-dior\/#primaryimage","url":"https:\/\/i0.wp.com\/luxonomy.net\/wp-content\/uploads\/2024\/10\/generated-image-31.jpg?fit=1200%2C630&ssl=1","contentUrl":"https:\/\/i0.wp.com\/luxonomy.net\/wp-content\/uploads\/2024\/10\/generated-image-31.jpg?fit=1200%2C630&ssl=1","width":1200,"height":630},{"@type":"BreadcrumbList","@id":"https:\/\/luxonomy.net\/es\/sonam-kapoor-nueva-embajadora-de-dior\/#breadcrumb","itemListElement":[{"@type":"ListItem","position":1,"name":"Portada","item":"https:\/\/luxonomy.net\/es\/"},{"@type":"ListItem","position":2,"name":"Sonam Kapoor: Nueva Embajadora de Dior"}]},{"@type":"WebSite","@id":"https:\/\/luxonomy.net\/es\/#website","url":"https:\/\/luxonomy.net\/es\/","name":"LUXONOMY","description":"The Economy of Fashion &amp; Luxury","publisher":{"@id":"https:\/\/luxonomy.net\/es\/#organization"},"potentialAction":[{"@type":"SearchAction","target":{"@type":"EntryPoint","urlTemplate":"https:\/\/luxonomy.net\/es\/?s={search_term_string}"},"query-input":{"@type":"PropertyValueSpecification","valueRequired":true,"valueName":"search_term_string"}}],"inLanguage":"es"},{"@type":"Organization","@id":"https:\/\/luxonomy.net\/es\/#organization","name":"LUXONOMY","url":"https:\/\/luxonomy.net\/es\/","logo":{"@type":"ImageObject","inLanguage":"es","@id":"https:\/\/luxonomy.net\/es\/#\/schema\/logo\/image\/","url":"https:\/\/i2.wp.com\/luxonomy.net\/wp-content\/uploads\/2021\/09\/MOCKUP-TODOS-LUXONOMY.jpg?fit=1000%2C515&ssl=1","contentUrl":"https:\/\/i2.wp.com\/luxonomy.net\/wp-content\/uploads\/2021\/09\/MOCKUP-TODOS-LUXONOMY.jpg?fit=1000%2C515&ssl=1","width":1000,"height":515,"caption":"LUXONOMY"},"image":{"@id":"https:\/\/luxonomy.net\/es\/#\/schema\/logo\/image\/"},"sameAs":["https:\/\/www.facebook.com\/luxonomy","https:\/\/www.instagram.com\/luxonomy\/","https:\/\/www.linkedin.com\/company\/luxonomy\/"]},{"@type":"Person","@id":"https:\/\/luxonomy.net\/es\/#\/schema\/person\/e5c97cb37fd115728030c51e21c67d89","name":"Chiara Gabardi","image":{"@type":"ImageObject","inLanguage":"es","@id":"https:\/\/luxonomy.net\/wp-content\/litespeed\/avatar\/548640c4e2c34544e66c65ab1641a5d7.jpg?ver=1788581172","url":"https:\/\/luxonomy.net\/wp-content\/litespeed\/avatar\/548640c4e2c34544e66c65ab1641a5d7.jpg?ver=1788581172","contentUrl":"https:\/\/luxonomy.net\/wp-content\/litespeed\/avatar\/548640c4e2c34544e66c65ab1641a5d7.jpg?ver=1788581172","caption":"Chiara Gabardi"},"description":"Editor at LUXONOMY\u2122 Group","url":"https:\/\/luxonomy.net\/es\/author\/chiara-gabardi\/"}]}},"jetpack_publicize_connections":[],"jetpack_shortlink":"https:\/\/wp.me\/paPhBa-fX0","jetpack_sharing_enabled":true,"jetpack_featured_media_url":"https:\/\/i0.wp.com\/luxonomy.net\/wp-content\/uploads\/2024\/10\/generated-image-31.jpg?fit=1200%2C630&ssl=1","_links":{"self":[{"href":"https:\/\/luxonomy.net\/es\/wp-json\/wp\/v2\/posts\/61318","targetHints":{"allow":["GET"]}}],"collection":[{"href":"https:\/\/luxonomy.net\/es\/wp-json\/wp\/v2\/posts"}],"about":[{"href":"https:\/\/luxonomy.net\/es\/wp-json\/wp\/v2\/types\/post"}],"author":[{"embeddable":true,"href":"https:\/\/luxonomy.net\/es\/wp-json\/wp\/v2\/users\/10"}],"replies":[{"embeddable":true,"href":"https:\/\/luxonomy.net\/es\/wp-json\/wp\/v2\/comments?post=61318"}],"version-history":[{"count":6,"href":"https:\/\/luxonomy.net\/es\/wp-json\/wp\/v2\/posts\/61318\/revisions"}],"predecessor-version":[{"id":61337,"href":"https:\/\/luxonomy.net\/es\/wp-json\/wp\/v2\/posts\/61318\/revisions\/61337"}],"wp:featuredmedia":[{"embeddable":true,"href":"https:\/\/luxonomy.net\/es\/wp-json\/wp\/v2\/media\/61328"}],"wp:attachment":[{"href":"https:\/\/luxonomy.net\/es\/wp-json\/wp\/v2\/media?parent=61318"}],"wp:term":[{"taxonomy":"category","embeddable":true,"href":"https:\/\/luxonomy.net\/es\/wp-json\/wp\/v2\/categories?post=61318"},{"taxonomy":"post_tag","embeddable":true,"href":"https:\/\/luxonomy.net\/es\/wp-json\/wp\/v2\/tags?post=61318"},{"taxonomy":"thb-sponsors","embeddable":true,"href":"https:\/\/luxonomy.net\/es\/wp-json\/wp\/v2\/thb-sponsors?post=61318"}],"curies":[{"name":"wp","href":"https:\/\/api.w.org\/{rel}","templated":true}]}}