{"id":60752,"date":"2024-10-02T13:56:41","date_gmt":"2024-10-02T11:56:41","guid":{"rendered":"https:\/?p=60752"},"modified":"2024-10-04T14:26:06","modified_gmt":"2024-10-04T12:26:06","slug":"formula-1-y-lvmh-anuncian-una-historica-asociacion-global-por-10-anos","status":"publish","type":"post","link":"https:\/\/luxonomy.net\/es\/formula-1-y-lvmh-anuncian-una-historica-asociacion-global-por-10-anos\/","title":{"rendered":"Formula 1 y LVMH anuncian una hist\u00f3rica asociaci\u00f3n global por 10 a\u00f1os"},"content":{"rendered":"\n<p class=\"wp-block-paragraph\"><strong>Formula 1 ha anunciado hoy que el grupo de marcas de lujo LVMH se convertir\u00e1 en Socio Global en 2025, cuando el deporte celebrar\u00e1 su 75\u00ba aniversario.<\/strong><\/p>\n\n\n\n<p class=\"wp-block-paragraph\">El nuevo acuerdo de 10 a\u00f1os incluir\u00e1 varias de las ic\u00f3nicas Maisons de LVMH, entre ellas Louis Vuitton, Mo\u00ebt Hennessy y TAG Heuer.<\/p>\n\n\n\n<p class=\"wp-block-paragraph\">Un comunicado de Formula 1 y LVMH describi\u00f3 el acuerdo como un \u201cacuerdo sin precedentes entre el l\u00edder mundial en lujo y la c\u00faspide del automovilismo\u201d, que se lanzar\u00e1 la pr\u00f3xima temporada \u201cen un momento de incre\u00edble popularidad continua, relevancia cultural y emoci\u00f3n general para la F\u00f3rmula 1 como puente entre el deporte global y el entretenimiento\u201d.<\/p><div id=\"luxon-925176684\" class=\"luxon-3er-parrafo luxon-entity-placement\" style=\"margin-top: 20px;margin-bottom: 20px;margin-left: auto;margin-right: auto;text-align: center;\"><a href=\"https:\/\/luxonomy.university\/course\/master-turismo-de-lujo\" target=\"_blank\" aria-label=\"master-turismo-lujo-2026-2027\"><img loading=\"lazy\" decoding=\"async\" src=\"https:\/\/i0.wp.com\/luxonomy.net\/wp-content\/uploads\/2020\/07\/master-turismo-lujo-2026-2027.jpg?fit=1672%2C941&#038;ssl=1\" alt=\"\"  srcset=\"https:\/\/i0.wp.com\/luxonomy.net\/wp-content\/uploads\/2020\/07\/master-turismo-lujo-2026-2027.jpg?w=1672&ssl=1 1672w, https:\/\/i0.wp.com\/luxonomy.net\/wp-content\/uploads\/2020\/07\/master-turismo-lujo-2026-2027.jpg?resize=300%2C169&ssl=1 300w, https:\/\/i0.wp.com\/luxonomy.net\/wp-content\/uploads\/2020\/07\/master-turismo-lujo-2026-2027.jpg?resize=1024%2C576&ssl=1 1024w, https:\/\/i0.wp.com\/luxonomy.net\/wp-content\/uploads\/2020\/07\/master-turismo-lujo-2026-2027.jpg?resize=768%2C432&ssl=1 768w, https:\/\/i0.wp.com\/luxonomy.net\/wp-content\/uploads\/2020\/07\/master-turismo-lujo-2026-2027.jpg?resize=1536%2C864&ssl=1 1536w, https:\/\/i0.wp.com\/luxonomy.net\/wp-content\/uploads\/2020\/07\/master-turismo-lujo-2026-2027.jpg?resize=370%2C208&ssl=1 370w, https:\/\/i0.wp.com\/luxonomy.net\/wp-content\/uploads\/2020\/07\/master-turismo-lujo-2026-2027.jpg?resize=800%2C450&ssl=1 800w, https:\/\/i0.wp.com\/luxonomy.net\/wp-content\/uploads\/2020\/07\/master-turismo-lujo-2026-2027.jpg?resize=20%2C11&ssl=1 20w, https:\/\/i0.wp.com\/luxonomy.net\/wp-content\/uploads\/2020\/07\/master-turismo-lujo-2026-2027.jpg?resize=740%2C416&ssl=1 740w, https:\/\/i0.wp.com\/luxonomy.net\/wp-content\/uploads\/2020\/07\/master-turismo-lujo-2026-2027.jpg?resize=1600%2C900&ssl=1 1600w, https:\/\/i0.wp.com\/luxonomy.net\/wp-content\/uploads\/2020\/07\/master-turismo-lujo-2026-2027.jpg?resize=1200%2C675&ssl=1 1200w, https:\/\/i0.wp.com\/luxonomy.net\/wp-content\/uploads\/2020\/07\/master-turismo-lujo-2026-2027.jpg?resize=85%2C48&ssl=1 85w\" sizes=\"(max-width: 1170px) 100vw, 1170px\" class=\"no-lazyload\" width=\"1672\" height=\"941\"   \/><\/a><\/div>\n\n\n\n<p class=\"wp-block-paragraph\">\u201cEn la intersecci\u00f3n de los valores de creatividad y excelencia del Grupo LVMH con la innovaci\u00f3n y el alto rendimiento de la F\u00f3rmula 1, la asociaci\u00f3n reunir\u00e1 lo mejor de estos dos mundos y proporcionar\u00e1 experiencias inigualables que combinar\u00e1n el emocionante deporte y el elegante arte de vivir, carreras rueda a rueda y artesan\u00eda perfeccionada con el tiempo, para entusiastas, aficionados y clientes\u201d.<\/p>\n\n\n\n<p class=\"wp-block-paragraph\">\u201cDesde el nacimiento de la F\u00f3rmula 1, en 1950, hasta la actualidad, LVMH y sus Maisons han sido parte del deporte. Con esta nueva asociaci\u00f3n, tanto Formula 1 como LVMH est\u00e1n emocionados de escribir nuevos cap\u00edtulos de esta incre\u00edble historia, con cada Maison involucrada aportando su experiencia \u00fanica, herencia y energ\u00eda para realzar la colaboraci\u00f3n\u201d.<\/p>\n\n\n\n<section class=\"mx-auto max-w-full mobile:max-w-[480px] tablet:max-w-[768px] laptop:max-w-[986px] desktop:max-w-[1320px] px-[10px] laptop:px-[10px] desktop:px-[10px] font-titillium text-17 leading-[23px] border-0\">\n<div class=\"prose max-w-none mb-l tablet:mb-xl prose-a:text-brand-primary prose-a:underline prose-a:underline-offset-normal prose-a:decoration-1 prose-a:decoration-greyLight hover:prose-a:decoration-brand-primary prose-headings:font-formula prose-headings:font-normal prose-headings:mt-0 prose-h3:font-titillium prose-h3:font-semibold prose-p:font-titillium prose-td:font-titillium prose-th:font-titillium prose-th:font-semibold [&amp;_ol_li]:marker:font-formula prose-li:font-titillium prose-blockquote:pl-0\">\n<p>M\u00e1s detalles de la asociaci\u00f3n se anunciar\u00e1n a principios de 2025.<\/p>\n<p>Greg Maffei, presidente y CEO de Liberty Media, dijo: \u201cLVMH y Formula 1 son dos marcas globales que constantemente empujan los l\u00edmites de la creatividad y la innovaci\u00f3n, valores centrales para Liberty Media.<\/p>\n<p>\u201cEst\u00e1bamos encantados de trabajar con una de las Maisons de LVMH durante el Gran Premio de Las Vegas el a\u00f1o pasado, y ahora expandir nuestra relaci\u00f3n con el Grupo al convertirse en Socio Global.<\/p>\n<p>\u201cLa oportunidad de escalar nuestros acuerdos comerciales es emblem\u00e1tica de la visi\u00f3n que tenemos para la F\u00f3rmula 1 a medida que el negocio contin\u00faa creciendo su plataforma. Esperamos trabajar con Bernard y Fr\u00e9d\u00e9ric Arnault en los pr\u00f3ximos a\u00f1os\u201d.<\/p>\n<\/div>\n<\/section>\n\n\n\n<figure class=\"wp-block-image size-large\"><a href=\"http:\/\/luxonomy.net\/wp-content\/uploads\/2024\/10\/LVMH-becomes-F1-Global-Partner-from-2025-in-historic-ten-year-deal-_2_-_1_-1024x683.jpg\" class=\"mfp-image\"><img loading=\"lazy\" decoding=\"async\" width=\"1024\" height=\"683\" src=\"data:image\/gif;base64,R0lGODlhAQABAAAAACH5BAEKAAEALAAAAAABAAEAAAICTAEAOw==\" data-src=\"http:\/\/luxonomy.net\/wp-content\/uploads\/2024\/10\/LVMH-becomes-F1-Global-Partner-from-2025-in-historic-ten-year-deal-_2_-_1_-1024x683.jpg\" alt=\"LVMH se convierte en Socio Global de la F1 a partir de 2025 en un hist\u00f3rico acuerdo de diez a\u00f1os. De izquierda a derecha - Stefano Domenicali, Presidente y CEO de Formula 1, Bernard Arnault, Presidente y CEO del Grupo LVMH, Greg Maffei, Presidente y CEO de Liberty Media, y Fr\u00e9d\u00e9ric Arnault, CEO de LVMH Watches.\" class=\"wp-image-60740 lazyload\" data-sizes=\"auto\" data-srcset=\"https:\/\/i0.wp.com\/luxonomy.net\/wp-content\/uploads\/2024\/10\/LVMH-becomes-F1-Global-Partner-from-2025-in-historic-ten-year-deal-_2_-_1_.jpg?resize=1024%2C683&amp;ssl=1 1024w, https:\/\/i0.wp.com\/luxonomy.net\/wp-content\/uploads\/2024\/10\/LVMH-becomes-F1-Global-Partner-from-2025-in-historic-ten-year-deal-_2_-_1_.jpg?resize=300%2C200&amp;ssl=1 300w, https:\/\/i0.wp.com\/luxonomy.net\/wp-content\/uploads\/2024\/10\/LVMH-becomes-F1-Global-Partner-from-2025-in-historic-ten-year-deal-_2_-_1_.jpg?resize=768%2C513&amp;ssl=1 768w, https:\/\/i0.wp.com\/luxonomy.net\/wp-content\/uploads\/2024\/10\/LVMH-becomes-F1-Global-Partner-from-2025-in-historic-ten-year-deal-_2_-_1_.jpg?resize=370%2C247&amp;ssl=1 370w, https:\/\/i0.wp.com\/luxonomy.net\/wp-content\/uploads\/2024\/10\/LVMH-becomes-F1-Global-Partner-from-2025-in-historic-ten-year-deal-_2_-_1_.jpg?resize=800%2C534&amp;ssl=1 800w, https:\/\/i0.wp.com\/luxonomy.net\/wp-content\/uploads\/2024\/10\/LVMH-becomes-F1-Global-Partner-from-2025-in-historic-ten-year-deal-_2_-_1_.jpg?resize=20%2C13&amp;ssl=1 20w, https:\/\/i0.wp.com\/luxonomy.net\/wp-content\/uploads\/2024\/10\/LVMH-becomes-F1-Global-Partner-from-2025-in-historic-ten-year-deal-_2_-_1_.jpg?resize=740%2C494&amp;ssl=1 740w, https:\/\/i0.wp.com\/luxonomy.net\/wp-content\/uploads\/2024\/10\/LVMH-becomes-F1-Global-Partner-from-2025-in-historic-ten-year-deal-_2_-_1_.jpg?resize=600%2C400&amp;ssl=1 600w, https:\/\/i0.wp.com\/luxonomy.net\/wp-content\/uploads\/2024\/10\/LVMH-becomes-F1-Global-Partner-from-2025-in-historic-ten-year-deal-_2_-_1_.jpg?resize=72%2C48&amp;ssl=1 72w\" sizes=\"auto, (max-width: 1024px) 100vw, 1024px\" \/><\/a><figcaption class=\"wp-element-caption\">LVMH se convierte en Socio Global de la F1 a partir de 2025 en un hist\u00f3rico acuerdo de diez a\u00f1os. De izquierda a derecha &#8211; Stefano Domenicali, Presidente y CEO de Formula 1, Bernard Arnault, Presidente y CEO del Grupo LVMH, Greg Maffei, Presidente y CEO de Liberty Media, y Fr\u00e9d\u00e9ric Arnault, CEO de LVMH Watches.<\/figcaption><\/figure>\n\n\n\n<article class=\" col-span-6 laptop:!col-span-4 f1-article--content\">\n<section class=\"mx-auto max-w-full mobile:max-w-[480px] tablet:max-w-[768px] laptop:max-w-[986px] desktop:max-w-[1320px] px-[10px] laptop:px-[10px] desktop:px-[10px] font-titillium text-17 leading-[23px] border-0\">\n<div class=\"prose max-w-none mb-l tablet:mb-xl prose-a:text-brand-primary prose-a:underline prose-a:underline-offset-normal prose-a:decoration-1 prose-a:decoration-greyLight hover:prose-a:decoration-brand-primary prose-headings:font-formula prose-headings:font-normal prose-headings:mt-0 prose-h3:font-titillium prose-h3:font-semibold prose-p:font-titillium prose-td:font-titillium prose-th:font-titillium prose-th:font-semibold [&amp;_ol_li]:marker:font-formula prose-li:font-titillium prose-blockquote:pl-0\">\n<p>Bernard Arnault, presidente y CEO del Grupo LVMH, a\u00f1adi\u00f3: \u201cLas personas, la b\u00fasqueda de la excelencia y la pasi\u00f3n por la innovaci\u00f3n est\u00e1n en el coraz\u00f3n de la actividad de nuestras Maisons y de la F\u00f3rmula 1. En el automovilismo como en la moda, la relojer\u00eda o los vinos y licores, cada detalle cuenta en el camino hacia el \u00e9xito.<\/p>\n<p>\u201cTanto en nuestros talleres como en los circuitos de todo el mundo, es esta incesante b\u00fasqueda de romper l\u00edmites lo que inspira nuestra visi\u00f3n, y este es el significado que queremos aportar a esta gran y \u00fanica asociaci\u00f3n entre la F\u00f3rmula 1 y nuestro Grupo\u201d.<\/p>\n<p>Stefano Domenicali, presidente y CEO de Formula 1, continu\u00f3: \u201cNuestro deporte se basa en la b\u00fasqueda implacable de la excelencia, un valor que tambi\u00e9n se encuentra en el coraz\u00f3n de LVMH, por lo que me complace anunciar que esta hist\u00f3rica asociaci\u00f3n comenzar\u00e1 en 2025.<\/p>\n<p>A medida que la F\u00f3rmula 1 contin\u00faa su crecimiento global, atrayendo nuevas y m\u00e1s diversas audiencias, la fortaleza y amplitud de LVMH la convierten en la socia perfecta para nosotros, mientras buscamos mejorar continuamente la experiencia de nuestros fans y el patrimonio de nuestro incre\u00edble deporte.<\/p>\n<p>\u201cEsta es una asociaci\u00f3n hist\u00f3rica para ambas empresas, y me gustar\u00eda agradecer a Bernard y Fr\u00e9d\u00e9ric Arnault por su visi\u00f3n y compromiso para hacerla realidad\u201d.<\/p>\n<p>Fr\u00e9d\u00e9ric Arnault, CEO de LVMH Watches, concluy\u00f3: \u201cEn los \u00faltimos a\u00f1os, la F\u00f3rmula 1 se ha convertido verdaderamente en uno de los deportes m\u00e1s deseados del mundo. Es una disciplina vibrante que refleja una serie de valores que son muy importantes para nosotros, como la innovaci\u00f3n, el esp\u00edritu de equipo y el rendimiento.<\/p>\n<p>\u201cDurante muchos a\u00f1os, varias de nuestras Maisons tambi\u00e9n han elegido invertir en la F\u00f3rmula 1, ya sea para crear experiencias \u00fanicas o para momentos de celebraci\u00f3n. Con nuestras Maisons y la experiencia de nuestro Grupo, queremos seguir desarrollando esta dimensi\u00f3n experiencial que la F\u00f3rmula 1 ofrece en todo el mundo. Estamos apenas al comienzo de esta asociaci\u00f3n, pero las temporadas que nos esperan prometen ser extraordinarias\u201d.<\/p>\n<\/div>\n<\/section>\n<\/article>\n","protected":false},"excerpt":{"rendered":"<p>Formula 1 ha anunciado hoy que el grupo de marcas de lujo LVMH se convertir\u00e1 en Socio Global en 2025, cuando el deporte celebrar\u00e1 su 75\u00ba aniversario. El nuevo acuerdo de 10 a\u00f1os incluir\u00e1 varias de las ic\u00f3nicas Maisons de LVMH, entre ellas Louis Vuitton, Mo\u00ebt Hennessy y TAG Heuer. Un comunicado de Formula 1&hellip;<\/p>\n","protected":false},"author":56,"featured_media":60758,"comment_status":"open","ping_status":"open","sticky":false,"template":"","format":"standard","meta":{"_jetpack_newsletter_access":"","_jetpack_dont_email_post_to_subs":false,"_jetpack_newsletter_tier_id":0,"_jetpack_memberships_contains_paywalled_content":false,"_jetpack_feature_clip_id":0,"_jetpack_memberships_contains_paid_content":false,"footnotes":"","jetpack_publicize_message":"Formula 1 y LVMH anuncian una hist\u00f3rica asociaci\u00f3n global por 10 a\u00f1os\n#LVMH #Formula1","jetpack_publicize_feature_enabled":true,"jetpack_social_post_already_shared":true,"jetpack_social_options":{"image_generator_settings":{"template":"edge","enabled":false,"token":"eyJpbWciOiJodHRwczpcL1wvbHV4b25vbXkubmV0XC93cC1jb250ZW50XC91cGxvYWRzXC8yMDI0XC8xMFwvRm9ybXVsYS0xLWFuZC1MVk1ILWFubm91bmNlLWhpc3RvcmljLTEwLXllYXItR2xvYmFsLVBhcnRuZXJzaGlwLTEwMjR4NTc2LmpwZyIsInR4dCI6IkZvcm11bGEgMSB5IExWTUggYW51bmNpYW4gdW5hIGhpc3RcdTAwZjNyaWNhIGFzb2NpYWNpXHUwMGYzbiBnbG9iYWwgcG9yIDEwIGFcdTAwZjFvcyIsInRlbXBsYXRlIjoiZWRnZSIsImJsb2dfaWQiOjE1OTk4NTc0MH0.G-GJ1NOOzkhZekdALbp0hTnDS7SLW3aJW8LOeltLl8YMQ"},"version":2,"attached_media":[{"id":60758,"url":"http:\/\/luxonomy.net\/wp-content\/uploads\/2024\/10\/generated-image-6.jpg","type":"image\/jpeg"}]},"jetpack_post_was_ever_published":false},"categories":[938],"tags":[1705,6639],"thb-sponsors":[],"class_list":["post-60752","post","type-post","status-publish","format-standard","has-post-thumbnail","hentry","category-deporte","tag-formula-1-2","tag-lvmh-en-3"],"yoast_head":"<!-- This site is optimized with the Yoast SEO plugin v28.4 - https:\/\/yoast.com\/product\/yoast-seo-wordpress\/ -->\n<title>Formula 1 y LVMH anuncian una hist\u00f3rica asociaci\u00f3n global por 10 a\u00f1os | LUXONOMY<\/title>\n<meta name=\"robots\" content=\"index, follow, max-snippet:-1, max-image-preview:large, max-video-preview:-1\" \/>\n<link rel=\"canonical\" href=\"https:\/\/luxonomy.net\/es\/formula-1-y-lvmh-anuncian-una-historica-asociacion-global-por-10-anos\/\" \/>\n<meta property=\"og:locale\" content=\"es_ES\" \/>\n<meta property=\"og:type\" content=\"article\" \/>\n<meta property=\"og:title\" content=\"Formula 1 y LVMH anuncian una hist\u00f3rica asociaci\u00f3n global por 10 a\u00f1os | LUXONOMY\" \/>\n<meta property=\"og:description\" content=\"Formula 1 ha anunciado hoy que el grupo de marcas de lujo LVMH se convertir\u00e1 en Socio Global en 2025, cuando el deporte celebrar\u00e1 su 75\u00ba aniversario. El nuevo acuerdo de 10 a\u00f1os incluir\u00e1 varias de las ic\u00f3nicas Maisons de LVMH, entre ellas Louis Vuitton, Mo\u00ebt Hennessy y TAG Heuer. Un comunicado de Formula 1&hellip;\" \/>\n<meta property=\"og:url\" content=\"https:\/\/luxonomy.net\/es\/formula-1-y-lvmh-anuncian-una-historica-asociacion-global-por-10-anos\/\" \/>\n<meta property=\"og:site_name\" content=\"LUXONOMY\" \/>\n<meta property=\"article:publisher\" content=\"https:\/\/www.facebook.com\/luxonomy\" \/>\n<meta property=\"article:published_time\" content=\"2024-10-02T11:56:41+00:00\" \/>\n<meta property=\"article:modified_time\" content=\"2024-10-04T12:26:06+00:00\" \/>\n<meta property=\"og:image\" content=\"https:\/\/i0.wp.com\/luxonomy.net\/wp-content\/uploads\/2024\/10\/generated-image-6.jpg?fit=1200%2C630&quality=89&ssl=1\" \/>\n\t<meta property=\"og:image:width\" content=\"1200\" \/>\n\t<meta property=\"og:image:height\" content=\"630\" \/>\n\t<meta property=\"og:image:type\" content=\"image\/jpeg\" \/>\n<meta name=\"author\" content=\"Martha Foster\" \/>\n<meta name=\"twitter:card\" content=\"summary_large_image\" \/>\n<meta name=\"twitter:label1\" content=\"Escrito por\" \/>\n\t<meta name=\"twitter:data1\" content=\"Martha Foster\" \/>\n\t<meta name=\"twitter:label2\" content=\"Tiempo de lectura\" \/>\n\t<meta name=\"twitter:data2\" content=\"4 minutos\" \/>\n<script type=\"application\/ld+json\" class=\"yoast-schema-graph\">{\"@context\":\"https:\\\/\\\/schema.org\",\"@graph\":[{\"@type\":\"Article\",\"@id\":\"https:\\\/\\\/luxonomy.net\\\/es\\\/formula-1-y-lvmh-anuncian-una-historica-asociacion-global-por-10-anos\\\/#article\",\"isPartOf\":{\"@id\":\"https:\\\/\\\/luxonomy.net\\\/es\\\/formula-1-y-lvmh-anuncian-una-historica-asociacion-global-por-10-anos\\\/\"},\"author\":{\"name\":\"Martha Foster\",\"@id\":\"https:\\\/\\\/luxonomy.net\\\/es\\\/#\\\/schema\\\/person\\\/b867877c8fa214385a8a7f7f40186132\"},\"headline\":\"Formula 1 y LVMH anuncian una hist\u00f3rica asociaci\u00f3n global por 10 a\u00f1os\",\"datePublished\":\"2024-10-02T11:56:41+00:00\",\"dateModified\":\"2024-10-04T12:26:06+00:00\",\"mainEntityOfPage\":{\"@id\":\"https:\\\/\\\/luxonomy.net\\\/es\\\/formula-1-y-lvmh-anuncian-una-historica-asociacion-global-por-10-anos\\\/\"},\"wordCount\":810,\"commentCount\":0,\"publisher\":{\"@id\":\"https:\\\/\\\/luxonomy.net\\\/es\\\/#organization\"},\"image\":{\"@id\":\"https:\\\/\\\/luxonomy.net\\\/es\\\/formula-1-y-lvmh-anuncian-una-historica-asociacion-global-por-10-anos\\\/#primaryimage\"},\"thumbnailUrl\":\"https:\\\/\\\/i0.wp.com\\\/luxonomy.net\\\/wp-content\\\/uploads\\\/2024\\\/10\\\/generated-image-6.jpg?fit=1200%2C630&ssl=1\",\"keywords\":[\"Formula 1\",\"LVMH\"],\"articleSection\":[\"Deporte\"],\"inLanguage\":\"es\",\"potentialAction\":[{\"@type\":\"CommentAction\",\"name\":\"Comment\",\"target\":[\"https:\\\/\\\/luxonomy.net\\\/es\\\/formula-1-y-lvmh-anuncian-una-historica-asociacion-global-por-10-anos\\\/#respond\"]}]},{\"@type\":\"WebPage\",\"@id\":\"https:\\\/\\\/luxonomy.net\\\/es\\\/formula-1-y-lvmh-anuncian-una-historica-asociacion-global-por-10-anos\\\/\",\"url\":\"https:\\\/\\\/luxonomy.net\\\/es\\\/formula-1-y-lvmh-anuncian-una-historica-asociacion-global-por-10-anos\\\/\",\"name\":\"Formula 1 y LVMH anuncian una hist\u00f3rica asociaci\u00f3n global por 10 a\u00f1os | LUXONOMY\",\"isPartOf\":{\"@id\":\"https:\\\/\\\/luxonomy.net\\\/es\\\/#website\"},\"primaryImageOfPage\":{\"@id\":\"https:\\\/\\\/luxonomy.net\\\/es\\\/formula-1-y-lvmh-anuncian-una-historica-asociacion-global-por-10-anos\\\/#primaryimage\"},\"image\":{\"@id\":\"https:\\\/\\\/luxonomy.net\\\/es\\\/formula-1-y-lvmh-anuncian-una-historica-asociacion-global-por-10-anos\\\/#primaryimage\"},\"thumbnailUrl\":\"https:\\\/\\\/i0.wp.com\\\/luxonomy.net\\\/wp-content\\\/uploads\\\/2024\\\/10\\\/generated-image-6.jpg?fit=1200%2C630&ssl=1\",\"datePublished\":\"2024-10-02T11:56:41+00:00\",\"dateModified\":\"2024-10-04T12:26:06+00:00\",\"breadcrumb\":{\"@id\":\"https:\\\/\\\/luxonomy.net\\\/es\\\/formula-1-y-lvmh-anuncian-una-historica-asociacion-global-por-10-anos\\\/#breadcrumb\"},\"inLanguage\":\"es\",\"potentialAction\":[{\"@type\":\"ReadAction\",\"target\":[\"https:\\\/\\\/luxonomy.net\\\/es\\\/formula-1-y-lvmh-anuncian-una-historica-asociacion-global-por-10-anos\\\/\"]}]},{\"@type\":\"ImageObject\",\"inLanguage\":\"es\",\"@id\":\"https:\\\/\\\/luxonomy.net\\\/es\\\/formula-1-y-lvmh-anuncian-una-historica-asociacion-global-por-10-anos\\\/#primaryimage\",\"url\":\"https:\\\/\\\/i0.wp.com\\\/luxonomy.net\\\/wp-content\\\/uploads\\\/2024\\\/10\\\/generated-image-6.jpg?fit=1200%2C630&ssl=1\",\"contentUrl\":\"https:\\\/\\\/i0.wp.com\\\/luxonomy.net\\\/wp-content\\\/uploads\\\/2024\\\/10\\\/generated-image-6.jpg?fit=1200%2C630&ssl=1\",\"width\":1200,\"height\":630},{\"@type\":\"BreadcrumbList\",\"@id\":\"https:\\\/\\\/luxonomy.net\\\/es\\\/formula-1-y-lvmh-anuncian-una-historica-asociacion-global-por-10-anos\\\/#breadcrumb\",\"itemListElement\":[{\"@type\":\"ListItem\",\"position\":1,\"name\":\"Portada\",\"item\":\"https:\\\/\\\/luxonomy.net\\\/es\\\/\"},{\"@type\":\"ListItem\",\"position\":2,\"name\":\"Formula 1 y LVMH anuncian una hist\u00f3rica asociaci\u00f3n global por 10 a\u00f1os\"}]},{\"@type\":\"WebSite\",\"@id\":\"https:\\\/\\\/luxonomy.net\\\/es\\\/#website\",\"url\":\"https:\\\/\\\/luxonomy.net\\\/es\\\/\",\"name\":\"LUXONOMY\",\"description\":\"The Economy of Fashion &amp; Luxury\",\"publisher\":{\"@id\":\"https:\\\/\\\/luxonomy.net\\\/es\\\/#organization\"},\"potentialAction\":[{\"@type\":\"SearchAction\",\"target\":{\"@type\":\"EntryPoint\",\"urlTemplate\":\"https:\\\/\\\/luxonomy.net\\\/es\\\/?s={search_term_string}\"},\"query-input\":{\"@type\":\"PropertyValueSpecification\",\"valueRequired\":true,\"valueName\":\"search_term_string\"}}],\"inLanguage\":\"es\"},{\"@type\":\"Organization\",\"@id\":\"https:\\\/\\\/luxonomy.net\\\/es\\\/#organization\",\"name\":\"LUXONOMY\",\"url\":\"https:\\\/\\\/luxonomy.net\\\/es\\\/\",\"logo\":{\"@type\":\"ImageObject\",\"inLanguage\":\"es\",\"@id\":\"https:\\\/\\\/luxonomy.net\\\/es\\\/#\\\/schema\\\/logo\\\/image\\\/\",\"url\":\"https:\\\/\\\/i2.wp.com\\\/luxonomy.net\\\/wp-content\\\/uploads\\\/2021\\\/09\\\/MOCKUP-TODOS-LUXONOMY.jpg?fit=1000%2C515&ssl=1\",\"contentUrl\":\"https:\\\/\\\/i2.wp.com\\\/luxonomy.net\\\/wp-content\\\/uploads\\\/2021\\\/09\\\/MOCKUP-TODOS-LUXONOMY.jpg?fit=1000%2C515&ssl=1\",\"width\":1000,\"height\":515,\"caption\":\"LUXONOMY\"},\"image\":{\"@id\":\"https:\\\/\\\/luxonomy.net\\\/es\\\/#\\\/schema\\\/logo\\\/image\\\/\"},\"sameAs\":[\"https:\\\/\\\/www.facebook.com\\\/luxonomy\",\"https:\\\/\\\/www.instagram.com\\\/luxonomy\\\/\",\"https:\\\/\\\/www.linkedin.com\\\/company\\\/luxonomy\\\/\"]},{\"@type\":\"Person\",\"@id\":\"https:\\\/\\\/luxonomy.net\\\/es\\\/#\\\/schema\\\/person\\\/b867877c8fa214385a8a7f7f40186132\",\"name\":\"Martha Foster\",\"image\":{\"@type\":\"ImageObject\",\"inLanguage\":\"es\",\"@id\":\"https:\\\/\\\/luxonomy.net\\\/wp-content\\\/litespeed\\\/avatar\\\/6b94e302749cd8a900cdd719ad8eb50f.jpg?ver=1787983489\",\"url\":\"https:\\\/\\\/luxonomy.net\\\/wp-content\\\/litespeed\\\/avatar\\\/6b94e302749cd8a900cdd719ad8eb50f.jpg?ver=1787983489\",\"contentUrl\":\"https:\\\/\\\/luxonomy.net\\\/wp-content\\\/litespeed\\\/avatar\\\/6b94e302749cd8a900cdd719ad8eb50f.jpg?ver=1787983489\",\"caption\":\"Martha Foster\"},\"description\":\"Editor at LUXONOMY\u2122Group. Business Development.\",\"url\":\"https:\\\/\\\/luxonomy.net\\\/es\\\/author\\\/marthafoster\\\/\"}]}<\/script>\n<!-- \/ Yoast SEO plugin. -->","yoast_head_json":{"title":"Formula 1 y LVMH anuncian una hist\u00f3rica asociaci\u00f3n global por 10 a\u00f1os | LUXONOMY","robots":{"index":"index","follow":"follow","max-snippet":"max-snippet:-1","max-image-preview":"max-image-preview:large","max-video-preview":"max-video-preview:-1"},"canonical":"https:\/\/luxonomy.net\/es\/formula-1-y-lvmh-anuncian-una-historica-asociacion-global-por-10-anos\/","og_locale":"es_ES","og_type":"article","og_title":"Formula 1 y LVMH anuncian una hist\u00f3rica asociaci\u00f3n global por 10 a\u00f1os | LUXONOMY","og_description":"Formula 1 ha anunciado hoy que el grupo de marcas de lujo LVMH se convertir\u00e1 en Socio Global en 2025, cuando el deporte celebrar\u00e1 su 75\u00ba aniversario. El nuevo acuerdo de 10 a\u00f1os incluir\u00e1 varias de las ic\u00f3nicas Maisons de LVMH, entre ellas Louis Vuitton, Mo\u00ebt Hennessy y TAG Heuer. Un comunicado de Formula 1&hellip;","og_url":"https:\/\/luxonomy.net\/es\/formula-1-y-lvmh-anuncian-una-historica-asociacion-global-por-10-anos\/","og_site_name":"LUXONOMY","article_publisher":"https:\/\/www.facebook.com\/luxonomy","article_published_time":"2024-10-02T11:56:41+00:00","article_modified_time":"2024-10-04T12:26:06+00:00","og_image":[{"width":1200,"height":630,"url":"https:\/\/i0.wp.com\/luxonomy.net\/wp-content\/uploads\/2024\/10\/generated-image-6.jpg?fit=1200%2C630&quality=89&ssl=1","type":"image\/jpeg"}],"author":"Martha Foster","twitter_card":"summary_large_image","twitter_misc":{"Escrito por":"Martha Foster","Tiempo de lectura":"4 minutos"},"schema":{"@context":"https:\/\/schema.org","@graph":[{"@type":"Article","@id":"https:\/\/luxonomy.net\/es\/formula-1-y-lvmh-anuncian-una-historica-asociacion-global-por-10-anos\/#article","isPartOf":{"@id":"https:\/\/luxonomy.net\/es\/formula-1-y-lvmh-anuncian-una-historica-asociacion-global-por-10-anos\/"},"author":{"name":"Martha Foster","@id":"https:\/\/luxonomy.net\/es\/#\/schema\/person\/b867877c8fa214385a8a7f7f40186132"},"headline":"Formula 1 y LVMH anuncian una hist\u00f3rica asociaci\u00f3n global por 10 a\u00f1os","datePublished":"2024-10-02T11:56:41+00:00","dateModified":"2024-10-04T12:26:06+00:00","mainEntityOfPage":{"@id":"https:\/\/luxonomy.net\/es\/formula-1-y-lvmh-anuncian-una-historica-asociacion-global-por-10-anos\/"},"wordCount":810,"commentCount":0,"publisher":{"@id":"https:\/\/luxonomy.net\/es\/#organization"},"image":{"@id":"https:\/\/luxonomy.net\/es\/formula-1-y-lvmh-anuncian-una-historica-asociacion-global-por-10-anos\/#primaryimage"},"thumbnailUrl":"https:\/\/i0.wp.com\/luxonomy.net\/wp-content\/uploads\/2024\/10\/generated-image-6.jpg?fit=1200%2C630&ssl=1","keywords":["Formula 1","LVMH"],"articleSection":["Deporte"],"inLanguage":"es","potentialAction":[{"@type":"CommentAction","name":"Comment","target":["https:\/\/luxonomy.net\/es\/formula-1-y-lvmh-anuncian-una-historica-asociacion-global-por-10-anos\/#respond"]}]},{"@type":"WebPage","@id":"https:\/\/luxonomy.net\/es\/formula-1-y-lvmh-anuncian-una-historica-asociacion-global-por-10-anos\/","url":"https:\/\/luxonomy.net\/es\/formula-1-y-lvmh-anuncian-una-historica-asociacion-global-por-10-anos\/","name":"Formula 1 y LVMH anuncian una hist\u00f3rica asociaci\u00f3n global por 10 a\u00f1os | LUXONOMY","isPartOf":{"@id":"https:\/\/luxonomy.net\/es\/#website"},"primaryImageOfPage":{"@id":"https:\/\/luxonomy.net\/es\/formula-1-y-lvmh-anuncian-una-historica-asociacion-global-por-10-anos\/#primaryimage"},"image":{"@id":"https:\/\/luxonomy.net\/es\/formula-1-y-lvmh-anuncian-una-historica-asociacion-global-por-10-anos\/#primaryimage"},"thumbnailUrl":"https:\/\/i0.wp.com\/luxonomy.net\/wp-content\/uploads\/2024\/10\/generated-image-6.jpg?fit=1200%2C630&ssl=1","datePublished":"2024-10-02T11:56:41+00:00","dateModified":"2024-10-04T12:26:06+00:00","breadcrumb":{"@id":"https:\/\/luxonomy.net\/es\/formula-1-y-lvmh-anuncian-una-historica-asociacion-global-por-10-anos\/#breadcrumb"},"inLanguage":"es","potentialAction":[{"@type":"ReadAction","target":["https:\/\/luxonomy.net\/es\/formula-1-y-lvmh-anuncian-una-historica-asociacion-global-por-10-anos\/"]}]},{"@type":"ImageObject","inLanguage":"es","@id":"https:\/\/luxonomy.net\/es\/formula-1-y-lvmh-anuncian-una-historica-asociacion-global-por-10-anos\/#primaryimage","url":"https:\/\/i0.wp.com\/luxonomy.net\/wp-content\/uploads\/2024\/10\/generated-image-6.jpg?fit=1200%2C630&ssl=1","contentUrl":"https:\/\/i0.wp.com\/luxonomy.net\/wp-content\/uploads\/2024\/10\/generated-image-6.jpg?fit=1200%2C630&ssl=1","width":1200,"height":630},{"@type":"BreadcrumbList","@id":"https:\/\/luxonomy.net\/es\/formula-1-y-lvmh-anuncian-una-historica-asociacion-global-por-10-anos\/#breadcrumb","itemListElement":[{"@type":"ListItem","position":1,"name":"Portada","item":"https:\/\/luxonomy.net\/es\/"},{"@type":"ListItem","position":2,"name":"Formula 1 y LVMH anuncian una hist\u00f3rica asociaci\u00f3n global por 10 a\u00f1os"}]},{"@type":"WebSite","@id":"https:\/\/luxonomy.net\/es\/#website","url":"https:\/\/luxonomy.net\/es\/","name":"LUXONOMY","description":"The Economy of Fashion &amp; Luxury","publisher":{"@id":"https:\/\/luxonomy.net\/es\/#organization"},"potentialAction":[{"@type":"SearchAction","target":{"@type":"EntryPoint","urlTemplate":"https:\/\/luxonomy.net\/es\/?s={search_term_string}"},"query-input":{"@type":"PropertyValueSpecification","valueRequired":true,"valueName":"search_term_string"}}],"inLanguage":"es"},{"@type":"Organization","@id":"https:\/\/luxonomy.net\/es\/#organization","name":"LUXONOMY","url":"https:\/\/luxonomy.net\/es\/","logo":{"@type":"ImageObject","inLanguage":"es","@id":"https:\/\/luxonomy.net\/es\/#\/schema\/logo\/image\/","url":"https:\/\/i2.wp.com\/luxonomy.net\/wp-content\/uploads\/2021\/09\/MOCKUP-TODOS-LUXONOMY.jpg?fit=1000%2C515&ssl=1","contentUrl":"https:\/\/i2.wp.com\/luxonomy.net\/wp-content\/uploads\/2021\/09\/MOCKUP-TODOS-LUXONOMY.jpg?fit=1000%2C515&ssl=1","width":1000,"height":515,"caption":"LUXONOMY"},"image":{"@id":"https:\/\/luxonomy.net\/es\/#\/schema\/logo\/image\/"},"sameAs":["https:\/\/www.facebook.com\/luxonomy","https:\/\/www.instagram.com\/luxonomy\/","https:\/\/www.linkedin.com\/company\/luxonomy\/"]},{"@type":"Person","@id":"https:\/\/luxonomy.net\/es\/#\/schema\/person\/b867877c8fa214385a8a7f7f40186132","name":"Martha Foster","image":{"@type":"ImageObject","inLanguage":"es","@id":"https:\/\/luxonomy.net\/wp-content\/litespeed\/avatar\/6b94e302749cd8a900cdd719ad8eb50f.jpg?ver=1787983489","url":"https:\/\/luxonomy.net\/wp-content\/litespeed\/avatar\/6b94e302749cd8a900cdd719ad8eb50f.jpg?ver=1787983489","contentUrl":"https:\/\/luxonomy.net\/wp-content\/litespeed\/avatar\/6b94e302749cd8a900cdd719ad8eb50f.jpg?ver=1787983489","caption":"Martha Foster"},"description":"Editor at LUXONOMY\u2122Group. Business Development.","url":"https:\/\/luxonomy.net\/es\/author\/marthafoster\/"}]}},"jetpack_publicize_connections":[],"jetpack_shortlink":"https:\/\/wp.me\/paPhBa-fNS","jetpack_sharing_enabled":true,"jetpack_featured_media_url":"https:\/\/i0.wp.com\/luxonomy.net\/wp-content\/uploads\/2024\/10\/generated-image-6.jpg?fit=1200%2C630&ssl=1","_links":{"self":[{"href":"https:\/\/luxonomy.net\/es\/wp-json\/wp\/v2\/posts\/60752","targetHints":{"allow":["GET"]}}],"collection":[{"href":"https:\/\/luxonomy.net\/es\/wp-json\/wp\/v2\/posts"}],"about":[{"href":"https:\/\/luxonomy.net\/es\/wp-json\/wp\/v2\/types\/post"}],"author":[{"embeddable":true,"href":"https:\/\/luxonomy.net\/es\/wp-json\/wp\/v2\/users\/56"}],"replies":[{"embeddable":true,"href":"https:\/\/luxonomy.net\/es\/wp-json\/wp\/v2\/comments?post=60752"}],"version-history":[{"count":8,"href":"https:\/\/luxonomy.net\/es\/wp-json\/wp\/v2\/posts\/60752\/revisions"}],"predecessor-version":[{"id":60763,"href":"https:\/\/luxonomy.net\/es\/wp-json\/wp\/v2\/posts\/60752\/revisions\/60763"}],"wp:featuredmedia":[{"embeddable":true,"href":"https:\/\/luxonomy.net\/es\/wp-json\/wp\/v2\/media\/60758"}],"wp:attachment":[{"href":"https:\/\/luxonomy.net\/es\/wp-json\/wp\/v2\/media?parent=60752"}],"wp:term":[{"taxonomy":"category","embeddable":true,"href":"https:\/\/luxonomy.net\/es\/wp-json\/wp\/v2\/categories?post=60752"},{"taxonomy":"post_tag","embeddable":true,"href":"https:\/\/luxonomy.net\/es\/wp-json\/wp\/v2\/tags?post=60752"},{"taxonomy":"thb-sponsors","embeddable":true,"href":"https:\/\/luxonomy.net\/es\/wp-json\/wp\/v2\/thb-sponsors?post=60752"}],"curies":[{"name":"wp","href":"https:\/\/api.w.org\/{rel}","templated":true}]}}