{"id":60263,"date":"2024-09-23T13:27:27","date_gmt":"2024-09-23T11:27:27","guid":{"rendered":"https:\/?p=60263"},"modified":"2024-09-23T13:45:56","modified_gmt":"2024-09-23T11:45:56","slug":"live-linstitut-des-vocations-pour-lemploi-amplia-su-capacidad-de-acogida-con-la-inauguracion-de-un-nuevo-campus-en-le-havre","status":"publish","type":"post","link":"https:\/\/luxonomy.net\/es\/live-linstitut-des-vocations-pour-lemploi-amplia-su-capacidad-de-acogida-con-la-inauguracion-de-un-nuevo-campus-en-le-havre\/","title":{"rendered":"LIVE &#8211; L\u2019Institut des Vocations pour l\u2019Emploi &#8211; ampl\u00eda su capacidad de acogida con la inauguraci\u00f3n de un nuevo campus en Le Havre"},"content":{"rendered":"\n<p class=\"wp-block-paragraph\">Inaugurado en presencia de Brigitte Macron, el alcalde de Le Havre, Edouard Philippe, el presidente y CEO de LVMH, Bernard Arnault, y Chantal Gaemperle, Vicepresidenta Ejecutiva de Recursos Humanos y Sinergias del Grupo, el campus LIVE &#8211; L\u2019Institut des Vocations pour l\u2019Emploi &#8211; en Le Havre es el primero ubicado en el oeste de Francia, fortaleciendo as\u00ed la cobertura territorial del instituto.<\/p>\n\n\n\n<p class=\"wp-block-paragraph\">Como el sexto campus, aumenta la capacidad de acogida anual de LIVE a m\u00e1s de 650 personas. Esta asociaci\u00f3n de inter\u00e9s general extiende la pol\u00edtica de responsabilidad social que el Grupo ha seguido durante m\u00e1s de 15 a\u00f1os, y su compromiso con los territorios regionales y la igualdad de oportunidades.<\/p>\n\n\n\n<p class=\"wp-block-paragraph\">Fundado por Brigitte Macron con LVMH en 2019, LIVE est\u00e1 dirigido a adultos mayores de 25 a\u00f1os que, tras un largo per\u00edodo de inactividad o dificultades personales, est\u00e1n decididos a construir un nuevo proyecto profesional. Los \u201cLivers\u201d provienen de diversos antecedentes; su edad promedio es de 41 a\u00f1os, y la mitad de ellos ha egresado de instituciones de educaci\u00f3n superior. En promedio, han pasado por un per\u00edodo de inactividad de cuatro a\u00f1os antes de unirse al programa.<\/p><div id=\"luxon-206739151\" class=\"luxon-3er-parrafo luxon-entity-placement\" style=\"margin-top: 20px;margin-bottom: 20px;margin-left: auto;margin-right: auto;text-align: center;\"><a href=\"https:\/\/luxonomy.university\/course\/master-turismo-de-lujo\" target=\"_blank\" aria-label=\"master-turismo-lujo-2026-2027\"><img loading=\"lazy\" decoding=\"async\" src=\"https:\/\/i0.wp.com\/luxonomy.net\/wp-content\/uploads\/2020\/07\/master-turismo-lujo-2026-2027.jpg?fit=1672%2C941&#038;ssl=1\" alt=\"\"  srcset=\"https:\/\/i0.wp.com\/luxonomy.net\/wp-content\/uploads\/2020\/07\/master-turismo-lujo-2026-2027.jpg?w=1672&ssl=1 1672w, https:\/\/i0.wp.com\/luxonomy.net\/wp-content\/uploads\/2020\/07\/master-turismo-lujo-2026-2027.jpg?resize=300%2C169&ssl=1 300w, https:\/\/i0.wp.com\/luxonomy.net\/wp-content\/uploads\/2020\/07\/master-turismo-lujo-2026-2027.jpg?resize=1024%2C576&ssl=1 1024w, https:\/\/i0.wp.com\/luxonomy.net\/wp-content\/uploads\/2020\/07\/master-turismo-lujo-2026-2027.jpg?resize=768%2C432&ssl=1 768w, https:\/\/i0.wp.com\/luxonomy.net\/wp-content\/uploads\/2020\/07\/master-turismo-lujo-2026-2027.jpg?resize=1536%2C864&ssl=1 1536w, https:\/\/i0.wp.com\/luxonomy.net\/wp-content\/uploads\/2020\/07\/master-turismo-lujo-2026-2027.jpg?resize=370%2C208&ssl=1 370w, https:\/\/i0.wp.com\/luxonomy.net\/wp-content\/uploads\/2020\/07\/master-turismo-lujo-2026-2027.jpg?resize=800%2C450&ssl=1 800w, https:\/\/i0.wp.com\/luxonomy.net\/wp-content\/uploads\/2020\/07\/master-turismo-lujo-2026-2027.jpg?resize=20%2C11&ssl=1 20w, https:\/\/i0.wp.com\/luxonomy.net\/wp-content\/uploads\/2020\/07\/master-turismo-lujo-2026-2027.jpg?resize=740%2C416&ssl=1 740w, https:\/\/i0.wp.com\/luxonomy.net\/wp-content\/uploads\/2020\/07\/master-turismo-lujo-2026-2027.jpg?resize=1600%2C900&ssl=1 1600w, https:\/\/i0.wp.com\/luxonomy.net\/wp-content\/uploads\/2020\/07\/master-turismo-lujo-2026-2027.jpg?resize=1200%2C675&ssl=1 1200w, https:\/\/i0.wp.com\/luxonomy.net\/wp-content\/uploads\/2020\/07\/master-turismo-lujo-2026-2027.jpg?resize=85%2C48&ssl=1 85w\" sizes=\"(max-width: 1170px) 100vw, 1170px\" class=\"no-lazyload\" width=\"1672\" height=\"941\"   \/><\/a><\/div>\n\n\n\n<p class=\"wp-block-paragraph\">LIVE se basa en un programa educativo validado por un comit\u00e9 compuesto por personas comprometidas con el empleo, la educaci\u00f3n y la igualdad de oportunidades. La educaci\u00f3n en LIVE combina el reconocimiento de habilidades adquiridas previamente con el desarrollo de nuevos conocimientos, adem\u00e1s de brindar apoyo para que los participantes recuperen la confianza en sus capacidades y las desarrollen a\u00fan m\u00e1s. M\u00e1s de 100 colaboradores, entre ellos profesores, formadores, consultores y expertos, participan activamente con los participantes.<\/p>\n\n\n\n<p class=\"wp-block-paragraph\">LIVE ahora cuenta con un total de seis campus en toda Francia: los primeros se inauguraron en 2019 en Clichy-sous-Bois para la regi\u00f3n de \u00cele-de-France y en Valence para la regi\u00f3n de Auvernia-R\u00f3dano-Alpes; seguidos por Roubaix para la regi\u00f3n de Hauts-de-France en 2021; Marsella para la regi\u00f3n de Provenza-Alpes-Costa Azul en 2023; y Reims para la regi\u00f3n de Gran Este en 2024.<\/p>\n\n\n\n<p class=\"wp-block-paragraph\">Cada campus acoge dos grupos de entre 50 y 60 personas al a\u00f1o durante 18 semanas de apoyo gratuito. Todos los campus trabajan en estrecha colaboraci\u00f3n con las partes interesadas locales involucradas en la integraci\u00f3n y el empleo, ofreciendo una soluci\u00f3n complementaria a los servicios existentes e interactuando con ellos.<\/p>\n\n\n\n<p class=\"wp-block-paragraph\">M\u00e1s de 1,700 personas han sido apoyadas desde que se lanz\u00f3 el primer campus de LIVE, con una tasa de salida hacia la vida activa -empleo, trabajos de transici\u00f3n o formaci\u00f3n- superior al 80%.<\/p><div id=\"luxon-1828340854\" class=\"luxon-7-parrafo luxon-entity-placement\" style=\"margin-top: 20px;margin-bottom: 20px;margin-left: auto;margin-right: auto;text-align: center;\"><a href=\"https:\/\/theintelligence.institute\/course\/inteligencia-artificial-para-directivos\" target=\"_blank\" aria-label=\"CSIAD_empresas_THEI_horizontal_4x3_v5\"><img loading=\"lazy\" decoding=\"async\" src=\"https:\/\/i0.wp.com\/luxonomy.net\/wp-content\/uploads\/2025\/08\/CSIAD_empresas_THEI_horizontal_4x3_v5.png?fit=2000%2C1500&#038;ssl=1\" alt=\"\"  srcset=\"https:\/\/i0.wp.com\/luxonomy.net\/wp-content\/uploads\/2025\/08\/CSIAD_empresas_THEI_horizontal_4x3_v5.png?w=2000&ssl=1 2000w, https:\/\/i0.wp.com\/luxonomy.net\/wp-content\/uploads\/2025\/08\/CSIAD_empresas_THEI_horizontal_4x3_v5.png?resize=300%2C225&ssl=1 300w, https:\/\/i0.wp.com\/luxonomy.net\/wp-content\/uploads\/2025\/08\/CSIAD_empresas_THEI_horizontal_4x3_v5.png?resize=1024%2C768&ssl=1 1024w, https:\/\/i0.wp.com\/luxonomy.net\/wp-content\/uploads\/2025\/08\/CSIAD_empresas_THEI_horizontal_4x3_v5.png?resize=768%2C576&ssl=1 768w, https:\/\/i0.wp.com\/luxonomy.net\/wp-content\/uploads\/2025\/08\/CSIAD_empresas_THEI_horizontal_4x3_v5.png?resize=1536%2C1152&ssl=1 1536w, https:\/\/i0.wp.com\/luxonomy.net\/wp-content\/uploads\/2025\/08\/CSIAD_empresas_THEI_horizontal_4x3_v5.png?resize=370%2C278&ssl=1 370w, https:\/\/i0.wp.com\/luxonomy.net\/wp-content\/uploads\/2025\/08\/CSIAD_empresas_THEI_horizontal_4x3_v5.png?resize=800%2C600&ssl=1 800w, https:\/\/i0.wp.com\/luxonomy.net\/wp-content\/uploads\/2025\/08\/CSIAD_empresas_THEI_horizontal_4x3_v5.png?resize=20%2C15&ssl=1 20w, https:\/\/i0.wp.com\/luxonomy.net\/wp-content\/uploads\/2025\/08\/CSIAD_empresas_THEI_horizontal_4x3_v5.png?resize=740%2C555&ssl=1 740w, https:\/\/i0.wp.com\/luxonomy.net\/wp-content\/uploads\/2025\/08\/CSIAD_empresas_THEI_horizontal_4x3_v5.png?resize=1600%2C1200&ssl=1 1600w, https:\/\/i0.wp.com\/luxonomy.net\/wp-content\/uploads\/2025\/08\/CSIAD_empresas_THEI_horizontal_4x3_v5.png?resize=1200%2C900&ssl=1 1200w, https:\/\/i0.wp.com\/luxonomy.net\/wp-content\/uploads\/2025\/08\/CSIAD_empresas_THEI_horizontal_4x3_v5.png?resize=64%2C48&ssl=1 64w\" sizes=\"(max-width: 1170px) 100vw, 1170px\" class=\"no-lazyload\" width=\"2000\" height=\"1500\"   \/><\/a><\/div>\n\n\n\n<p>Frente a los crecientes desaf\u00edos sociales, LVMH entiende que el compromiso y la movilizaci\u00f3n constantes de todos son esenciales. Por ello, el Grupo ha estado comprometido durante m\u00e1s de 15 a\u00f1os, a trav\u00e9s de acciones o estructuras a menudo pioneras y siempre aut\u00e9nticas hacia la sociedad.<\/p>\n","protected":false},"excerpt":{"rendered":"<p>Inaugurado en presencia de Brigitte Macron, el alcalde de Le Havre, Edouard Philippe, el presidente y CEO de LVMH, Bernard Arnault, y Chantal Gaemperle, Vicepresidenta Ejecutiva de Recursos Humanos y Sinergias del Grupo, el campus LIVE &#8211; L\u2019Institut des Vocations pour l\u2019Emploi &#8211; en Le Havre es el primero ubicado en el oeste de Francia, fortaleciendo as\u00ed la cobertura territorial del instituto.<\/p>\n","protected":false},"author":1,"featured_media":60265,"comment_status":"open","ping_status":"open","sticky":false,"template":"","format":"standard","meta":{"_jetpack_newsletter_access":"","_jetpack_dont_email_post_to_subs":false,"_jetpack_newsletter_tier_id":0,"_jetpack_memberships_contains_paywalled_content":false,"_jetpack_feature_clip_id":0,"_jetpack_memberships_contains_paid_content":false,"footnotes":"","jetpack_publicize_message":"","jetpack_publicize_feature_enabled":false,"jetpack_social_post_already_shared":false,"jetpack_social_options":{"image_generator_settings":{"template":"edge","enabled":true,"token":"eyJpbWciOiJodHRwczpcL1wvbHV4b25vbXkubmV0XC93cC1jb250ZW50XC91cGxvYWRzXC8yMDI0XC8wOVwvZ2VuZXJhdGVkLWltYWdlLTQ2LTEwMjR4NTM4LmpwZyIsInR4dCI6IkxJVkUgJiM4MjExOyBMXHUyMDE5SW5zdGl0dXQgZGVzIFZvY2F0aW9ucyBwb3VyIGxcdTIwMTlFbXBsb2kgJiM4MjExOyBhbXBsXHUwMGVkYSBzdSBjYXBhY2lkYWQgZGUgYWNvZ2lkYSBjb24gbGEgaW5hdWd1cmFjaVx1MDBmM24gZGUgdW4gbnVldm8gY2FtcHVzIGVuIExlIEhhdnJlIiwidGVtcGxhdGUiOiJlZGdlIiwiYmxvZ19pZCI6MTU5OTg1NzQwfQ.8AWEmAlervo6yLXmbSBYDfHO2vke_HEL6pWqAehPW30MQ"},"version":2},"jetpack_post_was_ever_published":false},"categories":[227,817],"tags":[228,6639],"thb-sponsors":[1183],"class_list":["post-60263","post","type-post","status-publish","format-standard","has-post-thumbnail","hentry","category-eventos","category-formacion","tag-eventos","tag-lvmh-en-3"],"yoast_head":"<!-- This site is optimized with the Yoast SEO plugin v28.4 - https:\/\/yoast.com\/product\/yoast-seo-wordpress\/ -->\n<title>LIVE - L\u2019Institut des Vocations pour l\u2019Emploi - ampl\u00eda su capacidad de acogida con la inauguraci\u00f3n de un nuevo campus en Le Havre | LUXONOMY<\/title>\n<meta name=\"robots\" content=\"index, follow, max-snippet:-1, max-image-preview:large, max-video-preview:-1\" \/>\n<link rel=\"canonical\" href=\"https:\/\/luxonomy.net\/es\/live-linstitut-des-vocations-pour-lemploi-amplia-su-capacidad-de-acogida-con-la-inauguracion-de-un-nuevo-campus-en-le-havre\/\" \/>\n<meta property=\"og:locale\" content=\"es_ES\" \/>\n<meta property=\"og:type\" content=\"article\" \/>\n<meta property=\"og:title\" content=\"LIVE - L\u2019Institut des Vocations pour l\u2019Emploi - ampl\u00eda su capacidad de acogida con la inauguraci\u00f3n de un nuevo campus en Le Havre | LUXONOMY\" \/>\n<meta property=\"og:description\" content=\"Inaugurado en presencia de Brigitte Macron, el alcalde de Le Havre, Edouard Philippe, el presidente y CEO de LVMH, Bernard Arnault, y Chantal Gaemperle, Vicepresidenta Ejecutiva de Recursos Humanos y Sinergias del Grupo, el campus LIVE - L\u2019Institut des Vocations pour l\u2019Emploi - en Le Havre es el primero ubicado en el oeste de Francia, fortaleciendo as\u00ed la cobertura territorial del instituto.\" \/>\n<meta property=\"og:url\" content=\"https:\/\/luxonomy.net\/es\/live-linstitut-des-vocations-pour-lemploi-amplia-su-capacidad-de-acogida-con-la-inauguracion-de-un-nuevo-campus-en-le-havre\/\" \/>\n<meta property=\"og:site_name\" content=\"LUXONOMY\" \/>\n<meta property=\"article:publisher\" content=\"https:\/\/www.facebook.com\/luxonomy\" \/>\n<meta property=\"article:published_time\" content=\"2024-09-23T11:27:27+00:00\" \/>\n<meta property=\"article:modified_time\" content=\"2024-09-23T11:45:56+00:00\" \/>\n<meta property=\"og:image\" content=\"https:\/\/i0.wp.com\/luxonomy.net\/wp-content\/uploads\/2024\/09\/generated-image-46.jpg?fit=1200%2C630&quality=89&ssl=1\" \/>\n\t<meta property=\"og:image:width\" content=\"1200\" \/>\n\t<meta property=\"og:image:height\" content=\"630\" \/>\n\t<meta property=\"og:image:type\" content=\"image\/jpeg\" \/>\n<meta name=\"author\" content=\"LUXONOMY\" \/>\n<meta name=\"twitter:card\" content=\"summary_large_image\" \/>\n<meta name=\"twitter:label1\" content=\"Escrito por\" \/>\n\t<meta name=\"twitter:data1\" content=\"LUXONOMY\" \/>\n\t<meta name=\"twitter:label2\" content=\"Tiempo de lectura\" \/>\n\t<meta name=\"twitter:data2\" content=\"3 minutos\" \/>\n<script type=\"application\/ld+json\" class=\"yoast-schema-graph\">{\"@context\":\"https:\\\/\\\/schema.org\",\"@graph\":[{\"@type\":\"Article\",\"@id\":\"https:\\\/\\\/luxonomy.net\\\/es\\\/live-linstitut-des-vocations-pour-lemploi-amplia-su-capacidad-de-acogida-con-la-inauguracion-de-un-nuevo-campus-en-le-havre\\\/#article\",\"isPartOf\":{\"@id\":\"https:\\\/\\\/luxonomy.net\\\/es\\\/live-linstitut-des-vocations-pour-lemploi-amplia-su-capacidad-de-acogida-con-la-inauguracion-de-un-nuevo-campus-en-le-havre\\\/\"},\"author\":{\"name\":\"LUXONOMY\",\"@id\":\"https:\\\/\\\/luxonomy.net\\\/es\\\/#\\\/schema\\\/person\\\/ca588d8b741a1fdd9065289c8d98ee8c\"},\"headline\":\"LIVE &#8211; L\u2019Institut des Vocations pour l\u2019Emploi &#8211; ampl\u00eda su capacidad de acogida con la inauguraci\u00f3n de un nuevo campus en Le Havre\",\"datePublished\":\"2024-09-23T11:27:27+00:00\",\"dateModified\":\"2024-09-23T11:45:56+00:00\",\"mainEntityOfPage\":{\"@id\":\"https:\\\/\\\/luxonomy.net\\\/es\\\/live-linstitut-des-vocations-pour-lemploi-amplia-su-capacidad-de-acogida-con-la-inauguracion-de-un-nuevo-campus-en-le-havre\\\/\"},\"wordCount\":509,\"commentCount\":0,\"publisher\":{\"@id\":\"https:\\\/\\\/luxonomy.net\\\/es\\\/#organization\"},\"image\":{\"@id\":\"https:\\\/\\\/luxonomy.net\\\/es\\\/live-linstitut-des-vocations-pour-lemploi-amplia-su-capacidad-de-acogida-con-la-inauguracion-de-un-nuevo-campus-en-le-havre\\\/#primaryimage\"},\"thumbnailUrl\":\"https:\\\/\\\/i0.wp.com\\\/luxonomy.net\\\/wp-content\\\/uploads\\\/2024\\\/09\\\/generated-image-46.jpg?fit=1200%2C630&ssl=1\",\"keywords\":[\"Eventos\",\"LVMH\"],\"articleSection\":[\"Eventos\",\"Formaci\u00f3n\"],\"inLanguage\":\"es\",\"potentialAction\":[{\"@type\":\"CommentAction\",\"name\":\"Comment\",\"target\":[\"https:\\\/\\\/luxonomy.net\\\/es\\\/live-linstitut-des-vocations-pour-lemploi-amplia-su-capacidad-de-acogida-con-la-inauguracion-de-un-nuevo-campus-en-le-havre\\\/#respond\"]}]},{\"@type\":\"WebPage\",\"@id\":\"https:\\\/\\\/luxonomy.net\\\/es\\\/live-linstitut-des-vocations-pour-lemploi-amplia-su-capacidad-de-acogida-con-la-inauguracion-de-un-nuevo-campus-en-le-havre\\\/\",\"url\":\"https:\\\/\\\/luxonomy.net\\\/es\\\/live-linstitut-des-vocations-pour-lemploi-amplia-su-capacidad-de-acogida-con-la-inauguracion-de-un-nuevo-campus-en-le-havre\\\/\",\"name\":\"LIVE - L\u2019Institut des Vocations pour l\u2019Emploi - ampl\u00eda su capacidad de acogida con la inauguraci\u00f3n de un nuevo campus en Le Havre | LUXONOMY\",\"isPartOf\":{\"@id\":\"https:\\\/\\\/luxonomy.net\\\/es\\\/#website\"},\"primaryImageOfPage\":{\"@id\":\"https:\\\/\\\/luxonomy.net\\\/es\\\/live-linstitut-des-vocations-pour-lemploi-amplia-su-capacidad-de-acogida-con-la-inauguracion-de-un-nuevo-campus-en-le-havre\\\/#primaryimage\"},\"image\":{\"@id\":\"https:\\\/\\\/luxonomy.net\\\/es\\\/live-linstitut-des-vocations-pour-lemploi-amplia-su-capacidad-de-acogida-con-la-inauguracion-de-un-nuevo-campus-en-le-havre\\\/#primaryimage\"},\"thumbnailUrl\":\"https:\\\/\\\/i0.wp.com\\\/luxonomy.net\\\/wp-content\\\/uploads\\\/2024\\\/09\\\/generated-image-46.jpg?fit=1200%2C630&ssl=1\",\"datePublished\":\"2024-09-23T11:27:27+00:00\",\"dateModified\":\"2024-09-23T11:45:56+00:00\",\"breadcrumb\":{\"@id\":\"https:\\\/\\\/luxonomy.net\\\/es\\\/live-linstitut-des-vocations-pour-lemploi-amplia-su-capacidad-de-acogida-con-la-inauguracion-de-un-nuevo-campus-en-le-havre\\\/#breadcrumb\"},\"inLanguage\":\"es\",\"potentialAction\":[{\"@type\":\"ReadAction\",\"target\":[\"https:\\\/\\\/luxonomy.net\\\/es\\\/live-linstitut-des-vocations-pour-lemploi-amplia-su-capacidad-de-acogida-con-la-inauguracion-de-un-nuevo-campus-en-le-havre\\\/\"]}]},{\"@type\":\"ImageObject\",\"inLanguage\":\"es\",\"@id\":\"https:\\\/\\\/luxonomy.net\\\/es\\\/live-linstitut-des-vocations-pour-lemploi-amplia-su-capacidad-de-acogida-con-la-inauguracion-de-un-nuevo-campus-en-le-havre\\\/#primaryimage\",\"url\":\"https:\\\/\\\/i0.wp.com\\\/luxonomy.net\\\/wp-content\\\/uploads\\\/2024\\\/09\\\/generated-image-46.jpg?fit=1200%2C630&ssl=1\",\"contentUrl\":\"https:\\\/\\\/i0.wp.com\\\/luxonomy.net\\\/wp-content\\\/uploads\\\/2024\\\/09\\\/generated-image-46.jpg?fit=1200%2C630&ssl=1\",\"width\":1200,\"height\":630},{\"@type\":\"BreadcrumbList\",\"@id\":\"https:\\\/\\\/luxonomy.net\\\/es\\\/live-linstitut-des-vocations-pour-lemploi-amplia-su-capacidad-de-acogida-con-la-inauguracion-de-un-nuevo-campus-en-le-havre\\\/#breadcrumb\",\"itemListElement\":[{\"@type\":\"ListItem\",\"position\":1,\"name\":\"Portada\",\"item\":\"https:\\\/\\\/luxonomy.net\\\/es\\\/\"},{\"@type\":\"ListItem\",\"position\":2,\"name\":\"LIVE &#8211; L\u2019Institut des Vocations pour l\u2019Emploi &#8211; ampl\u00eda su capacidad de acogida con la inauguraci\u00f3n de un nuevo campus en Le Havre\"}]},{\"@type\":\"WebSite\",\"@id\":\"https:\\\/\\\/luxonomy.net\\\/es\\\/#website\",\"url\":\"https:\\\/\\\/luxonomy.net\\\/es\\\/\",\"name\":\"LUXONOMY\",\"description\":\"The Economy of Fashion &amp; Luxury\",\"publisher\":{\"@id\":\"https:\\\/\\\/luxonomy.net\\\/es\\\/#organization\"},\"potentialAction\":[{\"@type\":\"SearchAction\",\"target\":{\"@type\":\"EntryPoint\",\"urlTemplate\":\"https:\\\/\\\/luxonomy.net\\\/es\\\/?s={search_term_string}\"},\"query-input\":{\"@type\":\"PropertyValueSpecification\",\"valueRequired\":true,\"valueName\":\"search_term_string\"}}],\"inLanguage\":\"es\"},{\"@type\":\"Organization\",\"@id\":\"https:\\\/\\\/luxonomy.net\\\/es\\\/#organization\",\"name\":\"LUXONOMY\",\"url\":\"https:\\\/\\\/luxonomy.net\\\/es\\\/\",\"logo\":{\"@type\":\"ImageObject\",\"inLanguage\":\"es\",\"@id\":\"https:\\\/\\\/luxonomy.net\\\/es\\\/#\\\/schema\\\/logo\\\/image\\\/\",\"url\":\"https:\\\/\\\/i2.wp.com\\\/luxonomy.net\\\/wp-content\\\/uploads\\\/2021\\\/09\\\/MOCKUP-TODOS-LUXONOMY.jpg?fit=1000%2C515&ssl=1\",\"contentUrl\":\"https:\\\/\\\/i2.wp.com\\\/luxonomy.net\\\/wp-content\\\/uploads\\\/2021\\\/09\\\/MOCKUP-TODOS-LUXONOMY.jpg?fit=1000%2C515&ssl=1\",\"width\":1000,\"height\":515,\"caption\":\"LUXONOMY\"},\"image\":{\"@id\":\"https:\\\/\\\/luxonomy.net\\\/es\\\/#\\\/schema\\\/logo\\\/image\\\/\"},\"sameAs\":[\"https:\\\/\\\/www.facebook.com\\\/luxonomy\",\"https:\\\/\\\/www.instagram.com\\\/luxonomy\\\/\",\"https:\\\/\\\/www.linkedin.com\\\/company\\\/luxonomy\\\/\"]},{\"@type\":\"Person\",\"@id\":\"https:\\\/\\\/luxonomy.net\\\/es\\\/#\\\/schema\\\/person\\\/ca588d8b741a1fdd9065289c8d98ee8c\",\"name\":\"LUXONOMY\",\"image\":{\"@type\":\"ImageObject\",\"inLanguage\":\"es\",\"@id\":\"https:\\\/\\\/luxonomy.net\\\/wp-content\\\/litespeed\\\/avatar\\\/a6436cdb14fdaf9c21808e63d0da2055.jpg?ver=1788366758\",\"url\":\"https:\\\/\\\/luxonomy.net\\\/wp-content\\\/litespeed\\\/avatar\\\/a6436cdb14fdaf9c21808e63d0da2055.jpg?ver=1788366758\",\"contentUrl\":\"https:\\\/\\\/luxonomy.net\\\/wp-content\\\/litespeed\\\/avatar\\\/a6436cdb14fdaf9c21808e63d0da2055.jpg?ver=1788366758\",\"caption\":\"LUXONOMY\"},\"sameAs\":[\"https:\\\/\"],\"url\":\"https:\\\/\\\/luxonomy.net\\\/es\\\/author\\\/luxonomy\\\/\"}]}<\/script>\n<!-- \/ Yoast SEO plugin. -->","yoast_head_json":{"title":"LIVE - L\u2019Institut des Vocations pour l\u2019Emploi - ampl\u00eda su capacidad de acogida con la inauguraci\u00f3n de un nuevo campus en Le Havre | LUXONOMY","robots":{"index":"index","follow":"follow","max-snippet":"max-snippet:-1","max-image-preview":"max-image-preview:large","max-video-preview":"max-video-preview:-1"},"canonical":"https:\/\/luxonomy.net\/es\/live-linstitut-des-vocations-pour-lemploi-amplia-su-capacidad-de-acogida-con-la-inauguracion-de-un-nuevo-campus-en-le-havre\/","og_locale":"es_ES","og_type":"article","og_title":"LIVE - L\u2019Institut des Vocations pour l\u2019Emploi - ampl\u00eda su capacidad de acogida con la inauguraci\u00f3n de un nuevo campus en Le Havre | LUXONOMY","og_description":"Inaugurado en presencia de Brigitte Macron, el alcalde de Le Havre, Edouard Philippe, el presidente y CEO de LVMH, Bernard Arnault, y Chantal Gaemperle, Vicepresidenta Ejecutiva de Recursos Humanos y Sinergias del Grupo, el campus LIVE - L\u2019Institut des Vocations pour l\u2019Emploi - en Le Havre es el primero ubicado en el oeste de Francia, fortaleciendo as\u00ed la cobertura territorial del instituto.","og_url":"https:\/\/luxonomy.net\/es\/live-linstitut-des-vocations-pour-lemploi-amplia-su-capacidad-de-acogida-con-la-inauguracion-de-un-nuevo-campus-en-le-havre\/","og_site_name":"LUXONOMY","article_publisher":"https:\/\/www.facebook.com\/luxonomy","article_published_time":"2024-09-23T11:27:27+00:00","article_modified_time":"2024-09-23T11:45:56+00:00","og_image":[{"width":1200,"height":630,"url":"https:\/\/i0.wp.com\/luxonomy.net\/wp-content\/uploads\/2024\/09\/generated-image-46.jpg?fit=1200%2C630&quality=89&ssl=1","type":"image\/jpeg"}],"author":"LUXONOMY","twitter_card":"summary_large_image","twitter_misc":{"Escrito por":"LUXONOMY","Tiempo de lectura":"3 minutos"},"schema":{"@context":"https:\/\/schema.org","@graph":[{"@type":"Article","@id":"https:\/\/luxonomy.net\/es\/live-linstitut-des-vocations-pour-lemploi-amplia-su-capacidad-de-acogida-con-la-inauguracion-de-un-nuevo-campus-en-le-havre\/#article","isPartOf":{"@id":"https:\/\/luxonomy.net\/es\/live-linstitut-des-vocations-pour-lemploi-amplia-su-capacidad-de-acogida-con-la-inauguracion-de-un-nuevo-campus-en-le-havre\/"},"author":{"name":"LUXONOMY","@id":"https:\/\/luxonomy.net\/es\/#\/schema\/person\/ca588d8b741a1fdd9065289c8d98ee8c"},"headline":"LIVE &#8211; L\u2019Institut des Vocations pour l\u2019Emploi &#8211; ampl\u00eda su capacidad de acogida con la inauguraci\u00f3n de un nuevo campus en Le Havre","datePublished":"2024-09-23T11:27:27+00:00","dateModified":"2024-09-23T11:45:56+00:00","mainEntityOfPage":{"@id":"https:\/\/luxonomy.net\/es\/live-linstitut-des-vocations-pour-lemploi-amplia-su-capacidad-de-acogida-con-la-inauguracion-de-un-nuevo-campus-en-le-havre\/"},"wordCount":509,"commentCount":0,"publisher":{"@id":"https:\/\/luxonomy.net\/es\/#organization"},"image":{"@id":"https:\/\/luxonomy.net\/es\/live-linstitut-des-vocations-pour-lemploi-amplia-su-capacidad-de-acogida-con-la-inauguracion-de-un-nuevo-campus-en-le-havre\/#primaryimage"},"thumbnailUrl":"https:\/\/i0.wp.com\/luxonomy.net\/wp-content\/uploads\/2024\/09\/generated-image-46.jpg?fit=1200%2C630&ssl=1","keywords":["Eventos","LVMH"],"articleSection":["Eventos","Formaci\u00f3n"],"inLanguage":"es","potentialAction":[{"@type":"CommentAction","name":"Comment","target":["https:\/\/luxonomy.net\/es\/live-linstitut-des-vocations-pour-lemploi-amplia-su-capacidad-de-acogida-con-la-inauguracion-de-un-nuevo-campus-en-le-havre\/#respond"]}]},{"@type":"WebPage","@id":"https:\/\/luxonomy.net\/es\/live-linstitut-des-vocations-pour-lemploi-amplia-su-capacidad-de-acogida-con-la-inauguracion-de-un-nuevo-campus-en-le-havre\/","url":"https:\/\/luxonomy.net\/es\/live-linstitut-des-vocations-pour-lemploi-amplia-su-capacidad-de-acogida-con-la-inauguracion-de-un-nuevo-campus-en-le-havre\/","name":"LIVE - L\u2019Institut des Vocations pour l\u2019Emploi - ampl\u00eda su capacidad de acogida con la inauguraci\u00f3n de un nuevo campus en Le Havre | LUXONOMY","isPartOf":{"@id":"https:\/\/luxonomy.net\/es\/#website"},"primaryImageOfPage":{"@id":"https:\/\/luxonomy.net\/es\/live-linstitut-des-vocations-pour-lemploi-amplia-su-capacidad-de-acogida-con-la-inauguracion-de-un-nuevo-campus-en-le-havre\/#primaryimage"},"image":{"@id":"https:\/\/luxonomy.net\/es\/live-linstitut-des-vocations-pour-lemploi-amplia-su-capacidad-de-acogida-con-la-inauguracion-de-un-nuevo-campus-en-le-havre\/#primaryimage"},"thumbnailUrl":"https:\/\/i0.wp.com\/luxonomy.net\/wp-content\/uploads\/2024\/09\/generated-image-46.jpg?fit=1200%2C630&ssl=1","datePublished":"2024-09-23T11:27:27+00:00","dateModified":"2024-09-23T11:45:56+00:00","breadcrumb":{"@id":"https:\/\/luxonomy.net\/es\/live-linstitut-des-vocations-pour-lemploi-amplia-su-capacidad-de-acogida-con-la-inauguracion-de-un-nuevo-campus-en-le-havre\/#breadcrumb"},"inLanguage":"es","potentialAction":[{"@type":"ReadAction","target":["https:\/\/luxonomy.net\/es\/live-linstitut-des-vocations-pour-lemploi-amplia-su-capacidad-de-acogida-con-la-inauguracion-de-un-nuevo-campus-en-le-havre\/"]}]},{"@type":"ImageObject","inLanguage":"es","@id":"https:\/\/luxonomy.net\/es\/live-linstitut-des-vocations-pour-lemploi-amplia-su-capacidad-de-acogida-con-la-inauguracion-de-un-nuevo-campus-en-le-havre\/#primaryimage","url":"https:\/\/i0.wp.com\/luxonomy.net\/wp-content\/uploads\/2024\/09\/generated-image-46.jpg?fit=1200%2C630&ssl=1","contentUrl":"https:\/\/i0.wp.com\/luxonomy.net\/wp-content\/uploads\/2024\/09\/generated-image-46.jpg?fit=1200%2C630&ssl=1","width":1200,"height":630},{"@type":"BreadcrumbList","@id":"https:\/\/luxonomy.net\/es\/live-linstitut-des-vocations-pour-lemploi-amplia-su-capacidad-de-acogida-con-la-inauguracion-de-un-nuevo-campus-en-le-havre\/#breadcrumb","itemListElement":[{"@type":"ListItem","position":1,"name":"Portada","item":"https:\/\/luxonomy.net\/es\/"},{"@type":"ListItem","position":2,"name":"LIVE &#8211; L\u2019Institut des Vocations pour l\u2019Emploi &#8211; ampl\u00eda su capacidad de acogida con la inauguraci\u00f3n de un nuevo campus en Le Havre"}]},{"@type":"WebSite","@id":"https:\/\/luxonomy.net\/es\/#website","url":"https:\/\/luxonomy.net\/es\/","name":"LUXONOMY","description":"The Economy of Fashion &amp; Luxury","publisher":{"@id":"https:\/\/luxonomy.net\/es\/#organization"},"potentialAction":[{"@type":"SearchAction","target":{"@type":"EntryPoint","urlTemplate":"https:\/\/luxonomy.net\/es\/?s={search_term_string}"},"query-input":{"@type":"PropertyValueSpecification","valueRequired":true,"valueName":"search_term_string"}}],"inLanguage":"es"},{"@type":"Organization","@id":"https:\/\/luxonomy.net\/es\/#organization","name":"LUXONOMY","url":"https:\/\/luxonomy.net\/es\/","logo":{"@type":"ImageObject","inLanguage":"es","@id":"https:\/\/luxonomy.net\/es\/#\/schema\/logo\/image\/","url":"https:\/\/i2.wp.com\/luxonomy.net\/wp-content\/uploads\/2021\/09\/MOCKUP-TODOS-LUXONOMY.jpg?fit=1000%2C515&ssl=1","contentUrl":"https:\/\/i2.wp.com\/luxonomy.net\/wp-content\/uploads\/2021\/09\/MOCKUP-TODOS-LUXONOMY.jpg?fit=1000%2C515&ssl=1","width":1000,"height":515,"caption":"LUXONOMY"},"image":{"@id":"https:\/\/luxonomy.net\/es\/#\/schema\/logo\/image\/"},"sameAs":["https:\/\/www.facebook.com\/luxonomy","https:\/\/www.instagram.com\/luxonomy\/","https:\/\/www.linkedin.com\/company\/luxonomy\/"]},{"@type":"Person","@id":"https:\/\/luxonomy.net\/es\/#\/schema\/person\/ca588d8b741a1fdd9065289c8d98ee8c","name":"LUXONOMY","image":{"@type":"ImageObject","inLanguage":"es","@id":"https:\/\/luxonomy.net\/wp-content\/litespeed\/avatar\/a6436cdb14fdaf9c21808e63d0da2055.jpg?ver=1788366758","url":"https:\/\/luxonomy.net\/wp-content\/litespeed\/avatar\/a6436cdb14fdaf9c21808e63d0da2055.jpg?ver=1788366758","contentUrl":"https:\/\/luxonomy.net\/wp-content\/litespeed\/avatar\/a6436cdb14fdaf9c21808e63d0da2055.jpg?ver=1788366758","caption":"LUXONOMY"},"sameAs":["https:\/"],"url":"https:\/\/luxonomy.net\/es\/author\/luxonomy\/"}]}},"jetpack_publicize_connections":[],"jetpack_shortlink":"https:\/\/wp.me\/paPhBa-fFZ","jetpack_sharing_enabled":true,"jetpack_featured_media_url":"https:\/\/i0.wp.com\/luxonomy.net\/wp-content\/uploads\/2024\/09\/generated-image-46.jpg?fit=1200%2C630&ssl=1","_links":{"self":[{"href":"https:\/\/luxonomy.net\/es\/wp-json\/wp\/v2\/posts\/60263","targetHints":{"allow":["GET"]}}],"collection":[{"href":"https:\/\/luxonomy.net\/es\/wp-json\/wp\/v2\/posts"}],"about":[{"href":"https:\/\/luxonomy.net\/es\/wp-json\/wp\/v2\/types\/post"}],"author":[{"embeddable":true,"href":"https:\/\/luxonomy.net\/es\/wp-json\/wp\/v2\/users\/1"}],"replies":[{"embeddable":true,"href":"https:\/\/luxonomy.net\/es\/wp-json\/wp\/v2\/comments?post=60263"}],"version-history":[{"count":2,"href":"https:\/\/luxonomy.net\/es\/wp-json\/wp\/v2\/posts\/60263\/revisions"}],"predecessor-version":[{"id":60267,"href":"https:\/\/luxonomy.net\/es\/wp-json\/wp\/v2\/posts\/60263\/revisions\/60267"}],"wp:featuredmedia":[{"embeddable":true,"href":"https:\/\/luxonomy.net\/es\/wp-json\/wp\/v2\/media\/60265"}],"wp:attachment":[{"href":"https:\/\/luxonomy.net\/es\/wp-json\/wp\/v2\/media?parent=60263"}],"wp:term":[{"taxonomy":"category","embeddable":true,"href":"https:\/\/luxonomy.net\/es\/wp-json\/wp\/v2\/categories?post=60263"},{"taxonomy":"post_tag","embeddable":true,"href":"https:\/\/luxonomy.net\/es\/wp-json\/wp\/v2\/tags?post=60263"},{"taxonomy":"thb-sponsors","embeddable":true,"href":"https:\/\/luxonomy.net\/es\/wp-json\/wp\/v2\/thb-sponsors?post=60263"}],"curies":[{"name":"wp","href":"https:\/\/api.w.org\/{rel}","templated":true}]}}