{"id":60151,"date":"2024-09-20T16:29:10","date_gmt":"2024-09-20T14:29:10","guid":{"rendered":"https:\/?p=60151"},"modified":"2024-09-20T16:29:20","modified_gmt":"2024-09-20T14:29:20","slug":"lexus-y-silbon-se-unen-en-una-coleccion-exclusiva","status":"publish","type":"post","link":"https:\/\/luxonomy.net\/es\/lexus-y-silbon-se-unen-en-una-coleccion-exclusiva\/","title":{"rendered":"Lexus y Silbon se unen en una Colecci\u00f3n Exclusiva"},"content":{"rendered":"\n<p class=\"wp-block-paragraph\">La colaboraci\u00f3n de Lexus con la firma de moda cordobesa Silbon nace de la uni\u00f3n de dos marcas que comparten un ADN similar y mucha sinton\u00eda entre ambas.<\/p>\n\n\n\n<p class=\"wp-block-paragraph\">Lexus buscaba nuevos productos para su boutique con un aire fresco e informal adem\u00e1s de un toque deportivo. En la b\u00fasqueda de un partner para desarrollar la l\u00ednea de productos, Silbon destac\u00f3 por sus textiles y dise\u00f1os de calidad, por ser una marca nacional en plena expansi\u00f3n y la guinda la puso su propio logo, dos raquetas de tenis que, sin quererlo, se han convertido en la asociaci\u00f3n perfecta para la l\u00ednea de productos Lexus x Silbon.<\/p>\n\n\n\n<p class=\"wp-block-paragraph\">El porfolio de Lexus x Silbon, que se vender\u00e1 en Lexus Boutique incluye bolsa de viaje, mochila y neceser y est\u00e1 disponible en azul y beige. Las mochilas cuentan asimismo con una divertida versi\u00f3n en turquesa y rosa.:\u00a0<a href=\"https:\/\/www.lexusauto.es\/lexus-boutique\/viaje-boutique\" target=\"_blank\" rel=\"noreferrer noopener\">https:\/\/www.lexusauto.es\/lexus-boutique\/viaje-boutique<\/a><\/p><div id=\"luxon-2598166128\" class=\"luxon-3er-parrafo luxon-entity-placement\" style=\"margin-top: 20px;margin-bottom: 20px;margin-left: auto;margin-right: auto;text-align: center;\"><a href=\"https:\/\/luxonomy.university\/course\/master-turismo-de-lujo\" target=\"_blank\" aria-label=\"master-turismo-lujo-2026-2027\"><img loading=\"lazy\" decoding=\"async\" src=\"https:\/\/i0.wp.com\/luxonomy.net\/wp-content\/uploads\/2020\/07\/master-turismo-lujo-2026-2027.jpg?fit=1672%2C941&#038;ssl=1\" alt=\"\"  srcset=\"https:\/\/i0.wp.com\/luxonomy.net\/wp-content\/uploads\/2020\/07\/master-turismo-lujo-2026-2027.jpg?w=1672&ssl=1 1672w, https:\/\/i0.wp.com\/luxonomy.net\/wp-content\/uploads\/2020\/07\/master-turismo-lujo-2026-2027.jpg?resize=300%2C169&ssl=1 300w, https:\/\/i0.wp.com\/luxonomy.net\/wp-content\/uploads\/2020\/07\/master-turismo-lujo-2026-2027.jpg?resize=1024%2C576&ssl=1 1024w, https:\/\/i0.wp.com\/luxonomy.net\/wp-content\/uploads\/2020\/07\/master-turismo-lujo-2026-2027.jpg?resize=768%2C432&ssl=1 768w, https:\/\/i0.wp.com\/luxonomy.net\/wp-content\/uploads\/2020\/07\/master-turismo-lujo-2026-2027.jpg?resize=1536%2C864&ssl=1 1536w, https:\/\/i0.wp.com\/luxonomy.net\/wp-content\/uploads\/2020\/07\/master-turismo-lujo-2026-2027.jpg?resize=370%2C208&ssl=1 370w, https:\/\/i0.wp.com\/luxonomy.net\/wp-content\/uploads\/2020\/07\/master-turismo-lujo-2026-2027.jpg?resize=800%2C450&ssl=1 800w, https:\/\/i0.wp.com\/luxonomy.net\/wp-content\/uploads\/2020\/07\/master-turismo-lujo-2026-2027.jpg?resize=20%2C11&ssl=1 20w, https:\/\/i0.wp.com\/luxonomy.net\/wp-content\/uploads\/2020\/07\/master-turismo-lujo-2026-2027.jpg?resize=740%2C416&ssl=1 740w, https:\/\/i0.wp.com\/luxonomy.net\/wp-content\/uploads\/2020\/07\/master-turismo-lujo-2026-2027.jpg?resize=1600%2C900&ssl=1 1600w, https:\/\/i0.wp.com\/luxonomy.net\/wp-content\/uploads\/2020\/07\/master-turismo-lujo-2026-2027.jpg?resize=1200%2C675&ssl=1 1200w, https:\/\/i0.wp.com\/luxonomy.net\/wp-content\/uploads\/2020\/07\/master-turismo-lujo-2026-2027.jpg?resize=85%2C48&ssl=1 85w\" sizes=\"(max-width: 1170px) 100vw, 1170px\" class=\"no-lazyload\" width=\"1672\" height=\"941\"   \/><\/a><\/div>\n\n\n\n<p class=\"wp-block-paragraph\"><strong>Acerca de Silbon<\/strong><\/p>\n\n\n\n<p class=\"wp-block-paragraph\"><strong>Silbon\u00a0<\/strong>inici\u00f3 su andadura en 2009 con\u00a0<strong>ADN masculino<\/strong>, teniendo al hombre como protagonista para convertirse en una firma nacional en plena expansi\u00f3n: Un producto exclusivo, de alta calidad, a un precio competitivo y un cuidado trato al cliente.<\/p>\n\n\n\n<p class=\"wp-block-paragraph\">A\u00f1os m\u00e1s tarde, en 2018 se lanza la colecci\u00f3n de&nbsp;<strong>Kids&nbsp;<\/strong>y en 2021, se crea&nbsp;<strong>Silbon Woman&nbsp;<\/strong>dirigido a mujeres que valoran la calidad, el estilo y la personalidad por encima de todo y para las que la moda es arte y cultura. La marca termina en 2022 diversificando su oferta con&nbsp;<strong>Oxygen<\/strong>, la l\u00ednea vers\u00e1til m\u00e1s comprometida con el medioambiente.<\/p>\n\n\n\n<p class=\"wp-block-paragraph\">Hoy en d\u00eda Silbon se encuentra en plena expansi\u00f3n y el producto est\u00e1 en el coraz\u00f3n de toda la estrategia, siendo hombre la categor\u00eda originaria. La marca de ropa andaluza ha logrado hacerse un hueco en el mercado y, en gran medida, gracias al apoyo de empresas consolidadas como&nbsp;<strong>El Corte Ingl\u00e9s<\/strong>, que cuentan con ella en algunos de sus centros comerciales.<\/p><div id=\"luxon-1426440902\" class=\"luxon-7-parrafo luxon-entity-placement\" style=\"margin-top: 20px;margin-bottom: 20px;margin-left: auto;margin-right: auto;text-align: center;\"><a href=\"https:\/\/theintelligence.institute\/course\/inteligencia-artificial-para-directivos\" target=\"_blank\" aria-label=\"CSIAD_empresas_THEI_horizontal_4x3_v5\"><img loading=\"lazy\" decoding=\"async\" src=\"https:\/\/i0.wp.com\/luxonomy.net\/wp-content\/uploads\/2025\/08\/CSIAD_empresas_THEI_horizontal_4x3_v5.png?fit=2000%2C1500&#038;ssl=1\" alt=\"\"  srcset=\"https:\/\/i0.wp.com\/luxonomy.net\/wp-content\/uploads\/2025\/08\/CSIAD_empresas_THEI_horizontal_4x3_v5.png?w=2000&ssl=1 2000w, https:\/\/i0.wp.com\/luxonomy.net\/wp-content\/uploads\/2025\/08\/CSIAD_empresas_THEI_horizontal_4x3_v5.png?resize=300%2C225&ssl=1 300w, https:\/\/i0.wp.com\/luxonomy.net\/wp-content\/uploads\/2025\/08\/CSIAD_empresas_THEI_horizontal_4x3_v5.png?resize=1024%2C768&ssl=1 1024w, https:\/\/i0.wp.com\/luxonomy.net\/wp-content\/uploads\/2025\/08\/CSIAD_empresas_THEI_horizontal_4x3_v5.png?resize=768%2C576&ssl=1 768w, https:\/\/i0.wp.com\/luxonomy.net\/wp-content\/uploads\/2025\/08\/CSIAD_empresas_THEI_horizontal_4x3_v5.png?resize=1536%2C1152&ssl=1 1536w, https:\/\/i0.wp.com\/luxonomy.net\/wp-content\/uploads\/2025\/08\/CSIAD_empresas_THEI_horizontal_4x3_v5.png?resize=370%2C278&ssl=1 370w, https:\/\/i0.wp.com\/luxonomy.net\/wp-content\/uploads\/2025\/08\/CSIAD_empresas_THEI_horizontal_4x3_v5.png?resize=800%2C600&ssl=1 800w, https:\/\/i0.wp.com\/luxonomy.net\/wp-content\/uploads\/2025\/08\/CSIAD_empresas_THEI_horizontal_4x3_v5.png?resize=20%2C15&ssl=1 20w, https:\/\/i0.wp.com\/luxonomy.net\/wp-content\/uploads\/2025\/08\/CSIAD_empresas_THEI_horizontal_4x3_v5.png?resize=740%2C555&ssl=1 740w, https:\/\/i0.wp.com\/luxonomy.net\/wp-content\/uploads\/2025\/08\/CSIAD_empresas_THEI_horizontal_4x3_v5.png?resize=1600%2C1200&ssl=1 1600w, https:\/\/i0.wp.com\/luxonomy.net\/wp-content\/uploads\/2025\/08\/CSIAD_empresas_THEI_horizontal_4x3_v5.png?resize=1200%2C900&ssl=1 1200w, https:\/\/i0.wp.com\/luxonomy.net\/wp-content\/uploads\/2025\/08\/CSIAD_empresas_THEI_horizontal_4x3_v5.png?resize=64%2C48&ssl=1 64w\" sizes=\"(max-width: 1170px) 100vw, 1170px\" class=\"no-lazyload\" width=\"2000\" height=\"1500\"   \/><\/a><\/div>\n\n\n\n<p class=\"wp-block-paragraph\">A nivel nacional Silbon dentro de su red de tiendas actual cuenta con establecimientos \u2018monomarca\u2019, \u2018full prices\u2019 y \u2018tiendas outlets\u2019 en las principales calles de los centros neur\u00e1lgicos de las ciudades m\u00e1s importantes como Madrid, C\u00f3rdoba, Sevilla, M\u00e1laga, Valencia, Zaragoza, Santander, Oviedo, Valladolid, Bilbao, San Sebasti\u00e1n, Zaragoza o Barcelona, entre otras y tambi\u00e9n con presencia en centros comerciales y c\u00f3rneres en \u2018El Corte Ingl\u00e9s\u2019, algunos de ellos en Madrid, Alicante, Valladolid, Ja\u00e9n, Murcia o A Coru\u00f1a.<\/p>\n\n\n\n<p class=\"wp-block-paragraph\">A nivel internacional, la marca sigue con su plan de expansi\u00f3n y Silbon cuenta con dos tiendas boutique situadas en Par\u00eds, ciudad en la que la compa\u00f1\u00eda tiene previsto seguir expandi\u00e9ndose, un primer punto de venta inaugurado en las ciudades portuguesas de Oporto y Lisboa. Y 3 aperturas en M\u00e9xico de la mano de Palacio de Hierro.<\/p>\n\n\n\n<p class=\"wp-block-paragraph\">Silbon tambi\u00e9n cuenta con su mayor espacio de ventas a trav\u00e9s de&nbsp;<strong>su ecommerce<\/strong>, desde el cual ofrece servicio a nivel nacional e internacional. A esta plataforma se le suman, las tiendas \u2018on line\u2019 de&nbsp;<strong>El Corte Ingl\u00e9s, y Cortefiel&nbsp;<\/strong>y las plataformas de comercio electr\u00f3nico como&nbsp;<strong>Amazon y Miravia&nbsp;<\/strong>y ahora tambi\u00e9n \u2018Glovo Fashion\u2019.<\/p>\n\n\n\n<p class=\"wp-block-paragraph\">Para ampliar y completar la experiencia Silbon, en noviembre de 2022 abri\u00f3 sus puertas&nbsp;<strong>Silbon Bar<\/strong>. Un proyecto gastron\u00f3mico del retail cordob\u00e9s, que se enmarca en otra vertiente diferente al exclusivo mundo de la moda. El cliente Silbon, quien adem\u00e1s de poder vestir las diferentes colecciones e identificarse con los valores de la marca, ahora tambi\u00e9n tiene un punto de encuentro donde compartir con amigos momentos inolvidables de ocio.<\/p>\n\n\n\n<p class=\"wp-block-paragraph\">La idea de este establecimiento es ser el punto de encuentro diario o el \u2018after work\u2019 de muchos cordobeses, que tambi\u00e9n pueden encontrar en este acogedor espacio la mejor opci\u00f3n para el \u2018tardeo\u2019 de los jueves, viernes, fines de semana y festivos.<\/p>\n\n\n\n<p class=\"wp-block-paragraph\">El reto de la compa\u00f1\u00eda lleg\u00f3 en 2023 con las 80 aperturas y el prop\u00f3sito es seguir creciendo de los m\u00e1s de 50 millones facturados en 2023.<\/p>\n\n\n\n<p><strong>M\u00e1s informaci\u00f3n:\u00a0<\/strong><a href=\"https:\/\/www.lexusauto.es\/estilolexus\/marca\/lexus-y-silbon-se-unen-con-una-coleccion-exclusiva\" target=\"_blank\" rel=\"noopener\">https:\/\/www.lexusauto.es\/estilolexus\/marca\/lexus-y-silbon-se-unen-con-una-coleccion-exclusiva<\/a><\/p>\n\n\n","protected":false},"excerpt":{"rendered":"<p>La colaboraci\u00f3n de Lexus con la firma de moda cordobesa Silbon nace de la uni\u00f3n de dos marcas que comparten un ADN similar y mucha sinton\u00eda entre ambas.<br \/>\nLa colecci\u00f3n Lexus x Silbon incluye bolsa de viaje, mochila y neceser. Est\u00e1 disponible en azul y beige. Las mochilas cuentan asimismo con una divertida versi\u00f3n en turquesa y rosa.<br \/>\nEl porfolio de Lexus x Silbon se puede adquirir a trav\u00e9s de la Boutique de Lexus.<\/p>\n","protected":false},"author":1,"featured_media":60156,"comment_status":"open","ping_status":"open","sticky":false,"template":"","format":"standard","meta":{"_jetpack_newsletter_access":"","_jetpack_dont_email_post_to_subs":false,"_jetpack_newsletter_tier_id":0,"_jetpack_memberships_contains_paywalled_content":false,"_jetpack_feature_clip_id":0,"_jetpack_memberships_contains_paid_content":false,"footnotes":"","jetpack_publicize_message":"Lexus y Silbon se unen en una Colecci\u00f3n Exclusiva\n#Lexus #Silbon","jetpack_publicize_feature_enabled":true,"jetpack_social_post_already_shared":true,"jetpack_social_options":{"image_generator_settings":{"template":"edge","enabled":false,"token":"eyJpbWciOiJodHRwczpcL1wvbHV4b25vbXkubmV0XC93cC1jb250ZW50XC91cGxvYWRzXC8yMDI0XC8wOVwvTGV4dXMteS1TaWxib24tc2UtdW5lbi1lbi11bmEtQ29sZWNjaW9uLUV4Y2x1c2l2YS0xMDI0eDY4My5qcGciLCJ0eHQiOiJMZXh1cyB5IFNpbGJvbiBzZSB1bmVuIGVuIHVuYSBDb2xlY2NpXHUwMGYzbiBFeGNsdXNpdmEiLCJ0ZW1wbGF0ZSI6ImVkZ2UiLCJibG9nX2lkIjoxNTk5ODU3NDB9.TETYLwpMe3aSNwiOg3x_LlulsxE9LeCIokXQs_VmwlUMQ"},"version":2,"attached_media":[{"id":60156,"url":"http:\/\/luxonomy.net\/wp-content\/uploads\/2024\/09\/generated-image-44.jpg","type":"image\/jpeg"}]},"jetpack_post_was_ever_published":false},"categories":[296],"tags":[586,222,1581],"thb-sponsors":[1206],"class_list":["post-60151","post","type-post","status-publish","format-standard","has-post-thumbnail","hentry","category-motor","tag-moda","tag-motor","tag-silbon"],"yoast_head":"<!-- This site is optimized with the Yoast SEO plugin v28.4 - https:\/\/yoast.com\/product\/yoast-seo-wordpress\/ -->\n<title>Lexus y Silbon se unen en una Colecci\u00f3n Exclusiva | LUXONOMY<\/title>\n<meta name=\"robots\" content=\"index, follow, max-snippet:-1, max-image-preview:large, max-video-preview:-1\" \/>\n<link rel=\"canonical\" href=\"https:\/\/luxonomy.net\/es\/lexus-y-silbon-se-unen-en-una-coleccion-exclusiva\/\" \/>\n<meta property=\"og:locale\" content=\"es_ES\" \/>\n<meta property=\"og:type\" content=\"article\" \/>\n<meta property=\"og:title\" content=\"Lexus y Silbon se unen en una Colecci\u00f3n Exclusiva | LUXONOMY\" \/>\n<meta property=\"og:description\" content=\"La colaboraci\u00f3n de Lexus con la firma de moda cordobesa Silbon nace de la uni\u00f3n de dos marcas que comparten un ADN similar y mucha sinton\u00eda entre ambas. La colecci\u00f3n Lexus x Silbon incluye bolsa de viaje, mochila y neceser. Est\u00e1 disponible en azul y beige. Las mochilas cuentan asimismo con una divertida versi\u00f3n en turquesa y rosa. El porfolio de Lexus x Silbon se puede adquirir a trav\u00e9s de la Boutique de Lexus.\" \/>\n<meta property=\"og:url\" content=\"https:\/\/luxonomy.net\/es\/lexus-y-silbon-se-unen-en-una-coleccion-exclusiva\/\" \/>\n<meta property=\"og:site_name\" content=\"LUXONOMY\" \/>\n<meta property=\"article:publisher\" content=\"https:\/\/www.facebook.com\/luxonomy\" \/>\n<meta property=\"article:published_time\" content=\"2024-09-20T14:29:10+00:00\" \/>\n<meta property=\"article:modified_time\" content=\"2024-09-20T14:29:20+00:00\" \/>\n<meta property=\"og:image\" content=\"https:\/\/i0.wp.com\/luxonomy.net\/wp-content\/uploads\/2024\/09\/generated-image-44.jpg?fit=1200%2C630&quality=89&ssl=1\" \/>\n\t<meta property=\"og:image:width\" content=\"1200\" \/>\n\t<meta property=\"og:image:height\" content=\"630\" \/>\n\t<meta property=\"og:image:type\" content=\"image\/jpeg\" \/>\n<meta name=\"author\" content=\"LUXONOMY\" \/>\n<meta name=\"twitter:card\" content=\"summary_large_image\" \/>\n<meta name=\"twitter:label1\" content=\"Escrito por\" \/>\n\t<meta name=\"twitter:data1\" content=\"LUXONOMY\" \/>\n\t<meta name=\"twitter:label2\" content=\"Tiempo de lectura\" \/>\n\t<meta name=\"twitter:data2\" content=\"4 minutos\" \/>\n<script type=\"application\/ld+json\" class=\"yoast-schema-graph\">{\"@context\":\"https:\\\/\\\/schema.org\",\"@graph\":[{\"@type\":\"Article\",\"@id\":\"https:\\\/\\\/luxonomy.net\\\/es\\\/lexus-y-silbon-se-unen-en-una-coleccion-exclusiva\\\/#article\",\"isPartOf\":{\"@id\":\"https:\\\/\\\/luxonomy.net\\\/es\\\/lexus-y-silbon-se-unen-en-una-coleccion-exclusiva\\\/\"},\"author\":{\"name\":\"LUXONOMY\",\"@id\":\"https:\\\/\\\/luxonomy.net\\\/es\\\/#\\\/schema\\\/person\\\/c5b6009a752bcc03b6b0a35b41e0ce40\"},\"headline\":\"Lexus y Silbon se unen en una Colecci\u00f3n Exclusiva\",\"datePublished\":\"2024-09-20T14:29:10+00:00\",\"dateModified\":\"2024-09-20T14:29:20+00:00\",\"mainEntityOfPage\":{\"@id\":\"https:\\\/\\\/luxonomy.net\\\/es\\\/lexus-y-silbon-se-unen-en-una-coleccion-exclusiva\\\/\"},\"wordCount\":716,\"commentCount\":0,\"publisher\":{\"@id\":\"https:\\\/\\\/luxonomy.net\\\/es\\\/#organization\"},\"image\":{\"@id\":\"https:\\\/\\\/luxonomy.net\\\/es\\\/lexus-y-silbon-se-unen-en-una-coleccion-exclusiva\\\/#primaryimage\"},\"thumbnailUrl\":\"https:\\\/\\\/i0.wp.com\\\/luxonomy.net\\\/wp-content\\\/uploads\\\/2024\\\/09\\\/generated-image-44.jpg?fit=1200%2C630&ssl=1\",\"keywords\":[\"Moda\",\"motor\",\"silbon\"],\"articleSection\":[\"Motor\"],\"inLanguage\":\"es\",\"potentialAction\":[{\"@type\":\"CommentAction\",\"name\":\"Comment\",\"target\":[\"https:\\\/\\\/luxonomy.net\\\/es\\\/lexus-y-silbon-se-unen-en-una-coleccion-exclusiva\\\/#respond\"]}]},{\"@type\":\"WebPage\",\"@id\":\"https:\\\/\\\/luxonomy.net\\\/es\\\/lexus-y-silbon-se-unen-en-una-coleccion-exclusiva\\\/\",\"url\":\"https:\\\/\\\/luxonomy.net\\\/es\\\/lexus-y-silbon-se-unen-en-una-coleccion-exclusiva\\\/\",\"name\":\"Lexus y Silbon se unen en una Colecci\u00f3n Exclusiva | LUXONOMY\",\"isPartOf\":{\"@id\":\"https:\\\/\\\/luxonomy.net\\\/es\\\/#website\"},\"primaryImageOfPage\":{\"@id\":\"https:\\\/\\\/luxonomy.net\\\/es\\\/lexus-y-silbon-se-unen-en-una-coleccion-exclusiva\\\/#primaryimage\"},\"image\":{\"@id\":\"https:\\\/\\\/luxonomy.net\\\/es\\\/lexus-y-silbon-se-unen-en-una-coleccion-exclusiva\\\/#primaryimage\"},\"thumbnailUrl\":\"https:\\\/\\\/i0.wp.com\\\/luxonomy.net\\\/wp-content\\\/uploads\\\/2024\\\/09\\\/generated-image-44.jpg?fit=1200%2C630&ssl=1\",\"datePublished\":\"2024-09-20T14:29:10+00:00\",\"dateModified\":\"2024-09-20T14:29:20+00:00\",\"breadcrumb\":{\"@id\":\"https:\\\/\\\/luxonomy.net\\\/es\\\/lexus-y-silbon-se-unen-en-una-coleccion-exclusiva\\\/#breadcrumb\"},\"inLanguage\":\"es\",\"potentialAction\":[{\"@type\":\"ReadAction\",\"target\":[\"https:\\\/\\\/luxonomy.net\\\/es\\\/lexus-y-silbon-se-unen-en-una-coleccion-exclusiva\\\/\"]}]},{\"@type\":\"ImageObject\",\"inLanguage\":\"es\",\"@id\":\"https:\\\/\\\/luxonomy.net\\\/es\\\/lexus-y-silbon-se-unen-en-una-coleccion-exclusiva\\\/#primaryimage\",\"url\":\"https:\\\/\\\/i0.wp.com\\\/luxonomy.net\\\/wp-content\\\/uploads\\\/2024\\\/09\\\/generated-image-44.jpg?fit=1200%2C630&ssl=1\",\"contentUrl\":\"https:\\\/\\\/i0.wp.com\\\/luxonomy.net\\\/wp-content\\\/uploads\\\/2024\\\/09\\\/generated-image-44.jpg?fit=1200%2C630&ssl=1\",\"width\":1200,\"height\":630},{\"@type\":\"BreadcrumbList\",\"@id\":\"https:\\\/\\\/luxonomy.net\\\/es\\\/lexus-y-silbon-se-unen-en-una-coleccion-exclusiva\\\/#breadcrumb\",\"itemListElement\":[{\"@type\":\"ListItem\",\"position\":1,\"name\":\"Portada\",\"item\":\"https:\\\/\\\/luxonomy.net\\\/es\\\/\"},{\"@type\":\"ListItem\",\"position\":2,\"name\":\"Lexus y Silbon se unen en una Colecci\u00f3n Exclusiva\"}]},{\"@type\":\"WebSite\",\"@id\":\"https:\\\/\\\/luxonomy.net\\\/es\\\/#website\",\"url\":\"https:\\\/\\\/luxonomy.net\\\/es\\\/\",\"name\":\"LUXONOMY\",\"description\":\"The Economy of Fashion &amp; Luxury\",\"publisher\":{\"@id\":\"https:\\\/\\\/luxonomy.net\\\/es\\\/#organization\"},\"potentialAction\":[{\"@type\":\"SearchAction\",\"target\":{\"@type\":\"EntryPoint\",\"urlTemplate\":\"https:\\\/\\\/luxonomy.net\\\/es\\\/?s={search_term_string}\"},\"query-input\":{\"@type\":\"PropertyValueSpecification\",\"valueRequired\":true,\"valueName\":\"search_term_string\"}}],\"inLanguage\":\"es\"},{\"@type\":\"Organization\",\"@id\":\"https:\\\/\\\/luxonomy.net\\\/es\\\/#organization\",\"name\":\"LUXONOMY\",\"url\":\"https:\\\/\\\/luxonomy.net\\\/es\\\/\",\"logo\":{\"@type\":\"ImageObject\",\"inLanguage\":\"es\",\"@id\":\"https:\\\/\\\/luxonomy.net\\\/es\\\/#\\\/schema\\\/logo\\\/image\\\/\",\"url\":\"https:\\\/\\\/i2.wp.com\\\/luxonomy.net\\\/wp-content\\\/uploads\\\/2021\\\/09\\\/MOCKUP-TODOS-LUXONOMY.jpg?fit=1000%2C515&ssl=1\",\"contentUrl\":\"https:\\\/\\\/i2.wp.com\\\/luxonomy.net\\\/wp-content\\\/uploads\\\/2021\\\/09\\\/MOCKUP-TODOS-LUXONOMY.jpg?fit=1000%2C515&ssl=1\",\"width\":1000,\"height\":515,\"caption\":\"LUXONOMY\"},\"image\":{\"@id\":\"https:\\\/\\\/luxonomy.net\\\/es\\\/#\\\/schema\\\/logo\\\/image\\\/\"},\"sameAs\":[\"https:\\\/\\\/www.facebook.com\\\/luxonomy\",\"https:\\\/\\\/www.instagram.com\\\/luxonomy\\\/\",\"https:\\\/\\\/www.linkedin.com\\\/company\\\/luxonomy\\\/\"]},{\"@type\":\"Person\",\"@id\":\"https:\\\/\\\/luxonomy.net\\\/es\\\/#\\\/schema\\\/person\\\/c5b6009a752bcc03b6b0a35b41e0ce40\",\"name\":\"LUXONOMY\",\"image\":{\"@type\":\"ImageObject\",\"inLanguage\":\"es\",\"@id\":\"https:\\\/\\\/luxonomy.net\\\/wp-content\\\/litespeed\\\/avatar\\\/a6436cdb14fdaf9c21808e63d0da2055.jpg?ver=1788366758\",\"url\":\"https:\\\/\\\/luxonomy.net\\\/wp-content\\\/litespeed\\\/avatar\\\/a6436cdb14fdaf9c21808e63d0da2055.jpg?ver=1788366758\",\"contentUrl\":\"https:\\\/\\\/luxonomy.net\\\/wp-content\\\/litespeed\\\/avatar\\\/a6436cdb14fdaf9c21808e63d0da2055.jpg?ver=1788366758\",\"caption\":\"LUXONOMY\"},\"sameAs\":[\"https:\\\/\"],\"url\":\"https:\\\/\\\/luxonomy.net\\\/es\\\/author\\\/luxonomy\\\/\"}]}<\/script>\n<!-- \/ Yoast SEO plugin. -->","yoast_head_json":{"title":"Lexus y Silbon se unen en una Colecci\u00f3n Exclusiva | LUXONOMY","robots":{"index":"index","follow":"follow","max-snippet":"max-snippet:-1","max-image-preview":"max-image-preview:large","max-video-preview":"max-video-preview:-1"},"canonical":"https:\/\/luxonomy.net\/es\/lexus-y-silbon-se-unen-en-una-coleccion-exclusiva\/","og_locale":"es_ES","og_type":"article","og_title":"Lexus y Silbon se unen en una Colecci\u00f3n Exclusiva | LUXONOMY","og_description":"La colaboraci\u00f3n de Lexus con la firma de moda cordobesa Silbon nace de la uni\u00f3n de dos marcas que comparten un ADN similar y mucha sinton\u00eda entre ambas. La colecci\u00f3n Lexus x Silbon incluye bolsa de viaje, mochila y neceser. Est\u00e1 disponible en azul y beige. Las mochilas cuentan asimismo con una divertida versi\u00f3n en turquesa y rosa. El porfolio de Lexus x Silbon se puede adquirir a trav\u00e9s de la Boutique de Lexus.","og_url":"https:\/\/luxonomy.net\/es\/lexus-y-silbon-se-unen-en-una-coleccion-exclusiva\/","og_site_name":"LUXONOMY","article_publisher":"https:\/\/www.facebook.com\/luxonomy","article_published_time":"2024-09-20T14:29:10+00:00","article_modified_time":"2024-09-20T14:29:20+00:00","og_image":[{"width":1200,"height":630,"url":"https:\/\/i0.wp.com\/luxonomy.net\/wp-content\/uploads\/2024\/09\/generated-image-44.jpg?fit=1200%2C630&quality=89&ssl=1","type":"image\/jpeg"}],"author":"LUXONOMY","twitter_card":"summary_large_image","twitter_misc":{"Escrito por":"LUXONOMY","Tiempo de lectura":"4 minutos"},"schema":{"@context":"https:\/\/schema.org","@graph":[{"@type":"Article","@id":"https:\/\/luxonomy.net\/es\/lexus-y-silbon-se-unen-en-una-coleccion-exclusiva\/#article","isPartOf":{"@id":"https:\/\/luxonomy.net\/es\/lexus-y-silbon-se-unen-en-una-coleccion-exclusiva\/"},"author":{"name":"LUXONOMY","@id":"https:\/\/luxonomy.net\/es\/#\/schema\/person\/c5b6009a752bcc03b6b0a35b41e0ce40"},"headline":"Lexus y Silbon se unen en una Colecci\u00f3n Exclusiva","datePublished":"2024-09-20T14:29:10+00:00","dateModified":"2024-09-20T14:29:20+00:00","mainEntityOfPage":{"@id":"https:\/\/luxonomy.net\/es\/lexus-y-silbon-se-unen-en-una-coleccion-exclusiva\/"},"wordCount":716,"commentCount":0,"publisher":{"@id":"https:\/\/luxonomy.net\/es\/#organization"},"image":{"@id":"https:\/\/luxonomy.net\/es\/lexus-y-silbon-se-unen-en-una-coleccion-exclusiva\/#primaryimage"},"thumbnailUrl":"https:\/\/i0.wp.com\/luxonomy.net\/wp-content\/uploads\/2024\/09\/generated-image-44.jpg?fit=1200%2C630&ssl=1","keywords":["Moda","motor","silbon"],"articleSection":["Motor"],"inLanguage":"es","potentialAction":[{"@type":"CommentAction","name":"Comment","target":["https:\/\/luxonomy.net\/es\/lexus-y-silbon-se-unen-en-una-coleccion-exclusiva\/#respond"]}]},{"@type":"WebPage","@id":"https:\/\/luxonomy.net\/es\/lexus-y-silbon-se-unen-en-una-coleccion-exclusiva\/","url":"https:\/\/luxonomy.net\/es\/lexus-y-silbon-se-unen-en-una-coleccion-exclusiva\/","name":"Lexus y Silbon se unen en una Colecci\u00f3n Exclusiva | LUXONOMY","isPartOf":{"@id":"https:\/\/luxonomy.net\/es\/#website"},"primaryImageOfPage":{"@id":"https:\/\/luxonomy.net\/es\/lexus-y-silbon-se-unen-en-una-coleccion-exclusiva\/#primaryimage"},"image":{"@id":"https:\/\/luxonomy.net\/es\/lexus-y-silbon-se-unen-en-una-coleccion-exclusiva\/#primaryimage"},"thumbnailUrl":"https:\/\/i0.wp.com\/luxonomy.net\/wp-content\/uploads\/2024\/09\/generated-image-44.jpg?fit=1200%2C630&ssl=1","datePublished":"2024-09-20T14:29:10+00:00","dateModified":"2024-09-20T14:29:20+00:00","breadcrumb":{"@id":"https:\/\/luxonomy.net\/es\/lexus-y-silbon-se-unen-en-una-coleccion-exclusiva\/#breadcrumb"},"inLanguage":"es","potentialAction":[{"@type":"ReadAction","target":["https:\/\/luxonomy.net\/es\/lexus-y-silbon-se-unen-en-una-coleccion-exclusiva\/"]}]},{"@type":"ImageObject","inLanguage":"es","@id":"https:\/\/luxonomy.net\/es\/lexus-y-silbon-se-unen-en-una-coleccion-exclusiva\/#primaryimage","url":"https:\/\/i0.wp.com\/luxonomy.net\/wp-content\/uploads\/2024\/09\/generated-image-44.jpg?fit=1200%2C630&ssl=1","contentUrl":"https:\/\/i0.wp.com\/luxonomy.net\/wp-content\/uploads\/2024\/09\/generated-image-44.jpg?fit=1200%2C630&ssl=1","width":1200,"height":630},{"@type":"BreadcrumbList","@id":"https:\/\/luxonomy.net\/es\/lexus-y-silbon-se-unen-en-una-coleccion-exclusiva\/#breadcrumb","itemListElement":[{"@type":"ListItem","position":1,"name":"Portada","item":"https:\/\/luxonomy.net\/es\/"},{"@type":"ListItem","position":2,"name":"Lexus y Silbon se unen en una Colecci\u00f3n Exclusiva"}]},{"@type":"WebSite","@id":"https:\/\/luxonomy.net\/es\/#website","url":"https:\/\/luxonomy.net\/es\/","name":"LUXONOMY","description":"The Economy of Fashion &amp; Luxury","publisher":{"@id":"https:\/\/luxonomy.net\/es\/#organization"},"potentialAction":[{"@type":"SearchAction","target":{"@type":"EntryPoint","urlTemplate":"https:\/\/luxonomy.net\/es\/?s={search_term_string}"},"query-input":{"@type":"PropertyValueSpecification","valueRequired":true,"valueName":"search_term_string"}}],"inLanguage":"es"},{"@type":"Organization","@id":"https:\/\/luxonomy.net\/es\/#organization","name":"LUXONOMY","url":"https:\/\/luxonomy.net\/es\/","logo":{"@type":"ImageObject","inLanguage":"es","@id":"https:\/\/luxonomy.net\/es\/#\/schema\/logo\/image\/","url":"https:\/\/i2.wp.com\/luxonomy.net\/wp-content\/uploads\/2021\/09\/MOCKUP-TODOS-LUXONOMY.jpg?fit=1000%2C515&ssl=1","contentUrl":"https:\/\/i2.wp.com\/luxonomy.net\/wp-content\/uploads\/2021\/09\/MOCKUP-TODOS-LUXONOMY.jpg?fit=1000%2C515&ssl=1","width":1000,"height":515,"caption":"LUXONOMY"},"image":{"@id":"https:\/\/luxonomy.net\/es\/#\/schema\/logo\/image\/"},"sameAs":["https:\/\/www.facebook.com\/luxonomy","https:\/\/www.instagram.com\/luxonomy\/","https:\/\/www.linkedin.com\/company\/luxonomy\/"]},{"@type":"Person","@id":"https:\/\/luxonomy.net\/es\/#\/schema\/person\/c5b6009a752bcc03b6b0a35b41e0ce40","name":"LUXONOMY","image":{"@type":"ImageObject","inLanguage":"es","@id":"https:\/\/luxonomy.net\/wp-content\/litespeed\/avatar\/a6436cdb14fdaf9c21808e63d0da2055.jpg?ver=1788366758","url":"https:\/\/luxonomy.net\/wp-content\/litespeed\/avatar\/a6436cdb14fdaf9c21808e63d0da2055.jpg?ver=1788366758","contentUrl":"https:\/\/luxonomy.net\/wp-content\/litespeed\/avatar\/a6436cdb14fdaf9c21808e63d0da2055.jpg?ver=1788366758","caption":"LUXONOMY"},"sameAs":["https:\/"],"url":"https:\/\/luxonomy.net\/es\/author\/luxonomy\/"}]}},"jetpack_publicize_connections":[],"jetpack_shortlink":"https:\/\/wp.me\/paPhBa-fEb","jetpack_sharing_enabled":true,"jetpack_featured_media_url":"https:\/\/i0.wp.com\/luxonomy.net\/wp-content\/uploads\/2024\/09\/generated-image-44.jpg?fit=1200%2C630&ssl=1","_links":{"self":[{"href":"https:\/\/luxonomy.net\/es\/wp-json\/wp\/v2\/posts\/60151","targetHints":{"allow":["GET"]}}],"collection":[{"href":"https:\/\/luxonomy.net\/es\/wp-json\/wp\/v2\/posts"}],"about":[{"href":"https:\/\/luxonomy.net\/es\/wp-json\/wp\/v2\/types\/post"}],"author":[{"embeddable":true,"href":"https:\/\/luxonomy.net\/es\/wp-json\/wp\/v2\/users\/1"}],"replies":[{"embeddable":true,"href":"https:\/\/luxonomy.net\/es\/wp-json\/wp\/v2\/comments?post=60151"}],"version-history":[{"count":4,"href":"https:\/\/luxonomy.net\/es\/wp-json\/wp\/v2\/posts\/60151\/revisions"}],"predecessor-version":[{"id":60159,"href":"https:\/\/luxonomy.net\/es\/wp-json\/wp\/v2\/posts\/60151\/revisions\/60159"}],"wp:featuredmedia":[{"embeddable":true,"href":"https:\/\/luxonomy.net\/es\/wp-json\/wp\/v2\/media\/60156"}],"wp:attachment":[{"href":"https:\/\/luxonomy.net\/es\/wp-json\/wp\/v2\/media?parent=60151"}],"wp:term":[{"taxonomy":"category","embeddable":true,"href":"https:\/\/luxonomy.net\/es\/wp-json\/wp\/v2\/categories?post=60151"},{"taxonomy":"post_tag","embeddable":true,"href":"https:\/\/luxonomy.net\/es\/wp-json\/wp\/v2\/tags?post=60151"},{"taxonomy":"thb-sponsors","embeddable":true,"href":"https:\/\/luxonomy.net\/es\/wp-json\/wp\/v2\/thb-sponsors?post=60151"}],"curies":[{"name":"wp","href":"https:\/\/api.w.org\/{rel}","templated":true}]}}