{"id":60119,"date":"2024-09-20T15:14:43","date_gmt":"2024-09-20T13:14:43","guid":{"rendered":"https:\/?p=60119"},"modified":"2025-05-05T21:21:29","modified_gmt":"2025-05-05T19:21:29","slug":"informe-luxonomy-claves-que-definiran-el-sector-del-lujo-entre-2025-y-2030","status":"publish","type":"post","link":"https:\/\/luxonomy.net\/es\/informe-luxonomy-claves-que-definiran-el-sector-del-lujo-entre-2025-y-2030\/","title":{"rendered":"Informe LUXONOMY: Claves que Definir\u00e1n el Sector del Lujo entre 2025 y 2030"},"content":{"rendered":"\n<h4><strong>CONTENIDOS DE ESTE INFORME<\/strong><\/h4>\n<ol>\n<li>Introducci\u00f3n<\/li>\n<li>El Nuevo Consumidor del Lujo: Generaci\u00f3n Z y Millennials\n<ul>\n<li>2.1. La Convergencia de Generaciones<\/li>\n<li>2.2. Individualismo y Personalizaci\u00f3n<\/li>\n<li>2.3. Impacto del Cambio Generacional en el Mercado del Lujo<\/li>\n<\/ul>\n<\/li>\n<li>Sostenibilidad y Responsabilidad Social\n<ul>\n<li>3.1. La Sostenibilidad como Pilar Central<\/li>\n<li>3.2. Responsabilidad Social Corporativa (RSC)<\/li>\n<li>3.3. Econom\u00eda Circular: Nuevos Modelos de Negocio<\/li>\n<li>3.4. Impacto Econ\u00f3mico de la Sostenibilidad en el Sector<\/li>\n<\/ul>\n<\/li>\n<li>Lujo Digitalizado y Experiencias Virtuales\n<ul>\n<li>4.1. Tecnolog\u00eda Blockchain y Seguridad<\/li>\n<li>4.2. Inteligencia Artificial y Realidad Aumentada en el Retail de Lujo<\/li>\n<li>4.3. Datos y Cifras sobre el Crecimiento del Mercado Digital<\/li>\n<li>4.4. Innovaciones Tecnol\u00f3gicas Emergentes<\/li>\n<\/ul>\n<\/li>\n<li>Expansi\u00f3n del Lujo en Asia\n<ul>\n<li>5.1. China como L\u00edder de Consumo<\/li>\n<li>5.2. Estrategias de Localizaci\u00f3n<\/li>\n<li>5.3. Nuevos Mercados Emergentes: India y Sudeste Asi\u00e1tico<\/li>\n<li>5.4. Perspectivas Econ\u00f3micas y Cifras del Crecimiento Regional<\/li>\n<\/ul>\n<\/li>\n<li>Evoluci\u00f3n del Retail del Lujo\n<ul>\n<li>6.1. Hiperpersonalizaci\u00f3n en la Experiencia de Compra<\/li>\n<li>6.2. Fusi\u00f3n del Online y el Offline<\/li>\n<li>6.3. Datos Econ\u00f3micos sobre el Impacto del Comercio Electr\u00f3nico<\/li>\n<li>6.4. Innovaciones en el Retail F\u00edsico<\/li>\n<\/ul>\n<\/li>\n<li>Lujo Saludable: Bienestar y Cuidado Personal\n<ul>\n<li>7.1. El Auge del &#8220;Wellness&#8221;<\/li>\n<li>7.2. Nutrici\u00f3n de Lujo y Biohacking<\/li>\n<li>7.3. Inversi\u00f3n y Perspectivas de Crecimiento en el Sector de Bienestar<\/li>\n<li>7.4. Integraci\u00f3n de la Salud Mental en el Lujo<\/li>\n<\/ul>\n<\/li>\n<li>Exclusividad Redefinida: De la Riqueza Material a la Escasez Temporal\n<ul>\n<li>8.1. Acceso Limitado a Eventos Exclusivos<\/li>\n<li>8.2. Productos de Lujo en Series Limitadas<\/li>\n<li>8.3. Colaboraciones Art\u00edsticas y de Dise\u00f1o<\/li>\n<li>8.4. Estrategias de Escasez Temporal<\/li>\n<\/ul>\n<\/li>\n<li>Lujo Experiencial\n<ul>\n<li>9.1. Viajes Exclusivos y Turismo de Lujo<\/li>\n<li>9.2. Hoteles de Ultra-lujo<\/li>\n<li>9.3. Experiencias Art\u00edsticas y Culturales Exclusivas<\/li>\n<li>9.4. Gastronom\u00eda de Lujo<\/li>\n<\/ul>\n<\/li>\n<li>Inversi\u00f3n y Crecimiento del Sector del Lujo: Datos Econ\u00f3micos\n<ul>\n<li>10.1. Crecimiento Global del Mercado del Lujo<\/li>\n<li>10.2. Proyecciones Econ\u00f3micas 2025-2030<\/li>\n<li>10.3. Inversi\u00f3n en Innovaci\u00f3n y Tecnolog\u00eda<\/li>\n<li>10.4. An\u00e1lisis de Rentabilidad por Segmento<\/li>\n<\/ul>\n<\/li>\n<li>Conclusi\u00f3n<\/li>\n<\/ol>\n\n\n\n<hr class=\"wp-block-separator has-alpha-channel-opacity is-style-wide\"\/>\n\n\n\n<h3 class=\"wp-block-heading\">1. <strong>Introducci\u00f3n<\/strong><\/h3>\n\n\n\n\n<div class=\"wp-block-columns jetpack-paywall-simple is-layout-flex wp-container-core-columns-is-layout-8f761849 wp-block-columns-is-layout-flex\" style=\"display: inline-block; width: 90%\">\n    \n    <div class=\"wp-block-column is-layout-flow wp-block-column-is-layout-flow\" style=\"background-color: #F6F7F7; padding: 32px; 24px;\">\n        \n        <h2 class=\"has-text-align-center wp-block-heading\" style=\"margin: 0 0 12px; font-weight: 600;\">Suscr\u00edbete para seguir leyendo<\/h2>\n        \n        \n        <p class=\"has-text-align-center wp-block-paragraph\"\n           style=\"text-align: center;\n                  color: #50575E;\n                  font-weight: 400;\n                  font-size: 16px;\n                  font-family: 'SF Pro Text', sans-serif;\n                  line-height: 28.8px;\">\n        Convi\u00e9rtete en un suscriptor de pago para obtener acceso al contenido \u00edntegro de esta entrada y dem\u00e1s contenido exclusivo.\n        <\/p>\n        \n        \n        <div class=\"wp-block-buttons is-layout-flex wp-block-buttons-is-layout-flex\" style=\"text-align: center;\">\n            \n            <div class=\"wp-block-button\" style=\"display: inline-block; margin: 10px 0; border-style: none; padding: 0;\">\n                <a href=\"https:\/\/luxonomy.net\/es\/?post_type=post&#038;p=60119\" class=\"wp-block-button__link wp-element-button\"\n                   data-wpcom-track data-tracks-link-desc=\"paywall-email-click\"\n                   style=\"display: inline-block;\n                          padding: 12px 15px;\n                          background-color: #3858e9;\n                          color: #FFFFFF;\n                          text-decoration: none;\n                          border-radius: 5px;\n                          font-family: 'SF Pro Display', sans-serif;\n                          font-weight: 500;\n                          font-size: 16px;\n                          text-align: center;\">Suscribirse<\/a>\n            <\/div>\n            \n        <\/div>\n        \n    <\/div>\n    \n<\/div>\n\n","protected":false},"excerpt":{"rendered":"<p>El sector del lujo, valorado en aproximadamente 320 mil millones de euros en el a\u00f1o 2021, est\u00e1 experimentando una transformaci\u00f3n profunda que lo posiciona para alcanzar un valor estimado de 600 mil millones de euros para 2030, casi el doble en solo una d\u00e9cada. Este crecimiento se ver\u00e1 impulsado por una combinaci\u00f3n de factores como la digitalizaci\u00f3n, el cambio demogr\u00e1fico, la sostenibilidad y la evoluci\u00f3n de las expectativas de los consumidores.<\/p>\n<p>Este informe analiza en profundidad las claves que definir\u00e1n el sector del lujo entre 2025 y 2030, proporcionando un an\u00e1lisis detallado de tendencias emergentes, datos econ\u00f3micos y proyecciones de crecimiento en diversas \u00e1reas geogr\u00e1ficas y segmentos de mercado.<\/p>\n","protected":false},"author":19,"featured_media":60140,"comment_status":"open","ping_status":"open","sticky":false,"template":"","format":"standard","meta":{"_jetpack_newsletter_access":"paid_subscribers","_jetpack_dont_email_post_to_subs":false,"_jetpack_newsletter_tier_id":60655,"_jetpack_memberships_contains_paywalled_content":true,"_jetpack_feature_clip_id":0,"_jetpack_memberships_contains_paid_content":false,"footnotes":"","jetpack_publicize_message":"Este informe analiza en profundidad las claves que definir\u00e1n el sector del lujo entre 2025 y 2030, proporcionando un an\u00e1lisis detallado de tendencias emergentes, datos econ\u00f3micos y proyecciones de crecimiento en diversas \u00e1reas geogr\u00e1ficas y segmentos.","jetpack_publicize_feature_enabled":true,"jetpack_social_post_already_shared":true,"jetpack_social_options":{"image_generator_settings":{"template":"edge","enabled":false,"token":"eyJpbWciOiJodHRwczpcL1wvbHV4b25vbXkubmV0XC93cC1jb250ZW50XC91cGxvYWRzXC8yMDI0XC8wOVwvQ29waWEtZGUtU2luLXRpdHVsby04MDAteC02MDAtcHgtNC5qcGciLCJ0eHQiOiJJbmZvcm1lIExVWE9OT01ZOiBDbGF2ZXMgcXVlIERlZmluaXJcdTAwZTFuIGVsIFNlY3RvciBkZWwgTHVqbyBlbnRyZSAyMDI1IHkgMjAzMCIsInRlbXBsYXRlIjoiZWRnZSIsImJsb2dfaWQiOjE1OTk4NTc0MH0.gVl5DwmgH4RpaUBmWH5wmMyvRXA-Tdo41dmJrYUKQh0MQ"},"version":2,"attached_media":[{"id":60140,"url":"http:\/\/luxonomy.net\/wp-content\/uploads\/2024\/09\/generated-image-43.jpg","type":"image\/jpeg"}]},"jetpack_post_was_ever_published":false},"categories":[815],"tags":[1127,773],"thb-sponsors":[],"class_list":["post-60119","post","type-post","status-publish","format-standard","has-post-thumbnail","hentry","category-privado","tag-contenido-privado","tag-informes"],"yoast_head":"<!-- This site is optimized with the Yoast SEO plugin v28.4 - https:\/\/yoast.com\/product\/yoast-seo-wordpress\/ -->\n<title>Informe LUXONOMY: Claves que Definir\u00e1n el Sector del Lujo entre 2025 y 2030 | LUXONOMY<\/title>\n<meta name=\"robots\" content=\"index, follow, max-snippet:-1, max-image-preview:large, max-video-preview:-1\" \/>\n<link rel=\"canonical\" href=\"https:\/\/luxonomy.net\/es\/informe-luxonomy-claves-que-definiran-el-sector-del-lujo-entre-2025-y-2030\/\" \/>\n<meta property=\"og:locale\" content=\"es_ES\" \/>\n<meta property=\"og:type\" content=\"article\" \/>\n<meta property=\"og:title\" content=\"Informe LUXONOMY: Claves que Definir\u00e1n el Sector del Lujo entre 2025 y 2030 | LUXONOMY\" \/>\n<meta property=\"og:description\" content=\"El sector del lujo, valorado en aproximadamente 320 mil millones de euros en el a\u00f1o 2021, est\u00e1 experimentando una transformaci\u00f3n profunda que lo posiciona para alcanzar un valor estimado de 600 mil millones de euros para 2030, casi el doble en solo una d\u00e9cada. Este crecimiento se ver\u00e1 impulsado por una combinaci\u00f3n de factores como la digitalizaci\u00f3n, el cambio demogr\u00e1fico, la sostenibilidad y la evoluci\u00f3n de las expectativas de los consumidores. Este informe analiza en profundidad las claves que definir\u00e1n el sector del lujo entre 2025 y 2030, proporcionando un an\u00e1lisis detallado de tendencias emergentes, datos econ\u00f3micos y proyecciones de crecimiento en diversas \u00e1reas geogr\u00e1ficas y segmentos de mercado.\" \/>\n<meta property=\"og:url\" content=\"https:\/\/luxonomy.net\/es\/informe-luxonomy-claves-que-definiran-el-sector-del-lujo-entre-2025-y-2030\/\" \/>\n<meta property=\"og:site_name\" content=\"LUXONOMY\" \/>\n<meta property=\"article:publisher\" content=\"https:\/\/www.facebook.com\/luxonomy\" \/>\n<meta property=\"article:published_time\" content=\"2024-09-20T13:14:43+00:00\" \/>\n<meta property=\"article:modified_time\" content=\"2025-05-05T19:21:29+00:00\" \/>\n<meta property=\"og:image\" content=\"https:\/\/i0.wp.com\/luxonomy.net\/wp-content\/uploads\/2024\/09\/generated-image-43.jpg?fit=1200%2C630&quality=89&ssl=1\" \/>\n\t<meta property=\"og:image:width\" content=\"1200\" \/>\n\t<meta property=\"og:image:height\" content=\"630\" \/>\n\t<meta property=\"og:image:type\" content=\"image\/jpeg\" \/>\n<meta name=\"author\" content=\"Pablo Guti\u00e9rrez-Rav\u00e9 Villal\u00f3n\" \/>\n<meta name=\"twitter:card\" content=\"summary_large_image\" \/>\n<meta name=\"twitter:label1\" content=\"Escrito por\" \/>\n\t<meta name=\"twitter:data1\" content=\"Pablo Guti\u00e9rrez-Rav\u00e9 Villal\u00f3n\" \/>\n\t<meta name=\"twitter:label2\" content=\"Tiempo de lectura\" \/>\n\t<meta name=\"twitter:data2\" content=\"89 minutos\" \/>\n<script type=\"application\/ld+json\" class=\"yoast-schema-graph\">{\"@context\":\"https:\\\/\\\/schema.org\",\"@graph\":[{\"@type\":\"Article\",\"@id\":\"https:\\\/\\\/luxonomy.net\\\/es\\\/informe-luxonomy-claves-que-definiran-el-sector-del-lujo-entre-2025-y-2030\\\/#article\",\"isPartOf\":{\"@id\":\"https:\\\/\\\/luxonomy.net\\\/es\\\/informe-luxonomy-claves-que-definiran-el-sector-del-lujo-entre-2025-y-2030\\\/\"},\"author\":{\"name\":\"Pablo Guti\u00e9rrez-Rav\u00e9 Villal\u00f3n\",\"@id\":\"https:\\\/\\\/luxonomy.net\\\/es\\\/#\\\/schema\\\/person\\\/946f96026a12fb240997712bcc85943b\"},\"headline\":\"Informe LUXONOMY: Claves que Definir\u00e1n el Sector del Lujo entre 2025 y 2030\",\"datePublished\":\"2024-09-20T13:14:43+00:00\",\"dateModified\":\"2025-05-05T19:21:29+00:00\",\"mainEntityOfPage\":{\"@id\":\"https:\\\/\\\/luxonomy.net\\\/es\\\/informe-luxonomy-claves-que-definiran-el-sector-del-lujo-entre-2025-y-2030\\\/\"},\"wordCount\":19694,\"commentCount\":0,\"publisher\":{\"@id\":\"https:\\\/\\\/luxonomy.net\\\/es\\\/#organization\"},\"image\":{\"@id\":\"https:\\\/\\\/luxonomy.net\\\/es\\\/informe-luxonomy-claves-que-definiran-el-sector-del-lujo-entre-2025-y-2030\\\/#primaryimage\"},\"thumbnailUrl\":\"https:\\\/\\\/i0.wp.com\\\/luxonomy.net\\\/wp-content\\\/uploads\\\/2024\\\/09\\\/generated-image-43.jpg?fit=1200%2C630&ssl=1\",\"keywords\":[\"contenido privado\",\"Informes\"],\"articleSection\":[\"Privado\ud83d\udd12\"],\"inLanguage\":\"es\",\"potentialAction\":[{\"@type\":\"CommentAction\",\"name\":\"Comment\",\"target\":[\"https:\\\/\\\/luxonomy.net\\\/es\\\/informe-luxonomy-claves-que-definiran-el-sector-del-lujo-entre-2025-y-2030\\\/#respond\"]}]},{\"@type\":\"WebPage\",\"@id\":\"https:\\\/\\\/luxonomy.net\\\/es\\\/informe-luxonomy-claves-que-definiran-el-sector-del-lujo-entre-2025-y-2030\\\/\",\"url\":\"https:\\\/\\\/luxonomy.net\\\/es\\\/informe-luxonomy-claves-que-definiran-el-sector-del-lujo-entre-2025-y-2030\\\/\",\"name\":\"Informe LUXONOMY: Claves que Definir\u00e1n el Sector del Lujo entre 2025 y 2030 | LUXONOMY\",\"isPartOf\":{\"@id\":\"https:\\\/\\\/luxonomy.net\\\/es\\\/#website\"},\"primaryImageOfPage\":{\"@id\":\"https:\\\/\\\/luxonomy.net\\\/es\\\/informe-luxonomy-claves-que-definiran-el-sector-del-lujo-entre-2025-y-2030\\\/#primaryimage\"},\"image\":{\"@id\":\"https:\\\/\\\/luxonomy.net\\\/es\\\/informe-luxonomy-claves-que-definiran-el-sector-del-lujo-entre-2025-y-2030\\\/#primaryimage\"},\"thumbnailUrl\":\"https:\\\/\\\/i0.wp.com\\\/luxonomy.net\\\/wp-content\\\/uploads\\\/2024\\\/09\\\/generated-image-43.jpg?fit=1200%2C630&ssl=1\",\"datePublished\":\"2024-09-20T13:14:43+00:00\",\"dateModified\":\"2025-05-05T19:21:29+00:00\",\"breadcrumb\":{\"@id\":\"https:\\\/\\\/luxonomy.net\\\/es\\\/informe-luxonomy-claves-que-definiran-el-sector-del-lujo-entre-2025-y-2030\\\/#breadcrumb\"},\"inLanguage\":\"es\",\"potentialAction\":[{\"@type\":\"ReadAction\",\"target\":[\"https:\\\/\\\/luxonomy.net\\\/es\\\/informe-luxonomy-claves-que-definiran-el-sector-del-lujo-entre-2025-y-2030\\\/\"]}]},{\"@type\":\"ImageObject\",\"inLanguage\":\"es\",\"@id\":\"https:\\\/\\\/luxonomy.net\\\/es\\\/informe-luxonomy-claves-que-definiran-el-sector-del-lujo-entre-2025-y-2030\\\/#primaryimage\",\"url\":\"https:\\\/\\\/i0.wp.com\\\/luxonomy.net\\\/wp-content\\\/uploads\\\/2024\\\/09\\\/generated-image-43.jpg?fit=1200%2C630&ssl=1\",\"contentUrl\":\"https:\\\/\\\/i0.wp.com\\\/luxonomy.net\\\/wp-content\\\/uploads\\\/2024\\\/09\\\/generated-image-43.jpg?fit=1200%2C630&ssl=1\",\"width\":1200,\"height\":630},{\"@type\":\"BreadcrumbList\",\"@id\":\"https:\\\/\\\/luxonomy.net\\\/es\\\/informe-luxonomy-claves-que-definiran-el-sector-del-lujo-entre-2025-y-2030\\\/#breadcrumb\",\"itemListElement\":[{\"@type\":\"ListItem\",\"position\":1,\"name\":\"Portada\",\"item\":\"https:\\\/\\\/luxonomy.net\\\/es\\\/\"},{\"@type\":\"ListItem\",\"position\":2,\"name\":\"Informe LUXONOMY: Claves que Definir\u00e1n el Sector del Lujo entre 2025 y 2030\"}]},{\"@type\":\"WebSite\",\"@id\":\"https:\\\/\\\/luxonomy.net\\\/es\\\/#website\",\"url\":\"https:\\\/\\\/luxonomy.net\\\/es\\\/\",\"name\":\"LUXONOMY\",\"description\":\"The Economy of Fashion &amp; Luxury\",\"publisher\":{\"@id\":\"https:\\\/\\\/luxonomy.net\\\/es\\\/#organization\"},\"potentialAction\":[{\"@type\":\"SearchAction\",\"target\":{\"@type\":\"EntryPoint\",\"urlTemplate\":\"https:\\\/\\\/luxonomy.net\\\/es\\\/?s={search_term_string}\"},\"query-input\":{\"@type\":\"PropertyValueSpecification\",\"valueRequired\":true,\"valueName\":\"search_term_string\"}}],\"inLanguage\":\"es\"},{\"@type\":\"Organization\",\"@id\":\"https:\\\/\\\/luxonomy.net\\\/es\\\/#organization\",\"name\":\"LUXONOMY\",\"url\":\"https:\\\/\\\/luxonomy.net\\\/es\\\/\",\"logo\":{\"@type\":\"ImageObject\",\"inLanguage\":\"es\",\"@id\":\"https:\\\/\\\/luxonomy.net\\\/es\\\/#\\\/schema\\\/logo\\\/image\\\/\",\"url\":\"https:\\\/\\\/i2.wp.com\\\/luxonomy.net\\\/wp-content\\\/uploads\\\/2021\\\/09\\\/MOCKUP-TODOS-LUXONOMY.jpg?fit=1000%2C515&ssl=1\",\"contentUrl\":\"https:\\\/\\\/i2.wp.com\\\/luxonomy.net\\\/wp-content\\\/uploads\\\/2021\\\/09\\\/MOCKUP-TODOS-LUXONOMY.jpg?fit=1000%2C515&ssl=1\",\"width\":1000,\"height\":515,\"caption\":\"LUXONOMY\"},\"image\":{\"@id\":\"https:\\\/\\\/luxonomy.net\\\/es\\\/#\\\/schema\\\/logo\\\/image\\\/\"},\"sameAs\":[\"https:\\\/\\\/www.facebook.com\\\/luxonomy\",\"https:\\\/\\\/www.instagram.com\\\/luxonomy\\\/\",\"https:\\\/\\\/www.linkedin.com\\\/company\\\/luxonomy\\\/\"]},{\"@type\":\"Person\",\"@id\":\"https:\\\/\\\/luxonomy.net\\\/es\\\/#\\\/schema\\\/person\\\/946f96026a12fb240997712bcc85943b\",\"name\":\"Pablo Guti\u00e9rrez-Rav\u00e9 Villal\u00f3n\",\"image\":{\"@type\":\"ImageObject\",\"inLanguage\":\"es\",\"@id\":\"https:\\\/\\\/luxonomy.net\\\/wp-content\\\/litespeed\\\/avatar\\\/b80839bcd1d7840754b71e72cad801ce.jpg?ver=1788213692\",\"url\":\"https:\\\/\\\/luxonomy.net\\\/wp-content\\\/litespeed\\\/avatar\\\/b80839bcd1d7840754b71e72cad801ce.jpg?ver=1788213692\",\"contentUrl\":\"https:\\\/\\\/luxonomy.net\\\/wp-content\\\/litespeed\\\/avatar\\\/b80839bcd1d7840754b71e72cad801ce.jpg?ver=1788213692\",\"caption\":\"Pablo Guti\u00e9rrez-Rav\u00e9 Villal\u00f3n\"},\"description\":\"president LUXONOMY\u2122 Group\",\"sameAs\":[\"https:\\\/\\\/www.linkedin.com\\\/in\\\/pablogutierrezrave\\\/\"],\"url\":\"https:\\\/\\\/luxonomy.net\\\/es\\\/author\\\/pablo\\\/\"}]}<\/script>\n<!-- \/ Yoast SEO plugin. -->","yoast_head_json":{"title":"Informe LUXONOMY: Claves que Definir\u00e1n el Sector del Lujo entre 2025 y 2030 | LUXONOMY","robots":{"index":"index","follow":"follow","max-snippet":"max-snippet:-1","max-image-preview":"max-image-preview:large","max-video-preview":"max-video-preview:-1"},"canonical":"https:\/\/luxonomy.net\/es\/informe-luxonomy-claves-que-definiran-el-sector-del-lujo-entre-2025-y-2030\/","og_locale":"es_ES","og_type":"article","og_title":"Informe LUXONOMY: Claves que Definir\u00e1n el Sector del Lujo entre 2025 y 2030 | LUXONOMY","og_description":"El sector del lujo, valorado en aproximadamente 320 mil millones de euros en el a\u00f1o 2021, est\u00e1 experimentando una transformaci\u00f3n profunda que lo posiciona para alcanzar un valor estimado de 600 mil millones de euros para 2030, casi el doble en solo una d\u00e9cada. Este crecimiento se ver\u00e1 impulsado por una combinaci\u00f3n de factores como la digitalizaci\u00f3n, el cambio demogr\u00e1fico, la sostenibilidad y la evoluci\u00f3n de las expectativas de los consumidores. Este informe analiza en profundidad las claves que definir\u00e1n el sector del lujo entre 2025 y 2030, proporcionando un an\u00e1lisis detallado de tendencias emergentes, datos econ\u00f3micos y proyecciones de crecimiento en diversas \u00e1reas geogr\u00e1ficas y segmentos de mercado.","og_url":"https:\/\/luxonomy.net\/es\/informe-luxonomy-claves-que-definiran-el-sector-del-lujo-entre-2025-y-2030\/","og_site_name":"LUXONOMY","article_publisher":"https:\/\/www.facebook.com\/luxonomy","article_published_time":"2024-09-20T13:14:43+00:00","article_modified_time":"2025-05-05T19:21:29+00:00","og_image":[{"width":1200,"height":630,"url":"https:\/\/i0.wp.com\/luxonomy.net\/wp-content\/uploads\/2024\/09\/generated-image-43.jpg?fit=1200%2C630&quality=89&ssl=1","type":"image\/jpeg"}],"author":"Pablo Guti\u00e9rrez-Rav\u00e9 Villal\u00f3n","twitter_card":"summary_large_image","twitter_misc":{"Escrito por":"Pablo Guti\u00e9rrez-Rav\u00e9 Villal\u00f3n","Tiempo de lectura":"89 minutos"},"schema":{"@context":"https:\/\/schema.org","@graph":[{"@type":"Article","@id":"https:\/\/luxonomy.net\/es\/informe-luxonomy-claves-que-definiran-el-sector-del-lujo-entre-2025-y-2030\/#article","isPartOf":{"@id":"https:\/\/luxonomy.net\/es\/informe-luxonomy-claves-que-definiran-el-sector-del-lujo-entre-2025-y-2030\/"},"author":{"name":"Pablo Guti\u00e9rrez-Rav\u00e9 Villal\u00f3n","@id":"https:\/\/luxonomy.net\/es\/#\/schema\/person\/946f96026a12fb240997712bcc85943b"},"headline":"Informe LUXONOMY: Claves que Definir\u00e1n el Sector del Lujo entre 2025 y 2030","datePublished":"2024-09-20T13:14:43+00:00","dateModified":"2025-05-05T19:21:29+00:00","mainEntityOfPage":{"@id":"https:\/\/luxonomy.net\/es\/informe-luxonomy-claves-que-definiran-el-sector-del-lujo-entre-2025-y-2030\/"},"wordCount":19694,"commentCount":0,"publisher":{"@id":"https:\/\/luxonomy.net\/es\/#organization"},"image":{"@id":"https:\/\/luxonomy.net\/es\/informe-luxonomy-claves-que-definiran-el-sector-del-lujo-entre-2025-y-2030\/#primaryimage"},"thumbnailUrl":"https:\/\/i0.wp.com\/luxonomy.net\/wp-content\/uploads\/2024\/09\/generated-image-43.jpg?fit=1200%2C630&ssl=1","keywords":["contenido privado","Informes"],"articleSection":["Privado\ud83d\udd12"],"inLanguage":"es","potentialAction":[{"@type":"CommentAction","name":"Comment","target":["https:\/\/luxonomy.net\/es\/informe-luxonomy-claves-que-definiran-el-sector-del-lujo-entre-2025-y-2030\/#respond"]}]},{"@type":"WebPage","@id":"https:\/\/luxonomy.net\/es\/informe-luxonomy-claves-que-definiran-el-sector-del-lujo-entre-2025-y-2030\/","url":"https:\/\/luxonomy.net\/es\/informe-luxonomy-claves-que-definiran-el-sector-del-lujo-entre-2025-y-2030\/","name":"Informe LUXONOMY: Claves que Definir\u00e1n el Sector del Lujo entre 2025 y 2030 | LUXONOMY","isPartOf":{"@id":"https:\/\/luxonomy.net\/es\/#website"},"primaryImageOfPage":{"@id":"https:\/\/luxonomy.net\/es\/informe-luxonomy-claves-que-definiran-el-sector-del-lujo-entre-2025-y-2030\/#primaryimage"},"image":{"@id":"https:\/\/luxonomy.net\/es\/informe-luxonomy-claves-que-definiran-el-sector-del-lujo-entre-2025-y-2030\/#primaryimage"},"thumbnailUrl":"https:\/\/i0.wp.com\/luxonomy.net\/wp-content\/uploads\/2024\/09\/generated-image-43.jpg?fit=1200%2C630&ssl=1","datePublished":"2024-09-20T13:14:43+00:00","dateModified":"2025-05-05T19:21:29+00:00","breadcrumb":{"@id":"https:\/\/luxonomy.net\/es\/informe-luxonomy-claves-que-definiran-el-sector-del-lujo-entre-2025-y-2030\/#breadcrumb"},"inLanguage":"es","potentialAction":[{"@type":"ReadAction","target":["https:\/\/luxonomy.net\/es\/informe-luxonomy-claves-que-definiran-el-sector-del-lujo-entre-2025-y-2030\/"]}]},{"@type":"ImageObject","inLanguage":"es","@id":"https:\/\/luxonomy.net\/es\/informe-luxonomy-claves-que-definiran-el-sector-del-lujo-entre-2025-y-2030\/#primaryimage","url":"https:\/\/i0.wp.com\/luxonomy.net\/wp-content\/uploads\/2024\/09\/generated-image-43.jpg?fit=1200%2C630&ssl=1","contentUrl":"https:\/\/i0.wp.com\/luxonomy.net\/wp-content\/uploads\/2024\/09\/generated-image-43.jpg?fit=1200%2C630&ssl=1","width":1200,"height":630},{"@type":"BreadcrumbList","@id":"https:\/\/luxonomy.net\/es\/informe-luxonomy-claves-que-definiran-el-sector-del-lujo-entre-2025-y-2030\/#breadcrumb","itemListElement":[{"@type":"ListItem","position":1,"name":"Portada","item":"https:\/\/luxonomy.net\/es\/"},{"@type":"ListItem","position":2,"name":"Informe LUXONOMY: Claves que Definir\u00e1n el Sector del Lujo entre 2025 y 2030"}]},{"@type":"WebSite","@id":"https:\/\/luxonomy.net\/es\/#website","url":"https:\/\/luxonomy.net\/es\/","name":"LUXONOMY","description":"The Economy of Fashion &amp; Luxury","publisher":{"@id":"https:\/\/luxonomy.net\/es\/#organization"},"potentialAction":[{"@type":"SearchAction","target":{"@type":"EntryPoint","urlTemplate":"https:\/\/luxonomy.net\/es\/?s={search_term_string}"},"query-input":{"@type":"PropertyValueSpecification","valueRequired":true,"valueName":"search_term_string"}}],"inLanguage":"es"},{"@type":"Organization","@id":"https:\/\/luxonomy.net\/es\/#organization","name":"LUXONOMY","url":"https:\/\/luxonomy.net\/es\/","logo":{"@type":"ImageObject","inLanguage":"es","@id":"https:\/\/luxonomy.net\/es\/#\/schema\/logo\/image\/","url":"https:\/\/i2.wp.com\/luxonomy.net\/wp-content\/uploads\/2021\/09\/MOCKUP-TODOS-LUXONOMY.jpg?fit=1000%2C515&ssl=1","contentUrl":"https:\/\/i2.wp.com\/luxonomy.net\/wp-content\/uploads\/2021\/09\/MOCKUP-TODOS-LUXONOMY.jpg?fit=1000%2C515&ssl=1","width":1000,"height":515,"caption":"LUXONOMY"},"image":{"@id":"https:\/\/luxonomy.net\/es\/#\/schema\/logo\/image\/"},"sameAs":["https:\/\/www.facebook.com\/luxonomy","https:\/\/www.instagram.com\/luxonomy\/","https:\/\/www.linkedin.com\/company\/luxonomy\/"]},{"@type":"Person","@id":"https:\/\/luxonomy.net\/es\/#\/schema\/person\/946f96026a12fb240997712bcc85943b","name":"Pablo Guti\u00e9rrez-Rav\u00e9 Villal\u00f3n","image":{"@type":"ImageObject","inLanguage":"es","@id":"https:\/\/luxonomy.net\/wp-content\/litespeed\/avatar\/b80839bcd1d7840754b71e72cad801ce.jpg?ver=1788213692","url":"https:\/\/luxonomy.net\/wp-content\/litespeed\/avatar\/b80839bcd1d7840754b71e72cad801ce.jpg?ver=1788213692","contentUrl":"https:\/\/luxonomy.net\/wp-content\/litespeed\/avatar\/b80839bcd1d7840754b71e72cad801ce.jpg?ver=1788213692","caption":"Pablo Guti\u00e9rrez-Rav\u00e9 Villal\u00f3n"},"description":"president LUXONOMY\u2122 Group","sameAs":["https:\/\/www.linkedin.com\/in\/pablogutierrezrave\/"],"url":"https:\/\/luxonomy.net\/es\/author\/pablo\/"}]}},"jetpack_publicize_connections":[],"jetpack_shortlink":"https:\/\/wp.me\/paPhBa-fDF","jetpack_sharing_enabled":true,"jetpack_featured_media_url":"https:\/\/i0.wp.com\/luxonomy.net\/wp-content\/uploads\/2024\/09\/generated-image-43.jpg?fit=1200%2C630&ssl=1","_links":{"self":[{"href":"https:\/\/luxonomy.net\/es\/wp-json\/wp\/v2\/posts\/60119","targetHints":{"allow":["GET"]}}],"collection":[{"href":"https:\/\/luxonomy.net\/es\/wp-json\/wp\/v2\/posts"}],"about":[{"href":"https:\/\/luxonomy.net\/es\/wp-json\/wp\/v2\/types\/post"}],"author":[{"embeddable":true,"href":"https:\/\/luxonomy.net\/es\/wp-json\/wp\/v2\/users\/19"}],"replies":[{"embeddable":true,"href":"https:\/\/luxonomy.net\/es\/wp-json\/wp\/v2\/comments?post=60119"}],"version-history":[{"count":56,"href":"https:\/\/luxonomy.net\/es\/wp-json\/wp\/v2\/posts\/60119\/revisions"}],"predecessor-version":[{"id":64709,"href":"https:\/\/luxonomy.net\/es\/wp-json\/wp\/v2\/posts\/60119\/revisions\/64709"}],"wp:featuredmedia":[{"embeddable":true,"href":"https:\/\/luxonomy.net\/es\/wp-json\/wp\/v2\/media\/60140"}],"wp:attachment":[{"href":"https:\/\/luxonomy.net\/es\/wp-json\/wp\/v2\/media?parent=60119"}],"wp:term":[{"taxonomy":"category","embeddable":true,"href":"https:\/\/luxonomy.net\/es\/wp-json\/wp\/v2\/categories?post=60119"},{"taxonomy":"post_tag","embeddable":true,"href":"https:\/\/luxonomy.net\/es\/wp-json\/wp\/v2\/tags?post=60119"},{"taxonomy":"thb-sponsors","embeddable":true,"href":"https:\/\/luxonomy.net\/es\/wp-json\/wp\/v2\/thb-sponsors?post=60119"}],"curies":[{"name":"wp","href":"https:\/\/api.w.org\/{rel}","templated":true}]}}