{"id":60015,"date":"2024-09-11T14:48:30","date_gmt":"2024-09-11T12:48:30","guid":{"rendered":"https:\/?p=60015"},"modified":"2024-09-15T15:05:52","modified_gmt":"2024-09-15T13:05:52","slug":"lexus-apoya-al-deporte-en-valencia","status":"publish","type":"post","link":"https:\/\/luxonomy.net\/es\/lexus-apoya-al-deporte-en-valencia\/","title":{"rendered":"Lexus Apoya al Deporte en Valencia"},"content":{"rendered":"\n<p class=\"wp-block-paragraph\">Con motivo de la celebraci\u00f3n de la fase de grupo de la Copa Davis en Valencia, Lexus apoya al deporte en esta ciudad, con su participaci\u00f3n en una interesante reuni\u00f3n informativa previa al torneo bajo el t\u00edtulo <strong>\u201cOrganizaci\u00f3n, patrocinio e impacto de los grandes eventos deportivos en Espa\u00f1a: El ejemplo de la Copa Davis.\u201d<\/strong><\/p>\n\n\n\n<p class=\"wp-block-paragraph\">En colaboraci\u00f3n con la redacci\u00f3n de EFE Deportes, liderada por Luis Villarejo, tuvo lugar ayer d\u00eda 10 de septiembre en el espectacular Espacio Base One, un interesante coloquio en el participaron destacadas personalidades del mundo del deporte:<\/p>\n\n\n\n<p class=\"wp-block-paragraph\"><strong>Feliciano L\u00f3pez: Director de las Finales de la Copa Davis 2024 y exjugador profesional de tenis.<\/strong><\/p><div id=\"luxon-2538491715\" class=\"luxon-3er-parrafo luxon-entity-placement\" style=\"margin-top: 20px;margin-bottom: 20px;margin-left: auto;margin-right: auto;text-align: center;\"><a href=\"https:\/\/luxonomy.university\/course\/master-turismo-de-lujo\" target=\"_blank\" aria-label=\"master-turismo-lujo-2026-2027\"><img loading=\"lazy\" decoding=\"async\" src=\"https:\/\/i0.wp.com\/luxonomy.net\/wp-content\/uploads\/2020\/07\/master-turismo-lujo-2026-2027.jpg?fit=1672%2C941&#038;ssl=1\" alt=\"\"  srcset=\"https:\/\/i0.wp.com\/luxonomy.net\/wp-content\/uploads\/2020\/07\/master-turismo-lujo-2026-2027.jpg?w=1672&ssl=1 1672w, https:\/\/i0.wp.com\/luxonomy.net\/wp-content\/uploads\/2020\/07\/master-turismo-lujo-2026-2027.jpg?resize=300%2C169&ssl=1 300w, https:\/\/i0.wp.com\/luxonomy.net\/wp-content\/uploads\/2020\/07\/master-turismo-lujo-2026-2027.jpg?resize=1024%2C576&ssl=1 1024w, https:\/\/i0.wp.com\/luxonomy.net\/wp-content\/uploads\/2020\/07\/master-turismo-lujo-2026-2027.jpg?resize=768%2C432&ssl=1 768w, https:\/\/i0.wp.com\/luxonomy.net\/wp-content\/uploads\/2020\/07\/master-turismo-lujo-2026-2027.jpg?resize=1536%2C864&ssl=1 1536w, https:\/\/i0.wp.com\/luxonomy.net\/wp-content\/uploads\/2020\/07\/master-turismo-lujo-2026-2027.jpg?resize=370%2C208&ssl=1 370w, https:\/\/i0.wp.com\/luxonomy.net\/wp-content\/uploads\/2020\/07\/master-turismo-lujo-2026-2027.jpg?resize=800%2C450&ssl=1 800w, https:\/\/i0.wp.com\/luxonomy.net\/wp-content\/uploads\/2020\/07\/master-turismo-lujo-2026-2027.jpg?resize=20%2C11&ssl=1 20w, https:\/\/i0.wp.com\/luxonomy.net\/wp-content\/uploads\/2020\/07\/master-turismo-lujo-2026-2027.jpg?resize=740%2C416&ssl=1 740w, https:\/\/i0.wp.com\/luxonomy.net\/wp-content\/uploads\/2020\/07\/master-turismo-lujo-2026-2027.jpg?resize=1600%2C900&ssl=1 1600w, https:\/\/i0.wp.com\/luxonomy.net\/wp-content\/uploads\/2020\/07\/master-turismo-lujo-2026-2027.jpg?resize=1200%2C675&ssl=1 1200w, https:\/\/i0.wp.com\/luxonomy.net\/wp-content\/uploads\/2020\/07\/master-turismo-lujo-2026-2027.jpg?resize=85%2C48&ssl=1 85w\" sizes=\"(max-width: 1170px) 100vw, 1170px\" class=\"no-lazyload\" width=\"1672\" height=\"941\"   \/><\/a><\/div>\n\n\n\n<p><strong>Anabel Medina: Capitana de Espa\u00f1a de la Billie Jean King Cup. Directora del Open de Tenis de Valencia.<\/strong><\/p>\n\n\n\n<p><strong>Santiago De\u00f3: Presidente de la Federaci\u00f3n Espa\u00f1ola de Hockey.<\/strong><\/p>\n<p><strong>Fernando Carpena: Presidente de la Federaci\u00f3n Espa\u00f1ola de Nataci\u00f3n.<\/strong><\/p>\n\n\n\n<figure class=\"wp-block-image size-large\"><a href=\"http:\/\/luxonomy.net\/wp-content\/uploads\/2024\/09\/7F7A1302_Lexus_Copa_Davis_sep24-scaled.jpg\" class=\"mfp-image\"><img loading=\"lazy\" decoding=\"async\" width=\"1024\" height=\"683\" data-attachment-id=\"60024\" data-permalink=\"https:\/\/luxonomy.net\/es\/lexus-apoya-al-deporte-en-valencia\/7f7a1302_lexus_copa_davis_sep24\/\" data-orig-file=\"https:\/\/i0.wp.com\/luxonomy.net\/wp-content\/uploads\/2024\/09\/7F7A1302_Lexus_Copa_Davis_sep24-scaled.jpg?fit=2560%2C1708&amp;ssl=1\" data-orig-size=\"2560,1708\" data-comments-opened=\"1\" data-image-title=\"7F7A1302_Lexus_Copa_Davis_sep24\" data-image-description=\"\" data-image-caption=\"\" data-large-file=\"https:\/\/i0.wp.com\/luxonomy.net\/wp-content\/uploads\/2024\/09\/7F7A1302_Lexus_Copa_Davis_sep24-scaled.jpg?fit=1024%2C683&amp;ssl=1\" src=\"data:image\/gif;base64,R0lGODlhAQABAAAAACH5BAEKAAEALAAAAAABAAEAAAICTAEAOw==\" data-src=\"http:\/\/luxonomy.net\/wp-content\/uploads\/2024\/09\/7F7A1302_Lexus_Copa_Davis_sep24-1024x683.jpg\" alt=\"\" class=\"wp-image-60024 lazyload\" data-sizes=\"auto\" data-srcset=\"https:\/\/i0.wp.com\/luxonomy.net\/wp-content\/uploads\/2024\/09\/7F7A1302_Lexus_Copa_Davis_sep24-scaled.jpg?resize=1024%2C683&amp;ssl=1 1024w, https:\/\/i0.wp.com\/luxonomy.net\/wp-content\/uploads\/2024\/09\/7F7A1302_Lexus_Copa_Davis_sep24-scaled.jpg?resize=300%2C200&amp;ssl=1 300w, https:\/\/i0.wp.com\/luxonomy.net\/wp-content\/uploads\/2024\/09\/7F7A1302_Lexus_Copa_Davis_sep24-scaled.jpg?resize=768%2C512&amp;ssl=1 768w, https:\/\/i0.wp.com\/luxonomy.net\/wp-content\/uploads\/2024\/09\/7F7A1302_Lexus_Copa_Davis_sep24-scaled.jpg?resize=370%2C247&amp;ssl=1 370w, https:\/\/i0.wp.com\/luxonomy.net\/wp-content\/uploads\/2024\/09\/7F7A1302_Lexus_Copa_Davis_sep24-scaled.jpg?resize=800%2C534&amp;ssl=1 800w, https:\/\/i0.wp.com\/luxonomy.net\/wp-content\/uploads\/2024\/09\/7F7A1302_Lexus_Copa_Davis_sep24-scaled.jpg?resize=20%2C13&amp;ssl=1 20w, https:\/\/i0.wp.com\/luxonomy.net\/wp-content\/uploads\/2024\/09\/7F7A1302_Lexus_Copa_Davis_sep24-scaled.jpg?resize=740%2C494&amp;ssl=1 740w, https:\/\/i0.wp.com\/luxonomy.net\/wp-content\/uploads\/2024\/09\/7F7A1302_Lexus_Copa_Davis_sep24-scaled.jpg?resize=600%2C400&amp;ssl=1 600w, https:\/\/i0.wp.com\/luxonomy.net\/wp-content\/uploads\/2024\/09\/7F7A1302_Lexus_Copa_Davis_sep24-scaled.jpg?resize=72%2C48&amp;ssl=1 72w, https:\/\/i0.wp.com\/luxonomy.net\/wp-content\/uploads\/2024\/09\/7F7A1302_Lexus_Copa_Davis_sep24-scaled.jpg?w=2340&amp;ssl=1 2340w\" sizes=\"auto, (max-width: 1024px) 100vw, 1024px\" \/><\/a><\/figure>\n\n\n\n\n\n<p class=\"wp-block-paragraph\"><strong>LEXUS &amp; DEPORTE<\/strong><\/p><div id=\"luxon-1217267417\" class=\"luxon-7-parrafo luxon-entity-placement\" style=\"margin-top: 20px;margin-bottom: 20px;margin-left: auto;margin-right: auto;text-align: center;\"><a href=\"https:\/\/theintelligence.institute\/course\/inteligencia-artificial-para-directivos\" target=\"_blank\" aria-label=\"CSIAD_empresas_THEI_horizontal_4x3_v5\"><img loading=\"lazy\" decoding=\"async\" src=\"https:\/\/i0.wp.com\/luxonomy.net\/wp-content\/uploads\/2025\/08\/CSIAD_empresas_THEI_horizontal_4x3_v5.png?fit=2000%2C1500&#038;ssl=1\" alt=\"\"  srcset=\"https:\/\/i0.wp.com\/luxonomy.net\/wp-content\/uploads\/2025\/08\/CSIAD_empresas_THEI_horizontal_4x3_v5.png?w=2000&ssl=1 2000w, https:\/\/i0.wp.com\/luxonomy.net\/wp-content\/uploads\/2025\/08\/CSIAD_empresas_THEI_horizontal_4x3_v5.png?resize=300%2C225&ssl=1 300w, https:\/\/i0.wp.com\/luxonomy.net\/wp-content\/uploads\/2025\/08\/CSIAD_empresas_THEI_horizontal_4x3_v5.png?resize=1024%2C768&ssl=1 1024w, https:\/\/i0.wp.com\/luxonomy.net\/wp-content\/uploads\/2025\/08\/CSIAD_empresas_THEI_horizontal_4x3_v5.png?resize=768%2C576&ssl=1 768w, https:\/\/i0.wp.com\/luxonomy.net\/wp-content\/uploads\/2025\/08\/CSIAD_empresas_THEI_horizontal_4x3_v5.png?resize=1536%2C1152&ssl=1 1536w, https:\/\/i0.wp.com\/luxonomy.net\/wp-content\/uploads\/2025\/08\/CSIAD_empresas_THEI_horizontal_4x3_v5.png?resize=370%2C278&ssl=1 370w, https:\/\/i0.wp.com\/luxonomy.net\/wp-content\/uploads\/2025\/08\/CSIAD_empresas_THEI_horizontal_4x3_v5.png?resize=800%2C600&ssl=1 800w, https:\/\/i0.wp.com\/luxonomy.net\/wp-content\/uploads\/2025\/08\/CSIAD_empresas_THEI_horizontal_4x3_v5.png?resize=20%2C15&ssl=1 20w, https:\/\/i0.wp.com\/luxonomy.net\/wp-content\/uploads\/2025\/08\/CSIAD_empresas_THEI_horizontal_4x3_v5.png?resize=740%2C555&ssl=1 740w, https:\/\/i0.wp.com\/luxonomy.net\/wp-content\/uploads\/2025\/08\/CSIAD_empresas_THEI_horizontal_4x3_v5.png?resize=1600%2C1200&ssl=1 1600w, https:\/\/i0.wp.com\/luxonomy.net\/wp-content\/uploads\/2025\/08\/CSIAD_empresas_THEI_horizontal_4x3_v5.png?resize=1200%2C900&ssl=1 1200w, https:\/\/i0.wp.com\/luxonomy.net\/wp-content\/uploads\/2025\/08\/CSIAD_empresas_THEI_horizontal_4x3_v5.png?resize=64%2C48&ssl=1 64w\" sizes=\"(max-width: 1170px) 100vw, 1170px\" class=\"no-lazyload\" width=\"2000\" height=\"1500\"   \/><\/a><\/div>\n\n\n\n<p class=\"wp-block-paragraph\">Lexus, Socio Oficial de Automoci\u00f3n de la Copa Davis 2024, est\u00e1 presente en Valencia, una de las sedes de la fase de grupos, que tambi\u00e9n se llevar\u00e1 a cabo en Bolonia y Manchester del 10 al 15 de septiembre.<\/p>\n\n\n\n<p class=\"wp-block-paragraph\">Todo ello como demostraci\u00f3n de que existe una aut\u00e9ntica conexi\u00f3n entre Lexus y la Copa Davis, con clientes y aficionados que buscan experiencias de lujo e inolvidables.<\/p>\n\n\n\n<p class=\"wp-block-paragraph\">En esta edici\u00f3n Lexus ser\u00e1 protagonista de la movilidad en uno de los eventos deportivos m\u00e1s emocionantes del mundo con la presencia de la gama Lexus Electrified, el ic\u00f3nico LC Cabrio, el Nuevo RX o el NX H\u00edbrido enchufable, entre otros, que tendr\u00e1n un espacio destacado en el torneo.<\/p>\n\n\n\n<p class=\"wp-block-paragraph\">Lexus Espa\u00f1a, tambi\u00e9n se enorgullece de ser Patrocinador Oficial de la Real Federaci\u00f3n Espa\u00f1ola de Hockey.<\/p>\n\n\n\n<p class=\"wp-block-paragraph\">Lexus comparte los mismos valores que se manifiestan en la pr\u00e1ctica del hockey, un deporte amateur en Espa\u00f1a. Valores fundamentales como la igualdad, dado que es practicado tanto por hombres como por mujeres en ligas de igual relevancia; adem\u00e1s del trabajo en equipo, la confianza, la solidaridad y el apoyo a la educaci\u00f3n infantil.<\/p>\n\n\n\n<p class=\"wp-block-paragraph\">El hockey, por lo tanto, es un deporte con el que la marca se siente plenamente identificada y con el cual siente orgullo de poder colaborar.&nbsp;Con esta importante participaci\u00f3n en el mundo del hockey, Lexus Espa\u00f1a apuesta por un deporte centenario, donde han sido habituales los \u00e9xitos a lo largo de su historia y que vuelve a estar en claro crecimiento en todos los niveles.<\/p>\n\n\n\n<p><strong>M\u00e1s informaci\u00f3n:\u00a0<\/strong><a href=\"https:\/\/www.lexusauto.es\/estilolexus\/marca\/lexus-apoya-al-deporte-en-valencia\" target=\"_blank\" rel=\"noopener\">https:\/\/www.lexusauto.es\/estilolexus\/marca\/lexus-apoya-al-deporte-en-valencia<\/a><\/p>\n<p>\u00a0<\/p>\n","protected":false},"excerpt":{"rendered":"<p>Con motivo de la celebraci\u00f3n de la fase de grupo de la Copa Davis en Valencia, Lexus apoya al deporte en esta ciudad, con su participaci\u00f3n en una interesante reuni\u00f3n informativa previa al torneo.<br \/>\nEn colaboraci\u00f3n con la redacci\u00f3n de EFE Deportes, tuvo lugar ayer un interesante coloquio en el que participaron destacadas personalidades del mundo del deporte.<br \/>\nLexus Espa\u00f1a apuesta por el deporte, tanto con su presencia como Socio Oficial de Automoci\u00f3n de la Copa Davis 2024, como con el Patrocinio de la Real Federaci\u00f3n Espa\u00f1ola de Hockey.<\/p>\n","protected":false},"author":1,"featured_media":60020,"comment_status":"open","ping_status":"open","sticky":false,"template":"","format":"standard","meta":{"_jetpack_newsletter_access":"","_jetpack_dont_email_post_to_subs":false,"_jetpack_newsletter_tier_id":0,"_jetpack_memberships_contains_paywalled_content":false,"_jetpack_feature_clip_id":0,"_jetpack_memberships_contains_paid_content":false,"footnotes":"","jetpack_publicize_message":"","jetpack_publicize_feature_enabled":false,"jetpack_social_post_already_shared":false,"jetpack_social_options":{"image_generator_settings":{"template":"edge","enabled":false,"token":"eyJpbWciOiJodHRwczpcL1wvbHV4b25vbXkubmV0XC93cC1jb250ZW50XC91cGxvYWRzXC8yMDI0XC8wOVwvTGV4dXMtQXBveWEtYWwtRGVwb3J0ZS1lbi1WYWxlbmNpYS0xMDI0eDY4My5qcGciLCJ0eHQiOiJMZXh1cyBBcG95YSBhbCBEZXBvcnRlIGVuIFZhbGVuY2lhIiwidGVtcGxhdGUiOiJlZGdlIiwiYmxvZ19pZCI6MTU5OTg1NzQwfQ.G_Rehswiocmb89ONX9lh3GkT6UJoDVNaPFRM7vELPLoMQ"},"version":2,"attached_media":[{"id":60020,"url":"http:\/\/luxonomy.net\/wp-content\/uploads\/2024\/09\/generated-image-37.jpg","type":"image\/jpeg"}]},"jetpack_post_was_ever_published":false},"categories":[938],"tags":[87,295,3485],"thb-sponsors":[1206],"class_list":["post-60015","post","type-post","status-publish","format-standard","has-post-thumbnail","hentry","category-deporte","tag-deporte","tag-lexus","tag-valencia"],"yoast_head":"<!-- This site is optimized with the Yoast SEO plugin v28.4 - https:\/\/yoast.com\/product\/yoast-seo-wordpress\/ -->\n<title>Lexus Apoya al Deporte en Valencia | LUXONOMY<\/title>\n<meta name=\"robots\" content=\"index, follow, max-snippet:-1, max-image-preview:large, max-video-preview:-1\" \/>\n<link rel=\"canonical\" href=\"https:\/\/luxonomy.net\/es\/lexus-apoya-al-deporte-en-valencia\/\" \/>\n<meta property=\"og:locale\" content=\"es_ES\" \/>\n<meta property=\"og:type\" content=\"article\" \/>\n<meta property=\"og:title\" content=\"Lexus Apoya al Deporte en Valencia | LUXONOMY\" \/>\n<meta property=\"og:description\" content=\"Con motivo de la celebraci\u00f3n de la fase de grupo de la Copa Davis en Valencia, Lexus apoya al deporte en esta ciudad, con su participaci\u00f3n en una interesante reuni\u00f3n informativa previa al torneo. En colaboraci\u00f3n con la redacci\u00f3n de EFE Deportes, tuvo lugar ayer un interesante coloquio en el que participaron destacadas personalidades del mundo del deporte. Lexus Espa\u00f1a apuesta por el deporte, tanto con su presencia como Socio Oficial de Automoci\u00f3n de la Copa Davis 2024, como con el Patrocinio de la Real Federaci\u00f3n Espa\u00f1ola de Hockey.\" \/>\n<meta property=\"og:url\" content=\"https:\/\/luxonomy.net\/es\/lexus-apoya-al-deporte-en-valencia\/\" \/>\n<meta property=\"og:site_name\" content=\"LUXONOMY\" \/>\n<meta property=\"article:publisher\" content=\"https:\/\/www.facebook.com\/luxonomy\" \/>\n<meta property=\"article:published_time\" content=\"2024-09-11T12:48:30+00:00\" \/>\n<meta property=\"article:modified_time\" content=\"2024-09-15T13:05:52+00:00\" \/>\n<meta property=\"og:image\" content=\"https:\/\/i0.wp.com\/luxonomy.net\/wp-content\/uploads\/2024\/09\/generated-image-37.jpg?fit=1200%2C630&quality=89&ssl=1\" \/>\n\t<meta property=\"og:image:width\" content=\"1200\" \/>\n\t<meta property=\"og:image:height\" content=\"630\" \/>\n\t<meta property=\"og:image:type\" content=\"image\/jpeg\" \/>\n<meta name=\"author\" content=\"LUXONOMY\" \/>\n<meta name=\"twitter:card\" content=\"summary_large_image\" \/>\n<meta name=\"twitter:label1\" content=\"Escrito por\" \/>\n\t<meta name=\"twitter:data1\" content=\"LUXONOMY\" \/>\n\t<meta name=\"twitter:label2\" content=\"Tiempo de lectura\" \/>\n\t<meta name=\"twitter:data2\" content=\"3 minutos\" \/>\n<script type=\"application\/ld+json\" class=\"yoast-schema-graph\">{\"@context\":\"https:\\\/\\\/schema.org\",\"@graph\":[{\"@type\":\"Article\",\"@id\":\"https:\\\/\\\/luxonomy.net\\\/es\\\/lexus-apoya-al-deporte-en-valencia\\\/#article\",\"isPartOf\":{\"@id\":\"https:\\\/\\\/luxonomy.net\\\/es\\\/lexus-apoya-al-deporte-en-valencia\\\/\"},\"author\":{\"name\":\"LUXONOMY\",\"@id\":\"https:\\\/\\\/luxonomy.net\\\/es\\\/#\\\/schema\\\/person\\\/ca588d8b741a1fdd9065289c8d98ee8c\"},\"headline\":\"Lexus Apoya al Deporte en Valencia\",\"datePublished\":\"2024-09-11T12:48:30+00:00\",\"dateModified\":\"2024-09-15T13:05:52+00:00\",\"mainEntityOfPage\":{\"@id\":\"https:\\\/\\\/luxonomy.net\\\/es\\\/lexus-apoya-al-deporte-en-valencia\\\/\"},\"wordCount\":446,\"commentCount\":0,\"publisher\":{\"@id\":\"https:\\\/\\\/luxonomy.net\\\/es\\\/#organization\"},\"image\":{\"@id\":\"https:\\\/\\\/luxonomy.net\\\/es\\\/lexus-apoya-al-deporte-en-valencia\\\/#primaryimage\"},\"thumbnailUrl\":\"https:\\\/\\\/i0.wp.com\\\/luxonomy.net\\\/wp-content\\\/uploads\\\/2024\\\/09\\\/generated-image-37.jpg?fit=1200%2C630&ssl=1\",\"keywords\":[\"deporte\",\"Lexus\",\"Valencia\"],\"articleSection\":[\"Deporte\"],\"inLanguage\":\"es\",\"potentialAction\":[{\"@type\":\"CommentAction\",\"name\":\"Comment\",\"target\":[\"https:\\\/\\\/luxonomy.net\\\/es\\\/lexus-apoya-al-deporte-en-valencia\\\/#respond\"]}]},{\"@type\":\"WebPage\",\"@id\":\"https:\\\/\\\/luxonomy.net\\\/es\\\/lexus-apoya-al-deporte-en-valencia\\\/\",\"url\":\"https:\\\/\\\/luxonomy.net\\\/es\\\/lexus-apoya-al-deporte-en-valencia\\\/\",\"name\":\"Lexus Apoya al Deporte en Valencia | LUXONOMY\",\"isPartOf\":{\"@id\":\"https:\\\/\\\/luxonomy.net\\\/es\\\/#website\"},\"primaryImageOfPage\":{\"@id\":\"https:\\\/\\\/luxonomy.net\\\/es\\\/lexus-apoya-al-deporte-en-valencia\\\/#primaryimage\"},\"image\":{\"@id\":\"https:\\\/\\\/luxonomy.net\\\/es\\\/lexus-apoya-al-deporte-en-valencia\\\/#primaryimage\"},\"thumbnailUrl\":\"https:\\\/\\\/i0.wp.com\\\/luxonomy.net\\\/wp-content\\\/uploads\\\/2024\\\/09\\\/generated-image-37.jpg?fit=1200%2C630&ssl=1\",\"datePublished\":\"2024-09-11T12:48:30+00:00\",\"dateModified\":\"2024-09-15T13:05:52+00:00\",\"breadcrumb\":{\"@id\":\"https:\\\/\\\/luxonomy.net\\\/es\\\/lexus-apoya-al-deporte-en-valencia\\\/#breadcrumb\"},\"inLanguage\":\"es\",\"potentialAction\":[{\"@type\":\"ReadAction\",\"target\":[\"https:\\\/\\\/luxonomy.net\\\/es\\\/lexus-apoya-al-deporte-en-valencia\\\/\"]}]},{\"@type\":\"ImageObject\",\"inLanguage\":\"es\",\"@id\":\"https:\\\/\\\/luxonomy.net\\\/es\\\/lexus-apoya-al-deporte-en-valencia\\\/#primaryimage\",\"url\":\"https:\\\/\\\/i0.wp.com\\\/luxonomy.net\\\/wp-content\\\/uploads\\\/2024\\\/09\\\/generated-image-37.jpg?fit=1200%2C630&ssl=1\",\"contentUrl\":\"https:\\\/\\\/i0.wp.com\\\/luxonomy.net\\\/wp-content\\\/uploads\\\/2024\\\/09\\\/generated-image-37.jpg?fit=1200%2C630&ssl=1\",\"width\":1200,\"height\":630},{\"@type\":\"BreadcrumbList\",\"@id\":\"https:\\\/\\\/luxonomy.net\\\/es\\\/lexus-apoya-al-deporte-en-valencia\\\/#breadcrumb\",\"itemListElement\":[{\"@type\":\"ListItem\",\"position\":1,\"name\":\"Portada\",\"item\":\"https:\\\/\\\/luxonomy.net\\\/es\\\/\"},{\"@type\":\"ListItem\",\"position\":2,\"name\":\"Lexus Apoya al Deporte en Valencia\"}]},{\"@type\":\"WebSite\",\"@id\":\"https:\\\/\\\/luxonomy.net\\\/es\\\/#website\",\"url\":\"https:\\\/\\\/luxonomy.net\\\/es\\\/\",\"name\":\"LUXONOMY\",\"description\":\"The Economy of Fashion &amp; Luxury\",\"publisher\":{\"@id\":\"https:\\\/\\\/luxonomy.net\\\/es\\\/#organization\"},\"potentialAction\":[{\"@type\":\"SearchAction\",\"target\":{\"@type\":\"EntryPoint\",\"urlTemplate\":\"https:\\\/\\\/luxonomy.net\\\/es\\\/?s={search_term_string}\"},\"query-input\":{\"@type\":\"PropertyValueSpecification\",\"valueRequired\":true,\"valueName\":\"search_term_string\"}}],\"inLanguage\":\"es\"},{\"@type\":\"Organization\",\"@id\":\"https:\\\/\\\/luxonomy.net\\\/es\\\/#organization\",\"name\":\"LUXONOMY\",\"url\":\"https:\\\/\\\/luxonomy.net\\\/es\\\/\",\"logo\":{\"@type\":\"ImageObject\",\"inLanguage\":\"es\",\"@id\":\"https:\\\/\\\/luxonomy.net\\\/es\\\/#\\\/schema\\\/logo\\\/image\\\/\",\"url\":\"https:\\\/\\\/i2.wp.com\\\/luxonomy.net\\\/wp-content\\\/uploads\\\/2021\\\/09\\\/MOCKUP-TODOS-LUXONOMY.jpg?fit=1000%2C515&ssl=1\",\"contentUrl\":\"https:\\\/\\\/i2.wp.com\\\/luxonomy.net\\\/wp-content\\\/uploads\\\/2021\\\/09\\\/MOCKUP-TODOS-LUXONOMY.jpg?fit=1000%2C515&ssl=1\",\"width\":1000,\"height\":515,\"caption\":\"LUXONOMY\"},\"image\":{\"@id\":\"https:\\\/\\\/luxonomy.net\\\/es\\\/#\\\/schema\\\/logo\\\/image\\\/\"},\"sameAs\":[\"https:\\\/\\\/www.facebook.com\\\/luxonomy\",\"https:\\\/\\\/www.instagram.com\\\/luxonomy\\\/\",\"https:\\\/\\\/www.linkedin.com\\\/company\\\/luxonomy\\\/\"]},{\"@type\":\"Person\",\"@id\":\"https:\\\/\\\/luxonomy.net\\\/es\\\/#\\\/schema\\\/person\\\/ca588d8b741a1fdd9065289c8d98ee8c\",\"name\":\"LUXONOMY\",\"image\":{\"@type\":\"ImageObject\",\"inLanguage\":\"es\",\"@id\":\"https:\\\/\\\/luxonomy.net\\\/wp-content\\\/litespeed\\\/avatar\\\/a6436cdb14fdaf9c21808e63d0da2055.jpg?ver=1788366758\",\"url\":\"https:\\\/\\\/luxonomy.net\\\/wp-content\\\/litespeed\\\/avatar\\\/a6436cdb14fdaf9c21808e63d0da2055.jpg?ver=1788366758\",\"contentUrl\":\"https:\\\/\\\/luxonomy.net\\\/wp-content\\\/litespeed\\\/avatar\\\/a6436cdb14fdaf9c21808e63d0da2055.jpg?ver=1788366758\",\"caption\":\"LUXONOMY\"},\"sameAs\":[\"https:\\\/\"],\"url\":\"https:\\\/\\\/luxonomy.net\\\/es\\\/author\\\/luxonomy\\\/\"}]}<\/script>\n<!-- \/ Yoast SEO plugin. -->","yoast_head_json":{"title":"Lexus Apoya al Deporte en Valencia | LUXONOMY","robots":{"index":"index","follow":"follow","max-snippet":"max-snippet:-1","max-image-preview":"max-image-preview:large","max-video-preview":"max-video-preview:-1"},"canonical":"https:\/\/luxonomy.net\/es\/lexus-apoya-al-deporte-en-valencia\/","og_locale":"es_ES","og_type":"article","og_title":"Lexus Apoya al Deporte en Valencia | LUXONOMY","og_description":"Con motivo de la celebraci\u00f3n de la fase de grupo de la Copa Davis en Valencia, Lexus apoya al deporte en esta ciudad, con su participaci\u00f3n en una interesante reuni\u00f3n informativa previa al torneo. En colaboraci\u00f3n con la redacci\u00f3n de EFE Deportes, tuvo lugar ayer un interesante coloquio en el que participaron destacadas personalidades del mundo del deporte. Lexus Espa\u00f1a apuesta por el deporte, tanto con su presencia como Socio Oficial de Automoci\u00f3n de la Copa Davis 2024, como con el Patrocinio de la Real Federaci\u00f3n Espa\u00f1ola de Hockey.","og_url":"https:\/\/luxonomy.net\/es\/lexus-apoya-al-deporte-en-valencia\/","og_site_name":"LUXONOMY","article_publisher":"https:\/\/www.facebook.com\/luxonomy","article_published_time":"2024-09-11T12:48:30+00:00","article_modified_time":"2024-09-15T13:05:52+00:00","og_image":[{"width":1200,"height":630,"url":"https:\/\/i0.wp.com\/luxonomy.net\/wp-content\/uploads\/2024\/09\/generated-image-37.jpg?fit=1200%2C630&quality=89&ssl=1","type":"image\/jpeg"}],"author":"LUXONOMY","twitter_card":"summary_large_image","twitter_misc":{"Escrito por":"LUXONOMY","Tiempo de lectura":"3 minutos"},"schema":{"@context":"https:\/\/schema.org","@graph":[{"@type":"Article","@id":"https:\/\/luxonomy.net\/es\/lexus-apoya-al-deporte-en-valencia\/#article","isPartOf":{"@id":"https:\/\/luxonomy.net\/es\/lexus-apoya-al-deporte-en-valencia\/"},"author":{"name":"LUXONOMY","@id":"https:\/\/luxonomy.net\/es\/#\/schema\/person\/ca588d8b741a1fdd9065289c8d98ee8c"},"headline":"Lexus Apoya al Deporte en Valencia","datePublished":"2024-09-11T12:48:30+00:00","dateModified":"2024-09-15T13:05:52+00:00","mainEntityOfPage":{"@id":"https:\/\/luxonomy.net\/es\/lexus-apoya-al-deporte-en-valencia\/"},"wordCount":446,"commentCount":0,"publisher":{"@id":"https:\/\/luxonomy.net\/es\/#organization"},"image":{"@id":"https:\/\/luxonomy.net\/es\/lexus-apoya-al-deporte-en-valencia\/#primaryimage"},"thumbnailUrl":"https:\/\/i0.wp.com\/luxonomy.net\/wp-content\/uploads\/2024\/09\/generated-image-37.jpg?fit=1200%2C630&ssl=1","keywords":["deporte","Lexus","Valencia"],"articleSection":["Deporte"],"inLanguage":"es","potentialAction":[{"@type":"CommentAction","name":"Comment","target":["https:\/\/luxonomy.net\/es\/lexus-apoya-al-deporte-en-valencia\/#respond"]}]},{"@type":"WebPage","@id":"https:\/\/luxonomy.net\/es\/lexus-apoya-al-deporte-en-valencia\/","url":"https:\/\/luxonomy.net\/es\/lexus-apoya-al-deporte-en-valencia\/","name":"Lexus Apoya al Deporte en Valencia | LUXONOMY","isPartOf":{"@id":"https:\/\/luxonomy.net\/es\/#website"},"primaryImageOfPage":{"@id":"https:\/\/luxonomy.net\/es\/lexus-apoya-al-deporte-en-valencia\/#primaryimage"},"image":{"@id":"https:\/\/luxonomy.net\/es\/lexus-apoya-al-deporte-en-valencia\/#primaryimage"},"thumbnailUrl":"https:\/\/i0.wp.com\/luxonomy.net\/wp-content\/uploads\/2024\/09\/generated-image-37.jpg?fit=1200%2C630&ssl=1","datePublished":"2024-09-11T12:48:30+00:00","dateModified":"2024-09-15T13:05:52+00:00","breadcrumb":{"@id":"https:\/\/luxonomy.net\/es\/lexus-apoya-al-deporte-en-valencia\/#breadcrumb"},"inLanguage":"es","potentialAction":[{"@type":"ReadAction","target":["https:\/\/luxonomy.net\/es\/lexus-apoya-al-deporte-en-valencia\/"]}]},{"@type":"ImageObject","inLanguage":"es","@id":"https:\/\/luxonomy.net\/es\/lexus-apoya-al-deporte-en-valencia\/#primaryimage","url":"https:\/\/i0.wp.com\/luxonomy.net\/wp-content\/uploads\/2024\/09\/generated-image-37.jpg?fit=1200%2C630&ssl=1","contentUrl":"https:\/\/i0.wp.com\/luxonomy.net\/wp-content\/uploads\/2024\/09\/generated-image-37.jpg?fit=1200%2C630&ssl=1","width":1200,"height":630},{"@type":"BreadcrumbList","@id":"https:\/\/luxonomy.net\/es\/lexus-apoya-al-deporte-en-valencia\/#breadcrumb","itemListElement":[{"@type":"ListItem","position":1,"name":"Portada","item":"https:\/\/luxonomy.net\/es\/"},{"@type":"ListItem","position":2,"name":"Lexus Apoya al Deporte en Valencia"}]},{"@type":"WebSite","@id":"https:\/\/luxonomy.net\/es\/#website","url":"https:\/\/luxonomy.net\/es\/","name":"LUXONOMY","description":"The Economy of Fashion &amp; Luxury","publisher":{"@id":"https:\/\/luxonomy.net\/es\/#organization"},"potentialAction":[{"@type":"SearchAction","target":{"@type":"EntryPoint","urlTemplate":"https:\/\/luxonomy.net\/es\/?s={search_term_string}"},"query-input":{"@type":"PropertyValueSpecification","valueRequired":true,"valueName":"search_term_string"}}],"inLanguage":"es"},{"@type":"Organization","@id":"https:\/\/luxonomy.net\/es\/#organization","name":"LUXONOMY","url":"https:\/\/luxonomy.net\/es\/","logo":{"@type":"ImageObject","inLanguage":"es","@id":"https:\/\/luxonomy.net\/es\/#\/schema\/logo\/image\/","url":"https:\/\/i2.wp.com\/luxonomy.net\/wp-content\/uploads\/2021\/09\/MOCKUP-TODOS-LUXONOMY.jpg?fit=1000%2C515&ssl=1","contentUrl":"https:\/\/i2.wp.com\/luxonomy.net\/wp-content\/uploads\/2021\/09\/MOCKUP-TODOS-LUXONOMY.jpg?fit=1000%2C515&ssl=1","width":1000,"height":515,"caption":"LUXONOMY"},"image":{"@id":"https:\/\/luxonomy.net\/es\/#\/schema\/logo\/image\/"},"sameAs":["https:\/\/www.facebook.com\/luxonomy","https:\/\/www.instagram.com\/luxonomy\/","https:\/\/www.linkedin.com\/company\/luxonomy\/"]},{"@type":"Person","@id":"https:\/\/luxonomy.net\/es\/#\/schema\/person\/ca588d8b741a1fdd9065289c8d98ee8c","name":"LUXONOMY","image":{"@type":"ImageObject","inLanguage":"es","@id":"https:\/\/luxonomy.net\/wp-content\/litespeed\/avatar\/a6436cdb14fdaf9c21808e63d0da2055.jpg?ver=1788366758","url":"https:\/\/luxonomy.net\/wp-content\/litespeed\/avatar\/a6436cdb14fdaf9c21808e63d0da2055.jpg?ver=1788366758","contentUrl":"https:\/\/luxonomy.net\/wp-content\/litespeed\/avatar\/a6436cdb14fdaf9c21808e63d0da2055.jpg?ver=1788366758","caption":"LUXONOMY"},"sameAs":["https:\/"],"url":"https:\/\/luxonomy.net\/es\/author\/luxonomy\/"}]}},"jetpack_publicize_connections":[],"jetpack_shortlink":"https:\/\/wp.me\/paPhBa-fBZ","jetpack_sharing_enabled":true,"jetpack_featured_media_url":"https:\/\/i0.wp.com\/luxonomy.net\/wp-content\/uploads\/2024\/09\/generated-image-37.jpg?fit=1200%2C630&ssl=1","_links":{"self":[{"href":"https:\/\/luxonomy.net\/es\/wp-json\/wp\/v2\/posts\/60015","targetHints":{"allow":["GET"]}}],"collection":[{"href":"https:\/\/luxonomy.net\/es\/wp-json\/wp\/v2\/posts"}],"about":[{"href":"https:\/\/luxonomy.net\/es\/wp-json\/wp\/v2\/types\/post"}],"author":[{"embeddable":true,"href":"https:\/\/luxonomy.net\/es\/wp-json\/wp\/v2\/users\/1"}],"replies":[{"embeddable":true,"href":"https:\/\/luxonomy.net\/es\/wp-json\/wp\/v2\/comments?post=60015"}],"version-history":[{"count":7,"href":"https:\/\/luxonomy.net\/es\/wp-json\/wp\/v2\/posts\/60015\/revisions"}],"predecessor-version":[{"id":60029,"href":"https:\/\/luxonomy.net\/es\/wp-json\/wp\/v2\/posts\/60015\/revisions\/60029"}],"wp:featuredmedia":[{"embeddable":true,"href":"https:\/\/luxonomy.net\/es\/wp-json\/wp\/v2\/media\/60020"}],"wp:attachment":[{"href":"https:\/\/luxonomy.net\/es\/wp-json\/wp\/v2\/media?parent=60015"}],"wp:term":[{"taxonomy":"category","embeddable":true,"href":"https:\/\/luxonomy.net\/es\/wp-json\/wp\/v2\/categories?post=60015"},{"taxonomy":"post_tag","embeddable":true,"href":"https:\/\/luxonomy.net\/es\/wp-json\/wp\/v2\/tags?post=60015"},{"taxonomy":"thb-sponsors","embeddable":true,"href":"https:\/\/luxonomy.net\/es\/wp-json\/wp\/v2\/thb-sponsors?post=60015"}],"curies":[{"name":"wp","href":"https:\/\/api.w.org\/{rel}","templated":true}]}}