{"id":58190,"date":"2024-08-22T14:25:27","date_gmt":"2024-08-22T12:25:27","guid":{"rendered":"https:\/?p=58190"},"modified":"2024-08-22T14:28:01","modified_gmt":"2024-08-22T12:28:01","slug":"ondas-de-choque-alta-tecnologia-en-tratamientos-para-una-recuperacion-y-belleza-sublime","status":"publish","type":"post","link":"https:\/\/luxonomy.net\/es\/ondas-de-choque-alta-tecnologia-en-tratamientos-para-una-recuperacion-y-belleza-sublime\/","title":{"rendered":"Ondas de Choque: Alta Tecnolog\u00eda en Tratamientos para una Recuperaci\u00f3n y Belleza Sublime"},"content":{"rendered":"\n<p class=\"wp-block-paragraph\">En el \u00e1mbito de la medicina est\u00e9tica y rehabilitaci\u00f3n, los tratamientos con ondas de choque han emergido como una soluci\u00f3n avanzada y efectiva para la reducci\u00f3n del dolor, la mejora de la circulaci\u00f3n y el tratamiento de diversas lesiones. Estos procedimientos han evolucionado significativamente en los \u00faltimos a\u00f1os, incorporando tecnolog\u00edas de vanguardia que optimizan sus resultados. Entre los m\u00e9todos m\u00e1s destacados se encuentran las ondas de choque focales planares, radiales y vibracionales de alta frecuencia. En este art\u00edculo, exploraremos en profundidad c\u00f3mo funcionan estos tratamientos y por qu\u00e9 se consideran de los m\u00e1s avanzados en el mercado.<\/p>\n\n\n\n<h3 class=\"wp-block-heading\">\u00bfQu\u00e9 son las Ondas de Choque?<\/h3>\n\n\n\n<p class=\"wp-block-paragraph\">Las ondas de choque son ondas ac\u00fasticas de alta energ\u00eda que se transmiten a los tejidos del cuerpo, estimulando procesos biol\u00f3gicos y mec\u00e1nicos que promueven la curaci\u00f3n y el alivio del dolor. Su uso en la medicina est\u00e9tica y deportiva se ha expandido debido a su capacidad para tratar eficazmente una variedad de afecciones sin necesidad de procedimientos invasivos.<\/p>\n\n\n\n<h3 class=\"wp-block-heading\">Ondas de Choque Focales Planares<\/h3>\n\n\n\n<p class=\"wp-block-paragraph\">Las ondas de choque focales planares son uno de los tratamientos m\u00e1s avanzados y precisos disponibles. Estas ondas est\u00e1n dirigidas a un punto espec\u00edfico del cuerpo, permitiendo una concentraci\u00f3n m\u00e1xima de energ\u00eda en un \u00e1rea peque\u00f1a. Este enfoque es especialmente beneficioso para tratar lesiones profundas o cr\u00f3nicas, como tendinitis, fascitis plantar o calcificaciones. La alta precisi\u00f3n de este m\u00e9todo minimiza el da\u00f1o a los tejidos circundantes y acelera el proceso de recuperaci\u00f3n.<\/p>\n\n\n\n<p class=\"wp-block-paragraph\">El mecanismo de acci\u00f3n de las ondas focales planares incluye la estimulaci\u00f3n del metabolismo celular, la mejora de la circulaci\u00f3n sangu\u00ednea local y la promoci\u00f3n de la regeneraci\u00f3n tisular. Este tratamiento tambi\u00e9n es conocido por su capacidad para descomponer dep\u00f3sitos de calcio, lo que lo convierte en una opci\u00f3n preferida para condiciones como las calcificaciones en el hombro.<\/p>\n\n\n\n<h3 class=\"wp-block-heading\">Ondas de Choque Radiales<\/h3>\n\n\n\n<p class=\"wp-block-paragraph\">Las ondas de choque radiales, por otro lado, son menos focalizadas y se dispersan en un \u00e1rea m\u00e1s amplia del cuerpo. Este tipo de ondas es ideal para el tratamiento de afecciones m\u00e1s superficiales y para mejorar la circulaci\u00f3n en grandes \u00e1reas, como las extremidades o la espalda. Aunque su penetraci\u00f3n es menos profunda en comparaci\u00f3n con las ondas focales, son extremadamente efectivas para aliviar el dolor muscular, tratar puntos gatillo y mejorar la elasticidad de los tejidos.<\/p>\n\n\n\n<p class=\"wp-block-paragraph\">Adem\u00e1s, las ondas radiales son una opci\u00f3n popular para procedimientos est\u00e9ticos, como la reducci\u00f3n de la celulitis y la mejora de la textura de la piel, debido a su capacidad para estimular la producci\u00f3n de col\u00e1geno y elastina.<\/p>\n\n\n\n<h3 class=\"wp-block-heading\">Ondas de Choque Vibracionales de Alta Frecuencia<\/h3>\n\n\n\n<p class=\"wp-block-paragraph\">Las ondas de choque vibracionales de alta frecuencia representan una tecnolog\u00eda de vanguardia que combina la eficacia de las ondas ac\u00fasticas con vibraciones r\u00e1pidas y precisas. Este tipo de tratamiento es particularmente efectivo para mejorar la circulaci\u00f3n y reducir el dolor en \u00e1reas sensibles o donde se requiere un tratamiento suave pero efectivo.<\/p>\n\n\n\n<p class=\"wp-block-paragraph\">Las ondas vibracionales de alta frecuencia son capaces de estimular los receptores nerviosos, lo que conduce a una r\u00e1pida reducci\u00f3n del dolor. Asimismo, estas ondas promueven la microcirculaci\u00f3n y la linf\u00e1tica, lo que es esencial para el tratamiento de edemas, linfoedemas y para la recuperaci\u00f3n de lesiones donde la acumulaci\u00f3n de l\u00edquidos es un problema.<\/p>\n\n\n\n<h3 class=\"wp-block-heading\">Beneficios y Aplicaciones<\/h3>\n\n\n\n<p class=\"wp-block-paragraph\">Los tratamientos con ondas de choque han demostrado ser una herramienta invaluable en la medicina est\u00e9tica y deportiva. Entre sus beneficios m\u00e1s notables se encuentran:<\/p>\n\n\n\n<ul>\n<li><strong>Reducci\u00f3n del Dolor:<\/strong> La capacidad de estas ondas para estimular la regeneraci\u00f3n tisular y mejorar la circulaci\u00f3n contribuye a un alivio r\u00e1pido y duradero del dolor, tanto en lesiones agudas como cr\u00f3nicas.<\/li>\n<li><strong>Mejora de la Circulaci\u00f3n:<\/strong> Al promover el flujo sangu\u00edneo y la linf\u00e1tica, las ondas de choque ayudan a reducir la inflamaci\u00f3n, mejorar la oxigenaci\u00f3n de los tejidos y acelerar la recuperaci\u00f3n.<\/li>\n<li><strong>Tratamiento de Lesiones:<\/strong> Estas ondas son eficaces en el tratamiento de lesiones deportivas, como tendinitis, lesiones musculares, y problemas articulares. Tambi\u00e9n son \u00fatiles en la rehabilitaci\u00f3n postquir\u00fargica.<\/li>\n<li><strong>Aplicaciones Est\u00e9ticas:<\/strong> En el campo de la est\u00e9tica, las ondas de choque se utilizan para mejorar la textura de la piel, reducir la celulitis y promover la producci\u00f3n de col\u00e1geno.<\/li>\n<\/ul>\n<p>En <strong>MILA CANO Cl\u00ednicas<\/strong>, contamos con los tres tipos de ondas de choque m\u00e1s avanzados del mercado: focales planares, radiales y vibracionales de alta frecuencia.\u00a0<br \/><br \/>Cada tipo de onda tiene efectos espec\u00edficos y se utilizan para aplicaciones y tratamientos diferentes.<br \/><br \/>Ya sea para reducir el dolor, mejorar la circulaci\u00f3n o tratar lesiones, nuestras ondas de choque est\u00e1n dise\u00f1adas para ofrecer resultados \u00f3ptimos.\u00a0<br \/><br \/>Adem\u00e1s, seg\u00fan las necesidades de cada paciente, combinamos varias ondas en un mismo tratamiento para lograr los mejores resultados posibles.<\/p>\n<h3>Contacto<\/h3>\n<ul>\n<li><strong>Web:<\/strong>\u00a0<a href=\"https:\/\/www.mcmilacano.com\/\" target=\"_blank\" rel=\"noopener\">https:\/\/www.mcmilacano.com\/<\/a><\/li>\n<li><strong>email:\u00a0<\/strong><a href=\"mailto:informacion@mcmilacano.com\" target=\"_blank\" rel=\"noopener\">informacion@mcmilacano.com<\/a><\/li>\n<li><strong>Tel\u00e9fono:<\/strong>\u00a0963 95 26 05<\/li>\n<li><strong>Direcci\u00f3n:<\/strong>\u00a0Gran Via del Marqu\u00e9s del T\u00faria, 20, planta 1 puertas 3 y 4, 46005 Valencia<\/li>\n<\/ul>\n\n\n","protected":false},"excerpt":{"rendered":"<p>En el \u00e1mbito de la medicina est\u00e9tica y rehabilitaci\u00f3n, los tratamientos con ondas de choque han emergido como una soluci\u00f3n avanzada y efectiva para la reducci\u00f3n del dolor, la mejora de la circulaci\u00f3n y el tratamiento de diversas lesiones. Estos procedimientos han evolucionado significativamente en los \u00faltimos a\u00f1os, incorporando tecnolog\u00edas de vanguardia que optimizan sus resultados. Entre los m\u00e9todos m\u00e1s destacados se encuentran las ondas de choque focales planares, radiales y vibracionales de alta frecuencia. En este art\u00edculo, exploraremos en profundidad c\u00f3mo funcionan estos tratamientos y por qu\u00e9 se consideran de los m\u00e1s avanzados en el mercado.<\/p>\n","protected":false},"author":38,"featured_media":58201,"comment_status":"open","ping_status":"open","sticky":false,"template":"","format":"standard","meta":{"_jetpack_newsletter_access":"","_jetpack_dont_email_post_to_subs":false,"_jetpack_newsletter_tier_id":0,"_jetpack_memberships_contains_paywalled_content":false,"_jetpack_feature_clip_id":0,"_jetpack_memberships_contains_paid_content":false,"footnotes":"","jetpack_publicize_message":"En el \u00e1mbito de la medicina est\u00e9tica y rehabilitaci\u00f3n, los tratamientos con ondas de choque han emergido como una soluci\u00f3n avanzada y efectiva para la reducci\u00f3n del dolor, la mejora de la circulaci\u00f3n y el tratamiento de diversas lesiones. #milacano #salud","jetpack_publicize_feature_enabled":true,"jetpack_social_post_already_shared":true,"jetpack_social_options":{"image_generator_settings":{"template":"edge","enabled":true,"token":"eyJpbWciOiJodHRwczpcL1wvbHV4b25vbXkubmV0XC93cC1jb250ZW50XC91cGxvYWRzXC8yMDI0XC8wOFwvZ2VuZXJhdGVkLWltYWdlLTQ3LTEwMjR4NTM4LmpwZyIsInR4dCI6Ik9uZGFzIGRlIENob3F1ZTogQWx0YSBUZWNub2xvZ1x1MDBlZGEgZW4gVHJhdGFtaWVudG9zIHBhcmEgdW5hIFJlY3VwZXJhY2lcdTAwZjNuIHkgQmVsbGV6YSBTdWJsaW1lIiwidGVtcGxhdGUiOiJlZGdlIiwiYmxvZ19pZCI6MTU5OTg1NzQwfQ.dPlFGO0QZbAA6FIafxKV8rJn21-Aaus4JEJ8wdpTLlAMQ"},"version":2},"jetpack_post_was_ever_published":false},"categories":[17,6311],"tags":[313,6642,6624,7024,59],"thb-sponsors":[6643],"class_list":["post-58190","post","type-post","status-publish","format-standard","has-post-thumbnail","hentry","category-belleza","category-salud","tag-belleza","tag-clinicas-mila-cano","tag-mila-cano","tag-onda-de-choque","tag-salud"],"yoast_head":"<!-- This site is optimized with the Yoast SEO plugin v28.4 - https:\/\/yoast.com\/product\/yoast-seo-wordpress\/ -->\n<title>Ondas de Choque: Alta Tecnolog\u00eda en Tratamientos para una Recuperaci\u00f3n y Belleza Sublime | LUXONOMY<\/title>\n<meta name=\"robots\" content=\"index, follow, max-snippet:-1, max-image-preview:large, max-video-preview:-1\" \/>\n<link rel=\"canonical\" href=\"https:\/\/luxonomy.net\/es\/ondas-de-choque-alta-tecnologia-en-tratamientos-para-una-recuperacion-y-belleza-sublime\/\" \/>\n<meta property=\"og:locale\" content=\"es_ES\" \/>\n<meta property=\"og:type\" content=\"article\" \/>\n<meta property=\"og:title\" content=\"Ondas de Choque: Alta Tecnolog\u00eda en Tratamientos para una Recuperaci\u00f3n y Belleza Sublime | LUXONOMY\" \/>\n<meta property=\"og:description\" content=\"En el \u00e1mbito de la medicina est\u00e9tica y rehabilitaci\u00f3n, los tratamientos con ondas de choque han emergido como una soluci\u00f3n avanzada y efectiva para la reducci\u00f3n del dolor, la mejora de la circulaci\u00f3n y el tratamiento de diversas lesiones. Estos procedimientos han evolucionado significativamente en los \u00faltimos a\u00f1os, incorporando tecnolog\u00edas de vanguardia que optimizan sus resultados. Entre los m\u00e9todos m\u00e1s destacados se encuentran las ondas de choque focales planares, radiales y vibracionales de alta frecuencia. En este art\u00edculo, exploraremos en profundidad c\u00f3mo funcionan estos tratamientos y por qu\u00e9 se consideran de los m\u00e1s avanzados en el mercado.\" \/>\n<meta property=\"og:url\" content=\"https:\/\/luxonomy.net\/es\/ondas-de-choque-alta-tecnologia-en-tratamientos-para-una-recuperacion-y-belleza-sublime\/\" \/>\n<meta property=\"og:site_name\" content=\"LUXONOMY\" \/>\n<meta property=\"article:publisher\" content=\"https:\/\/www.facebook.com\/luxonomy\" \/>\n<meta property=\"article:published_time\" content=\"2024-08-22T12:25:27+00:00\" \/>\n<meta property=\"article:modified_time\" content=\"2024-08-22T12:28:01+00:00\" \/>\n<meta property=\"og:image\" content=\"https:\/\/i0.wp.com\/luxonomy.net\/wp-content\/uploads\/2024\/08\/generated-image-47.jpg?fit=1200%2C630&quality=89&ssl=1\" \/>\n\t<meta property=\"og:image:width\" content=\"1200\" \/>\n\t<meta property=\"og:image:height\" content=\"630\" \/>\n\t<meta property=\"og:image:type\" content=\"image\/jpeg\" \/>\n<meta name=\"author\" content=\"Mila Cano\" \/>\n<meta name=\"twitter:card\" content=\"summary_large_image\" \/>\n<meta name=\"twitter:label1\" content=\"Escrito por\" \/>\n\t<meta name=\"twitter:data1\" content=\"Mila Cano\" \/>\n\t<meta name=\"twitter:label2\" content=\"Tiempo de lectura\" \/>\n\t<meta name=\"twitter:data2\" content=\"4 minutos\" \/>\n<script type=\"application\/ld+json\" class=\"yoast-schema-graph\">{\"@context\":\"https:\\\/\\\/schema.org\",\"@graph\":[{\"@type\":\"Article\",\"@id\":\"https:\\\/\\\/luxonomy.net\\\/es\\\/ondas-de-choque-alta-tecnologia-en-tratamientos-para-una-recuperacion-y-belleza-sublime\\\/#article\",\"isPartOf\":{\"@id\":\"https:\\\/\\\/luxonomy.net\\\/es\\\/ondas-de-choque-alta-tecnologia-en-tratamientos-para-una-recuperacion-y-belleza-sublime\\\/\"},\"author\":{\"name\":\"Mila Cano\",\"@id\":\"https:\\\/\\\/luxonomy.net\\\/es\\\/#\\\/schema\\\/person\\\/42a112dc2db4d8add5b308da5c6a8f96\"},\"headline\":\"Ondas de Choque: Alta Tecnolog\u00eda en Tratamientos para una Recuperaci\u00f3n y Belleza Sublime\",\"datePublished\":\"2024-08-22T12:25:27+00:00\",\"dateModified\":\"2024-08-22T12:28:01+00:00\",\"mainEntityOfPage\":{\"@id\":\"https:\\\/\\\/luxonomy.net\\\/es\\\/ondas-de-choque-alta-tecnologia-en-tratamientos-para-una-recuperacion-y-belleza-sublime\\\/\"},\"wordCount\":892,\"commentCount\":0,\"publisher\":{\"@id\":\"https:\\\/\\\/luxonomy.net\\\/es\\\/#organization\"},\"image\":{\"@id\":\"https:\\\/\\\/luxonomy.net\\\/es\\\/ondas-de-choque-alta-tecnologia-en-tratamientos-para-una-recuperacion-y-belleza-sublime\\\/#primaryimage\"},\"thumbnailUrl\":\"https:\\\/\\\/i0.wp.com\\\/luxonomy.net\\\/wp-content\\\/uploads\\\/2024\\\/08\\\/generated-image-47.jpg?fit=1200%2C630&ssl=1\",\"keywords\":[\"belleza\",\"Cl\u00ednicas Mila Cano\",\"Mila Cano\",\"onda de choque\",\"salud\"],\"articleSection\":[\"Belleza\",\"Salud\"],\"inLanguage\":\"es\",\"potentialAction\":[{\"@type\":\"CommentAction\",\"name\":\"Comment\",\"target\":[\"https:\\\/\\\/luxonomy.net\\\/es\\\/ondas-de-choque-alta-tecnologia-en-tratamientos-para-una-recuperacion-y-belleza-sublime\\\/#respond\"]}]},{\"@type\":\"WebPage\",\"@id\":\"https:\\\/\\\/luxonomy.net\\\/es\\\/ondas-de-choque-alta-tecnologia-en-tratamientos-para-una-recuperacion-y-belleza-sublime\\\/\",\"url\":\"https:\\\/\\\/luxonomy.net\\\/es\\\/ondas-de-choque-alta-tecnologia-en-tratamientos-para-una-recuperacion-y-belleza-sublime\\\/\",\"name\":\"Ondas de Choque: Alta Tecnolog\u00eda en Tratamientos para una Recuperaci\u00f3n y Belleza Sublime | LUXONOMY\",\"isPartOf\":{\"@id\":\"https:\\\/\\\/luxonomy.net\\\/es\\\/#website\"},\"primaryImageOfPage\":{\"@id\":\"https:\\\/\\\/luxonomy.net\\\/es\\\/ondas-de-choque-alta-tecnologia-en-tratamientos-para-una-recuperacion-y-belleza-sublime\\\/#primaryimage\"},\"image\":{\"@id\":\"https:\\\/\\\/luxonomy.net\\\/es\\\/ondas-de-choque-alta-tecnologia-en-tratamientos-para-una-recuperacion-y-belleza-sublime\\\/#primaryimage\"},\"thumbnailUrl\":\"https:\\\/\\\/i0.wp.com\\\/luxonomy.net\\\/wp-content\\\/uploads\\\/2024\\\/08\\\/generated-image-47.jpg?fit=1200%2C630&ssl=1\",\"datePublished\":\"2024-08-22T12:25:27+00:00\",\"dateModified\":\"2024-08-22T12:28:01+00:00\",\"breadcrumb\":{\"@id\":\"https:\\\/\\\/luxonomy.net\\\/es\\\/ondas-de-choque-alta-tecnologia-en-tratamientos-para-una-recuperacion-y-belleza-sublime\\\/#breadcrumb\"},\"inLanguage\":\"es\",\"potentialAction\":[{\"@type\":\"ReadAction\",\"target\":[\"https:\\\/\\\/luxonomy.net\\\/es\\\/ondas-de-choque-alta-tecnologia-en-tratamientos-para-una-recuperacion-y-belleza-sublime\\\/\"]}]},{\"@type\":\"ImageObject\",\"inLanguage\":\"es\",\"@id\":\"https:\\\/\\\/luxonomy.net\\\/es\\\/ondas-de-choque-alta-tecnologia-en-tratamientos-para-una-recuperacion-y-belleza-sublime\\\/#primaryimage\",\"url\":\"https:\\\/\\\/i0.wp.com\\\/luxonomy.net\\\/wp-content\\\/uploads\\\/2024\\\/08\\\/generated-image-47.jpg?fit=1200%2C630&ssl=1\",\"contentUrl\":\"https:\\\/\\\/i0.wp.com\\\/luxonomy.net\\\/wp-content\\\/uploads\\\/2024\\\/08\\\/generated-image-47.jpg?fit=1200%2C630&ssl=1\",\"width\":1200,\"height\":630},{\"@type\":\"BreadcrumbList\",\"@id\":\"https:\\\/\\\/luxonomy.net\\\/es\\\/ondas-de-choque-alta-tecnologia-en-tratamientos-para-una-recuperacion-y-belleza-sublime\\\/#breadcrumb\",\"itemListElement\":[{\"@type\":\"ListItem\",\"position\":1,\"name\":\"Portada\",\"item\":\"https:\\\/\\\/luxonomy.net\\\/es\\\/\"},{\"@type\":\"ListItem\",\"position\":2,\"name\":\"Ondas de Choque: Alta Tecnolog\u00eda en Tratamientos para una Recuperaci\u00f3n y Belleza Sublime\"}]},{\"@type\":\"WebSite\",\"@id\":\"https:\\\/\\\/luxonomy.net\\\/es\\\/#website\",\"url\":\"https:\\\/\\\/luxonomy.net\\\/es\\\/\",\"name\":\"LUXONOMY\",\"description\":\"The Economy of Fashion &amp; Luxury\",\"publisher\":{\"@id\":\"https:\\\/\\\/luxonomy.net\\\/es\\\/#organization\"},\"potentialAction\":[{\"@type\":\"SearchAction\",\"target\":{\"@type\":\"EntryPoint\",\"urlTemplate\":\"https:\\\/\\\/luxonomy.net\\\/es\\\/?s={search_term_string}\"},\"query-input\":{\"@type\":\"PropertyValueSpecification\",\"valueRequired\":true,\"valueName\":\"search_term_string\"}}],\"inLanguage\":\"es\"},{\"@type\":\"Organization\",\"@id\":\"https:\\\/\\\/luxonomy.net\\\/es\\\/#organization\",\"name\":\"LUXONOMY\",\"url\":\"https:\\\/\\\/luxonomy.net\\\/es\\\/\",\"logo\":{\"@type\":\"ImageObject\",\"inLanguage\":\"es\",\"@id\":\"https:\\\/\\\/luxonomy.net\\\/es\\\/#\\\/schema\\\/logo\\\/image\\\/\",\"url\":\"https:\\\/\\\/i2.wp.com\\\/luxonomy.net\\\/wp-content\\\/uploads\\\/2021\\\/09\\\/MOCKUP-TODOS-LUXONOMY.jpg?fit=1000%2C515&ssl=1\",\"contentUrl\":\"https:\\\/\\\/i2.wp.com\\\/luxonomy.net\\\/wp-content\\\/uploads\\\/2021\\\/09\\\/MOCKUP-TODOS-LUXONOMY.jpg?fit=1000%2C515&ssl=1\",\"width\":1000,\"height\":515,\"caption\":\"LUXONOMY\"},\"image\":{\"@id\":\"https:\\\/\\\/luxonomy.net\\\/es\\\/#\\\/schema\\\/logo\\\/image\\\/\"},\"sameAs\":[\"https:\\\/\\\/www.facebook.com\\\/luxonomy\",\"https:\\\/\\\/www.instagram.com\\\/luxonomy\\\/\",\"https:\\\/\\\/www.linkedin.com\\\/company\\\/luxonomy\\\/\"]},{\"@type\":\"Person\",\"@id\":\"https:\\\/\\\/luxonomy.net\\\/es\\\/#\\\/schema\\\/person\\\/42a112dc2db4d8add5b308da5c6a8f96\",\"name\":\"Mila Cano\",\"image\":{\"@type\":\"ImageObject\",\"inLanguage\":\"es\",\"@id\":\"https:\\\/\\\/luxonomy.net\\\/wp-content\\\/litespeed\\\/avatar\\\/1257d6ddf705b74b6cb90cf75121b939.jpg?ver=1788589197\",\"url\":\"https:\\\/\\\/luxonomy.net\\\/wp-content\\\/litespeed\\\/avatar\\\/1257d6ddf705b74b6cb90cf75121b939.jpg?ver=1788589197\",\"contentUrl\":\"https:\\\/\\\/luxonomy.net\\\/wp-content\\\/litespeed\\\/avatar\\\/1257d6ddf705b74b6cb90cf75121b939.jpg?ver=1788589197\",\"caption\":\"Mila Cano\"},\"description\":\"Directora de CL\u00cdNICAS MILA CANO. Tel\u00e9fono:\u00a0963 95 26 05. Direcci\u00f3n:\u00a0Gran Via del Marqu\u00e9s del T\u00faria, 20, planta 1 puertas 3 y 4, 46005 Valencia\",\"sameAs\":[\"https:\\\/\\\/www.mcmilacano.com\"],\"url\":\"https:\\\/\\\/luxonomy.net\\\/es\\\/author\\\/mila-cano\\\/\"}]}<\/script>\n<!-- \/ Yoast SEO plugin. -->","yoast_head_json":{"title":"Ondas de Choque: Alta Tecnolog\u00eda en Tratamientos para una Recuperaci\u00f3n y Belleza Sublime | LUXONOMY","robots":{"index":"index","follow":"follow","max-snippet":"max-snippet:-1","max-image-preview":"max-image-preview:large","max-video-preview":"max-video-preview:-1"},"canonical":"https:\/\/luxonomy.net\/es\/ondas-de-choque-alta-tecnologia-en-tratamientos-para-una-recuperacion-y-belleza-sublime\/","og_locale":"es_ES","og_type":"article","og_title":"Ondas de Choque: Alta Tecnolog\u00eda en Tratamientos para una Recuperaci\u00f3n y Belleza Sublime | LUXONOMY","og_description":"En el \u00e1mbito de la medicina est\u00e9tica y rehabilitaci\u00f3n, los tratamientos con ondas de choque han emergido como una soluci\u00f3n avanzada y efectiva para la reducci\u00f3n del dolor, la mejora de la circulaci\u00f3n y el tratamiento de diversas lesiones. Estos procedimientos han evolucionado significativamente en los \u00faltimos a\u00f1os, incorporando tecnolog\u00edas de vanguardia que optimizan sus resultados. Entre los m\u00e9todos m\u00e1s destacados se encuentran las ondas de choque focales planares, radiales y vibracionales de alta frecuencia. En este art\u00edculo, exploraremos en profundidad c\u00f3mo funcionan estos tratamientos y por qu\u00e9 se consideran de los m\u00e1s avanzados en el mercado.","og_url":"https:\/\/luxonomy.net\/es\/ondas-de-choque-alta-tecnologia-en-tratamientos-para-una-recuperacion-y-belleza-sublime\/","og_site_name":"LUXONOMY","article_publisher":"https:\/\/www.facebook.com\/luxonomy","article_published_time":"2024-08-22T12:25:27+00:00","article_modified_time":"2024-08-22T12:28:01+00:00","og_image":[{"width":1200,"height":630,"url":"https:\/\/i0.wp.com\/luxonomy.net\/wp-content\/uploads\/2024\/08\/generated-image-47.jpg?fit=1200%2C630&quality=89&ssl=1","type":"image\/jpeg"}],"author":"Mila Cano","twitter_card":"summary_large_image","twitter_misc":{"Escrito por":"Mila Cano","Tiempo de lectura":"4 minutos"},"schema":{"@context":"https:\/\/schema.org","@graph":[{"@type":"Article","@id":"https:\/\/luxonomy.net\/es\/ondas-de-choque-alta-tecnologia-en-tratamientos-para-una-recuperacion-y-belleza-sublime\/#article","isPartOf":{"@id":"https:\/\/luxonomy.net\/es\/ondas-de-choque-alta-tecnologia-en-tratamientos-para-una-recuperacion-y-belleza-sublime\/"},"author":{"name":"Mila Cano","@id":"https:\/\/luxonomy.net\/es\/#\/schema\/person\/42a112dc2db4d8add5b308da5c6a8f96"},"headline":"Ondas de Choque: Alta Tecnolog\u00eda en Tratamientos para una Recuperaci\u00f3n y Belleza Sublime","datePublished":"2024-08-22T12:25:27+00:00","dateModified":"2024-08-22T12:28:01+00:00","mainEntityOfPage":{"@id":"https:\/\/luxonomy.net\/es\/ondas-de-choque-alta-tecnologia-en-tratamientos-para-una-recuperacion-y-belleza-sublime\/"},"wordCount":892,"commentCount":0,"publisher":{"@id":"https:\/\/luxonomy.net\/es\/#organization"},"image":{"@id":"https:\/\/luxonomy.net\/es\/ondas-de-choque-alta-tecnologia-en-tratamientos-para-una-recuperacion-y-belleza-sublime\/#primaryimage"},"thumbnailUrl":"https:\/\/i0.wp.com\/luxonomy.net\/wp-content\/uploads\/2024\/08\/generated-image-47.jpg?fit=1200%2C630&ssl=1","keywords":["belleza","Cl\u00ednicas Mila Cano","Mila Cano","onda de choque","salud"],"articleSection":["Belleza","Salud"],"inLanguage":"es","potentialAction":[{"@type":"CommentAction","name":"Comment","target":["https:\/\/luxonomy.net\/es\/ondas-de-choque-alta-tecnologia-en-tratamientos-para-una-recuperacion-y-belleza-sublime\/#respond"]}]},{"@type":"WebPage","@id":"https:\/\/luxonomy.net\/es\/ondas-de-choque-alta-tecnologia-en-tratamientos-para-una-recuperacion-y-belleza-sublime\/","url":"https:\/\/luxonomy.net\/es\/ondas-de-choque-alta-tecnologia-en-tratamientos-para-una-recuperacion-y-belleza-sublime\/","name":"Ondas de Choque: Alta Tecnolog\u00eda en Tratamientos para una Recuperaci\u00f3n y Belleza Sublime | LUXONOMY","isPartOf":{"@id":"https:\/\/luxonomy.net\/es\/#website"},"primaryImageOfPage":{"@id":"https:\/\/luxonomy.net\/es\/ondas-de-choque-alta-tecnologia-en-tratamientos-para-una-recuperacion-y-belleza-sublime\/#primaryimage"},"image":{"@id":"https:\/\/luxonomy.net\/es\/ondas-de-choque-alta-tecnologia-en-tratamientos-para-una-recuperacion-y-belleza-sublime\/#primaryimage"},"thumbnailUrl":"https:\/\/i0.wp.com\/luxonomy.net\/wp-content\/uploads\/2024\/08\/generated-image-47.jpg?fit=1200%2C630&ssl=1","datePublished":"2024-08-22T12:25:27+00:00","dateModified":"2024-08-22T12:28:01+00:00","breadcrumb":{"@id":"https:\/\/luxonomy.net\/es\/ondas-de-choque-alta-tecnologia-en-tratamientos-para-una-recuperacion-y-belleza-sublime\/#breadcrumb"},"inLanguage":"es","potentialAction":[{"@type":"ReadAction","target":["https:\/\/luxonomy.net\/es\/ondas-de-choque-alta-tecnologia-en-tratamientos-para-una-recuperacion-y-belleza-sublime\/"]}]},{"@type":"ImageObject","inLanguage":"es","@id":"https:\/\/luxonomy.net\/es\/ondas-de-choque-alta-tecnologia-en-tratamientos-para-una-recuperacion-y-belleza-sublime\/#primaryimage","url":"https:\/\/i0.wp.com\/luxonomy.net\/wp-content\/uploads\/2024\/08\/generated-image-47.jpg?fit=1200%2C630&ssl=1","contentUrl":"https:\/\/i0.wp.com\/luxonomy.net\/wp-content\/uploads\/2024\/08\/generated-image-47.jpg?fit=1200%2C630&ssl=1","width":1200,"height":630},{"@type":"BreadcrumbList","@id":"https:\/\/luxonomy.net\/es\/ondas-de-choque-alta-tecnologia-en-tratamientos-para-una-recuperacion-y-belleza-sublime\/#breadcrumb","itemListElement":[{"@type":"ListItem","position":1,"name":"Portada","item":"https:\/\/luxonomy.net\/es\/"},{"@type":"ListItem","position":2,"name":"Ondas de Choque: Alta Tecnolog\u00eda en Tratamientos para una Recuperaci\u00f3n y Belleza Sublime"}]},{"@type":"WebSite","@id":"https:\/\/luxonomy.net\/es\/#website","url":"https:\/\/luxonomy.net\/es\/","name":"LUXONOMY","description":"The Economy of Fashion &amp; Luxury","publisher":{"@id":"https:\/\/luxonomy.net\/es\/#organization"},"potentialAction":[{"@type":"SearchAction","target":{"@type":"EntryPoint","urlTemplate":"https:\/\/luxonomy.net\/es\/?s={search_term_string}"},"query-input":{"@type":"PropertyValueSpecification","valueRequired":true,"valueName":"search_term_string"}}],"inLanguage":"es"},{"@type":"Organization","@id":"https:\/\/luxonomy.net\/es\/#organization","name":"LUXONOMY","url":"https:\/\/luxonomy.net\/es\/","logo":{"@type":"ImageObject","inLanguage":"es","@id":"https:\/\/luxonomy.net\/es\/#\/schema\/logo\/image\/","url":"https:\/\/i2.wp.com\/luxonomy.net\/wp-content\/uploads\/2021\/09\/MOCKUP-TODOS-LUXONOMY.jpg?fit=1000%2C515&ssl=1","contentUrl":"https:\/\/i2.wp.com\/luxonomy.net\/wp-content\/uploads\/2021\/09\/MOCKUP-TODOS-LUXONOMY.jpg?fit=1000%2C515&ssl=1","width":1000,"height":515,"caption":"LUXONOMY"},"image":{"@id":"https:\/\/luxonomy.net\/es\/#\/schema\/logo\/image\/"},"sameAs":["https:\/\/www.facebook.com\/luxonomy","https:\/\/www.instagram.com\/luxonomy\/","https:\/\/www.linkedin.com\/company\/luxonomy\/"]},{"@type":"Person","@id":"https:\/\/luxonomy.net\/es\/#\/schema\/person\/42a112dc2db4d8add5b308da5c6a8f96","name":"Mila Cano","image":{"@type":"ImageObject","inLanguage":"es","@id":"https:\/\/luxonomy.net\/wp-content\/litespeed\/avatar\/1257d6ddf705b74b6cb90cf75121b939.jpg?ver=1788589197","url":"https:\/\/luxonomy.net\/wp-content\/litespeed\/avatar\/1257d6ddf705b74b6cb90cf75121b939.jpg?ver=1788589197","contentUrl":"https:\/\/luxonomy.net\/wp-content\/litespeed\/avatar\/1257d6ddf705b74b6cb90cf75121b939.jpg?ver=1788589197","caption":"Mila Cano"},"description":"Directora de CL\u00cdNICAS MILA CANO. Tel\u00e9fono:\u00a0963 95 26 05. Direcci\u00f3n:\u00a0Gran Via del Marqu\u00e9s del T\u00faria, 20, planta 1 puertas 3 y 4, 46005 Valencia","sameAs":["https:\/\/www.mcmilacano.com"],"url":"https:\/\/luxonomy.net\/es\/author\/mila-cano\/"}]}},"jetpack_publicize_connections":[],"jetpack_shortlink":"https:\/\/wp.me\/paPhBa-f8y","jetpack_sharing_enabled":true,"jetpack_featured_media_url":"https:\/\/i0.wp.com\/luxonomy.net\/wp-content\/uploads\/2024\/08\/generated-image-47.jpg?fit=1200%2C630&ssl=1","_links":{"self":[{"href":"https:\/\/luxonomy.net\/es\/wp-json\/wp\/v2\/posts\/58190","targetHints":{"allow":["GET"]}}],"collection":[{"href":"https:\/\/luxonomy.net\/es\/wp-json\/wp\/v2\/posts"}],"about":[{"href":"https:\/\/luxonomy.net\/es\/wp-json\/wp\/v2\/types\/post"}],"author":[{"embeddable":true,"href":"https:\/\/luxonomy.net\/es\/wp-json\/wp\/v2\/users\/38"}],"replies":[{"embeddable":true,"href":"https:\/\/luxonomy.net\/es\/wp-json\/wp\/v2\/comments?post=58190"}],"version-history":[{"count":6,"href":"https:\/\/luxonomy.net\/es\/wp-json\/wp\/v2\/posts\/58190\/revisions"}],"predecessor-version":[{"id":58198,"href":"https:\/\/luxonomy.net\/es\/wp-json\/wp\/v2\/posts\/58190\/revisions\/58198"}],"wp:featuredmedia":[{"embeddable":true,"href":"https:\/\/luxonomy.net\/es\/wp-json\/wp\/v2\/media\/58201"}],"wp:attachment":[{"href":"https:\/\/luxonomy.net\/es\/wp-json\/wp\/v2\/media?parent=58190"}],"wp:term":[{"taxonomy":"category","embeddable":true,"href":"https:\/\/luxonomy.net\/es\/wp-json\/wp\/v2\/categories?post=58190"},{"taxonomy":"post_tag","embeddable":true,"href":"https:\/\/luxonomy.net\/es\/wp-json\/wp\/v2\/tags?post=58190"},{"taxonomy":"thb-sponsors","embeddable":true,"href":"https:\/\/luxonomy.net\/es\/wp-json\/wp\/v2\/thb-sponsors?post=58190"}],"curies":[{"name":"wp","href":"https:\/\/api.w.org\/{rel}","templated":true}]}}