{"id":58145,"date":"2024-08-22T13:36:59","date_gmt":"2024-08-22T11:36:59","guid":{"rendered":"https:\/?p=58145"},"modified":"2024-08-22T14:31:41","modified_gmt":"2024-08-22T12:31:41","slug":"lexus-y-los-hermanos-torres-juntos-de-nuevo-en-recetas-con-recorrido","status":"publish","type":"post","link":"https:\/\/luxonomy.net\/es\/lexus-y-los-hermanos-torres-juntos-de-nuevo-en-recetas-con-recorrido\/","title":{"rendered":"Lexus y los hermanos Torres juntos de nuevo en \u00abRecetas con recorrido\u00bb"},"content":{"rendered":"\n<p class=\"wp-block-paragraph\">En esta ocasi\u00f3n los Hermanos Torres realizan sus recetas con productos de kil\u00f3metro cero dentro de la ciudad de Barcelona y para sus desplazamientos elegir\u00e1n una vez m\u00e1s el RX 450h+ h\u00edbrido enchufable.<\/p>\n\n\n\n<p class=\"wp-block-paragraph\">Dos recetas con dos ingredientes poderosos: una de ellas incluye los mejillones, mientras que la otra est\u00e1 elaborada con flores recolectadas en el Monte Tibidabo y la Rabassada.<\/p>\n\n\n\n<p class=\"wp-block-paragraph\">Cada ma\u00f1ana, los Hermanos Torres recogen una variedad de flores para aderezar los platos que sirven en sus restaurantes. Este paseo, que a veces realizan en bicicleta, tambi\u00e9n les sirve para inspirarse y dotar a sus platos de ingredientes sostenibles recolectados a muy poca distancia del restaurante.<\/p>\n\n\n\n<p class=\"wp-block-paragraph\">Adem\u00e1s, en esta entrega, los Hermanos Torres rinden homenaje a la ciudad de Barcelona. Por esta raz\u00f3n recorren algunas de sus calles m\u00e1s emblem\u00e1ticas y lugares con m\u00e1s identidad e historia a pie y a bordo del RX 450h+. Las vistas de la ciudad tambi\u00e9n quedar\u00e1n plasmadas desde el Tibidabo y la Rabassada as\u00ed como la zona alta de Plaza Espa\u00f1a.<\/p>\n\n\n\n<p class=\"wp-block-paragraph\">Posteriormente, los hermanos Torres se dirigen al puerto, donde reciben los mejillones del patr\u00f3n de una embarcaci\u00f3n y muestran la belleza de este entorno costero y deportivo de la ciudad.<\/p>\n\n\n\n<p class=\"wp-block-paragraph\">Finalmente, ya en su restaurante Cocina Hermanos Torres, preparan ambas recetas con los ingredientes obtenidos en la ciudad y el entorno de Barcelona.<\/p>\n\n\n\n<div class=\"wp-block-jetpack-slideshow aligncenter\" data-autoplay=\"true\" data-delay=\"3\" data-effect=\"slide\"><div class=\"wp-block-jetpack-slideshow_container swiper-container\"><ul class=\"wp-block-jetpack-slideshow_swiper-wrapper swiper-wrapper\"><li class=\"wp-block-jetpack-slideshow_slide swiper-slide\"><figure><img loading=\"lazy\" decoding=\"async\" width=\"1024\" height=\"683\" alt=\"\" class=\"wp-block-jetpack-slideshow_image wp-image-58154 lazyload\" data-id=\"58154\" src=\"data:image\/gif;base64,R0lGODlhAQABAAAAACH5BAEKAAEALAAAAAABAAEAAAICTAEAOw==\" data-src=\"http:\/\/luxonomy.net\/wp-content\/uploads\/2024\/08\/LEXUS_HERMANOS_TORRES_VOL4_0215-1024x683.jpg\" data-sizes=\"auto\" data-srcset=\"https:\/\/i0.wp.com\/luxonomy.net\/wp-content\/uploads\/2024\/08\/LEXUS_HERMANOS_TORRES_VOL4_0215-scaled.jpg?resize=1024%2C683&amp;ssl=1 1024w, https:\/\/i0.wp.com\/luxonomy.net\/wp-content\/uploads\/2024\/08\/LEXUS_HERMANOS_TORRES_VOL4_0215-scaled.jpg?resize=300%2C200&amp;ssl=1 300w, https:\/\/i0.wp.com\/luxonomy.net\/wp-content\/uploads\/2024\/08\/LEXUS_HERMANOS_TORRES_VOL4_0215-scaled.jpg?resize=768%2C512&amp;ssl=1 768w, https:\/\/i0.wp.com\/luxonomy.net\/wp-content\/uploads\/2024\/08\/LEXUS_HERMANOS_TORRES_VOL4_0215-scaled.jpg?resize=370%2C247&amp;ssl=1 370w, https:\/\/i0.wp.com\/luxonomy.net\/wp-content\/uploads\/2024\/08\/LEXUS_HERMANOS_TORRES_VOL4_0215-scaled.jpg?resize=800%2C533&amp;ssl=1 800w, https:\/\/i0.wp.com\/luxonomy.net\/wp-content\/uploads\/2024\/08\/LEXUS_HERMANOS_TORRES_VOL4_0215-scaled.jpg?resize=20%2C13&amp;ssl=1 20w, https:\/\/i0.wp.com\/luxonomy.net\/wp-content\/uploads\/2024\/08\/LEXUS_HERMANOS_TORRES_VOL4_0215-scaled.jpg?resize=740%2C493&amp;ssl=1 740w, https:\/\/i0.wp.com\/luxonomy.net\/wp-content\/uploads\/2024\/08\/LEXUS_HERMANOS_TORRES_VOL4_0215-scaled.jpg?resize=600%2C400&amp;ssl=1 600w, https:\/\/i0.wp.com\/luxonomy.net\/wp-content\/uploads\/2024\/08\/LEXUS_HERMANOS_TORRES_VOL4_0215-scaled.jpg?resize=72%2C48&amp;ssl=1 72w, https:\/\/i0.wp.com\/luxonomy.net\/wp-content\/uploads\/2024\/08\/LEXUS_HERMANOS_TORRES_VOL4_0215-scaled.jpg?w=2340&amp;ssl=1 2340w\" sizes=\"(max-width: 1024px) 100vw, 1024px\" \/><\/figure><\/li><li class=\"wp-block-jetpack-slideshow_slide swiper-slide\"><figure><img loading=\"lazy\" decoding=\"async\" width=\"1024\" height=\"683\" alt=\"\" class=\"wp-block-jetpack-slideshow_image wp-image-58156 lazyload\" data-id=\"58156\" src=\"data:image\/gif;base64,R0lGODlhAQABAAAAACH5BAEKAAEALAAAAAABAAEAAAICTAEAOw==\" data-src=\"http:\/\/luxonomy.net\/wp-content\/uploads\/2024\/08\/LEXUS_HERMANOS_TORRES_VOL4_0224-1024x683.jpg\" data-sizes=\"auto\" data-srcset=\"https:\/\/i0.wp.com\/luxonomy.net\/wp-content\/uploads\/2024\/08\/LEXUS_HERMANOS_TORRES_VOL4_0224-scaled.jpg?resize=1024%2C683&amp;ssl=1 1024w, https:\/\/i0.wp.com\/luxonomy.net\/wp-content\/uploads\/2024\/08\/LEXUS_HERMANOS_TORRES_VOL4_0224-scaled.jpg?resize=300%2C200&amp;ssl=1 300w, https:\/\/i0.wp.com\/luxonomy.net\/wp-content\/uploads\/2024\/08\/LEXUS_HERMANOS_TORRES_VOL4_0224-scaled.jpg?resize=768%2C512&amp;ssl=1 768w, https:\/\/i0.wp.com\/luxonomy.net\/wp-content\/uploads\/2024\/08\/LEXUS_HERMANOS_TORRES_VOL4_0224-scaled.jpg?resize=370%2C247&amp;ssl=1 370w, https:\/\/i0.wp.com\/luxonomy.net\/wp-content\/uploads\/2024\/08\/LEXUS_HERMANOS_TORRES_VOL4_0224-scaled.jpg?resize=800%2C533&amp;ssl=1 800w, https:\/\/i0.wp.com\/luxonomy.net\/wp-content\/uploads\/2024\/08\/LEXUS_HERMANOS_TORRES_VOL4_0224-scaled.jpg?resize=20%2C13&amp;ssl=1 20w, https:\/\/i0.wp.com\/luxonomy.net\/wp-content\/uploads\/2024\/08\/LEXUS_HERMANOS_TORRES_VOL4_0224-scaled.jpg?resize=740%2C493&amp;ssl=1 740w, https:\/\/i0.wp.com\/luxonomy.net\/wp-content\/uploads\/2024\/08\/LEXUS_HERMANOS_TORRES_VOL4_0224-scaled.jpg?resize=600%2C400&amp;ssl=1 600w, https:\/\/i0.wp.com\/luxonomy.net\/wp-content\/uploads\/2024\/08\/LEXUS_HERMANOS_TORRES_VOL4_0224-scaled.jpg?resize=72%2C48&amp;ssl=1 72w, https:\/\/i0.wp.com\/luxonomy.net\/wp-content\/uploads\/2024\/08\/LEXUS_HERMANOS_TORRES_VOL4_0224-scaled.jpg?w=2340&amp;ssl=1 2340w\" sizes=\"(max-width: 1024px) 100vw, 1024px\" \/><\/figure><\/li><li class=\"wp-block-jetpack-slideshow_slide swiper-slide\"><figure><img loading=\"lazy\" decoding=\"async\" width=\"683\" height=\"1024\" alt=\"\" class=\"wp-block-jetpack-slideshow_image wp-image-58158 lazyload\" data-id=\"58158\" src=\"data:image\/gif;base64,R0lGODlhAQABAAAAACH5BAEKAAEALAAAAAABAAEAAAICTAEAOw==\" data-src=\"http:\/\/luxonomy.net\/wp-content\/uploads\/2024\/08\/LEXUS_HERMANOS_TORRES_VOL4_0235-683x1024.jpg\" data-sizes=\"auto\" data-srcset=\"https:\/\/i0.wp.com\/luxonomy.net\/wp-content\/uploads\/2024\/08\/LEXUS_HERMANOS_TORRES_VOL4_0235-scaled.jpg?resize=683%2C1024&amp;ssl=1 683w, https:\/\/i0.wp.com\/luxonomy.net\/wp-content\/uploads\/2024\/08\/LEXUS_HERMANOS_TORRES_VOL4_0235-scaled.jpg?resize=200%2C300&amp;ssl=1 200w, https:\/\/i0.wp.com\/luxonomy.net\/wp-content\/uploads\/2024\/08\/LEXUS_HERMANOS_TORRES_VOL4_0235-scaled.jpg?resize=370%2C555&amp;ssl=1 370w, https:\/\/i0.wp.com\/luxonomy.net\/wp-content\/uploads\/2024\/08\/LEXUS_HERMANOS_TORRES_VOL4_0235-scaled.jpg?resize=20%2C30&amp;ssl=1 20w, https:\/\/i0.wp.com\/luxonomy.net\/wp-content\/uploads\/2024\/08\/LEXUS_HERMANOS_TORRES_VOL4_0235-scaled.jpg?resize=600%2C900&amp;ssl=1 600w, https:\/\/i0.wp.com\/luxonomy.net\/wp-content\/uploads\/2024\/08\/LEXUS_HERMANOS_TORRES_VOL4_0235-scaled.jpg?resize=32%2C48&amp;ssl=1 32w\" sizes=\"(max-width: 683px) 100vw, 683px\" \/><\/figure><\/li><li class=\"wp-block-jetpack-slideshow_slide swiper-slide\"><figure><img loading=\"lazy\" decoding=\"async\" width=\"683\" height=\"1024\" alt=\"\" class=\"wp-block-jetpack-slideshow_image wp-image-58161 lazyload\" data-id=\"58161\" src=\"data:image\/gif;base64,R0lGODlhAQABAAAAACH5BAEKAAEALAAAAAABAAEAAAICTAEAOw==\" data-src=\"http:\/\/luxonomy.net\/wp-content\/uploads\/2024\/08\/LEXUS_HERMANOS_TORRES_VOL4_0253-683x1024.jpg\" data-sizes=\"auto\" data-srcset=\"https:\/\/i0.wp.com\/luxonomy.net\/wp-content\/uploads\/2024\/08\/LEXUS_HERMANOS_TORRES_VOL4_0253-scaled.jpg?resize=683%2C1024&amp;ssl=1 683w, https:\/\/i0.wp.com\/luxonomy.net\/wp-content\/uploads\/2024\/08\/LEXUS_HERMANOS_TORRES_VOL4_0253-scaled.jpg?resize=200%2C300&amp;ssl=1 200w, https:\/\/i0.wp.com\/luxonomy.net\/wp-content\/uploads\/2024\/08\/LEXUS_HERMANOS_TORRES_VOL4_0253-scaled.jpg?resize=370%2C555&amp;ssl=1 370w, https:\/\/i0.wp.com\/luxonomy.net\/wp-content\/uploads\/2024\/08\/LEXUS_HERMANOS_TORRES_VOL4_0253-scaled.jpg?resize=20%2C30&amp;ssl=1 20w, https:\/\/i0.wp.com\/luxonomy.net\/wp-content\/uploads\/2024\/08\/LEXUS_HERMANOS_TORRES_VOL4_0253-scaled.jpg?resize=600%2C900&amp;ssl=1 600w, https:\/\/i0.wp.com\/luxonomy.net\/wp-content\/uploads\/2024\/08\/LEXUS_HERMANOS_TORRES_VOL4_0253-scaled.jpg?resize=32%2C48&amp;ssl=1 32w\" sizes=\"(max-width: 683px) 100vw, 683px\" \/><\/figure><\/li><li class=\"wp-block-jetpack-slideshow_slide swiper-slide\"><figure><img loading=\"lazy\" decoding=\"async\" width=\"683\" height=\"1024\" alt=\"\" class=\"wp-block-jetpack-slideshow_image wp-image-58163 lazyload\" data-id=\"58163\" src=\"data:image\/gif;base64,R0lGODlhAQABAAAAACH5BAEKAAEALAAAAAABAAEAAAICTAEAOw==\" data-src=\"http:\/\/luxonomy.net\/wp-content\/uploads\/2024\/08\/LEXUS_HERMANOS_TORRES_VOL4_0265-683x1024.jpg\" data-sizes=\"auto\" data-srcset=\"https:\/\/i0.wp.com\/luxonomy.net\/wp-content\/uploads\/2024\/08\/LEXUS_HERMANOS_TORRES_VOL4_0265-scaled.jpg?resize=683%2C1024&amp;ssl=1 683w, https:\/\/i0.wp.com\/luxonomy.net\/wp-content\/uploads\/2024\/08\/LEXUS_HERMANOS_TORRES_VOL4_0265-scaled.jpg?resize=200%2C300&amp;ssl=1 200w, https:\/\/i0.wp.com\/luxonomy.net\/wp-content\/uploads\/2024\/08\/LEXUS_HERMANOS_TORRES_VOL4_0265-scaled.jpg?resize=370%2C555&amp;ssl=1 370w, https:\/\/i0.wp.com\/luxonomy.net\/wp-content\/uploads\/2024\/08\/LEXUS_HERMANOS_TORRES_VOL4_0265-scaled.jpg?resize=20%2C30&amp;ssl=1 20w, https:\/\/i0.wp.com\/luxonomy.net\/wp-content\/uploads\/2024\/08\/LEXUS_HERMANOS_TORRES_VOL4_0265-scaled.jpg?resize=600%2C900&amp;ssl=1 600w, https:\/\/i0.wp.com\/luxonomy.net\/wp-content\/uploads\/2024\/08\/LEXUS_HERMANOS_TORRES_VOL4_0265-scaled.jpg?resize=32%2C48&amp;ssl=1 32w\" sizes=\"(max-width: 683px) 100vw, 683px\" \/><\/figure><\/li><li class=\"wp-block-jetpack-slideshow_slide swiper-slide\"><figure><img loading=\"lazy\" decoding=\"async\" width=\"1024\" height=\"683\" alt=\"\" class=\"wp-block-jetpack-slideshow_image wp-image-58165 lazyload\" data-id=\"58165\" src=\"data:image\/gif;base64,R0lGODlhAQABAAAAACH5BAEKAAEALAAAAAABAAEAAAICTAEAOw==\" data-src=\"http:\/\/luxonomy.net\/wp-content\/uploads\/2024\/08\/LEXUS_HERMANOS_TORRES_VOL4_0319-1024x683.jpg\" data-sizes=\"auto\" data-srcset=\"https:\/\/i0.wp.com\/luxonomy.net\/wp-content\/uploads\/2024\/08\/LEXUS_HERMANOS_TORRES_VOL4_0319-scaled.jpg?resize=1024%2C683&amp;ssl=1 1024w, https:\/\/i0.wp.com\/luxonomy.net\/wp-content\/uploads\/2024\/08\/LEXUS_HERMANOS_TORRES_VOL4_0319-scaled.jpg?resize=300%2C200&amp;ssl=1 300w, https:\/\/i0.wp.com\/luxonomy.net\/wp-content\/uploads\/2024\/08\/LEXUS_HERMANOS_TORRES_VOL4_0319-scaled.jpg?resize=768%2C512&amp;ssl=1 768w, https:\/\/i0.wp.com\/luxonomy.net\/wp-content\/uploads\/2024\/08\/LEXUS_HERMANOS_TORRES_VOL4_0319-scaled.jpg?resize=370%2C247&amp;ssl=1 370w, https:\/\/i0.wp.com\/luxonomy.net\/wp-content\/uploads\/2024\/08\/LEXUS_HERMANOS_TORRES_VOL4_0319-scaled.jpg?resize=800%2C533&amp;ssl=1 800w, https:\/\/i0.wp.com\/luxonomy.net\/wp-content\/uploads\/2024\/08\/LEXUS_HERMANOS_TORRES_VOL4_0319-scaled.jpg?resize=20%2C13&amp;ssl=1 20w, https:\/\/i0.wp.com\/luxonomy.net\/wp-content\/uploads\/2024\/08\/LEXUS_HERMANOS_TORRES_VOL4_0319-scaled.jpg?resize=740%2C493&amp;ssl=1 740w, https:\/\/i0.wp.com\/luxonomy.net\/wp-content\/uploads\/2024\/08\/LEXUS_HERMANOS_TORRES_VOL4_0319-scaled.jpg?resize=600%2C400&amp;ssl=1 600w, https:\/\/i0.wp.com\/luxonomy.net\/wp-content\/uploads\/2024\/08\/LEXUS_HERMANOS_TORRES_VOL4_0319-scaled.jpg?resize=72%2C48&amp;ssl=1 72w, https:\/\/i0.wp.com\/luxonomy.net\/wp-content\/uploads\/2024\/08\/LEXUS_HERMANOS_TORRES_VOL4_0319-scaled.jpg?w=2340&amp;ssl=1 2340w\" sizes=\"(max-width: 1024px) 100vw, 1024px\" \/><\/figure><\/li><li class=\"wp-block-jetpack-slideshow_slide swiper-slide\"><figure><img loading=\"lazy\" decoding=\"async\" width=\"1024\" height=\"683\" alt=\"\" class=\"wp-block-jetpack-slideshow_image wp-image-58167 lazyload\" data-id=\"58167\" src=\"data:image\/gif;base64,R0lGODlhAQABAAAAACH5BAEKAAEALAAAAAABAAEAAAICTAEAOw==\" data-src=\"http:\/\/luxonomy.net\/wp-content\/uploads\/2024\/08\/LEXUS_HERMANOS_TORRES_VOL4_0324-1024x683.jpg\" data-sizes=\"auto\" data-srcset=\"https:\/\/i0.wp.com\/luxonomy.net\/wp-content\/uploads\/2024\/08\/LEXUS_HERMANOS_TORRES_VOL4_0324-scaled.jpg?resize=1024%2C683&amp;ssl=1 1024w, https:\/\/i0.wp.com\/luxonomy.net\/wp-content\/uploads\/2024\/08\/LEXUS_HERMANOS_TORRES_VOL4_0324-scaled.jpg?resize=300%2C200&amp;ssl=1 300w, https:\/\/i0.wp.com\/luxonomy.net\/wp-content\/uploads\/2024\/08\/LEXUS_HERMANOS_TORRES_VOL4_0324-scaled.jpg?resize=768%2C512&amp;ssl=1 768w, https:\/\/i0.wp.com\/luxonomy.net\/wp-content\/uploads\/2024\/08\/LEXUS_HERMANOS_TORRES_VOL4_0324-scaled.jpg?resize=370%2C247&amp;ssl=1 370w, https:\/\/i0.wp.com\/luxonomy.net\/wp-content\/uploads\/2024\/08\/LEXUS_HERMANOS_TORRES_VOL4_0324-scaled.jpg?resize=800%2C533&amp;ssl=1 800w, https:\/\/i0.wp.com\/luxonomy.net\/wp-content\/uploads\/2024\/08\/LEXUS_HERMANOS_TORRES_VOL4_0324-scaled.jpg?resize=20%2C13&amp;ssl=1 20w, https:\/\/i0.wp.com\/luxonomy.net\/wp-content\/uploads\/2024\/08\/LEXUS_HERMANOS_TORRES_VOL4_0324-scaled.jpg?resize=740%2C493&amp;ssl=1 740w, https:\/\/i0.wp.com\/luxonomy.net\/wp-content\/uploads\/2024\/08\/LEXUS_HERMANOS_TORRES_VOL4_0324-scaled.jpg?resize=600%2C400&amp;ssl=1 600w, https:\/\/i0.wp.com\/luxonomy.net\/wp-content\/uploads\/2024\/08\/LEXUS_HERMANOS_TORRES_VOL4_0324-scaled.jpg?resize=72%2C48&amp;ssl=1 72w, https:\/\/i0.wp.com\/luxonomy.net\/wp-content\/uploads\/2024\/08\/LEXUS_HERMANOS_TORRES_VOL4_0324-scaled.jpg?w=2340&amp;ssl=1 2340w\" sizes=\"(max-width: 1024px) 100vw, 1024px\" \/><\/figure><\/li><li class=\"wp-block-jetpack-slideshow_slide swiper-slide\"><figure><img loading=\"lazy\" decoding=\"async\" width=\"1024\" height=\"683\" alt=\"\" class=\"wp-block-jetpack-slideshow_image wp-image-58169 lazyload\" data-id=\"58169\" src=\"data:image\/gif;base64,R0lGODlhAQABAAAAACH5BAEKAAEALAAAAAABAAEAAAICTAEAOw==\" data-src=\"http:\/\/luxonomy.net\/wp-content\/uploads\/2024\/08\/LEXUS_HERMANOS_TORRES_VOL4_0325-1024x683.jpg\" data-sizes=\"auto\" data-srcset=\"https:\/\/i0.wp.com\/luxonomy.net\/wp-content\/uploads\/2024\/08\/LEXUS_HERMANOS_TORRES_VOL4_0325-scaled.jpg?resize=1024%2C683&amp;ssl=1 1024w, https:\/\/i0.wp.com\/luxonomy.net\/wp-content\/uploads\/2024\/08\/LEXUS_HERMANOS_TORRES_VOL4_0325-scaled.jpg?resize=300%2C200&amp;ssl=1 300w, https:\/\/i0.wp.com\/luxonomy.net\/wp-content\/uploads\/2024\/08\/LEXUS_HERMANOS_TORRES_VOL4_0325-scaled.jpg?resize=768%2C512&amp;ssl=1 768w, https:\/\/i0.wp.com\/luxonomy.net\/wp-content\/uploads\/2024\/08\/LEXUS_HERMANOS_TORRES_VOL4_0325-scaled.jpg?resize=370%2C247&amp;ssl=1 370w, https:\/\/i0.wp.com\/luxonomy.net\/wp-content\/uploads\/2024\/08\/LEXUS_HERMANOS_TORRES_VOL4_0325-scaled.jpg?resize=800%2C533&amp;ssl=1 800w, https:\/\/i0.wp.com\/luxonomy.net\/wp-content\/uploads\/2024\/08\/LEXUS_HERMANOS_TORRES_VOL4_0325-scaled.jpg?resize=20%2C13&amp;ssl=1 20w, https:\/\/i0.wp.com\/luxonomy.net\/wp-content\/uploads\/2024\/08\/LEXUS_HERMANOS_TORRES_VOL4_0325-scaled.jpg?resize=740%2C493&amp;ssl=1 740w, https:\/\/i0.wp.com\/luxonomy.net\/wp-content\/uploads\/2024\/08\/LEXUS_HERMANOS_TORRES_VOL4_0325-scaled.jpg?resize=600%2C400&amp;ssl=1 600w, https:\/\/i0.wp.com\/luxonomy.net\/wp-content\/uploads\/2024\/08\/LEXUS_HERMANOS_TORRES_VOL4_0325-scaled.jpg?resize=72%2C48&amp;ssl=1 72w, https:\/\/i0.wp.com\/luxonomy.net\/wp-content\/uploads\/2024\/08\/LEXUS_HERMANOS_TORRES_VOL4_0325-scaled.jpg?w=2340&amp;ssl=1 2340w\" sizes=\"(max-width: 1024px) 100vw, 1024px\" \/><\/figure><\/li><li class=\"wp-block-jetpack-slideshow_slide swiper-slide\"><figure><img loading=\"lazy\" decoding=\"async\" width=\"1024\" height=\"683\" alt=\"\" class=\"wp-block-jetpack-slideshow_image wp-image-58171 lazyload\" data-id=\"58171\" src=\"data:image\/gif;base64,R0lGODlhAQABAAAAACH5BAEKAAEALAAAAAABAAEAAAICTAEAOw==\" data-src=\"http:\/\/luxonomy.net\/wp-content\/uploads\/2024\/08\/LEXUS_HERMANOS_TORRES_VOL4_0342-1024x683.jpg\" data-sizes=\"auto\" data-srcset=\"https:\/\/i0.wp.com\/luxonomy.net\/wp-content\/uploads\/2024\/08\/LEXUS_HERMANOS_TORRES_VOL4_0342-scaled.jpg?resize=1024%2C683&amp;ssl=1 1024w, https:\/\/i0.wp.com\/luxonomy.net\/wp-content\/uploads\/2024\/08\/LEXUS_HERMANOS_TORRES_VOL4_0342-scaled.jpg?resize=300%2C200&amp;ssl=1 300w, https:\/\/i0.wp.com\/luxonomy.net\/wp-content\/uploads\/2024\/08\/LEXUS_HERMANOS_TORRES_VOL4_0342-scaled.jpg?resize=768%2C512&amp;ssl=1 768w, https:\/\/i0.wp.com\/luxonomy.net\/wp-content\/uploads\/2024\/08\/LEXUS_HERMANOS_TORRES_VOL4_0342-scaled.jpg?resize=370%2C247&amp;ssl=1 370w, https:\/\/i0.wp.com\/luxonomy.net\/wp-content\/uploads\/2024\/08\/LEXUS_HERMANOS_TORRES_VOL4_0342-scaled.jpg?resize=800%2C533&amp;ssl=1 800w, https:\/\/i0.wp.com\/luxonomy.net\/wp-content\/uploads\/2024\/08\/LEXUS_HERMANOS_TORRES_VOL4_0342-scaled.jpg?resize=20%2C13&amp;ssl=1 20w, https:\/\/i0.wp.com\/luxonomy.net\/wp-content\/uploads\/2024\/08\/LEXUS_HERMANOS_TORRES_VOL4_0342-scaled.jpg?resize=740%2C493&amp;ssl=1 740w, https:\/\/i0.wp.com\/luxonomy.net\/wp-content\/uploads\/2024\/08\/LEXUS_HERMANOS_TORRES_VOL4_0342-scaled.jpg?resize=600%2C400&amp;ssl=1 600w, https:\/\/i0.wp.com\/luxonomy.net\/wp-content\/uploads\/2024\/08\/LEXUS_HERMANOS_TORRES_VOL4_0342-scaled.jpg?resize=72%2C48&amp;ssl=1 72w, https:\/\/i0.wp.com\/luxonomy.net\/wp-content\/uploads\/2024\/08\/LEXUS_HERMANOS_TORRES_VOL4_0342-scaled.jpg?w=2340&amp;ssl=1 2340w\" sizes=\"(max-width: 1024px) 100vw, 1024px\" \/><\/figure><\/li><li class=\"wp-block-jetpack-slideshow_slide swiper-slide\"><figure><img loading=\"lazy\" decoding=\"async\" width=\"1024\" height=\"683\" alt=\"\" class=\"wp-block-jetpack-slideshow_image wp-image-58173 lazyload\" data-id=\"58173\" src=\"data:image\/gif;base64,R0lGODlhAQABAAAAACH5BAEKAAEALAAAAAABAAEAAAICTAEAOw==\" data-src=\"http:\/\/luxonomy.net\/wp-content\/uploads\/2024\/08\/LEXUS_HERMANOS_TORRES_VOL4_0348-1024x683.jpg\" data-sizes=\"auto\" data-srcset=\"https:\/\/i0.wp.com\/luxonomy.net\/wp-content\/uploads\/2024\/08\/LEXUS_HERMANOS_TORRES_VOL4_0348-scaled.jpg?resize=1024%2C683&amp;ssl=1 1024w, https:\/\/i0.wp.com\/luxonomy.net\/wp-content\/uploads\/2024\/08\/LEXUS_HERMANOS_TORRES_VOL4_0348-scaled.jpg?resize=300%2C200&amp;ssl=1 300w, https:\/\/i0.wp.com\/luxonomy.net\/wp-content\/uploads\/2024\/08\/LEXUS_HERMANOS_TORRES_VOL4_0348-scaled.jpg?resize=768%2C512&amp;ssl=1 768w, https:\/\/i0.wp.com\/luxonomy.net\/wp-content\/uploads\/2024\/08\/LEXUS_HERMANOS_TORRES_VOL4_0348-scaled.jpg?resize=370%2C247&amp;ssl=1 370w, https:\/\/i0.wp.com\/luxonomy.net\/wp-content\/uploads\/2024\/08\/LEXUS_HERMANOS_TORRES_VOL4_0348-scaled.jpg?resize=800%2C533&amp;ssl=1 800w, https:\/\/i0.wp.com\/luxonomy.net\/wp-content\/uploads\/2024\/08\/LEXUS_HERMANOS_TORRES_VOL4_0348-scaled.jpg?resize=20%2C13&amp;ssl=1 20w, https:\/\/i0.wp.com\/luxonomy.net\/wp-content\/uploads\/2024\/08\/LEXUS_HERMANOS_TORRES_VOL4_0348-scaled.jpg?resize=740%2C493&amp;ssl=1 740w, https:\/\/i0.wp.com\/luxonomy.net\/wp-content\/uploads\/2024\/08\/LEXUS_HERMANOS_TORRES_VOL4_0348-scaled.jpg?resize=600%2C400&amp;ssl=1 600w, https:\/\/i0.wp.com\/luxonomy.net\/wp-content\/uploads\/2024\/08\/LEXUS_HERMANOS_TORRES_VOL4_0348-scaled.jpg?resize=72%2C48&amp;ssl=1 72w, https:\/\/i0.wp.com\/luxonomy.net\/wp-content\/uploads\/2024\/08\/LEXUS_HERMANOS_TORRES_VOL4_0348-scaled.jpg?w=2340&amp;ssl=1 2340w\" sizes=\"(max-width: 1024px) 100vw, 1024px\" \/><\/figure><\/li><li class=\"wp-block-jetpack-slideshow_slide swiper-slide\"><figure><img loading=\"lazy\" decoding=\"async\" width=\"1024\" height=\"683\" alt=\"\" class=\"wp-block-jetpack-slideshow_image wp-image-58175 lazyload\" data-id=\"58175\" src=\"data:image\/gif;base64,R0lGODlhAQABAAAAACH5BAEKAAEALAAAAAABAAEAAAICTAEAOw==\" data-src=\"http:\/\/luxonomy.net\/wp-content\/uploads\/2024\/08\/LEXUS_HERMANOS_TORRES_VOL4_0381-1024x683.jpg\" data-sizes=\"auto\" data-srcset=\"https:\/\/i0.wp.com\/luxonomy.net\/wp-content\/uploads\/2024\/08\/LEXUS_HERMANOS_TORRES_VOL4_0381-scaled.jpg?resize=1024%2C683&amp;ssl=1 1024w, https:\/\/i0.wp.com\/luxonomy.net\/wp-content\/uploads\/2024\/08\/LEXUS_HERMANOS_TORRES_VOL4_0381-scaled.jpg?resize=300%2C200&amp;ssl=1 300w, https:\/\/i0.wp.com\/luxonomy.net\/wp-content\/uploads\/2024\/08\/LEXUS_HERMANOS_TORRES_VOL4_0381-scaled.jpg?resize=768%2C512&amp;ssl=1 768w, https:\/\/i0.wp.com\/luxonomy.net\/wp-content\/uploads\/2024\/08\/LEXUS_HERMANOS_TORRES_VOL4_0381-scaled.jpg?resize=370%2C247&amp;ssl=1 370w, https:\/\/i0.wp.com\/luxonomy.net\/wp-content\/uploads\/2024\/08\/LEXUS_HERMANOS_TORRES_VOL4_0381-scaled.jpg?resize=800%2C533&amp;ssl=1 800w, https:\/\/i0.wp.com\/luxonomy.net\/wp-content\/uploads\/2024\/08\/LEXUS_HERMANOS_TORRES_VOL4_0381-scaled.jpg?resize=20%2C13&amp;ssl=1 20w, https:\/\/i0.wp.com\/luxonomy.net\/wp-content\/uploads\/2024\/08\/LEXUS_HERMANOS_TORRES_VOL4_0381-scaled.jpg?resize=740%2C493&amp;ssl=1 740w, https:\/\/i0.wp.com\/luxonomy.net\/wp-content\/uploads\/2024\/08\/LEXUS_HERMANOS_TORRES_VOL4_0381-scaled.jpg?resize=600%2C400&amp;ssl=1 600w, https:\/\/i0.wp.com\/luxonomy.net\/wp-content\/uploads\/2024\/08\/LEXUS_HERMANOS_TORRES_VOL4_0381-scaled.jpg?resize=72%2C48&amp;ssl=1 72w, https:\/\/i0.wp.com\/luxonomy.net\/wp-content\/uploads\/2024\/08\/LEXUS_HERMANOS_TORRES_VOL4_0381-scaled.jpg?w=2340&amp;ssl=1 2340w\" sizes=\"(max-width: 1024px) 100vw, 1024px\" \/><\/figure><\/li><li class=\"wp-block-jetpack-slideshow_slide swiper-slide\"><figure><img loading=\"lazy\" decoding=\"async\" width=\"1024\" height=\"683\" alt=\"\" class=\"wp-block-jetpack-slideshow_image wp-image-58177 lazyload\" data-id=\"58177\" src=\"data:image\/gif;base64,R0lGODlhAQABAAAAACH5BAEKAAEALAAAAAABAAEAAAICTAEAOw==\" data-src=\"http:\/\/luxonomy.net\/wp-content\/uploads\/2024\/08\/LEXUS_HERMANOS_TORRES_VOL4_0383-1024x683.jpg\" data-sizes=\"auto\" data-srcset=\"https:\/\/i0.wp.com\/luxonomy.net\/wp-content\/uploads\/2024\/08\/LEXUS_HERMANOS_TORRES_VOL4_0383-scaled.jpg?resize=1024%2C683&amp;ssl=1 1024w, https:\/\/i0.wp.com\/luxonomy.net\/wp-content\/uploads\/2024\/08\/LEXUS_HERMANOS_TORRES_VOL4_0383-scaled.jpg?resize=300%2C200&amp;ssl=1 300w, https:\/\/i0.wp.com\/luxonomy.net\/wp-content\/uploads\/2024\/08\/LEXUS_HERMANOS_TORRES_VOL4_0383-scaled.jpg?resize=768%2C512&amp;ssl=1 768w, https:\/\/i0.wp.com\/luxonomy.net\/wp-content\/uploads\/2024\/08\/LEXUS_HERMANOS_TORRES_VOL4_0383-scaled.jpg?resize=370%2C247&amp;ssl=1 370w, https:\/\/i0.wp.com\/luxonomy.net\/wp-content\/uploads\/2024\/08\/LEXUS_HERMANOS_TORRES_VOL4_0383-scaled.jpg?resize=800%2C533&amp;ssl=1 800w, https:\/\/i0.wp.com\/luxonomy.net\/wp-content\/uploads\/2024\/08\/LEXUS_HERMANOS_TORRES_VOL4_0383-scaled.jpg?resize=20%2C13&amp;ssl=1 20w, https:\/\/i0.wp.com\/luxonomy.net\/wp-content\/uploads\/2024\/08\/LEXUS_HERMANOS_TORRES_VOL4_0383-scaled.jpg?resize=740%2C493&amp;ssl=1 740w, https:\/\/i0.wp.com\/luxonomy.net\/wp-content\/uploads\/2024\/08\/LEXUS_HERMANOS_TORRES_VOL4_0383-scaled.jpg?resize=600%2C400&amp;ssl=1 600w, https:\/\/i0.wp.com\/luxonomy.net\/wp-content\/uploads\/2024\/08\/LEXUS_HERMANOS_TORRES_VOL4_0383-scaled.jpg?resize=72%2C48&amp;ssl=1 72w, https:\/\/i0.wp.com\/luxonomy.net\/wp-content\/uploads\/2024\/08\/LEXUS_HERMANOS_TORRES_VOL4_0383-scaled.jpg?w=2340&amp;ssl=1 2340w\" sizes=\"(max-width: 1024px) 100vw, 1024px\" \/><\/figure><\/li><li class=\"wp-block-jetpack-slideshow_slide swiper-slide\"><figure><img loading=\"lazy\" decoding=\"async\" width=\"1024\" height=\"683\" alt=\"\" class=\"wp-block-jetpack-slideshow_image wp-image-58179 lazyload\" data-id=\"58179\" src=\"data:image\/gif;base64,R0lGODlhAQABAAAAACH5BAEKAAEALAAAAAABAAEAAAICTAEAOw==\" data-src=\"http:\/\/luxonomy.net\/wp-content\/uploads\/2024\/08\/LEXUS_HERMANOS_TORRES_VOL4_0397-1024x683.jpg\" data-sizes=\"auto\" data-srcset=\"https:\/\/i0.wp.com\/luxonomy.net\/wp-content\/uploads\/2024\/08\/LEXUS_HERMANOS_TORRES_VOL4_0397-scaled.jpg?resize=1024%2C683&amp;ssl=1 1024w, https:\/\/i0.wp.com\/luxonomy.net\/wp-content\/uploads\/2024\/08\/LEXUS_HERMANOS_TORRES_VOL4_0397-scaled.jpg?resize=300%2C200&amp;ssl=1 300w, https:\/\/i0.wp.com\/luxonomy.net\/wp-content\/uploads\/2024\/08\/LEXUS_HERMANOS_TORRES_VOL4_0397-scaled.jpg?resize=768%2C512&amp;ssl=1 768w, https:\/\/i0.wp.com\/luxonomy.net\/wp-content\/uploads\/2024\/08\/LEXUS_HERMANOS_TORRES_VOL4_0397-scaled.jpg?resize=370%2C247&amp;ssl=1 370w, https:\/\/i0.wp.com\/luxonomy.net\/wp-content\/uploads\/2024\/08\/LEXUS_HERMANOS_TORRES_VOL4_0397-scaled.jpg?resize=800%2C533&amp;ssl=1 800w, https:\/\/i0.wp.com\/luxonomy.net\/wp-content\/uploads\/2024\/08\/LEXUS_HERMANOS_TORRES_VOL4_0397-scaled.jpg?resize=20%2C13&amp;ssl=1 20w, https:\/\/i0.wp.com\/luxonomy.net\/wp-content\/uploads\/2024\/08\/LEXUS_HERMANOS_TORRES_VOL4_0397-scaled.jpg?resize=740%2C493&amp;ssl=1 740w, https:\/\/i0.wp.com\/luxonomy.net\/wp-content\/uploads\/2024\/08\/LEXUS_HERMANOS_TORRES_VOL4_0397-scaled.jpg?resize=600%2C400&amp;ssl=1 600w, https:\/\/i0.wp.com\/luxonomy.net\/wp-content\/uploads\/2024\/08\/LEXUS_HERMANOS_TORRES_VOL4_0397-scaled.jpg?resize=72%2C48&amp;ssl=1 72w, https:\/\/i0.wp.com\/luxonomy.net\/wp-content\/uploads\/2024\/08\/LEXUS_HERMANOS_TORRES_VOL4_0397-scaled.jpg?w=2340&amp;ssl=1 2340w\" sizes=\"(max-width: 1024px) 100vw, 1024px\" \/><\/figure><\/li><\/ul><a class=\"wp-block-jetpack-slideshow_button-prev swiper-button-prev swiper-button-white\" role=\"button\"><\/a><a class=\"wp-block-jetpack-slideshow_button-next swiper-button-next swiper-button-white\" role=\"button\"><\/a><a aria-label=\"Pause Slideshow\" class=\"wp-block-jetpack-slideshow_button-pause\" role=\"button\"><\/a><div class=\"wp-block-jetpack-slideshow_pagination swiper-pagination swiper-pagination-white\"><\/div><\/div><\/div>\n\n\n\n<p class=\"wp-block-paragraph\"><strong>LEXUS Y LOS HERMANOS TORRES<\/strong><\/p>\n\n\n\n<p class=\"wp-block-paragraph\">Lexus como marca de estilo de vida, se relaciona con disciplinas que forman parte de su ADN como el dise\u00f1o, la tecnolog\u00eda y, como en este caso con la gastronom\u00eda. Disciplinas con las que la marca comparte su pasi\u00f3n por la excelencia y el Omotenashi -la hospitalidad japonesa- con la que se relaciona en el d\u00eda a d\u00eda con sus clientes.<\/p>\n\n\n\n<p class=\"wp-block-paragraph\">El restaurante Cocina Hermanos Torres, emplea al igual que Lexus, tecnolog\u00eda de \u00faltima generaci\u00f3n para ofrecer un nivel de hospitalidad excelente, haciendo as\u00ed que sus clientes se sientan como en casa. Destaca la eliminaci\u00f3n total del papel en la gesti\u00f3n de las comandas. Tambi\u00e9n se emplean impresoras 3D para preparar algunos de sus platos, y placas de inducci\u00f3n de \u00faltima generaci\u00f3n \u00fanicas en el mundo. Los propios Hermanos Torres, como expresi\u00f3n m\u00e1xima de hospitalidad reciben personalmente a todos los comensales.<\/p>\n\n\n\n<p>Recetas con Recorrido:<\/p>\n\n\n\n<figure class=\"wp-block-embed is-type-video is-provider-youtube wp-block-embed-youtube wp-embed-aspect-16-9 wp-has-aspect-ratio\"><div class=\"wp-block-embed__wrapper\">\n<div class=\"flex-video widescreen youtube\"><iframe loading=\"lazy\" title=\"Recetas con recorrido IV | Lexus Espa\u00f1a\" width=\"1170\" height=\"658\" src=\"https:\/\/www.youtube.com\/embed\/kqBFuczqDzE?feature=oembed\" frameborder=\"0\" allow=\"accelerometer; autoplay; clipboard-write; encrypted-media; gyroscope; picture-in-picture; web-share\" referrerpolicy=\"strict-origin-when-cross-origin\" allowfullscreen><\/iframe><\/div>\n<\/div><\/figure>\n\n\n\n<p><strong>M\u00e1s informaci\u00f3n:\u00a0<\/strong><a href=\"https:\/\/www.lexusauto.es\/estilolexus\/marca\/lexus-y-los-hermanos-torres-juntos-de-nuevo-en-recetas-con-recorrido\" target=\"_blank\" rel=\"noopener\">https:\/\/www.lexusauto.es\/estilolexus\/marca\/lexus-y-los-hermanos-torres-juntos-de-nuevo-en-recetas-con-recorrido<\/a><\/p>\n<p>\u00a0<\/p>\n","protected":false},"excerpt":{"rendered":"<p>-Los Hermanos Torres, protagonistas de la cuarta edici\u00f3n de \u2018Recetas con Recorrido\u2019 a bordo del Lexus RX 450h+.<br \/>\n-Esta nueva edici\u00f3n tiene lugar dentro de la cuidad de Barcelona, donde Sergio y Javier realizan esta nueva ruta gastron\u00f3mica con productos kil\u00f3metro cero.<br \/>\n-El Lexus RX, acompa\u00f1a de nuevo a los reconocidos cocineros, en la cuarta edici\u00f3n de \u201cRecetas con Recorrido\u201d.<\/p>\n","protected":false},"author":13,"featured_media":58184,"comment_status":"open","ping_status":"open","sticky":false,"template":"","format":"standard","meta":{"_jetpack_newsletter_access":"","_jetpack_dont_email_post_to_subs":false,"_jetpack_newsletter_tier_id":0,"_jetpack_memberships_contains_paywalled_content":false,"_jetpack_feature_clip_id":0,"_jetpack_memberships_contains_paid_content":false,"footnotes":"","jetpack_publicize_message":"Los Hermanos Torres, protagonistas de la cuarta edici\u00f3n de \u2018Recetas con Recorrido\u2019 a bordo del Lexus RX 450h+.\nEsta nueva edici\u00f3n tiene lugar dentro de la cuidad de Barcelona.","jetpack_publicize_feature_enabled":true,"jetpack_social_post_already_shared":true,"jetpack_social_options":{"image_generator_settings":{"template":"edge","enabled":true,"token":"eyJpbWciOiJodHRwczpcL1wvbHV4b25vbXkubmV0XC93cC1jb250ZW50XC91cGxvYWRzXC8yMDI0XC8wOFwvZ2VuZXJhdGVkLWltYWdlLTQ2LTEwMjR4NTM4LmpwZyIsInR4dCI6IkxleHVzIHkgbG9zIGhlcm1hbm9zIFRvcnJlcyBqdW50b3MgZGUgbnVldm8gZW4gXHUwMGFiUmVjZXRhcyBjb24gcmVjb3JyaWRvXHUwMGJiIiwidGVtcGxhdGUiOiJlZGdlIiwiYmxvZ19pZCI6MTU5OTg1NzQwfQ.HDt7yUBUSuDXk8ep_4Kda-t1GrCELKvIimK7WPy1aU0MQ"},"version":2},"jetpack_post_was_ever_published":false},"categories":[296],"tags":[7021,295,7022],"thb-sponsors":[1206],"class_list":["post-58145","post","type-post","status-publish","format-standard","has-post-thumbnail","hentry","category-motor","tag-hermanos-torres","tag-lexus","tag-lexusrx-450h"],"yoast_head":"<!-- This site is optimized with the Yoast SEO plugin v28.4 - https:\/\/yoast.com\/product\/yoast-seo-wordpress\/ -->\n<title>Lexus y los hermanos Torres juntos de nuevo en \u00abRecetas con recorrido\u00bb | LUXONOMY<\/title>\n<meta name=\"robots\" content=\"index, follow, max-snippet:-1, max-image-preview:large, max-video-preview:-1\" \/>\n<link rel=\"canonical\" href=\"https:\/\/luxonomy.net\/es\/lexus-y-los-hermanos-torres-juntos-de-nuevo-en-recetas-con-recorrido\/\" \/>\n<meta property=\"og:locale\" content=\"es_ES\" \/>\n<meta property=\"og:type\" content=\"article\" \/>\n<meta property=\"og:title\" content=\"Lexus y los hermanos Torres juntos de nuevo en \u00abRecetas con recorrido\u00bb | LUXONOMY\" \/>\n<meta property=\"og:description\" content=\"-Los Hermanos Torres, protagonistas de la cuarta edici\u00f3n de \u2018Recetas con Recorrido\u2019 a bordo del Lexus RX 450h+. -Esta nueva edici\u00f3n tiene lugar dentro de la cuidad de Barcelona, donde Sergio y Javier realizan esta nueva ruta gastron\u00f3mica con productos kil\u00f3metro cero. -El Lexus RX, acompa\u00f1a de nuevo a los reconocidos cocineros, en la cuarta edici\u00f3n de \u201cRecetas con Recorrido\u201d.\" \/>\n<meta property=\"og:url\" content=\"https:\/\/luxonomy.net\/es\/lexus-y-los-hermanos-torres-juntos-de-nuevo-en-recetas-con-recorrido\/\" \/>\n<meta property=\"og:site_name\" content=\"LUXONOMY\" \/>\n<meta property=\"article:publisher\" content=\"https:\/\/www.facebook.com\/luxonomy\" \/>\n<meta property=\"article:published_time\" content=\"2024-08-22T11:36:59+00:00\" \/>\n<meta property=\"article:modified_time\" content=\"2024-08-22T12:31:41+00:00\" \/>\n<meta property=\"og:image\" content=\"https:\/\/i0.wp.com\/luxonomy.net\/wp-content\/uploads\/2024\/08\/generated-image-46.jpg?fit=1200%2C630&quality=89&ssl=1\" \/>\n\t<meta property=\"og:image:width\" content=\"1200\" \/>\n\t<meta property=\"og:image:height\" content=\"630\" \/>\n\t<meta property=\"og:image:type\" content=\"image\/jpeg\" \/>\n<meta name=\"author\" content=\"Dara Bernardo\" \/>\n<meta name=\"twitter:card\" content=\"summary_large_image\" \/>\n<meta name=\"twitter:label1\" content=\"Escrito por\" \/>\n\t<meta name=\"twitter:data1\" content=\"Dara Bernardo\" \/>\n\t<meta name=\"twitter:label2\" content=\"Tiempo de lectura\" \/>\n\t<meta name=\"twitter:data2\" content=\"5 minutos\" \/>\n<script type=\"application\/ld+json\" class=\"yoast-schema-graph\">{\"@context\":\"https:\\\/\\\/schema.org\",\"@graph\":[{\"@type\":\"Article\",\"@id\":\"https:\\\/\\\/luxonomy.net\\\/es\\\/lexus-y-los-hermanos-torres-juntos-de-nuevo-en-recetas-con-recorrido\\\/#article\",\"isPartOf\":{\"@id\":\"https:\\\/\\\/luxonomy.net\\\/es\\\/lexus-y-los-hermanos-torres-juntos-de-nuevo-en-recetas-con-recorrido\\\/\"},\"author\":{\"name\":\"Dara Bernardo\",\"@id\":\"https:\\\/\\\/luxonomy.net\\\/es\\\/#\\\/schema\\\/person\\\/74504e9f212f80551761fb98f9925520\"},\"headline\":\"Lexus y los hermanos Torres juntos de nuevo en \u00abRecetas con recorrido\u00bb\",\"datePublished\":\"2024-08-22T11:36:59+00:00\",\"dateModified\":\"2024-08-22T12:31:41+00:00\",\"mainEntityOfPage\":{\"@id\":\"https:\\\/\\\/luxonomy.net\\\/es\\\/lexus-y-los-hermanos-torres-juntos-de-nuevo-en-recetas-con-recorrido\\\/\"},\"wordCount\":434,\"commentCount\":0,\"publisher\":{\"@id\":\"https:\\\/\\\/luxonomy.net\\\/es\\\/#organization\"},\"image\":{\"@id\":\"https:\\\/\\\/luxonomy.net\\\/es\\\/lexus-y-los-hermanos-torres-juntos-de-nuevo-en-recetas-con-recorrido\\\/#primaryimage\"},\"thumbnailUrl\":\"https:\\\/\\\/i0.wp.com\\\/luxonomy.net\\\/wp-content\\\/uploads\\\/2024\\\/08\\\/generated-image-46.jpg?fit=1200%2C630&ssl=1\",\"keywords\":[\"Hermanos Torres\",\"Lexus\",\"LexusRX 450h+\"],\"articleSection\":[\"Motor\"],\"inLanguage\":\"es\",\"potentialAction\":[{\"@type\":\"CommentAction\",\"name\":\"Comment\",\"target\":[\"https:\\\/\\\/luxonomy.net\\\/es\\\/lexus-y-los-hermanos-torres-juntos-de-nuevo-en-recetas-con-recorrido\\\/#respond\"]}]},{\"@type\":\"WebPage\",\"@id\":\"https:\\\/\\\/luxonomy.net\\\/es\\\/lexus-y-los-hermanos-torres-juntos-de-nuevo-en-recetas-con-recorrido\\\/\",\"url\":\"https:\\\/\\\/luxonomy.net\\\/es\\\/lexus-y-los-hermanos-torres-juntos-de-nuevo-en-recetas-con-recorrido\\\/\",\"name\":\"Lexus y los hermanos Torres juntos de nuevo en \u00abRecetas con recorrido\u00bb | LUXONOMY\",\"isPartOf\":{\"@id\":\"https:\\\/\\\/luxonomy.net\\\/es\\\/#website\"},\"primaryImageOfPage\":{\"@id\":\"https:\\\/\\\/luxonomy.net\\\/es\\\/lexus-y-los-hermanos-torres-juntos-de-nuevo-en-recetas-con-recorrido\\\/#primaryimage\"},\"image\":{\"@id\":\"https:\\\/\\\/luxonomy.net\\\/es\\\/lexus-y-los-hermanos-torres-juntos-de-nuevo-en-recetas-con-recorrido\\\/#primaryimage\"},\"thumbnailUrl\":\"https:\\\/\\\/i0.wp.com\\\/luxonomy.net\\\/wp-content\\\/uploads\\\/2024\\\/08\\\/generated-image-46.jpg?fit=1200%2C630&ssl=1\",\"datePublished\":\"2024-08-22T11:36:59+00:00\",\"dateModified\":\"2024-08-22T12:31:41+00:00\",\"breadcrumb\":{\"@id\":\"https:\\\/\\\/luxonomy.net\\\/es\\\/lexus-y-los-hermanos-torres-juntos-de-nuevo-en-recetas-con-recorrido\\\/#breadcrumb\"},\"inLanguage\":\"es\",\"potentialAction\":[{\"@type\":\"ReadAction\",\"target\":[\"https:\\\/\\\/luxonomy.net\\\/es\\\/lexus-y-los-hermanos-torres-juntos-de-nuevo-en-recetas-con-recorrido\\\/\"]}]},{\"@type\":\"ImageObject\",\"inLanguage\":\"es\",\"@id\":\"https:\\\/\\\/luxonomy.net\\\/es\\\/lexus-y-los-hermanos-torres-juntos-de-nuevo-en-recetas-con-recorrido\\\/#primaryimage\",\"url\":\"https:\\\/\\\/i0.wp.com\\\/luxonomy.net\\\/wp-content\\\/uploads\\\/2024\\\/08\\\/generated-image-46.jpg?fit=1200%2C630&ssl=1\",\"contentUrl\":\"https:\\\/\\\/i0.wp.com\\\/luxonomy.net\\\/wp-content\\\/uploads\\\/2024\\\/08\\\/generated-image-46.jpg?fit=1200%2C630&ssl=1\",\"width\":1200,\"height\":630},{\"@type\":\"BreadcrumbList\",\"@id\":\"https:\\\/\\\/luxonomy.net\\\/es\\\/lexus-y-los-hermanos-torres-juntos-de-nuevo-en-recetas-con-recorrido\\\/#breadcrumb\",\"itemListElement\":[{\"@type\":\"ListItem\",\"position\":1,\"name\":\"Portada\",\"item\":\"https:\\\/\\\/luxonomy.net\\\/es\\\/\"},{\"@type\":\"ListItem\",\"position\":2,\"name\":\"Lexus y los hermanos Torres juntos de nuevo en \u00abRecetas con recorrido\u00bb\"}]},{\"@type\":\"WebSite\",\"@id\":\"https:\\\/\\\/luxonomy.net\\\/es\\\/#website\",\"url\":\"https:\\\/\\\/luxonomy.net\\\/es\\\/\",\"name\":\"LUXONOMY\",\"description\":\"The Economy of Fashion &amp; Luxury\",\"publisher\":{\"@id\":\"https:\\\/\\\/luxonomy.net\\\/es\\\/#organization\"},\"potentialAction\":[{\"@type\":\"SearchAction\",\"target\":{\"@type\":\"EntryPoint\",\"urlTemplate\":\"https:\\\/\\\/luxonomy.net\\\/es\\\/?s={search_term_string}\"},\"query-input\":{\"@type\":\"PropertyValueSpecification\",\"valueRequired\":true,\"valueName\":\"search_term_string\"}}],\"inLanguage\":\"es\"},{\"@type\":\"Organization\",\"@id\":\"https:\\\/\\\/luxonomy.net\\\/es\\\/#organization\",\"name\":\"LUXONOMY\",\"url\":\"https:\\\/\\\/luxonomy.net\\\/es\\\/\",\"logo\":{\"@type\":\"ImageObject\",\"inLanguage\":\"es\",\"@id\":\"https:\\\/\\\/luxonomy.net\\\/es\\\/#\\\/schema\\\/logo\\\/image\\\/\",\"url\":\"https:\\\/\\\/i2.wp.com\\\/luxonomy.net\\\/wp-content\\\/uploads\\\/2021\\\/09\\\/MOCKUP-TODOS-LUXONOMY.jpg?fit=1000%2C515&ssl=1\",\"contentUrl\":\"https:\\\/\\\/i2.wp.com\\\/luxonomy.net\\\/wp-content\\\/uploads\\\/2021\\\/09\\\/MOCKUP-TODOS-LUXONOMY.jpg?fit=1000%2C515&ssl=1\",\"width\":1000,\"height\":515,\"caption\":\"LUXONOMY\"},\"image\":{\"@id\":\"https:\\\/\\\/luxonomy.net\\\/es\\\/#\\\/schema\\\/logo\\\/image\\\/\"},\"sameAs\":[\"https:\\\/\\\/www.facebook.com\\\/luxonomy\",\"https:\\\/\\\/www.instagram.com\\\/luxonomy\\\/\",\"https:\\\/\\\/www.linkedin.com\\\/company\\\/luxonomy\\\/\"]},{\"@type\":\"Person\",\"@id\":\"https:\\\/\\\/luxonomy.net\\\/es\\\/#\\\/schema\\\/person\\\/74504e9f212f80551761fb98f9925520\",\"name\":\"Dara Bernardo\",\"image\":{\"@type\":\"ImageObject\",\"inLanguage\":\"es\",\"@id\":\"https:\\\/\\\/luxonomy.net\\\/wp-content\\\/litespeed\\\/avatar\\\/6210219c821657e60e23828a44456840.jpg?ver=1787976301\",\"url\":\"https:\\\/\\\/luxonomy.net\\\/wp-content\\\/litespeed\\\/avatar\\\/6210219c821657e60e23828a44456840.jpg?ver=1787976301\",\"contentUrl\":\"https:\\\/\\\/luxonomy.net\\\/wp-content\\\/litespeed\\\/avatar\\\/6210219c821657e60e23828a44456840.jpg?ver=1787976301\",\"caption\":\"Dara Bernardo\"},\"description\":\"Managing Director at LUXONOMY\u2122 Group Middle East\",\"sameAs\":[\"mailto:dubai@investme.capital\"],\"url\":\"https:\\\/\\\/luxonomy.net\\\/es\\\/author\\\/dara-bernardo\\\/\"}]}<\/script>\n<!-- \/ Yoast SEO plugin. -->","yoast_head_json":{"title":"Lexus y los hermanos Torres juntos de nuevo en \u00abRecetas con recorrido\u00bb | LUXONOMY","robots":{"index":"index","follow":"follow","max-snippet":"max-snippet:-1","max-image-preview":"max-image-preview:large","max-video-preview":"max-video-preview:-1"},"canonical":"https:\/\/luxonomy.net\/es\/lexus-y-los-hermanos-torres-juntos-de-nuevo-en-recetas-con-recorrido\/","og_locale":"es_ES","og_type":"article","og_title":"Lexus y los hermanos Torres juntos de nuevo en \u00abRecetas con recorrido\u00bb | LUXONOMY","og_description":"-Los Hermanos Torres, protagonistas de la cuarta edici\u00f3n de \u2018Recetas con Recorrido\u2019 a bordo del Lexus RX 450h+. -Esta nueva edici\u00f3n tiene lugar dentro de la cuidad de Barcelona, donde Sergio y Javier realizan esta nueva ruta gastron\u00f3mica con productos kil\u00f3metro cero. -El Lexus RX, acompa\u00f1a de nuevo a los reconocidos cocineros, en la cuarta edici\u00f3n de \u201cRecetas con Recorrido\u201d.","og_url":"https:\/\/luxonomy.net\/es\/lexus-y-los-hermanos-torres-juntos-de-nuevo-en-recetas-con-recorrido\/","og_site_name":"LUXONOMY","article_publisher":"https:\/\/www.facebook.com\/luxonomy","article_published_time":"2024-08-22T11:36:59+00:00","article_modified_time":"2024-08-22T12:31:41+00:00","og_image":[{"width":1200,"height":630,"url":"https:\/\/i0.wp.com\/luxonomy.net\/wp-content\/uploads\/2024\/08\/generated-image-46.jpg?fit=1200%2C630&quality=89&ssl=1","type":"image\/jpeg"}],"author":"Dara Bernardo","twitter_card":"summary_large_image","twitter_misc":{"Escrito por":"Dara Bernardo","Tiempo de lectura":"5 minutos"},"schema":{"@context":"https:\/\/schema.org","@graph":[{"@type":"Article","@id":"https:\/\/luxonomy.net\/es\/lexus-y-los-hermanos-torres-juntos-de-nuevo-en-recetas-con-recorrido\/#article","isPartOf":{"@id":"https:\/\/luxonomy.net\/es\/lexus-y-los-hermanos-torres-juntos-de-nuevo-en-recetas-con-recorrido\/"},"author":{"name":"Dara Bernardo","@id":"https:\/\/luxonomy.net\/es\/#\/schema\/person\/74504e9f212f80551761fb98f9925520"},"headline":"Lexus y los hermanos Torres juntos de nuevo en \u00abRecetas con recorrido\u00bb","datePublished":"2024-08-22T11:36:59+00:00","dateModified":"2024-08-22T12:31:41+00:00","mainEntityOfPage":{"@id":"https:\/\/luxonomy.net\/es\/lexus-y-los-hermanos-torres-juntos-de-nuevo-en-recetas-con-recorrido\/"},"wordCount":434,"commentCount":0,"publisher":{"@id":"https:\/\/luxonomy.net\/es\/#organization"},"image":{"@id":"https:\/\/luxonomy.net\/es\/lexus-y-los-hermanos-torres-juntos-de-nuevo-en-recetas-con-recorrido\/#primaryimage"},"thumbnailUrl":"https:\/\/i0.wp.com\/luxonomy.net\/wp-content\/uploads\/2024\/08\/generated-image-46.jpg?fit=1200%2C630&ssl=1","keywords":["Hermanos Torres","Lexus","LexusRX 450h+"],"articleSection":["Motor"],"inLanguage":"es","potentialAction":[{"@type":"CommentAction","name":"Comment","target":["https:\/\/luxonomy.net\/es\/lexus-y-los-hermanos-torres-juntos-de-nuevo-en-recetas-con-recorrido\/#respond"]}]},{"@type":"WebPage","@id":"https:\/\/luxonomy.net\/es\/lexus-y-los-hermanos-torres-juntos-de-nuevo-en-recetas-con-recorrido\/","url":"https:\/\/luxonomy.net\/es\/lexus-y-los-hermanos-torres-juntos-de-nuevo-en-recetas-con-recorrido\/","name":"Lexus y los hermanos Torres juntos de nuevo en \u00abRecetas con recorrido\u00bb | LUXONOMY","isPartOf":{"@id":"https:\/\/luxonomy.net\/es\/#website"},"primaryImageOfPage":{"@id":"https:\/\/luxonomy.net\/es\/lexus-y-los-hermanos-torres-juntos-de-nuevo-en-recetas-con-recorrido\/#primaryimage"},"image":{"@id":"https:\/\/luxonomy.net\/es\/lexus-y-los-hermanos-torres-juntos-de-nuevo-en-recetas-con-recorrido\/#primaryimage"},"thumbnailUrl":"https:\/\/i0.wp.com\/luxonomy.net\/wp-content\/uploads\/2024\/08\/generated-image-46.jpg?fit=1200%2C630&ssl=1","datePublished":"2024-08-22T11:36:59+00:00","dateModified":"2024-08-22T12:31:41+00:00","breadcrumb":{"@id":"https:\/\/luxonomy.net\/es\/lexus-y-los-hermanos-torres-juntos-de-nuevo-en-recetas-con-recorrido\/#breadcrumb"},"inLanguage":"es","potentialAction":[{"@type":"ReadAction","target":["https:\/\/luxonomy.net\/es\/lexus-y-los-hermanos-torres-juntos-de-nuevo-en-recetas-con-recorrido\/"]}]},{"@type":"ImageObject","inLanguage":"es","@id":"https:\/\/luxonomy.net\/es\/lexus-y-los-hermanos-torres-juntos-de-nuevo-en-recetas-con-recorrido\/#primaryimage","url":"https:\/\/i0.wp.com\/luxonomy.net\/wp-content\/uploads\/2024\/08\/generated-image-46.jpg?fit=1200%2C630&ssl=1","contentUrl":"https:\/\/i0.wp.com\/luxonomy.net\/wp-content\/uploads\/2024\/08\/generated-image-46.jpg?fit=1200%2C630&ssl=1","width":1200,"height":630},{"@type":"BreadcrumbList","@id":"https:\/\/luxonomy.net\/es\/lexus-y-los-hermanos-torres-juntos-de-nuevo-en-recetas-con-recorrido\/#breadcrumb","itemListElement":[{"@type":"ListItem","position":1,"name":"Portada","item":"https:\/\/luxonomy.net\/es\/"},{"@type":"ListItem","position":2,"name":"Lexus y los hermanos Torres juntos de nuevo en \u00abRecetas con recorrido\u00bb"}]},{"@type":"WebSite","@id":"https:\/\/luxonomy.net\/es\/#website","url":"https:\/\/luxonomy.net\/es\/","name":"LUXONOMY","description":"The Economy of Fashion &amp; Luxury","publisher":{"@id":"https:\/\/luxonomy.net\/es\/#organization"},"potentialAction":[{"@type":"SearchAction","target":{"@type":"EntryPoint","urlTemplate":"https:\/\/luxonomy.net\/es\/?s={search_term_string}"},"query-input":{"@type":"PropertyValueSpecification","valueRequired":true,"valueName":"search_term_string"}}],"inLanguage":"es"},{"@type":"Organization","@id":"https:\/\/luxonomy.net\/es\/#organization","name":"LUXONOMY","url":"https:\/\/luxonomy.net\/es\/","logo":{"@type":"ImageObject","inLanguage":"es","@id":"https:\/\/luxonomy.net\/es\/#\/schema\/logo\/image\/","url":"https:\/\/i2.wp.com\/luxonomy.net\/wp-content\/uploads\/2021\/09\/MOCKUP-TODOS-LUXONOMY.jpg?fit=1000%2C515&ssl=1","contentUrl":"https:\/\/i2.wp.com\/luxonomy.net\/wp-content\/uploads\/2021\/09\/MOCKUP-TODOS-LUXONOMY.jpg?fit=1000%2C515&ssl=1","width":1000,"height":515,"caption":"LUXONOMY"},"image":{"@id":"https:\/\/luxonomy.net\/es\/#\/schema\/logo\/image\/"},"sameAs":["https:\/\/www.facebook.com\/luxonomy","https:\/\/www.instagram.com\/luxonomy\/","https:\/\/www.linkedin.com\/company\/luxonomy\/"]},{"@type":"Person","@id":"https:\/\/luxonomy.net\/es\/#\/schema\/person\/74504e9f212f80551761fb98f9925520","name":"Dara Bernardo","image":{"@type":"ImageObject","inLanguage":"es","@id":"https:\/\/luxonomy.net\/wp-content\/litespeed\/avatar\/6210219c821657e60e23828a44456840.jpg?ver=1787976301","url":"https:\/\/luxonomy.net\/wp-content\/litespeed\/avatar\/6210219c821657e60e23828a44456840.jpg?ver=1787976301","contentUrl":"https:\/\/luxonomy.net\/wp-content\/litespeed\/avatar\/6210219c821657e60e23828a44456840.jpg?ver=1787976301","caption":"Dara Bernardo"},"description":"Managing Director at LUXONOMY\u2122 Group Middle East","sameAs":["mailto:dubai@investme.capital"],"url":"https:\/\/luxonomy.net\/es\/author\/dara-bernardo\/"}]}},"jetpack_publicize_connections":[],"jetpack_shortlink":"https:\/\/wp.me\/paPhBa-f7P","jetpack_sharing_enabled":true,"jetpack_featured_media_url":"https:\/\/i0.wp.com\/luxonomy.net\/wp-content\/uploads\/2024\/08\/generated-image-46.jpg?fit=1200%2C630&ssl=1","_links":{"self":[{"href":"https:\/\/luxonomy.net\/es\/wp-json\/wp\/v2\/posts\/58145","targetHints":{"allow":["GET"]}}],"collection":[{"href":"https:\/\/luxonomy.net\/es\/wp-json\/wp\/v2\/posts"}],"about":[{"href":"https:\/\/luxonomy.net\/es\/wp-json\/wp\/v2\/types\/post"}],"author":[{"embeddable":true,"href":"https:\/\/luxonomy.net\/es\/wp-json\/wp\/v2\/users\/13"}],"replies":[{"embeddable":true,"href":"https:\/\/luxonomy.net\/es\/wp-json\/wp\/v2\/comments?post=58145"}],"version-history":[{"count":8,"href":"https:\/\/luxonomy.net\/es\/wp-json\/wp\/v2\/posts\/58145\/revisions"}],"predecessor-version":[{"id":58189,"href":"https:\/\/luxonomy.net\/es\/wp-json\/wp\/v2\/posts\/58145\/revisions\/58189"}],"wp:featuredmedia":[{"embeddable":true,"href":"https:\/\/luxonomy.net\/es\/wp-json\/wp\/v2\/media\/58184"}],"wp:attachment":[{"href":"https:\/\/luxonomy.net\/es\/wp-json\/wp\/v2\/media?parent=58145"}],"wp:term":[{"taxonomy":"category","embeddable":true,"href":"https:\/\/luxonomy.net\/es\/wp-json\/wp\/v2\/categories?post=58145"},{"taxonomy":"post_tag","embeddable":true,"href":"https:\/\/luxonomy.net\/es\/wp-json\/wp\/v2\/tags?post=58145"},{"taxonomy":"thb-sponsors","embeddable":true,"href":"https:\/\/luxonomy.net\/es\/wp-json\/wp\/v2\/thb-sponsors?post=58145"}],"curies":[{"name":"wp","href":"https:\/\/api.w.org\/{rel}","templated":true}]}}