{"id":57964,"date":"2024-08-20T14:58:05","date_gmt":"2024-08-20T12:58:05","guid":{"rendered":"https:\/?p=57964"},"modified":"2024-08-20T15:55:25","modified_gmt":"2024-08-20T13:55:25","slug":"el-origen-de-la-gabardina-el-legado-de-thomas-burberry-y-su-impacto-en-la-moda","status":"publish","type":"post","link":"https:\/\/luxonomy.net\/es\/el-origen-de-la-gabardina-el-legado-de-thomas-burberry-y-su-impacto-en-la-moda\/","title":{"rendered":"El Origen de la Gabardina: El Legado de Thomas Burberry y su Impacto en la Moda"},"content":{"rendered":"\n<p class=\"wp-block-paragraph\">La historia de la gabardina comienza en 1856, cuando Thomas Burberry, con tan solo 21 a\u00f1os, abri\u00f3 su primera tienda de ropa en Basingstoke, un peque\u00f1o pueblo en Hampshire, Inglaterra. Desde el principio, Burberry se centr\u00f3 en crear prendas que fueran pr\u00e1cticas y duraderas, ideales para las duras condiciones clim\u00e1ticas brit\u00e1nicas. Inspirado por su entorno y por las necesidades de los agricultores locales, Burberry comenz\u00f3 a experimentar con diferentes tejidos que pudieran ofrecer una protecci\u00f3n efectiva contra el fr\u00edo y la lluvia.<\/p>\n\n\n\n\t\t<figure class=\"wp-block-jetpack-videopress jetpack-videopress-player alignright wp-block-jetpack-videopress--has-max-width\" style=\"max-width: 226px;\" >\n\t\t\t<div class=\"jetpack-videopress-player__wrapper\"> <iframe title=\"VideoPress Video Player\" aria-label='VideoPress Video Player' width='562' height='1000' src='https:\/\/videopress.com\/embed\/dYqfExKQ?cover=1&amp;autoPlay=0&amp;controls=1&amp;loop=0&amp;muted=0&amp;persistVolume=1&amp;playsinline=0&amp;preloadContent=metadata&amp;useAverageColor=1&amp;hd=0' frameborder='0' allowfullscreen data-resize-to-parent=\"true\" allow='clipboard-write'><\/iframe><script src='https:\/\/v0.wordpress.com\/js\/next\/videopress-iframe.js?m=1674852142'><\/script><\/div>\n\t\t\t\n\t\t\t\n\t\t<\/figure>\n\t\t\n\n\n<p class=\"wp-block-paragraph\">En aquella \u00e9poca, la ropa impermeable sol\u00eda estar fabricada con tejidos gruesos y pesados recubiertos de goma, lo que, aunque ofrec\u00eda resistencia al agua, hac\u00eda que las prendas fueran inc\u00f3modas y poco transpirables. Burberry vio una oportunidad para innovar y crear un tejido que combinara la impermeabilidad con la comodidad y la ligereza.<\/p>\n\n\n\n<h3 class=\"wp-block-heading\">La Invenci\u00f3n de la Gabardina: Una Revoluci\u00f3n Textil<\/h3>\n\n\n\n<p class=\"wp-block-paragraph\">En 1879, despu\u00e9s de a\u00f1os de investigaci\u00f3n y desarrollo, Thomas Burberry invent\u00f3 un nuevo tipo de tejido que cambiar\u00eda para siempre la industria de la moda: la gabardina. Este tejido innovador estaba hecho de algod\u00f3n o lana, pero lo que lo distingu\u00eda de otros materiales era su estructura. La gabardina utilizaba un tejido de sarga apretado y un proceso de impermeabilizaci\u00f3n antes del hilado, lo que permit\u00eda que el tejido repeliera el agua mientras manten\u00eda su capacidad de transpirar.<\/p><div id=\"luxon-3688303610\" class=\"luxon-3er-parrafo luxon-entity-placement\" style=\"margin-top: 20px;margin-bottom: 20px;margin-left: auto;margin-right: auto;text-align: center;\"><a href=\"https:\/\/luxonomy.university\/course\/master-turismo-de-lujo\" target=\"_blank\" aria-label=\"master-turismo-lujo-2026-2027\"><img loading=\"lazy\" decoding=\"async\" src=\"https:\/\/i0.wp.com\/luxonomy.net\/wp-content\/uploads\/2020\/07\/master-turismo-lujo-2026-2027.jpg?fit=1672%2C941&#038;ssl=1\" alt=\"\"  srcset=\"https:\/\/i0.wp.com\/luxonomy.net\/wp-content\/uploads\/2020\/07\/master-turismo-lujo-2026-2027.jpg?w=1672&ssl=1 1672w, https:\/\/i0.wp.com\/luxonomy.net\/wp-content\/uploads\/2020\/07\/master-turismo-lujo-2026-2027.jpg?resize=300%2C169&ssl=1 300w, https:\/\/i0.wp.com\/luxonomy.net\/wp-content\/uploads\/2020\/07\/master-turismo-lujo-2026-2027.jpg?resize=1024%2C576&ssl=1 1024w, https:\/\/i0.wp.com\/luxonomy.net\/wp-content\/uploads\/2020\/07\/master-turismo-lujo-2026-2027.jpg?resize=768%2C432&ssl=1 768w, https:\/\/i0.wp.com\/luxonomy.net\/wp-content\/uploads\/2020\/07\/master-turismo-lujo-2026-2027.jpg?resize=1536%2C864&ssl=1 1536w, https:\/\/i0.wp.com\/luxonomy.net\/wp-content\/uploads\/2020\/07\/master-turismo-lujo-2026-2027.jpg?resize=370%2C208&ssl=1 370w, https:\/\/i0.wp.com\/luxonomy.net\/wp-content\/uploads\/2020\/07\/master-turismo-lujo-2026-2027.jpg?resize=800%2C450&ssl=1 800w, https:\/\/i0.wp.com\/luxonomy.net\/wp-content\/uploads\/2020\/07\/master-turismo-lujo-2026-2027.jpg?resize=20%2C11&ssl=1 20w, https:\/\/i0.wp.com\/luxonomy.net\/wp-content\/uploads\/2020\/07\/master-turismo-lujo-2026-2027.jpg?resize=740%2C416&ssl=1 740w, https:\/\/i0.wp.com\/luxonomy.net\/wp-content\/uploads\/2020\/07\/master-turismo-lujo-2026-2027.jpg?resize=1600%2C900&ssl=1 1600w, https:\/\/i0.wp.com\/luxonomy.net\/wp-content\/uploads\/2020\/07\/master-turismo-lujo-2026-2027.jpg?resize=1200%2C675&ssl=1 1200w, https:\/\/i0.wp.com\/luxonomy.net\/wp-content\/uploads\/2020\/07\/master-turismo-lujo-2026-2027.jpg?resize=85%2C48&ssl=1 85w\" sizes=\"(max-width: 1170px) 100vw, 1170px\" class=\"no-lazyload\" width=\"1672\" height=\"941\"   \/><\/a><\/div>\n\n\n\n<p class=\"wp-block-paragraph\">La gabardina era significativamente m\u00e1s ligera y c\u00f3moda que los tejidos impermeables recubiertos de goma, lo que la hac\u00eda ideal para una amplia variedad de aplicaciones. Este nuevo material se convirti\u00f3 r\u00e1pidamente en un \u00e9xito, y Burberry comenz\u00f3 a fabricar prendas que se convirtieron en sin\u00f3nimo de resistencia y estilo, desde abrigos hasta ropa para actividades al aire libre.<\/p>\n\n\n\n<h3 class=\"wp-block-heading\">El Trench Coat: De la Funcionalidad Militar a un \u00cdcono de Moda<\/h3>\n\n\n\n<p class=\"wp-block-paragraph\">Aunque la gabardina ya era popular entre los deportistas y aventureros, fue durante la Primera Guerra Mundial cuando alcanz\u00f3 su mayor notoriedad. El ej\u00e9rcito brit\u00e1nico necesitaba un abrigo para sus oficiales que fuera pr\u00e1ctico en el campo de batalla, y Thomas Burberry propuso una soluci\u00f3n basada en su tejido innovador. As\u00ed naci\u00f3 el trench coat, dise\u00f1ado espec\u00edficamente para las trincheras (de ah\u00ed su nombre).<\/p>\n\n\n\n<p class=\"wp-block-paragraph\">El trench coat incorporaba caracter\u00edsticas funcionales como correas en los hombros para sujetar el equipo, una solapa protectora en el pecho y un cintur\u00f3n para ajustar la prenda seg\u00fan la necesidad. La gabardina se convirti\u00f3 en el material ideal para estos abrigos debido a su impermeabilidad y durabilidad, protegiendo a los soldados de las inclemencias del tiempo en el campo de batalla.<\/p>\n\n\n\n<p class=\"wp-block-paragraph\">Despu\u00e9s de la guerra, el trench coat se populariz\u00f3 entre la poblaci\u00f3n civil, convirti\u00e9ndose en un s\u00edmbolo de sofisticaci\u00f3n y estilo. Las estrellas de cine de Hollywood, como Humphrey Bogart en <em>Casablanca<\/em>, ayudaron a consolidar la imagen del trench coat como una prenda de moda, llev\u00e1ndola m\u00e1s all\u00e1 de sus or\u00edgenes militares.<\/p><div id=\"luxon-408949648\" class=\"luxon-7-parrafo luxon-entity-placement\" style=\"margin-top: 20px;margin-bottom: 20px;margin-left: auto;margin-right: auto;text-align: center;\"><a href=\"https:\/\/theintelligence.institute\/course\/inteligencia-artificial-para-directivos\" target=\"_blank\" aria-label=\"CSIAD_empresas_THEI_horizontal_4x3_v5\"><img loading=\"lazy\" decoding=\"async\" src=\"https:\/\/i0.wp.com\/luxonomy.net\/wp-content\/uploads\/2025\/08\/CSIAD_empresas_THEI_horizontal_4x3_v5.png?fit=2000%2C1500&#038;ssl=1\" alt=\"\"  srcset=\"https:\/\/i0.wp.com\/luxonomy.net\/wp-content\/uploads\/2025\/08\/CSIAD_empresas_THEI_horizontal_4x3_v5.png?w=2000&ssl=1 2000w, https:\/\/i0.wp.com\/luxonomy.net\/wp-content\/uploads\/2025\/08\/CSIAD_empresas_THEI_horizontal_4x3_v5.png?resize=300%2C225&ssl=1 300w, https:\/\/i0.wp.com\/luxonomy.net\/wp-content\/uploads\/2025\/08\/CSIAD_empresas_THEI_horizontal_4x3_v5.png?resize=1024%2C768&ssl=1 1024w, https:\/\/i0.wp.com\/luxonomy.net\/wp-content\/uploads\/2025\/08\/CSIAD_empresas_THEI_horizontal_4x3_v5.png?resize=768%2C576&ssl=1 768w, https:\/\/i0.wp.com\/luxonomy.net\/wp-content\/uploads\/2025\/08\/CSIAD_empresas_THEI_horizontal_4x3_v5.png?resize=1536%2C1152&ssl=1 1536w, https:\/\/i0.wp.com\/luxonomy.net\/wp-content\/uploads\/2025\/08\/CSIAD_empresas_THEI_horizontal_4x3_v5.png?resize=370%2C278&ssl=1 370w, https:\/\/i0.wp.com\/luxonomy.net\/wp-content\/uploads\/2025\/08\/CSIAD_empresas_THEI_horizontal_4x3_v5.png?resize=800%2C600&ssl=1 800w, https:\/\/i0.wp.com\/luxonomy.net\/wp-content\/uploads\/2025\/08\/CSIAD_empresas_THEI_horizontal_4x3_v5.png?resize=20%2C15&ssl=1 20w, https:\/\/i0.wp.com\/luxonomy.net\/wp-content\/uploads\/2025\/08\/CSIAD_empresas_THEI_horizontal_4x3_v5.png?resize=740%2C555&ssl=1 740w, https:\/\/i0.wp.com\/luxonomy.net\/wp-content\/uploads\/2025\/08\/CSIAD_empresas_THEI_horizontal_4x3_v5.png?resize=1600%2C1200&ssl=1 1600w, https:\/\/i0.wp.com\/luxonomy.net\/wp-content\/uploads\/2025\/08\/CSIAD_empresas_THEI_horizontal_4x3_v5.png?resize=1200%2C900&ssl=1 1200w, https:\/\/i0.wp.com\/luxonomy.net\/wp-content\/uploads\/2025\/08\/CSIAD_empresas_THEI_horizontal_4x3_v5.png?resize=64%2C48&ssl=1 64w\" sizes=\"(max-width: 1170px) 100vw, 1170px\" class=\"no-lazyload\" width=\"2000\" height=\"1500\"   \/><\/a><\/div>\n\n\n\n<h3 class=\"wp-block-heading\">La Evoluci\u00f3n y el Impacto de la Gabardina en la Moda<\/h3>\n\n\n\n<p class=\"wp-block-paragraph\">La invenci\u00f3n de la gabardina no solo revolucion\u00f3 la ropa de exterior, sino que tambi\u00e9n dej\u00f3 un legado duradero en la moda. Con el tiempo, el trench coat de Burberry se convirti\u00f3 en una prenda ic\u00f3nica, asociada con elegancia y resistencia. Este dise\u00f1o atemporal ha sido reinterpretado innumerables veces, tanto por la propia Burberry como por otras casas de moda, pero siempre manteniendo el esp\u00edritu funcional y estil\u00edstico que Thomas Burberry imagin\u00f3.<\/p>\n\n\n\n<p class=\"wp-block-paragraph\">Adem\u00e1s, la gabardina permiti\u00f3 a Burberry expandirse y diversificarse como marca. Durante el siglo XX, Burberry se convirti\u00f3 en sin\u00f3nimo de calidad y lujo, llevando su trench coat a los mercados internacionales y estableci\u00e9ndose como un referente en la moda brit\u00e1nica. El tejido de gabardina, gracias a sus propiedades \u00fanicas, sigue siendo uno de los materiales preferidos para la ropa de exteriores en todo el mundo.<\/p>\n\n\n\n<h3 class=\"wp-block-heading\">Innovaci\u00f3n y Sostenibilidad: La Herencia de la Gabardina en el Siglo XXI<\/h3>\n\n\n\n<p class=\"wp-block-paragraph\">Hoy en d\u00eda, la gabardina sigue siendo una parte integral de la identidad de Burberry. La marca ha continuado innovando en el uso de este material, adapt\u00e1ndolo a las necesidades y tendencias modernas. Con el creciente enfoque en la sostenibilidad, Burberry ha comenzado a explorar m\u00e9todos para producir gabardina utilizando materiales reciclados y procesos de fabricaci\u00f3n m\u00e1s ecol\u00f3gicos, sin comprometer la calidad y las caracter\u00edsticas que hacen que este tejido sea tan especial.<\/p>\n\n\n\n<p class=\"wp-block-paragraph\">El legado de la gabardina es un ejemplo de c\u00f3mo la innovaci\u00f3n en el dise\u00f1o textil puede tener un impacto duradero no solo en la moda, sino tambi\u00e9n en la funcionalidad de la ropa. Lo que comenz\u00f3 como un esfuerzo para proteger a las personas de las inclemencias del tiempo se ha convertido en un s\u00edmbolo global de elegancia y resistencia, una prenda que ha trascendido las fronteras de la moda y el tiempo.<\/p>\n\n\n\n<h3 class=\"wp-block-heading\">Thomas Burberry y la Gabardina, un Legado que Perdura<\/h3>\n\n\n\n<p class=\"wp-block-paragraph\">La invenci\u00f3n de la gabardina por Thomas Burberry es un hito en la historia de la moda, una prueba de c\u00f3mo la innovaci\u00f3n y la dedicaci\u00f3n pueden transformar una industria. Desde su creaci\u00f3n en el siglo XIX hasta su estatus actual como un \u00edcono de la moda, la gabardina ha demostrado ser una prenda vers\u00e1til y duradera, capaz de adaptarse a las cambiantes demandas de la sociedad sin perder su esencia.<\/p>\n\n\n\n<p>Thomas Burberry no solo cre\u00f3 un nuevo tipo de tejido; estableci\u00f3 los cimientos de una marca que ha perdurado durante m\u00e1s de un siglo, siempre fiel a su compromiso con la calidad, la funcionalidad y el estilo. La gabardina es, sin duda, una de las contribuciones m\u00e1s importantes de Burberry al mundo de la moda, y sigue siendo un testimonio del ingenio y la visi\u00f3n de su fundador.<\/p>\n\n\n\n<div class=\"wp-block-jetpack-donations\"><h4>Make a one-time donation<\/h4><p>Your contribution is appreciated.<\/p><a class=\"jetpack-donations-fallback-link\" href=\"https:\/\/luxonomy.net\/es\/el-origen-de-la-gabardina-el-legado-de-thomas-burberry-y-su-impacto-en-la-moda\/\" rel=\"noopener noreferrer noamphtml\" target=\"_blank\">Donate<\/a><hr class=\"donations__separator\"\/><h4>Make a monthly donation<\/h4><p>Your contribution is appreciated.<\/p><a class=\"jetpack-donations-fallback-link\" href=\"https:\/\/luxonomy.net\/es\/el-origen-de-la-gabardina-el-legado-de-thomas-burberry-y-su-impacto-en-la-moda\/\" rel=\"noopener noreferrer noamphtml\" target=\"_blank\">Donate monthly<\/a><hr class=\"donations__separator\"\/><h4>Make a yearly donation<\/h4><p>Your contribution is appreciated.<\/p><a class=\"jetpack-donations-fallback-link\" href=\"https:\/\/luxonomy.net\/es\/el-origen-de-la-gabardina-el-legado-de-thomas-burberry-y-su-impacto-en-la-moda\/\" rel=\"noopener noreferrer noamphtml\" target=\"_blank\">Donate yearly<\/a><\/div>\n","protected":false},"excerpt":{"rendered":"<p>La invenci\u00f3n de la gabardina por Thomas Burberry en 1879 revolucion\u00f3 la industria de la moda, creando un tejido que combinaba resistencia al agua con transpirabilidad y comodidad. <\/p>\n","protected":false},"author":57,"featured_media":57969,"comment_status":"open","ping_status":"open","sticky":false,"template":"","format":"standard","meta":{"_jetpack_newsletter_access":"","_jetpack_dont_email_post_to_subs":false,"_jetpack_newsletter_tier_id":0,"_jetpack_memberships_contains_paywalled_content":false,"_jetpack_feature_clip_id":0,"_jetpack_memberships_contains_paid_content":false,"footnotes":"","jetpack_publicize_message":"Sab\u00edas que... La invenci\u00f3n de la gabardina por Thomas Burberry en 1879 revolucion\u00f3 la industria de la moda, creando un tejido que combinaba resistencia al agua con transpirabilidad y comodidad. \n#sabiasque #burberry #luxonomy","jetpack_publicize_feature_enabled":true,"jetpack_social_post_already_shared":true,"jetpack_social_options":{"image_generator_settings":{"template":"edge","enabled":false,"token":"eyJpbWciOiJodHRwczpcL1wvbHV4b25vbXkubmV0XC93cC1jb250ZW50XC91cGxvYWRzXC8yMDI0XC8wOFwvZ2VuZXJhdGVkLWltYWdlLTM4LTEwMjR4NTM4LmpwZyIsInR4dCI6IkVsIE9yaWdlbiBkZSBsYSBHYWJhcmRpbmE6IEVsIExlZ2FkbyBkZSBUaG9tYXMgQnVyYmVycnkgeSBzdSBJbXBhY3RvIGVuIGxhIE1vZGEiLCJ0ZW1wbGF0ZSI6ImVkZ2UiLCJibG9nX2lkIjoxNTk5ODU3NDB9.A6KxxrmNskcxoJaB79zj2QOseMiZ1SrWoNCEjxEcNJMMQ"},"version":2,"attached_media":[{"id":57969,"url":"http:\/\/luxonomy.net\/wp-content\/uploads\/2024\/08\/generated-image-38.jpg","type":"image\/jpeg"}]},"jetpack_post_was_ever_published":false},"categories":[4228],"tags":[747,1979],"thb-sponsors":[],"class_list":["post-57964","post","type-post","status-publish","format-standard","has-post-thumbnail","hentry","category-historia-de-la-moda-y-el-lujo","tag-burberry","tag-historia-del-lujo"],"yoast_head":"<!-- This site is optimized with the Yoast SEO plugin v28.4 - https:\/\/yoast.com\/product\/yoast-seo-wordpress\/ -->\n<title>El Origen de la Gabardina: El Legado de Thomas Burberry y su Impacto en la Moda | LUXONOMY<\/title>\n<meta name=\"robots\" content=\"index, follow, max-snippet:-1, max-image-preview:large, max-video-preview:-1\" \/>\n<link rel=\"canonical\" href=\"https:\/\/luxonomy.net\/es\/el-origen-de-la-gabardina-el-legado-de-thomas-burberry-y-su-impacto-en-la-moda\/\" \/>\n<meta property=\"og:locale\" content=\"es_ES\" \/>\n<meta property=\"og:type\" content=\"article\" \/>\n<meta property=\"og:title\" content=\"El Origen de la Gabardina: El Legado de Thomas Burberry y su Impacto en la Moda | LUXONOMY\" \/>\n<meta property=\"og:description\" content=\"La invenci\u00f3n de la gabardina por Thomas Burberry en 1879 revolucion\u00f3 la industria de la moda, creando un tejido que combinaba resistencia al agua con transpirabilidad y comodidad.\" \/>\n<meta property=\"og:url\" content=\"https:\/\/luxonomy.net\/es\/el-origen-de-la-gabardina-el-legado-de-thomas-burberry-y-su-impacto-en-la-moda\/\" \/>\n<meta property=\"og:site_name\" content=\"LUXONOMY\" \/>\n<meta property=\"article:publisher\" content=\"https:\/\/www.facebook.com\/luxonomy\" \/>\n<meta property=\"article:published_time\" content=\"2024-08-20T12:58:05+00:00\" \/>\n<meta property=\"article:modified_time\" content=\"2024-08-20T13:55:25+00:00\" \/>\n<meta property=\"og:image\" content=\"https:\/\/i0.wp.com\/luxonomy.net\/wp-content\/uploads\/2024\/08\/generated-image-38.jpg?fit=1200%2C630&quality=89&ssl=1\" \/>\n\t<meta property=\"og:image:width\" content=\"1200\" \/>\n\t<meta property=\"og:image:height\" content=\"630\" \/>\n\t<meta property=\"og:image:type\" content=\"image\/jpeg\" \/>\n<meta name=\"author\" content=\"Anthony Fontaine\" \/>\n<meta name=\"twitter:card\" content=\"summary_large_image\" \/>\n<meta name=\"twitter:label1\" content=\"Escrito por\" \/>\n\t<meta name=\"twitter:data1\" content=\"Anthony Fontaine\" \/>\n\t<meta name=\"twitter:label2\" content=\"Tiempo de lectura\" \/>\n\t<meta name=\"twitter:data2\" content=\"5 minutos\" \/>\n<script type=\"application\/ld+json\" class=\"yoast-schema-graph\">{\"@context\":\"https:\\\/\\\/schema.org\",\"@graph\":[{\"@type\":\"Article\",\"@id\":\"https:\\\/\\\/luxonomy.net\\\/es\\\/el-origen-de-la-gabardina-el-legado-de-thomas-burberry-y-su-impacto-en-la-moda\\\/#article\",\"isPartOf\":{\"@id\":\"https:\\\/\\\/luxonomy.net\\\/es\\\/el-origen-de-la-gabardina-el-legado-de-thomas-burberry-y-su-impacto-en-la-moda\\\/\"},\"author\":{\"name\":\"Anthony Fontaine\",\"@id\":\"https:\\\/\\\/luxonomy.net\\\/es\\\/#\\\/schema\\\/person\\\/8a606ebf40fbc30656c9bc5865c6c425\"},\"headline\":\"El Origen de la Gabardina: El Legado de Thomas Burberry y su Impacto en la Moda\",\"datePublished\":\"2024-08-20T12:58:05+00:00\",\"dateModified\":\"2024-08-20T13:55:25+00:00\",\"mainEntityOfPage\":{\"@id\":\"https:\\\/\\\/luxonomy.net\\\/es\\\/el-origen-de-la-gabardina-el-legado-de-thomas-burberry-y-su-impacto-en-la-moda\\\/\"},\"wordCount\":1046,\"commentCount\":0,\"publisher\":{\"@id\":\"https:\\\/\\\/luxonomy.net\\\/es\\\/#organization\"},\"image\":{\"@id\":\"https:\\\/\\\/luxonomy.net\\\/es\\\/el-origen-de-la-gabardina-el-legado-de-thomas-burberry-y-su-impacto-en-la-moda\\\/#primaryimage\"},\"thumbnailUrl\":\"https:\\\/\\\/i0.wp.com\\\/luxonomy.net\\\/wp-content\\\/uploads\\\/2024\\\/08\\\/generated-image-38.jpg?fit=1200%2C630&ssl=1\",\"keywords\":[\"Burberry\",\"historia del lujo\"],\"articleSection\":[\"Historia de la Moda y el Lujo\"],\"inLanguage\":\"es\",\"potentialAction\":[{\"@type\":\"CommentAction\",\"name\":\"Comment\",\"target\":[\"https:\\\/\\\/luxonomy.net\\\/es\\\/el-origen-de-la-gabardina-el-legado-de-thomas-burberry-y-su-impacto-en-la-moda\\\/#respond\"]}]},{\"@type\":\"WebPage\",\"@id\":\"https:\\\/\\\/luxonomy.net\\\/es\\\/el-origen-de-la-gabardina-el-legado-de-thomas-burberry-y-su-impacto-en-la-moda\\\/\",\"url\":\"https:\\\/\\\/luxonomy.net\\\/es\\\/el-origen-de-la-gabardina-el-legado-de-thomas-burberry-y-su-impacto-en-la-moda\\\/\",\"name\":\"El Origen de la Gabardina: El Legado de Thomas Burberry y su Impacto en la Moda | LUXONOMY\",\"isPartOf\":{\"@id\":\"https:\\\/\\\/luxonomy.net\\\/es\\\/#website\"},\"primaryImageOfPage\":{\"@id\":\"https:\\\/\\\/luxonomy.net\\\/es\\\/el-origen-de-la-gabardina-el-legado-de-thomas-burberry-y-su-impacto-en-la-moda\\\/#primaryimage\"},\"image\":{\"@id\":\"https:\\\/\\\/luxonomy.net\\\/es\\\/el-origen-de-la-gabardina-el-legado-de-thomas-burberry-y-su-impacto-en-la-moda\\\/#primaryimage\"},\"thumbnailUrl\":\"https:\\\/\\\/i0.wp.com\\\/luxonomy.net\\\/wp-content\\\/uploads\\\/2024\\\/08\\\/generated-image-38.jpg?fit=1200%2C630&ssl=1\",\"datePublished\":\"2024-08-20T12:58:05+00:00\",\"dateModified\":\"2024-08-20T13:55:25+00:00\",\"breadcrumb\":{\"@id\":\"https:\\\/\\\/luxonomy.net\\\/es\\\/el-origen-de-la-gabardina-el-legado-de-thomas-burberry-y-su-impacto-en-la-moda\\\/#breadcrumb\"},\"inLanguage\":\"es\",\"potentialAction\":[{\"@type\":\"ReadAction\",\"target\":[\"https:\\\/\\\/luxonomy.net\\\/es\\\/el-origen-de-la-gabardina-el-legado-de-thomas-burberry-y-su-impacto-en-la-moda\\\/\"]}]},{\"@type\":\"ImageObject\",\"inLanguage\":\"es\",\"@id\":\"https:\\\/\\\/luxonomy.net\\\/es\\\/el-origen-de-la-gabardina-el-legado-de-thomas-burberry-y-su-impacto-en-la-moda\\\/#primaryimage\",\"url\":\"https:\\\/\\\/i0.wp.com\\\/luxonomy.net\\\/wp-content\\\/uploads\\\/2024\\\/08\\\/generated-image-38.jpg?fit=1200%2C630&ssl=1\",\"contentUrl\":\"https:\\\/\\\/i0.wp.com\\\/luxonomy.net\\\/wp-content\\\/uploads\\\/2024\\\/08\\\/generated-image-38.jpg?fit=1200%2C630&ssl=1\",\"width\":1200,\"height\":630},{\"@type\":\"BreadcrumbList\",\"@id\":\"https:\\\/\\\/luxonomy.net\\\/es\\\/el-origen-de-la-gabardina-el-legado-de-thomas-burberry-y-su-impacto-en-la-moda\\\/#breadcrumb\",\"itemListElement\":[{\"@type\":\"ListItem\",\"position\":1,\"name\":\"Portada\",\"item\":\"https:\\\/\\\/luxonomy.net\\\/es\\\/\"},{\"@type\":\"ListItem\",\"position\":2,\"name\":\"El Origen de la Gabardina: El Legado de Thomas Burberry y su Impacto en la Moda\"}]},{\"@type\":\"WebSite\",\"@id\":\"https:\\\/\\\/luxonomy.net\\\/es\\\/#website\",\"url\":\"https:\\\/\\\/luxonomy.net\\\/es\\\/\",\"name\":\"LUXONOMY\",\"description\":\"The Economy of Fashion &amp; Luxury\",\"publisher\":{\"@id\":\"https:\\\/\\\/luxonomy.net\\\/es\\\/#organization\"},\"potentialAction\":[{\"@type\":\"SearchAction\",\"target\":{\"@type\":\"EntryPoint\",\"urlTemplate\":\"https:\\\/\\\/luxonomy.net\\\/es\\\/?s={search_term_string}\"},\"query-input\":{\"@type\":\"PropertyValueSpecification\",\"valueRequired\":true,\"valueName\":\"search_term_string\"}}],\"inLanguage\":\"es\"},{\"@type\":\"Organization\",\"@id\":\"https:\\\/\\\/luxonomy.net\\\/es\\\/#organization\",\"name\":\"LUXONOMY\",\"url\":\"https:\\\/\\\/luxonomy.net\\\/es\\\/\",\"logo\":{\"@type\":\"ImageObject\",\"inLanguage\":\"es\",\"@id\":\"https:\\\/\\\/luxonomy.net\\\/es\\\/#\\\/schema\\\/logo\\\/image\\\/\",\"url\":\"https:\\\/\\\/i2.wp.com\\\/luxonomy.net\\\/wp-content\\\/uploads\\\/2021\\\/09\\\/MOCKUP-TODOS-LUXONOMY.jpg?fit=1000%2C515&ssl=1\",\"contentUrl\":\"https:\\\/\\\/i2.wp.com\\\/luxonomy.net\\\/wp-content\\\/uploads\\\/2021\\\/09\\\/MOCKUP-TODOS-LUXONOMY.jpg?fit=1000%2C515&ssl=1\",\"width\":1000,\"height\":515,\"caption\":\"LUXONOMY\"},\"image\":{\"@id\":\"https:\\\/\\\/luxonomy.net\\\/es\\\/#\\\/schema\\\/logo\\\/image\\\/\"},\"sameAs\":[\"https:\\\/\\\/www.facebook.com\\\/luxonomy\",\"https:\\\/\\\/www.instagram.com\\\/luxonomy\\\/\",\"https:\\\/\\\/www.linkedin.com\\\/company\\\/luxonomy\\\/\"]},{\"@type\":\"Person\",\"@id\":\"https:\\\/\\\/luxonomy.net\\\/es\\\/#\\\/schema\\\/person\\\/8a606ebf40fbc30656c9bc5865c6c425\",\"name\":\"Anthony Fontaine\",\"image\":{\"@type\":\"ImageObject\",\"inLanguage\":\"es\",\"@id\":\"https:\\\/\\\/luxonomy.net\\\/wp-content\\\/litespeed\\\/avatar\\\/f22929cb543b07f4ddd188b5bc9bb372.jpg?ver=1788590097\",\"url\":\"https:\\\/\\\/luxonomy.net\\\/wp-content\\\/litespeed\\\/avatar\\\/f22929cb543b07f4ddd188b5bc9bb372.jpg?ver=1788590097\",\"contentUrl\":\"https:\\\/\\\/luxonomy.net\\\/wp-content\\\/litespeed\\\/avatar\\\/f22929cb543b07f4ddd188b5bc9bb372.jpg?ver=1788590097\",\"caption\":\"Anthony Fontaine\"},\"url\":\"https:\\\/\\\/luxonomy.net\\\/es\\\/author\\\/fontainea\\\/\"}]}<\/script>\n<!-- \/ Yoast SEO plugin. -->","yoast_head_json":{"title":"El Origen de la Gabardina: El Legado de Thomas Burberry y su Impacto en la Moda | LUXONOMY","robots":{"index":"index","follow":"follow","max-snippet":"max-snippet:-1","max-image-preview":"max-image-preview:large","max-video-preview":"max-video-preview:-1"},"canonical":"https:\/\/luxonomy.net\/es\/el-origen-de-la-gabardina-el-legado-de-thomas-burberry-y-su-impacto-en-la-moda\/","og_locale":"es_ES","og_type":"article","og_title":"El Origen de la Gabardina: El Legado de Thomas Burberry y su Impacto en la Moda | LUXONOMY","og_description":"La invenci\u00f3n de la gabardina por Thomas Burberry en 1879 revolucion\u00f3 la industria de la moda, creando un tejido que combinaba resistencia al agua con transpirabilidad y comodidad.","og_url":"https:\/\/luxonomy.net\/es\/el-origen-de-la-gabardina-el-legado-de-thomas-burberry-y-su-impacto-en-la-moda\/","og_site_name":"LUXONOMY","article_publisher":"https:\/\/www.facebook.com\/luxonomy","article_published_time":"2024-08-20T12:58:05+00:00","article_modified_time":"2024-08-20T13:55:25+00:00","og_image":[{"width":1200,"height":630,"url":"https:\/\/i0.wp.com\/luxonomy.net\/wp-content\/uploads\/2024\/08\/generated-image-38.jpg?fit=1200%2C630&quality=89&ssl=1","type":"image\/jpeg"}],"author":"Anthony Fontaine","twitter_card":"summary_large_image","twitter_misc":{"Escrito por":"Anthony Fontaine","Tiempo de lectura":"5 minutos"},"schema":{"@context":"https:\/\/schema.org","@graph":[{"@type":"Article","@id":"https:\/\/luxonomy.net\/es\/el-origen-de-la-gabardina-el-legado-de-thomas-burberry-y-su-impacto-en-la-moda\/#article","isPartOf":{"@id":"https:\/\/luxonomy.net\/es\/el-origen-de-la-gabardina-el-legado-de-thomas-burberry-y-su-impacto-en-la-moda\/"},"author":{"name":"Anthony Fontaine","@id":"https:\/\/luxonomy.net\/es\/#\/schema\/person\/8a606ebf40fbc30656c9bc5865c6c425"},"headline":"El Origen de la Gabardina: El Legado de Thomas Burberry y su Impacto en la Moda","datePublished":"2024-08-20T12:58:05+00:00","dateModified":"2024-08-20T13:55:25+00:00","mainEntityOfPage":{"@id":"https:\/\/luxonomy.net\/es\/el-origen-de-la-gabardina-el-legado-de-thomas-burberry-y-su-impacto-en-la-moda\/"},"wordCount":1046,"commentCount":0,"publisher":{"@id":"https:\/\/luxonomy.net\/es\/#organization"},"image":{"@id":"https:\/\/luxonomy.net\/es\/el-origen-de-la-gabardina-el-legado-de-thomas-burberry-y-su-impacto-en-la-moda\/#primaryimage"},"thumbnailUrl":"https:\/\/i0.wp.com\/luxonomy.net\/wp-content\/uploads\/2024\/08\/generated-image-38.jpg?fit=1200%2C630&ssl=1","keywords":["Burberry","historia del lujo"],"articleSection":["Historia de la Moda y el Lujo"],"inLanguage":"es","potentialAction":[{"@type":"CommentAction","name":"Comment","target":["https:\/\/luxonomy.net\/es\/el-origen-de-la-gabardina-el-legado-de-thomas-burberry-y-su-impacto-en-la-moda\/#respond"]}]},{"@type":"WebPage","@id":"https:\/\/luxonomy.net\/es\/el-origen-de-la-gabardina-el-legado-de-thomas-burberry-y-su-impacto-en-la-moda\/","url":"https:\/\/luxonomy.net\/es\/el-origen-de-la-gabardina-el-legado-de-thomas-burberry-y-su-impacto-en-la-moda\/","name":"El Origen de la Gabardina: El Legado de Thomas Burberry y su Impacto en la Moda | LUXONOMY","isPartOf":{"@id":"https:\/\/luxonomy.net\/es\/#website"},"primaryImageOfPage":{"@id":"https:\/\/luxonomy.net\/es\/el-origen-de-la-gabardina-el-legado-de-thomas-burberry-y-su-impacto-en-la-moda\/#primaryimage"},"image":{"@id":"https:\/\/luxonomy.net\/es\/el-origen-de-la-gabardina-el-legado-de-thomas-burberry-y-su-impacto-en-la-moda\/#primaryimage"},"thumbnailUrl":"https:\/\/i0.wp.com\/luxonomy.net\/wp-content\/uploads\/2024\/08\/generated-image-38.jpg?fit=1200%2C630&ssl=1","datePublished":"2024-08-20T12:58:05+00:00","dateModified":"2024-08-20T13:55:25+00:00","breadcrumb":{"@id":"https:\/\/luxonomy.net\/es\/el-origen-de-la-gabardina-el-legado-de-thomas-burberry-y-su-impacto-en-la-moda\/#breadcrumb"},"inLanguage":"es","potentialAction":[{"@type":"ReadAction","target":["https:\/\/luxonomy.net\/es\/el-origen-de-la-gabardina-el-legado-de-thomas-burberry-y-su-impacto-en-la-moda\/"]}]},{"@type":"ImageObject","inLanguage":"es","@id":"https:\/\/luxonomy.net\/es\/el-origen-de-la-gabardina-el-legado-de-thomas-burberry-y-su-impacto-en-la-moda\/#primaryimage","url":"https:\/\/i0.wp.com\/luxonomy.net\/wp-content\/uploads\/2024\/08\/generated-image-38.jpg?fit=1200%2C630&ssl=1","contentUrl":"https:\/\/i0.wp.com\/luxonomy.net\/wp-content\/uploads\/2024\/08\/generated-image-38.jpg?fit=1200%2C630&ssl=1","width":1200,"height":630},{"@type":"BreadcrumbList","@id":"https:\/\/luxonomy.net\/es\/el-origen-de-la-gabardina-el-legado-de-thomas-burberry-y-su-impacto-en-la-moda\/#breadcrumb","itemListElement":[{"@type":"ListItem","position":1,"name":"Portada","item":"https:\/\/luxonomy.net\/es\/"},{"@type":"ListItem","position":2,"name":"El Origen de la Gabardina: El Legado de Thomas Burberry y su Impacto en la Moda"}]},{"@type":"WebSite","@id":"https:\/\/luxonomy.net\/es\/#website","url":"https:\/\/luxonomy.net\/es\/","name":"LUXONOMY","description":"The Economy of Fashion &amp; Luxury","publisher":{"@id":"https:\/\/luxonomy.net\/es\/#organization"},"potentialAction":[{"@type":"SearchAction","target":{"@type":"EntryPoint","urlTemplate":"https:\/\/luxonomy.net\/es\/?s={search_term_string}"},"query-input":{"@type":"PropertyValueSpecification","valueRequired":true,"valueName":"search_term_string"}}],"inLanguage":"es"},{"@type":"Organization","@id":"https:\/\/luxonomy.net\/es\/#organization","name":"LUXONOMY","url":"https:\/\/luxonomy.net\/es\/","logo":{"@type":"ImageObject","inLanguage":"es","@id":"https:\/\/luxonomy.net\/es\/#\/schema\/logo\/image\/","url":"https:\/\/i2.wp.com\/luxonomy.net\/wp-content\/uploads\/2021\/09\/MOCKUP-TODOS-LUXONOMY.jpg?fit=1000%2C515&ssl=1","contentUrl":"https:\/\/i2.wp.com\/luxonomy.net\/wp-content\/uploads\/2021\/09\/MOCKUP-TODOS-LUXONOMY.jpg?fit=1000%2C515&ssl=1","width":1000,"height":515,"caption":"LUXONOMY"},"image":{"@id":"https:\/\/luxonomy.net\/es\/#\/schema\/logo\/image\/"},"sameAs":["https:\/\/www.facebook.com\/luxonomy","https:\/\/www.instagram.com\/luxonomy\/","https:\/\/www.linkedin.com\/company\/luxonomy\/"]},{"@type":"Person","@id":"https:\/\/luxonomy.net\/es\/#\/schema\/person\/8a606ebf40fbc30656c9bc5865c6c425","name":"Anthony Fontaine","image":{"@type":"ImageObject","inLanguage":"es","@id":"https:\/\/luxonomy.net\/wp-content\/litespeed\/avatar\/f22929cb543b07f4ddd188b5bc9bb372.jpg?ver=1788590097","url":"https:\/\/luxonomy.net\/wp-content\/litespeed\/avatar\/f22929cb543b07f4ddd188b5bc9bb372.jpg?ver=1788590097","contentUrl":"https:\/\/luxonomy.net\/wp-content\/litespeed\/avatar\/f22929cb543b07f4ddd188b5bc9bb372.jpg?ver=1788590097","caption":"Anthony Fontaine"},"url":"https:\/\/luxonomy.net\/es\/author\/fontainea\/"}]}},"jetpack_publicize_connections":[],"jetpack_shortlink":"https:\/\/wp.me\/paPhBa-f4U","jetpack_sharing_enabled":true,"jetpack_featured_media_url":"https:\/\/i0.wp.com\/luxonomy.net\/wp-content\/uploads\/2024\/08\/generated-image-38.jpg?fit=1200%2C630&ssl=1","_links":{"self":[{"href":"https:\/\/luxonomy.net\/es\/wp-json\/wp\/v2\/posts\/57964","targetHints":{"allow":["GET"]}}],"collection":[{"href":"https:\/\/luxonomy.net\/es\/wp-json\/wp\/v2\/posts"}],"about":[{"href":"https:\/\/luxonomy.net\/es\/wp-json\/wp\/v2\/types\/post"}],"author":[{"embeddable":true,"href":"https:\/\/luxonomy.net\/es\/wp-json\/wp\/v2\/users\/57"}],"replies":[{"embeddable":true,"href":"https:\/\/luxonomy.net\/es\/wp-json\/wp\/v2\/comments?post=57964"}],"version-history":[{"count":7,"href":"https:\/\/luxonomy.net\/es\/wp-json\/wp\/v2\/posts\/57964\/revisions"}],"predecessor-version":[{"id":57982,"href":"https:\/\/luxonomy.net\/es\/wp-json\/wp\/v2\/posts\/57964\/revisions\/57982"}],"wp:featuredmedia":[{"embeddable":true,"href":"https:\/\/luxonomy.net\/es\/wp-json\/wp\/v2\/media\/57969"}],"wp:attachment":[{"href":"https:\/\/luxonomy.net\/es\/wp-json\/wp\/v2\/media?parent=57964"}],"wp:term":[{"taxonomy":"category","embeddable":true,"href":"https:\/\/luxonomy.net\/es\/wp-json\/wp\/v2\/categories?post=57964"},{"taxonomy":"post_tag","embeddable":true,"href":"https:\/\/luxonomy.net\/es\/wp-json\/wp\/v2\/tags?post=57964"},{"taxonomy":"thb-sponsors","embeddable":true,"href":"https:\/\/luxonomy.net\/es\/wp-json\/wp\/v2\/thb-sponsors?post=57964"}],"curies":[{"name":"wp","href":"https:\/\/api.w.org\/{rel}","templated":true}]}}