{"id":56656,"date":"2024-07-22T12:30:26","date_gmt":"2024-07-22T10:30:26","guid":{"rendered":"https:\/?p=56656"},"modified":"2024-07-22T12:32:10","modified_gmt":"2024-07-22T10:32:10","slug":"asi-es-la-vestimenta-de-los-portadores-de-medallas-en-paris-2024-disenada-por-lvmh","status":"publish","type":"post","link":"https:\/\/luxonomy.net\/es\/asi-es-la-vestimenta-de-los-portadores-de-medallas-en-paris-2024-disenada-por-lvmh\/","title":{"rendered":"As\u00ed es la vestimenta de los portadores de medallas en Par\u00eds 2024 dise\u00f1ada por LVMH"},"content":{"rendered":"<p>LVMH y el Comit\u00e9 Organizador de Par\u00eds 2024 han mostrado los trajes dise\u00f1ados para los portadores de medallas voluntarios que presentar\u00e1n las medallas a los atletas ganadores, as\u00ed como las bandejas dise\u00f1adas por Louis Vuitton para sostener las medallas en cada Ceremonia de Victoria durante los Juegos Ol\u00edmpicos y Paral\u00edmpicos de Par\u00eds 2024.<\/p>\n<p>LVMH contin\u00faa mostrando la creatividad que aporta a la asociaci\u00f3n del Grupo con Par\u00eds 2024, con prendas que combinan un savoir-faire excepcional y circularidad creativa. Los nuevos trajes y bandejas de medallas se unen a las medallas de oro, plata y bronce dise\u00f1adas por Maison Chaumet, los trajes del equipo de Francia dise\u00f1ados por Berluti para las Ceremonias de Apertura, y los ba\u00fales de medallas y antorchas para los Juegos de Par\u00eds 2024 dise\u00f1ados y elaborados por Louis Vuitton. El Grupo LVMH se enorgullece una vez m\u00e1s de apoyar a Par\u00eds 2024 como socio creativo para momentos memorables de celebraci\u00f3n, contribuyendo con excelencia, elegancia y una resonancia global \u00fanica.<\/p>\n<h3>Trajes inspirados en los Juegos de 1924 en Par\u00eds con un look decididamente moderno<\/h3>\n<p>Par\u00eds, la capital mundial de la moda, da la bienvenida una vez m\u00e1s a los Juegos Ol\u00edmpicos y Paral\u00edmpicos, 100 a\u00f1os despu\u00e9s de la \u00faltima vez que la Ciudad de la Luz acogi\u00f3 el evento. Para conectar con este legado, LVMH ha dise\u00f1ado trajes que rinden homenaje a las siluetas de los a\u00f1os 20, marcadas por el nacimiento del sportswear, una afirmaci\u00f3n del feminismo y la primera aparici\u00f3n de estilos unisex.<\/p><div id=\"luxon-3198894196\" class=\"luxon-3er-parrafo luxon-entity-placement\" style=\"margin-top: 20px;margin-bottom: 20px;margin-left: auto;margin-right: auto;text-align: center;\"><a href=\"https:\/\/luxonomy.university\/course\/master-turismo-de-lujo\" target=\"_blank\" aria-label=\"master-turismo-lujo-2026-2027\"><img loading=\"lazy\" decoding=\"async\" src=\"https:\/\/i0.wp.com\/luxonomy.net\/wp-content\/uploads\/2020\/07\/master-turismo-lujo-2026-2027.jpg?fit=1672%2C941&#038;ssl=1\" alt=\"\"  srcset=\"https:\/\/i0.wp.com\/luxonomy.net\/wp-content\/uploads\/2020\/07\/master-turismo-lujo-2026-2027.jpg?w=1672&ssl=1 1672w, https:\/\/i0.wp.com\/luxonomy.net\/wp-content\/uploads\/2020\/07\/master-turismo-lujo-2026-2027.jpg?resize=300%2C169&ssl=1 300w, https:\/\/i0.wp.com\/luxonomy.net\/wp-content\/uploads\/2020\/07\/master-turismo-lujo-2026-2027.jpg?resize=1024%2C576&ssl=1 1024w, https:\/\/i0.wp.com\/luxonomy.net\/wp-content\/uploads\/2020\/07\/master-turismo-lujo-2026-2027.jpg?resize=768%2C432&ssl=1 768w, https:\/\/i0.wp.com\/luxonomy.net\/wp-content\/uploads\/2020\/07\/master-turismo-lujo-2026-2027.jpg?resize=1536%2C864&ssl=1 1536w, https:\/\/i0.wp.com\/luxonomy.net\/wp-content\/uploads\/2020\/07\/master-turismo-lujo-2026-2027.jpg?resize=370%2C208&ssl=1 370w, https:\/\/i0.wp.com\/luxonomy.net\/wp-content\/uploads\/2020\/07\/master-turismo-lujo-2026-2027.jpg?resize=800%2C450&ssl=1 800w, https:\/\/i0.wp.com\/luxonomy.net\/wp-content\/uploads\/2020\/07\/master-turismo-lujo-2026-2027.jpg?resize=20%2C11&ssl=1 20w, https:\/\/i0.wp.com\/luxonomy.net\/wp-content\/uploads\/2020\/07\/master-turismo-lujo-2026-2027.jpg?resize=740%2C416&ssl=1 740w, https:\/\/i0.wp.com\/luxonomy.net\/wp-content\/uploads\/2020\/07\/master-turismo-lujo-2026-2027.jpg?resize=1600%2C900&ssl=1 1600w, https:\/\/i0.wp.com\/luxonomy.net\/wp-content\/uploads\/2020\/07\/master-turismo-lujo-2026-2027.jpg?resize=1200%2C675&ssl=1 1200w, https:\/\/i0.wp.com\/luxonomy.net\/wp-content\/uploads\/2020\/07\/master-turismo-lujo-2026-2027.jpg?resize=85%2C48&ssl=1 85w\" sizes=\"(max-width: 1170px) 100vw, 1170px\" class=\"no-lazyload\" width=\"1672\" height=\"941\"   \/><\/a><\/div>\n<p>Los 515 portadores de medallas seleccionados por Par\u00eds 2024 &#8211; j\u00f3venes que son miembros de federaciones deportivas nacionales de toda Francia &#8211; llevar\u00e1n ropa que celebra la historia de Francia y su patrimonio cultural y social. Las prendas enfatizan la fluidez y la libertad de movimiento.<\/p>\n<p>El traje unisex de cada portador de medallas consistir\u00e1 en una camiseta tipo polo, pantalones amplios y una gorra tradicional gavroche. Los voluntarios tambi\u00e9n recibir\u00e1n un set de productos de Fenty Beauty, junto con consejos si desean usar maquillaje para la ocasi\u00f3n.<\/p>\n<h3>Ropa que encarna el compromiso de LVMH con la circularidad creativa<\/h3>\n<p>Los 600 trajes fabricados est\u00e1n alineados con el compromiso del Grupo LVMH con el lujo que es a la vez sostenible e inclusivo:<\/p>\n<p>Circularidad creativa, con materiales 100% ecol\u00f3gicos, procedentes en particular del ecosistema de reciclaje textil de ciclo cerrado de LVMH Circularity. Las camisetas tipo polo y las gorras gavroche est\u00e1n hechas de un tejido de jersey fabricado con textiles reciclados utilizando recortes de diferentes Maisons de LVMH que han sido reciclados por la startup francesa Weturn, una empresa certificada B Corp. La empresa crea nuevas salidas para el inventario de la industria textil no vendido, transformando los tejidos primero en hilo y luego en nuevos tejidos. El tejido de jersey pesado creado a trav\u00e9s de este proceso fue luego cortado y ensamblado en la regi\u00f3n de los Vosgos en Francia en un taller certificado por la norma Global Organic Textile Standard (GOTS). Los pantalones est\u00e1n hechos de un tejido de mezcla de poli-lana utilizando poli\u00e9ster reciclado.<\/p><div id=\"luxon-3063270198\" class=\"luxon-7-parrafo luxon-entity-placement\" style=\"margin-top: 20px;margin-bottom: 20px;margin-left: auto;margin-right: auto;text-align: center;\"><a href=\"https:\/\/theintelligence.institute\/course\/inteligencia-artificial-para-directivos\" target=\"_blank\" aria-label=\"CSIAD_empresas_THEI_horizontal_4x3_v5\"><img loading=\"lazy\" decoding=\"async\" src=\"https:\/\/i0.wp.com\/luxonomy.net\/wp-content\/uploads\/2025\/08\/CSIAD_empresas_THEI_horizontal_4x3_v5.png?fit=2000%2C1500&#038;ssl=1\" alt=\"\"  srcset=\"https:\/\/i0.wp.com\/luxonomy.net\/wp-content\/uploads\/2025\/08\/CSIAD_empresas_THEI_horizontal_4x3_v5.png?w=2000&ssl=1 2000w, https:\/\/i0.wp.com\/luxonomy.net\/wp-content\/uploads\/2025\/08\/CSIAD_empresas_THEI_horizontal_4x3_v5.png?resize=300%2C225&ssl=1 300w, https:\/\/i0.wp.com\/luxonomy.net\/wp-content\/uploads\/2025\/08\/CSIAD_empresas_THEI_horizontal_4x3_v5.png?resize=1024%2C768&ssl=1 1024w, https:\/\/i0.wp.com\/luxonomy.net\/wp-content\/uploads\/2025\/08\/CSIAD_empresas_THEI_horizontal_4x3_v5.png?resize=768%2C576&ssl=1 768w, https:\/\/i0.wp.com\/luxonomy.net\/wp-content\/uploads\/2025\/08\/CSIAD_empresas_THEI_horizontal_4x3_v5.png?resize=1536%2C1152&ssl=1 1536w, https:\/\/i0.wp.com\/luxonomy.net\/wp-content\/uploads\/2025\/08\/CSIAD_empresas_THEI_horizontal_4x3_v5.png?resize=370%2C278&ssl=1 370w, https:\/\/i0.wp.com\/luxonomy.net\/wp-content\/uploads\/2025\/08\/CSIAD_empresas_THEI_horizontal_4x3_v5.png?resize=800%2C600&ssl=1 800w, https:\/\/i0.wp.com\/luxonomy.net\/wp-content\/uploads\/2025\/08\/CSIAD_empresas_THEI_horizontal_4x3_v5.png?resize=20%2C15&ssl=1 20w, https:\/\/i0.wp.com\/luxonomy.net\/wp-content\/uploads\/2025\/08\/CSIAD_empresas_THEI_horizontal_4x3_v5.png?resize=740%2C555&ssl=1 740w, https:\/\/i0.wp.com\/luxonomy.net\/wp-content\/uploads\/2025\/08\/CSIAD_empresas_THEI_horizontal_4x3_v5.png?resize=1600%2C1200&ssl=1 1600w, https:\/\/i0.wp.com\/luxonomy.net\/wp-content\/uploads\/2025\/08\/CSIAD_empresas_THEI_horizontal_4x3_v5.png?resize=1200%2C900&ssl=1 1200w, https:\/\/i0.wp.com\/luxonomy.net\/wp-content\/uploads\/2025\/08\/CSIAD_empresas_THEI_horizontal_4x3_v5.png?resize=64%2C48&ssl=1 64w\" sizes=\"(max-width: 1170px) 100vw, 1170px\" class=\"no-lazyload\" width=\"2000\" height=\"1500\"   \/><\/a><\/div>\n<p>Mayoritariamente &#8220;hecho en Francia&#8221;: Las camisetas tipo polo est\u00e1n hechas en la regi\u00f3n de los Vosgos en Francia por la empresa familiar Duval, un socio de larga data de LVMH. Los pantalones han sido producidos por La Fabrique NOMADE, una organizaci\u00f3n sin \u00e1nimo de lucro con la que el Grupo ha colaborado desde 2019, que apoya la integraci\u00f3n profesional de artesanos refugiados en Francia, ayud\u00e1ndoles a aprovechar las habilidades del oficio que practicaban en su pa\u00eds de origen y adaptarse a las necesidades del mercado franc\u00e9s. Las gorras gavroche se han fabricado en Italia.<\/p>\n<p>Vida despu\u00e9s de Par\u00eds 2024: Todos los trajes se entregan a los portadores de medallas voluntarios, quienes ayudan a que estos momentos \u00fanicos de celebraci\u00f3n permanezcan inolvidables tanto para los atletas como para los espectadores.<\/p>\n<h3>Bandejas para medallas de Louis Vuitton dise\u00f1adas especialmente para las Ceremonias de Victoria<\/h3>\n<p>Evoqueando el legado de fabricaci\u00f3n de ba\u00fales de Louis Vuitton, las exclusivas bandejas para medallas fueron elaboradas por expertos artesanos de Louis Vuitton en el taller de Beaulieu-sur-Layon en la regi\u00f3n de Maine-et-Loire, especializado en la fabricaci\u00f3n de art\u00edculos de cuero. Las bandejas tienen un exterior cubierto por el hist\u00f3rico lienzo Damier de la Maison, creado en 1888, y el interior est\u00e1 forrado con cuero negro mate, haciendo referencia a los interiores de los ba\u00fales de medallas y antorchas de Louis Vuitton. Dise\u00f1adas y elaboradas para ser lo m\u00e1s ligeras posible, las bandejas para medallas de Louis Vuitton pueden contener de dos a seis medallas. Llevar\u00e1n las medallas dise\u00f1adas por el joyero Chaumet, aportando un toque adicional de savoir-faire franc\u00e9s a este momento excepcional que recompensa una vida de dedicaci\u00f3n para cada atleta en el podio de ganadores.<\/p>\n<p>Las bandejas se unen a la prestigiosa colecci\u00f3n de estuches personalizados creados especialmente para Par\u00eds 2024. Estos objetos excepcionales ejemplifican perfectamente la misi\u00f3n de LVMH, &#8220;el Arte de Crear Sue\u00f1os&#8221;, y su papel como &#8220;el Artesano de Todas las Victorias&#8221; para los Juegos de Par\u00eds 2024.<\/p>\n<p><img loading=\"lazy\" decoding=\"async\" data-attachment-id=\"56663\" data-permalink=\"https:\/\/luxonomy.net\/es\/asi-es-la-vestimenta-de-los-portadores-de-medallas-en-paris-2024-disenada-por-lvmh\/2-asi-es-la-vestimenta-de-los-portadores-de-medallas-en-paris-2024-disenada-por-lvmh\/\" data-orig-file=\"https:\/\/i0.wp.com\/luxonomy.net\/wp-content\/uploads\/2024\/07\/2-Asi-es-la-vestimenta-de-los-portadores-de-medallas-en-Paris-2024-disenada-por-LVMH.jpeg?fit=1080%2C1920&amp;ssl=1\" data-orig-size=\"1080,1920\" data-comments-opened=\"1\" data-image-title=\"2 Asi\u0301 es la vestimenta de los portadores de medallas en Pari\u0301s 2024 disen\u0303ada por LVMH\" data-image-description=\"\" data-image-caption=\"\" data-large-file=\"https:\/\/i0.wp.com\/luxonomy.net\/wp-content\/uploads\/2024\/07\/2-Asi-es-la-vestimenta-de-los-portadores-de-medallas-en-Paris-2024-disenada-por-LVMH.jpeg?fit=576%2C1024&amp;ssl=1\" class=\"alignleft size-full wp-image-56663 lazyload\" src=\"data:image\/gif;base64,R0lGODlhAQABAAAAACH5BAEKAAEALAAAAAABAAEAAAICTAEAOw==\" data-src=\"http:\/\/luxonomy.net\/wp-content\/uploads\/2024\/07\/2-Asi-es-la-vestimenta-de-los-portadores-de-medallas-en-Paris-2024-disenada-por-LVMH.jpeg\" alt=\"\" width=\"1080\" height=\"1920\" data-sizes=\"auto\" data-srcset=\"https:\/\/i0.wp.com\/luxonomy.net\/wp-content\/uploads\/2024\/07\/2-Asi-es-la-vestimenta-de-los-portadores-de-medallas-en-Paris-2024-disenada-por-LVMH.jpeg?w=1080&amp;ssl=1 1080w, https:\/\/i0.wp.com\/luxonomy.net\/wp-content\/uploads\/2024\/07\/2-Asi-es-la-vestimenta-de-los-portadores-de-medallas-en-Paris-2024-disenada-por-LVMH.jpeg?resize=169%2C300&amp;ssl=1 169w, https:\/\/i0.wp.com\/luxonomy.net\/wp-content\/uploads\/2024\/07\/2-Asi-es-la-vestimenta-de-los-portadores-de-medallas-en-Paris-2024-disenada-por-LVMH.jpeg?resize=576%2C1024&amp;ssl=1 576w, https:\/\/i0.wp.com\/luxonomy.net\/wp-content\/uploads\/2024\/07\/2-Asi-es-la-vestimenta-de-los-portadores-de-medallas-en-Paris-2024-disenada-por-LVMH.jpeg?resize=768%2C1365&amp;ssl=1 768w, https:\/\/i0.wp.com\/luxonomy.net\/wp-content\/uploads\/2024\/07\/2-Asi-es-la-vestimenta-de-los-portadores-de-medallas-en-Paris-2024-disenada-por-LVMH.jpeg?resize=864%2C1536&amp;ssl=1 864w, https:\/\/i0.wp.com\/luxonomy.net\/wp-content\/uploads\/2024\/07\/2-Asi-es-la-vestimenta-de-los-portadores-de-medallas-en-Paris-2024-disenada-por-LVMH.jpeg?resize=370%2C658&amp;ssl=1 370w, https:\/\/i0.wp.com\/luxonomy.net\/wp-content\/uploads\/2024\/07\/2-Asi-es-la-vestimenta-de-los-portadores-de-medallas-en-Paris-2024-disenada-por-LVMH.jpeg?resize=800%2C1422&amp;ssl=1 800w, https:\/\/i0.wp.com\/luxonomy.net\/wp-content\/uploads\/2024\/07\/2-Asi-es-la-vestimenta-de-los-portadores-de-medallas-en-Paris-2024-disenada-por-LVMH.jpeg?resize=740%2C1316&amp;ssl=1 740w, https:\/\/i0.wp.com\/luxonomy.net\/wp-content\/uploads\/2024\/07\/2-Asi-es-la-vestimenta-de-los-portadores-de-medallas-en-Paris-2024-disenada-por-LVMH.jpeg?resize=20%2C36&amp;ssl=1 20w, https:\/\/i0.wp.com\/luxonomy.net\/wp-content\/uploads\/2024\/07\/2-Asi-es-la-vestimenta-de-los-portadores-de-medallas-en-Paris-2024-disenada-por-LVMH.jpeg?resize=600%2C1067&amp;ssl=1 600w, https:\/\/i0.wp.com\/luxonomy.net\/wp-content\/uploads\/2024\/07\/2-Asi-es-la-vestimenta-de-los-portadores-de-medallas-en-Paris-2024-disenada-por-LVMH.jpeg?resize=27%2C48&amp;ssl=1 27w\" sizes=\"auto, (max-width: 1080px) 100vw, 1080px\" \/><\/p>\n<p>Antoine Arnault, Director de Imagen y Medio Ambiente de LVMH, dijo: &#8220;Estos trajes y bandejas para medallas una vez m\u00e1s encarnan la ambici\u00f3n que hemos perseguido desde el inicio de nuestra asociaci\u00f3n con Par\u00eds 2024, a saber, contribuir con todo nuestro savoir-faire y lo mejor de nuestra creatividad a cada instante, para ser verdaderamente el Artesano de Todas las Victorias. A trav\u00e9s de esta contribuci\u00f3n a las Ceremonias de Victoria, estamos mostrando el trabajo de nuestros artesanos y las organizaciones con las que trabajamos, a\u00f1adiendo un toque especial a este momento hist\u00f3rico para los atletas, uno de los momentos m\u00e1s hermosos de sus carreras y un recuerdo para toda la vida. Como con cada una de nuestras creaciones, estamos enormemente orgullosos de ayudar una vez m\u00e1s a que estos Juegos Ol\u00edmpicos y Paral\u00edmpicos sean a\u00fan m\u00e1s creativos y sostenibles. Estas prendas reflejan nuestro compromiso con la circularidad creativa y con una sociedad m\u00e1s respetuosa con el medio ambiente.&#8221;<\/p>\n<p>Tony Estanguet, Presidente de Par\u00eds 2024, dijo: &#8220;Tras las medallas ol\u00edmpicas y paral\u00edmpicas realizadas por Chaumet, los ba\u00fales para las medallas y antorchas elaborados por Louis Vuitton, y los uniformes de los atletas franceses para las Ceremonias de Apertura dise\u00f1ados y confeccionados por Berluti, estamos encantados con este nuevo cap\u00edtulo en nuestra asociaci\u00f3n con el prestigioso Grupo LVMH al revelar las bandejas para medallas y los trajes que llevar\u00e1n los portadores de medallas durante las Ceremonias de Victoria. Estas ceremonias son momentos incre\u00edbles en la vida de los atletas, una consagraci\u00f3n de sus esfuerzos, un momento de comuni\u00f3n con el p\u00fablico y una expresi\u00f3n compartida de orgullo nacional. Estos momentos absolutamente \u00fanicos merecen ser magnificados, y sin duda lo ser\u00e1n, gracias a la incre\u00edble pericia de las Maisons del Grupo LVMH, que han creado bandejas para medallas y trajes excepcionales para quienes presentar\u00e1n las medallas. Estos voluntarios de Par\u00eds 2024 tendr\u00e1n la oportunidad de compartir una experiencia absolutamente inolvidable junto a los atletas. \u00a1Bravo y gracias!&#8221;<\/p>\n","protected":false},"excerpt":{"rendered":"<p>LVMH y el Comit\u00e9 Organizador de Par\u00eds 2024 han mostrado los trajes dise\u00f1ados para los portadores de medallas voluntarios que presentar\u00e1n las medallas a los atletas ganadores, as\u00ed como las bandejas dise\u00f1adas por Louis Vuitton para sostener las medallas en cada Ceremonia de Victoria durante los Juegos Ol\u00edmpicos y Paral\u00edmpicos de Par\u00eds 2024. LVMH contin\u00faa&hellip;<\/p>\n","protected":false},"author":11,"featured_media":56657,"comment_status":"open","ping_status":"open","sticky":false,"template":"","format":"standard","meta":{"_jetpack_newsletter_access":"","_jetpack_dont_email_post_to_subs":false,"_jetpack_newsletter_tier_id":0,"_jetpack_memberships_contains_paywalled_content":false,"_jetpack_feature_clip_id":0,"_jetpack_memberships_contains_paid_content":false,"footnotes":"","jetpack_publicize_message":"","jetpack_publicize_feature_enabled":true,"jetpack_social_post_already_shared":true,"jetpack_social_options":{"image_generator_settings":{"template":"edge","default_image_id":0,"font":"","enabled":false},"version":2},"jetpack_post_was_ever_published":false},"categories":[1187,534],"tags":[585,586,6991],"thb-sponsors":[],"class_list":["post-56656","post","type-post","status-publish","format-standard","has-post-thumbnail","hentry","category-deporte-moda","category-moda","tag-lvmh","tag-moda","tag-paris-2024"],"yoast_head":"<!-- This site is optimized with the Yoast SEO plugin v28.4 - https:\/\/yoast.com\/product\/yoast-seo-wordpress\/ -->\n<title>As\u00ed es la vestimenta de los portadores de medallas en Par\u00eds 2024 dise\u00f1ada por LVMH | LUXONOMY<\/title>\n<meta name=\"robots\" content=\"index, follow, max-snippet:-1, max-image-preview:large, max-video-preview:-1\" \/>\n<link rel=\"canonical\" href=\"https:\/\/luxonomy.net\/es\/asi-es-la-vestimenta-de-los-portadores-de-medallas-en-paris-2024-disenada-por-lvmh\/\" \/>\n<meta property=\"og:locale\" content=\"es_ES\" \/>\n<meta property=\"og:type\" content=\"article\" \/>\n<meta property=\"og:title\" content=\"As\u00ed es la vestimenta de los portadores de medallas en Par\u00eds 2024 dise\u00f1ada por LVMH | LUXONOMY\" \/>\n<meta property=\"og:description\" content=\"LVMH y el Comit\u00e9 Organizador de Par\u00eds 2024 han mostrado los trajes dise\u00f1ados para los portadores de medallas voluntarios que presentar\u00e1n las medallas a los atletas ganadores, as\u00ed como las bandejas dise\u00f1adas por Louis Vuitton para sostener las medallas en cada Ceremonia de Victoria durante los Juegos Ol\u00edmpicos y Paral\u00edmpicos de Par\u00eds 2024. LVMH contin\u00faa&hellip;\" \/>\n<meta property=\"og:url\" content=\"https:\/\/luxonomy.net\/es\/asi-es-la-vestimenta-de-los-portadores-de-medallas-en-paris-2024-disenada-por-lvmh\/\" \/>\n<meta property=\"og:site_name\" content=\"LUXONOMY\" \/>\n<meta property=\"article:publisher\" content=\"https:\/\/www.facebook.com\/luxonomy\" \/>\n<meta property=\"article:published_time\" content=\"2024-07-22T10:30:26+00:00\" \/>\n<meta property=\"article:modified_time\" content=\"2024-07-22T10:32:10+00:00\" \/>\n<meta property=\"og:image\" content=\"https:\/\/i0.wp.com\/luxonomy.net\/wp-content\/uploads\/2024\/07\/Asi-es-la-vestimenta-de-los-portadores-de-medallas-en-Paris-2024-disenada-por-LVMH.jpeg?fit=2048%2C1024&quality=89&ssl=1\" \/>\n\t<meta property=\"og:image:width\" content=\"2048\" \/>\n\t<meta property=\"og:image:height\" content=\"1024\" \/>\n\t<meta property=\"og:image:type\" content=\"image\/jpeg\" \/>\n<meta name=\"author\" content=\"Kristi Ellis\" \/>\n<meta name=\"twitter:card\" content=\"summary_large_image\" \/>\n<meta name=\"twitter:label1\" content=\"Escrito por\" \/>\n\t<meta name=\"twitter:data1\" content=\"Kristi Ellis\" \/>\n\t<meta name=\"twitter:label2\" content=\"Tiempo de lectura\" \/>\n\t<meta name=\"twitter:data2\" content=\"6 minutos\" \/>\n<script type=\"application\/ld+json\" class=\"yoast-schema-graph\">{\"@context\":\"https:\\\/\\\/schema.org\",\"@graph\":[{\"@type\":\"Article\",\"@id\":\"https:\\\/\\\/luxonomy.net\\\/es\\\/asi-es-la-vestimenta-de-los-portadores-de-medallas-en-paris-2024-disenada-por-lvmh\\\/#article\",\"isPartOf\":{\"@id\":\"https:\\\/\\\/luxonomy.net\\\/es\\\/asi-es-la-vestimenta-de-los-portadores-de-medallas-en-paris-2024-disenada-por-lvmh\\\/\"},\"author\":{\"name\":\"Kristi Ellis\",\"@id\":\"https:\\\/\\\/luxonomy.net\\\/es\\\/#\\\/schema\\\/person\\\/1a813e5ec518f582af236d6344aa6c01\"},\"headline\":\"As\u00ed es la vestimenta de los portadores de medallas en Par\u00eds 2024 dise\u00f1ada por LVMH\",\"datePublished\":\"2024-07-22T10:30:26+00:00\",\"dateModified\":\"2024-07-22T10:32:10+00:00\",\"mainEntityOfPage\":{\"@id\":\"https:\\\/\\\/luxonomy.net\\\/es\\\/asi-es-la-vestimenta-de-los-portadores-de-medallas-en-paris-2024-disenada-por-lvmh\\\/\"},\"wordCount\":1254,\"commentCount\":0,\"publisher\":{\"@id\":\"https:\\\/\\\/luxonomy.net\\\/es\\\/#organization\"},\"image\":{\"@id\":\"https:\\\/\\\/luxonomy.net\\\/es\\\/asi-es-la-vestimenta-de-los-portadores-de-medallas-en-paris-2024-disenada-por-lvmh\\\/#primaryimage\"},\"thumbnailUrl\":\"https:\\\/\\\/i0.wp.com\\\/luxonomy.net\\\/wp-content\\\/uploads\\\/2024\\\/07\\\/Asi-es-la-vestimenta-de-los-portadores-de-medallas-en-Paris-2024-disenada-por-LVMH.jpeg?fit=2048%2C1024&ssl=1\",\"keywords\":[\"LVMH\",\"Moda\",\"Paris 2024\"],\"articleSection\":[\"Deporte\",\"Moda\"],\"inLanguage\":\"es\",\"potentialAction\":[{\"@type\":\"CommentAction\",\"name\":\"Comment\",\"target\":[\"https:\\\/\\\/luxonomy.net\\\/es\\\/asi-es-la-vestimenta-de-los-portadores-de-medallas-en-paris-2024-disenada-por-lvmh\\\/#respond\"]}]},{\"@type\":\"WebPage\",\"@id\":\"https:\\\/\\\/luxonomy.net\\\/es\\\/asi-es-la-vestimenta-de-los-portadores-de-medallas-en-paris-2024-disenada-por-lvmh\\\/\",\"url\":\"https:\\\/\\\/luxonomy.net\\\/es\\\/asi-es-la-vestimenta-de-los-portadores-de-medallas-en-paris-2024-disenada-por-lvmh\\\/\",\"name\":\"As\u00ed es la vestimenta de los portadores de medallas en Par\u00eds 2024 dise\u00f1ada por LVMH | LUXONOMY\",\"isPartOf\":{\"@id\":\"https:\\\/\\\/luxonomy.net\\\/es\\\/#website\"},\"primaryImageOfPage\":{\"@id\":\"https:\\\/\\\/luxonomy.net\\\/es\\\/asi-es-la-vestimenta-de-los-portadores-de-medallas-en-paris-2024-disenada-por-lvmh\\\/#primaryimage\"},\"image\":{\"@id\":\"https:\\\/\\\/luxonomy.net\\\/es\\\/asi-es-la-vestimenta-de-los-portadores-de-medallas-en-paris-2024-disenada-por-lvmh\\\/#primaryimage\"},\"thumbnailUrl\":\"https:\\\/\\\/i0.wp.com\\\/luxonomy.net\\\/wp-content\\\/uploads\\\/2024\\\/07\\\/Asi-es-la-vestimenta-de-los-portadores-de-medallas-en-Paris-2024-disenada-por-LVMH.jpeg?fit=2048%2C1024&ssl=1\",\"datePublished\":\"2024-07-22T10:30:26+00:00\",\"dateModified\":\"2024-07-22T10:32:10+00:00\",\"breadcrumb\":{\"@id\":\"https:\\\/\\\/luxonomy.net\\\/es\\\/asi-es-la-vestimenta-de-los-portadores-de-medallas-en-paris-2024-disenada-por-lvmh\\\/#breadcrumb\"},\"inLanguage\":\"es\",\"potentialAction\":[{\"@type\":\"ReadAction\",\"target\":[\"https:\\\/\\\/luxonomy.net\\\/es\\\/asi-es-la-vestimenta-de-los-portadores-de-medallas-en-paris-2024-disenada-por-lvmh\\\/\"]}]},{\"@type\":\"ImageObject\",\"inLanguage\":\"es\",\"@id\":\"https:\\\/\\\/luxonomy.net\\\/es\\\/asi-es-la-vestimenta-de-los-portadores-de-medallas-en-paris-2024-disenada-por-lvmh\\\/#primaryimage\",\"url\":\"https:\\\/\\\/i0.wp.com\\\/luxonomy.net\\\/wp-content\\\/uploads\\\/2024\\\/07\\\/Asi-es-la-vestimenta-de-los-portadores-de-medallas-en-Paris-2024-disenada-por-LVMH.jpeg?fit=2048%2C1024&ssl=1\",\"contentUrl\":\"https:\\\/\\\/i0.wp.com\\\/luxonomy.net\\\/wp-content\\\/uploads\\\/2024\\\/07\\\/Asi-es-la-vestimenta-de-los-portadores-de-medallas-en-Paris-2024-disenada-por-LVMH.jpeg?fit=2048%2C1024&ssl=1\",\"width\":2048,\"height\":1024},{\"@type\":\"BreadcrumbList\",\"@id\":\"https:\\\/\\\/luxonomy.net\\\/es\\\/asi-es-la-vestimenta-de-los-portadores-de-medallas-en-paris-2024-disenada-por-lvmh\\\/#breadcrumb\",\"itemListElement\":[{\"@type\":\"ListItem\",\"position\":1,\"name\":\"Portada\",\"item\":\"https:\\\/\\\/luxonomy.net\\\/es\\\/\"},{\"@type\":\"ListItem\",\"position\":2,\"name\":\"As\u00ed es la vestimenta de los portadores de medallas en Par\u00eds 2024 dise\u00f1ada por LVMH\"}]},{\"@type\":\"WebSite\",\"@id\":\"https:\\\/\\\/luxonomy.net\\\/es\\\/#website\",\"url\":\"https:\\\/\\\/luxonomy.net\\\/es\\\/\",\"name\":\"LUXONOMY\",\"description\":\"The Economy of Fashion &amp; Luxury\",\"publisher\":{\"@id\":\"https:\\\/\\\/luxonomy.net\\\/es\\\/#organization\"},\"potentialAction\":[{\"@type\":\"SearchAction\",\"target\":{\"@type\":\"EntryPoint\",\"urlTemplate\":\"https:\\\/\\\/luxonomy.net\\\/es\\\/?s={search_term_string}\"},\"query-input\":{\"@type\":\"PropertyValueSpecification\",\"valueRequired\":true,\"valueName\":\"search_term_string\"}}],\"inLanguage\":\"es\"},{\"@type\":\"Organization\",\"@id\":\"https:\\\/\\\/luxonomy.net\\\/es\\\/#organization\",\"name\":\"LUXONOMY\",\"url\":\"https:\\\/\\\/luxonomy.net\\\/es\\\/\",\"logo\":{\"@type\":\"ImageObject\",\"inLanguage\":\"es\",\"@id\":\"https:\\\/\\\/luxonomy.net\\\/es\\\/#\\\/schema\\\/logo\\\/image\\\/\",\"url\":\"https:\\\/\\\/i2.wp.com\\\/luxonomy.net\\\/wp-content\\\/uploads\\\/2021\\\/09\\\/MOCKUP-TODOS-LUXONOMY.jpg?fit=1000%2C515&ssl=1\",\"contentUrl\":\"https:\\\/\\\/i2.wp.com\\\/luxonomy.net\\\/wp-content\\\/uploads\\\/2021\\\/09\\\/MOCKUP-TODOS-LUXONOMY.jpg?fit=1000%2C515&ssl=1\",\"width\":1000,\"height\":515,\"caption\":\"LUXONOMY\"},\"image\":{\"@id\":\"https:\\\/\\\/luxonomy.net\\\/es\\\/#\\\/schema\\\/logo\\\/image\\\/\"},\"sameAs\":[\"https:\\\/\\\/www.facebook.com\\\/luxonomy\",\"https:\\\/\\\/www.instagram.com\\\/luxonomy\\\/\",\"https:\\\/\\\/www.linkedin.com\\\/company\\\/luxonomy\\\/\"]},{\"@type\":\"Person\",\"@id\":\"https:\\\/\\\/luxonomy.net\\\/es\\\/#\\\/schema\\\/person\\\/1a813e5ec518f582af236d6344aa6c01\",\"name\":\"Kristi Ellis\",\"image\":{\"@type\":\"ImageObject\",\"inLanguage\":\"es\",\"@id\":\"https:\\\/\\\/luxonomy.net\\\/wp-content\\\/litespeed\\\/avatar\\\/ae0c58256b980352bba3c97a8f9abe32.jpg?ver=1787975034\",\"url\":\"https:\\\/\\\/luxonomy.net\\\/wp-content\\\/litespeed\\\/avatar\\\/ae0c58256b980352bba3c97a8f9abe32.jpg?ver=1787975034\",\"contentUrl\":\"https:\\\/\\\/luxonomy.net\\\/wp-content\\\/litespeed\\\/avatar\\\/ae0c58256b980352bba3c97a8f9abe32.jpg?ver=1787975034\",\"caption\":\"Kristi Ellis\"},\"url\":\"https:\\\/\\\/luxonomy.net\\\/es\\\/author\\\/kristi-ellis\\\/\"}]}<\/script>\n<!-- \/ Yoast SEO plugin. -->","yoast_head_json":{"title":"As\u00ed es la vestimenta de los portadores de medallas en Par\u00eds 2024 dise\u00f1ada por LVMH | LUXONOMY","robots":{"index":"index","follow":"follow","max-snippet":"max-snippet:-1","max-image-preview":"max-image-preview:large","max-video-preview":"max-video-preview:-1"},"canonical":"https:\/\/luxonomy.net\/es\/asi-es-la-vestimenta-de-los-portadores-de-medallas-en-paris-2024-disenada-por-lvmh\/","og_locale":"es_ES","og_type":"article","og_title":"As\u00ed es la vestimenta de los portadores de medallas en Par\u00eds 2024 dise\u00f1ada por LVMH | LUXONOMY","og_description":"LVMH y el Comit\u00e9 Organizador de Par\u00eds 2024 han mostrado los trajes dise\u00f1ados para los portadores de medallas voluntarios que presentar\u00e1n las medallas a los atletas ganadores, as\u00ed como las bandejas dise\u00f1adas por Louis Vuitton para sostener las medallas en cada Ceremonia de Victoria durante los Juegos Ol\u00edmpicos y Paral\u00edmpicos de Par\u00eds 2024. LVMH contin\u00faa&hellip;","og_url":"https:\/\/luxonomy.net\/es\/asi-es-la-vestimenta-de-los-portadores-de-medallas-en-paris-2024-disenada-por-lvmh\/","og_site_name":"LUXONOMY","article_publisher":"https:\/\/www.facebook.com\/luxonomy","article_published_time":"2024-07-22T10:30:26+00:00","article_modified_time":"2024-07-22T10:32:10+00:00","og_image":[{"width":2048,"height":1024,"url":"https:\/\/i0.wp.com\/luxonomy.net\/wp-content\/uploads\/2024\/07\/Asi-es-la-vestimenta-de-los-portadores-de-medallas-en-Paris-2024-disenada-por-LVMH.jpeg?fit=2048%2C1024&quality=89&ssl=1","type":"image\/jpeg"}],"author":"Kristi Ellis","twitter_card":"summary_large_image","twitter_misc":{"Escrito por":"Kristi Ellis","Tiempo de lectura":"6 minutos"},"schema":{"@context":"https:\/\/schema.org","@graph":[{"@type":"Article","@id":"https:\/\/luxonomy.net\/es\/asi-es-la-vestimenta-de-los-portadores-de-medallas-en-paris-2024-disenada-por-lvmh\/#article","isPartOf":{"@id":"https:\/\/luxonomy.net\/es\/asi-es-la-vestimenta-de-los-portadores-de-medallas-en-paris-2024-disenada-por-lvmh\/"},"author":{"name":"Kristi Ellis","@id":"https:\/\/luxonomy.net\/es\/#\/schema\/person\/1a813e5ec518f582af236d6344aa6c01"},"headline":"As\u00ed es la vestimenta de los portadores de medallas en Par\u00eds 2024 dise\u00f1ada por LVMH","datePublished":"2024-07-22T10:30:26+00:00","dateModified":"2024-07-22T10:32:10+00:00","mainEntityOfPage":{"@id":"https:\/\/luxonomy.net\/es\/asi-es-la-vestimenta-de-los-portadores-de-medallas-en-paris-2024-disenada-por-lvmh\/"},"wordCount":1254,"commentCount":0,"publisher":{"@id":"https:\/\/luxonomy.net\/es\/#organization"},"image":{"@id":"https:\/\/luxonomy.net\/es\/asi-es-la-vestimenta-de-los-portadores-de-medallas-en-paris-2024-disenada-por-lvmh\/#primaryimage"},"thumbnailUrl":"https:\/\/i0.wp.com\/luxonomy.net\/wp-content\/uploads\/2024\/07\/Asi-es-la-vestimenta-de-los-portadores-de-medallas-en-Paris-2024-disenada-por-LVMH.jpeg?fit=2048%2C1024&ssl=1","keywords":["LVMH","Moda","Paris 2024"],"articleSection":["Deporte","Moda"],"inLanguage":"es","potentialAction":[{"@type":"CommentAction","name":"Comment","target":["https:\/\/luxonomy.net\/es\/asi-es-la-vestimenta-de-los-portadores-de-medallas-en-paris-2024-disenada-por-lvmh\/#respond"]}]},{"@type":"WebPage","@id":"https:\/\/luxonomy.net\/es\/asi-es-la-vestimenta-de-los-portadores-de-medallas-en-paris-2024-disenada-por-lvmh\/","url":"https:\/\/luxonomy.net\/es\/asi-es-la-vestimenta-de-los-portadores-de-medallas-en-paris-2024-disenada-por-lvmh\/","name":"As\u00ed es la vestimenta de los portadores de medallas en Par\u00eds 2024 dise\u00f1ada por LVMH | LUXONOMY","isPartOf":{"@id":"https:\/\/luxonomy.net\/es\/#website"},"primaryImageOfPage":{"@id":"https:\/\/luxonomy.net\/es\/asi-es-la-vestimenta-de-los-portadores-de-medallas-en-paris-2024-disenada-por-lvmh\/#primaryimage"},"image":{"@id":"https:\/\/luxonomy.net\/es\/asi-es-la-vestimenta-de-los-portadores-de-medallas-en-paris-2024-disenada-por-lvmh\/#primaryimage"},"thumbnailUrl":"https:\/\/i0.wp.com\/luxonomy.net\/wp-content\/uploads\/2024\/07\/Asi-es-la-vestimenta-de-los-portadores-de-medallas-en-Paris-2024-disenada-por-LVMH.jpeg?fit=2048%2C1024&ssl=1","datePublished":"2024-07-22T10:30:26+00:00","dateModified":"2024-07-22T10:32:10+00:00","breadcrumb":{"@id":"https:\/\/luxonomy.net\/es\/asi-es-la-vestimenta-de-los-portadores-de-medallas-en-paris-2024-disenada-por-lvmh\/#breadcrumb"},"inLanguage":"es","potentialAction":[{"@type":"ReadAction","target":["https:\/\/luxonomy.net\/es\/asi-es-la-vestimenta-de-los-portadores-de-medallas-en-paris-2024-disenada-por-lvmh\/"]}]},{"@type":"ImageObject","inLanguage":"es","@id":"https:\/\/luxonomy.net\/es\/asi-es-la-vestimenta-de-los-portadores-de-medallas-en-paris-2024-disenada-por-lvmh\/#primaryimage","url":"https:\/\/i0.wp.com\/luxonomy.net\/wp-content\/uploads\/2024\/07\/Asi-es-la-vestimenta-de-los-portadores-de-medallas-en-Paris-2024-disenada-por-LVMH.jpeg?fit=2048%2C1024&ssl=1","contentUrl":"https:\/\/i0.wp.com\/luxonomy.net\/wp-content\/uploads\/2024\/07\/Asi-es-la-vestimenta-de-los-portadores-de-medallas-en-Paris-2024-disenada-por-LVMH.jpeg?fit=2048%2C1024&ssl=1","width":2048,"height":1024},{"@type":"BreadcrumbList","@id":"https:\/\/luxonomy.net\/es\/asi-es-la-vestimenta-de-los-portadores-de-medallas-en-paris-2024-disenada-por-lvmh\/#breadcrumb","itemListElement":[{"@type":"ListItem","position":1,"name":"Portada","item":"https:\/\/luxonomy.net\/es\/"},{"@type":"ListItem","position":2,"name":"As\u00ed es la vestimenta de los portadores de medallas en Par\u00eds 2024 dise\u00f1ada por LVMH"}]},{"@type":"WebSite","@id":"https:\/\/luxonomy.net\/es\/#website","url":"https:\/\/luxonomy.net\/es\/","name":"LUXONOMY","description":"The Economy of Fashion &amp; Luxury","publisher":{"@id":"https:\/\/luxonomy.net\/es\/#organization"},"potentialAction":[{"@type":"SearchAction","target":{"@type":"EntryPoint","urlTemplate":"https:\/\/luxonomy.net\/es\/?s={search_term_string}"},"query-input":{"@type":"PropertyValueSpecification","valueRequired":true,"valueName":"search_term_string"}}],"inLanguage":"es"},{"@type":"Organization","@id":"https:\/\/luxonomy.net\/es\/#organization","name":"LUXONOMY","url":"https:\/\/luxonomy.net\/es\/","logo":{"@type":"ImageObject","inLanguage":"es","@id":"https:\/\/luxonomy.net\/es\/#\/schema\/logo\/image\/","url":"https:\/\/i2.wp.com\/luxonomy.net\/wp-content\/uploads\/2021\/09\/MOCKUP-TODOS-LUXONOMY.jpg?fit=1000%2C515&ssl=1","contentUrl":"https:\/\/i2.wp.com\/luxonomy.net\/wp-content\/uploads\/2021\/09\/MOCKUP-TODOS-LUXONOMY.jpg?fit=1000%2C515&ssl=1","width":1000,"height":515,"caption":"LUXONOMY"},"image":{"@id":"https:\/\/luxonomy.net\/es\/#\/schema\/logo\/image\/"},"sameAs":["https:\/\/www.facebook.com\/luxonomy","https:\/\/www.instagram.com\/luxonomy\/","https:\/\/www.linkedin.com\/company\/luxonomy\/"]},{"@type":"Person","@id":"https:\/\/luxonomy.net\/es\/#\/schema\/person\/1a813e5ec518f582af236d6344aa6c01","name":"Kristi Ellis","image":{"@type":"ImageObject","inLanguage":"es","@id":"https:\/\/luxonomy.net\/wp-content\/litespeed\/avatar\/ae0c58256b980352bba3c97a8f9abe32.jpg?ver=1787975034","url":"https:\/\/luxonomy.net\/wp-content\/litespeed\/avatar\/ae0c58256b980352bba3c97a8f9abe32.jpg?ver=1787975034","contentUrl":"https:\/\/luxonomy.net\/wp-content\/litespeed\/avatar\/ae0c58256b980352bba3c97a8f9abe32.jpg?ver=1787975034","caption":"Kristi Ellis"},"url":"https:\/\/luxonomy.net\/es\/author\/kristi-ellis\/"}]}},"jetpack_publicize_connections":[],"jetpack_shortlink":"https:\/\/wp.me\/paPhBa-eJO","jetpack_sharing_enabled":true,"jetpack_featured_media_url":"https:\/\/i0.wp.com\/luxonomy.net\/wp-content\/uploads\/2024\/07\/Asi-es-la-vestimenta-de-los-portadores-de-medallas-en-Paris-2024-disenada-por-LVMH.jpeg?fit=2048%2C1024&ssl=1","_links":{"self":[{"href":"https:\/\/luxonomy.net\/es\/wp-json\/wp\/v2\/posts\/56656","targetHints":{"allow":["GET"]}}],"collection":[{"href":"https:\/\/luxonomy.net\/es\/wp-json\/wp\/v2\/posts"}],"about":[{"href":"https:\/\/luxonomy.net\/es\/wp-json\/wp\/v2\/types\/post"}],"author":[{"embeddable":true,"href":"https:\/\/luxonomy.net\/es\/wp-json\/wp\/v2\/users\/11"}],"replies":[{"embeddable":true,"href":"https:\/\/luxonomy.net\/es\/wp-json\/wp\/v2\/comments?post=56656"}],"version-history":[{"count":4,"href":"https:\/\/luxonomy.net\/es\/wp-json\/wp\/v2\/posts\/56656\/revisions"}],"predecessor-version":[{"id":56666,"href":"https:\/\/luxonomy.net\/es\/wp-json\/wp\/v2\/posts\/56656\/revisions\/56666"}],"wp:featuredmedia":[{"embeddable":true,"href":"https:\/\/luxonomy.net\/es\/wp-json\/wp\/v2\/media\/56657"}],"wp:attachment":[{"href":"https:\/\/luxonomy.net\/es\/wp-json\/wp\/v2\/media?parent=56656"}],"wp:term":[{"taxonomy":"category","embeddable":true,"href":"https:\/\/luxonomy.net\/es\/wp-json\/wp\/v2\/categories?post=56656"},{"taxonomy":"post_tag","embeddable":true,"href":"https:\/\/luxonomy.net\/es\/wp-json\/wp\/v2\/tags?post=56656"},{"taxonomy":"thb-sponsors","embeddable":true,"href":"https:\/\/luxonomy.net\/es\/wp-json\/wp\/v2\/thb-sponsors?post=56656"}],"curies":[{"name":"wp","href":"https:\/\/api.w.org\/{rel}","templated":true}]}}