{"id":56459,"date":"2024-07-08T13:45:21","date_gmt":"2024-07-08T11:45:21","guid":{"rendered":"https:\/?p=56459"},"modified":"2024-07-08T13:45:21","modified_gmt":"2024-07-08T11:45:21","slug":"desvelado-el-ganador-de-la-vii-edicion-del-concurso-de-diseno-lexus-art-car-el-proyecto-edo-kiriko","status":"publish","type":"post","link":"https:\/\/luxonomy.net\/es\/desvelado-el-ganador-de-la-vii-edicion-del-concurso-de-diseno-lexus-art-car-el-proyecto-edo-kiriko\/","title":{"rendered":"Desvelado El Ganador de la VII Edici\u00f3n del Concurso de Dise\u00f1o Lexus Art Car: El Proyecto \u201cEdo Kiriko\u201d"},"content":{"rendered":"<p>Pablo Diego Pastor y Javier Prado L\u00f3pez se han alzado como ganadores de la votaci\u00f3n popular online realizada con motivo de la VII edici\u00f3n del Concurso de Dise\u00f1o Lexus Art Car, este a\u00f1o dedicado al nuevo LBX.<\/p>\n<p>Este a\u00f1o han participado seis estudios de dise\u00f1o de distintas ciudades de la geograf\u00eda espa\u00f1ola: Bilbao, Zamora y Ponferrada, Ja\u00e9n, Mallorca, Murcia y Granada.<\/p>\n<p>El proyecto \u2018Edo Kiriko\u2019 basa su propuesta en la forma tradicional de arte en vidrio del mismo nombre que se origin\u00f3 en Jap\u00f3n durante el per\u00edodo Edo (1603-1868). Es conocido por sus elaborados dise\u00f1os tallados a mano y su t\u00e9cnica distintiva de incrustaci\u00f3n de colores vibrantes en vidrio transparente.<\/p><div id=\"luxon-108527277\" class=\"luxon-3er-parrafo luxon-entity-placement\" style=\"margin-top: 20px;margin-bottom: 20px;margin-left: auto;margin-right: auto;text-align: center;\"><a href=\"https:\/\/luxonomy.university\/course\/master-turismo-de-lujo\" target=\"_blank\" aria-label=\"master-turismo-lujo-2026-2027\"><img loading=\"lazy\" decoding=\"async\" src=\"https:\/\/i0.wp.com\/luxonomy.net\/wp-content\/uploads\/2020\/07\/master-turismo-lujo-2026-2027.jpg?fit=1672%2C941&#038;ssl=1\" alt=\"\"  srcset=\"https:\/\/i0.wp.com\/luxonomy.net\/wp-content\/uploads\/2020\/07\/master-turismo-lujo-2026-2027.jpg?w=1672&ssl=1 1672w, https:\/\/i0.wp.com\/luxonomy.net\/wp-content\/uploads\/2020\/07\/master-turismo-lujo-2026-2027.jpg?resize=300%2C169&ssl=1 300w, https:\/\/i0.wp.com\/luxonomy.net\/wp-content\/uploads\/2020\/07\/master-turismo-lujo-2026-2027.jpg?resize=1024%2C576&ssl=1 1024w, https:\/\/i0.wp.com\/luxonomy.net\/wp-content\/uploads\/2020\/07\/master-turismo-lujo-2026-2027.jpg?resize=768%2C432&ssl=1 768w, https:\/\/i0.wp.com\/luxonomy.net\/wp-content\/uploads\/2020\/07\/master-turismo-lujo-2026-2027.jpg?resize=1536%2C864&ssl=1 1536w, https:\/\/i0.wp.com\/luxonomy.net\/wp-content\/uploads\/2020\/07\/master-turismo-lujo-2026-2027.jpg?resize=370%2C208&ssl=1 370w, https:\/\/i0.wp.com\/luxonomy.net\/wp-content\/uploads\/2020\/07\/master-turismo-lujo-2026-2027.jpg?resize=800%2C450&ssl=1 800w, https:\/\/i0.wp.com\/luxonomy.net\/wp-content\/uploads\/2020\/07\/master-turismo-lujo-2026-2027.jpg?resize=20%2C11&ssl=1 20w, https:\/\/i0.wp.com\/luxonomy.net\/wp-content\/uploads\/2020\/07\/master-turismo-lujo-2026-2027.jpg?resize=740%2C416&ssl=1 740w, https:\/\/i0.wp.com\/luxonomy.net\/wp-content\/uploads\/2020\/07\/master-turismo-lujo-2026-2027.jpg?resize=1600%2C900&ssl=1 1600w, https:\/\/i0.wp.com\/luxonomy.net\/wp-content\/uploads\/2020\/07\/master-turismo-lujo-2026-2027.jpg?resize=1200%2C675&ssl=1 1200w, https:\/\/i0.wp.com\/luxonomy.net\/wp-content\/uploads\/2020\/07\/master-turismo-lujo-2026-2027.jpg?resize=85%2C48&ssl=1 85w\" sizes=\"(max-width: 1170px) 100vw, 1170px\" class=\"no-lazyload\" width=\"1672\" height=\"941\"   \/><\/a><\/div>\n<p>EL PROYECTO<\/p>\n<p>\u201cNuestra dedicaci\u00f3n al arte y la arquitectura nos ha impulsado a profundizar en una tradici\u00f3n tan especial, arraigada con cari\u00f1o a lo largo de las generaciones. Somos conscientes de la importancia de la tradici\u00f3n y la sostenibilidad como pilares fundamentales de Lexus, y por ello buscamos integrar ambos valores al rendir homenaje al arte del Edo Kiriko a trav\u00e9s del Lexus LBX\u201d, explican los ganadores.<\/p>\n<p>La intervenci\u00f3n art\u00edstica propuesta implica trasladar el veh\u00edculo a una f\u00e1brica de vidrio, donde se seleccionar\u00e1 vidrio reciclado de construcci\u00f3n para recubrirlo. Inicialmente, se aplicar\u00e1 una capa de pintura metalizada en tono plata para resaltar los reflejos arco\u00edris del vidrio. Posteriormente, se aplicar\u00e1 un barniz con acabado iridiscente para preservar la luminosidad y durabilidad de la pintura.<\/p>\n<p>Posteriormente, se emplear\u00e1 una resina especial como agente adherente para fijar individualmente los cristales sobre el LBX, siguiendo un meticuloso proceso similar a un rompecabezas. Es esencial el uso de vidrio templado empleado previamente en la construcci\u00f3n, ya que su composici\u00f3n dificulta el reciclaje debido a las capas adhesivas entre las l\u00e1minas. De esta forma, se procura otorgar una segunda vida a este material.<\/p><div id=\"luxon-2726490623\" class=\"luxon-7-parrafo luxon-entity-placement\" style=\"margin-top: 20px;margin-bottom: 20px;margin-left: auto;margin-right: auto;text-align: center;\"><a href=\"https:\/\/theintelligence.institute\/course\/inteligencia-artificial-para-directivos\" target=\"_blank\" aria-label=\"CSIAD_empresas_THEI_horizontal_4x3_v5\"><img loading=\"lazy\" decoding=\"async\" src=\"https:\/\/i0.wp.com\/luxonomy.net\/wp-content\/uploads\/2025\/08\/CSIAD_empresas_THEI_horizontal_4x3_v5.png?fit=2000%2C1500&#038;ssl=1\" alt=\"\"  srcset=\"https:\/\/i0.wp.com\/luxonomy.net\/wp-content\/uploads\/2025\/08\/CSIAD_empresas_THEI_horizontal_4x3_v5.png?w=2000&ssl=1 2000w, https:\/\/i0.wp.com\/luxonomy.net\/wp-content\/uploads\/2025\/08\/CSIAD_empresas_THEI_horizontal_4x3_v5.png?resize=300%2C225&ssl=1 300w, https:\/\/i0.wp.com\/luxonomy.net\/wp-content\/uploads\/2025\/08\/CSIAD_empresas_THEI_horizontal_4x3_v5.png?resize=1024%2C768&ssl=1 1024w, https:\/\/i0.wp.com\/luxonomy.net\/wp-content\/uploads\/2025\/08\/CSIAD_empresas_THEI_horizontal_4x3_v5.png?resize=768%2C576&ssl=1 768w, https:\/\/i0.wp.com\/luxonomy.net\/wp-content\/uploads\/2025\/08\/CSIAD_empresas_THEI_horizontal_4x3_v5.png?resize=1536%2C1152&ssl=1 1536w, https:\/\/i0.wp.com\/luxonomy.net\/wp-content\/uploads\/2025\/08\/CSIAD_empresas_THEI_horizontal_4x3_v5.png?resize=370%2C278&ssl=1 370w, https:\/\/i0.wp.com\/luxonomy.net\/wp-content\/uploads\/2025\/08\/CSIAD_empresas_THEI_horizontal_4x3_v5.png?resize=800%2C600&ssl=1 800w, https:\/\/i0.wp.com\/luxonomy.net\/wp-content\/uploads\/2025\/08\/CSIAD_empresas_THEI_horizontal_4x3_v5.png?resize=20%2C15&ssl=1 20w, https:\/\/i0.wp.com\/luxonomy.net\/wp-content\/uploads\/2025\/08\/CSIAD_empresas_THEI_horizontal_4x3_v5.png?resize=740%2C555&ssl=1 740w, https:\/\/i0.wp.com\/luxonomy.net\/wp-content\/uploads\/2025\/08\/CSIAD_empresas_THEI_horizontal_4x3_v5.png?resize=1600%2C1200&ssl=1 1600w, https:\/\/i0.wp.com\/luxonomy.net\/wp-content\/uploads\/2025\/08\/CSIAD_empresas_THEI_horizontal_4x3_v5.png?resize=1200%2C900&ssl=1 1200w, https:\/\/i0.wp.com\/luxonomy.net\/wp-content\/uploads\/2025\/08\/CSIAD_empresas_THEI_horizontal_4x3_v5.png?resize=64%2C48&ssl=1 64w\" sizes=\"(max-width: 1170px) 100vw, 1170px\" class=\"no-lazyload\" width=\"2000\" height=\"1500\"   \/><\/a><\/div>\n<p>Los grandes paneles de vidrio ser\u00e1n fragmentados en piezas m\u00e1s peque\u00f1as, evocando as\u00ed la est\u00e9tica y la delicadeza del vidrio Edo Kiriko.<\/p>\n<p>LOS GANADORES<\/p>\n<p>Pablo Diego Pastor -arquitecto reconocido como uno de los m\u00e1s influyentes menores de 35 a\u00f1os en Espa\u00f1a- y Javier Prado L\u00f3pez -ingeniero inform\u00e1tico con experiencia en proyectos de fabricaci\u00f3n digital y rob\u00f3tica- unen fuerzas de manera excepcional, para aprovechar sus respectivas fortalezas para crear la mejor de las soluciones en esta edici\u00f3n de Lexus Art Car 2024.<\/p>\n<p>Su objetivo es proyectar una soluci\u00f3n innovadora y sorprendente, con Pablo aportando su enfoque org\u00e1nico y sostenible a la arquitectura, y Javier ofreciendo su perspectiva tecnol\u00f3gica y creativa.<\/p>\n<p>EL ARTE COMO INSPIRACI\u00d3N<\/p>\n<p>Lexus Art Car es el proyecto de Lexus Espa\u00f1a que reafirma, una vez m\u00e1s, el compromiso de la marca con el mundo del arte por su capacidad de hacernos sentir emociones \u00fanicas.<\/p>\n<p>M\u00e1s informaci\u00f3n: <a href=\"https:\/\/www.lexusauto.es\/estilolexus\/marca\/desvelado-el-ganador-de-la-vii-edicion-del-concurso-de-diseno-lexus-art-car-el-proyecto-edo-kiriko\" target=\"_blank\" rel=\"noopener\">https:\/\/www.lexusauto.es\/estilolexus\/marca\/desvelado-el-ganador-de-la-vii-edicion-del-concurso-de-diseno-lexus-art-car-el-proyecto-edo-kiriko<\/a><\/p>\n","protected":false},"excerpt":{"rendered":"<p>Pablo Diego Pastor y Javier Prado L\u00f3pez se han alzado como ganadores de la votaci\u00f3n popular online realizada con motivo de la VII edici\u00f3n del Concurso de Dise\u00f1o Lexus Art Car, este a\u00f1o dedicado al nuevo LBX. Este a\u00f1o han participado seis estudios de dise\u00f1o de distintas ciudades de la geograf\u00eda espa\u00f1ola: Bilbao, Zamora y&hellip;<\/p>\n","protected":false},"author":1,"featured_media":56460,"comment_status":"open","ping_status":"open","sticky":false,"template":"","format":"standard","meta":{"_jetpack_newsletter_access":"","_jetpack_dont_email_post_to_subs":false,"_jetpack_newsletter_tier_id":0,"_jetpack_memberships_contains_paywalled_content":false,"_jetpack_feature_clip_id":0,"_jetpack_memberships_contains_paid_content":false,"footnotes":"","jetpack_publicize_message":"","jetpack_publicize_feature_enabled":true,"jetpack_social_post_already_shared":true,"jetpack_social_options":{"image_generator_settings":{"template":"edge","default_image_id":0,"font":"","enabled":false},"version":2},"jetpack_post_was_ever_published":false},"categories":[6575,296],"tags":[1298,295,222],"thb-sponsors":[1206],"class_list":["post-56459","post","type-post","status-publish","format-standard","has-post-thumbnail","hentry","category-arte","category-motor","tag-arte","tag-lexus","tag-motor"],"yoast_head":"<!-- This site is optimized with the Yoast SEO plugin v28.4 - https:\/\/yoast.com\/product\/yoast-seo-wordpress\/ -->\n<title>Desvelado El Ganador de la VII Edici\u00f3n del Concurso de Dise\u00f1o Lexus Art Car: El Proyecto \u201cEdo Kiriko\u201d | LUXONOMY<\/title>\n<meta name=\"robots\" content=\"index, follow, max-snippet:-1, max-image-preview:large, max-video-preview:-1\" \/>\n<link rel=\"canonical\" href=\"https:\/\/luxonomy.net\/es\/desvelado-el-ganador-de-la-vii-edicion-del-concurso-de-diseno-lexus-art-car-el-proyecto-edo-kiriko\/\" \/>\n<meta property=\"og:locale\" content=\"es_ES\" \/>\n<meta property=\"og:type\" content=\"article\" \/>\n<meta property=\"og:title\" content=\"Desvelado El Ganador de la VII Edici\u00f3n del Concurso de Dise\u00f1o Lexus Art Car: El Proyecto \u201cEdo Kiriko\u201d | LUXONOMY\" \/>\n<meta property=\"og:description\" content=\"Pablo Diego Pastor y Javier Prado L\u00f3pez se han alzado como ganadores de la votaci\u00f3n popular online realizada con motivo de la VII edici\u00f3n del Concurso de Dise\u00f1o Lexus Art Car, este a\u00f1o dedicado al nuevo LBX. Este a\u00f1o han participado seis estudios de dise\u00f1o de distintas ciudades de la geograf\u00eda espa\u00f1ola: Bilbao, Zamora y&hellip;\" \/>\n<meta property=\"og:url\" content=\"https:\/\/luxonomy.net\/es\/desvelado-el-ganador-de-la-vii-edicion-del-concurso-de-diseno-lexus-art-car-el-proyecto-edo-kiriko\/\" \/>\n<meta property=\"og:site_name\" content=\"LUXONOMY\" \/>\n<meta property=\"article:publisher\" content=\"https:\/\/www.facebook.com\/luxonomy\" \/>\n<meta property=\"article:published_time\" content=\"2024-07-08T11:45:21+00:00\" \/>\n<meta property=\"og:image\" content=\"https:\/\/i0.wp.com\/luxonomy.net\/wp-content\/uploads\/2024\/07\/Desvelado-El-Ganador-de-la-VII-Edicion-del-Concurso-de-Diseno-Lexus-Art-Car-El-Proyecto-Edo-Kiriko.jpg?fit=2560%2C1707&quality=89&ssl=1\" \/>\n\t<meta property=\"og:image:width\" content=\"2560\" \/>\n\t<meta property=\"og:image:height\" content=\"1707\" \/>\n\t<meta property=\"og:image:type\" content=\"image\/jpeg\" \/>\n<meta name=\"author\" content=\"LUXONOMY\" \/>\n<meta name=\"twitter:card\" content=\"summary_large_image\" \/>\n<meta name=\"twitter:label1\" content=\"Escrito por\" \/>\n\t<meta name=\"twitter:data1\" content=\"LUXONOMY\" \/>\n\t<meta name=\"twitter:label2\" content=\"Tiempo de lectura\" \/>\n\t<meta name=\"twitter:data2\" content=\"3 minutos\" \/>\n<script type=\"application\/ld+json\" class=\"yoast-schema-graph\">{\"@context\":\"https:\\\/\\\/schema.org\",\"@graph\":[{\"@type\":\"Article\",\"@id\":\"https:\\\/\\\/luxonomy.net\\\/es\\\/desvelado-el-ganador-de-la-vii-edicion-del-concurso-de-diseno-lexus-art-car-el-proyecto-edo-kiriko\\\/#article\",\"isPartOf\":{\"@id\":\"https:\\\/\\\/luxonomy.net\\\/es\\\/desvelado-el-ganador-de-la-vii-edicion-del-concurso-de-diseno-lexus-art-car-el-proyecto-edo-kiriko\\\/\"},\"author\":{\"name\":\"LUXONOMY\",\"@id\":\"https:\\\/\\\/luxonomy.net\\\/es\\\/#\\\/schema\\\/person\\\/ca588d8b741a1fdd9065289c8d98ee8c\"},\"headline\":\"Desvelado El Ganador de la VII Edici\u00f3n del Concurso de Dise\u00f1o Lexus Art Car: El Proyecto \u201cEdo Kiriko\u201d\",\"datePublished\":\"2024-07-08T11:45:21+00:00\",\"mainEntityOfPage\":{\"@id\":\"https:\\\/\\\/luxonomy.net\\\/es\\\/desvelado-el-ganador-de-la-vii-edicion-del-concurso-de-diseno-lexus-art-car-el-proyecto-edo-kiriko\\\/\"},\"wordCount\":519,\"commentCount\":0,\"publisher\":{\"@id\":\"https:\\\/\\\/luxonomy.net\\\/es\\\/#organization\"},\"image\":{\"@id\":\"https:\\\/\\\/luxonomy.net\\\/es\\\/desvelado-el-ganador-de-la-vii-edicion-del-concurso-de-diseno-lexus-art-car-el-proyecto-edo-kiriko\\\/#primaryimage\"},\"thumbnailUrl\":\"https:\\\/\\\/i0.wp.com\\\/luxonomy.net\\\/wp-content\\\/uploads\\\/2024\\\/07\\\/Desvelado-El-Ganador-de-la-VII-Edicion-del-Concurso-de-Diseno-Lexus-Art-Car-El-Proyecto-Edo-Kiriko.jpg?fit=2560%2C1707&ssl=1\",\"keywords\":[\"arte\",\"Lexus\",\"motor\"],\"articleSection\":[\"Arte\",\"Motor\"],\"inLanguage\":\"es\",\"potentialAction\":[{\"@type\":\"CommentAction\",\"name\":\"Comment\",\"target\":[\"https:\\\/\\\/luxonomy.net\\\/es\\\/desvelado-el-ganador-de-la-vii-edicion-del-concurso-de-diseno-lexus-art-car-el-proyecto-edo-kiriko\\\/#respond\"]}]},{\"@type\":\"WebPage\",\"@id\":\"https:\\\/\\\/luxonomy.net\\\/es\\\/desvelado-el-ganador-de-la-vii-edicion-del-concurso-de-diseno-lexus-art-car-el-proyecto-edo-kiriko\\\/\",\"url\":\"https:\\\/\\\/luxonomy.net\\\/es\\\/desvelado-el-ganador-de-la-vii-edicion-del-concurso-de-diseno-lexus-art-car-el-proyecto-edo-kiriko\\\/\",\"name\":\"Desvelado El Ganador de la VII Edici\u00f3n del Concurso de Dise\u00f1o Lexus Art Car: El Proyecto \u201cEdo Kiriko\u201d | LUXONOMY\",\"isPartOf\":{\"@id\":\"https:\\\/\\\/luxonomy.net\\\/es\\\/#website\"},\"primaryImageOfPage\":{\"@id\":\"https:\\\/\\\/luxonomy.net\\\/es\\\/desvelado-el-ganador-de-la-vii-edicion-del-concurso-de-diseno-lexus-art-car-el-proyecto-edo-kiriko\\\/#primaryimage\"},\"image\":{\"@id\":\"https:\\\/\\\/luxonomy.net\\\/es\\\/desvelado-el-ganador-de-la-vii-edicion-del-concurso-de-diseno-lexus-art-car-el-proyecto-edo-kiriko\\\/#primaryimage\"},\"thumbnailUrl\":\"https:\\\/\\\/i0.wp.com\\\/luxonomy.net\\\/wp-content\\\/uploads\\\/2024\\\/07\\\/Desvelado-El-Ganador-de-la-VII-Edicion-del-Concurso-de-Diseno-Lexus-Art-Car-El-Proyecto-Edo-Kiriko.jpg?fit=2560%2C1707&ssl=1\",\"datePublished\":\"2024-07-08T11:45:21+00:00\",\"breadcrumb\":{\"@id\":\"https:\\\/\\\/luxonomy.net\\\/es\\\/desvelado-el-ganador-de-la-vii-edicion-del-concurso-de-diseno-lexus-art-car-el-proyecto-edo-kiriko\\\/#breadcrumb\"},\"inLanguage\":\"es\",\"potentialAction\":[{\"@type\":\"ReadAction\",\"target\":[\"https:\\\/\\\/luxonomy.net\\\/es\\\/desvelado-el-ganador-de-la-vii-edicion-del-concurso-de-diseno-lexus-art-car-el-proyecto-edo-kiriko\\\/\"]}]},{\"@type\":\"ImageObject\",\"inLanguage\":\"es\",\"@id\":\"https:\\\/\\\/luxonomy.net\\\/es\\\/desvelado-el-ganador-de-la-vii-edicion-del-concurso-de-diseno-lexus-art-car-el-proyecto-edo-kiriko\\\/#primaryimage\",\"url\":\"https:\\\/\\\/i0.wp.com\\\/luxonomy.net\\\/wp-content\\\/uploads\\\/2024\\\/07\\\/Desvelado-El-Ganador-de-la-VII-Edicion-del-Concurso-de-Diseno-Lexus-Art-Car-El-Proyecto-Edo-Kiriko.jpg?fit=2560%2C1707&ssl=1\",\"contentUrl\":\"https:\\\/\\\/i0.wp.com\\\/luxonomy.net\\\/wp-content\\\/uploads\\\/2024\\\/07\\\/Desvelado-El-Ganador-de-la-VII-Edicion-del-Concurso-de-Diseno-Lexus-Art-Car-El-Proyecto-Edo-Kiriko.jpg?fit=2560%2C1707&ssl=1\",\"width\":2560,\"height\":1707},{\"@type\":\"BreadcrumbList\",\"@id\":\"https:\\\/\\\/luxonomy.net\\\/es\\\/desvelado-el-ganador-de-la-vii-edicion-del-concurso-de-diseno-lexus-art-car-el-proyecto-edo-kiriko\\\/#breadcrumb\",\"itemListElement\":[{\"@type\":\"ListItem\",\"position\":1,\"name\":\"Portada\",\"item\":\"https:\\\/\\\/luxonomy.net\\\/es\\\/\"},{\"@type\":\"ListItem\",\"position\":2,\"name\":\"Desvelado El Ganador de la VII Edici\u00f3n del Concurso de Dise\u00f1o Lexus Art Car: El Proyecto \u201cEdo Kiriko\u201d\"}]},{\"@type\":\"WebSite\",\"@id\":\"https:\\\/\\\/luxonomy.net\\\/es\\\/#website\",\"url\":\"https:\\\/\\\/luxonomy.net\\\/es\\\/\",\"name\":\"LUXONOMY\",\"description\":\"The Economy of Fashion &amp; Luxury\",\"publisher\":{\"@id\":\"https:\\\/\\\/luxonomy.net\\\/es\\\/#organization\"},\"potentialAction\":[{\"@type\":\"SearchAction\",\"target\":{\"@type\":\"EntryPoint\",\"urlTemplate\":\"https:\\\/\\\/luxonomy.net\\\/es\\\/?s={search_term_string}\"},\"query-input\":{\"@type\":\"PropertyValueSpecification\",\"valueRequired\":true,\"valueName\":\"search_term_string\"}}],\"inLanguage\":\"es\"},{\"@type\":\"Organization\",\"@id\":\"https:\\\/\\\/luxonomy.net\\\/es\\\/#organization\",\"name\":\"LUXONOMY\",\"url\":\"https:\\\/\\\/luxonomy.net\\\/es\\\/\",\"logo\":{\"@type\":\"ImageObject\",\"inLanguage\":\"es\",\"@id\":\"https:\\\/\\\/luxonomy.net\\\/es\\\/#\\\/schema\\\/logo\\\/image\\\/\",\"url\":\"https:\\\/\\\/i2.wp.com\\\/luxonomy.net\\\/wp-content\\\/uploads\\\/2021\\\/09\\\/MOCKUP-TODOS-LUXONOMY.jpg?fit=1000%2C515&ssl=1\",\"contentUrl\":\"https:\\\/\\\/i2.wp.com\\\/luxonomy.net\\\/wp-content\\\/uploads\\\/2021\\\/09\\\/MOCKUP-TODOS-LUXONOMY.jpg?fit=1000%2C515&ssl=1\",\"width\":1000,\"height\":515,\"caption\":\"LUXONOMY\"},\"image\":{\"@id\":\"https:\\\/\\\/luxonomy.net\\\/es\\\/#\\\/schema\\\/logo\\\/image\\\/\"},\"sameAs\":[\"https:\\\/\\\/www.facebook.com\\\/luxonomy\",\"https:\\\/\\\/www.instagram.com\\\/luxonomy\\\/\",\"https:\\\/\\\/www.linkedin.com\\\/company\\\/luxonomy\\\/\"]},{\"@type\":\"Person\",\"@id\":\"https:\\\/\\\/luxonomy.net\\\/es\\\/#\\\/schema\\\/person\\\/ca588d8b741a1fdd9065289c8d98ee8c\",\"name\":\"LUXONOMY\",\"image\":{\"@type\":\"ImageObject\",\"inLanguage\":\"es\",\"@id\":\"https:\\\/\\\/luxonomy.net\\\/wp-content\\\/litespeed\\\/avatar\\\/a6436cdb14fdaf9c21808e63d0da2055.jpg?ver=1788366758\",\"url\":\"https:\\\/\\\/luxonomy.net\\\/wp-content\\\/litespeed\\\/avatar\\\/a6436cdb14fdaf9c21808e63d0da2055.jpg?ver=1788366758\",\"contentUrl\":\"https:\\\/\\\/luxonomy.net\\\/wp-content\\\/litespeed\\\/avatar\\\/a6436cdb14fdaf9c21808e63d0da2055.jpg?ver=1788366758\",\"caption\":\"LUXONOMY\"},\"sameAs\":[\"https:\\\/\"],\"url\":\"https:\\\/\\\/luxonomy.net\\\/es\\\/author\\\/luxonomy\\\/\"}]}<\/script>\n<!-- \/ Yoast SEO plugin. -->","yoast_head_json":{"title":"Desvelado El Ganador de la VII Edici\u00f3n del Concurso de Dise\u00f1o Lexus Art Car: El Proyecto \u201cEdo Kiriko\u201d | LUXONOMY","robots":{"index":"index","follow":"follow","max-snippet":"max-snippet:-1","max-image-preview":"max-image-preview:large","max-video-preview":"max-video-preview:-1"},"canonical":"https:\/\/luxonomy.net\/es\/desvelado-el-ganador-de-la-vii-edicion-del-concurso-de-diseno-lexus-art-car-el-proyecto-edo-kiriko\/","og_locale":"es_ES","og_type":"article","og_title":"Desvelado El Ganador de la VII Edici\u00f3n del Concurso de Dise\u00f1o Lexus Art Car: El Proyecto \u201cEdo Kiriko\u201d | LUXONOMY","og_description":"Pablo Diego Pastor y Javier Prado L\u00f3pez se han alzado como ganadores de la votaci\u00f3n popular online realizada con motivo de la VII edici\u00f3n del Concurso de Dise\u00f1o Lexus Art Car, este a\u00f1o dedicado al nuevo LBX. Este a\u00f1o han participado seis estudios de dise\u00f1o de distintas ciudades de la geograf\u00eda espa\u00f1ola: Bilbao, Zamora y&hellip;","og_url":"https:\/\/luxonomy.net\/es\/desvelado-el-ganador-de-la-vii-edicion-del-concurso-de-diseno-lexus-art-car-el-proyecto-edo-kiriko\/","og_site_name":"LUXONOMY","article_publisher":"https:\/\/www.facebook.com\/luxonomy","article_published_time":"2024-07-08T11:45:21+00:00","og_image":[{"width":2560,"height":1707,"url":"https:\/\/i0.wp.com\/luxonomy.net\/wp-content\/uploads\/2024\/07\/Desvelado-El-Ganador-de-la-VII-Edicion-del-Concurso-de-Diseno-Lexus-Art-Car-El-Proyecto-Edo-Kiriko.jpg?fit=2560%2C1707&quality=89&ssl=1","type":"image\/jpeg"}],"author":"LUXONOMY","twitter_card":"summary_large_image","twitter_misc":{"Escrito por":"LUXONOMY","Tiempo de lectura":"3 minutos"},"schema":{"@context":"https:\/\/schema.org","@graph":[{"@type":"Article","@id":"https:\/\/luxonomy.net\/es\/desvelado-el-ganador-de-la-vii-edicion-del-concurso-de-diseno-lexus-art-car-el-proyecto-edo-kiriko\/#article","isPartOf":{"@id":"https:\/\/luxonomy.net\/es\/desvelado-el-ganador-de-la-vii-edicion-del-concurso-de-diseno-lexus-art-car-el-proyecto-edo-kiriko\/"},"author":{"name":"LUXONOMY","@id":"https:\/\/luxonomy.net\/es\/#\/schema\/person\/ca588d8b741a1fdd9065289c8d98ee8c"},"headline":"Desvelado El Ganador de la VII Edici\u00f3n del Concurso de Dise\u00f1o Lexus Art Car: El Proyecto \u201cEdo Kiriko\u201d","datePublished":"2024-07-08T11:45:21+00:00","mainEntityOfPage":{"@id":"https:\/\/luxonomy.net\/es\/desvelado-el-ganador-de-la-vii-edicion-del-concurso-de-diseno-lexus-art-car-el-proyecto-edo-kiriko\/"},"wordCount":519,"commentCount":0,"publisher":{"@id":"https:\/\/luxonomy.net\/es\/#organization"},"image":{"@id":"https:\/\/luxonomy.net\/es\/desvelado-el-ganador-de-la-vii-edicion-del-concurso-de-diseno-lexus-art-car-el-proyecto-edo-kiriko\/#primaryimage"},"thumbnailUrl":"https:\/\/i0.wp.com\/luxonomy.net\/wp-content\/uploads\/2024\/07\/Desvelado-El-Ganador-de-la-VII-Edicion-del-Concurso-de-Diseno-Lexus-Art-Car-El-Proyecto-Edo-Kiriko.jpg?fit=2560%2C1707&ssl=1","keywords":["arte","Lexus","motor"],"articleSection":["Arte","Motor"],"inLanguage":"es","potentialAction":[{"@type":"CommentAction","name":"Comment","target":["https:\/\/luxonomy.net\/es\/desvelado-el-ganador-de-la-vii-edicion-del-concurso-de-diseno-lexus-art-car-el-proyecto-edo-kiriko\/#respond"]}]},{"@type":"WebPage","@id":"https:\/\/luxonomy.net\/es\/desvelado-el-ganador-de-la-vii-edicion-del-concurso-de-diseno-lexus-art-car-el-proyecto-edo-kiriko\/","url":"https:\/\/luxonomy.net\/es\/desvelado-el-ganador-de-la-vii-edicion-del-concurso-de-diseno-lexus-art-car-el-proyecto-edo-kiriko\/","name":"Desvelado El Ganador de la VII Edici\u00f3n del Concurso de Dise\u00f1o Lexus Art Car: El Proyecto \u201cEdo Kiriko\u201d | LUXONOMY","isPartOf":{"@id":"https:\/\/luxonomy.net\/es\/#website"},"primaryImageOfPage":{"@id":"https:\/\/luxonomy.net\/es\/desvelado-el-ganador-de-la-vii-edicion-del-concurso-de-diseno-lexus-art-car-el-proyecto-edo-kiriko\/#primaryimage"},"image":{"@id":"https:\/\/luxonomy.net\/es\/desvelado-el-ganador-de-la-vii-edicion-del-concurso-de-diseno-lexus-art-car-el-proyecto-edo-kiriko\/#primaryimage"},"thumbnailUrl":"https:\/\/i0.wp.com\/luxonomy.net\/wp-content\/uploads\/2024\/07\/Desvelado-El-Ganador-de-la-VII-Edicion-del-Concurso-de-Diseno-Lexus-Art-Car-El-Proyecto-Edo-Kiriko.jpg?fit=2560%2C1707&ssl=1","datePublished":"2024-07-08T11:45:21+00:00","breadcrumb":{"@id":"https:\/\/luxonomy.net\/es\/desvelado-el-ganador-de-la-vii-edicion-del-concurso-de-diseno-lexus-art-car-el-proyecto-edo-kiriko\/#breadcrumb"},"inLanguage":"es","potentialAction":[{"@type":"ReadAction","target":["https:\/\/luxonomy.net\/es\/desvelado-el-ganador-de-la-vii-edicion-del-concurso-de-diseno-lexus-art-car-el-proyecto-edo-kiriko\/"]}]},{"@type":"ImageObject","inLanguage":"es","@id":"https:\/\/luxonomy.net\/es\/desvelado-el-ganador-de-la-vii-edicion-del-concurso-de-diseno-lexus-art-car-el-proyecto-edo-kiriko\/#primaryimage","url":"https:\/\/i0.wp.com\/luxonomy.net\/wp-content\/uploads\/2024\/07\/Desvelado-El-Ganador-de-la-VII-Edicion-del-Concurso-de-Diseno-Lexus-Art-Car-El-Proyecto-Edo-Kiriko.jpg?fit=2560%2C1707&ssl=1","contentUrl":"https:\/\/i0.wp.com\/luxonomy.net\/wp-content\/uploads\/2024\/07\/Desvelado-El-Ganador-de-la-VII-Edicion-del-Concurso-de-Diseno-Lexus-Art-Car-El-Proyecto-Edo-Kiriko.jpg?fit=2560%2C1707&ssl=1","width":2560,"height":1707},{"@type":"BreadcrumbList","@id":"https:\/\/luxonomy.net\/es\/desvelado-el-ganador-de-la-vii-edicion-del-concurso-de-diseno-lexus-art-car-el-proyecto-edo-kiriko\/#breadcrumb","itemListElement":[{"@type":"ListItem","position":1,"name":"Portada","item":"https:\/\/luxonomy.net\/es\/"},{"@type":"ListItem","position":2,"name":"Desvelado El Ganador de la VII Edici\u00f3n del Concurso de Dise\u00f1o Lexus Art Car: El Proyecto \u201cEdo Kiriko\u201d"}]},{"@type":"WebSite","@id":"https:\/\/luxonomy.net\/es\/#website","url":"https:\/\/luxonomy.net\/es\/","name":"LUXONOMY","description":"The Economy of Fashion &amp; Luxury","publisher":{"@id":"https:\/\/luxonomy.net\/es\/#organization"},"potentialAction":[{"@type":"SearchAction","target":{"@type":"EntryPoint","urlTemplate":"https:\/\/luxonomy.net\/es\/?s={search_term_string}"},"query-input":{"@type":"PropertyValueSpecification","valueRequired":true,"valueName":"search_term_string"}}],"inLanguage":"es"},{"@type":"Organization","@id":"https:\/\/luxonomy.net\/es\/#organization","name":"LUXONOMY","url":"https:\/\/luxonomy.net\/es\/","logo":{"@type":"ImageObject","inLanguage":"es","@id":"https:\/\/luxonomy.net\/es\/#\/schema\/logo\/image\/","url":"https:\/\/i2.wp.com\/luxonomy.net\/wp-content\/uploads\/2021\/09\/MOCKUP-TODOS-LUXONOMY.jpg?fit=1000%2C515&ssl=1","contentUrl":"https:\/\/i2.wp.com\/luxonomy.net\/wp-content\/uploads\/2021\/09\/MOCKUP-TODOS-LUXONOMY.jpg?fit=1000%2C515&ssl=1","width":1000,"height":515,"caption":"LUXONOMY"},"image":{"@id":"https:\/\/luxonomy.net\/es\/#\/schema\/logo\/image\/"},"sameAs":["https:\/\/www.facebook.com\/luxonomy","https:\/\/www.instagram.com\/luxonomy\/","https:\/\/www.linkedin.com\/company\/luxonomy\/"]},{"@type":"Person","@id":"https:\/\/luxonomy.net\/es\/#\/schema\/person\/ca588d8b741a1fdd9065289c8d98ee8c","name":"LUXONOMY","image":{"@type":"ImageObject","inLanguage":"es","@id":"https:\/\/luxonomy.net\/wp-content\/litespeed\/avatar\/a6436cdb14fdaf9c21808e63d0da2055.jpg?ver=1788366758","url":"https:\/\/luxonomy.net\/wp-content\/litespeed\/avatar\/a6436cdb14fdaf9c21808e63d0da2055.jpg?ver=1788366758","contentUrl":"https:\/\/luxonomy.net\/wp-content\/litespeed\/avatar\/a6436cdb14fdaf9c21808e63d0da2055.jpg?ver=1788366758","caption":"LUXONOMY"},"sameAs":["https:\/"],"url":"https:\/\/luxonomy.net\/es\/author\/luxonomy\/"}]}},"jetpack_publicize_connections":[],"jetpack_shortlink":"https:\/\/wp.me\/paPhBa-eGD","jetpack_sharing_enabled":true,"jetpack_featured_media_url":"https:\/\/i0.wp.com\/luxonomy.net\/wp-content\/uploads\/2024\/07\/Desvelado-El-Ganador-de-la-VII-Edicion-del-Concurso-de-Diseno-Lexus-Art-Car-El-Proyecto-Edo-Kiriko.jpg?fit=2560%2C1707&ssl=1","_links":{"self":[{"href":"https:\/\/luxonomy.net\/es\/wp-json\/wp\/v2\/posts\/56459","targetHints":{"allow":["GET"]}}],"collection":[{"href":"https:\/\/luxonomy.net\/es\/wp-json\/wp\/v2\/posts"}],"about":[{"href":"https:\/\/luxonomy.net\/es\/wp-json\/wp\/v2\/types\/post"}],"author":[{"embeddable":true,"href":"https:\/\/luxonomy.net\/es\/wp-json\/wp\/v2\/users\/1"}],"replies":[{"embeddable":true,"href":"https:\/\/luxonomy.net\/es\/wp-json\/wp\/v2\/comments?post=56459"}],"version-history":[{"count":1,"href":"https:\/\/luxonomy.net\/es\/wp-json\/wp\/v2\/posts\/56459\/revisions"}],"predecessor-version":[{"id":56463,"href":"https:\/\/luxonomy.net\/es\/wp-json\/wp\/v2\/posts\/56459\/revisions\/56463"}],"wp:featuredmedia":[{"embeddable":true,"href":"https:\/\/luxonomy.net\/es\/wp-json\/wp\/v2\/media\/56460"}],"wp:attachment":[{"href":"https:\/\/luxonomy.net\/es\/wp-json\/wp\/v2\/media?parent=56459"}],"wp:term":[{"taxonomy":"category","embeddable":true,"href":"https:\/\/luxonomy.net\/es\/wp-json\/wp\/v2\/categories?post=56459"},{"taxonomy":"post_tag","embeddable":true,"href":"https:\/\/luxonomy.net\/es\/wp-json\/wp\/v2\/tags?post=56459"},{"taxonomy":"thb-sponsors","embeddable":true,"href":"https:\/\/luxonomy.net\/es\/wp-json\/wp\/v2\/thb-sponsors?post=56459"}],"curies":[{"name":"wp","href":"https:\/\/api.w.org\/{rel}","templated":true}]}}