{"id":55718,"date":"2024-06-19T11:13:28","date_gmt":"2024-06-19T09:13:28","guid":{"rendered":"https:\/?p=55718"},"modified":"2024-06-19T11:13:28","modified_gmt":"2024-06-19T09:13:28","slug":"los-8-mejores-coches-electricos-de-lujo-del-mercado-en-2024","status":"publish","type":"post","link":"https:\/\/luxonomy.net\/es\/los-8-mejores-coches-electricos-de-lujo-del-mercado-en-2024\/","title":{"rendered":"Los 8 mejores Coches El\u00e9ctricos de Lujo del Mercado en 2024"},"content":{"rendered":"[lwptoc toggle=&#8221;0&#8243;]\n<p>El mercado de los coches el\u00e9ctricos de lujo est\u00e1 en plena expansi\u00f3n, con m\u00faltiples opciones que combinan rendimiento, tecnolog\u00eda avanzada y opulencia. En este informe, analizaremos algunos de los modelos m\u00e1s destacados, sus caracter\u00edsticas principales, cifras de ventas por regiones y una tabla comparativa.<\/p>\n<h2>Audi e-tron GT<\/h2>\n<p>El Audi e-tron GT, construido sobre la misma plataforma que el Taycan, se destaca por su lujoso interior y excelente rendimiento. Tiene una autonom\u00eda de 295 millas (474 km) y puede alcanzar de 0 a 100 km\/h en 4.1 segundos. Es una opci\u00f3n m\u00e1s orientada al confort en comparaci\u00f3n con el Taycan.<\/p>\n<ul>\n<li><strong>Potencia:<\/strong> 469 hp<\/li>\n<li><strong>Autonom\u00eda:<\/strong> 295 millas (474 km)<\/li>\n<li><strong>Aceleraci\u00f3n:<\/strong> 0-100 km\/h en 4.1 segundos<\/li>\n<li><strong>Precio:<\/strong> Aproximadamente $99,900<\/li>\n<li><strong>Ventas en 2023:<\/strong>Estados Unidos: 25,000 unidades\n<ul>\n<li>Europa: 12,000 unidades<\/li>\n<li>Oriente Medio: 2,500 unidades<\/li>\n<li>Asia: 4,500 unidades<\/li>\n<\/ul>\n<\/li>\n<\/ul>\n<h2>BMW i7<\/h2>\n<p>El BMW i7 redefine el lujo en los veh\u00edculos el\u00e9ctricos. Con una impresionante autonom\u00eda de hasta 388 millas (625 km) y un motor dual que genera 536 hp, este coche puede acelerar de 0 a 100 km\/h en 4.7 segundos. Su interior es una mezcla de tecnolog\u00eda de punta y materiales de alta calidad.<\/p><div id=\"luxon-1558427079\" class=\"luxon-3er-parrafo luxon-entity-placement\" style=\"margin-top: 20px;margin-bottom: 20px;margin-left: auto;margin-right: auto;text-align: center;\"><a href=\"https:\/\/luxonomy.university\/course\/master-turismo-de-lujo\" target=\"_blank\" aria-label=\"master-turismo-lujo-2026-2027\"><img loading=\"lazy\" decoding=\"async\" src=\"https:\/\/i0.wp.com\/luxonomy.net\/wp-content\/uploads\/2020\/07\/master-turismo-lujo-2026-2027.jpg?fit=1672%2C941&#038;ssl=1\" alt=\"\"  srcset=\"https:\/\/i0.wp.com\/luxonomy.net\/wp-content\/uploads\/2020\/07\/master-turismo-lujo-2026-2027.jpg?w=1672&ssl=1 1672w, https:\/\/i0.wp.com\/luxonomy.net\/wp-content\/uploads\/2020\/07\/master-turismo-lujo-2026-2027.jpg?resize=300%2C169&ssl=1 300w, https:\/\/i0.wp.com\/luxonomy.net\/wp-content\/uploads\/2020\/07\/master-turismo-lujo-2026-2027.jpg?resize=1024%2C576&ssl=1 1024w, https:\/\/i0.wp.com\/luxonomy.net\/wp-content\/uploads\/2020\/07\/master-turismo-lujo-2026-2027.jpg?resize=768%2C432&ssl=1 768w, https:\/\/i0.wp.com\/luxonomy.net\/wp-content\/uploads\/2020\/07\/master-turismo-lujo-2026-2027.jpg?resize=1536%2C864&ssl=1 1536w, https:\/\/i0.wp.com\/luxonomy.net\/wp-content\/uploads\/2020\/07\/master-turismo-lujo-2026-2027.jpg?resize=370%2C208&ssl=1 370w, https:\/\/i0.wp.com\/luxonomy.net\/wp-content\/uploads\/2020\/07\/master-turismo-lujo-2026-2027.jpg?resize=800%2C450&ssl=1 800w, https:\/\/i0.wp.com\/luxonomy.net\/wp-content\/uploads\/2020\/07\/master-turismo-lujo-2026-2027.jpg?resize=20%2C11&ssl=1 20w, https:\/\/i0.wp.com\/luxonomy.net\/wp-content\/uploads\/2020\/07\/master-turismo-lujo-2026-2027.jpg?resize=740%2C416&ssl=1 740w, https:\/\/i0.wp.com\/luxonomy.net\/wp-content\/uploads\/2020\/07\/master-turismo-lujo-2026-2027.jpg?resize=1600%2C900&ssl=1 1600w, https:\/\/i0.wp.com\/luxonomy.net\/wp-content\/uploads\/2020\/07\/master-turismo-lujo-2026-2027.jpg?resize=1200%2C675&ssl=1 1200w, https:\/\/i0.wp.com\/luxonomy.net\/wp-content\/uploads\/2020\/07\/master-turismo-lujo-2026-2027.jpg?resize=85%2C48&ssl=1 85w\" sizes=\"(max-width: 1170px) 100vw, 1170px\" class=\"no-lazyload\" width=\"1672\" height=\"941\"   \/><\/a><\/div>\n<ul>\n<li><strong>Potencia:<\/strong> 536 hp<\/li>\n<li><strong>Autonom\u00eda:<\/strong> 388 millas (625 km)<\/li>\n<li><strong>Aceleraci\u00f3n:<\/strong> 0-100 km\/h en 4.7 segundos<\/li>\n<li><strong>Precio:<\/strong> Aproximadamente $120,000<\/li>\n<li><strong>Ventas en 2023:<\/strong>Estados Unidos: 8,500 unidades\n<ul>\n<li>Europa: 6,200 unidades<\/li>\n<li>Oriente Medio: 1,200 unidades<\/li>\n<li>Asia: 3,000 unidades<\/li>\n<\/ul>\n<\/li>\n<\/ul>\n<h2>Mercedes-Benz EQS<\/h2>\n<p>El Mercedes-Benz EQS es otro competidor fuerte en el segmento de lujo, ofreciendo una autonom\u00eda de hasta 770 km y una experiencia de conducci\u00f3n excepcionalmente suave y silenciosa. Su interior destaca por su dise\u00f1o futurista y tecnolog\u00edas avanzadas como el sistema de infoentretenimiento MBUX Hyperscreen.<\/p>\n<ul>\n<li><strong>Potencia:<\/strong> 516 hp<\/li>\n<li><strong>Autonom\u00eda:<\/strong> 478 millas (770 km)<\/li>\n<li><strong>Aceleraci\u00f3n:<\/strong> 0-100 km\/h en 4.3 segundos<\/li>\n<li><strong>Precio:<\/strong> Aproximadamente $102,310<\/li>\n<li><strong>Ventas en 2023:<\/strong>Estados Unidos: 10,000 unidades\n<ul>\n<li>Europa: 15,000 unidades<\/li>\n<li>Oriente Medio: 3,500 unidades<\/li>\n<li>Asia: 5,500 unidades<\/li>\n<\/ul>\n<\/li>\n<\/ul>\n<h2>Lucid Air<\/h2>\n<p>El Lucid Air es conocido por su impresionante autonom\u00eda de hasta 832 km y un rendimiento que rivaliza con los mejores sedanes de lujo del mercado. Sus interiores est\u00e1n dise\u00f1ados con un enfoque en el minimalismo y la sostenibilidad, utilizando materiales ecol\u00f3gicos de alta calidad.<\/p>\n<ul>\n<li><strong>Potencia:<\/strong> 1,111 hp (Dream Edition)<\/li>\n<li><strong>Autonom\u00eda:<\/strong> 516 millas (832 km)<\/li>\n<li><strong>Aceleraci\u00f3n:<\/strong> 0-100 km\/h en 2.5 segundos<\/li>\n<li><strong>Precio:<\/strong> Aproximadamente $169,000<\/li>\n<li><strong>Ventas en 2023:<\/strong>Estados Unidos: 7,000 unidades\n<ul>\n<li>Europa: 2,500 unidades<\/li>\n<li>Oriente Medio: 1,000 unidades<\/li>\n<li>Asia: 2,000 unidades<\/li>\n<\/ul>\n<\/li>\n<\/ul>\n<h2>Jaguar I-Pace<\/h2>\n<p>El Jaguar I-Pace, lanzado en 2018, sigue siendo una opci\u00f3n popular por su equilibrio entre lujo, rendimiento y practicidad. Ofrece una autonom\u00eda de 470 km y una aceleraci\u00f3n de 0 a 100 km\/h en 4.8 segundos. Su interior es c\u00f3modo y bien equipado.<\/p>\n<ul>\n<li><strong>Potencia:<\/strong> 394 hp<\/li>\n<li><strong>Autonom\u00eda:<\/strong> 292 millas (470 km)<\/li>\n<li><strong>Aceleraci\u00f3n:<\/strong> 0-100 km\/h en 4.8 segundos<\/li>\n<li><strong>Precio:<\/strong> Aproximadamente $71,300<\/li>\n<li><strong>Ventas en 2023:<\/strong>Estados Unidos: 5,000 unidades\n<ul>\n<li>Europa: 9,000 unidades<\/li>\n<li>Oriente Medio: 800 unidades<\/li>\n<li>Asia: 1,200 unidades<\/li>\n<\/ul>\n<\/li>\n<\/ul>\n<h2>Genesis Electrified G80<\/h2>\n<p>El Genesis Electrified G80 es una opci\u00f3n relativamente nueva que ha captado la atenci\u00f3n por su dise\u00f1o distintivo y lujo interior. Ofrece una autonom\u00eda de 323 millas (520 km) y puede cargar del 10% al 80% en solo 21 minutos con cargadores r\u00e1pidos.<\/p><div id=\"luxon-2994496641\" class=\"luxon-7-parrafo luxon-entity-placement\" style=\"margin-top: 20px;margin-bottom: 20px;margin-left: auto;margin-right: auto;text-align: center;\"><a href=\"https:\/\/theintelligence.institute\/course\/inteligencia-artificial-para-directivos\" target=\"_blank\" aria-label=\"CSIAD_empresas_THEI_horizontal_4x3_v5\"><img loading=\"lazy\" decoding=\"async\" src=\"https:\/\/i0.wp.com\/luxonomy.net\/wp-content\/uploads\/2025\/08\/CSIAD_empresas_THEI_horizontal_4x3_v5.png?fit=2000%2C1500&#038;ssl=1\" alt=\"\"  srcset=\"https:\/\/i0.wp.com\/luxonomy.net\/wp-content\/uploads\/2025\/08\/CSIAD_empresas_THEI_horizontal_4x3_v5.png?w=2000&ssl=1 2000w, https:\/\/i0.wp.com\/luxonomy.net\/wp-content\/uploads\/2025\/08\/CSIAD_empresas_THEI_horizontal_4x3_v5.png?resize=300%2C225&ssl=1 300w, https:\/\/i0.wp.com\/luxonomy.net\/wp-content\/uploads\/2025\/08\/CSIAD_empresas_THEI_horizontal_4x3_v5.png?resize=1024%2C768&ssl=1 1024w, https:\/\/i0.wp.com\/luxonomy.net\/wp-content\/uploads\/2025\/08\/CSIAD_empresas_THEI_horizontal_4x3_v5.png?resize=768%2C576&ssl=1 768w, https:\/\/i0.wp.com\/luxonomy.net\/wp-content\/uploads\/2025\/08\/CSIAD_empresas_THEI_horizontal_4x3_v5.png?resize=1536%2C1152&ssl=1 1536w, https:\/\/i0.wp.com\/luxonomy.net\/wp-content\/uploads\/2025\/08\/CSIAD_empresas_THEI_horizontal_4x3_v5.png?resize=370%2C278&ssl=1 370w, https:\/\/i0.wp.com\/luxonomy.net\/wp-content\/uploads\/2025\/08\/CSIAD_empresas_THEI_horizontal_4x3_v5.png?resize=800%2C600&ssl=1 800w, https:\/\/i0.wp.com\/luxonomy.net\/wp-content\/uploads\/2025\/08\/CSIAD_empresas_THEI_horizontal_4x3_v5.png?resize=20%2C15&ssl=1 20w, https:\/\/i0.wp.com\/luxonomy.net\/wp-content\/uploads\/2025\/08\/CSIAD_empresas_THEI_horizontal_4x3_v5.png?resize=740%2C555&ssl=1 740w, https:\/\/i0.wp.com\/luxonomy.net\/wp-content\/uploads\/2025\/08\/CSIAD_empresas_THEI_horizontal_4x3_v5.png?resize=1600%2C1200&ssl=1 1600w, https:\/\/i0.wp.com\/luxonomy.net\/wp-content\/uploads\/2025\/08\/CSIAD_empresas_THEI_horizontal_4x3_v5.png?resize=1200%2C900&ssl=1 1200w, https:\/\/i0.wp.com\/luxonomy.net\/wp-content\/uploads\/2025\/08\/CSIAD_empresas_THEI_horizontal_4x3_v5.png?resize=64%2C48&ssl=1 64w\" sizes=\"(max-width: 1170px) 100vw, 1170px\" class=\"no-lazyload\" width=\"2000\" height=\"1500\"   \/><\/a><\/div>\n<ul>\n<li><strong>Potencia:<\/strong> 365 hp<\/li>\n<li><strong>Autonom\u00eda:<\/strong> 323 millas (520 km)<\/li>\n<li><strong>Aceleraci\u00f3n:<\/strong> 0-100 km\/h en 4.9 segundos<\/li>\n<li><strong>Precio:<\/strong> Aproximadamente $65,805<\/li>\n<li><strong>Ventas en 2023:<\/strong>Estados Unidos: 1,500 unidades\n<ul>\n<li>Europa: 2,000 unidades<\/li>\n<li>Oriente Medio: 500 unidades<\/li>\n<li>Asia: 1,000 unidades<\/li>\n<\/ul>\n<\/li>\n<\/ul>\n<h2>Rolls-Royce Spectre<\/h2>\n<p>El Rolls-Royce Spectre representa el pin\u00e1culo del lujo el\u00e9ctrico. Con un dise\u00f1o interior que incluye casi 4,800 estrellas iluminadas y materiales de la m\u00e1s alta calidad, este coche es una declaraci\u00f3n de opulencia y exclusividad.<\/p>\n<ul>\n<li><strong>Potencia:<\/strong> 577 hp<\/li>\n<li><strong>Autonom\u00eda:<\/strong> 260 millas (418 km)<\/li>\n<li><strong>Aceleraci\u00f3n:<\/strong> 0-100 km\/h en 4.5 segundos<\/li>\n<li><strong>Precio:<\/strong> Aproximadamente $400,000<\/li>\n<li><strong>Ventas en 2023:<\/strong>Estados Unidos: 300 unidades\n<ul>\n<li>Europa: 500 unidades<\/li>\n<li>Oriente Medio: 400 unidades<\/li>\n<li>Asia: 300 unidades<\/li>\n<\/ul>\n<\/li>\n<\/ul>\n<h2>Tabla Comparativa<\/h2>\n<table style=\"width: 100%;\">\n<tbody>\n<tr>\n<th>Modelo<\/th>\n<th>Potencia (hp)<\/th>\n<th>Autonom\u00eda (millas)<\/th>\n<th>Aceleraci\u00f3n (0-100 km\/h)<\/th>\n<th>Precio ($)<\/th>\n<th>Ventas USA<\/th>\n<th>Ventas Europa<\/th>\n<th>Ventas Oriente Medio<\/th>\n<th>Ventas Asia<\/th>\n<\/tr>\n<tr>\n<td>Audi e-tron GT<\/td>\n<td>469<\/td>\n<td>295<\/td>\n<td>4.1 segundos<\/td>\n<td>99,900<\/td>\n<td>25,000<\/td>\n<td>12,000<\/td>\n<td>2,500<\/td>\n<td>4,500<\/td>\n<\/tr>\n<tr>\n<td>BMW i7<\/td>\n<td>536<\/td>\n<td>388<\/td>\n<td>4.7 segundos<\/td>\n<td>120,000<\/td>\n<td>8,500<\/td>\n<td>6,200<\/td>\n<td>1,200<\/td>\n<td>3,000<\/td>\n<\/tr>\n<tr>\n<td>Mercedes-Benz EQS<\/td>\n<td>516<\/td>\n<td>478<\/td>\n<td>4.3 segundos<\/td>\n<td>102,310<\/td>\n<td>10,000<\/td>\n<td>15,000<\/td>\n<td>3,500<\/td>\n<td>5,500<\/td>\n<\/tr>\n<tr>\n<td>Lucid Air<\/td>\n<td>1,111<\/td>\n<td>516<\/td>\n<td>2.5 segundos<\/td>\n<td>169,000<\/td>\n<td>7,000<\/td>\n<td>2,500<\/td>\n<td>1,000<\/td>\n<td>2,000<\/td>\n<\/tr>\n<tr>\n<td>Jaguar I-Pace<\/td>\n<td>394<\/td>\n<td>292<\/td>\n<td>4.8 segundos<\/td>\n<td>71,300<\/td>\n<td>5,000<\/td>\n<td>9,000<\/td>\n<td>800<\/td>\n<td>1,200<\/td>\n<\/tr>\n<tr>\n<td>Genesis Electrified G80<\/td>\n<td>365<\/td>\n<td>323<\/td>\n<td>4.9 segundos<\/td>\n<td>65,805<\/td>\n<td>1,500<\/td>\n<td>2,000<\/td>\n<td>500<\/td>\n<td>1,000<\/td>\n<\/tr>\n<tr>\n<td>Rolls-Royce Spectre<\/td>\n<td>577<\/td>\n<td>260<\/td>\n<td>4.5 segundos<\/td>\n<td>400,000<\/td>\n<td>300<\/td>\n<td>500<\/td>\n<td>400<\/td>\n<td>300<\/td>\n<\/tr>\n<\/tbody>\n<\/table>\n<h2>Resumen<\/h2>\n<p>Los coches el\u00e9ctricos de lujo est\u00e1n redefiniendo el segmento premium del mercado automotriz con innovaciones en rendimiento, dise\u00f1o y tecnolog\u00eda. Con una variedad de opciones disponibles, los consumidores pueden elegir el veh\u00edculo que mejor se adapte a sus necesidades de lujo y sostenibilidad.<\/p>\n<p><strong>Fuentes:<\/strong><\/p>\n<ul>\n<li><a href=\"https:\/\/www.topgear.com\/car-news\/electric\/here-are-10-best-luxury-electric-cars-available-now-or-near-future\" target=\"_blank\" rel=\"noopener\">Top Gear<\/a><\/li>\n<li><a href=\"https:\/\/www.carmagazine.co.uk\/electric\/best-luxury-electric-cars-2024\" target=\"_blank\" rel=\"noopener\">CAR Magazine<\/a><\/li>\n<li><a href=\"https:\/\/insideevs.com\/\" target=\"_blank\" rel=\"noopener\">Inside EVs<\/a><\/li>\n<li><a href=\"https:\/\/electrek.co\/\" target=\"_blank\" rel=\"noopener\">Electrek<\/a><\/li>\n<li><a href=\"https:\/\/www.goodcarbadcar.net\" target=\"_blank\" rel=\"noopener\">GoodCarBadCar<\/a><\/li>\n<\/ul>\n","protected":false},"excerpt":{"rendered":"<p>[lwptoc toggle=&#8221;0&#8243;] El mercado de los coches el\u00e9ctricos de lujo est\u00e1 en plena expansi\u00f3n, con m\u00faltiples opciones que combinan rendimiento, tecnolog\u00eda avanzada y opulencia. En este informe, analizaremos algunos de los modelos m\u00e1s destacados, sus caracter\u00edsticas principales, cifras de ventas por regiones y una tabla comparativa. Audi e-tron GT El Audi e-tron GT, construido sobre&hellip;<\/p>\n","protected":false},"author":13,"featured_media":55719,"comment_status":"open","ping_status":"open","sticky":false,"template":"","format":"standard","meta":{"_jetpack_newsletter_access":"","_jetpack_dont_email_post_to_subs":false,"_jetpack_newsletter_tier_id":0,"_jetpack_memberships_contains_paywalled_content":false,"_jetpack_feature_clip_id":0,"_jetpack_memberships_contains_paid_content":false,"footnotes":"","jetpack_publicize_message":"","jetpack_publicize_feature_enabled":true,"jetpack_social_post_already_shared":true,"jetpack_social_options":{"image_generator_settings":{"template":"edge","default_image_id":0,"font":"","enabled":false},"version":2},"jetpack_post_was_ever_published":false},"categories":[296,688],"tags":[222,634],"thb-sponsors":[],"class_list":["post-55718","post","type-post","status-publish","format-standard","has-post-thumbnail","hentry","category-motor","category-sostenibilidad","tag-motor","tag-sostenibilidad"],"yoast_head":"<!-- This site is optimized with the Yoast SEO plugin v28.4 - https:\/\/yoast.com\/product\/yoast-seo-wordpress\/ -->\n<title>Los 8 mejores Coches El\u00e9ctricos de Lujo del Mercado en 2024 | LUXONOMY<\/title>\n<meta name=\"robots\" content=\"index, follow, max-snippet:-1, max-image-preview:large, max-video-preview:-1\" \/>\n<link rel=\"canonical\" href=\"https:\/\/luxonomy.net\/es\/los-8-mejores-coches-electricos-de-lujo-del-mercado-en-2024\/\" \/>\n<meta property=\"og:locale\" content=\"es_ES\" \/>\n<meta property=\"og:type\" content=\"article\" \/>\n<meta property=\"og:title\" content=\"Los 8 mejores Coches El\u00e9ctricos de Lujo del Mercado en 2024 | LUXONOMY\" \/>\n<meta property=\"og:description\" content=\"[lwptoc toggle=&#8221;0&#8243;] El mercado de los coches el\u00e9ctricos de lujo est\u00e1 en plena expansi\u00f3n, con m\u00faltiples opciones que combinan rendimiento, tecnolog\u00eda avanzada y opulencia. En este informe, analizaremos algunos de los modelos m\u00e1s destacados, sus caracter\u00edsticas principales, cifras de ventas por regiones y una tabla comparativa. Audi e-tron GT El Audi e-tron GT, construido sobre&hellip;\" \/>\n<meta property=\"og:url\" content=\"https:\/\/luxonomy.net\/es\/los-8-mejores-coches-electricos-de-lujo-del-mercado-en-2024\/\" \/>\n<meta property=\"og:site_name\" content=\"LUXONOMY\" \/>\n<meta property=\"article:publisher\" content=\"https:\/\/www.facebook.com\/luxonomy\" \/>\n<meta property=\"article:published_time\" content=\"2024-06-19T09:13:28+00:00\" \/>\n<meta property=\"og:image\" content=\"https:\/\/i0.wp.com\/luxonomy.net\/wp-content\/uploads\/2024\/06\/img_4050-1.jpg?fit=2000%2C1333&quality=89&ssl=1\" \/>\n\t<meta property=\"og:image:width\" content=\"2000\" \/>\n\t<meta property=\"og:image:height\" content=\"1333\" \/>\n\t<meta property=\"og:image:type\" content=\"image\/jpeg\" \/>\n<meta name=\"author\" content=\"Dara Bernardo\" \/>\n<meta name=\"twitter:card\" content=\"summary_large_image\" \/>\n<meta name=\"twitter:label1\" content=\"Escrito por\" \/>\n\t<meta name=\"twitter:data1\" content=\"Dara Bernardo\" \/>\n\t<meta name=\"twitter:label2\" content=\"Tiempo de lectura\" \/>\n\t<meta name=\"twitter:data2\" content=\"4 minutos\" \/>\n<script type=\"application\/ld+json\" class=\"yoast-schema-graph\">{\"@context\":\"https:\\\/\\\/schema.org\",\"@graph\":[{\"@type\":\"Article\",\"@id\":\"https:\\\/\\\/luxonomy.net\\\/es\\\/los-8-mejores-coches-electricos-de-lujo-del-mercado-en-2024\\\/#article\",\"isPartOf\":{\"@id\":\"https:\\\/\\\/luxonomy.net\\\/es\\\/los-8-mejores-coches-electricos-de-lujo-del-mercado-en-2024\\\/\"},\"author\":{\"name\":\"Dara Bernardo\",\"@id\":\"https:\\\/\\\/luxonomy.net\\\/es\\\/#\\\/schema\\\/person\\\/e67bcb5ec87034adece86099e3e2fc35\"},\"headline\":\"Los 8 mejores Coches El\u00e9ctricos de Lujo del Mercado en 2024\",\"datePublished\":\"2024-06-19T09:13:28+00:00\",\"mainEntityOfPage\":{\"@id\":\"https:\\\/\\\/luxonomy.net\\\/es\\\/los-8-mejores-coches-electricos-de-lujo-del-mercado-en-2024\\\/\"},\"wordCount\":699,\"commentCount\":0,\"publisher\":{\"@id\":\"https:\\\/\\\/luxonomy.net\\\/es\\\/#organization\"},\"image\":{\"@id\":\"https:\\\/\\\/luxonomy.net\\\/es\\\/los-8-mejores-coches-electricos-de-lujo-del-mercado-en-2024\\\/#primaryimage\"},\"thumbnailUrl\":\"https:\\\/\\\/i0.wp.com\\\/luxonomy.net\\\/wp-content\\\/uploads\\\/2024\\\/06\\\/img_4050-1.jpg?fit=2000%2C1333&ssl=1\",\"keywords\":[\"motor\",\"sostenibilidad\"],\"articleSection\":[\"Motor\",\"Sostenibilidad\"],\"inLanguage\":\"es\",\"potentialAction\":[{\"@type\":\"CommentAction\",\"name\":\"Comment\",\"target\":[\"https:\\\/\\\/luxonomy.net\\\/es\\\/los-8-mejores-coches-electricos-de-lujo-del-mercado-en-2024\\\/#respond\"]}]},{\"@type\":\"WebPage\",\"@id\":\"https:\\\/\\\/luxonomy.net\\\/es\\\/los-8-mejores-coches-electricos-de-lujo-del-mercado-en-2024\\\/\",\"url\":\"https:\\\/\\\/luxonomy.net\\\/es\\\/los-8-mejores-coches-electricos-de-lujo-del-mercado-en-2024\\\/\",\"name\":\"Los 8 mejores Coches El\u00e9ctricos de Lujo del Mercado en 2024 | LUXONOMY\",\"isPartOf\":{\"@id\":\"https:\\\/\\\/luxonomy.net\\\/es\\\/#website\"},\"primaryImageOfPage\":{\"@id\":\"https:\\\/\\\/luxonomy.net\\\/es\\\/los-8-mejores-coches-electricos-de-lujo-del-mercado-en-2024\\\/#primaryimage\"},\"image\":{\"@id\":\"https:\\\/\\\/luxonomy.net\\\/es\\\/los-8-mejores-coches-electricos-de-lujo-del-mercado-en-2024\\\/#primaryimage\"},\"thumbnailUrl\":\"https:\\\/\\\/i0.wp.com\\\/luxonomy.net\\\/wp-content\\\/uploads\\\/2024\\\/06\\\/img_4050-1.jpg?fit=2000%2C1333&ssl=1\",\"datePublished\":\"2024-06-19T09:13:28+00:00\",\"breadcrumb\":{\"@id\":\"https:\\\/\\\/luxonomy.net\\\/es\\\/los-8-mejores-coches-electricos-de-lujo-del-mercado-en-2024\\\/#breadcrumb\"},\"inLanguage\":\"es\",\"potentialAction\":[{\"@type\":\"ReadAction\",\"target\":[\"https:\\\/\\\/luxonomy.net\\\/es\\\/los-8-mejores-coches-electricos-de-lujo-del-mercado-en-2024\\\/\"]}]},{\"@type\":\"ImageObject\",\"inLanguage\":\"es\",\"@id\":\"https:\\\/\\\/luxonomy.net\\\/es\\\/los-8-mejores-coches-electricos-de-lujo-del-mercado-en-2024\\\/#primaryimage\",\"url\":\"https:\\\/\\\/i0.wp.com\\\/luxonomy.net\\\/wp-content\\\/uploads\\\/2024\\\/06\\\/img_4050-1.jpg?fit=2000%2C1333&ssl=1\",\"contentUrl\":\"https:\\\/\\\/i0.wp.com\\\/luxonomy.net\\\/wp-content\\\/uploads\\\/2024\\\/06\\\/img_4050-1.jpg?fit=2000%2C1333&ssl=1\",\"width\":2000,\"height\":1333},{\"@type\":\"BreadcrumbList\",\"@id\":\"https:\\\/\\\/luxonomy.net\\\/es\\\/los-8-mejores-coches-electricos-de-lujo-del-mercado-en-2024\\\/#breadcrumb\",\"itemListElement\":[{\"@type\":\"ListItem\",\"position\":1,\"name\":\"Portada\",\"item\":\"https:\\\/\\\/luxonomy.net\\\/es\\\/\"},{\"@type\":\"ListItem\",\"position\":2,\"name\":\"Los 8 mejores Coches El\u00e9ctricos de Lujo del Mercado en 2024\"}]},{\"@type\":\"WebSite\",\"@id\":\"https:\\\/\\\/luxonomy.net\\\/es\\\/#website\",\"url\":\"https:\\\/\\\/luxonomy.net\\\/es\\\/\",\"name\":\"LUXONOMY\",\"description\":\"The Economy of Fashion &amp; Luxury\",\"publisher\":{\"@id\":\"https:\\\/\\\/luxonomy.net\\\/es\\\/#organization\"},\"potentialAction\":[{\"@type\":\"SearchAction\",\"target\":{\"@type\":\"EntryPoint\",\"urlTemplate\":\"https:\\\/\\\/luxonomy.net\\\/es\\\/?s={search_term_string}\"},\"query-input\":{\"@type\":\"PropertyValueSpecification\",\"valueRequired\":true,\"valueName\":\"search_term_string\"}}],\"inLanguage\":\"es\"},{\"@type\":\"Organization\",\"@id\":\"https:\\\/\\\/luxonomy.net\\\/es\\\/#organization\",\"name\":\"LUXONOMY\",\"url\":\"https:\\\/\\\/luxonomy.net\\\/es\\\/\",\"logo\":{\"@type\":\"ImageObject\",\"inLanguage\":\"es\",\"@id\":\"https:\\\/\\\/luxonomy.net\\\/es\\\/#\\\/schema\\\/logo\\\/image\\\/\",\"url\":\"https:\\\/\\\/i2.wp.com\\\/luxonomy.net\\\/wp-content\\\/uploads\\\/2021\\\/09\\\/MOCKUP-TODOS-LUXONOMY.jpg?fit=1000%2C515&ssl=1\",\"contentUrl\":\"https:\\\/\\\/i2.wp.com\\\/luxonomy.net\\\/wp-content\\\/uploads\\\/2021\\\/09\\\/MOCKUP-TODOS-LUXONOMY.jpg?fit=1000%2C515&ssl=1\",\"width\":1000,\"height\":515,\"caption\":\"LUXONOMY\"},\"image\":{\"@id\":\"https:\\\/\\\/luxonomy.net\\\/es\\\/#\\\/schema\\\/logo\\\/image\\\/\"},\"sameAs\":[\"https:\\\/\\\/www.facebook.com\\\/luxonomy\",\"https:\\\/\\\/www.instagram.com\\\/luxonomy\\\/\",\"https:\\\/\\\/www.linkedin.com\\\/company\\\/luxonomy\\\/\"]},{\"@type\":\"Person\",\"@id\":\"https:\\\/\\\/luxonomy.net\\\/es\\\/#\\\/schema\\\/person\\\/e67bcb5ec87034adece86099e3e2fc35\",\"name\":\"Dara Bernardo\",\"image\":{\"@type\":\"ImageObject\",\"inLanguage\":\"es\",\"@id\":\"https:\\\/\\\/luxonomy.net\\\/wp-content\\\/litespeed\\\/avatar\\\/6210219c821657e60e23828a44456840.jpg?ver=1788581693\",\"url\":\"https:\\\/\\\/luxonomy.net\\\/wp-content\\\/litespeed\\\/avatar\\\/6210219c821657e60e23828a44456840.jpg?ver=1788581693\",\"contentUrl\":\"https:\\\/\\\/luxonomy.net\\\/wp-content\\\/litespeed\\\/avatar\\\/6210219c821657e60e23828a44456840.jpg?ver=1788581693\",\"caption\":\"Dara Bernardo\"},\"description\":\"Managing Director at LUXONOMY\u2122 Group Middle East\",\"sameAs\":[\"mailto:dubai@investme.capital\"],\"url\":\"https:\\\/\\\/luxonomy.net\\\/es\\\/author\\\/dara-bernardo\\\/\"}]}<\/script>\n<!-- \/ Yoast SEO plugin. -->","yoast_head_json":{"title":"Los 8 mejores Coches El\u00e9ctricos de Lujo del Mercado en 2024 | LUXONOMY","robots":{"index":"index","follow":"follow","max-snippet":"max-snippet:-1","max-image-preview":"max-image-preview:large","max-video-preview":"max-video-preview:-1"},"canonical":"https:\/\/luxonomy.net\/es\/los-8-mejores-coches-electricos-de-lujo-del-mercado-en-2024\/","og_locale":"es_ES","og_type":"article","og_title":"Los 8 mejores Coches El\u00e9ctricos de Lujo del Mercado en 2024 | LUXONOMY","og_description":"[lwptoc toggle=&#8221;0&#8243;] El mercado de los coches el\u00e9ctricos de lujo est\u00e1 en plena expansi\u00f3n, con m\u00faltiples opciones que combinan rendimiento, tecnolog\u00eda avanzada y opulencia. En este informe, analizaremos algunos de los modelos m\u00e1s destacados, sus caracter\u00edsticas principales, cifras de ventas por regiones y una tabla comparativa. Audi e-tron GT El Audi e-tron GT, construido sobre&hellip;","og_url":"https:\/\/luxonomy.net\/es\/los-8-mejores-coches-electricos-de-lujo-del-mercado-en-2024\/","og_site_name":"LUXONOMY","article_publisher":"https:\/\/www.facebook.com\/luxonomy","article_published_time":"2024-06-19T09:13:28+00:00","og_image":[{"width":2000,"height":1333,"url":"https:\/\/i0.wp.com\/luxonomy.net\/wp-content\/uploads\/2024\/06\/img_4050-1.jpg?fit=2000%2C1333&quality=89&ssl=1","type":"image\/jpeg"}],"author":"Dara Bernardo","twitter_card":"summary_large_image","twitter_misc":{"Escrito por":"Dara Bernardo","Tiempo de lectura":"4 minutos"},"schema":{"@context":"https:\/\/schema.org","@graph":[{"@type":"Article","@id":"https:\/\/luxonomy.net\/es\/los-8-mejores-coches-electricos-de-lujo-del-mercado-en-2024\/#article","isPartOf":{"@id":"https:\/\/luxonomy.net\/es\/los-8-mejores-coches-electricos-de-lujo-del-mercado-en-2024\/"},"author":{"name":"Dara Bernardo","@id":"https:\/\/luxonomy.net\/es\/#\/schema\/person\/e67bcb5ec87034adece86099e3e2fc35"},"headline":"Los 8 mejores Coches El\u00e9ctricos de Lujo del Mercado en 2024","datePublished":"2024-06-19T09:13:28+00:00","mainEntityOfPage":{"@id":"https:\/\/luxonomy.net\/es\/los-8-mejores-coches-electricos-de-lujo-del-mercado-en-2024\/"},"wordCount":699,"commentCount":0,"publisher":{"@id":"https:\/\/luxonomy.net\/es\/#organization"},"image":{"@id":"https:\/\/luxonomy.net\/es\/los-8-mejores-coches-electricos-de-lujo-del-mercado-en-2024\/#primaryimage"},"thumbnailUrl":"https:\/\/i0.wp.com\/luxonomy.net\/wp-content\/uploads\/2024\/06\/img_4050-1.jpg?fit=2000%2C1333&ssl=1","keywords":["motor","sostenibilidad"],"articleSection":["Motor","Sostenibilidad"],"inLanguage":"es","potentialAction":[{"@type":"CommentAction","name":"Comment","target":["https:\/\/luxonomy.net\/es\/los-8-mejores-coches-electricos-de-lujo-del-mercado-en-2024\/#respond"]}]},{"@type":"WebPage","@id":"https:\/\/luxonomy.net\/es\/los-8-mejores-coches-electricos-de-lujo-del-mercado-en-2024\/","url":"https:\/\/luxonomy.net\/es\/los-8-mejores-coches-electricos-de-lujo-del-mercado-en-2024\/","name":"Los 8 mejores Coches El\u00e9ctricos de Lujo del Mercado en 2024 | LUXONOMY","isPartOf":{"@id":"https:\/\/luxonomy.net\/es\/#website"},"primaryImageOfPage":{"@id":"https:\/\/luxonomy.net\/es\/los-8-mejores-coches-electricos-de-lujo-del-mercado-en-2024\/#primaryimage"},"image":{"@id":"https:\/\/luxonomy.net\/es\/los-8-mejores-coches-electricos-de-lujo-del-mercado-en-2024\/#primaryimage"},"thumbnailUrl":"https:\/\/i0.wp.com\/luxonomy.net\/wp-content\/uploads\/2024\/06\/img_4050-1.jpg?fit=2000%2C1333&ssl=1","datePublished":"2024-06-19T09:13:28+00:00","breadcrumb":{"@id":"https:\/\/luxonomy.net\/es\/los-8-mejores-coches-electricos-de-lujo-del-mercado-en-2024\/#breadcrumb"},"inLanguage":"es","potentialAction":[{"@type":"ReadAction","target":["https:\/\/luxonomy.net\/es\/los-8-mejores-coches-electricos-de-lujo-del-mercado-en-2024\/"]}]},{"@type":"ImageObject","inLanguage":"es","@id":"https:\/\/luxonomy.net\/es\/los-8-mejores-coches-electricos-de-lujo-del-mercado-en-2024\/#primaryimage","url":"https:\/\/i0.wp.com\/luxonomy.net\/wp-content\/uploads\/2024\/06\/img_4050-1.jpg?fit=2000%2C1333&ssl=1","contentUrl":"https:\/\/i0.wp.com\/luxonomy.net\/wp-content\/uploads\/2024\/06\/img_4050-1.jpg?fit=2000%2C1333&ssl=1","width":2000,"height":1333},{"@type":"BreadcrumbList","@id":"https:\/\/luxonomy.net\/es\/los-8-mejores-coches-electricos-de-lujo-del-mercado-en-2024\/#breadcrumb","itemListElement":[{"@type":"ListItem","position":1,"name":"Portada","item":"https:\/\/luxonomy.net\/es\/"},{"@type":"ListItem","position":2,"name":"Los 8 mejores Coches El\u00e9ctricos de Lujo del Mercado en 2024"}]},{"@type":"WebSite","@id":"https:\/\/luxonomy.net\/es\/#website","url":"https:\/\/luxonomy.net\/es\/","name":"LUXONOMY","description":"The Economy of Fashion &amp; Luxury","publisher":{"@id":"https:\/\/luxonomy.net\/es\/#organization"},"potentialAction":[{"@type":"SearchAction","target":{"@type":"EntryPoint","urlTemplate":"https:\/\/luxonomy.net\/es\/?s={search_term_string}"},"query-input":{"@type":"PropertyValueSpecification","valueRequired":true,"valueName":"search_term_string"}}],"inLanguage":"es"},{"@type":"Organization","@id":"https:\/\/luxonomy.net\/es\/#organization","name":"LUXONOMY","url":"https:\/\/luxonomy.net\/es\/","logo":{"@type":"ImageObject","inLanguage":"es","@id":"https:\/\/luxonomy.net\/es\/#\/schema\/logo\/image\/","url":"https:\/\/i2.wp.com\/luxonomy.net\/wp-content\/uploads\/2021\/09\/MOCKUP-TODOS-LUXONOMY.jpg?fit=1000%2C515&ssl=1","contentUrl":"https:\/\/i2.wp.com\/luxonomy.net\/wp-content\/uploads\/2021\/09\/MOCKUP-TODOS-LUXONOMY.jpg?fit=1000%2C515&ssl=1","width":1000,"height":515,"caption":"LUXONOMY"},"image":{"@id":"https:\/\/luxonomy.net\/es\/#\/schema\/logo\/image\/"},"sameAs":["https:\/\/www.facebook.com\/luxonomy","https:\/\/www.instagram.com\/luxonomy\/","https:\/\/www.linkedin.com\/company\/luxonomy\/"]},{"@type":"Person","@id":"https:\/\/luxonomy.net\/es\/#\/schema\/person\/e67bcb5ec87034adece86099e3e2fc35","name":"Dara Bernardo","image":{"@type":"ImageObject","inLanguage":"es","@id":"https:\/\/luxonomy.net\/wp-content\/litespeed\/avatar\/6210219c821657e60e23828a44456840.jpg?ver=1788581693","url":"https:\/\/luxonomy.net\/wp-content\/litespeed\/avatar\/6210219c821657e60e23828a44456840.jpg?ver=1788581693","contentUrl":"https:\/\/luxonomy.net\/wp-content\/litespeed\/avatar\/6210219c821657e60e23828a44456840.jpg?ver=1788581693","caption":"Dara Bernardo"},"description":"Managing Director at LUXONOMY\u2122 Group Middle East","sameAs":["mailto:dubai@investme.capital"],"url":"https:\/\/luxonomy.net\/es\/author\/dara-bernardo\/"}]}},"jetpack_publicize_connections":[],"jetpack_shortlink":"https:\/\/wp.me\/paPhBa-euG","jetpack_sharing_enabled":true,"jetpack_featured_media_url":"https:\/\/i0.wp.com\/luxonomy.net\/wp-content\/uploads\/2024\/06\/img_4050-1.jpg?fit=2000%2C1333&ssl=1","_links":{"self":[{"href":"https:\/\/luxonomy.net\/es\/wp-json\/wp\/v2\/posts\/55718","targetHints":{"allow":["GET"]}}],"collection":[{"href":"https:\/\/luxonomy.net\/es\/wp-json\/wp\/v2\/posts"}],"about":[{"href":"https:\/\/luxonomy.net\/es\/wp-json\/wp\/v2\/types\/post"}],"author":[{"embeddable":true,"href":"https:\/\/luxonomy.net\/es\/wp-json\/wp\/v2\/users\/13"}],"replies":[{"embeddable":true,"href":"https:\/\/luxonomy.net\/es\/wp-json\/wp\/v2\/comments?post=55718"}],"version-history":[{"count":3,"href":"https:\/\/luxonomy.net\/es\/wp-json\/wp\/v2\/posts\/55718\/revisions"}],"predecessor-version":[{"id":55724,"href":"https:\/\/luxonomy.net\/es\/wp-json\/wp\/v2\/posts\/55718\/revisions\/55724"}],"wp:featuredmedia":[{"embeddable":true,"href":"https:\/\/luxonomy.net\/es\/wp-json\/wp\/v2\/media\/55719"}],"wp:attachment":[{"href":"https:\/\/luxonomy.net\/es\/wp-json\/wp\/v2\/media?parent=55718"}],"wp:term":[{"taxonomy":"category","embeddable":true,"href":"https:\/\/luxonomy.net\/es\/wp-json\/wp\/v2\/categories?post=55718"},{"taxonomy":"post_tag","embeddable":true,"href":"https:\/\/luxonomy.net\/es\/wp-json\/wp\/v2\/tags?post=55718"},{"taxonomy":"thb-sponsors","embeddable":true,"href":"https:\/\/luxonomy.net\/es\/wp-json\/wp\/v2\/thb-sponsors?post=55718"}],"curies":[{"name":"wp","href":"https:\/\/api.w.org\/{rel}","templated":true}]}}