{"id":55353,"date":"2024-06-10T13:43:27","date_gmt":"2024-06-10T11:43:27","guid":{"rendered":"https:\/?p=55353"},"modified":"2024-06-10T13:43:27","modified_gmt":"2024-06-10T11:43:27","slug":"lexus-presente-en-el-salon-del-vehiculo-de-ocasion-de-madrid-2024-con-lexus-select-seminuevos","status":"publish","type":"post","link":"https:\/\/luxonomy.net\/es\/lexus-presente-en-el-salon-del-vehiculo-de-ocasion-de-madrid-2024-con-lexus-select-seminuevos\/","title":{"rendered":"Lexus presente en el sal\u00f3n del veh\u00edculo de ocasi\u00f3n de Madrid 2024 con Lexus Select Seminuevos"},"content":{"rendered":"<p>Lexus Select Seminuevos mostrar\u00e1, en su espectacular stand de m\u00e1s de 500m2 en el Pabell\u00f3n 3, m\u00e1s de 30 veh\u00edculos en exposici\u00f3n de toda su gama actual; desde sus exitosos SUV\u2019s como UX, NX y RX, los el\u00e9ctricos UXe y RZe, hasta las berlinas m\u00e1s exclusivas ES y LS.<\/p>\n<p>Una gran oportunidad que ofrece el programa Lexus Select Seminuevos durante los 6 d\u00edas que durar\u00e1 el Sal\u00f3n, con m\u00e1s de 100 unidades en stock.<\/p>\n<p>Lexus Select Seminuevos ofrecer\u00e1 a los visitantes del sal\u00f3n toda la calidad, dise\u00f1o y fiabilidad Lexus. Una extraordinaria oportunidad para acceder a la experiencia de compra Lexus y a todas las ventajas de la tecnolog\u00eda de la marca.<\/p><div id=\"luxon-3284088338\" class=\"luxon-3er-parrafo luxon-entity-placement\" style=\"margin-top: 20px;margin-bottom: 20px;margin-left: auto;margin-right: auto;text-align: center;\"><a href=\"https:\/\/luxonomy.university\/course\/master-turismo-de-lujo\" target=\"_blank\" aria-label=\"master-turismo-lujo-2026-2027\"><img loading=\"lazy\" decoding=\"async\" src=\"https:\/\/i0.wp.com\/luxonomy.net\/wp-content\/uploads\/2020\/07\/master-turismo-lujo-2026-2027.jpg?fit=1672%2C941&#038;ssl=1\" alt=\"\"  srcset=\"https:\/\/i0.wp.com\/luxonomy.net\/wp-content\/uploads\/2020\/07\/master-turismo-lujo-2026-2027.jpg?w=1672&ssl=1 1672w, https:\/\/i0.wp.com\/luxonomy.net\/wp-content\/uploads\/2020\/07\/master-turismo-lujo-2026-2027.jpg?resize=300%2C169&ssl=1 300w, https:\/\/i0.wp.com\/luxonomy.net\/wp-content\/uploads\/2020\/07\/master-turismo-lujo-2026-2027.jpg?resize=1024%2C576&ssl=1 1024w, https:\/\/i0.wp.com\/luxonomy.net\/wp-content\/uploads\/2020\/07\/master-turismo-lujo-2026-2027.jpg?resize=768%2C432&ssl=1 768w, https:\/\/i0.wp.com\/luxonomy.net\/wp-content\/uploads\/2020\/07\/master-turismo-lujo-2026-2027.jpg?resize=1536%2C864&ssl=1 1536w, https:\/\/i0.wp.com\/luxonomy.net\/wp-content\/uploads\/2020\/07\/master-turismo-lujo-2026-2027.jpg?resize=370%2C208&ssl=1 370w, https:\/\/i0.wp.com\/luxonomy.net\/wp-content\/uploads\/2020\/07\/master-turismo-lujo-2026-2027.jpg?resize=800%2C450&ssl=1 800w, https:\/\/i0.wp.com\/luxonomy.net\/wp-content\/uploads\/2020\/07\/master-turismo-lujo-2026-2027.jpg?resize=20%2C11&ssl=1 20w, https:\/\/i0.wp.com\/luxonomy.net\/wp-content\/uploads\/2020\/07\/master-turismo-lujo-2026-2027.jpg?resize=740%2C416&ssl=1 740w, https:\/\/i0.wp.com\/luxonomy.net\/wp-content\/uploads\/2020\/07\/master-turismo-lujo-2026-2027.jpg?resize=1600%2C900&ssl=1 1600w, https:\/\/i0.wp.com\/luxonomy.net\/wp-content\/uploads\/2020\/07\/master-turismo-lujo-2026-2027.jpg?resize=1200%2C675&ssl=1 1200w, https:\/\/i0.wp.com\/luxonomy.net\/wp-content\/uploads\/2020\/07\/master-turismo-lujo-2026-2027.jpg?resize=85%2C48&ssl=1 85w\" sizes=\"(max-width: 1170px) 100vw, 1170px\" class=\"no-lazyload\" width=\"1672\" height=\"941\"   \/><\/a><\/div>\n<p>LEXUS SELECT SEMINUEVOS<\/p>\n<p>Con Lexus Select Seminuevos la marca pone a disposici\u00f3n de sus clientes veh\u00edculos ya matriculados, certificados y que han sido sometidos a altos est\u00e1ndares de preparaci\u00f3n.<\/p>\n<p>Este exclusivo programa presenta grandes ventajas, con la confianza de Lexus Select Seminuevos:<\/p>\n<p>LEXUS RELAX<\/p><div id=\"luxon-1401570953\" class=\"luxon-7-parrafo luxon-entity-placement\" style=\"margin-top: 20px;margin-bottom: 20px;margin-left: auto;margin-right: auto;text-align: center;\"><a href=\"https:\/\/theintelligence.institute\/course\/inteligencia-artificial-para-directivos\" target=\"_blank\" aria-label=\"CSIAD_empresas_THEI_horizontal_4x3_v5\"><img loading=\"lazy\" decoding=\"async\" src=\"https:\/\/i0.wp.com\/luxonomy.net\/wp-content\/uploads\/2025\/08\/CSIAD_empresas_THEI_horizontal_4x3_v5.png?fit=2000%2C1500&#038;ssl=1\" alt=\"\"  srcset=\"https:\/\/i0.wp.com\/luxonomy.net\/wp-content\/uploads\/2025\/08\/CSIAD_empresas_THEI_horizontal_4x3_v5.png?w=2000&ssl=1 2000w, https:\/\/i0.wp.com\/luxonomy.net\/wp-content\/uploads\/2025\/08\/CSIAD_empresas_THEI_horizontal_4x3_v5.png?resize=300%2C225&ssl=1 300w, https:\/\/i0.wp.com\/luxonomy.net\/wp-content\/uploads\/2025\/08\/CSIAD_empresas_THEI_horizontal_4x3_v5.png?resize=1024%2C768&ssl=1 1024w, https:\/\/i0.wp.com\/luxonomy.net\/wp-content\/uploads\/2025\/08\/CSIAD_empresas_THEI_horizontal_4x3_v5.png?resize=768%2C576&ssl=1 768w, https:\/\/i0.wp.com\/luxonomy.net\/wp-content\/uploads\/2025\/08\/CSIAD_empresas_THEI_horizontal_4x3_v5.png?resize=1536%2C1152&ssl=1 1536w, https:\/\/i0.wp.com\/luxonomy.net\/wp-content\/uploads\/2025\/08\/CSIAD_empresas_THEI_horizontal_4x3_v5.png?resize=370%2C278&ssl=1 370w, https:\/\/i0.wp.com\/luxonomy.net\/wp-content\/uploads\/2025\/08\/CSIAD_empresas_THEI_horizontal_4x3_v5.png?resize=800%2C600&ssl=1 800w, https:\/\/i0.wp.com\/luxonomy.net\/wp-content\/uploads\/2025\/08\/CSIAD_empresas_THEI_horizontal_4x3_v5.png?resize=20%2C15&ssl=1 20w, https:\/\/i0.wp.com\/luxonomy.net\/wp-content\/uploads\/2025\/08\/CSIAD_empresas_THEI_horizontal_4x3_v5.png?resize=740%2C555&ssl=1 740w, https:\/\/i0.wp.com\/luxonomy.net\/wp-content\/uploads\/2025\/08\/CSIAD_empresas_THEI_horizontal_4x3_v5.png?resize=1600%2C1200&ssl=1 1600w, https:\/\/i0.wp.com\/luxonomy.net\/wp-content\/uploads\/2025\/08\/CSIAD_empresas_THEI_horizontal_4x3_v5.png?resize=1200%2C900&ssl=1 1200w, https:\/\/i0.wp.com\/luxonomy.net\/wp-content\/uploads\/2025\/08\/CSIAD_empresas_THEI_horizontal_4x3_v5.png?resize=64%2C48&ssl=1 64w\" sizes=\"(max-width: 1170px) 100vw, 1170px\" class=\"no-lazyload\" width=\"2000\" height=\"1500\"   \/><\/a><\/div>\n<p>Con Lexus Relax cada vez que se realice el mantenimiento del veh\u00edculo en la marca, se realiza una ampliaci\u00f3n de la garant\u00eda del veh\u00edculo por 12 meses adicionales, hasta 15 a\u00f1os a partir del primer registro. Se aplican t\u00e9rminos y condiciones.<\/p>\n<p>FINANCIACI\u00d3N A SU MEDIDA<\/p>\n<p>Con ayuda a la hora de encontrar la financiaci\u00f3n y\/o cobertura de seguro m\u00e1s atractiva de Lexus Select Seminuevos. Con la posibilidad de contar tambi\u00e9n en la adquisici\u00f3n del veh\u00edculo con el mantenimiento y los accesorios<\/p>\n<p>REVISI\u00d3N DE 150 PUNTOS<\/p>\n<p>Todos los veh\u00edculos est\u00e1n certificados al 100%, cumpliendo con todos los est\u00e1ndares de seguridad, calidad y fiabilidad de Lexus al completo; una revisi\u00f3n exhaustiva de 150 puntos para todos los modelos.<\/p>\n<p>CERTIFICADO DE KMS E HIST\u00d3RICO DEL VEH\u00cdCULO<\/p>\n<p>Todos los veh\u00edculos Lexus Select Seminuevos, cuentan con un historial de servicio y kilometraje aprobado por un centro Lexus.<\/p>\n<p>POL\u00cdTICA DE CAMBIO DE VEH\u00cdCULO<\/p>\n<p>Cualquier veh\u00edculo adquirido con estatus de segunda mano aprobado Lexus Select Seminuevos puede cambiarse por otro hasta los 15 d\u00edas o 1.000kms, lo que antes suceda.<\/p>\n<p>SERVICIO DE ASISTENCIA EN CARRETERA<\/p>\n<p>Cada veh\u00edculo adquirido bajo Lexus Select Seminuevos, se suministra con asistencia en carretera Lexus Euro Assistance 24\/7.<\/p>\n<p>M\u00e1s informaci\u00f3n: <a href=\"https:\/\/www.lexusauto.es\/estilolexus\/marca\/artistas-digitales-convierten-lo-ordinario-en-extraordinario-con-el-nuevo-lexus-lbx\" target=\"_blank\" rel=\"noopener\">https:\/\/www.lexusauto.es\/estilolexus\/marca\/artistas-digitales-convierten-lo-ordinario-en-extraordinario-con-el-nuevo-lexus-lbx<\/a><\/p>\n","protected":false},"excerpt":{"rendered":"<p>Lexus Select Seminuevos mostrar\u00e1, en su espectacular stand de m\u00e1s de 500m2 en el Pabell\u00f3n 3, m\u00e1s de 30 veh\u00edculos en exposici\u00f3n de toda su gama actual; desde sus exitosos SUV\u2019s como UX, NX y RX, los el\u00e9ctricos UXe y RZe, hasta las berlinas m\u00e1s exclusivas ES y LS. Una gran oportunidad que ofrece el&hellip;<\/p>\n","protected":false},"author":1,"featured_media":55354,"comment_status":"open","ping_status":"open","sticky":false,"template":"","format":"standard","meta":{"_jetpack_newsletter_access":"","_jetpack_dont_email_post_to_subs":false,"_jetpack_newsletter_tier_id":0,"_jetpack_memberships_contains_paywalled_content":false,"_jetpack_feature_clip_id":0,"_jetpack_memberships_contains_paid_content":false,"footnotes":"","jetpack_publicize_message":"","jetpack_publicize_feature_enabled":true,"jetpack_social_post_already_shared":false,"jetpack_social_options":{"image_generator_settings":{"template":"edge","default_image_id":0,"font":"","enabled":false},"version":2},"jetpack_post_was_ever_published":false},"categories":[1672,296],"tags":[295,6945],"thb-sponsors":[1206],"class_list":["post-55353","post","type-post","status-publish","format-standard","has-post-thumbnail","hentry","category-actualidad","category-motor","tag-lexus","tag-lexus-select-seminuevos"],"yoast_head":"<!-- This site is optimized with the Yoast SEO plugin v28.4 - https:\/\/yoast.com\/product\/yoast-seo-wordpress\/ -->\n<title>Lexus presente en el sal\u00f3n del veh\u00edculo de ocasi\u00f3n de Madrid 2024 con Lexus Select Seminuevos | LUXONOMY<\/title>\n<meta name=\"robots\" content=\"index, follow, max-snippet:-1, max-image-preview:large, max-video-preview:-1\" \/>\n<link rel=\"canonical\" href=\"https:\/\/luxonomy.net\/es\/lexus-presente-en-el-salon-del-vehiculo-de-ocasion-de-madrid-2024-con-lexus-select-seminuevos\/\" \/>\n<meta property=\"og:locale\" content=\"es_ES\" \/>\n<meta property=\"og:type\" content=\"article\" \/>\n<meta property=\"og:title\" content=\"Lexus presente en el sal\u00f3n del veh\u00edculo de ocasi\u00f3n de Madrid 2024 con Lexus Select Seminuevos | LUXONOMY\" \/>\n<meta property=\"og:description\" content=\"Lexus Select Seminuevos mostrar\u00e1, en su espectacular stand de m\u00e1s de 500m2 en el Pabell\u00f3n 3, m\u00e1s de 30 veh\u00edculos en exposici\u00f3n de toda su gama actual; desde sus exitosos SUV\u2019s como UX, NX y RX, los el\u00e9ctricos UXe y RZe, hasta las berlinas m\u00e1s exclusivas ES y LS. Una gran oportunidad que ofrece el&hellip;\" \/>\n<meta property=\"og:url\" content=\"https:\/\/luxonomy.net\/es\/lexus-presente-en-el-salon-del-vehiculo-de-ocasion-de-madrid-2024-con-lexus-select-seminuevos\/\" \/>\n<meta property=\"og:site_name\" content=\"LUXONOMY\" \/>\n<meta property=\"article:publisher\" content=\"https:\/\/www.facebook.com\/luxonomy\" \/>\n<meta property=\"article:published_time\" content=\"2024-06-10T11:43:27+00:00\" \/>\n<meta property=\"og:image\" content=\"https:\/\/i0.wp.com\/luxonomy.net\/wp-content\/uploads\/2024\/06\/Lexus-presente-en-el-salon-del-vehiculo-de-ocasion-de-Madrid-2024-con-Lexus-Select-Seminuevos.jpg?fit=2560%2C1440&quality=89&ssl=1\" \/>\n\t<meta property=\"og:image:width\" content=\"2560\" \/>\n\t<meta property=\"og:image:height\" content=\"1440\" \/>\n\t<meta property=\"og:image:type\" content=\"image\/jpeg\" \/>\n<meta name=\"author\" content=\"LUXONOMY\" \/>\n<meta name=\"twitter:card\" content=\"summary_large_image\" \/>\n<meta name=\"twitter:label1\" content=\"Escrito por\" \/>\n\t<meta name=\"twitter:data1\" content=\"LUXONOMY\" \/>\n\t<meta name=\"twitter:label2\" content=\"Tiempo de lectura\" \/>\n\t<meta name=\"twitter:data2\" content=\"2 minutos\" \/>\n<script type=\"application\/ld+json\" class=\"yoast-schema-graph\">{\"@context\":\"https:\\\/\\\/schema.org\",\"@graph\":[{\"@type\":\"Article\",\"@id\":\"https:\\\/\\\/luxonomy.net\\\/es\\\/lexus-presente-en-el-salon-del-vehiculo-de-ocasion-de-madrid-2024-con-lexus-select-seminuevos\\\/#article\",\"isPartOf\":{\"@id\":\"https:\\\/\\\/luxonomy.net\\\/es\\\/lexus-presente-en-el-salon-del-vehiculo-de-ocasion-de-madrid-2024-con-lexus-select-seminuevos\\\/\"},\"author\":{\"name\":\"LUXONOMY\",\"@id\":\"https:\\\/\\\/luxonomy.net\\\/es\\\/#\\\/schema\\\/person\\\/ca588d8b741a1fdd9065289c8d98ee8c\"},\"headline\":\"Lexus presente en el sal\u00f3n del veh\u00edculo de ocasi\u00f3n de Madrid 2024 con Lexus Select Seminuevos\",\"datePublished\":\"2024-06-10T11:43:27+00:00\",\"mainEntityOfPage\":{\"@id\":\"https:\\\/\\\/luxonomy.net\\\/es\\\/lexus-presente-en-el-salon-del-vehiculo-de-ocasion-de-madrid-2024-con-lexus-select-seminuevos\\\/\"},\"wordCount\":413,\"commentCount\":0,\"publisher\":{\"@id\":\"https:\\\/\\\/luxonomy.net\\\/es\\\/#organization\"},\"image\":{\"@id\":\"https:\\\/\\\/luxonomy.net\\\/es\\\/lexus-presente-en-el-salon-del-vehiculo-de-ocasion-de-madrid-2024-con-lexus-select-seminuevos\\\/#primaryimage\"},\"thumbnailUrl\":\"https:\\\/\\\/i0.wp.com\\\/luxonomy.net\\\/wp-content\\\/uploads\\\/2024\\\/06\\\/Lexus-presente-en-el-salon-del-vehiculo-de-ocasion-de-Madrid-2024-con-Lexus-Select-Seminuevos.jpg?fit=2560%2C1440&ssl=1\",\"keywords\":[\"Lexus\",\"Lexus Select Seminuevos\"],\"articleSection\":[\"Actualidad\",\"Motor\"],\"inLanguage\":\"es\",\"potentialAction\":[{\"@type\":\"CommentAction\",\"name\":\"Comment\",\"target\":[\"https:\\\/\\\/luxonomy.net\\\/es\\\/lexus-presente-en-el-salon-del-vehiculo-de-ocasion-de-madrid-2024-con-lexus-select-seminuevos\\\/#respond\"]}]},{\"@type\":\"WebPage\",\"@id\":\"https:\\\/\\\/luxonomy.net\\\/es\\\/lexus-presente-en-el-salon-del-vehiculo-de-ocasion-de-madrid-2024-con-lexus-select-seminuevos\\\/\",\"url\":\"https:\\\/\\\/luxonomy.net\\\/es\\\/lexus-presente-en-el-salon-del-vehiculo-de-ocasion-de-madrid-2024-con-lexus-select-seminuevos\\\/\",\"name\":\"Lexus presente en el sal\u00f3n del veh\u00edculo de ocasi\u00f3n de Madrid 2024 con Lexus Select Seminuevos | LUXONOMY\",\"isPartOf\":{\"@id\":\"https:\\\/\\\/luxonomy.net\\\/es\\\/#website\"},\"primaryImageOfPage\":{\"@id\":\"https:\\\/\\\/luxonomy.net\\\/es\\\/lexus-presente-en-el-salon-del-vehiculo-de-ocasion-de-madrid-2024-con-lexus-select-seminuevos\\\/#primaryimage\"},\"image\":{\"@id\":\"https:\\\/\\\/luxonomy.net\\\/es\\\/lexus-presente-en-el-salon-del-vehiculo-de-ocasion-de-madrid-2024-con-lexus-select-seminuevos\\\/#primaryimage\"},\"thumbnailUrl\":\"https:\\\/\\\/i0.wp.com\\\/luxonomy.net\\\/wp-content\\\/uploads\\\/2024\\\/06\\\/Lexus-presente-en-el-salon-del-vehiculo-de-ocasion-de-Madrid-2024-con-Lexus-Select-Seminuevos.jpg?fit=2560%2C1440&ssl=1\",\"datePublished\":\"2024-06-10T11:43:27+00:00\",\"breadcrumb\":{\"@id\":\"https:\\\/\\\/luxonomy.net\\\/es\\\/lexus-presente-en-el-salon-del-vehiculo-de-ocasion-de-madrid-2024-con-lexus-select-seminuevos\\\/#breadcrumb\"},\"inLanguage\":\"es\",\"potentialAction\":[{\"@type\":\"ReadAction\",\"target\":[\"https:\\\/\\\/luxonomy.net\\\/es\\\/lexus-presente-en-el-salon-del-vehiculo-de-ocasion-de-madrid-2024-con-lexus-select-seminuevos\\\/\"]}]},{\"@type\":\"ImageObject\",\"inLanguage\":\"es\",\"@id\":\"https:\\\/\\\/luxonomy.net\\\/es\\\/lexus-presente-en-el-salon-del-vehiculo-de-ocasion-de-madrid-2024-con-lexus-select-seminuevos\\\/#primaryimage\",\"url\":\"https:\\\/\\\/i0.wp.com\\\/luxonomy.net\\\/wp-content\\\/uploads\\\/2024\\\/06\\\/Lexus-presente-en-el-salon-del-vehiculo-de-ocasion-de-Madrid-2024-con-Lexus-Select-Seminuevos.jpg?fit=2560%2C1440&ssl=1\",\"contentUrl\":\"https:\\\/\\\/i0.wp.com\\\/luxonomy.net\\\/wp-content\\\/uploads\\\/2024\\\/06\\\/Lexus-presente-en-el-salon-del-vehiculo-de-ocasion-de-Madrid-2024-con-Lexus-Select-Seminuevos.jpg?fit=2560%2C1440&ssl=1\",\"width\":2560,\"height\":1440},{\"@type\":\"BreadcrumbList\",\"@id\":\"https:\\\/\\\/luxonomy.net\\\/es\\\/lexus-presente-en-el-salon-del-vehiculo-de-ocasion-de-madrid-2024-con-lexus-select-seminuevos\\\/#breadcrumb\",\"itemListElement\":[{\"@type\":\"ListItem\",\"position\":1,\"name\":\"Portada\",\"item\":\"https:\\\/\\\/luxonomy.net\\\/es\\\/\"},{\"@type\":\"ListItem\",\"position\":2,\"name\":\"Lexus presente en el sal\u00f3n del veh\u00edculo de ocasi\u00f3n de Madrid 2024 con Lexus Select Seminuevos\"}]},{\"@type\":\"WebSite\",\"@id\":\"https:\\\/\\\/luxonomy.net\\\/es\\\/#website\",\"url\":\"https:\\\/\\\/luxonomy.net\\\/es\\\/\",\"name\":\"LUXONOMY\",\"description\":\"The Economy of Fashion &amp; Luxury\",\"publisher\":{\"@id\":\"https:\\\/\\\/luxonomy.net\\\/es\\\/#organization\"},\"potentialAction\":[{\"@type\":\"SearchAction\",\"target\":{\"@type\":\"EntryPoint\",\"urlTemplate\":\"https:\\\/\\\/luxonomy.net\\\/es\\\/?s={search_term_string}\"},\"query-input\":{\"@type\":\"PropertyValueSpecification\",\"valueRequired\":true,\"valueName\":\"search_term_string\"}}],\"inLanguage\":\"es\"},{\"@type\":\"Organization\",\"@id\":\"https:\\\/\\\/luxonomy.net\\\/es\\\/#organization\",\"name\":\"LUXONOMY\",\"url\":\"https:\\\/\\\/luxonomy.net\\\/es\\\/\",\"logo\":{\"@type\":\"ImageObject\",\"inLanguage\":\"es\",\"@id\":\"https:\\\/\\\/luxonomy.net\\\/es\\\/#\\\/schema\\\/logo\\\/image\\\/\",\"url\":\"https:\\\/\\\/i2.wp.com\\\/luxonomy.net\\\/wp-content\\\/uploads\\\/2021\\\/09\\\/MOCKUP-TODOS-LUXONOMY.jpg?fit=1000%2C515&ssl=1\",\"contentUrl\":\"https:\\\/\\\/i2.wp.com\\\/luxonomy.net\\\/wp-content\\\/uploads\\\/2021\\\/09\\\/MOCKUP-TODOS-LUXONOMY.jpg?fit=1000%2C515&ssl=1\",\"width\":1000,\"height\":515,\"caption\":\"LUXONOMY\"},\"image\":{\"@id\":\"https:\\\/\\\/luxonomy.net\\\/es\\\/#\\\/schema\\\/logo\\\/image\\\/\"},\"sameAs\":[\"https:\\\/\\\/www.facebook.com\\\/luxonomy\",\"https:\\\/\\\/www.instagram.com\\\/luxonomy\\\/\",\"https:\\\/\\\/www.linkedin.com\\\/company\\\/luxonomy\\\/\"]},{\"@type\":\"Person\",\"@id\":\"https:\\\/\\\/luxonomy.net\\\/es\\\/#\\\/schema\\\/person\\\/ca588d8b741a1fdd9065289c8d98ee8c\",\"name\":\"LUXONOMY\",\"image\":{\"@type\":\"ImageObject\",\"inLanguage\":\"es\",\"@id\":\"https:\\\/\\\/luxonomy.net\\\/wp-content\\\/litespeed\\\/avatar\\\/a6436cdb14fdaf9c21808e63d0da2055.jpg?ver=1788366758\",\"url\":\"https:\\\/\\\/luxonomy.net\\\/wp-content\\\/litespeed\\\/avatar\\\/a6436cdb14fdaf9c21808e63d0da2055.jpg?ver=1788366758\",\"contentUrl\":\"https:\\\/\\\/luxonomy.net\\\/wp-content\\\/litespeed\\\/avatar\\\/a6436cdb14fdaf9c21808e63d0da2055.jpg?ver=1788366758\",\"caption\":\"LUXONOMY\"},\"sameAs\":[\"https:\\\/\"],\"url\":\"https:\\\/\\\/luxonomy.net\\\/es\\\/author\\\/luxonomy\\\/\"}]}<\/script>\n<!-- \/ Yoast SEO plugin. -->","yoast_head_json":{"title":"Lexus presente en el sal\u00f3n del veh\u00edculo de ocasi\u00f3n de Madrid 2024 con Lexus Select Seminuevos | LUXONOMY","robots":{"index":"index","follow":"follow","max-snippet":"max-snippet:-1","max-image-preview":"max-image-preview:large","max-video-preview":"max-video-preview:-1"},"canonical":"https:\/\/luxonomy.net\/es\/lexus-presente-en-el-salon-del-vehiculo-de-ocasion-de-madrid-2024-con-lexus-select-seminuevos\/","og_locale":"es_ES","og_type":"article","og_title":"Lexus presente en el sal\u00f3n del veh\u00edculo de ocasi\u00f3n de Madrid 2024 con Lexus Select Seminuevos | LUXONOMY","og_description":"Lexus Select Seminuevos mostrar\u00e1, en su espectacular stand de m\u00e1s de 500m2 en el Pabell\u00f3n 3, m\u00e1s de 30 veh\u00edculos en exposici\u00f3n de toda su gama actual; desde sus exitosos SUV\u2019s como UX, NX y RX, los el\u00e9ctricos UXe y RZe, hasta las berlinas m\u00e1s exclusivas ES y LS. Una gran oportunidad que ofrece el&hellip;","og_url":"https:\/\/luxonomy.net\/es\/lexus-presente-en-el-salon-del-vehiculo-de-ocasion-de-madrid-2024-con-lexus-select-seminuevos\/","og_site_name":"LUXONOMY","article_publisher":"https:\/\/www.facebook.com\/luxonomy","article_published_time":"2024-06-10T11:43:27+00:00","og_image":[{"width":2560,"height":1440,"url":"https:\/\/i0.wp.com\/luxonomy.net\/wp-content\/uploads\/2024\/06\/Lexus-presente-en-el-salon-del-vehiculo-de-ocasion-de-Madrid-2024-con-Lexus-Select-Seminuevos.jpg?fit=2560%2C1440&quality=89&ssl=1","type":"image\/jpeg"}],"author":"LUXONOMY","twitter_card":"summary_large_image","twitter_misc":{"Escrito por":"LUXONOMY","Tiempo de lectura":"2 minutos"},"schema":{"@context":"https:\/\/schema.org","@graph":[{"@type":"Article","@id":"https:\/\/luxonomy.net\/es\/lexus-presente-en-el-salon-del-vehiculo-de-ocasion-de-madrid-2024-con-lexus-select-seminuevos\/#article","isPartOf":{"@id":"https:\/\/luxonomy.net\/es\/lexus-presente-en-el-salon-del-vehiculo-de-ocasion-de-madrid-2024-con-lexus-select-seminuevos\/"},"author":{"name":"LUXONOMY","@id":"https:\/\/luxonomy.net\/es\/#\/schema\/person\/ca588d8b741a1fdd9065289c8d98ee8c"},"headline":"Lexus presente en el sal\u00f3n del veh\u00edculo de ocasi\u00f3n de Madrid 2024 con Lexus Select Seminuevos","datePublished":"2024-06-10T11:43:27+00:00","mainEntityOfPage":{"@id":"https:\/\/luxonomy.net\/es\/lexus-presente-en-el-salon-del-vehiculo-de-ocasion-de-madrid-2024-con-lexus-select-seminuevos\/"},"wordCount":413,"commentCount":0,"publisher":{"@id":"https:\/\/luxonomy.net\/es\/#organization"},"image":{"@id":"https:\/\/luxonomy.net\/es\/lexus-presente-en-el-salon-del-vehiculo-de-ocasion-de-madrid-2024-con-lexus-select-seminuevos\/#primaryimage"},"thumbnailUrl":"https:\/\/i0.wp.com\/luxonomy.net\/wp-content\/uploads\/2024\/06\/Lexus-presente-en-el-salon-del-vehiculo-de-ocasion-de-Madrid-2024-con-Lexus-Select-Seminuevos.jpg?fit=2560%2C1440&ssl=1","keywords":["Lexus","Lexus Select Seminuevos"],"articleSection":["Actualidad","Motor"],"inLanguage":"es","potentialAction":[{"@type":"CommentAction","name":"Comment","target":["https:\/\/luxonomy.net\/es\/lexus-presente-en-el-salon-del-vehiculo-de-ocasion-de-madrid-2024-con-lexus-select-seminuevos\/#respond"]}]},{"@type":"WebPage","@id":"https:\/\/luxonomy.net\/es\/lexus-presente-en-el-salon-del-vehiculo-de-ocasion-de-madrid-2024-con-lexus-select-seminuevos\/","url":"https:\/\/luxonomy.net\/es\/lexus-presente-en-el-salon-del-vehiculo-de-ocasion-de-madrid-2024-con-lexus-select-seminuevos\/","name":"Lexus presente en el sal\u00f3n del veh\u00edculo de ocasi\u00f3n de Madrid 2024 con Lexus Select Seminuevos | LUXONOMY","isPartOf":{"@id":"https:\/\/luxonomy.net\/es\/#website"},"primaryImageOfPage":{"@id":"https:\/\/luxonomy.net\/es\/lexus-presente-en-el-salon-del-vehiculo-de-ocasion-de-madrid-2024-con-lexus-select-seminuevos\/#primaryimage"},"image":{"@id":"https:\/\/luxonomy.net\/es\/lexus-presente-en-el-salon-del-vehiculo-de-ocasion-de-madrid-2024-con-lexus-select-seminuevos\/#primaryimage"},"thumbnailUrl":"https:\/\/i0.wp.com\/luxonomy.net\/wp-content\/uploads\/2024\/06\/Lexus-presente-en-el-salon-del-vehiculo-de-ocasion-de-Madrid-2024-con-Lexus-Select-Seminuevos.jpg?fit=2560%2C1440&ssl=1","datePublished":"2024-06-10T11:43:27+00:00","breadcrumb":{"@id":"https:\/\/luxonomy.net\/es\/lexus-presente-en-el-salon-del-vehiculo-de-ocasion-de-madrid-2024-con-lexus-select-seminuevos\/#breadcrumb"},"inLanguage":"es","potentialAction":[{"@type":"ReadAction","target":["https:\/\/luxonomy.net\/es\/lexus-presente-en-el-salon-del-vehiculo-de-ocasion-de-madrid-2024-con-lexus-select-seminuevos\/"]}]},{"@type":"ImageObject","inLanguage":"es","@id":"https:\/\/luxonomy.net\/es\/lexus-presente-en-el-salon-del-vehiculo-de-ocasion-de-madrid-2024-con-lexus-select-seminuevos\/#primaryimage","url":"https:\/\/i0.wp.com\/luxonomy.net\/wp-content\/uploads\/2024\/06\/Lexus-presente-en-el-salon-del-vehiculo-de-ocasion-de-Madrid-2024-con-Lexus-Select-Seminuevos.jpg?fit=2560%2C1440&ssl=1","contentUrl":"https:\/\/i0.wp.com\/luxonomy.net\/wp-content\/uploads\/2024\/06\/Lexus-presente-en-el-salon-del-vehiculo-de-ocasion-de-Madrid-2024-con-Lexus-Select-Seminuevos.jpg?fit=2560%2C1440&ssl=1","width":2560,"height":1440},{"@type":"BreadcrumbList","@id":"https:\/\/luxonomy.net\/es\/lexus-presente-en-el-salon-del-vehiculo-de-ocasion-de-madrid-2024-con-lexus-select-seminuevos\/#breadcrumb","itemListElement":[{"@type":"ListItem","position":1,"name":"Portada","item":"https:\/\/luxonomy.net\/es\/"},{"@type":"ListItem","position":2,"name":"Lexus presente en el sal\u00f3n del veh\u00edculo de ocasi\u00f3n de Madrid 2024 con Lexus Select Seminuevos"}]},{"@type":"WebSite","@id":"https:\/\/luxonomy.net\/es\/#website","url":"https:\/\/luxonomy.net\/es\/","name":"LUXONOMY","description":"The Economy of Fashion &amp; Luxury","publisher":{"@id":"https:\/\/luxonomy.net\/es\/#organization"},"potentialAction":[{"@type":"SearchAction","target":{"@type":"EntryPoint","urlTemplate":"https:\/\/luxonomy.net\/es\/?s={search_term_string}"},"query-input":{"@type":"PropertyValueSpecification","valueRequired":true,"valueName":"search_term_string"}}],"inLanguage":"es"},{"@type":"Organization","@id":"https:\/\/luxonomy.net\/es\/#organization","name":"LUXONOMY","url":"https:\/\/luxonomy.net\/es\/","logo":{"@type":"ImageObject","inLanguage":"es","@id":"https:\/\/luxonomy.net\/es\/#\/schema\/logo\/image\/","url":"https:\/\/i2.wp.com\/luxonomy.net\/wp-content\/uploads\/2021\/09\/MOCKUP-TODOS-LUXONOMY.jpg?fit=1000%2C515&ssl=1","contentUrl":"https:\/\/i2.wp.com\/luxonomy.net\/wp-content\/uploads\/2021\/09\/MOCKUP-TODOS-LUXONOMY.jpg?fit=1000%2C515&ssl=1","width":1000,"height":515,"caption":"LUXONOMY"},"image":{"@id":"https:\/\/luxonomy.net\/es\/#\/schema\/logo\/image\/"},"sameAs":["https:\/\/www.facebook.com\/luxonomy","https:\/\/www.instagram.com\/luxonomy\/","https:\/\/www.linkedin.com\/company\/luxonomy\/"]},{"@type":"Person","@id":"https:\/\/luxonomy.net\/es\/#\/schema\/person\/ca588d8b741a1fdd9065289c8d98ee8c","name":"LUXONOMY","image":{"@type":"ImageObject","inLanguage":"es","@id":"https:\/\/luxonomy.net\/wp-content\/litespeed\/avatar\/a6436cdb14fdaf9c21808e63d0da2055.jpg?ver=1788366758","url":"https:\/\/luxonomy.net\/wp-content\/litespeed\/avatar\/a6436cdb14fdaf9c21808e63d0da2055.jpg?ver=1788366758","contentUrl":"https:\/\/luxonomy.net\/wp-content\/litespeed\/avatar\/a6436cdb14fdaf9c21808e63d0da2055.jpg?ver=1788366758","caption":"LUXONOMY"},"sameAs":["https:\/"],"url":"https:\/\/luxonomy.net\/es\/author\/luxonomy\/"}]}},"jetpack_publicize_connections":[],"jetpack_shortlink":"https:\/\/wp.me\/paPhBa-eoN","jetpack_sharing_enabled":true,"jetpack_featured_media_url":"https:\/\/i0.wp.com\/luxonomy.net\/wp-content\/uploads\/2024\/06\/Lexus-presente-en-el-salon-del-vehiculo-de-ocasion-de-Madrid-2024-con-Lexus-Select-Seminuevos.jpg?fit=2560%2C1440&ssl=1","_links":{"self":[{"href":"https:\/\/luxonomy.net\/es\/wp-json\/wp\/v2\/posts\/55353","targetHints":{"allow":["GET"]}}],"collection":[{"href":"https:\/\/luxonomy.net\/es\/wp-json\/wp\/v2\/posts"}],"about":[{"href":"https:\/\/luxonomy.net\/es\/wp-json\/wp\/v2\/types\/post"}],"author":[{"embeddable":true,"href":"https:\/\/luxonomy.net\/es\/wp-json\/wp\/v2\/users\/1"}],"replies":[{"embeddable":true,"href":"https:\/\/luxonomy.net\/es\/wp-json\/wp\/v2\/comments?post=55353"}],"version-history":[{"count":1,"href":"https:\/\/luxonomy.net\/es\/wp-json\/wp\/v2\/posts\/55353\/revisions"}],"predecessor-version":[{"id":55357,"href":"https:\/\/luxonomy.net\/es\/wp-json\/wp\/v2\/posts\/55353\/revisions\/55357"}],"wp:featuredmedia":[{"embeddable":true,"href":"https:\/\/luxonomy.net\/es\/wp-json\/wp\/v2\/media\/55354"}],"wp:attachment":[{"href":"https:\/\/luxonomy.net\/es\/wp-json\/wp\/v2\/media?parent=55353"}],"wp:term":[{"taxonomy":"category","embeddable":true,"href":"https:\/\/luxonomy.net\/es\/wp-json\/wp\/v2\/categories?post=55353"},{"taxonomy":"post_tag","embeddable":true,"href":"https:\/\/luxonomy.net\/es\/wp-json\/wp\/v2\/tags?post=55353"},{"taxonomy":"thb-sponsors","embeddable":true,"href":"https:\/\/luxonomy.net\/es\/wp-json\/wp\/v2\/thb-sponsors?post=55353"}],"curies":[{"name":"wp","href":"https:\/\/api.w.org\/{rel}","templated":true}]}}