{"id":54133,"date":"2024-06-06T13:31:25","date_gmt":"2024-06-06T11:31:25","guid":{"rendered":"https:\/?p=54133"},"modified":"2024-06-06T13:31:25","modified_gmt":"2024-06-06T11:31:25","slug":"el-30-de-los-productos-de-loreal-luxe-seran-recargables-en-2025","status":"publish","type":"post","link":"https:\/\/luxonomy.net\/es\/el-30-de-los-productos-de-loreal-luxe-seran-recargables-en-2025\/","title":{"rendered":"El 30% de los productos de L&#8217;Or\u00e9al Luxe ser\u00e1n recargables en 2025"},"content":{"rendered":"<p>L&#8217;Or\u00e9al Luxe ha anunciado su compromiso con el ecodise\u00f1o de sus envases a trav\u00e9s de formatos recargables, con el objetivo de estos formatos supongan el 10% de productos producidos a cierre del a\u00f1o y el 30% para 2025.<\/p>\n<p>El impulso de estos formatos supondr\u00e1 un ahorro sustancial de recursos que la compa\u00f1\u00eda cifra en un 43% en el caso del vidrio, un 67% de metales, un 21% de pl\u00e1stico y un 16% de papel, minimizando as\u00ed el impacto ambiental.<\/p>\n<p>As\u00ed, con el objetivo de ofrecer alternativas c\u00f3modas y ecol\u00f3gicas que permitan a los consumidores tomar decisiones respetuosas con el medioambiente, sin comprometer la calidad ni la eficacia de los productos, L&#8217;Or\u00e9al Luxe est\u00e1 ampliando las opciones recargables en todas sus fragancias femeninas y masculinas.<\/p><div id=\"luxon-4147948141\" class=\"luxon-3er-parrafo luxon-entity-placement\" style=\"margin-top: 20px;margin-bottom: 20px;margin-left: auto;margin-right: auto;text-align: center;\"><a href=\"https:\/\/luxonomy.university\/course\/master-turismo-de-lujo\" target=\"_blank\" aria-label=\"master-turismo-lujo-2026-2027\"><img loading=\"lazy\" decoding=\"async\" src=\"https:\/\/i0.wp.com\/luxonomy.net\/wp-content\/uploads\/2020\/07\/master-turismo-lujo-2026-2027.jpg?fit=1672%2C941&#038;ssl=1\" alt=\"\"  srcset=\"https:\/\/i0.wp.com\/luxonomy.net\/wp-content\/uploads\/2020\/07\/master-turismo-lujo-2026-2027.jpg?w=1672&ssl=1 1672w, https:\/\/i0.wp.com\/luxonomy.net\/wp-content\/uploads\/2020\/07\/master-turismo-lujo-2026-2027.jpg?resize=300%2C169&ssl=1 300w, https:\/\/i0.wp.com\/luxonomy.net\/wp-content\/uploads\/2020\/07\/master-turismo-lujo-2026-2027.jpg?resize=1024%2C576&ssl=1 1024w, https:\/\/i0.wp.com\/luxonomy.net\/wp-content\/uploads\/2020\/07\/master-turismo-lujo-2026-2027.jpg?resize=768%2C432&ssl=1 768w, https:\/\/i0.wp.com\/luxonomy.net\/wp-content\/uploads\/2020\/07\/master-turismo-lujo-2026-2027.jpg?resize=1536%2C864&ssl=1 1536w, https:\/\/i0.wp.com\/luxonomy.net\/wp-content\/uploads\/2020\/07\/master-turismo-lujo-2026-2027.jpg?resize=370%2C208&ssl=1 370w, https:\/\/i0.wp.com\/luxonomy.net\/wp-content\/uploads\/2020\/07\/master-turismo-lujo-2026-2027.jpg?resize=800%2C450&ssl=1 800w, https:\/\/i0.wp.com\/luxonomy.net\/wp-content\/uploads\/2020\/07\/master-turismo-lujo-2026-2027.jpg?resize=20%2C11&ssl=1 20w, https:\/\/i0.wp.com\/luxonomy.net\/wp-content\/uploads\/2020\/07\/master-turismo-lujo-2026-2027.jpg?resize=740%2C416&ssl=1 740w, https:\/\/i0.wp.com\/luxonomy.net\/wp-content\/uploads\/2020\/07\/master-turismo-lujo-2026-2027.jpg?resize=1600%2C900&ssl=1 1600w, https:\/\/i0.wp.com\/luxonomy.net\/wp-content\/uploads\/2020\/07\/master-turismo-lujo-2026-2027.jpg?resize=1200%2C675&ssl=1 1200w, https:\/\/i0.wp.com\/luxonomy.net\/wp-content\/uploads\/2020\/07\/master-turismo-lujo-2026-2027.jpg?resize=85%2C48&ssl=1 85w\" sizes=\"(max-width: 1170px) 100vw, 1170px\" class=\"no-lazyload\" width=\"1672\" height=\"941\"   \/><\/a><\/div>\n<p>Adem\u00e1s, con el prop\u00f3sito de promover alternativas sostenibles y pr\u00e1cticas que animen a los ciudadanos a tomar decisiones respetuosas con el entorno a trav\u00e9s de los formatos recargables, la Divisi\u00f3n de Lujo de L&#8217;Or\u00e9al Groupe ha lanzado la campa\u00f1a &#8216;Lujo m\u00e1s sostenible. Recarga, ahorra y contribuye&#8217;, en el marco del D\u00eda Mundial del Medio Ambiente, que se celebr\u00f3 ayer 5 de junio, con el fin de educar sobre la necesidad de incorporar perfumes formatos de recarga o refill, apostando por el largo plazo.<\/p>\n<p>Seg\u00fan un estudio realizado por McKinsey y Nielsen IQ, el 78% de las personas desean opciones de consumo m\u00e1s sostenibles.<\/p>\n<p>&#8220;Desde la Divisi\u00f3n deLujo de L&#8217;Or\u00e9al Groupe es nuestra responsabilidad tener un impacto positivo que trascienda del resultado econ\u00f3mico del negocio&#8221;, ha afirmado el director general de L&#8217;Or\u00e9al Luxe en Espa\u00f1a y Portugal, Luc Lanel.<\/p>\n<p>&#8220;Gracias a campa\u00f1as de educaci\u00f3n y concienciaci\u00f3n como &#8216;Lujo m\u00e1s sostenible. Recarga, ahorra y contribuye&#8217;, queremos impulsar cambios significativos en la industria de la belleza. Nuestro objetivo es alinear los valores de nuestros consumidores con sus decisiones de compra, posicionando los formatos recargables no solo como una alternativa sostenible, sino tambi\u00e9n como una firme declaraci\u00f3n de lujo y compromiso&#8221;, ha detallado.<\/p><div id=\"luxon-3963058344\" class=\"luxon-7-parrafo luxon-entity-placement\" style=\"margin-top: 20px;margin-bottom: 20px;margin-left: auto;margin-right: auto;text-align: center;\"><a href=\"https:\/\/theintelligence.institute\/course\/inteligencia-artificial-para-directivos\" target=\"_blank\" aria-label=\"CSIAD_empresas_THEI_horizontal_4x3_v5\"><img loading=\"lazy\" decoding=\"async\" src=\"https:\/\/i0.wp.com\/luxonomy.net\/wp-content\/uploads\/2025\/08\/CSIAD_empresas_THEI_horizontal_4x3_v5.png?fit=2000%2C1500&#038;ssl=1\" alt=\"\"  srcset=\"https:\/\/i0.wp.com\/luxonomy.net\/wp-content\/uploads\/2025\/08\/CSIAD_empresas_THEI_horizontal_4x3_v5.png?w=2000&ssl=1 2000w, https:\/\/i0.wp.com\/luxonomy.net\/wp-content\/uploads\/2025\/08\/CSIAD_empresas_THEI_horizontal_4x3_v5.png?resize=300%2C225&ssl=1 300w, https:\/\/i0.wp.com\/luxonomy.net\/wp-content\/uploads\/2025\/08\/CSIAD_empresas_THEI_horizontal_4x3_v5.png?resize=1024%2C768&ssl=1 1024w, https:\/\/i0.wp.com\/luxonomy.net\/wp-content\/uploads\/2025\/08\/CSIAD_empresas_THEI_horizontal_4x3_v5.png?resize=768%2C576&ssl=1 768w, https:\/\/i0.wp.com\/luxonomy.net\/wp-content\/uploads\/2025\/08\/CSIAD_empresas_THEI_horizontal_4x3_v5.png?resize=1536%2C1152&ssl=1 1536w, https:\/\/i0.wp.com\/luxonomy.net\/wp-content\/uploads\/2025\/08\/CSIAD_empresas_THEI_horizontal_4x3_v5.png?resize=370%2C278&ssl=1 370w, https:\/\/i0.wp.com\/luxonomy.net\/wp-content\/uploads\/2025\/08\/CSIAD_empresas_THEI_horizontal_4x3_v5.png?resize=800%2C600&ssl=1 800w, https:\/\/i0.wp.com\/luxonomy.net\/wp-content\/uploads\/2025\/08\/CSIAD_empresas_THEI_horizontal_4x3_v5.png?resize=20%2C15&ssl=1 20w, https:\/\/i0.wp.com\/luxonomy.net\/wp-content\/uploads\/2025\/08\/CSIAD_empresas_THEI_horizontal_4x3_v5.png?resize=740%2C555&ssl=1 740w, https:\/\/i0.wp.com\/luxonomy.net\/wp-content\/uploads\/2025\/08\/CSIAD_empresas_THEI_horizontal_4x3_v5.png?resize=1600%2C1200&ssl=1 1600w, https:\/\/i0.wp.com\/luxonomy.net\/wp-content\/uploads\/2025\/08\/CSIAD_empresas_THEI_horizontal_4x3_v5.png?resize=1200%2C900&ssl=1 1200w, https:\/\/i0.wp.com\/luxonomy.net\/wp-content\/uploads\/2025\/08\/CSIAD_empresas_THEI_horizontal_4x3_v5.png?resize=64%2C48&ssl=1 64w\" sizes=\"(max-width: 1170px) 100vw, 1170px\" class=\"no-lazyload\" width=\"2000\" height=\"1500\"   \/><\/a><\/div>\n<p>Esta iniciativa forma parte del programa de sostenibilidad de L&#8217;Or\u00e9al Groupe, &#8216;L&#8217;Or\u00e9al For the Future&#8217;, que establece los objetivos medioambientales y sociales del Grupo para 2030, incluyendo el uso de energ\u00edas 100% renovables para todas las f\u00e1bricas y la trazabilidad total de los ingredientes debase biol\u00f3gica antes de 2030.<\/p>\n","protected":false},"excerpt":{"rendered":"<p>L&#8217;Or\u00e9al Luxe ha anunciado su compromiso con el ecodise\u00f1o de sus envases a trav\u00e9s de formatos recargables, con el objetivo de estos formatos supongan el 10% de productos producidos a cierre del a\u00f1o y el 30% para 2025. El impulso de estos formatos supondr\u00e1 un ahorro sustancial de recursos que la compa\u00f1\u00eda cifra en un&hellip;<\/p>\n","protected":false},"author":11,"featured_media":54136,"comment_status":"open","ping_status":"open","sticky":false,"template":"","format":"standard","meta":{"_jetpack_newsletter_access":"","_jetpack_dont_email_post_to_subs":false,"_jetpack_newsletter_tier_id":0,"_jetpack_memberships_contains_paywalled_content":false,"_jetpack_feature_clip_id":0,"_jetpack_memberships_contains_paid_content":false,"footnotes":"","jetpack_publicize_message":"","jetpack_publicize_feature_enabled":true,"jetpack_social_post_already_shared":true,"jetpack_social_options":{"image_generator_settings":{"template":"edge","default_image_id":0,"font":"","enabled":false},"version":2},"jetpack_post_was_ever_published":false},"categories":[1672,688],"tags":[634],"thb-sponsors":[],"class_list":["post-54133","post","type-post","status-publish","format-standard","has-post-thumbnail","hentry","category-actualidad","category-sostenibilidad","tag-sostenibilidad"],"yoast_head":"<!-- This site is optimized with the Yoast SEO plugin v28.3 - https:\/\/yoast.com\/product\/yoast-seo-wordpress\/ -->\n<title>El 30% de los productos de L&#039;Or\u00e9al Luxe ser\u00e1n recargables en 2025 | LUXONOMY<\/title>\n<meta name=\"robots\" content=\"index, follow, max-snippet:-1, max-image-preview:large, max-video-preview:-1\" \/>\n<link rel=\"canonical\" href=\"https:\/\/luxonomy.net\/es\/el-30-de-los-productos-de-loreal-luxe-seran-recargables-en-2025\/\" \/>\n<meta property=\"og:locale\" content=\"es_ES\" \/>\n<meta property=\"og:type\" content=\"article\" \/>\n<meta property=\"og:title\" content=\"El 30% de los productos de L&#039;Or\u00e9al Luxe ser\u00e1n recargables en 2025 | LUXONOMY\" \/>\n<meta property=\"og:description\" content=\"L&#8217;Or\u00e9al Luxe ha anunciado su compromiso con el ecodise\u00f1o de sus envases a trav\u00e9s de formatos recargables, con el objetivo de estos formatos supongan el 10% de productos producidos a cierre del a\u00f1o y el 30% para 2025. El impulso de estos formatos supondr\u00e1 un ahorro sustancial de recursos que la compa\u00f1\u00eda cifra en un&hellip;\" \/>\n<meta property=\"og:url\" content=\"https:\/\/luxonomy.net\/es\/el-30-de-los-productos-de-loreal-luxe-seran-recargables-en-2025\/\" \/>\n<meta property=\"og:site_name\" content=\"LUXONOMY\" \/>\n<meta property=\"article:publisher\" content=\"https:\/\/www.facebook.com\/luxonomy\" \/>\n<meta property=\"article:published_time\" content=\"2024-06-06T11:31:25+00:00\" \/>\n<meta property=\"og:image\" content=\"https:\/\/i0.wp.com\/luxonomy.net\/wp-content\/uploads\/2024\/06\/665de12112576.jpeg?fit=1200%2C675&quality=89&ssl=1\" \/>\n\t<meta property=\"og:image:width\" content=\"1200\" \/>\n\t<meta property=\"og:image:height\" content=\"675\" \/>\n\t<meta property=\"og:image:type\" content=\"image\/jpeg\" \/>\n<meta name=\"author\" content=\"Kristi Ellis\" \/>\n<meta name=\"twitter:card\" content=\"summary_large_image\" \/>\n<meta name=\"twitter:label1\" content=\"Escrito por\" \/>\n\t<meta name=\"twitter:data1\" content=\"Kristi Ellis\" \/>\n\t<meta name=\"twitter:label2\" content=\"Tiempo de lectura\" \/>\n\t<meta name=\"twitter:data2\" content=\"2 minutos\" \/>\n<script type=\"application\/ld+json\" class=\"yoast-schema-graph\">{\"@context\":\"https:\\\/\\\/schema.org\",\"@graph\":[{\"@type\":\"Article\",\"@id\":\"https:\\\/\\\/luxonomy.net\\\/es\\\/el-30-de-los-productos-de-loreal-luxe-seran-recargables-en-2025\\\/#article\",\"isPartOf\":{\"@id\":\"https:\\\/\\\/luxonomy.net\\\/es\\\/el-30-de-los-productos-de-loreal-luxe-seran-recargables-en-2025\\\/\"},\"author\":{\"name\":\"Kristi Ellis\",\"@id\":\"https:\\\/\\\/luxonomy.net\\\/es\\\/#\\\/schema\\\/person\\\/1a813e5ec518f582af236d6344aa6c01\"},\"headline\":\"El 30% de los productos de L&#8217;Or\u00e9al Luxe ser\u00e1n recargables en 2025\",\"datePublished\":\"2024-06-06T11:31:25+00:00\",\"mainEntityOfPage\":{\"@id\":\"https:\\\/\\\/luxonomy.net\\\/es\\\/el-30-de-los-productos-de-loreal-luxe-seran-recargables-en-2025\\\/\"},\"wordCount\":416,\"commentCount\":0,\"publisher\":{\"@id\":\"https:\\\/\\\/luxonomy.net\\\/es\\\/#organization\"},\"image\":{\"@id\":\"https:\\\/\\\/luxonomy.net\\\/es\\\/el-30-de-los-productos-de-loreal-luxe-seran-recargables-en-2025\\\/#primaryimage\"},\"thumbnailUrl\":\"https:\\\/\\\/i0.wp.com\\\/luxonomy.net\\\/wp-content\\\/uploads\\\/2024\\\/06\\\/665de12112576.jpeg?fit=1200%2C675&ssl=1\",\"keywords\":[\"sostenibilidad\"],\"articleSection\":[\"Actualidad\",\"Sostenibilidad\"],\"inLanguage\":\"es\",\"potentialAction\":[{\"@type\":\"CommentAction\",\"name\":\"Comment\",\"target\":[\"https:\\\/\\\/luxonomy.net\\\/es\\\/el-30-de-los-productos-de-loreal-luxe-seran-recargables-en-2025\\\/#respond\"]}]},{\"@type\":\"WebPage\",\"@id\":\"https:\\\/\\\/luxonomy.net\\\/es\\\/el-30-de-los-productos-de-loreal-luxe-seran-recargables-en-2025\\\/\",\"url\":\"https:\\\/\\\/luxonomy.net\\\/es\\\/el-30-de-los-productos-de-loreal-luxe-seran-recargables-en-2025\\\/\",\"name\":\"El 30% de los productos de L'Or\u00e9al Luxe ser\u00e1n recargables en 2025 | LUXONOMY\",\"isPartOf\":{\"@id\":\"https:\\\/\\\/luxonomy.net\\\/es\\\/#website\"},\"primaryImageOfPage\":{\"@id\":\"https:\\\/\\\/luxonomy.net\\\/es\\\/el-30-de-los-productos-de-loreal-luxe-seran-recargables-en-2025\\\/#primaryimage\"},\"image\":{\"@id\":\"https:\\\/\\\/luxonomy.net\\\/es\\\/el-30-de-los-productos-de-loreal-luxe-seran-recargables-en-2025\\\/#primaryimage\"},\"thumbnailUrl\":\"https:\\\/\\\/i0.wp.com\\\/luxonomy.net\\\/wp-content\\\/uploads\\\/2024\\\/06\\\/665de12112576.jpeg?fit=1200%2C675&ssl=1\",\"datePublished\":\"2024-06-06T11:31:25+00:00\",\"breadcrumb\":{\"@id\":\"https:\\\/\\\/luxonomy.net\\\/es\\\/el-30-de-los-productos-de-loreal-luxe-seran-recargables-en-2025\\\/#breadcrumb\"},\"inLanguage\":\"es\",\"potentialAction\":[{\"@type\":\"ReadAction\",\"target\":[\"https:\\\/\\\/luxonomy.net\\\/es\\\/el-30-de-los-productos-de-loreal-luxe-seran-recargables-en-2025\\\/\"]}]},{\"@type\":\"ImageObject\",\"inLanguage\":\"es\",\"@id\":\"https:\\\/\\\/luxonomy.net\\\/es\\\/el-30-de-los-productos-de-loreal-luxe-seran-recargables-en-2025\\\/#primaryimage\",\"url\":\"https:\\\/\\\/i0.wp.com\\\/luxonomy.net\\\/wp-content\\\/uploads\\\/2024\\\/06\\\/665de12112576.jpeg?fit=1200%2C675&ssl=1\",\"contentUrl\":\"https:\\\/\\\/i0.wp.com\\\/luxonomy.net\\\/wp-content\\\/uploads\\\/2024\\\/06\\\/665de12112576.jpeg?fit=1200%2C675&ssl=1\",\"width\":1200,\"height\":675},{\"@type\":\"BreadcrumbList\",\"@id\":\"https:\\\/\\\/luxonomy.net\\\/es\\\/el-30-de-los-productos-de-loreal-luxe-seran-recargables-en-2025\\\/#breadcrumb\",\"itemListElement\":[{\"@type\":\"ListItem\",\"position\":1,\"name\":\"Portada\",\"item\":\"https:\\\/\\\/luxonomy.net\\\/es\\\/\"},{\"@type\":\"ListItem\",\"position\":2,\"name\":\"El 30% de los productos de L&#8217;Or\u00e9al Luxe ser\u00e1n recargables en 2025\"}]},{\"@type\":\"WebSite\",\"@id\":\"https:\\\/\\\/luxonomy.net\\\/es\\\/#website\",\"url\":\"https:\\\/\\\/luxonomy.net\\\/es\\\/\",\"name\":\"LUXONOMY\",\"description\":\"The Economy of Fashion &amp; Luxury\",\"publisher\":{\"@id\":\"https:\\\/\\\/luxonomy.net\\\/es\\\/#organization\"},\"potentialAction\":[{\"@type\":\"SearchAction\",\"target\":{\"@type\":\"EntryPoint\",\"urlTemplate\":\"https:\\\/\\\/luxonomy.net\\\/es\\\/?s={search_term_string}\"},\"query-input\":{\"@type\":\"PropertyValueSpecification\",\"valueRequired\":true,\"valueName\":\"search_term_string\"}}],\"inLanguage\":\"es\"},{\"@type\":\"Organization\",\"@id\":\"https:\\\/\\\/luxonomy.net\\\/es\\\/#organization\",\"name\":\"LUXONOMY\",\"url\":\"https:\\\/\\\/luxonomy.net\\\/es\\\/\",\"logo\":{\"@type\":\"ImageObject\",\"inLanguage\":\"es\",\"@id\":\"https:\\\/\\\/luxonomy.net\\\/es\\\/#\\\/schema\\\/logo\\\/image\\\/\",\"url\":\"https:\\\/\\\/i2.wp.com\\\/luxonomy.net\\\/wp-content\\\/uploads\\\/2021\\\/09\\\/MOCKUP-TODOS-LUXONOMY.jpg?fit=1000%2C515&ssl=1\",\"contentUrl\":\"https:\\\/\\\/i2.wp.com\\\/luxonomy.net\\\/wp-content\\\/uploads\\\/2021\\\/09\\\/MOCKUP-TODOS-LUXONOMY.jpg?fit=1000%2C515&ssl=1\",\"width\":1000,\"height\":515,\"caption\":\"LUXONOMY\"},\"image\":{\"@id\":\"https:\\\/\\\/luxonomy.net\\\/es\\\/#\\\/schema\\\/logo\\\/image\\\/\"},\"sameAs\":[\"https:\\\/\\\/www.facebook.com\\\/luxonomy\",\"https:\\\/\\\/www.instagram.com\\\/luxonomy\\\/\",\"https:\\\/\\\/www.linkedin.com\\\/company\\\/luxonomy\\\/\"]},{\"@type\":\"Person\",\"@id\":\"https:\\\/\\\/luxonomy.net\\\/es\\\/#\\\/schema\\\/person\\\/1a813e5ec518f582af236d6344aa6c01\",\"name\":\"Kristi Ellis\",\"image\":{\"@type\":\"ImageObject\",\"inLanguage\":\"es\",\"@id\":\"https:\\\/\\\/luxonomy.net\\\/wp-content\\\/litespeed\\\/avatar\\\/ae0c58256b980352bba3c97a8f9abe32.jpg?ver=1787975034\",\"url\":\"https:\\\/\\\/luxonomy.net\\\/wp-content\\\/litespeed\\\/avatar\\\/ae0c58256b980352bba3c97a8f9abe32.jpg?ver=1787975034\",\"contentUrl\":\"https:\\\/\\\/luxonomy.net\\\/wp-content\\\/litespeed\\\/avatar\\\/ae0c58256b980352bba3c97a8f9abe32.jpg?ver=1787975034\",\"caption\":\"Kristi Ellis\"},\"url\":\"https:\\\/\\\/luxonomy.net\\\/es\\\/author\\\/kristi-ellis\\\/\"}]}<\/script>\n<!-- \/ Yoast SEO plugin. -->","yoast_head_json":{"title":"El 30% de los productos de L'Or\u00e9al Luxe ser\u00e1n recargables en 2025 | LUXONOMY","robots":{"index":"index","follow":"follow","max-snippet":"max-snippet:-1","max-image-preview":"max-image-preview:large","max-video-preview":"max-video-preview:-1"},"canonical":"https:\/\/luxonomy.net\/es\/el-30-de-los-productos-de-loreal-luxe-seran-recargables-en-2025\/","og_locale":"es_ES","og_type":"article","og_title":"El 30% de los productos de L'Or\u00e9al Luxe ser\u00e1n recargables en 2025 | LUXONOMY","og_description":"L&#8217;Or\u00e9al Luxe ha anunciado su compromiso con el ecodise\u00f1o de sus envases a trav\u00e9s de formatos recargables, con el objetivo de estos formatos supongan el 10% de productos producidos a cierre del a\u00f1o y el 30% para 2025. El impulso de estos formatos supondr\u00e1 un ahorro sustancial de recursos que la compa\u00f1\u00eda cifra en un&hellip;","og_url":"https:\/\/luxonomy.net\/es\/el-30-de-los-productos-de-loreal-luxe-seran-recargables-en-2025\/","og_site_name":"LUXONOMY","article_publisher":"https:\/\/www.facebook.com\/luxonomy","article_published_time":"2024-06-06T11:31:25+00:00","og_image":[{"width":1200,"height":675,"url":"https:\/\/i0.wp.com\/luxonomy.net\/wp-content\/uploads\/2024\/06\/665de12112576.jpeg?fit=1200%2C675&quality=89&ssl=1","type":"image\/jpeg"}],"author":"Kristi Ellis","twitter_card":"summary_large_image","twitter_misc":{"Escrito por":"Kristi Ellis","Tiempo de lectura":"2 minutos"},"schema":{"@context":"https:\/\/schema.org","@graph":[{"@type":"Article","@id":"https:\/\/luxonomy.net\/es\/el-30-de-los-productos-de-loreal-luxe-seran-recargables-en-2025\/#article","isPartOf":{"@id":"https:\/\/luxonomy.net\/es\/el-30-de-los-productos-de-loreal-luxe-seran-recargables-en-2025\/"},"author":{"name":"Kristi Ellis","@id":"https:\/\/luxonomy.net\/es\/#\/schema\/person\/1a813e5ec518f582af236d6344aa6c01"},"headline":"El 30% de los productos de L&#8217;Or\u00e9al Luxe ser\u00e1n recargables en 2025","datePublished":"2024-06-06T11:31:25+00:00","mainEntityOfPage":{"@id":"https:\/\/luxonomy.net\/es\/el-30-de-los-productos-de-loreal-luxe-seran-recargables-en-2025\/"},"wordCount":416,"commentCount":0,"publisher":{"@id":"https:\/\/luxonomy.net\/es\/#organization"},"image":{"@id":"https:\/\/luxonomy.net\/es\/el-30-de-los-productos-de-loreal-luxe-seran-recargables-en-2025\/#primaryimage"},"thumbnailUrl":"https:\/\/i0.wp.com\/luxonomy.net\/wp-content\/uploads\/2024\/06\/665de12112576.jpeg?fit=1200%2C675&ssl=1","keywords":["sostenibilidad"],"articleSection":["Actualidad","Sostenibilidad"],"inLanguage":"es","potentialAction":[{"@type":"CommentAction","name":"Comment","target":["https:\/\/luxonomy.net\/es\/el-30-de-los-productos-de-loreal-luxe-seran-recargables-en-2025\/#respond"]}]},{"@type":"WebPage","@id":"https:\/\/luxonomy.net\/es\/el-30-de-los-productos-de-loreal-luxe-seran-recargables-en-2025\/","url":"https:\/\/luxonomy.net\/es\/el-30-de-los-productos-de-loreal-luxe-seran-recargables-en-2025\/","name":"El 30% de los productos de L'Or\u00e9al Luxe ser\u00e1n recargables en 2025 | LUXONOMY","isPartOf":{"@id":"https:\/\/luxonomy.net\/es\/#website"},"primaryImageOfPage":{"@id":"https:\/\/luxonomy.net\/es\/el-30-de-los-productos-de-loreal-luxe-seran-recargables-en-2025\/#primaryimage"},"image":{"@id":"https:\/\/luxonomy.net\/es\/el-30-de-los-productos-de-loreal-luxe-seran-recargables-en-2025\/#primaryimage"},"thumbnailUrl":"https:\/\/i0.wp.com\/luxonomy.net\/wp-content\/uploads\/2024\/06\/665de12112576.jpeg?fit=1200%2C675&ssl=1","datePublished":"2024-06-06T11:31:25+00:00","breadcrumb":{"@id":"https:\/\/luxonomy.net\/es\/el-30-de-los-productos-de-loreal-luxe-seran-recargables-en-2025\/#breadcrumb"},"inLanguage":"es","potentialAction":[{"@type":"ReadAction","target":["https:\/\/luxonomy.net\/es\/el-30-de-los-productos-de-loreal-luxe-seran-recargables-en-2025\/"]}]},{"@type":"ImageObject","inLanguage":"es","@id":"https:\/\/luxonomy.net\/es\/el-30-de-los-productos-de-loreal-luxe-seran-recargables-en-2025\/#primaryimage","url":"https:\/\/i0.wp.com\/luxonomy.net\/wp-content\/uploads\/2024\/06\/665de12112576.jpeg?fit=1200%2C675&ssl=1","contentUrl":"https:\/\/i0.wp.com\/luxonomy.net\/wp-content\/uploads\/2024\/06\/665de12112576.jpeg?fit=1200%2C675&ssl=1","width":1200,"height":675},{"@type":"BreadcrumbList","@id":"https:\/\/luxonomy.net\/es\/el-30-de-los-productos-de-loreal-luxe-seran-recargables-en-2025\/#breadcrumb","itemListElement":[{"@type":"ListItem","position":1,"name":"Portada","item":"https:\/\/luxonomy.net\/es\/"},{"@type":"ListItem","position":2,"name":"El 30% de los productos de L&#8217;Or\u00e9al Luxe ser\u00e1n recargables en 2025"}]},{"@type":"WebSite","@id":"https:\/\/luxonomy.net\/es\/#website","url":"https:\/\/luxonomy.net\/es\/","name":"LUXONOMY","description":"The Economy of Fashion &amp; Luxury","publisher":{"@id":"https:\/\/luxonomy.net\/es\/#organization"},"potentialAction":[{"@type":"SearchAction","target":{"@type":"EntryPoint","urlTemplate":"https:\/\/luxonomy.net\/es\/?s={search_term_string}"},"query-input":{"@type":"PropertyValueSpecification","valueRequired":true,"valueName":"search_term_string"}}],"inLanguage":"es"},{"@type":"Organization","@id":"https:\/\/luxonomy.net\/es\/#organization","name":"LUXONOMY","url":"https:\/\/luxonomy.net\/es\/","logo":{"@type":"ImageObject","inLanguage":"es","@id":"https:\/\/luxonomy.net\/es\/#\/schema\/logo\/image\/","url":"https:\/\/i2.wp.com\/luxonomy.net\/wp-content\/uploads\/2021\/09\/MOCKUP-TODOS-LUXONOMY.jpg?fit=1000%2C515&ssl=1","contentUrl":"https:\/\/i2.wp.com\/luxonomy.net\/wp-content\/uploads\/2021\/09\/MOCKUP-TODOS-LUXONOMY.jpg?fit=1000%2C515&ssl=1","width":1000,"height":515,"caption":"LUXONOMY"},"image":{"@id":"https:\/\/luxonomy.net\/es\/#\/schema\/logo\/image\/"},"sameAs":["https:\/\/www.facebook.com\/luxonomy","https:\/\/www.instagram.com\/luxonomy\/","https:\/\/www.linkedin.com\/company\/luxonomy\/"]},{"@type":"Person","@id":"https:\/\/luxonomy.net\/es\/#\/schema\/person\/1a813e5ec518f582af236d6344aa6c01","name":"Kristi Ellis","image":{"@type":"ImageObject","inLanguage":"es","@id":"https:\/\/luxonomy.net\/wp-content\/litespeed\/avatar\/ae0c58256b980352bba3c97a8f9abe32.jpg?ver=1787975034","url":"https:\/\/luxonomy.net\/wp-content\/litespeed\/avatar\/ae0c58256b980352bba3c97a8f9abe32.jpg?ver=1787975034","contentUrl":"https:\/\/luxonomy.net\/wp-content\/litespeed\/avatar\/ae0c58256b980352bba3c97a8f9abe32.jpg?ver=1787975034","caption":"Kristi Ellis"},"url":"https:\/\/luxonomy.net\/es\/author\/kristi-ellis\/"}]}},"jetpack_publicize_connections":[],"jetpack_shortlink":"https:\/\/wp.me\/paPhBa-e57","jetpack_sharing_enabled":true,"jetpack_featured_media_url":"https:\/\/i0.wp.com\/luxonomy.net\/wp-content\/uploads\/2024\/06\/665de12112576.jpeg?fit=1200%2C675&ssl=1","_links":{"self":[{"href":"https:\/\/luxonomy.net\/es\/wp-json\/wp\/v2\/posts\/54133","targetHints":{"allow":["GET"]}}],"collection":[{"href":"https:\/\/luxonomy.net\/es\/wp-json\/wp\/v2\/posts"}],"about":[{"href":"https:\/\/luxonomy.net\/es\/wp-json\/wp\/v2\/types\/post"}],"author":[{"embeddable":true,"href":"https:\/\/luxonomy.net\/es\/wp-json\/wp\/v2\/users\/11"}],"replies":[{"embeddable":true,"href":"https:\/\/luxonomy.net\/es\/wp-json\/wp\/v2\/comments?post=54133"}],"version-history":[{"count":3,"href":"https:\/\/luxonomy.net\/es\/wp-json\/wp\/v2\/posts\/54133\/revisions"}],"predecessor-version":[{"id":54139,"href":"https:\/\/luxonomy.net\/es\/wp-json\/wp\/v2\/posts\/54133\/revisions\/54139"}],"wp:featuredmedia":[{"embeddable":true,"href":"https:\/\/luxonomy.net\/es\/wp-json\/wp\/v2\/media\/54136"}],"wp:attachment":[{"href":"https:\/\/luxonomy.net\/es\/wp-json\/wp\/v2\/media?parent=54133"}],"wp:term":[{"taxonomy":"category","embeddable":true,"href":"https:\/\/luxonomy.net\/es\/wp-json\/wp\/v2\/categories?post=54133"},{"taxonomy":"post_tag","embeddable":true,"href":"https:\/\/luxonomy.net\/es\/wp-json\/wp\/v2\/tags?post=54133"},{"taxonomy":"thb-sponsors","embeddable":true,"href":"https:\/\/luxonomy.net\/es\/wp-json\/wp\/v2\/thb-sponsors?post=54133"}],"curies":[{"name":"wp","href":"https:\/\/api.w.org\/{rel}","templated":true}]}}