{"id":53898,"date":"2024-05-31T21:55:23","date_gmt":"2024-05-31T19:55:23","guid":{"rendered":"https:\/?p=53898"},"modified":"2024-05-31T22:08:59","modified_gmt":"2024-05-31T20:08:59","slug":"el-secreto-club-bilderberg-se-reune-este-fin-de-semana-en-madrid","status":"publish","type":"post","link":"https:\/\/luxonomy.net\/es\/el-secreto-club-bilderberg-se-reune-este-fin-de-semana-en-madrid\/","title":{"rendered":"El \u201csecreto\u201d Club Bilderberg se re\u00fane este fin de semana en Madrid"},"content":{"rendered":"<p>Esta exclusiva reuni\u00f3n, que se caracteriza por el secretismo en torno al contenido de las intervenciones, se prolongar\u00e1 hasta el 2 de junio y en ella los participantes debatir\u00e1n sobre la evoluci\u00f3n y los retos que supone el despegue imparable de la inteligencia artificial, sobre el cambio clim\u00e1tico, los conflictos b\u00e9licos que azotan Oriente Medio y Ucrania y los desaf\u00edos econ\u00f3micos que afrontan Europa y EEUU. El secretismo que rodea al Club Bilderberg ha alimentado numerosas teor\u00edas de conspiraci\u00f3n. Algunas personas creen que este grupo act\u00faa como un gobierno en la sombra.<\/p>\n<h3>Este a\u00f1o en Madrid<\/h3>\n<p>En sus 70 ediciones, esta es la tercera ocasi\u00f3n que se celebra en Espa\u00f1a, y es en el hotel Mirasierra, en Madrid, despu\u00e9s de que en 1989 se diera cita en el Balneario Isla de La Toja (Pontevedra) y en 2010 en el Hotel Dolce de Sitges (Barcelona).<\/p>\n<h3>Qui\u00e9n asiste<\/h3>\n<p>Destaca la participaci\u00f3n de consejeros delegados (ceo), fundadores y presidentes de decenas de grandes grupos empresariales y fondos de inversi\u00f3n a nivel internacional como Musafa Suleyman (Microsoft IA), Murray Auchincloss (BP), Daniel Ek (Spotify); Albert Bourla (Pfizer), Mark J. Carney (Brookfield), David H. Petraeus (KKR Global Institute), Jane Fraser (Citigroup), Stacey Abrams (Sage), Roger C. Altman (Evercore), Marco Alver\u00e0 (zhero.net).<\/p><div id=\"luxon-4194491275\" class=\"luxon-3er-parrafo luxon-entity-placement\" style=\"margin-top: 20px;margin-bottom: 20px;margin-left: auto;margin-right: auto;text-align: center;\"><a href=\"https:\/\/luxonomy.university\/course\/master-turismo-de-lujo\" target=\"_blank\" aria-label=\"master-turismo-lujo-2026-2027\"><img loading=\"lazy\" decoding=\"async\" src=\"https:\/\/i0.wp.com\/luxonomy.net\/wp-content\/uploads\/2020\/07\/master-turismo-lujo-2026-2027.jpg?fit=1672%2C941&#038;ssl=1\" alt=\"\"  srcset=\"https:\/\/i0.wp.com\/luxonomy.net\/wp-content\/uploads\/2020\/07\/master-turismo-lujo-2026-2027.jpg?w=1672&ssl=1 1672w, https:\/\/i0.wp.com\/luxonomy.net\/wp-content\/uploads\/2020\/07\/master-turismo-lujo-2026-2027.jpg?resize=300%2C169&ssl=1 300w, https:\/\/i0.wp.com\/luxonomy.net\/wp-content\/uploads\/2020\/07\/master-turismo-lujo-2026-2027.jpg?resize=1024%2C576&ssl=1 1024w, https:\/\/i0.wp.com\/luxonomy.net\/wp-content\/uploads\/2020\/07\/master-turismo-lujo-2026-2027.jpg?resize=768%2C432&ssl=1 768w, https:\/\/i0.wp.com\/luxonomy.net\/wp-content\/uploads\/2020\/07\/master-turismo-lujo-2026-2027.jpg?resize=1536%2C864&ssl=1 1536w, https:\/\/i0.wp.com\/luxonomy.net\/wp-content\/uploads\/2020\/07\/master-turismo-lujo-2026-2027.jpg?resize=370%2C208&ssl=1 370w, https:\/\/i0.wp.com\/luxonomy.net\/wp-content\/uploads\/2020\/07\/master-turismo-lujo-2026-2027.jpg?resize=800%2C450&ssl=1 800w, https:\/\/i0.wp.com\/luxonomy.net\/wp-content\/uploads\/2020\/07\/master-turismo-lujo-2026-2027.jpg?resize=20%2C11&ssl=1 20w, https:\/\/i0.wp.com\/luxonomy.net\/wp-content\/uploads\/2020\/07\/master-turismo-lujo-2026-2027.jpg?resize=740%2C416&ssl=1 740w, https:\/\/i0.wp.com\/luxonomy.net\/wp-content\/uploads\/2020\/07\/master-turismo-lujo-2026-2027.jpg?resize=1600%2C900&ssl=1 1600w, https:\/\/i0.wp.com\/luxonomy.net\/wp-content\/uploads\/2020\/07\/master-turismo-lujo-2026-2027.jpg?resize=1200%2C675&ssl=1 1200w, https:\/\/i0.wp.com\/luxonomy.net\/wp-content\/uploads\/2020\/07\/master-turismo-lujo-2026-2027.jpg?resize=85%2C48&ssl=1 85w\" sizes=\"(max-width: 1170px) 100vw, 1170px\" class=\"no-lazyload\" width=\"1672\" height=\"941\"   \/><\/a><\/div>\n<p>Tambi\u00e9n ha confirmado su asistencia a este evento otras figuras empresariales como Val\u00e9rie Baudson (Amundi); Lorenzo Bini Smaghi (Societ\u00e9 G\u00e9n\u00e9rale); Charlene de Carvalho (Heineken), Demis Hassabis (Google DeepMind), Colm Kelleher (UBS), Kasia Kieli (Warner Bros), Michael O&#8217;Leary (Raynair), Patrick Pouyann\u00e9 (TotalEnergies), Wael Sawan (Shell) o Christian Sewing (Deutsche Bank).<\/p>\n<p>Del Mundo pol\u00edtico acuden el presidente finland\u00e9s, Alexander Stubb; Jos\u00e9 Manuel Durao Barroso, expresidente de la Comisi\u00f3n Europea y ex primer ministro de Portugal (hoy presidente del Goldman Sachs Internacional); la primera ministra de Estonia, Kaja Kallas; el exprimer ministro italiano Mario Monti; y el primer ministro saliente de Pa\u00edses Bajos, Mark Rutte. Tambi\u00e9n participan otros ministros europeos como el finland\u00e9s Anders Adlercreutz (Asuntos Exteriores), el ministro alem\u00e1n Marco Buschmann (Justicia); el irland\u00e9s Simon Coveney (Empresa, Comercio y Empleo); el polaco Andrzej Doma?ski (Inversiones); la griega, Niki Kerameus (Interior); la francesa Agn\u00e8s Pannier-Runacher (Transici\u00f3n Energ\u00e9tica) y el turco Mehmet ?im?ek (Finanzas).<\/p>\n<p>Tambi\u00e9n est\u00e1 prevista la participaci\u00f3n del secretario general de la OTAN, Jens Stoltenberg; Nadia Calvi\u00f1o, actual presidenta del Banco Europeo de Inversiones; el presidente del Eurogrupo, Paschal Donohoe; el subsecretario general adjunto de Innovaci\u00f3n de la OTAN, James Appathurai; B\u00f8rge Brende, presidente del Foro Econ\u00f3mico Mundial; el presidente del Consejo Europeo, Charles Michel, y el vicepresidente ejecutivo de la Comisi\u00f3n Europea para el Pacto Verde europeo y Relaciones Interinstitucionales y Previsi\u00f3n, Maro\u0161 \u0160ef?ovi?.<\/p>\n<p>Los comisarios europeos de Econom\u00eda, Paolo Gentiloni; de Acci\u00f3n por el Clima, Wopke Hoekstra, y de Interior, Ylva Johansson, tambi\u00e9n tienen confirmada su participaci\u00f3n.<\/p><div id=\"luxon-3796106564\" class=\"luxon-7-parrafo luxon-entity-placement\" style=\"margin-top: 20px;margin-bottom: 20px;margin-left: auto;margin-right: auto;text-align: center;\"><a href=\"https:\/\/theintelligence.institute\/course\/inteligencia-artificial-para-directivos\" target=\"_blank\" aria-label=\"CSIAD_empresas_THEI_horizontal_4x3_v5\"><img loading=\"lazy\" decoding=\"async\" src=\"https:\/\/i0.wp.com\/luxonomy.net\/wp-content\/uploads\/2025\/08\/CSIAD_empresas_THEI_horizontal_4x3_v5.png?fit=2000%2C1500&#038;ssl=1\" alt=\"\"  srcset=\"https:\/\/i0.wp.com\/luxonomy.net\/wp-content\/uploads\/2025\/08\/CSIAD_empresas_THEI_horizontal_4x3_v5.png?w=2000&ssl=1 2000w, https:\/\/i0.wp.com\/luxonomy.net\/wp-content\/uploads\/2025\/08\/CSIAD_empresas_THEI_horizontal_4x3_v5.png?resize=300%2C225&ssl=1 300w, https:\/\/i0.wp.com\/luxonomy.net\/wp-content\/uploads\/2025\/08\/CSIAD_empresas_THEI_horizontal_4x3_v5.png?resize=1024%2C768&ssl=1 1024w, https:\/\/i0.wp.com\/luxonomy.net\/wp-content\/uploads\/2025\/08\/CSIAD_empresas_THEI_horizontal_4x3_v5.png?resize=768%2C576&ssl=1 768w, https:\/\/i0.wp.com\/luxonomy.net\/wp-content\/uploads\/2025\/08\/CSIAD_empresas_THEI_horizontal_4x3_v5.png?resize=1536%2C1152&ssl=1 1536w, https:\/\/i0.wp.com\/luxonomy.net\/wp-content\/uploads\/2025\/08\/CSIAD_empresas_THEI_horizontal_4x3_v5.png?resize=370%2C278&ssl=1 370w, https:\/\/i0.wp.com\/luxonomy.net\/wp-content\/uploads\/2025\/08\/CSIAD_empresas_THEI_horizontal_4x3_v5.png?resize=800%2C600&ssl=1 800w, https:\/\/i0.wp.com\/luxonomy.net\/wp-content\/uploads\/2025\/08\/CSIAD_empresas_THEI_horizontal_4x3_v5.png?resize=20%2C15&ssl=1 20w, https:\/\/i0.wp.com\/luxonomy.net\/wp-content\/uploads\/2025\/08\/CSIAD_empresas_THEI_horizontal_4x3_v5.png?resize=740%2C555&ssl=1 740w, https:\/\/i0.wp.com\/luxonomy.net\/wp-content\/uploads\/2025\/08\/CSIAD_empresas_THEI_horizontal_4x3_v5.png?resize=1600%2C1200&ssl=1 1600w, https:\/\/i0.wp.com\/luxonomy.net\/wp-content\/uploads\/2025\/08\/CSIAD_empresas_THEI_horizontal_4x3_v5.png?resize=1200%2C900&ssl=1 1200w, https:\/\/i0.wp.com\/luxonomy.net\/wp-content\/uploads\/2025\/08\/CSIAD_empresas_THEI_horizontal_4x3_v5.png?resize=64%2C48&ssl=1 64w\" sizes=\"(max-width: 1170px) 100vw, 1170px\" class=\"no-lazyload\" width=\"2000\" height=\"1500\"   \/><\/a><\/div>\n<p>Procedentes de Norteam\u00e9rica acuden el subsecretario del Tesoro, Adewale Adeyemo; el comandante general del Ej\u00e9rcito de EEUU en Europa, Christopher G. Cavoli; el director de Tecnolog\u00eda y Seguridad Nacional de EEUU, Tarun Chhabra; el ministro de Innovaci\u00f3n canadiense, Fran\u00e7ois-Philippe Champagne; y la directora de la Agencia de Ciberseguridad y Seguridad de Infraestructuras, Jen Easterly, entre otros.<\/p>\n<p>Igualmente, acuden Alexander Gabuev, director del Programa Rusia y Asia-Pac\u00edfico en el Centro Carnegie de Mosc\u00fa; la coordinadora Humanitaria y de Reconstrucci\u00f3n de la ONU para Gaza, Sigrid Kaag, y el ministro de Asuntos Exteriores de Ucrania, Dmytro Kuleba.<\/p>\n<p>De Espa\u00f1a, se cuenta en esta ocasi\u00f3n con la participaci\u00f3n del ministro de Asuntos Exteriores, Jos\u00e9 Manuel Albares, y el de Econom\u00eda, Carlos Cuerpo; el gobernador del Banco de Espa\u00f1a, Pablo Hern\u00e1ndez de Cos; el exsecretario de Asuntos Exteriores, Ildefonso Castro, y el presidente del Real Instituto Elcano, Jos\u00e9 Juan Ruiz, siempre seg\u00fan la informaci\u00f3n facilitada por la organizaci\u00f3n.<\/p>\n<p>Completan la representaci\u00f3n espa\u00f1ola la presidenta de Banco Santander, Ana Bot\u00edn; el presidente del Grupo Planeta y de Atresmedia, Jos\u00e9 Creuheras; Sol Daurella Comadr\u00e1n, la presidenta de Coca-Cola Europacific Partners, la mayor embotelladora del gigante de refrescos; el presidente y consejero delegado de Acciona, Jos\u00e9 Manuel Entrecanales; y el director de El Espa\u00f1ol, Pedro J. Ram\u00edrez.<\/p>\n<h3>El Club Bilderberg: Un Enigma del Poder Global<\/h3>\n<p>El Club Bilderberg, tambi\u00e9n conocido como la Conferencia Bilderberg, es uno de los grupos m\u00e1s enigm\u00e1ticos y controvertidos del mundo. Fundado en 1954, este club exclusivo ha sido objeto de innumerables teor\u00edas de conspiraci\u00f3n y debates sobre su influencia en la pol\u00edtica y la econom\u00eda global.<\/p>\n<h3>Or\u00edgenes y Objetivos<\/h3>\n<p>El Club Bilderberg fue establecido en 1954 en el Hotel de Bilderberg en Oosterbeek, Pa\u00edses Bajos, de donde toma su nombre. La iniciativa surgi\u00f3 en medio de la Guerra Fr\u00eda, con el objetivo de fomentar el di\u00e1logo entre Europa y Am\u00e9rica del Norte. Los fundadores, entre los que se encontraban personajes como Joseph Retinger, el Pr\u00edncipe Bernardo de los Pa\u00edses Bajos y el pol\u00edtico estadounidense David Rockefeller, quer\u00edan crear un foro donde l\u00edderes de diferentes sectores pudieran discutir libremente temas de importancia global.<\/p>\n<h3>Estructura y Funcionamiento<\/h3>\n<p>El Club Bilderberg se re\u00fane anualmente en diferentes lugares del mundo, pero sus reuniones son notoriamente secretas. Los participantes, que incluyen a l\u00edderes pol\u00edticos, empresarios, acad\u00e9micos y periodistas de renombre, asisten solo por invitaci\u00f3n. La lista de asistentes var\u00eda cada a\u00f1o, pero siempre incluye figuras influyentes de diversos campos.<\/p>\n<p>Las reuniones de Bilderberg se llevan a cabo bajo la \u201cRegla de Chatham House\u201d, lo que significa que los participantes pueden usar la informaci\u00f3n recibida, pero no pueden revelar ni la identidad ni la afiliaci\u00f3n de los oradores ni de ning\u00fan otro participante. Esta estricta pol\u00edtica de confidencialidad ha sido una fuente de cr\u00edticas y sospechas, ya que se percibe como un intento de operar en la sombra sin rendir cuentas al p\u00fablico.<\/p>\n<h3>Temas de Discusi\u00f3n<\/h3>\n<p>Aunque los detalles espec\u00edficos de las discusiones de Bilderberg rara vez se hacen p\u00fablicos, los temas suelen abarcar una amplia gama de cuestiones globales. Estos pueden incluir la pol\u00edtica internacional, la econom\u00eda global, los desarrollos tecnol\u00f3gicos, la seguridad, y cuestiones ambientales y sociales. Los cr\u00edticos argumentan que, dada la naturaleza elitista del grupo, las decisiones y discusiones pueden influir de manera desproporcionada en la direcci\u00f3n de la pol\u00edtica y la econom\u00eda mundial, favoreciendo los intereses de los poderosos.<\/p>\n<h3>Cr\u00edticas y Controversias<\/h3>\n<p>El secretismo que rodea al Club Bilderberg ha alimentado numerosas teor\u00edas de conspiraci\u00f3n. Algunas personas creen que este grupo act\u00faa como un gobierno en la sombra, tomando decisiones que afectan a la humanidad sin ning\u00fan tipo de supervisi\u00f3n democr\u00e1tica. Se les ha acusado de fomentar una agenda globalista, promoviendo pol\u00edticas que beneficien a una \u00e9lite global a expensas de las soberan\u00edas nacionales y los intereses de la poblaci\u00f3n general.<\/p>\n<p>Los defensores del club, por otro lado, argumentan que este tipo de reuniones son esenciales para el di\u00e1logo franco y la cooperaci\u00f3n internacional. Aseguran que el secreto es necesario para permitir discusiones abiertas y honestas entre l\u00edderes que, de otro modo, no se atrever\u00edan a expresar libremente sus opiniones y preocupaciones.<\/p>\n<h3>Impacto y Relevancia<\/h3>\n<p>A pesar de las controversias, el Club Bilderberg ha mantenido su relevancia a lo largo de los a\u00f1os. La capacidad de reunir a algunas de las mentes m\u00e1s influyentes del mundo en un solo lugar sigue siendo una poderosa herramienta para el intercambio de ideas y la construcci\u00f3n de relaciones. Aunque es dif\u00edcil medir el impacto concreto de las reuniones de Bilderberg, no cabe duda de que el club sigue desempe\u00f1ando un papel importante en la configuraci\u00f3n del panorama pol\u00edtico y econ\u00f3mico global.<\/p>\n<p>El Club Bilderberg sigue siendo uno de los grupos m\u00e1s enigm\u00e1ticos y poderosos del mundo. Su combinaci\u00f3n de secretismo, influencia y exclusividad lo convierte en un blanco f\u00e1cil para las teor\u00edas de conspiraci\u00f3n y las cr\u00edticas. Sin embargo, su capacidad para reunir a l\u00edderes de diversos sectores para discutir temas de importancia mundial subraya su relevancia en un mundo cada vez m\u00e1s interconectado. Mientras contin\u00fae operando en las sombras, el Club Bilderberg seguir\u00e1 siendo un s\u00edmbolo de la compleja relaci\u00f3n entre el poder, la transparencia y la democracia en el siglo XXI.<\/p>\n<h3>Libros sobre el Club Bildelberg<\/h3>\n<p>Existen varios libros que abordan las teor\u00edas sobre el Club Bilderberg, algunos de ellos son:<\/p>\n<p>1.\t\u201cThe True Story of the Bilderberg Group\u201d por Daniel Estulin:<br \/>\nEste es uno de los libros m\u00e1s conocidos sobre el tema. Daniel Estulin, un periodista de investigaci\u00f3n, explora los or\u00edgenes, la estructura y el impacto del Club Bilderberg.<\/p>\n<p>2.\t\u201cBilderberg: The Ultimate Bilderberg Group Expos\u00e9\u201d por James McConnachie:<br \/>\nEste libro analiza en profundidad las teor\u00edas y los hechos conocidos sobre el Club Bilderberg, tratando de separar la realidad de la ficci\u00f3n.<\/p>\n<p>3.\t\u201cThe Secret Team: The CIA and Its Allies in Control of the United States and the World\u201d por L. Fletcher Prouty:<br \/>\nAunque no se centra exclusivamente en el Club Bilderberg, este libro examina las redes de poder y las conexiones entre diferentes grupos de influencia global, incluyendo Bilderberg.<\/p>\n<p>4.\t\u201cBilderberg People: Elite Power and Consensus in World Affairs\u201d por Ian Richardson, Andrew Kakabadse y Nada Kakabadse:<br \/>\nEste libro ofrece una visi\u00f3n acad\u00e9mica sobre el Club Bilderberg, explorando su influencia en los asuntos globales y su papel en la toma de decisiones internacionales.<\/p>\n<p>5.\t\u201cThe Bilderberg Files\u201d por Jon Ronson:<br \/>\nJon Ronson, un periodista y autor brit\u00e1nico, explora las reuniones de Bilderberg y entrevista a varios participantes, ofreciendo una visi\u00f3n m\u00e1s cercana de las din\u00e1micas del grupo.<\/p>\n","protected":false},"excerpt":{"rendered":"<p>Esta exclusiva reuni\u00f3n, que se caracteriza por el secretismo en torno al contenido de las intervenciones, se prolongar\u00e1 hasta el 2 de junio y en ella los participantes debatir\u00e1n sobre la evoluci\u00f3n y los retos que supone el despegue imparable de la inteligencia artificial, sobre el cambio clim\u00e1tico, los conflictos b\u00e9licos que azotan Oriente Medio&hellip;<\/p>\n","protected":false},"author":13,"featured_media":53907,"comment_status":"open","ping_status":"open","sticky":false,"template":"","format":"standard","meta":{"_jetpack_newsletter_access":"","_jetpack_dont_email_post_to_subs":false,"_jetpack_newsletter_tier_id":0,"_jetpack_memberships_contains_paywalled_content":false,"_jetpack_feature_clip_id":0,"_jetpack_memberships_contains_paid_content":false,"footnotes":"","jetpack_publicize_message":"","jetpack_publicize_feature_enabled":true,"jetpack_social_post_already_shared":true,"jetpack_social_options":{"image_generator_settings":{"template":"edge","default_image_id":0,"font":"","enabled":false},"version":2},"jetpack_post_was_ever_published":false},"categories":[1672,1128],"tags":[635,6916],"thb-sponsors":[],"class_list":["post-53898","post","type-post","status-publish","format-standard","has-post-thumbnail","hentry","category-actualidad","category-economia","tag-actualidad","tag-club-bilderberg"],"yoast_head":"<!-- This site is optimized with the Yoast SEO plugin v28.4 - https:\/\/yoast.com\/product\/yoast-seo-wordpress\/ -->\n<title>El \u201csecreto\u201d Club Bilderberg se re\u00fane este fin de semana en Madrid | LUXONOMY<\/title>\n<meta name=\"robots\" content=\"index, follow, max-snippet:-1, max-image-preview:large, max-video-preview:-1\" \/>\n<link rel=\"canonical\" href=\"https:\/\/luxonomy.net\/es\/el-secreto-club-bilderberg-se-reune-este-fin-de-semana-en-madrid\/\" \/>\n<meta property=\"og:locale\" content=\"es_ES\" \/>\n<meta property=\"og:type\" content=\"article\" \/>\n<meta property=\"og:title\" content=\"El \u201csecreto\u201d Club Bilderberg se re\u00fane este fin de semana en Madrid | LUXONOMY\" \/>\n<meta property=\"og:description\" content=\"Esta exclusiva reuni\u00f3n, que se caracteriza por el secretismo en torno al contenido de las intervenciones, se prolongar\u00e1 hasta el 2 de junio y en ella los participantes debatir\u00e1n sobre la evoluci\u00f3n y los retos que supone el despegue imparable de la inteligencia artificial, sobre el cambio clim\u00e1tico, los conflictos b\u00e9licos que azotan Oriente Medio&hellip;\" \/>\n<meta property=\"og:url\" content=\"https:\/\/luxonomy.net\/es\/el-secreto-club-bilderberg-se-reune-este-fin-de-semana-en-madrid\/\" \/>\n<meta property=\"og:site_name\" content=\"LUXONOMY\" \/>\n<meta property=\"article:publisher\" content=\"https:\/\/www.facebook.com\/luxonomy\" \/>\n<meta property=\"article:published_time\" content=\"2024-05-31T19:55:23+00:00\" \/>\n<meta property=\"article:modified_time\" content=\"2024-05-31T20:08:59+00:00\" \/>\n<meta property=\"og:image\" content=\"https:\/\/i0.wp.com\/luxonomy.net\/wp-content\/uploads\/2024\/05\/img_3799.jpg?fit=1280%2C720&quality=89&ssl=1\" \/>\n\t<meta property=\"og:image:width\" content=\"1280\" \/>\n\t<meta property=\"og:image:height\" content=\"720\" \/>\n\t<meta property=\"og:image:type\" content=\"image\/jpeg\" \/>\n<meta name=\"author\" content=\"Dara Bernardo\" \/>\n<meta name=\"twitter:card\" content=\"summary_large_image\" \/>\n<meta name=\"twitter:label1\" content=\"Escrito por\" \/>\n\t<meta name=\"twitter:data1\" content=\"Dara Bernardo\" \/>\n\t<meta name=\"twitter:label2\" content=\"Tiempo de lectura\" \/>\n\t<meta name=\"twitter:data2\" content=\"8 minutos\" \/>\n<script type=\"application\/ld+json\" class=\"yoast-schema-graph\">{\"@context\":\"https:\\\/\\\/schema.org\",\"@graph\":[{\"@type\":\"Article\",\"@id\":\"https:\\\/\\\/luxonomy.net\\\/es\\\/el-secreto-club-bilderberg-se-reune-este-fin-de-semana-en-madrid\\\/#article\",\"isPartOf\":{\"@id\":\"https:\\\/\\\/luxonomy.net\\\/es\\\/el-secreto-club-bilderberg-se-reune-este-fin-de-semana-en-madrid\\\/\"},\"author\":{\"name\":\"Dara Bernardo\",\"@id\":\"https:\\\/\\\/luxonomy.net\\\/es\\\/#\\\/schema\\\/person\\\/74504e9f212f80551761fb98f9925520\"},\"headline\":\"El \u201csecreto\u201d Club Bilderberg se re\u00fane este fin de semana en Madrid\",\"datePublished\":\"2024-05-31T19:55:23+00:00\",\"dateModified\":\"2024-05-31T20:08:59+00:00\",\"mainEntityOfPage\":{\"@id\":\"https:\\\/\\\/luxonomy.net\\\/es\\\/el-secreto-club-bilderberg-se-reune-este-fin-de-semana-en-madrid\\\/\"},\"wordCount\":1679,\"commentCount\":0,\"publisher\":{\"@id\":\"https:\\\/\\\/luxonomy.net\\\/es\\\/#organization\"},\"image\":{\"@id\":\"https:\\\/\\\/luxonomy.net\\\/es\\\/el-secreto-club-bilderberg-se-reune-este-fin-de-semana-en-madrid\\\/#primaryimage\"},\"thumbnailUrl\":\"https:\\\/\\\/i0.wp.com\\\/luxonomy.net\\\/wp-content\\\/uploads\\\/2024\\\/05\\\/img_3799.jpg?fit=1280%2C720&ssl=1\",\"keywords\":[\"actualidad\",\"Club Bilderberg\"],\"articleSection\":[\"Actualidad\",\"Econom\u00eda\"],\"inLanguage\":\"es\",\"potentialAction\":[{\"@type\":\"CommentAction\",\"name\":\"Comment\",\"target\":[\"https:\\\/\\\/luxonomy.net\\\/es\\\/el-secreto-club-bilderberg-se-reune-este-fin-de-semana-en-madrid\\\/#respond\"]}]},{\"@type\":\"WebPage\",\"@id\":\"https:\\\/\\\/luxonomy.net\\\/es\\\/el-secreto-club-bilderberg-se-reune-este-fin-de-semana-en-madrid\\\/\",\"url\":\"https:\\\/\\\/luxonomy.net\\\/es\\\/el-secreto-club-bilderberg-se-reune-este-fin-de-semana-en-madrid\\\/\",\"name\":\"El \u201csecreto\u201d Club Bilderberg se re\u00fane este fin de semana en Madrid | LUXONOMY\",\"isPartOf\":{\"@id\":\"https:\\\/\\\/luxonomy.net\\\/es\\\/#website\"},\"primaryImageOfPage\":{\"@id\":\"https:\\\/\\\/luxonomy.net\\\/es\\\/el-secreto-club-bilderberg-se-reune-este-fin-de-semana-en-madrid\\\/#primaryimage\"},\"image\":{\"@id\":\"https:\\\/\\\/luxonomy.net\\\/es\\\/el-secreto-club-bilderberg-se-reune-este-fin-de-semana-en-madrid\\\/#primaryimage\"},\"thumbnailUrl\":\"https:\\\/\\\/i0.wp.com\\\/luxonomy.net\\\/wp-content\\\/uploads\\\/2024\\\/05\\\/img_3799.jpg?fit=1280%2C720&ssl=1\",\"datePublished\":\"2024-05-31T19:55:23+00:00\",\"dateModified\":\"2024-05-31T20:08:59+00:00\",\"breadcrumb\":{\"@id\":\"https:\\\/\\\/luxonomy.net\\\/es\\\/el-secreto-club-bilderberg-se-reune-este-fin-de-semana-en-madrid\\\/#breadcrumb\"},\"inLanguage\":\"es\",\"potentialAction\":[{\"@type\":\"ReadAction\",\"target\":[\"https:\\\/\\\/luxonomy.net\\\/es\\\/el-secreto-club-bilderberg-se-reune-este-fin-de-semana-en-madrid\\\/\"]}]},{\"@type\":\"ImageObject\",\"inLanguage\":\"es\",\"@id\":\"https:\\\/\\\/luxonomy.net\\\/es\\\/el-secreto-club-bilderberg-se-reune-este-fin-de-semana-en-madrid\\\/#primaryimage\",\"url\":\"https:\\\/\\\/i0.wp.com\\\/luxonomy.net\\\/wp-content\\\/uploads\\\/2024\\\/05\\\/img_3799.jpg?fit=1280%2C720&ssl=1\",\"contentUrl\":\"https:\\\/\\\/i0.wp.com\\\/luxonomy.net\\\/wp-content\\\/uploads\\\/2024\\\/05\\\/img_3799.jpg?fit=1280%2C720&ssl=1\",\"width\":1280,\"height\":720},{\"@type\":\"BreadcrumbList\",\"@id\":\"https:\\\/\\\/luxonomy.net\\\/es\\\/el-secreto-club-bilderberg-se-reune-este-fin-de-semana-en-madrid\\\/#breadcrumb\",\"itemListElement\":[{\"@type\":\"ListItem\",\"position\":1,\"name\":\"Portada\",\"item\":\"https:\\\/\\\/luxonomy.net\\\/es\\\/\"},{\"@type\":\"ListItem\",\"position\":2,\"name\":\"El \u201csecreto\u201d Club Bilderberg se re\u00fane este fin de semana en Madrid\"}]},{\"@type\":\"WebSite\",\"@id\":\"https:\\\/\\\/luxonomy.net\\\/es\\\/#website\",\"url\":\"https:\\\/\\\/luxonomy.net\\\/es\\\/\",\"name\":\"LUXONOMY\",\"description\":\"The Economy of Fashion &amp; Luxury\",\"publisher\":{\"@id\":\"https:\\\/\\\/luxonomy.net\\\/es\\\/#organization\"},\"potentialAction\":[{\"@type\":\"SearchAction\",\"target\":{\"@type\":\"EntryPoint\",\"urlTemplate\":\"https:\\\/\\\/luxonomy.net\\\/es\\\/?s={search_term_string}\"},\"query-input\":{\"@type\":\"PropertyValueSpecification\",\"valueRequired\":true,\"valueName\":\"search_term_string\"}}],\"inLanguage\":\"es\"},{\"@type\":\"Organization\",\"@id\":\"https:\\\/\\\/luxonomy.net\\\/es\\\/#organization\",\"name\":\"LUXONOMY\",\"url\":\"https:\\\/\\\/luxonomy.net\\\/es\\\/\",\"logo\":{\"@type\":\"ImageObject\",\"inLanguage\":\"es\",\"@id\":\"https:\\\/\\\/luxonomy.net\\\/es\\\/#\\\/schema\\\/logo\\\/image\\\/\",\"url\":\"https:\\\/\\\/i2.wp.com\\\/luxonomy.net\\\/wp-content\\\/uploads\\\/2021\\\/09\\\/MOCKUP-TODOS-LUXONOMY.jpg?fit=1000%2C515&ssl=1\",\"contentUrl\":\"https:\\\/\\\/i2.wp.com\\\/luxonomy.net\\\/wp-content\\\/uploads\\\/2021\\\/09\\\/MOCKUP-TODOS-LUXONOMY.jpg?fit=1000%2C515&ssl=1\",\"width\":1000,\"height\":515,\"caption\":\"LUXONOMY\"},\"image\":{\"@id\":\"https:\\\/\\\/luxonomy.net\\\/es\\\/#\\\/schema\\\/logo\\\/image\\\/\"},\"sameAs\":[\"https:\\\/\\\/www.facebook.com\\\/luxonomy\",\"https:\\\/\\\/www.instagram.com\\\/luxonomy\\\/\",\"https:\\\/\\\/www.linkedin.com\\\/company\\\/luxonomy\\\/\"]},{\"@type\":\"Person\",\"@id\":\"https:\\\/\\\/luxonomy.net\\\/es\\\/#\\\/schema\\\/person\\\/74504e9f212f80551761fb98f9925520\",\"name\":\"Dara Bernardo\",\"image\":{\"@type\":\"ImageObject\",\"inLanguage\":\"es\",\"@id\":\"https:\\\/\\\/luxonomy.net\\\/wp-content\\\/litespeed\\\/avatar\\\/6210219c821657e60e23828a44456840.jpg?ver=1788581693\",\"url\":\"https:\\\/\\\/luxonomy.net\\\/wp-content\\\/litespeed\\\/avatar\\\/6210219c821657e60e23828a44456840.jpg?ver=1788581693\",\"contentUrl\":\"https:\\\/\\\/luxonomy.net\\\/wp-content\\\/litespeed\\\/avatar\\\/6210219c821657e60e23828a44456840.jpg?ver=1788581693\",\"caption\":\"Dara Bernardo\"},\"description\":\"Managing Director at LUXONOMY\u2122 Group Middle East\",\"sameAs\":[\"mailto:dubai@investme.capital\"],\"url\":\"https:\\\/\\\/luxonomy.net\\\/es\\\/author\\\/dara-bernardo\\\/\"}]}<\/script>\n<!-- \/ Yoast SEO plugin. -->","yoast_head_json":{"title":"El \u201csecreto\u201d Club Bilderberg se re\u00fane este fin de semana en Madrid | LUXONOMY","robots":{"index":"index","follow":"follow","max-snippet":"max-snippet:-1","max-image-preview":"max-image-preview:large","max-video-preview":"max-video-preview:-1"},"canonical":"https:\/\/luxonomy.net\/es\/el-secreto-club-bilderberg-se-reune-este-fin-de-semana-en-madrid\/","og_locale":"es_ES","og_type":"article","og_title":"El \u201csecreto\u201d Club Bilderberg se re\u00fane este fin de semana en Madrid | LUXONOMY","og_description":"Esta exclusiva reuni\u00f3n, que se caracteriza por el secretismo en torno al contenido de las intervenciones, se prolongar\u00e1 hasta el 2 de junio y en ella los participantes debatir\u00e1n sobre la evoluci\u00f3n y los retos que supone el despegue imparable de la inteligencia artificial, sobre el cambio clim\u00e1tico, los conflictos b\u00e9licos que azotan Oriente Medio&hellip;","og_url":"https:\/\/luxonomy.net\/es\/el-secreto-club-bilderberg-se-reune-este-fin-de-semana-en-madrid\/","og_site_name":"LUXONOMY","article_publisher":"https:\/\/www.facebook.com\/luxonomy","article_published_time":"2024-05-31T19:55:23+00:00","article_modified_time":"2024-05-31T20:08:59+00:00","og_image":[{"width":1280,"height":720,"url":"https:\/\/i0.wp.com\/luxonomy.net\/wp-content\/uploads\/2024\/05\/img_3799.jpg?fit=1280%2C720&quality=89&ssl=1","type":"image\/jpeg"}],"author":"Dara Bernardo","twitter_card":"summary_large_image","twitter_misc":{"Escrito por":"Dara Bernardo","Tiempo de lectura":"8 minutos"},"schema":{"@context":"https:\/\/schema.org","@graph":[{"@type":"Article","@id":"https:\/\/luxonomy.net\/es\/el-secreto-club-bilderberg-se-reune-este-fin-de-semana-en-madrid\/#article","isPartOf":{"@id":"https:\/\/luxonomy.net\/es\/el-secreto-club-bilderberg-se-reune-este-fin-de-semana-en-madrid\/"},"author":{"name":"Dara Bernardo","@id":"https:\/\/luxonomy.net\/es\/#\/schema\/person\/74504e9f212f80551761fb98f9925520"},"headline":"El \u201csecreto\u201d Club Bilderberg se re\u00fane este fin de semana en Madrid","datePublished":"2024-05-31T19:55:23+00:00","dateModified":"2024-05-31T20:08:59+00:00","mainEntityOfPage":{"@id":"https:\/\/luxonomy.net\/es\/el-secreto-club-bilderberg-se-reune-este-fin-de-semana-en-madrid\/"},"wordCount":1679,"commentCount":0,"publisher":{"@id":"https:\/\/luxonomy.net\/es\/#organization"},"image":{"@id":"https:\/\/luxonomy.net\/es\/el-secreto-club-bilderberg-se-reune-este-fin-de-semana-en-madrid\/#primaryimage"},"thumbnailUrl":"https:\/\/i0.wp.com\/luxonomy.net\/wp-content\/uploads\/2024\/05\/img_3799.jpg?fit=1280%2C720&ssl=1","keywords":["actualidad","Club Bilderberg"],"articleSection":["Actualidad","Econom\u00eda"],"inLanguage":"es","potentialAction":[{"@type":"CommentAction","name":"Comment","target":["https:\/\/luxonomy.net\/es\/el-secreto-club-bilderberg-se-reune-este-fin-de-semana-en-madrid\/#respond"]}]},{"@type":"WebPage","@id":"https:\/\/luxonomy.net\/es\/el-secreto-club-bilderberg-se-reune-este-fin-de-semana-en-madrid\/","url":"https:\/\/luxonomy.net\/es\/el-secreto-club-bilderberg-se-reune-este-fin-de-semana-en-madrid\/","name":"El \u201csecreto\u201d Club Bilderberg se re\u00fane este fin de semana en Madrid | LUXONOMY","isPartOf":{"@id":"https:\/\/luxonomy.net\/es\/#website"},"primaryImageOfPage":{"@id":"https:\/\/luxonomy.net\/es\/el-secreto-club-bilderberg-se-reune-este-fin-de-semana-en-madrid\/#primaryimage"},"image":{"@id":"https:\/\/luxonomy.net\/es\/el-secreto-club-bilderberg-se-reune-este-fin-de-semana-en-madrid\/#primaryimage"},"thumbnailUrl":"https:\/\/i0.wp.com\/luxonomy.net\/wp-content\/uploads\/2024\/05\/img_3799.jpg?fit=1280%2C720&ssl=1","datePublished":"2024-05-31T19:55:23+00:00","dateModified":"2024-05-31T20:08:59+00:00","breadcrumb":{"@id":"https:\/\/luxonomy.net\/es\/el-secreto-club-bilderberg-se-reune-este-fin-de-semana-en-madrid\/#breadcrumb"},"inLanguage":"es","potentialAction":[{"@type":"ReadAction","target":["https:\/\/luxonomy.net\/es\/el-secreto-club-bilderberg-se-reune-este-fin-de-semana-en-madrid\/"]}]},{"@type":"ImageObject","inLanguage":"es","@id":"https:\/\/luxonomy.net\/es\/el-secreto-club-bilderberg-se-reune-este-fin-de-semana-en-madrid\/#primaryimage","url":"https:\/\/i0.wp.com\/luxonomy.net\/wp-content\/uploads\/2024\/05\/img_3799.jpg?fit=1280%2C720&ssl=1","contentUrl":"https:\/\/i0.wp.com\/luxonomy.net\/wp-content\/uploads\/2024\/05\/img_3799.jpg?fit=1280%2C720&ssl=1","width":1280,"height":720},{"@type":"BreadcrumbList","@id":"https:\/\/luxonomy.net\/es\/el-secreto-club-bilderberg-se-reune-este-fin-de-semana-en-madrid\/#breadcrumb","itemListElement":[{"@type":"ListItem","position":1,"name":"Portada","item":"https:\/\/luxonomy.net\/es\/"},{"@type":"ListItem","position":2,"name":"El \u201csecreto\u201d Club Bilderberg se re\u00fane este fin de semana en Madrid"}]},{"@type":"WebSite","@id":"https:\/\/luxonomy.net\/es\/#website","url":"https:\/\/luxonomy.net\/es\/","name":"LUXONOMY","description":"The Economy of Fashion &amp; Luxury","publisher":{"@id":"https:\/\/luxonomy.net\/es\/#organization"},"potentialAction":[{"@type":"SearchAction","target":{"@type":"EntryPoint","urlTemplate":"https:\/\/luxonomy.net\/es\/?s={search_term_string}"},"query-input":{"@type":"PropertyValueSpecification","valueRequired":true,"valueName":"search_term_string"}}],"inLanguage":"es"},{"@type":"Organization","@id":"https:\/\/luxonomy.net\/es\/#organization","name":"LUXONOMY","url":"https:\/\/luxonomy.net\/es\/","logo":{"@type":"ImageObject","inLanguage":"es","@id":"https:\/\/luxonomy.net\/es\/#\/schema\/logo\/image\/","url":"https:\/\/i2.wp.com\/luxonomy.net\/wp-content\/uploads\/2021\/09\/MOCKUP-TODOS-LUXONOMY.jpg?fit=1000%2C515&ssl=1","contentUrl":"https:\/\/i2.wp.com\/luxonomy.net\/wp-content\/uploads\/2021\/09\/MOCKUP-TODOS-LUXONOMY.jpg?fit=1000%2C515&ssl=1","width":1000,"height":515,"caption":"LUXONOMY"},"image":{"@id":"https:\/\/luxonomy.net\/es\/#\/schema\/logo\/image\/"},"sameAs":["https:\/\/www.facebook.com\/luxonomy","https:\/\/www.instagram.com\/luxonomy\/","https:\/\/www.linkedin.com\/company\/luxonomy\/"]},{"@type":"Person","@id":"https:\/\/luxonomy.net\/es\/#\/schema\/person\/74504e9f212f80551761fb98f9925520","name":"Dara Bernardo","image":{"@type":"ImageObject","inLanguage":"es","@id":"https:\/\/luxonomy.net\/wp-content\/litespeed\/avatar\/6210219c821657e60e23828a44456840.jpg?ver=1788581693","url":"https:\/\/luxonomy.net\/wp-content\/litespeed\/avatar\/6210219c821657e60e23828a44456840.jpg?ver=1788581693","contentUrl":"https:\/\/luxonomy.net\/wp-content\/litespeed\/avatar\/6210219c821657e60e23828a44456840.jpg?ver=1788581693","caption":"Dara Bernardo"},"description":"Managing Director at LUXONOMY\u2122 Group Middle East","sameAs":["mailto:dubai@investme.capital"],"url":"https:\/\/luxonomy.net\/es\/author\/dara-bernardo\/"}]}},"jetpack_publicize_connections":[],"jetpack_shortlink":"https:\/\/wp.me\/paPhBa-e1k","jetpack_sharing_enabled":true,"jetpack_featured_media_url":"https:\/\/i0.wp.com\/luxonomy.net\/wp-content\/uploads\/2024\/05\/img_3799.jpg?fit=1280%2C720&ssl=1","_links":{"self":[{"href":"https:\/\/luxonomy.net\/es\/wp-json\/wp\/v2\/posts\/53898","targetHints":{"allow":["GET"]}}],"collection":[{"href":"https:\/\/luxonomy.net\/es\/wp-json\/wp\/v2\/posts"}],"about":[{"href":"https:\/\/luxonomy.net\/es\/wp-json\/wp\/v2\/types\/post"}],"author":[{"embeddable":true,"href":"https:\/\/luxonomy.net\/es\/wp-json\/wp\/v2\/users\/13"}],"replies":[{"embeddable":true,"href":"https:\/\/luxonomy.net\/es\/wp-json\/wp\/v2\/comments?post=53898"}],"version-history":[{"count":14,"href":"https:\/\/luxonomy.net\/es\/wp-json\/wp\/v2\/posts\/53898\/revisions"}],"predecessor-version":[{"id":53916,"href":"https:\/\/luxonomy.net\/es\/wp-json\/wp\/v2\/posts\/53898\/revisions\/53916"}],"wp:featuredmedia":[{"embeddable":true,"href":"https:\/\/luxonomy.net\/es\/wp-json\/wp\/v2\/media\/53907"}],"wp:attachment":[{"href":"https:\/\/luxonomy.net\/es\/wp-json\/wp\/v2\/media?parent=53898"}],"wp:term":[{"taxonomy":"category","embeddable":true,"href":"https:\/\/luxonomy.net\/es\/wp-json\/wp\/v2\/categories?post=53898"},{"taxonomy":"post_tag","embeddable":true,"href":"https:\/\/luxonomy.net\/es\/wp-json\/wp\/v2\/tags?post=53898"},{"taxonomy":"thb-sponsors","embeddable":true,"href":"https:\/\/luxonomy.net\/es\/wp-json\/wp\/v2\/thb-sponsors?post=53898"}],"curies":[{"name":"wp","href":"https:\/\/api.w.org\/{rel}","templated":true}]}}