{"id":52676,"date":"2024-05-07T12:45:00","date_gmt":"2024-05-07T10:45:00","guid":{"rendered":"https:\/?p=52676"},"modified":"2024-05-22T15:05:35","modified_gmt":"2024-05-22T13:05:35","slug":"live-webinar-analisis-del-mercado-de-la-moda","status":"publish","type":"post","link":"https:\/\/luxonomy.net\/es\/live-webinar-analisis-del-mercado-de-la-moda\/","title":{"rendered":"Live Webinar: An\u00e1lisis del Mercado de la Moda"},"content":{"rendered":"<p>El pr\u00f3ximo <strong>22 de mayo a las 14h. de Madrid<\/strong>, celebraremos un nuevo <strong>Live Webinar<\/strong>, en este caso con la tem\u00e1tica <strong>&#8220;An\u00e1lisis del Mercado de la Moda&#8221;<\/strong>. Para ello, contaremos con la presencia de <strong>Pablo L\u00f3pez, CEO &amp; Co-founder de SILBON<\/strong>.<\/p>\n<p><strong>Analizaremos<\/strong> c\u00f3mo ha evolucionado el mercado de la moda, qu\u00e9 papel juegan la tecnolog\u00eda, la digitalizaci\u00f3n y la sostenibilidad, desaf\u00edos y oportunidades del sector, el futuro del comercio minorista f\u00edsico frente al comercio electr\u00f3nico en la industria de la moda, c\u00f3mo ha impactado la globalizaci\u00f3n en la cadena de suministro y la log\u00edstica, estrategias de marketing&#8230;<\/p>\n<h3>Pablo L\u00f3pez<\/h3>\n<p>Licenciado en ADE por <strong>ETEA<\/strong>, actual <strong>Loyola<\/strong>, desarroll\u00f3 buena parte de su carrera de financiero entre multinacionales y grupos industriales del pa\u00eds, como <strong>Deloitte, Grupo S\u00e1nchez \u2013 Ramade o Grupo Montealto<\/strong>.<\/p><div id=\"luxon-1156899248\" class=\"luxon-3er-parrafo luxon-entity-placement\" style=\"margin-top: 20px;margin-bottom: 20px;margin-left: auto;margin-right: auto;text-align: center;\"><a href=\"https:\/\/luxonomy.university\/course\/master-turismo-de-lujo\" target=\"_blank\" aria-label=\"master-turismo-lujo-2026-2027\"><img loading=\"lazy\" decoding=\"async\" src=\"https:\/\/i0.wp.com\/luxonomy.net\/wp-content\/uploads\/2020\/07\/master-turismo-lujo-2026-2027.jpg?fit=1672%2C941&#038;ssl=1\" alt=\"\"  srcset=\"https:\/\/i0.wp.com\/luxonomy.net\/wp-content\/uploads\/2020\/07\/master-turismo-lujo-2026-2027.jpg?w=1672&ssl=1 1672w, https:\/\/i0.wp.com\/luxonomy.net\/wp-content\/uploads\/2020\/07\/master-turismo-lujo-2026-2027.jpg?resize=300%2C169&ssl=1 300w, https:\/\/i0.wp.com\/luxonomy.net\/wp-content\/uploads\/2020\/07\/master-turismo-lujo-2026-2027.jpg?resize=1024%2C576&ssl=1 1024w, https:\/\/i0.wp.com\/luxonomy.net\/wp-content\/uploads\/2020\/07\/master-turismo-lujo-2026-2027.jpg?resize=768%2C432&ssl=1 768w, https:\/\/i0.wp.com\/luxonomy.net\/wp-content\/uploads\/2020\/07\/master-turismo-lujo-2026-2027.jpg?resize=1536%2C864&ssl=1 1536w, https:\/\/i0.wp.com\/luxonomy.net\/wp-content\/uploads\/2020\/07\/master-turismo-lujo-2026-2027.jpg?resize=370%2C208&ssl=1 370w, https:\/\/i0.wp.com\/luxonomy.net\/wp-content\/uploads\/2020\/07\/master-turismo-lujo-2026-2027.jpg?resize=800%2C450&ssl=1 800w, https:\/\/i0.wp.com\/luxonomy.net\/wp-content\/uploads\/2020\/07\/master-turismo-lujo-2026-2027.jpg?resize=20%2C11&ssl=1 20w, https:\/\/i0.wp.com\/luxonomy.net\/wp-content\/uploads\/2020\/07\/master-turismo-lujo-2026-2027.jpg?resize=740%2C416&ssl=1 740w, https:\/\/i0.wp.com\/luxonomy.net\/wp-content\/uploads\/2020\/07\/master-turismo-lujo-2026-2027.jpg?resize=1600%2C900&ssl=1 1600w, https:\/\/i0.wp.com\/luxonomy.net\/wp-content\/uploads\/2020\/07\/master-turismo-lujo-2026-2027.jpg?resize=1200%2C675&ssl=1 1200w, https:\/\/i0.wp.com\/luxonomy.net\/wp-content\/uploads\/2020\/07\/master-turismo-lujo-2026-2027.jpg?resize=85%2C48&ssl=1 85w\" sizes=\"(max-width: 1170px) 100vw, 1170px\" class=\"no-lazyload\" width=\"1672\" height=\"941\"   \/><\/a><\/div>\n<p>Sin embargo, en <strong>2009<\/strong>, con <strong>casi 30 a\u00f1os y solo 3.000 euros<\/strong>, acompa\u00f1ado por un <strong>amigo<\/strong>, decide dar un nuevo rumbo a su vida y apostar todo a un sue\u00f1o que ya era mucho m\u00e1s que un hobby: <strong>crear su propia l\u00ednea de sastrer\u00eda para hombre<\/strong>.<\/p>\n<p>En un <strong>peque\u00f1o showroom<\/strong>, el piso donde vivieron sus abuelos paternos, en <strong>C\u00f3rdoba<\/strong>, ver\u00edan la luz sus primeras americanas, iniciando la aventura de hacerse un hueco en el impredecible mundo de la moda.<\/p>\n<p><strong>Hoy en d\u00eda, en SILBON<\/strong> sigue liderando el proyecto, y la empresa cuenta ya con <strong>m\u00e1s de 90 puntos de venta<\/strong> en tres formatos distintos, tiendas f\u00edsicas, corners del Corte Ingl\u00e9s y Outlets, todas en pleno rendimiento, repartidas por todo el pa\u00eds, m\u00e1s una red de distribuci\u00f3n de tiendas multimarca por todo <strong>Espa\u00f1a<\/strong>, m\u00e1s 2 tiendas propias en <strong>Par\u00eds<\/strong>, 2 Corners en <strong>Portugal<\/strong> dentro de los Corte Ingl\u00e9s de Oporto y Lisboa, 3 Corners en <strong>M\u00e9xico<\/strong> dentro de Palacio de Hierro y 1 <strong>tienda online<\/strong> que factur\u00f3 en 2023 casi el 30% del total de las ventas de la compa\u00f1\u00eda.<\/p>\n<p>La visi\u00f3n ut\u00f3pica de aquellos locos con anhelos emprendedores ha <strong>cerrado 2023 con una facturaci\u00f3n bruta de m\u00e1s de 50 millones<\/strong> de euros y consolidados <strong>planes de expansi\u00f3n fuera y dentro de nuestras fronteras<\/strong>.<\/p><div id=\"luxon-2384595448\" class=\"luxon-7-parrafo luxon-entity-placement\" style=\"margin-top: 20px;margin-bottom: 20px;margin-left: auto;margin-right: auto;text-align: center;\"><a href=\"https:\/\/theintelligence.institute\/course\/inteligencia-artificial-para-directivos\" target=\"_blank\" aria-label=\"CSIAD_empresas_THEI_horizontal_4x3_v5\"><img loading=\"lazy\" decoding=\"async\" src=\"https:\/\/i0.wp.com\/luxonomy.net\/wp-content\/uploads\/2025\/08\/CSIAD_empresas_THEI_horizontal_4x3_v5.png?fit=2000%2C1500&#038;ssl=1\" alt=\"\"  srcset=\"https:\/\/i0.wp.com\/luxonomy.net\/wp-content\/uploads\/2025\/08\/CSIAD_empresas_THEI_horizontal_4x3_v5.png?w=2000&ssl=1 2000w, https:\/\/i0.wp.com\/luxonomy.net\/wp-content\/uploads\/2025\/08\/CSIAD_empresas_THEI_horizontal_4x3_v5.png?resize=300%2C225&ssl=1 300w, https:\/\/i0.wp.com\/luxonomy.net\/wp-content\/uploads\/2025\/08\/CSIAD_empresas_THEI_horizontal_4x3_v5.png?resize=1024%2C768&ssl=1 1024w, https:\/\/i0.wp.com\/luxonomy.net\/wp-content\/uploads\/2025\/08\/CSIAD_empresas_THEI_horizontal_4x3_v5.png?resize=768%2C576&ssl=1 768w, https:\/\/i0.wp.com\/luxonomy.net\/wp-content\/uploads\/2025\/08\/CSIAD_empresas_THEI_horizontal_4x3_v5.png?resize=1536%2C1152&ssl=1 1536w, https:\/\/i0.wp.com\/luxonomy.net\/wp-content\/uploads\/2025\/08\/CSIAD_empresas_THEI_horizontal_4x3_v5.png?resize=370%2C278&ssl=1 370w, https:\/\/i0.wp.com\/luxonomy.net\/wp-content\/uploads\/2025\/08\/CSIAD_empresas_THEI_horizontal_4x3_v5.png?resize=800%2C600&ssl=1 800w, https:\/\/i0.wp.com\/luxonomy.net\/wp-content\/uploads\/2025\/08\/CSIAD_empresas_THEI_horizontal_4x3_v5.png?resize=20%2C15&ssl=1 20w, https:\/\/i0.wp.com\/luxonomy.net\/wp-content\/uploads\/2025\/08\/CSIAD_empresas_THEI_horizontal_4x3_v5.png?resize=740%2C555&ssl=1 740w, https:\/\/i0.wp.com\/luxonomy.net\/wp-content\/uploads\/2025\/08\/CSIAD_empresas_THEI_horizontal_4x3_v5.png?resize=1600%2C1200&ssl=1 1600w, https:\/\/i0.wp.com\/luxonomy.net\/wp-content\/uploads\/2025\/08\/CSIAD_empresas_THEI_horizontal_4x3_v5.png?resize=1200%2C900&ssl=1 1200w, https:\/\/i0.wp.com\/luxonomy.net\/wp-content\/uploads\/2025\/08\/CSIAD_empresas_THEI_horizontal_4x3_v5.png?resize=64%2C48&ssl=1 64w\" sizes=\"(max-width: 1170px) 100vw, 1170px\" class=\"no-lazyload\" width=\"2000\" height=\"1500\"   \/><\/a><\/div>\n","protected":false},"excerpt":{"rendered":"<p>El pr\u00f3ximo 22 de mayo a las 14h. de Madrid, celebraremos un nuevo Live Webinar, en este caso con la tem\u00e1tica &#8220;An\u00e1lisis del Mercado de la Moda&#8221;. Para ello, contaremos con la presencia de Pablo L\u00f3pez, CEO &amp; Co-founder de SILBON. Analizaremos c\u00f3mo ha evolucionado el mercado de la moda, qu\u00e9 papel juegan la tecnolog\u00eda,&hellip;<\/p>\n","protected":false},"author":1,"featured_media":53028,"comment_status":"open","ping_status":"open","sticky":false,"template":"","format":"standard","meta":{"_jetpack_newsletter_access":"","_jetpack_dont_email_post_to_subs":false,"_jetpack_newsletter_tier_id":0,"_jetpack_memberships_contains_paywalled_content":false,"_jetpack_feature_clip_id":0,"_jetpack_memberships_contains_paid_content":false,"footnotes":"","jetpack_publicize_message":"","jetpack_publicize_feature_enabled":true,"jetpack_social_post_already_shared":true,"jetpack_social_options":{"image_generator_settings":{"template":"edge","default_image_id":0,"font":"","enabled":false},"version":2},"jetpack_post_was_ever_published":false},"categories":[227,534],"tags":[228,586,1920,1581],"thb-sponsors":[],"class_list":["post-52676","post","type-post","status-publish","format-standard","has-post-thumbnail","hentry","category-eventos","category-moda","tag-eventos","tag-moda","tag-pablo-lopez","tag-silbon"],"yoast_head":"<!-- This site is optimized with the Yoast SEO plugin v28.3 - https:\/\/yoast.com\/product\/yoast-seo-wordpress\/ -->\n<title>Live Webinar: An\u00e1lisis del Mercado de la Moda | LUXONOMY<\/title>\n<meta name=\"robots\" content=\"index, follow, max-snippet:-1, max-image-preview:large, max-video-preview:-1\" \/>\n<link rel=\"canonical\" href=\"https:\/\/luxonomy.net\/es\/live-webinar-analisis-del-mercado-de-la-moda\/\" \/>\n<meta property=\"og:locale\" content=\"es_ES\" \/>\n<meta property=\"og:type\" content=\"article\" \/>\n<meta property=\"og:title\" content=\"Live Webinar: An\u00e1lisis del Mercado de la Moda | LUXONOMY\" \/>\n<meta property=\"og:description\" content=\"El pr\u00f3ximo 22 de mayo a las 14h. de Madrid, celebraremos un nuevo Live Webinar, en este caso con la tem\u00e1tica &#8220;An\u00e1lisis del Mercado de la Moda&#8221;. Para ello, contaremos con la presencia de Pablo L\u00f3pez, CEO &amp; Co-founder de SILBON. Analizaremos c\u00f3mo ha evolucionado el mercado de la moda, qu\u00e9 papel juegan la tecnolog\u00eda,&hellip;\" \/>\n<meta property=\"og:url\" content=\"https:\/\/luxonomy.net\/es\/live-webinar-analisis-del-mercado-de-la-moda\/\" \/>\n<meta property=\"og:site_name\" content=\"LUXONOMY\" \/>\n<meta property=\"article:publisher\" content=\"https:\/\/www.facebook.com\/luxonomy\" \/>\n<meta property=\"article:published_time\" content=\"2024-05-07T10:45:00+00:00\" \/>\n<meta property=\"article:modified_time\" content=\"2024-05-22T13:05:35+00:00\" \/>\n<meta property=\"og:image\" content=\"https:\/\/i0.wp.com\/luxonomy.net\/wp-content\/uploads\/2024\/04\/LIVE-WEBINAR-PABLO.png?fit=1640%2C924&quality=80&ssl=1\" \/>\n\t<meta property=\"og:image:width\" content=\"1640\" \/>\n\t<meta property=\"og:image:height\" content=\"924\" \/>\n\t<meta property=\"og:image:type\" content=\"image\/png\" \/>\n<meta name=\"author\" content=\"LUXONOMY\" \/>\n<meta name=\"twitter:card\" content=\"summary_large_image\" \/>\n<meta name=\"twitter:label1\" content=\"Escrito por\" \/>\n\t<meta name=\"twitter:data1\" content=\"LUXONOMY\" \/>\n\t<meta name=\"twitter:label2\" content=\"Tiempo de lectura\" \/>\n\t<meta name=\"twitter:data2\" content=\"2 minutos\" \/>\n<script type=\"application\/ld+json\" class=\"yoast-schema-graph\">{\"@context\":\"https:\\\/\\\/schema.org\",\"@graph\":[{\"@type\":\"Article\",\"@id\":\"https:\\\/\\\/luxonomy.net\\\/es\\\/live-webinar-analisis-del-mercado-de-la-moda\\\/#article\",\"isPartOf\":{\"@id\":\"https:\\\/\\\/luxonomy.net\\\/es\\\/live-webinar-analisis-del-mercado-de-la-moda\\\/\"},\"author\":{\"name\":\"LUXONOMY\",\"@id\":\"https:\\\/\\\/luxonomy.net\\\/es\\\/#\\\/schema\\\/person\\\/ca588d8b741a1fdd9065289c8d98ee8c\"},\"headline\":\"Live Webinar: An\u00e1lisis del Mercado de la Moda\",\"datePublished\":\"2024-05-07T10:45:00+00:00\",\"dateModified\":\"2024-05-22T13:05:35+00:00\",\"mainEntityOfPage\":{\"@id\":\"https:\\\/\\\/luxonomy.net\\\/es\\\/live-webinar-analisis-del-mercado-de-la-moda\\\/\"},\"wordCount\":381,\"commentCount\":0,\"publisher\":{\"@id\":\"https:\\\/\\\/luxonomy.net\\\/es\\\/#organization\"},\"image\":{\"@id\":\"https:\\\/\\\/luxonomy.net\\\/es\\\/live-webinar-analisis-del-mercado-de-la-moda\\\/#primaryimage\"},\"thumbnailUrl\":\"https:\\\/\\\/i0.wp.com\\\/luxonomy.net\\\/wp-content\\\/uploads\\\/2024\\\/04\\\/LIVE-WEBINAR-PABLO.png?fit=1640%2C924&ssl=1\",\"keywords\":[\"Eventos\",\"Moda\",\"Pablo L\u00f3pez\",\"silbon\"],\"articleSection\":[\"Eventos\",\"Moda\"],\"inLanguage\":\"es\",\"potentialAction\":[{\"@type\":\"CommentAction\",\"name\":\"Comment\",\"target\":[\"https:\\\/\\\/luxonomy.net\\\/es\\\/live-webinar-analisis-del-mercado-de-la-moda\\\/#respond\"]}]},{\"@type\":\"WebPage\",\"@id\":\"https:\\\/\\\/luxonomy.net\\\/es\\\/live-webinar-analisis-del-mercado-de-la-moda\\\/\",\"url\":\"https:\\\/\\\/luxonomy.net\\\/es\\\/live-webinar-analisis-del-mercado-de-la-moda\\\/\",\"name\":\"Live Webinar: An\u00e1lisis del Mercado de la Moda | LUXONOMY\",\"isPartOf\":{\"@id\":\"https:\\\/\\\/luxonomy.net\\\/es\\\/#website\"},\"primaryImageOfPage\":{\"@id\":\"https:\\\/\\\/luxonomy.net\\\/es\\\/live-webinar-analisis-del-mercado-de-la-moda\\\/#primaryimage\"},\"image\":{\"@id\":\"https:\\\/\\\/luxonomy.net\\\/es\\\/live-webinar-analisis-del-mercado-de-la-moda\\\/#primaryimage\"},\"thumbnailUrl\":\"https:\\\/\\\/i0.wp.com\\\/luxonomy.net\\\/wp-content\\\/uploads\\\/2024\\\/04\\\/LIVE-WEBINAR-PABLO.png?fit=1640%2C924&ssl=1\",\"datePublished\":\"2024-05-07T10:45:00+00:00\",\"dateModified\":\"2024-05-22T13:05:35+00:00\",\"breadcrumb\":{\"@id\":\"https:\\\/\\\/luxonomy.net\\\/es\\\/live-webinar-analisis-del-mercado-de-la-moda\\\/#breadcrumb\"},\"inLanguage\":\"es\",\"potentialAction\":[{\"@type\":\"ReadAction\",\"target\":[\"https:\\\/\\\/luxonomy.net\\\/es\\\/live-webinar-analisis-del-mercado-de-la-moda\\\/\"]}]},{\"@type\":\"ImageObject\",\"inLanguage\":\"es\",\"@id\":\"https:\\\/\\\/luxonomy.net\\\/es\\\/live-webinar-analisis-del-mercado-de-la-moda\\\/#primaryimage\",\"url\":\"https:\\\/\\\/i0.wp.com\\\/luxonomy.net\\\/wp-content\\\/uploads\\\/2024\\\/04\\\/LIVE-WEBINAR-PABLO.png?fit=1640%2C924&ssl=1\",\"contentUrl\":\"https:\\\/\\\/i0.wp.com\\\/luxonomy.net\\\/wp-content\\\/uploads\\\/2024\\\/04\\\/LIVE-WEBINAR-PABLO.png?fit=1640%2C924&ssl=1\",\"width\":1640,\"height\":924},{\"@type\":\"BreadcrumbList\",\"@id\":\"https:\\\/\\\/luxonomy.net\\\/es\\\/live-webinar-analisis-del-mercado-de-la-moda\\\/#breadcrumb\",\"itemListElement\":[{\"@type\":\"ListItem\",\"position\":1,\"name\":\"Portada\",\"item\":\"https:\\\/\\\/luxonomy.net\\\/es\\\/\"},{\"@type\":\"ListItem\",\"position\":2,\"name\":\"Live Webinar: An\u00e1lisis del Mercado de la Moda\"}]},{\"@type\":\"WebSite\",\"@id\":\"https:\\\/\\\/luxonomy.net\\\/es\\\/#website\",\"url\":\"https:\\\/\\\/luxonomy.net\\\/es\\\/\",\"name\":\"LUXONOMY\",\"description\":\"The Economy of Fashion &amp; Luxury\",\"publisher\":{\"@id\":\"https:\\\/\\\/luxonomy.net\\\/es\\\/#organization\"},\"potentialAction\":[{\"@type\":\"SearchAction\",\"target\":{\"@type\":\"EntryPoint\",\"urlTemplate\":\"https:\\\/\\\/luxonomy.net\\\/es\\\/?s={search_term_string}\"},\"query-input\":{\"@type\":\"PropertyValueSpecification\",\"valueRequired\":true,\"valueName\":\"search_term_string\"}}],\"inLanguage\":\"es\"},{\"@type\":\"Organization\",\"@id\":\"https:\\\/\\\/luxonomy.net\\\/es\\\/#organization\",\"name\":\"LUXONOMY\",\"url\":\"https:\\\/\\\/luxonomy.net\\\/es\\\/\",\"logo\":{\"@type\":\"ImageObject\",\"inLanguage\":\"es\",\"@id\":\"https:\\\/\\\/luxonomy.net\\\/es\\\/#\\\/schema\\\/logo\\\/image\\\/\",\"url\":\"https:\\\/\\\/i2.wp.com\\\/luxonomy.net\\\/wp-content\\\/uploads\\\/2021\\\/09\\\/MOCKUP-TODOS-LUXONOMY.jpg?fit=1000%2C515&ssl=1\",\"contentUrl\":\"https:\\\/\\\/i2.wp.com\\\/luxonomy.net\\\/wp-content\\\/uploads\\\/2021\\\/09\\\/MOCKUP-TODOS-LUXONOMY.jpg?fit=1000%2C515&ssl=1\",\"width\":1000,\"height\":515,\"caption\":\"LUXONOMY\"},\"image\":{\"@id\":\"https:\\\/\\\/luxonomy.net\\\/es\\\/#\\\/schema\\\/logo\\\/image\\\/\"},\"sameAs\":[\"https:\\\/\\\/www.facebook.com\\\/luxonomy\",\"https:\\\/\\\/www.instagram.com\\\/luxonomy\\\/\",\"https:\\\/\\\/www.linkedin.com\\\/company\\\/luxonomy\\\/\"]},{\"@type\":\"Person\",\"@id\":\"https:\\\/\\\/luxonomy.net\\\/es\\\/#\\\/schema\\\/person\\\/ca588d8b741a1fdd9065289c8d98ee8c\",\"name\":\"LUXONOMY\",\"image\":{\"@type\":\"ImageObject\",\"inLanguage\":\"es\",\"@id\":\"https:\\\/\\\/luxonomy.net\\\/wp-content\\\/litespeed\\\/avatar\\\/a6436cdb14fdaf9c21808e63d0da2055.jpg?ver=1787761934\",\"url\":\"https:\\\/\\\/luxonomy.net\\\/wp-content\\\/litespeed\\\/avatar\\\/a6436cdb14fdaf9c21808e63d0da2055.jpg?ver=1787761934\",\"contentUrl\":\"https:\\\/\\\/luxonomy.net\\\/wp-content\\\/litespeed\\\/avatar\\\/a6436cdb14fdaf9c21808e63d0da2055.jpg?ver=1787761934\",\"caption\":\"LUXONOMY\"},\"sameAs\":[\"https:\\\/\"],\"url\":\"https:\\\/\\\/luxonomy.net\\\/es\\\/author\\\/luxonomy\\\/\"}]}<\/script>\n<!-- \/ Yoast SEO plugin. -->","yoast_head_json":{"title":"Live Webinar: An\u00e1lisis del Mercado de la Moda | LUXONOMY","robots":{"index":"index","follow":"follow","max-snippet":"max-snippet:-1","max-image-preview":"max-image-preview:large","max-video-preview":"max-video-preview:-1"},"canonical":"https:\/\/luxonomy.net\/es\/live-webinar-analisis-del-mercado-de-la-moda\/","og_locale":"es_ES","og_type":"article","og_title":"Live Webinar: An\u00e1lisis del Mercado de la Moda | LUXONOMY","og_description":"El pr\u00f3ximo 22 de mayo a las 14h. de Madrid, celebraremos un nuevo Live Webinar, en este caso con la tem\u00e1tica &#8220;An\u00e1lisis del Mercado de la Moda&#8221;. Para ello, contaremos con la presencia de Pablo L\u00f3pez, CEO &amp; Co-founder de SILBON. Analizaremos c\u00f3mo ha evolucionado el mercado de la moda, qu\u00e9 papel juegan la tecnolog\u00eda,&hellip;","og_url":"https:\/\/luxonomy.net\/es\/live-webinar-analisis-del-mercado-de-la-moda\/","og_site_name":"LUXONOMY","article_publisher":"https:\/\/www.facebook.com\/luxonomy","article_published_time":"2024-05-07T10:45:00+00:00","article_modified_time":"2024-05-22T13:05:35+00:00","og_image":[{"width":1640,"height":924,"url":"https:\/\/i0.wp.com\/luxonomy.net\/wp-content\/uploads\/2024\/04\/LIVE-WEBINAR-PABLO.png?fit=1640%2C924&quality=80&ssl=1","type":"image\/png"}],"author":"LUXONOMY","twitter_card":"summary_large_image","twitter_misc":{"Escrito por":"LUXONOMY","Tiempo de lectura":"2 minutos"},"schema":{"@context":"https:\/\/schema.org","@graph":[{"@type":"Article","@id":"https:\/\/luxonomy.net\/es\/live-webinar-analisis-del-mercado-de-la-moda\/#article","isPartOf":{"@id":"https:\/\/luxonomy.net\/es\/live-webinar-analisis-del-mercado-de-la-moda\/"},"author":{"name":"LUXONOMY","@id":"https:\/\/luxonomy.net\/es\/#\/schema\/person\/ca588d8b741a1fdd9065289c8d98ee8c"},"headline":"Live Webinar: An\u00e1lisis del Mercado de la Moda","datePublished":"2024-05-07T10:45:00+00:00","dateModified":"2024-05-22T13:05:35+00:00","mainEntityOfPage":{"@id":"https:\/\/luxonomy.net\/es\/live-webinar-analisis-del-mercado-de-la-moda\/"},"wordCount":381,"commentCount":0,"publisher":{"@id":"https:\/\/luxonomy.net\/es\/#organization"},"image":{"@id":"https:\/\/luxonomy.net\/es\/live-webinar-analisis-del-mercado-de-la-moda\/#primaryimage"},"thumbnailUrl":"https:\/\/i0.wp.com\/luxonomy.net\/wp-content\/uploads\/2024\/04\/LIVE-WEBINAR-PABLO.png?fit=1640%2C924&ssl=1","keywords":["Eventos","Moda","Pablo L\u00f3pez","silbon"],"articleSection":["Eventos","Moda"],"inLanguage":"es","potentialAction":[{"@type":"CommentAction","name":"Comment","target":["https:\/\/luxonomy.net\/es\/live-webinar-analisis-del-mercado-de-la-moda\/#respond"]}]},{"@type":"WebPage","@id":"https:\/\/luxonomy.net\/es\/live-webinar-analisis-del-mercado-de-la-moda\/","url":"https:\/\/luxonomy.net\/es\/live-webinar-analisis-del-mercado-de-la-moda\/","name":"Live Webinar: An\u00e1lisis del Mercado de la Moda | LUXONOMY","isPartOf":{"@id":"https:\/\/luxonomy.net\/es\/#website"},"primaryImageOfPage":{"@id":"https:\/\/luxonomy.net\/es\/live-webinar-analisis-del-mercado-de-la-moda\/#primaryimage"},"image":{"@id":"https:\/\/luxonomy.net\/es\/live-webinar-analisis-del-mercado-de-la-moda\/#primaryimage"},"thumbnailUrl":"https:\/\/i0.wp.com\/luxonomy.net\/wp-content\/uploads\/2024\/04\/LIVE-WEBINAR-PABLO.png?fit=1640%2C924&ssl=1","datePublished":"2024-05-07T10:45:00+00:00","dateModified":"2024-05-22T13:05:35+00:00","breadcrumb":{"@id":"https:\/\/luxonomy.net\/es\/live-webinar-analisis-del-mercado-de-la-moda\/#breadcrumb"},"inLanguage":"es","potentialAction":[{"@type":"ReadAction","target":["https:\/\/luxonomy.net\/es\/live-webinar-analisis-del-mercado-de-la-moda\/"]}]},{"@type":"ImageObject","inLanguage":"es","@id":"https:\/\/luxonomy.net\/es\/live-webinar-analisis-del-mercado-de-la-moda\/#primaryimage","url":"https:\/\/i0.wp.com\/luxonomy.net\/wp-content\/uploads\/2024\/04\/LIVE-WEBINAR-PABLO.png?fit=1640%2C924&ssl=1","contentUrl":"https:\/\/i0.wp.com\/luxonomy.net\/wp-content\/uploads\/2024\/04\/LIVE-WEBINAR-PABLO.png?fit=1640%2C924&ssl=1","width":1640,"height":924},{"@type":"BreadcrumbList","@id":"https:\/\/luxonomy.net\/es\/live-webinar-analisis-del-mercado-de-la-moda\/#breadcrumb","itemListElement":[{"@type":"ListItem","position":1,"name":"Portada","item":"https:\/\/luxonomy.net\/es\/"},{"@type":"ListItem","position":2,"name":"Live Webinar: An\u00e1lisis del Mercado de la Moda"}]},{"@type":"WebSite","@id":"https:\/\/luxonomy.net\/es\/#website","url":"https:\/\/luxonomy.net\/es\/","name":"LUXONOMY","description":"The Economy of Fashion &amp; Luxury","publisher":{"@id":"https:\/\/luxonomy.net\/es\/#organization"},"potentialAction":[{"@type":"SearchAction","target":{"@type":"EntryPoint","urlTemplate":"https:\/\/luxonomy.net\/es\/?s={search_term_string}"},"query-input":{"@type":"PropertyValueSpecification","valueRequired":true,"valueName":"search_term_string"}}],"inLanguage":"es"},{"@type":"Organization","@id":"https:\/\/luxonomy.net\/es\/#organization","name":"LUXONOMY","url":"https:\/\/luxonomy.net\/es\/","logo":{"@type":"ImageObject","inLanguage":"es","@id":"https:\/\/luxonomy.net\/es\/#\/schema\/logo\/image\/","url":"https:\/\/i2.wp.com\/luxonomy.net\/wp-content\/uploads\/2021\/09\/MOCKUP-TODOS-LUXONOMY.jpg?fit=1000%2C515&ssl=1","contentUrl":"https:\/\/i2.wp.com\/luxonomy.net\/wp-content\/uploads\/2021\/09\/MOCKUP-TODOS-LUXONOMY.jpg?fit=1000%2C515&ssl=1","width":1000,"height":515,"caption":"LUXONOMY"},"image":{"@id":"https:\/\/luxonomy.net\/es\/#\/schema\/logo\/image\/"},"sameAs":["https:\/\/www.facebook.com\/luxonomy","https:\/\/www.instagram.com\/luxonomy\/","https:\/\/www.linkedin.com\/company\/luxonomy\/"]},{"@type":"Person","@id":"https:\/\/luxonomy.net\/es\/#\/schema\/person\/ca588d8b741a1fdd9065289c8d98ee8c","name":"LUXONOMY","image":{"@type":"ImageObject","inLanguage":"es","@id":"https:\/\/luxonomy.net\/wp-content\/litespeed\/avatar\/a6436cdb14fdaf9c21808e63d0da2055.jpg?ver=1787761934","url":"https:\/\/luxonomy.net\/wp-content\/litespeed\/avatar\/a6436cdb14fdaf9c21808e63d0da2055.jpg?ver=1787761934","contentUrl":"https:\/\/luxonomy.net\/wp-content\/litespeed\/avatar\/a6436cdb14fdaf9c21808e63d0da2055.jpg?ver=1787761934","caption":"LUXONOMY"},"sameAs":["https:\/"],"url":"https:\/\/luxonomy.net\/es\/author\/luxonomy\/"}]}},"jetpack_publicize_connections":[],"jetpack_shortlink":"https:\/\/wp.me\/paPhBa-dHC","jetpack_sharing_enabled":true,"jetpack_featured_media_url":"https:\/\/i0.wp.com\/luxonomy.net\/wp-content\/uploads\/2024\/04\/LIVE-WEBINAR-PABLO.png?fit=1640%2C924&ssl=1","_links":{"self":[{"href":"https:\/\/luxonomy.net\/es\/wp-json\/wp\/v2\/posts\/52676","targetHints":{"allow":["GET"]}}],"collection":[{"href":"https:\/\/luxonomy.net\/es\/wp-json\/wp\/v2\/posts"}],"about":[{"href":"https:\/\/luxonomy.net\/es\/wp-json\/wp\/v2\/types\/post"}],"author":[{"embeddable":true,"href":"https:\/\/luxonomy.net\/es\/wp-json\/wp\/v2\/users\/1"}],"replies":[{"embeddable":true,"href":"https:\/\/luxonomy.net\/es\/wp-json\/wp\/v2\/comments?post=52676"}],"version-history":[{"count":11,"href":"https:\/\/luxonomy.net\/es\/wp-json\/wp\/v2\/posts\/52676\/revisions"}],"predecessor-version":[{"id":53387,"href":"https:\/\/luxonomy.net\/es\/wp-json\/wp\/v2\/posts\/52676\/revisions\/53387"}],"wp:featuredmedia":[{"embeddable":true,"href":"https:\/\/luxonomy.net\/es\/wp-json\/wp\/v2\/media\/53028"}],"wp:attachment":[{"href":"https:\/\/luxonomy.net\/es\/wp-json\/wp\/v2\/media?parent=52676"}],"wp:term":[{"taxonomy":"category","embeddable":true,"href":"https:\/\/luxonomy.net\/es\/wp-json\/wp\/v2\/categories?post=52676"},{"taxonomy":"post_tag","embeddable":true,"href":"https:\/\/luxonomy.net\/es\/wp-json\/wp\/v2\/tags?post=52676"},{"taxonomy":"thb-sponsors","embeddable":true,"href":"https:\/\/luxonomy.net\/es\/wp-json\/wp\/v2\/thb-sponsors?post=52676"}],"curies":[{"name":"wp","href":"https:\/\/api.w.org\/{rel}","templated":true}]}}