{"id":52445,"date":"2024-04-13T17:31:13","date_gmt":"2024-04-13T15:31:13","guid":{"rendered":"https:\/?p=52445"},"modified":"2024-04-13T18:24:42","modified_gmt":"2024-04-13T16:24:42","slug":"louis-vuitton-abre-de-nuevo-en-el-centro-comercial-times-square-en-hong-kong","status":"publish","type":"post","link":"https:\/\/luxonomy.net\/es\/louis-vuitton-abre-de-nuevo-en-el-centro-comercial-times-square-en-hong-kong\/","title":{"rendered":"Louis Vuitton abre de nuevo en el centro comercial Times Square en Hong Kong"},"content":{"rendered":"<p>Louis Vuitton ha confirmado su regreso al centro comercial Times Square en Hong Kong despu\u00e9s de una ausencia de tres a\u00f1os. Este retorno marca una expansi\u00f3n significativa y refleja una confianza renovada en el sector minorista de lujo, destacando el atractivo perdurable de Hong Kong como destino de compras global.<\/p>\n<p>El nuevo local de Louis Vuitton, que abarcar\u00e1 aproximadamente 12,000 pies cuadrados, est\u00e1 actualmente en construcci\u00f3n y se espera que abra sus puertas antes de Navidad. Aunque los detalles del alquiler no se han revelado, los expertos estiman un per\u00edodo de arrendamiento de m\u00e1s de cinco a\u00f1os, lo que refleja un compromiso a largo plazo con la ubicaci\u00f3n. Este movimiento ha impulsado la tasa de ocupaci\u00f3n de Times Square m\u00e1s all\u00e1 del 90%, un indicador significativo de la recuperaci\u00f3n del centro comercial.<\/p>\n<p>En el pasado, Louis Vuitton hab\u00eda establecido una presencia considerable en Times Square, con una tienda de 10,000 pies cuadrados que supuestamente comandaba un alquiler mensual de HK$5 millones. Sin embargo, la marca cerr\u00f3 sus puertas en marzo de 2021, en medio de un per\u00edodo de agitaci\u00f3n social y la pandemia, con informes que suger\u00edan que el cierre se debi\u00f3 a la negativa del propietario de la propiedad a reducir el alquiler.<\/p><div id=\"luxon-3517075348\" class=\"luxon-3er-parrafo luxon-entity-placement\" style=\"margin-top: 20px;margin-bottom: 20px;margin-left: auto;margin-right: auto;text-align: center;\"><a href=\"https:\/\/luxonomy.university\/course\/master-turismo-de-lujo\" target=\"_blank\" aria-label=\"master-turismo-lujo-2026-2027\"><img loading=\"lazy\" decoding=\"async\" src=\"https:\/\/i0.wp.com\/luxonomy.net\/wp-content\/uploads\/2020\/07\/master-turismo-lujo-2026-2027.jpg?fit=1672%2C941&#038;ssl=1\" alt=\"\"  srcset=\"https:\/\/i0.wp.com\/luxonomy.net\/wp-content\/uploads\/2020\/07\/master-turismo-lujo-2026-2027.jpg?w=1672&ssl=1 1672w, https:\/\/i0.wp.com\/luxonomy.net\/wp-content\/uploads\/2020\/07\/master-turismo-lujo-2026-2027.jpg?resize=300%2C169&ssl=1 300w, https:\/\/i0.wp.com\/luxonomy.net\/wp-content\/uploads\/2020\/07\/master-turismo-lujo-2026-2027.jpg?resize=1024%2C576&ssl=1 1024w, https:\/\/i0.wp.com\/luxonomy.net\/wp-content\/uploads\/2020\/07\/master-turismo-lujo-2026-2027.jpg?resize=768%2C432&ssl=1 768w, https:\/\/i0.wp.com\/luxonomy.net\/wp-content\/uploads\/2020\/07\/master-turismo-lujo-2026-2027.jpg?resize=1536%2C864&ssl=1 1536w, https:\/\/i0.wp.com\/luxonomy.net\/wp-content\/uploads\/2020\/07\/master-turismo-lujo-2026-2027.jpg?resize=370%2C208&ssl=1 370w, https:\/\/i0.wp.com\/luxonomy.net\/wp-content\/uploads\/2020\/07\/master-turismo-lujo-2026-2027.jpg?resize=800%2C450&ssl=1 800w, https:\/\/i0.wp.com\/luxonomy.net\/wp-content\/uploads\/2020\/07\/master-turismo-lujo-2026-2027.jpg?resize=20%2C11&ssl=1 20w, https:\/\/i0.wp.com\/luxonomy.net\/wp-content\/uploads\/2020\/07\/master-turismo-lujo-2026-2027.jpg?resize=740%2C416&ssl=1 740w, https:\/\/i0.wp.com\/luxonomy.net\/wp-content\/uploads\/2020\/07\/master-turismo-lujo-2026-2027.jpg?resize=1600%2C900&ssl=1 1600w, https:\/\/i0.wp.com\/luxonomy.net\/wp-content\/uploads\/2020\/07\/master-turismo-lujo-2026-2027.jpg?resize=1200%2C675&ssl=1 1200w, https:\/\/i0.wp.com\/luxonomy.net\/wp-content\/uploads\/2020\/07\/master-turismo-lujo-2026-2027.jpg?resize=85%2C48&ssl=1 85w\" sizes=\"(max-width: 1170px) 100vw, 1170px\" class=\"no-lazyload\" width=\"1672\" height=\"941\"   \/><\/a><\/div>\n<p>Ahora, con la nueva tienda que ser\u00e1 2,000 pies cuadrados m\u00e1s grande que la anterior, Louis Vuitton est\u00e1 haciendo una declaraci\u00f3n clara: est\u00e1 aqu\u00ed para quedarse y crecer en Hong Kong. El sector de lujo, aparentemente aislado de los desaf\u00edos econ\u00f3micos m\u00e1s amplios, contin\u00faa encontrando formas de prosperar.<\/p>\n<p>En febrero de este a\u00f1o, LVMH, la empresa matriz de Louis Vuitton, arrend\u00f3 dos pisos que suman 45,000 pies cuadrados en Taikoo Place de Quarry Bay por un alquiler mensual de m\u00e1s de HK$2 millones, consolidando a\u00fan m\u00e1s su huella en la ciudad.<\/p>\n<p>La reintroducci\u00f3n de Louis Vuitton en Times Square llega en un momento en que el paisaje minorista est\u00e1 experimentando una transformaci\u00f3n. Las grandes marcas est\u00e1n reconsiderando sus estrategias, con algunas optando por trasladarse de las calles principales a los centros comerciales, impulsadas por la proliferaci\u00f3n de farmacias y tiendas de cosm\u00e9ticos que han alterado la mezcla minorista en las \u00e1reas centrales.<\/p>\n<p>Como parte de una tendencia m\u00e1s amplia, las marcas de lujo est\u00e1n recalibrando su enfoque hacia el mercado chino, con Louis Vuitton recientemente aumentando los precios de productos seleccionados en un promedio del 6%. El movimiento parece ser parte de una estrategia para alinearse con la din\u00e1mica cambiante del consumo de lujo en China.<\/p><div id=\"luxon-1083876350\" class=\"luxon-7-parrafo luxon-entity-placement\" style=\"margin-top: 20px;margin-bottom: 20px;margin-left: auto;margin-right: auto;text-align: center;\"><a href=\"https:\/\/theintelligence.institute\/course\/inteligencia-artificial-para-directivos\" target=\"_blank\" aria-label=\"CSIAD_empresas_THEI_horizontal_4x3_v5\"><img loading=\"lazy\" decoding=\"async\" src=\"https:\/\/i0.wp.com\/luxonomy.net\/wp-content\/uploads\/2025\/08\/CSIAD_empresas_THEI_horizontal_4x3_v5.png?fit=2000%2C1500&#038;ssl=1\" alt=\"\"  srcset=\"https:\/\/i0.wp.com\/luxonomy.net\/wp-content\/uploads\/2025\/08\/CSIAD_empresas_THEI_horizontal_4x3_v5.png?w=2000&ssl=1 2000w, https:\/\/i0.wp.com\/luxonomy.net\/wp-content\/uploads\/2025\/08\/CSIAD_empresas_THEI_horizontal_4x3_v5.png?resize=300%2C225&ssl=1 300w, https:\/\/i0.wp.com\/luxonomy.net\/wp-content\/uploads\/2025\/08\/CSIAD_empresas_THEI_horizontal_4x3_v5.png?resize=1024%2C768&ssl=1 1024w, https:\/\/i0.wp.com\/luxonomy.net\/wp-content\/uploads\/2025\/08\/CSIAD_empresas_THEI_horizontal_4x3_v5.png?resize=768%2C576&ssl=1 768w, https:\/\/i0.wp.com\/luxonomy.net\/wp-content\/uploads\/2025\/08\/CSIAD_empresas_THEI_horizontal_4x3_v5.png?resize=1536%2C1152&ssl=1 1536w, https:\/\/i0.wp.com\/luxonomy.net\/wp-content\/uploads\/2025\/08\/CSIAD_empresas_THEI_horizontal_4x3_v5.png?resize=370%2C278&ssl=1 370w, https:\/\/i0.wp.com\/luxonomy.net\/wp-content\/uploads\/2025\/08\/CSIAD_empresas_THEI_horizontal_4x3_v5.png?resize=800%2C600&ssl=1 800w, https:\/\/i0.wp.com\/luxonomy.net\/wp-content\/uploads\/2025\/08\/CSIAD_empresas_THEI_horizontal_4x3_v5.png?resize=20%2C15&ssl=1 20w, https:\/\/i0.wp.com\/luxonomy.net\/wp-content\/uploads\/2025\/08\/CSIAD_empresas_THEI_horizontal_4x3_v5.png?resize=740%2C555&ssl=1 740w, https:\/\/i0.wp.com\/luxonomy.net\/wp-content\/uploads\/2025\/08\/CSIAD_empresas_THEI_horizontal_4x3_v5.png?resize=1600%2C1200&ssl=1 1600w, https:\/\/i0.wp.com\/luxonomy.net\/wp-content\/uploads\/2025\/08\/CSIAD_empresas_THEI_horizontal_4x3_v5.png?resize=1200%2C900&ssl=1 1200w, https:\/\/i0.wp.com\/luxonomy.net\/wp-content\/uploads\/2025\/08\/CSIAD_empresas_THEI_horizontal_4x3_v5.png?resize=64%2C48&ssl=1 64w\" sizes=\"(max-width: 1170px) 100vw, 1170px\" class=\"no-lazyload\" width=\"2000\" height=\"1500\"   \/><\/a><\/div>\n","protected":false},"excerpt":{"rendered":"<p>Louis Vuitton ha confirmado su regreso al centro comercial Times Square en Hong Kong despu\u00e9s de una ausencia de tres a\u00f1os. Este retorno marca una expansi\u00f3n significativa y refleja una confianza renovada en el sector minorista de lujo, destacando el atractivo perdurable de Hong Kong como destino de compras global. El nuevo local de Louis&hellip;<\/p>\n","protected":false},"author":13,"featured_media":52446,"comment_status":"open","ping_status":"open","sticky":false,"template":"","format":"standard","meta":{"_jetpack_newsletter_access":"","_jetpack_dont_email_post_to_subs":false,"_jetpack_newsletter_tier_id":0,"_jetpack_memberships_contains_paywalled_content":false,"_jetpack_feature_clip_id":0,"_jetpack_memberships_contains_paid_content":false,"footnotes":"","jetpack_publicize_message":"","jetpack_publicize_feature_enabled":true,"jetpack_social_post_already_shared":true,"jetpack_social_options":{"image_generator_settings":{"template":"edge","default_image_id":0,"font":"","enabled":false},"version":2},"jetpack_post_was_ever_published":false},"categories":[774,534],"tags":[793,660,585,586],"thb-sponsors":[],"class_list":["post-52445","post","type-post","status-publish","format-standard","has-post-thumbnail","hentry","category-asia","category-moda","tag-asia","tag-louis-vuitton","tag-lvmh","tag-moda"],"yoast_head":"<!-- This site is optimized with the Yoast SEO plugin v28.3 - https:\/\/yoast.com\/product\/yoast-seo-wordpress\/ -->\n<title>Louis Vuitton abre de nuevo en el centro comercial Times Square en Hong Kong | LUXONOMY<\/title>\n<meta name=\"robots\" content=\"index, follow, max-snippet:-1, max-image-preview:large, max-video-preview:-1\" \/>\n<link rel=\"canonical\" href=\"https:\/\/luxonomy.net\/es\/louis-vuitton-abre-de-nuevo-en-el-centro-comercial-times-square-en-hong-kong\/\" \/>\n<meta property=\"og:locale\" content=\"es_ES\" \/>\n<meta property=\"og:type\" content=\"article\" \/>\n<meta property=\"og:title\" content=\"Louis Vuitton abre de nuevo en el centro comercial Times Square en Hong Kong | LUXONOMY\" \/>\n<meta property=\"og:description\" content=\"Louis Vuitton ha confirmado su regreso al centro comercial Times Square en Hong Kong despu\u00e9s de una ausencia de tres a\u00f1os. Este retorno marca una expansi\u00f3n significativa y refleja una confianza renovada en el sector minorista de lujo, destacando el atractivo perdurable de Hong Kong como destino de compras global. El nuevo local de Louis&hellip;\" \/>\n<meta property=\"og:url\" content=\"https:\/\/luxonomy.net\/es\/louis-vuitton-abre-de-nuevo-en-el-centro-comercial-times-square-en-hong-kong\/\" \/>\n<meta property=\"og:site_name\" content=\"LUXONOMY\" \/>\n<meta property=\"article:publisher\" content=\"https:\/\/www.facebook.com\/luxonomy\" \/>\n<meta property=\"article:published_time\" content=\"2024-04-13T15:31:13+00:00\" \/>\n<meta property=\"article:modified_time\" content=\"2024-04-13T16:24:42+00:00\" \/>\n<meta property=\"og:image\" content=\"https:\/\/i0.wp.com\/luxonomy.net\/wp-content\/uploads\/2024\/04\/Louis-Vuitton-abre-de-nuevo-en-el-centro-comercial-Times-Square-en-Hong-Kong-scaled.jpg?fit=2560%2C1706&quality=89&ssl=1\" \/>\n\t<meta property=\"og:image:width\" content=\"2560\" \/>\n\t<meta property=\"og:image:height\" content=\"1706\" \/>\n\t<meta property=\"og:image:type\" content=\"image\/jpeg\" \/>\n<meta name=\"author\" content=\"Dara Bernardo\" \/>\n<meta name=\"twitter:card\" content=\"summary_large_image\" \/>\n<meta name=\"twitter:label1\" content=\"Escrito por\" \/>\n\t<meta name=\"twitter:data1\" content=\"Dara Bernardo\" \/>\n\t<meta name=\"twitter:label2\" content=\"Tiempo de lectura\" \/>\n\t<meta name=\"twitter:data2\" content=\"3 minutos\" \/>\n<script type=\"application\/ld+json\" class=\"yoast-schema-graph\">{\"@context\":\"https:\\\/\\\/schema.org\",\"@graph\":[{\"@type\":\"Article\",\"@id\":\"https:\\\/\\\/luxonomy.net\\\/es\\\/louis-vuitton-abre-de-nuevo-en-el-centro-comercial-times-square-en-hong-kong\\\/#article\",\"isPartOf\":{\"@id\":\"https:\\\/\\\/luxonomy.net\\\/es\\\/louis-vuitton-abre-de-nuevo-en-el-centro-comercial-times-square-en-hong-kong\\\/\"},\"author\":{\"name\":\"Dara Bernardo\",\"@id\":\"https:\\\/\\\/luxonomy.net\\\/es\\\/#\\\/schema\\\/person\\\/74504e9f212f80551761fb98f9925520\"},\"headline\":\"Louis Vuitton abre de nuevo en el centro comercial Times Square en Hong Kong\",\"datePublished\":\"2024-04-13T15:31:13+00:00\",\"dateModified\":\"2024-04-13T16:24:42+00:00\",\"mainEntityOfPage\":{\"@id\":\"https:\\\/\\\/luxonomy.net\\\/es\\\/louis-vuitton-abre-de-nuevo-en-el-centro-comercial-times-square-en-hong-kong\\\/\"},\"wordCount\":450,\"commentCount\":0,\"publisher\":{\"@id\":\"https:\\\/\\\/luxonomy.net\\\/es\\\/#organization\"},\"image\":{\"@id\":\"https:\\\/\\\/luxonomy.net\\\/es\\\/louis-vuitton-abre-de-nuevo-en-el-centro-comercial-times-square-en-hong-kong\\\/#primaryimage\"},\"thumbnailUrl\":\"https:\\\/\\\/i0.wp.com\\\/luxonomy.net\\\/wp-content\\\/uploads\\\/2024\\\/04\\\/Louis-Vuitton-abre-de-nuevo-en-el-centro-comercial-Times-Square-en-Hong-Kong-scaled.jpg?fit=2560%2C1706&ssl=1\",\"keywords\":[\"Asia\",\"Louis Vuitton\",\"LVMH\",\"Moda\"],\"articleSection\":[\"Asia\",\"Moda\"],\"inLanguage\":\"es\",\"potentialAction\":[{\"@type\":\"CommentAction\",\"name\":\"Comment\",\"target\":[\"https:\\\/\\\/luxonomy.net\\\/es\\\/louis-vuitton-abre-de-nuevo-en-el-centro-comercial-times-square-en-hong-kong\\\/#respond\"]}]},{\"@type\":\"WebPage\",\"@id\":\"https:\\\/\\\/luxonomy.net\\\/es\\\/louis-vuitton-abre-de-nuevo-en-el-centro-comercial-times-square-en-hong-kong\\\/\",\"url\":\"https:\\\/\\\/luxonomy.net\\\/es\\\/louis-vuitton-abre-de-nuevo-en-el-centro-comercial-times-square-en-hong-kong\\\/\",\"name\":\"Louis Vuitton abre de nuevo en el centro comercial Times Square en Hong Kong | LUXONOMY\",\"isPartOf\":{\"@id\":\"https:\\\/\\\/luxonomy.net\\\/es\\\/#website\"},\"primaryImageOfPage\":{\"@id\":\"https:\\\/\\\/luxonomy.net\\\/es\\\/louis-vuitton-abre-de-nuevo-en-el-centro-comercial-times-square-en-hong-kong\\\/#primaryimage\"},\"image\":{\"@id\":\"https:\\\/\\\/luxonomy.net\\\/es\\\/louis-vuitton-abre-de-nuevo-en-el-centro-comercial-times-square-en-hong-kong\\\/#primaryimage\"},\"thumbnailUrl\":\"https:\\\/\\\/i0.wp.com\\\/luxonomy.net\\\/wp-content\\\/uploads\\\/2024\\\/04\\\/Louis-Vuitton-abre-de-nuevo-en-el-centro-comercial-Times-Square-en-Hong-Kong-scaled.jpg?fit=2560%2C1706&ssl=1\",\"datePublished\":\"2024-04-13T15:31:13+00:00\",\"dateModified\":\"2024-04-13T16:24:42+00:00\",\"breadcrumb\":{\"@id\":\"https:\\\/\\\/luxonomy.net\\\/es\\\/louis-vuitton-abre-de-nuevo-en-el-centro-comercial-times-square-en-hong-kong\\\/#breadcrumb\"},\"inLanguage\":\"es\",\"potentialAction\":[{\"@type\":\"ReadAction\",\"target\":[\"https:\\\/\\\/luxonomy.net\\\/es\\\/louis-vuitton-abre-de-nuevo-en-el-centro-comercial-times-square-en-hong-kong\\\/\"]}]},{\"@type\":\"ImageObject\",\"inLanguage\":\"es\",\"@id\":\"https:\\\/\\\/luxonomy.net\\\/es\\\/louis-vuitton-abre-de-nuevo-en-el-centro-comercial-times-square-en-hong-kong\\\/#primaryimage\",\"url\":\"https:\\\/\\\/i0.wp.com\\\/luxonomy.net\\\/wp-content\\\/uploads\\\/2024\\\/04\\\/Louis-Vuitton-abre-de-nuevo-en-el-centro-comercial-Times-Square-en-Hong-Kong-scaled.jpg?fit=2560%2C1706&ssl=1\",\"contentUrl\":\"https:\\\/\\\/i0.wp.com\\\/luxonomy.net\\\/wp-content\\\/uploads\\\/2024\\\/04\\\/Louis-Vuitton-abre-de-nuevo-en-el-centro-comercial-Times-Square-en-Hong-Kong-scaled.jpg?fit=2560%2C1706&ssl=1\",\"width\":2560,\"height\":1706,\"caption\":\"\"},{\"@type\":\"BreadcrumbList\",\"@id\":\"https:\\\/\\\/luxonomy.net\\\/es\\\/louis-vuitton-abre-de-nuevo-en-el-centro-comercial-times-square-en-hong-kong\\\/#breadcrumb\",\"itemListElement\":[{\"@type\":\"ListItem\",\"position\":1,\"name\":\"Portada\",\"item\":\"https:\\\/\\\/luxonomy.net\\\/es\\\/\"},{\"@type\":\"ListItem\",\"position\":2,\"name\":\"Louis Vuitton abre de nuevo en el centro comercial Times Square en Hong Kong\"}]},{\"@type\":\"WebSite\",\"@id\":\"https:\\\/\\\/luxonomy.net\\\/es\\\/#website\",\"url\":\"https:\\\/\\\/luxonomy.net\\\/es\\\/\",\"name\":\"LUXONOMY\",\"description\":\"The Economy of Fashion &amp; Luxury\",\"publisher\":{\"@id\":\"https:\\\/\\\/luxonomy.net\\\/es\\\/#organization\"},\"potentialAction\":[{\"@type\":\"SearchAction\",\"target\":{\"@type\":\"EntryPoint\",\"urlTemplate\":\"https:\\\/\\\/luxonomy.net\\\/es\\\/?s={search_term_string}\"},\"query-input\":{\"@type\":\"PropertyValueSpecification\",\"valueRequired\":true,\"valueName\":\"search_term_string\"}}],\"inLanguage\":\"es\"},{\"@type\":\"Organization\",\"@id\":\"https:\\\/\\\/luxonomy.net\\\/es\\\/#organization\",\"name\":\"LUXONOMY\",\"url\":\"https:\\\/\\\/luxonomy.net\\\/es\\\/\",\"logo\":{\"@type\":\"ImageObject\",\"inLanguage\":\"es\",\"@id\":\"https:\\\/\\\/luxonomy.net\\\/es\\\/#\\\/schema\\\/logo\\\/image\\\/\",\"url\":\"https:\\\/\\\/i2.wp.com\\\/luxonomy.net\\\/wp-content\\\/uploads\\\/2021\\\/09\\\/MOCKUP-TODOS-LUXONOMY.jpg?fit=1000%2C515&ssl=1\",\"contentUrl\":\"https:\\\/\\\/i2.wp.com\\\/luxonomy.net\\\/wp-content\\\/uploads\\\/2021\\\/09\\\/MOCKUP-TODOS-LUXONOMY.jpg?fit=1000%2C515&ssl=1\",\"width\":1000,\"height\":515,\"caption\":\"LUXONOMY\"},\"image\":{\"@id\":\"https:\\\/\\\/luxonomy.net\\\/es\\\/#\\\/schema\\\/logo\\\/image\\\/\"},\"sameAs\":[\"https:\\\/\\\/www.facebook.com\\\/luxonomy\",\"https:\\\/\\\/www.instagram.com\\\/luxonomy\\\/\",\"https:\\\/\\\/www.linkedin.com\\\/company\\\/luxonomy\\\/\"]},{\"@type\":\"Person\",\"@id\":\"https:\\\/\\\/luxonomy.net\\\/es\\\/#\\\/schema\\\/person\\\/74504e9f212f80551761fb98f9925520\",\"name\":\"Dara Bernardo\",\"image\":{\"@type\":\"ImageObject\",\"inLanguage\":\"es\",\"@id\":\"https:\\\/\\\/luxonomy.net\\\/wp-content\\\/litespeed\\\/avatar\\\/6210219c821657e60e23828a44456840.jpg?ver=1787976301\",\"url\":\"https:\\\/\\\/luxonomy.net\\\/wp-content\\\/litespeed\\\/avatar\\\/6210219c821657e60e23828a44456840.jpg?ver=1787976301\",\"contentUrl\":\"https:\\\/\\\/luxonomy.net\\\/wp-content\\\/litespeed\\\/avatar\\\/6210219c821657e60e23828a44456840.jpg?ver=1787976301\",\"caption\":\"Dara Bernardo\"},\"description\":\"Managing Director at LUXONOMY\u2122 Group Middle East\",\"sameAs\":[\"mailto:dubai@investme.capital\"],\"url\":\"https:\\\/\\\/luxonomy.net\\\/es\\\/author\\\/dara-bernardo\\\/\"}]}<\/script>\n<!-- \/ Yoast SEO plugin. -->","yoast_head_json":{"title":"Louis Vuitton abre de nuevo en el centro comercial Times Square en Hong Kong | LUXONOMY","robots":{"index":"index","follow":"follow","max-snippet":"max-snippet:-1","max-image-preview":"max-image-preview:large","max-video-preview":"max-video-preview:-1"},"canonical":"https:\/\/luxonomy.net\/es\/louis-vuitton-abre-de-nuevo-en-el-centro-comercial-times-square-en-hong-kong\/","og_locale":"es_ES","og_type":"article","og_title":"Louis Vuitton abre de nuevo en el centro comercial Times Square en Hong Kong | LUXONOMY","og_description":"Louis Vuitton ha confirmado su regreso al centro comercial Times Square en Hong Kong despu\u00e9s de una ausencia de tres a\u00f1os. Este retorno marca una expansi\u00f3n significativa y refleja una confianza renovada en el sector minorista de lujo, destacando el atractivo perdurable de Hong Kong como destino de compras global. El nuevo local de Louis&hellip;","og_url":"https:\/\/luxonomy.net\/es\/louis-vuitton-abre-de-nuevo-en-el-centro-comercial-times-square-en-hong-kong\/","og_site_name":"LUXONOMY","article_publisher":"https:\/\/www.facebook.com\/luxonomy","article_published_time":"2024-04-13T15:31:13+00:00","article_modified_time":"2024-04-13T16:24:42+00:00","og_image":[{"width":2560,"height":1706,"url":"https:\/\/i0.wp.com\/luxonomy.net\/wp-content\/uploads\/2024\/04\/Louis-Vuitton-abre-de-nuevo-en-el-centro-comercial-Times-Square-en-Hong-Kong-scaled.jpg?fit=2560%2C1706&quality=89&ssl=1","type":"image\/jpeg"}],"author":"Dara Bernardo","twitter_card":"summary_large_image","twitter_misc":{"Escrito por":"Dara Bernardo","Tiempo de lectura":"3 minutos"},"schema":{"@context":"https:\/\/schema.org","@graph":[{"@type":"Article","@id":"https:\/\/luxonomy.net\/es\/louis-vuitton-abre-de-nuevo-en-el-centro-comercial-times-square-en-hong-kong\/#article","isPartOf":{"@id":"https:\/\/luxonomy.net\/es\/louis-vuitton-abre-de-nuevo-en-el-centro-comercial-times-square-en-hong-kong\/"},"author":{"name":"Dara Bernardo","@id":"https:\/\/luxonomy.net\/es\/#\/schema\/person\/74504e9f212f80551761fb98f9925520"},"headline":"Louis Vuitton abre de nuevo en el centro comercial Times Square en Hong Kong","datePublished":"2024-04-13T15:31:13+00:00","dateModified":"2024-04-13T16:24:42+00:00","mainEntityOfPage":{"@id":"https:\/\/luxonomy.net\/es\/louis-vuitton-abre-de-nuevo-en-el-centro-comercial-times-square-en-hong-kong\/"},"wordCount":450,"commentCount":0,"publisher":{"@id":"https:\/\/luxonomy.net\/es\/#organization"},"image":{"@id":"https:\/\/luxonomy.net\/es\/louis-vuitton-abre-de-nuevo-en-el-centro-comercial-times-square-en-hong-kong\/#primaryimage"},"thumbnailUrl":"https:\/\/i0.wp.com\/luxonomy.net\/wp-content\/uploads\/2024\/04\/Louis-Vuitton-abre-de-nuevo-en-el-centro-comercial-Times-Square-en-Hong-Kong-scaled.jpg?fit=2560%2C1706&ssl=1","keywords":["Asia","Louis Vuitton","LVMH","Moda"],"articleSection":["Asia","Moda"],"inLanguage":"es","potentialAction":[{"@type":"CommentAction","name":"Comment","target":["https:\/\/luxonomy.net\/es\/louis-vuitton-abre-de-nuevo-en-el-centro-comercial-times-square-en-hong-kong\/#respond"]}]},{"@type":"WebPage","@id":"https:\/\/luxonomy.net\/es\/louis-vuitton-abre-de-nuevo-en-el-centro-comercial-times-square-en-hong-kong\/","url":"https:\/\/luxonomy.net\/es\/louis-vuitton-abre-de-nuevo-en-el-centro-comercial-times-square-en-hong-kong\/","name":"Louis Vuitton abre de nuevo en el centro comercial Times Square en Hong Kong | LUXONOMY","isPartOf":{"@id":"https:\/\/luxonomy.net\/es\/#website"},"primaryImageOfPage":{"@id":"https:\/\/luxonomy.net\/es\/louis-vuitton-abre-de-nuevo-en-el-centro-comercial-times-square-en-hong-kong\/#primaryimage"},"image":{"@id":"https:\/\/luxonomy.net\/es\/louis-vuitton-abre-de-nuevo-en-el-centro-comercial-times-square-en-hong-kong\/#primaryimage"},"thumbnailUrl":"https:\/\/i0.wp.com\/luxonomy.net\/wp-content\/uploads\/2024\/04\/Louis-Vuitton-abre-de-nuevo-en-el-centro-comercial-Times-Square-en-Hong-Kong-scaled.jpg?fit=2560%2C1706&ssl=1","datePublished":"2024-04-13T15:31:13+00:00","dateModified":"2024-04-13T16:24:42+00:00","breadcrumb":{"@id":"https:\/\/luxonomy.net\/es\/louis-vuitton-abre-de-nuevo-en-el-centro-comercial-times-square-en-hong-kong\/#breadcrumb"},"inLanguage":"es","potentialAction":[{"@type":"ReadAction","target":["https:\/\/luxonomy.net\/es\/louis-vuitton-abre-de-nuevo-en-el-centro-comercial-times-square-en-hong-kong\/"]}]},{"@type":"ImageObject","inLanguage":"es","@id":"https:\/\/luxonomy.net\/es\/louis-vuitton-abre-de-nuevo-en-el-centro-comercial-times-square-en-hong-kong\/#primaryimage","url":"https:\/\/i0.wp.com\/luxonomy.net\/wp-content\/uploads\/2024\/04\/Louis-Vuitton-abre-de-nuevo-en-el-centro-comercial-Times-Square-en-Hong-Kong-scaled.jpg?fit=2560%2C1706&ssl=1","contentUrl":"https:\/\/i0.wp.com\/luxonomy.net\/wp-content\/uploads\/2024\/04\/Louis-Vuitton-abre-de-nuevo-en-el-centro-comercial-Times-Square-en-Hong-Kong-scaled.jpg?fit=2560%2C1706&ssl=1","width":2560,"height":1706,"caption":""},{"@type":"BreadcrumbList","@id":"https:\/\/luxonomy.net\/es\/louis-vuitton-abre-de-nuevo-en-el-centro-comercial-times-square-en-hong-kong\/#breadcrumb","itemListElement":[{"@type":"ListItem","position":1,"name":"Portada","item":"https:\/\/luxonomy.net\/es\/"},{"@type":"ListItem","position":2,"name":"Louis Vuitton abre de nuevo en el centro comercial Times Square en Hong Kong"}]},{"@type":"WebSite","@id":"https:\/\/luxonomy.net\/es\/#website","url":"https:\/\/luxonomy.net\/es\/","name":"LUXONOMY","description":"The Economy of Fashion &amp; Luxury","publisher":{"@id":"https:\/\/luxonomy.net\/es\/#organization"},"potentialAction":[{"@type":"SearchAction","target":{"@type":"EntryPoint","urlTemplate":"https:\/\/luxonomy.net\/es\/?s={search_term_string}"},"query-input":{"@type":"PropertyValueSpecification","valueRequired":true,"valueName":"search_term_string"}}],"inLanguage":"es"},{"@type":"Organization","@id":"https:\/\/luxonomy.net\/es\/#organization","name":"LUXONOMY","url":"https:\/\/luxonomy.net\/es\/","logo":{"@type":"ImageObject","inLanguage":"es","@id":"https:\/\/luxonomy.net\/es\/#\/schema\/logo\/image\/","url":"https:\/\/i2.wp.com\/luxonomy.net\/wp-content\/uploads\/2021\/09\/MOCKUP-TODOS-LUXONOMY.jpg?fit=1000%2C515&ssl=1","contentUrl":"https:\/\/i2.wp.com\/luxonomy.net\/wp-content\/uploads\/2021\/09\/MOCKUP-TODOS-LUXONOMY.jpg?fit=1000%2C515&ssl=1","width":1000,"height":515,"caption":"LUXONOMY"},"image":{"@id":"https:\/\/luxonomy.net\/es\/#\/schema\/logo\/image\/"},"sameAs":["https:\/\/www.facebook.com\/luxonomy","https:\/\/www.instagram.com\/luxonomy\/","https:\/\/www.linkedin.com\/company\/luxonomy\/"]},{"@type":"Person","@id":"https:\/\/luxonomy.net\/es\/#\/schema\/person\/74504e9f212f80551761fb98f9925520","name":"Dara Bernardo","image":{"@type":"ImageObject","inLanguage":"es","@id":"https:\/\/luxonomy.net\/wp-content\/litespeed\/avatar\/6210219c821657e60e23828a44456840.jpg?ver=1787976301","url":"https:\/\/luxonomy.net\/wp-content\/litespeed\/avatar\/6210219c821657e60e23828a44456840.jpg?ver=1787976301","contentUrl":"https:\/\/luxonomy.net\/wp-content\/litespeed\/avatar\/6210219c821657e60e23828a44456840.jpg?ver=1787976301","caption":"Dara Bernardo"},"description":"Managing Director at LUXONOMY\u2122 Group Middle East","sameAs":["mailto:dubai@investme.capital"],"url":"https:\/\/luxonomy.net\/es\/author\/dara-bernardo\/"}]}},"jetpack_publicize_connections":[],"jetpack_shortlink":"https:\/\/wp.me\/paPhBa-dDT","jetpack_sharing_enabled":true,"jetpack_featured_media_url":"https:\/\/i0.wp.com\/luxonomy.net\/wp-content\/uploads\/2024\/04\/Louis-Vuitton-abre-de-nuevo-en-el-centro-comercial-Times-Square-en-Hong-Kong-scaled.jpg?fit=2560%2C1706&ssl=1","_links":{"self":[{"href":"https:\/\/luxonomy.net\/es\/wp-json\/wp\/v2\/posts\/52445","targetHints":{"allow":["GET"]}}],"collection":[{"href":"https:\/\/luxonomy.net\/es\/wp-json\/wp\/v2\/posts"}],"about":[{"href":"https:\/\/luxonomy.net\/es\/wp-json\/wp\/v2\/types\/post"}],"author":[{"embeddable":true,"href":"https:\/\/luxonomy.net\/es\/wp-json\/wp\/v2\/users\/13"}],"replies":[{"embeddable":true,"href":"https:\/\/luxonomy.net\/es\/wp-json\/wp\/v2\/comments?post=52445"}],"version-history":[{"count":3,"href":"https:\/\/luxonomy.net\/es\/wp-json\/wp\/v2\/posts\/52445\/revisions"}],"predecessor-version":[{"id":52451,"href":"https:\/\/luxonomy.net\/es\/wp-json\/wp\/v2\/posts\/52445\/revisions\/52451"}],"wp:featuredmedia":[{"embeddable":true,"href":"https:\/\/luxonomy.net\/es\/wp-json\/wp\/v2\/media\/52446"}],"wp:attachment":[{"href":"https:\/\/luxonomy.net\/es\/wp-json\/wp\/v2\/media?parent=52445"}],"wp:term":[{"taxonomy":"category","embeddable":true,"href":"https:\/\/luxonomy.net\/es\/wp-json\/wp\/v2\/categories?post=52445"},{"taxonomy":"post_tag","embeddable":true,"href":"https:\/\/luxonomy.net\/es\/wp-json\/wp\/v2\/tags?post=52445"},{"taxonomy":"thb-sponsors","embeddable":true,"href":"https:\/\/luxonomy.net\/es\/wp-json\/wp\/v2\/thb-sponsors?post=52445"}],"curies":[{"name":"wp","href":"https:\/\/api.w.org\/{rel}","templated":true}]}}