{"id":51231,"date":"2024-03-22T13:45:33","date_gmt":"2024-03-22T12:45:33","guid":{"rendered":"https:\/?p=51231"},"modified":"2024-03-22T13:51:37","modified_gmt":"2024-03-22T12:51:37","slug":"louis-vuitton-y-pharrell-williams-eligen-a-tyler-the-creator-para-la-coleccion-capsula-de-hombres-primavera-2024","status":"publish","type":"post","link":"https:\/\/luxonomy.net\/es\/louis-vuitton-y-pharrell-williams-eligen-a-tyler-the-creator-para-la-coleccion-capsula-de-hombres-primavera-2024\/","title":{"rendered":"Louis Vuitton y Pharrell Williams eligen a Tyler, the Creator para la Colecci\u00f3n C\u00e1psula de Hombres Primavera 2024"},"content":{"rendered":"<p>Louis Vuitton y Tyler, the Creator han presentado una Colecci\u00f3n C\u00e1psula de Hombres para Primavera 2024, destacando el savoir-faire de Louis Vuitton a trav\u00e9s del lente creativo del rapero estadounidense y amigo y colaborador de hace tiempo de Pharrell Williams.<\/p>\n<p>Los looks celebran a la comunidad LVERS, una red art\u00edstica global conectada por la apreciaci\u00f3n del exquisito artesanado de la Maison. La colaboraci\u00f3n lleva la relaci\u00f3n en curso entre Louis Vuitton y Tyler, the Creator a un nuevo nivel tras su composici\u00f3n de la banda sonora para el desfile de Hombres Oto\u00f1o-Invierno 2022.<\/p>\n<p>Una uni\u00f3n instintiva entre dos universos visuales, la colecci\u00f3n fusiona la elegante vibra de vestir dandi caracter\u00edstica de Pharrell Williams con un sofisticado guardarropa preppy. Combinando la iconograf\u00eda de Tyler, the Creator con la de Louis Vuitton, el Monograma Rugoso \u2013 dibujado a mano en una versi\u00f3n estilizada por el propio artista \u2013 se convierte en el emblema de la colecci\u00f3n exclusiva. Presentado en pasteles, chocolate y vainilla, el motivo evoca los colores cremosos de texturas licuadas encontradas en la pasteler\u00eda, un gui\u00f1o al logo de donuts del colectivo de hip-hop Odd Future, cofundado por Tyler, the Creator.<\/p><div id=\"luxon-2448453224\" class=\"luxon-3er-parrafo luxon-entity-placement\" style=\"margin-top: 20px;margin-bottom: 20px;margin-left: auto;margin-right: auto;text-align: center;\"><a href=\"https:\/\/luxonomy.university\/course\/master-turismo-de-lujo\" target=\"_blank\" aria-label=\"master-turismo-lujo-2026-2027\"><img loading=\"lazy\" decoding=\"async\" src=\"https:\/\/i0.wp.com\/luxonomy.net\/wp-content\/uploads\/2020\/07\/master-turismo-lujo-2026-2027.jpg?fit=1672%2C941&#038;ssl=1\" alt=\"\"  srcset=\"https:\/\/i0.wp.com\/luxonomy.net\/wp-content\/uploads\/2020\/07\/master-turismo-lujo-2026-2027.jpg?w=1672&ssl=1 1672w, https:\/\/i0.wp.com\/luxonomy.net\/wp-content\/uploads\/2020\/07\/master-turismo-lujo-2026-2027.jpg?resize=300%2C169&ssl=1 300w, https:\/\/i0.wp.com\/luxonomy.net\/wp-content\/uploads\/2020\/07\/master-turismo-lujo-2026-2027.jpg?resize=1024%2C576&ssl=1 1024w, https:\/\/i0.wp.com\/luxonomy.net\/wp-content\/uploads\/2020\/07\/master-turismo-lujo-2026-2027.jpg?resize=768%2C432&ssl=1 768w, https:\/\/i0.wp.com\/luxonomy.net\/wp-content\/uploads\/2020\/07\/master-turismo-lujo-2026-2027.jpg?resize=1536%2C864&ssl=1 1536w, https:\/\/i0.wp.com\/luxonomy.net\/wp-content\/uploads\/2020\/07\/master-turismo-lujo-2026-2027.jpg?resize=370%2C208&ssl=1 370w, https:\/\/i0.wp.com\/luxonomy.net\/wp-content\/uploads\/2020\/07\/master-turismo-lujo-2026-2027.jpg?resize=800%2C450&ssl=1 800w, https:\/\/i0.wp.com\/luxonomy.net\/wp-content\/uploads\/2020\/07\/master-turismo-lujo-2026-2027.jpg?resize=20%2C11&ssl=1 20w, https:\/\/i0.wp.com\/luxonomy.net\/wp-content\/uploads\/2020\/07\/master-turismo-lujo-2026-2027.jpg?resize=740%2C416&ssl=1 740w, https:\/\/i0.wp.com\/luxonomy.net\/wp-content\/uploads\/2020\/07\/master-turismo-lujo-2026-2027.jpg?resize=1600%2C900&ssl=1 1600w, https:\/\/i0.wp.com\/luxonomy.net\/wp-content\/uploads\/2020\/07\/master-turismo-lujo-2026-2027.jpg?resize=1200%2C675&ssl=1 1200w, https:\/\/i0.wp.com\/luxonomy.net\/wp-content\/uploads\/2020\/07\/master-turismo-lujo-2026-2027.jpg?resize=85%2C48&ssl=1 85w\" sizes=\"(max-width: 1170px) 100vw, 1170px\" class=\"no-lazyload\" width=\"1672\" height=\"941\"   \/><\/a><\/div>\n<p>Las margaritas y los Airedale Terriers, dos motivos recurrentes en el universo visual del artista, se encuentran en las ic\u00f3nicas Flores Monograma, mientras que las formas irregulares del Monograma Rugoso se reflejan en l\u00edneas y detalles a lo largo de la colecci\u00f3n.<\/p>\n<p>Los accesorios presentan un patr\u00f3n Damier verde c\u00e9sped en ic\u00f3nicas bolsas de Louis Vuitton \u2013 incluyendo un Sac Golf y su iteraci\u00f3n mini de bandolera, adornadas con encantos florales de cuero rosa y forro con motivo de Airedale Terrier. Los zapatos interpretan tambi\u00e9n los temas de la colecci\u00f3n. El mocas\u00edn LV Dandy se reimagina en cuero Monograma en relieve negro o chocolate con costuras rugosas.<\/p>\n","protected":false},"excerpt":{"rendered":"<p>Louis Vuitton y Tyler, the Creator han presentado una Colecci\u00f3n C\u00e1psula de Hombres para Primavera 2024, destacando el savoir-faire de Louis Vuitton a trav\u00e9s del lente creativo del rapero estadounidense y amigo y colaborador de hace tiempo de Pharrell Williams. Los looks celebran a la comunidad LVERS, una red art\u00edstica global conectada por la apreciaci\u00f3n&hellip;<\/p>\n","protected":false},"author":11,"featured_media":51229,"comment_status":"open","ping_status":"open","sticky":false,"template":"","format":"standard","meta":{"_jetpack_newsletter_access":"","_jetpack_dont_email_post_to_subs":false,"_jetpack_newsletter_tier_id":0,"_jetpack_memberships_contains_paywalled_content":false,"_jetpack_feature_clip_id":0,"_jetpack_memberships_contains_paid_content":false,"footnotes":"","jetpack_publicize_message":"","jetpack_publicize_feature_enabled":true,"jetpack_social_post_already_shared":true,"jetpack_social_options":{"image_generator_settings":{"template":"edge","default_image_id":0,"font":"","enabled":false},"version":2},"jetpack_post_was_ever_published":false},"categories":[534],"tags":[660,585,586,1015],"thb-sponsors":[],"class_list":["post-51231","post","type-post","status-publish","format-standard","has-post-thumbnail","hentry","category-moda","tag-louis-vuitton","tag-lvmh","tag-moda","tag-pharrell-williams"],"yoast_head":"<!-- This site is optimized with the Yoast SEO plugin v28.3 - https:\/\/yoast.com\/product\/yoast-seo-wordpress\/ -->\n<title>Louis Vuitton y Pharrell Williams eligen a Tyler, the Creator para la Colecci\u00f3n C\u00e1psula de Hombres Primavera 2024 | LUXONOMY<\/title>\n<meta name=\"robots\" content=\"index, follow, max-snippet:-1, max-image-preview:large, max-video-preview:-1\" \/>\n<link rel=\"canonical\" href=\"https:\/\/luxonomy.net\/es\/louis-vuitton-y-pharrell-williams-eligen-a-tyler-the-creator-para-la-coleccion-capsula-de-hombres-primavera-2024\/\" \/>\n<meta property=\"og:locale\" content=\"es_ES\" \/>\n<meta property=\"og:type\" content=\"article\" \/>\n<meta property=\"og:title\" content=\"Louis Vuitton y Pharrell Williams eligen a Tyler, the Creator para la Colecci\u00f3n C\u00e1psula de Hombres Primavera 2024 | LUXONOMY\" \/>\n<meta property=\"og:description\" content=\"Louis Vuitton y Tyler, the Creator han presentado una Colecci\u00f3n C\u00e1psula de Hombres para Primavera 2024, destacando el savoir-faire de Louis Vuitton a trav\u00e9s del lente creativo del rapero estadounidense y amigo y colaborador de hace tiempo de Pharrell Williams. Los looks celebran a la comunidad LVERS, una red art\u00edstica global conectada por la apreciaci\u00f3n&hellip;\" \/>\n<meta property=\"og:url\" content=\"https:\/\/luxonomy.net\/es\/louis-vuitton-y-pharrell-williams-eligen-a-tyler-the-creator-para-la-coleccion-capsula-de-hombres-primavera-2024\/\" \/>\n<meta property=\"og:site_name\" content=\"LUXONOMY\" \/>\n<meta property=\"article:publisher\" content=\"https:\/\/www.facebook.com\/luxonomy\" \/>\n<meta property=\"article:published_time\" content=\"2024-03-22T12:45:33+00:00\" \/>\n<meta property=\"article:modified_time\" content=\"2024-03-22T12:51:37+00:00\" \/>\n<meta property=\"og:image\" content=\"https:\/\/i0.wp.com\/luxonomy.net\/wp-content\/uploads\/2024\/03\/Louis-Vuitton-and-Pharrell-Williams-tap-Tyler-the-Creator-for-Spring-2024-Mens-Capsule-Collection.jpg?fit=2000%2C1100&quality=89&ssl=1\" \/>\n\t<meta property=\"og:image:width\" content=\"2000\" \/>\n\t<meta property=\"og:image:height\" content=\"1100\" \/>\n\t<meta property=\"og:image:type\" content=\"image\/jpeg\" \/>\n<meta name=\"author\" content=\"Kristi Ellis\" \/>\n<meta name=\"twitter:card\" content=\"summary_large_image\" \/>\n<meta name=\"twitter:label1\" content=\"Escrito por\" \/>\n\t<meta name=\"twitter:data1\" content=\"Kristi Ellis\" \/>\n\t<meta name=\"twitter:label2\" content=\"Tiempo de lectura\" \/>\n\t<meta name=\"twitter:data2\" content=\"2 minutos\" \/>\n<script type=\"application\/ld+json\" class=\"yoast-schema-graph\">{\"@context\":\"https:\\\/\\\/schema.org\",\"@graph\":[{\"@type\":\"Article\",\"@id\":\"https:\\\/\\\/luxonomy.net\\\/es\\\/louis-vuitton-y-pharrell-williams-eligen-a-tyler-the-creator-para-la-coleccion-capsula-de-hombres-primavera-2024\\\/#article\",\"isPartOf\":{\"@id\":\"https:\\\/\\\/luxonomy.net\\\/es\\\/louis-vuitton-y-pharrell-williams-eligen-a-tyler-the-creator-para-la-coleccion-capsula-de-hombres-primavera-2024\\\/\"},\"author\":{\"name\":\"Kristi Ellis\",\"@id\":\"https:\\\/\\\/luxonomy.net\\\/es\\\/#\\\/schema\\\/person\\\/1a813e5ec518f582af236d6344aa6c01\"},\"headline\":\"Louis Vuitton y Pharrell Williams eligen a Tyler, the Creator para la Colecci\u00f3n C\u00e1psula de Hombres Primavera 2024\",\"datePublished\":\"2024-03-22T12:45:33+00:00\",\"dateModified\":\"2024-03-22T12:51:37+00:00\",\"mainEntityOfPage\":{\"@id\":\"https:\\\/\\\/luxonomy.net\\\/es\\\/louis-vuitton-y-pharrell-williams-eligen-a-tyler-the-creator-para-la-coleccion-capsula-de-hombres-primavera-2024\\\/\"},\"wordCount\":339,\"commentCount\":0,\"publisher\":{\"@id\":\"https:\\\/\\\/luxonomy.net\\\/es\\\/#organization\"},\"image\":{\"@id\":\"https:\\\/\\\/luxonomy.net\\\/es\\\/louis-vuitton-y-pharrell-williams-eligen-a-tyler-the-creator-para-la-coleccion-capsula-de-hombres-primavera-2024\\\/#primaryimage\"},\"thumbnailUrl\":\"https:\\\/\\\/i0.wp.com\\\/luxonomy.net\\\/wp-content\\\/uploads\\\/2024\\\/03\\\/Louis-Vuitton-and-Pharrell-Williams-tap-Tyler-the-Creator-for-Spring-2024-Mens-Capsule-Collection.jpg?fit=2000%2C1100&ssl=1\",\"keywords\":[\"Louis Vuitton\",\"LVMH\",\"Moda\",\"Pharrell Williams\"],\"articleSection\":[\"Moda\"],\"inLanguage\":\"es\",\"potentialAction\":[{\"@type\":\"CommentAction\",\"name\":\"Comment\",\"target\":[\"https:\\\/\\\/luxonomy.net\\\/es\\\/louis-vuitton-y-pharrell-williams-eligen-a-tyler-the-creator-para-la-coleccion-capsula-de-hombres-primavera-2024\\\/#respond\"]}]},{\"@type\":\"WebPage\",\"@id\":\"https:\\\/\\\/luxonomy.net\\\/es\\\/louis-vuitton-y-pharrell-williams-eligen-a-tyler-the-creator-para-la-coleccion-capsula-de-hombres-primavera-2024\\\/\",\"url\":\"https:\\\/\\\/luxonomy.net\\\/es\\\/louis-vuitton-y-pharrell-williams-eligen-a-tyler-the-creator-para-la-coleccion-capsula-de-hombres-primavera-2024\\\/\",\"name\":\"Louis Vuitton y Pharrell Williams eligen a Tyler, the Creator para la Colecci\u00f3n C\u00e1psula de Hombres Primavera 2024 | LUXONOMY\",\"isPartOf\":{\"@id\":\"https:\\\/\\\/luxonomy.net\\\/es\\\/#website\"},\"primaryImageOfPage\":{\"@id\":\"https:\\\/\\\/luxonomy.net\\\/es\\\/louis-vuitton-y-pharrell-williams-eligen-a-tyler-the-creator-para-la-coleccion-capsula-de-hombres-primavera-2024\\\/#primaryimage\"},\"image\":{\"@id\":\"https:\\\/\\\/luxonomy.net\\\/es\\\/louis-vuitton-y-pharrell-williams-eligen-a-tyler-the-creator-para-la-coleccion-capsula-de-hombres-primavera-2024\\\/#primaryimage\"},\"thumbnailUrl\":\"https:\\\/\\\/i0.wp.com\\\/luxonomy.net\\\/wp-content\\\/uploads\\\/2024\\\/03\\\/Louis-Vuitton-and-Pharrell-Williams-tap-Tyler-the-Creator-for-Spring-2024-Mens-Capsule-Collection.jpg?fit=2000%2C1100&ssl=1\",\"datePublished\":\"2024-03-22T12:45:33+00:00\",\"dateModified\":\"2024-03-22T12:51:37+00:00\",\"breadcrumb\":{\"@id\":\"https:\\\/\\\/luxonomy.net\\\/es\\\/louis-vuitton-y-pharrell-williams-eligen-a-tyler-the-creator-para-la-coleccion-capsula-de-hombres-primavera-2024\\\/#breadcrumb\"},\"inLanguage\":\"es\",\"potentialAction\":[{\"@type\":\"ReadAction\",\"target\":[\"https:\\\/\\\/luxonomy.net\\\/es\\\/louis-vuitton-y-pharrell-williams-eligen-a-tyler-the-creator-para-la-coleccion-capsula-de-hombres-primavera-2024\\\/\"]}]},{\"@type\":\"ImageObject\",\"inLanguage\":\"es\",\"@id\":\"https:\\\/\\\/luxonomy.net\\\/es\\\/louis-vuitton-y-pharrell-williams-eligen-a-tyler-the-creator-para-la-coleccion-capsula-de-hombres-primavera-2024\\\/#primaryimage\",\"url\":\"https:\\\/\\\/i0.wp.com\\\/luxonomy.net\\\/wp-content\\\/uploads\\\/2024\\\/03\\\/Louis-Vuitton-and-Pharrell-Williams-tap-Tyler-the-Creator-for-Spring-2024-Mens-Capsule-Collection.jpg?fit=2000%2C1100&ssl=1\",\"contentUrl\":\"https:\\\/\\\/i0.wp.com\\\/luxonomy.net\\\/wp-content\\\/uploads\\\/2024\\\/03\\\/Louis-Vuitton-and-Pharrell-Williams-tap-Tyler-the-Creator-for-Spring-2024-Mens-Capsule-Collection.jpg?fit=2000%2C1100&ssl=1\",\"width\":2000,\"height\":1100},{\"@type\":\"BreadcrumbList\",\"@id\":\"https:\\\/\\\/luxonomy.net\\\/es\\\/louis-vuitton-y-pharrell-williams-eligen-a-tyler-the-creator-para-la-coleccion-capsula-de-hombres-primavera-2024\\\/#breadcrumb\",\"itemListElement\":[{\"@type\":\"ListItem\",\"position\":1,\"name\":\"Portada\",\"item\":\"https:\\\/\\\/luxonomy.net\\\/es\\\/\"},{\"@type\":\"ListItem\",\"position\":2,\"name\":\"Louis Vuitton y Pharrell Williams eligen a Tyler, the Creator para la Colecci\u00f3n C\u00e1psula de Hombres Primavera 2024\"}]},{\"@type\":\"WebSite\",\"@id\":\"https:\\\/\\\/luxonomy.net\\\/es\\\/#website\",\"url\":\"https:\\\/\\\/luxonomy.net\\\/es\\\/\",\"name\":\"LUXONOMY\",\"description\":\"The Economy of Fashion &amp; Luxury\",\"publisher\":{\"@id\":\"https:\\\/\\\/luxonomy.net\\\/es\\\/#organization\"},\"potentialAction\":[{\"@type\":\"SearchAction\",\"target\":{\"@type\":\"EntryPoint\",\"urlTemplate\":\"https:\\\/\\\/luxonomy.net\\\/es\\\/?s={search_term_string}\"},\"query-input\":{\"@type\":\"PropertyValueSpecification\",\"valueRequired\":true,\"valueName\":\"search_term_string\"}}],\"inLanguage\":\"es\"},{\"@type\":\"Organization\",\"@id\":\"https:\\\/\\\/luxonomy.net\\\/es\\\/#organization\",\"name\":\"LUXONOMY\",\"url\":\"https:\\\/\\\/luxonomy.net\\\/es\\\/\",\"logo\":{\"@type\":\"ImageObject\",\"inLanguage\":\"es\",\"@id\":\"https:\\\/\\\/luxonomy.net\\\/es\\\/#\\\/schema\\\/logo\\\/image\\\/\",\"url\":\"https:\\\/\\\/i2.wp.com\\\/luxonomy.net\\\/wp-content\\\/uploads\\\/2021\\\/09\\\/MOCKUP-TODOS-LUXONOMY.jpg?fit=1000%2C515&ssl=1\",\"contentUrl\":\"https:\\\/\\\/i2.wp.com\\\/luxonomy.net\\\/wp-content\\\/uploads\\\/2021\\\/09\\\/MOCKUP-TODOS-LUXONOMY.jpg?fit=1000%2C515&ssl=1\",\"width\":1000,\"height\":515,\"caption\":\"LUXONOMY\"},\"image\":{\"@id\":\"https:\\\/\\\/luxonomy.net\\\/es\\\/#\\\/schema\\\/logo\\\/image\\\/\"},\"sameAs\":[\"https:\\\/\\\/www.facebook.com\\\/luxonomy\",\"https:\\\/\\\/www.instagram.com\\\/luxonomy\\\/\",\"https:\\\/\\\/www.linkedin.com\\\/company\\\/luxonomy\\\/\"]},{\"@type\":\"Person\",\"@id\":\"https:\\\/\\\/luxonomy.net\\\/es\\\/#\\\/schema\\\/person\\\/1a813e5ec518f582af236d6344aa6c01\",\"name\":\"Kristi Ellis\",\"image\":{\"@type\":\"ImageObject\",\"inLanguage\":\"es\",\"@id\":\"https:\\\/\\\/luxonomy.net\\\/wp-content\\\/litespeed\\\/avatar\\\/ae0c58256b980352bba3c97a8f9abe32.jpg?ver=1787975034\",\"url\":\"https:\\\/\\\/luxonomy.net\\\/wp-content\\\/litespeed\\\/avatar\\\/ae0c58256b980352bba3c97a8f9abe32.jpg?ver=1787975034\",\"contentUrl\":\"https:\\\/\\\/luxonomy.net\\\/wp-content\\\/litespeed\\\/avatar\\\/ae0c58256b980352bba3c97a8f9abe32.jpg?ver=1787975034\",\"caption\":\"Kristi Ellis\"},\"url\":\"https:\\\/\\\/luxonomy.net\\\/es\\\/author\\\/kristi-ellis\\\/\"}]}<\/script>\n<!-- \/ Yoast SEO plugin. -->","yoast_head_json":{"title":"Louis Vuitton y Pharrell Williams eligen a Tyler, the Creator para la Colecci\u00f3n C\u00e1psula de Hombres Primavera 2024 | LUXONOMY","robots":{"index":"index","follow":"follow","max-snippet":"max-snippet:-1","max-image-preview":"max-image-preview:large","max-video-preview":"max-video-preview:-1"},"canonical":"https:\/\/luxonomy.net\/es\/louis-vuitton-y-pharrell-williams-eligen-a-tyler-the-creator-para-la-coleccion-capsula-de-hombres-primavera-2024\/","og_locale":"es_ES","og_type":"article","og_title":"Louis Vuitton y Pharrell Williams eligen a Tyler, the Creator para la Colecci\u00f3n C\u00e1psula de Hombres Primavera 2024 | LUXONOMY","og_description":"Louis Vuitton y Tyler, the Creator han presentado una Colecci\u00f3n C\u00e1psula de Hombres para Primavera 2024, destacando el savoir-faire de Louis Vuitton a trav\u00e9s del lente creativo del rapero estadounidense y amigo y colaborador de hace tiempo de Pharrell Williams. Los looks celebran a la comunidad LVERS, una red art\u00edstica global conectada por la apreciaci\u00f3n&hellip;","og_url":"https:\/\/luxonomy.net\/es\/louis-vuitton-y-pharrell-williams-eligen-a-tyler-the-creator-para-la-coleccion-capsula-de-hombres-primavera-2024\/","og_site_name":"LUXONOMY","article_publisher":"https:\/\/www.facebook.com\/luxonomy","article_published_time":"2024-03-22T12:45:33+00:00","article_modified_time":"2024-03-22T12:51:37+00:00","og_image":[{"width":2000,"height":1100,"url":"https:\/\/i0.wp.com\/luxonomy.net\/wp-content\/uploads\/2024\/03\/Louis-Vuitton-and-Pharrell-Williams-tap-Tyler-the-Creator-for-Spring-2024-Mens-Capsule-Collection.jpg?fit=2000%2C1100&quality=89&ssl=1","type":"image\/jpeg"}],"author":"Kristi Ellis","twitter_card":"summary_large_image","twitter_misc":{"Escrito por":"Kristi Ellis","Tiempo de lectura":"2 minutos"},"schema":{"@context":"https:\/\/schema.org","@graph":[{"@type":"Article","@id":"https:\/\/luxonomy.net\/es\/louis-vuitton-y-pharrell-williams-eligen-a-tyler-the-creator-para-la-coleccion-capsula-de-hombres-primavera-2024\/#article","isPartOf":{"@id":"https:\/\/luxonomy.net\/es\/louis-vuitton-y-pharrell-williams-eligen-a-tyler-the-creator-para-la-coleccion-capsula-de-hombres-primavera-2024\/"},"author":{"name":"Kristi Ellis","@id":"https:\/\/luxonomy.net\/es\/#\/schema\/person\/1a813e5ec518f582af236d6344aa6c01"},"headline":"Louis Vuitton y Pharrell Williams eligen a Tyler, the Creator para la Colecci\u00f3n C\u00e1psula de Hombres Primavera 2024","datePublished":"2024-03-22T12:45:33+00:00","dateModified":"2024-03-22T12:51:37+00:00","mainEntityOfPage":{"@id":"https:\/\/luxonomy.net\/es\/louis-vuitton-y-pharrell-williams-eligen-a-tyler-the-creator-para-la-coleccion-capsula-de-hombres-primavera-2024\/"},"wordCount":339,"commentCount":0,"publisher":{"@id":"https:\/\/luxonomy.net\/es\/#organization"},"image":{"@id":"https:\/\/luxonomy.net\/es\/louis-vuitton-y-pharrell-williams-eligen-a-tyler-the-creator-para-la-coleccion-capsula-de-hombres-primavera-2024\/#primaryimage"},"thumbnailUrl":"https:\/\/i0.wp.com\/luxonomy.net\/wp-content\/uploads\/2024\/03\/Louis-Vuitton-and-Pharrell-Williams-tap-Tyler-the-Creator-for-Spring-2024-Mens-Capsule-Collection.jpg?fit=2000%2C1100&ssl=1","keywords":["Louis Vuitton","LVMH","Moda","Pharrell Williams"],"articleSection":["Moda"],"inLanguage":"es","potentialAction":[{"@type":"CommentAction","name":"Comment","target":["https:\/\/luxonomy.net\/es\/louis-vuitton-y-pharrell-williams-eligen-a-tyler-the-creator-para-la-coleccion-capsula-de-hombres-primavera-2024\/#respond"]}]},{"@type":"WebPage","@id":"https:\/\/luxonomy.net\/es\/louis-vuitton-y-pharrell-williams-eligen-a-tyler-the-creator-para-la-coleccion-capsula-de-hombres-primavera-2024\/","url":"https:\/\/luxonomy.net\/es\/louis-vuitton-y-pharrell-williams-eligen-a-tyler-the-creator-para-la-coleccion-capsula-de-hombres-primavera-2024\/","name":"Louis Vuitton y Pharrell Williams eligen a Tyler, the Creator para la Colecci\u00f3n C\u00e1psula de Hombres Primavera 2024 | LUXONOMY","isPartOf":{"@id":"https:\/\/luxonomy.net\/es\/#website"},"primaryImageOfPage":{"@id":"https:\/\/luxonomy.net\/es\/louis-vuitton-y-pharrell-williams-eligen-a-tyler-the-creator-para-la-coleccion-capsula-de-hombres-primavera-2024\/#primaryimage"},"image":{"@id":"https:\/\/luxonomy.net\/es\/louis-vuitton-y-pharrell-williams-eligen-a-tyler-the-creator-para-la-coleccion-capsula-de-hombres-primavera-2024\/#primaryimage"},"thumbnailUrl":"https:\/\/i0.wp.com\/luxonomy.net\/wp-content\/uploads\/2024\/03\/Louis-Vuitton-and-Pharrell-Williams-tap-Tyler-the-Creator-for-Spring-2024-Mens-Capsule-Collection.jpg?fit=2000%2C1100&ssl=1","datePublished":"2024-03-22T12:45:33+00:00","dateModified":"2024-03-22T12:51:37+00:00","breadcrumb":{"@id":"https:\/\/luxonomy.net\/es\/louis-vuitton-y-pharrell-williams-eligen-a-tyler-the-creator-para-la-coleccion-capsula-de-hombres-primavera-2024\/#breadcrumb"},"inLanguage":"es","potentialAction":[{"@type":"ReadAction","target":["https:\/\/luxonomy.net\/es\/louis-vuitton-y-pharrell-williams-eligen-a-tyler-the-creator-para-la-coleccion-capsula-de-hombres-primavera-2024\/"]}]},{"@type":"ImageObject","inLanguage":"es","@id":"https:\/\/luxonomy.net\/es\/louis-vuitton-y-pharrell-williams-eligen-a-tyler-the-creator-para-la-coleccion-capsula-de-hombres-primavera-2024\/#primaryimage","url":"https:\/\/i0.wp.com\/luxonomy.net\/wp-content\/uploads\/2024\/03\/Louis-Vuitton-and-Pharrell-Williams-tap-Tyler-the-Creator-for-Spring-2024-Mens-Capsule-Collection.jpg?fit=2000%2C1100&ssl=1","contentUrl":"https:\/\/i0.wp.com\/luxonomy.net\/wp-content\/uploads\/2024\/03\/Louis-Vuitton-and-Pharrell-Williams-tap-Tyler-the-Creator-for-Spring-2024-Mens-Capsule-Collection.jpg?fit=2000%2C1100&ssl=1","width":2000,"height":1100},{"@type":"BreadcrumbList","@id":"https:\/\/luxonomy.net\/es\/louis-vuitton-y-pharrell-williams-eligen-a-tyler-the-creator-para-la-coleccion-capsula-de-hombres-primavera-2024\/#breadcrumb","itemListElement":[{"@type":"ListItem","position":1,"name":"Portada","item":"https:\/\/luxonomy.net\/es\/"},{"@type":"ListItem","position":2,"name":"Louis Vuitton y Pharrell Williams eligen a Tyler, the Creator para la Colecci\u00f3n C\u00e1psula de Hombres Primavera 2024"}]},{"@type":"WebSite","@id":"https:\/\/luxonomy.net\/es\/#website","url":"https:\/\/luxonomy.net\/es\/","name":"LUXONOMY","description":"The Economy of Fashion &amp; Luxury","publisher":{"@id":"https:\/\/luxonomy.net\/es\/#organization"},"potentialAction":[{"@type":"SearchAction","target":{"@type":"EntryPoint","urlTemplate":"https:\/\/luxonomy.net\/es\/?s={search_term_string}"},"query-input":{"@type":"PropertyValueSpecification","valueRequired":true,"valueName":"search_term_string"}}],"inLanguage":"es"},{"@type":"Organization","@id":"https:\/\/luxonomy.net\/es\/#organization","name":"LUXONOMY","url":"https:\/\/luxonomy.net\/es\/","logo":{"@type":"ImageObject","inLanguage":"es","@id":"https:\/\/luxonomy.net\/es\/#\/schema\/logo\/image\/","url":"https:\/\/i2.wp.com\/luxonomy.net\/wp-content\/uploads\/2021\/09\/MOCKUP-TODOS-LUXONOMY.jpg?fit=1000%2C515&ssl=1","contentUrl":"https:\/\/i2.wp.com\/luxonomy.net\/wp-content\/uploads\/2021\/09\/MOCKUP-TODOS-LUXONOMY.jpg?fit=1000%2C515&ssl=1","width":1000,"height":515,"caption":"LUXONOMY"},"image":{"@id":"https:\/\/luxonomy.net\/es\/#\/schema\/logo\/image\/"},"sameAs":["https:\/\/www.facebook.com\/luxonomy","https:\/\/www.instagram.com\/luxonomy\/","https:\/\/www.linkedin.com\/company\/luxonomy\/"]},{"@type":"Person","@id":"https:\/\/luxonomy.net\/es\/#\/schema\/person\/1a813e5ec518f582af236d6344aa6c01","name":"Kristi Ellis","image":{"@type":"ImageObject","inLanguage":"es","@id":"https:\/\/luxonomy.net\/wp-content\/litespeed\/avatar\/ae0c58256b980352bba3c97a8f9abe32.jpg?ver=1787975034","url":"https:\/\/luxonomy.net\/wp-content\/litespeed\/avatar\/ae0c58256b980352bba3c97a8f9abe32.jpg?ver=1787975034","contentUrl":"https:\/\/luxonomy.net\/wp-content\/litespeed\/avatar\/ae0c58256b980352bba3c97a8f9abe32.jpg?ver=1787975034","caption":"Kristi Ellis"},"url":"https:\/\/luxonomy.net\/es\/author\/kristi-ellis\/"}]}},"jetpack_publicize_connections":[],"jetpack_shortlink":"https:\/\/wp.me\/paPhBa-dkj","jetpack_sharing_enabled":true,"jetpack_featured_media_url":"https:\/\/i0.wp.com\/luxonomy.net\/wp-content\/uploads\/2024\/03\/Louis-Vuitton-and-Pharrell-Williams-tap-Tyler-the-Creator-for-Spring-2024-Mens-Capsule-Collection.jpg?fit=2000%2C1100&ssl=1","_links":{"self":[{"href":"https:\/\/luxonomy.net\/es\/wp-json\/wp\/v2\/posts\/51231","targetHints":{"allow":["GET"]}}],"collection":[{"href":"https:\/\/luxonomy.net\/es\/wp-json\/wp\/v2\/posts"}],"about":[{"href":"https:\/\/luxonomy.net\/es\/wp-json\/wp\/v2\/types\/post"}],"author":[{"embeddable":true,"href":"https:\/\/luxonomy.net\/es\/wp-json\/wp\/v2\/users\/11"}],"replies":[{"embeddable":true,"href":"https:\/\/luxonomy.net\/es\/wp-json\/wp\/v2\/comments?post=51231"}],"version-history":[{"count":1,"href":"https:\/\/luxonomy.net\/es\/wp-json\/wp\/v2\/posts\/51231\/revisions"}],"predecessor-version":[{"id":51232,"href":"https:\/\/luxonomy.net\/es\/wp-json\/wp\/v2\/posts\/51231\/revisions\/51232"}],"wp:featuredmedia":[{"embeddable":true,"href":"https:\/\/luxonomy.net\/es\/wp-json\/wp\/v2\/media\/51229"}],"wp:attachment":[{"href":"https:\/\/luxonomy.net\/es\/wp-json\/wp\/v2\/media?parent=51231"}],"wp:term":[{"taxonomy":"category","embeddable":true,"href":"https:\/\/luxonomy.net\/es\/wp-json\/wp\/v2\/categories?post=51231"},{"taxonomy":"post_tag","embeddable":true,"href":"https:\/\/luxonomy.net\/es\/wp-json\/wp\/v2\/tags?post=51231"},{"taxonomy":"thb-sponsors","embeddable":true,"href":"https:\/\/luxonomy.net\/es\/wp-json\/wp\/v2\/thb-sponsors?post=51231"}],"curies":[{"name":"wp","href":"https:\/\/api.w.org\/{rel}","templated":true}]}}