{"id":51118,"date":"2024-03-12T08:41:00","date_gmt":"2024-03-12T07:41:00","guid":{"rendered":"https:\/?p=51118"},"modified":"2024-03-18T23:44:55","modified_gmt":"2024-03-18T22:44:55","slug":"historia-del-lujo-fendi","status":"publish","type":"post","link":"https:\/\/luxonomy.net\/es\/historia-del-lujo-fendi\/","title":{"rendered":"Historia del Lujo: Fendi"},"content":{"rendered":"<p>La historia de la renombrada marca de lujo Fendi se remonta a 1925, cuando la empresa fue fundada por Adele y Edoardo Fendi en Roma. Inicialmente comenz\u00f3 como una tienda de pieles y art\u00edculos de cuero, Fendi r\u00e1pidamente comenz\u00f3 a ganar nombre por su artesan\u00eda y materiales de calidad. En sus primeros a\u00f1os, Fendi se centr\u00f3 principalmente en la producci\u00f3n de abrigos de piel y accesorios. La empresa gan\u00f3 r\u00e1pidamente reputaci\u00f3n por su excelente trabajo en pieles y exquisitos dise\u00f1os, y sus productos fueron apreciados tanto por clientes exigentes como por celebridades. Fendi se convirti\u00f3 en una de las principales marcas de pieles en Italia.<\/p>\n<p>En la d\u00e9cada de 1960, Karl Lagerfeld, uno de los dise\u00f1adores de moda m\u00e1s influyentes de la \u00e9poca, se uni\u00f3 a Fendi como director creativo. Lagerfeld aport\u00f3 un soplo de aire fresco a la marca y ayud\u00f3 a hacer de Fendi una etiqueta de lujo reconocida mundialmente. Desarroll\u00f3 el famoso logo \u201cFF\u201d de Fendi, que se convirti\u00f3 en un s\u00edmbolo de elegancia y sofisticaci\u00f3n. Bajo la direcci\u00f3n creativa de Lagerfeld, Fendi se estableci\u00f3 como pionera en la industria de la moda. La compa\u00f1\u00eda introdujo t\u00e9cnicas innovadoras en el manejo de las pieles y cre\u00f3 dise\u00f1os revolucionarios que rompieron las fronteras de la artesan\u00eda tradicional. Fendi fue uno de los primeros dise\u00f1adores de moda en combinar pieles con otros materiales, abriendo nuevas dimensiones de creatividad.<\/p>\n<p>Otro hito en la historia de Fendi fue la introducci\u00f3n del bolso \u201cBaguette\u201d en 1997. Este peque\u00f1o bolso rectangular con una correa corta para el hombro se convirti\u00f3 en un accesorio de moda codiciado y en un s\u00edmbolo del \u00e9xito de la marca. El bolso Baguette fue lucido por numerosas celebridades y desencaden\u00f3 un verdadero furor que fortaleci\u00f3 a\u00fan m\u00e1s la marca.<\/p><div id=\"luxon-751081133\" class=\"luxon-3er-parrafo luxon-entity-placement\" style=\"margin-top: 20px;margin-bottom: 20px;margin-left: auto;margin-right: auto;text-align: center;\"><a href=\"https:\/\/luxonomy.university\/course\/master-turismo-de-lujo\" target=\"_blank\" aria-label=\"master-turismo-lujo-2026-2027\"><img loading=\"lazy\" decoding=\"async\" src=\"https:\/\/i0.wp.com\/luxonomy.net\/wp-content\/uploads\/2020\/07\/master-turismo-lujo-2026-2027.jpg?fit=1672%2C941&#038;ssl=1\" alt=\"\"  srcset=\"https:\/\/i0.wp.com\/luxonomy.net\/wp-content\/uploads\/2020\/07\/master-turismo-lujo-2026-2027.jpg?w=1672&ssl=1 1672w, https:\/\/i0.wp.com\/luxonomy.net\/wp-content\/uploads\/2020\/07\/master-turismo-lujo-2026-2027.jpg?resize=300%2C169&ssl=1 300w, https:\/\/i0.wp.com\/luxonomy.net\/wp-content\/uploads\/2020\/07\/master-turismo-lujo-2026-2027.jpg?resize=1024%2C576&ssl=1 1024w, https:\/\/i0.wp.com\/luxonomy.net\/wp-content\/uploads\/2020\/07\/master-turismo-lujo-2026-2027.jpg?resize=768%2C432&ssl=1 768w, https:\/\/i0.wp.com\/luxonomy.net\/wp-content\/uploads\/2020\/07\/master-turismo-lujo-2026-2027.jpg?resize=1536%2C864&ssl=1 1536w, https:\/\/i0.wp.com\/luxonomy.net\/wp-content\/uploads\/2020\/07\/master-turismo-lujo-2026-2027.jpg?resize=370%2C208&ssl=1 370w, https:\/\/i0.wp.com\/luxonomy.net\/wp-content\/uploads\/2020\/07\/master-turismo-lujo-2026-2027.jpg?resize=800%2C450&ssl=1 800w, https:\/\/i0.wp.com\/luxonomy.net\/wp-content\/uploads\/2020\/07\/master-turismo-lujo-2026-2027.jpg?resize=20%2C11&ssl=1 20w, https:\/\/i0.wp.com\/luxonomy.net\/wp-content\/uploads\/2020\/07\/master-turismo-lujo-2026-2027.jpg?resize=740%2C416&ssl=1 740w, https:\/\/i0.wp.com\/luxonomy.net\/wp-content\/uploads\/2020\/07\/master-turismo-lujo-2026-2027.jpg?resize=1600%2C900&ssl=1 1600w, https:\/\/i0.wp.com\/luxonomy.net\/wp-content\/uploads\/2020\/07\/master-turismo-lujo-2026-2027.jpg?resize=1200%2C675&ssl=1 1200w, https:\/\/i0.wp.com\/luxonomy.net\/wp-content\/uploads\/2020\/07\/master-turismo-lujo-2026-2027.jpg?resize=85%2C48&ssl=1 85w\" sizes=\"(max-width: 1170px) 100vw, 1170px\" class=\"no-lazyload\" width=\"1672\" height=\"941\"   \/><\/a><\/div>\n<p>En 2001, Silvia Venturini Fendi, nieta de los fundadores, se incorpor\u00f3 a la empresa como directora creativa de accesorios. Aport\u00f3 su singular visi\u00f3n creativa e introdujo nuevas categor\u00edas de productos como zapatos y bolsos, que r\u00e1pidamente se convirtieron en superventas. Venturini Fendi fue fundamental para el \u00e9xito de Fendi, creando algunos de los dise\u00f1os m\u00e1s ic\u00f3nicos de la marca.<\/p>\n<p>En 2019, Kim Jones, un renombrado dise\u00f1ador de moda, se uni\u00f3 a Fendi como director art\u00edstico de moda femenina. Su nombramiento subraya la continua evoluci\u00f3n y esp\u00edritu innovador de la marca. Jones aporta un soplo de aire fresco a la empresa y representa una visi\u00f3n moderna y progresista de la moda de lujo.<\/p>\n<p>Hoy, Fendi es una marca de lujo de renombre mundial conocida por sus productos de alta calidad, perfecta artesan\u00eda y dise\u00f1os innovadores. La empresa ofrece una amplia gama de productos, incluyendo ropa para hombres y mujeres, accesorios, zapatos, gafas, relojes y perfumes. Fendi es sin\u00f3nimo de estilo atemporal, lujo y elegancia.<\/p>\n<p>La marca tiene una fuerte presencia en el mundo de la moda y es conocida por sus creaciones \u00fanicas y uso de materiales y t\u00e9cnicas de artesan\u00eda de primera calidad. Fendi encarna el encanto y la elegancia del estilo italiano y cuenta con un fiel seguimiento de entusiastas de la moda en todo el mundo.<\/p><div id=\"luxon-4044367657\" class=\"luxon-7-parrafo luxon-entity-placement\" style=\"margin-top: 20px;margin-bottom: 20px;margin-left: auto;margin-right: auto;text-align: center;\"><a href=\"https:\/\/theintelligence.institute\/course\/inteligencia-artificial-para-directivos\" target=\"_blank\" aria-label=\"CSIAD_empresas_THEI_horizontal_4x3_v5\"><img loading=\"lazy\" decoding=\"async\" src=\"https:\/\/i0.wp.com\/luxonomy.net\/wp-content\/uploads\/2025\/08\/CSIAD_empresas_THEI_horizontal_4x3_v5.png?fit=2000%2C1500&#038;ssl=1\" alt=\"\"  srcset=\"https:\/\/i0.wp.com\/luxonomy.net\/wp-content\/uploads\/2025\/08\/CSIAD_empresas_THEI_horizontal_4x3_v5.png?w=2000&ssl=1 2000w, https:\/\/i0.wp.com\/luxonomy.net\/wp-content\/uploads\/2025\/08\/CSIAD_empresas_THEI_horizontal_4x3_v5.png?resize=300%2C225&ssl=1 300w, https:\/\/i0.wp.com\/luxonomy.net\/wp-content\/uploads\/2025\/08\/CSIAD_empresas_THEI_horizontal_4x3_v5.png?resize=1024%2C768&ssl=1 1024w, https:\/\/i0.wp.com\/luxonomy.net\/wp-content\/uploads\/2025\/08\/CSIAD_empresas_THEI_horizontal_4x3_v5.png?resize=768%2C576&ssl=1 768w, https:\/\/i0.wp.com\/luxonomy.net\/wp-content\/uploads\/2025\/08\/CSIAD_empresas_THEI_horizontal_4x3_v5.png?resize=1536%2C1152&ssl=1 1536w, https:\/\/i0.wp.com\/luxonomy.net\/wp-content\/uploads\/2025\/08\/CSIAD_empresas_THEI_horizontal_4x3_v5.png?resize=370%2C278&ssl=1 370w, https:\/\/i0.wp.com\/luxonomy.net\/wp-content\/uploads\/2025\/08\/CSIAD_empresas_THEI_horizontal_4x3_v5.png?resize=800%2C600&ssl=1 800w, https:\/\/i0.wp.com\/luxonomy.net\/wp-content\/uploads\/2025\/08\/CSIAD_empresas_THEI_horizontal_4x3_v5.png?resize=20%2C15&ssl=1 20w, https:\/\/i0.wp.com\/luxonomy.net\/wp-content\/uploads\/2025\/08\/CSIAD_empresas_THEI_horizontal_4x3_v5.png?resize=740%2C555&ssl=1 740w, https:\/\/i0.wp.com\/luxonomy.net\/wp-content\/uploads\/2025\/08\/CSIAD_empresas_THEI_horizontal_4x3_v5.png?resize=1600%2C1200&ssl=1 1600w, https:\/\/i0.wp.com\/luxonomy.net\/wp-content\/uploads\/2025\/08\/CSIAD_empresas_THEI_horizontal_4x3_v5.png?resize=1200%2C900&ssl=1 1200w, https:\/\/i0.wp.com\/luxonomy.net\/wp-content\/uploads\/2025\/08\/CSIAD_empresas_THEI_horizontal_4x3_v5.png?resize=64%2C48&ssl=1 64w\" sizes=\"(max-width: 1170px) 100vw, 1170px\" class=\"no-lazyload\" width=\"2000\" height=\"1500\"   \/><\/a><\/div>\n<p>Fendi se mantiene fiel a la tradici\u00f3n y herencia de sus fundadores, mientras evoluciona y experimenta con nuevas tendencias y tecnolog\u00edas. La marca ha logrado consolidar su lugar en el mundo de la moda de lujo y, sin duda, continuar\u00e1 presentando dise\u00f1os influyentes y colecciones codiciadas que inspiran y enriquecen la industria de la moda.<\/p>\n<p>Como muchas otras marcas de lujo, Fendi tiene una selecci\u00f3n fija de productos que se consideran cl\u00e1sicos absolutos. La Baguette de Fendi es, sin duda, uno de los cl\u00e1sicos m\u00e1s conocidos de la marca. Otro art\u00edculo legendario de Fendi es el bolso Peekaboo. El monograma Zucca es una de las marcas m\u00e1s reconocibles de Fendi. El Fendi Karlito es un encantador accesorio dedicado al fallecido director creativo de Fendi, Karl Lagerfeld. Otra colecci\u00f3n llamativa de Fendi es la colecci\u00f3n Monster Eyes. Esta serie de dise\u00f1o juguetona y moderna presenta varias caras de monstruo en bolsos, ropa y accesorios, aportando un toque \u00fanico y humor\u00edstico a los productos de Fendi.<\/p>\n","protected":false},"excerpt":{"rendered":"<p>La historia de la renombrada marca de lujo Fendi se remonta a 1925, cuando la empresa fue fundada por Adele y Edoardo Fendi en Roma. Inicialmente comenz\u00f3 como una tienda de pieles y art\u00edculos de cuero, Fendi r\u00e1pidamente comenz\u00f3 a ganar nombre por su artesan\u00eda y materiales de calidad. En sus primeros a\u00f1os, Fendi se&hellip;<\/p>\n","protected":false},"author":19,"featured_media":51119,"comment_status":"open","ping_status":"open","sticky":false,"template":"","format":"standard","meta":{"_jetpack_newsletter_access":"","_jetpack_dont_email_post_to_subs":false,"_jetpack_newsletter_tier_id":0,"_jetpack_memberships_contains_paywalled_content":false,"_jetpack_feature_clip_id":0,"_jetpack_memberships_contains_paid_content":false,"footnotes":"","jetpack_publicize_message":"","jetpack_publicize_feature_enabled":true,"jetpack_social_post_already_shared":true,"jetpack_social_options":{"image_generator_settings":{"template":"edge","default_image_id":0,"font":"","enabled":false},"version":2},"jetpack_post_was_ever_published":false},"categories":[4228],"tags":[1979],"thb-sponsors":[],"class_list":["post-51118","post","type-post","status-publish","format-standard","has-post-thumbnail","hentry","category-historia-de-la-moda-y-el-lujo","tag-historia-del-lujo"],"yoast_head":"<!-- This site is optimized with the Yoast SEO plugin v28.4 - https:\/\/yoast.com\/product\/yoast-seo-wordpress\/ -->\n<title>Historia del Lujo: Fendi | LUXONOMY<\/title>\n<meta name=\"robots\" content=\"index, follow, max-snippet:-1, max-image-preview:large, max-video-preview:-1\" \/>\n<link rel=\"canonical\" href=\"https:\/\/luxonomy.net\/es\/historia-del-lujo-fendi\/\" \/>\n<meta property=\"og:locale\" content=\"es_ES\" \/>\n<meta property=\"og:type\" content=\"article\" \/>\n<meta property=\"og:title\" content=\"Historia del Lujo: Fendi | LUXONOMY\" \/>\n<meta property=\"og:description\" content=\"La historia de la renombrada marca de lujo Fendi se remonta a 1925, cuando la empresa fue fundada por Adele y Edoardo Fendi en Roma. Inicialmente comenz\u00f3 como una tienda de pieles y art\u00edculos de cuero, Fendi r\u00e1pidamente comenz\u00f3 a ganar nombre por su artesan\u00eda y materiales de calidad. En sus primeros a\u00f1os, Fendi se&hellip;\" \/>\n<meta property=\"og:url\" content=\"https:\/\/luxonomy.net\/es\/historia-del-lujo-fendi\/\" \/>\n<meta property=\"og:site_name\" content=\"LUXONOMY\" \/>\n<meta property=\"article:publisher\" content=\"https:\/\/www.facebook.com\/luxonomy\" \/>\n<meta property=\"article:published_time\" content=\"2024-03-12T07:41:00+00:00\" \/>\n<meta property=\"article:modified_time\" content=\"2024-03-18T22:44:55+00:00\" \/>\n<meta property=\"og:image\" content=\"https:\/\/i0.wp.com\/luxonomy.net\/wp-content\/uploads\/2024\/03\/img_2743-1.jpg?fit=1960%2C1470&quality=89&ssl=1\" \/>\n\t<meta property=\"og:image:width\" content=\"1960\" \/>\n\t<meta property=\"og:image:height\" content=\"1470\" \/>\n\t<meta property=\"og:image:type\" content=\"image\/jpeg\" \/>\n<meta name=\"author\" content=\"Pablo Guti\u00e9rrez-Rav\u00e9 Villal\u00f3n\" \/>\n<meta name=\"twitter:card\" content=\"summary_large_image\" \/>\n<meta name=\"twitter:label1\" content=\"Escrito por\" \/>\n\t<meta name=\"twitter:data1\" content=\"Pablo Guti\u00e9rrez-Rav\u00e9 Villal\u00f3n\" \/>\n\t<meta name=\"twitter:label2\" content=\"Tiempo de lectura\" \/>\n\t<meta name=\"twitter:data2\" content=\"4 minutos\" \/>\n<script type=\"application\/ld+json\" class=\"yoast-schema-graph\">{\"@context\":\"https:\\\/\\\/schema.org\",\"@graph\":[{\"@type\":\"Article\",\"@id\":\"https:\\\/\\\/luxonomy.net\\\/es\\\/historia-del-lujo-fendi\\\/#article\",\"isPartOf\":{\"@id\":\"https:\\\/\\\/luxonomy.net\\\/es\\\/historia-del-lujo-fendi\\\/\"},\"author\":{\"name\":\"Pablo Guti\u00e9rrez-Rav\u00e9 Villal\u00f3n\",\"@id\":\"https:\\\/\\\/luxonomy.net\\\/es\\\/#\\\/schema\\\/person\\\/946f96026a12fb240997712bcc85943b\"},\"headline\":\"Historia del Lujo: Fendi\",\"datePublished\":\"2024-03-12T07:41:00+00:00\",\"dateModified\":\"2024-03-18T22:44:55+00:00\",\"mainEntityOfPage\":{\"@id\":\"https:\\\/\\\/luxonomy.net\\\/es\\\/historia-del-lujo-fendi\\\/\"},\"wordCount\":725,\"commentCount\":0,\"publisher\":{\"@id\":\"https:\\\/\\\/luxonomy.net\\\/es\\\/#organization\"},\"image\":{\"@id\":\"https:\\\/\\\/luxonomy.net\\\/es\\\/historia-del-lujo-fendi\\\/#primaryimage\"},\"thumbnailUrl\":\"https:\\\/\\\/i0.wp.com\\\/luxonomy.net\\\/wp-content\\\/uploads\\\/2024\\\/03\\\/img_2743-1.jpg?fit=1960%2C1470&ssl=1\",\"keywords\":[\"historia del lujo\"],\"articleSection\":[\"Historia de la Moda y el Lujo\"],\"inLanguage\":\"es\",\"potentialAction\":[{\"@type\":\"CommentAction\",\"name\":\"Comment\",\"target\":[\"https:\\\/\\\/luxonomy.net\\\/es\\\/historia-del-lujo-fendi\\\/#respond\"]}]},{\"@type\":\"WebPage\",\"@id\":\"https:\\\/\\\/luxonomy.net\\\/es\\\/historia-del-lujo-fendi\\\/\",\"url\":\"https:\\\/\\\/luxonomy.net\\\/es\\\/historia-del-lujo-fendi\\\/\",\"name\":\"Historia del Lujo: Fendi | LUXONOMY\",\"isPartOf\":{\"@id\":\"https:\\\/\\\/luxonomy.net\\\/es\\\/#website\"},\"primaryImageOfPage\":{\"@id\":\"https:\\\/\\\/luxonomy.net\\\/es\\\/historia-del-lujo-fendi\\\/#primaryimage\"},\"image\":{\"@id\":\"https:\\\/\\\/luxonomy.net\\\/es\\\/historia-del-lujo-fendi\\\/#primaryimage\"},\"thumbnailUrl\":\"https:\\\/\\\/i0.wp.com\\\/luxonomy.net\\\/wp-content\\\/uploads\\\/2024\\\/03\\\/img_2743-1.jpg?fit=1960%2C1470&ssl=1\",\"datePublished\":\"2024-03-12T07:41:00+00:00\",\"dateModified\":\"2024-03-18T22:44:55+00:00\",\"breadcrumb\":{\"@id\":\"https:\\\/\\\/luxonomy.net\\\/es\\\/historia-del-lujo-fendi\\\/#breadcrumb\"},\"inLanguage\":\"es\",\"potentialAction\":[{\"@type\":\"ReadAction\",\"target\":[\"https:\\\/\\\/luxonomy.net\\\/es\\\/historia-del-lujo-fendi\\\/\"]}]},{\"@type\":\"ImageObject\",\"inLanguage\":\"es\",\"@id\":\"https:\\\/\\\/luxonomy.net\\\/es\\\/historia-del-lujo-fendi\\\/#primaryimage\",\"url\":\"https:\\\/\\\/i0.wp.com\\\/luxonomy.net\\\/wp-content\\\/uploads\\\/2024\\\/03\\\/img_2743-1.jpg?fit=1960%2C1470&ssl=1\",\"contentUrl\":\"https:\\\/\\\/i0.wp.com\\\/luxonomy.net\\\/wp-content\\\/uploads\\\/2024\\\/03\\\/img_2743-1.jpg?fit=1960%2C1470&ssl=1\",\"width\":1960,\"height\":1470},{\"@type\":\"BreadcrumbList\",\"@id\":\"https:\\\/\\\/luxonomy.net\\\/es\\\/historia-del-lujo-fendi\\\/#breadcrumb\",\"itemListElement\":[{\"@type\":\"ListItem\",\"position\":1,\"name\":\"Portada\",\"item\":\"https:\\\/\\\/luxonomy.net\\\/es\\\/\"},{\"@type\":\"ListItem\",\"position\":2,\"name\":\"Historia del Lujo: Fendi\"}]},{\"@type\":\"WebSite\",\"@id\":\"https:\\\/\\\/luxonomy.net\\\/es\\\/#website\",\"url\":\"https:\\\/\\\/luxonomy.net\\\/es\\\/\",\"name\":\"LUXONOMY\",\"description\":\"The Economy of Fashion &amp; Luxury\",\"publisher\":{\"@id\":\"https:\\\/\\\/luxonomy.net\\\/es\\\/#organization\"},\"potentialAction\":[{\"@type\":\"SearchAction\",\"target\":{\"@type\":\"EntryPoint\",\"urlTemplate\":\"https:\\\/\\\/luxonomy.net\\\/es\\\/?s={search_term_string}\"},\"query-input\":{\"@type\":\"PropertyValueSpecification\",\"valueRequired\":true,\"valueName\":\"search_term_string\"}}],\"inLanguage\":\"es\"},{\"@type\":\"Organization\",\"@id\":\"https:\\\/\\\/luxonomy.net\\\/es\\\/#organization\",\"name\":\"LUXONOMY\",\"url\":\"https:\\\/\\\/luxonomy.net\\\/es\\\/\",\"logo\":{\"@type\":\"ImageObject\",\"inLanguage\":\"es\",\"@id\":\"https:\\\/\\\/luxonomy.net\\\/es\\\/#\\\/schema\\\/logo\\\/image\\\/\",\"url\":\"https:\\\/\\\/i2.wp.com\\\/luxonomy.net\\\/wp-content\\\/uploads\\\/2021\\\/09\\\/MOCKUP-TODOS-LUXONOMY.jpg?fit=1000%2C515&ssl=1\",\"contentUrl\":\"https:\\\/\\\/i2.wp.com\\\/luxonomy.net\\\/wp-content\\\/uploads\\\/2021\\\/09\\\/MOCKUP-TODOS-LUXONOMY.jpg?fit=1000%2C515&ssl=1\",\"width\":1000,\"height\":515,\"caption\":\"LUXONOMY\"},\"image\":{\"@id\":\"https:\\\/\\\/luxonomy.net\\\/es\\\/#\\\/schema\\\/logo\\\/image\\\/\"},\"sameAs\":[\"https:\\\/\\\/www.facebook.com\\\/luxonomy\",\"https:\\\/\\\/www.instagram.com\\\/luxonomy\\\/\",\"https:\\\/\\\/www.linkedin.com\\\/company\\\/luxonomy\\\/\"]},{\"@type\":\"Person\",\"@id\":\"https:\\\/\\\/luxonomy.net\\\/es\\\/#\\\/schema\\\/person\\\/946f96026a12fb240997712bcc85943b\",\"name\":\"Pablo Guti\u00e9rrez-Rav\u00e9 Villal\u00f3n\",\"image\":{\"@type\":\"ImageObject\",\"inLanguage\":\"es\",\"@id\":\"https:\\\/\\\/luxonomy.net\\\/wp-content\\\/litespeed\\\/avatar\\\/b80839bcd1d7840754b71e72cad801ce.jpg?ver=1788213692\",\"url\":\"https:\\\/\\\/luxonomy.net\\\/wp-content\\\/litespeed\\\/avatar\\\/b80839bcd1d7840754b71e72cad801ce.jpg?ver=1788213692\",\"contentUrl\":\"https:\\\/\\\/luxonomy.net\\\/wp-content\\\/litespeed\\\/avatar\\\/b80839bcd1d7840754b71e72cad801ce.jpg?ver=1788213692\",\"caption\":\"Pablo Guti\u00e9rrez-Rav\u00e9 Villal\u00f3n\"},\"description\":\"president LUXONOMY\u2122 Group\",\"sameAs\":[\"https:\\\/\\\/www.linkedin.com\\\/in\\\/pablogutierrezrave\\\/\"],\"url\":\"https:\\\/\\\/luxonomy.net\\\/es\\\/author\\\/pablo\\\/\"}]}<\/script>\n<!-- \/ Yoast SEO plugin. -->","yoast_head_json":{"title":"Historia del Lujo: Fendi | LUXONOMY","robots":{"index":"index","follow":"follow","max-snippet":"max-snippet:-1","max-image-preview":"max-image-preview:large","max-video-preview":"max-video-preview:-1"},"canonical":"https:\/\/luxonomy.net\/es\/historia-del-lujo-fendi\/","og_locale":"es_ES","og_type":"article","og_title":"Historia del Lujo: Fendi | LUXONOMY","og_description":"La historia de la renombrada marca de lujo Fendi se remonta a 1925, cuando la empresa fue fundada por Adele y Edoardo Fendi en Roma. Inicialmente comenz\u00f3 como una tienda de pieles y art\u00edculos de cuero, Fendi r\u00e1pidamente comenz\u00f3 a ganar nombre por su artesan\u00eda y materiales de calidad. En sus primeros a\u00f1os, Fendi se&hellip;","og_url":"https:\/\/luxonomy.net\/es\/historia-del-lujo-fendi\/","og_site_name":"LUXONOMY","article_publisher":"https:\/\/www.facebook.com\/luxonomy","article_published_time":"2024-03-12T07:41:00+00:00","article_modified_time":"2024-03-18T22:44:55+00:00","og_image":[{"width":1960,"height":1470,"url":"https:\/\/i0.wp.com\/luxonomy.net\/wp-content\/uploads\/2024\/03\/img_2743-1.jpg?fit=1960%2C1470&quality=89&ssl=1","type":"image\/jpeg"}],"author":"Pablo Guti\u00e9rrez-Rav\u00e9 Villal\u00f3n","twitter_card":"summary_large_image","twitter_misc":{"Escrito por":"Pablo Guti\u00e9rrez-Rav\u00e9 Villal\u00f3n","Tiempo de lectura":"4 minutos"},"schema":{"@context":"https:\/\/schema.org","@graph":[{"@type":"Article","@id":"https:\/\/luxonomy.net\/es\/historia-del-lujo-fendi\/#article","isPartOf":{"@id":"https:\/\/luxonomy.net\/es\/historia-del-lujo-fendi\/"},"author":{"name":"Pablo Guti\u00e9rrez-Rav\u00e9 Villal\u00f3n","@id":"https:\/\/luxonomy.net\/es\/#\/schema\/person\/946f96026a12fb240997712bcc85943b"},"headline":"Historia del Lujo: Fendi","datePublished":"2024-03-12T07:41:00+00:00","dateModified":"2024-03-18T22:44:55+00:00","mainEntityOfPage":{"@id":"https:\/\/luxonomy.net\/es\/historia-del-lujo-fendi\/"},"wordCount":725,"commentCount":0,"publisher":{"@id":"https:\/\/luxonomy.net\/es\/#organization"},"image":{"@id":"https:\/\/luxonomy.net\/es\/historia-del-lujo-fendi\/#primaryimage"},"thumbnailUrl":"https:\/\/i0.wp.com\/luxonomy.net\/wp-content\/uploads\/2024\/03\/img_2743-1.jpg?fit=1960%2C1470&ssl=1","keywords":["historia del lujo"],"articleSection":["Historia de la Moda y el Lujo"],"inLanguage":"es","potentialAction":[{"@type":"CommentAction","name":"Comment","target":["https:\/\/luxonomy.net\/es\/historia-del-lujo-fendi\/#respond"]}]},{"@type":"WebPage","@id":"https:\/\/luxonomy.net\/es\/historia-del-lujo-fendi\/","url":"https:\/\/luxonomy.net\/es\/historia-del-lujo-fendi\/","name":"Historia del Lujo: Fendi | LUXONOMY","isPartOf":{"@id":"https:\/\/luxonomy.net\/es\/#website"},"primaryImageOfPage":{"@id":"https:\/\/luxonomy.net\/es\/historia-del-lujo-fendi\/#primaryimage"},"image":{"@id":"https:\/\/luxonomy.net\/es\/historia-del-lujo-fendi\/#primaryimage"},"thumbnailUrl":"https:\/\/i0.wp.com\/luxonomy.net\/wp-content\/uploads\/2024\/03\/img_2743-1.jpg?fit=1960%2C1470&ssl=1","datePublished":"2024-03-12T07:41:00+00:00","dateModified":"2024-03-18T22:44:55+00:00","breadcrumb":{"@id":"https:\/\/luxonomy.net\/es\/historia-del-lujo-fendi\/#breadcrumb"},"inLanguage":"es","potentialAction":[{"@type":"ReadAction","target":["https:\/\/luxonomy.net\/es\/historia-del-lujo-fendi\/"]}]},{"@type":"ImageObject","inLanguage":"es","@id":"https:\/\/luxonomy.net\/es\/historia-del-lujo-fendi\/#primaryimage","url":"https:\/\/i0.wp.com\/luxonomy.net\/wp-content\/uploads\/2024\/03\/img_2743-1.jpg?fit=1960%2C1470&ssl=1","contentUrl":"https:\/\/i0.wp.com\/luxonomy.net\/wp-content\/uploads\/2024\/03\/img_2743-1.jpg?fit=1960%2C1470&ssl=1","width":1960,"height":1470},{"@type":"BreadcrumbList","@id":"https:\/\/luxonomy.net\/es\/historia-del-lujo-fendi\/#breadcrumb","itemListElement":[{"@type":"ListItem","position":1,"name":"Portada","item":"https:\/\/luxonomy.net\/es\/"},{"@type":"ListItem","position":2,"name":"Historia del Lujo: Fendi"}]},{"@type":"WebSite","@id":"https:\/\/luxonomy.net\/es\/#website","url":"https:\/\/luxonomy.net\/es\/","name":"LUXONOMY","description":"The Economy of Fashion &amp; Luxury","publisher":{"@id":"https:\/\/luxonomy.net\/es\/#organization"},"potentialAction":[{"@type":"SearchAction","target":{"@type":"EntryPoint","urlTemplate":"https:\/\/luxonomy.net\/es\/?s={search_term_string}"},"query-input":{"@type":"PropertyValueSpecification","valueRequired":true,"valueName":"search_term_string"}}],"inLanguage":"es"},{"@type":"Organization","@id":"https:\/\/luxonomy.net\/es\/#organization","name":"LUXONOMY","url":"https:\/\/luxonomy.net\/es\/","logo":{"@type":"ImageObject","inLanguage":"es","@id":"https:\/\/luxonomy.net\/es\/#\/schema\/logo\/image\/","url":"https:\/\/i2.wp.com\/luxonomy.net\/wp-content\/uploads\/2021\/09\/MOCKUP-TODOS-LUXONOMY.jpg?fit=1000%2C515&ssl=1","contentUrl":"https:\/\/i2.wp.com\/luxonomy.net\/wp-content\/uploads\/2021\/09\/MOCKUP-TODOS-LUXONOMY.jpg?fit=1000%2C515&ssl=1","width":1000,"height":515,"caption":"LUXONOMY"},"image":{"@id":"https:\/\/luxonomy.net\/es\/#\/schema\/logo\/image\/"},"sameAs":["https:\/\/www.facebook.com\/luxonomy","https:\/\/www.instagram.com\/luxonomy\/","https:\/\/www.linkedin.com\/company\/luxonomy\/"]},{"@type":"Person","@id":"https:\/\/luxonomy.net\/es\/#\/schema\/person\/946f96026a12fb240997712bcc85943b","name":"Pablo Guti\u00e9rrez-Rav\u00e9 Villal\u00f3n","image":{"@type":"ImageObject","inLanguage":"es","@id":"https:\/\/luxonomy.net\/wp-content\/litespeed\/avatar\/b80839bcd1d7840754b71e72cad801ce.jpg?ver=1788213692","url":"https:\/\/luxonomy.net\/wp-content\/litespeed\/avatar\/b80839bcd1d7840754b71e72cad801ce.jpg?ver=1788213692","contentUrl":"https:\/\/luxonomy.net\/wp-content\/litespeed\/avatar\/b80839bcd1d7840754b71e72cad801ce.jpg?ver=1788213692","caption":"Pablo Guti\u00e9rrez-Rav\u00e9 Villal\u00f3n"},"description":"president LUXONOMY\u2122 Group","sameAs":["https:\/\/www.linkedin.com\/in\/pablogutierrezrave\/"],"url":"https:\/\/luxonomy.net\/es\/author\/pablo\/"}]}},"jetpack_publicize_connections":[],"jetpack_shortlink":"https:\/\/wp.me\/paPhBa-diu","jetpack_sharing_enabled":true,"jetpack_featured_media_url":"https:\/\/i0.wp.com\/luxonomy.net\/wp-content\/uploads\/2024\/03\/img_2743-1.jpg?fit=1960%2C1470&ssl=1","_links":{"self":[{"href":"https:\/\/luxonomy.net\/es\/wp-json\/wp\/v2\/posts\/51118","targetHints":{"allow":["GET"]}}],"collection":[{"href":"https:\/\/luxonomy.net\/es\/wp-json\/wp\/v2\/posts"}],"about":[{"href":"https:\/\/luxonomy.net\/es\/wp-json\/wp\/v2\/types\/post"}],"author":[{"embeddable":true,"href":"https:\/\/luxonomy.net\/es\/wp-json\/wp\/v2\/users\/19"}],"replies":[{"embeddable":true,"href":"https:\/\/luxonomy.net\/es\/wp-json\/wp\/v2\/comments?post=51118"}],"version-history":[{"count":4,"href":"https:\/\/luxonomy.net\/es\/wp-json\/wp\/v2\/posts\/51118\/revisions"}],"predecessor-version":[{"id":51125,"href":"https:\/\/luxonomy.net\/es\/wp-json\/wp\/v2\/posts\/51118\/revisions\/51125"}],"wp:featuredmedia":[{"embeddable":true,"href":"https:\/\/luxonomy.net\/es\/wp-json\/wp\/v2\/media\/51119"}],"wp:attachment":[{"href":"https:\/\/luxonomy.net\/es\/wp-json\/wp\/v2\/media?parent=51118"}],"wp:term":[{"taxonomy":"category","embeddable":true,"href":"https:\/\/luxonomy.net\/es\/wp-json\/wp\/v2\/categories?post=51118"},{"taxonomy":"post_tag","embeddable":true,"href":"https:\/\/luxonomy.net\/es\/wp-json\/wp\/v2\/tags?post=51118"},{"taxonomy":"thb-sponsors","embeddable":true,"href":"https:\/\/luxonomy.net\/es\/wp-json\/wp\/v2\/thb-sponsors?post=51118"}],"curies":[{"name":"wp","href":"https:\/\/api.w.org\/{rel}","templated":true}]}}