{"id":50867,"date":"2024-03-06T12:51:55","date_gmt":"2024-03-06T11:51:55","guid":{"rendered":"https:\/?p=50867"},"modified":"2024-03-06T12:51:55","modified_gmt":"2024-03-06T11:51:55","slug":"lexus-convoca-la-vii-edicion-del-concurso-de-diseno-lexus-art-car","status":"publish","type":"post","link":"https:\/\/luxonomy.net\/es\/lexus-convoca-la-vii-edicion-del-concurso-de-diseno-lexus-art-car\/","title":{"rendered":"Lexus Convoca la VII Edici\u00f3n del Concurso de Dise\u00f1o Lexus Art Car"},"content":{"rendered":"<p>Lexus Espa\u00f1a convoca de nuevo, la VII edici\u00f3n del Concurso de Dise\u00f1o Lexus Art Car, el proyecto de Lexus que une a la marca con el arte. La idea es plasmar, en un Lexus como lienzo y en t\u00e9cnica libre, lo que significa el coche para cada uno de los dise\u00f1adores participantes. El artista m\u00e1s votado ve plasmada su obra en un veh\u00edculo real.<\/p>\n<p>En esta s\u00e9ptima edici\u00f3n, el protagonista es la importante novedad de la marca, el nuevo LBX, el Lexus m\u00e1s peque\u00f1o hasta la fecha, pero digno merecedor de su condici\u00f3n de modelo de referencia. Con su nuevo perfil en la consolidada gama de SUVs de Lexus, ofrece un potente atractivo a un p\u00fablico m\u00e1s joven y a quienes tal vez no se hab\u00edan planteado antes tener un Lexus.<\/p>\n<p>Esta nueva convocatoria ha sido presentada en ARCOmadrid 2024, una de las ferias de arte contempor\u00e1neo m\u00e1s importantes del mundo, que se celebra en Madrid del 6 al 10 de marzo, de la que Lexus es Partner Oficial.<\/p><div id=\"luxon-3269543682\" class=\"luxon-3er-parrafo luxon-entity-placement\" style=\"margin-top: 20px;margin-bottom: 20px;margin-left: auto;margin-right: auto;text-align: center;\"><a href=\"https:\/\/luxonomy.university\/course\/master-turismo-de-lujo\" target=\"_blank\" aria-label=\"master-turismo-lujo-2026-2027\"><img loading=\"lazy\" decoding=\"async\" src=\"https:\/\/i0.wp.com\/luxonomy.net\/wp-content\/uploads\/2020\/07\/master-turismo-lujo-2026-2027.jpg?fit=1672%2C941&#038;ssl=1\" alt=\"\"  srcset=\"https:\/\/i0.wp.com\/luxonomy.net\/wp-content\/uploads\/2020\/07\/master-turismo-lujo-2026-2027.jpg?w=1672&ssl=1 1672w, https:\/\/i0.wp.com\/luxonomy.net\/wp-content\/uploads\/2020\/07\/master-turismo-lujo-2026-2027.jpg?resize=300%2C169&ssl=1 300w, https:\/\/i0.wp.com\/luxonomy.net\/wp-content\/uploads\/2020\/07\/master-turismo-lujo-2026-2027.jpg?resize=1024%2C576&ssl=1 1024w, https:\/\/i0.wp.com\/luxonomy.net\/wp-content\/uploads\/2020\/07\/master-turismo-lujo-2026-2027.jpg?resize=768%2C432&ssl=1 768w, https:\/\/i0.wp.com\/luxonomy.net\/wp-content\/uploads\/2020\/07\/master-turismo-lujo-2026-2027.jpg?resize=1536%2C864&ssl=1 1536w, https:\/\/i0.wp.com\/luxonomy.net\/wp-content\/uploads\/2020\/07\/master-turismo-lujo-2026-2027.jpg?resize=370%2C208&ssl=1 370w, https:\/\/i0.wp.com\/luxonomy.net\/wp-content\/uploads\/2020\/07\/master-turismo-lujo-2026-2027.jpg?resize=800%2C450&ssl=1 800w, https:\/\/i0.wp.com\/luxonomy.net\/wp-content\/uploads\/2020\/07\/master-turismo-lujo-2026-2027.jpg?resize=20%2C11&ssl=1 20w, https:\/\/i0.wp.com\/luxonomy.net\/wp-content\/uploads\/2020\/07\/master-turismo-lujo-2026-2027.jpg?resize=740%2C416&ssl=1 740w, https:\/\/i0.wp.com\/luxonomy.net\/wp-content\/uploads\/2020\/07\/master-turismo-lujo-2026-2027.jpg?resize=1600%2C900&ssl=1 1600w, https:\/\/i0.wp.com\/luxonomy.net\/wp-content\/uploads\/2020\/07\/master-turismo-lujo-2026-2027.jpg?resize=1200%2C675&ssl=1 1200w, https:\/\/i0.wp.com\/luxonomy.net\/wp-content\/uploads\/2020\/07\/master-turismo-lujo-2026-2027.jpg?resize=85%2C48&ssl=1 85w\" sizes=\"(max-width: 1170px) 100vw, 1170px\" class=\"no-lazyload\" width=\"1672\" height=\"941\"   \/><\/a><\/div>\n<p>Con motivo de la presentaci\u00f3n, Lexus expone por primera vez en p\u00fablico, el ganador de la VI Edici\u00f3n del Concurso de Dise\u00f1o Lexus Art Car, el RX KUMANO KODO, del artista Zaragozano Jos\u00e9 Mo\u00f1\u00fa.<\/p>\n<p>Una obra \u00fanica e irrepetible donde el nuevo RX cobra un papel protagonista, no solo como pieza, sino como creador. La obra se inspira en el ancestral camino de peregrinaci\u00f3n japon\u00e9s \u201cKUMANO KODO\u201d transformando la propia experiencia de conducci\u00f3n en agente creador. El piloto coge las riendas del RX para recorrer un camino en el que cada curva significa una nueva pincelada, d\u00e1ndole instrucciones precisas seg\u00fan una reinterpretaci\u00f3n profunda de la t\u00e9cnica \u201cliquid painting\u201d.<\/p>\n<p>En la rueda de prensa en ARCOmadrid 2024, Lexus ha presentado a los artistas invitados al concurso, uno de los cuales, gracias a la votaci\u00f3n del p\u00fablico, ser\u00e1 elegido ganador. Y vera plasmada su obra en un veh\u00edculo real.<\/p>\n<p><strong>M\u00e1s informaci\u00f3n:<\/strong>\u00a0<a href=\"https:\/\/www.lexusauto.es\/estilolexus\/marca\/lexus-convoca-la-vii-edicion-del-concurso-de-diseno-lexus-art-car\" target=\"_blank\" rel=\"noopener\"><u>https:\/\/www.lexusauto.es\/estilolexus\/marca\/lexus-convoca-la-vii-edicion-del-concurso-de-diseno-lexus-art-car<\/u><\/a><\/p><div id=\"luxon-1725291955\" class=\"luxon-7-parrafo luxon-entity-placement\" style=\"margin-top: 20px;margin-bottom: 20px;margin-left: auto;margin-right: auto;text-align: center;\"><a href=\"https:\/\/theintelligence.institute\/course\/inteligencia-artificial-para-directivos\" target=\"_blank\" aria-label=\"CSIAD_empresas_THEI_horizontal_4x3_v5\"><img loading=\"lazy\" decoding=\"async\" src=\"https:\/\/i0.wp.com\/luxonomy.net\/wp-content\/uploads\/2025\/08\/CSIAD_empresas_THEI_horizontal_4x3_v5.png?fit=2000%2C1500&#038;ssl=1\" alt=\"\"  srcset=\"https:\/\/i0.wp.com\/luxonomy.net\/wp-content\/uploads\/2025\/08\/CSIAD_empresas_THEI_horizontal_4x3_v5.png?w=2000&ssl=1 2000w, https:\/\/i0.wp.com\/luxonomy.net\/wp-content\/uploads\/2025\/08\/CSIAD_empresas_THEI_horizontal_4x3_v5.png?resize=300%2C225&ssl=1 300w, https:\/\/i0.wp.com\/luxonomy.net\/wp-content\/uploads\/2025\/08\/CSIAD_empresas_THEI_horizontal_4x3_v5.png?resize=1024%2C768&ssl=1 1024w, https:\/\/i0.wp.com\/luxonomy.net\/wp-content\/uploads\/2025\/08\/CSIAD_empresas_THEI_horizontal_4x3_v5.png?resize=768%2C576&ssl=1 768w, https:\/\/i0.wp.com\/luxonomy.net\/wp-content\/uploads\/2025\/08\/CSIAD_empresas_THEI_horizontal_4x3_v5.png?resize=1536%2C1152&ssl=1 1536w, https:\/\/i0.wp.com\/luxonomy.net\/wp-content\/uploads\/2025\/08\/CSIAD_empresas_THEI_horizontal_4x3_v5.png?resize=370%2C278&ssl=1 370w, https:\/\/i0.wp.com\/luxonomy.net\/wp-content\/uploads\/2025\/08\/CSIAD_empresas_THEI_horizontal_4x3_v5.png?resize=800%2C600&ssl=1 800w, https:\/\/i0.wp.com\/luxonomy.net\/wp-content\/uploads\/2025\/08\/CSIAD_empresas_THEI_horizontal_4x3_v5.png?resize=20%2C15&ssl=1 20w, https:\/\/i0.wp.com\/luxonomy.net\/wp-content\/uploads\/2025\/08\/CSIAD_empresas_THEI_horizontal_4x3_v5.png?resize=740%2C555&ssl=1 740w, https:\/\/i0.wp.com\/luxonomy.net\/wp-content\/uploads\/2025\/08\/CSIAD_empresas_THEI_horizontal_4x3_v5.png?resize=1600%2C1200&ssl=1 1600w, https:\/\/i0.wp.com\/luxonomy.net\/wp-content\/uploads\/2025\/08\/CSIAD_empresas_THEI_horizontal_4x3_v5.png?resize=1200%2C900&ssl=1 1200w, https:\/\/i0.wp.com\/luxonomy.net\/wp-content\/uploads\/2025\/08\/CSIAD_empresas_THEI_horizontal_4x3_v5.png?resize=64%2C48&ssl=1 64w\" sizes=\"(max-width: 1170px) 100vw, 1170px\" class=\"no-lazyload\" width=\"2000\" height=\"1500\"   \/><\/a><\/div>\n","protected":false},"excerpt":{"rendered":"<p>Lexus Espa\u00f1a convoca de nuevo, la VII edici\u00f3n del Concurso de Dise\u00f1o Lexus Art Car, el proyecto de Lexus que une a la marca con el arte. La idea es plasmar, en un Lexus como lienzo y en t\u00e9cnica libre, lo que significa el coche para cada uno de los dise\u00f1adores participantes. El artista m\u00e1s&hellip;<\/p>\n","protected":false},"author":19,"featured_media":50868,"comment_status":"open","ping_status":"open","sticky":false,"template":"","format":"standard","meta":{"_jetpack_newsletter_access":"","_jetpack_dont_email_post_to_subs":false,"_jetpack_newsletter_tier_id":0,"_jetpack_memberships_contains_paywalled_content":false,"_jetpack_feature_clip_id":0,"_jetpack_memberships_contains_paid_content":false,"footnotes":"","jetpack_publicize_message":"","jetpack_publicize_feature_enabled":true,"jetpack_social_post_already_shared":true,"jetpack_social_options":{"image_generator_settings":{"template":"edge","default_image_id":0,"font":"","enabled":false},"version":2},"jetpack_post_was_ever_published":false},"categories":[1672,6575,1297,296],"tags":[1298,295,222],"thb-sponsors":[],"class_list":["post-50867","post","type-post","status-publish","format-standard","has-post-thumbnail","hentry","category-actualidad","category-arte","category-arte-y-cultura-eventos","category-motor","tag-arte","tag-lexus","tag-motor"],"yoast_head":"<!-- This site is optimized with the Yoast SEO plugin v28.4 - https:\/\/yoast.com\/product\/yoast-seo-wordpress\/ -->\n<title>Lexus Convoca la VII Edici\u00f3n del Concurso de Dise\u00f1o Lexus Art Car | LUXONOMY<\/title>\n<meta name=\"robots\" content=\"index, follow, max-snippet:-1, max-image-preview:large, max-video-preview:-1\" \/>\n<link rel=\"canonical\" href=\"https:\/\/luxonomy.net\/es\/lexus-convoca-la-vii-edicion-del-concurso-de-diseno-lexus-art-car\/\" \/>\n<meta property=\"og:locale\" content=\"es_ES\" \/>\n<meta property=\"og:type\" content=\"article\" \/>\n<meta property=\"og:title\" content=\"Lexus Convoca la VII Edici\u00f3n del Concurso de Dise\u00f1o Lexus Art Car | LUXONOMY\" \/>\n<meta property=\"og:description\" content=\"Lexus Espa\u00f1a convoca de nuevo, la VII edici\u00f3n del Concurso de Dise\u00f1o Lexus Art Car, el proyecto de Lexus que une a la marca con el arte. La idea es plasmar, en un Lexus como lienzo y en t\u00e9cnica libre, lo que significa el coche para cada uno de los dise\u00f1adores participantes. El artista m\u00e1s&hellip;\" \/>\n<meta property=\"og:url\" content=\"https:\/\/luxonomy.net\/es\/lexus-convoca-la-vii-edicion-del-concurso-de-diseno-lexus-art-car\/\" \/>\n<meta property=\"og:site_name\" content=\"LUXONOMY\" \/>\n<meta property=\"article:publisher\" content=\"https:\/\/www.facebook.com\/luxonomy\" \/>\n<meta property=\"article:published_time\" content=\"2024-03-06T11:51:55+00:00\" \/>\n<meta property=\"og:image\" content=\"https:\/\/i0.wp.com\/luxonomy.net\/wp-content\/uploads\/2024\/03\/Lexus-convoca-la-VII-edicion-del-concurso-de-diseno-Lexus-Art-Car-COVER-scaled-1.jpg?fit=2560%2C1708&quality=89&ssl=1\" \/>\n\t<meta property=\"og:image:width\" content=\"2560\" \/>\n\t<meta property=\"og:image:height\" content=\"1708\" \/>\n\t<meta property=\"og:image:type\" content=\"image\/jpeg\" \/>\n<meta name=\"author\" content=\"Pablo Guti\u00e9rrez-Rav\u00e9 Villal\u00f3n\" \/>\n<meta name=\"twitter:card\" content=\"summary_large_image\" \/>\n<meta name=\"twitter:label1\" content=\"Escrito por\" \/>\n\t<meta name=\"twitter:data1\" content=\"Pablo Guti\u00e9rrez-Rav\u00e9 Villal\u00f3n\" \/>\n\t<meta name=\"twitter:label2\" content=\"Tiempo de lectura\" \/>\n\t<meta name=\"twitter:data2\" content=\"2 minutos\" \/>\n<script type=\"application\/ld+json\" class=\"yoast-schema-graph\">{\"@context\":\"https:\\\/\\\/schema.org\",\"@graph\":[{\"@type\":\"Article\",\"@id\":\"https:\\\/\\\/luxonomy.net\\\/es\\\/lexus-convoca-la-vii-edicion-del-concurso-de-diseno-lexus-art-car\\\/#article\",\"isPartOf\":{\"@id\":\"https:\\\/\\\/luxonomy.net\\\/es\\\/lexus-convoca-la-vii-edicion-del-concurso-de-diseno-lexus-art-car\\\/\"},\"author\":{\"name\":\"Pablo Guti\u00e9rrez-Rav\u00e9 Villal\u00f3n\",\"@id\":\"https:\\\/\\\/luxonomy.net\\\/es\\\/#\\\/schema\\\/person\\\/aca186356f30a813f61bbf19ba52c031\"},\"headline\":\"Lexus Convoca la VII Edici\u00f3n del Concurso de Dise\u00f1o Lexus Art Car\",\"datePublished\":\"2024-03-06T11:51:55+00:00\",\"mainEntityOfPage\":{\"@id\":\"https:\\\/\\\/luxonomy.net\\\/es\\\/lexus-convoca-la-vii-edicion-del-concurso-de-diseno-lexus-art-car\\\/\"},\"wordCount\":368,\"commentCount\":0,\"publisher\":{\"@id\":\"https:\\\/\\\/luxonomy.net\\\/es\\\/#organization\"},\"image\":{\"@id\":\"https:\\\/\\\/luxonomy.net\\\/es\\\/lexus-convoca-la-vii-edicion-del-concurso-de-diseno-lexus-art-car\\\/#primaryimage\"},\"thumbnailUrl\":\"https:\\\/\\\/i0.wp.com\\\/luxonomy.net\\\/wp-content\\\/uploads\\\/2024\\\/03\\\/Lexus-convoca-la-VII-edicion-del-concurso-de-diseno-Lexus-Art-Car-COVER-scaled-1.jpg?fit=2560%2C1708&ssl=1\",\"keywords\":[\"arte\",\"Lexus\",\"motor\"],\"articleSection\":[\"Actualidad\",\"Arte\",\"Arte y Cultura\",\"Motor\"],\"inLanguage\":\"es\",\"potentialAction\":[{\"@type\":\"CommentAction\",\"name\":\"Comment\",\"target\":[\"https:\\\/\\\/luxonomy.net\\\/es\\\/lexus-convoca-la-vii-edicion-del-concurso-de-diseno-lexus-art-car\\\/#respond\"]}]},{\"@type\":\"WebPage\",\"@id\":\"https:\\\/\\\/luxonomy.net\\\/es\\\/lexus-convoca-la-vii-edicion-del-concurso-de-diseno-lexus-art-car\\\/\",\"url\":\"https:\\\/\\\/luxonomy.net\\\/es\\\/lexus-convoca-la-vii-edicion-del-concurso-de-diseno-lexus-art-car\\\/\",\"name\":\"Lexus Convoca la VII Edici\u00f3n del Concurso de Dise\u00f1o Lexus Art Car | LUXONOMY\",\"isPartOf\":{\"@id\":\"https:\\\/\\\/luxonomy.net\\\/es\\\/#website\"},\"primaryImageOfPage\":{\"@id\":\"https:\\\/\\\/luxonomy.net\\\/es\\\/lexus-convoca-la-vii-edicion-del-concurso-de-diseno-lexus-art-car\\\/#primaryimage\"},\"image\":{\"@id\":\"https:\\\/\\\/luxonomy.net\\\/es\\\/lexus-convoca-la-vii-edicion-del-concurso-de-diseno-lexus-art-car\\\/#primaryimage\"},\"thumbnailUrl\":\"https:\\\/\\\/i0.wp.com\\\/luxonomy.net\\\/wp-content\\\/uploads\\\/2024\\\/03\\\/Lexus-convoca-la-VII-edicion-del-concurso-de-diseno-Lexus-Art-Car-COVER-scaled-1.jpg?fit=2560%2C1708&ssl=1\",\"datePublished\":\"2024-03-06T11:51:55+00:00\",\"breadcrumb\":{\"@id\":\"https:\\\/\\\/luxonomy.net\\\/es\\\/lexus-convoca-la-vii-edicion-del-concurso-de-diseno-lexus-art-car\\\/#breadcrumb\"},\"inLanguage\":\"es\",\"potentialAction\":[{\"@type\":\"ReadAction\",\"target\":[\"https:\\\/\\\/luxonomy.net\\\/es\\\/lexus-convoca-la-vii-edicion-del-concurso-de-diseno-lexus-art-car\\\/\"]}]},{\"@type\":\"ImageObject\",\"inLanguage\":\"es\",\"@id\":\"https:\\\/\\\/luxonomy.net\\\/es\\\/lexus-convoca-la-vii-edicion-del-concurso-de-diseno-lexus-art-car\\\/#primaryimage\",\"url\":\"https:\\\/\\\/i0.wp.com\\\/luxonomy.net\\\/wp-content\\\/uploads\\\/2024\\\/03\\\/Lexus-convoca-la-VII-edicion-del-concurso-de-diseno-Lexus-Art-Car-COVER-scaled-1.jpg?fit=2560%2C1708&ssl=1\",\"contentUrl\":\"https:\\\/\\\/i0.wp.com\\\/luxonomy.net\\\/wp-content\\\/uploads\\\/2024\\\/03\\\/Lexus-convoca-la-VII-edicion-del-concurso-de-diseno-Lexus-Art-Car-COVER-scaled-1.jpg?fit=2560%2C1708&ssl=1\",\"width\":2560,\"height\":1708},{\"@type\":\"BreadcrumbList\",\"@id\":\"https:\\\/\\\/luxonomy.net\\\/es\\\/lexus-convoca-la-vii-edicion-del-concurso-de-diseno-lexus-art-car\\\/#breadcrumb\",\"itemListElement\":[{\"@type\":\"ListItem\",\"position\":1,\"name\":\"Portada\",\"item\":\"https:\\\/\\\/luxonomy.net\\\/es\\\/\"},{\"@type\":\"ListItem\",\"position\":2,\"name\":\"Lexus Convoca la VII Edici\u00f3n del Concurso de Dise\u00f1o Lexus Art Car\"}]},{\"@type\":\"WebSite\",\"@id\":\"https:\\\/\\\/luxonomy.net\\\/es\\\/#website\",\"url\":\"https:\\\/\\\/luxonomy.net\\\/es\\\/\",\"name\":\"LUXONOMY\",\"description\":\"The Economy of Fashion &amp; Luxury\",\"publisher\":{\"@id\":\"https:\\\/\\\/luxonomy.net\\\/es\\\/#organization\"},\"potentialAction\":[{\"@type\":\"SearchAction\",\"target\":{\"@type\":\"EntryPoint\",\"urlTemplate\":\"https:\\\/\\\/luxonomy.net\\\/es\\\/?s={search_term_string}\"},\"query-input\":{\"@type\":\"PropertyValueSpecification\",\"valueRequired\":true,\"valueName\":\"search_term_string\"}}],\"inLanguage\":\"es\"},{\"@type\":\"Organization\",\"@id\":\"https:\\\/\\\/luxonomy.net\\\/es\\\/#organization\",\"name\":\"LUXONOMY\",\"url\":\"https:\\\/\\\/luxonomy.net\\\/es\\\/\",\"logo\":{\"@type\":\"ImageObject\",\"inLanguage\":\"es\",\"@id\":\"https:\\\/\\\/luxonomy.net\\\/es\\\/#\\\/schema\\\/logo\\\/image\\\/\",\"url\":\"https:\\\/\\\/i2.wp.com\\\/luxonomy.net\\\/wp-content\\\/uploads\\\/2021\\\/09\\\/MOCKUP-TODOS-LUXONOMY.jpg?fit=1000%2C515&ssl=1\",\"contentUrl\":\"https:\\\/\\\/i2.wp.com\\\/luxonomy.net\\\/wp-content\\\/uploads\\\/2021\\\/09\\\/MOCKUP-TODOS-LUXONOMY.jpg?fit=1000%2C515&ssl=1\",\"width\":1000,\"height\":515,\"caption\":\"LUXONOMY\"},\"image\":{\"@id\":\"https:\\\/\\\/luxonomy.net\\\/es\\\/#\\\/schema\\\/logo\\\/image\\\/\"},\"sameAs\":[\"https:\\\/\\\/www.facebook.com\\\/luxonomy\",\"https:\\\/\\\/www.instagram.com\\\/luxonomy\\\/\",\"https:\\\/\\\/www.linkedin.com\\\/company\\\/luxonomy\\\/\"]},{\"@type\":\"Person\",\"@id\":\"https:\\\/\\\/luxonomy.net\\\/es\\\/#\\\/schema\\\/person\\\/aca186356f30a813f61bbf19ba52c031\",\"name\":\"Pablo Guti\u00e9rrez-Rav\u00e9 Villal\u00f3n\",\"image\":{\"@type\":\"ImageObject\",\"inLanguage\":\"es\",\"@id\":\"https:\\\/\\\/luxonomy.net\\\/wp-content\\\/litespeed\\\/avatar\\\/b80839bcd1d7840754b71e72cad801ce.jpg?ver=1788213692\",\"url\":\"https:\\\/\\\/luxonomy.net\\\/wp-content\\\/litespeed\\\/avatar\\\/b80839bcd1d7840754b71e72cad801ce.jpg?ver=1788213692\",\"contentUrl\":\"https:\\\/\\\/luxonomy.net\\\/wp-content\\\/litespeed\\\/avatar\\\/b80839bcd1d7840754b71e72cad801ce.jpg?ver=1788213692\",\"caption\":\"Pablo Guti\u00e9rrez-Rav\u00e9 Villal\u00f3n\"},\"description\":\"president LUXONOMY\u2122 Group\",\"sameAs\":[\"https:\\\/\\\/www.linkedin.com\\\/in\\\/pablogutierrezrave\\\/\"],\"url\":\"https:\\\/\\\/luxonomy.net\\\/es\\\/author\\\/pablo\\\/\"}]}<\/script>\n<!-- \/ Yoast SEO plugin. -->","yoast_head_json":{"title":"Lexus Convoca la VII Edici\u00f3n del Concurso de Dise\u00f1o Lexus Art Car | LUXONOMY","robots":{"index":"index","follow":"follow","max-snippet":"max-snippet:-1","max-image-preview":"max-image-preview:large","max-video-preview":"max-video-preview:-1"},"canonical":"https:\/\/luxonomy.net\/es\/lexus-convoca-la-vii-edicion-del-concurso-de-diseno-lexus-art-car\/","og_locale":"es_ES","og_type":"article","og_title":"Lexus Convoca la VII Edici\u00f3n del Concurso de Dise\u00f1o Lexus Art Car | LUXONOMY","og_description":"Lexus Espa\u00f1a convoca de nuevo, la VII edici\u00f3n del Concurso de Dise\u00f1o Lexus Art Car, el proyecto de Lexus que une a la marca con el arte. La idea es plasmar, en un Lexus como lienzo y en t\u00e9cnica libre, lo que significa el coche para cada uno de los dise\u00f1adores participantes. El artista m\u00e1s&hellip;","og_url":"https:\/\/luxonomy.net\/es\/lexus-convoca-la-vii-edicion-del-concurso-de-diseno-lexus-art-car\/","og_site_name":"LUXONOMY","article_publisher":"https:\/\/www.facebook.com\/luxonomy","article_published_time":"2024-03-06T11:51:55+00:00","og_image":[{"width":2560,"height":1708,"url":"https:\/\/i0.wp.com\/luxonomy.net\/wp-content\/uploads\/2024\/03\/Lexus-convoca-la-VII-edicion-del-concurso-de-diseno-Lexus-Art-Car-COVER-scaled-1.jpg?fit=2560%2C1708&quality=89&ssl=1","type":"image\/jpeg"}],"author":"Pablo Guti\u00e9rrez-Rav\u00e9 Villal\u00f3n","twitter_card":"summary_large_image","twitter_misc":{"Escrito por":"Pablo Guti\u00e9rrez-Rav\u00e9 Villal\u00f3n","Tiempo de lectura":"2 minutos"},"schema":{"@context":"https:\/\/schema.org","@graph":[{"@type":"Article","@id":"https:\/\/luxonomy.net\/es\/lexus-convoca-la-vii-edicion-del-concurso-de-diseno-lexus-art-car\/#article","isPartOf":{"@id":"https:\/\/luxonomy.net\/es\/lexus-convoca-la-vii-edicion-del-concurso-de-diseno-lexus-art-car\/"},"author":{"name":"Pablo Guti\u00e9rrez-Rav\u00e9 Villal\u00f3n","@id":"https:\/\/luxonomy.net\/es\/#\/schema\/person\/aca186356f30a813f61bbf19ba52c031"},"headline":"Lexus Convoca la VII Edici\u00f3n del Concurso de Dise\u00f1o Lexus Art Car","datePublished":"2024-03-06T11:51:55+00:00","mainEntityOfPage":{"@id":"https:\/\/luxonomy.net\/es\/lexus-convoca-la-vii-edicion-del-concurso-de-diseno-lexus-art-car\/"},"wordCount":368,"commentCount":0,"publisher":{"@id":"https:\/\/luxonomy.net\/es\/#organization"},"image":{"@id":"https:\/\/luxonomy.net\/es\/lexus-convoca-la-vii-edicion-del-concurso-de-diseno-lexus-art-car\/#primaryimage"},"thumbnailUrl":"https:\/\/i0.wp.com\/luxonomy.net\/wp-content\/uploads\/2024\/03\/Lexus-convoca-la-VII-edicion-del-concurso-de-diseno-Lexus-Art-Car-COVER-scaled-1.jpg?fit=2560%2C1708&ssl=1","keywords":["arte","Lexus","motor"],"articleSection":["Actualidad","Arte","Arte y Cultura","Motor"],"inLanguage":"es","potentialAction":[{"@type":"CommentAction","name":"Comment","target":["https:\/\/luxonomy.net\/es\/lexus-convoca-la-vii-edicion-del-concurso-de-diseno-lexus-art-car\/#respond"]}]},{"@type":"WebPage","@id":"https:\/\/luxonomy.net\/es\/lexus-convoca-la-vii-edicion-del-concurso-de-diseno-lexus-art-car\/","url":"https:\/\/luxonomy.net\/es\/lexus-convoca-la-vii-edicion-del-concurso-de-diseno-lexus-art-car\/","name":"Lexus Convoca la VII Edici\u00f3n del Concurso de Dise\u00f1o Lexus Art Car | LUXONOMY","isPartOf":{"@id":"https:\/\/luxonomy.net\/es\/#website"},"primaryImageOfPage":{"@id":"https:\/\/luxonomy.net\/es\/lexus-convoca-la-vii-edicion-del-concurso-de-diseno-lexus-art-car\/#primaryimage"},"image":{"@id":"https:\/\/luxonomy.net\/es\/lexus-convoca-la-vii-edicion-del-concurso-de-diseno-lexus-art-car\/#primaryimage"},"thumbnailUrl":"https:\/\/i0.wp.com\/luxonomy.net\/wp-content\/uploads\/2024\/03\/Lexus-convoca-la-VII-edicion-del-concurso-de-diseno-Lexus-Art-Car-COVER-scaled-1.jpg?fit=2560%2C1708&ssl=1","datePublished":"2024-03-06T11:51:55+00:00","breadcrumb":{"@id":"https:\/\/luxonomy.net\/es\/lexus-convoca-la-vii-edicion-del-concurso-de-diseno-lexus-art-car\/#breadcrumb"},"inLanguage":"es","potentialAction":[{"@type":"ReadAction","target":["https:\/\/luxonomy.net\/es\/lexus-convoca-la-vii-edicion-del-concurso-de-diseno-lexus-art-car\/"]}]},{"@type":"ImageObject","inLanguage":"es","@id":"https:\/\/luxonomy.net\/es\/lexus-convoca-la-vii-edicion-del-concurso-de-diseno-lexus-art-car\/#primaryimage","url":"https:\/\/i0.wp.com\/luxonomy.net\/wp-content\/uploads\/2024\/03\/Lexus-convoca-la-VII-edicion-del-concurso-de-diseno-Lexus-Art-Car-COVER-scaled-1.jpg?fit=2560%2C1708&ssl=1","contentUrl":"https:\/\/i0.wp.com\/luxonomy.net\/wp-content\/uploads\/2024\/03\/Lexus-convoca-la-VII-edicion-del-concurso-de-diseno-Lexus-Art-Car-COVER-scaled-1.jpg?fit=2560%2C1708&ssl=1","width":2560,"height":1708},{"@type":"BreadcrumbList","@id":"https:\/\/luxonomy.net\/es\/lexus-convoca-la-vii-edicion-del-concurso-de-diseno-lexus-art-car\/#breadcrumb","itemListElement":[{"@type":"ListItem","position":1,"name":"Portada","item":"https:\/\/luxonomy.net\/es\/"},{"@type":"ListItem","position":2,"name":"Lexus Convoca la VII Edici\u00f3n del Concurso de Dise\u00f1o Lexus Art Car"}]},{"@type":"WebSite","@id":"https:\/\/luxonomy.net\/es\/#website","url":"https:\/\/luxonomy.net\/es\/","name":"LUXONOMY","description":"The Economy of Fashion &amp; Luxury","publisher":{"@id":"https:\/\/luxonomy.net\/es\/#organization"},"potentialAction":[{"@type":"SearchAction","target":{"@type":"EntryPoint","urlTemplate":"https:\/\/luxonomy.net\/es\/?s={search_term_string}"},"query-input":{"@type":"PropertyValueSpecification","valueRequired":true,"valueName":"search_term_string"}}],"inLanguage":"es"},{"@type":"Organization","@id":"https:\/\/luxonomy.net\/es\/#organization","name":"LUXONOMY","url":"https:\/\/luxonomy.net\/es\/","logo":{"@type":"ImageObject","inLanguage":"es","@id":"https:\/\/luxonomy.net\/es\/#\/schema\/logo\/image\/","url":"https:\/\/i2.wp.com\/luxonomy.net\/wp-content\/uploads\/2021\/09\/MOCKUP-TODOS-LUXONOMY.jpg?fit=1000%2C515&ssl=1","contentUrl":"https:\/\/i2.wp.com\/luxonomy.net\/wp-content\/uploads\/2021\/09\/MOCKUP-TODOS-LUXONOMY.jpg?fit=1000%2C515&ssl=1","width":1000,"height":515,"caption":"LUXONOMY"},"image":{"@id":"https:\/\/luxonomy.net\/es\/#\/schema\/logo\/image\/"},"sameAs":["https:\/\/www.facebook.com\/luxonomy","https:\/\/www.instagram.com\/luxonomy\/","https:\/\/www.linkedin.com\/company\/luxonomy\/"]},{"@type":"Person","@id":"https:\/\/luxonomy.net\/es\/#\/schema\/person\/aca186356f30a813f61bbf19ba52c031","name":"Pablo Guti\u00e9rrez-Rav\u00e9 Villal\u00f3n","image":{"@type":"ImageObject","inLanguage":"es","@id":"https:\/\/luxonomy.net\/wp-content\/litespeed\/avatar\/b80839bcd1d7840754b71e72cad801ce.jpg?ver=1788213692","url":"https:\/\/luxonomy.net\/wp-content\/litespeed\/avatar\/b80839bcd1d7840754b71e72cad801ce.jpg?ver=1788213692","contentUrl":"https:\/\/luxonomy.net\/wp-content\/litespeed\/avatar\/b80839bcd1d7840754b71e72cad801ce.jpg?ver=1788213692","caption":"Pablo Guti\u00e9rrez-Rav\u00e9 Villal\u00f3n"},"description":"president LUXONOMY\u2122 Group","sameAs":["https:\/\/www.linkedin.com\/in\/pablogutierrezrave\/"],"url":"https:\/\/luxonomy.net\/es\/author\/pablo\/"}]}},"jetpack_publicize_connections":[],"jetpack_shortlink":"https:\/\/wp.me\/paPhBa-der","jetpack_sharing_enabled":true,"jetpack_featured_media_url":"https:\/\/i0.wp.com\/luxonomy.net\/wp-content\/uploads\/2024\/03\/Lexus-convoca-la-VII-edicion-del-concurso-de-diseno-Lexus-Art-Car-COVER-scaled-1.jpg?fit=2560%2C1708&ssl=1","_links":{"self":[{"href":"https:\/\/luxonomy.net\/es\/wp-json\/wp\/v2\/posts\/50867","targetHints":{"allow":["GET"]}}],"collection":[{"href":"https:\/\/luxonomy.net\/es\/wp-json\/wp\/v2\/posts"}],"about":[{"href":"https:\/\/luxonomy.net\/es\/wp-json\/wp\/v2\/types\/post"}],"author":[{"embeddable":true,"href":"https:\/\/luxonomy.net\/es\/wp-json\/wp\/v2\/users\/19"}],"replies":[{"embeddable":true,"href":"https:\/\/luxonomy.net\/es\/wp-json\/wp\/v2\/comments?post=50867"}],"version-history":[{"count":1,"href":"https:\/\/luxonomy.net\/es\/wp-json\/wp\/v2\/posts\/50867\/revisions"}],"predecessor-version":[{"id":50871,"href":"https:\/\/luxonomy.net\/es\/wp-json\/wp\/v2\/posts\/50867\/revisions\/50871"}],"wp:featuredmedia":[{"embeddable":true,"href":"https:\/\/luxonomy.net\/es\/wp-json\/wp\/v2\/media\/50868"}],"wp:attachment":[{"href":"https:\/\/luxonomy.net\/es\/wp-json\/wp\/v2\/media?parent=50867"}],"wp:term":[{"taxonomy":"category","embeddable":true,"href":"https:\/\/luxonomy.net\/es\/wp-json\/wp\/v2\/categories?post=50867"},{"taxonomy":"post_tag","embeddable":true,"href":"https:\/\/luxonomy.net\/es\/wp-json\/wp\/v2\/tags?post=50867"},{"taxonomy":"thb-sponsors","embeddable":true,"href":"https:\/\/luxonomy.net\/es\/wp-json\/wp\/v2\/thb-sponsors?post=50867"}],"curies":[{"name":"wp","href":"https:\/\/api.w.org\/{rel}","templated":true}]}}