{"id":50349,"date":"2024-01-30T15:25:15","date_gmt":"2024-01-30T14:25:15","guid":{"rendered":"https:\/?p=50349"},"modified":"2024-01-30T15:59:38","modified_gmt":"2024-01-30T14:59:38","slug":"emocion-poetica-en-el-desfile-de-fendi-primavera-verano-2024","status":"publish","type":"post","link":"https:\/\/luxonomy.net\/es\/emocion-poetica-en-el-desfile-de-fendi-primavera-verano-2024\/","title":{"rendered":"Emoci\u00f3n po\u00e9tica en el desfile de Fendi Primavera\/Verano 2024"},"content":{"rendered":"<p>Kim Jones, Director Art\u00edstico de Alta Costura y Moda Femenina de Fendi, cont\u00f3 con el compositor Max Richter para musicalizar el desfile de alta costura de esta temporada. El tema &#8220;precisi\u00f3n y emoci\u00f3n&#8221; impregna la nueva colecci\u00f3n.<\/p>\n<p>Inspirado en el futurismo de Karl Lagerfeld en Fendi, Kim Jones celebra el humanismo en el coraz\u00f3n de este futuro: \u201cEst\u00e1 el cuerpo, la silueta dentro de la silueta, la persona y el trabajo manual de la alta costura. La colecci\u00f3n trata sobre la estructura y la decoraci\u00f3n, donde ambas se vuelven indivisibles\u201d.<\/p>\n<p>Con una construcci\u00f3n deslumbrante, las siluetas de Fendi Couture parec\u00edan bailar sobre el agua. El desfile comenz\u00f3 y termin\u00f3 con una nueva silueta \u201cScatola\u201d (\u201ccaja\u201d), introduciendo un corte de patr\u00f3n geom\u00e9trico. El cocodrilo flexible se extendi\u00f3 a trav\u00e9s de toda la colecci\u00f3n, y bordados como una segunda piel enfatizaban cada movimiento del portador con extrema precisi\u00f3n. Flecos tipo pluma drapeaban las siluetas con una fluidez ultraligera. La transparencia une cuerpo y prendas como uno solo. Los tops \u201cShibari\u201d revelan de manera recatada la belleza de los bustos, mientras que los vestidos de cachemira y vicu\u00f1a siguen cada curva.<\/p><div id=\"luxon-2678597676\" class=\"luxon-3er-parrafo luxon-entity-placement\" style=\"margin-top: 20px;margin-bottom: 20px;margin-left: auto;margin-right: auto;text-align: center;\"><a href=\"https:\/\/luxonomy.university\/course\/master-turismo-de-lujo\" target=\"_blank\" aria-label=\"master-turismo-lujo-2026-2027\"><img loading=\"lazy\" decoding=\"async\" src=\"https:\/\/i0.wp.com\/luxonomy.net\/wp-content\/uploads\/2020\/07\/master-turismo-lujo-2026-2027.jpg?fit=1672%2C941&#038;ssl=1\" alt=\"\"  srcset=\"https:\/\/i0.wp.com\/luxonomy.net\/wp-content\/uploads\/2020\/07\/master-turismo-lujo-2026-2027.jpg?w=1672&ssl=1 1672w, https:\/\/i0.wp.com\/luxonomy.net\/wp-content\/uploads\/2020\/07\/master-turismo-lujo-2026-2027.jpg?resize=300%2C169&ssl=1 300w, https:\/\/i0.wp.com\/luxonomy.net\/wp-content\/uploads\/2020\/07\/master-turismo-lujo-2026-2027.jpg?resize=1024%2C576&ssl=1 1024w, https:\/\/i0.wp.com\/luxonomy.net\/wp-content\/uploads\/2020\/07\/master-turismo-lujo-2026-2027.jpg?resize=768%2C432&ssl=1 768w, https:\/\/i0.wp.com\/luxonomy.net\/wp-content\/uploads\/2020\/07\/master-turismo-lujo-2026-2027.jpg?resize=1536%2C864&ssl=1 1536w, https:\/\/i0.wp.com\/luxonomy.net\/wp-content\/uploads\/2020\/07\/master-turismo-lujo-2026-2027.jpg?resize=370%2C208&ssl=1 370w, https:\/\/i0.wp.com\/luxonomy.net\/wp-content\/uploads\/2020\/07\/master-turismo-lujo-2026-2027.jpg?resize=800%2C450&ssl=1 800w, https:\/\/i0.wp.com\/luxonomy.net\/wp-content\/uploads\/2020\/07\/master-turismo-lujo-2026-2027.jpg?resize=20%2C11&ssl=1 20w, https:\/\/i0.wp.com\/luxonomy.net\/wp-content\/uploads\/2020\/07\/master-turismo-lujo-2026-2027.jpg?resize=740%2C416&ssl=1 740w, https:\/\/i0.wp.com\/luxonomy.net\/wp-content\/uploads\/2020\/07\/master-turismo-lujo-2026-2027.jpg?resize=1600%2C900&ssl=1 1600w, https:\/\/i0.wp.com\/luxonomy.net\/wp-content\/uploads\/2020\/07\/master-turismo-lujo-2026-2027.jpg?resize=1200%2C675&ssl=1 1200w, https:\/\/i0.wp.com\/luxonomy.net\/wp-content\/uploads\/2020\/07\/master-turismo-lujo-2026-2027.jpg?resize=85%2C48&ssl=1 85w\" sizes=\"(max-width: 1170px) 100vw, 1170px\" class=\"no-lazyload\" width=\"1672\" height=\"941\"   \/><\/a><\/div>\n<p>La paleta evoluciona de la oscuridad a la luz, culminando en un plateado deslumbrante, elevado con accesorios preciosos dise\u00f1ados por Delfina Delettrez Fendi, Directora Art\u00edstica de Joyer\u00eda de Fendi. Las nuevas gafas de sol de visi\u00f3n singular, hechas a medida usando escaneos faciales, iluminan los rostros en oro blanco de 18k y diamantes blancos. Las bolsas Baguette, dise\u00f1adas por Silva Venturini Fendi, Directora Art\u00edstica de Accesorios y Moda Masculina de Fendi, hacen eco de los materiales de la ropa, desde el cocodrilo hasta los bordados. Las bolsas Baguette Fendi Gems hacen su debut en la pasarela, y una llamativa Mini Baguette destac\u00f3 por su exquisita artesan\u00eda, incluyendo una hebilla incrustada de diamantes.<\/p>\n<div class=\"tiled-gallery type-rectangular tiled-gallery-unresized\" data-original-width=\"1170\" data-carousel-extra='{&quot;blog_id&quot;:1,&quot;permalink&quot;:&quot;https:\\\/\\\/luxonomy.net\\\/es\\\/emocion-poetica-en-el-desfile-de-fendi-primavera-verano-2024\\\/&quot;,&quot;likes_blog_id&quot;:159985740}' itemscope itemtype=\"http:\/\/schema.org\/ImageGallery\" > <div class=\"gallery-row\" style=\"width: 1170px; height: 730px;\" data-original-width=\"1170\" data-original-height=\"730\" > <div class=\"gallery-group images-2\" style=\"width: 293px; height: 730px;\" data-original-width=\"293\" data-original-height=\"730\" > <div class=\"tiled-gallery-item tiled-gallery-item-large\" itemprop=\"associatedMedia\" itemscope itemtype=\"http:\/\/schema.org\/ImageObject\"> <meta itemprop=\"width\" content=\"289\"> <meta itemprop=\"height\" content=\"361\"> <img decoding=\"async\" class=\" lazyload\" data-attachment-id=\"50333\" data-orig-file=\"https:\/\/luxonomy.net\/wp-content\/uploads\/2024\/01\/fendi_couture_ss24_33-1037x1296-1.jpg\" data-orig-size=\"1037,1296\" data-comments-opened=\"1\" data-image-title=\"fendi_couture_ss24_33-1037&amp;#215;1296\" data-image-description=\"\" data-medium-file=\"https:\/\/i0.wp.com\/luxonomy.net\/wp-content\/uploads\/2024\/01\/fendi_couture_ss24_33-1037x1296-1.jpg?fit=240%2C300&#038;ssl=1\" data-large-file=\"https:\/\/i0.wp.com\/luxonomy.net\/wp-content\/uploads\/2024\/01\/fendi_couture_ss24_33-1037x1296-1.jpg?fit=819%2C1024&#038;ssl=1\" src=\"data:image\/gif;base64,R0lGODlhAQABAAAAACH5BAEKAAEALAAAAAABAAEAAAICTAEAOw==\" data-src=\"https:\/\/i0.wp.com\/luxonomy.net\/wp-content\/uploads\/2024\/01\/fendi_couture_ss24_33-1037x1296-1.jpg?w=289&#038;h=361&#038;ssl=1\" data-sizes=\"auto\" data-srcset=\"https:\/\/i0.wp.com\/luxonomy.net\/wp-content\/uploads\/2024\/01\/fendi_couture_ss24_33-1037x1296-1.jpg?w=1037&amp;ssl=1 1037w, https:\/\/i0.wp.com\/luxonomy.net\/wp-content\/uploads\/2024\/01\/fendi_couture_ss24_33-1037x1296-1.jpg?resize=240%2C300&amp;ssl=1 240w, https:\/\/i0.wp.com\/luxonomy.net\/wp-content\/uploads\/2024\/01\/fendi_couture_ss24_33-1037x1296-1.jpg?resize=20%2C25&amp;ssl=1 20w, https:\/\/i0.wp.com\/luxonomy.net\/wp-content\/uploads\/2024\/01\/fendi_couture_ss24_33-1037x1296-1.jpg?resize=38%2C48&amp;ssl=1 38w\" width=\"289\" height=\"361\" loading=\"lazy\" data-original-width=\"289\" data-original-height=\"361\" itemprop=\"http:\/\/schema.org\/image\" title=\"fendi_couture_ss24_33-1037x1296\" alt=\"fendi_couture_ss24_33-1037x1296\" style=\"width: 289px; height: 361px;\" \/> <\/div> <div class=\"tiled-gallery-item tiled-gallery-item-large\" itemprop=\"associatedMedia\" itemscope itemtype=\"http:\/\/schema.org\/ImageObject\"> <meta itemprop=\"width\" content=\"289\"> <meta itemprop=\"height\" content=\"361\"> <img decoding=\"async\" class=\" lazyload\" data-attachment-id=\"50336\" data-orig-file=\"https:\/\/luxonomy.net\/wp-content\/uploads\/2024\/01\/fendi_couture_ss24_19-1036x1296-1.jpg\" data-orig-size=\"1036,1296\" data-comments-opened=\"1\" data-image-title=\"fendi_couture_ss24_19-1036&amp;#215;1296\" data-image-description=\"\" data-medium-file=\"https:\/\/i0.wp.com\/luxonomy.net\/wp-content\/uploads\/2024\/01\/fendi_couture_ss24_19-1036x1296-1.jpg?fit=240%2C300&#038;ssl=1\" data-large-file=\"https:\/\/i0.wp.com\/luxonomy.net\/wp-content\/uploads\/2024\/01\/fendi_couture_ss24_19-1036x1296-1.jpg?fit=819%2C1024&#038;ssl=1\" src=\"data:image\/gif;base64,R0lGODlhAQABAAAAACH5BAEKAAEALAAAAAABAAEAAAICTAEAOw==\" data-src=\"https:\/\/i0.wp.com\/luxonomy.net\/wp-content\/uploads\/2024\/01\/fendi_couture_ss24_19-1036x1296-1.jpg?w=289&#038;h=361&#038;ssl=1\" data-sizes=\"auto\" data-srcset=\"https:\/\/i0.wp.com\/luxonomy.net\/wp-content\/uploads\/2024\/01\/fendi_couture_ss24_19-1036x1296-1.jpg?w=1036&amp;ssl=1 1036w, https:\/\/i0.wp.com\/luxonomy.net\/wp-content\/uploads\/2024\/01\/fendi_couture_ss24_19-1036x1296-1.jpg?resize=240%2C300&amp;ssl=1 240w, https:\/\/i0.wp.com\/luxonomy.net\/wp-content\/uploads\/2024\/01\/fendi_couture_ss24_19-1036x1296-1.jpg?resize=20%2C25&amp;ssl=1 20w, https:\/\/i0.wp.com\/luxonomy.net\/wp-content\/uploads\/2024\/01\/fendi_couture_ss24_19-1036x1296-1.jpg?resize=38%2C48&amp;ssl=1 38w\" width=\"289\" height=\"361\" loading=\"lazy\" data-original-width=\"289\" data-original-height=\"361\" itemprop=\"http:\/\/schema.org\/image\" title=\"fendi_couture_ss24_19-1036x1296\" alt=\"fendi_couture_ss24_19-1036x1296\" style=\"width: 289px; height: 361px;\" \/> <\/div> <\/div> <!-- close group --> <div class=\"gallery-group images-2\" style=\"width: 293px; height: 730px;\" data-original-width=\"293\" data-original-height=\"730\" > <div class=\"tiled-gallery-item tiled-gallery-item-large\" itemprop=\"associatedMedia\" itemscope itemtype=\"http:\/\/schema.org\/ImageObject\"> <meta itemprop=\"width\" content=\"289\"> <meta itemprop=\"height\" content=\"361\"> <img decoding=\"async\" class=\" lazyload\" data-attachment-id=\"50339\" data-orig-file=\"https:\/\/luxonomy.net\/wp-content\/uploads\/2024\/01\/fendi_couture_ss24_15-1036x1296-1.jpg\" data-orig-size=\"1036,1296\" data-comments-opened=\"1\" data-image-title=\"fendi_couture_ss24_15-1036&amp;#215;1296\" data-image-description=\"\" data-medium-file=\"https:\/\/i0.wp.com\/luxonomy.net\/wp-content\/uploads\/2024\/01\/fendi_couture_ss24_15-1036x1296-1.jpg?fit=240%2C300&#038;ssl=1\" data-large-file=\"https:\/\/i0.wp.com\/luxonomy.net\/wp-content\/uploads\/2024\/01\/fendi_couture_ss24_15-1036x1296-1.jpg?fit=819%2C1024&#038;ssl=1\" src=\"data:image\/gif;base64,R0lGODlhAQABAAAAACH5BAEKAAEALAAAAAABAAEAAAICTAEAOw==\" data-src=\"https:\/\/i0.wp.com\/luxonomy.net\/wp-content\/uploads\/2024\/01\/fendi_couture_ss24_15-1036x1296-1.jpg?w=289&#038;h=361&#038;ssl=1\" data-sizes=\"auto\" data-srcset=\"https:\/\/i0.wp.com\/luxonomy.net\/wp-content\/uploads\/2024\/01\/fendi_couture_ss24_15-1036x1296-1.jpg?w=1036&amp;ssl=1 1036w, https:\/\/i0.wp.com\/luxonomy.net\/wp-content\/uploads\/2024\/01\/fendi_couture_ss24_15-1036x1296-1.jpg?resize=240%2C300&amp;ssl=1 240w, https:\/\/i0.wp.com\/luxonomy.net\/wp-content\/uploads\/2024\/01\/fendi_couture_ss24_15-1036x1296-1.jpg?resize=20%2C25&amp;ssl=1 20w, https:\/\/i0.wp.com\/luxonomy.net\/wp-content\/uploads\/2024\/01\/fendi_couture_ss24_15-1036x1296-1.jpg?resize=38%2C48&amp;ssl=1 38w\" width=\"289\" height=\"361\" loading=\"lazy\" data-original-width=\"289\" data-original-height=\"361\" itemprop=\"http:\/\/schema.org\/image\" title=\"fendi_couture_ss24_15-1036x1296\" alt=\"fendi_couture_ss24_15-1036x1296\" style=\"width: 289px; height: 361px;\" \/> <\/div> <div class=\"tiled-gallery-item tiled-gallery-item-large\" itemprop=\"associatedMedia\" itemscope itemtype=\"http:\/\/schema.org\/ImageObject\"> <meta itemprop=\"width\" content=\"289\"> <meta itemprop=\"height\" content=\"361\"> <img decoding=\"async\" class=\" lazyload\" data-attachment-id=\"50342\" data-orig-file=\"https:\/\/luxonomy.net\/wp-content\/uploads\/2024\/01\/fendi_couture_ss24_6-1037x1296-1.jpg\" data-orig-size=\"1037,1296\" data-comments-opened=\"1\" data-image-title=\"fendi_couture_ss24_6-1037&amp;#215;1296\" data-image-description=\"\" data-medium-file=\"https:\/\/i0.wp.com\/luxonomy.net\/wp-content\/uploads\/2024\/01\/fendi_couture_ss24_6-1037x1296-1.jpg?fit=240%2C300&#038;ssl=1\" data-large-file=\"https:\/\/i0.wp.com\/luxonomy.net\/wp-content\/uploads\/2024\/01\/fendi_couture_ss24_6-1037x1296-1.jpg?fit=819%2C1024&#038;ssl=1\" src=\"data:image\/gif;base64,R0lGODlhAQABAAAAACH5BAEKAAEALAAAAAABAAEAAAICTAEAOw==\" data-src=\"https:\/\/i0.wp.com\/luxonomy.net\/wp-content\/uploads\/2024\/01\/fendi_couture_ss24_6-1037x1296-1.jpg?w=289&#038;h=361&#038;ssl=1\" data-sizes=\"auto\" data-srcset=\"https:\/\/i0.wp.com\/luxonomy.net\/wp-content\/uploads\/2024\/01\/fendi_couture_ss24_6-1037x1296-1.jpg?w=1037&amp;ssl=1 1037w, https:\/\/i0.wp.com\/luxonomy.net\/wp-content\/uploads\/2024\/01\/fendi_couture_ss24_6-1037x1296-1.jpg?resize=240%2C300&amp;ssl=1 240w, https:\/\/i0.wp.com\/luxonomy.net\/wp-content\/uploads\/2024\/01\/fendi_couture_ss24_6-1037x1296-1.jpg?resize=20%2C25&amp;ssl=1 20w, https:\/\/i0.wp.com\/luxonomy.net\/wp-content\/uploads\/2024\/01\/fendi_couture_ss24_6-1037x1296-1.jpg?resize=38%2C48&amp;ssl=1 38w\" width=\"289\" height=\"361\" loading=\"lazy\" data-original-width=\"289\" data-original-height=\"361\" itemprop=\"http:\/\/schema.org\/image\" title=\"fendi_couture_ss24_6-1037x1296\" alt=\"fendi_couture_ss24_6-1037x1296\" style=\"width: 289px; height: 361px;\" \/> <\/div> <\/div> <!-- close group --> <div class=\"gallery-group images-1\" style=\"width: 584px; height: 730px;\" data-original-width=\"584\" data-original-height=\"730\" > <div class=\"tiled-gallery-item tiled-gallery-item-large\" itemprop=\"associatedMedia\" itemscope itemtype=\"http:\/\/schema.org\/ImageObject\"> <meta itemprop=\"width\" content=\"580\"> <meta itemprop=\"height\" content=\"726\"> <img decoding=\"async\" class=\" lazyload\" data-attachment-id=\"50345\" data-orig-file=\"https:\/\/luxonomy.net\/wp-content\/uploads\/2024\/01\/fendi_couture_ss24_2-1036x1296-1.jpg\" data-orig-size=\"1036,1296\" data-comments-opened=\"1\" data-image-title=\"fendi_couture_ss24_2-1036&amp;#215;1296\" data-image-description=\"\" data-medium-file=\"https:\/\/i0.wp.com\/luxonomy.net\/wp-content\/uploads\/2024\/01\/fendi_couture_ss24_2-1036x1296-1.jpg?fit=240%2C300&#038;ssl=1\" data-large-file=\"https:\/\/i0.wp.com\/luxonomy.net\/wp-content\/uploads\/2024\/01\/fendi_couture_ss24_2-1036x1296-1.jpg?fit=819%2C1024&#038;ssl=1\" src=\"data:image\/gif;base64,R0lGODlhAQABAAAAACH5BAEKAAEALAAAAAABAAEAAAICTAEAOw==\" data-src=\"https:\/\/i0.wp.com\/luxonomy.net\/wp-content\/uploads\/2024\/01\/fendi_couture_ss24_2-1036x1296-1.jpg?w=580&#038;h=726&#038;ssl=1\" data-sizes=\"auto\" data-srcset=\"https:\/\/i0.wp.com\/luxonomy.net\/wp-content\/uploads\/2024\/01\/fendi_couture_ss24_2-1036x1296-1.jpg?w=1036&amp;ssl=1 1036w, https:\/\/i0.wp.com\/luxonomy.net\/wp-content\/uploads\/2024\/01\/fendi_couture_ss24_2-1036x1296-1.jpg?resize=240%2C300&amp;ssl=1 240w, https:\/\/i0.wp.com\/luxonomy.net\/wp-content\/uploads\/2024\/01\/fendi_couture_ss24_2-1036x1296-1.jpg?resize=370%2C463&amp;ssl=1 370w, https:\/\/i0.wp.com\/luxonomy.net\/wp-content\/uploads\/2024\/01\/fendi_couture_ss24_2-1036x1296-1.jpg?resize=20%2C25&amp;ssl=1 20w, https:\/\/i0.wp.com\/luxonomy.net\/wp-content\/uploads\/2024\/01\/fendi_couture_ss24_2-1036x1296-1.jpg?resize=38%2C48&amp;ssl=1 38w\" width=\"580\" height=\"726\" loading=\"lazy\" data-original-width=\"580\" data-original-height=\"726\" itemprop=\"http:\/\/schema.org\/image\" title=\"fendi_couture_ss24_2-1036x1296\" alt=\"fendi_couture_ss24_2-1036x1296\" style=\"width: 580px; height: 726px;\" \/> <\/div> <\/div> <!-- close group --> <\/div> <!-- close row --> <\/div>\n","protected":false},"excerpt":{"rendered":"<p>Kim Jones, Director Art\u00edstico de Alta Costura y Moda Femenina de Fendi, cont\u00f3 con el compositor Max Richter para musicalizar el desfile de alta costura de esta temporada. El tema &#8220;precisi\u00f3n y emoci\u00f3n&#8221; impregna la nueva colecci\u00f3n. Inspirado en el futurismo de Karl Lagerfeld en Fendi, Kim Jones celebra el humanismo en el coraz\u00f3n de&hellip;<\/p>\n","protected":false},"author":11,"featured_media":50328,"comment_status":"open","ping_status":"open","sticky":false,"template":"","format":"standard","meta":{"_jetpack_newsletter_access":"","_jetpack_dont_email_post_to_subs":false,"_jetpack_newsletter_tier_id":0,"_jetpack_memberships_contains_paywalled_content":false,"_jetpack_feature_clip_id":0,"_jetpack_memberships_contains_paid_content":false,"footnotes":"","jetpack_publicize_message":"","jetpack_publicize_feature_enabled":true,"jetpack_social_post_already_shared":true,"jetpack_social_options":{"image_generator_settings":{"template":"edge","default_image_id":0,"font":"","enabled":false},"version":2},"jetpack_post_was_ever_published":false},"categories":[227,534],"tags":[1367,228,759,585,586],"thb-sponsors":[],"class_list":["post-50349","post","type-post","status-publish","format-standard","has-post-thumbnail","hentry","category-eventos","category-moda","tag-desfiles","tag-eventos","tag-fendi","tag-lvmh","tag-moda"],"yoast_head":"<!-- This site is optimized with the Yoast SEO plugin v28.3 - https:\/\/yoast.com\/product\/yoast-seo-wordpress\/ -->\n<title>Emoci\u00f3n po\u00e9tica en el desfile de Fendi Primavera\/Verano 2024 | LUXONOMY<\/title>\n<meta name=\"robots\" content=\"index, follow, max-snippet:-1, max-image-preview:large, max-video-preview:-1\" \/>\n<link rel=\"canonical\" href=\"https:\/\/luxonomy.net\/es\/emocion-poetica-en-el-desfile-de-fendi-primavera-verano-2024\/\" \/>\n<meta property=\"og:locale\" content=\"es_ES\" \/>\n<meta property=\"og:type\" content=\"article\" \/>\n<meta property=\"og:title\" content=\"Emoci\u00f3n po\u00e9tica en el desfile de Fendi Primavera\/Verano 2024 | LUXONOMY\" \/>\n<meta property=\"og:description\" content=\"Kim Jones, Director Art\u00edstico de Alta Costura y Moda Femenina de Fendi, cont\u00f3 con el compositor Max Richter para musicalizar el desfile de alta costura de esta temporada. El tema &#8220;precisi\u00f3n y emoci\u00f3n&#8221; impregna la nueva colecci\u00f3n. Inspirado en el futurismo de Karl Lagerfeld en Fendi, Kim Jones celebra el humanismo en el coraz\u00f3n de&hellip;\" \/>\n<meta property=\"og:url\" content=\"https:\/\/luxonomy.net\/es\/emocion-poetica-en-el-desfile-de-fendi-primavera-verano-2024\/\" \/>\n<meta property=\"og:site_name\" content=\"LUXONOMY\" \/>\n<meta property=\"article:publisher\" content=\"https:\/\/www.facebook.com\/luxonomy\" \/>\n<meta property=\"article:published_time\" content=\"2024-01-30T14:25:15+00:00\" \/>\n<meta property=\"article:modified_time\" content=\"2024-01-30T14:59:38+00:00\" \/>\n<meta property=\"og:image\" content=\"https:\/\/i0.wp.com\/luxonomy.net\/wp-content\/uploads\/2024\/01\/Poetic-emotion-at-Fendi-Couture-SpringSummer-2024.jpg?fit=2000%2C1100&quality=89&ssl=1\" \/>\n\t<meta property=\"og:image:width\" content=\"2000\" \/>\n\t<meta property=\"og:image:height\" content=\"1100\" \/>\n\t<meta property=\"og:image:type\" content=\"image\/jpeg\" \/>\n<meta name=\"author\" content=\"Kristi Ellis\" \/>\n<meta name=\"twitter:card\" content=\"summary_large_image\" \/>\n<meta name=\"twitter:label1\" content=\"Escrito por\" \/>\n\t<meta name=\"twitter:data1\" content=\"Kristi Ellis\" \/>\n\t<meta name=\"twitter:label2\" content=\"Tiempo de lectura\" \/>\n\t<meta name=\"twitter:data2\" content=\"2 minutos\" \/>\n<script type=\"application\/ld+json\" class=\"yoast-schema-graph\">{\"@context\":\"https:\\\/\\\/schema.org\",\"@graph\":[{\"@type\":\"Article\",\"@id\":\"https:\\\/\\\/luxonomy.net\\\/es\\\/emocion-poetica-en-el-desfile-de-fendi-primavera-verano-2024\\\/#article\",\"isPartOf\":{\"@id\":\"https:\\\/\\\/luxonomy.net\\\/es\\\/emocion-poetica-en-el-desfile-de-fendi-primavera-verano-2024\\\/\"},\"author\":{\"name\":\"Kristi Ellis\",\"@id\":\"https:\\\/\\\/luxonomy.net\\\/es\\\/#\\\/schema\\\/person\\\/1a813e5ec518f582af236d6344aa6c01\"},\"headline\":\"Emoci\u00f3n po\u00e9tica en el desfile de Fendi Primavera\\\/Verano 2024\",\"datePublished\":\"2024-01-30T14:25:15+00:00\",\"dateModified\":\"2024-01-30T14:59:38+00:00\",\"mainEntityOfPage\":{\"@id\":\"https:\\\/\\\/luxonomy.net\\\/es\\\/emocion-poetica-en-el-desfile-de-fendi-primavera-verano-2024\\\/\"},\"wordCount\":342,\"commentCount\":0,\"publisher\":{\"@id\":\"https:\\\/\\\/luxonomy.net\\\/es\\\/#organization\"},\"image\":{\"@id\":\"https:\\\/\\\/luxonomy.net\\\/es\\\/emocion-poetica-en-el-desfile-de-fendi-primavera-verano-2024\\\/#primaryimage\"},\"thumbnailUrl\":\"https:\\\/\\\/i0.wp.com\\\/luxonomy.net\\\/wp-content\\\/uploads\\\/2024\\\/01\\\/Poetic-emotion-at-Fendi-Couture-SpringSummer-2024.jpg?fit=2000%2C1100&ssl=1\",\"keywords\":[\"desfiles\",\"Eventos\",\"Fendi\",\"LVMH\",\"Moda\"],\"articleSection\":[\"Eventos\",\"Moda\"],\"inLanguage\":\"es\",\"potentialAction\":[{\"@type\":\"CommentAction\",\"name\":\"Comment\",\"target\":[\"https:\\\/\\\/luxonomy.net\\\/es\\\/emocion-poetica-en-el-desfile-de-fendi-primavera-verano-2024\\\/#respond\"]}]},{\"@type\":\"WebPage\",\"@id\":\"https:\\\/\\\/luxonomy.net\\\/es\\\/emocion-poetica-en-el-desfile-de-fendi-primavera-verano-2024\\\/\",\"url\":\"https:\\\/\\\/luxonomy.net\\\/es\\\/emocion-poetica-en-el-desfile-de-fendi-primavera-verano-2024\\\/\",\"name\":\"Emoci\u00f3n po\u00e9tica en el desfile de Fendi Primavera\\\/Verano 2024 | LUXONOMY\",\"isPartOf\":{\"@id\":\"https:\\\/\\\/luxonomy.net\\\/es\\\/#website\"},\"primaryImageOfPage\":{\"@id\":\"https:\\\/\\\/luxonomy.net\\\/es\\\/emocion-poetica-en-el-desfile-de-fendi-primavera-verano-2024\\\/#primaryimage\"},\"image\":{\"@id\":\"https:\\\/\\\/luxonomy.net\\\/es\\\/emocion-poetica-en-el-desfile-de-fendi-primavera-verano-2024\\\/#primaryimage\"},\"thumbnailUrl\":\"https:\\\/\\\/i0.wp.com\\\/luxonomy.net\\\/wp-content\\\/uploads\\\/2024\\\/01\\\/Poetic-emotion-at-Fendi-Couture-SpringSummer-2024.jpg?fit=2000%2C1100&ssl=1\",\"datePublished\":\"2024-01-30T14:25:15+00:00\",\"dateModified\":\"2024-01-30T14:59:38+00:00\",\"breadcrumb\":{\"@id\":\"https:\\\/\\\/luxonomy.net\\\/es\\\/emocion-poetica-en-el-desfile-de-fendi-primavera-verano-2024\\\/#breadcrumb\"},\"inLanguage\":\"es\",\"potentialAction\":[{\"@type\":\"ReadAction\",\"target\":[\"https:\\\/\\\/luxonomy.net\\\/es\\\/emocion-poetica-en-el-desfile-de-fendi-primavera-verano-2024\\\/\"]}]},{\"@type\":\"ImageObject\",\"inLanguage\":\"es\",\"@id\":\"https:\\\/\\\/luxonomy.net\\\/es\\\/emocion-poetica-en-el-desfile-de-fendi-primavera-verano-2024\\\/#primaryimage\",\"url\":\"https:\\\/\\\/i0.wp.com\\\/luxonomy.net\\\/wp-content\\\/uploads\\\/2024\\\/01\\\/Poetic-emotion-at-Fendi-Couture-SpringSummer-2024.jpg?fit=2000%2C1100&ssl=1\",\"contentUrl\":\"https:\\\/\\\/i0.wp.com\\\/luxonomy.net\\\/wp-content\\\/uploads\\\/2024\\\/01\\\/Poetic-emotion-at-Fendi-Couture-SpringSummer-2024.jpg?fit=2000%2C1100&ssl=1\",\"width\":2000,\"height\":1100},{\"@type\":\"BreadcrumbList\",\"@id\":\"https:\\\/\\\/luxonomy.net\\\/es\\\/emocion-poetica-en-el-desfile-de-fendi-primavera-verano-2024\\\/#breadcrumb\",\"itemListElement\":[{\"@type\":\"ListItem\",\"position\":1,\"name\":\"Portada\",\"item\":\"https:\\\/\\\/luxonomy.net\\\/es\\\/\"},{\"@type\":\"ListItem\",\"position\":2,\"name\":\"Emoci\u00f3n po\u00e9tica en el desfile de Fendi Primavera\\\/Verano 2024\"}]},{\"@type\":\"WebSite\",\"@id\":\"https:\\\/\\\/luxonomy.net\\\/es\\\/#website\",\"url\":\"https:\\\/\\\/luxonomy.net\\\/es\\\/\",\"name\":\"LUXONOMY\",\"description\":\"The Economy of Fashion &amp; Luxury\",\"publisher\":{\"@id\":\"https:\\\/\\\/luxonomy.net\\\/es\\\/#organization\"},\"potentialAction\":[{\"@type\":\"SearchAction\",\"target\":{\"@type\":\"EntryPoint\",\"urlTemplate\":\"https:\\\/\\\/luxonomy.net\\\/es\\\/?s={search_term_string}\"},\"query-input\":{\"@type\":\"PropertyValueSpecification\",\"valueRequired\":true,\"valueName\":\"search_term_string\"}}],\"inLanguage\":\"es\"},{\"@type\":\"Organization\",\"@id\":\"https:\\\/\\\/luxonomy.net\\\/es\\\/#organization\",\"name\":\"LUXONOMY\",\"url\":\"https:\\\/\\\/luxonomy.net\\\/es\\\/\",\"logo\":{\"@type\":\"ImageObject\",\"inLanguage\":\"es\",\"@id\":\"https:\\\/\\\/luxonomy.net\\\/es\\\/#\\\/schema\\\/logo\\\/image\\\/\",\"url\":\"https:\\\/\\\/i2.wp.com\\\/luxonomy.net\\\/wp-content\\\/uploads\\\/2021\\\/09\\\/MOCKUP-TODOS-LUXONOMY.jpg?fit=1000%2C515&ssl=1\",\"contentUrl\":\"https:\\\/\\\/i2.wp.com\\\/luxonomy.net\\\/wp-content\\\/uploads\\\/2021\\\/09\\\/MOCKUP-TODOS-LUXONOMY.jpg?fit=1000%2C515&ssl=1\",\"width\":1000,\"height\":515,\"caption\":\"LUXONOMY\"},\"image\":{\"@id\":\"https:\\\/\\\/luxonomy.net\\\/es\\\/#\\\/schema\\\/logo\\\/image\\\/\"},\"sameAs\":[\"https:\\\/\\\/www.facebook.com\\\/luxonomy\",\"https:\\\/\\\/www.instagram.com\\\/luxonomy\\\/\",\"https:\\\/\\\/www.linkedin.com\\\/company\\\/luxonomy\\\/\"]},{\"@type\":\"Person\",\"@id\":\"https:\\\/\\\/luxonomy.net\\\/es\\\/#\\\/schema\\\/person\\\/1a813e5ec518f582af236d6344aa6c01\",\"name\":\"Kristi Ellis\",\"image\":{\"@type\":\"ImageObject\",\"inLanguage\":\"es\",\"@id\":\"https:\\\/\\\/luxonomy.net\\\/wp-content\\\/litespeed\\\/avatar\\\/ae0c58256b980352bba3c97a8f9abe32.jpg?ver=1787975034\",\"url\":\"https:\\\/\\\/luxonomy.net\\\/wp-content\\\/litespeed\\\/avatar\\\/ae0c58256b980352bba3c97a8f9abe32.jpg?ver=1787975034\",\"contentUrl\":\"https:\\\/\\\/luxonomy.net\\\/wp-content\\\/litespeed\\\/avatar\\\/ae0c58256b980352bba3c97a8f9abe32.jpg?ver=1787975034\",\"caption\":\"Kristi Ellis\"},\"url\":\"https:\\\/\\\/luxonomy.net\\\/es\\\/author\\\/kristi-ellis\\\/\"}]}<\/script>\n<!-- \/ Yoast SEO plugin. -->","yoast_head_json":{"title":"Emoci\u00f3n po\u00e9tica en el desfile de Fendi Primavera\/Verano 2024 | LUXONOMY","robots":{"index":"index","follow":"follow","max-snippet":"max-snippet:-1","max-image-preview":"max-image-preview:large","max-video-preview":"max-video-preview:-1"},"canonical":"https:\/\/luxonomy.net\/es\/emocion-poetica-en-el-desfile-de-fendi-primavera-verano-2024\/","og_locale":"es_ES","og_type":"article","og_title":"Emoci\u00f3n po\u00e9tica en el desfile de Fendi Primavera\/Verano 2024 | LUXONOMY","og_description":"Kim Jones, Director Art\u00edstico de Alta Costura y Moda Femenina de Fendi, cont\u00f3 con el compositor Max Richter para musicalizar el desfile de alta costura de esta temporada. El tema &#8220;precisi\u00f3n y emoci\u00f3n&#8221; impregna la nueva colecci\u00f3n. Inspirado en el futurismo de Karl Lagerfeld en Fendi, Kim Jones celebra el humanismo en el coraz\u00f3n de&hellip;","og_url":"https:\/\/luxonomy.net\/es\/emocion-poetica-en-el-desfile-de-fendi-primavera-verano-2024\/","og_site_name":"LUXONOMY","article_publisher":"https:\/\/www.facebook.com\/luxonomy","article_published_time":"2024-01-30T14:25:15+00:00","article_modified_time":"2024-01-30T14:59:38+00:00","og_image":[{"width":2000,"height":1100,"url":"https:\/\/i0.wp.com\/luxonomy.net\/wp-content\/uploads\/2024\/01\/Poetic-emotion-at-Fendi-Couture-SpringSummer-2024.jpg?fit=2000%2C1100&quality=89&ssl=1","type":"image\/jpeg"}],"author":"Kristi Ellis","twitter_card":"summary_large_image","twitter_misc":{"Escrito por":"Kristi Ellis","Tiempo de lectura":"2 minutos"},"schema":{"@context":"https:\/\/schema.org","@graph":[{"@type":"Article","@id":"https:\/\/luxonomy.net\/es\/emocion-poetica-en-el-desfile-de-fendi-primavera-verano-2024\/#article","isPartOf":{"@id":"https:\/\/luxonomy.net\/es\/emocion-poetica-en-el-desfile-de-fendi-primavera-verano-2024\/"},"author":{"name":"Kristi Ellis","@id":"https:\/\/luxonomy.net\/es\/#\/schema\/person\/1a813e5ec518f582af236d6344aa6c01"},"headline":"Emoci\u00f3n po\u00e9tica en el desfile de Fendi Primavera\/Verano 2024","datePublished":"2024-01-30T14:25:15+00:00","dateModified":"2024-01-30T14:59:38+00:00","mainEntityOfPage":{"@id":"https:\/\/luxonomy.net\/es\/emocion-poetica-en-el-desfile-de-fendi-primavera-verano-2024\/"},"wordCount":342,"commentCount":0,"publisher":{"@id":"https:\/\/luxonomy.net\/es\/#organization"},"image":{"@id":"https:\/\/luxonomy.net\/es\/emocion-poetica-en-el-desfile-de-fendi-primavera-verano-2024\/#primaryimage"},"thumbnailUrl":"https:\/\/i0.wp.com\/luxonomy.net\/wp-content\/uploads\/2024\/01\/Poetic-emotion-at-Fendi-Couture-SpringSummer-2024.jpg?fit=2000%2C1100&ssl=1","keywords":["desfiles","Eventos","Fendi","LVMH","Moda"],"articleSection":["Eventos","Moda"],"inLanguage":"es","potentialAction":[{"@type":"CommentAction","name":"Comment","target":["https:\/\/luxonomy.net\/es\/emocion-poetica-en-el-desfile-de-fendi-primavera-verano-2024\/#respond"]}]},{"@type":"WebPage","@id":"https:\/\/luxonomy.net\/es\/emocion-poetica-en-el-desfile-de-fendi-primavera-verano-2024\/","url":"https:\/\/luxonomy.net\/es\/emocion-poetica-en-el-desfile-de-fendi-primavera-verano-2024\/","name":"Emoci\u00f3n po\u00e9tica en el desfile de Fendi Primavera\/Verano 2024 | LUXONOMY","isPartOf":{"@id":"https:\/\/luxonomy.net\/es\/#website"},"primaryImageOfPage":{"@id":"https:\/\/luxonomy.net\/es\/emocion-poetica-en-el-desfile-de-fendi-primavera-verano-2024\/#primaryimage"},"image":{"@id":"https:\/\/luxonomy.net\/es\/emocion-poetica-en-el-desfile-de-fendi-primavera-verano-2024\/#primaryimage"},"thumbnailUrl":"https:\/\/i0.wp.com\/luxonomy.net\/wp-content\/uploads\/2024\/01\/Poetic-emotion-at-Fendi-Couture-SpringSummer-2024.jpg?fit=2000%2C1100&ssl=1","datePublished":"2024-01-30T14:25:15+00:00","dateModified":"2024-01-30T14:59:38+00:00","breadcrumb":{"@id":"https:\/\/luxonomy.net\/es\/emocion-poetica-en-el-desfile-de-fendi-primavera-verano-2024\/#breadcrumb"},"inLanguage":"es","potentialAction":[{"@type":"ReadAction","target":["https:\/\/luxonomy.net\/es\/emocion-poetica-en-el-desfile-de-fendi-primavera-verano-2024\/"]}]},{"@type":"ImageObject","inLanguage":"es","@id":"https:\/\/luxonomy.net\/es\/emocion-poetica-en-el-desfile-de-fendi-primavera-verano-2024\/#primaryimage","url":"https:\/\/i0.wp.com\/luxonomy.net\/wp-content\/uploads\/2024\/01\/Poetic-emotion-at-Fendi-Couture-SpringSummer-2024.jpg?fit=2000%2C1100&ssl=1","contentUrl":"https:\/\/i0.wp.com\/luxonomy.net\/wp-content\/uploads\/2024\/01\/Poetic-emotion-at-Fendi-Couture-SpringSummer-2024.jpg?fit=2000%2C1100&ssl=1","width":2000,"height":1100},{"@type":"BreadcrumbList","@id":"https:\/\/luxonomy.net\/es\/emocion-poetica-en-el-desfile-de-fendi-primavera-verano-2024\/#breadcrumb","itemListElement":[{"@type":"ListItem","position":1,"name":"Portada","item":"https:\/\/luxonomy.net\/es\/"},{"@type":"ListItem","position":2,"name":"Emoci\u00f3n po\u00e9tica en el desfile de Fendi Primavera\/Verano 2024"}]},{"@type":"WebSite","@id":"https:\/\/luxonomy.net\/es\/#website","url":"https:\/\/luxonomy.net\/es\/","name":"LUXONOMY","description":"The Economy of Fashion &amp; Luxury","publisher":{"@id":"https:\/\/luxonomy.net\/es\/#organization"},"potentialAction":[{"@type":"SearchAction","target":{"@type":"EntryPoint","urlTemplate":"https:\/\/luxonomy.net\/es\/?s={search_term_string}"},"query-input":{"@type":"PropertyValueSpecification","valueRequired":true,"valueName":"search_term_string"}}],"inLanguage":"es"},{"@type":"Organization","@id":"https:\/\/luxonomy.net\/es\/#organization","name":"LUXONOMY","url":"https:\/\/luxonomy.net\/es\/","logo":{"@type":"ImageObject","inLanguage":"es","@id":"https:\/\/luxonomy.net\/es\/#\/schema\/logo\/image\/","url":"https:\/\/i2.wp.com\/luxonomy.net\/wp-content\/uploads\/2021\/09\/MOCKUP-TODOS-LUXONOMY.jpg?fit=1000%2C515&ssl=1","contentUrl":"https:\/\/i2.wp.com\/luxonomy.net\/wp-content\/uploads\/2021\/09\/MOCKUP-TODOS-LUXONOMY.jpg?fit=1000%2C515&ssl=1","width":1000,"height":515,"caption":"LUXONOMY"},"image":{"@id":"https:\/\/luxonomy.net\/es\/#\/schema\/logo\/image\/"},"sameAs":["https:\/\/www.facebook.com\/luxonomy","https:\/\/www.instagram.com\/luxonomy\/","https:\/\/www.linkedin.com\/company\/luxonomy\/"]},{"@type":"Person","@id":"https:\/\/luxonomy.net\/es\/#\/schema\/person\/1a813e5ec518f582af236d6344aa6c01","name":"Kristi Ellis","image":{"@type":"ImageObject","inLanguage":"es","@id":"https:\/\/luxonomy.net\/wp-content\/litespeed\/avatar\/ae0c58256b980352bba3c97a8f9abe32.jpg?ver=1787975034","url":"https:\/\/luxonomy.net\/wp-content\/litespeed\/avatar\/ae0c58256b980352bba3c97a8f9abe32.jpg?ver=1787975034","contentUrl":"https:\/\/luxonomy.net\/wp-content\/litespeed\/avatar\/ae0c58256b980352bba3c97a8f9abe32.jpg?ver=1787975034","caption":"Kristi Ellis"},"url":"https:\/\/luxonomy.net\/es\/author\/kristi-ellis\/"}]}},"jetpack_publicize_connections":[],"jetpack_shortlink":"https:\/\/wp.me\/paPhBa-d65","jetpack_sharing_enabled":true,"jetpack_featured_media_url":"https:\/\/i0.wp.com\/luxonomy.net\/wp-content\/uploads\/2024\/01\/Poetic-emotion-at-Fendi-Couture-SpringSummer-2024.jpg?fit=2000%2C1100&ssl=1","_links":{"self":[{"href":"https:\/\/luxonomy.net\/es\/wp-json\/wp\/v2\/posts\/50349","targetHints":{"allow":["GET"]}}],"collection":[{"href":"https:\/\/luxonomy.net\/es\/wp-json\/wp\/v2\/posts"}],"about":[{"href":"https:\/\/luxonomy.net\/es\/wp-json\/wp\/v2\/types\/post"}],"author":[{"embeddable":true,"href":"https:\/\/luxonomy.net\/es\/wp-json\/wp\/v2\/users\/11"}],"replies":[{"embeddable":true,"href":"https:\/\/luxonomy.net\/es\/wp-json\/wp\/v2\/comments?post=50349"}],"version-history":[{"count":1,"href":"https:\/\/luxonomy.net\/es\/wp-json\/wp\/v2\/posts\/50349\/revisions"}],"predecessor-version":[{"id":50350,"href":"https:\/\/luxonomy.net\/es\/wp-json\/wp\/v2\/posts\/50349\/revisions\/50350"}],"wp:featuredmedia":[{"embeddable":true,"href":"https:\/\/luxonomy.net\/es\/wp-json\/wp\/v2\/media\/50328"}],"wp:attachment":[{"href":"https:\/\/luxonomy.net\/es\/wp-json\/wp\/v2\/media?parent=50349"}],"wp:term":[{"taxonomy":"category","embeddable":true,"href":"https:\/\/luxonomy.net\/es\/wp-json\/wp\/v2\/categories?post=50349"},{"taxonomy":"post_tag","embeddable":true,"href":"https:\/\/luxonomy.net\/es\/wp-json\/wp\/v2\/tags?post=50349"},{"taxonomy":"thb-sponsors","embeddable":true,"href":"https:\/\/luxonomy.net\/es\/wp-json\/wp\/v2\/thb-sponsors?post=50349"}],"curies":[{"name":"wp","href":"https:\/\/api.w.org\/{rel}","templated":true}]}}