{"id":49891,"date":"2023-12-13T14:38:10","date_gmt":"2023-12-13T13:38:10","guid":{"rendered":"https:\/?p=49891"},"modified":"2023-12-13T14:38:10","modified_gmt":"2023-12-13T13:38:10","slug":"silbon-ha-presentado-los-resultados-obtenidos-de-su-colaboracion-solidaria-junto-a-lourdes-montes-a-favor-de-la-fundacion-aladina","status":"publish","type":"post","link":"https:\/\/luxonomy.net\/es\/silbon-ha-presentado-los-resultados-obtenidos-de-su-colaboracion-solidaria-junto-a-lourdes-montes-a-favor-de-la-fundacion-aladina\/","title":{"rendered":"Silbon ha presentado los resultados obtenidos de su colaboraci\u00f3n solidaria junto a Lourdes Montes a favor de la Fundaci\u00f3n Aladina"},"content":{"rendered":"<p>La empresa cordobesa Silbon ha presentado los resultados obtenidos de su colaboraci\u00f3n solidaria junto a Lourdes Montes a favor de la Fundaci\u00f3n Aladina. A principios de a\u00f1o, la marca de moda andaluza cre\u00f3 junto a la sevillana la colecci\u00f3n c\u00e1psula ben\u00e9fica \u2018Lourdes X Silbon\u2019.<\/p>\n<p>Con esta colaboraci\u00f3n, la firma se ha unido con Fundaci\u00f3n Aladina y sus programas de apoyo a los ni\u00f1os con c\u00e1ncer, para donar el 10% de la recaudaci\u00f3n de las ventas. La recaudaci\u00f3n total ha sido de 5.000\u20ac.<\/p>\n<p>Pablo L\u00f3pez, CEO y fundador de Silbon, destaca, \u201cEsta acci\u00f3n ha sido todo un \u00e9xito, por un lado, nos ha servido para reafimar el compromiso de Silbon con la sociedad con una donaci\u00f3n importante, y tambi\u00e9n nos ha dado la oportunidad de trabajar con la dise\u00f1adora Lourdes Montes con un resultado espectacular marcando un antes y un despu\u00e9s en nuestra l\u00ednea de SILBON WOMAN\u201d.<\/p><div id=\"luxon-3256122902\" class=\"luxon-3er-parrafo luxon-entity-placement\" style=\"margin-top: 20px;margin-bottom: 20px;margin-left: auto;margin-right: auto;text-align: center;\"><a href=\"https:\/\/luxonomy.university\/course\/master-turismo-de-lujo\" target=\"_blank\" aria-label=\"master-turismo-lujo-2026-2027\"><img loading=\"lazy\" decoding=\"async\" src=\"https:\/\/i0.wp.com\/luxonomy.net\/wp-content\/uploads\/2020\/07\/master-turismo-lujo-2026-2027.jpg?fit=1672%2C941&#038;ssl=1\" alt=\"\"  srcset=\"https:\/\/i0.wp.com\/luxonomy.net\/wp-content\/uploads\/2020\/07\/master-turismo-lujo-2026-2027.jpg?w=1672&ssl=1 1672w, https:\/\/i0.wp.com\/luxonomy.net\/wp-content\/uploads\/2020\/07\/master-turismo-lujo-2026-2027.jpg?resize=300%2C169&ssl=1 300w, https:\/\/i0.wp.com\/luxonomy.net\/wp-content\/uploads\/2020\/07\/master-turismo-lujo-2026-2027.jpg?resize=1024%2C576&ssl=1 1024w, https:\/\/i0.wp.com\/luxonomy.net\/wp-content\/uploads\/2020\/07\/master-turismo-lujo-2026-2027.jpg?resize=768%2C432&ssl=1 768w, https:\/\/i0.wp.com\/luxonomy.net\/wp-content\/uploads\/2020\/07\/master-turismo-lujo-2026-2027.jpg?resize=1536%2C864&ssl=1 1536w, https:\/\/i0.wp.com\/luxonomy.net\/wp-content\/uploads\/2020\/07\/master-turismo-lujo-2026-2027.jpg?resize=370%2C208&ssl=1 370w, https:\/\/i0.wp.com\/luxonomy.net\/wp-content\/uploads\/2020\/07\/master-turismo-lujo-2026-2027.jpg?resize=800%2C450&ssl=1 800w, https:\/\/i0.wp.com\/luxonomy.net\/wp-content\/uploads\/2020\/07\/master-turismo-lujo-2026-2027.jpg?resize=20%2C11&ssl=1 20w, https:\/\/i0.wp.com\/luxonomy.net\/wp-content\/uploads\/2020\/07\/master-turismo-lujo-2026-2027.jpg?resize=740%2C416&ssl=1 740w, https:\/\/i0.wp.com\/luxonomy.net\/wp-content\/uploads\/2020\/07\/master-turismo-lujo-2026-2027.jpg?resize=1600%2C900&ssl=1 1600w, https:\/\/i0.wp.com\/luxonomy.net\/wp-content\/uploads\/2020\/07\/master-turismo-lujo-2026-2027.jpg?resize=1200%2C675&ssl=1 1200w, https:\/\/i0.wp.com\/luxonomy.net\/wp-content\/uploads\/2020\/07\/master-turismo-lujo-2026-2027.jpg?resize=85%2C48&ssl=1 85w\" sizes=\"(max-width: 1170px) 100vw, 1170px\" class=\"no-lazyload\" width=\"1672\" height=\"941\"   \/><\/a><\/div>\n<p>Mientras que Ishtar Espejo, directora de la Fundaci\u00f3n Aladina, afirma que \u201cEl apoyo de marcas solidarias como Silbon es un regalo para Aladina, no s\u00f3lo por la aportaci\u00f3n econ\u00f3mica -que por supuesto nos ayuda a hacer posibles nuestros proyectos y programas- sino porque nos ayuda a visibilizar el c\u00e1ncer infantil\u201d.<\/p>\n<p>El programa al que ir\u00e1 destinado lo recaudado se trata del fondo de ayudas extraordinarias para ni\u00f1os con c\u00e1ncer. Hoy en d\u00eda, el c\u00e1ncer infantil afecta a muchos niveles: econ\u00f3mico, log\u00edstico, familiar, social\u2026 y tiene diversas consecuencias en las familias de los ni\u00f1os que lo sufren. A trav\u00e9s de este fondo, la Fundaci\u00f3n Aladina se ocupa de cubrir gastos y necesidades extraordinarias de familias que tienen un hijo enfermo de c\u00e1ncer. Pelucas, sillas de ruedas, aud\u00edfonos, sesiones de fisioterapia, desplazamientos, ayudas econ\u00f3micas y gastos funerarios, son algunos de los tipos de ayuda que prestan desde la Fundaci\u00f3n.<\/p>\n","protected":false},"excerpt":{"rendered":"<p>La empresa cordobesa Silbon ha presentado los resultados obtenidos de su colaboraci\u00f3n solidaria junto a Lourdes Montes a favor de la Fundaci\u00f3n Aladina. A principios de a\u00f1o, la marca de moda andaluza cre\u00f3 junto a la sevillana la colecci\u00f3n c\u00e1psula ben\u00e9fica \u2018Lourdes X Silbon\u2019. Con esta colaboraci\u00f3n, la firma se ha unido con Fundaci\u00f3n Aladina&hellip;<\/p>\n","protected":false},"author":11,"featured_media":49893,"comment_status":"open","ping_status":"open","sticky":false,"template":"","format":"standard","meta":{"_jetpack_newsletter_access":"","_jetpack_dont_email_post_to_subs":false,"_jetpack_newsletter_tier_id":0,"_jetpack_memberships_contains_paywalled_content":false,"_jetpack_feature_clip_id":0,"_jetpack_memberships_contains_paid_content":false,"footnotes":"","jetpack_publicize_message":"","jetpack_publicize_feature_enabled":true,"jetpack_social_post_already_shared":true,"jetpack_social_options":{"image_generator_settings":{"template":"edge","default_image_id":0,"font":"","enabled":false},"version":2},"jetpack_post_was_ever_published":false},"categories":[2050],"tags":[1479],"thb-sponsors":[],"class_list":["post-49891","post","type-post","status-publish","format-standard","has-post-thumbnail","hentry","category-solidaridad","tag-solidaridad"],"yoast_head":"<!-- This site is optimized with the Yoast SEO plugin v28.4 - https:\/\/yoast.com\/product\/yoast-seo-wordpress\/ -->\n<title>Silbon ha presentado los resultados obtenidos de su colaboraci\u00f3n solidaria junto a Lourdes Montes a favor de la Fundaci\u00f3n Aladina | LUXONOMY<\/title>\n<meta name=\"robots\" content=\"index, follow, max-snippet:-1, max-image-preview:large, max-video-preview:-1\" \/>\n<link rel=\"canonical\" href=\"https:\/\/luxonomy.net\/es\/silbon-ha-presentado-los-resultados-obtenidos-de-su-colaboracion-solidaria-junto-a-lourdes-montes-a-favor-de-la-fundacion-aladina\/\" \/>\n<meta property=\"og:locale\" content=\"es_ES\" \/>\n<meta property=\"og:type\" content=\"article\" \/>\n<meta property=\"og:title\" content=\"Silbon ha presentado los resultados obtenidos de su colaboraci\u00f3n solidaria junto a Lourdes Montes a favor de la Fundaci\u00f3n Aladina | LUXONOMY\" \/>\n<meta property=\"og:description\" content=\"La empresa cordobesa Silbon ha presentado los resultados obtenidos de su colaboraci\u00f3n solidaria junto a Lourdes Montes a favor de la Fundaci\u00f3n Aladina. A principios de a\u00f1o, la marca de moda andaluza cre\u00f3 junto a la sevillana la colecci\u00f3n c\u00e1psula ben\u00e9fica \u2018Lourdes X Silbon\u2019. Con esta colaboraci\u00f3n, la firma se ha unido con Fundaci\u00f3n Aladina&hellip;\" \/>\n<meta property=\"og:url\" content=\"https:\/\/luxonomy.net\/es\/silbon-ha-presentado-los-resultados-obtenidos-de-su-colaboracion-solidaria-junto-a-lourdes-montes-a-favor-de-la-fundacion-aladina\/\" \/>\n<meta property=\"og:site_name\" content=\"LUXONOMY\" \/>\n<meta property=\"article:publisher\" content=\"https:\/\/www.facebook.com\/luxonomy\" \/>\n<meta property=\"article:published_time\" content=\"2023-12-13T13:38:10+00:00\" \/>\n<meta property=\"og:image\" content=\"https:\/\/i0.wp.com\/luxonomy.net\/wp-content\/uploads\/2023\/12\/LOURDES-MONTES-X-SILBON.png?fit=1238%2C636&quality=80&ssl=1\" \/>\n\t<meta property=\"og:image:width\" content=\"1238\" \/>\n\t<meta property=\"og:image:height\" content=\"636\" \/>\n\t<meta property=\"og:image:type\" content=\"image\/png\" \/>\n<meta name=\"author\" content=\"Kristi Ellis\" \/>\n<meta name=\"twitter:card\" content=\"summary_large_image\" \/>\n<meta name=\"twitter:label1\" content=\"Escrito por\" \/>\n\t<meta name=\"twitter:data1\" content=\"Kristi Ellis\" \/>\n\t<meta name=\"twitter:label2\" content=\"Tiempo de lectura\" \/>\n\t<meta name=\"twitter:data2\" content=\"2 minutos\" \/>\n<script type=\"application\/ld+json\" class=\"yoast-schema-graph\">{\"@context\":\"https:\\\/\\\/schema.org\",\"@graph\":[{\"@type\":\"Article\",\"@id\":\"https:\\\/\\\/luxonomy.net\\\/es\\\/silbon-ha-presentado-los-resultados-obtenidos-de-su-colaboracion-solidaria-junto-a-lourdes-montes-a-favor-de-la-fundacion-aladina\\\/#article\",\"isPartOf\":{\"@id\":\"https:\\\/\\\/luxonomy.net\\\/es\\\/silbon-ha-presentado-los-resultados-obtenidos-de-su-colaboracion-solidaria-junto-a-lourdes-montes-a-favor-de-la-fundacion-aladina\\\/\"},\"author\":{\"name\":\"Kristi Ellis\",\"@id\":\"https:\\\/\\\/luxonomy.net\\\/es\\\/#\\\/schema\\\/person\\\/1a813e5ec518f582af236d6344aa6c01\"},\"headline\":\"Silbon ha presentado los resultados obtenidos de su colaboraci\u00f3n solidaria junto a Lourdes Montes a favor de la Fundaci\u00f3n Aladina\",\"datePublished\":\"2023-12-13T13:38:10+00:00\",\"mainEntityOfPage\":{\"@id\":\"https:\\\/\\\/luxonomy.net\\\/es\\\/silbon-ha-presentado-los-resultados-obtenidos-de-su-colaboracion-solidaria-junto-a-lourdes-montes-a-favor-de-la-fundacion-aladina\\\/\"},\"wordCount\":350,\"commentCount\":0,\"publisher\":{\"@id\":\"https:\\\/\\\/luxonomy.net\\\/es\\\/#organization\"},\"image\":{\"@id\":\"https:\\\/\\\/luxonomy.net\\\/es\\\/silbon-ha-presentado-los-resultados-obtenidos-de-su-colaboracion-solidaria-junto-a-lourdes-montes-a-favor-de-la-fundacion-aladina\\\/#primaryimage\"},\"thumbnailUrl\":\"https:\\\/\\\/i0.wp.com\\\/luxonomy.net\\\/wp-content\\\/uploads\\\/2023\\\/12\\\/LOURDES-MONTES-X-SILBON.png?fit=1238%2C636&ssl=1\",\"keywords\":[\"solidaridad\"],\"articleSection\":[\"Solidaridad\"],\"inLanguage\":\"es\",\"potentialAction\":[{\"@type\":\"CommentAction\",\"name\":\"Comment\",\"target\":[\"https:\\\/\\\/luxonomy.net\\\/es\\\/silbon-ha-presentado-los-resultados-obtenidos-de-su-colaboracion-solidaria-junto-a-lourdes-montes-a-favor-de-la-fundacion-aladina\\\/#respond\"]}]},{\"@type\":\"WebPage\",\"@id\":\"https:\\\/\\\/luxonomy.net\\\/es\\\/silbon-ha-presentado-los-resultados-obtenidos-de-su-colaboracion-solidaria-junto-a-lourdes-montes-a-favor-de-la-fundacion-aladina\\\/\",\"url\":\"https:\\\/\\\/luxonomy.net\\\/es\\\/silbon-ha-presentado-los-resultados-obtenidos-de-su-colaboracion-solidaria-junto-a-lourdes-montes-a-favor-de-la-fundacion-aladina\\\/\",\"name\":\"Silbon ha presentado los resultados obtenidos de su colaboraci\u00f3n solidaria junto a Lourdes Montes a favor de la Fundaci\u00f3n Aladina | LUXONOMY\",\"isPartOf\":{\"@id\":\"https:\\\/\\\/luxonomy.net\\\/es\\\/#website\"},\"primaryImageOfPage\":{\"@id\":\"https:\\\/\\\/luxonomy.net\\\/es\\\/silbon-ha-presentado-los-resultados-obtenidos-de-su-colaboracion-solidaria-junto-a-lourdes-montes-a-favor-de-la-fundacion-aladina\\\/#primaryimage\"},\"image\":{\"@id\":\"https:\\\/\\\/luxonomy.net\\\/es\\\/silbon-ha-presentado-los-resultados-obtenidos-de-su-colaboracion-solidaria-junto-a-lourdes-montes-a-favor-de-la-fundacion-aladina\\\/#primaryimage\"},\"thumbnailUrl\":\"https:\\\/\\\/i0.wp.com\\\/luxonomy.net\\\/wp-content\\\/uploads\\\/2023\\\/12\\\/LOURDES-MONTES-X-SILBON.png?fit=1238%2C636&ssl=1\",\"datePublished\":\"2023-12-13T13:38:10+00:00\",\"breadcrumb\":{\"@id\":\"https:\\\/\\\/luxonomy.net\\\/es\\\/silbon-ha-presentado-los-resultados-obtenidos-de-su-colaboracion-solidaria-junto-a-lourdes-montes-a-favor-de-la-fundacion-aladina\\\/#breadcrumb\"},\"inLanguage\":\"es\",\"potentialAction\":[{\"@type\":\"ReadAction\",\"target\":[\"https:\\\/\\\/luxonomy.net\\\/es\\\/silbon-ha-presentado-los-resultados-obtenidos-de-su-colaboracion-solidaria-junto-a-lourdes-montes-a-favor-de-la-fundacion-aladina\\\/\"]}]},{\"@type\":\"ImageObject\",\"inLanguage\":\"es\",\"@id\":\"https:\\\/\\\/luxonomy.net\\\/es\\\/silbon-ha-presentado-los-resultados-obtenidos-de-su-colaboracion-solidaria-junto-a-lourdes-montes-a-favor-de-la-fundacion-aladina\\\/#primaryimage\",\"url\":\"https:\\\/\\\/i0.wp.com\\\/luxonomy.net\\\/wp-content\\\/uploads\\\/2023\\\/12\\\/LOURDES-MONTES-X-SILBON.png?fit=1238%2C636&ssl=1\",\"contentUrl\":\"https:\\\/\\\/i0.wp.com\\\/luxonomy.net\\\/wp-content\\\/uploads\\\/2023\\\/12\\\/LOURDES-MONTES-X-SILBON.png?fit=1238%2C636&ssl=1\",\"width\":1238,\"height\":636},{\"@type\":\"BreadcrumbList\",\"@id\":\"https:\\\/\\\/luxonomy.net\\\/es\\\/silbon-ha-presentado-los-resultados-obtenidos-de-su-colaboracion-solidaria-junto-a-lourdes-montes-a-favor-de-la-fundacion-aladina\\\/#breadcrumb\",\"itemListElement\":[{\"@type\":\"ListItem\",\"position\":1,\"name\":\"Portada\",\"item\":\"https:\\\/\\\/luxonomy.net\\\/es\\\/\"},{\"@type\":\"ListItem\",\"position\":2,\"name\":\"Silbon ha presentado los resultados obtenidos de su colaboraci\u00f3n solidaria junto a Lourdes Montes a favor de la Fundaci\u00f3n Aladina\"}]},{\"@type\":\"WebSite\",\"@id\":\"https:\\\/\\\/luxonomy.net\\\/es\\\/#website\",\"url\":\"https:\\\/\\\/luxonomy.net\\\/es\\\/\",\"name\":\"LUXONOMY\",\"description\":\"The Economy of Fashion &amp; Luxury\",\"publisher\":{\"@id\":\"https:\\\/\\\/luxonomy.net\\\/es\\\/#organization\"},\"potentialAction\":[{\"@type\":\"SearchAction\",\"target\":{\"@type\":\"EntryPoint\",\"urlTemplate\":\"https:\\\/\\\/luxonomy.net\\\/es\\\/?s={search_term_string}\"},\"query-input\":{\"@type\":\"PropertyValueSpecification\",\"valueRequired\":true,\"valueName\":\"search_term_string\"}}],\"inLanguage\":\"es\"},{\"@type\":\"Organization\",\"@id\":\"https:\\\/\\\/luxonomy.net\\\/es\\\/#organization\",\"name\":\"LUXONOMY\",\"url\":\"https:\\\/\\\/luxonomy.net\\\/es\\\/\",\"logo\":{\"@type\":\"ImageObject\",\"inLanguage\":\"es\",\"@id\":\"https:\\\/\\\/luxonomy.net\\\/es\\\/#\\\/schema\\\/logo\\\/image\\\/\",\"url\":\"https:\\\/\\\/i2.wp.com\\\/luxonomy.net\\\/wp-content\\\/uploads\\\/2021\\\/09\\\/MOCKUP-TODOS-LUXONOMY.jpg?fit=1000%2C515&ssl=1\",\"contentUrl\":\"https:\\\/\\\/i2.wp.com\\\/luxonomy.net\\\/wp-content\\\/uploads\\\/2021\\\/09\\\/MOCKUP-TODOS-LUXONOMY.jpg?fit=1000%2C515&ssl=1\",\"width\":1000,\"height\":515,\"caption\":\"LUXONOMY\"},\"image\":{\"@id\":\"https:\\\/\\\/luxonomy.net\\\/es\\\/#\\\/schema\\\/logo\\\/image\\\/\"},\"sameAs\":[\"https:\\\/\\\/www.facebook.com\\\/luxonomy\",\"https:\\\/\\\/www.instagram.com\\\/luxonomy\\\/\",\"https:\\\/\\\/www.linkedin.com\\\/company\\\/luxonomy\\\/\"]},{\"@type\":\"Person\",\"@id\":\"https:\\\/\\\/luxonomy.net\\\/es\\\/#\\\/schema\\\/person\\\/1a813e5ec518f582af236d6344aa6c01\",\"name\":\"Kristi Ellis\",\"image\":{\"@type\":\"ImageObject\",\"inLanguage\":\"es\",\"@id\":\"https:\\\/\\\/luxonomy.net\\\/wp-content\\\/litespeed\\\/avatar\\\/ae0c58256b980352bba3c97a8f9abe32.jpg?ver=1787975034\",\"url\":\"https:\\\/\\\/luxonomy.net\\\/wp-content\\\/litespeed\\\/avatar\\\/ae0c58256b980352bba3c97a8f9abe32.jpg?ver=1787975034\",\"contentUrl\":\"https:\\\/\\\/luxonomy.net\\\/wp-content\\\/litespeed\\\/avatar\\\/ae0c58256b980352bba3c97a8f9abe32.jpg?ver=1787975034\",\"caption\":\"Kristi Ellis\"},\"url\":\"https:\\\/\\\/luxonomy.net\\\/es\\\/author\\\/kristi-ellis\\\/\"}]}<\/script>\n<!-- \/ Yoast SEO plugin. -->","yoast_head_json":{"title":"Silbon ha presentado los resultados obtenidos de su colaboraci\u00f3n solidaria junto a Lourdes Montes a favor de la Fundaci\u00f3n Aladina | LUXONOMY","robots":{"index":"index","follow":"follow","max-snippet":"max-snippet:-1","max-image-preview":"max-image-preview:large","max-video-preview":"max-video-preview:-1"},"canonical":"https:\/\/luxonomy.net\/es\/silbon-ha-presentado-los-resultados-obtenidos-de-su-colaboracion-solidaria-junto-a-lourdes-montes-a-favor-de-la-fundacion-aladina\/","og_locale":"es_ES","og_type":"article","og_title":"Silbon ha presentado los resultados obtenidos de su colaboraci\u00f3n solidaria junto a Lourdes Montes a favor de la Fundaci\u00f3n Aladina | LUXONOMY","og_description":"La empresa cordobesa Silbon ha presentado los resultados obtenidos de su colaboraci\u00f3n solidaria junto a Lourdes Montes a favor de la Fundaci\u00f3n Aladina. A principios de a\u00f1o, la marca de moda andaluza cre\u00f3 junto a la sevillana la colecci\u00f3n c\u00e1psula ben\u00e9fica \u2018Lourdes X Silbon\u2019. Con esta colaboraci\u00f3n, la firma se ha unido con Fundaci\u00f3n Aladina&hellip;","og_url":"https:\/\/luxonomy.net\/es\/silbon-ha-presentado-los-resultados-obtenidos-de-su-colaboracion-solidaria-junto-a-lourdes-montes-a-favor-de-la-fundacion-aladina\/","og_site_name":"LUXONOMY","article_publisher":"https:\/\/www.facebook.com\/luxonomy","article_published_time":"2023-12-13T13:38:10+00:00","og_image":[{"width":1238,"height":636,"url":"https:\/\/i0.wp.com\/luxonomy.net\/wp-content\/uploads\/2023\/12\/LOURDES-MONTES-X-SILBON.png?fit=1238%2C636&quality=80&ssl=1","type":"image\/png"}],"author":"Kristi Ellis","twitter_card":"summary_large_image","twitter_misc":{"Escrito por":"Kristi Ellis","Tiempo de lectura":"2 minutos"},"schema":{"@context":"https:\/\/schema.org","@graph":[{"@type":"Article","@id":"https:\/\/luxonomy.net\/es\/silbon-ha-presentado-los-resultados-obtenidos-de-su-colaboracion-solidaria-junto-a-lourdes-montes-a-favor-de-la-fundacion-aladina\/#article","isPartOf":{"@id":"https:\/\/luxonomy.net\/es\/silbon-ha-presentado-los-resultados-obtenidos-de-su-colaboracion-solidaria-junto-a-lourdes-montes-a-favor-de-la-fundacion-aladina\/"},"author":{"name":"Kristi Ellis","@id":"https:\/\/luxonomy.net\/es\/#\/schema\/person\/1a813e5ec518f582af236d6344aa6c01"},"headline":"Silbon ha presentado los resultados obtenidos de su colaboraci\u00f3n solidaria junto a Lourdes Montes a favor de la Fundaci\u00f3n Aladina","datePublished":"2023-12-13T13:38:10+00:00","mainEntityOfPage":{"@id":"https:\/\/luxonomy.net\/es\/silbon-ha-presentado-los-resultados-obtenidos-de-su-colaboracion-solidaria-junto-a-lourdes-montes-a-favor-de-la-fundacion-aladina\/"},"wordCount":350,"commentCount":0,"publisher":{"@id":"https:\/\/luxonomy.net\/es\/#organization"},"image":{"@id":"https:\/\/luxonomy.net\/es\/silbon-ha-presentado-los-resultados-obtenidos-de-su-colaboracion-solidaria-junto-a-lourdes-montes-a-favor-de-la-fundacion-aladina\/#primaryimage"},"thumbnailUrl":"https:\/\/i0.wp.com\/luxonomy.net\/wp-content\/uploads\/2023\/12\/LOURDES-MONTES-X-SILBON.png?fit=1238%2C636&ssl=1","keywords":["solidaridad"],"articleSection":["Solidaridad"],"inLanguage":"es","potentialAction":[{"@type":"CommentAction","name":"Comment","target":["https:\/\/luxonomy.net\/es\/silbon-ha-presentado-los-resultados-obtenidos-de-su-colaboracion-solidaria-junto-a-lourdes-montes-a-favor-de-la-fundacion-aladina\/#respond"]}]},{"@type":"WebPage","@id":"https:\/\/luxonomy.net\/es\/silbon-ha-presentado-los-resultados-obtenidos-de-su-colaboracion-solidaria-junto-a-lourdes-montes-a-favor-de-la-fundacion-aladina\/","url":"https:\/\/luxonomy.net\/es\/silbon-ha-presentado-los-resultados-obtenidos-de-su-colaboracion-solidaria-junto-a-lourdes-montes-a-favor-de-la-fundacion-aladina\/","name":"Silbon ha presentado los resultados obtenidos de su colaboraci\u00f3n solidaria junto a Lourdes Montes a favor de la Fundaci\u00f3n Aladina | LUXONOMY","isPartOf":{"@id":"https:\/\/luxonomy.net\/es\/#website"},"primaryImageOfPage":{"@id":"https:\/\/luxonomy.net\/es\/silbon-ha-presentado-los-resultados-obtenidos-de-su-colaboracion-solidaria-junto-a-lourdes-montes-a-favor-de-la-fundacion-aladina\/#primaryimage"},"image":{"@id":"https:\/\/luxonomy.net\/es\/silbon-ha-presentado-los-resultados-obtenidos-de-su-colaboracion-solidaria-junto-a-lourdes-montes-a-favor-de-la-fundacion-aladina\/#primaryimage"},"thumbnailUrl":"https:\/\/i0.wp.com\/luxonomy.net\/wp-content\/uploads\/2023\/12\/LOURDES-MONTES-X-SILBON.png?fit=1238%2C636&ssl=1","datePublished":"2023-12-13T13:38:10+00:00","breadcrumb":{"@id":"https:\/\/luxonomy.net\/es\/silbon-ha-presentado-los-resultados-obtenidos-de-su-colaboracion-solidaria-junto-a-lourdes-montes-a-favor-de-la-fundacion-aladina\/#breadcrumb"},"inLanguage":"es","potentialAction":[{"@type":"ReadAction","target":["https:\/\/luxonomy.net\/es\/silbon-ha-presentado-los-resultados-obtenidos-de-su-colaboracion-solidaria-junto-a-lourdes-montes-a-favor-de-la-fundacion-aladina\/"]}]},{"@type":"ImageObject","inLanguage":"es","@id":"https:\/\/luxonomy.net\/es\/silbon-ha-presentado-los-resultados-obtenidos-de-su-colaboracion-solidaria-junto-a-lourdes-montes-a-favor-de-la-fundacion-aladina\/#primaryimage","url":"https:\/\/i0.wp.com\/luxonomy.net\/wp-content\/uploads\/2023\/12\/LOURDES-MONTES-X-SILBON.png?fit=1238%2C636&ssl=1","contentUrl":"https:\/\/i0.wp.com\/luxonomy.net\/wp-content\/uploads\/2023\/12\/LOURDES-MONTES-X-SILBON.png?fit=1238%2C636&ssl=1","width":1238,"height":636},{"@type":"BreadcrumbList","@id":"https:\/\/luxonomy.net\/es\/silbon-ha-presentado-los-resultados-obtenidos-de-su-colaboracion-solidaria-junto-a-lourdes-montes-a-favor-de-la-fundacion-aladina\/#breadcrumb","itemListElement":[{"@type":"ListItem","position":1,"name":"Portada","item":"https:\/\/luxonomy.net\/es\/"},{"@type":"ListItem","position":2,"name":"Silbon ha presentado los resultados obtenidos de su colaboraci\u00f3n solidaria junto a Lourdes Montes a favor de la Fundaci\u00f3n Aladina"}]},{"@type":"WebSite","@id":"https:\/\/luxonomy.net\/es\/#website","url":"https:\/\/luxonomy.net\/es\/","name":"LUXONOMY","description":"The Economy of Fashion &amp; Luxury","publisher":{"@id":"https:\/\/luxonomy.net\/es\/#organization"},"potentialAction":[{"@type":"SearchAction","target":{"@type":"EntryPoint","urlTemplate":"https:\/\/luxonomy.net\/es\/?s={search_term_string}"},"query-input":{"@type":"PropertyValueSpecification","valueRequired":true,"valueName":"search_term_string"}}],"inLanguage":"es"},{"@type":"Organization","@id":"https:\/\/luxonomy.net\/es\/#organization","name":"LUXONOMY","url":"https:\/\/luxonomy.net\/es\/","logo":{"@type":"ImageObject","inLanguage":"es","@id":"https:\/\/luxonomy.net\/es\/#\/schema\/logo\/image\/","url":"https:\/\/i2.wp.com\/luxonomy.net\/wp-content\/uploads\/2021\/09\/MOCKUP-TODOS-LUXONOMY.jpg?fit=1000%2C515&ssl=1","contentUrl":"https:\/\/i2.wp.com\/luxonomy.net\/wp-content\/uploads\/2021\/09\/MOCKUP-TODOS-LUXONOMY.jpg?fit=1000%2C515&ssl=1","width":1000,"height":515,"caption":"LUXONOMY"},"image":{"@id":"https:\/\/luxonomy.net\/es\/#\/schema\/logo\/image\/"},"sameAs":["https:\/\/www.facebook.com\/luxonomy","https:\/\/www.instagram.com\/luxonomy\/","https:\/\/www.linkedin.com\/company\/luxonomy\/"]},{"@type":"Person","@id":"https:\/\/luxonomy.net\/es\/#\/schema\/person\/1a813e5ec518f582af236d6344aa6c01","name":"Kristi Ellis","image":{"@type":"ImageObject","inLanguage":"es","@id":"https:\/\/luxonomy.net\/wp-content\/litespeed\/avatar\/ae0c58256b980352bba3c97a8f9abe32.jpg?ver=1787975034","url":"https:\/\/luxonomy.net\/wp-content\/litespeed\/avatar\/ae0c58256b980352bba3c97a8f9abe32.jpg?ver=1787975034","contentUrl":"https:\/\/luxonomy.net\/wp-content\/litespeed\/avatar\/ae0c58256b980352bba3c97a8f9abe32.jpg?ver=1787975034","caption":"Kristi Ellis"},"url":"https:\/\/luxonomy.net\/es\/author\/kristi-ellis\/"}]}},"jetpack_publicize_connections":[],"jetpack_shortlink":"https:\/\/wp.me\/paPhBa-cYH","jetpack_sharing_enabled":true,"jetpack_featured_media_url":"https:\/\/i0.wp.com\/luxonomy.net\/wp-content\/uploads\/2023\/12\/LOURDES-MONTES-X-SILBON.png?fit=1238%2C636&ssl=1","_links":{"self":[{"href":"https:\/\/luxonomy.net\/es\/wp-json\/wp\/v2\/posts\/49891","targetHints":{"allow":["GET"]}}],"collection":[{"href":"https:\/\/luxonomy.net\/es\/wp-json\/wp\/v2\/posts"}],"about":[{"href":"https:\/\/luxonomy.net\/es\/wp-json\/wp\/v2\/types\/post"}],"author":[{"embeddable":true,"href":"https:\/\/luxonomy.net\/es\/wp-json\/wp\/v2\/users\/11"}],"replies":[{"embeddable":true,"href":"https:\/\/luxonomy.net\/es\/wp-json\/wp\/v2\/comments?post=49891"}],"version-history":[{"count":1,"href":"https:\/\/luxonomy.net\/es\/wp-json\/wp\/v2\/posts\/49891\/revisions"}],"predecessor-version":[{"id":49892,"href":"https:\/\/luxonomy.net\/es\/wp-json\/wp\/v2\/posts\/49891\/revisions\/49892"}],"wp:featuredmedia":[{"embeddable":true,"href":"https:\/\/luxonomy.net\/es\/wp-json\/wp\/v2\/media\/49893"}],"wp:attachment":[{"href":"https:\/\/luxonomy.net\/es\/wp-json\/wp\/v2\/media?parent=49891"}],"wp:term":[{"taxonomy":"category","embeddable":true,"href":"https:\/\/luxonomy.net\/es\/wp-json\/wp\/v2\/categories?post=49891"},{"taxonomy":"post_tag","embeddable":true,"href":"https:\/\/luxonomy.net\/es\/wp-json\/wp\/v2\/tags?post=49891"},{"taxonomy":"thb-sponsors","embeddable":true,"href":"https:\/\/luxonomy.net\/es\/wp-json\/wp\/v2\/thb-sponsors?post=49891"}],"curies":[{"name":"wp","href":"https:\/\/api.w.org\/{rel}","templated":true}]}}