{"id":49792,"date":"2023-12-08T22:13:20","date_gmt":"2023-12-08T21:13:20","guid":{"rendered":"https:\/?p=49792"},"modified":"2023-12-08T22:20:03","modified_gmt":"2023-12-08T21:20:03","slug":"la-belleza-a-traves-de-las-edades-la-filosofia-de-clinicas-mila-cano","status":"publish","type":"post","link":"https:\/\/luxonomy.net\/es\/la-belleza-a-traves-de-las-edades-la-filosofia-de-clinicas-mila-cano\/","title":{"rendered":"La belleza a trav\u00e9s de las edades: La Filosof\u00eda de Cl\u00ednicas Mila Cano"},"content":{"rendered":"<p>En <strong>Cl\u00ednicas Mila Cano<\/strong>, entendemos que <strong>la belleza es un viaje, no un destino<\/strong>. Nuestra misi\u00f3n es celebrar la <strong>belleza \u00fanica en cada etapa de la vida<\/strong>, proporcionando tratamientos est\u00e9ticos que resaltan y complementan las <strong>caracter\u00edsticas naturales en lugar de transformarlas<\/strong>.<\/p>\n<h3>La belleza de cada edad:<\/h3>\n<p>La belleza no es est\u00e1tica; cambia y evoluciona con nosotros. En la juventud, se trata de frescura y vitalidad, mientras que, con el paso del tiempo, se convierte en una expresi\u00f3n de sabidur\u00eda, experiencia y elegancia. Nuestros tratamientos est\u00e1n dise\u00f1ados para respetar y realzar estas cualidades en cada cliente, independientemente de su edad.<\/p>\n<h3>Tratamientos Personalizados:<\/h3>\n<p>Cada rostro cuenta una historia \u00fanica, y nuestro enfoque es escuchar esa historia. Utilizamos una combinaci\u00f3n de tecnolog\u00eda avanzada y t\u00e9cnicas tradicionales para ofrecer tratamientos personalizados. Desde rejuvenecimiento facial hasta terapias de la piel, cada procedimiento est\u00e1 pensado para reflejar la belleza inherente de la edad del paciente, no para enmascararla.<\/p><div id=\"luxon-849542055\" class=\"luxon-3er-parrafo luxon-entity-placement\" style=\"margin-top: 20px;margin-bottom: 20px;margin-left: auto;margin-right: auto;text-align: center;\"><a href=\"https:\/\/luxonomy.university\/course\/master-turismo-de-lujo\" target=\"_blank\" aria-label=\"master-turismo-lujo-2026-2027\"><img loading=\"lazy\" decoding=\"async\" src=\"https:\/\/i0.wp.com\/luxonomy.net\/wp-content\/uploads\/2020\/07\/master-turismo-lujo-2026-2027.jpg?fit=1672%2C941&#038;ssl=1\" alt=\"\"  srcset=\"https:\/\/i0.wp.com\/luxonomy.net\/wp-content\/uploads\/2020\/07\/master-turismo-lujo-2026-2027.jpg?w=1672&ssl=1 1672w, https:\/\/i0.wp.com\/luxonomy.net\/wp-content\/uploads\/2020\/07\/master-turismo-lujo-2026-2027.jpg?resize=300%2C169&ssl=1 300w, https:\/\/i0.wp.com\/luxonomy.net\/wp-content\/uploads\/2020\/07\/master-turismo-lujo-2026-2027.jpg?resize=1024%2C576&ssl=1 1024w, https:\/\/i0.wp.com\/luxonomy.net\/wp-content\/uploads\/2020\/07\/master-turismo-lujo-2026-2027.jpg?resize=768%2C432&ssl=1 768w, https:\/\/i0.wp.com\/luxonomy.net\/wp-content\/uploads\/2020\/07\/master-turismo-lujo-2026-2027.jpg?resize=1536%2C864&ssl=1 1536w, https:\/\/i0.wp.com\/luxonomy.net\/wp-content\/uploads\/2020\/07\/master-turismo-lujo-2026-2027.jpg?resize=370%2C208&ssl=1 370w, https:\/\/i0.wp.com\/luxonomy.net\/wp-content\/uploads\/2020\/07\/master-turismo-lujo-2026-2027.jpg?resize=800%2C450&ssl=1 800w, https:\/\/i0.wp.com\/luxonomy.net\/wp-content\/uploads\/2020\/07\/master-turismo-lujo-2026-2027.jpg?resize=20%2C11&ssl=1 20w, https:\/\/i0.wp.com\/luxonomy.net\/wp-content\/uploads\/2020\/07\/master-turismo-lujo-2026-2027.jpg?resize=740%2C416&ssl=1 740w, https:\/\/i0.wp.com\/luxonomy.net\/wp-content\/uploads\/2020\/07\/master-turismo-lujo-2026-2027.jpg?resize=1600%2C900&ssl=1 1600w, https:\/\/i0.wp.com\/luxonomy.net\/wp-content\/uploads\/2020\/07\/master-turismo-lujo-2026-2027.jpg?resize=1200%2C675&ssl=1 1200w, https:\/\/i0.wp.com\/luxonomy.net\/wp-content\/uploads\/2020\/07\/master-turismo-lujo-2026-2027.jpg?resize=85%2C48&ssl=1 85w\" sizes=\"(max-width: 1170px) 100vw, 1170px\" class=\"no-lazyload\" width=\"1672\" height=\"941\"   \/><\/a><\/div>\n<h3>Respeto por la Individualidad:<\/h3>\n<p>Creemos firmemente en la belleza de la individualidad. Nuestros tratamientos buscan preservar y destacar las caracter\u00edsticas \u00fanicas que hacen a cada persona especial. Nos enfocamos en realzar, no en cambiar, asegur\u00e1ndonos de que cada paciente se vea y se sienta como la mejor versi\u00f3n de s\u00ed mismo, en cualquier etapa de su vida.<\/p>\n<h3>Un enfoque Hol\u00edstico:<\/h3>\n<p>La belleza es m\u00e1s que la apariencia exterior; tambi\u00e9n se trata de c\u00f3mo nos sentimos por dentro. En Cl\u00ednicas Mila Cano, adoptamos un enfoque hol\u00edstico. Ofrecemos asesoramiento sobre nutrici\u00f3n, bienestar y cuidado de la piel, entendiendo que un estilo de vida saludable es fundamental para reflejar la belleza natural.<\/p>\n<h3>Una filosof\u00eda:<\/h3>\n<p>En Cl\u00ednicas Mila Cano, nuestra filosof\u00eda es simple pero poderosa: la belleza existe en cada edad. Nuestro objetivo es ayudar a nuestros pacientes a encontrar esa belleza perfecta, respetando su individualidad y sus etapas de vida. Creemos en tratamientos que embellecen, no en los que transforman, asegur\u00e1ndonos de que cada persona brille con su propia luz.<\/p>\n<p>La verdadera belleza es atemporal, y en Cl\u00ednicas Mila Cano, nos dedicamos a celebrarla en todas sus formas.<\/p><div id=\"luxon-3088296350\" class=\"luxon-7-parrafo luxon-entity-placement\" style=\"margin-top: 20px;margin-bottom: 20px;margin-left: auto;margin-right: auto;text-align: center;\"><a href=\"https:\/\/theintelligence.institute\/course\/inteligencia-artificial-para-directivos\" target=\"_blank\" aria-label=\"CSIAD_empresas_THEI_horizontal_4x3_v5\"><img loading=\"lazy\" decoding=\"async\" src=\"https:\/\/i0.wp.com\/luxonomy.net\/wp-content\/uploads\/2025\/08\/CSIAD_empresas_THEI_horizontal_4x3_v5.png?fit=2000%2C1500&#038;ssl=1\" alt=\"\"  srcset=\"https:\/\/i0.wp.com\/luxonomy.net\/wp-content\/uploads\/2025\/08\/CSIAD_empresas_THEI_horizontal_4x3_v5.png?w=2000&ssl=1 2000w, https:\/\/i0.wp.com\/luxonomy.net\/wp-content\/uploads\/2025\/08\/CSIAD_empresas_THEI_horizontal_4x3_v5.png?resize=300%2C225&ssl=1 300w, https:\/\/i0.wp.com\/luxonomy.net\/wp-content\/uploads\/2025\/08\/CSIAD_empresas_THEI_horizontal_4x3_v5.png?resize=1024%2C768&ssl=1 1024w, https:\/\/i0.wp.com\/luxonomy.net\/wp-content\/uploads\/2025\/08\/CSIAD_empresas_THEI_horizontal_4x3_v5.png?resize=768%2C576&ssl=1 768w, https:\/\/i0.wp.com\/luxonomy.net\/wp-content\/uploads\/2025\/08\/CSIAD_empresas_THEI_horizontal_4x3_v5.png?resize=1536%2C1152&ssl=1 1536w, https:\/\/i0.wp.com\/luxonomy.net\/wp-content\/uploads\/2025\/08\/CSIAD_empresas_THEI_horizontal_4x3_v5.png?resize=370%2C278&ssl=1 370w, https:\/\/i0.wp.com\/luxonomy.net\/wp-content\/uploads\/2025\/08\/CSIAD_empresas_THEI_horizontal_4x3_v5.png?resize=800%2C600&ssl=1 800w, https:\/\/i0.wp.com\/luxonomy.net\/wp-content\/uploads\/2025\/08\/CSIAD_empresas_THEI_horizontal_4x3_v5.png?resize=20%2C15&ssl=1 20w, https:\/\/i0.wp.com\/luxonomy.net\/wp-content\/uploads\/2025\/08\/CSIAD_empresas_THEI_horizontal_4x3_v5.png?resize=740%2C555&ssl=1 740w, https:\/\/i0.wp.com\/luxonomy.net\/wp-content\/uploads\/2025\/08\/CSIAD_empresas_THEI_horizontal_4x3_v5.png?resize=1600%2C1200&ssl=1 1600w, https:\/\/i0.wp.com\/luxonomy.net\/wp-content\/uploads\/2025\/08\/CSIAD_empresas_THEI_horizontal_4x3_v5.png?resize=1200%2C900&ssl=1 1200w, https:\/\/i0.wp.com\/luxonomy.net\/wp-content\/uploads\/2025\/08\/CSIAD_empresas_THEI_horizontal_4x3_v5.png?resize=64%2C48&ssl=1 64w\" sizes=\"(max-width: 1170px) 100vw, 1170px\" class=\"no-lazyload\" width=\"2000\" height=\"1500\"   \/><\/a><\/div>\n<h3>Contacto<\/h3>\n<ul>\n<li><strong>Web:<\/strong>&nbsp;<a href=\"https:\/\/www.mcmilacano.com\/\" target=\"_blank\" rel=\"noopener\">https:\/\/www.mcmilacano.com\/<\/a><\/li>\n<li><strong>email:&nbsp;<\/strong><a href=\"mailto:informacion@mcmilacano.com\" target=\"_blank\" rel=\"noopener\">informacion@mcmilacano.com<\/a><\/li>\n<li><strong>Tel\u00e9fono:<\/strong>&nbsp;963 95 26 05<\/li>\n<li><strong>Direcci\u00f3n:<\/strong>&nbsp;Gran Via del Marqu\u00e9s del T\u00faria, 20, planta 1 puertas 3 y 4, 46005 Valencia<\/li>\n<\/ul>\n","protected":false},"excerpt":{"rendered":"<p>En Cl\u00ednicas Mila Cano, entendemos que la belleza es un viaje, no un destino. Nuestra misi\u00f3n es celebrar la belleza \u00fanica en cada etapa de la vida, proporcionando tratamientos est\u00e9ticos que resaltan y complementan las caracter\u00edsticas naturales en lugar de transformarlas. La belleza de cada edad: La belleza no es est\u00e1tica; cambia y evoluciona con&hellip;<\/p>\n","protected":false},"author":1,"featured_media":49796,"comment_status":"open","ping_status":"open","sticky":false,"template":"","format":"standard","meta":{"_jetpack_newsletter_access":"","_jetpack_dont_email_post_to_subs":false,"_jetpack_newsletter_tier_id":0,"_jetpack_memberships_contains_paywalled_content":false,"_jetpack_feature_clip_id":0,"_jetpack_memberships_contains_paid_content":false,"footnotes":"","jetpack_publicize_message":"","jetpack_publicize_feature_enabled":true,"jetpack_social_post_already_shared":true,"jetpack_social_options":{"image_generator_settings":{"template":"edge","default_image_id":0,"font":"","enabled":false},"version":2},"jetpack_post_was_ever_published":false},"categories":[17],"tags":[313,6642,6624],"thb-sponsors":[],"class_list":["post-49792","post","type-post","status-publish","format-standard","has-post-thumbnail","hentry","category-belleza","tag-belleza","tag-clinicas-mila-cano","tag-mila-cano"],"yoast_head":"<!-- This site is optimized with the Yoast SEO plugin v28.4 - https:\/\/yoast.com\/product\/yoast-seo-wordpress\/ -->\n<title>La belleza a trav\u00e9s de las edades: La Filosof\u00eda de Cl\u00ednicas Mila Cano | LUXONOMY<\/title>\n<meta name=\"robots\" content=\"index, follow, max-snippet:-1, max-image-preview:large, max-video-preview:-1\" \/>\n<link rel=\"canonical\" href=\"https:\/\/luxonomy.net\/es\/la-belleza-a-traves-de-las-edades-la-filosofia-de-clinicas-mila-cano\/\" \/>\n<meta property=\"og:locale\" content=\"es_ES\" \/>\n<meta property=\"og:type\" content=\"article\" \/>\n<meta property=\"og:title\" content=\"La belleza a trav\u00e9s de las edades: La Filosof\u00eda de Cl\u00ednicas Mila Cano | LUXONOMY\" \/>\n<meta property=\"og:description\" content=\"En Cl\u00ednicas Mila Cano, entendemos que la belleza es un viaje, no un destino. Nuestra misi\u00f3n es celebrar la belleza \u00fanica en cada etapa de la vida, proporcionando tratamientos est\u00e9ticos que resaltan y complementan las caracter\u00edsticas naturales en lugar de transformarlas. La belleza de cada edad: La belleza no es est\u00e1tica; cambia y evoluciona con&hellip;\" \/>\n<meta property=\"og:url\" content=\"https:\/\/luxonomy.net\/es\/la-belleza-a-traves-de-las-edades-la-filosofia-de-clinicas-mila-cano\/\" \/>\n<meta property=\"og:site_name\" content=\"LUXONOMY\" \/>\n<meta property=\"article:publisher\" content=\"https:\/\/www.facebook.com\/luxonomy\" \/>\n<meta property=\"article:published_time\" content=\"2023-12-08T21:13:20+00:00\" \/>\n<meta property=\"article:modified_time\" content=\"2023-12-08T21:20:03+00:00\" \/>\n<meta property=\"og:image\" content=\"https:\/\/i0.wp.com\/luxonomy.net\/wp-content\/uploads\/2023\/12\/mila_cano_clinicas-1.jpg?fit=2304%2C1792&quality=89&ssl=1\" \/>\n\t<meta property=\"og:image:width\" content=\"2304\" \/>\n\t<meta property=\"og:image:height\" content=\"1792\" \/>\n\t<meta property=\"og:image:type\" content=\"image\/jpeg\" \/>\n<meta name=\"author\" content=\"LUXONOMY\" \/>\n<meta name=\"twitter:card\" content=\"summary_large_image\" \/>\n<meta name=\"twitter:label1\" content=\"Escrito por\" \/>\n\t<meta name=\"twitter:data1\" content=\"LUXONOMY\" \/>\n\t<meta name=\"twitter:label2\" content=\"Tiempo de lectura\" \/>\n\t<meta name=\"twitter:data2\" content=\"2 minutos\" \/>\n<script type=\"application\/ld+json\" class=\"yoast-schema-graph\">{\"@context\":\"https:\\\/\\\/schema.org\",\"@graph\":[{\"@type\":\"Article\",\"@id\":\"https:\\\/\\\/luxonomy.net\\\/es\\\/la-belleza-a-traves-de-las-edades-la-filosofia-de-clinicas-mila-cano\\\/#article\",\"isPartOf\":{\"@id\":\"https:\\\/\\\/luxonomy.net\\\/es\\\/la-belleza-a-traves-de-las-edades-la-filosofia-de-clinicas-mila-cano\\\/\"},\"author\":{\"name\":\"LUXONOMY\",\"@id\":\"https:\\\/\\\/luxonomy.net\\\/es\\\/#\\\/schema\\\/person\\\/ca588d8b741a1fdd9065289c8d98ee8c\"},\"headline\":\"La belleza a trav\u00e9s de las edades: La Filosof\u00eda de Cl\u00ednicas Mila Cano\",\"datePublished\":\"2023-12-08T21:13:20+00:00\",\"dateModified\":\"2023-12-08T21:20:03+00:00\",\"mainEntityOfPage\":{\"@id\":\"https:\\\/\\\/luxonomy.net\\\/es\\\/la-belleza-a-traves-de-las-edades-la-filosofia-de-clinicas-mila-cano\\\/\"},\"wordCount\":410,\"commentCount\":0,\"publisher\":{\"@id\":\"https:\\\/\\\/luxonomy.net\\\/es\\\/#organization\"},\"image\":{\"@id\":\"https:\\\/\\\/luxonomy.net\\\/es\\\/la-belleza-a-traves-de-las-edades-la-filosofia-de-clinicas-mila-cano\\\/#primaryimage\"},\"thumbnailUrl\":\"https:\\\/\\\/i0.wp.com\\\/luxonomy.net\\\/wp-content\\\/uploads\\\/2023\\\/12\\\/mila_cano_clinicas-1.jpg?fit=2304%2C1792&ssl=1\",\"keywords\":[\"belleza\",\"Cl\u00ednicas Mila Cano\",\"Mila Cano\"],\"articleSection\":[\"Belleza\"],\"inLanguage\":\"es\",\"potentialAction\":[{\"@type\":\"CommentAction\",\"name\":\"Comment\",\"target\":[\"https:\\\/\\\/luxonomy.net\\\/es\\\/la-belleza-a-traves-de-las-edades-la-filosofia-de-clinicas-mila-cano\\\/#respond\"]}]},{\"@type\":\"WebPage\",\"@id\":\"https:\\\/\\\/luxonomy.net\\\/es\\\/la-belleza-a-traves-de-las-edades-la-filosofia-de-clinicas-mila-cano\\\/\",\"url\":\"https:\\\/\\\/luxonomy.net\\\/es\\\/la-belleza-a-traves-de-las-edades-la-filosofia-de-clinicas-mila-cano\\\/\",\"name\":\"La belleza a trav\u00e9s de las edades: La Filosof\u00eda de Cl\u00ednicas Mila Cano | LUXONOMY\",\"isPartOf\":{\"@id\":\"https:\\\/\\\/luxonomy.net\\\/es\\\/#website\"},\"primaryImageOfPage\":{\"@id\":\"https:\\\/\\\/luxonomy.net\\\/es\\\/la-belleza-a-traves-de-las-edades-la-filosofia-de-clinicas-mila-cano\\\/#primaryimage\"},\"image\":{\"@id\":\"https:\\\/\\\/luxonomy.net\\\/es\\\/la-belleza-a-traves-de-las-edades-la-filosofia-de-clinicas-mila-cano\\\/#primaryimage\"},\"thumbnailUrl\":\"https:\\\/\\\/i0.wp.com\\\/luxonomy.net\\\/wp-content\\\/uploads\\\/2023\\\/12\\\/mila_cano_clinicas-1.jpg?fit=2304%2C1792&ssl=1\",\"datePublished\":\"2023-12-08T21:13:20+00:00\",\"dateModified\":\"2023-12-08T21:20:03+00:00\",\"breadcrumb\":{\"@id\":\"https:\\\/\\\/luxonomy.net\\\/es\\\/la-belleza-a-traves-de-las-edades-la-filosofia-de-clinicas-mila-cano\\\/#breadcrumb\"},\"inLanguage\":\"es\",\"potentialAction\":[{\"@type\":\"ReadAction\",\"target\":[\"https:\\\/\\\/luxonomy.net\\\/es\\\/la-belleza-a-traves-de-las-edades-la-filosofia-de-clinicas-mila-cano\\\/\"]}]},{\"@type\":\"ImageObject\",\"inLanguage\":\"es\",\"@id\":\"https:\\\/\\\/luxonomy.net\\\/es\\\/la-belleza-a-traves-de-las-edades-la-filosofia-de-clinicas-mila-cano\\\/#primaryimage\",\"url\":\"https:\\\/\\\/i0.wp.com\\\/luxonomy.net\\\/wp-content\\\/uploads\\\/2023\\\/12\\\/mila_cano_clinicas-1.jpg?fit=2304%2C1792&ssl=1\",\"contentUrl\":\"https:\\\/\\\/i0.wp.com\\\/luxonomy.net\\\/wp-content\\\/uploads\\\/2023\\\/12\\\/mila_cano_clinicas-1.jpg?fit=2304%2C1792&ssl=1\",\"width\":2304,\"height\":1792},{\"@type\":\"BreadcrumbList\",\"@id\":\"https:\\\/\\\/luxonomy.net\\\/es\\\/la-belleza-a-traves-de-las-edades-la-filosofia-de-clinicas-mila-cano\\\/#breadcrumb\",\"itemListElement\":[{\"@type\":\"ListItem\",\"position\":1,\"name\":\"Portada\",\"item\":\"https:\\\/\\\/luxonomy.net\\\/es\\\/\"},{\"@type\":\"ListItem\",\"position\":2,\"name\":\"La belleza a trav\u00e9s de las edades: La Filosof\u00eda de Cl\u00ednicas Mila Cano\"}]},{\"@type\":\"WebSite\",\"@id\":\"https:\\\/\\\/luxonomy.net\\\/es\\\/#website\",\"url\":\"https:\\\/\\\/luxonomy.net\\\/es\\\/\",\"name\":\"LUXONOMY\",\"description\":\"The Economy of Fashion &amp; Luxury\",\"publisher\":{\"@id\":\"https:\\\/\\\/luxonomy.net\\\/es\\\/#organization\"},\"potentialAction\":[{\"@type\":\"SearchAction\",\"target\":{\"@type\":\"EntryPoint\",\"urlTemplate\":\"https:\\\/\\\/luxonomy.net\\\/es\\\/?s={search_term_string}\"},\"query-input\":{\"@type\":\"PropertyValueSpecification\",\"valueRequired\":true,\"valueName\":\"search_term_string\"}}],\"inLanguage\":\"es\"},{\"@type\":\"Organization\",\"@id\":\"https:\\\/\\\/luxonomy.net\\\/es\\\/#organization\",\"name\":\"LUXONOMY\",\"url\":\"https:\\\/\\\/luxonomy.net\\\/es\\\/\",\"logo\":{\"@type\":\"ImageObject\",\"inLanguage\":\"es\",\"@id\":\"https:\\\/\\\/luxonomy.net\\\/es\\\/#\\\/schema\\\/logo\\\/image\\\/\",\"url\":\"https:\\\/\\\/i2.wp.com\\\/luxonomy.net\\\/wp-content\\\/uploads\\\/2021\\\/09\\\/MOCKUP-TODOS-LUXONOMY.jpg?fit=1000%2C515&ssl=1\",\"contentUrl\":\"https:\\\/\\\/i2.wp.com\\\/luxonomy.net\\\/wp-content\\\/uploads\\\/2021\\\/09\\\/MOCKUP-TODOS-LUXONOMY.jpg?fit=1000%2C515&ssl=1\",\"width\":1000,\"height\":515,\"caption\":\"LUXONOMY\"},\"image\":{\"@id\":\"https:\\\/\\\/luxonomy.net\\\/es\\\/#\\\/schema\\\/logo\\\/image\\\/\"},\"sameAs\":[\"https:\\\/\\\/www.facebook.com\\\/luxonomy\",\"https:\\\/\\\/www.instagram.com\\\/luxonomy\\\/\",\"https:\\\/\\\/www.linkedin.com\\\/company\\\/luxonomy\\\/\"]},{\"@type\":\"Person\",\"@id\":\"https:\\\/\\\/luxonomy.net\\\/es\\\/#\\\/schema\\\/person\\\/ca588d8b741a1fdd9065289c8d98ee8c\",\"name\":\"LUXONOMY\",\"image\":{\"@type\":\"ImageObject\",\"inLanguage\":\"es\",\"@id\":\"https:\\\/\\\/luxonomy.net\\\/wp-content\\\/litespeed\\\/avatar\\\/a6436cdb14fdaf9c21808e63d0da2055.jpg?ver=1788366758\",\"url\":\"https:\\\/\\\/luxonomy.net\\\/wp-content\\\/litespeed\\\/avatar\\\/a6436cdb14fdaf9c21808e63d0da2055.jpg?ver=1788366758\",\"contentUrl\":\"https:\\\/\\\/luxonomy.net\\\/wp-content\\\/litespeed\\\/avatar\\\/a6436cdb14fdaf9c21808e63d0da2055.jpg?ver=1788366758\",\"caption\":\"LUXONOMY\"},\"sameAs\":[\"https:\\\/\"],\"url\":\"https:\\\/\\\/luxonomy.net\\\/es\\\/author\\\/luxonomy\\\/\"}]}<\/script>\n<!-- \/ Yoast SEO plugin. -->","yoast_head_json":{"title":"La belleza a trav\u00e9s de las edades: La Filosof\u00eda de Cl\u00ednicas Mila Cano | LUXONOMY","robots":{"index":"index","follow":"follow","max-snippet":"max-snippet:-1","max-image-preview":"max-image-preview:large","max-video-preview":"max-video-preview:-1"},"canonical":"https:\/\/luxonomy.net\/es\/la-belleza-a-traves-de-las-edades-la-filosofia-de-clinicas-mila-cano\/","og_locale":"es_ES","og_type":"article","og_title":"La belleza a trav\u00e9s de las edades: La Filosof\u00eda de Cl\u00ednicas Mila Cano | LUXONOMY","og_description":"En Cl\u00ednicas Mila Cano, entendemos que la belleza es un viaje, no un destino. Nuestra misi\u00f3n es celebrar la belleza \u00fanica en cada etapa de la vida, proporcionando tratamientos est\u00e9ticos que resaltan y complementan las caracter\u00edsticas naturales en lugar de transformarlas. La belleza de cada edad: La belleza no es est\u00e1tica; cambia y evoluciona con&hellip;","og_url":"https:\/\/luxonomy.net\/es\/la-belleza-a-traves-de-las-edades-la-filosofia-de-clinicas-mila-cano\/","og_site_name":"LUXONOMY","article_publisher":"https:\/\/www.facebook.com\/luxonomy","article_published_time":"2023-12-08T21:13:20+00:00","article_modified_time":"2023-12-08T21:20:03+00:00","og_image":[{"width":2304,"height":1792,"url":"https:\/\/i0.wp.com\/luxonomy.net\/wp-content\/uploads\/2023\/12\/mila_cano_clinicas-1.jpg?fit=2304%2C1792&quality=89&ssl=1","type":"image\/jpeg"}],"author":"LUXONOMY","twitter_card":"summary_large_image","twitter_misc":{"Escrito por":"LUXONOMY","Tiempo de lectura":"2 minutos"},"schema":{"@context":"https:\/\/schema.org","@graph":[{"@type":"Article","@id":"https:\/\/luxonomy.net\/es\/la-belleza-a-traves-de-las-edades-la-filosofia-de-clinicas-mila-cano\/#article","isPartOf":{"@id":"https:\/\/luxonomy.net\/es\/la-belleza-a-traves-de-las-edades-la-filosofia-de-clinicas-mila-cano\/"},"author":{"name":"LUXONOMY","@id":"https:\/\/luxonomy.net\/es\/#\/schema\/person\/ca588d8b741a1fdd9065289c8d98ee8c"},"headline":"La belleza a trav\u00e9s de las edades: La Filosof\u00eda de Cl\u00ednicas Mila Cano","datePublished":"2023-12-08T21:13:20+00:00","dateModified":"2023-12-08T21:20:03+00:00","mainEntityOfPage":{"@id":"https:\/\/luxonomy.net\/es\/la-belleza-a-traves-de-las-edades-la-filosofia-de-clinicas-mila-cano\/"},"wordCount":410,"commentCount":0,"publisher":{"@id":"https:\/\/luxonomy.net\/es\/#organization"},"image":{"@id":"https:\/\/luxonomy.net\/es\/la-belleza-a-traves-de-las-edades-la-filosofia-de-clinicas-mila-cano\/#primaryimage"},"thumbnailUrl":"https:\/\/i0.wp.com\/luxonomy.net\/wp-content\/uploads\/2023\/12\/mila_cano_clinicas-1.jpg?fit=2304%2C1792&ssl=1","keywords":["belleza","Cl\u00ednicas Mila Cano","Mila Cano"],"articleSection":["Belleza"],"inLanguage":"es","potentialAction":[{"@type":"CommentAction","name":"Comment","target":["https:\/\/luxonomy.net\/es\/la-belleza-a-traves-de-las-edades-la-filosofia-de-clinicas-mila-cano\/#respond"]}]},{"@type":"WebPage","@id":"https:\/\/luxonomy.net\/es\/la-belleza-a-traves-de-las-edades-la-filosofia-de-clinicas-mila-cano\/","url":"https:\/\/luxonomy.net\/es\/la-belleza-a-traves-de-las-edades-la-filosofia-de-clinicas-mila-cano\/","name":"La belleza a trav\u00e9s de las edades: La Filosof\u00eda de Cl\u00ednicas Mila Cano | LUXONOMY","isPartOf":{"@id":"https:\/\/luxonomy.net\/es\/#website"},"primaryImageOfPage":{"@id":"https:\/\/luxonomy.net\/es\/la-belleza-a-traves-de-las-edades-la-filosofia-de-clinicas-mila-cano\/#primaryimage"},"image":{"@id":"https:\/\/luxonomy.net\/es\/la-belleza-a-traves-de-las-edades-la-filosofia-de-clinicas-mila-cano\/#primaryimage"},"thumbnailUrl":"https:\/\/i0.wp.com\/luxonomy.net\/wp-content\/uploads\/2023\/12\/mila_cano_clinicas-1.jpg?fit=2304%2C1792&ssl=1","datePublished":"2023-12-08T21:13:20+00:00","dateModified":"2023-12-08T21:20:03+00:00","breadcrumb":{"@id":"https:\/\/luxonomy.net\/es\/la-belleza-a-traves-de-las-edades-la-filosofia-de-clinicas-mila-cano\/#breadcrumb"},"inLanguage":"es","potentialAction":[{"@type":"ReadAction","target":["https:\/\/luxonomy.net\/es\/la-belleza-a-traves-de-las-edades-la-filosofia-de-clinicas-mila-cano\/"]}]},{"@type":"ImageObject","inLanguage":"es","@id":"https:\/\/luxonomy.net\/es\/la-belleza-a-traves-de-las-edades-la-filosofia-de-clinicas-mila-cano\/#primaryimage","url":"https:\/\/i0.wp.com\/luxonomy.net\/wp-content\/uploads\/2023\/12\/mila_cano_clinicas-1.jpg?fit=2304%2C1792&ssl=1","contentUrl":"https:\/\/i0.wp.com\/luxonomy.net\/wp-content\/uploads\/2023\/12\/mila_cano_clinicas-1.jpg?fit=2304%2C1792&ssl=1","width":2304,"height":1792},{"@type":"BreadcrumbList","@id":"https:\/\/luxonomy.net\/es\/la-belleza-a-traves-de-las-edades-la-filosofia-de-clinicas-mila-cano\/#breadcrumb","itemListElement":[{"@type":"ListItem","position":1,"name":"Portada","item":"https:\/\/luxonomy.net\/es\/"},{"@type":"ListItem","position":2,"name":"La belleza a trav\u00e9s de las edades: La Filosof\u00eda de Cl\u00ednicas Mila Cano"}]},{"@type":"WebSite","@id":"https:\/\/luxonomy.net\/es\/#website","url":"https:\/\/luxonomy.net\/es\/","name":"LUXONOMY","description":"The Economy of Fashion &amp; Luxury","publisher":{"@id":"https:\/\/luxonomy.net\/es\/#organization"},"potentialAction":[{"@type":"SearchAction","target":{"@type":"EntryPoint","urlTemplate":"https:\/\/luxonomy.net\/es\/?s={search_term_string}"},"query-input":{"@type":"PropertyValueSpecification","valueRequired":true,"valueName":"search_term_string"}}],"inLanguage":"es"},{"@type":"Organization","@id":"https:\/\/luxonomy.net\/es\/#organization","name":"LUXONOMY","url":"https:\/\/luxonomy.net\/es\/","logo":{"@type":"ImageObject","inLanguage":"es","@id":"https:\/\/luxonomy.net\/es\/#\/schema\/logo\/image\/","url":"https:\/\/i2.wp.com\/luxonomy.net\/wp-content\/uploads\/2021\/09\/MOCKUP-TODOS-LUXONOMY.jpg?fit=1000%2C515&ssl=1","contentUrl":"https:\/\/i2.wp.com\/luxonomy.net\/wp-content\/uploads\/2021\/09\/MOCKUP-TODOS-LUXONOMY.jpg?fit=1000%2C515&ssl=1","width":1000,"height":515,"caption":"LUXONOMY"},"image":{"@id":"https:\/\/luxonomy.net\/es\/#\/schema\/logo\/image\/"},"sameAs":["https:\/\/www.facebook.com\/luxonomy","https:\/\/www.instagram.com\/luxonomy\/","https:\/\/www.linkedin.com\/company\/luxonomy\/"]},{"@type":"Person","@id":"https:\/\/luxonomy.net\/es\/#\/schema\/person\/ca588d8b741a1fdd9065289c8d98ee8c","name":"LUXONOMY","image":{"@type":"ImageObject","inLanguage":"es","@id":"https:\/\/luxonomy.net\/wp-content\/litespeed\/avatar\/a6436cdb14fdaf9c21808e63d0da2055.jpg?ver=1788366758","url":"https:\/\/luxonomy.net\/wp-content\/litespeed\/avatar\/a6436cdb14fdaf9c21808e63d0da2055.jpg?ver=1788366758","contentUrl":"https:\/\/luxonomy.net\/wp-content\/litespeed\/avatar\/a6436cdb14fdaf9c21808e63d0da2055.jpg?ver=1788366758","caption":"LUXONOMY"},"sameAs":["https:\/"],"url":"https:\/\/luxonomy.net\/es\/author\/luxonomy\/"}]}},"jetpack_publicize_connections":[],"jetpack_shortlink":"https:\/\/wp.me\/paPhBa-cX6","jetpack_sharing_enabled":true,"jetpack_featured_media_url":"https:\/\/i0.wp.com\/luxonomy.net\/wp-content\/uploads\/2023\/12\/mila_cano_clinicas-1.jpg?fit=2304%2C1792&ssl=1","_links":{"self":[{"href":"https:\/\/luxonomy.net\/es\/wp-json\/wp\/v2\/posts\/49792","targetHints":{"allow":["GET"]}}],"collection":[{"href":"https:\/\/luxonomy.net\/es\/wp-json\/wp\/v2\/posts"}],"about":[{"href":"https:\/\/luxonomy.net\/es\/wp-json\/wp\/v2\/types\/post"}],"author":[{"embeddable":true,"href":"https:\/\/luxonomy.net\/es\/wp-json\/wp\/v2\/users\/1"}],"replies":[{"embeddable":true,"href":"https:\/\/luxonomy.net\/es\/wp-json\/wp\/v2\/comments?post=49792"}],"version-history":[{"count":3,"href":"https:\/\/luxonomy.net\/es\/wp-json\/wp\/v2\/posts\/49792\/revisions"}],"predecessor-version":[{"id":49795,"href":"https:\/\/luxonomy.net\/es\/wp-json\/wp\/v2\/posts\/49792\/revisions\/49795"}],"wp:featuredmedia":[{"embeddable":true,"href":"https:\/\/luxonomy.net\/es\/wp-json\/wp\/v2\/media\/49796"}],"wp:attachment":[{"href":"https:\/\/luxonomy.net\/es\/wp-json\/wp\/v2\/media?parent=49792"}],"wp:term":[{"taxonomy":"category","embeddable":true,"href":"https:\/\/luxonomy.net\/es\/wp-json\/wp\/v2\/categories?post=49792"},{"taxonomy":"post_tag","embeddable":true,"href":"https:\/\/luxonomy.net\/es\/wp-json\/wp\/v2\/tags?post=49792"},{"taxonomy":"thb-sponsors","embeddable":true,"href":"https:\/\/luxonomy.net\/es\/wp-json\/wp\/v2\/thb-sponsors?post=49792"}],"curies":[{"name":"wp","href":"https:\/\/api.w.org\/{rel}","templated":true}]}}