{"id":49692,"date":"2023-12-04T09:09:39","date_gmt":"2023-12-04T08:09:39","guid":{"rendered":"https:\/?p=49692"},"modified":"2023-12-04T13:19:56","modified_gmt":"2023-12-04T12:19:56","slug":"la-economia-circular-en-la-moda-y-el-lujo-transformando-la-sustentabilidad-en-una-nueva-elegancia","status":"publish","type":"post","link":"https:\/\/luxonomy.net\/es\/la-economia-circular-en-la-moda-y-el-lujo-transformando-la-sustentabilidad-en-una-nueva-elegancia\/","title":{"rendered":"La econom\u00eda circular en la moda y el lujo: Transformando la Sustentabilidad en una Nueva Elegancia"},"content":{"rendered":"<p>En la \u00faltima d\u00e9cada, la industria de la moda y el lujo ha experimentado una evoluci\u00f3n significativa hacia pr\u00e1cticas m\u00e1s sostenibles, encarnadas en el concepto de la <strong>econom\u00eda circular<\/strong>. Este modelo, que se aleja del tradicional esquema lineal de <strong>\u201cproducir-usar-desechar\u201d<\/strong>, busca reducir el impacto ambiental a trav\u00e9s de la reutilizaci\u00f3n, reciclaje, y la regeneraci\u00f3n de productos y materiales.<\/p>\n<h3>La Importancia de la Econom\u00eda Circular en la Moda y el Lujo<\/h3>\n<p><strong>1. Reducci\u00f3n del Impacto Ambiental: <\/strong>La industria de la moda es uno de los sectores m\u00e1s contaminantes del mundo. La adopci\u00f3n de un modelo circular ayuda a minimizar este impacto, reduciendo la cantidad de desechos y el uso de recursos naturales como agua y energ\u00eda.<\/p>\n<p><strong>2. Innovaci\u00f3n en Materiales y Procesos: <\/strong>La econom\u00eda circular incentiva la innovaci\u00f3n, promoviendo el uso de materiales reciclados y biodegradables, as\u00ed como procesos de producci\u00f3n m\u00e1s eficientes y limpios.<\/p><div id=\"luxon-839560009\" class=\"luxon-3er-parrafo luxon-entity-placement\" style=\"margin-top: 20px;margin-bottom: 20px;margin-left: auto;margin-right: auto;text-align: center;\"><a href=\"https:\/\/luxonomy.university\/course\/master-turismo-de-lujo\" target=\"_blank\" aria-label=\"master-turismo-lujo-2026-2027\"><img loading=\"lazy\" decoding=\"async\" src=\"https:\/\/i0.wp.com\/luxonomy.net\/wp-content\/uploads\/2020\/07\/master-turismo-lujo-2026-2027.jpg?fit=1672%2C941&#038;ssl=1\" alt=\"\"  srcset=\"https:\/\/i0.wp.com\/luxonomy.net\/wp-content\/uploads\/2020\/07\/master-turismo-lujo-2026-2027.jpg?w=1672&ssl=1 1672w, https:\/\/i0.wp.com\/luxonomy.net\/wp-content\/uploads\/2020\/07\/master-turismo-lujo-2026-2027.jpg?resize=300%2C169&ssl=1 300w, https:\/\/i0.wp.com\/luxonomy.net\/wp-content\/uploads\/2020\/07\/master-turismo-lujo-2026-2027.jpg?resize=1024%2C576&ssl=1 1024w, https:\/\/i0.wp.com\/luxonomy.net\/wp-content\/uploads\/2020\/07\/master-turismo-lujo-2026-2027.jpg?resize=768%2C432&ssl=1 768w, https:\/\/i0.wp.com\/luxonomy.net\/wp-content\/uploads\/2020\/07\/master-turismo-lujo-2026-2027.jpg?resize=1536%2C864&ssl=1 1536w, https:\/\/i0.wp.com\/luxonomy.net\/wp-content\/uploads\/2020\/07\/master-turismo-lujo-2026-2027.jpg?resize=370%2C208&ssl=1 370w, https:\/\/i0.wp.com\/luxonomy.net\/wp-content\/uploads\/2020\/07\/master-turismo-lujo-2026-2027.jpg?resize=800%2C450&ssl=1 800w, https:\/\/i0.wp.com\/luxonomy.net\/wp-content\/uploads\/2020\/07\/master-turismo-lujo-2026-2027.jpg?resize=20%2C11&ssl=1 20w, https:\/\/i0.wp.com\/luxonomy.net\/wp-content\/uploads\/2020\/07\/master-turismo-lujo-2026-2027.jpg?resize=740%2C416&ssl=1 740w, https:\/\/i0.wp.com\/luxonomy.net\/wp-content\/uploads\/2020\/07\/master-turismo-lujo-2026-2027.jpg?resize=1600%2C900&ssl=1 1600w, https:\/\/i0.wp.com\/luxonomy.net\/wp-content\/uploads\/2020\/07\/master-turismo-lujo-2026-2027.jpg?resize=1200%2C675&ssl=1 1200w, https:\/\/i0.wp.com\/luxonomy.net\/wp-content\/uploads\/2020\/07\/master-turismo-lujo-2026-2027.jpg?resize=85%2C48&ssl=1 85w\" sizes=\"(max-width: 1170px) 100vw, 1170px\" class=\"no-lazyload\" width=\"1672\" height=\"941\"   \/><\/a><\/div>\n<p><strong>3. Ampliaci\u00f3n de la Vida \u00datil de los Productos:<\/strong> En la moda circular, la durabilidad y la calidad son clave. Esto implica dise\u00f1ar productos pensados para durar m\u00e1s y ser f\u00e1cilmente reparables o modificables.<\/p>\n<h3>La Relevancia para el Consumidor Actual<\/h3>\n<p>En la actualidad, los consumidores est\u00e1n cada vez m\u00e1s informados y preocupados por los impactos ambientales y sociales de sus compras. Esto ha llevado a un cambio en las preferencias de compra:<\/p>\n<p><strong>1. Preferencia por Marcas Sostenibles: <\/strong>Los consumidores est\u00e1n optando por marcas que demuestran compromiso con la sostenibilidad, lo cual incluye pr\u00e1cticas de econom\u00eda circular.<\/p>\n<p><strong>2. Valoraci\u00f3n de la Transparencia y la Autenticidad: <\/strong>Los compradores valoran marcas que son transparentes sobre sus procesos de producci\u00f3n y origen de sus materiales.<\/p><div id=\"luxon-855366490\" class=\"luxon-7-parrafo luxon-entity-placement\" style=\"margin-top: 20px;margin-bottom: 20px;margin-left: auto;margin-right: auto;text-align: center;\"><a href=\"https:\/\/theintelligence.institute\/course\/inteligencia-artificial-para-directivos\" target=\"_blank\" aria-label=\"CSIAD_empresas_THEI_horizontal_4x3_v5\"><img loading=\"lazy\" decoding=\"async\" src=\"https:\/\/i0.wp.com\/luxonomy.net\/wp-content\/uploads\/2025\/08\/CSIAD_empresas_THEI_horizontal_4x3_v5.png?fit=2000%2C1500&#038;ssl=1\" alt=\"\"  srcset=\"https:\/\/i0.wp.com\/luxonomy.net\/wp-content\/uploads\/2025\/08\/CSIAD_empresas_THEI_horizontal_4x3_v5.png?w=2000&ssl=1 2000w, https:\/\/i0.wp.com\/luxonomy.net\/wp-content\/uploads\/2025\/08\/CSIAD_empresas_THEI_horizontal_4x3_v5.png?resize=300%2C225&ssl=1 300w, https:\/\/i0.wp.com\/luxonomy.net\/wp-content\/uploads\/2025\/08\/CSIAD_empresas_THEI_horizontal_4x3_v5.png?resize=1024%2C768&ssl=1 1024w, https:\/\/i0.wp.com\/luxonomy.net\/wp-content\/uploads\/2025\/08\/CSIAD_empresas_THEI_horizontal_4x3_v5.png?resize=768%2C576&ssl=1 768w, https:\/\/i0.wp.com\/luxonomy.net\/wp-content\/uploads\/2025\/08\/CSIAD_empresas_THEI_horizontal_4x3_v5.png?resize=1536%2C1152&ssl=1 1536w, https:\/\/i0.wp.com\/luxonomy.net\/wp-content\/uploads\/2025\/08\/CSIAD_empresas_THEI_horizontal_4x3_v5.png?resize=370%2C278&ssl=1 370w, https:\/\/i0.wp.com\/luxonomy.net\/wp-content\/uploads\/2025\/08\/CSIAD_empresas_THEI_horizontal_4x3_v5.png?resize=800%2C600&ssl=1 800w, https:\/\/i0.wp.com\/luxonomy.net\/wp-content\/uploads\/2025\/08\/CSIAD_empresas_THEI_horizontal_4x3_v5.png?resize=20%2C15&ssl=1 20w, https:\/\/i0.wp.com\/luxonomy.net\/wp-content\/uploads\/2025\/08\/CSIAD_empresas_THEI_horizontal_4x3_v5.png?resize=740%2C555&ssl=1 740w, https:\/\/i0.wp.com\/luxonomy.net\/wp-content\/uploads\/2025\/08\/CSIAD_empresas_THEI_horizontal_4x3_v5.png?resize=1600%2C1200&ssl=1 1600w, https:\/\/i0.wp.com\/luxonomy.net\/wp-content\/uploads\/2025\/08\/CSIAD_empresas_THEI_horizontal_4x3_v5.png?resize=1200%2C900&ssl=1 1200w, https:\/\/i0.wp.com\/luxonomy.net\/wp-content\/uploads\/2025\/08\/CSIAD_empresas_THEI_horizontal_4x3_v5.png?resize=64%2C48&ssl=1 64w\" sizes=\"(max-width: 1170px) 100vw, 1170px\" class=\"no-lazyload\" width=\"2000\" height=\"1500\"   \/><\/a><\/div>\n<p><strong>3. Inter\u00e9s en la Reventa y el Reciclaje: <\/strong>Existe un creciente inter\u00e9s en plataformas de reventa de lujo y en opciones para reciclar productos al final de su vida \u00fatil.<\/p>\n<h3>Desaf\u00edos y Oportunidades<\/h3>\n<p>A pesar de sus beneficios, la transici\u00f3n a una econom\u00eda circular en la moda y el lujo conlleva <strong>desaf\u00edos<\/strong>. Estos incluyen la necesidad de <strong>inversi\u00f3n en nuevas tecnolog\u00edas<\/strong>, la <strong>reeducaci\u00f3n<\/strong> de los consumidores y la <strong>reestructuraci\u00f3n<\/strong> de las cadenas de suministro. Sin embargo, las <strong>oportunidades<\/strong> son vastas, incluyendo la posibilidad de llegar a <strong>nuevos<\/strong> <strong>mercados<\/strong>, la innovaci\u00f3n en dise\u00f1o y la <strong>creaci\u00f3n de un valor de marca m\u00e1s fuerte y sostenible<\/strong>.<\/p>\n<p>La econom\u00eda circular <strong>no es solo una tendencia en la moda y el lujo<\/strong>, sino una <strong>necesidad en respuesta a los desaf\u00edos ambientales globales<\/strong>. Representa una <strong>oportunidad<\/strong> para que las marcas se <strong>reinventen<\/strong> y <strong>conecten con un consumidor cada vez m\u00e1s consciente y exigente.<\/strong> Adoptar este modelo no solo es beneficioso para el medio ambiente, sino que tambi\u00e9n puede ser un <strong>motor de innovaci\u00f3n, diferenciaci\u00f3n y crecimiento sostenible.<\/strong><\/p>\n","protected":false},"excerpt":{"rendered":"<p>En la \u00faltima d\u00e9cada, la industria de la moda y el lujo ha experimentado una evoluci\u00f3n significativa hacia pr\u00e1cticas m\u00e1s sostenibles, encarnadas en el concepto de la econom\u00eda circular. Este modelo, que se aleja del tradicional esquema lineal de \u201cproducir-usar-desechar\u201d, busca reducir el impacto ambiental a trav\u00e9s de la reutilizaci\u00f3n, reciclaje, y la regeneraci\u00f3n de&hellip;<\/p>\n","protected":false},"author":19,"featured_media":49696,"comment_status":"open","ping_status":"open","sticky":false,"template":"","format":"standard","meta":{"_jetpack_newsletter_access":"","_jetpack_dont_email_post_to_subs":false,"_jetpack_newsletter_tier_id":0,"_jetpack_memberships_contains_paywalled_content":false,"_jetpack_feature_clip_id":0,"_jetpack_memberships_contains_paid_content":false,"footnotes":"","jetpack_publicize_message":"","jetpack_publicize_feature_enabled":true,"jetpack_social_post_already_shared":true,"jetpack_social_options":{"image_generator_settings":{"template":"edge","default_image_id":0,"font":"","enabled":false},"version":2},"jetpack_post_was_ever_published":false},"categories":[688],"tags":[3341,6657],"thb-sponsors":[],"class_list":["post-49692","post","type-post","status-publish","format-standard","has-post-thumbnail","hentry","category-sostenibilidad","tag-economia-circular","tag-sustentabilidad"],"yoast_head":"<!-- This site is optimized with the Yoast SEO plugin v28.4 - https:\/\/yoast.com\/product\/yoast-seo-wordpress\/ -->\n<title>La econom\u00eda circular en la moda y el lujo: Transformando la Sustentabilidad en una Nueva Elegancia | LUXONOMY<\/title>\n<meta name=\"robots\" content=\"index, follow, max-snippet:-1, max-image-preview:large, max-video-preview:-1\" \/>\n<link rel=\"canonical\" href=\"https:\/\/luxonomy.net\/es\/la-economia-circular-en-la-moda-y-el-lujo-transformando-la-sustentabilidad-en-una-nueva-elegancia\/\" \/>\n<meta property=\"og:locale\" content=\"es_ES\" \/>\n<meta property=\"og:type\" content=\"article\" \/>\n<meta property=\"og:title\" content=\"La econom\u00eda circular en la moda y el lujo: Transformando la Sustentabilidad en una Nueva Elegancia | LUXONOMY\" \/>\n<meta property=\"og:description\" content=\"En la \u00faltima d\u00e9cada, la industria de la moda y el lujo ha experimentado una evoluci\u00f3n significativa hacia pr\u00e1cticas m\u00e1s sostenibles, encarnadas en el concepto de la econom\u00eda circular. Este modelo, que se aleja del tradicional esquema lineal de \u201cproducir-usar-desechar\u201d, busca reducir el impacto ambiental a trav\u00e9s de la reutilizaci\u00f3n, reciclaje, y la regeneraci\u00f3n de&hellip;\" \/>\n<meta property=\"og:url\" content=\"https:\/\/luxonomy.net\/es\/la-economia-circular-en-la-moda-y-el-lujo-transformando-la-sustentabilidad-en-una-nueva-elegancia\/\" \/>\n<meta property=\"og:site_name\" content=\"LUXONOMY\" \/>\n<meta property=\"article:publisher\" content=\"https:\/\/www.facebook.com\/luxonomy\" \/>\n<meta property=\"article:published_time\" content=\"2023-12-04T08:09:39+00:00\" \/>\n<meta property=\"article:modified_time\" content=\"2023-12-04T12:19:56+00:00\" \/>\n<meta property=\"og:image\" content=\"https:\/\/i0.wp.com\/luxonomy.net\/wp-content\/uploads\/2023\/12\/img_1695-1.jpg?fit=1080%2C810&quality=89&ssl=1\" \/>\n\t<meta property=\"og:image:width\" content=\"1080\" \/>\n\t<meta property=\"og:image:height\" content=\"810\" \/>\n\t<meta property=\"og:image:type\" content=\"image\/jpeg\" \/>\n<meta name=\"author\" content=\"Pablo Guti\u00e9rrez-Rav\u00e9 Villal\u00f3n\" \/>\n<meta name=\"twitter:card\" content=\"summary_large_image\" \/>\n<meta name=\"twitter:label1\" content=\"Escrito por\" \/>\n\t<meta name=\"twitter:data1\" content=\"Pablo Guti\u00e9rrez-Rav\u00e9 Villal\u00f3n\" \/>\n\t<meta name=\"twitter:label2\" content=\"Tiempo de lectura\" \/>\n\t<meta name=\"twitter:data2\" content=\"3 minutos\" \/>\n<script type=\"application\/ld+json\" class=\"yoast-schema-graph\">{\"@context\":\"https:\\\/\\\/schema.org\",\"@graph\":[{\"@type\":\"Article\",\"@id\":\"https:\\\/\\\/luxonomy.net\\\/es\\\/la-economia-circular-en-la-moda-y-el-lujo-transformando-la-sustentabilidad-en-una-nueva-elegancia\\\/#article\",\"isPartOf\":{\"@id\":\"https:\\\/\\\/luxonomy.net\\\/es\\\/la-economia-circular-en-la-moda-y-el-lujo-transformando-la-sustentabilidad-en-una-nueva-elegancia\\\/\"},\"author\":{\"name\":\"Pablo Guti\u00e9rrez-Rav\u00e9 Villal\u00f3n\",\"@id\":\"https:\\\/\\\/luxonomy.net\\\/es\\\/#\\\/schema\\\/person\\\/aca186356f30a813f61bbf19ba52c031\"},\"headline\":\"La econom\u00eda circular en la moda y el lujo: Transformando la Sustentabilidad en una Nueva Elegancia\",\"datePublished\":\"2023-12-04T08:09:39+00:00\",\"dateModified\":\"2023-12-04T12:19:56+00:00\",\"mainEntityOfPage\":{\"@id\":\"https:\\\/\\\/luxonomy.net\\\/es\\\/la-economia-circular-en-la-moda-y-el-lujo-transformando-la-sustentabilidad-en-una-nueva-elegancia\\\/\"},\"wordCount\":497,\"commentCount\":0,\"publisher\":{\"@id\":\"https:\\\/\\\/luxonomy.net\\\/es\\\/#organization\"},\"image\":{\"@id\":\"https:\\\/\\\/luxonomy.net\\\/es\\\/la-economia-circular-en-la-moda-y-el-lujo-transformando-la-sustentabilidad-en-una-nueva-elegancia\\\/#primaryimage\"},\"thumbnailUrl\":\"https:\\\/\\\/i0.wp.com\\\/luxonomy.net\\\/wp-content\\\/uploads\\\/2023\\\/12\\\/img_1695-1.jpg?fit=1080%2C810&ssl=1\",\"keywords\":[\"econom\u00eda circular\",\"sustentabilidad\"],\"articleSection\":[\"Sostenibilidad\"],\"inLanguage\":\"es\",\"potentialAction\":[{\"@type\":\"CommentAction\",\"name\":\"Comment\",\"target\":[\"https:\\\/\\\/luxonomy.net\\\/es\\\/la-economia-circular-en-la-moda-y-el-lujo-transformando-la-sustentabilidad-en-una-nueva-elegancia\\\/#respond\"]}]},{\"@type\":\"WebPage\",\"@id\":\"https:\\\/\\\/luxonomy.net\\\/es\\\/la-economia-circular-en-la-moda-y-el-lujo-transformando-la-sustentabilidad-en-una-nueva-elegancia\\\/\",\"url\":\"https:\\\/\\\/luxonomy.net\\\/es\\\/la-economia-circular-en-la-moda-y-el-lujo-transformando-la-sustentabilidad-en-una-nueva-elegancia\\\/\",\"name\":\"La econom\u00eda circular en la moda y el lujo: Transformando la Sustentabilidad en una Nueva Elegancia | LUXONOMY\",\"isPartOf\":{\"@id\":\"https:\\\/\\\/luxonomy.net\\\/es\\\/#website\"},\"primaryImageOfPage\":{\"@id\":\"https:\\\/\\\/luxonomy.net\\\/es\\\/la-economia-circular-en-la-moda-y-el-lujo-transformando-la-sustentabilidad-en-una-nueva-elegancia\\\/#primaryimage\"},\"image\":{\"@id\":\"https:\\\/\\\/luxonomy.net\\\/es\\\/la-economia-circular-en-la-moda-y-el-lujo-transformando-la-sustentabilidad-en-una-nueva-elegancia\\\/#primaryimage\"},\"thumbnailUrl\":\"https:\\\/\\\/i0.wp.com\\\/luxonomy.net\\\/wp-content\\\/uploads\\\/2023\\\/12\\\/img_1695-1.jpg?fit=1080%2C810&ssl=1\",\"datePublished\":\"2023-12-04T08:09:39+00:00\",\"dateModified\":\"2023-12-04T12:19:56+00:00\",\"breadcrumb\":{\"@id\":\"https:\\\/\\\/luxonomy.net\\\/es\\\/la-economia-circular-en-la-moda-y-el-lujo-transformando-la-sustentabilidad-en-una-nueva-elegancia\\\/#breadcrumb\"},\"inLanguage\":\"es\",\"potentialAction\":[{\"@type\":\"ReadAction\",\"target\":[\"https:\\\/\\\/luxonomy.net\\\/es\\\/la-economia-circular-en-la-moda-y-el-lujo-transformando-la-sustentabilidad-en-una-nueva-elegancia\\\/\"]}]},{\"@type\":\"ImageObject\",\"inLanguage\":\"es\",\"@id\":\"https:\\\/\\\/luxonomy.net\\\/es\\\/la-economia-circular-en-la-moda-y-el-lujo-transformando-la-sustentabilidad-en-una-nueva-elegancia\\\/#primaryimage\",\"url\":\"https:\\\/\\\/i0.wp.com\\\/luxonomy.net\\\/wp-content\\\/uploads\\\/2023\\\/12\\\/img_1695-1.jpg?fit=1080%2C810&ssl=1\",\"contentUrl\":\"https:\\\/\\\/i0.wp.com\\\/luxonomy.net\\\/wp-content\\\/uploads\\\/2023\\\/12\\\/img_1695-1.jpg?fit=1080%2C810&ssl=1\",\"width\":1080,\"height\":810},{\"@type\":\"BreadcrumbList\",\"@id\":\"https:\\\/\\\/luxonomy.net\\\/es\\\/la-economia-circular-en-la-moda-y-el-lujo-transformando-la-sustentabilidad-en-una-nueva-elegancia\\\/#breadcrumb\",\"itemListElement\":[{\"@type\":\"ListItem\",\"position\":1,\"name\":\"Portada\",\"item\":\"https:\\\/\\\/luxonomy.net\\\/es\\\/\"},{\"@type\":\"ListItem\",\"position\":2,\"name\":\"La econom\u00eda circular en la moda y el lujo: Transformando la Sustentabilidad en una Nueva Elegancia\"}]},{\"@type\":\"WebSite\",\"@id\":\"https:\\\/\\\/luxonomy.net\\\/es\\\/#website\",\"url\":\"https:\\\/\\\/luxonomy.net\\\/es\\\/\",\"name\":\"LUXONOMY\",\"description\":\"The Economy of Fashion &amp; Luxury\",\"publisher\":{\"@id\":\"https:\\\/\\\/luxonomy.net\\\/es\\\/#organization\"},\"potentialAction\":[{\"@type\":\"SearchAction\",\"target\":{\"@type\":\"EntryPoint\",\"urlTemplate\":\"https:\\\/\\\/luxonomy.net\\\/es\\\/?s={search_term_string}\"},\"query-input\":{\"@type\":\"PropertyValueSpecification\",\"valueRequired\":true,\"valueName\":\"search_term_string\"}}],\"inLanguage\":\"es\"},{\"@type\":\"Organization\",\"@id\":\"https:\\\/\\\/luxonomy.net\\\/es\\\/#organization\",\"name\":\"LUXONOMY\",\"url\":\"https:\\\/\\\/luxonomy.net\\\/es\\\/\",\"logo\":{\"@type\":\"ImageObject\",\"inLanguage\":\"es\",\"@id\":\"https:\\\/\\\/luxonomy.net\\\/es\\\/#\\\/schema\\\/logo\\\/image\\\/\",\"url\":\"https:\\\/\\\/i2.wp.com\\\/luxonomy.net\\\/wp-content\\\/uploads\\\/2021\\\/09\\\/MOCKUP-TODOS-LUXONOMY.jpg?fit=1000%2C515&ssl=1\",\"contentUrl\":\"https:\\\/\\\/i2.wp.com\\\/luxonomy.net\\\/wp-content\\\/uploads\\\/2021\\\/09\\\/MOCKUP-TODOS-LUXONOMY.jpg?fit=1000%2C515&ssl=1\",\"width\":1000,\"height\":515,\"caption\":\"LUXONOMY\"},\"image\":{\"@id\":\"https:\\\/\\\/luxonomy.net\\\/es\\\/#\\\/schema\\\/logo\\\/image\\\/\"},\"sameAs\":[\"https:\\\/\\\/www.facebook.com\\\/luxonomy\",\"https:\\\/\\\/www.instagram.com\\\/luxonomy\\\/\",\"https:\\\/\\\/www.linkedin.com\\\/company\\\/luxonomy\\\/\"]},{\"@type\":\"Person\",\"@id\":\"https:\\\/\\\/luxonomy.net\\\/es\\\/#\\\/schema\\\/person\\\/aca186356f30a813f61bbf19ba52c031\",\"name\":\"Pablo Guti\u00e9rrez-Rav\u00e9 Villal\u00f3n\",\"image\":{\"@type\":\"ImageObject\",\"inLanguage\":\"es\",\"@id\":\"https:\\\/\\\/luxonomy.net\\\/wp-content\\\/litespeed\\\/avatar\\\/b80839bcd1d7840754b71e72cad801ce.jpg?ver=1788213692\",\"url\":\"https:\\\/\\\/luxonomy.net\\\/wp-content\\\/litespeed\\\/avatar\\\/b80839bcd1d7840754b71e72cad801ce.jpg?ver=1788213692\",\"contentUrl\":\"https:\\\/\\\/luxonomy.net\\\/wp-content\\\/litespeed\\\/avatar\\\/b80839bcd1d7840754b71e72cad801ce.jpg?ver=1788213692\",\"caption\":\"Pablo Guti\u00e9rrez-Rav\u00e9 Villal\u00f3n\"},\"description\":\"president LUXONOMY\u2122 Group\",\"sameAs\":[\"https:\\\/\\\/www.linkedin.com\\\/in\\\/pablogutierrezrave\\\/\"],\"url\":\"https:\\\/\\\/luxonomy.net\\\/es\\\/author\\\/pablo\\\/\"}]}<\/script>\n<!-- \/ Yoast SEO plugin. -->","yoast_head_json":{"title":"La econom\u00eda circular en la moda y el lujo: Transformando la Sustentabilidad en una Nueva Elegancia | LUXONOMY","robots":{"index":"index","follow":"follow","max-snippet":"max-snippet:-1","max-image-preview":"max-image-preview:large","max-video-preview":"max-video-preview:-1"},"canonical":"https:\/\/luxonomy.net\/es\/la-economia-circular-en-la-moda-y-el-lujo-transformando-la-sustentabilidad-en-una-nueva-elegancia\/","og_locale":"es_ES","og_type":"article","og_title":"La econom\u00eda circular en la moda y el lujo: Transformando la Sustentabilidad en una Nueva Elegancia | LUXONOMY","og_description":"En la \u00faltima d\u00e9cada, la industria de la moda y el lujo ha experimentado una evoluci\u00f3n significativa hacia pr\u00e1cticas m\u00e1s sostenibles, encarnadas en el concepto de la econom\u00eda circular. Este modelo, que se aleja del tradicional esquema lineal de \u201cproducir-usar-desechar\u201d, busca reducir el impacto ambiental a trav\u00e9s de la reutilizaci\u00f3n, reciclaje, y la regeneraci\u00f3n de&hellip;","og_url":"https:\/\/luxonomy.net\/es\/la-economia-circular-en-la-moda-y-el-lujo-transformando-la-sustentabilidad-en-una-nueva-elegancia\/","og_site_name":"LUXONOMY","article_publisher":"https:\/\/www.facebook.com\/luxonomy","article_published_time":"2023-12-04T08:09:39+00:00","article_modified_time":"2023-12-04T12:19:56+00:00","og_image":[{"width":1080,"height":810,"url":"https:\/\/i0.wp.com\/luxonomy.net\/wp-content\/uploads\/2023\/12\/img_1695-1.jpg?fit=1080%2C810&quality=89&ssl=1","type":"image\/jpeg"}],"author":"Pablo Guti\u00e9rrez-Rav\u00e9 Villal\u00f3n","twitter_card":"summary_large_image","twitter_misc":{"Escrito por":"Pablo Guti\u00e9rrez-Rav\u00e9 Villal\u00f3n","Tiempo de lectura":"3 minutos"},"schema":{"@context":"https:\/\/schema.org","@graph":[{"@type":"Article","@id":"https:\/\/luxonomy.net\/es\/la-economia-circular-en-la-moda-y-el-lujo-transformando-la-sustentabilidad-en-una-nueva-elegancia\/#article","isPartOf":{"@id":"https:\/\/luxonomy.net\/es\/la-economia-circular-en-la-moda-y-el-lujo-transformando-la-sustentabilidad-en-una-nueva-elegancia\/"},"author":{"name":"Pablo Guti\u00e9rrez-Rav\u00e9 Villal\u00f3n","@id":"https:\/\/luxonomy.net\/es\/#\/schema\/person\/aca186356f30a813f61bbf19ba52c031"},"headline":"La econom\u00eda circular en la moda y el lujo: Transformando la Sustentabilidad en una Nueva Elegancia","datePublished":"2023-12-04T08:09:39+00:00","dateModified":"2023-12-04T12:19:56+00:00","mainEntityOfPage":{"@id":"https:\/\/luxonomy.net\/es\/la-economia-circular-en-la-moda-y-el-lujo-transformando-la-sustentabilidad-en-una-nueva-elegancia\/"},"wordCount":497,"commentCount":0,"publisher":{"@id":"https:\/\/luxonomy.net\/es\/#organization"},"image":{"@id":"https:\/\/luxonomy.net\/es\/la-economia-circular-en-la-moda-y-el-lujo-transformando-la-sustentabilidad-en-una-nueva-elegancia\/#primaryimage"},"thumbnailUrl":"https:\/\/i0.wp.com\/luxonomy.net\/wp-content\/uploads\/2023\/12\/img_1695-1.jpg?fit=1080%2C810&ssl=1","keywords":["econom\u00eda circular","sustentabilidad"],"articleSection":["Sostenibilidad"],"inLanguage":"es","potentialAction":[{"@type":"CommentAction","name":"Comment","target":["https:\/\/luxonomy.net\/es\/la-economia-circular-en-la-moda-y-el-lujo-transformando-la-sustentabilidad-en-una-nueva-elegancia\/#respond"]}]},{"@type":"WebPage","@id":"https:\/\/luxonomy.net\/es\/la-economia-circular-en-la-moda-y-el-lujo-transformando-la-sustentabilidad-en-una-nueva-elegancia\/","url":"https:\/\/luxonomy.net\/es\/la-economia-circular-en-la-moda-y-el-lujo-transformando-la-sustentabilidad-en-una-nueva-elegancia\/","name":"La econom\u00eda circular en la moda y el lujo: Transformando la Sustentabilidad en una Nueva Elegancia | LUXONOMY","isPartOf":{"@id":"https:\/\/luxonomy.net\/es\/#website"},"primaryImageOfPage":{"@id":"https:\/\/luxonomy.net\/es\/la-economia-circular-en-la-moda-y-el-lujo-transformando-la-sustentabilidad-en-una-nueva-elegancia\/#primaryimage"},"image":{"@id":"https:\/\/luxonomy.net\/es\/la-economia-circular-en-la-moda-y-el-lujo-transformando-la-sustentabilidad-en-una-nueva-elegancia\/#primaryimage"},"thumbnailUrl":"https:\/\/i0.wp.com\/luxonomy.net\/wp-content\/uploads\/2023\/12\/img_1695-1.jpg?fit=1080%2C810&ssl=1","datePublished":"2023-12-04T08:09:39+00:00","dateModified":"2023-12-04T12:19:56+00:00","breadcrumb":{"@id":"https:\/\/luxonomy.net\/es\/la-economia-circular-en-la-moda-y-el-lujo-transformando-la-sustentabilidad-en-una-nueva-elegancia\/#breadcrumb"},"inLanguage":"es","potentialAction":[{"@type":"ReadAction","target":["https:\/\/luxonomy.net\/es\/la-economia-circular-en-la-moda-y-el-lujo-transformando-la-sustentabilidad-en-una-nueva-elegancia\/"]}]},{"@type":"ImageObject","inLanguage":"es","@id":"https:\/\/luxonomy.net\/es\/la-economia-circular-en-la-moda-y-el-lujo-transformando-la-sustentabilidad-en-una-nueva-elegancia\/#primaryimage","url":"https:\/\/i0.wp.com\/luxonomy.net\/wp-content\/uploads\/2023\/12\/img_1695-1.jpg?fit=1080%2C810&ssl=1","contentUrl":"https:\/\/i0.wp.com\/luxonomy.net\/wp-content\/uploads\/2023\/12\/img_1695-1.jpg?fit=1080%2C810&ssl=1","width":1080,"height":810},{"@type":"BreadcrumbList","@id":"https:\/\/luxonomy.net\/es\/la-economia-circular-en-la-moda-y-el-lujo-transformando-la-sustentabilidad-en-una-nueva-elegancia\/#breadcrumb","itemListElement":[{"@type":"ListItem","position":1,"name":"Portada","item":"https:\/\/luxonomy.net\/es\/"},{"@type":"ListItem","position":2,"name":"La econom\u00eda circular en la moda y el lujo: Transformando la Sustentabilidad en una Nueva Elegancia"}]},{"@type":"WebSite","@id":"https:\/\/luxonomy.net\/es\/#website","url":"https:\/\/luxonomy.net\/es\/","name":"LUXONOMY","description":"The Economy of Fashion &amp; Luxury","publisher":{"@id":"https:\/\/luxonomy.net\/es\/#organization"},"potentialAction":[{"@type":"SearchAction","target":{"@type":"EntryPoint","urlTemplate":"https:\/\/luxonomy.net\/es\/?s={search_term_string}"},"query-input":{"@type":"PropertyValueSpecification","valueRequired":true,"valueName":"search_term_string"}}],"inLanguage":"es"},{"@type":"Organization","@id":"https:\/\/luxonomy.net\/es\/#organization","name":"LUXONOMY","url":"https:\/\/luxonomy.net\/es\/","logo":{"@type":"ImageObject","inLanguage":"es","@id":"https:\/\/luxonomy.net\/es\/#\/schema\/logo\/image\/","url":"https:\/\/i2.wp.com\/luxonomy.net\/wp-content\/uploads\/2021\/09\/MOCKUP-TODOS-LUXONOMY.jpg?fit=1000%2C515&ssl=1","contentUrl":"https:\/\/i2.wp.com\/luxonomy.net\/wp-content\/uploads\/2021\/09\/MOCKUP-TODOS-LUXONOMY.jpg?fit=1000%2C515&ssl=1","width":1000,"height":515,"caption":"LUXONOMY"},"image":{"@id":"https:\/\/luxonomy.net\/es\/#\/schema\/logo\/image\/"},"sameAs":["https:\/\/www.facebook.com\/luxonomy","https:\/\/www.instagram.com\/luxonomy\/","https:\/\/www.linkedin.com\/company\/luxonomy\/"]},{"@type":"Person","@id":"https:\/\/luxonomy.net\/es\/#\/schema\/person\/aca186356f30a813f61bbf19ba52c031","name":"Pablo Guti\u00e9rrez-Rav\u00e9 Villal\u00f3n","image":{"@type":"ImageObject","inLanguage":"es","@id":"https:\/\/luxonomy.net\/wp-content\/litespeed\/avatar\/b80839bcd1d7840754b71e72cad801ce.jpg?ver=1788213692","url":"https:\/\/luxonomy.net\/wp-content\/litespeed\/avatar\/b80839bcd1d7840754b71e72cad801ce.jpg?ver=1788213692","contentUrl":"https:\/\/luxonomy.net\/wp-content\/litespeed\/avatar\/b80839bcd1d7840754b71e72cad801ce.jpg?ver=1788213692","caption":"Pablo Guti\u00e9rrez-Rav\u00e9 Villal\u00f3n"},"description":"president LUXONOMY\u2122 Group","sameAs":["https:\/\/www.linkedin.com\/in\/pablogutierrezrave\/"],"url":"https:\/\/luxonomy.net\/es\/author\/pablo\/"}]}},"jetpack_publicize_connections":[],"jetpack_shortlink":"https:\/\/wp.me\/paPhBa-cVu","jetpack_sharing_enabled":true,"jetpack_featured_media_url":"https:\/\/i0.wp.com\/luxonomy.net\/wp-content\/uploads\/2023\/12\/img_1695-1.jpg?fit=1080%2C810&ssl=1","_links":{"self":[{"href":"https:\/\/luxonomy.net\/es\/wp-json\/wp\/v2\/posts\/49692","targetHints":{"allow":["GET"]}}],"collection":[{"href":"https:\/\/luxonomy.net\/es\/wp-json\/wp\/v2\/posts"}],"about":[{"href":"https:\/\/luxonomy.net\/es\/wp-json\/wp\/v2\/types\/post"}],"author":[{"embeddable":true,"href":"https:\/\/luxonomy.net\/es\/wp-json\/wp\/v2\/users\/19"}],"replies":[{"embeddable":true,"href":"https:\/\/luxonomy.net\/es\/wp-json\/wp\/v2\/comments?post=49692"}],"version-history":[{"count":4,"href":"https:\/\/luxonomy.net\/es\/wp-json\/wp\/v2\/posts\/49692\/revisions"}],"predecessor-version":[{"id":49706,"href":"https:\/\/luxonomy.net\/es\/wp-json\/wp\/v2\/posts\/49692\/revisions\/49706"}],"wp:featuredmedia":[{"embeddable":true,"href":"https:\/\/luxonomy.net\/es\/wp-json\/wp\/v2\/media\/49696"}],"wp:attachment":[{"href":"https:\/\/luxonomy.net\/es\/wp-json\/wp\/v2\/media?parent=49692"}],"wp:term":[{"taxonomy":"category","embeddable":true,"href":"https:\/\/luxonomy.net\/es\/wp-json\/wp\/v2\/categories?post=49692"},{"taxonomy":"post_tag","embeddable":true,"href":"https:\/\/luxonomy.net\/es\/wp-json\/wp\/v2\/tags?post=49692"},{"taxonomy":"thb-sponsors","embeddable":true,"href":"https:\/\/luxonomy.net\/es\/wp-json\/wp\/v2\/thb-sponsors?post=49692"}],"curies":[{"name":"wp","href":"https:\/\/api.w.org\/{rel}","templated":true}]}}