{"id":49576,"date":"2023-11-26T22:54:31","date_gmt":"2023-11-26T21:54:31","guid":{"rendered":"https:\/?p=49576"},"modified":"2023-11-26T23:02:32","modified_gmt":"2023-11-26T22:02:32","slug":"la-escasez-del-tiempo-y-el-valor-del-lujo","status":"publish","type":"post","link":"https:\/\/luxonomy.net\/es\/la-escasez-del-tiempo-y-el-valor-del-lujo\/","title":{"rendered":"La Escasez del Tiempo y el Valor del Lujo"},"content":{"rendered":"<p>La <strong>relaci\u00f3n entre el tiempo y el lujo<\/strong> es un tema recurrente del que siempre hablamos y hoy me atrevo a analizar. En este art\u00edculo, explorar\u00e9 c\u00f3mo el <strong>tiempo<\/strong>, un recurso no renovable y universalmente limitado, se ha convertido en un <strong>componente central en la percepci\u00f3n y el valor del lujo<\/strong>.<\/p>\n<h2>La Escasez del Tiempo y el Valor del Lujo<\/h2>\n<p>En <strong>econom\u00eda<\/strong>, el <strong>lujo<\/strong> se define a menudo por su escasez y exclusividad. El <strong>tiempo<\/strong>, inherente a su naturaleza, es intr\u00ednsecamente escaso y no se puede producir m\u00e1s. Esta escasez hace que <strong>el tiempo sea un bien precioso en s\u00ed mismo<\/strong>. En el mundo del lujo, el tiempo se manifiesta de dos maneras principales: el <strong>tiempo invertido en la creaci\u00f3n<\/strong> de un bien de lujo y el <strong>tiempo que uno puede disfrutar<\/strong> debido a la posesi\u00f3n de dicho bien.<\/p>\n<h2>El Tiempo en la Creaci\u00f3n del Lujo<\/h2>\n<p>Los bienes de lujo a menudo requieren un tiempo considerable para su creaci\u00f3n. Este tiempo representa no solo <strong>horas de trabajo<\/strong>, sino tambi\u00e9n la <strong>acumulaci\u00f3n de habilidades y experiencia<\/strong>.<\/p><div id=\"luxon-955453495\" class=\"luxon-3er-parrafo luxon-entity-placement\" style=\"margin-top: 20px;margin-bottom: 20px;margin-left: auto;margin-right: auto;text-align: center;\"><a href=\"https:\/\/luxonomy.university\/course\/master-turismo-de-lujo\" target=\"_blank\" aria-label=\"master-turismo-lujo-2026-2027\"><img loading=\"lazy\" decoding=\"async\" src=\"https:\/\/i0.wp.com\/luxonomy.net\/wp-content\/uploads\/2020\/07\/master-turismo-lujo-2026-2027.jpg?fit=1672%2C941&#038;ssl=1\" alt=\"\"  srcset=\"https:\/\/i0.wp.com\/luxonomy.net\/wp-content\/uploads\/2020\/07\/master-turismo-lujo-2026-2027.jpg?w=1672&ssl=1 1672w, https:\/\/i0.wp.com\/luxonomy.net\/wp-content\/uploads\/2020\/07\/master-turismo-lujo-2026-2027.jpg?resize=300%2C169&ssl=1 300w, https:\/\/i0.wp.com\/luxonomy.net\/wp-content\/uploads\/2020\/07\/master-turismo-lujo-2026-2027.jpg?resize=1024%2C576&ssl=1 1024w, https:\/\/i0.wp.com\/luxonomy.net\/wp-content\/uploads\/2020\/07\/master-turismo-lujo-2026-2027.jpg?resize=768%2C432&ssl=1 768w, https:\/\/i0.wp.com\/luxonomy.net\/wp-content\/uploads\/2020\/07\/master-turismo-lujo-2026-2027.jpg?resize=1536%2C864&ssl=1 1536w, https:\/\/i0.wp.com\/luxonomy.net\/wp-content\/uploads\/2020\/07\/master-turismo-lujo-2026-2027.jpg?resize=370%2C208&ssl=1 370w, https:\/\/i0.wp.com\/luxonomy.net\/wp-content\/uploads\/2020\/07\/master-turismo-lujo-2026-2027.jpg?resize=800%2C450&ssl=1 800w, https:\/\/i0.wp.com\/luxonomy.net\/wp-content\/uploads\/2020\/07\/master-turismo-lujo-2026-2027.jpg?resize=20%2C11&ssl=1 20w, https:\/\/i0.wp.com\/luxonomy.net\/wp-content\/uploads\/2020\/07\/master-turismo-lujo-2026-2027.jpg?resize=740%2C416&ssl=1 740w, https:\/\/i0.wp.com\/luxonomy.net\/wp-content\/uploads\/2020\/07\/master-turismo-lujo-2026-2027.jpg?resize=1600%2C900&ssl=1 1600w, https:\/\/i0.wp.com\/luxonomy.net\/wp-content\/uploads\/2020\/07\/master-turismo-lujo-2026-2027.jpg?resize=1200%2C675&ssl=1 1200w, https:\/\/i0.wp.com\/luxonomy.net\/wp-content\/uploads\/2020\/07\/master-turismo-lujo-2026-2027.jpg?resize=85%2C48&ssl=1 85w\" sizes=\"(max-width: 1170px) 100vw, 1170px\" class=\"no-lazyload\" width=\"1672\" height=\"941\"   \/><\/a><\/div>\n<p>Por ejemplo, un reloj de lujo no es solo un dispositivo para medir el tiempo; es el resultado de incontables <strong>horas de artesan\u00eda experta<\/strong>. Este aspecto del tiempo aumenta el valor percibido del lujo, enfatizando la habilidad, la dedicaci\u00f3n y la atenci\u00f3n al detalle.<\/p>\n<h2>El Tiempo como un Lujo en S\u00ed Mismo<\/h2>\n<p>En una <strong>sociedad donde el ritmo de vida es cada vez m\u00e1s r\u00e1pido<\/strong> y el tiempo libre se ha convertido en un bien escaso, <strong>poder disfrutar del tiempo libre se ha transformado en un lujo<\/strong>.<\/p>\n<p>Las experiencias de lujo, como vacaciones exclusivas o retiros, venden m\u00e1s que solo placer; <strong>venden tiempo desconectado<\/strong> de las demandas cotidianas, tiempo para uno mismo o con seres queridos.<\/p>\n<p>Aqu\u00ed, <strong>el lujo se convierte en la capacidad de controlar, disfrutar y maximizar el propio tiempo.<\/strong><\/p><div id=\"luxon-3498355173\" class=\"luxon-7-parrafo luxon-entity-placement\" style=\"margin-top: 20px;margin-bottom: 20px;margin-left: auto;margin-right: auto;text-align: center;\"><a href=\"https:\/\/theintelligence.institute\/course\/inteligencia-artificial-para-directivos\" target=\"_blank\" aria-label=\"CSIAD_empresas_THEI_horizontal_4x3_v5\"><img loading=\"lazy\" decoding=\"async\" src=\"https:\/\/i0.wp.com\/luxonomy.net\/wp-content\/uploads\/2025\/08\/CSIAD_empresas_THEI_horizontal_4x3_v5.png?fit=2000%2C1500&#038;ssl=1\" alt=\"\"  srcset=\"https:\/\/i0.wp.com\/luxonomy.net\/wp-content\/uploads\/2025\/08\/CSIAD_empresas_THEI_horizontal_4x3_v5.png?w=2000&ssl=1 2000w, https:\/\/i0.wp.com\/luxonomy.net\/wp-content\/uploads\/2025\/08\/CSIAD_empresas_THEI_horizontal_4x3_v5.png?resize=300%2C225&ssl=1 300w, https:\/\/i0.wp.com\/luxonomy.net\/wp-content\/uploads\/2025\/08\/CSIAD_empresas_THEI_horizontal_4x3_v5.png?resize=1024%2C768&ssl=1 1024w, https:\/\/i0.wp.com\/luxonomy.net\/wp-content\/uploads\/2025\/08\/CSIAD_empresas_THEI_horizontal_4x3_v5.png?resize=768%2C576&ssl=1 768w, https:\/\/i0.wp.com\/luxonomy.net\/wp-content\/uploads\/2025\/08\/CSIAD_empresas_THEI_horizontal_4x3_v5.png?resize=1536%2C1152&ssl=1 1536w, https:\/\/i0.wp.com\/luxonomy.net\/wp-content\/uploads\/2025\/08\/CSIAD_empresas_THEI_horizontal_4x3_v5.png?resize=370%2C278&ssl=1 370w, https:\/\/i0.wp.com\/luxonomy.net\/wp-content\/uploads\/2025\/08\/CSIAD_empresas_THEI_horizontal_4x3_v5.png?resize=800%2C600&ssl=1 800w, https:\/\/i0.wp.com\/luxonomy.net\/wp-content\/uploads\/2025\/08\/CSIAD_empresas_THEI_horizontal_4x3_v5.png?resize=20%2C15&ssl=1 20w, https:\/\/i0.wp.com\/luxonomy.net\/wp-content\/uploads\/2025\/08\/CSIAD_empresas_THEI_horizontal_4x3_v5.png?resize=740%2C555&ssl=1 740w, https:\/\/i0.wp.com\/luxonomy.net\/wp-content\/uploads\/2025\/08\/CSIAD_empresas_THEI_horizontal_4x3_v5.png?resize=1600%2C1200&ssl=1 1600w, https:\/\/i0.wp.com\/luxonomy.net\/wp-content\/uploads\/2025\/08\/CSIAD_empresas_THEI_horizontal_4x3_v5.png?resize=1200%2C900&ssl=1 1200w, https:\/\/i0.wp.com\/luxonomy.net\/wp-content\/uploads\/2025\/08\/CSIAD_empresas_THEI_horizontal_4x3_v5.png?resize=64%2C48&ssl=1 64w\" sizes=\"(max-width: 1170px) 100vw, 1170px\" class=\"no-lazyload\" width=\"2000\" height=\"1500\"   \/><\/a><\/div>\n<h2>Sobre el Tiempo y el Lujo<\/h2>\n<p>Desde una perspectiva filos\u00f3fica, <strong>el tiempo y el lujo se entrelazan en la b\u00fasqueda humana de significado y felicidad<\/strong>.<\/p>\n<p>El lujo no solo se trata de la <strong>posesi\u00f3n<\/strong> de bienes materiales, sino tambi\u00e9n de la <strong>calidad<\/strong> de las experiencias y los momentos vividos.<\/p>\n<p>En este sentido, el <strong>lujo verdadero<\/strong> podr\u00eda interpretarse como la <strong>capacidad de vivir el tiempo de manera plena y consciente, lejos de las preocupaciones materiales<\/strong>.<\/p>\n<p>El <strong>tiempo<\/strong> es un elemento fundamental en la <strong>comprensi\u00f3n y apreciaci\u00f3n del lujo<\/strong>. No se trata solo de bienes tangibles y costosos, sino de la calidad y la profundidad de las experiencias humanas. <strong>En un mundo donde el tiempo es cada vez m\u00e1s precioso, su relaci\u00f3n con el lujo adquiere una dimensi\u00f3n nueva y m\u00e1s profunda<\/strong>, invit\u00e1ndonos a reflexionar sobre lo que realmente valoramos y c\u00f3mo elegimos pasar nuestro <strong>tiempo limitado<\/strong>.<\/p>\n","protected":false},"excerpt":{"rendered":"<p>La relaci\u00f3n entre el tiempo y el lujo es un tema recurrente del que siempre hablamos y hoy me atrevo a analizar. En este art\u00edculo, explorar\u00e9 c\u00f3mo el tiempo, un recurso no renovable y universalmente limitado, se ha convertido en un componente central en la percepci\u00f3n y el valor del lujo. La Escasez del Tiempo&hellip;<\/p>\n","protected":false},"author":19,"featured_media":49579,"comment_status":"open","ping_status":"open","sticky":false,"template":"","format":"standard","meta":{"_jetpack_newsletter_access":"","_jetpack_dont_email_post_to_subs":false,"_jetpack_newsletter_tier_id":0,"_jetpack_memberships_contains_paywalled_content":false,"_jetpack_feature_clip_id":0,"_jetpack_memberships_contains_paid_content":false,"footnotes":"","jetpack_publicize_message":"","jetpack_publicize_feature_enabled":true,"jetpack_social_post_already_shared":true,"jetpack_social_options":{"image_generator_settings":{"template":"edge","default_image_id":0,"font":"","enabled":false},"version":2},"jetpack_post_was_ever_published":false},"categories":[817],"tags":[1501,6649],"thb-sponsors":[],"class_list":["post-49576","post","type-post","status-publish","format-standard","has-post-thumbnail","hentry","category-formacion","tag-lujo","tag-tiempo"],"yoast_head":"<!-- This site is optimized with the Yoast SEO plugin v28.4 - https:\/\/yoast.com\/product\/yoast-seo-wordpress\/ -->\n<title>La Escasez del Tiempo y el Valor del Lujo | LUXONOMY<\/title>\n<meta name=\"robots\" content=\"index, follow, max-snippet:-1, max-image-preview:large, max-video-preview:-1\" \/>\n<link rel=\"canonical\" href=\"https:\/\/luxonomy.net\/es\/la-escasez-del-tiempo-y-el-valor-del-lujo\/\" \/>\n<meta property=\"og:locale\" content=\"es_ES\" \/>\n<meta property=\"og:type\" content=\"article\" \/>\n<meta property=\"og:title\" content=\"La Escasez del Tiempo y el Valor del Lujo | LUXONOMY\" \/>\n<meta property=\"og:description\" content=\"La relaci\u00f3n entre el tiempo y el lujo es un tema recurrente del que siempre hablamos y hoy me atrevo a analizar. En este art\u00edculo, explorar\u00e9 c\u00f3mo el tiempo, un recurso no renovable y universalmente limitado, se ha convertido en un componente central en la percepci\u00f3n y el valor del lujo. La Escasez del Tiempo&hellip;\" \/>\n<meta property=\"og:url\" content=\"https:\/\/luxonomy.net\/es\/la-escasez-del-tiempo-y-el-valor-del-lujo\/\" \/>\n<meta property=\"og:site_name\" content=\"LUXONOMY\" \/>\n<meta property=\"article:publisher\" content=\"https:\/\/www.facebook.com\/luxonomy\" \/>\n<meta property=\"article:published_time\" content=\"2023-11-26T21:54:31+00:00\" \/>\n<meta property=\"article:modified_time\" content=\"2023-11-26T22:02:32+00:00\" \/>\n<meta property=\"og:image\" content=\"https:\/\/i0.wp.com\/luxonomy.net\/wp-content\/uploads\/2023\/11\/img_1636-1-scaled.jpg?fit=2560%2C1707&quality=89&ssl=1\" \/>\n\t<meta property=\"og:image:width\" content=\"2560\" \/>\n\t<meta property=\"og:image:height\" content=\"1707\" \/>\n\t<meta property=\"og:image:type\" content=\"image\/jpeg\" \/>\n<meta name=\"author\" content=\"Pablo Guti\u00e9rrez-Rav\u00e9 Villal\u00f3n\" \/>\n<meta name=\"twitter:card\" content=\"summary_large_image\" \/>\n<meta name=\"twitter:label1\" content=\"Escrito por\" \/>\n\t<meta name=\"twitter:data1\" content=\"Pablo Guti\u00e9rrez-Rav\u00e9 Villal\u00f3n\" \/>\n\t<meta name=\"twitter:label2\" content=\"Tiempo de lectura\" \/>\n\t<meta name=\"twitter:data2\" content=\"2 minutos\" \/>\n<script type=\"application\/ld+json\" class=\"yoast-schema-graph\">{\"@context\":\"https:\\\/\\\/schema.org\",\"@graph\":[{\"@type\":\"Article\",\"@id\":\"https:\\\/\\\/luxonomy.net\\\/es\\\/la-escasez-del-tiempo-y-el-valor-del-lujo\\\/#article\",\"isPartOf\":{\"@id\":\"https:\\\/\\\/luxonomy.net\\\/es\\\/la-escasez-del-tiempo-y-el-valor-del-lujo\\\/\"},\"author\":{\"name\":\"Pablo Guti\u00e9rrez-Rav\u00e9 Villal\u00f3n\",\"@id\":\"https:\\\/\\\/luxonomy.net\\\/es\\\/#\\\/schema\\\/person\\\/946f96026a12fb240997712bcc85943b\"},\"headline\":\"La Escasez del Tiempo y el Valor del Lujo\",\"datePublished\":\"2023-11-26T21:54:31+00:00\",\"dateModified\":\"2023-11-26T22:02:32+00:00\",\"mainEntityOfPage\":{\"@id\":\"https:\\\/\\\/luxonomy.net\\\/es\\\/la-escasez-del-tiempo-y-el-valor-del-lujo\\\/\"},\"wordCount\":489,\"commentCount\":0,\"publisher\":{\"@id\":\"https:\\\/\\\/luxonomy.net\\\/es\\\/#organization\"},\"image\":{\"@id\":\"https:\\\/\\\/luxonomy.net\\\/es\\\/la-escasez-del-tiempo-y-el-valor-del-lujo\\\/#primaryimage\"},\"thumbnailUrl\":\"https:\\\/\\\/i0.wp.com\\\/luxonomy.net\\\/wp-content\\\/uploads\\\/2023\\\/11\\\/img_1636-1-scaled.jpg?fit=2560%2C1707&ssl=1\",\"keywords\":[\"lujo\",\"tiempo\"],\"articleSection\":[\"Formaci\u00f3n\"],\"inLanguage\":\"es\",\"potentialAction\":[{\"@type\":\"CommentAction\",\"name\":\"Comment\",\"target\":[\"https:\\\/\\\/luxonomy.net\\\/es\\\/la-escasez-del-tiempo-y-el-valor-del-lujo\\\/#respond\"]}]},{\"@type\":\"WebPage\",\"@id\":\"https:\\\/\\\/luxonomy.net\\\/es\\\/la-escasez-del-tiempo-y-el-valor-del-lujo\\\/\",\"url\":\"https:\\\/\\\/luxonomy.net\\\/es\\\/la-escasez-del-tiempo-y-el-valor-del-lujo\\\/\",\"name\":\"La Escasez del Tiempo y el Valor del Lujo | LUXONOMY\",\"isPartOf\":{\"@id\":\"https:\\\/\\\/luxonomy.net\\\/es\\\/#website\"},\"primaryImageOfPage\":{\"@id\":\"https:\\\/\\\/luxonomy.net\\\/es\\\/la-escasez-del-tiempo-y-el-valor-del-lujo\\\/#primaryimage\"},\"image\":{\"@id\":\"https:\\\/\\\/luxonomy.net\\\/es\\\/la-escasez-del-tiempo-y-el-valor-del-lujo\\\/#primaryimage\"},\"thumbnailUrl\":\"https:\\\/\\\/i0.wp.com\\\/luxonomy.net\\\/wp-content\\\/uploads\\\/2023\\\/11\\\/img_1636-1-scaled.jpg?fit=2560%2C1707&ssl=1\",\"datePublished\":\"2023-11-26T21:54:31+00:00\",\"dateModified\":\"2023-11-26T22:02:32+00:00\",\"breadcrumb\":{\"@id\":\"https:\\\/\\\/luxonomy.net\\\/es\\\/la-escasez-del-tiempo-y-el-valor-del-lujo\\\/#breadcrumb\"},\"inLanguage\":\"es\",\"potentialAction\":[{\"@type\":\"ReadAction\",\"target\":[\"https:\\\/\\\/luxonomy.net\\\/es\\\/la-escasez-del-tiempo-y-el-valor-del-lujo\\\/\"]}]},{\"@type\":\"ImageObject\",\"inLanguage\":\"es\",\"@id\":\"https:\\\/\\\/luxonomy.net\\\/es\\\/la-escasez-del-tiempo-y-el-valor-del-lujo\\\/#primaryimage\",\"url\":\"https:\\\/\\\/i0.wp.com\\\/luxonomy.net\\\/wp-content\\\/uploads\\\/2023\\\/11\\\/img_1636-1-scaled.jpg?fit=2560%2C1707&ssl=1\",\"contentUrl\":\"https:\\\/\\\/i0.wp.com\\\/luxonomy.net\\\/wp-content\\\/uploads\\\/2023\\\/11\\\/img_1636-1-scaled.jpg?fit=2560%2C1707&ssl=1\",\"width\":2560,\"height\":1707},{\"@type\":\"BreadcrumbList\",\"@id\":\"https:\\\/\\\/luxonomy.net\\\/es\\\/la-escasez-del-tiempo-y-el-valor-del-lujo\\\/#breadcrumb\",\"itemListElement\":[{\"@type\":\"ListItem\",\"position\":1,\"name\":\"Portada\",\"item\":\"https:\\\/\\\/luxonomy.net\\\/es\\\/\"},{\"@type\":\"ListItem\",\"position\":2,\"name\":\"La Escasez del Tiempo y el Valor del Lujo\"}]},{\"@type\":\"WebSite\",\"@id\":\"https:\\\/\\\/luxonomy.net\\\/es\\\/#website\",\"url\":\"https:\\\/\\\/luxonomy.net\\\/es\\\/\",\"name\":\"LUXONOMY\",\"description\":\"The Economy of Fashion &amp; Luxury\",\"publisher\":{\"@id\":\"https:\\\/\\\/luxonomy.net\\\/es\\\/#organization\"},\"potentialAction\":[{\"@type\":\"SearchAction\",\"target\":{\"@type\":\"EntryPoint\",\"urlTemplate\":\"https:\\\/\\\/luxonomy.net\\\/es\\\/?s={search_term_string}\"},\"query-input\":{\"@type\":\"PropertyValueSpecification\",\"valueRequired\":true,\"valueName\":\"search_term_string\"}}],\"inLanguage\":\"es\"},{\"@type\":\"Organization\",\"@id\":\"https:\\\/\\\/luxonomy.net\\\/es\\\/#organization\",\"name\":\"LUXONOMY\",\"url\":\"https:\\\/\\\/luxonomy.net\\\/es\\\/\",\"logo\":{\"@type\":\"ImageObject\",\"inLanguage\":\"es\",\"@id\":\"https:\\\/\\\/luxonomy.net\\\/es\\\/#\\\/schema\\\/logo\\\/image\\\/\",\"url\":\"https:\\\/\\\/i2.wp.com\\\/luxonomy.net\\\/wp-content\\\/uploads\\\/2021\\\/09\\\/MOCKUP-TODOS-LUXONOMY.jpg?fit=1000%2C515&ssl=1\",\"contentUrl\":\"https:\\\/\\\/i2.wp.com\\\/luxonomy.net\\\/wp-content\\\/uploads\\\/2021\\\/09\\\/MOCKUP-TODOS-LUXONOMY.jpg?fit=1000%2C515&ssl=1\",\"width\":1000,\"height\":515,\"caption\":\"LUXONOMY\"},\"image\":{\"@id\":\"https:\\\/\\\/luxonomy.net\\\/es\\\/#\\\/schema\\\/logo\\\/image\\\/\"},\"sameAs\":[\"https:\\\/\\\/www.facebook.com\\\/luxonomy\",\"https:\\\/\\\/www.instagram.com\\\/luxonomy\\\/\",\"https:\\\/\\\/www.linkedin.com\\\/company\\\/luxonomy\\\/\"]},{\"@type\":\"Person\",\"@id\":\"https:\\\/\\\/luxonomy.net\\\/es\\\/#\\\/schema\\\/person\\\/946f96026a12fb240997712bcc85943b\",\"name\":\"Pablo Guti\u00e9rrez-Rav\u00e9 Villal\u00f3n\",\"image\":{\"@type\":\"ImageObject\",\"inLanguage\":\"es\",\"@id\":\"https:\\\/\\\/luxonomy.net\\\/wp-content\\\/litespeed\\\/avatar\\\/b80839bcd1d7840754b71e72cad801ce.jpg?ver=1788213692\",\"url\":\"https:\\\/\\\/luxonomy.net\\\/wp-content\\\/litespeed\\\/avatar\\\/b80839bcd1d7840754b71e72cad801ce.jpg?ver=1788213692\",\"contentUrl\":\"https:\\\/\\\/luxonomy.net\\\/wp-content\\\/litespeed\\\/avatar\\\/b80839bcd1d7840754b71e72cad801ce.jpg?ver=1788213692\",\"caption\":\"Pablo Guti\u00e9rrez-Rav\u00e9 Villal\u00f3n\"},\"description\":\"president LUXONOMY\u2122 Group\",\"sameAs\":[\"https:\\\/\\\/www.linkedin.com\\\/in\\\/pablogutierrezrave\\\/\"],\"url\":\"https:\\\/\\\/luxonomy.net\\\/es\\\/author\\\/pablo\\\/\"}]}<\/script>\n<!-- \/ Yoast SEO plugin. -->","yoast_head_json":{"title":"La Escasez del Tiempo y el Valor del Lujo | LUXONOMY","robots":{"index":"index","follow":"follow","max-snippet":"max-snippet:-1","max-image-preview":"max-image-preview:large","max-video-preview":"max-video-preview:-1"},"canonical":"https:\/\/luxonomy.net\/es\/la-escasez-del-tiempo-y-el-valor-del-lujo\/","og_locale":"es_ES","og_type":"article","og_title":"La Escasez del Tiempo y el Valor del Lujo | LUXONOMY","og_description":"La relaci\u00f3n entre el tiempo y el lujo es un tema recurrente del que siempre hablamos y hoy me atrevo a analizar. En este art\u00edculo, explorar\u00e9 c\u00f3mo el tiempo, un recurso no renovable y universalmente limitado, se ha convertido en un componente central en la percepci\u00f3n y el valor del lujo. La Escasez del Tiempo&hellip;","og_url":"https:\/\/luxonomy.net\/es\/la-escasez-del-tiempo-y-el-valor-del-lujo\/","og_site_name":"LUXONOMY","article_publisher":"https:\/\/www.facebook.com\/luxonomy","article_published_time":"2023-11-26T21:54:31+00:00","article_modified_time":"2023-11-26T22:02:32+00:00","og_image":[{"width":2560,"height":1707,"url":"https:\/\/i0.wp.com\/luxonomy.net\/wp-content\/uploads\/2023\/11\/img_1636-1-scaled.jpg?fit=2560%2C1707&quality=89&ssl=1","type":"image\/jpeg"}],"author":"Pablo Guti\u00e9rrez-Rav\u00e9 Villal\u00f3n","twitter_card":"summary_large_image","twitter_misc":{"Escrito por":"Pablo Guti\u00e9rrez-Rav\u00e9 Villal\u00f3n","Tiempo de lectura":"2 minutos"},"schema":{"@context":"https:\/\/schema.org","@graph":[{"@type":"Article","@id":"https:\/\/luxonomy.net\/es\/la-escasez-del-tiempo-y-el-valor-del-lujo\/#article","isPartOf":{"@id":"https:\/\/luxonomy.net\/es\/la-escasez-del-tiempo-y-el-valor-del-lujo\/"},"author":{"name":"Pablo Guti\u00e9rrez-Rav\u00e9 Villal\u00f3n","@id":"https:\/\/luxonomy.net\/es\/#\/schema\/person\/946f96026a12fb240997712bcc85943b"},"headline":"La Escasez del Tiempo y el Valor del Lujo","datePublished":"2023-11-26T21:54:31+00:00","dateModified":"2023-11-26T22:02:32+00:00","mainEntityOfPage":{"@id":"https:\/\/luxonomy.net\/es\/la-escasez-del-tiempo-y-el-valor-del-lujo\/"},"wordCount":489,"commentCount":0,"publisher":{"@id":"https:\/\/luxonomy.net\/es\/#organization"},"image":{"@id":"https:\/\/luxonomy.net\/es\/la-escasez-del-tiempo-y-el-valor-del-lujo\/#primaryimage"},"thumbnailUrl":"https:\/\/i0.wp.com\/luxonomy.net\/wp-content\/uploads\/2023\/11\/img_1636-1-scaled.jpg?fit=2560%2C1707&ssl=1","keywords":["lujo","tiempo"],"articleSection":["Formaci\u00f3n"],"inLanguage":"es","potentialAction":[{"@type":"CommentAction","name":"Comment","target":["https:\/\/luxonomy.net\/es\/la-escasez-del-tiempo-y-el-valor-del-lujo\/#respond"]}]},{"@type":"WebPage","@id":"https:\/\/luxonomy.net\/es\/la-escasez-del-tiempo-y-el-valor-del-lujo\/","url":"https:\/\/luxonomy.net\/es\/la-escasez-del-tiempo-y-el-valor-del-lujo\/","name":"La Escasez del Tiempo y el Valor del Lujo | LUXONOMY","isPartOf":{"@id":"https:\/\/luxonomy.net\/es\/#website"},"primaryImageOfPage":{"@id":"https:\/\/luxonomy.net\/es\/la-escasez-del-tiempo-y-el-valor-del-lujo\/#primaryimage"},"image":{"@id":"https:\/\/luxonomy.net\/es\/la-escasez-del-tiempo-y-el-valor-del-lujo\/#primaryimage"},"thumbnailUrl":"https:\/\/i0.wp.com\/luxonomy.net\/wp-content\/uploads\/2023\/11\/img_1636-1-scaled.jpg?fit=2560%2C1707&ssl=1","datePublished":"2023-11-26T21:54:31+00:00","dateModified":"2023-11-26T22:02:32+00:00","breadcrumb":{"@id":"https:\/\/luxonomy.net\/es\/la-escasez-del-tiempo-y-el-valor-del-lujo\/#breadcrumb"},"inLanguage":"es","potentialAction":[{"@type":"ReadAction","target":["https:\/\/luxonomy.net\/es\/la-escasez-del-tiempo-y-el-valor-del-lujo\/"]}]},{"@type":"ImageObject","inLanguage":"es","@id":"https:\/\/luxonomy.net\/es\/la-escasez-del-tiempo-y-el-valor-del-lujo\/#primaryimage","url":"https:\/\/i0.wp.com\/luxonomy.net\/wp-content\/uploads\/2023\/11\/img_1636-1-scaled.jpg?fit=2560%2C1707&ssl=1","contentUrl":"https:\/\/i0.wp.com\/luxonomy.net\/wp-content\/uploads\/2023\/11\/img_1636-1-scaled.jpg?fit=2560%2C1707&ssl=1","width":2560,"height":1707},{"@type":"BreadcrumbList","@id":"https:\/\/luxonomy.net\/es\/la-escasez-del-tiempo-y-el-valor-del-lujo\/#breadcrumb","itemListElement":[{"@type":"ListItem","position":1,"name":"Portada","item":"https:\/\/luxonomy.net\/es\/"},{"@type":"ListItem","position":2,"name":"La Escasez del Tiempo y el Valor del Lujo"}]},{"@type":"WebSite","@id":"https:\/\/luxonomy.net\/es\/#website","url":"https:\/\/luxonomy.net\/es\/","name":"LUXONOMY","description":"The Economy of Fashion &amp; Luxury","publisher":{"@id":"https:\/\/luxonomy.net\/es\/#organization"},"potentialAction":[{"@type":"SearchAction","target":{"@type":"EntryPoint","urlTemplate":"https:\/\/luxonomy.net\/es\/?s={search_term_string}"},"query-input":{"@type":"PropertyValueSpecification","valueRequired":true,"valueName":"search_term_string"}}],"inLanguage":"es"},{"@type":"Organization","@id":"https:\/\/luxonomy.net\/es\/#organization","name":"LUXONOMY","url":"https:\/\/luxonomy.net\/es\/","logo":{"@type":"ImageObject","inLanguage":"es","@id":"https:\/\/luxonomy.net\/es\/#\/schema\/logo\/image\/","url":"https:\/\/i2.wp.com\/luxonomy.net\/wp-content\/uploads\/2021\/09\/MOCKUP-TODOS-LUXONOMY.jpg?fit=1000%2C515&ssl=1","contentUrl":"https:\/\/i2.wp.com\/luxonomy.net\/wp-content\/uploads\/2021\/09\/MOCKUP-TODOS-LUXONOMY.jpg?fit=1000%2C515&ssl=1","width":1000,"height":515,"caption":"LUXONOMY"},"image":{"@id":"https:\/\/luxonomy.net\/es\/#\/schema\/logo\/image\/"},"sameAs":["https:\/\/www.facebook.com\/luxonomy","https:\/\/www.instagram.com\/luxonomy\/","https:\/\/www.linkedin.com\/company\/luxonomy\/"]},{"@type":"Person","@id":"https:\/\/luxonomy.net\/es\/#\/schema\/person\/946f96026a12fb240997712bcc85943b","name":"Pablo Guti\u00e9rrez-Rav\u00e9 Villal\u00f3n","image":{"@type":"ImageObject","inLanguage":"es","@id":"https:\/\/luxonomy.net\/wp-content\/litespeed\/avatar\/b80839bcd1d7840754b71e72cad801ce.jpg?ver=1788213692","url":"https:\/\/luxonomy.net\/wp-content\/litespeed\/avatar\/b80839bcd1d7840754b71e72cad801ce.jpg?ver=1788213692","contentUrl":"https:\/\/luxonomy.net\/wp-content\/litespeed\/avatar\/b80839bcd1d7840754b71e72cad801ce.jpg?ver=1788213692","caption":"Pablo Guti\u00e9rrez-Rav\u00e9 Villal\u00f3n"},"description":"president LUXONOMY\u2122 Group","sameAs":["https:\/\/www.linkedin.com\/in\/pablogutierrezrave\/"],"url":"https:\/\/luxonomy.net\/es\/author\/pablo\/"}]}},"jetpack_publicize_connections":[],"jetpack_shortlink":"https:\/\/wp.me\/paPhBa-cTC","jetpack_sharing_enabled":true,"jetpack_featured_media_url":"https:\/\/i0.wp.com\/luxonomy.net\/wp-content\/uploads\/2023\/11\/img_1636-1-scaled.jpg?fit=2560%2C1707&ssl=1","_links":{"self":[{"href":"https:\/\/luxonomy.net\/es\/wp-json\/wp\/v2\/posts\/49576","targetHints":{"allow":["GET"]}}],"collection":[{"href":"https:\/\/luxonomy.net\/es\/wp-json\/wp\/v2\/posts"}],"about":[{"href":"https:\/\/luxonomy.net\/es\/wp-json\/wp\/v2\/types\/post"}],"author":[{"embeddable":true,"href":"https:\/\/luxonomy.net\/es\/wp-json\/wp\/v2\/users\/19"}],"replies":[{"embeddable":true,"href":"https:\/\/luxonomy.net\/es\/wp-json\/wp\/v2\/comments?post=49576"}],"version-history":[{"count":3,"href":"https:\/\/luxonomy.net\/es\/wp-json\/wp\/v2\/posts\/49576\/revisions"}],"predecessor-version":[{"id":49582,"href":"https:\/\/luxonomy.net\/es\/wp-json\/wp\/v2\/posts\/49576\/revisions\/49582"}],"wp:featuredmedia":[{"embeddable":true,"href":"https:\/\/luxonomy.net\/es\/wp-json\/wp\/v2\/media\/49579"}],"wp:attachment":[{"href":"https:\/\/luxonomy.net\/es\/wp-json\/wp\/v2\/media?parent=49576"}],"wp:term":[{"taxonomy":"category","embeddable":true,"href":"https:\/\/luxonomy.net\/es\/wp-json\/wp\/v2\/categories?post=49576"},{"taxonomy":"post_tag","embeddable":true,"href":"https:\/\/luxonomy.net\/es\/wp-json\/wp\/v2\/tags?post=49576"},{"taxonomy":"thb-sponsors","embeddable":true,"href":"https:\/\/luxonomy.net\/es\/wp-json\/wp\/v2\/thb-sponsors?post=49576"}],"curies":[{"name":"wp","href":"https:\/\/api.w.org\/{rel}","templated":true}]}}