{"id":49157,"date":"2023-11-12T22:54:32","date_gmt":"2023-11-12T21:54:32","guid":{"rendered":"https:\/?p=49157"},"modified":"2023-11-12T22:54:34","modified_gmt":"2023-11-12T21:54:34","slug":"antoine-arnault-director-de-imagen-y-medio-ambiente-de-lvmh-y-helene-valade-directora-de-desarrollo-ambiental-de-lvmh-en-la-conferencia-de-la-unesco-sobre-la-proteccion-de-la-biodiversidad-en-el-a","status":"publish","type":"post","link":"https:\/\/luxonomy.net\/es\/antoine-arnault-director-de-imagen-y-medio-ambiente-de-lvmh-y-helene-valade-directora-de-desarrollo-ambiental-de-lvmh-en-la-conferencia-de-la-unesco-sobre-la-proteccion-de-la-biodiversidad-en-el-a\/","title":{"rendered":"Antoine Arnault, Director de Imagen y Medio Ambiente de LVMH, y H\u00e9l\u00e8ne Valade, Directora de Desarrollo Ambiental de LVMH, en la conferencia de la UNESCO sobre la protecci\u00f3n de la biodiversidad en el Amazonas."},"content":{"rendered":"<p>Durante la 42\u00aa Conferencia General de la UNESCO bajo el tema \u201c(re)Pensar en las Comunidades, actuando juntos para protegerlas\u201d, Antoine Arnault, de Imagen y Medio Ambiente de LVMH, y H\u00e9l\u00e8ne Valade, Directora de Desarrollo Ambiental de LVMH, participaron en una sesi\u00f3n especial sobre la asociaci\u00f3n de la UNESCO con estados miembros (Brasil, Ecuador, Bolivia y Per\u00fa) y LVMH, centrada en proteger la biodiversidad en el Amazonas.<\/p>\n<p>En sus comentarios introductorios junto a la Directora General de la UNESCO, Audrey Azoulay, Antoine Arnault reiter\u00f3 los objetivos clave de este proyecto a largo plazo para el Amazonas, lanzado en 2019 con un horizonte de cinco a\u00f1os y una financiaci\u00f3n de cinco millones de euros: reconciliar la protecci\u00f3n del medio ambiente y el desarrollo sostenible con el apoyo a las comunidades y culturas locales. Ya se est\u00e1n apoyando unas 41 iniciativas en ocho reservas de biosfera en Brasil, Bolivia, Ecuador y Per\u00fa. Estas incluyen acciones concretas como poner fin a la degradaci\u00f3n de los ecosistemas forestales, capacitar y equipar a las poblaciones locales para combatir y prevenir incendios forestales (m\u00e1s de 500 personas ya han completado la capacitaci\u00f3n), desarrollar una gesti\u00f3n sostenible de la tierra, promover t\u00e9cnicas de agroforester\u00eda, desarrollar fuentes alternativas de ingresos y compilar una geobase de datos para seguir las iniciativas locales.<\/p>\n<p>En sus comentarios, Antoine Arnault enfatiz\u00f3: \u201cLa asociaci\u00f3n de LVMH con la UNESCO ha tenido claramente un impacto positivo entre nuestras Maisons. Dior Couture est\u00e1 trabajando con la UNESCO para apoyar proyectos de restauraci\u00f3n en la Reserva de la Biosfera de la Mariposa Monarca en M\u00e9xico. Fresh est\u00e1 apoyando proyectos de restauraci\u00f3n en una de las Reservas de la Biosfera en Mauricio. Y Guerlain est\u00e1 m\u00e1s involucrado que nunca con la UNESCO en el programa \u2018Mujeres por las Abejas\u2019, que capacita a apicultoras y desarrolla nuevas colmenas en Reservas de la Biosfera de la UNESCO en todo el mundo. Debemos continuar tomando acciones audaces para reconciliar a los humanos y los dem\u00e1s seres vivos en la Tierra y proteger la biodiversidad\u201d.<\/p><div id=\"luxon-1054209152\" class=\"luxon-3er-parrafo luxon-entity-placement\" style=\"margin-top: 20px;margin-bottom: 20px;margin-left: auto;margin-right: auto;text-align: center;\"><a href=\"https:\/\/luxonomy.university\/course\/master-turismo-de-lujo\" target=\"_blank\" aria-label=\"master-turismo-lujo-2026-2027\"><img loading=\"lazy\" decoding=\"async\" src=\"https:\/\/i0.wp.com\/luxonomy.net\/wp-content\/uploads\/2020\/07\/master-turismo-lujo-2026-2027.jpg?fit=1672%2C941&#038;ssl=1\" alt=\"\"  srcset=\"https:\/\/i0.wp.com\/luxonomy.net\/wp-content\/uploads\/2020\/07\/master-turismo-lujo-2026-2027.jpg?w=1672&ssl=1 1672w, https:\/\/i0.wp.com\/luxonomy.net\/wp-content\/uploads\/2020\/07\/master-turismo-lujo-2026-2027.jpg?resize=300%2C169&ssl=1 300w, https:\/\/i0.wp.com\/luxonomy.net\/wp-content\/uploads\/2020\/07\/master-turismo-lujo-2026-2027.jpg?resize=1024%2C576&ssl=1 1024w, https:\/\/i0.wp.com\/luxonomy.net\/wp-content\/uploads\/2020\/07\/master-turismo-lujo-2026-2027.jpg?resize=768%2C432&ssl=1 768w, https:\/\/i0.wp.com\/luxonomy.net\/wp-content\/uploads\/2020\/07\/master-turismo-lujo-2026-2027.jpg?resize=1536%2C864&ssl=1 1536w, https:\/\/i0.wp.com\/luxonomy.net\/wp-content\/uploads\/2020\/07\/master-turismo-lujo-2026-2027.jpg?resize=370%2C208&ssl=1 370w, https:\/\/i0.wp.com\/luxonomy.net\/wp-content\/uploads\/2020\/07\/master-turismo-lujo-2026-2027.jpg?resize=800%2C450&ssl=1 800w, https:\/\/i0.wp.com\/luxonomy.net\/wp-content\/uploads\/2020\/07\/master-turismo-lujo-2026-2027.jpg?resize=20%2C11&ssl=1 20w, https:\/\/i0.wp.com\/luxonomy.net\/wp-content\/uploads\/2020\/07\/master-turismo-lujo-2026-2027.jpg?resize=740%2C416&ssl=1 740w, https:\/\/i0.wp.com\/luxonomy.net\/wp-content\/uploads\/2020\/07\/master-turismo-lujo-2026-2027.jpg?resize=1600%2C900&ssl=1 1600w, https:\/\/i0.wp.com\/luxonomy.net\/wp-content\/uploads\/2020\/07\/master-turismo-lujo-2026-2027.jpg?resize=1200%2C675&ssl=1 1200w, https:\/\/i0.wp.com\/luxonomy.net\/wp-content\/uploads\/2020\/07\/master-turismo-lujo-2026-2027.jpg?resize=85%2C48&ssl=1 85w\" sizes=\"(max-width: 1170px) 100vw, 1170px\" class=\"no-lazyload\" width=\"1672\" height=\"941\"   \/><\/a><\/div>\n<p>M\u00e1s adelante en el programa, H\u00e9l\u00e8ne Valade particip\u00f3 en una mesa redonda, durante la cual subray\u00f3 la importancia que LVMH otorga a la biodiversidad, detallando iniciativas para limitar el impacto de las actividades del Grupo y compartiendo percepciones sobre el proyecto del Amazonas obtenidas durante su visita a sitios de la biosfera hace varios meses.<\/p>\n","protected":false},"excerpt":{"rendered":"<p>Durante la 42\u00aa Conferencia General de la UNESCO bajo el tema \u201c(re)Pensar en las Comunidades, actuando juntos para protegerlas\u201d, Antoine Arnault, de Imagen y Medio Ambiente de LVMH, y H\u00e9l\u00e8ne Valade, Directora de Desarrollo Ambiental de LVMH, participaron en una sesi\u00f3n especial sobre la asociaci\u00f3n de la UNESCO con estados miembros (Brasil, Ecuador, Bolivia y&hellip;<\/p>\n","protected":false},"author":19,"featured_media":49154,"comment_status":"open","ping_status":"open","sticky":false,"template":"","format":"standard","meta":{"_jetpack_newsletter_access":"","_jetpack_dont_email_post_to_subs":false,"_jetpack_newsletter_tier_id":0,"_jetpack_memberships_contains_paywalled_content":false,"_jetpack_feature_clip_id":0,"_jetpack_memberships_contains_paid_content":false,"footnotes":"","jetpack_publicize_message":"","jetpack_publicize_feature_enabled":true,"jetpack_social_post_already_shared":true,"jetpack_social_options":{"image_generator_settings":{"template":"edge","default_image_id":0,"font":"","enabled":false},"version":2},"jetpack_post_was_ever_published":false},"categories":[6613,2050,688],"tags":[585,634],"thb-sponsors":[],"class_list":["post-49157","post","type-post","status-publish","format-standard","has-post-thumbnail","hentry","category-humanismo","category-solidaridad","category-sostenibilidad","tag-lvmh","tag-sostenibilidad"],"yoast_head":"<!-- This site is optimized with the Yoast SEO plugin v28.4 - https:\/\/yoast.com\/product\/yoast-seo-wordpress\/ -->\n<title>Antoine Arnault, Director de Imagen y Medio Ambiente de LVMH, y H\u00e9l\u00e8ne Valade, Directora de Desarrollo Ambiental de LVMH, en la conferencia de la UNESCO sobre la protecci\u00f3n de la biodiversidad en el Amazonas. | LUXONOMY<\/title>\n<meta name=\"robots\" content=\"index, follow, max-snippet:-1, max-image-preview:large, max-video-preview:-1\" \/>\n<link rel=\"canonical\" href=\"https:\/\/luxonomy.net\/es\/antoine-arnault-director-de-imagen-y-medio-ambiente-de-lvmh-y-helene-valade-directora-de-desarrollo-ambiental-de-lvmh-en-la-conferencia-de-la-unesco-sobre-la-proteccion-de-la-biodiversidad-en-el-a\/\" \/>\n<meta property=\"og:locale\" content=\"es_ES\" \/>\n<meta property=\"og:type\" content=\"article\" \/>\n<meta property=\"og:title\" content=\"Antoine Arnault, Director de Imagen y Medio Ambiente de LVMH, y H\u00e9l\u00e8ne Valade, Directora de Desarrollo Ambiental de LVMH, en la conferencia de la UNESCO sobre la protecci\u00f3n de la biodiversidad en el Amazonas. | LUXONOMY\" \/>\n<meta property=\"og:description\" content=\"Durante la 42\u00aa Conferencia General de la UNESCO bajo el tema \u201c(re)Pensar en las Comunidades, actuando juntos para protegerlas\u201d, Antoine Arnault, de Imagen y Medio Ambiente de LVMH, y H\u00e9l\u00e8ne Valade, Directora de Desarrollo Ambiental de LVMH, participaron en una sesi\u00f3n especial sobre la asociaci\u00f3n de la UNESCO con estados miembros (Brasil, Ecuador, Bolivia y&hellip;\" \/>\n<meta property=\"og:url\" content=\"https:\/\/luxonomy.net\/es\/antoine-arnault-director-de-imagen-y-medio-ambiente-de-lvmh-y-helene-valade-directora-de-desarrollo-ambiental-de-lvmh-en-la-conferencia-de-la-unesco-sobre-la-proteccion-de-la-biodiversidad-en-el-a\/\" \/>\n<meta property=\"og:site_name\" content=\"LUXONOMY\" \/>\n<meta property=\"article:publisher\" content=\"https:\/\/www.facebook.com\/luxonomy\" \/>\n<meta property=\"article:published_time\" content=\"2023-11-12T21:54:32+00:00\" \/>\n<meta property=\"article:modified_time\" content=\"2023-11-12T21:54:34+00:00\" \/>\n<meta property=\"og:image\" content=\"https:\/\/i0.wp.com\/luxonomy.net\/wp-content\/uploads\/2023\/11\/img_1511-1.png?fit=1584%2C872&quality=80&ssl=1\" \/>\n\t<meta property=\"og:image:width\" content=\"1584\" \/>\n\t<meta property=\"og:image:height\" content=\"872\" \/>\n\t<meta property=\"og:image:type\" content=\"image\/png\" \/>\n<meta name=\"author\" content=\"Pablo Guti\u00e9rrez-Rav\u00e9 Villal\u00f3n\" \/>\n<meta name=\"twitter:card\" content=\"summary_large_image\" \/>\n<meta name=\"twitter:label1\" content=\"Escrito por\" \/>\n\t<meta name=\"twitter:data1\" content=\"Pablo Guti\u00e9rrez-Rav\u00e9 Villal\u00f3n\" \/>\n\t<meta name=\"twitter:label2\" content=\"Tiempo de lectura\" \/>\n\t<meta name=\"twitter:data2\" content=\"2 minutos\" \/>\n<script type=\"application\/ld+json\" class=\"yoast-schema-graph\">{\"@context\":\"https:\\\/\\\/schema.org\",\"@graph\":[{\"@type\":\"Article\",\"@id\":\"https:\\\/\\\/luxonomy.net\\\/es\\\/antoine-arnault-director-de-imagen-y-medio-ambiente-de-lvmh-y-helene-valade-directora-de-desarrollo-ambiental-de-lvmh-en-la-conferencia-de-la-unesco-sobre-la-proteccion-de-la-biodiversidad-en-el-a\\\/#article\",\"isPartOf\":{\"@id\":\"https:\\\/\\\/luxonomy.net\\\/es\\\/antoine-arnault-director-de-imagen-y-medio-ambiente-de-lvmh-y-helene-valade-directora-de-desarrollo-ambiental-de-lvmh-en-la-conferencia-de-la-unesco-sobre-la-proteccion-de-la-biodiversidad-en-el-a\\\/\"},\"author\":{\"name\":\"Pablo Guti\u00e9rrez-Rav\u00e9 Villal\u00f3n\",\"@id\":\"https:\\\/\\\/luxonomy.net\\\/es\\\/#\\\/schema\\\/person\\\/aca186356f30a813f61bbf19ba52c031\"},\"headline\":\"Antoine Arnault, Director de Imagen y Medio Ambiente de LVMH, y H\u00e9l\u00e8ne Valade, Directora de Desarrollo Ambiental de LVMH, en la conferencia de la UNESCO sobre la protecci\u00f3n de la biodiversidad en el Amazonas.\",\"datePublished\":\"2023-11-12T21:54:32+00:00\",\"dateModified\":\"2023-11-12T21:54:34+00:00\",\"mainEntityOfPage\":{\"@id\":\"https:\\\/\\\/luxonomy.net\\\/es\\\/antoine-arnault-director-de-imagen-y-medio-ambiente-de-lvmh-y-helene-valade-directora-de-desarrollo-ambiental-de-lvmh-en-la-conferencia-de-la-unesco-sobre-la-proteccion-de-la-biodiversidad-en-el-a\\\/\"},\"wordCount\":445,\"commentCount\":0,\"publisher\":{\"@id\":\"https:\\\/\\\/luxonomy.net\\\/es\\\/#organization\"},\"image\":{\"@id\":\"https:\\\/\\\/luxonomy.net\\\/es\\\/antoine-arnault-director-de-imagen-y-medio-ambiente-de-lvmh-y-helene-valade-directora-de-desarrollo-ambiental-de-lvmh-en-la-conferencia-de-la-unesco-sobre-la-proteccion-de-la-biodiversidad-en-el-a\\\/#primaryimage\"},\"thumbnailUrl\":\"https:\\\/\\\/i0.wp.com\\\/luxonomy.net\\\/wp-content\\\/uploads\\\/2023\\\/11\\\/img_1511-1.png?fit=1584%2C872&ssl=1\",\"keywords\":[\"LVMH\",\"sostenibilidad\"],\"articleSection\":[\"Humanismo\",\"Solidaridad\",\"Sostenibilidad\"],\"inLanguage\":\"es\",\"potentialAction\":[{\"@type\":\"CommentAction\",\"name\":\"Comment\",\"target\":[\"https:\\\/\\\/luxonomy.net\\\/es\\\/antoine-arnault-director-de-imagen-y-medio-ambiente-de-lvmh-y-helene-valade-directora-de-desarrollo-ambiental-de-lvmh-en-la-conferencia-de-la-unesco-sobre-la-proteccion-de-la-biodiversidad-en-el-a\\\/#respond\"]}]},{\"@type\":\"WebPage\",\"@id\":\"https:\\\/\\\/luxonomy.net\\\/es\\\/antoine-arnault-director-de-imagen-y-medio-ambiente-de-lvmh-y-helene-valade-directora-de-desarrollo-ambiental-de-lvmh-en-la-conferencia-de-la-unesco-sobre-la-proteccion-de-la-biodiversidad-en-el-a\\\/\",\"url\":\"https:\\\/\\\/luxonomy.net\\\/es\\\/antoine-arnault-director-de-imagen-y-medio-ambiente-de-lvmh-y-helene-valade-directora-de-desarrollo-ambiental-de-lvmh-en-la-conferencia-de-la-unesco-sobre-la-proteccion-de-la-biodiversidad-en-el-a\\\/\",\"name\":\"Antoine Arnault, Director de Imagen y Medio Ambiente de LVMH, y H\u00e9l\u00e8ne Valade, Directora de Desarrollo Ambiental de LVMH, en la conferencia de la UNESCO sobre la protecci\u00f3n de la biodiversidad en el Amazonas. | LUXONOMY\",\"isPartOf\":{\"@id\":\"https:\\\/\\\/luxonomy.net\\\/es\\\/#website\"},\"primaryImageOfPage\":{\"@id\":\"https:\\\/\\\/luxonomy.net\\\/es\\\/antoine-arnault-director-de-imagen-y-medio-ambiente-de-lvmh-y-helene-valade-directora-de-desarrollo-ambiental-de-lvmh-en-la-conferencia-de-la-unesco-sobre-la-proteccion-de-la-biodiversidad-en-el-a\\\/#primaryimage\"},\"image\":{\"@id\":\"https:\\\/\\\/luxonomy.net\\\/es\\\/antoine-arnault-director-de-imagen-y-medio-ambiente-de-lvmh-y-helene-valade-directora-de-desarrollo-ambiental-de-lvmh-en-la-conferencia-de-la-unesco-sobre-la-proteccion-de-la-biodiversidad-en-el-a\\\/#primaryimage\"},\"thumbnailUrl\":\"https:\\\/\\\/i0.wp.com\\\/luxonomy.net\\\/wp-content\\\/uploads\\\/2023\\\/11\\\/img_1511-1.png?fit=1584%2C872&ssl=1\",\"datePublished\":\"2023-11-12T21:54:32+00:00\",\"dateModified\":\"2023-11-12T21:54:34+00:00\",\"breadcrumb\":{\"@id\":\"https:\\\/\\\/luxonomy.net\\\/es\\\/antoine-arnault-director-de-imagen-y-medio-ambiente-de-lvmh-y-helene-valade-directora-de-desarrollo-ambiental-de-lvmh-en-la-conferencia-de-la-unesco-sobre-la-proteccion-de-la-biodiversidad-en-el-a\\\/#breadcrumb\"},\"inLanguage\":\"es\",\"potentialAction\":[{\"@type\":\"ReadAction\",\"target\":[\"https:\\\/\\\/luxonomy.net\\\/es\\\/antoine-arnault-director-de-imagen-y-medio-ambiente-de-lvmh-y-helene-valade-directora-de-desarrollo-ambiental-de-lvmh-en-la-conferencia-de-la-unesco-sobre-la-proteccion-de-la-biodiversidad-en-el-a\\\/\"]}]},{\"@type\":\"ImageObject\",\"inLanguage\":\"es\",\"@id\":\"https:\\\/\\\/luxonomy.net\\\/es\\\/antoine-arnault-director-de-imagen-y-medio-ambiente-de-lvmh-y-helene-valade-directora-de-desarrollo-ambiental-de-lvmh-en-la-conferencia-de-la-unesco-sobre-la-proteccion-de-la-biodiversidad-en-el-a\\\/#primaryimage\",\"url\":\"https:\\\/\\\/i0.wp.com\\\/luxonomy.net\\\/wp-content\\\/uploads\\\/2023\\\/11\\\/img_1511-1.png?fit=1584%2C872&ssl=1\",\"contentUrl\":\"https:\\\/\\\/i0.wp.com\\\/luxonomy.net\\\/wp-content\\\/uploads\\\/2023\\\/11\\\/img_1511-1.png?fit=1584%2C872&ssl=1\",\"width\":1584,\"height\":872},{\"@type\":\"BreadcrumbList\",\"@id\":\"https:\\\/\\\/luxonomy.net\\\/es\\\/antoine-arnault-director-de-imagen-y-medio-ambiente-de-lvmh-y-helene-valade-directora-de-desarrollo-ambiental-de-lvmh-en-la-conferencia-de-la-unesco-sobre-la-proteccion-de-la-biodiversidad-en-el-a\\\/#breadcrumb\",\"itemListElement\":[{\"@type\":\"ListItem\",\"position\":1,\"name\":\"Portada\",\"item\":\"https:\\\/\\\/luxonomy.net\\\/es\\\/\"},{\"@type\":\"ListItem\",\"position\":2,\"name\":\"Antoine Arnault, Director de Imagen y Medio Ambiente de LVMH, y H\u00e9l\u00e8ne Valade, Directora de Desarrollo Ambiental de LVMH, en la conferencia de la UNESCO sobre la protecci\u00f3n de la biodiversidad en el Amazonas.\"}]},{\"@type\":\"WebSite\",\"@id\":\"https:\\\/\\\/luxonomy.net\\\/es\\\/#website\",\"url\":\"https:\\\/\\\/luxonomy.net\\\/es\\\/\",\"name\":\"LUXONOMY\",\"description\":\"The Economy of Fashion &amp; Luxury\",\"publisher\":{\"@id\":\"https:\\\/\\\/luxonomy.net\\\/es\\\/#organization\"},\"potentialAction\":[{\"@type\":\"SearchAction\",\"target\":{\"@type\":\"EntryPoint\",\"urlTemplate\":\"https:\\\/\\\/luxonomy.net\\\/es\\\/?s={search_term_string}\"},\"query-input\":{\"@type\":\"PropertyValueSpecification\",\"valueRequired\":true,\"valueName\":\"search_term_string\"}}],\"inLanguage\":\"es\"},{\"@type\":\"Organization\",\"@id\":\"https:\\\/\\\/luxonomy.net\\\/es\\\/#organization\",\"name\":\"LUXONOMY\",\"url\":\"https:\\\/\\\/luxonomy.net\\\/es\\\/\",\"logo\":{\"@type\":\"ImageObject\",\"inLanguage\":\"es\",\"@id\":\"https:\\\/\\\/luxonomy.net\\\/es\\\/#\\\/schema\\\/logo\\\/image\\\/\",\"url\":\"https:\\\/\\\/i2.wp.com\\\/luxonomy.net\\\/wp-content\\\/uploads\\\/2021\\\/09\\\/MOCKUP-TODOS-LUXONOMY.jpg?fit=1000%2C515&ssl=1\",\"contentUrl\":\"https:\\\/\\\/i2.wp.com\\\/luxonomy.net\\\/wp-content\\\/uploads\\\/2021\\\/09\\\/MOCKUP-TODOS-LUXONOMY.jpg?fit=1000%2C515&ssl=1\",\"width\":1000,\"height\":515,\"caption\":\"LUXONOMY\"},\"image\":{\"@id\":\"https:\\\/\\\/luxonomy.net\\\/es\\\/#\\\/schema\\\/logo\\\/image\\\/\"},\"sameAs\":[\"https:\\\/\\\/www.facebook.com\\\/luxonomy\",\"https:\\\/\\\/www.instagram.com\\\/luxonomy\\\/\",\"https:\\\/\\\/www.linkedin.com\\\/company\\\/luxonomy\\\/\"]},{\"@type\":\"Person\",\"@id\":\"https:\\\/\\\/luxonomy.net\\\/es\\\/#\\\/schema\\\/person\\\/aca186356f30a813f61bbf19ba52c031\",\"name\":\"Pablo Guti\u00e9rrez-Rav\u00e9 Villal\u00f3n\",\"image\":{\"@type\":\"ImageObject\",\"inLanguage\":\"es\",\"@id\":\"https:\\\/\\\/luxonomy.net\\\/wp-content\\\/litespeed\\\/avatar\\\/b80839bcd1d7840754b71e72cad801ce.jpg?ver=1788213692\",\"url\":\"https:\\\/\\\/luxonomy.net\\\/wp-content\\\/litespeed\\\/avatar\\\/b80839bcd1d7840754b71e72cad801ce.jpg?ver=1788213692\",\"contentUrl\":\"https:\\\/\\\/luxonomy.net\\\/wp-content\\\/litespeed\\\/avatar\\\/b80839bcd1d7840754b71e72cad801ce.jpg?ver=1788213692\",\"caption\":\"Pablo Guti\u00e9rrez-Rav\u00e9 Villal\u00f3n\"},\"description\":\"president LUXONOMY\u2122 Group\",\"sameAs\":[\"https:\\\/\\\/www.linkedin.com\\\/in\\\/pablogutierrezrave\\\/\"],\"url\":\"https:\\\/\\\/luxonomy.net\\\/es\\\/author\\\/pablo\\\/\"}]}<\/script>\n<!-- \/ Yoast SEO plugin. -->","yoast_head_json":{"title":"Antoine Arnault, Director de Imagen y Medio Ambiente de LVMH, y H\u00e9l\u00e8ne Valade, Directora de Desarrollo Ambiental de LVMH, en la conferencia de la UNESCO sobre la protecci\u00f3n de la biodiversidad en el Amazonas. | LUXONOMY","robots":{"index":"index","follow":"follow","max-snippet":"max-snippet:-1","max-image-preview":"max-image-preview:large","max-video-preview":"max-video-preview:-1"},"canonical":"https:\/\/luxonomy.net\/es\/antoine-arnault-director-de-imagen-y-medio-ambiente-de-lvmh-y-helene-valade-directora-de-desarrollo-ambiental-de-lvmh-en-la-conferencia-de-la-unesco-sobre-la-proteccion-de-la-biodiversidad-en-el-a\/","og_locale":"es_ES","og_type":"article","og_title":"Antoine Arnault, Director de Imagen y Medio Ambiente de LVMH, y H\u00e9l\u00e8ne Valade, Directora de Desarrollo Ambiental de LVMH, en la conferencia de la UNESCO sobre la protecci\u00f3n de la biodiversidad en el Amazonas. | LUXONOMY","og_description":"Durante la 42\u00aa Conferencia General de la UNESCO bajo el tema \u201c(re)Pensar en las Comunidades, actuando juntos para protegerlas\u201d, Antoine Arnault, de Imagen y Medio Ambiente de LVMH, y H\u00e9l\u00e8ne Valade, Directora de Desarrollo Ambiental de LVMH, participaron en una sesi\u00f3n especial sobre la asociaci\u00f3n de la UNESCO con estados miembros (Brasil, Ecuador, Bolivia y&hellip;","og_url":"https:\/\/luxonomy.net\/es\/antoine-arnault-director-de-imagen-y-medio-ambiente-de-lvmh-y-helene-valade-directora-de-desarrollo-ambiental-de-lvmh-en-la-conferencia-de-la-unesco-sobre-la-proteccion-de-la-biodiversidad-en-el-a\/","og_site_name":"LUXONOMY","article_publisher":"https:\/\/www.facebook.com\/luxonomy","article_published_time":"2023-11-12T21:54:32+00:00","article_modified_time":"2023-11-12T21:54:34+00:00","og_image":[{"width":1584,"height":872,"url":"https:\/\/i0.wp.com\/luxonomy.net\/wp-content\/uploads\/2023\/11\/img_1511-1.png?fit=1584%2C872&quality=80&ssl=1","type":"image\/png"}],"author":"Pablo Guti\u00e9rrez-Rav\u00e9 Villal\u00f3n","twitter_card":"summary_large_image","twitter_misc":{"Escrito por":"Pablo Guti\u00e9rrez-Rav\u00e9 Villal\u00f3n","Tiempo de lectura":"2 minutos"},"schema":{"@context":"https:\/\/schema.org","@graph":[{"@type":"Article","@id":"https:\/\/luxonomy.net\/es\/antoine-arnault-director-de-imagen-y-medio-ambiente-de-lvmh-y-helene-valade-directora-de-desarrollo-ambiental-de-lvmh-en-la-conferencia-de-la-unesco-sobre-la-proteccion-de-la-biodiversidad-en-el-a\/#article","isPartOf":{"@id":"https:\/\/luxonomy.net\/es\/antoine-arnault-director-de-imagen-y-medio-ambiente-de-lvmh-y-helene-valade-directora-de-desarrollo-ambiental-de-lvmh-en-la-conferencia-de-la-unesco-sobre-la-proteccion-de-la-biodiversidad-en-el-a\/"},"author":{"name":"Pablo Guti\u00e9rrez-Rav\u00e9 Villal\u00f3n","@id":"https:\/\/luxonomy.net\/es\/#\/schema\/person\/aca186356f30a813f61bbf19ba52c031"},"headline":"Antoine Arnault, Director de Imagen y Medio Ambiente de LVMH, y H\u00e9l\u00e8ne Valade, Directora de Desarrollo Ambiental de LVMH, en la conferencia de la UNESCO sobre la protecci\u00f3n de la biodiversidad en el Amazonas.","datePublished":"2023-11-12T21:54:32+00:00","dateModified":"2023-11-12T21:54:34+00:00","mainEntityOfPage":{"@id":"https:\/\/luxonomy.net\/es\/antoine-arnault-director-de-imagen-y-medio-ambiente-de-lvmh-y-helene-valade-directora-de-desarrollo-ambiental-de-lvmh-en-la-conferencia-de-la-unesco-sobre-la-proteccion-de-la-biodiversidad-en-el-a\/"},"wordCount":445,"commentCount":0,"publisher":{"@id":"https:\/\/luxonomy.net\/es\/#organization"},"image":{"@id":"https:\/\/luxonomy.net\/es\/antoine-arnault-director-de-imagen-y-medio-ambiente-de-lvmh-y-helene-valade-directora-de-desarrollo-ambiental-de-lvmh-en-la-conferencia-de-la-unesco-sobre-la-proteccion-de-la-biodiversidad-en-el-a\/#primaryimage"},"thumbnailUrl":"https:\/\/i0.wp.com\/luxonomy.net\/wp-content\/uploads\/2023\/11\/img_1511-1.png?fit=1584%2C872&ssl=1","keywords":["LVMH","sostenibilidad"],"articleSection":["Humanismo","Solidaridad","Sostenibilidad"],"inLanguage":"es","potentialAction":[{"@type":"CommentAction","name":"Comment","target":["https:\/\/luxonomy.net\/es\/antoine-arnault-director-de-imagen-y-medio-ambiente-de-lvmh-y-helene-valade-directora-de-desarrollo-ambiental-de-lvmh-en-la-conferencia-de-la-unesco-sobre-la-proteccion-de-la-biodiversidad-en-el-a\/#respond"]}]},{"@type":"WebPage","@id":"https:\/\/luxonomy.net\/es\/antoine-arnault-director-de-imagen-y-medio-ambiente-de-lvmh-y-helene-valade-directora-de-desarrollo-ambiental-de-lvmh-en-la-conferencia-de-la-unesco-sobre-la-proteccion-de-la-biodiversidad-en-el-a\/","url":"https:\/\/luxonomy.net\/es\/antoine-arnault-director-de-imagen-y-medio-ambiente-de-lvmh-y-helene-valade-directora-de-desarrollo-ambiental-de-lvmh-en-la-conferencia-de-la-unesco-sobre-la-proteccion-de-la-biodiversidad-en-el-a\/","name":"Antoine Arnault, Director de Imagen y Medio Ambiente de LVMH, y H\u00e9l\u00e8ne Valade, Directora de Desarrollo Ambiental de LVMH, en la conferencia de la UNESCO sobre la protecci\u00f3n de la biodiversidad en el Amazonas. | LUXONOMY","isPartOf":{"@id":"https:\/\/luxonomy.net\/es\/#website"},"primaryImageOfPage":{"@id":"https:\/\/luxonomy.net\/es\/antoine-arnault-director-de-imagen-y-medio-ambiente-de-lvmh-y-helene-valade-directora-de-desarrollo-ambiental-de-lvmh-en-la-conferencia-de-la-unesco-sobre-la-proteccion-de-la-biodiversidad-en-el-a\/#primaryimage"},"image":{"@id":"https:\/\/luxonomy.net\/es\/antoine-arnault-director-de-imagen-y-medio-ambiente-de-lvmh-y-helene-valade-directora-de-desarrollo-ambiental-de-lvmh-en-la-conferencia-de-la-unesco-sobre-la-proteccion-de-la-biodiversidad-en-el-a\/#primaryimage"},"thumbnailUrl":"https:\/\/i0.wp.com\/luxonomy.net\/wp-content\/uploads\/2023\/11\/img_1511-1.png?fit=1584%2C872&ssl=1","datePublished":"2023-11-12T21:54:32+00:00","dateModified":"2023-11-12T21:54:34+00:00","breadcrumb":{"@id":"https:\/\/luxonomy.net\/es\/antoine-arnault-director-de-imagen-y-medio-ambiente-de-lvmh-y-helene-valade-directora-de-desarrollo-ambiental-de-lvmh-en-la-conferencia-de-la-unesco-sobre-la-proteccion-de-la-biodiversidad-en-el-a\/#breadcrumb"},"inLanguage":"es","potentialAction":[{"@type":"ReadAction","target":["https:\/\/luxonomy.net\/es\/antoine-arnault-director-de-imagen-y-medio-ambiente-de-lvmh-y-helene-valade-directora-de-desarrollo-ambiental-de-lvmh-en-la-conferencia-de-la-unesco-sobre-la-proteccion-de-la-biodiversidad-en-el-a\/"]}]},{"@type":"ImageObject","inLanguage":"es","@id":"https:\/\/luxonomy.net\/es\/antoine-arnault-director-de-imagen-y-medio-ambiente-de-lvmh-y-helene-valade-directora-de-desarrollo-ambiental-de-lvmh-en-la-conferencia-de-la-unesco-sobre-la-proteccion-de-la-biodiversidad-en-el-a\/#primaryimage","url":"https:\/\/i0.wp.com\/luxonomy.net\/wp-content\/uploads\/2023\/11\/img_1511-1.png?fit=1584%2C872&ssl=1","contentUrl":"https:\/\/i0.wp.com\/luxonomy.net\/wp-content\/uploads\/2023\/11\/img_1511-1.png?fit=1584%2C872&ssl=1","width":1584,"height":872},{"@type":"BreadcrumbList","@id":"https:\/\/luxonomy.net\/es\/antoine-arnault-director-de-imagen-y-medio-ambiente-de-lvmh-y-helene-valade-directora-de-desarrollo-ambiental-de-lvmh-en-la-conferencia-de-la-unesco-sobre-la-proteccion-de-la-biodiversidad-en-el-a\/#breadcrumb","itemListElement":[{"@type":"ListItem","position":1,"name":"Portada","item":"https:\/\/luxonomy.net\/es\/"},{"@type":"ListItem","position":2,"name":"Antoine Arnault, Director de Imagen y Medio Ambiente de LVMH, y H\u00e9l\u00e8ne Valade, Directora de Desarrollo Ambiental de LVMH, en la conferencia de la UNESCO sobre la protecci\u00f3n de la biodiversidad en el Amazonas."}]},{"@type":"WebSite","@id":"https:\/\/luxonomy.net\/es\/#website","url":"https:\/\/luxonomy.net\/es\/","name":"LUXONOMY","description":"The Economy of Fashion &amp; Luxury","publisher":{"@id":"https:\/\/luxonomy.net\/es\/#organization"},"potentialAction":[{"@type":"SearchAction","target":{"@type":"EntryPoint","urlTemplate":"https:\/\/luxonomy.net\/es\/?s={search_term_string}"},"query-input":{"@type":"PropertyValueSpecification","valueRequired":true,"valueName":"search_term_string"}}],"inLanguage":"es"},{"@type":"Organization","@id":"https:\/\/luxonomy.net\/es\/#organization","name":"LUXONOMY","url":"https:\/\/luxonomy.net\/es\/","logo":{"@type":"ImageObject","inLanguage":"es","@id":"https:\/\/luxonomy.net\/es\/#\/schema\/logo\/image\/","url":"https:\/\/i2.wp.com\/luxonomy.net\/wp-content\/uploads\/2021\/09\/MOCKUP-TODOS-LUXONOMY.jpg?fit=1000%2C515&ssl=1","contentUrl":"https:\/\/i2.wp.com\/luxonomy.net\/wp-content\/uploads\/2021\/09\/MOCKUP-TODOS-LUXONOMY.jpg?fit=1000%2C515&ssl=1","width":1000,"height":515,"caption":"LUXONOMY"},"image":{"@id":"https:\/\/luxonomy.net\/es\/#\/schema\/logo\/image\/"},"sameAs":["https:\/\/www.facebook.com\/luxonomy","https:\/\/www.instagram.com\/luxonomy\/","https:\/\/www.linkedin.com\/company\/luxonomy\/"]},{"@type":"Person","@id":"https:\/\/luxonomy.net\/es\/#\/schema\/person\/aca186356f30a813f61bbf19ba52c031","name":"Pablo Guti\u00e9rrez-Rav\u00e9 Villal\u00f3n","image":{"@type":"ImageObject","inLanguage":"es","@id":"https:\/\/luxonomy.net\/wp-content\/litespeed\/avatar\/b80839bcd1d7840754b71e72cad801ce.jpg?ver=1788213692","url":"https:\/\/luxonomy.net\/wp-content\/litespeed\/avatar\/b80839bcd1d7840754b71e72cad801ce.jpg?ver=1788213692","contentUrl":"https:\/\/luxonomy.net\/wp-content\/litespeed\/avatar\/b80839bcd1d7840754b71e72cad801ce.jpg?ver=1788213692","caption":"Pablo Guti\u00e9rrez-Rav\u00e9 Villal\u00f3n"},"description":"president LUXONOMY\u2122 Group","sameAs":["https:\/\/www.linkedin.com\/in\/pablogutierrezrave\/"],"url":"https:\/\/luxonomy.net\/es\/author\/pablo\/"}]}},"jetpack_publicize_connections":[],"jetpack_shortlink":"https:\/\/wp.me\/paPhBa-cMR","jetpack_sharing_enabled":true,"jetpack_featured_media_url":"https:\/\/i0.wp.com\/luxonomy.net\/wp-content\/uploads\/2023\/11\/img_1511-1.png?fit=1584%2C872&ssl=1","_links":{"self":[{"href":"https:\/\/luxonomy.net\/es\/wp-json\/wp\/v2\/posts\/49157","targetHints":{"allow":["GET"]}}],"collection":[{"href":"https:\/\/luxonomy.net\/es\/wp-json\/wp\/v2\/posts"}],"about":[{"href":"https:\/\/luxonomy.net\/es\/wp-json\/wp\/v2\/types\/post"}],"author":[{"embeddable":true,"href":"https:\/\/luxonomy.net\/es\/wp-json\/wp\/v2\/users\/19"}],"replies":[{"embeddable":true,"href":"https:\/\/luxonomy.net\/es\/wp-json\/wp\/v2\/comments?post=49157"}],"version-history":[{"count":1,"href":"https:\/\/luxonomy.net\/es\/wp-json\/wp\/v2\/posts\/49157\/revisions"}],"predecessor-version":[{"id":49158,"href":"https:\/\/luxonomy.net\/es\/wp-json\/wp\/v2\/posts\/49157\/revisions\/49158"}],"wp:featuredmedia":[{"embeddable":true,"href":"https:\/\/luxonomy.net\/es\/wp-json\/wp\/v2\/media\/49154"}],"wp:attachment":[{"href":"https:\/\/luxonomy.net\/es\/wp-json\/wp\/v2\/media?parent=49157"}],"wp:term":[{"taxonomy":"category","embeddable":true,"href":"https:\/\/luxonomy.net\/es\/wp-json\/wp\/v2\/categories?post=49157"},{"taxonomy":"post_tag","embeddable":true,"href":"https:\/\/luxonomy.net\/es\/wp-json\/wp\/v2\/tags?post=49157"},{"taxonomy":"thb-sponsors","embeddable":true,"href":"https:\/\/luxonomy.net\/es\/wp-json\/wp\/v2\/thb-sponsors?post=49157"}],"curies":[{"name":"wp","href":"https:\/\/api.w.org\/{rel}","templated":true}]}}