{"id":48743,"date":"2023-10-18T05:34:38","date_gmt":"2023-10-18T03:34:38","guid":{"rendered":"https:\/?p=48743"},"modified":"2023-10-18T11:30:56","modified_gmt":"2023-10-18T09:30:56","slug":"ciudades-de-espana-donde-mas-lujo-se-esta-vendiendo-en-2023","status":"publish","type":"post","link":"https:\/\/luxonomy.net\/es\/ciudades-de-espana-donde-mas-lujo-se-esta-vendiendo-en-2023\/","title":{"rendered":"Ciudades de Espa\u00f1a donde m\u00e1s lujo se est\u00e1 vendiendo en 2023"},"content":{"rendered":"<p>El mercado de bienes de lujo en Espa\u00f1a ha mostrado una <strong>concentraci\u00f3n notable en ciertas ciudades durante este a\u00f1o 2023.<\/strong> A continuaci\u00f3n te presento un an\u00e1lisis detallado de las <strong>ciudades espa\u00f1olas donde m\u00e1s lujo se ha vendido en este a\u00f1o<\/strong>:<\/p>\n<h3>M\u00e1laga y Baleares: Liderando en Ultralujo<\/h3>\n<p>M\u00e1laga y las Islas Baleares destacan especialmente en el segmento de ultralujo, definido por <strong>viviendas con un precio superior a los tres millones de euros<\/strong>. En <strong>M\u00e1laga<\/strong> se anunciaron <strong>3.023<\/strong> viviendas de ultralujo, mientras que en <strong>Baleares<\/strong> se anunciaron <strong>2.874<\/strong>. Estas cifras representan el <strong>36,3% y el 34,5% del total <\/strong>de anuncios de ultralujo en Espa\u00f1a, respectivamente.<\/p>\n<p>Adem\u00e1s, <strong>M\u00e1laga<\/strong> lider\u00f3 en <strong>n\u00famero de operaciones de ventas de lujo<\/strong>, seguido por <strong>Baleares<\/strong>, <strong>Madrid<\/strong> y <strong>Barcelona<\/strong>, que en conjunto acapararon el <strong>69% de las viviendas de lujo vendidas en el pa\u00eds<\/strong>.<\/p><div id=\"luxon-1729672844\" class=\"luxon-3er-parrafo luxon-entity-placement\" style=\"margin-top: 20px;margin-bottom: 20px;margin-left: auto;margin-right: auto;text-align: center;\"><a href=\"https:\/\/luxonomy.university\/course\/master-turismo-de-lujo\" target=\"_blank\" aria-label=\"master-turismo-lujo-2026-2027\"><img loading=\"lazy\" decoding=\"async\" src=\"https:\/\/i0.wp.com\/luxonomy.net\/wp-content\/uploads\/2020\/07\/master-turismo-lujo-2026-2027.jpg?fit=1672%2C941&#038;ssl=1\" alt=\"\"  srcset=\"https:\/\/i0.wp.com\/luxonomy.net\/wp-content\/uploads\/2020\/07\/master-turismo-lujo-2026-2027.jpg?w=1672&ssl=1 1672w, https:\/\/i0.wp.com\/luxonomy.net\/wp-content\/uploads\/2020\/07\/master-turismo-lujo-2026-2027.jpg?resize=300%2C169&ssl=1 300w, https:\/\/i0.wp.com\/luxonomy.net\/wp-content\/uploads\/2020\/07\/master-turismo-lujo-2026-2027.jpg?resize=1024%2C576&ssl=1 1024w, https:\/\/i0.wp.com\/luxonomy.net\/wp-content\/uploads\/2020\/07\/master-turismo-lujo-2026-2027.jpg?resize=768%2C432&ssl=1 768w, https:\/\/i0.wp.com\/luxonomy.net\/wp-content\/uploads\/2020\/07\/master-turismo-lujo-2026-2027.jpg?resize=1536%2C864&ssl=1 1536w, https:\/\/i0.wp.com\/luxonomy.net\/wp-content\/uploads\/2020\/07\/master-turismo-lujo-2026-2027.jpg?resize=370%2C208&ssl=1 370w, https:\/\/i0.wp.com\/luxonomy.net\/wp-content\/uploads\/2020\/07\/master-turismo-lujo-2026-2027.jpg?resize=800%2C450&ssl=1 800w, https:\/\/i0.wp.com\/luxonomy.net\/wp-content\/uploads\/2020\/07\/master-turismo-lujo-2026-2027.jpg?resize=20%2C11&ssl=1 20w, https:\/\/i0.wp.com\/luxonomy.net\/wp-content\/uploads\/2020\/07\/master-turismo-lujo-2026-2027.jpg?resize=740%2C416&ssl=1 740w, https:\/\/i0.wp.com\/luxonomy.net\/wp-content\/uploads\/2020\/07\/master-turismo-lujo-2026-2027.jpg?resize=1600%2C900&ssl=1 1600w, https:\/\/i0.wp.com\/luxonomy.net\/wp-content\/uploads\/2020\/07\/master-turismo-lujo-2026-2027.jpg?resize=1200%2C675&ssl=1 1200w, https:\/\/i0.wp.com\/luxonomy.net\/wp-content\/uploads\/2020\/07\/master-turismo-lujo-2026-2027.jpg?resize=85%2C48&ssl=1 85w\" sizes=\"(max-width: 1170px) 100vw, 1170px\" class=\"no-lazyload\" width=\"1672\" height=\"941\"   \/><\/a><\/div>\n<h3>Madrid y Barcelona: En el Radar de los Multimillonarios<\/h3>\n<p>Madrid y Barcelona tambi\u00e9n se encuentran en el radar de los m\u00e1s ricos, mostrando un creciente inter\u00e9s en Espa\u00f1a como destino para la inversi\u00f3n inmobiliaria de lujo. Ambas ciudades se destacan en el mercado de viviendas de lujo, con <strong>Madrid<\/strong> albergando <strong>4.904<\/strong> viviendas y <strong>Barcelona<\/strong> <strong>4.519<\/strong>, con <strong>precios superiores al mill\u00f3n de euros<\/strong>.<\/p>\n<p>Adem\u00e1s, <strong>Madrid<\/strong> ser\u00e1 <strong>una de las cinco ciudades del mundo en las que m\u00e1s crecer\u00e1n los precios de las viviendas de lujo durante el 2023<\/strong>, lo que indica una <strong>tendencia al alza<\/strong> en el mercado de lujo de la ciudad.<\/p>\n<h3>Otras Ciudades Notables<\/h3>\n<p>M\u00e1s all\u00e1 de las cuatro ciudades principales, <strong>Alicante<\/strong> y <strong>Girona<\/strong> tambi\u00e9n tienen una presencia significativa en el mercado de lujo, con <strong>4.339<\/strong> y <strong>2.398<\/strong> viviendas de lujo anunciadas respectivamente. Seguidas por estas, se encuentran ciudades como <strong>C\u00e1diz<\/strong>, <strong>Santa Cruz de Tenerife<\/strong>, <strong>Valencia<\/strong>, entre otras, aunque con una participaci\u00f3n menor en el mercado.<\/p>\n<p>El <strong>panorama del lujo en Espa\u00f1a<\/strong> durante <strong>2023<\/strong> muestra una concentraci\u00f3n en ciertas \u00e1reas geogr\u00e1ficas, especialmente en <strong>M\u00e1laga, Baleares, Madrid y Barcelona. <\/strong>El crecimiento del <strong>turismo de alta gama <\/strong>y el inter\u00e9s de los <strong>inversores extranjeros<\/strong> son factores que contribuyen a esta tendencia, posicionando a <strong>Espa\u00f1a como un destino atractivo para la inversi\u00f3n en el mercado de lujo<\/strong>.<\/p><div id=\"luxon-934033141\" class=\"luxon-7-parrafo luxon-entity-placement\" style=\"margin-top: 20px;margin-bottom: 20px;margin-left: auto;margin-right: auto;text-align: center;\"><a href=\"https:\/\/theintelligence.institute\/course\/inteligencia-artificial-para-directivos\" target=\"_blank\" aria-label=\"CSIAD_empresas_THEI_horizontal_4x3_v5\"><img loading=\"lazy\" decoding=\"async\" src=\"https:\/\/i0.wp.com\/luxonomy.net\/wp-content\/uploads\/2025\/08\/CSIAD_empresas_THEI_horizontal_4x3_v5.png?fit=2000%2C1500&#038;ssl=1\" alt=\"\"  srcset=\"https:\/\/i0.wp.com\/luxonomy.net\/wp-content\/uploads\/2025\/08\/CSIAD_empresas_THEI_horizontal_4x3_v5.png?w=2000&ssl=1 2000w, https:\/\/i0.wp.com\/luxonomy.net\/wp-content\/uploads\/2025\/08\/CSIAD_empresas_THEI_horizontal_4x3_v5.png?resize=300%2C225&ssl=1 300w, https:\/\/i0.wp.com\/luxonomy.net\/wp-content\/uploads\/2025\/08\/CSIAD_empresas_THEI_horizontal_4x3_v5.png?resize=1024%2C768&ssl=1 1024w, https:\/\/i0.wp.com\/luxonomy.net\/wp-content\/uploads\/2025\/08\/CSIAD_empresas_THEI_horizontal_4x3_v5.png?resize=768%2C576&ssl=1 768w, https:\/\/i0.wp.com\/luxonomy.net\/wp-content\/uploads\/2025\/08\/CSIAD_empresas_THEI_horizontal_4x3_v5.png?resize=1536%2C1152&ssl=1 1536w, https:\/\/i0.wp.com\/luxonomy.net\/wp-content\/uploads\/2025\/08\/CSIAD_empresas_THEI_horizontal_4x3_v5.png?resize=370%2C278&ssl=1 370w, https:\/\/i0.wp.com\/luxonomy.net\/wp-content\/uploads\/2025\/08\/CSIAD_empresas_THEI_horizontal_4x3_v5.png?resize=800%2C600&ssl=1 800w, https:\/\/i0.wp.com\/luxonomy.net\/wp-content\/uploads\/2025\/08\/CSIAD_empresas_THEI_horizontal_4x3_v5.png?resize=20%2C15&ssl=1 20w, https:\/\/i0.wp.com\/luxonomy.net\/wp-content\/uploads\/2025\/08\/CSIAD_empresas_THEI_horizontal_4x3_v5.png?resize=740%2C555&ssl=1 740w, https:\/\/i0.wp.com\/luxonomy.net\/wp-content\/uploads\/2025\/08\/CSIAD_empresas_THEI_horizontal_4x3_v5.png?resize=1600%2C1200&ssl=1 1600w, https:\/\/i0.wp.com\/luxonomy.net\/wp-content\/uploads\/2025\/08\/CSIAD_empresas_THEI_horizontal_4x3_v5.png?resize=1200%2C900&ssl=1 1200w, https:\/\/i0.wp.com\/luxonomy.net\/wp-content\/uploads\/2025\/08\/CSIAD_empresas_THEI_horizontal_4x3_v5.png?resize=64%2C48&ssl=1 64w\" sizes=\"(max-width: 1170px) 100vw, 1170px\" class=\"no-lazyload\" width=\"2000\" height=\"1500\"   \/><\/a><\/div>\n","protected":false},"excerpt":{"rendered":"<p>El mercado de bienes de lujo en Espa\u00f1a ha mostrado una concentraci\u00f3n notable en ciertas ciudades durante este a\u00f1o 2023. A continuaci\u00f3n te presento un an\u00e1lisis detallado de las ciudades espa\u00f1olas donde m\u00e1s lujo se ha vendido en este a\u00f1o: M\u00e1laga y Baleares: Liderando en Ultralujo M\u00e1laga y las Islas Baleares destacan especialmente en el&hellip;<\/p>\n","protected":false},"author":19,"featured_media":48754,"comment_status":"closed","ping_status":"open","sticky":false,"template":"","format":"standard","meta":{"_jetpack_newsletter_access":"","_jetpack_dont_email_post_to_subs":false,"_jetpack_newsletter_tier_id":0,"_jetpack_memberships_contains_paywalled_content":false,"_jetpack_feature_clip_id":0,"_jetpack_memberships_contains_paid_content":false,"footnotes":"","jetpack_publicize_message":"","jetpack_publicize_feature_enabled":true,"jetpack_social_post_already_shared":true,"jetpack_social_options":{"image_generator_settings":{"template":"edge","default_image_id":0,"font":"","enabled":false},"version":2},"jetpack_post_was_ever_published":false},"categories":[1128],"tags":[552,1284,1997],"thb-sponsors":[],"class_list":["post-48743","post","type-post","status-publish","format-standard","has-post-thumbnail","hentry","category-economia","tag-economia","tag-espana","tag-inversiones"],"yoast_head":"<!-- This site is optimized with the Yoast SEO plugin v28.4 - https:\/\/yoast.com\/product\/yoast-seo-wordpress\/ -->\n<title>Ciudades de Espa\u00f1a donde m\u00e1s lujo se est\u00e1 vendiendo en 2023 | LUXONOMY<\/title>\n<meta name=\"robots\" content=\"index, follow, max-snippet:-1, max-image-preview:large, max-video-preview:-1\" \/>\n<link rel=\"canonical\" href=\"https:\/\/luxonomy.net\/es\/ciudades-de-espana-donde-mas-lujo-se-esta-vendiendo-en-2023\/\" \/>\n<meta property=\"og:locale\" content=\"es_ES\" \/>\n<meta property=\"og:type\" content=\"article\" \/>\n<meta property=\"og:title\" content=\"Ciudades de Espa\u00f1a donde m\u00e1s lujo se est\u00e1 vendiendo en 2023 | LUXONOMY\" \/>\n<meta property=\"og:description\" content=\"El mercado de bienes de lujo en Espa\u00f1a ha mostrado una concentraci\u00f3n notable en ciertas ciudades durante este a\u00f1o 2023. A continuaci\u00f3n te presento un an\u00e1lisis detallado de las ciudades espa\u00f1olas donde m\u00e1s lujo se ha vendido en este a\u00f1o: M\u00e1laga y Baleares: Liderando en Ultralujo M\u00e1laga y las Islas Baleares destacan especialmente en el&hellip;\" \/>\n<meta property=\"og:url\" content=\"https:\/\/luxonomy.net\/es\/ciudades-de-espana-donde-mas-lujo-se-esta-vendiendo-en-2023\/\" \/>\n<meta property=\"og:site_name\" content=\"LUXONOMY\" \/>\n<meta property=\"article:publisher\" content=\"https:\/\/www.facebook.com\/luxonomy\" \/>\n<meta property=\"article:published_time\" content=\"2023-10-18T03:34:38+00:00\" \/>\n<meta property=\"article:modified_time\" content=\"2023-10-18T09:30:56+00:00\" \/>\n<meta property=\"og:image\" content=\"https:\/\/i0.wp.com\/luxonomy.net\/wp-content\/uploads\/2023\/10\/port-sunset-with-ferris-wheel-background_1206-5.jpg?fit=1800%2C1200&quality=89&ssl=1\" \/>\n\t<meta property=\"og:image:width\" content=\"1800\" \/>\n\t<meta property=\"og:image:height\" content=\"1200\" \/>\n\t<meta property=\"og:image:type\" content=\"image\/jpeg\" \/>\n<meta name=\"author\" content=\"Pablo Guti\u00e9rrez-Rav\u00e9 Villal\u00f3n\" \/>\n<meta name=\"twitter:card\" content=\"summary_large_image\" \/>\n<meta name=\"twitter:label1\" content=\"Escrito por\" \/>\n\t<meta name=\"twitter:data1\" content=\"Pablo Guti\u00e9rrez-Rav\u00e9 Villal\u00f3n\" \/>\n\t<meta name=\"twitter:label2\" content=\"Tiempo de lectura\" \/>\n\t<meta name=\"twitter:data2\" content=\"2 minutos\" \/>\n<script type=\"application\/ld+json\" class=\"yoast-schema-graph\">{\"@context\":\"https:\\\/\\\/schema.org\",\"@graph\":[{\"@type\":\"Article\",\"@id\":\"https:\\\/\\\/luxonomy.net\\\/es\\\/ciudades-de-espana-donde-mas-lujo-se-esta-vendiendo-en-2023\\\/#article\",\"isPartOf\":{\"@id\":\"https:\\\/\\\/luxonomy.net\\\/es\\\/ciudades-de-espana-donde-mas-lujo-se-esta-vendiendo-en-2023\\\/\"},\"author\":{\"name\":\"Pablo Guti\u00e9rrez-Rav\u00e9 Villal\u00f3n\",\"@id\":\"https:\\\/\\\/luxonomy.net\\\/es\\\/#\\\/schema\\\/person\\\/aca186356f30a813f61bbf19ba52c031\"},\"headline\":\"Ciudades de Espa\u00f1a donde m\u00e1s lujo se est\u00e1 vendiendo en 2023\",\"datePublished\":\"2023-10-18T03:34:38+00:00\",\"dateModified\":\"2023-10-18T09:30:56+00:00\",\"mainEntityOfPage\":{\"@id\":\"https:\\\/\\\/luxonomy.net\\\/es\\\/ciudades-de-espana-donde-mas-lujo-se-esta-vendiendo-en-2023\\\/\"},\"wordCount\":386,\"publisher\":{\"@id\":\"https:\\\/\\\/luxonomy.net\\\/es\\\/#organization\"},\"image\":{\"@id\":\"https:\\\/\\\/luxonomy.net\\\/es\\\/ciudades-de-espana-donde-mas-lujo-se-esta-vendiendo-en-2023\\\/#primaryimage\"},\"thumbnailUrl\":\"https:\\\/\\\/i0.wp.com\\\/luxonomy.net\\\/wp-content\\\/uploads\\\/2023\\\/10\\\/port-sunset-with-ferris-wheel-background_1206-5.jpg?fit=1800%2C1200&ssl=1\",\"keywords\":[\"econom\u00eda\",\"espa\u00f1a\",\"inversiones\"],\"articleSection\":[\"Econom\u00eda\"],\"inLanguage\":\"es\"},{\"@type\":\"WebPage\",\"@id\":\"https:\\\/\\\/luxonomy.net\\\/es\\\/ciudades-de-espana-donde-mas-lujo-se-esta-vendiendo-en-2023\\\/\",\"url\":\"https:\\\/\\\/luxonomy.net\\\/es\\\/ciudades-de-espana-donde-mas-lujo-se-esta-vendiendo-en-2023\\\/\",\"name\":\"Ciudades de Espa\u00f1a donde m\u00e1s lujo se est\u00e1 vendiendo en 2023 | LUXONOMY\",\"isPartOf\":{\"@id\":\"https:\\\/\\\/luxonomy.net\\\/es\\\/#website\"},\"primaryImageOfPage\":{\"@id\":\"https:\\\/\\\/luxonomy.net\\\/es\\\/ciudades-de-espana-donde-mas-lujo-se-esta-vendiendo-en-2023\\\/#primaryimage\"},\"image\":{\"@id\":\"https:\\\/\\\/luxonomy.net\\\/es\\\/ciudades-de-espana-donde-mas-lujo-se-esta-vendiendo-en-2023\\\/#primaryimage\"},\"thumbnailUrl\":\"https:\\\/\\\/i0.wp.com\\\/luxonomy.net\\\/wp-content\\\/uploads\\\/2023\\\/10\\\/port-sunset-with-ferris-wheel-background_1206-5.jpg?fit=1800%2C1200&ssl=1\",\"datePublished\":\"2023-10-18T03:34:38+00:00\",\"dateModified\":\"2023-10-18T09:30:56+00:00\",\"breadcrumb\":{\"@id\":\"https:\\\/\\\/luxonomy.net\\\/es\\\/ciudades-de-espana-donde-mas-lujo-se-esta-vendiendo-en-2023\\\/#breadcrumb\"},\"inLanguage\":\"es\",\"potentialAction\":[{\"@type\":\"ReadAction\",\"target\":[\"https:\\\/\\\/luxonomy.net\\\/es\\\/ciudades-de-espana-donde-mas-lujo-se-esta-vendiendo-en-2023\\\/\"]}]},{\"@type\":\"ImageObject\",\"inLanguage\":\"es\",\"@id\":\"https:\\\/\\\/luxonomy.net\\\/es\\\/ciudades-de-espana-donde-mas-lujo-se-esta-vendiendo-en-2023\\\/#primaryimage\",\"url\":\"https:\\\/\\\/i0.wp.com\\\/luxonomy.net\\\/wp-content\\\/uploads\\\/2023\\\/10\\\/port-sunset-with-ferris-wheel-background_1206-5.jpg?fit=1800%2C1200&ssl=1\",\"contentUrl\":\"https:\\\/\\\/i0.wp.com\\\/luxonomy.net\\\/wp-content\\\/uploads\\\/2023\\\/10\\\/port-sunset-with-ferris-wheel-background_1206-5.jpg?fit=1800%2C1200&ssl=1\",\"width\":1800,\"height\":1200},{\"@type\":\"BreadcrumbList\",\"@id\":\"https:\\\/\\\/luxonomy.net\\\/es\\\/ciudades-de-espana-donde-mas-lujo-se-esta-vendiendo-en-2023\\\/#breadcrumb\",\"itemListElement\":[{\"@type\":\"ListItem\",\"position\":1,\"name\":\"Portada\",\"item\":\"https:\\\/\\\/luxonomy.net\\\/es\\\/\"},{\"@type\":\"ListItem\",\"position\":2,\"name\":\"Ciudades de Espa\u00f1a donde m\u00e1s lujo se est\u00e1 vendiendo en 2023\"}]},{\"@type\":\"WebSite\",\"@id\":\"https:\\\/\\\/luxonomy.net\\\/es\\\/#website\",\"url\":\"https:\\\/\\\/luxonomy.net\\\/es\\\/\",\"name\":\"LUXONOMY\",\"description\":\"The Economy of Fashion &amp; Luxury\",\"publisher\":{\"@id\":\"https:\\\/\\\/luxonomy.net\\\/es\\\/#organization\"},\"potentialAction\":[{\"@type\":\"SearchAction\",\"target\":{\"@type\":\"EntryPoint\",\"urlTemplate\":\"https:\\\/\\\/luxonomy.net\\\/es\\\/?s={search_term_string}\"},\"query-input\":{\"@type\":\"PropertyValueSpecification\",\"valueRequired\":true,\"valueName\":\"search_term_string\"}}],\"inLanguage\":\"es\"},{\"@type\":\"Organization\",\"@id\":\"https:\\\/\\\/luxonomy.net\\\/es\\\/#organization\",\"name\":\"LUXONOMY\",\"url\":\"https:\\\/\\\/luxonomy.net\\\/es\\\/\",\"logo\":{\"@type\":\"ImageObject\",\"inLanguage\":\"es\",\"@id\":\"https:\\\/\\\/luxonomy.net\\\/es\\\/#\\\/schema\\\/logo\\\/image\\\/\",\"url\":\"https:\\\/\\\/i2.wp.com\\\/luxonomy.net\\\/wp-content\\\/uploads\\\/2021\\\/09\\\/MOCKUP-TODOS-LUXONOMY.jpg?fit=1000%2C515&ssl=1\",\"contentUrl\":\"https:\\\/\\\/i2.wp.com\\\/luxonomy.net\\\/wp-content\\\/uploads\\\/2021\\\/09\\\/MOCKUP-TODOS-LUXONOMY.jpg?fit=1000%2C515&ssl=1\",\"width\":1000,\"height\":515,\"caption\":\"LUXONOMY\"},\"image\":{\"@id\":\"https:\\\/\\\/luxonomy.net\\\/es\\\/#\\\/schema\\\/logo\\\/image\\\/\"},\"sameAs\":[\"https:\\\/\\\/www.facebook.com\\\/luxonomy\",\"https:\\\/\\\/www.instagram.com\\\/luxonomy\\\/\",\"https:\\\/\\\/www.linkedin.com\\\/company\\\/luxonomy\\\/\"]},{\"@type\":\"Person\",\"@id\":\"https:\\\/\\\/luxonomy.net\\\/es\\\/#\\\/schema\\\/person\\\/aca186356f30a813f61bbf19ba52c031\",\"name\":\"Pablo Guti\u00e9rrez-Rav\u00e9 Villal\u00f3n\",\"image\":{\"@type\":\"ImageObject\",\"inLanguage\":\"es\",\"@id\":\"https:\\\/\\\/luxonomy.net\\\/wp-content\\\/litespeed\\\/avatar\\\/b80839bcd1d7840754b71e72cad801ce.jpg?ver=1788213692\",\"url\":\"https:\\\/\\\/luxonomy.net\\\/wp-content\\\/litespeed\\\/avatar\\\/b80839bcd1d7840754b71e72cad801ce.jpg?ver=1788213692\",\"contentUrl\":\"https:\\\/\\\/luxonomy.net\\\/wp-content\\\/litespeed\\\/avatar\\\/b80839bcd1d7840754b71e72cad801ce.jpg?ver=1788213692\",\"caption\":\"Pablo Guti\u00e9rrez-Rav\u00e9 Villal\u00f3n\"},\"description\":\"president LUXONOMY\u2122 Group\",\"sameAs\":[\"https:\\\/\\\/www.linkedin.com\\\/in\\\/pablogutierrezrave\\\/\"],\"url\":\"https:\\\/\\\/luxonomy.net\\\/es\\\/author\\\/pablo\\\/\"}]}<\/script>\n<!-- \/ Yoast SEO plugin. -->","yoast_head_json":{"title":"Ciudades de Espa\u00f1a donde m\u00e1s lujo se est\u00e1 vendiendo en 2023 | LUXONOMY","robots":{"index":"index","follow":"follow","max-snippet":"max-snippet:-1","max-image-preview":"max-image-preview:large","max-video-preview":"max-video-preview:-1"},"canonical":"https:\/\/luxonomy.net\/es\/ciudades-de-espana-donde-mas-lujo-se-esta-vendiendo-en-2023\/","og_locale":"es_ES","og_type":"article","og_title":"Ciudades de Espa\u00f1a donde m\u00e1s lujo se est\u00e1 vendiendo en 2023 | LUXONOMY","og_description":"El mercado de bienes de lujo en Espa\u00f1a ha mostrado una concentraci\u00f3n notable en ciertas ciudades durante este a\u00f1o 2023. A continuaci\u00f3n te presento un an\u00e1lisis detallado de las ciudades espa\u00f1olas donde m\u00e1s lujo se ha vendido en este a\u00f1o: M\u00e1laga y Baleares: Liderando en Ultralujo M\u00e1laga y las Islas Baleares destacan especialmente en el&hellip;","og_url":"https:\/\/luxonomy.net\/es\/ciudades-de-espana-donde-mas-lujo-se-esta-vendiendo-en-2023\/","og_site_name":"LUXONOMY","article_publisher":"https:\/\/www.facebook.com\/luxonomy","article_published_time":"2023-10-18T03:34:38+00:00","article_modified_time":"2023-10-18T09:30:56+00:00","og_image":[{"width":1800,"height":1200,"url":"https:\/\/i0.wp.com\/luxonomy.net\/wp-content\/uploads\/2023\/10\/port-sunset-with-ferris-wheel-background_1206-5.jpg?fit=1800%2C1200&quality=89&ssl=1","type":"image\/jpeg"}],"author":"Pablo Guti\u00e9rrez-Rav\u00e9 Villal\u00f3n","twitter_card":"summary_large_image","twitter_misc":{"Escrito por":"Pablo Guti\u00e9rrez-Rav\u00e9 Villal\u00f3n","Tiempo de lectura":"2 minutos"},"schema":{"@context":"https:\/\/schema.org","@graph":[{"@type":"Article","@id":"https:\/\/luxonomy.net\/es\/ciudades-de-espana-donde-mas-lujo-se-esta-vendiendo-en-2023\/#article","isPartOf":{"@id":"https:\/\/luxonomy.net\/es\/ciudades-de-espana-donde-mas-lujo-se-esta-vendiendo-en-2023\/"},"author":{"name":"Pablo Guti\u00e9rrez-Rav\u00e9 Villal\u00f3n","@id":"https:\/\/luxonomy.net\/es\/#\/schema\/person\/aca186356f30a813f61bbf19ba52c031"},"headline":"Ciudades de Espa\u00f1a donde m\u00e1s lujo se est\u00e1 vendiendo en 2023","datePublished":"2023-10-18T03:34:38+00:00","dateModified":"2023-10-18T09:30:56+00:00","mainEntityOfPage":{"@id":"https:\/\/luxonomy.net\/es\/ciudades-de-espana-donde-mas-lujo-se-esta-vendiendo-en-2023\/"},"wordCount":386,"publisher":{"@id":"https:\/\/luxonomy.net\/es\/#organization"},"image":{"@id":"https:\/\/luxonomy.net\/es\/ciudades-de-espana-donde-mas-lujo-se-esta-vendiendo-en-2023\/#primaryimage"},"thumbnailUrl":"https:\/\/i0.wp.com\/luxonomy.net\/wp-content\/uploads\/2023\/10\/port-sunset-with-ferris-wheel-background_1206-5.jpg?fit=1800%2C1200&ssl=1","keywords":["econom\u00eda","espa\u00f1a","inversiones"],"articleSection":["Econom\u00eda"],"inLanguage":"es"},{"@type":"WebPage","@id":"https:\/\/luxonomy.net\/es\/ciudades-de-espana-donde-mas-lujo-se-esta-vendiendo-en-2023\/","url":"https:\/\/luxonomy.net\/es\/ciudades-de-espana-donde-mas-lujo-se-esta-vendiendo-en-2023\/","name":"Ciudades de Espa\u00f1a donde m\u00e1s lujo se est\u00e1 vendiendo en 2023 | LUXONOMY","isPartOf":{"@id":"https:\/\/luxonomy.net\/es\/#website"},"primaryImageOfPage":{"@id":"https:\/\/luxonomy.net\/es\/ciudades-de-espana-donde-mas-lujo-se-esta-vendiendo-en-2023\/#primaryimage"},"image":{"@id":"https:\/\/luxonomy.net\/es\/ciudades-de-espana-donde-mas-lujo-se-esta-vendiendo-en-2023\/#primaryimage"},"thumbnailUrl":"https:\/\/i0.wp.com\/luxonomy.net\/wp-content\/uploads\/2023\/10\/port-sunset-with-ferris-wheel-background_1206-5.jpg?fit=1800%2C1200&ssl=1","datePublished":"2023-10-18T03:34:38+00:00","dateModified":"2023-10-18T09:30:56+00:00","breadcrumb":{"@id":"https:\/\/luxonomy.net\/es\/ciudades-de-espana-donde-mas-lujo-se-esta-vendiendo-en-2023\/#breadcrumb"},"inLanguage":"es","potentialAction":[{"@type":"ReadAction","target":["https:\/\/luxonomy.net\/es\/ciudades-de-espana-donde-mas-lujo-se-esta-vendiendo-en-2023\/"]}]},{"@type":"ImageObject","inLanguage":"es","@id":"https:\/\/luxonomy.net\/es\/ciudades-de-espana-donde-mas-lujo-se-esta-vendiendo-en-2023\/#primaryimage","url":"https:\/\/i0.wp.com\/luxonomy.net\/wp-content\/uploads\/2023\/10\/port-sunset-with-ferris-wheel-background_1206-5.jpg?fit=1800%2C1200&ssl=1","contentUrl":"https:\/\/i0.wp.com\/luxonomy.net\/wp-content\/uploads\/2023\/10\/port-sunset-with-ferris-wheel-background_1206-5.jpg?fit=1800%2C1200&ssl=1","width":1800,"height":1200},{"@type":"BreadcrumbList","@id":"https:\/\/luxonomy.net\/es\/ciudades-de-espana-donde-mas-lujo-se-esta-vendiendo-en-2023\/#breadcrumb","itemListElement":[{"@type":"ListItem","position":1,"name":"Portada","item":"https:\/\/luxonomy.net\/es\/"},{"@type":"ListItem","position":2,"name":"Ciudades de Espa\u00f1a donde m\u00e1s lujo se est\u00e1 vendiendo en 2023"}]},{"@type":"WebSite","@id":"https:\/\/luxonomy.net\/es\/#website","url":"https:\/\/luxonomy.net\/es\/","name":"LUXONOMY","description":"The Economy of Fashion &amp; Luxury","publisher":{"@id":"https:\/\/luxonomy.net\/es\/#organization"},"potentialAction":[{"@type":"SearchAction","target":{"@type":"EntryPoint","urlTemplate":"https:\/\/luxonomy.net\/es\/?s={search_term_string}"},"query-input":{"@type":"PropertyValueSpecification","valueRequired":true,"valueName":"search_term_string"}}],"inLanguage":"es"},{"@type":"Organization","@id":"https:\/\/luxonomy.net\/es\/#organization","name":"LUXONOMY","url":"https:\/\/luxonomy.net\/es\/","logo":{"@type":"ImageObject","inLanguage":"es","@id":"https:\/\/luxonomy.net\/es\/#\/schema\/logo\/image\/","url":"https:\/\/i2.wp.com\/luxonomy.net\/wp-content\/uploads\/2021\/09\/MOCKUP-TODOS-LUXONOMY.jpg?fit=1000%2C515&ssl=1","contentUrl":"https:\/\/i2.wp.com\/luxonomy.net\/wp-content\/uploads\/2021\/09\/MOCKUP-TODOS-LUXONOMY.jpg?fit=1000%2C515&ssl=1","width":1000,"height":515,"caption":"LUXONOMY"},"image":{"@id":"https:\/\/luxonomy.net\/es\/#\/schema\/logo\/image\/"},"sameAs":["https:\/\/www.facebook.com\/luxonomy","https:\/\/www.instagram.com\/luxonomy\/","https:\/\/www.linkedin.com\/company\/luxonomy\/"]},{"@type":"Person","@id":"https:\/\/luxonomy.net\/es\/#\/schema\/person\/aca186356f30a813f61bbf19ba52c031","name":"Pablo Guti\u00e9rrez-Rav\u00e9 Villal\u00f3n","image":{"@type":"ImageObject","inLanguage":"es","@id":"https:\/\/luxonomy.net\/wp-content\/litespeed\/avatar\/b80839bcd1d7840754b71e72cad801ce.jpg?ver=1788213692","url":"https:\/\/luxonomy.net\/wp-content\/litespeed\/avatar\/b80839bcd1d7840754b71e72cad801ce.jpg?ver=1788213692","contentUrl":"https:\/\/luxonomy.net\/wp-content\/litespeed\/avatar\/b80839bcd1d7840754b71e72cad801ce.jpg?ver=1788213692","caption":"Pablo Guti\u00e9rrez-Rav\u00e9 Villal\u00f3n"},"description":"president LUXONOMY\u2122 Group","sameAs":["https:\/\/www.linkedin.com\/in\/pablogutierrezrave\/"],"url":"https:\/\/luxonomy.net\/es\/author\/pablo\/"}]}},"jetpack_publicize_connections":[],"jetpack_shortlink":"https:\/\/wp.me\/paPhBa-cGb","jetpack_sharing_enabled":true,"jetpack_featured_media_url":"https:\/\/i0.wp.com\/luxonomy.net\/wp-content\/uploads\/2023\/10\/port-sunset-with-ferris-wheel-background_1206-5.jpg?fit=1800%2C1200&ssl=1","_links":{"self":[{"href":"https:\/\/luxonomy.net\/es\/wp-json\/wp\/v2\/posts\/48743","targetHints":{"allow":["GET"]}}],"collection":[{"href":"https:\/\/luxonomy.net\/es\/wp-json\/wp\/v2\/posts"}],"about":[{"href":"https:\/\/luxonomy.net\/es\/wp-json\/wp\/v2\/types\/post"}],"author":[{"embeddable":true,"href":"https:\/\/luxonomy.net\/es\/wp-json\/wp\/v2\/users\/19"}],"replies":[{"embeddable":true,"href":"https:\/\/luxonomy.net\/es\/wp-json\/wp\/v2\/comments?post=48743"}],"version-history":[{"count":4,"href":"https:\/\/luxonomy.net\/es\/wp-json\/wp\/v2\/posts\/48743\/revisions"}],"predecessor-version":[{"id":48757,"href":"https:\/\/luxonomy.net\/es\/wp-json\/wp\/v2\/posts\/48743\/revisions\/48757"}],"wp:featuredmedia":[{"embeddable":true,"href":"https:\/\/luxonomy.net\/es\/wp-json\/wp\/v2\/media\/48754"}],"wp:attachment":[{"href":"https:\/\/luxonomy.net\/es\/wp-json\/wp\/v2\/media?parent=48743"}],"wp:term":[{"taxonomy":"category","embeddable":true,"href":"https:\/\/luxonomy.net\/es\/wp-json\/wp\/v2\/categories?post=48743"},{"taxonomy":"post_tag","embeddable":true,"href":"https:\/\/luxonomy.net\/es\/wp-json\/wp\/v2\/tags?post=48743"},{"taxonomy":"thb-sponsors","embeddable":true,"href":"https:\/\/luxonomy.net\/es\/wp-json\/wp\/v2\/thb-sponsors?post=48743"}],"curies":[{"name":"wp","href":"https:\/\/api.w.org\/{rel}","templated":true}]}}