{"id":48547,"date":"2023-10-10T00:04:13","date_gmt":"2023-10-09T22:04:13","guid":{"rendered":"https:\/?p=48547"},"modified":"2023-10-10T00:04:14","modified_gmt":"2023-10-09T22:04:14","slug":"lujo-con-conciencia-marcas-de-lujo-que-estan-redefiniendo-la-solidaridad-en-el-siglo-xxi","status":"publish","type":"post","link":"https:\/\/luxonomy.net\/es\/lujo-con-conciencia-marcas-de-lujo-que-estan-redefiniendo-la-solidaridad-en-el-siglo-xxi\/","title":{"rendered":"Lujo con Conciencia: Marcas de Lujo que est\u00e1n redefiniendo la Solidaridad en el Siglo XXI"},"content":{"rendered":"<p>El <strong>lujo<\/strong> y la <strong>solidaridad<\/strong> pueden parecer <strong>conceptos polarmente opuestos a primera vista<\/strong>. Mientras que uno se enfoca en la la exclusividad, el otro se centra en la ayuda y el apoyo a quienes lo necesitan. <strong>Sin embargo, en la intersecci\u00f3n de estos dos mundos, algunas marcas de lujo han esculpido un espacio<\/strong>, demostrando que la <strong>prosperidad puede, y de hecho debe, ser compartida<\/strong>.<\/p>\n<h2>1. Versace y su Lucha contra el C\u00e1ncer<\/h2>\n<p>Versace ha mostrado un fuerte compromiso en la lucha contra el c\u00e1ncer, especialmente a trav\u00e9s del apoyo a organizaciones como el Dana-Farber Cancer Institute. Donatella Versace ha sido activa en eventos de recaudaci\u00f3n de fondos y conscientizaci\u00f3n, proporcionando un valioso soporte financiero y medi\u00e1tico para la causa.<\/p>\n<h2>2. Chanel y Emergency<\/h2>\n<p>Chanel ha colaborado con Emergency, una organizaci\u00f3n que proporciona asistencia m\u00e9dica a v\u00edctimas de conflictos armados y pobreza. La firma ha financiado proyectos hospitalarios y ha ayudado a proporcionar acceso a atenci\u00f3n m\u00e9dica de alta calidad para aquellos en situaciones desesperadas.<\/p><div id=\"luxon-446167670\" class=\"luxon-3er-parrafo luxon-entity-placement\" style=\"margin-top: 20px;margin-bottom: 20px;margin-left: auto;margin-right: auto;text-align: center;\"><a href=\"https:\/\/luxonomy.university\/course\/master-turismo-de-lujo\" target=\"_blank\" aria-label=\"master-turismo-lujo-2026-2027\"><img loading=\"lazy\" decoding=\"async\" src=\"https:\/\/i0.wp.com\/luxonomy.net\/wp-content\/uploads\/2020\/07\/master-turismo-lujo-2026-2027.jpg?fit=1672%2C941&#038;ssl=1\" alt=\"\"  srcset=\"https:\/\/i0.wp.com\/luxonomy.net\/wp-content\/uploads\/2020\/07\/master-turismo-lujo-2026-2027.jpg?w=1672&ssl=1 1672w, https:\/\/i0.wp.com\/luxonomy.net\/wp-content\/uploads\/2020\/07\/master-turismo-lujo-2026-2027.jpg?resize=300%2C169&ssl=1 300w, https:\/\/i0.wp.com\/luxonomy.net\/wp-content\/uploads\/2020\/07\/master-turismo-lujo-2026-2027.jpg?resize=1024%2C576&ssl=1 1024w, https:\/\/i0.wp.com\/luxonomy.net\/wp-content\/uploads\/2020\/07\/master-turismo-lujo-2026-2027.jpg?resize=768%2C432&ssl=1 768w, https:\/\/i0.wp.com\/luxonomy.net\/wp-content\/uploads\/2020\/07\/master-turismo-lujo-2026-2027.jpg?resize=1536%2C864&ssl=1 1536w, https:\/\/i0.wp.com\/luxonomy.net\/wp-content\/uploads\/2020\/07\/master-turismo-lujo-2026-2027.jpg?resize=370%2C208&ssl=1 370w, https:\/\/i0.wp.com\/luxonomy.net\/wp-content\/uploads\/2020\/07\/master-turismo-lujo-2026-2027.jpg?resize=800%2C450&ssl=1 800w, https:\/\/i0.wp.com\/luxonomy.net\/wp-content\/uploads\/2020\/07\/master-turismo-lujo-2026-2027.jpg?resize=20%2C11&ssl=1 20w, https:\/\/i0.wp.com\/luxonomy.net\/wp-content\/uploads\/2020\/07\/master-turismo-lujo-2026-2027.jpg?resize=740%2C416&ssl=1 740w, https:\/\/i0.wp.com\/luxonomy.net\/wp-content\/uploads\/2020\/07\/master-turismo-lujo-2026-2027.jpg?resize=1600%2C900&ssl=1 1600w, https:\/\/i0.wp.com\/luxonomy.net\/wp-content\/uploads\/2020\/07\/master-turismo-lujo-2026-2027.jpg?resize=1200%2C675&ssl=1 1200w, https:\/\/i0.wp.com\/luxonomy.net\/wp-content\/uploads\/2020\/07\/master-turismo-lujo-2026-2027.jpg?resize=85%2C48&ssl=1 85w\" sizes=\"(max-width: 1170px) 100vw, 1170px\" class=\"no-lazyload\" width=\"1672\" height=\"941\"   \/><\/a><\/div>\n<h2>3. Prada y The Lunchbox Fund<\/h2>\n<p>Prada ha colaborado con The Lunchbox Fund, una organizaci\u00f3n que proporciona comidas diarias a estudiantes en extremadamente empobrecidas y remotas \u00e1reas de Sud\u00e1frica. El apoyo de Prada ayuda a asegurar que estos ni\u00f1os reciban al menos una comida nutritiva al d\u00eda, facilitando su atenci\u00f3n y participaci\u00f3n en la educaci\u00f3n.<\/p>\n<h2>4. Cartier y Cartier Philanthropy Foundation<\/h2>\n<p>A trav\u00e9s de la Cartier Philanthropy Foundation, Cartier ha estado trabajando activamente en mejorar el acceso a servicios b\u00e1sicos como salud y educaci\u00f3n para las comunidades m\u00e1s vulnerables del mundo. La fundaci\u00f3n apoya numerosos proyectos que buscan soluciones sostenibles y a largo plazo para erradicar la pobreza.<\/p>\n<h2>5. Burberry y la Fundaci\u00f3n Burberry<\/h2>\n<p>La Fundaci\u00f3n Burberry, lanzada por la marca de lujo brit\u00e1nica, busca ayudar a j\u00f3venes a alcanzar su m\u00e1ximo potencial, proporcionando acceso a recursos y oportunidades en las artes, la educaci\u00f3n, y la sociedad. La fundaci\u00f3n se esfuerza por apoyar organizaciones y programas que crean entornos enriquecedores y abren puertas para la pr\u00f3xima generaci\u00f3n.<\/p>\n<h2>6. Herm\u00e8s y la Fundaci\u00f3n Emile Herm\u00e8s<\/h2>\n<p>La Fundaci\u00f3n Emile Herm\u00e8s se centra en apoyar proyectos que buscan resolver los desaf\u00edos sociales y medioambientales de hoy. Con un enfoque en la sostenibilidad y la innovaci\u00f3n, la fundaci\u00f3n apoya a startups y proyectos que buscan desarrollar soluciones para un futuro m\u00e1s sostenible y responsable.<\/p><div id=\"luxon-144884807\" class=\"luxon-7-parrafo luxon-entity-placement\" style=\"margin-top: 20px;margin-bottom: 20px;margin-left: auto;margin-right: auto;text-align: center;\"><a href=\"https:\/\/theintelligence.institute\/course\/inteligencia-artificial-para-directivos\" target=\"_blank\" aria-label=\"CSIAD_empresas_THEI_horizontal_4x3_v5\"><img loading=\"lazy\" decoding=\"async\" src=\"https:\/\/i0.wp.com\/luxonomy.net\/wp-content\/uploads\/2025\/08\/CSIAD_empresas_THEI_horizontal_4x3_v5.png?fit=2000%2C1500&#038;ssl=1\" alt=\"\"  srcset=\"https:\/\/i0.wp.com\/luxonomy.net\/wp-content\/uploads\/2025\/08\/CSIAD_empresas_THEI_horizontal_4x3_v5.png?w=2000&ssl=1 2000w, https:\/\/i0.wp.com\/luxonomy.net\/wp-content\/uploads\/2025\/08\/CSIAD_empresas_THEI_horizontal_4x3_v5.png?resize=300%2C225&ssl=1 300w, https:\/\/i0.wp.com\/luxonomy.net\/wp-content\/uploads\/2025\/08\/CSIAD_empresas_THEI_horizontal_4x3_v5.png?resize=1024%2C768&ssl=1 1024w, https:\/\/i0.wp.com\/luxonomy.net\/wp-content\/uploads\/2025\/08\/CSIAD_empresas_THEI_horizontal_4x3_v5.png?resize=768%2C576&ssl=1 768w, https:\/\/i0.wp.com\/luxonomy.net\/wp-content\/uploads\/2025\/08\/CSIAD_empresas_THEI_horizontal_4x3_v5.png?resize=1536%2C1152&ssl=1 1536w, https:\/\/i0.wp.com\/luxonomy.net\/wp-content\/uploads\/2025\/08\/CSIAD_empresas_THEI_horizontal_4x3_v5.png?resize=370%2C278&ssl=1 370w, https:\/\/i0.wp.com\/luxonomy.net\/wp-content\/uploads\/2025\/08\/CSIAD_empresas_THEI_horizontal_4x3_v5.png?resize=800%2C600&ssl=1 800w, https:\/\/i0.wp.com\/luxonomy.net\/wp-content\/uploads\/2025\/08\/CSIAD_empresas_THEI_horizontal_4x3_v5.png?resize=20%2C15&ssl=1 20w, https:\/\/i0.wp.com\/luxonomy.net\/wp-content\/uploads\/2025\/08\/CSIAD_empresas_THEI_horizontal_4x3_v5.png?resize=740%2C555&ssl=1 740w, https:\/\/i0.wp.com\/luxonomy.net\/wp-content\/uploads\/2025\/08\/CSIAD_empresas_THEI_horizontal_4x3_v5.png?resize=1600%2C1200&ssl=1 1600w, https:\/\/i0.wp.com\/luxonomy.net\/wp-content\/uploads\/2025\/08\/CSIAD_empresas_THEI_horizontal_4x3_v5.png?resize=1200%2C900&ssl=1 1200w, https:\/\/i0.wp.com\/luxonomy.net\/wp-content\/uploads\/2025\/08\/CSIAD_empresas_THEI_horizontal_4x3_v5.png?resize=64%2C48&ssl=1 64w\" sizes=\"(max-width: 1170px) 100vw, 1170px\" class=\"no-lazyload\" width=\"2000\" height=\"1500\"   \/><\/a><\/div>\n<h2>7. Louis Vuitton y UNICEF<\/h2>\n<p>El gigante del lujo Louis Vuitton ha estado colaborando con UNICEF desde 2016, con su iniciativa \u201cMake a Promise\u201d, mediante la cual una porci\u00f3n de las ventas de ciertos productos se dona para ayudar a ni\u00f1os en situaciones de emergencia. Esta colaboraci\u00f3n ha permitido recaudar millones, facilitando el acceso a agua potable, nutrici\u00f3n, educaci\u00f3n y salud a ni\u00f1os alrededor del mundo.<\/p>\n<h2>8. Bulgari y Save the Children<\/h2>\n<p>Desde 2009, Bulgari ha mantenido una profunda relaci\u00f3n con Save the Children, creando piezas de joyer\u00eda especial que se venden con el prop\u00f3sito de destinar una parte significativa de los ingresos a la organizaci\u00f3n ben\u00e9fica. Este dinero ha sido utilizado para financiar programas de educaci\u00f3n, apoyo y desarrollo para los ni\u00f1os en numerosos pa\u00edses, impactando positivamente la vida de millones de ellos.<\/p>\n<h2>9. Gucci y Chime for Change<\/h2>\n<p>Gucci ha enfocado parte de sus esfuerzos filantr\u00f3picos en empoderar a mujeres y ni\u00f1as a trav\u00e9s de su campa\u00f1a Chime for Change, lanzada en 2013. La campa\u00f1a busca unir y fortalecer las voces que hablan en nombre de las mujeres y las ni\u00f1as en todo el mundo, apoyando proyectos en salud, justicia y educaci\u00f3n, y de esta manera contribuyendo a su empoderamiento y bienestar.<\/p>\n<h2>10. Ralph Lauren y el Pink Pony<\/h2>\n<p>Ralph Lauren ha canalizado su influencia y recursos a trav\u00e9s de su iniciativa Pink Pony, con el objetivo de apoyar la lucha contra el c\u00e1ncer. A trav\u00e9s de la venta de productos espec\u00edficos de la l\u00ednea Pink Pony, la marca ha recaudado fondos significativos para apoyar programas de prevenci\u00f3n, diagn\u00f3stico y tratamiento del c\u00e1ncer, beneficiando a pacientes y sus familias en todo el mundo.<\/p>\n<p>Estas acciones solidarias subrayan la posibilidad de <strong>alinear el lujo y la filantrop\u00eda<\/strong> de una manera que beneficie tanto a las marcas como a las comunidades que estas iniciativas buscan apoyar. La incorporaci\u00f3n de pr\u00e1cticas solidarias y sostenibles en la industria del lujo no solo es una estrategia beneficiosa desde el punto de vista comercial y de imagen, sino tambi\u00e9n una <strong>responsabilidad \u00e9tica<\/strong>, asegurando que <strong>la exclusividad pueda coexistir con la compasi\u00f3n y la solidaridad.<\/strong><\/p>\n<p>La <strong>sinergia<\/strong> entre estas marcas de lujo y diversas organizaciones ben\u00e9ficas y causas sociales ha establecido un <strong>puente entre dos mundos <\/strong>que tradicionalmente se han visto como separados. Al adoptar la <strong>solidaridad<\/strong> y la <strong>filantrop\u00eda<\/strong>, estas marcas no solo han enriquecido su propio legado, sino que tambi\u00e9n han hecho <strong>contribuciones significativas para crear un impacto positivo en la sociedad global<\/strong>.<\/p>\n","protected":false},"excerpt":{"rendered":"<p>El lujo y la solidaridad pueden parecer conceptos polarmente opuestos a primera vista. Mientras que uno se enfoca en la la exclusividad, el otro se centra en la ayuda y el apoyo a quienes lo necesitan. Sin embargo, en la intersecci\u00f3n de estos dos mundos, algunas marcas de lujo han esculpido un espacio, demostrando que&hellip;<\/p>\n","protected":false},"author":19,"featured_media":48553,"comment_status":"closed","ping_status":"open","sticky":false,"template":"","format":"standard","meta":{"_jetpack_newsletter_access":"","_jetpack_dont_email_post_to_subs":false,"_jetpack_newsletter_tier_id":0,"_jetpack_memberships_contains_paywalled_content":false,"_jetpack_feature_clip_id":0,"_jetpack_memberships_contains_paid_content":false,"footnotes":"","jetpack_publicize_message":"","jetpack_publicize_feature_enabled":true,"jetpack_social_post_already_shared":true,"jetpack_social_options":{"image_generator_settings":{"template":"edge","default_image_id":0,"font":"","enabled":false},"version":2},"jetpack_post_was_ever_published":false},"categories":[1672,2050],"tags":[6581,1479],"thb-sponsors":[],"class_list":["post-48547","post","type-post","status-publish","format-standard","has-post-thumbnail","hentry","category-actualidad","category-solidaridad","tag-conciencia","tag-solidaridad"],"yoast_head":"<!-- This site is optimized with the Yoast SEO plugin v28.3 - https:\/\/yoast.com\/product\/yoast-seo-wordpress\/ -->\n<title>Lujo con Conciencia: Marcas de Lujo que est\u00e1n redefiniendo la Solidaridad en el Siglo XXI | LUXONOMY<\/title>\n<meta name=\"robots\" content=\"index, follow, max-snippet:-1, max-image-preview:large, max-video-preview:-1\" \/>\n<link rel=\"canonical\" href=\"https:\/\/luxonomy.net\/es\/lujo-con-conciencia-marcas-de-lujo-que-estan-redefiniendo-la-solidaridad-en-el-siglo-xxi\/\" \/>\n<meta property=\"og:locale\" content=\"es_ES\" \/>\n<meta property=\"og:type\" content=\"article\" \/>\n<meta property=\"og:title\" content=\"Lujo con Conciencia: Marcas de Lujo que est\u00e1n redefiniendo la Solidaridad en el Siglo XXI | LUXONOMY\" \/>\n<meta property=\"og:description\" content=\"El lujo y la solidaridad pueden parecer conceptos polarmente opuestos a primera vista. Mientras que uno se enfoca en la la exclusividad, el otro se centra en la ayuda y el apoyo a quienes lo necesitan. Sin embargo, en la intersecci\u00f3n de estos dos mundos, algunas marcas de lujo han esculpido un espacio, demostrando que&hellip;\" \/>\n<meta property=\"og:url\" content=\"https:\/\/luxonomy.net\/es\/lujo-con-conciencia-marcas-de-lujo-que-estan-redefiniendo-la-solidaridad-en-el-siglo-xxi\/\" \/>\n<meta property=\"og:site_name\" content=\"LUXONOMY\" \/>\n<meta property=\"article:publisher\" content=\"https:\/\/www.facebook.com\/luxonomy\" \/>\n<meta property=\"article:published_time\" content=\"2023-10-09T22:04:13+00:00\" \/>\n<meta property=\"article:modified_time\" content=\"2023-10-09T22:04:14+00:00\" \/>\n<meta property=\"og:image\" content=\"https:\/\/i0.wp.com\/luxonomy.net\/wp-content\/uploads\/2023\/10\/img_1235-1.jpg?fit=1300%2C731&quality=89&ssl=1\" \/>\n\t<meta property=\"og:image:width\" content=\"1300\" \/>\n\t<meta property=\"og:image:height\" content=\"731\" \/>\n\t<meta property=\"og:image:type\" content=\"image\/jpeg\" \/>\n<meta name=\"author\" content=\"Pablo Guti\u00e9rrez-Rav\u00e9 Villal\u00f3n\" \/>\n<meta name=\"twitter:card\" content=\"summary_large_image\" \/>\n<meta name=\"twitter:label1\" content=\"Escrito por\" \/>\n\t<meta name=\"twitter:data1\" content=\"Pablo Guti\u00e9rrez-Rav\u00e9 Villal\u00f3n\" \/>\n\t<meta name=\"twitter:label2\" content=\"Tiempo de lectura\" \/>\n\t<meta name=\"twitter:data2\" content=\"4 minutos\" \/>\n<script type=\"application\/ld+json\" class=\"yoast-schema-graph\">{\"@context\":\"https:\\\/\\\/schema.org\",\"@graph\":[{\"@type\":\"Article\",\"@id\":\"https:\\\/\\\/luxonomy.net\\\/es\\\/lujo-con-conciencia-marcas-de-lujo-que-estan-redefiniendo-la-solidaridad-en-el-siglo-xxi\\\/#article\",\"isPartOf\":{\"@id\":\"https:\\\/\\\/luxonomy.net\\\/es\\\/lujo-con-conciencia-marcas-de-lujo-que-estan-redefiniendo-la-solidaridad-en-el-siglo-xxi\\\/\"},\"author\":{\"name\":\"Pablo Guti\u00e9rrez-Rav\u00e9 Villal\u00f3n\",\"@id\":\"https:\\\/\\\/luxonomy.net\\\/es\\\/#\\\/schema\\\/person\\\/aca186356f30a813f61bbf19ba52c031\"},\"headline\":\"Lujo con Conciencia: Marcas de Lujo que est\u00e1n redefiniendo la Solidaridad en el Siglo XXI\",\"datePublished\":\"2023-10-09T22:04:13+00:00\",\"dateModified\":\"2023-10-09T22:04:14+00:00\",\"mainEntityOfPage\":{\"@id\":\"https:\\\/\\\/luxonomy.net\\\/es\\\/lujo-con-conciencia-marcas-de-lujo-que-estan-redefiniendo-la-solidaridad-en-el-siglo-xxi\\\/\"},\"wordCount\":866,\"publisher\":{\"@id\":\"https:\\\/\\\/luxonomy.net\\\/es\\\/#organization\"},\"image\":{\"@id\":\"https:\\\/\\\/luxonomy.net\\\/es\\\/lujo-con-conciencia-marcas-de-lujo-que-estan-redefiniendo-la-solidaridad-en-el-siglo-xxi\\\/#primaryimage\"},\"thumbnailUrl\":\"https:\\\/\\\/i0.wp.com\\\/luxonomy.net\\\/wp-content\\\/uploads\\\/2023\\\/10\\\/img_1235-1.jpg?fit=1300%2C731&ssl=1\",\"keywords\":[\"conciencia\",\"solidaridad\"],\"articleSection\":[\"Actualidad\",\"Solidaridad\"],\"inLanguage\":\"es\"},{\"@type\":\"WebPage\",\"@id\":\"https:\\\/\\\/luxonomy.net\\\/es\\\/lujo-con-conciencia-marcas-de-lujo-que-estan-redefiniendo-la-solidaridad-en-el-siglo-xxi\\\/\",\"url\":\"https:\\\/\\\/luxonomy.net\\\/es\\\/lujo-con-conciencia-marcas-de-lujo-que-estan-redefiniendo-la-solidaridad-en-el-siglo-xxi\\\/\",\"name\":\"Lujo con Conciencia: Marcas de Lujo que est\u00e1n redefiniendo la Solidaridad en el Siglo XXI | LUXONOMY\",\"isPartOf\":{\"@id\":\"https:\\\/\\\/luxonomy.net\\\/es\\\/#website\"},\"primaryImageOfPage\":{\"@id\":\"https:\\\/\\\/luxonomy.net\\\/es\\\/lujo-con-conciencia-marcas-de-lujo-que-estan-redefiniendo-la-solidaridad-en-el-siglo-xxi\\\/#primaryimage\"},\"image\":{\"@id\":\"https:\\\/\\\/luxonomy.net\\\/es\\\/lujo-con-conciencia-marcas-de-lujo-que-estan-redefiniendo-la-solidaridad-en-el-siglo-xxi\\\/#primaryimage\"},\"thumbnailUrl\":\"https:\\\/\\\/i0.wp.com\\\/luxonomy.net\\\/wp-content\\\/uploads\\\/2023\\\/10\\\/img_1235-1.jpg?fit=1300%2C731&ssl=1\",\"datePublished\":\"2023-10-09T22:04:13+00:00\",\"dateModified\":\"2023-10-09T22:04:14+00:00\",\"breadcrumb\":{\"@id\":\"https:\\\/\\\/luxonomy.net\\\/es\\\/lujo-con-conciencia-marcas-de-lujo-que-estan-redefiniendo-la-solidaridad-en-el-siglo-xxi\\\/#breadcrumb\"},\"inLanguage\":\"es\",\"potentialAction\":[{\"@type\":\"ReadAction\",\"target\":[\"https:\\\/\\\/luxonomy.net\\\/es\\\/lujo-con-conciencia-marcas-de-lujo-que-estan-redefiniendo-la-solidaridad-en-el-siglo-xxi\\\/\"]}]},{\"@type\":\"ImageObject\",\"inLanguage\":\"es\",\"@id\":\"https:\\\/\\\/luxonomy.net\\\/es\\\/lujo-con-conciencia-marcas-de-lujo-que-estan-redefiniendo-la-solidaridad-en-el-siglo-xxi\\\/#primaryimage\",\"url\":\"https:\\\/\\\/i0.wp.com\\\/luxonomy.net\\\/wp-content\\\/uploads\\\/2023\\\/10\\\/img_1235-1.jpg?fit=1300%2C731&ssl=1\",\"contentUrl\":\"https:\\\/\\\/i0.wp.com\\\/luxonomy.net\\\/wp-content\\\/uploads\\\/2023\\\/10\\\/img_1235-1.jpg?fit=1300%2C731&ssl=1\",\"width\":1300,\"height\":731},{\"@type\":\"BreadcrumbList\",\"@id\":\"https:\\\/\\\/luxonomy.net\\\/es\\\/lujo-con-conciencia-marcas-de-lujo-que-estan-redefiniendo-la-solidaridad-en-el-siglo-xxi\\\/#breadcrumb\",\"itemListElement\":[{\"@type\":\"ListItem\",\"position\":1,\"name\":\"Portada\",\"item\":\"https:\\\/\\\/luxonomy.net\\\/es\\\/\"},{\"@type\":\"ListItem\",\"position\":2,\"name\":\"Lujo con Conciencia: Marcas de Lujo que est\u00e1n redefiniendo la Solidaridad en el Siglo XXI\"}]},{\"@type\":\"WebSite\",\"@id\":\"https:\\\/\\\/luxonomy.net\\\/es\\\/#website\",\"url\":\"https:\\\/\\\/luxonomy.net\\\/es\\\/\",\"name\":\"LUXONOMY\",\"description\":\"The Economy of Fashion &amp; Luxury\",\"publisher\":{\"@id\":\"https:\\\/\\\/luxonomy.net\\\/es\\\/#organization\"},\"potentialAction\":[{\"@type\":\"SearchAction\",\"target\":{\"@type\":\"EntryPoint\",\"urlTemplate\":\"https:\\\/\\\/luxonomy.net\\\/es\\\/?s={search_term_string}\"},\"query-input\":{\"@type\":\"PropertyValueSpecification\",\"valueRequired\":true,\"valueName\":\"search_term_string\"}}],\"inLanguage\":\"es\"},{\"@type\":\"Organization\",\"@id\":\"https:\\\/\\\/luxonomy.net\\\/es\\\/#organization\",\"name\":\"LUXONOMY\",\"url\":\"https:\\\/\\\/luxonomy.net\\\/es\\\/\",\"logo\":{\"@type\":\"ImageObject\",\"inLanguage\":\"es\",\"@id\":\"https:\\\/\\\/luxonomy.net\\\/es\\\/#\\\/schema\\\/logo\\\/image\\\/\",\"url\":\"https:\\\/\\\/i2.wp.com\\\/luxonomy.net\\\/wp-content\\\/uploads\\\/2021\\\/09\\\/MOCKUP-TODOS-LUXONOMY.jpg?fit=1000%2C515&ssl=1\",\"contentUrl\":\"https:\\\/\\\/i2.wp.com\\\/luxonomy.net\\\/wp-content\\\/uploads\\\/2021\\\/09\\\/MOCKUP-TODOS-LUXONOMY.jpg?fit=1000%2C515&ssl=1\",\"width\":1000,\"height\":515,\"caption\":\"LUXONOMY\"},\"image\":{\"@id\":\"https:\\\/\\\/luxonomy.net\\\/es\\\/#\\\/schema\\\/logo\\\/image\\\/\"},\"sameAs\":[\"https:\\\/\\\/www.facebook.com\\\/luxonomy\",\"https:\\\/\\\/www.instagram.com\\\/luxonomy\\\/\",\"https:\\\/\\\/www.linkedin.com\\\/company\\\/luxonomy\\\/\"]},{\"@type\":\"Person\",\"@id\":\"https:\\\/\\\/luxonomy.net\\\/es\\\/#\\\/schema\\\/person\\\/aca186356f30a813f61bbf19ba52c031\",\"name\":\"Pablo Guti\u00e9rrez-Rav\u00e9 Villal\u00f3n\",\"image\":{\"@type\":\"ImageObject\",\"inLanguage\":\"es\",\"@id\":\"https:\\\/\\\/luxonomy.net\\\/wp-content\\\/litespeed\\\/avatar\\\/b80839bcd1d7840754b71e72cad801ce.jpg?ver=1787608565\",\"url\":\"https:\\\/\\\/luxonomy.net\\\/wp-content\\\/litespeed\\\/avatar\\\/b80839bcd1d7840754b71e72cad801ce.jpg?ver=1787608565\",\"contentUrl\":\"https:\\\/\\\/luxonomy.net\\\/wp-content\\\/litespeed\\\/avatar\\\/b80839bcd1d7840754b71e72cad801ce.jpg?ver=1787608565\",\"caption\":\"Pablo Guti\u00e9rrez-Rav\u00e9 Villal\u00f3n\"},\"description\":\"president LUXONOMY\u2122 Group\",\"sameAs\":[\"https:\\\/\\\/www.linkedin.com\\\/in\\\/pablogutierrezrave\\\/\"],\"url\":\"https:\\\/\\\/luxonomy.net\\\/es\\\/author\\\/pablo\\\/\"}]}<\/script>\n<!-- \/ Yoast SEO plugin. -->","yoast_head_json":{"title":"Lujo con Conciencia: Marcas de Lujo que est\u00e1n redefiniendo la Solidaridad en el Siglo XXI | LUXONOMY","robots":{"index":"index","follow":"follow","max-snippet":"max-snippet:-1","max-image-preview":"max-image-preview:large","max-video-preview":"max-video-preview:-1"},"canonical":"https:\/\/luxonomy.net\/es\/lujo-con-conciencia-marcas-de-lujo-que-estan-redefiniendo-la-solidaridad-en-el-siglo-xxi\/","og_locale":"es_ES","og_type":"article","og_title":"Lujo con Conciencia: Marcas de Lujo que est\u00e1n redefiniendo la Solidaridad en el Siglo XXI | LUXONOMY","og_description":"El lujo y la solidaridad pueden parecer conceptos polarmente opuestos a primera vista. Mientras que uno se enfoca en la la exclusividad, el otro se centra en la ayuda y el apoyo a quienes lo necesitan. Sin embargo, en la intersecci\u00f3n de estos dos mundos, algunas marcas de lujo han esculpido un espacio, demostrando que&hellip;","og_url":"https:\/\/luxonomy.net\/es\/lujo-con-conciencia-marcas-de-lujo-que-estan-redefiniendo-la-solidaridad-en-el-siglo-xxi\/","og_site_name":"LUXONOMY","article_publisher":"https:\/\/www.facebook.com\/luxonomy","article_published_time":"2023-10-09T22:04:13+00:00","article_modified_time":"2023-10-09T22:04:14+00:00","og_image":[{"width":1300,"height":731,"url":"https:\/\/i0.wp.com\/luxonomy.net\/wp-content\/uploads\/2023\/10\/img_1235-1.jpg?fit=1300%2C731&quality=89&ssl=1","type":"image\/jpeg"}],"author":"Pablo Guti\u00e9rrez-Rav\u00e9 Villal\u00f3n","twitter_card":"summary_large_image","twitter_misc":{"Escrito por":"Pablo Guti\u00e9rrez-Rav\u00e9 Villal\u00f3n","Tiempo de lectura":"4 minutos"},"schema":{"@context":"https:\/\/schema.org","@graph":[{"@type":"Article","@id":"https:\/\/luxonomy.net\/es\/lujo-con-conciencia-marcas-de-lujo-que-estan-redefiniendo-la-solidaridad-en-el-siglo-xxi\/#article","isPartOf":{"@id":"https:\/\/luxonomy.net\/es\/lujo-con-conciencia-marcas-de-lujo-que-estan-redefiniendo-la-solidaridad-en-el-siglo-xxi\/"},"author":{"name":"Pablo Guti\u00e9rrez-Rav\u00e9 Villal\u00f3n","@id":"https:\/\/luxonomy.net\/es\/#\/schema\/person\/aca186356f30a813f61bbf19ba52c031"},"headline":"Lujo con Conciencia: Marcas de Lujo que est\u00e1n redefiniendo la Solidaridad en el Siglo XXI","datePublished":"2023-10-09T22:04:13+00:00","dateModified":"2023-10-09T22:04:14+00:00","mainEntityOfPage":{"@id":"https:\/\/luxonomy.net\/es\/lujo-con-conciencia-marcas-de-lujo-que-estan-redefiniendo-la-solidaridad-en-el-siglo-xxi\/"},"wordCount":866,"publisher":{"@id":"https:\/\/luxonomy.net\/es\/#organization"},"image":{"@id":"https:\/\/luxonomy.net\/es\/lujo-con-conciencia-marcas-de-lujo-que-estan-redefiniendo-la-solidaridad-en-el-siglo-xxi\/#primaryimage"},"thumbnailUrl":"https:\/\/i0.wp.com\/luxonomy.net\/wp-content\/uploads\/2023\/10\/img_1235-1.jpg?fit=1300%2C731&ssl=1","keywords":["conciencia","solidaridad"],"articleSection":["Actualidad","Solidaridad"],"inLanguage":"es"},{"@type":"WebPage","@id":"https:\/\/luxonomy.net\/es\/lujo-con-conciencia-marcas-de-lujo-que-estan-redefiniendo-la-solidaridad-en-el-siglo-xxi\/","url":"https:\/\/luxonomy.net\/es\/lujo-con-conciencia-marcas-de-lujo-que-estan-redefiniendo-la-solidaridad-en-el-siglo-xxi\/","name":"Lujo con Conciencia: Marcas de Lujo que est\u00e1n redefiniendo la Solidaridad en el Siglo XXI | LUXONOMY","isPartOf":{"@id":"https:\/\/luxonomy.net\/es\/#website"},"primaryImageOfPage":{"@id":"https:\/\/luxonomy.net\/es\/lujo-con-conciencia-marcas-de-lujo-que-estan-redefiniendo-la-solidaridad-en-el-siglo-xxi\/#primaryimage"},"image":{"@id":"https:\/\/luxonomy.net\/es\/lujo-con-conciencia-marcas-de-lujo-que-estan-redefiniendo-la-solidaridad-en-el-siglo-xxi\/#primaryimage"},"thumbnailUrl":"https:\/\/i0.wp.com\/luxonomy.net\/wp-content\/uploads\/2023\/10\/img_1235-1.jpg?fit=1300%2C731&ssl=1","datePublished":"2023-10-09T22:04:13+00:00","dateModified":"2023-10-09T22:04:14+00:00","breadcrumb":{"@id":"https:\/\/luxonomy.net\/es\/lujo-con-conciencia-marcas-de-lujo-que-estan-redefiniendo-la-solidaridad-en-el-siglo-xxi\/#breadcrumb"},"inLanguage":"es","potentialAction":[{"@type":"ReadAction","target":["https:\/\/luxonomy.net\/es\/lujo-con-conciencia-marcas-de-lujo-que-estan-redefiniendo-la-solidaridad-en-el-siglo-xxi\/"]}]},{"@type":"ImageObject","inLanguage":"es","@id":"https:\/\/luxonomy.net\/es\/lujo-con-conciencia-marcas-de-lujo-que-estan-redefiniendo-la-solidaridad-en-el-siglo-xxi\/#primaryimage","url":"https:\/\/i0.wp.com\/luxonomy.net\/wp-content\/uploads\/2023\/10\/img_1235-1.jpg?fit=1300%2C731&ssl=1","contentUrl":"https:\/\/i0.wp.com\/luxonomy.net\/wp-content\/uploads\/2023\/10\/img_1235-1.jpg?fit=1300%2C731&ssl=1","width":1300,"height":731},{"@type":"BreadcrumbList","@id":"https:\/\/luxonomy.net\/es\/lujo-con-conciencia-marcas-de-lujo-que-estan-redefiniendo-la-solidaridad-en-el-siglo-xxi\/#breadcrumb","itemListElement":[{"@type":"ListItem","position":1,"name":"Portada","item":"https:\/\/luxonomy.net\/es\/"},{"@type":"ListItem","position":2,"name":"Lujo con Conciencia: Marcas de Lujo que est\u00e1n redefiniendo la Solidaridad en el Siglo XXI"}]},{"@type":"WebSite","@id":"https:\/\/luxonomy.net\/es\/#website","url":"https:\/\/luxonomy.net\/es\/","name":"LUXONOMY","description":"The Economy of Fashion &amp; Luxury","publisher":{"@id":"https:\/\/luxonomy.net\/es\/#organization"},"potentialAction":[{"@type":"SearchAction","target":{"@type":"EntryPoint","urlTemplate":"https:\/\/luxonomy.net\/es\/?s={search_term_string}"},"query-input":{"@type":"PropertyValueSpecification","valueRequired":true,"valueName":"search_term_string"}}],"inLanguage":"es"},{"@type":"Organization","@id":"https:\/\/luxonomy.net\/es\/#organization","name":"LUXONOMY","url":"https:\/\/luxonomy.net\/es\/","logo":{"@type":"ImageObject","inLanguage":"es","@id":"https:\/\/luxonomy.net\/es\/#\/schema\/logo\/image\/","url":"https:\/\/i2.wp.com\/luxonomy.net\/wp-content\/uploads\/2021\/09\/MOCKUP-TODOS-LUXONOMY.jpg?fit=1000%2C515&ssl=1","contentUrl":"https:\/\/i2.wp.com\/luxonomy.net\/wp-content\/uploads\/2021\/09\/MOCKUP-TODOS-LUXONOMY.jpg?fit=1000%2C515&ssl=1","width":1000,"height":515,"caption":"LUXONOMY"},"image":{"@id":"https:\/\/luxonomy.net\/es\/#\/schema\/logo\/image\/"},"sameAs":["https:\/\/www.facebook.com\/luxonomy","https:\/\/www.instagram.com\/luxonomy\/","https:\/\/www.linkedin.com\/company\/luxonomy\/"]},{"@type":"Person","@id":"https:\/\/luxonomy.net\/es\/#\/schema\/person\/aca186356f30a813f61bbf19ba52c031","name":"Pablo Guti\u00e9rrez-Rav\u00e9 Villal\u00f3n","image":{"@type":"ImageObject","inLanguage":"es","@id":"https:\/\/luxonomy.net\/wp-content\/litespeed\/avatar\/b80839bcd1d7840754b71e72cad801ce.jpg?ver=1787608565","url":"https:\/\/luxonomy.net\/wp-content\/litespeed\/avatar\/b80839bcd1d7840754b71e72cad801ce.jpg?ver=1787608565","contentUrl":"https:\/\/luxonomy.net\/wp-content\/litespeed\/avatar\/b80839bcd1d7840754b71e72cad801ce.jpg?ver=1787608565","caption":"Pablo Guti\u00e9rrez-Rav\u00e9 Villal\u00f3n"},"description":"president LUXONOMY\u2122 Group","sameAs":["https:\/\/www.linkedin.com\/in\/pablogutierrezrave\/"],"url":"https:\/\/luxonomy.net\/es\/author\/pablo\/"}]}},"jetpack_publicize_connections":[],"jetpack_shortlink":"https:\/\/wp.me\/paPhBa-cD1","jetpack_sharing_enabled":true,"jetpack_featured_media_url":"https:\/\/i0.wp.com\/luxonomy.net\/wp-content\/uploads\/2023\/10\/img_1235-1.jpg?fit=1300%2C731&ssl=1","_links":{"self":[{"href":"https:\/\/luxonomy.net\/es\/wp-json\/wp\/v2\/posts\/48547","targetHints":{"allow":["GET"]}}],"collection":[{"href":"https:\/\/luxonomy.net\/es\/wp-json\/wp\/v2\/posts"}],"about":[{"href":"https:\/\/luxonomy.net\/es\/wp-json\/wp\/v2\/types\/post"}],"author":[{"embeddable":true,"href":"https:\/\/luxonomy.net\/es\/wp-json\/wp\/v2\/users\/19"}],"replies":[{"embeddable":true,"href":"https:\/\/luxonomy.net\/es\/wp-json\/wp\/v2\/comments?post=48547"}],"version-history":[{"count":7,"href":"https:\/\/luxonomy.net\/es\/wp-json\/wp\/v2\/posts\/48547\/revisions"}],"predecessor-version":[{"id":48557,"href":"https:\/\/luxonomy.net\/es\/wp-json\/wp\/v2\/posts\/48547\/revisions\/48557"}],"wp:featuredmedia":[{"embeddable":true,"href":"https:\/\/luxonomy.net\/es\/wp-json\/wp\/v2\/media\/48553"}],"wp:attachment":[{"href":"https:\/\/luxonomy.net\/es\/wp-json\/wp\/v2\/media?parent=48547"}],"wp:term":[{"taxonomy":"category","embeddable":true,"href":"https:\/\/luxonomy.net\/es\/wp-json\/wp\/v2\/categories?post=48547"},{"taxonomy":"post_tag","embeddable":true,"href":"https:\/\/luxonomy.net\/es\/wp-json\/wp\/v2\/tags?post=48547"},{"taxonomy":"thb-sponsors","embeddable":true,"href":"https:\/\/luxonomy.net\/es\/wp-json\/wp\/v2\/thb-sponsors?post=48547"}],"curies":[{"name":"wp","href":"https:\/\/api.w.org\/{rel}","templated":true}]}}