{"id":48535,"date":"2023-10-09T23:30:39","date_gmt":"2023-10-09T21:30:39","guid":{"rendered":"https:\/?p=48535"},"modified":"2023-10-09T23:40:38","modified_gmt":"2023-10-09T21:40:38","slug":"el-compromiso-de-la-fundacion-clinica-menorca-con-el-cancer-de-mama","status":"publish","type":"post","link":"https:\/\/luxonomy.net\/es\/el-compromiso-de-la-fundacion-clinica-menorca-con-el-cancer-de-mama\/","title":{"rendered":"El compromiso de la Fundaci\u00f3n Cl\u00ednica Menorca con el c\u00e1ncer de mama"},"content":{"rendered":"<p>Qui\u00e9nes me conoc\u00e9is, sab\u00e9is de <strong>mi compromiso con la lucha contra el c\u00e1ncer.<\/strong> Fue duro perder a <strong>mi madre<\/strong>, pero perder a <strong>mi mujer y madre de mis hijas fue devastador<\/strong>. Cuando hoy he recibido la llamada de la directora de comunicaci\u00f3n de <strong>Cl\u00ednica Menorca<\/strong>, no he dudado en publicar esta noticia.<\/p>\n<p>El <strong>D\u00eda Internacional del C\u00e1ncer de Mama<\/strong>, que se conmemora el <strong>19 de octubre<\/strong> de cada a\u00f1o, es una fecha que busca aumentar la concienciaci\u00f3n y el conocimiento sobre esta enfermedad. El c\u00e1ncer de mama es uno de los tipos de c\u00e1ncer <strong>m\u00e1s comunes en mujeres<\/strong> en todo el mundo, y este d\u00eda se dedica a resaltar la <strong>importancia de la detecci\u00f3n temprana, la educaci\u00f3n y los servicios de apoyo disponibles <\/strong>para las mujeres afectadas por esta enfermedad.<\/p>\n<h2>Para sentirse bien, por dentro y por fuera<\/h2>\n<p>En Cl\u00ednica Menorca se ofrecen diferentes <strong>tratamientos<\/strong> para pacientes con c\u00e1ncer de mama que ayudan, principalmente, a <strong>mejorar la calidad de vida y la autoimagen de las pacientes despu\u00e9s de haber pasado por una cirug\u00eda o ciclos de quimioterapia o radioterapia<\/strong>.<\/p><div id=\"luxon-1367252977\" class=\"luxon-3er-parrafo luxon-entity-placement\" style=\"margin-top: 20px;margin-bottom: 20px;margin-left: auto;margin-right: auto;text-align: center;\"><a href=\"https:\/\/luxonomy.university\/course\/master-turismo-de-lujo\" target=\"_blank\" aria-label=\"master-turismo-lujo-2026-2027\"><img loading=\"lazy\" decoding=\"async\" src=\"https:\/\/i0.wp.com\/luxonomy.net\/wp-content\/uploads\/2020\/07\/master-turismo-lujo-2026-2027.jpg?fit=1672%2C941&#038;ssl=1\" alt=\"\"  srcset=\"https:\/\/i0.wp.com\/luxonomy.net\/wp-content\/uploads\/2020\/07\/master-turismo-lujo-2026-2027.jpg?w=1672&ssl=1 1672w, https:\/\/i0.wp.com\/luxonomy.net\/wp-content\/uploads\/2020\/07\/master-turismo-lujo-2026-2027.jpg?resize=300%2C169&ssl=1 300w, https:\/\/i0.wp.com\/luxonomy.net\/wp-content\/uploads\/2020\/07\/master-turismo-lujo-2026-2027.jpg?resize=1024%2C576&ssl=1 1024w, https:\/\/i0.wp.com\/luxonomy.net\/wp-content\/uploads\/2020\/07\/master-turismo-lujo-2026-2027.jpg?resize=768%2C432&ssl=1 768w, https:\/\/i0.wp.com\/luxonomy.net\/wp-content\/uploads\/2020\/07\/master-turismo-lujo-2026-2027.jpg?resize=1536%2C864&ssl=1 1536w, https:\/\/i0.wp.com\/luxonomy.net\/wp-content\/uploads\/2020\/07\/master-turismo-lujo-2026-2027.jpg?resize=370%2C208&ssl=1 370w, https:\/\/i0.wp.com\/luxonomy.net\/wp-content\/uploads\/2020\/07\/master-turismo-lujo-2026-2027.jpg?resize=800%2C450&ssl=1 800w, https:\/\/i0.wp.com\/luxonomy.net\/wp-content\/uploads\/2020\/07\/master-turismo-lujo-2026-2027.jpg?resize=20%2C11&ssl=1 20w, https:\/\/i0.wp.com\/luxonomy.net\/wp-content\/uploads\/2020\/07\/master-turismo-lujo-2026-2027.jpg?resize=740%2C416&ssl=1 740w, https:\/\/i0.wp.com\/luxonomy.net\/wp-content\/uploads\/2020\/07\/master-turismo-lujo-2026-2027.jpg?resize=1600%2C900&ssl=1 1600w, https:\/\/i0.wp.com\/luxonomy.net\/wp-content\/uploads\/2020\/07\/master-turismo-lujo-2026-2027.jpg?resize=1200%2C675&ssl=1 1200w, https:\/\/i0.wp.com\/luxonomy.net\/wp-content\/uploads\/2020\/07\/master-turismo-lujo-2026-2027.jpg?resize=85%2C48&ssl=1 85w\" sizes=\"(max-width: 1170px) 100vw, 1170px\" class=\"no-lazyload\" width=\"1672\" height=\"941\"   \/><\/a><\/div>\n<p><strong>Trabajan en distintas \u00e1reas: <\/strong>nutrici\u00f3n, micropigmentaci\u00f3n y cirug\u00eda. La orientaci\u00f3n nutricional puede ponerse en pr\u00e1ctica desde el mismo momento en que existe un diagn\u00f3stico.<\/p>\n<h3>1.Nutrici\u00f3n<\/h3>\n<p>La obesidad y el c\u00e1ncer de mama constituyen dos patolog\u00edas de extremada prevalencia en la actualidad y con un alto impacto en la sociedad. La otra cara de la enfermedad es la debilidad y p\u00e9rdida progresiva de peso corporal, grasa y masa muscular por d\u00e9ficit nutricional y falta de ejercicio. Es necesaria, en muchos casos, la ayuda profesional para llevar una dieta adecuada que favorezca un mejor estado de \u00e1nimo y contrarrestar los efectos secundarios de los tratamientos.<br \/>\nEn t\u00e9rminos generales, entre los factores protectores se puede destacar una dieta con alto contenido de alimentos ricos en carotenos, verduras, frutas, hidratos de carbono y aceite de oliva. Tambi\u00e9n se ha demostrado menor riesgo en mujeres con aumento de la actividad f\u00edsica, h\u00e1bito que ayuda a superar los miedos y sobrellevar el tratamiento, sobre todo si se hace en grupo.<\/p>\n<h3>2. Micropigmentaci\u00f3n<\/h3>\n<p>La reconstrucci\u00f3n de las areolas tras una mastectom\u00eda se puede realizar a los dos o tres meses tras la \u00faltima cirug\u00eda de reconstrucci\u00f3n mamaria. Es un proceso sencillo, indoloro y sin efectos secundarios. A esta t\u00e9cnica de reconstrucci\u00f3n de areolas mamarias se le llama \u201caplicaciones param\u00e9dicas\u201d y est\u00e1 dentro del campo de la Micropigmentaci\u00f3n. Los pigmentos utilizados en el tratamiento de Micropigmentaci\u00f3n en Cl\u00ednica Menorca son de alta calidad, superando todas las pruebas, tanto f\u00edsicas como qu\u00edmicas para obtener los mejores resultados en los tratamientos.<\/p>\n<h3>3. Reconstrucci\u00f3n integral de la mama: pr\u00f3tesis para el complejo areola-pez\u00f3n.<\/h3>\n<p>Las mujeres que han sufrido una cirug\u00eda de c\u00e1ncer de mama, incluso si se les ha realizado una reconstrucci\u00f3n inmediata o diferida de la misma, contin\u00faan siendo personas enfermas porque a\u00fan no se ven un pecho totalmente reconstruido y natural, y las secuelas ps\u00edquicas contin\u00faan. Tras una mastectom\u00eda y posterior reconstrucci\u00f3n mamaria, con tatuaje del pez\u00f3n incluido, faltaba la reconstrucci\u00f3n del complejo areola-pez\u00f3n. Antes, las t\u00e9cnicas quir\u00fargicas para la reconstrucci\u00f3n del pez\u00f3n y la areola se realizaban con colgajos cut\u00e1neos locales o injertos que perd\u00edan, con el tiempo, el grado de proyecci\u00f3n. Ahora se puede realizar una reconstrucci\u00f3n integral de la mama que contribuye a la recuperaci\u00f3n psicol\u00f3gica y una mayor autoestima con un alto grado de satisfacci\u00f3n personal de las pacientes gracias a la nueva pr\u00f3tesis para la reconstrucci\u00f3n de la areola y del pez\u00f3n, un implante liso de silicona biocompatible, dise\u00f1ado para aportar una proyecci\u00f3n duradera del pez\u00f3n.<\/p><div id=\"luxon-2100067007\" class=\"luxon-7-parrafo luxon-entity-placement\" style=\"margin-top: 20px;margin-bottom: 20px;margin-left: auto;margin-right: auto;text-align: center;\"><a href=\"https:\/\/theintelligence.institute\/course\/inteligencia-artificial-para-directivos\" target=\"_blank\" aria-label=\"CSIAD_empresas_THEI_horizontal_4x3_v5\"><img loading=\"lazy\" decoding=\"async\" src=\"https:\/\/i0.wp.com\/luxonomy.net\/wp-content\/uploads\/2025\/08\/CSIAD_empresas_THEI_horizontal_4x3_v5.png?fit=2000%2C1500&#038;ssl=1\" alt=\"\"  srcset=\"https:\/\/i0.wp.com\/luxonomy.net\/wp-content\/uploads\/2025\/08\/CSIAD_empresas_THEI_horizontal_4x3_v5.png?w=2000&ssl=1 2000w, https:\/\/i0.wp.com\/luxonomy.net\/wp-content\/uploads\/2025\/08\/CSIAD_empresas_THEI_horizontal_4x3_v5.png?resize=300%2C225&ssl=1 300w, https:\/\/i0.wp.com\/luxonomy.net\/wp-content\/uploads\/2025\/08\/CSIAD_empresas_THEI_horizontal_4x3_v5.png?resize=1024%2C768&ssl=1 1024w, https:\/\/i0.wp.com\/luxonomy.net\/wp-content\/uploads\/2025\/08\/CSIAD_empresas_THEI_horizontal_4x3_v5.png?resize=768%2C576&ssl=1 768w, https:\/\/i0.wp.com\/luxonomy.net\/wp-content\/uploads\/2025\/08\/CSIAD_empresas_THEI_horizontal_4x3_v5.png?resize=1536%2C1152&ssl=1 1536w, https:\/\/i0.wp.com\/luxonomy.net\/wp-content\/uploads\/2025\/08\/CSIAD_empresas_THEI_horizontal_4x3_v5.png?resize=370%2C278&ssl=1 370w, https:\/\/i0.wp.com\/luxonomy.net\/wp-content\/uploads\/2025\/08\/CSIAD_empresas_THEI_horizontal_4x3_v5.png?resize=800%2C600&ssl=1 800w, https:\/\/i0.wp.com\/luxonomy.net\/wp-content\/uploads\/2025\/08\/CSIAD_empresas_THEI_horizontal_4x3_v5.png?resize=20%2C15&ssl=1 20w, https:\/\/i0.wp.com\/luxonomy.net\/wp-content\/uploads\/2025\/08\/CSIAD_empresas_THEI_horizontal_4x3_v5.png?resize=740%2C555&ssl=1 740w, https:\/\/i0.wp.com\/luxonomy.net\/wp-content\/uploads\/2025\/08\/CSIAD_empresas_THEI_horizontal_4x3_v5.png?resize=1600%2C1200&ssl=1 1600w, https:\/\/i0.wp.com\/luxonomy.net\/wp-content\/uploads\/2025\/08\/CSIAD_empresas_THEI_horizontal_4x3_v5.png?resize=1200%2C900&ssl=1 1200w, https:\/\/i0.wp.com\/luxonomy.net\/wp-content\/uploads\/2025\/08\/CSIAD_empresas_THEI_horizontal_4x3_v5.png?resize=64%2C48&ssl=1 64w\" sizes=\"(max-width: 1170px) 100vw, 1170px\" class=\"no-lazyload\" width=\"2000\" height=\"1500\"   \/><\/a><\/div>\n<h2>El papel de la Fundaci\u00f3n Cl\u00ednica Menorca.<\/h2>\n<p>La Fundaci\u00f3n Cl\u00ednica Menorca ha sido, desde sus inicios en 2008, un gran apoyo en la lucha contra el c\u00e1ncer de mama. Gracias al compromiso y a la dedicaci\u00f3n de su <strong>presidente, el director m\u00e9dico de la Cl\u00ednica Menorca, Dr. \u00c1ngel Mart\u00edn Hern\u00e1ndez<\/strong>, se realizan diferentes acciones para financiar proyectos cient\u00edficos de investigaci\u00f3n en la lucha contra la enfermedad y tambi\u00e9n ha logrado brindar ayuda directa a muchas mujeres que han sido diagnosticadas con esta enfermedad.<\/p>\n<p>Desde hace m\u00e1s de <strong>15 a\u00f1os se realizan varias acciones para luchar contra el c\u00e1ncer de mama<\/strong>. Algunas de las iniciativas incluyen:<\/p>\n<h3>1. Campa\u00f1as de Concienciaci\u00f3n<\/h3>\n<p>La fundaci\u00f3n lleva a cabo campa\u00f1as de concienciaci\u00f3n sobre c\u00f3mo llevar un estilo de vida saludable para reducir el riesgo de desarrollar c\u00e1ncer de mama.<\/p>\n<h3>2. Jornadas de Puertas Abiertas<\/h3>\n<p>Se organizan talleres de c\u00e1ncer de mama para pacientes donde los profesionales de la salud ofrecen charlas informativas sobre diferentes aspectos de la convivencia diaria con el c\u00e1ncer de mama.<\/p>\n<p><img loading=\"lazy\" decoding=\"async\" data-attachment-id=\"48540\" data-permalink=\"https:\/\/luxonomy.net\/es\/el-compromiso-de-la-fundacion-clinica-menorca-con-el-cancer-de-mama\/pacientes-corre-en-rosa\/\" data-orig-file=\"https:\/\/i0.wp.com\/luxonomy.net\/wp-content\/uploads\/2023\/10\/pacientes-corre-en-rosa.jpg?fit=1620%2C1080&amp;ssl=1\" data-orig-size=\"1620,1080\" data-comments-opened=\"0\" data-image-title=\"pacientes corre en rosa\" data-image-description=\"\" data-image-caption=\"\" data-large-file=\"https:\/\/i0.wp.com\/luxonomy.net\/wp-content\/uploads\/2023\/10\/pacientes-corre-en-rosa.jpg?fit=1024%2C683&amp;ssl=1\" src=\"data:image\/gif;base64,R0lGODlhAQABAAAAACH5BAEKAAEALAAAAAABAAEAAAICTAEAOw==\" data-src=\"http:\/\/luxonomy.net\/wp-content\/uploads\/2023\/10\/pacientes-corre-en-rosa.jpg\" class=\"size-full wp-image-48540 lazyload\" width=\"1620\" height=\"1080\" data-sizes=\"auto\" data-srcset=\"https:\/\/i0.wp.com\/luxonomy.net\/wp-content\/uploads\/2023\/10\/pacientes-corre-en-rosa.jpg?w=1620&amp;ssl=1 1620w, https:\/\/i0.wp.com\/luxonomy.net\/wp-content\/uploads\/2023\/10\/pacientes-corre-en-rosa.jpg?resize=300%2C200&amp;ssl=1 300w, https:\/\/i0.wp.com\/luxonomy.net\/wp-content\/uploads\/2023\/10\/pacientes-corre-en-rosa.jpg?resize=1024%2C683&amp;ssl=1 1024w, https:\/\/i0.wp.com\/luxonomy.net\/wp-content\/uploads\/2023\/10\/pacientes-corre-en-rosa.jpg?resize=768%2C512&amp;ssl=1 768w, https:\/\/i0.wp.com\/luxonomy.net\/wp-content\/uploads\/2023\/10\/pacientes-corre-en-rosa.jpg?resize=1536%2C1024&amp;ssl=1 1536w, https:\/\/i0.wp.com\/luxonomy.net\/wp-content\/uploads\/2023\/10\/pacientes-corre-en-rosa.jpg?resize=370%2C247&amp;ssl=1 370w, https:\/\/i0.wp.com\/luxonomy.net\/wp-content\/uploads\/2023\/10\/pacientes-corre-en-rosa.jpg?resize=800%2C533&amp;ssl=1 800w, https:\/\/i0.wp.com\/luxonomy.net\/wp-content\/uploads\/2023\/10\/pacientes-corre-en-rosa.jpg?resize=20%2C13&amp;ssl=1 20w, https:\/\/i0.wp.com\/luxonomy.net\/wp-content\/uploads\/2023\/10\/pacientes-corre-en-rosa.jpg?resize=740%2C493&amp;ssl=1 740w, https:\/\/i0.wp.com\/luxonomy.net\/wp-content\/uploads\/2023\/10\/pacientes-corre-en-rosa.jpg?resize=1600%2C1067&amp;ssl=1 1600w, https:\/\/i0.wp.com\/luxonomy.net\/wp-content\/uploads\/2023\/10\/pacientes-corre-en-rosa.jpg?resize=600%2C400&amp;ssl=1 600w, https:\/\/i0.wp.com\/luxonomy.net\/wp-content\/uploads\/2023\/10\/pacientes-corre-en-rosa.jpg?resize=72%2C48&amp;ssl=1 72w\" sizes=\"auto, (max-width: 1170px) 100vw, 1170px\" \/><\/p>\n<h3>3. Eventos ben\u00e9ficos deportivos anuales apoyados por deportistas de \u00e9lite y patrocinados por numerosas entidades<\/h3>\n<p><strong>Torneo Ben\u00e9fico de p\u00e1del<\/strong> para la financiaci\u00f3n de proyectos de investigaci\u00f3n:<\/p>\n<p>La Fundaci\u00f3n Cl\u00ednica Menorca colabora en el \u00e1mbito cient\u00edfico con la <strong>onc\u00f3loga Laura G. Est\u00e9vez, jefa del departamento de oncolog\u00eda de la MDAnderson C\u00e1ncer Center Espa\u00f1a<\/strong> para impulsar proyectos de investigaci\u00f3n en c\u00e1ncer de mama. El objetivo es mejorar el conocimiento sobre esta enfermedad y desarrollar nuevas estrategias terap\u00e9uticas que permitan mejorar la calidad de vida de las pacientes. En concreto, est\u00e1n en marcha los siguientes proyectos: L\u00ednea de investigaci\u00f3n que relaciona la Obesidad y C\u00e1ncer de Mama, Coolests, una base de datos donde se recoge informaci\u00f3n de las pacientes relacionada con h\u00e1bitos de vida, valores antropom\u00e9tricos y c\u00e1ncer de mama para estudiar la relaci\u00f3n con obesidad, sobrepeso y factores cardiovasculares y un estudio traslacional para evaluar el papel del receptor de leptina y la leptina en la resistencia a la quimioterapia neoadyuvante y su relaci\u00f3n con cada subtipo de c\u00e1ncer de mama.<\/p>\n<p><img loading=\"lazy\" decoding=\"async\" data-attachment-id=\"48543\" data-permalink=\"https:\/\/luxonomy.net\/es\/el-compromiso-de-la-fundacion-clinica-menorca-con-el-cancer-de-mama\/dra-cortijo-y-ramiro\/\" data-orig-file=\"https:\/\/i0.wp.com\/luxonomy.net\/wp-content\/uploads\/2023\/10\/dra-cortijo-y-ramiro.jpg?fit=1080%2C1620&amp;ssl=1\" data-orig-size=\"1080,1620\" data-comments-opened=\"0\" data-image-title=\"dra cortijo y ramiro\" data-image-description=\"\" data-image-caption=\"\" data-large-file=\"https:\/\/i0.wp.com\/luxonomy.net\/wp-content\/uploads\/2023\/10\/dra-cortijo-y-ramiro.jpg?fit=683%2C1024&amp;ssl=1\" src=\"data:image\/gif;base64,R0lGODlhAQABAAAAACH5BAEKAAEALAAAAAABAAEAAAICTAEAOw==\" data-src=\"http:\/\/luxonomy.net\/wp-content\/uploads\/2023\/10\/dra-cortijo-y-ramiro.jpg\" class=\"size-full wp-image-48543 lazyload\" width=\"1080\" height=\"1620\" data-sizes=\"auto\" data-srcset=\"https:\/\/i0.wp.com\/luxonomy.net\/wp-content\/uploads\/2023\/10\/dra-cortijo-y-ramiro.jpg?w=1080&amp;ssl=1 1080w, https:\/\/i0.wp.com\/luxonomy.net\/wp-content\/uploads\/2023\/10\/dra-cortijo-y-ramiro.jpg?resize=200%2C300&amp;ssl=1 200w, https:\/\/i0.wp.com\/luxonomy.net\/wp-content\/uploads\/2023\/10\/dra-cortijo-y-ramiro.jpg?resize=683%2C1024&amp;ssl=1 683w, https:\/\/i0.wp.com\/luxonomy.net\/wp-content\/uploads\/2023\/10\/dra-cortijo-y-ramiro.jpg?resize=768%2C1152&amp;ssl=1 768w, https:\/\/i0.wp.com\/luxonomy.net\/wp-content\/uploads\/2023\/10\/dra-cortijo-y-ramiro.jpg?resize=1024%2C1536&amp;ssl=1 1024w, https:\/\/i0.wp.com\/luxonomy.net\/wp-content\/uploads\/2023\/10\/dra-cortijo-y-ramiro.jpg?resize=370%2C555&amp;ssl=1 370w, https:\/\/i0.wp.com\/luxonomy.net\/wp-content\/uploads\/2023\/10\/dra-cortijo-y-ramiro.jpg?resize=800%2C1200&amp;ssl=1 800w, https:\/\/i0.wp.com\/luxonomy.net\/wp-content\/uploads\/2023\/10\/dra-cortijo-y-ramiro.jpg?resize=740%2C1110&amp;ssl=1 740w, https:\/\/i0.wp.com\/luxonomy.net\/wp-content\/uploads\/2023\/10\/dra-cortijo-y-ramiro.jpg?resize=20%2C30&amp;ssl=1 20w, https:\/\/i0.wp.com\/luxonomy.net\/wp-content\/uploads\/2023\/10\/dra-cortijo-y-ramiro.jpg?resize=600%2C900&amp;ssl=1 600w, https:\/\/i0.wp.com\/luxonomy.net\/wp-content\/uploads\/2023\/10\/dra-cortijo-y-ramiro.jpg?resize=32%2C48&amp;ssl=1 32w\" sizes=\"auto, (max-width: 1080px) 100vw, 1080px\" \/><\/p>\n<p><strong>Torneo Ben\u00e9fico de Golf para la ayuda directa a mujeres diagnosticadas con c\u00e1ncer de mama<\/strong><\/p>\n<p>La recaudaci\u00f3n obtenida en el Torneo Ben\u00e9fico de Golf va destinada a las pacientes de la <strong>Fundaci\u00f3n La Vida en Rosa creada en 2017 por la Dra. Luc\u00eda Gonz\u00e1lez Cortijo, onc\u00f3loga del Hospital Quir\u00f3n<\/strong>. El germen de la fundaci\u00f3n La Vida en Rosa es el proyecto deportivo Corre en Rosa que naci\u00f3 por una de esas casualidades que se dan en la vida, cuando se conocieron <strong>Ramiro Matamoros y la Dra. G. Cortijo<\/strong> y juntos decidieron adquirir el compromiso de ayudar de forma altruista a las pacientes con c\u00e1ncer de mama. Cientos de pacientes reci\u00e9n diagnosticadas, en tratamiento, o con la enfermedad superada, se ayudan mutuamente, comparten su alegr\u00eda, su tiempo y sus experiencias, se dan fuerza y se entrenan cada semana junto a su onc\u00f3loga, gracias tambi\u00e9n a la implicaci\u00f3n de los atletas del equipo de atletismo de la Fundaci\u00f3n Cl\u00ednica Menorca, liderado por <strong>Ramiro Matamoros<\/strong>, recordman y campe\u00f3n de numerosas carreras populares.<br \/>\nAdem\u00e1s, La Vida en Rosa tiene un proyecto en <strong>2 pa\u00edses de \u00c1frica: en Camer\u00fan<\/strong>, donde, gracias a la donaci\u00f3n de un mam\u00f3grafo y de una campana para la elaboraci\u00f3n de la quimioterapia se ha creado una \u201cUnidad de Mama\u201d para el tratamiento del c\u00e1ncer de mama en las mujeres de la regi\u00f3n; y en <strong>Burkina-Faso<\/strong>, donde se apoya a mujeres con c\u00e1ncer en la financiaci\u00f3n de sus tratamientos oncol\u00f3gicos.<\/p>\n","protected":false},"excerpt":{"rendered":"<p>Qui\u00e9nes me conoc\u00e9is, sab\u00e9is de mi compromiso con la lucha contra el c\u00e1ncer. Fue duro perder a mi madre, pero perder a mi mujer y madre de mis hijas fue devastador. Cuando hoy he recibido la llamada de la directora de comunicaci\u00f3n de Cl\u00ednica Menorca, no he dudado en publicar esta noticia. El D\u00eda Internacional&hellip;<\/p>\n","protected":false},"author":19,"featured_media":48532,"comment_status":"closed","ping_status":"open","sticky":false,"template":"","format":"standard","meta":{"_jetpack_newsletter_access":"","_jetpack_dont_email_post_to_subs":false,"_jetpack_newsletter_tier_id":0,"_jetpack_memberships_contains_paywalled_content":false,"_jetpack_feature_clip_id":0,"_jetpack_memberships_contains_paid_content":false,"footnotes":"","jetpack_publicize_message":"","jetpack_publicize_feature_enabled":true,"jetpack_social_post_already_shared":true,"jetpack_social_options":{"image_generator_settings":{"template":"edge","default_image_id":0,"font":"","enabled":false},"version":2},"jetpack_post_was_ever_published":false},"categories":[1672,227,2050],"tags":[6580,1479],"thb-sponsors":[],"class_list":["post-48535","post","type-post","status-publish","format-standard","has-post-thumbnail","hentry","category-actualidad","category-eventos","category-solidaridad","tag-clinica-menorca","tag-solidaridad"],"yoast_head":"<!-- This site is optimized with the Yoast SEO plugin v28.4 - https:\/\/yoast.com\/product\/yoast-seo-wordpress\/ -->\n<title>El compromiso de la Fundaci\u00f3n Cl\u00ednica Menorca con el c\u00e1ncer de mama | LUXONOMY<\/title>\n<meta name=\"robots\" content=\"index, follow, max-snippet:-1, max-image-preview:large, max-video-preview:-1\" \/>\n<link rel=\"canonical\" href=\"https:\/\/luxonomy.net\/es\/el-compromiso-de-la-fundacion-clinica-menorca-con-el-cancer-de-mama\/\" \/>\n<meta property=\"og:locale\" content=\"es_ES\" \/>\n<meta property=\"og:type\" content=\"article\" \/>\n<meta property=\"og:title\" content=\"El compromiso de la Fundaci\u00f3n Cl\u00ednica Menorca con el c\u00e1ncer de mama | LUXONOMY\" \/>\n<meta property=\"og:description\" content=\"Qui\u00e9nes me conoc\u00e9is, sab\u00e9is de mi compromiso con la lucha contra el c\u00e1ncer. Fue duro perder a mi madre, pero perder a mi mujer y madre de mis hijas fue devastador. Cuando hoy he recibido la llamada de la directora de comunicaci\u00f3n de Cl\u00ednica Menorca, no he dudado en publicar esta noticia. El D\u00eda Internacional&hellip;\" \/>\n<meta property=\"og:url\" content=\"https:\/\/luxonomy.net\/es\/el-compromiso-de-la-fundacion-clinica-menorca-con-el-cancer-de-mama\/\" \/>\n<meta property=\"og:site_name\" content=\"LUXONOMY\" \/>\n<meta property=\"article:publisher\" content=\"https:\/\/www.facebook.com\/luxonomy\" \/>\n<meta property=\"article:published_time\" content=\"2023-10-09T21:30:39+00:00\" \/>\n<meta property=\"article:modified_time\" content=\"2023-10-09T21:40:38+00:00\" \/>\n<meta property=\"og:image\" content=\"https:\/\/i0.wp.com\/luxonomy.net\/wp-content\/uploads\/2023\/10\/entrega-cheques-1-scaled.jpg?fit=2560%2C1707&quality=89&ssl=1\" \/>\n\t<meta property=\"og:image:width\" content=\"2560\" \/>\n\t<meta property=\"og:image:height\" content=\"1707\" \/>\n\t<meta property=\"og:image:type\" content=\"image\/jpeg\" \/>\n<meta name=\"author\" content=\"Pablo Guti\u00e9rrez-Rav\u00e9 Villal\u00f3n\" \/>\n<meta name=\"twitter:card\" content=\"summary_large_image\" \/>\n<meta name=\"twitter:label1\" content=\"Escrito por\" \/>\n\t<meta name=\"twitter:data1\" content=\"Pablo Guti\u00e9rrez-Rav\u00e9 Villal\u00f3n\" \/>\n\t<meta name=\"twitter:label2\" content=\"Tiempo de lectura\" \/>\n\t<meta name=\"twitter:data2\" content=\"7 minutos\" \/>\n<script type=\"application\/ld+json\" class=\"yoast-schema-graph\">{\"@context\":\"https:\\\/\\\/schema.org\",\"@graph\":[{\"@type\":\"Article\",\"@id\":\"https:\\\/\\\/luxonomy.net\\\/es\\\/el-compromiso-de-la-fundacion-clinica-menorca-con-el-cancer-de-mama\\\/#article\",\"isPartOf\":{\"@id\":\"https:\\\/\\\/luxonomy.net\\\/es\\\/el-compromiso-de-la-fundacion-clinica-menorca-con-el-cancer-de-mama\\\/\"},\"author\":{\"name\":\"Pablo Guti\u00e9rrez-Rav\u00e9 Villal\u00f3n\",\"@id\":\"https:\\\/\\\/luxonomy.net\\\/es\\\/#\\\/schema\\\/person\\\/aca186356f30a813f61bbf19ba52c031\"},\"headline\":\"El compromiso de la Fundaci\u00f3n Cl\u00ednica Menorca con el c\u00e1ncer de mama\",\"datePublished\":\"2023-10-09T21:30:39+00:00\",\"dateModified\":\"2023-10-09T21:40:38+00:00\",\"mainEntityOfPage\":{\"@id\":\"https:\\\/\\\/luxonomy.net\\\/es\\\/el-compromiso-de-la-fundacion-clinica-menorca-con-el-cancer-de-mama\\\/\"},\"wordCount\":1330,\"publisher\":{\"@id\":\"https:\\\/\\\/luxonomy.net\\\/es\\\/#organization\"},\"image\":{\"@id\":\"https:\\\/\\\/luxonomy.net\\\/es\\\/el-compromiso-de-la-fundacion-clinica-menorca-con-el-cancer-de-mama\\\/#primaryimage\"},\"thumbnailUrl\":\"https:\\\/\\\/i0.wp.com\\\/luxonomy.net\\\/wp-content\\\/uploads\\\/2023\\\/10\\\/entrega-cheques-1-scaled.jpg?fit=2560%2C1707&ssl=1\",\"keywords\":[\"Cl\u00ednica Menorca\",\"solidaridad\"],\"articleSection\":[\"Actualidad\",\"Eventos\",\"Solidaridad\"],\"inLanguage\":\"es\"},{\"@type\":\"WebPage\",\"@id\":\"https:\\\/\\\/luxonomy.net\\\/es\\\/el-compromiso-de-la-fundacion-clinica-menorca-con-el-cancer-de-mama\\\/\",\"url\":\"https:\\\/\\\/luxonomy.net\\\/es\\\/el-compromiso-de-la-fundacion-clinica-menorca-con-el-cancer-de-mama\\\/\",\"name\":\"El compromiso de la Fundaci\u00f3n Cl\u00ednica Menorca con el c\u00e1ncer de mama | LUXONOMY\",\"isPartOf\":{\"@id\":\"https:\\\/\\\/luxonomy.net\\\/es\\\/#website\"},\"primaryImageOfPage\":{\"@id\":\"https:\\\/\\\/luxonomy.net\\\/es\\\/el-compromiso-de-la-fundacion-clinica-menorca-con-el-cancer-de-mama\\\/#primaryimage\"},\"image\":{\"@id\":\"https:\\\/\\\/luxonomy.net\\\/es\\\/el-compromiso-de-la-fundacion-clinica-menorca-con-el-cancer-de-mama\\\/#primaryimage\"},\"thumbnailUrl\":\"https:\\\/\\\/i0.wp.com\\\/luxonomy.net\\\/wp-content\\\/uploads\\\/2023\\\/10\\\/entrega-cheques-1-scaled.jpg?fit=2560%2C1707&ssl=1\",\"datePublished\":\"2023-10-09T21:30:39+00:00\",\"dateModified\":\"2023-10-09T21:40:38+00:00\",\"breadcrumb\":{\"@id\":\"https:\\\/\\\/luxonomy.net\\\/es\\\/el-compromiso-de-la-fundacion-clinica-menorca-con-el-cancer-de-mama\\\/#breadcrumb\"},\"inLanguage\":\"es\",\"potentialAction\":[{\"@type\":\"ReadAction\",\"target\":[\"https:\\\/\\\/luxonomy.net\\\/es\\\/el-compromiso-de-la-fundacion-clinica-menorca-con-el-cancer-de-mama\\\/\"]}]},{\"@type\":\"ImageObject\",\"inLanguage\":\"es\",\"@id\":\"https:\\\/\\\/luxonomy.net\\\/es\\\/el-compromiso-de-la-fundacion-clinica-menorca-con-el-cancer-de-mama\\\/#primaryimage\",\"url\":\"https:\\\/\\\/i0.wp.com\\\/luxonomy.net\\\/wp-content\\\/uploads\\\/2023\\\/10\\\/entrega-cheques-1-scaled.jpg?fit=2560%2C1707&ssl=1\",\"contentUrl\":\"https:\\\/\\\/i0.wp.com\\\/luxonomy.net\\\/wp-content\\\/uploads\\\/2023\\\/10\\\/entrega-cheques-1-scaled.jpg?fit=2560%2C1707&ssl=1\",\"width\":2560,\"height\":1707},{\"@type\":\"BreadcrumbList\",\"@id\":\"https:\\\/\\\/luxonomy.net\\\/es\\\/el-compromiso-de-la-fundacion-clinica-menorca-con-el-cancer-de-mama\\\/#breadcrumb\",\"itemListElement\":[{\"@type\":\"ListItem\",\"position\":1,\"name\":\"Portada\",\"item\":\"https:\\\/\\\/luxonomy.net\\\/es\\\/\"},{\"@type\":\"ListItem\",\"position\":2,\"name\":\"El compromiso de la Fundaci\u00f3n Cl\u00ednica Menorca con el c\u00e1ncer de mama\"}]},{\"@type\":\"WebSite\",\"@id\":\"https:\\\/\\\/luxonomy.net\\\/es\\\/#website\",\"url\":\"https:\\\/\\\/luxonomy.net\\\/es\\\/\",\"name\":\"LUXONOMY\",\"description\":\"The Economy of Fashion &amp; Luxury\",\"publisher\":{\"@id\":\"https:\\\/\\\/luxonomy.net\\\/es\\\/#organization\"},\"potentialAction\":[{\"@type\":\"SearchAction\",\"target\":{\"@type\":\"EntryPoint\",\"urlTemplate\":\"https:\\\/\\\/luxonomy.net\\\/es\\\/?s={search_term_string}\"},\"query-input\":{\"@type\":\"PropertyValueSpecification\",\"valueRequired\":true,\"valueName\":\"search_term_string\"}}],\"inLanguage\":\"es\"},{\"@type\":\"Organization\",\"@id\":\"https:\\\/\\\/luxonomy.net\\\/es\\\/#organization\",\"name\":\"LUXONOMY\",\"url\":\"https:\\\/\\\/luxonomy.net\\\/es\\\/\",\"logo\":{\"@type\":\"ImageObject\",\"inLanguage\":\"es\",\"@id\":\"https:\\\/\\\/luxonomy.net\\\/es\\\/#\\\/schema\\\/logo\\\/image\\\/\",\"url\":\"https:\\\/\\\/i2.wp.com\\\/luxonomy.net\\\/wp-content\\\/uploads\\\/2021\\\/09\\\/MOCKUP-TODOS-LUXONOMY.jpg?fit=1000%2C515&ssl=1\",\"contentUrl\":\"https:\\\/\\\/i2.wp.com\\\/luxonomy.net\\\/wp-content\\\/uploads\\\/2021\\\/09\\\/MOCKUP-TODOS-LUXONOMY.jpg?fit=1000%2C515&ssl=1\",\"width\":1000,\"height\":515,\"caption\":\"LUXONOMY\"},\"image\":{\"@id\":\"https:\\\/\\\/luxonomy.net\\\/es\\\/#\\\/schema\\\/logo\\\/image\\\/\"},\"sameAs\":[\"https:\\\/\\\/www.facebook.com\\\/luxonomy\",\"https:\\\/\\\/www.instagram.com\\\/luxonomy\\\/\",\"https:\\\/\\\/www.linkedin.com\\\/company\\\/luxonomy\\\/\"]},{\"@type\":\"Person\",\"@id\":\"https:\\\/\\\/luxonomy.net\\\/es\\\/#\\\/schema\\\/person\\\/aca186356f30a813f61bbf19ba52c031\",\"name\":\"Pablo Guti\u00e9rrez-Rav\u00e9 Villal\u00f3n\",\"image\":{\"@type\":\"ImageObject\",\"inLanguage\":\"es\",\"@id\":\"https:\\\/\\\/luxonomy.net\\\/wp-content\\\/litespeed\\\/avatar\\\/b80839bcd1d7840754b71e72cad801ce.jpg?ver=1788213692\",\"url\":\"https:\\\/\\\/luxonomy.net\\\/wp-content\\\/litespeed\\\/avatar\\\/b80839bcd1d7840754b71e72cad801ce.jpg?ver=1788213692\",\"contentUrl\":\"https:\\\/\\\/luxonomy.net\\\/wp-content\\\/litespeed\\\/avatar\\\/b80839bcd1d7840754b71e72cad801ce.jpg?ver=1788213692\",\"caption\":\"Pablo Guti\u00e9rrez-Rav\u00e9 Villal\u00f3n\"},\"description\":\"president LUXONOMY\u2122 Group\",\"sameAs\":[\"https:\\\/\\\/www.linkedin.com\\\/in\\\/pablogutierrezrave\\\/\"],\"url\":\"https:\\\/\\\/luxonomy.net\\\/es\\\/author\\\/pablo\\\/\"}]}<\/script>\n<!-- \/ Yoast SEO plugin. -->","yoast_head_json":{"title":"El compromiso de la Fundaci\u00f3n Cl\u00ednica Menorca con el c\u00e1ncer de mama | LUXONOMY","robots":{"index":"index","follow":"follow","max-snippet":"max-snippet:-1","max-image-preview":"max-image-preview:large","max-video-preview":"max-video-preview:-1"},"canonical":"https:\/\/luxonomy.net\/es\/el-compromiso-de-la-fundacion-clinica-menorca-con-el-cancer-de-mama\/","og_locale":"es_ES","og_type":"article","og_title":"El compromiso de la Fundaci\u00f3n Cl\u00ednica Menorca con el c\u00e1ncer de mama | LUXONOMY","og_description":"Qui\u00e9nes me conoc\u00e9is, sab\u00e9is de mi compromiso con la lucha contra el c\u00e1ncer. Fue duro perder a mi madre, pero perder a mi mujer y madre de mis hijas fue devastador. Cuando hoy he recibido la llamada de la directora de comunicaci\u00f3n de Cl\u00ednica Menorca, no he dudado en publicar esta noticia. El D\u00eda Internacional&hellip;","og_url":"https:\/\/luxonomy.net\/es\/el-compromiso-de-la-fundacion-clinica-menorca-con-el-cancer-de-mama\/","og_site_name":"LUXONOMY","article_publisher":"https:\/\/www.facebook.com\/luxonomy","article_published_time":"2023-10-09T21:30:39+00:00","article_modified_time":"2023-10-09T21:40:38+00:00","og_image":[{"width":2560,"height":1707,"url":"https:\/\/i0.wp.com\/luxonomy.net\/wp-content\/uploads\/2023\/10\/entrega-cheques-1-scaled.jpg?fit=2560%2C1707&quality=89&ssl=1","type":"image\/jpeg"}],"author":"Pablo Guti\u00e9rrez-Rav\u00e9 Villal\u00f3n","twitter_card":"summary_large_image","twitter_misc":{"Escrito por":"Pablo Guti\u00e9rrez-Rav\u00e9 Villal\u00f3n","Tiempo de lectura":"7 minutos"},"schema":{"@context":"https:\/\/schema.org","@graph":[{"@type":"Article","@id":"https:\/\/luxonomy.net\/es\/el-compromiso-de-la-fundacion-clinica-menorca-con-el-cancer-de-mama\/#article","isPartOf":{"@id":"https:\/\/luxonomy.net\/es\/el-compromiso-de-la-fundacion-clinica-menorca-con-el-cancer-de-mama\/"},"author":{"name":"Pablo Guti\u00e9rrez-Rav\u00e9 Villal\u00f3n","@id":"https:\/\/luxonomy.net\/es\/#\/schema\/person\/aca186356f30a813f61bbf19ba52c031"},"headline":"El compromiso de la Fundaci\u00f3n Cl\u00ednica Menorca con el c\u00e1ncer de mama","datePublished":"2023-10-09T21:30:39+00:00","dateModified":"2023-10-09T21:40:38+00:00","mainEntityOfPage":{"@id":"https:\/\/luxonomy.net\/es\/el-compromiso-de-la-fundacion-clinica-menorca-con-el-cancer-de-mama\/"},"wordCount":1330,"publisher":{"@id":"https:\/\/luxonomy.net\/es\/#organization"},"image":{"@id":"https:\/\/luxonomy.net\/es\/el-compromiso-de-la-fundacion-clinica-menorca-con-el-cancer-de-mama\/#primaryimage"},"thumbnailUrl":"https:\/\/i0.wp.com\/luxonomy.net\/wp-content\/uploads\/2023\/10\/entrega-cheques-1-scaled.jpg?fit=2560%2C1707&ssl=1","keywords":["Cl\u00ednica Menorca","solidaridad"],"articleSection":["Actualidad","Eventos","Solidaridad"],"inLanguage":"es"},{"@type":"WebPage","@id":"https:\/\/luxonomy.net\/es\/el-compromiso-de-la-fundacion-clinica-menorca-con-el-cancer-de-mama\/","url":"https:\/\/luxonomy.net\/es\/el-compromiso-de-la-fundacion-clinica-menorca-con-el-cancer-de-mama\/","name":"El compromiso de la Fundaci\u00f3n Cl\u00ednica Menorca con el c\u00e1ncer de mama | LUXONOMY","isPartOf":{"@id":"https:\/\/luxonomy.net\/es\/#website"},"primaryImageOfPage":{"@id":"https:\/\/luxonomy.net\/es\/el-compromiso-de-la-fundacion-clinica-menorca-con-el-cancer-de-mama\/#primaryimage"},"image":{"@id":"https:\/\/luxonomy.net\/es\/el-compromiso-de-la-fundacion-clinica-menorca-con-el-cancer-de-mama\/#primaryimage"},"thumbnailUrl":"https:\/\/i0.wp.com\/luxonomy.net\/wp-content\/uploads\/2023\/10\/entrega-cheques-1-scaled.jpg?fit=2560%2C1707&ssl=1","datePublished":"2023-10-09T21:30:39+00:00","dateModified":"2023-10-09T21:40:38+00:00","breadcrumb":{"@id":"https:\/\/luxonomy.net\/es\/el-compromiso-de-la-fundacion-clinica-menorca-con-el-cancer-de-mama\/#breadcrumb"},"inLanguage":"es","potentialAction":[{"@type":"ReadAction","target":["https:\/\/luxonomy.net\/es\/el-compromiso-de-la-fundacion-clinica-menorca-con-el-cancer-de-mama\/"]}]},{"@type":"ImageObject","inLanguage":"es","@id":"https:\/\/luxonomy.net\/es\/el-compromiso-de-la-fundacion-clinica-menorca-con-el-cancer-de-mama\/#primaryimage","url":"https:\/\/i0.wp.com\/luxonomy.net\/wp-content\/uploads\/2023\/10\/entrega-cheques-1-scaled.jpg?fit=2560%2C1707&ssl=1","contentUrl":"https:\/\/i0.wp.com\/luxonomy.net\/wp-content\/uploads\/2023\/10\/entrega-cheques-1-scaled.jpg?fit=2560%2C1707&ssl=1","width":2560,"height":1707},{"@type":"BreadcrumbList","@id":"https:\/\/luxonomy.net\/es\/el-compromiso-de-la-fundacion-clinica-menorca-con-el-cancer-de-mama\/#breadcrumb","itemListElement":[{"@type":"ListItem","position":1,"name":"Portada","item":"https:\/\/luxonomy.net\/es\/"},{"@type":"ListItem","position":2,"name":"El compromiso de la Fundaci\u00f3n Cl\u00ednica Menorca con el c\u00e1ncer de mama"}]},{"@type":"WebSite","@id":"https:\/\/luxonomy.net\/es\/#website","url":"https:\/\/luxonomy.net\/es\/","name":"LUXONOMY","description":"The Economy of Fashion &amp; Luxury","publisher":{"@id":"https:\/\/luxonomy.net\/es\/#organization"},"potentialAction":[{"@type":"SearchAction","target":{"@type":"EntryPoint","urlTemplate":"https:\/\/luxonomy.net\/es\/?s={search_term_string}"},"query-input":{"@type":"PropertyValueSpecification","valueRequired":true,"valueName":"search_term_string"}}],"inLanguage":"es"},{"@type":"Organization","@id":"https:\/\/luxonomy.net\/es\/#organization","name":"LUXONOMY","url":"https:\/\/luxonomy.net\/es\/","logo":{"@type":"ImageObject","inLanguage":"es","@id":"https:\/\/luxonomy.net\/es\/#\/schema\/logo\/image\/","url":"https:\/\/i2.wp.com\/luxonomy.net\/wp-content\/uploads\/2021\/09\/MOCKUP-TODOS-LUXONOMY.jpg?fit=1000%2C515&ssl=1","contentUrl":"https:\/\/i2.wp.com\/luxonomy.net\/wp-content\/uploads\/2021\/09\/MOCKUP-TODOS-LUXONOMY.jpg?fit=1000%2C515&ssl=1","width":1000,"height":515,"caption":"LUXONOMY"},"image":{"@id":"https:\/\/luxonomy.net\/es\/#\/schema\/logo\/image\/"},"sameAs":["https:\/\/www.facebook.com\/luxonomy","https:\/\/www.instagram.com\/luxonomy\/","https:\/\/www.linkedin.com\/company\/luxonomy\/"]},{"@type":"Person","@id":"https:\/\/luxonomy.net\/es\/#\/schema\/person\/aca186356f30a813f61bbf19ba52c031","name":"Pablo Guti\u00e9rrez-Rav\u00e9 Villal\u00f3n","image":{"@type":"ImageObject","inLanguage":"es","@id":"https:\/\/luxonomy.net\/wp-content\/litespeed\/avatar\/b80839bcd1d7840754b71e72cad801ce.jpg?ver=1788213692","url":"https:\/\/luxonomy.net\/wp-content\/litespeed\/avatar\/b80839bcd1d7840754b71e72cad801ce.jpg?ver=1788213692","contentUrl":"https:\/\/luxonomy.net\/wp-content\/litespeed\/avatar\/b80839bcd1d7840754b71e72cad801ce.jpg?ver=1788213692","caption":"Pablo Guti\u00e9rrez-Rav\u00e9 Villal\u00f3n"},"description":"president LUXONOMY\u2122 Group","sameAs":["https:\/\/www.linkedin.com\/in\/pablogutierrezrave\/"],"url":"https:\/\/luxonomy.net\/es\/author\/pablo\/"}]}},"jetpack_publicize_connections":[],"jetpack_shortlink":"https:\/\/wp.me\/paPhBa-cCP","jetpack_sharing_enabled":true,"jetpack_featured_media_url":"https:\/\/i0.wp.com\/luxonomy.net\/wp-content\/uploads\/2023\/10\/entrega-cheques-1-scaled.jpg?fit=2560%2C1707&ssl=1","_links":{"self":[{"href":"https:\/\/luxonomy.net\/es\/wp-json\/wp\/v2\/posts\/48535","targetHints":{"allow":["GET"]}}],"collection":[{"href":"https:\/\/luxonomy.net\/es\/wp-json\/wp\/v2\/posts"}],"about":[{"href":"https:\/\/luxonomy.net\/es\/wp-json\/wp\/v2\/types\/post"}],"author":[{"embeddable":true,"href":"https:\/\/luxonomy.net\/es\/wp-json\/wp\/v2\/users\/19"}],"replies":[{"embeddable":true,"href":"https:\/\/luxonomy.net\/es\/wp-json\/wp\/v2\/comments?post=48535"}],"version-history":[{"count":5,"href":"https:\/\/luxonomy.net\/es\/wp-json\/wp\/v2\/posts\/48535\/revisions"}],"predecessor-version":[{"id":48546,"href":"https:\/\/luxonomy.net\/es\/wp-json\/wp\/v2\/posts\/48535\/revisions\/48546"}],"wp:featuredmedia":[{"embeddable":true,"href":"https:\/\/luxonomy.net\/es\/wp-json\/wp\/v2\/media\/48532"}],"wp:attachment":[{"href":"https:\/\/luxonomy.net\/es\/wp-json\/wp\/v2\/media?parent=48535"}],"wp:term":[{"taxonomy":"category","embeddable":true,"href":"https:\/\/luxonomy.net\/es\/wp-json\/wp\/v2\/categories?post=48535"},{"taxonomy":"post_tag","embeddable":true,"href":"https:\/\/luxonomy.net\/es\/wp-json\/wp\/v2\/tags?post=48535"},{"taxonomy":"thb-sponsors","embeddable":true,"href":"https:\/\/luxonomy.net\/es\/wp-json\/wp\/v2\/thb-sponsors?post=48535"}],"curies":[{"name":"wp","href":"https:\/\/api.w.org\/{rel}","templated":true}]}}