{"id":48505,"date":"2023-10-11T01:02:00","date_gmt":"2023-10-10T23:02:00","guid":{"rendered":"https:\/?p=48505"},"modified":"2023-10-11T01:47:54","modified_gmt":"2023-10-10T23:47:54","slug":"louis-vuitton-womens-spring-summer-2024-show","status":"publish","type":"post","link":"https:\/\/luxonomy.net\/es\/louis-vuitton-womens-spring-summer-2024-show\/","title":{"rendered":"Louis Vuitton Women\u2019s Spring-Summer 2024 show"},"content":{"rendered":"<p>La nueva colecci\u00f3n de <strong>Nicolas Ghesqui\u00e8re<\/strong>, director art\u00edstico de las <strong>colecciones femeninas de Louis Vuitton<\/strong>, se present\u00f3 en la <strong>futura direcci\u00f3n de la Maison en 103 avenue des Champs \u00c9lys\u00e9es<\/strong>.<\/p>\n<p>Con un tel\u00f3n de fondo de <strong>cortinas recicladas en naranja mandarina<\/strong>, evocando el interior de un globo aerost\u00e1tico, las siluetas eran una <strong>invitaci\u00f3n a viajar mientras la voz \u00fanica de la cantante francesa Zaho de Sagazan<\/strong> llenaba el espacio.<\/p>\n<p>La escenograf\u00eda de <strong>James Chinlund<\/strong> ba\u00f1\u00f3 la colecci\u00f3n en una <strong>c\u00e1lida luz veraniega<\/strong>. Las mujeres de Louis Vuitton caminaban con total libertad, las manos en los bolsillos de sus chaquetas de cuero exquisitamente suave sobre vestidos fluidos de <strong>muselina, crep\u00e9 y charmeuse<\/strong>. Las <strong>camisas a rayas<\/strong> est\u00e1n inspiradas en telas decorativas de hotel.<\/p><div id=\"luxon-1392532316\" class=\"luxon-3er-parrafo luxon-entity-placement\" style=\"margin-top: 20px;margin-bottom: 20px;margin-left: auto;margin-right: auto;text-align: center;\"><a href=\"https:\/\/luxonomy.university\/course\/master-turismo-de-lujo\" target=\"_blank\" aria-label=\"master-turismo-lujo-2026-2027\"><img loading=\"lazy\" decoding=\"async\" src=\"https:\/\/i0.wp.com\/luxonomy.net\/wp-content\/uploads\/2020\/07\/master-turismo-lujo-2026-2027.jpg?fit=1672%2C941&#038;ssl=1\" alt=\"\"  srcset=\"https:\/\/i0.wp.com\/luxonomy.net\/wp-content\/uploads\/2020\/07\/master-turismo-lujo-2026-2027.jpg?w=1672&ssl=1 1672w, https:\/\/i0.wp.com\/luxonomy.net\/wp-content\/uploads\/2020\/07\/master-turismo-lujo-2026-2027.jpg?resize=300%2C169&ssl=1 300w, https:\/\/i0.wp.com\/luxonomy.net\/wp-content\/uploads\/2020\/07\/master-turismo-lujo-2026-2027.jpg?resize=1024%2C576&ssl=1 1024w, https:\/\/i0.wp.com\/luxonomy.net\/wp-content\/uploads\/2020\/07\/master-turismo-lujo-2026-2027.jpg?resize=768%2C432&ssl=1 768w, https:\/\/i0.wp.com\/luxonomy.net\/wp-content\/uploads\/2020\/07\/master-turismo-lujo-2026-2027.jpg?resize=1536%2C864&ssl=1 1536w, https:\/\/i0.wp.com\/luxonomy.net\/wp-content\/uploads\/2020\/07\/master-turismo-lujo-2026-2027.jpg?resize=370%2C208&ssl=1 370w, https:\/\/i0.wp.com\/luxonomy.net\/wp-content\/uploads\/2020\/07\/master-turismo-lujo-2026-2027.jpg?resize=800%2C450&ssl=1 800w, https:\/\/i0.wp.com\/luxonomy.net\/wp-content\/uploads\/2020\/07\/master-turismo-lujo-2026-2027.jpg?resize=20%2C11&ssl=1 20w, https:\/\/i0.wp.com\/luxonomy.net\/wp-content\/uploads\/2020\/07\/master-turismo-lujo-2026-2027.jpg?resize=740%2C416&ssl=1 740w, https:\/\/i0.wp.com\/luxonomy.net\/wp-content\/uploads\/2020\/07\/master-turismo-lujo-2026-2027.jpg?resize=1600%2C900&ssl=1 1600w, https:\/\/i0.wp.com\/luxonomy.net\/wp-content\/uploads\/2020\/07\/master-turismo-lujo-2026-2027.jpg?resize=1200%2C675&ssl=1 1200w, https:\/\/i0.wp.com\/luxonomy.net\/wp-content\/uploads\/2020\/07\/master-turismo-lujo-2026-2027.jpg?resize=85%2C48&ssl=1 85w\" sizes=\"(max-width: 1170px) 100vw, 1170px\" class=\"no-lazyload\" width=\"1672\" height=\"941\"   \/><\/a><\/div>\n<p>Las l\u00edneas gr\u00e1ficas y los <strong>cuadros<\/strong> parecen flotar hacia arriba y desaparecer con cada look. Un nuevo <strong>cintur\u00f3n cruzado<\/strong> est\u00e1 disponible en firmas s\u00f3lidas, monograma y tablero de ajedrez.<\/p>\n<p>Las <strong>chaquetas bomber <\/strong>se combinan con <strong>minifaldas<\/strong>. Los <strong>vol\u00famenes<\/strong> y las <strong>capas<\/strong> celebran una <strong>feminidad multifac\u00e9tica<\/strong>, abrazando el romanticismo y la sastrer\u00eda.<\/p>\n<p>La <strong>ilusi\u00f3n y la innovaci\u00f3n <\/strong>se unen en una tela tipo <strong><em>boucl\u00e9<\/em><\/strong> que parece <strong>tweed<\/strong>, hecha de <strong>fibras t\u00e9cnicas y bordada con microperlas<\/strong>.<\/p>\n<p><strong>Nuevas versiones del bolso Alma <\/strong>tienen un asa f\u00e1cil de agarrar, y una <strong>bolsa para c\u00e1mara<\/strong> se lleva alrededor del cuello, a\u00f1adiendo al chic encanto de las <strong>et\u00e9reas siluetas de Louis Vuitton.<\/strong><\/p><div id=\"luxon-3981825223\" class=\"luxon-7-parrafo luxon-entity-placement\" style=\"margin-top: 20px;margin-bottom: 20px;margin-left: auto;margin-right: auto;text-align: center;\"><a href=\"https:\/\/theintelligence.institute\/course\/inteligencia-artificial-para-directivos\" target=\"_blank\" aria-label=\"CSIAD_empresas_THEI_horizontal_4x3_v5\"><img loading=\"lazy\" decoding=\"async\" src=\"https:\/\/i0.wp.com\/luxonomy.net\/wp-content\/uploads\/2025\/08\/CSIAD_empresas_THEI_horizontal_4x3_v5.png?fit=2000%2C1500&#038;ssl=1\" alt=\"\"  srcset=\"https:\/\/i0.wp.com\/luxonomy.net\/wp-content\/uploads\/2025\/08\/CSIAD_empresas_THEI_horizontal_4x3_v5.png?w=2000&ssl=1 2000w, https:\/\/i0.wp.com\/luxonomy.net\/wp-content\/uploads\/2025\/08\/CSIAD_empresas_THEI_horizontal_4x3_v5.png?resize=300%2C225&ssl=1 300w, https:\/\/i0.wp.com\/luxonomy.net\/wp-content\/uploads\/2025\/08\/CSIAD_empresas_THEI_horizontal_4x3_v5.png?resize=1024%2C768&ssl=1 1024w, https:\/\/i0.wp.com\/luxonomy.net\/wp-content\/uploads\/2025\/08\/CSIAD_empresas_THEI_horizontal_4x3_v5.png?resize=768%2C576&ssl=1 768w, https:\/\/i0.wp.com\/luxonomy.net\/wp-content\/uploads\/2025\/08\/CSIAD_empresas_THEI_horizontal_4x3_v5.png?resize=1536%2C1152&ssl=1 1536w, https:\/\/i0.wp.com\/luxonomy.net\/wp-content\/uploads\/2025\/08\/CSIAD_empresas_THEI_horizontal_4x3_v5.png?resize=370%2C278&ssl=1 370w, https:\/\/i0.wp.com\/luxonomy.net\/wp-content\/uploads\/2025\/08\/CSIAD_empresas_THEI_horizontal_4x3_v5.png?resize=800%2C600&ssl=1 800w, https:\/\/i0.wp.com\/luxonomy.net\/wp-content\/uploads\/2025\/08\/CSIAD_empresas_THEI_horizontal_4x3_v5.png?resize=20%2C15&ssl=1 20w, https:\/\/i0.wp.com\/luxonomy.net\/wp-content\/uploads\/2025\/08\/CSIAD_empresas_THEI_horizontal_4x3_v5.png?resize=740%2C555&ssl=1 740w, https:\/\/i0.wp.com\/luxonomy.net\/wp-content\/uploads\/2025\/08\/CSIAD_empresas_THEI_horizontal_4x3_v5.png?resize=1600%2C1200&ssl=1 1600w, https:\/\/i0.wp.com\/luxonomy.net\/wp-content\/uploads\/2025\/08\/CSIAD_empresas_THEI_horizontal_4x3_v5.png?resize=1200%2C900&ssl=1 1200w, https:\/\/i0.wp.com\/luxonomy.net\/wp-content\/uploads\/2025\/08\/CSIAD_empresas_THEI_horizontal_4x3_v5.png?resize=64%2C48&ssl=1 64w\" sizes=\"(max-width: 1170px) 100vw, 1170px\" class=\"no-lazyload\" width=\"2000\" height=\"1500\"   \/><\/a><\/div>\n","protected":false},"excerpt":{"rendered":"<p>La nueva colecci\u00f3n de Nicolas Ghesqui\u00e8re, director art\u00edstico de las colecciones femeninas de Louis Vuitton, se present\u00f3 en la futura direcci\u00f3n de la Maison en 103 avenue des Champs \u00c9lys\u00e9es. Con un tel\u00f3n de fondo de cortinas recicladas en naranja mandarina, evocando el interior de un globo aerost\u00e1tico, las siluetas eran una invitaci\u00f3n a viajar&hellip;<\/p>\n","protected":false},"author":11,"featured_media":48502,"comment_status":"closed","ping_status":"open","sticky":false,"template":"","format":"video","meta":{"_jetpack_newsletter_access":"","_jetpack_dont_email_post_to_subs":false,"_jetpack_newsletter_tier_id":0,"_jetpack_memberships_contains_paywalled_content":false,"_jetpack_feature_clip_id":0,"_jetpack_memberships_contains_paid_content":false,"footnotes":"","jetpack_publicize_message":"","jetpack_publicize_feature_enabled":true,"jetpack_social_post_already_shared":true,"jetpack_social_options":{"image_generator_settings":{"template":"edge","default_image_id":0,"font":"","enabled":false},"version":2},"jetpack_post_was_ever_published":false},"categories":[1588,227,799,534],"tags":[1367,228,660,687],"thb-sponsors":[],"class_list":["post-48505","post","type-post","status-publish","format-video","has-post-thumbnail","hentry","category-desfiles","category-eventos","category-luxonomy-tv","category-moda","tag-desfiles","tag-eventos","tag-louis-vuitton","tag-luxonomy-tv","post_format-post-format-video"],"yoast_head":"<!-- This site is optimized with the Yoast SEO plugin v28.3 - https:\/\/yoast.com\/product\/yoast-seo-wordpress\/ -->\n<title>Louis Vuitton Women\u2019s Spring-Summer 2024 show | LUXONOMY<\/title>\n<meta name=\"robots\" content=\"index, follow, max-snippet:-1, max-image-preview:large, max-video-preview:-1\" \/>\n<link rel=\"canonical\" href=\"https:\/\/luxonomy.net\/es\/louis-vuitton-womens-spring-summer-2024-show\/\" \/>\n<meta property=\"og:locale\" content=\"es_ES\" \/>\n<meta property=\"og:type\" content=\"article\" \/>\n<meta property=\"og:title\" content=\"Louis Vuitton Women\u2019s Spring-Summer 2024 show | LUXONOMY\" \/>\n<meta property=\"og:description\" content=\"La nueva colecci\u00f3n de Nicolas Ghesqui\u00e8re, director art\u00edstico de las colecciones femeninas de Louis Vuitton, se present\u00f3 en la futura direcci\u00f3n de la Maison en 103 avenue des Champs \u00c9lys\u00e9es. Con un tel\u00f3n de fondo de cortinas recicladas en naranja mandarina, evocando el interior de un globo aerost\u00e1tico, las siluetas eran una invitaci\u00f3n a viajar&hellip;\" \/>\n<meta property=\"og:url\" content=\"https:\/\/luxonomy.net\/es\/louis-vuitton-womens-spring-summer-2024-show\/\" \/>\n<meta property=\"og:site_name\" content=\"LUXONOMY\" \/>\n<meta property=\"article:publisher\" content=\"https:\/\/www.facebook.com\/luxonomy\" \/>\n<meta property=\"article:published_time\" content=\"2023-10-10T23:02:00+00:00\" \/>\n<meta property=\"article:modified_time\" content=\"2023-10-10T23:47:54+00:00\" \/>\n<meta property=\"og:image\" content=\"https:\/\/i0.wp.com\/luxonomy.net\/wp-content\/uploads\/2023\/10\/img_1225-1.jpg?fit=1584%2C872&quality=89&ssl=1\" \/>\n\t<meta property=\"og:image:width\" content=\"1584\" \/>\n\t<meta property=\"og:image:height\" content=\"872\" \/>\n\t<meta property=\"og:image:type\" content=\"image\/jpeg\" \/>\n<meta name=\"author\" content=\"Kristi Ellis\" \/>\n<meta name=\"twitter:card\" content=\"summary_large_image\" \/>\n<meta name=\"twitter:label1\" content=\"Escrito por\" \/>\n\t<meta name=\"twitter:data1\" content=\"Kristi Ellis\" \/>\n\t<meta name=\"twitter:label2\" content=\"Tiempo de lectura\" \/>\n\t<meta name=\"twitter:data2\" content=\"2 minutos\" \/>\n<script type=\"application\/ld+json\" class=\"yoast-schema-graph\">{\"@context\":\"https:\\\/\\\/schema.org\",\"@graph\":[{\"@type\":\"Article\",\"@id\":\"https:\\\/\\\/luxonomy.net\\\/es\\\/louis-vuitton-womens-spring-summer-2024-show\\\/#article\",\"isPartOf\":{\"@id\":\"https:\\\/\\\/luxonomy.net\\\/es\\\/louis-vuitton-womens-spring-summer-2024-show\\\/\"},\"author\":{\"name\":\"Kristi Ellis\",\"@id\":\"https:\\\/\\\/luxonomy.net\\\/es\\\/#\\\/schema\\\/person\\\/1a813e5ec518f582af236d6344aa6c01\"},\"headline\":\"Louis Vuitton Women\u2019s Spring-Summer 2024 show\",\"datePublished\":\"2023-10-10T23:02:00+00:00\",\"dateModified\":\"2023-10-10T23:47:54+00:00\",\"mainEntityOfPage\":{\"@id\":\"https:\\\/\\\/luxonomy.net\\\/es\\\/louis-vuitton-womens-spring-summer-2024-show\\\/\"},\"wordCount\":259,\"publisher\":{\"@id\":\"https:\\\/\\\/luxonomy.net\\\/es\\\/#organization\"},\"image\":{\"@id\":\"https:\\\/\\\/luxonomy.net\\\/es\\\/louis-vuitton-womens-spring-summer-2024-show\\\/#primaryimage\"},\"thumbnailUrl\":\"https:\\\/\\\/i0.wp.com\\\/luxonomy.net\\\/wp-content\\\/uploads\\\/2023\\\/10\\\/img_1225-1.jpg?fit=1584%2C872&ssl=1\",\"keywords\":[\"desfiles\",\"Eventos\",\"Louis Vuitton\",\"LUXONOMY TV\"],\"articleSection\":[\"Desfiles\",\"Eventos\",\"LUXONOMY TV\",\"Moda\"],\"inLanguage\":\"es\"},{\"@type\":\"WebPage\",\"@id\":\"https:\\\/\\\/luxonomy.net\\\/es\\\/louis-vuitton-womens-spring-summer-2024-show\\\/\",\"url\":\"https:\\\/\\\/luxonomy.net\\\/es\\\/louis-vuitton-womens-spring-summer-2024-show\\\/\",\"name\":\"Louis Vuitton Women\u2019s Spring-Summer 2024 show | LUXONOMY\",\"isPartOf\":{\"@id\":\"https:\\\/\\\/luxonomy.net\\\/es\\\/#website\"},\"primaryImageOfPage\":{\"@id\":\"https:\\\/\\\/luxonomy.net\\\/es\\\/louis-vuitton-womens-spring-summer-2024-show\\\/#primaryimage\"},\"image\":{\"@id\":\"https:\\\/\\\/luxonomy.net\\\/es\\\/louis-vuitton-womens-spring-summer-2024-show\\\/#primaryimage\"},\"thumbnailUrl\":\"https:\\\/\\\/i0.wp.com\\\/luxonomy.net\\\/wp-content\\\/uploads\\\/2023\\\/10\\\/img_1225-1.jpg?fit=1584%2C872&ssl=1\",\"datePublished\":\"2023-10-10T23:02:00+00:00\",\"dateModified\":\"2023-10-10T23:47:54+00:00\",\"breadcrumb\":{\"@id\":\"https:\\\/\\\/luxonomy.net\\\/es\\\/louis-vuitton-womens-spring-summer-2024-show\\\/#breadcrumb\"},\"inLanguage\":\"es\",\"potentialAction\":[{\"@type\":\"ReadAction\",\"target\":[\"https:\\\/\\\/luxonomy.net\\\/es\\\/louis-vuitton-womens-spring-summer-2024-show\\\/\"]}]},{\"@type\":\"ImageObject\",\"inLanguage\":\"es\",\"@id\":\"https:\\\/\\\/luxonomy.net\\\/es\\\/louis-vuitton-womens-spring-summer-2024-show\\\/#primaryimage\",\"url\":\"https:\\\/\\\/i0.wp.com\\\/luxonomy.net\\\/wp-content\\\/uploads\\\/2023\\\/10\\\/img_1225-1.jpg?fit=1584%2C872&ssl=1\",\"contentUrl\":\"https:\\\/\\\/i0.wp.com\\\/luxonomy.net\\\/wp-content\\\/uploads\\\/2023\\\/10\\\/img_1225-1.jpg?fit=1584%2C872&ssl=1\",\"width\":1584,\"height\":872},{\"@type\":\"BreadcrumbList\",\"@id\":\"https:\\\/\\\/luxonomy.net\\\/es\\\/louis-vuitton-womens-spring-summer-2024-show\\\/#breadcrumb\",\"itemListElement\":[{\"@type\":\"ListItem\",\"position\":1,\"name\":\"Portada\",\"item\":\"https:\\\/\\\/luxonomy.net\\\/es\\\/\"},{\"@type\":\"ListItem\",\"position\":2,\"name\":\"Louis Vuitton Women\u2019s Spring-Summer 2024 show\"}]},{\"@type\":\"WebSite\",\"@id\":\"https:\\\/\\\/luxonomy.net\\\/es\\\/#website\",\"url\":\"https:\\\/\\\/luxonomy.net\\\/es\\\/\",\"name\":\"LUXONOMY\",\"description\":\"The Economy of Fashion &amp; Luxury\",\"publisher\":{\"@id\":\"https:\\\/\\\/luxonomy.net\\\/es\\\/#organization\"},\"potentialAction\":[{\"@type\":\"SearchAction\",\"target\":{\"@type\":\"EntryPoint\",\"urlTemplate\":\"https:\\\/\\\/luxonomy.net\\\/es\\\/?s={search_term_string}\"},\"query-input\":{\"@type\":\"PropertyValueSpecification\",\"valueRequired\":true,\"valueName\":\"search_term_string\"}}],\"inLanguage\":\"es\"},{\"@type\":\"Organization\",\"@id\":\"https:\\\/\\\/luxonomy.net\\\/es\\\/#organization\",\"name\":\"LUXONOMY\",\"url\":\"https:\\\/\\\/luxonomy.net\\\/es\\\/\",\"logo\":{\"@type\":\"ImageObject\",\"inLanguage\":\"es\",\"@id\":\"https:\\\/\\\/luxonomy.net\\\/es\\\/#\\\/schema\\\/logo\\\/image\\\/\",\"url\":\"https:\\\/\\\/i2.wp.com\\\/luxonomy.net\\\/wp-content\\\/uploads\\\/2021\\\/09\\\/MOCKUP-TODOS-LUXONOMY.jpg?fit=1000%2C515&ssl=1\",\"contentUrl\":\"https:\\\/\\\/i2.wp.com\\\/luxonomy.net\\\/wp-content\\\/uploads\\\/2021\\\/09\\\/MOCKUP-TODOS-LUXONOMY.jpg?fit=1000%2C515&ssl=1\",\"width\":1000,\"height\":515,\"caption\":\"LUXONOMY\"},\"image\":{\"@id\":\"https:\\\/\\\/luxonomy.net\\\/es\\\/#\\\/schema\\\/logo\\\/image\\\/\"},\"sameAs\":[\"https:\\\/\\\/www.facebook.com\\\/luxonomy\",\"https:\\\/\\\/www.instagram.com\\\/luxonomy\\\/\",\"https:\\\/\\\/www.linkedin.com\\\/company\\\/luxonomy\\\/\"]},{\"@type\":\"Person\",\"@id\":\"https:\\\/\\\/luxonomy.net\\\/es\\\/#\\\/schema\\\/person\\\/1a813e5ec518f582af236d6344aa6c01\",\"name\":\"Kristi Ellis\",\"image\":{\"@type\":\"ImageObject\",\"inLanguage\":\"es\",\"@id\":\"https:\\\/\\\/luxonomy.net\\\/wp-content\\\/litespeed\\\/avatar\\\/ae0c58256b980352bba3c97a8f9abe32.jpg?ver=1787975034\",\"url\":\"https:\\\/\\\/luxonomy.net\\\/wp-content\\\/litespeed\\\/avatar\\\/ae0c58256b980352bba3c97a8f9abe32.jpg?ver=1787975034\",\"contentUrl\":\"https:\\\/\\\/luxonomy.net\\\/wp-content\\\/litespeed\\\/avatar\\\/ae0c58256b980352bba3c97a8f9abe32.jpg?ver=1787975034\",\"caption\":\"Kristi Ellis\"},\"url\":\"https:\\\/\\\/luxonomy.net\\\/es\\\/author\\\/kristi-ellis\\\/\"}]}<\/script>\n<!-- \/ Yoast SEO plugin. -->","yoast_head_json":{"title":"Louis Vuitton Women\u2019s Spring-Summer 2024 show | LUXONOMY","robots":{"index":"index","follow":"follow","max-snippet":"max-snippet:-1","max-image-preview":"max-image-preview:large","max-video-preview":"max-video-preview:-1"},"canonical":"https:\/\/luxonomy.net\/es\/louis-vuitton-womens-spring-summer-2024-show\/","og_locale":"es_ES","og_type":"article","og_title":"Louis Vuitton Women\u2019s Spring-Summer 2024 show | LUXONOMY","og_description":"La nueva colecci\u00f3n de Nicolas Ghesqui\u00e8re, director art\u00edstico de las colecciones femeninas de Louis Vuitton, se present\u00f3 en la futura direcci\u00f3n de la Maison en 103 avenue des Champs \u00c9lys\u00e9es. Con un tel\u00f3n de fondo de cortinas recicladas en naranja mandarina, evocando el interior de un globo aerost\u00e1tico, las siluetas eran una invitaci\u00f3n a viajar&hellip;","og_url":"https:\/\/luxonomy.net\/es\/louis-vuitton-womens-spring-summer-2024-show\/","og_site_name":"LUXONOMY","article_publisher":"https:\/\/www.facebook.com\/luxonomy","article_published_time":"2023-10-10T23:02:00+00:00","article_modified_time":"2023-10-10T23:47:54+00:00","og_image":[{"width":1584,"height":872,"url":"https:\/\/i0.wp.com\/luxonomy.net\/wp-content\/uploads\/2023\/10\/img_1225-1.jpg?fit=1584%2C872&quality=89&ssl=1","type":"image\/jpeg"}],"author":"Kristi Ellis","twitter_card":"summary_large_image","twitter_misc":{"Escrito por":"Kristi Ellis","Tiempo de lectura":"2 minutos"},"schema":{"@context":"https:\/\/schema.org","@graph":[{"@type":"Article","@id":"https:\/\/luxonomy.net\/es\/louis-vuitton-womens-spring-summer-2024-show\/#article","isPartOf":{"@id":"https:\/\/luxonomy.net\/es\/louis-vuitton-womens-spring-summer-2024-show\/"},"author":{"name":"Kristi Ellis","@id":"https:\/\/luxonomy.net\/es\/#\/schema\/person\/1a813e5ec518f582af236d6344aa6c01"},"headline":"Louis Vuitton Women\u2019s Spring-Summer 2024 show","datePublished":"2023-10-10T23:02:00+00:00","dateModified":"2023-10-10T23:47:54+00:00","mainEntityOfPage":{"@id":"https:\/\/luxonomy.net\/es\/louis-vuitton-womens-spring-summer-2024-show\/"},"wordCount":259,"publisher":{"@id":"https:\/\/luxonomy.net\/es\/#organization"},"image":{"@id":"https:\/\/luxonomy.net\/es\/louis-vuitton-womens-spring-summer-2024-show\/#primaryimage"},"thumbnailUrl":"https:\/\/i0.wp.com\/luxonomy.net\/wp-content\/uploads\/2023\/10\/img_1225-1.jpg?fit=1584%2C872&ssl=1","keywords":["desfiles","Eventos","Louis Vuitton","LUXONOMY TV"],"articleSection":["Desfiles","Eventos","LUXONOMY TV","Moda"],"inLanguage":"es"},{"@type":"WebPage","@id":"https:\/\/luxonomy.net\/es\/louis-vuitton-womens-spring-summer-2024-show\/","url":"https:\/\/luxonomy.net\/es\/louis-vuitton-womens-spring-summer-2024-show\/","name":"Louis Vuitton Women\u2019s Spring-Summer 2024 show | LUXONOMY","isPartOf":{"@id":"https:\/\/luxonomy.net\/es\/#website"},"primaryImageOfPage":{"@id":"https:\/\/luxonomy.net\/es\/louis-vuitton-womens-spring-summer-2024-show\/#primaryimage"},"image":{"@id":"https:\/\/luxonomy.net\/es\/louis-vuitton-womens-spring-summer-2024-show\/#primaryimage"},"thumbnailUrl":"https:\/\/i0.wp.com\/luxonomy.net\/wp-content\/uploads\/2023\/10\/img_1225-1.jpg?fit=1584%2C872&ssl=1","datePublished":"2023-10-10T23:02:00+00:00","dateModified":"2023-10-10T23:47:54+00:00","breadcrumb":{"@id":"https:\/\/luxonomy.net\/es\/louis-vuitton-womens-spring-summer-2024-show\/#breadcrumb"},"inLanguage":"es","potentialAction":[{"@type":"ReadAction","target":["https:\/\/luxonomy.net\/es\/louis-vuitton-womens-spring-summer-2024-show\/"]}]},{"@type":"ImageObject","inLanguage":"es","@id":"https:\/\/luxonomy.net\/es\/louis-vuitton-womens-spring-summer-2024-show\/#primaryimage","url":"https:\/\/i0.wp.com\/luxonomy.net\/wp-content\/uploads\/2023\/10\/img_1225-1.jpg?fit=1584%2C872&ssl=1","contentUrl":"https:\/\/i0.wp.com\/luxonomy.net\/wp-content\/uploads\/2023\/10\/img_1225-1.jpg?fit=1584%2C872&ssl=1","width":1584,"height":872},{"@type":"BreadcrumbList","@id":"https:\/\/luxonomy.net\/es\/louis-vuitton-womens-spring-summer-2024-show\/#breadcrumb","itemListElement":[{"@type":"ListItem","position":1,"name":"Portada","item":"https:\/\/luxonomy.net\/es\/"},{"@type":"ListItem","position":2,"name":"Louis Vuitton Women\u2019s Spring-Summer 2024 show"}]},{"@type":"WebSite","@id":"https:\/\/luxonomy.net\/es\/#website","url":"https:\/\/luxonomy.net\/es\/","name":"LUXONOMY","description":"The Economy of Fashion &amp; Luxury","publisher":{"@id":"https:\/\/luxonomy.net\/es\/#organization"},"potentialAction":[{"@type":"SearchAction","target":{"@type":"EntryPoint","urlTemplate":"https:\/\/luxonomy.net\/es\/?s={search_term_string}"},"query-input":{"@type":"PropertyValueSpecification","valueRequired":true,"valueName":"search_term_string"}}],"inLanguage":"es"},{"@type":"Organization","@id":"https:\/\/luxonomy.net\/es\/#organization","name":"LUXONOMY","url":"https:\/\/luxonomy.net\/es\/","logo":{"@type":"ImageObject","inLanguage":"es","@id":"https:\/\/luxonomy.net\/es\/#\/schema\/logo\/image\/","url":"https:\/\/i2.wp.com\/luxonomy.net\/wp-content\/uploads\/2021\/09\/MOCKUP-TODOS-LUXONOMY.jpg?fit=1000%2C515&ssl=1","contentUrl":"https:\/\/i2.wp.com\/luxonomy.net\/wp-content\/uploads\/2021\/09\/MOCKUP-TODOS-LUXONOMY.jpg?fit=1000%2C515&ssl=1","width":1000,"height":515,"caption":"LUXONOMY"},"image":{"@id":"https:\/\/luxonomy.net\/es\/#\/schema\/logo\/image\/"},"sameAs":["https:\/\/www.facebook.com\/luxonomy","https:\/\/www.instagram.com\/luxonomy\/","https:\/\/www.linkedin.com\/company\/luxonomy\/"]},{"@type":"Person","@id":"https:\/\/luxonomy.net\/es\/#\/schema\/person\/1a813e5ec518f582af236d6344aa6c01","name":"Kristi Ellis","image":{"@type":"ImageObject","inLanguage":"es","@id":"https:\/\/luxonomy.net\/wp-content\/litespeed\/avatar\/ae0c58256b980352bba3c97a8f9abe32.jpg?ver=1787975034","url":"https:\/\/luxonomy.net\/wp-content\/litespeed\/avatar\/ae0c58256b980352bba3c97a8f9abe32.jpg?ver=1787975034","contentUrl":"https:\/\/luxonomy.net\/wp-content\/litespeed\/avatar\/ae0c58256b980352bba3c97a8f9abe32.jpg?ver=1787975034","caption":"Kristi Ellis"},"url":"https:\/\/luxonomy.net\/es\/author\/kristi-ellis\/"}]}},"jetpack_publicize_connections":[],"jetpack_shortlink":"https:\/\/wp.me\/paPhBa-cCl","jetpack_sharing_enabled":true,"jetpack_featured_media_url":"https:\/\/i0.wp.com\/luxonomy.net\/wp-content\/uploads\/2023\/10\/img_1225-1.jpg?fit=1584%2C872&ssl=1","_links":{"self":[{"href":"https:\/\/luxonomy.net\/es\/wp-json\/wp\/v2\/posts\/48505","targetHints":{"allow":["GET"]}}],"collection":[{"href":"https:\/\/luxonomy.net\/es\/wp-json\/wp\/v2\/posts"}],"about":[{"href":"https:\/\/luxonomy.net\/es\/wp-json\/wp\/v2\/types\/post"}],"author":[{"embeddable":true,"href":"https:\/\/luxonomy.net\/es\/wp-json\/wp\/v2\/users\/11"}],"replies":[{"embeddable":true,"href":"https:\/\/luxonomy.net\/es\/wp-json\/wp\/v2\/comments?post=48505"}],"version-history":[{"count":1,"href":"https:\/\/luxonomy.net\/es\/wp-json\/wp\/v2\/posts\/48505\/revisions"}],"predecessor-version":[{"id":48506,"href":"https:\/\/luxonomy.net\/es\/wp-json\/wp\/v2\/posts\/48505\/revisions\/48506"}],"wp:featuredmedia":[{"embeddable":true,"href":"https:\/\/luxonomy.net\/es\/wp-json\/wp\/v2\/media\/48502"}],"wp:attachment":[{"href":"https:\/\/luxonomy.net\/es\/wp-json\/wp\/v2\/media?parent=48505"}],"wp:term":[{"taxonomy":"category","embeddable":true,"href":"https:\/\/luxonomy.net\/es\/wp-json\/wp\/v2\/categories?post=48505"},{"taxonomy":"post_tag","embeddable":true,"href":"https:\/\/luxonomy.net\/es\/wp-json\/wp\/v2\/tags?post=48505"},{"taxonomy":"thb-sponsors","embeddable":true,"href":"https:\/\/luxonomy.net\/es\/wp-json\/wp\/v2\/thb-sponsors?post=48505"}],"curies":[{"name":"wp","href":"https:\/\/api.w.org\/{rel}","templated":true}]}}