{"id":47805,"date":"2023-09-20T10:57:13","date_gmt":"2023-09-20T08:57:13","guid":{"rendered":"https:\/?p=47805"},"modified":"2023-09-20T10:57:13","modified_gmt":"2023-09-20T08:57:13","slug":"quien-sera-el-heredero-de-bernard-arnault-el-hombre-mas-rico-del-planeta","status":"publish","type":"post","link":"https:\/\/luxonomy.net\/es\/quien-sera-el-heredero-de-bernard-arnault-el-hombre-mas-rico-del-planeta\/","title":{"rendered":"\u00bfQui\u00e9n ser\u00e1 el heredero de Bernard Arnault, el hombre m\u00e1s rico del Planeta?"},"content":{"rendered":"<p><strong>Bernard Arnault<\/strong> ha constru\u00eddo un imperio de lujo bas\u00e1ndose en la &#8220;<strong>deseabilidad<\/strong>&#8220;.\u00a0Con marcas como <strong>Tiffany, Dom P\u00e9rignon y Louis Vuitton<\/strong>, <strong>LVMH<\/strong> lo convirti\u00f3 en el hombre m\u00e1s ricos del mundo. Pero con <strong>cinco hijos<\/strong>, tiene que tomar una decisi\u00f3n dif\u00edcil. <strong>\u00bfQui\u00e9n lo heredar\u00e1?<\/strong>.<\/p>\n<p>Una tarde del <strong>pasado mes de julio<\/strong>, poco despu\u00e9s de ser nombrado <strong>el hombre m\u00e1s rico del planeta por Forbes, Bernard Arnault<\/strong>, director del imperio de art\u00edculos de lujo <strong>LVMH Mo\u00ebt Hennessy Louis Vuitton<\/strong>, subi\u00f3 a un escenario con vistas a la Torre Eiffel ante un multitud de dignatarios y periodistas franceses.<\/p>\n<p><strong>En primera fila estaban sentados cuatro de sus cinco hijos adultos<\/strong>; <strong>el quinto observaba desde Nueva York<\/strong>, donde es ejecutivo de Tiffany &amp; Company. Su padre los hab\u00eda criado a todos desde que pod\u00edan caminar para que alg\u00fan d\u00eda dirigieran el conglomerado LVMH.<\/p><div id=\"luxon-2827764292\" class=\"luxon-3er-parrafo luxon-entity-placement\" style=\"margin-top: 20px;margin-bottom: 20px;margin-left: auto;margin-right: auto;text-align: center;\"><a href=\"https:\/\/luxonomy.university\/course\/master-turismo-de-lujo\" target=\"_blank\" aria-label=\"master-turismo-lujo-2026-2027\"><img loading=\"lazy\" decoding=\"async\" src=\"https:\/\/i0.wp.com\/luxonomy.net\/wp-content\/uploads\/2020\/07\/master-turismo-lujo-2026-2027.jpg?fit=1672%2C941&#038;ssl=1\" alt=\"\"  srcset=\"https:\/\/i0.wp.com\/luxonomy.net\/wp-content\/uploads\/2020\/07\/master-turismo-lujo-2026-2027.jpg?w=1672&ssl=1 1672w, https:\/\/i0.wp.com\/luxonomy.net\/wp-content\/uploads\/2020\/07\/master-turismo-lujo-2026-2027.jpg?resize=300%2C169&ssl=1 300w, https:\/\/i0.wp.com\/luxonomy.net\/wp-content\/uploads\/2020\/07\/master-turismo-lujo-2026-2027.jpg?resize=1024%2C576&ssl=1 1024w, https:\/\/i0.wp.com\/luxonomy.net\/wp-content\/uploads\/2020\/07\/master-turismo-lujo-2026-2027.jpg?resize=768%2C432&ssl=1 768w, https:\/\/i0.wp.com\/luxonomy.net\/wp-content\/uploads\/2020\/07\/master-turismo-lujo-2026-2027.jpg?resize=1536%2C864&ssl=1 1536w, https:\/\/i0.wp.com\/luxonomy.net\/wp-content\/uploads\/2020\/07\/master-turismo-lujo-2026-2027.jpg?resize=370%2C208&ssl=1 370w, https:\/\/i0.wp.com\/luxonomy.net\/wp-content\/uploads\/2020\/07\/master-turismo-lujo-2026-2027.jpg?resize=800%2C450&ssl=1 800w, https:\/\/i0.wp.com\/luxonomy.net\/wp-content\/uploads\/2020\/07\/master-turismo-lujo-2026-2027.jpg?resize=20%2C11&ssl=1 20w, https:\/\/i0.wp.com\/luxonomy.net\/wp-content\/uploads\/2020\/07\/master-turismo-lujo-2026-2027.jpg?resize=740%2C416&ssl=1 740w, https:\/\/i0.wp.com\/luxonomy.net\/wp-content\/uploads\/2020\/07\/master-turismo-lujo-2026-2027.jpg?resize=1600%2C900&ssl=1 1600w, https:\/\/i0.wp.com\/luxonomy.net\/wp-content\/uploads\/2020\/07\/master-turismo-lujo-2026-2027.jpg?resize=1200%2C675&ssl=1 1200w, https:\/\/i0.wp.com\/luxonomy.net\/wp-content\/uploads\/2020\/07\/master-turismo-lujo-2026-2027.jpg?resize=85%2C48&ssl=1 85w\" sizes=\"(max-width: 1170px) 100vw, 1170px\" class=\"no-lazyload\" width=\"1672\" height=\"941\"   \/><\/a><\/div>\n<p>La ocasi\u00f3n fue el anuncio del Sr. Arnault de que <strong>LVMH proporcionar\u00eda 150 millones de euros<\/strong> (alrededor de 161 millones de d\u00f3lares) para <strong>patrocinar los Juegos Ol\u00edmpicos de Par\u00eds 2024<\/strong>. Las empresas de LVMH tendr\u00e1n un papel protagonista. Chaumet, un joyero de Par\u00eds entre cuyos clientes se encontraba la esposa de Napole\u00f3n, Jos\u00e9phine, dise\u00f1ar\u00e1 las medallas ol\u00edmpicas, y los vinos de Mo\u00ebt Hennessy fluir\u00e1n en las suites de hospitalidad.<\/p>\n<p>&#8220;La asociaci\u00f3n contribuir\u00e1 a promover Francia en el mundo&#8221;, declar\u00f3 Arnault. Mientras las c\u00e1maras de televisi\u00f3n se acercaban, su <strong>hijo mayor, Antoine<\/strong>, jefe de comunicaci\u00f3n e imagen de LVMH, pronunci\u00f3 lo que podr\u00eda ser un eslogan para esta enorme empresa que su padre ha construido: <strong>\u201cPara un sue\u00f1o, no hay precio\u201d.<\/strong><\/p>\n<p>Fue un momento de <strong>triunfo p\u00fablico para Arnault<\/strong>, una se\u00f1al de como de arraigado est\u00e1\u00a0<strong>LVMH en el tejido de Francia<\/strong>. Durante m\u00e1s de 30 a\u00f1os, ha convertido a LVMH en el mayor grupo de lujo del mundo y en la empresa m\u00e1s valiosa de Francia, con presencia en 81 pa\u00edses. Sus marcas (75 en total) son las estrellas del mundo del lujo, incluidas Louis Vuitton, Christian Dior, Tiffany y Dom P\u00e9rignon Champagne. Le ha dado acceso a primeros ministros y presidentes, y le ha permitido acumular una colecci\u00f3n de arte digna de un museo.<\/p>\n<p>Pero su \u00e9xito ha tra\u00eddo desaf\u00edos. En Francia, Arnault se ha convertido en un pararrayos de la ira por la creciente desigualdad econ\u00f3mica. En abril, 10 d\u00edas despu\u00e9s de que Forbes lo colocara en la cima de su lista anual de las personas m\u00e1s ricas, los <strong>manifestantes irrumpieron en su oficina en Par\u00eds<\/strong> durante huelgas nacionales por el aumento de la edad de jubilaci\u00f3n. Su efigie fue quemada como s\u00edmbolo del mal capitalista.<\/p><div id=\"luxon-1287112354\" class=\"luxon-7-parrafo luxon-entity-placement\" style=\"margin-top: 20px;margin-bottom: 20px;margin-left: auto;margin-right: auto;text-align: center;\"><a href=\"https:\/\/theintelligence.institute\/course\/inteligencia-artificial-para-directivos\" target=\"_blank\" aria-label=\"CSIAD_empresas_THEI_horizontal_4x3_v5\"><img loading=\"lazy\" decoding=\"async\" src=\"https:\/\/i0.wp.com\/luxonomy.net\/wp-content\/uploads\/2025\/08\/CSIAD_empresas_THEI_horizontal_4x3_v5.png?fit=2000%2C1500&#038;ssl=1\" alt=\"\"  srcset=\"https:\/\/i0.wp.com\/luxonomy.net\/wp-content\/uploads\/2025\/08\/CSIAD_empresas_THEI_horizontal_4x3_v5.png?w=2000&ssl=1 2000w, https:\/\/i0.wp.com\/luxonomy.net\/wp-content\/uploads\/2025\/08\/CSIAD_empresas_THEI_horizontal_4x3_v5.png?resize=300%2C225&ssl=1 300w, https:\/\/i0.wp.com\/luxonomy.net\/wp-content\/uploads\/2025\/08\/CSIAD_empresas_THEI_horizontal_4x3_v5.png?resize=1024%2C768&ssl=1 1024w, https:\/\/i0.wp.com\/luxonomy.net\/wp-content\/uploads\/2025\/08\/CSIAD_empresas_THEI_horizontal_4x3_v5.png?resize=768%2C576&ssl=1 768w, https:\/\/i0.wp.com\/luxonomy.net\/wp-content\/uploads\/2025\/08\/CSIAD_empresas_THEI_horizontal_4x3_v5.png?resize=1536%2C1152&ssl=1 1536w, https:\/\/i0.wp.com\/luxonomy.net\/wp-content\/uploads\/2025\/08\/CSIAD_empresas_THEI_horizontal_4x3_v5.png?resize=370%2C278&ssl=1 370w, https:\/\/i0.wp.com\/luxonomy.net\/wp-content\/uploads\/2025\/08\/CSIAD_empresas_THEI_horizontal_4x3_v5.png?resize=800%2C600&ssl=1 800w, https:\/\/i0.wp.com\/luxonomy.net\/wp-content\/uploads\/2025\/08\/CSIAD_empresas_THEI_horizontal_4x3_v5.png?resize=20%2C15&ssl=1 20w, https:\/\/i0.wp.com\/luxonomy.net\/wp-content\/uploads\/2025\/08\/CSIAD_empresas_THEI_horizontal_4x3_v5.png?resize=740%2C555&ssl=1 740w, https:\/\/i0.wp.com\/luxonomy.net\/wp-content\/uploads\/2025\/08\/CSIAD_empresas_THEI_horizontal_4x3_v5.png?resize=1600%2C1200&ssl=1 1600w, https:\/\/i0.wp.com\/luxonomy.net\/wp-content\/uploads\/2025\/08\/CSIAD_empresas_THEI_horizontal_4x3_v5.png?resize=1200%2C900&ssl=1 1200w, https:\/\/i0.wp.com\/luxonomy.net\/wp-content\/uploads\/2025\/08\/CSIAD_empresas_THEI_horizontal_4x3_v5.png?resize=64%2C48&ssl=1 64w\" sizes=\"(max-width: 1170px) 100vw, 1170px\" class=\"no-lazyload\" width=\"2000\" height=\"1500\"   \/><\/a><\/div>\n<p><strong>Los cinco hijos de Arnault fueron educados en las mejores escuelas de Francia<\/strong> y criados para ocupar puestos de liderazgo en el negocio, pero su sue\u00f1o de mantener a LVMH en la familia puede obligarlo a <strong>elevar a uno por encima del resto<\/strong>.<\/p>\n<p>Y en los \u00faltimos meses las <strong>acciones de LVMH han recibido un duro golpe, con una ca\u00edda del 19 por ciento<\/strong> desde que alcanzaron un m\u00e1ximo en abril. La compa\u00f1\u00eda inform\u00f3 una ca\u00edda en las ventas estadounidenses en el segundo trimestre y la econom\u00eda china, una gran fuente de ingresos de LVMH, est\u00e1 tambale\u00e1ndose.<\/p>\n<p>La ca\u00edda de las acciones significa que Arnault (que ahora vale alrededor de 195 mil millones de d\u00f3lares, seg\u00fan Forbes) pas\u00f3 a ser la <strong>segunda persona m\u00e1s rica del mundo en junio, eclipsado por Elon Musk<\/strong>. Este mes, LVMH fue reemplazada como la compa\u00f1\u00eda m\u00e1s valiosa de Europa por la danesa Novo Nordisk, el fabricante de Ozempic y Wegovy, los medicamentos enormemente populares que se utilizan para perder peso.<\/p>\n<p>A los <strong>74 a\u00f1os, Arnault<\/strong> ha estado trabajando para asegurarse de que su empresa, creada a partir de la absorci\u00f3n de muchas casas de lujo europeas que hab\u00edan sido debilitadas por las disputas de los propietarios familiares, permanezca firmemente en manos de su familia, a salvo de asaltantes corporativos como \u00e9l. El a\u00f1o pasado, persuadi\u00f3 a la junta directiva para que elevara la edad de jubilaci\u00f3n obligatoria para el director ejecutivo y el presidente de 75 a 80 a\u00f1os, y cre\u00f3 una estructura corporativa que garantiza el <strong>control familiar de LVMH<\/strong>, blindando a sus hijos, cada uno de los cuales ha sido nombrado para puestos muy visibles dentro de la empresa: como principales tomadores de decisiones.<\/p>\n<p>Arnault ha ampliado LVMH m\u00e1s all\u00e1 de los juguetes extravagantes hacia el <strong>mundo de las experiencias, adquiriendo m\u00e1s de 50 grandes hoteles y complejos tur\u00edsticos<\/strong>. Y con el acuerdo sobre los Juegos Ol\u00edmpicos, ha extendido sus tent\u00e1culos m\u00e1s profundamente al <strong>mundo del deporte<\/strong>.<\/p>\n<p>Los cambios de Arnault significan que no tendr\u00e1 que jubilarse el pr\u00f3ximo a\u00f1o como se esperaba originalmente. Eso no ha detenido las especulaciones sobre si puede garantizar que sus herederos, que visten trajes azul marino Dior casi id\u00e9nticos (a excepci\u00f3n de Delphine, su \u00fanica hija, que a menudo usa faldas Dior), eviten un <strong>drama tipo \u201cSucesi\u00f3n\u201d.<\/strong><\/p>\n<p>Los medios franceses est\u00e1n llenos de <strong>titulares que comparan a los Arnault con los Roy, la familia ficticia de la serie de HBO<\/strong>. Hay v\u00eddeos de TikTok que explican por qu\u00e9 los Arnault son &#8221; la verdadera familia &#8216;Succession&#8217; &#8220;. La familia odia esta charla y se esfuerza por minimizar los paralelos con el programa.<\/p>\n<p>La hermana mayor es <strong>Delphine<\/strong>, de 48 a\u00f1os, presidenta y directora ejecutiva de Christian Dior Couture y miembro del comit\u00e9 ejecutivo de LVMH y de su junta directiva. <strong>Antoine<\/strong>, de 46 a\u00f1os, no s\u00f3lo est\u00e1 a cargo de la imagen del grupo y los esfuerzos de sustentabilidad, sino tambi\u00e9n el director ejecutivo de su marca de ropa masculina Berluti, presidente de la casa de lujo italiana Loro Piana, director ejecutivo de Christian Dior SE y miembro de la junta directiva de LVMH. Ambos son del primer matrimonio del Sr. Arnault con Anne Dewavrin. Los tres m\u00e1s j\u00f3venes son del segundo matrimonio del Sr. Arnault, con H\u00e9l\u00e8ne Mercier, una concertista de piano canadiense: <strong>Alexandre<\/strong>, de 31 a\u00f1os, es vicepresidente ejecutivo de productos y comunicaciones de Tiffany; <strong>Fr\u00e9d\u00e9ric<\/strong>, de 28 a\u00f1os, es el director ejecutivo de Tag Heuer; y <strong>Jean<\/strong>, de 24 a\u00f1os, es el director de relojes de Louis Vuitton.<\/p>\n<p>En una rara entrevista en la discretamente lujosa sede de LVMH en Par\u00eds, <strong>Arnault descart\u00f3 cualquier comparaci\u00f3n con los Roy de la serie Succession<\/strong>.<\/p>\n<p><strong>\u201cNo es obligatorio que uno de mis hijos sea mi sucesor\u201d<\/strong>, dijo, recost\u00e1ndose en una silla de cuero frente a una mesa redonda en su sala de conferencias privada. En una pared hab\u00eda un <strong>Picasso, en dos Warhols<\/strong>. Su hijo Antoine, en su papel de guardi\u00e1n de la imagen, estaba sentado al otro lado de la mesa.<\/p>\n<p>Arnault vest\u00eda una camisa blanca, una corbata azul, una chaqueta azul marino y pantalones negros, aunque <strong>hoy en d\u00eda suele ir sin corbata, dijo Antoine<\/strong>, parte de un uniforme m\u00e1s informal que ha acompa\u00f1ado nuevos esfuerzos para relacionarse con el mundo exterior. <strong>Los hijos han contribuido decisivamente a que su padre fuera m\u00e1s abierto sobre el conglomerado<\/strong>.<\/p>\n<p><strong>A\u00fan as\u00ed, el legado familiar est\u00e1 claramente en la mente de Arnault<\/strong>. Creci\u00f3 en Roubaix, que alguna vez fue un pr\u00f3spero centro textil en el norte de Francia, y vio c\u00f3mo se derrumbaban dinast\u00edas industriales familiares cuando sus hijos o nietos apartaban la vista del negocio o desperdiciaban herencias.<\/p>\n<p>\u201cDespu\u00e9s de una o dos generaciones, todo se vino abajo porque lo ten\u00edan demasiado f\u00e1cil\u201d, dijo. <strong>Fue un error que prometi\u00f3 no cometer con sus propios hijos<\/strong>. &#8220;No quer\u00eda que empezaran a ir a grandes fiestas&#8221;, dijo Arnault. &#8220;Los hice trabajar&#8221;.<\/p>\n<h3>Negocios en la mesa del comedor<\/h3>\n<p><strong>Cada mes, los cinco hermanos se re\u00fanen con su padre para almorzar en el \u00faltimo piso de la sede de LVMH.<\/strong><\/p>\n<p>Durante una hora y media, hablan de negocios, incluidas las finanzas, la curva del brazalete de un nuevo reloj Vuitton de 50.000 euros, las pr\u00f3ximas presentaciones de productos y los beneficios de los eventos de primer nivel en las redes sociales. Por ejemplo, un desfile de ropa masculina de Vuitton realizado por el nuevo dise\u00f1ador de la marca, Pharrell Williams, cerr\u00f3 el Pont Neuf de Par\u00eds y atrajo a nombres como Kim Kardashian y LeBron James, lo que gener\u00f3 m\u00e1s de 16 millones de visitas en YouTube.<\/p>\n<p><strong>\u201cNo te equivoques\u201d, afirma Jean. \u201cDiscutimos las cosas, pero al final es \u00e9l quien decide\u201d.<\/strong><\/p>\n<p>En medio de esas reuniones, dicen los hermanos, <strong>Arnault est\u00e1 evaluando continuamente si cada uno de sus hijos est\u00e1 a la altura<\/strong>.<\/p>\n<h2>\u00bfQui\u00e9n ser\u00e1 el siguiente?<\/h2>\n<p>La pregunta es: <strong>\u00bfqui\u00e9n puede mantener la deseabilidad en el coraz\u00f3n de LVMH en una era de protestas e incertidumbre econ\u00f3mica global?<\/strong><\/p>\n<p>El a\u00f1o pasado, Arnault modific\u00f3 la estructura corporativa de su imperio, concentrando la <strong>toma de decisiones en sus cinco hijos<\/strong>. <strong>Cada uno tiene una participaci\u00f3n del 20 por ciento<\/strong> y <strong>no pueden vender sus acciones durante 30<\/strong> a\u00f1os sin la aprobaci\u00f3n un\u00e1nime de la junta.<\/p>\n<p>Sus herederos \u201chan sido educados por el mejor jugador del mundo: todos conocen el negocio\u201d, dijo <strong>Sidney Toledano<\/strong>, director del grupo de moda LVMH y uno de los ejecutivos con m\u00e1s a\u00f1os de servicio de Arnault. \u201c\u00bfVan a ser los pilotos? Tal vez.&#8221;<\/p>\n<p>Si el pr\u00f3ximo director ejecutivo no se llama Arnault, los hijos dicen que les parece bien. Al fin y al cabo, afirma <strong>Alexandre<\/strong>, \u201cexiste el riesgo de que ninguno de nosotros sea capaz de gestionar el negocio tan bien como \u00e9l\u201d.<\/p>\n<p>Los hermanos est\u00e1n empezando a discutir c\u00f3mo pueden <strong>educar a sus propios hijos con el mismo sentido del deber que les inculcaron a ellos<\/strong>, dijo <strong>Delphine<\/strong>. <strong>Arnault ha comenzado a llevar a su hija en edad de escuela primaria a sus recorridos de fin de semana por las tiendas<\/strong>.<\/p>\n<p>Pero <strong>Alexandre<\/strong> a\u00f1ade: \u201cCuando lleguen a la edad en la que puedan tener responsabilidades, mi padre probablemente seguir\u00e1 siendo director ejecutivo de LVMH. Cumplir\u00e1 110 a\u00f1os\u201d.<\/p>\n<p><strong>Mi apuesta personal es por Alexandre, seguida de Delphine<\/strong>. En menos de dos a\u00f1os en <strong>Tiffany<\/strong>, Alexandre ayud\u00f3 a sellar un acuerdo con <strong>Beyonc\u00e9 y Jay-Z<\/strong>, creando una sensaci\u00f3n en las redes sociales. (En 2016, Alexandre convenci\u00f3 a su padre para que adquiriera <strong>Rimowa<\/strong> , un fabricante alem\u00e1n de maletas de aluminio fundado en 1898. Inmediatamente se dedic\u00f3 a modernizar esta empresa de equipaje utilitario.) <strong>Delphine cre\u00f3 el Premio LVMH para J\u00f3venes Dise\u00f1adores de Moda<\/strong>, un premio de alta Concurso de talentos de perfil.<\/p>\n<figure id=\"attachment_47818\" aria-describedby=\"caption-attachment-47818\" style=\"width: 1386px\" class=\"wp-caption aligncenter\"><img data-recalc-dims=\"1\" loading=\"lazy\" decoding=\"async\" data-attachment-id=\"47818\" data-permalink=\"https:\/\/luxonomy.net\/es\/quien-sera-el-heredero-de-bernard-arnault-el-hombre-mas-rico-del-planeta\/captura-de-pantalla-2023-09-20-a-las-10-56-15\/\" data-orig-file=\"https:\/\/i0.wp.com\/luxonomy.net\/wp-content\/uploads\/2023\/09\/Captura-de-pantalla-2023-09-20-a-las-10.56.15.png?fit=1386%2C774&amp;ssl=1\" data-orig-size=\"1386,774\" data-comments-opened=\"0\" data-image-title=\"Captura de pantalla 2023-09-20 a las 10.56.15\" data-image-description=\"\" data-image-caption=\"&lt;p&gt;Alexandre Arnault y G\u00e9raldine Guyot el d\u00eda de su boda en Venecia&lt;\/p&gt;\n\" data-large-file=\"https:\/\/i0.wp.com\/luxonomy.net\/wp-content\/uploads\/2023\/09\/Captura-de-pantalla-2023-09-20-a-las-10.56.15.png?fit=1024%2C572&amp;ssl=1\" class=\"size-full wp-image-47818\" src=\"https:\/\/i0.wp.com\/luxonomy.net\/wp-content\/uploads\/2023\/09\/Captura-de-pantalla-2023-09-20-a-las-10.56.15.png?resize=1170%2C653\" alt=\"\" width=\"1170\" height=\"653\" srcset=\"https:\/\/i0.wp.com\/luxonomy.net\/wp-content\/uploads\/2023\/09\/Captura-de-pantalla-2023-09-20-a-las-10.56.15.png?w=1386&amp;ssl=1 1386w, https:\/\/i0.wp.com\/luxonomy.net\/wp-content\/uploads\/2023\/09\/Captura-de-pantalla-2023-09-20-a-las-10.56.15.png?resize=300%2C168&amp;ssl=1 300w, https:\/\/i0.wp.com\/luxonomy.net\/wp-content\/uploads\/2023\/09\/Captura-de-pantalla-2023-09-20-a-las-10.56.15.png?resize=1024%2C572&amp;ssl=1 1024w, https:\/\/i0.wp.com\/luxonomy.net\/wp-content\/uploads\/2023\/09\/Captura-de-pantalla-2023-09-20-a-las-10.56.15.png?resize=768%2C429&amp;ssl=1 768w, https:\/\/i0.wp.com\/luxonomy.net\/wp-content\/uploads\/2023\/09\/Captura-de-pantalla-2023-09-20-a-las-10.56.15.png?resize=370%2C207&amp;ssl=1 370w, https:\/\/i0.wp.com\/luxonomy.net\/wp-content\/uploads\/2023\/09\/Captura-de-pantalla-2023-09-20-a-las-10.56.15.png?resize=800%2C447&amp;ssl=1 800w, https:\/\/i0.wp.com\/luxonomy.net\/wp-content\/uploads\/2023\/09\/Captura-de-pantalla-2023-09-20-a-las-10.56.15.png?resize=20%2C11&amp;ssl=1 20w, https:\/\/i0.wp.com\/luxonomy.net\/wp-content\/uploads\/2023\/09\/Captura-de-pantalla-2023-09-20-a-las-10.56.15.png?resize=740%2C413&amp;ssl=1 740w, https:\/\/i0.wp.com\/luxonomy.net\/wp-content\/uploads\/2023\/09\/Captura-de-pantalla-2023-09-20-a-las-10.56.15.png?resize=600%2C335&amp;ssl=1 600w, https:\/\/i0.wp.com\/luxonomy.net\/wp-content\/uploads\/2023\/09\/Captura-de-pantalla-2023-09-20-a-las-10.56.15.png?resize=86%2C48&amp;ssl=1 86w\" sizes=\"auto, (max-width: 1170px) 100vw, 1170px\" \/><figcaption id=\"caption-attachment-47818\" class=\"wp-caption-text\">Alexandre Arnault y G\u00e9raldine Guyot el d\u00eda de su boda en Venecia<\/figcaption><\/figure>\n<p><strong>Alexandre se cas\u00f3 con G\u00e9raldine Guyot<\/strong>, que tiene una marca de accesorios, Destree, independiente de LVMH. El socio de Delphine es el emprendedor digital y multimillonario Xavier Niel. Cuando Alexandre se cas\u00f3 con Geraldine en Venecia en 2021, entre los <strong>invitados se encontraban Beyonc\u00e9, Jay-Z y Roger Federer (quien frecuentemente juega tenis con Arnault)<\/strong>. Sus tres hermanos eran padrinos de boda.<\/p>\n","protected":false},"excerpt":{"rendered":"<p>Bernard Arnault ha constru\u00eddo un imperio de lujo bas\u00e1ndose en la &#8220;deseabilidad&#8220;.\u00a0Con marcas como Tiffany, Dom P\u00e9rignon y Louis Vuitton, LVMH lo convirti\u00f3 en el hombre m\u00e1s ricos del mundo. Pero con cinco hijos, tiene que tomar una decisi\u00f3n dif\u00edcil. \u00bfQui\u00e9n lo heredar\u00e1?. Una tarde del pasado mes de julio, poco despu\u00e9s de ser nombrado&hellip;<\/p>\n","protected":false},"author":19,"featured_media":47811,"comment_status":"closed","ping_status":"open","sticky":false,"template":"","format":"standard","meta":{"_jetpack_newsletter_access":"","_jetpack_dont_email_post_to_subs":false,"_jetpack_newsletter_tier_id":0,"_jetpack_memberships_contains_paywalled_content":false,"_jetpack_feature_clip_id":0,"_jetpack_memberships_contains_paid_content":false,"footnotes":"","jetpack_publicize_message":"","jetpack_publicize_feature_enabled":true,"jetpack_social_post_already_shared":true,"jetpack_social_options":{"image_generator_settings":{"template":"edge","default_image_id":0,"font":"","enabled":false},"version":2},"jetpack_post_was_ever_published":false},"categories":[1672,1128],"tags":[635,552,585],"thb-sponsors":[],"class_list":["post-47805","post","type-post","status-publish","format-standard","has-post-thumbnail","hentry","category-actualidad","category-economia","tag-actualidad","tag-economia","tag-lvmh"],"yoast_head":"<!-- This site is optimized with the Yoast SEO plugin v28.4 - https:\/\/yoast.com\/product\/yoast-seo-wordpress\/ -->\n<title>\u00bfQui\u00e9n ser\u00e1 el heredero de Bernard Arnault, el hombre m\u00e1s rico del Planeta? | LUXONOMY<\/title>\n<meta name=\"robots\" content=\"index, follow, max-snippet:-1, max-image-preview:large, max-video-preview:-1\" \/>\n<link rel=\"canonical\" href=\"https:\/\/luxonomy.net\/es\/quien-sera-el-heredero-de-bernard-arnault-el-hombre-mas-rico-del-planeta\/\" \/>\n<meta property=\"og:locale\" content=\"es_ES\" \/>\n<meta property=\"og:type\" content=\"article\" \/>\n<meta property=\"og:title\" content=\"\u00bfQui\u00e9n ser\u00e1 el heredero de Bernard Arnault, el hombre m\u00e1s rico del Planeta? | LUXONOMY\" \/>\n<meta property=\"og:description\" content=\"Bernard Arnault ha constru\u00eddo un imperio de lujo bas\u00e1ndose en la &#8220;deseabilidad&#8220;.\u00a0Con marcas como Tiffany, Dom P\u00e9rignon y Louis Vuitton, LVMH lo convirti\u00f3 en el hombre m\u00e1s ricos del mundo. Pero con cinco hijos, tiene que tomar una decisi\u00f3n dif\u00edcil. \u00bfQui\u00e9n lo heredar\u00e1?. Una tarde del pasado mes de julio, poco despu\u00e9s de ser nombrado&hellip;\" \/>\n<meta property=\"og:url\" content=\"https:\/\/luxonomy.net\/es\/quien-sera-el-heredero-de-bernard-arnault-el-hombre-mas-rico-del-planeta\/\" \/>\n<meta property=\"og:site_name\" content=\"LUXONOMY\" \/>\n<meta property=\"article:publisher\" content=\"https:\/\/www.facebook.com\/luxonomy\" \/>\n<meta property=\"article:published_time\" content=\"2023-09-20T08:57:13+00:00\" \/>\n<meta property=\"og:image\" content=\"https:\/\/luxonomy.net\/wp-content\/uploads\/2023\/09\/Captura-de-pantalla-2023-09-20-a-las-10.36.49-1024x673.png\" \/>\n\t<meta property=\"og:image:width\" content=\"1024\" \/>\n\t<meta property=\"og:image:height\" content=\"673\" \/>\n\t<meta property=\"og:image:type\" content=\"image\/png\" \/>\n<meta name=\"author\" content=\"Pablo Guti\u00e9rrez-Rav\u00e9 Villal\u00f3n\" \/>\n<meta name=\"twitter:card\" content=\"summary_large_image\" \/>\n<meta name=\"twitter:label1\" content=\"Escrito por\" \/>\n\t<meta name=\"twitter:data1\" content=\"Pablo Guti\u00e9rrez-Rav\u00e9 Villal\u00f3n\" \/>\n\t<meta name=\"twitter:label2\" content=\"Tiempo de lectura\" \/>\n\t<meta name=\"twitter:data2\" content=\"9 minutos\" \/>\n<script type=\"application\/ld+json\" class=\"yoast-schema-graph\">{\"@context\":\"https:\\\/\\\/schema.org\",\"@graph\":[{\"@type\":\"Article\",\"@id\":\"https:\\\/\\\/luxonomy.net\\\/es\\\/quien-sera-el-heredero-de-bernard-arnault-el-hombre-mas-rico-del-planeta\\\/#article\",\"isPartOf\":{\"@id\":\"https:\\\/\\\/luxonomy.net\\\/es\\\/quien-sera-el-heredero-de-bernard-arnault-el-hombre-mas-rico-del-planeta\\\/\"},\"author\":{\"name\":\"Pablo Guti\u00e9rrez-Rav\u00e9 Villal\u00f3n\",\"@id\":\"https:\\\/\\\/luxonomy.net\\\/es\\\/#\\\/schema\\\/person\\\/aca186356f30a813f61bbf19ba52c031\"},\"headline\":\"\u00bfQui\u00e9n ser\u00e1 el heredero de Bernard Arnault, el hombre m\u00e1s rico del Planeta?\",\"datePublished\":\"2023-09-20T08:57:13+00:00\",\"mainEntityOfPage\":{\"@id\":\"https:\\\/\\\/luxonomy.net\\\/es\\\/quien-sera-el-heredero-de-bernard-arnault-el-hombre-mas-rico-del-planeta\\\/\"},\"wordCount\":1914,\"publisher\":{\"@id\":\"https:\\\/\\\/luxonomy.net\\\/es\\\/#organization\"},\"image\":{\"@id\":\"https:\\\/\\\/luxonomy.net\\\/es\\\/quien-sera-el-heredero-de-bernard-arnault-el-hombre-mas-rico-del-planeta\\\/#primaryimage\"},\"thumbnailUrl\":\"https:\\\/\\\/i0.wp.com\\\/luxonomy.net\\\/wp-content\\\/uploads\\\/2023\\\/09\\\/Captura-de-pantalla-2023-09-20-a-las-10.36.49.png?fit=1918%2C1260&ssl=1\",\"keywords\":[\"actualidad\",\"econom\u00eda\",\"LVMH\"],\"articleSection\":[\"Actualidad\",\"Econom\u00eda\"],\"inLanguage\":\"es\"},{\"@type\":\"WebPage\",\"@id\":\"https:\\\/\\\/luxonomy.net\\\/es\\\/quien-sera-el-heredero-de-bernard-arnault-el-hombre-mas-rico-del-planeta\\\/\",\"url\":\"https:\\\/\\\/luxonomy.net\\\/es\\\/quien-sera-el-heredero-de-bernard-arnault-el-hombre-mas-rico-del-planeta\\\/\",\"name\":\"\u00bfQui\u00e9n ser\u00e1 el heredero de Bernard Arnault, el hombre m\u00e1s rico del Planeta? | LUXONOMY\",\"isPartOf\":{\"@id\":\"https:\\\/\\\/luxonomy.net\\\/es\\\/#website\"},\"primaryImageOfPage\":{\"@id\":\"https:\\\/\\\/luxonomy.net\\\/es\\\/quien-sera-el-heredero-de-bernard-arnault-el-hombre-mas-rico-del-planeta\\\/#primaryimage\"},\"image\":{\"@id\":\"https:\\\/\\\/luxonomy.net\\\/es\\\/quien-sera-el-heredero-de-bernard-arnault-el-hombre-mas-rico-del-planeta\\\/#primaryimage\"},\"thumbnailUrl\":\"https:\\\/\\\/i0.wp.com\\\/luxonomy.net\\\/wp-content\\\/uploads\\\/2023\\\/09\\\/Captura-de-pantalla-2023-09-20-a-las-10.36.49.png?fit=1918%2C1260&ssl=1\",\"datePublished\":\"2023-09-20T08:57:13+00:00\",\"breadcrumb\":{\"@id\":\"https:\\\/\\\/luxonomy.net\\\/es\\\/quien-sera-el-heredero-de-bernard-arnault-el-hombre-mas-rico-del-planeta\\\/#breadcrumb\"},\"inLanguage\":\"es\",\"potentialAction\":[{\"@type\":\"ReadAction\",\"target\":[\"https:\\\/\\\/luxonomy.net\\\/es\\\/quien-sera-el-heredero-de-bernard-arnault-el-hombre-mas-rico-del-planeta\\\/\"]}]},{\"@type\":\"ImageObject\",\"inLanguage\":\"es\",\"@id\":\"https:\\\/\\\/luxonomy.net\\\/es\\\/quien-sera-el-heredero-de-bernard-arnault-el-hombre-mas-rico-del-planeta\\\/#primaryimage\",\"url\":\"https:\\\/\\\/i0.wp.com\\\/luxonomy.net\\\/wp-content\\\/uploads\\\/2023\\\/09\\\/Captura-de-pantalla-2023-09-20-a-las-10.36.49.png?fit=1918%2C1260&ssl=1\",\"contentUrl\":\"https:\\\/\\\/i0.wp.com\\\/luxonomy.net\\\/wp-content\\\/uploads\\\/2023\\\/09\\\/Captura-de-pantalla-2023-09-20-a-las-10.36.49.png?fit=1918%2C1260&ssl=1\",\"width\":1918,\"height\":1260,\"caption\":\"De izquierda a derecha, Alexandre, Fr\u00e9d\u00e9ric, Jean, H\u00e9l\u00e8ne Mercier, Arnault, Delphine y Antoine.\"},{\"@type\":\"BreadcrumbList\",\"@id\":\"https:\\\/\\\/luxonomy.net\\\/es\\\/quien-sera-el-heredero-de-bernard-arnault-el-hombre-mas-rico-del-planeta\\\/#breadcrumb\",\"itemListElement\":[{\"@type\":\"ListItem\",\"position\":1,\"name\":\"Portada\",\"item\":\"https:\\\/\\\/luxonomy.net\\\/es\\\/\"},{\"@type\":\"ListItem\",\"position\":2,\"name\":\"\u00bfQui\u00e9n ser\u00e1 el heredero de Bernard Arnault, el hombre m\u00e1s rico del Planeta?\"}]},{\"@type\":\"WebSite\",\"@id\":\"https:\\\/\\\/luxonomy.net\\\/es\\\/#website\",\"url\":\"https:\\\/\\\/luxonomy.net\\\/es\\\/\",\"name\":\"LUXONOMY\",\"description\":\"The Economy of Fashion &amp; Luxury\",\"publisher\":{\"@id\":\"https:\\\/\\\/luxonomy.net\\\/es\\\/#organization\"},\"potentialAction\":[{\"@type\":\"SearchAction\",\"target\":{\"@type\":\"EntryPoint\",\"urlTemplate\":\"https:\\\/\\\/luxonomy.net\\\/es\\\/?s={search_term_string}\"},\"query-input\":{\"@type\":\"PropertyValueSpecification\",\"valueRequired\":true,\"valueName\":\"search_term_string\"}}],\"inLanguage\":\"es\"},{\"@type\":\"Organization\",\"@id\":\"https:\\\/\\\/luxonomy.net\\\/es\\\/#organization\",\"name\":\"LUXONOMY\",\"url\":\"https:\\\/\\\/luxonomy.net\\\/es\\\/\",\"logo\":{\"@type\":\"ImageObject\",\"inLanguage\":\"es\",\"@id\":\"https:\\\/\\\/luxonomy.net\\\/es\\\/#\\\/schema\\\/logo\\\/image\\\/\",\"url\":\"https:\\\/\\\/i2.wp.com\\\/luxonomy.net\\\/wp-content\\\/uploads\\\/2021\\\/09\\\/MOCKUP-TODOS-LUXONOMY.jpg?fit=1000%2C515&ssl=1\",\"contentUrl\":\"https:\\\/\\\/i2.wp.com\\\/luxonomy.net\\\/wp-content\\\/uploads\\\/2021\\\/09\\\/MOCKUP-TODOS-LUXONOMY.jpg?fit=1000%2C515&ssl=1\",\"width\":1000,\"height\":515,\"caption\":\"LUXONOMY\"},\"image\":{\"@id\":\"https:\\\/\\\/luxonomy.net\\\/es\\\/#\\\/schema\\\/logo\\\/image\\\/\"},\"sameAs\":[\"https:\\\/\\\/www.facebook.com\\\/luxonomy\",\"https:\\\/\\\/www.instagram.com\\\/luxonomy\\\/\",\"https:\\\/\\\/www.linkedin.com\\\/company\\\/luxonomy\\\/\"]},{\"@type\":\"Person\",\"@id\":\"https:\\\/\\\/luxonomy.net\\\/es\\\/#\\\/schema\\\/person\\\/aca186356f30a813f61bbf19ba52c031\",\"name\":\"Pablo Guti\u00e9rrez-Rav\u00e9 Villal\u00f3n\",\"image\":{\"@type\":\"ImageObject\",\"inLanguage\":\"es\",\"@id\":\"https:\\\/\\\/luxonomy.net\\\/wp-content\\\/litespeed\\\/avatar\\\/b80839bcd1d7840754b71e72cad801ce.jpg?ver=1788213692\",\"url\":\"https:\\\/\\\/luxonomy.net\\\/wp-content\\\/litespeed\\\/avatar\\\/b80839bcd1d7840754b71e72cad801ce.jpg?ver=1788213692\",\"contentUrl\":\"https:\\\/\\\/luxonomy.net\\\/wp-content\\\/litespeed\\\/avatar\\\/b80839bcd1d7840754b71e72cad801ce.jpg?ver=1788213692\",\"caption\":\"Pablo Guti\u00e9rrez-Rav\u00e9 Villal\u00f3n\"},\"description\":\"president LUXONOMY\u2122 Group\",\"sameAs\":[\"https:\\\/\\\/www.linkedin.com\\\/in\\\/pablogutierrezrave\\\/\"],\"url\":\"https:\\\/\\\/luxonomy.net\\\/es\\\/author\\\/pablo\\\/\"}]}<\/script>\n<!-- \/ Yoast SEO plugin. -->","yoast_head_json":{"title":"\u00bfQui\u00e9n ser\u00e1 el heredero de Bernard Arnault, el hombre m\u00e1s rico del Planeta? | LUXONOMY","robots":{"index":"index","follow":"follow","max-snippet":"max-snippet:-1","max-image-preview":"max-image-preview:large","max-video-preview":"max-video-preview:-1"},"canonical":"https:\/\/luxonomy.net\/es\/quien-sera-el-heredero-de-bernard-arnault-el-hombre-mas-rico-del-planeta\/","og_locale":"es_ES","og_type":"article","og_title":"\u00bfQui\u00e9n ser\u00e1 el heredero de Bernard Arnault, el hombre m\u00e1s rico del Planeta? | LUXONOMY","og_description":"Bernard Arnault ha constru\u00eddo un imperio de lujo bas\u00e1ndose en la &#8220;deseabilidad&#8220;.\u00a0Con marcas como Tiffany, Dom P\u00e9rignon y Louis Vuitton, LVMH lo convirti\u00f3 en el hombre m\u00e1s ricos del mundo. Pero con cinco hijos, tiene que tomar una decisi\u00f3n dif\u00edcil. \u00bfQui\u00e9n lo heredar\u00e1?. Una tarde del pasado mes de julio, poco despu\u00e9s de ser nombrado&hellip;","og_url":"https:\/\/luxonomy.net\/es\/quien-sera-el-heredero-de-bernard-arnault-el-hombre-mas-rico-del-planeta\/","og_site_name":"LUXONOMY","article_publisher":"https:\/\/www.facebook.com\/luxonomy","article_published_time":"2023-09-20T08:57:13+00:00","og_image":[{"width":1024,"height":673,"url":"https:\/\/luxonomy.net\/wp-content\/uploads\/2023\/09\/Captura-de-pantalla-2023-09-20-a-las-10.36.49-1024x673.png","type":"image\/png"}],"author":"Pablo Guti\u00e9rrez-Rav\u00e9 Villal\u00f3n","twitter_card":"summary_large_image","twitter_misc":{"Escrito por":"Pablo Guti\u00e9rrez-Rav\u00e9 Villal\u00f3n","Tiempo de lectura":"9 minutos"},"schema":{"@context":"https:\/\/schema.org","@graph":[{"@type":"Article","@id":"https:\/\/luxonomy.net\/es\/quien-sera-el-heredero-de-bernard-arnault-el-hombre-mas-rico-del-planeta\/#article","isPartOf":{"@id":"https:\/\/luxonomy.net\/es\/quien-sera-el-heredero-de-bernard-arnault-el-hombre-mas-rico-del-planeta\/"},"author":{"name":"Pablo Guti\u00e9rrez-Rav\u00e9 Villal\u00f3n","@id":"https:\/\/luxonomy.net\/es\/#\/schema\/person\/aca186356f30a813f61bbf19ba52c031"},"headline":"\u00bfQui\u00e9n ser\u00e1 el heredero de Bernard Arnault, el hombre m\u00e1s rico del Planeta?","datePublished":"2023-09-20T08:57:13+00:00","mainEntityOfPage":{"@id":"https:\/\/luxonomy.net\/es\/quien-sera-el-heredero-de-bernard-arnault-el-hombre-mas-rico-del-planeta\/"},"wordCount":1914,"publisher":{"@id":"https:\/\/luxonomy.net\/es\/#organization"},"image":{"@id":"https:\/\/luxonomy.net\/es\/quien-sera-el-heredero-de-bernard-arnault-el-hombre-mas-rico-del-planeta\/#primaryimage"},"thumbnailUrl":"https:\/\/i0.wp.com\/luxonomy.net\/wp-content\/uploads\/2023\/09\/Captura-de-pantalla-2023-09-20-a-las-10.36.49.png?fit=1918%2C1260&ssl=1","keywords":["actualidad","econom\u00eda","LVMH"],"articleSection":["Actualidad","Econom\u00eda"],"inLanguage":"es"},{"@type":"WebPage","@id":"https:\/\/luxonomy.net\/es\/quien-sera-el-heredero-de-bernard-arnault-el-hombre-mas-rico-del-planeta\/","url":"https:\/\/luxonomy.net\/es\/quien-sera-el-heredero-de-bernard-arnault-el-hombre-mas-rico-del-planeta\/","name":"\u00bfQui\u00e9n ser\u00e1 el heredero de Bernard Arnault, el hombre m\u00e1s rico del Planeta? | LUXONOMY","isPartOf":{"@id":"https:\/\/luxonomy.net\/es\/#website"},"primaryImageOfPage":{"@id":"https:\/\/luxonomy.net\/es\/quien-sera-el-heredero-de-bernard-arnault-el-hombre-mas-rico-del-planeta\/#primaryimage"},"image":{"@id":"https:\/\/luxonomy.net\/es\/quien-sera-el-heredero-de-bernard-arnault-el-hombre-mas-rico-del-planeta\/#primaryimage"},"thumbnailUrl":"https:\/\/i0.wp.com\/luxonomy.net\/wp-content\/uploads\/2023\/09\/Captura-de-pantalla-2023-09-20-a-las-10.36.49.png?fit=1918%2C1260&ssl=1","datePublished":"2023-09-20T08:57:13+00:00","breadcrumb":{"@id":"https:\/\/luxonomy.net\/es\/quien-sera-el-heredero-de-bernard-arnault-el-hombre-mas-rico-del-planeta\/#breadcrumb"},"inLanguage":"es","potentialAction":[{"@type":"ReadAction","target":["https:\/\/luxonomy.net\/es\/quien-sera-el-heredero-de-bernard-arnault-el-hombre-mas-rico-del-planeta\/"]}]},{"@type":"ImageObject","inLanguage":"es","@id":"https:\/\/luxonomy.net\/es\/quien-sera-el-heredero-de-bernard-arnault-el-hombre-mas-rico-del-planeta\/#primaryimage","url":"https:\/\/i0.wp.com\/luxonomy.net\/wp-content\/uploads\/2023\/09\/Captura-de-pantalla-2023-09-20-a-las-10.36.49.png?fit=1918%2C1260&ssl=1","contentUrl":"https:\/\/i0.wp.com\/luxonomy.net\/wp-content\/uploads\/2023\/09\/Captura-de-pantalla-2023-09-20-a-las-10.36.49.png?fit=1918%2C1260&ssl=1","width":1918,"height":1260,"caption":"De izquierda a derecha, Alexandre, Fr\u00e9d\u00e9ric, Jean, H\u00e9l\u00e8ne Mercier, Arnault, Delphine y Antoine."},{"@type":"BreadcrumbList","@id":"https:\/\/luxonomy.net\/es\/quien-sera-el-heredero-de-bernard-arnault-el-hombre-mas-rico-del-planeta\/#breadcrumb","itemListElement":[{"@type":"ListItem","position":1,"name":"Portada","item":"https:\/\/luxonomy.net\/es\/"},{"@type":"ListItem","position":2,"name":"\u00bfQui\u00e9n ser\u00e1 el heredero de Bernard Arnault, el hombre m\u00e1s rico del Planeta?"}]},{"@type":"WebSite","@id":"https:\/\/luxonomy.net\/es\/#website","url":"https:\/\/luxonomy.net\/es\/","name":"LUXONOMY","description":"The Economy of Fashion &amp; Luxury","publisher":{"@id":"https:\/\/luxonomy.net\/es\/#organization"},"potentialAction":[{"@type":"SearchAction","target":{"@type":"EntryPoint","urlTemplate":"https:\/\/luxonomy.net\/es\/?s={search_term_string}"},"query-input":{"@type":"PropertyValueSpecification","valueRequired":true,"valueName":"search_term_string"}}],"inLanguage":"es"},{"@type":"Organization","@id":"https:\/\/luxonomy.net\/es\/#organization","name":"LUXONOMY","url":"https:\/\/luxonomy.net\/es\/","logo":{"@type":"ImageObject","inLanguage":"es","@id":"https:\/\/luxonomy.net\/es\/#\/schema\/logo\/image\/","url":"https:\/\/i2.wp.com\/luxonomy.net\/wp-content\/uploads\/2021\/09\/MOCKUP-TODOS-LUXONOMY.jpg?fit=1000%2C515&ssl=1","contentUrl":"https:\/\/i2.wp.com\/luxonomy.net\/wp-content\/uploads\/2021\/09\/MOCKUP-TODOS-LUXONOMY.jpg?fit=1000%2C515&ssl=1","width":1000,"height":515,"caption":"LUXONOMY"},"image":{"@id":"https:\/\/luxonomy.net\/es\/#\/schema\/logo\/image\/"},"sameAs":["https:\/\/www.facebook.com\/luxonomy","https:\/\/www.instagram.com\/luxonomy\/","https:\/\/www.linkedin.com\/company\/luxonomy\/"]},{"@type":"Person","@id":"https:\/\/luxonomy.net\/es\/#\/schema\/person\/aca186356f30a813f61bbf19ba52c031","name":"Pablo Guti\u00e9rrez-Rav\u00e9 Villal\u00f3n","image":{"@type":"ImageObject","inLanguage":"es","@id":"https:\/\/luxonomy.net\/wp-content\/litespeed\/avatar\/b80839bcd1d7840754b71e72cad801ce.jpg?ver=1788213692","url":"https:\/\/luxonomy.net\/wp-content\/litespeed\/avatar\/b80839bcd1d7840754b71e72cad801ce.jpg?ver=1788213692","contentUrl":"https:\/\/luxonomy.net\/wp-content\/litespeed\/avatar\/b80839bcd1d7840754b71e72cad801ce.jpg?ver=1788213692","caption":"Pablo Guti\u00e9rrez-Rav\u00e9 Villal\u00f3n"},"description":"president LUXONOMY\u2122 Group","sameAs":["https:\/\/www.linkedin.com\/in\/pablogutierrezrave\/"],"url":"https:\/\/luxonomy.net\/es\/author\/pablo\/"}]}},"jetpack_publicize_connections":[],"jetpack_shortlink":"https:\/\/wp.me\/paPhBa-cr3","jetpack_sharing_enabled":true,"jetpack_featured_media_url":"https:\/\/i0.wp.com\/luxonomy.net\/wp-content\/uploads\/2023\/09\/Captura-de-pantalla-2023-09-20-a-las-10.36.49.png?fit=1918%2C1260&ssl=1","_links":{"self":[{"href":"https:\/\/luxonomy.net\/es\/wp-json\/wp\/v2\/posts\/47805","targetHints":{"allow":["GET"]}}],"collection":[{"href":"https:\/\/luxonomy.net\/es\/wp-json\/wp\/v2\/posts"}],"about":[{"href":"https:\/\/luxonomy.net\/es\/wp-json\/wp\/v2\/types\/post"}],"author":[{"embeddable":true,"href":"https:\/\/luxonomy.net\/es\/wp-json\/wp\/v2\/users\/19"}],"replies":[{"embeddable":true,"href":"https:\/\/luxonomy.net\/es\/wp-json\/wp\/v2\/comments?post=47805"}],"version-history":[{"count":10,"href":"https:\/\/luxonomy.net\/es\/wp-json\/wp\/v2\/posts\/47805\/revisions"}],"predecessor-version":[{"id":47821,"href":"https:\/\/luxonomy.net\/es\/wp-json\/wp\/v2\/posts\/47805\/revisions\/47821"}],"wp:featuredmedia":[{"embeddable":true,"href":"https:\/\/luxonomy.net\/es\/wp-json\/wp\/v2\/media\/47811"}],"wp:attachment":[{"href":"https:\/\/luxonomy.net\/es\/wp-json\/wp\/v2\/media?parent=47805"}],"wp:term":[{"taxonomy":"category","embeddable":true,"href":"https:\/\/luxonomy.net\/es\/wp-json\/wp\/v2\/categories?post=47805"},{"taxonomy":"post_tag","embeddable":true,"href":"https:\/\/luxonomy.net\/es\/wp-json\/wp\/v2\/tags?post=47805"},{"taxonomy":"thb-sponsors","embeddable":true,"href":"https:\/\/luxonomy.net\/es\/wp-json\/wp\/v2\/thb-sponsors?post=47805"}],"curies":[{"name":"wp","href":"https:\/\/api.w.org\/{rel}","templated":true}]}}