{"id":47646,"date":"2023-09-14T13:26:01","date_gmt":"2023-09-14T11:26:01","guid":{"rendered":"https:\/?p=47646"},"modified":"2023-09-14T13:43:26","modified_gmt":"2023-09-14T11:43:26","slug":"dior-presenta-lor-de-jadore-la-nueva-fragancia-creada-por-francis-kurkdjian","status":"publish","type":"post","link":"https:\/\/luxonomy.net\/es\/dior-presenta-lor-de-jadore-la-nueva-fragancia-creada-por-francis-kurkdjian\/","title":{"rendered":"Dior presenta L\u2019Or de J\u2019adore, la nueva fragancia creada por Francis Kurkdjian"},"content":{"rendered":"<p>Francis Kurkdjian, Director de Creaci\u00f3n de Perfumes de Parfums Dior desde 2021, ha dise\u00f1ado una nueva fragancia, L\u2019Or de J\u2019adore.<\/p>\n<p>Esta renovaci\u00f3n se llev\u00f3 a cabo con audacia y humildad, guiada por las palabras del propio Christian Dior: \u201cRespeta la tradici\u00f3n y atr\u00e9vete a ser audaz.\u201d<\/p>\n<p>L\u2019Or de J\u2019adore establece el estilo singular de Francis Kurkdjian en Dior. El perfumista ha otorgado a la firma floral original acentos m\u00e1s simplificados y contempor\u00e1neos, eligiendo ir al coraz\u00f3n mismo del ramo floral de J&#8217;adore, la esencia de su f\u00f3rmula incre\u00edblemente compleja.<\/p><div id=\"luxon-2077056279\" class=\"luxon-3er-parrafo luxon-entity-placement\" style=\"margin-top: 20px;margin-bottom: 20px;margin-left: auto;margin-right: auto;text-align: center;\"><a href=\"https:\/\/luxonomy.university\/course\/master-turismo-de-lujo\" target=\"_blank\" aria-label=\"master-turismo-lujo-2026-2027\"><img loading=\"lazy\" decoding=\"async\" src=\"https:\/\/i0.wp.com\/luxonomy.net\/wp-content\/uploads\/2020\/07\/master-turismo-lujo-2026-2027.jpg?fit=1672%2C941&#038;ssl=1\" alt=\"\"  srcset=\"https:\/\/i0.wp.com\/luxonomy.net\/wp-content\/uploads\/2020\/07\/master-turismo-lujo-2026-2027.jpg?w=1672&ssl=1 1672w, https:\/\/i0.wp.com\/luxonomy.net\/wp-content\/uploads\/2020\/07\/master-turismo-lujo-2026-2027.jpg?resize=300%2C169&ssl=1 300w, https:\/\/i0.wp.com\/luxonomy.net\/wp-content\/uploads\/2020\/07\/master-turismo-lujo-2026-2027.jpg?resize=1024%2C576&ssl=1 1024w, https:\/\/i0.wp.com\/luxonomy.net\/wp-content\/uploads\/2020\/07\/master-turismo-lujo-2026-2027.jpg?resize=768%2C432&ssl=1 768w, https:\/\/i0.wp.com\/luxonomy.net\/wp-content\/uploads\/2020\/07\/master-turismo-lujo-2026-2027.jpg?resize=1536%2C864&ssl=1 1536w, https:\/\/i0.wp.com\/luxonomy.net\/wp-content\/uploads\/2020\/07\/master-turismo-lujo-2026-2027.jpg?resize=370%2C208&ssl=1 370w, https:\/\/i0.wp.com\/luxonomy.net\/wp-content\/uploads\/2020\/07\/master-turismo-lujo-2026-2027.jpg?resize=800%2C450&ssl=1 800w, https:\/\/i0.wp.com\/luxonomy.net\/wp-content\/uploads\/2020\/07\/master-turismo-lujo-2026-2027.jpg?resize=20%2C11&ssl=1 20w, https:\/\/i0.wp.com\/luxonomy.net\/wp-content\/uploads\/2020\/07\/master-turismo-lujo-2026-2027.jpg?resize=740%2C416&ssl=1 740w, https:\/\/i0.wp.com\/luxonomy.net\/wp-content\/uploads\/2020\/07\/master-turismo-lujo-2026-2027.jpg?resize=1600%2C900&ssl=1 1600w, https:\/\/i0.wp.com\/luxonomy.net\/wp-content\/uploads\/2020\/07\/master-turismo-lujo-2026-2027.jpg?resize=1200%2C675&ssl=1 1200w, https:\/\/i0.wp.com\/luxonomy.net\/wp-content\/uploads\/2020\/07\/master-turismo-lujo-2026-2027.jpg?resize=85%2C48&ssl=1 85w\" sizes=\"(max-width: 1170px) 100vw, 1170px\" class=\"no-lazyload\" width=\"1672\" height=\"941\"   \/><\/a><\/div>\n<p>Le infundi\u00f3 una postura radical y minimalista, mientras que al mismo tiempo amplific\u00f3 las notas de flor de azahar, jazm\u00edn grandiflorum y absoluto de rosa centifolia. Reveladas a gran escala en una quintaesencia floral tanto poderosa como carnal, estas flores son el oro precioso de J\u2019adore.<\/p>\n<p>La nueva \u00e1nfora de Or de J\u2019adore se concibe como una botella preciosa, adquirida para asegurarse de que siempre est\u00e9 a mano. Dise\u00f1ada para durar, la tapa, adornada con materiales nobles, se convierte en un talism\u00e1n que se conserva con el tiempo para recibir nuevas &#8220;gotas de perfume&#8221;.<\/p>\n","protected":false},"excerpt":{"rendered":"<p>Francis Kurkdjian, Director de Creaci\u00f3n de Perfumes de Parfums Dior desde 2021, ha dise\u00f1ado una nueva fragancia, L\u2019Or de J\u2019adore. Esta renovaci\u00f3n se llev\u00f3 a cabo con audacia y humildad, guiada por las palabras del propio Christian Dior: \u201cRespeta la tradici\u00f3n y atr\u00e9vete a ser audaz.\u201d L\u2019Or de J\u2019adore establece el estilo singular de Francis&hellip;<\/p>\n","protected":false},"author":13,"featured_media":47642,"comment_status":"closed","ping_status":"open","sticky":false,"template":"","format":"standard","meta":{"_jetpack_newsletter_access":"","_jetpack_dont_email_post_to_subs":false,"_jetpack_newsletter_tier_id":0,"_jetpack_memberships_contains_paywalled_content":false,"_jetpack_feature_clip_id":0,"_jetpack_memberships_contains_paid_content":false,"footnotes":"","jetpack_publicize_message":"","jetpack_publicize_feature_enabled":true,"jetpack_social_post_already_shared":true,"jetpack_social_options":{"image_generator_settings":{"template":"edge","default_image_id":0,"font":"","enabled":false},"version":2},"jetpack_post_was_ever_published":false},"categories":[17],"tags":[313,699,1201,585],"thb-sponsors":[],"class_list":["post-47646","post","type-post","status-publish","format-standard","has-post-thumbnail","hentry","category-belleza","tag-belleza","tag-dior","tag-francis-kurkdjian","tag-lvmh"],"yoast_head":"<!-- This site is optimized with the Yoast SEO plugin v28.4 - https:\/\/yoast.com\/product\/yoast-seo-wordpress\/ -->\n<title>Dior presenta L\u2019Or de J\u2019adore, la nueva fragancia creada por Francis Kurkdjian | LUXONOMY<\/title>\n<meta name=\"robots\" content=\"index, follow, max-snippet:-1, max-image-preview:large, max-video-preview:-1\" \/>\n<link rel=\"canonical\" href=\"https:\/\/luxonomy.net\/es\/dior-presenta-lor-de-jadore-la-nueva-fragancia-creada-por-francis-kurkdjian\/\" \/>\n<meta property=\"og:locale\" content=\"es_ES\" \/>\n<meta property=\"og:type\" content=\"article\" \/>\n<meta property=\"og:title\" content=\"Dior presenta L\u2019Or de J\u2019adore, la nueva fragancia creada por Francis Kurkdjian | LUXONOMY\" \/>\n<meta property=\"og:description\" content=\"Francis Kurkdjian, Director de Creaci\u00f3n de Perfumes de Parfums Dior desde 2021, ha dise\u00f1ado una nueva fragancia, L\u2019Or de J\u2019adore. Esta renovaci\u00f3n se llev\u00f3 a cabo con audacia y humildad, guiada por las palabras del propio Christian Dior: \u201cRespeta la tradici\u00f3n y atr\u00e9vete a ser audaz.\u201d L\u2019Or de J\u2019adore establece el estilo singular de Francis&hellip;\" \/>\n<meta property=\"og:url\" content=\"https:\/\/luxonomy.net\/es\/dior-presenta-lor-de-jadore-la-nueva-fragancia-creada-por-francis-kurkdjian\/\" \/>\n<meta property=\"og:site_name\" content=\"LUXONOMY\" \/>\n<meta property=\"article:publisher\" content=\"https:\/\/www.facebook.com\/luxonomy\" \/>\n<meta property=\"article:published_time\" content=\"2023-09-14T11:26:01+00:00\" \/>\n<meta property=\"article:modified_time\" content=\"2023-09-14T11:43:26+00:00\" \/>\n<meta property=\"og:image\" content=\"https:\/\/i0.wp.com\/luxonomy.net\/wp-content\/uploads\/2023\/09\/Dior-unveils-LOr-de-Jadore-the-new-Dior-fragrance-by-Francis-Kurkdjian.jpg?fit=1920%2C1080&quality=89&ssl=1\" \/>\n\t<meta property=\"og:image:width\" content=\"1920\" \/>\n\t<meta property=\"og:image:height\" content=\"1080\" \/>\n\t<meta property=\"og:image:type\" content=\"image\/jpeg\" \/>\n<meta name=\"author\" content=\"Dara Bernardo\" \/>\n<meta name=\"twitter:card\" content=\"summary_large_image\" \/>\n<meta name=\"twitter:label1\" content=\"Escrito por\" \/>\n\t<meta name=\"twitter:data1\" content=\"Dara Bernardo\" \/>\n\t<meta name=\"twitter:label2\" content=\"Tiempo de lectura\" \/>\n\t<meta name=\"twitter:data2\" content=\"1 minuto\" \/>\n<script type=\"application\/ld+json\" class=\"yoast-schema-graph\">{\"@context\":\"https:\\\/\\\/schema.org\",\"@graph\":[{\"@type\":\"Article\",\"@id\":\"https:\\\/\\\/luxonomy.net\\\/es\\\/dior-presenta-lor-de-jadore-la-nueva-fragancia-creada-por-francis-kurkdjian\\\/#article\",\"isPartOf\":{\"@id\":\"https:\\\/\\\/luxonomy.net\\\/es\\\/dior-presenta-lor-de-jadore-la-nueva-fragancia-creada-por-francis-kurkdjian\\\/\"},\"author\":{\"name\":\"Dara Bernardo\",\"@id\":\"https:\\\/\\\/luxonomy.net\\\/es\\\/#\\\/schema\\\/person\\\/e67bcb5ec87034adece86099e3e2fc35\"},\"headline\":\"Dior presenta L\u2019Or de J\u2019adore, la nueva fragancia creada por Francis Kurkdjian\",\"datePublished\":\"2023-09-14T11:26:01+00:00\",\"dateModified\":\"2023-09-14T11:43:26+00:00\",\"mainEntityOfPage\":{\"@id\":\"https:\\\/\\\/luxonomy.net\\\/es\\\/dior-presenta-lor-de-jadore-la-nueva-fragancia-creada-por-francis-kurkdjian\\\/\"},\"wordCount\":216,\"publisher\":{\"@id\":\"https:\\\/\\\/luxonomy.net\\\/es\\\/#organization\"},\"image\":{\"@id\":\"https:\\\/\\\/luxonomy.net\\\/es\\\/dior-presenta-lor-de-jadore-la-nueva-fragancia-creada-por-francis-kurkdjian\\\/#primaryimage\"},\"thumbnailUrl\":\"https:\\\/\\\/i0.wp.com\\\/luxonomy.net\\\/wp-content\\\/uploads\\\/2023\\\/09\\\/Dior-unveils-LOr-de-Jadore-the-new-Dior-fragrance-by-Francis-Kurkdjian.jpg?fit=1920%2C1080&ssl=1\",\"keywords\":[\"belleza\",\"Dior\",\"Francis Kurkdjian\",\"LVMH\"],\"articleSection\":[\"Belleza\"],\"inLanguage\":\"es\"},{\"@type\":\"WebPage\",\"@id\":\"https:\\\/\\\/luxonomy.net\\\/es\\\/dior-presenta-lor-de-jadore-la-nueva-fragancia-creada-por-francis-kurkdjian\\\/\",\"url\":\"https:\\\/\\\/luxonomy.net\\\/es\\\/dior-presenta-lor-de-jadore-la-nueva-fragancia-creada-por-francis-kurkdjian\\\/\",\"name\":\"Dior presenta L\u2019Or de J\u2019adore, la nueva fragancia creada por Francis Kurkdjian | LUXONOMY\",\"isPartOf\":{\"@id\":\"https:\\\/\\\/luxonomy.net\\\/es\\\/#website\"},\"primaryImageOfPage\":{\"@id\":\"https:\\\/\\\/luxonomy.net\\\/es\\\/dior-presenta-lor-de-jadore-la-nueva-fragancia-creada-por-francis-kurkdjian\\\/#primaryimage\"},\"image\":{\"@id\":\"https:\\\/\\\/luxonomy.net\\\/es\\\/dior-presenta-lor-de-jadore-la-nueva-fragancia-creada-por-francis-kurkdjian\\\/#primaryimage\"},\"thumbnailUrl\":\"https:\\\/\\\/i0.wp.com\\\/luxonomy.net\\\/wp-content\\\/uploads\\\/2023\\\/09\\\/Dior-unveils-LOr-de-Jadore-the-new-Dior-fragrance-by-Francis-Kurkdjian.jpg?fit=1920%2C1080&ssl=1\",\"datePublished\":\"2023-09-14T11:26:01+00:00\",\"dateModified\":\"2023-09-14T11:43:26+00:00\",\"breadcrumb\":{\"@id\":\"https:\\\/\\\/luxonomy.net\\\/es\\\/dior-presenta-lor-de-jadore-la-nueva-fragancia-creada-por-francis-kurkdjian\\\/#breadcrumb\"},\"inLanguage\":\"es\",\"potentialAction\":[{\"@type\":\"ReadAction\",\"target\":[\"https:\\\/\\\/luxonomy.net\\\/es\\\/dior-presenta-lor-de-jadore-la-nueva-fragancia-creada-por-francis-kurkdjian\\\/\"]}]},{\"@type\":\"ImageObject\",\"inLanguage\":\"es\",\"@id\":\"https:\\\/\\\/luxonomy.net\\\/es\\\/dior-presenta-lor-de-jadore-la-nueva-fragancia-creada-por-francis-kurkdjian\\\/#primaryimage\",\"url\":\"https:\\\/\\\/i0.wp.com\\\/luxonomy.net\\\/wp-content\\\/uploads\\\/2023\\\/09\\\/Dior-unveils-LOr-de-Jadore-the-new-Dior-fragrance-by-Francis-Kurkdjian.jpg?fit=1920%2C1080&ssl=1\",\"contentUrl\":\"https:\\\/\\\/i0.wp.com\\\/luxonomy.net\\\/wp-content\\\/uploads\\\/2023\\\/09\\\/Dior-unveils-LOr-de-Jadore-the-new-Dior-fragrance-by-Francis-Kurkdjian.jpg?fit=1920%2C1080&ssl=1\",\"width\":1920,\"height\":1080},{\"@type\":\"BreadcrumbList\",\"@id\":\"https:\\\/\\\/luxonomy.net\\\/es\\\/dior-presenta-lor-de-jadore-la-nueva-fragancia-creada-por-francis-kurkdjian\\\/#breadcrumb\",\"itemListElement\":[{\"@type\":\"ListItem\",\"position\":1,\"name\":\"Portada\",\"item\":\"https:\\\/\\\/luxonomy.net\\\/es\\\/\"},{\"@type\":\"ListItem\",\"position\":2,\"name\":\"Dior presenta L\u2019Or de J\u2019adore, la nueva fragancia creada por Francis Kurkdjian\"}]},{\"@type\":\"WebSite\",\"@id\":\"https:\\\/\\\/luxonomy.net\\\/es\\\/#website\",\"url\":\"https:\\\/\\\/luxonomy.net\\\/es\\\/\",\"name\":\"LUXONOMY\",\"description\":\"The Economy of Fashion &amp; Luxury\",\"publisher\":{\"@id\":\"https:\\\/\\\/luxonomy.net\\\/es\\\/#organization\"},\"potentialAction\":[{\"@type\":\"SearchAction\",\"target\":{\"@type\":\"EntryPoint\",\"urlTemplate\":\"https:\\\/\\\/luxonomy.net\\\/es\\\/?s={search_term_string}\"},\"query-input\":{\"@type\":\"PropertyValueSpecification\",\"valueRequired\":true,\"valueName\":\"search_term_string\"}}],\"inLanguage\":\"es\"},{\"@type\":\"Organization\",\"@id\":\"https:\\\/\\\/luxonomy.net\\\/es\\\/#organization\",\"name\":\"LUXONOMY\",\"url\":\"https:\\\/\\\/luxonomy.net\\\/es\\\/\",\"logo\":{\"@type\":\"ImageObject\",\"inLanguage\":\"es\",\"@id\":\"https:\\\/\\\/luxonomy.net\\\/es\\\/#\\\/schema\\\/logo\\\/image\\\/\",\"url\":\"https:\\\/\\\/i2.wp.com\\\/luxonomy.net\\\/wp-content\\\/uploads\\\/2021\\\/09\\\/MOCKUP-TODOS-LUXONOMY.jpg?fit=1000%2C515&ssl=1\",\"contentUrl\":\"https:\\\/\\\/i2.wp.com\\\/luxonomy.net\\\/wp-content\\\/uploads\\\/2021\\\/09\\\/MOCKUP-TODOS-LUXONOMY.jpg?fit=1000%2C515&ssl=1\",\"width\":1000,\"height\":515,\"caption\":\"LUXONOMY\"},\"image\":{\"@id\":\"https:\\\/\\\/luxonomy.net\\\/es\\\/#\\\/schema\\\/logo\\\/image\\\/\"},\"sameAs\":[\"https:\\\/\\\/www.facebook.com\\\/luxonomy\",\"https:\\\/\\\/www.instagram.com\\\/luxonomy\\\/\",\"https:\\\/\\\/www.linkedin.com\\\/company\\\/luxonomy\\\/\"]},{\"@type\":\"Person\",\"@id\":\"https:\\\/\\\/luxonomy.net\\\/es\\\/#\\\/schema\\\/person\\\/e67bcb5ec87034adece86099e3e2fc35\",\"name\":\"Dara Bernardo\",\"image\":{\"@type\":\"ImageObject\",\"inLanguage\":\"es\",\"@id\":\"https:\\\/\\\/luxonomy.net\\\/wp-content\\\/litespeed\\\/avatar\\\/6210219c821657e60e23828a44456840.jpg?ver=1788581693\",\"url\":\"https:\\\/\\\/luxonomy.net\\\/wp-content\\\/litespeed\\\/avatar\\\/6210219c821657e60e23828a44456840.jpg?ver=1788581693\",\"contentUrl\":\"https:\\\/\\\/luxonomy.net\\\/wp-content\\\/litespeed\\\/avatar\\\/6210219c821657e60e23828a44456840.jpg?ver=1788581693\",\"caption\":\"Dara Bernardo\"},\"description\":\"Managing Director at LUXONOMY\u2122 Group Middle East\",\"sameAs\":[\"mailto:dubai@investme.capital\"],\"url\":\"https:\\\/\\\/luxonomy.net\\\/es\\\/author\\\/dara-bernardo\\\/\"}]}<\/script>\n<!-- \/ Yoast SEO plugin. -->","yoast_head_json":{"title":"Dior presenta L\u2019Or de J\u2019adore, la nueva fragancia creada por Francis Kurkdjian | LUXONOMY","robots":{"index":"index","follow":"follow","max-snippet":"max-snippet:-1","max-image-preview":"max-image-preview:large","max-video-preview":"max-video-preview:-1"},"canonical":"https:\/\/luxonomy.net\/es\/dior-presenta-lor-de-jadore-la-nueva-fragancia-creada-por-francis-kurkdjian\/","og_locale":"es_ES","og_type":"article","og_title":"Dior presenta L\u2019Or de J\u2019adore, la nueva fragancia creada por Francis Kurkdjian | LUXONOMY","og_description":"Francis Kurkdjian, Director de Creaci\u00f3n de Perfumes de Parfums Dior desde 2021, ha dise\u00f1ado una nueva fragancia, L\u2019Or de J\u2019adore. Esta renovaci\u00f3n se llev\u00f3 a cabo con audacia y humildad, guiada por las palabras del propio Christian Dior: \u201cRespeta la tradici\u00f3n y atr\u00e9vete a ser audaz.\u201d L\u2019Or de J\u2019adore establece el estilo singular de Francis&hellip;","og_url":"https:\/\/luxonomy.net\/es\/dior-presenta-lor-de-jadore-la-nueva-fragancia-creada-por-francis-kurkdjian\/","og_site_name":"LUXONOMY","article_publisher":"https:\/\/www.facebook.com\/luxonomy","article_published_time":"2023-09-14T11:26:01+00:00","article_modified_time":"2023-09-14T11:43:26+00:00","og_image":[{"width":1920,"height":1080,"url":"https:\/\/i0.wp.com\/luxonomy.net\/wp-content\/uploads\/2023\/09\/Dior-unveils-LOr-de-Jadore-the-new-Dior-fragrance-by-Francis-Kurkdjian.jpg?fit=1920%2C1080&quality=89&ssl=1","type":"image\/jpeg"}],"author":"Dara Bernardo","twitter_card":"summary_large_image","twitter_misc":{"Escrito por":"Dara Bernardo","Tiempo de lectura":"1 minuto"},"schema":{"@context":"https:\/\/schema.org","@graph":[{"@type":"Article","@id":"https:\/\/luxonomy.net\/es\/dior-presenta-lor-de-jadore-la-nueva-fragancia-creada-por-francis-kurkdjian\/#article","isPartOf":{"@id":"https:\/\/luxonomy.net\/es\/dior-presenta-lor-de-jadore-la-nueva-fragancia-creada-por-francis-kurkdjian\/"},"author":{"name":"Dara Bernardo","@id":"https:\/\/luxonomy.net\/es\/#\/schema\/person\/e67bcb5ec87034adece86099e3e2fc35"},"headline":"Dior presenta L\u2019Or de J\u2019adore, la nueva fragancia creada por Francis Kurkdjian","datePublished":"2023-09-14T11:26:01+00:00","dateModified":"2023-09-14T11:43:26+00:00","mainEntityOfPage":{"@id":"https:\/\/luxonomy.net\/es\/dior-presenta-lor-de-jadore-la-nueva-fragancia-creada-por-francis-kurkdjian\/"},"wordCount":216,"publisher":{"@id":"https:\/\/luxonomy.net\/es\/#organization"},"image":{"@id":"https:\/\/luxonomy.net\/es\/dior-presenta-lor-de-jadore-la-nueva-fragancia-creada-por-francis-kurkdjian\/#primaryimage"},"thumbnailUrl":"https:\/\/i0.wp.com\/luxonomy.net\/wp-content\/uploads\/2023\/09\/Dior-unveils-LOr-de-Jadore-the-new-Dior-fragrance-by-Francis-Kurkdjian.jpg?fit=1920%2C1080&ssl=1","keywords":["belleza","Dior","Francis Kurkdjian","LVMH"],"articleSection":["Belleza"],"inLanguage":"es"},{"@type":"WebPage","@id":"https:\/\/luxonomy.net\/es\/dior-presenta-lor-de-jadore-la-nueva-fragancia-creada-por-francis-kurkdjian\/","url":"https:\/\/luxonomy.net\/es\/dior-presenta-lor-de-jadore-la-nueva-fragancia-creada-por-francis-kurkdjian\/","name":"Dior presenta L\u2019Or de J\u2019adore, la nueva fragancia creada por Francis Kurkdjian | LUXONOMY","isPartOf":{"@id":"https:\/\/luxonomy.net\/es\/#website"},"primaryImageOfPage":{"@id":"https:\/\/luxonomy.net\/es\/dior-presenta-lor-de-jadore-la-nueva-fragancia-creada-por-francis-kurkdjian\/#primaryimage"},"image":{"@id":"https:\/\/luxonomy.net\/es\/dior-presenta-lor-de-jadore-la-nueva-fragancia-creada-por-francis-kurkdjian\/#primaryimage"},"thumbnailUrl":"https:\/\/i0.wp.com\/luxonomy.net\/wp-content\/uploads\/2023\/09\/Dior-unveils-LOr-de-Jadore-the-new-Dior-fragrance-by-Francis-Kurkdjian.jpg?fit=1920%2C1080&ssl=1","datePublished":"2023-09-14T11:26:01+00:00","dateModified":"2023-09-14T11:43:26+00:00","breadcrumb":{"@id":"https:\/\/luxonomy.net\/es\/dior-presenta-lor-de-jadore-la-nueva-fragancia-creada-por-francis-kurkdjian\/#breadcrumb"},"inLanguage":"es","potentialAction":[{"@type":"ReadAction","target":["https:\/\/luxonomy.net\/es\/dior-presenta-lor-de-jadore-la-nueva-fragancia-creada-por-francis-kurkdjian\/"]}]},{"@type":"ImageObject","inLanguage":"es","@id":"https:\/\/luxonomy.net\/es\/dior-presenta-lor-de-jadore-la-nueva-fragancia-creada-por-francis-kurkdjian\/#primaryimage","url":"https:\/\/i0.wp.com\/luxonomy.net\/wp-content\/uploads\/2023\/09\/Dior-unveils-LOr-de-Jadore-the-new-Dior-fragrance-by-Francis-Kurkdjian.jpg?fit=1920%2C1080&ssl=1","contentUrl":"https:\/\/i0.wp.com\/luxonomy.net\/wp-content\/uploads\/2023\/09\/Dior-unveils-LOr-de-Jadore-the-new-Dior-fragrance-by-Francis-Kurkdjian.jpg?fit=1920%2C1080&ssl=1","width":1920,"height":1080},{"@type":"BreadcrumbList","@id":"https:\/\/luxonomy.net\/es\/dior-presenta-lor-de-jadore-la-nueva-fragancia-creada-por-francis-kurkdjian\/#breadcrumb","itemListElement":[{"@type":"ListItem","position":1,"name":"Portada","item":"https:\/\/luxonomy.net\/es\/"},{"@type":"ListItem","position":2,"name":"Dior presenta L\u2019Or de J\u2019adore, la nueva fragancia creada por Francis Kurkdjian"}]},{"@type":"WebSite","@id":"https:\/\/luxonomy.net\/es\/#website","url":"https:\/\/luxonomy.net\/es\/","name":"LUXONOMY","description":"The Economy of Fashion &amp; Luxury","publisher":{"@id":"https:\/\/luxonomy.net\/es\/#organization"},"potentialAction":[{"@type":"SearchAction","target":{"@type":"EntryPoint","urlTemplate":"https:\/\/luxonomy.net\/es\/?s={search_term_string}"},"query-input":{"@type":"PropertyValueSpecification","valueRequired":true,"valueName":"search_term_string"}}],"inLanguage":"es"},{"@type":"Organization","@id":"https:\/\/luxonomy.net\/es\/#organization","name":"LUXONOMY","url":"https:\/\/luxonomy.net\/es\/","logo":{"@type":"ImageObject","inLanguage":"es","@id":"https:\/\/luxonomy.net\/es\/#\/schema\/logo\/image\/","url":"https:\/\/i2.wp.com\/luxonomy.net\/wp-content\/uploads\/2021\/09\/MOCKUP-TODOS-LUXONOMY.jpg?fit=1000%2C515&ssl=1","contentUrl":"https:\/\/i2.wp.com\/luxonomy.net\/wp-content\/uploads\/2021\/09\/MOCKUP-TODOS-LUXONOMY.jpg?fit=1000%2C515&ssl=1","width":1000,"height":515,"caption":"LUXONOMY"},"image":{"@id":"https:\/\/luxonomy.net\/es\/#\/schema\/logo\/image\/"},"sameAs":["https:\/\/www.facebook.com\/luxonomy","https:\/\/www.instagram.com\/luxonomy\/","https:\/\/www.linkedin.com\/company\/luxonomy\/"]},{"@type":"Person","@id":"https:\/\/luxonomy.net\/es\/#\/schema\/person\/e67bcb5ec87034adece86099e3e2fc35","name":"Dara Bernardo","image":{"@type":"ImageObject","inLanguage":"es","@id":"https:\/\/luxonomy.net\/wp-content\/litespeed\/avatar\/6210219c821657e60e23828a44456840.jpg?ver=1788581693","url":"https:\/\/luxonomy.net\/wp-content\/litespeed\/avatar\/6210219c821657e60e23828a44456840.jpg?ver=1788581693","contentUrl":"https:\/\/luxonomy.net\/wp-content\/litespeed\/avatar\/6210219c821657e60e23828a44456840.jpg?ver=1788581693","caption":"Dara Bernardo"},"description":"Managing Director at LUXONOMY\u2122 Group Middle East","sameAs":["mailto:dubai@investme.capital"],"url":"https:\/\/luxonomy.net\/es\/author\/dara-bernardo\/"}]}},"jetpack_publicize_connections":[],"jetpack_shortlink":"https:\/\/wp.me\/paPhBa-cou","jetpack_sharing_enabled":true,"jetpack_featured_media_url":"https:\/\/i0.wp.com\/luxonomy.net\/wp-content\/uploads\/2023\/09\/Dior-unveils-LOr-de-Jadore-the-new-Dior-fragrance-by-Francis-Kurkdjian.jpg?fit=1920%2C1080&ssl=1","_links":{"self":[{"href":"https:\/\/luxonomy.net\/es\/wp-json\/wp\/v2\/posts\/47646","targetHints":{"allow":["GET"]}}],"collection":[{"href":"https:\/\/luxonomy.net\/es\/wp-json\/wp\/v2\/posts"}],"about":[{"href":"https:\/\/luxonomy.net\/es\/wp-json\/wp\/v2\/types\/post"}],"author":[{"embeddable":true,"href":"https:\/\/luxonomy.net\/es\/wp-json\/wp\/v2\/users\/13"}],"replies":[{"embeddable":true,"href":"https:\/\/luxonomy.net\/es\/wp-json\/wp\/v2\/comments?post=47646"}],"version-history":[{"count":3,"href":"https:\/\/luxonomy.net\/es\/wp-json\/wp\/v2\/posts\/47646\/revisions"}],"predecessor-version":[{"id":47649,"href":"https:\/\/luxonomy.net\/es\/wp-json\/wp\/v2\/posts\/47646\/revisions\/47649"}],"wp:featuredmedia":[{"embeddable":true,"href":"https:\/\/luxonomy.net\/es\/wp-json\/wp\/v2\/media\/47642"}],"wp:attachment":[{"href":"https:\/\/luxonomy.net\/es\/wp-json\/wp\/v2\/media?parent=47646"}],"wp:term":[{"taxonomy":"category","embeddable":true,"href":"https:\/\/luxonomy.net\/es\/wp-json\/wp\/v2\/categories?post=47646"},{"taxonomy":"post_tag","embeddable":true,"href":"https:\/\/luxonomy.net\/es\/wp-json\/wp\/v2\/tags?post=47646"},{"taxonomy":"thb-sponsors","embeddable":true,"href":"https:\/\/luxonomy.net\/es\/wp-json\/wp\/v2\/thb-sponsors?post=47646"}],"curies":[{"name":"wp","href":"https:\/\/api.w.org\/{rel}","templated":true}]}}