{"id":47477,"date":"2023-09-07T15:32:48","date_gmt":"2023-09-07T13:32:48","guid":{"rendered":"https:\/?p=47477"},"modified":"2023-09-07T16:15:51","modified_gmt":"2023-09-07T14:15:51","slug":"para-responder-a-un-crecimiento-imparable-la-firma-espanola-silbon-se-traslada-a-nuevas-instalaciones-con-mas-de-12-000m2","status":"publish","type":"post","link":"https:\/\/luxonomy.net\/es\/para-responder-a-un-crecimiento-imparable-la-firma-espanola-silbon-se-traslada-a-nuevas-instalaciones-con-mas-de-12-000m2\/","title":{"rendered":"Para responder a un crecimiento imparable, la firma espa\u00f1ola SILBON se traslada a nuevas instalaciones con m\u00e1s de 12.000m2"},"content":{"rendered":"<p><strong>Silbon<\/strong> refuerza su liderazgo y <b>compromiso con C\u00f3rdoba (Espa\u00f1a) <\/b>anunciando su reciente traslado a un nuevo espacio con m\u00e1s de 12.000 m2 en la misma ciudad.<\/p>\n<p>Este cambio de ubicaci\u00f3n marca un hito en la historia de Silbon impulsando su <strong>imparable crecimiento<\/strong> y apostando por el firme compromiso de la marca con la <strong>calidad, innovaci\u00f3n, eficiencia y sostenibilidad<\/strong>.<\/p>\n<p>La nueva superficie ha sido adaptada para satisfacer las necesidades de la marca lo que implica una importante inversi\u00f3n en infraestructura que, en palabras de <b>Juan Jurado<\/b>, <b>COO y socio de Silbon <\/b>\u201cEl salto a estas nuevas instalaciones era el primer paso que ten\u00edamos que dar dentro de nuestro plan estrat\u00e9gico, que pasa por superar los 100 millones de \u20ac en ventas en 2025. Esta nueva superficie dar\u00e1 soporte para afrontar el crecimiento previsto para los pr\u00f3ximos 4-5 a\u00f1os, y conducir\u00e1 a un ahorro econ\u00f3mico en log\u00edstica debido a la mejora de los procesos\u201d.<\/p><div id=\"luxon-2429272322\" class=\"luxon-3er-parrafo luxon-entity-placement\" style=\"margin-top: 20px;margin-bottom: 20px;margin-left: auto;margin-right: auto;text-align: center;\"><a href=\"https:\/\/luxonomy.university\/course\/master-turismo-de-lujo\" target=\"_blank\" aria-label=\"master-turismo-lujo-2026-2027\"><img loading=\"lazy\" decoding=\"async\" src=\"https:\/\/i0.wp.com\/luxonomy.net\/wp-content\/uploads\/2020\/07\/master-turismo-lujo-2026-2027.jpg?fit=1672%2C941&#038;ssl=1\" alt=\"\"  srcset=\"https:\/\/i0.wp.com\/luxonomy.net\/wp-content\/uploads\/2020\/07\/master-turismo-lujo-2026-2027.jpg?w=1672&ssl=1 1672w, https:\/\/i0.wp.com\/luxonomy.net\/wp-content\/uploads\/2020\/07\/master-turismo-lujo-2026-2027.jpg?resize=300%2C169&ssl=1 300w, https:\/\/i0.wp.com\/luxonomy.net\/wp-content\/uploads\/2020\/07\/master-turismo-lujo-2026-2027.jpg?resize=1024%2C576&ssl=1 1024w, https:\/\/i0.wp.com\/luxonomy.net\/wp-content\/uploads\/2020\/07\/master-turismo-lujo-2026-2027.jpg?resize=768%2C432&ssl=1 768w, https:\/\/i0.wp.com\/luxonomy.net\/wp-content\/uploads\/2020\/07\/master-turismo-lujo-2026-2027.jpg?resize=1536%2C864&ssl=1 1536w, https:\/\/i0.wp.com\/luxonomy.net\/wp-content\/uploads\/2020\/07\/master-turismo-lujo-2026-2027.jpg?resize=370%2C208&ssl=1 370w, https:\/\/i0.wp.com\/luxonomy.net\/wp-content\/uploads\/2020\/07\/master-turismo-lujo-2026-2027.jpg?resize=800%2C450&ssl=1 800w, https:\/\/i0.wp.com\/luxonomy.net\/wp-content\/uploads\/2020\/07\/master-turismo-lujo-2026-2027.jpg?resize=20%2C11&ssl=1 20w, https:\/\/i0.wp.com\/luxonomy.net\/wp-content\/uploads\/2020\/07\/master-turismo-lujo-2026-2027.jpg?resize=740%2C416&ssl=1 740w, https:\/\/i0.wp.com\/luxonomy.net\/wp-content\/uploads\/2020\/07\/master-turismo-lujo-2026-2027.jpg?resize=1600%2C900&ssl=1 1600w, https:\/\/i0.wp.com\/luxonomy.net\/wp-content\/uploads\/2020\/07\/master-turismo-lujo-2026-2027.jpg?resize=1200%2C675&ssl=1 1200w, https:\/\/i0.wp.com\/luxonomy.net\/wp-content\/uploads\/2020\/07\/master-turismo-lujo-2026-2027.jpg?resize=85%2C48&ssl=1 85w\" sizes=\"(max-width: 1170px) 100vw, 1170px\" class=\"no-lazyload\" width=\"1672\" height=\"941\"   \/><\/a><\/div>\n<h3>NUEVAS INSTALACIONES<\/h3>\n<p>El nuevo espacio de Silbon, <b>situado en C\u00f3rdoba <\/b>en la Calle Fausto Garc\u00eda de Tena 12, abarca una superficie de m\u00e1s de <b>12.000m<\/b><span class=\"s2\"><b>2 <\/b><\/span>consiguiendo un espacio perfecto para el desarrollo y expansi\u00f3n de la marca, mejorando y optimizando as\u00ed todos los procesos de fabricaci\u00f3n, distribuci\u00f3n y control.<\/p>\n<p>Las nuevas instalaciones, cuentan con <b>10.000m<\/b><span class=\"s2\"><b>2 <\/b><\/span>destinados a almac\u00e9n y log\u00edstica. Un espacio que permitir\u00e1 a Silbon mejorar la eficiencia en la cadena de suministro y controlar todos los procesos evitando as\u00ed empresas externas que ralenticen el desarrollo de las actividades.<\/p>\n<p>En t\u00e9rminos de sostenibilidad del nuevo espacio <b>Pablo L\u00f3pez, CEO de Silbon <\/b>sostiene que \u201cesta nueva infraestructura es una clara <b>apuesta por la sostenibilidad <\/b>ya que se ha conseguido unificar todos los centros de trabajo pasando de 3 a 1 con la consiguiente reducci\u00f3n de costes operativos y consumos. Con esta nueva infraestructura tambi\u00e9n reducimos la huella de carbono, consiguiendo unificar tanto las llegadas como las salidas de producto en un \u00fanico centro log\u00edstico\u201d<br \/>\nEl nuevo espacio, adem\u00e1s de albergar el centro log\u00edstico, seguir\u00e1 centralizando todos los departamentos de dise\u00f1o, producci\u00f3n, comercial, marketing, online, RRHH, visual, IT, sostenibilidad, financiero y direcci\u00f3n.<\/p>\n<p><strong>Silbon<\/strong> cuenta con una plantilla total de <b>360 empleados de los cuales m\u00e1s del 60% son mujeres<\/b>. Este espacio de <b>2.200m<\/b><span class=\"s1\"><b>2 <\/b><\/span>distribuido en 3 plantas, consigue dar soporte a sus m\u00e1s de <b>100 empleados <\/b>ubicados en la ciudad. El prop\u00f3sito es seguir mejorando la eficiencia en todos los departamentos y como explica <b>Juan Jurado<\/b>, <b>COO de Silbon <\/b>\u201cfomentar una colaboraci\u00f3n y comunicaci\u00f3n m\u00e1s estrecha entre todos los equipos con el fin de llegar a tener un proceso m\u00e1s eficaz y \u00e1gil en la toma de decisiones\u201d.<\/p><div id=\"luxon-1720768091\" class=\"luxon-7-parrafo luxon-entity-placement\" style=\"margin-top: 20px;margin-bottom: 20px;margin-left: auto;margin-right: auto;text-align: center;\"><a href=\"https:\/\/theintelligence.institute\/course\/inteligencia-artificial-para-directivos\" target=\"_blank\" aria-label=\"CSIAD_empresas_THEI_horizontal_4x3_v5\"><img loading=\"lazy\" decoding=\"async\" src=\"https:\/\/i0.wp.com\/luxonomy.net\/wp-content\/uploads\/2025\/08\/CSIAD_empresas_THEI_horizontal_4x3_v5.png?fit=2000%2C1500&#038;ssl=1\" alt=\"\"  srcset=\"https:\/\/i0.wp.com\/luxonomy.net\/wp-content\/uploads\/2025\/08\/CSIAD_empresas_THEI_horizontal_4x3_v5.png?w=2000&ssl=1 2000w, https:\/\/i0.wp.com\/luxonomy.net\/wp-content\/uploads\/2025\/08\/CSIAD_empresas_THEI_horizontal_4x3_v5.png?resize=300%2C225&ssl=1 300w, https:\/\/i0.wp.com\/luxonomy.net\/wp-content\/uploads\/2025\/08\/CSIAD_empresas_THEI_horizontal_4x3_v5.png?resize=1024%2C768&ssl=1 1024w, https:\/\/i0.wp.com\/luxonomy.net\/wp-content\/uploads\/2025\/08\/CSIAD_empresas_THEI_horizontal_4x3_v5.png?resize=768%2C576&ssl=1 768w, https:\/\/i0.wp.com\/luxonomy.net\/wp-content\/uploads\/2025\/08\/CSIAD_empresas_THEI_horizontal_4x3_v5.png?resize=1536%2C1152&ssl=1 1536w, https:\/\/i0.wp.com\/luxonomy.net\/wp-content\/uploads\/2025\/08\/CSIAD_empresas_THEI_horizontal_4x3_v5.png?resize=370%2C278&ssl=1 370w, https:\/\/i0.wp.com\/luxonomy.net\/wp-content\/uploads\/2025\/08\/CSIAD_empresas_THEI_horizontal_4x3_v5.png?resize=800%2C600&ssl=1 800w, https:\/\/i0.wp.com\/luxonomy.net\/wp-content\/uploads\/2025\/08\/CSIAD_empresas_THEI_horizontal_4x3_v5.png?resize=20%2C15&ssl=1 20w, https:\/\/i0.wp.com\/luxonomy.net\/wp-content\/uploads\/2025\/08\/CSIAD_empresas_THEI_horizontal_4x3_v5.png?resize=740%2C555&ssl=1 740w, https:\/\/i0.wp.com\/luxonomy.net\/wp-content\/uploads\/2025\/08\/CSIAD_empresas_THEI_horizontal_4x3_v5.png?resize=1600%2C1200&ssl=1 1600w, https:\/\/i0.wp.com\/luxonomy.net\/wp-content\/uploads\/2025\/08\/CSIAD_empresas_THEI_horizontal_4x3_v5.png?resize=1200%2C900&ssl=1 1200w, https:\/\/i0.wp.com\/luxonomy.net\/wp-content\/uploads\/2025\/08\/CSIAD_empresas_THEI_horizontal_4x3_v5.png?resize=64%2C48&ssl=1 64w\" sizes=\"(max-width: 1170px) 100vw, 1170px\" class=\"no-lazyload\" width=\"2000\" height=\"1500\"   \/><\/a><\/div>\n<p><b>Pablo L\u00f3pez, CEO de Silbon <\/b>explica que \u201clos objetivos principales de este cambio de espacio entre otros son, la <b>preparaci\u00f3n de la empresa para el crecimiento <\/b>de los pr\u00f3ximos a\u00f1os unificando as\u00ed tambi\u00e9n los centros de trabajo y mejorando en consecuencia las condiciones laborales de los empleados con unas instalaciones modernas con todo tipo de comodidades.\u201d<\/p>\n","protected":false},"excerpt":{"rendered":"<p>Silbon refuerza su liderazgo y compromiso con C\u00f3rdoba (Espa\u00f1a) anunciando su reciente traslado a un nuevo espacio con m\u00e1s de 12.000 m2 en la misma ciudad. Este cambio de ubicaci\u00f3n marca un hito en la historia de Silbon impulsando su imparable crecimiento y apostando por el firme compromiso de la marca con la calidad, innovaci\u00f3n,&hellip;<\/p>\n","protected":false},"author":14,"featured_media":47479,"comment_status":"closed","ping_status":"open","sticky":false,"template":"","format":"standard","meta":{"_jetpack_newsletter_access":"","_jetpack_dont_email_post_to_subs":false,"_jetpack_newsletter_tier_id":0,"_jetpack_memberships_contains_paywalled_content":false,"_jetpack_feature_clip_id":0,"_jetpack_memberships_contains_paid_content":false,"footnotes":"","jetpack_publicize_message":"","jetpack_publicize_feature_enabled":true,"jetpack_social_post_already_shared":true,"jetpack_social_options":{"image_generator_settings":{"template":"edge","default_image_id":0,"font":"","enabled":false},"version":2},"jetpack_post_was_ever_published":false},"categories":[1672,1128,534],"tags":[635,552,586,1581],"thb-sponsors":[],"class_list":["post-47477","post","type-post","status-publish","format-standard","has-post-thumbnail","hentry","category-actualidad","category-economia","category-moda","tag-actualidad","tag-economia","tag-moda","tag-silbon"],"yoast_head":"<!-- This site is optimized with the Yoast SEO plugin v28.3 - https:\/\/yoast.com\/product\/yoast-seo-wordpress\/ -->\n<title>Para responder a un crecimiento imparable, la firma espa\u00f1ola SILBON se traslada a nuevas instalaciones con m\u00e1s de 12.000m2 | LUXONOMY<\/title>\n<meta name=\"robots\" content=\"index, follow, max-snippet:-1, max-image-preview:large, max-video-preview:-1\" \/>\n<link rel=\"canonical\" href=\"https:\/\/luxonomy.net\/es\/para-responder-a-un-crecimiento-imparable-la-firma-espanola-silbon-se-traslada-a-nuevas-instalaciones-con-mas-de-12-000m2\/\" \/>\n<meta property=\"og:locale\" content=\"es_ES\" \/>\n<meta property=\"og:type\" content=\"article\" \/>\n<meta property=\"og:title\" content=\"Para responder a un crecimiento imparable, la firma espa\u00f1ola SILBON se traslada a nuevas instalaciones con m\u00e1s de 12.000m2 | LUXONOMY\" \/>\n<meta property=\"og:description\" content=\"Silbon refuerza su liderazgo y compromiso con C\u00f3rdoba (Espa\u00f1a) anunciando su reciente traslado a un nuevo espacio con m\u00e1s de 12.000 m2 en la misma ciudad. Este cambio de ubicaci\u00f3n marca un hito en la historia de Silbon impulsando su imparable crecimiento y apostando por el firme compromiso de la marca con la calidad, innovaci\u00f3n,&hellip;\" \/>\n<meta property=\"og:url\" content=\"https:\/\/luxonomy.net\/es\/para-responder-a-un-crecimiento-imparable-la-firma-espanola-silbon-se-traslada-a-nuevas-instalaciones-con-mas-de-12-000m2\/\" \/>\n<meta property=\"og:site_name\" content=\"LUXONOMY\" \/>\n<meta property=\"article:publisher\" content=\"https:\/\/www.facebook.com\/luxonomy\" \/>\n<meta property=\"article:published_time\" content=\"2023-09-07T13:32:48+00:00\" \/>\n<meta property=\"article:modified_time\" content=\"2023-09-07T14:15:51+00:00\" \/>\n<meta property=\"og:image\" content=\"https:\/\/i0.wp.com\/luxonomy.net\/wp-content\/uploads\/2023\/09\/Pablo-Lopez-y-Juan-Jurado-en-las-nuevas-instalaciones.jpg?fit=1000%2C667&quality=89&ssl=1\" \/>\n\t<meta property=\"og:image:width\" content=\"1000\" \/>\n\t<meta property=\"og:image:height\" content=\"667\" \/>\n\t<meta property=\"og:image:type\" content=\"image\/jpeg\" \/>\n<meta name=\"author\" content=\"Pablo Rodriguez de Aguilar\" \/>\n<meta name=\"twitter:card\" content=\"summary_large_image\" \/>\n<meta name=\"twitter:label1\" content=\"Escrito por\" \/>\n\t<meta name=\"twitter:data1\" content=\"Pablo Rodriguez de Aguilar\" \/>\n\t<meta name=\"twitter:label2\" content=\"Tiempo de lectura\" \/>\n\t<meta name=\"twitter:data2\" content=\"3 minutos\" \/>\n<script type=\"application\/ld+json\" class=\"yoast-schema-graph\">{\"@context\":\"https:\\\/\\\/schema.org\",\"@graph\":[{\"@type\":\"Article\",\"@id\":\"https:\\\/\\\/luxonomy.net\\\/es\\\/para-responder-a-un-crecimiento-imparable-la-firma-espanola-silbon-se-traslada-a-nuevas-instalaciones-con-mas-de-12-000m2\\\/#article\",\"isPartOf\":{\"@id\":\"https:\\\/\\\/luxonomy.net\\\/es\\\/para-responder-a-un-crecimiento-imparable-la-firma-espanola-silbon-se-traslada-a-nuevas-instalaciones-con-mas-de-12-000m2\\\/\"},\"author\":{\"name\":\"Pablo Rodriguez de Aguilar\",\"@id\":\"https:\\\/\\\/luxonomy.net\\\/es\\\/#\\\/schema\\\/person\\\/fc021969ca4a106d7ea9a64800b05fa7\"},\"headline\":\"Para responder a un crecimiento imparable, la firma espa\u00f1ola SILBON se traslada a nuevas instalaciones con m\u00e1s de 12.000m2\",\"datePublished\":\"2023-09-07T13:32:48+00:00\",\"dateModified\":\"2023-09-07T14:15:51+00:00\",\"mainEntityOfPage\":{\"@id\":\"https:\\\/\\\/luxonomy.net\\\/es\\\/para-responder-a-un-crecimiento-imparable-la-firma-espanola-silbon-se-traslada-a-nuevas-instalaciones-con-mas-de-12-000m2\\\/\"},\"wordCount\":537,\"publisher\":{\"@id\":\"https:\\\/\\\/luxonomy.net\\\/es\\\/#organization\"},\"image\":{\"@id\":\"https:\\\/\\\/luxonomy.net\\\/es\\\/para-responder-a-un-crecimiento-imparable-la-firma-espanola-silbon-se-traslada-a-nuevas-instalaciones-con-mas-de-12-000m2\\\/#primaryimage\"},\"thumbnailUrl\":\"https:\\\/\\\/i0.wp.com\\\/luxonomy.net\\\/wp-content\\\/uploads\\\/2023\\\/09\\\/Pablo-Lopez-y-Juan-Jurado-en-las-nuevas-instalaciones.jpg?fit=1000%2C667&ssl=1\",\"keywords\":[\"actualidad\",\"econom\u00eda\",\"Moda\",\"silbon\"],\"articleSection\":[\"Actualidad\",\"Econom\u00eda\",\"Moda\"],\"inLanguage\":\"es\"},{\"@type\":\"WebPage\",\"@id\":\"https:\\\/\\\/luxonomy.net\\\/es\\\/para-responder-a-un-crecimiento-imparable-la-firma-espanola-silbon-se-traslada-a-nuevas-instalaciones-con-mas-de-12-000m2\\\/\",\"url\":\"https:\\\/\\\/luxonomy.net\\\/es\\\/para-responder-a-un-crecimiento-imparable-la-firma-espanola-silbon-se-traslada-a-nuevas-instalaciones-con-mas-de-12-000m2\\\/\",\"name\":\"Para responder a un crecimiento imparable, la firma espa\u00f1ola SILBON se traslada a nuevas instalaciones con m\u00e1s de 12.000m2 | LUXONOMY\",\"isPartOf\":{\"@id\":\"https:\\\/\\\/luxonomy.net\\\/es\\\/#website\"},\"primaryImageOfPage\":{\"@id\":\"https:\\\/\\\/luxonomy.net\\\/es\\\/para-responder-a-un-crecimiento-imparable-la-firma-espanola-silbon-se-traslada-a-nuevas-instalaciones-con-mas-de-12-000m2\\\/#primaryimage\"},\"image\":{\"@id\":\"https:\\\/\\\/luxonomy.net\\\/es\\\/para-responder-a-un-crecimiento-imparable-la-firma-espanola-silbon-se-traslada-a-nuevas-instalaciones-con-mas-de-12-000m2\\\/#primaryimage\"},\"thumbnailUrl\":\"https:\\\/\\\/i0.wp.com\\\/luxonomy.net\\\/wp-content\\\/uploads\\\/2023\\\/09\\\/Pablo-Lopez-y-Juan-Jurado-en-las-nuevas-instalaciones.jpg?fit=1000%2C667&ssl=1\",\"datePublished\":\"2023-09-07T13:32:48+00:00\",\"dateModified\":\"2023-09-07T14:15:51+00:00\",\"breadcrumb\":{\"@id\":\"https:\\\/\\\/luxonomy.net\\\/es\\\/para-responder-a-un-crecimiento-imparable-la-firma-espanola-silbon-se-traslada-a-nuevas-instalaciones-con-mas-de-12-000m2\\\/#breadcrumb\"},\"inLanguage\":\"es\",\"potentialAction\":[{\"@type\":\"ReadAction\",\"target\":[\"https:\\\/\\\/luxonomy.net\\\/es\\\/para-responder-a-un-crecimiento-imparable-la-firma-espanola-silbon-se-traslada-a-nuevas-instalaciones-con-mas-de-12-000m2\\\/\"]}]},{\"@type\":\"ImageObject\",\"inLanguage\":\"es\",\"@id\":\"https:\\\/\\\/luxonomy.net\\\/es\\\/para-responder-a-un-crecimiento-imparable-la-firma-espanola-silbon-se-traslada-a-nuevas-instalaciones-con-mas-de-12-000m2\\\/#primaryimage\",\"url\":\"https:\\\/\\\/i0.wp.com\\\/luxonomy.net\\\/wp-content\\\/uploads\\\/2023\\\/09\\\/Pablo-Lopez-y-Juan-Jurado-en-las-nuevas-instalaciones.jpg?fit=1000%2C667&ssl=1\",\"contentUrl\":\"https:\\\/\\\/i0.wp.com\\\/luxonomy.net\\\/wp-content\\\/uploads\\\/2023\\\/09\\\/Pablo-Lopez-y-Juan-Jurado-en-las-nuevas-instalaciones.jpg?fit=1000%2C667&ssl=1\",\"width\":1000,\"height\":667,\"caption\":\"Pablo L\u00f3pez, CEO de Silbon junto a Juan Jurado COO de Silbon en las nuevas instalaciones.\"},{\"@type\":\"BreadcrumbList\",\"@id\":\"https:\\\/\\\/luxonomy.net\\\/es\\\/para-responder-a-un-crecimiento-imparable-la-firma-espanola-silbon-se-traslada-a-nuevas-instalaciones-con-mas-de-12-000m2\\\/#breadcrumb\",\"itemListElement\":[{\"@type\":\"ListItem\",\"position\":1,\"name\":\"Portada\",\"item\":\"https:\\\/\\\/luxonomy.net\\\/es\\\/\"},{\"@type\":\"ListItem\",\"position\":2,\"name\":\"Para responder a un crecimiento imparable, la firma espa\u00f1ola SILBON se traslada a nuevas instalaciones con m\u00e1s de 12.000m2\"}]},{\"@type\":\"WebSite\",\"@id\":\"https:\\\/\\\/luxonomy.net\\\/es\\\/#website\",\"url\":\"https:\\\/\\\/luxonomy.net\\\/es\\\/\",\"name\":\"LUXONOMY\",\"description\":\"The Economy of Fashion &amp; Luxury\",\"publisher\":{\"@id\":\"https:\\\/\\\/luxonomy.net\\\/es\\\/#organization\"},\"potentialAction\":[{\"@type\":\"SearchAction\",\"target\":{\"@type\":\"EntryPoint\",\"urlTemplate\":\"https:\\\/\\\/luxonomy.net\\\/es\\\/?s={search_term_string}\"},\"query-input\":{\"@type\":\"PropertyValueSpecification\",\"valueRequired\":true,\"valueName\":\"search_term_string\"}}],\"inLanguage\":\"es\"},{\"@type\":\"Organization\",\"@id\":\"https:\\\/\\\/luxonomy.net\\\/es\\\/#organization\",\"name\":\"LUXONOMY\",\"url\":\"https:\\\/\\\/luxonomy.net\\\/es\\\/\",\"logo\":{\"@type\":\"ImageObject\",\"inLanguage\":\"es\",\"@id\":\"https:\\\/\\\/luxonomy.net\\\/es\\\/#\\\/schema\\\/logo\\\/image\\\/\",\"url\":\"https:\\\/\\\/i2.wp.com\\\/luxonomy.net\\\/wp-content\\\/uploads\\\/2021\\\/09\\\/MOCKUP-TODOS-LUXONOMY.jpg?fit=1000%2C515&ssl=1\",\"contentUrl\":\"https:\\\/\\\/i2.wp.com\\\/luxonomy.net\\\/wp-content\\\/uploads\\\/2021\\\/09\\\/MOCKUP-TODOS-LUXONOMY.jpg?fit=1000%2C515&ssl=1\",\"width\":1000,\"height\":515,\"caption\":\"LUXONOMY\"},\"image\":{\"@id\":\"https:\\\/\\\/luxonomy.net\\\/es\\\/#\\\/schema\\\/logo\\\/image\\\/\"},\"sameAs\":[\"https:\\\/\\\/www.facebook.com\\\/luxonomy\",\"https:\\\/\\\/www.instagram.com\\\/luxonomy\\\/\",\"https:\\\/\\\/www.linkedin.com\\\/company\\\/luxonomy\\\/\"]},{\"@type\":\"Person\",\"@id\":\"https:\\\/\\\/luxonomy.net\\\/es\\\/#\\\/schema\\\/person\\\/fc021969ca4a106d7ea9a64800b05fa7\",\"name\":\"Pablo Rodriguez de Aguilar\",\"image\":{\"@type\":\"ImageObject\",\"inLanguage\":\"es\",\"@id\":\"https:\\\/\\\/luxonomy.net\\\/wp-content\\\/litespeed\\\/avatar\\\/d4cf5f3956bcabe0ce8ae95e4c6604f9.jpg?ver=1788140676\",\"url\":\"https:\\\/\\\/luxonomy.net\\\/wp-content\\\/litespeed\\\/avatar\\\/d4cf5f3956bcabe0ce8ae95e4c6604f9.jpg?ver=1788140676\",\"contentUrl\":\"https:\\\/\\\/luxonomy.net\\\/wp-content\\\/litespeed\\\/avatar\\\/d4cf5f3956bcabe0ce8ae95e4c6604f9.jpg?ver=1788140676\",\"caption\":\"Pablo Rodriguez de Aguilar\"},\"description\":\"Regional Sales Manager at LUXONOMY\u2122 Group America\",\"sameAs\":[\"mailto:info@salondellujo.com\"],\"url\":\"https:\\\/\\\/luxonomy.net\\\/es\\\/author\\\/pablo-rodriguez-de-aguilar\\\/\"}]}<\/script>\n<!-- \/ Yoast SEO plugin. -->","yoast_head_json":{"title":"Para responder a un crecimiento imparable, la firma espa\u00f1ola SILBON se traslada a nuevas instalaciones con m\u00e1s de 12.000m2 | LUXONOMY","robots":{"index":"index","follow":"follow","max-snippet":"max-snippet:-1","max-image-preview":"max-image-preview:large","max-video-preview":"max-video-preview:-1"},"canonical":"https:\/\/luxonomy.net\/es\/para-responder-a-un-crecimiento-imparable-la-firma-espanola-silbon-se-traslada-a-nuevas-instalaciones-con-mas-de-12-000m2\/","og_locale":"es_ES","og_type":"article","og_title":"Para responder a un crecimiento imparable, la firma espa\u00f1ola SILBON se traslada a nuevas instalaciones con m\u00e1s de 12.000m2 | LUXONOMY","og_description":"Silbon refuerza su liderazgo y compromiso con C\u00f3rdoba (Espa\u00f1a) anunciando su reciente traslado a un nuevo espacio con m\u00e1s de 12.000 m2 en la misma ciudad. Este cambio de ubicaci\u00f3n marca un hito en la historia de Silbon impulsando su imparable crecimiento y apostando por el firme compromiso de la marca con la calidad, innovaci\u00f3n,&hellip;","og_url":"https:\/\/luxonomy.net\/es\/para-responder-a-un-crecimiento-imparable-la-firma-espanola-silbon-se-traslada-a-nuevas-instalaciones-con-mas-de-12-000m2\/","og_site_name":"LUXONOMY","article_publisher":"https:\/\/www.facebook.com\/luxonomy","article_published_time":"2023-09-07T13:32:48+00:00","article_modified_time":"2023-09-07T14:15:51+00:00","og_image":[{"width":1000,"height":667,"url":"https:\/\/i0.wp.com\/luxonomy.net\/wp-content\/uploads\/2023\/09\/Pablo-Lopez-y-Juan-Jurado-en-las-nuevas-instalaciones.jpg?fit=1000%2C667&quality=89&ssl=1","type":"image\/jpeg"}],"author":"Pablo Rodriguez de Aguilar","twitter_card":"summary_large_image","twitter_misc":{"Escrito por":"Pablo Rodriguez de Aguilar","Tiempo de lectura":"3 minutos"},"schema":{"@context":"https:\/\/schema.org","@graph":[{"@type":"Article","@id":"https:\/\/luxonomy.net\/es\/para-responder-a-un-crecimiento-imparable-la-firma-espanola-silbon-se-traslada-a-nuevas-instalaciones-con-mas-de-12-000m2\/#article","isPartOf":{"@id":"https:\/\/luxonomy.net\/es\/para-responder-a-un-crecimiento-imparable-la-firma-espanola-silbon-se-traslada-a-nuevas-instalaciones-con-mas-de-12-000m2\/"},"author":{"name":"Pablo Rodriguez de Aguilar","@id":"https:\/\/luxonomy.net\/es\/#\/schema\/person\/fc021969ca4a106d7ea9a64800b05fa7"},"headline":"Para responder a un crecimiento imparable, la firma espa\u00f1ola SILBON se traslada a nuevas instalaciones con m\u00e1s de 12.000m2","datePublished":"2023-09-07T13:32:48+00:00","dateModified":"2023-09-07T14:15:51+00:00","mainEntityOfPage":{"@id":"https:\/\/luxonomy.net\/es\/para-responder-a-un-crecimiento-imparable-la-firma-espanola-silbon-se-traslada-a-nuevas-instalaciones-con-mas-de-12-000m2\/"},"wordCount":537,"publisher":{"@id":"https:\/\/luxonomy.net\/es\/#organization"},"image":{"@id":"https:\/\/luxonomy.net\/es\/para-responder-a-un-crecimiento-imparable-la-firma-espanola-silbon-se-traslada-a-nuevas-instalaciones-con-mas-de-12-000m2\/#primaryimage"},"thumbnailUrl":"https:\/\/i0.wp.com\/luxonomy.net\/wp-content\/uploads\/2023\/09\/Pablo-Lopez-y-Juan-Jurado-en-las-nuevas-instalaciones.jpg?fit=1000%2C667&ssl=1","keywords":["actualidad","econom\u00eda","Moda","silbon"],"articleSection":["Actualidad","Econom\u00eda","Moda"],"inLanguage":"es"},{"@type":"WebPage","@id":"https:\/\/luxonomy.net\/es\/para-responder-a-un-crecimiento-imparable-la-firma-espanola-silbon-se-traslada-a-nuevas-instalaciones-con-mas-de-12-000m2\/","url":"https:\/\/luxonomy.net\/es\/para-responder-a-un-crecimiento-imparable-la-firma-espanola-silbon-se-traslada-a-nuevas-instalaciones-con-mas-de-12-000m2\/","name":"Para responder a un crecimiento imparable, la firma espa\u00f1ola SILBON se traslada a nuevas instalaciones con m\u00e1s de 12.000m2 | LUXONOMY","isPartOf":{"@id":"https:\/\/luxonomy.net\/es\/#website"},"primaryImageOfPage":{"@id":"https:\/\/luxonomy.net\/es\/para-responder-a-un-crecimiento-imparable-la-firma-espanola-silbon-se-traslada-a-nuevas-instalaciones-con-mas-de-12-000m2\/#primaryimage"},"image":{"@id":"https:\/\/luxonomy.net\/es\/para-responder-a-un-crecimiento-imparable-la-firma-espanola-silbon-se-traslada-a-nuevas-instalaciones-con-mas-de-12-000m2\/#primaryimage"},"thumbnailUrl":"https:\/\/i0.wp.com\/luxonomy.net\/wp-content\/uploads\/2023\/09\/Pablo-Lopez-y-Juan-Jurado-en-las-nuevas-instalaciones.jpg?fit=1000%2C667&ssl=1","datePublished":"2023-09-07T13:32:48+00:00","dateModified":"2023-09-07T14:15:51+00:00","breadcrumb":{"@id":"https:\/\/luxonomy.net\/es\/para-responder-a-un-crecimiento-imparable-la-firma-espanola-silbon-se-traslada-a-nuevas-instalaciones-con-mas-de-12-000m2\/#breadcrumb"},"inLanguage":"es","potentialAction":[{"@type":"ReadAction","target":["https:\/\/luxonomy.net\/es\/para-responder-a-un-crecimiento-imparable-la-firma-espanola-silbon-se-traslada-a-nuevas-instalaciones-con-mas-de-12-000m2\/"]}]},{"@type":"ImageObject","inLanguage":"es","@id":"https:\/\/luxonomy.net\/es\/para-responder-a-un-crecimiento-imparable-la-firma-espanola-silbon-se-traslada-a-nuevas-instalaciones-con-mas-de-12-000m2\/#primaryimage","url":"https:\/\/i0.wp.com\/luxonomy.net\/wp-content\/uploads\/2023\/09\/Pablo-Lopez-y-Juan-Jurado-en-las-nuevas-instalaciones.jpg?fit=1000%2C667&ssl=1","contentUrl":"https:\/\/i0.wp.com\/luxonomy.net\/wp-content\/uploads\/2023\/09\/Pablo-Lopez-y-Juan-Jurado-en-las-nuevas-instalaciones.jpg?fit=1000%2C667&ssl=1","width":1000,"height":667,"caption":"Pablo L\u00f3pez, CEO de Silbon junto a Juan Jurado COO de Silbon en las nuevas instalaciones."},{"@type":"BreadcrumbList","@id":"https:\/\/luxonomy.net\/es\/para-responder-a-un-crecimiento-imparable-la-firma-espanola-silbon-se-traslada-a-nuevas-instalaciones-con-mas-de-12-000m2\/#breadcrumb","itemListElement":[{"@type":"ListItem","position":1,"name":"Portada","item":"https:\/\/luxonomy.net\/es\/"},{"@type":"ListItem","position":2,"name":"Para responder a un crecimiento imparable, la firma espa\u00f1ola SILBON se traslada a nuevas instalaciones con m\u00e1s de 12.000m2"}]},{"@type":"WebSite","@id":"https:\/\/luxonomy.net\/es\/#website","url":"https:\/\/luxonomy.net\/es\/","name":"LUXONOMY","description":"The Economy of Fashion &amp; Luxury","publisher":{"@id":"https:\/\/luxonomy.net\/es\/#organization"},"potentialAction":[{"@type":"SearchAction","target":{"@type":"EntryPoint","urlTemplate":"https:\/\/luxonomy.net\/es\/?s={search_term_string}"},"query-input":{"@type":"PropertyValueSpecification","valueRequired":true,"valueName":"search_term_string"}}],"inLanguage":"es"},{"@type":"Organization","@id":"https:\/\/luxonomy.net\/es\/#organization","name":"LUXONOMY","url":"https:\/\/luxonomy.net\/es\/","logo":{"@type":"ImageObject","inLanguage":"es","@id":"https:\/\/luxonomy.net\/es\/#\/schema\/logo\/image\/","url":"https:\/\/i2.wp.com\/luxonomy.net\/wp-content\/uploads\/2021\/09\/MOCKUP-TODOS-LUXONOMY.jpg?fit=1000%2C515&ssl=1","contentUrl":"https:\/\/i2.wp.com\/luxonomy.net\/wp-content\/uploads\/2021\/09\/MOCKUP-TODOS-LUXONOMY.jpg?fit=1000%2C515&ssl=1","width":1000,"height":515,"caption":"LUXONOMY"},"image":{"@id":"https:\/\/luxonomy.net\/es\/#\/schema\/logo\/image\/"},"sameAs":["https:\/\/www.facebook.com\/luxonomy","https:\/\/www.instagram.com\/luxonomy\/","https:\/\/www.linkedin.com\/company\/luxonomy\/"]},{"@type":"Person","@id":"https:\/\/luxonomy.net\/es\/#\/schema\/person\/fc021969ca4a106d7ea9a64800b05fa7","name":"Pablo Rodriguez de Aguilar","image":{"@type":"ImageObject","inLanguage":"es","@id":"https:\/\/luxonomy.net\/wp-content\/litespeed\/avatar\/d4cf5f3956bcabe0ce8ae95e4c6604f9.jpg?ver=1788140676","url":"https:\/\/luxonomy.net\/wp-content\/litespeed\/avatar\/d4cf5f3956bcabe0ce8ae95e4c6604f9.jpg?ver=1788140676","contentUrl":"https:\/\/luxonomy.net\/wp-content\/litespeed\/avatar\/d4cf5f3956bcabe0ce8ae95e4c6604f9.jpg?ver=1788140676","caption":"Pablo Rodriguez de Aguilar"},"description":"Regional Sales Manager at LUXONOMY\u2122 Group America","sameAs":["mailto:info@salondellujo.com"],"url":"https:\/\/luxonomy.net\/es\/author\/pablo-rodriguez-de-aguilar\/"}]}},"jetpack_publicize_connections":[],"jetpack_shortlink":"https:\/\/wp.me\/paPhBa-clL","jetpack_sharing_enabled":true,"jetpack_featured_media_url":"https:\/\/i0.wp.com\/luxonomy.net\/wp-content\/uploads\/2023\/09\/Pablo-Lopez-y-Juan-Jurado-en-las-nuevas-instalaciones.jpg?fit=1000%2C667&ssl=1","_links":{"self":[{"href":"https:\/\/luxonomy.net\/es\/wp-json\/wp\/v2\/posts\/47477","targetHints":{"allow":["GET"]}}],"collection":[{"href":"https:\/\/luxonomy.net\/es\/wp-json\/wp\/v2\/posts"}],"about":[{"href":"https:\/\/luxonomy.net\/es\/wp-json\/wp\/v2\/types\/post"}],"author":[{"embeddable":true,"href":"https:\/\/luxonomy.net\/es\/wp-json\/wp\/v2\/users\/14"}],"replies":[{"embeddable":true,"href":"https:\/\/luxonomy.net\/es\/wp-json\/wp\/v2\/comments?post=47477"}],"version-history":[{"count":5,"href":"https:\/\/luxonomy.net\/es\/wp-json\/wp\/v2\/posts\/47477\/revisions"}],"predecessor-version":[{"id":47494,"href":"https:\/\/luxonomy.net\/es\/wp-json\/wp\/v2\/posts\/47477\/revisions\/47494"}],"wp:featuredmedia":[{"embeddable":true,"href":"https:\/\/luxonomy.net\/es\/wp-json\/wp\/v2\/media\/47479"}],"wp:attachment":[{"href":"https:\/\/luxonomy.net\/es\/wp-json\/wp\/v2\/media?parent=47477"}],"wp:term":[{"taxonomy":"category","embeddable":true,"href":"https:\/\/luxonomy.net\/es\/wp-json\/wp\/v2\/categories?post=47477"},{"taxonomy":"post_tag","embeddable":true,"href":"https:\/\/luxonomy.net\/es\/wp-json\/wp\/v2\/tags?post=47477"},{"taxonomy":"thb-sponsors","embeddable":true,"href":"https:\/\/luxonomy.net\/es\/wp-json\/wp\/v2\/thb-sponsors?post=47477"}],"curies":[{"name":"wp","href":"https:\/\/api.w.org\/{rel}","templated":true}]}}