{"id":47297,"date":"2023-09-02T13:57:00","date_gmt":"2023-09-02T11:57:00","guid":{"rendered":"https:\/?p=47297"},"modified":"2023-09-02T14:14:59","modified_gmt":"2023-09-02T12:14:59","slug":"porsche-celebra-el-60o-aniversario-del-911-con-dos-modelos-de-zapatillas-puma-retro-y-heritage","status":"publish","type":"post","link":"https:\/\/luxonomy.net\/es\/porsche-celebra-el-60o-aniversario-del-911-con-dos-modelos-de-zapatillas-puma-retro-y-heritage\/","title":{"rendered":"Porsche celebra el 60\u00ba aniversario del 911 con dos modelos de zapatillas Puma: Retro y Heritage"},"content":{"rendered":"<p>Durante 60 a\u00f1os, el Porsche 911 ha sido una referencia en dise\u00f1o e ingenier\u00eda. Perfilado por el joven Ferdinand Alexander Porsche y su equipo, el deportivo, bautizado inicialmente como 901, cautiv\u00f3 de inmediato a los amantes del autom\u00f3vil.<\/p>\n<p>A lo largo de las \u00faltimas seis d\u00e9cadas, este icono no ha dejado de evolucionar. Desde 1963 hasta hoy, se han creado ocho generaciones, lo que deja claro que quedarse quieto no es una opci\u00f3n para el fabricante de autom\u00f3viles deportivos. Porsche ha conmemorado este 60\u00ba aniversario con una edici\u00f3n especial limitada del modelo: el nuevo 911 S\/T. Y, en colaboraci\u00f3n con Puma, con dos ediciones especiales limitadas de zapatillas inspiradas en la tradici\u00f3n del 911: Retro y Heritage.<\/p>\n<h3>Un perfil fuerte para cada estilo<\/h3>\n<p>Los modelos de zapatillas especialmente dise\u00f1ados para el aniversario reflejan la impresionante historia del ic\u00f3nico deportivo: la zapatilla Retro simboliza el pasado del Porsche 911; la Heritage, el presente. Ambos modelos no solo son ediciones limitadas, adem\u00e1s est\u00e1n numerados individualmente, lo que hace que cada par sea \u00fanico. La elegante zapatilla Retro se caracteriza por la cl\u00e1sica silueta estrecha y plana del Porsche 911 S 2.5 de 1972, que fue uno de los primeros\u00a0<em>nueveonce<\/em>\u00a0con componentes de las versiones S y T, aunque a\u00fan no llevara oficialmente el sufijo &#8220;S\/T&#8221;. El color de la zapatilla en azul claro deriva de la pintura exterior del hist\u00f3rico veh\u00edculo. Lo mismo ocurre con el n\u00famero 56 en la parte posterior.<\/p><div id=\"luxon-3624320153\" class=\"luxon-3er-parrafo luxon-entity-placement\" style=\"margin-top: 20px;margin-bottom: 20px;margin-left: auto;margin-right: auto;text-align: center;\"><a href=\"https:\/\/luxonomy.university\/course\/master-turismo-de-lujo\" target=\"_blank\" aria-label=\"master-turismo-lujo-2026-2027\"><img loading=\"lazy\" decoding=\"async\" src=\"https:\/\/i0.wp.com\/luxonomy.net\/wp-content\/uploads\/2020\/07\/master-turismo-lujo-2026-2027.jpg?fit=1672%2C941&#038;ssl=1\" alt=\"\"  srcset=\"https:\/\/i0.wp.com\/luxonomy.net\/wp-content\/uploads\/2020\/07\/master-turismo-lujo-2026-2027.jpg?w=1672&ssl=1 1672w, https:\/\/i0.wp.com\/luxonomy.net\/wp-content\/uploads\/2020\/07\/master-turismo-lujo-2026-2027.jpg?resize=300%2C169&ssl=1 300w, https:\/\/i0.wp.com\/luxonomy.net\/wp-content\/uploads\/2020\/07\/master-turismo-lujo-2026-2027.jpg?resize=1024%2C576&ssl=1 1024w, https:\/\/i0.wp.com\/luxonomy.net\/wp-content\/uploads\/2020\/07\/master-turismo-lujo-2026-2027.jpg?resize=768%2C432&ssl=1 768w, https:\/\/i0.wp.com\/luxonomy.net\/wp-content\/uploads\/2020\/07\/master-turismo-lujo-2026-2027.jpg?resize=1536%2C864&ssl=1 1536w, https:\/\/i0.wp.com\/luxonomy.net\/wp-content\/uploads\/2020\/07\/master-turismo-lujo-2026-2027.jpg?resize=370%2C208&ssl=1 370w, https:\/\/i0.wp.com\/luxonomy.net\/wp-content\/uploads\/2020\/07\/master-turismo-lujo-2026-2027.jpg?resize=800%2C450&ssl=1 800w, https:\/\/i0.wp.com\/luxonomy.net\/wp-content\/uploads\/2020\/07\/master-turismo-lujo-2026-2027.jpg?resize=20%2C11&ssl=1 20w, https:\/\/i0.wp.com\/luxonomy.net\/wp-content\/uploads\/2020\/07\/master-turismo-lujo-2026-2027.jpg?resize=740%2C416&ssl=1 740w, https:\/\/i0.wp.com\/luxonomy.net\/wp-content\/uploads\/2020\/07\/master-turismo-lujo-2026-2027.jpg?resize=1600%2C900&ssl=1 1600w, https:\/\/i0.wp.com\/luxonomy.net\/wp-content\/uploads\/2020\/07\/master-turismo-lujo-2026-2027.jpg?resize=1200%2C675&ssl=1 1200w, https:\/\/i0.wp.com\/luxonomy.net\/wp-content\/uploads\/2020\/07\/master-turismo-lujo-2026-2027.jpg?resize=85%2C48&ssl=1 85w\" sizes=\"(max-width: 1170px) 100vw, 1170px\" class=\"no-lazyload\" width=\"1672\" height=\"941\"   \/><\/a><\/div>\n<p>Adem\u00e1s de las superposiciones de ante de alta calidad, en combinaci\u00f3n con las capas inferiores y la leng\u00fceta de cuero liso, las costuras de contrate rojas completan la imagen del modelo Retro. Est\u00e1 limitado a 1.972 unidades, en referencia al a\u00f1o de lanzamiento de aquella versi\u00f3n del 911. El n\u00famero de la serie se encuentra en la parte inferior de una tira de cuero sujeta al lateral de la zapatilla, con las letras Porsche estampadas en la parte superior. En el frontal de la leng\u00fceta, el emblema de la parrilla del Porsche 911 S\/T (una insignia redonda sobre ese elemento) se aplica como una etiqueta tejida. Lleva el logotipo del 60\u00ba aniversario del Porsche 911, en blanco y negro, y tambi\u00e9n adorna la etiqueta de cuero marr\u00f3n (&#8220;hang tag&#8221;).<\/p>\n<h3>Regreso al futuro<\/h3>\n<p>La zapatilla Heritage tiene una silueta moderna y deportiva. Se inspira en el dise\u00f1o y la combinaci\u00f3n de colores del nuevo Porsche 911 S\/T. El deportivo de cambio manual con motor de altas revoluciones re\u00fane lo mejor de dos versiones: las prestaciones del S y la sencillez del T. El tono gris de la zapatilla de cuero liso se basa en el color exterior del modelo del aniversario, mientras que el forro es del tono marr\u00f3n co\u00f1ac del interior. El la parte posterior de la zapatilla, el n\u00famero 63 (en referencia al a\u00f1o de nacimiento del Porsche 911) y las letras Porsche completan a la perfecci\u00f3n su imagen deportiva.<\/p>\n<p>Como homenaje a la primera generaci\u00f3n del 911, las zapatillas Heritage est\u00e1n limitadas a 1.963 unidades. La numeraci\u00f3n individual se encuentra en la parte inferior textil de la leng\u00fceta, que lleva el dibujo de los asientos del coche. El emblema de la parrilla est\u00e1 tejido en la parte delantera de la leng\u00fceta, fabricada con piel lisa. En el modelo Heritage, el logotipo del 60\u00ba aniversario del Porsche 911 aparece en color y tambi\u00e9n est\u00e1 en una etiqueta colgante, fabricada con la piel exterior de la zapatilla.<\/p>\n<p>La zapatilla izquierda de ambas creaciones viene con un cord\u00f3n rojo y la derecha con uno negro. En la caja se incluye un segundo cord\u00f3n de cada color. En las puntas figura el respectivo n\u00famero de la serie. En la zona del tal\u00f3n de la plantilla izquierda se puede ver el n\u00famero correspondiente al modelo, el 56 o el 63. En la derecha est\u00e1 el emblema de parrilla, en blanco y negro o en color. Las bolsas y cajas son del mismo color que la zapatilla y tambi\u00e9n llevan impresos el emblema y el n\u00famero correspondiente.<\/p><div id=\"luxon-822975001\" class=\"luxon-7-parrafo luxon-entity-placement\" style=\"margin-top: 20px;margin-bottom: 20px;margin-left: auto;margin-right: auto;text-align: center;\"><a href=\"https:\/\/theintelligence.institute\/course\/inteligencia-artificial-para-directivos\" target=\"_blank\" aria-label=\"CSIAD_empresas_THEI_horizontal_4x3_v5\"><img loading=\"lazy\" decoding=\"async\" src=\"https:\/\/i0.wp.com\/luxonomy.net\/wp-content\/uploads\/2025\/08\/CSIAD_empresas_THEI_horizontal_4x3_v5.png?fit=2000%2C1500&#038;ssl=1\" alt=\"\"  srcset=\"https:\/\/i0.wp.com\/luxonomy.net\/wp-content\/uploads\/2025\/08\/CSIAD_empresas_THEI_horizontal_4x3_v5.png?w=2000&ssl=1 2000w, https:\/\/i0.wp.com\/luxonomy.net\/wp-content\/uploads\/2025\/08\/CSIAD_empresas_THEI_horizontal_4x3_v5.png?resize=300%2C225&ssl=1 300w, https:\/\/i0.wp.com\/luxonomy.net\/wp-content\/uploads\/2025\/08\/CSIAD_empresas_THEI_horizontal_4x3_v5.png?resize=1024%2C768&ssl=1 1024w, https:\/\/i0.wp.com\/luxonomy.net\/wp-content\/uploads\/2025\/08\/CSIAD_empresas_THEI_horizontal_4x3_v5.png?resize=768%2C576&ssl=1 768w, https:\/\/i0.wp.com\/luxonomy.net\/wp-content\/uploads\/2025\/08\/CSIAD_empresas_THEI_horizontal_4x3_v5.png?resize=1536%2C1152&ssl=1 1536w, https:\/\/i0.wp.com\/luxonomy.net\/wp-content\/uploads\/2025\/08\/CSIAD_empresas_THEI_horizontal_4x3_v5.png?resize=370%2C278&ssl=1 370w, https:\/\/i0.wp.com\/luxonomy.net\/wp-content\/uploads\/2025\/08\/CSIAD_empresas_THEI_horizontal_4x3_v5.png?resize=800%2C600&ssl=1 800w, https:\/\/i0.wp.com\/luxonomy.net\/wp-content\/uploads\/2025\/08\/CSIAD_empresas_THEI_horizontal_4x3_v5.png?resize=20%2C15&ssl=1 20w, https:\/\/i0.wp.com\/luxonomy.net\/wp-content\/uploads\/2025\/08\/CSIAD_empresas_THEI_horizontal_4x3_v5.png?resize=740%2C555&ssl=1 740w, https:\/\/i0.wp.com\/luxonomy.net\/wp-content\/uploads\/2025\/08\/CSIAD_empresas_THEI_horizontal_4x3_v5.png?resize=1600%2C1200&ssl=1 1600w, https:\/\/i0.wp.com\/luxonomy.net\/wp-content\/uploads\/2025\/08\/CSIAD_empresas_THEI_horizontal_4x3_v5.png?resize=1200%2C900&ssl=1 1200w, https:\/\/i0.wp.com\/luxonomy.net\/wp-content\/uploads\/2025\/08\/CSIAD_empresas_THEI_horizontal_4x3_v5.png?resize=64%2C48&ssl=1 64w\" sizes=\"(max-width: 1170px) 100vw, 1170px\" class=\"no-lazyload\" width=\"2000\" height=\"1500\"   \/><\/a><\/div>\n<h2>Informaci\u00f3n<\/h2>\n<p>Las zapatillas se podr\u00e1n encargar, a partir del 6 de septiembre, en la\u00a0<a href=\"https:\/\/shop.porsche.com\/es\/es-ES\" target=\"_blank\" rel=\"noopener\">tienda\u00a0<em>online<\/em>\u00a0Porsche Shop<\/a>, as\u00ed como en las tiendas del Museo Porsche de Stuttgart-Zuffenhausen y en las de las instalaciones Porsche en Zuffenhausen y Weissach. Las zapatillas estar\u00e1n disponibles en\u00a0<a href=\"https:\/\/eu.puma.com\/es\/es\/home\" target=\"_blank\" rel=\"noopener\">puma.com<\/a> a partir del 24 de septiembre en Europa y del 14 de septiembre en Norteam\u00e9rica.<\/p>\n","protected":false},"excerpt":{"rendered":"<p>Durante 60 a\u00f1os, el Porsche 911 ha sido una referencia en dise\u00f1o e ingenier\u00eda. Perfilado por el joven Ferdinand Alexander Porsche y su equipo, el deportivo, bautizado inicialmente como 901, cautiv\u00f3 de inmediato a los amantes del autom\u00f3vil. A lo largo de las \u00faltimas seis d\u00e9cadas, este icono no ha dejado de evolucionar. Desde 1963&hellip;<\/p>\n","protected":false},"author":10,"featured_media":47291,"comment_status":"closed","ping_status":"open","sticky":false,"template":"","format":"standard","meta":{"_jetpack_newsletter_access":"","_jetpack_dont_email_post_to_subs":false,"_jetpack_newsletter_tier_id":0,"_jetpack_memberships_contains_paywalled_content":false,"_jetpack_feature_clip_id":0,"_jetpack_memberships_contains_paid_content":false,"footnotes":"","jetpack_publicize_message":"","jetpack_publicize_feature_enabled":true,"jetpack_social_post_already_shared":true,"jetpack_social_options":{"image_generator_settings":{"template":"edge","default_image_id":0,"font":"","enabled":false},"version":2},"jetpack_post_was_ever_published":false},"categories":[1672,534,296],"tags":[234,6491],"thb-sponsors":[],"class_list":["post-47297","post","type-post","status-publish","format-standard","has-post-thumbnail","hentry","category-actualidad","category-moda","category-motor","tag-porsche","tag-puma-2"],"yoast_head":"<!-- This site is optimized with the Yoast SEO plugin v28.3 - https:\/\/yoast.com\/product\/yoast-seo-wordpress\/ -->\n<title>Porsche celebra el 60\u00ba aniversario del 911 con dos modelos de zapatillas Puma: Retro y Heritage | LUXONOMY<\/title>\n<meta name=\"robots\" content=\"index, follow, max-snippet:-1, max-image-preview:large, max-video-preview:-1\" \/>\n<link rel=\"canonical\" href=\"https:\/\/luxonomy.net\/es\/porsche-celebra-el-60o-aniversario-del-911-con-dos-modelos-de-zapatillas-puma-retro-y-heritage\/\" \/>\n<meta property=\"og:locale\" content=\"es_ES\" \/>\n<meta property=\"og:type\" content=\"article\" \/>\n<meta property=\"og:title\" content=\"Porsche celebra el 60\u00ba aniversario del 911 con dos modelos de zapatillas Puma: Retro y Heritage | LUXONOMY\" \/>\n<meta property=\"og:description\" content=\"Durante 60 a\u00f1os, el Porsche 911 ha sido una referencia en dise\u00f1o e ingenier\u00eda. Perfilado por el joven Ferdinand Alexander Porsche y su equipo, el deportivo, bautizado inicialmente como 901, cautiv\u00f3 de inmediato a los amantes del autom\u00f3vil. A lo largo de las \u00faltimas seis d\u00e9cadas, este icono no ha dejado de evolucionar. Desde 1963&hellip;\" \/>\n<meta property=\"og:url\" content=\"https:\/\/luxonomy.net\/es\/porsche-celebra-el-60o-aniversario-del-911-con-dos-modelos-de-zapatillas-puma-retro-y-heritage\/\" \/>\n<meta property=\"og:site_name\" content=\"LUXONOMY\" \/>\n<meta property=\"article:publisher\" content=\"https:\/\/www.facebook.com\/luxonomy\" \/>\n<meta property=\"article:published_time\" content=\"2023-09-02T11:57:00+00:00\" \/>\n<meta property=\"article:modified_time\" content=\"2023-09-02T12:14:59+00:00\" \/>\n<meta property=\"og:image\" content=\"https:\/\/luxonomy.net\/wp-content\/uploads\/2023\/09\/Porsche-celebrates-60th-birthday-of-the-911-with-Retro-and-Heritage-Design-Sneakers-1024x576.png\" \/>\n\t<meta property=\"og:image:width\" content=\"1024\" \/>\n\t<meta property=\"og:image:height\" content=\"576\" \/>\n\t<meta property=\"og:image:type\" content=\"image\/png\" \/>\n<meta name=\"author\" content=\"Chiara Gabardi\" \/>\n<meta name=\"twitter:card\" content=\"summary_large_image\" \/>\n<meta name=\"twitter:label1\" content=\"Escrito por\" \/>\n\t<meta name=\"twitter:data1\" content=\"Chiara Gabardi\" \/>\n\t<meta name=\"twitter:label2\" content=\"Tiempo de lectura\" \/>\n\t<meta name=\"twitter:data2\" content=\"4 minutos\" \/>\n<script type=\"application\/ld+json\" class=\"yoast-schema-graph\">{\"@context\":\"https:\\\/\\\/schema.org\",\"@graph\":[{\"@type\":\"Article\",\"@id\":\"https:\\\/\\\/luxonomy.net\\\/es\\\/porsche-celebra-el-60o-aniversario-del-911-con-dos-modelos-de-zapatillas-puma-retro-y-heritage\\\/#article\",\"isPartOf\":{\"@id\":\"https:\\\/\\\/luxonomy.net\\\/es\\\/porsche-celebra-el-60o-aniversario-del-911-con-dos-modelos-de-zapatillas-puma-retro-y-heritage\\\/\"},\"author\":{\"name\":\"Chiara Gabardi\",\"@id\":\"https:\\\/\\\/luxonomy.net\\\/es\\\/#\\\/schema\\\/person\\\/9d526ffe93a0cc9cecc91760f49da3ef\"},\"headline\":\"Porsche celebra el 60\u00ba aniversario del 911 con dos modelos de zapatillas Puma: Retro y Heritage\",\"datePublished\":\"2023-09-02T11:57:00+00:00\",\"dateModified\":\"2023-09-02T12:14:59+00:00\",\"mainEntityOfPage\":{\"@id\":\"https:\\\/\\\/luxonomy.net\\\/es\\\/porsche-celebra-el-60o-aniversario-del-911-con-dos-modelos-de-zapatillas-puma-retro-y-heritage\\\/\"},\"wordCount\":767,\"publisher\":{\"@id\":\"https:\\\/\\\/luxonomy.net\\\/es\\\/#organization\"},\"image\":{\"@id\":\"https:\\\/\\\/luxonomy.net\\\/es\\\/porsche-celebra-el-60o-aniversario-del-911-con-dos-modelos-de-zapatillas-puma-retro-y-heritage\\\/#primaryimage\"},\"thumbnailUrl\":\"https:\\\/\\\/i0.wp.com\\\/luxonomy.net\\\/wp-content\\\/uploads\\\/2023\\\/09\\\/Porsche-celebrates-60th-birthday-of-the-911-with-Retro-and-Heritage-Design-Sneakers.png?fit=1935%2C1089&ssl=1\",\"keywords\":[\"porsche\",\"Puma\"],\"articleSection\":[\"Actualidad\",\"Moda\",\"Motor\"],\"inLanguage\":\"es\"},{\"@type\":\"WebPage\",\"@id\":\"https:\\\/\\\/luxonomy.net\\\/es\\\/porsche-celebra-el-60o-aniversario-del-911-con-dos-modelos-de-zapatillas-puma-retro-y-heritage\\\/\",\"url\":\"https:\\\/\\\/luxonomy.net\\\/es\\\/porsche-celebra-el-60o-aniversario-del-911-con-dos-modelos-de-zapatillas-puma-retro-y-heritage\\\/\",\"name\":\"Porsche celebra el 60\u00ba aniversario del 911 con dos modelos de zapatillas Puma: Retro y Heritage | LUXONOMY\",\"isPartOf\":{\"@id\":\"https:\\\/\\\/luxonomy.net\\\/es\\\/#website\"},\"primaryImageOfPage\":{\"@id\":\"https:\\\/\\\/luxonomy.net\\\/es\\\/porsche-celebra-el-60o-aniversario-del-911-con-dos-modelos-de-zapatillas-puma-retro-y-heritage\\\/#primaryimage\"},\"image\":{\"@id\":\"https:\\\/\\\/luxonomy.net\\\/es\\\/porsche-celebra-el-60o-aniversario-del-911-con-dos-modelos-de-zapatillas-puma-retro-y-heritage\\\/#primaryimage\"},\"thumbnailUrl\":\"https:\\\/\\\/i0.wp.com\\\/luxonomy.net\\\/wp-content\\\/uploads\\\/2023\\\/09\\\/Porsche-celebrates-60th-birthday-of-the-911-with-Retro-and-Heritage-Design-Sneakers.png?fit=1935%2C1089&ssl=1\",\"datePublished\":\"2023-09-02T11:57:00+00:00\",\"dateModified\":\"2023-09-02T12:14:59+00:00\",\"breadcrumb\":{\"@id\":\"https:\\\/\\\/luxonomy.net\\\/es\\\/porsche-celebra-el-60o-aniversario-del-911-con-dos-modelos-de-zapatillas-puma-retro-y-heritage\\\/#breadcrumb\"},\"inLanguage\":\"es\",\"potentialAction\":[{\"@type\":\"ReadAction\",\"target\":[\"https:\\\/\\\/luxonomy.net\\\/es\\\/porsche-celebra-el-60o-aniversario-del-911-con-dos-modelos-de-zapatillas-puma-retro-y-heritage\\\/\"]}]},{\"@type\":\"ImageObject\",\"inLanguage\":\"es\",\"@id\":\"https:\\\/\\\/luxonomy.net\\\/es\\\/porsche-celebra-el-60o-aniversario-del-911-con-dos-modelos-de-zapatillas-puma-retro-y-heritage\\\/#primaryimage\",\"url\":\"https:\\\/\\\/i0.wp.com\\\/luxonomy.net\\\/wp-content\\\/uploads\\\/2023\\\/09\\\/Porsche-celebrates-60th-birthday-of-the-911-with-Retro-and-Heritage-Design-Sneakers.png?fit=1935%2C1089&ssl=1\",\"contentUrl\":\"https:\\\/\\\/i0.wp.com\\\/luxonomy.net\\\/wp-content\\\/uploads\\\/2023\\\/09\\\/Porsche-celebrates-60th-birthday-of-the-911-with-Retro-and-Heritage-Design-Sneakers.png?fit=1935%2C1089&ssl=1\",\"width\":1935,\"height\":1089},{\"@type\":\"BreadcrumbList\",\"@id\":\"https:\\\/\\\/luxonomy.net\\\/es\\\/porsche-celebra-el-60o-aniversario-del-911-con-dos-modelos-de-zapatillas-puma-retro-y-heritage\\\/#breadcrumb\",\"itemListElement\":[{\"@type\":\"ListItem\",\"position\":1,\"name\":\"Portada\",\"item\":\"https:\\\/\\\/luxonomy.net\\\/es\\\/\"},{\"@type\":\"ListItem\",\"position\":2,\"name\":\"Porsche celebra el 60\u00ba aniversario del 911 con dos modelos de zapatillas Puma: Retro y Heritage\"}]},{\"@type\":\"WebSite\",\"@id\":\"https:\\\/\\\/luxonomy.net\\\/es\\\/#website\",\"url\":\"https:\\\/\\\/luxonomy.net\\\/es\\\/\",\"name\":\"LUXONOMY\",\"description\":\"The Economy of Fashion &amp; Luxury\",\"publisher\":{\"@id\":\"https:\\\/\\\/luxonomy.net\\\/es\\\/#organization\"},\"potentialAction\":[{\"@type\":\"SearchAction\",\"target\":{\"@type\":\"EntryPoint\",\"urlTemplate\":\"https:\\\/\\\/luxonomy.net\\\/es\\\/?s={search_term_string}\"},\"query-input\":{\"@type\":\"PropertyValueSpecification\",\"valueRequired\":true,\"valueName\":\"search_term_string\"}}],\"inLanguage\":\"es\"},{\"@type\":\"Organization\",\"@id\":\"https:\\\/\\\/luxonomy.net\\\/es\\\/#organization\",\"name\":\"LUXONOMY\",\"url\":\"https:\\\/\\\/luxonomy.net\\\/es\\\/\",\"logo\":{\"@type\":\"ImageObject\",\"inLanguage\":\"es\",\"@id\":\"https:\\\/\\\/luxonomy.net\\\/es\\\/#\\\/schema\\\/logo\\\/image\\\/\",\"url\":\"https:\\\/\\\/i2.wp.com\\\/luxonomy.net\\\/wp-content\\\/uploads\\\/2021\\\/09\\\/MOCKUP-TODOS-LUXONOMY.jpg?fit=1000%2C515&ssl=1\",\"contentUrl\":\"https:\\\/\\\/i2.wp.com\\\/luxonomy.net\\\/wp-content\\\/uploads\\\/2021\\\/09\\\/MOCKUP-TODOS-LUXONOMY.jpg?fit=1000%2C515&ssl=1\",\"width\":1000,\"height\":515,\"caption\":\"LUXONOMY\"},\"image\":{\"@id\":\"https:\\\/\\\/luxonomy.net\\\/es\\\/#\\\/schema\\\/logo\\\/image\\\/\"},\"sameAs\":[\"https:\\\/\\\/www.facebook.com\\\/luxonomy\",\"https:\\\/\\\/www.instagram.com\\\/luxonomy\\\/\",\"https:\\\/\\\/www.linkedin.com\\\/company\\\/luxonomy\\\/\"]},{\"@type\":\"Person\",\"@id\":\"https:\\\/\\\/luxonomy.net\\\/es\\\/#\\\/schema\\\/person\\\/9d526ffe93a0cc9cecc91760f49da3ef\",\"name\":\"Chiara Gabardi\",\"image\":{\"@type\":\"ImageObject\",\"inLanguage\":\"es\",\"@id\":\"https:\\\/\\\/luxonomy.net\\\/wp-content\\\/litespeed\\\/avatar\\\/548640c4e2c34544e66c65ab1641a5d7.jpg?ver=1787976300\",\"url\":\"https:\\\/\\\/luxonomy.net\\\/wp-content\\\/litespeed\\\/avatar\\\/548640c4e2c34544e66c65ab1641a5d7.jpg?ver=1787976300\",\"contentUrl\":\"https:\\\/\\\/luxonomy.net\\\/wp-content\\\/litespeed\\\/avatar\\\/548640c4e2c34544e66c65ab1641a5d7.jpg?ver=1787976300\",\"caption\":\"Chiara Gabardi\"},\"description\":\"Editor at LUXONOMY\u2122 Group\",\"url\":\"https:\\\/\\\/luxonomy.net\\\/es\\\/author\\\/chiara-gabardi\\\/\"}]}<\/script>\n<!-- \/ Yoast SEO plugin. -->","yoast_head_json":{"title":"Porsche celebra el 60\u00ba aniversario del 911 con dos modelos de zapatillas Puma: Retro y Heritage | LUXONOMY","robots":{"index":"index","follow":"follow","max-snippet":"max-snippet:-1","max-image-preview":"max-image-preview:large","max-video-preview":"max-video-preview:-1"},"canonical":"https:\/\/luxonomy.net\/es\/porsche-celebra-el-60o-aniversario-del-911-con-dos-modelos-de-zapatillas-puma-retro-y-heritage\/","og_locale":"es_ES","og_type":"article","og_title":"Porsche celebra el 60\u00ba aniversario del 911 con dos modelos de zapatillas Puma: Retro y Heritage | LUXONOMY","og_description":"Durante 60 a\u00f1os, el Porsche 911 ha sido una referencia en dise\u00f1o e ingenier\u00eda. Perfilado por el joven Ferdinand Alexander Porsche y su equipo, el deportivo, bautizado inicialmente como 901, cautiv\u00f3 de inmediato a los amantes del autom\u00f3vil. A lo largo de las \u00faltimas seis d\u00e9cadas, este icono no ha dejado de evolucionar. Desde 1963&hellip;","og_url":"https:\/\/luxonomy.net\/es\/porsche-celebra-el-60o-aniversario-del-911-con-dos-modelos-de-zapatillas-puma-retro-y-heritage\/","og_site_name":"LUXONOMY","article_publisher":"https:\/\/www.facebook.com\/luxonomy","article_published_time":"2023-09-02T11:57:00+00:00","article_modified_time":"2023-09-02T12:14:59+00:00","og_image":[{"width":1024,"height":576,"url":"https:\/\/luxonomy.net\/wp-content\/uploads\/2023\/09\/Porsche-celebrates-60th-birthday-of-the-911-with-Retro-and-Heritage-Design-Sneakers-1024x576.png","type":"image\/png"}],"author":"Chiara Gabardi","twitter_card":"summary_large_image","twitter_misc":{"Escrito por":"Chiara Gabardi","Tiempo de lectura":"4 minutos"},"schema":{"@context":"https:\/\/schema.org","@graph":[{"@type":"Article","@id":"https:\/\/luxonomy.net\/es\/porsche-celebra-el-60o-aniversario-del-911-con-dos-modelos-de-zapatillas-puma-retro-y-heritage\/#article","isPartOf":{"@id":"https:\/\/luxonomy.net\/es\/porsche-celebra-el-60o-aniversario-del-911-con-dos-modelos-de-zapatillas-puma-retro-y-heritage\/"},"author":{"name":"Chiara Gabardi","@id":"https:\/\/luxonomy.net\/es\/#\/schema\/person\/9d526ffe93a0cc9cecc91760f49da3ef"},"headline":"Porsche celebra el 60\u00ba aniversario del 911 con dos modelos de zapatillas Puma: Retro y Heritage","datePublished":"2023-09-02T11:57:00+00:00","dateModified":"2023-09-02T12:14:59+00:00","mainEntityOfPage":{"@id":"https:\/\/luxonomy.net\/es\/porsche-celebra-el-60o-aniversario-del-911-con-dos-modelos-de-zapatillas-puma-retro-y-heritage\/"},"wordCount":767,"publisher":{"@id":"https:\/\/luxonomy.net\/es\/#organization"},"image":{"@id":"https:\/\/luxonomy.net\/es\/porsche-celebra-el-60o-aniversario-del-911-con-dos-modelos-de-zapatillas-puma-retro-y-heritage\/#primaryimage"},"thumbnailUrl":"https:\/\/i0.wp.com\/luxonomy.net\/wp-content\/uploads\/2023\/09\/Porsche-celebrates-60th-birthday-of-the-911-with-Retro-and-Heritage-Design-Sneakers.png?fit=1935%2C1089&ssl=1","keywords":["porsche","Puma"],"articleSection":["Actualidad","Moda","Motor"],"inLanguage":"es"},{"@type":"WebPage","@id":"https:\/\/luxonomy.net\/es\/porsche-celebra-el-60o-aniversario-del-911-con-dos-modelos-de-zapatillas-puma-retro-y-heritage\/","url":"https:\/\/luxonomy.net\/es\/porsche-celebra-el-60o-aniversario-del-911-con-dos-modelos-de-zapatillas-puma-retro-y-heritage\/","name":"Porsche celebra el 60\u00ba aniversario del 911 con dos modelos de zapatillas Puma: Retro y Heritage | LUXONOMY","isPartOf":{"@id":"https:\/\/luxonomy.net\/es\/#website"},"primaryImageOfPage":{"@id":"https:\/\/luxonomy.net\/es\/porsche-celebra-el-60o-aniversario-del-911-con-dos-modelos-de-zapatillas-puma-retro-y-heritage\/#primaryimage"},"image":{"@id":"https:\/\/luxonomy.net\/es\/porsche-celebra-el-60o-aniversario-del-911-con-dos-modelos-de-zapatillas-puma-retro-y-heritage\/#primaryimage"},"thumbnailUrl":"https:\/\/i0.wp.com\/luxonomy.net\/wp-content\/uploads\/2023\/09\/Porsche-celebrates-60th-birthday-of-the-911-with-Retro-and-Heritage-Design-Sneakers.png?fit=1935%2C1089&ssl=1","datePublished":"2023-09-02T11:57:00+00:00","dateModified":"2023-09-02T12:14:59+00:00","breadcrumb":{"@id":"https:\/\/luxonomy.net\/es\/porsche-celebra-el-60o-aniversario-del-911-con-dos-modelos-de-zapatillas-puma-retro-y-heritage\/#breadcrumb"},"inLanguage":"es","potentialAction":[{"@type":"ReadAction","target":["https:\/\/luxonomy.net\/es\/porsche-celebra-el-60o-aniversario-del-911-con-dos-modelos-de-zapatillas-puma-retro-y-heritage\/"]}]},{"@type":"ImageObject","inLanguage":"es","@id":"https:\/\/luxonomy.net\/es\/porsche-celebra-el-60o-aniversario-del-911-con-dos-modelos-de-zapatillas-puma-retro-y-heritage\/#primaryimage","url":"https:\/\/i0.wp.com\/luxonomy.net\/wp-content\/uploads\/2023\/09\/Porsche-celebrates-60th-birthday-of-the-911-with-Retro-and-Heritage-Design-Sneakers.png?fit=1935%2C1089&ssl=1","contentUrl":"https:\/\/i0.wp.com\/luxonomy.net\/wp-content\/uploads\/2023\/09\/Porsche-celebrates-60th-birthday-of-the-911-with-Retro-and-Heritage-Design-Sneakers.png?fit=1935%2C1089&ssl=1","width":1935,"height":1089},{"@type":"BreadcrumbList","@id":"https:\/\/luxonomy.net\/es\/porsche-celebra-el-60o-aniversario-del-911-con-dos-modelos-de-zapatillas-puma-retro-y-heritage\/#breadcrumb","itemListElement":[{"@type":"ListItem","position":1,"name":"Portada","item":"https:\/\/luxonomy.net\/es\/"},{"@type":"ListItem","position":2,"name":"Porsche celebra el 60\u00ba aniversario del 911 con dos modelos de zapatillas Puma: Retro y Heritage"}]},{"@type":"WebSite","@id":"https:\/\/luxonomy.net\/es\/#website","url":"https:\/\/luxonomy.net\/es\/","name":"LUXONOMY","description":"The Economy of Fashion &amp; Luxury","publisher":{"@id":"https:\/\/luxonomy.net\/es\/#organization"},"potentialAction":[{"@type":"SearchAction","target":{"@type":"EntryPoint","urlTemplate":"https:\/\/luxonomy.net\/es\/?s={search_term_string}"},"query-input":{"@type":"PropertyValueSpecification","valueRequired":true,"valueName":"search_term_string"}}],"inLanguage":"es"},{"@type":"Organization","@id":"https:\/\/luxonomy.net\/es\/#organization","name":"LUXONOMY","url":"https:\/\/luxonomy.net\/es\/","logo":{"@type":"ImageObject","inLanguage":"es","@id":"https:\/\/luxonomy.net\/es\/#\/schema\/logo\/image\/","url":"https:\/\/i2.wp.com\/luxonomy.net\/wp-content\/uploads\/2021\/09\/MOCKUP-TODOS-LUXONOMY.jpg?fit=1000%2C515&ssl=1","contentUrl":"https:\/\/i2.wp.com\/luxonomy.net\/wp-content\/uploads\/2021\/09\/MOCKUP-TODOS-LUXONOMY.jpg?fit=1000%2C515&ssl=1","width":1000,"height":515,"caption":"LUXONOMY"},"image":{"@id":"https:\/\/luxonomy.net\/es\/#\/schema\/logo\/image\/"},"sameAs":["https:\/\/www.facebook.com\/luxonomy","https:\/\/www.instagram.com\/luxonomy\/","https:\/\/www.linkedin.com\/company\/luxonomy\/"]},{"@type":"Person","@id":"https:\/\/luxonomy.net\/es\/#\/schema\/person\/9d526ffe93a0cc9cecc91760f49da3ef","name":"Chiara Gabardi","image":{"@type":"ImageObject","inLanguage":"es","@id":"https:\/\/luxonomy.net\/wp-content\/litespeed\/avatar\/548640c4e2c34544e66c65ab1641a5d7.jpg?ver=1787976300","url":"https:\/\/luxonomy.net\/wp-content\/litespeed\/avatar\/548640c4e2c34544e66c65ab1641a5d7.jpg?ver=1787976300","contentUrl":"https:\/\/luxonomy.net\/wp-content\/litespeed\/avatar\/548640c4e2c34544e66c65ab1641a5d7.jpg?ver=1787976300","caption":"Chiara Gabardi"},"description":"Editor at LUXONOMY\u2122 Group","url":"https:\/\/luxonomy.net\/es\/author\/chiara-gabardi\/"}]}},"jetpack_publicize_connections":[],"jetpack_shortlink":"https:\/\/wp.me\/paPhBa-ciR","jetpack_sharing_enabled":true,"jetpack_featured_media_url":"https:\/\/i0.wp.com\/luxonomy.net\/wp-content\/uploads\/2023\/09\/Porsche-celebrates-60th-birthday-of-the-911-with-Retro-and-Heritage-Design-Sneakers.png?fit=1935%2C1089&ssl=1","_links":{"self":[{"href":"https:\/\/luxonomy.net\/es\/wp-json\/wp\/v2\/posts\/47297","targetHints":{"allow":["GET"]}}],"collection":[{"href":"https:\/\/luxonomy.net\/es\/wp-json\/wp\/v2\/posts"}],"about":[{"href":"https:\/\/luxonomy.net\/es\/wp-json\/wp\/v2\/types\/post"}],"author":[{"embeddable":true,"href":"https:\/\/luxonomy.net\/es\/wp-json\/wp\/v2\/users\/10"}],"replies":[{"embeddable":true,"href":"https:\/\/luxonomy.net\/es\/wp-json\/wp\/v2\/comments?post=47297"}],"version-history":[{"count":1,"href":"https:\/\/luxonomy.net\/es\/wp-json\/wp\/v2\/posts\/47297\/revisions"}],"predecessor-version":[{"id":47298,"href":"https:\/\/luxonomy.net\/es\/wp-json\/wp\/v2\/posts\/47297\/revisions\/47298"}],"wp:featuredmedia":[{"embeddable":true,"href":"https:\/\/luxonomy.net\/es\/wp-json\/wp\/v2\/media\/47291"}],"wp:attachment":[{"href":"https:\/\/luxonomy.net\/es\/wp-json\/wp\/v2\/media?parent=47297"}],"wp:term":[{"taxonomy":"category","embeddable":true,"href":"https:\/\/luxonomy.net\/es\/wp-json\/wp\/v2\/categories?post=47297"},{"taxonomy":"post_tag","embeddable":true,"href":"https:\/\/luxonomy.net\/es\/wp-json\/wp\/v2\/tags?post=47297"},{"taxonomy":"thb-sponsors","embeddable":true,"href":"https:\/\/luxonomy.net\/es\/wp-json\/wp\/v2\/thb-sponsors?post=47297"}],"curies":[{"name":"wp","href":"https:\/\/api.w.org\/{rel}","templated":true}]}}