{"id":47217,"date":"2023-08-30T01:51:41","date_gmt":"2023-08-29T23:51:41","guid":{"rendered":"https:\/?p=47217"},"modified":"2023-08-30T14:51:38","modified_gmt":"2023-08-30T12:51:38","slug":"tarjeta-roja-internacional-al-machismo-en-espana-repercusiones-economicas-y-en-el-turismo","status":"publish","type":"post","link":"https:\/\/luxonomy.net\/es\/tarjeta-roja-internacional-al-machismo-en-espana-repercusiones-economicas-y-en-el-turismo\/","title":{"rendered":"\u00a1Tarjeta Roja internacional al Machismo en Espa\u00f1a! Repercusiones econ\u00f3micas y en el turismo"},"content":{"rendered":"\r\n<p class=\"wp-block-paragraph\">[lwptoc toggle=&#8221;0&#8243; colorScheme=&#8221;inherit&#8221;]\r\n<p>La <strong>igualdad<\/strong> <strong>de<\/strong> <strong>g\u00e9nero<\/strong> es un tema fundamental en nuestra sociedad actual, y su relaci\u00f3n con la <strong>econom\u00eda<\/strong> es m\u00e1s profunda de lo que muchos podr\u00edan pensar. El reciente incidente de comportamiento machista por parte de un directivo de la Federaci\u00f3n de F\u00fatbol espa\u00f1ola hacia una jugadora de la selecci\u00f3n nacional tras ganar la final de la Copa del Mundo de F\u00fatbol, no solo es un golpe directo a los esfuerzos por promover la igualdad de g\u00e9nero, sino que tambi\u00e9n tiene <strong>importantes repercusiones en la imagen y econom\u00eda del pa\u00eds<\/strong>.<\/p>\r\n\r\n\r\n\r\n<p class=\"wp-block-paragraph\">El impacto nacional e internacional sobre el comportamiento del presidente de la RFEF <strong>ha generado m\u00e1s de 3.300 art\u00edculos en medios de prensa nacionales e internacionales.<\/strong><\/p>\r\n\r\n\r\n\r\n<p class=\"wp-block-paragraph\">Las cr\u00edticas se han extendido de forma <strong>internacional<\/strong>, nadie piensa que actuase bien en el momento, tanto en el beso, como en el palco, o llevando a una jugadora como un saco cosificando su comportamiento, pero tampoco en la manera de <strong>disculparse<\/strong> ni en las <strong>declaraciones p\u00fablicas<\/strong> como las que hizo.<\/p><div id=\"luxon-1810552780\" class=\"luxon-3er-parrafo luxon-entity-placement\" style=\"margin-top: 20px;margin-bottom: 20px;margin-left: auto;margin-right: auto;text-align: center;\"><a href=\"https:\/\/luxonomy.university\/course\/master-turismo-de-lujo\" target=\"_blank\" aria-label=\"master-turismo-lujo-2026-2027\"><img loading=\"lazy\" decoding=\"async\" src=\"https:\/\/i0.wp.com\/luxonomy.net\/wp-content\/uploads\/2020\/07\/master-turismo-lujo-2026-2027.jpg?fit=1672%2C941&#038;ssl=1\" alt=\"\"  srcset=\"https:\/\/i0.wp.com\/luxonomy.net\/wp-content\/uploads\/2020\/07\/master-turismo-lujo-2026-2027.jpg?w=1672&ssl=1 1672w, https:\/\/i0.wp.com\/luxonomy.net\/wp-content\/uploads\/2020\/07\/master-turismo-lujo-2026-2027.jpg?resize=300%2C169&ssl=1 300w, https:\/\/i0.wp.com\/luxonomy.net\/wp-content\/uploads\/2020\/07\/master-turismo-lujo-2026-2027.jpg?resize=1024%2C576&ssl=1 1024w, https:\/\/i0.wp.com\/luxonomy.net\/wp-content\/uploads\/2020\/07\/master-turismo-lujo-2026-2027.jpg?resize=768%2C432&ssl=1 768w, https:\/\/i0.wp.com\/luxonomy.net\/wp-content\/uploads\/2020\/07\/master-turismo-lujo-2026-2027.jpg?resize=1536%2C864&ssl=1 1536w, https:\/\/i0.wp.com\/luxonomy.net\/wp-content\/uploads\/2020\/07\/master-turismo-lujo-2026-2027.jpg?resize=370%2C208&ssl=1 370w, https:\/\/i0.wp.com\/luxonomy.net\/wp-content\/uploads\/2020\/07\/master-turismo-lujo-2026-2027.jpg?resize=800%2C450&ssl=1 800w, https:\/\/i0.wp.com\/luxonomy.net\/wp-content\/uploads\/2020\/07\/master-turismo-lujo-2026-2027.jpg?resize=20%2C11&ssl=1 20w, https:\/\/i0.wp.com\/luxonomy.net\/wp-content\/uploads\/2020\/07\/master-turismo-lujo-2026-2027.jpg?resize=740%2C416&ssl=1 740w, https:\/\/i0.wp.com\/luxonomy.net\/wp-content\/uploads\/2020\/07\/master-turismo-lujo-2026-2027.jpg?resize=1600%2C900&ssl=1 1600w, https:\/\/i0.wp.com\/luxonomy.net\/wp-content\/uploads\/2020\/07\/master-turismo-lujo-2026-2027.jpg?resize=1200%2C675&ssl=1 1200w, https:\/\/i0.wp.com\/luxonomy.net\/wp-content\/uploads\/2020\/07\/master-turismo-lujo-2026-2027.jpg?resize=85%2C48&ssl=1 85w\" sizes=\"(max-width: 1170px) 100vw, 1170px\" class=\"no-lazyload\" width=\"1672\" height=\"941\"   \/><\/a><\/div>\r\n\r\n\r\n\r\n<h2 class=\"wp-block-heading\">Repercusiones en la imagen del pa\u00eds<\/h2>\r\n\r\n\r\n\r\n<p class=\"wp-block-paragraph\">La reputaci\u00f3n internacional de un pa\u00eds es de suma importancia en el mundo globalizado de hoy. Un pa\u00eds que es visto como avanzado socialmente, respetuoso de los derechos humanos y comprometido con la igualdad de g\u00e9nero es m\u00e1s <strong>atractivo para el turismo<\/strong>, la <strong>inversi\u00f3n extranjera<\/strong> y las <strong>colaboraciones internacionales<\/strong>. Por lo tanto, un incidente de machismo de tal magnitud, particularmente en un <strong>evento globalmente seguido como la Copa del Mundo de F\u00fatbol, proyecta una imagen negativa y anticuada del pa\u00eds<\/strong>.<\/p>\r\n\r\n\r\n\r\n<p class=\"wp-block-paragraph\">En un momento en que la <strong>igualdad de g\u00e9nero est\u00e1 en la vanguardia de la agenda global<\/strong>, este incidente ya ha generado <strong>condenas por parte de la comunidad internacional, incluidas organizaciones de derechos humanos y grupos feministas<\/strong>. Esto puede resultar en una presi\u00f3n significativa para que el pa\u00eds tome medidas correctivas, incluidas sanciones al directivo involucrado y programas de capacitaci\u00f3n en igualdad de g\u00e9nero para el personal de la federaci\u00f3n de f\u00fatbol.<\/p>\r\n\r\n\r\n\r\n<p class=\"wp-block-paragraph\">Adem\u00e1s, el incidente tambi\u00e9n puede tener un impacto negativo en la <strong>percepci\u00f3n de la sociedad en general hacia las mujeres en el deporte<\/strong>. El <strong>f\u00fatbol<\/strong> es uno de los deportes m\u00e1s populares y seguidos en todo el mundo y, como tal, tiene un <strong>papel crucial en la promoci\u00f3n de la igualdad de g\u00e9nero<\/strong>. Actitudes machistas por parte de figuras de autoridad en el f\u00fatbol pueden <strong>perpetuar estereotipos de g\u00e9nero y desalentar a las mujeres j\u00f3venes a participar en este deporte<\/strong>.<\/p>\r\n\r\n\r\n\r\n<h2 class=\"wp-block-heading\">Repercusiones en la econom\u00eda<\/h2>\r\n\r\n\r\n\r\n<p class=\"wp-block-paragraph\">El <strong>impacto econ\u00f3mico<\/strong> de este incidente no debe subestimarse. La <strong>igualdad de g\u00e9nero es un factor clave para el crecimiento econ\u00f3mico<\/strong>. Seg\u00fan un informe del <strong>McKinsey Global Institute<\/strong>, cerrar la brecha de g\u00e9nero en la participaci\u00f3n laboral podr\u00eda <strong>aumentar el PIB global en $12 billones para 2025.<\/strong> En este contexto, actitudes machistas en sectores influyentes como el deporte pueden tener un <strong>efecto domin\u00f3 en la econom\u00eda en general<\/strong>, desalentando la participaci\u00f3n de las mujeres en la fuerza laboral y limitando su contribuci\u00f3n al crecimiento econ\u00f3mico.<\/p><div id=\"luxon-1206152191\" class=\"luxon-7-parrafo luxon-entity-placement\" style=\"margin-top: 20px;margin-bottom: 20px;margin-left: auto;margin-right: auto;text-align: center;\"><a href=\"https:\/\/theintelligence.institute\/course\/inteligencia-artificial-para-directivos\" target=\"_blank\" aria-label=\"CSIAD_empresas_THEI_horizontal_4x3_v5\"><img loading=\"lazy\" decoding=\"async\" src=\"https:\/\/i0.wp.com\/luxonomy.net\/wp-content\/uploads\/2025\/08\/CSIAD_empresas_THEI_horizontal_4x3_v5.png?fit=2000%2C1500&#038;ssl=1\" alt=\"\"  srcset=\"https:\/\/i0.wp.com\/luxonomy.net\/wp-content\/uploads\/2025\/08\/CSIAD_empresas_THEI_horizontal_4x3_v5.png?w=2000&ssl=1 2000w, https:\/\/i0.wp.com\/luxonomy.net\/wp-content\/uploads\/2025\/08\/CSIAD_empresas_THEI_horizontal_4x3_v5.png?resize=300%2C225&ssl=1 300w, https:\/\/i0.wp.com\/luxonomy.net\/wp-content\/uploads\/2025\/08\/CSIAD_empresas_THEI_horizontal_4x3_v5.png?resize=1024%2C768&ssl=1 1024w, https:\/\/i0.wp.com\/luxonomy.net\/wp-content\/uploads\/2025\/08\/CSIAD_empresas_THEI_horizontal_4x3_v5.png?resize=768%2C576&ssl=1 768w, https:\/\/i0.wp.com\/luxonomy.net\/wp-content\/uploads\/2025\/08\/CSIAD_empresas_THEI_horizontal_4x3_v5.png?resize=1536%2C1152&ssl=1 1536w, https:\/\/i0.wp.com\/luxonomy.net\/wp-content\/uploads\/2025\/08\/CSIAD_empresas_THEI_horizontal_4x3_v5.png?resize=370%2C278&ssl=1 370w, https:\/\/i0.wp.com\/luxonomy.net\/wp-content\/uploads\/2025\/08\/CSIAD_empresas_THEI_horizontal_4x3_v5.png?resize=800%2C600&ssl=1 800w, https:\/\/i0.wp.com\/luxonomy.net\/wp-content\/uploads\/2025\/08\/CSIAD_empresas_THEI_horizontal_4x3_v5.png?resize=20%2C15&ssl=1 20w, https:\/\/i0.wp.com\/luxonomy.net\/wp-content\/uploads\/2025\/08\/CSIAD_empresas_THEI_horizontal_4x3_v5.png?resize=740%2C555&ssl=1 740w, https:\/\/i0.wp.com\/luxonomy.net\/wp-content\/uploads\/2025\/08\/CSIAD_empresas_THEI_horizontal_4x3_v5.png?resize=1600%2C1200&ssl=1 1600w, https:\/\/i0.wp.com\/luxonomy.net\/wp-content\/uploads\/2025\/08\/CSIAD_empresas_THEI_horizontal_4x3_v5.png?resize=1200%2C900&ssl=1 1200w, https:\/\/i0.wp.com\/luxonomy.net\/wp-content\/uploads\/2025\/08\/CSIAD_empresas_THEI_horizontal_4x3_v5.png?resize=64%2C48&ssl=1 64w\" sizes=\"(max-width: 1170px) 100vw, 1170px\" class=\"no-lazyload\" width=\"2000\" height=\"1500\"   \/><\/a><\/div>\r\n\r\n\r\n\r\n<p class=\"wp-block-paragraph\">El f\u00fatbol, en particular, es una <strong>industria multimillonaria que genera ingresos significativos a trav\u00e9s de patrocinios<\/strong>, derechos de <strong>transmisi\u00f3n<\/strong> y <strong>merchandising<\/strong>. Un incidente de esta naturaleza puede llevar a patrocinadores y socios comerciales a reconsiderar su asociaci\u00f3n con la federaci\u00f3n de f\u00fatbol, lo cual tendr\u00eda un impacto econ\u00f3mico directo. Adem\u00e1s, el da\u00f1o a la <strong>reputaci\u00f3n del pa\u00eds podr\u00eda hacer que sea menos atractivo para los inversores extranjeros<\/strong>, lo que podr\u00eda tener un impacto negativo en la econom\u00eda a largo plazo.<\/p>\r\n\r\n\r\n\r\n<h2 class=\"wp-block-heading\">Repercusiones en el Turismo<\/h2>\r\n\r\n\r\n\r\n<p class=\"wp-block-paragraph\">El <strong>turismo<\/strong> tambi\u00e9n puede verse afectado por este incidente. Los eventos deportivos internacionales, como la <strong>Copa del Mundo de F\u00fatbol<\/strong>, don una oportunidad para proyectar una imagen positiva del pa\u00eds. <strong>Un incidente de machismo en un evento de tal magnitud puede desalentar a futuros visitantes<\/strong> y afectar negativamente la industria tur\u00edstica del pa\u00eds.<\/p>\r\n\r\n\r\n\r\n<p class=\"wp-block-paragraph\">Los <strong>turistas en Espa\u00f1a proceden principalmente de Reino Unido<\/strong>, el 21,10%,<strong> Francia<\/strong>, el 14,09% y <strong>Alemania<\/strong>, el 13,63%.<\/p>\r\n\r\n\r\n\r\n<p class=\"wp-block-paragraph\">En <strong>Reino Unido<\/strong>, donde la pol\u00e9mica se ha seguido con gran inter\u00e9s, entre otros motivos, porque Inglaterra fue la rival de Espa\u00f1a en la final del Mundial, las palabras del presidente de la RFEF est\u00e1n en <strong>todos los informativos<\/strong>. Para la BBC, es la <strong>sexta noticia m\u00e1s importante del d\u00eda<\/strong>, por detr\u00e1s del asesinato del l\u00edder de Wagner, Evgeni Prigozhin, pero <strong>por delante de, por ejemplo, la foto de Donald Trump en la c\u00e1rcel de Georgia<\/strong>.<\/p>\r\n\r\n\r\n\r\n<p class=\"wp-block-paragraph\">En <strong>Francia<\/strong>, el prestigioso diario deportivo &#8216;<strong>L&#8217;Equipe<\/strong>&#8216; lleva a Rubiales a un lugar destacado de su portada y subraya que el presidente de la Federaci\u00f3n habl\u00f3 de \u00ab<strong>falso feminism<\/strong>o\u00bb y \u00ab<strong>asesinato social<\/strong>\u00bb. <strong>Le Monde, Le Parisien, Le Figaro y Liberation <\/strong>tambi\u00e9n dejan en sus portadas huecos para el \u00abbeso forzado\u00bb.<\/p>\r\n\r\n\r\n\r\n<p class=\"wp-block-paragraph\">En <strong>Alemania<\/strong>, el peri\u00f3dico <em>Frankfurter Allgemeine Zeitung<\/em> apunta que <strong>las deportistas no son objetos a merced de los dirigentes poderosos y plantea<\/strong>: &#8220;La actitud del jefe de la Federaci\u00f3n Espa\u00f1ola de F\u00fatbol debe ser sancionada (\u2026). Y este caso demuestra tambi\u00e9n algo m\u00e1s: <strong>los cuerpos femeninos todav\u00eda siguen siendo vistos como mercanc\u00eda por algunos hombres<\/strong>. Quien ve las acciones de Rubiales, puede interpretarlas como si <strong>para \u00e9l las jugadoras fueran un trozo de carne<\/strong>, del cual el presidente (de la federaci\u00f3n) <strong>puede disponer libremente<\/strong>. Pero las futbolistas no son la mercanc\u00eda de hombres influyentes en el deporte.<\/p>\r\n\r\n\r\n\r\n<h2 class=\"wp-block-heading\">\u00bfEspa\u00f1a machista y racista?<\/h2>\r\n\r\n\r\n\r\n<p class=\"wp-block-paragraph\">Por si no fuera suficiente, el caso <strong>Vinicius Jr.<\/strong> puso este a\u00f1o de <strong>manifiesto el racismo<\/strong> en Espa\u00f1a. Las agresiones al<strong> jugador<\/strong> <strong>Del Real Madrid<\/strong> comenzaron incluso antes del partido, ya que aparecieron im\u00e1genes racistas contra el jugador fuera del estadio. Durante el partido, los ataques alcanzaron un punto \u00e1lgido cuando Vinicius se dirigi\u00f3 a la grada y se\u00f1al\u00f3 a algunos de los seguidores que le hab\u00edan hecho sonidos de mono.<\/p>\r\n\r\n\r\n\r\n<p class=\"wp-block-paragraph\">&#8220;<strong>El racismo es normal en la Liga<\/strong>&#8220;, escribi\u00f3 Vinicius en las redes sociales tras el partido. &#8220;La <strong>competencia<\/strong> lo considera normal, la <strong>Federaci\u00f3n<\/strong> tambi\u00e9n y los <strong>rivales lo fomentan<\/strong>&#8220;.<\/p>\r\n\r\n\r\n\r\n<p class=\"wp-block-paragraph\">La <strong>atenci\u00f3n mundial<\/strong> ya obligaba al <strong>f\u00fatbol espa\u00f1ol a enfrentarse a sus problemas con el racismo<\/strong>.<\/p>\r\n\r\n\r\n\r\n<h2 class=\"wp-block-heading\">Consecuencias<\/h2>\r\n\r\n\r\n\r\n<p class=\"wp-block-paragraph\">Estos comportamientos tienen <strong>graves repercusiones tanto en la imagen como en la econom\u00eda del pa\u00eds<\/strong>.<\/p>\r\n\r\n\r\n\r\n<h3 class=\"wp-block-heading\">Mundial 2030<\/h3>\r\n\r\n\r\n\r\n<p class=\"wp-block-paragraph\"><strong>Espa\u00f1a<\/strong> se juega ser la <strong>sede del Mundial masculino de 2030<\/strong>, en una candidatura conjunta <strong>con Portugal y Marruecos<\/strong>. La cita se perfila como un <strong>motor de crecimiento econ\u00f3mico<\/strong>.<\/p>\r\n\r\n\r\n\r\n<p class=\"wp-block-paragraph\">Se estima que el Mundial <strong>aportar\u00eda m\u00e1s de 10.000 millones a Espa\u00f1a<\/strong>, 5.120 millones al PIB y m\u00e1s de 5.500 millones de gasto tur\u00edstico.<\/p>\r\n\r\n\r\n\r\n<p class=\"wp-block-paragraph\">El Mundial de 2030 es un elemento que podr\u00eda <strong>potenciar la imagen de Espa\u00f1a a nivel internacional<\/strong>.<\/p>\r\n\r\n\r\n\r\n<p class=\"wp-block-paragraph\"><strong>De entrada, la candidatura ya ha estado marcada por varios vaivenes<\/strong>. Marruecos se incorpor\u00f3 a ella en marzo, en sustituci\u00f3n de Ucrania. El motivo no fue tanto que este \u00faltimo pa\u00eds est\u00e9 inmerso en un conflicto b\u00e9lico, como que el presidente de su federaci\u00f3n, Andriy Pavelko, estaba involucrado en un presunto caso de blanqueo de capitales.<\/p>\r\n\r\n\r\n\r\n<p class=\"wp-block-paragraph\">La candidatura conjunta de Espa\u00f1a, Portugal y Marruecos, <strong>compite<\/strong>, de momento, con la integrada por <strong>Uruguay, Argentina, Chile y Paraguay<\/strong>. Y lo m\u00e1s importante, la posible y m\u00e1s que probable <strong>Arabia Saudita<\/strong>, con un enorme despliegue econ\u00f3mico y jugadores de todo el mundo traslad\u00e1ndose a su incipiente Liga. Desde mi punto de vista la m\u00e1s beneficiada. \u00bfVeremos a Rubiales trabajando para esa candidatura? Todo es posible.<\/p>\r\n\r\n\r\n\r\n<p class=\"wp-block-paragraph\">La carrera por ser sede de la Copa del Mundo masculina de 2030 ya se ha iniciado, aunque va con retraso. De entrada, <strong>la FIFA exige<\/strong> que los pa\u00edses tengan antes del inicio del Mundial, como m\u00ednimo, <strong>c\u00f3digos de conducta que prevengan y respondan a posibles casos de abuso o explotaci\u00f3n sexual<\/strong>, as\u00ed como mecanismos que demuestren que este tipo de actuaciones se \u201cabordan de forma eficaz\u201d.<\/p>\r\n\r\n\r\n\r\n<h3 class=\"wp-block-heading\">Marca Espa\u00f1a<\/h3>\r\n\r\n\r\n\r\n<p class=\"wp-block-paragraph\">La <strong>imagen de Espa\u00f1a ha quedado tocada<\/strong> por el comportamiento de Luis Rubiales. <strong>No se ha dado una buena imagen del deporte espa\u00f1ol ni de su sociedad<\/strong>. Y no solo por el beso forzado a la futbolista Jenni Hermoso.<\/p>\r\n\r\n\r\n\r\n<p class=\"wp-block-paragraph\">El gesto de agarrarse los test\u00edculos en la tribuna de un Rubiales euf\u00f3rico celebrando la victoria el pasado domingo, cuando estaba en el palco junto a la Reina Letizia, la infanta Sof\u00eda y Gianni Infantino, presidente de la Federaci\u00f3n Internacional de F\u00fatbol (la FIFA), <strong>tira por tierra cualquier inversi\u00f3n hecha hasta ahora por la marca Espa\u00f1a<\/strong>.<\/p>\r\n\r\n\r\n\r\n<h2 class=\"wp-block-heading\">Soluciones tard\u00edas<\/h2>\r\n\r\n\r\n\r\n<p class=\"wp-block-paragraph\">Aunque -desde mi punto de vista ya es tarde-, es fundamental que se tomen medidas para abordar este incidente de manera adecuada y <strong>promover una cultura de respeto e igualdad en todos los sectores de la sociedad<\/strong>. Esto incluye <strong>sanciones<\/strong> apropiadas para el directivo involucrado, <strong>programas de capacitaci\u00f3n en igualdad de g\u00e9nero para el personal de la federaci\u00f3n de f\u00fatbol<\/strong> y <strong>campa\u00f1as de sensibilizaci\u00f3n<\/strong> para el p\u00fablico en general. Solo a trav\u00e9s de un <strong>compromiso sostenido con la igualdad<\/strong> podremos <strong>construir una sociedad m\u00e1s justa y equitativa<\/strong>.<\/p>\r\n\r\n\r\n\r\n<p class=\"wp-block-paragraph\">&nbsp;<\/p>\r\n","protected":false},"excerpt":{"rendered":"<p>[lwptoc toggle=&#8221;0&#8243; colorScheme=&#8221;inherit&#8221;] La igualdad de g\u00e9nero es un tema fundamental en nuestra sociedad actual, y su relaci\u00f3n con la econom\u00eda es m\u00e1s profunda de lo que muchos podr\u00edan pensar. El reciente incidente de comportamiento machista por parte de un directivo de la Federaci\u00f3n de F\u00fatbol espa\u00f1ola hacia una jugadora de la selecci\u00f3n nacional tras&hellip;<\/p>\n","protected":false},"author":19,"featured_media":47222,"comment_status":"closed","ping_status":"open","sticky":false,"template":"","format":"standard","meta":{"_jetpack_newsletter_access":"","_jetpack_dont_email_post_to_subs":false,"_jetpack_newsletter_tier_id":0,"_jetpack_memberships_contains_paywalled_content":false,"_jetpack_feature_clip_id":0,"_jetpack_memberships_contains_paid_content":false,"footnotes":"","jetpack_publicize_message":"\u00a1Tarjeta Roja internacional al Machismo en Espa\u00f1a! Repercusiones econ\u00f3micas y en el turismo","jetpack_publicize_feature_enabled":true,"jetpack_social_post_already_shared":true,"jetpack_social_options":{"image_generator_settings":{"template":"edge","default_image_id":0,"font":"","enabled":false},"version":2},"jetpack_post_was_ever_published":false},"categories":[1672,938],"tags":[635,87,6481],"thb-sponsors":[],"class_list":["post-47217","post","type-post","status-publish","format-standard","has-post-thumbnail","hentry","category-actualidad","category-deporte","tag-actualidad","tag-deporte","tag-luis-rubiales"],"yoast_head":"<!-- This site is optimized with the Yoast SEO plugin v28.3 - https:\/\/yoast.com\/product\/yoast-seo-wordpress\/ -->\n<title>\u00a1Tarjeta Roja internacional al Machismo en Espa\u00f1a! Repercusiones econ\u00f3micas y en el turismo | LUXONOMY<\/title>\n<meta name=\"robots\" content=\"index, follow, max-snippet:-1, max-image-preview:large, max-video-preview:-1\" \/>\n<link rel=\"canonical\" href=\"https:\/\/luxonomy.net\/es\/tarjeta-roja-internacional-al-machismo-en-espana-repercusiones-economicas-y-en-el-turismo\/\" \/>\n<meta property=\"og:locale\" content=\"es_ES\" \/>\n<meta property=\"og:type\" content=\"article\" \/>\n<meta property=\"og:title\" content=\"\u00a1Tarjeta Roja internacional al Machismo en Espa\u00f1a! Repercusiones econ\u00f3micas y en el turismo | LUXONOMY\" \/>\n<meta property=\"og:description\" content=\"[lwptoc toggle=&#8221;0&#8243; colorScheme=&#8221;inherit&#8221;] La igualdad de g\u00e9nero es un tema fundamental en nuestra sociedad actual, y su relaci\u00f3n con la econom\u00eda es m\u00e1s profunda de lo que muchos podr\u00edan pensar. El reciente incidente de comportamiento machista por parte de un directivo de la Federaci\u00f3n de F\u00fatbol espa\u00f1ola hacia una jugadora de la selecci\u00f3n nacional tras&hellip;\" \/>\n<meta property=\"og:url\" content=\"https:\/\/luxonomy.net\/es\/tarjeta-roja-internacional-al-machismo-en-espana-repercusiones-economicas-y-en-el-turismo\/\" \/>\n<meta property=\"og:site_name\" content=\"LUXONOMY\" \/>\n<meta property=\"article:publisher\" content=\"https:\/\/www.facebook.com\/luxonomy\" \/>\n<meta property=\"article:published_time\" content=\"2023-08-29T23:51:41+00:00\" \/>\n<meta property=\"article:modified_time\" content=\"2023-08-30T12:51:38+00:00\" \/>\n<meta property=\"og:image\" content=\"https:\/\/i0.wp.com\/luxonomy.net\/wp-content\/uploads\/2023\/08\/shutterstock_155025638_715048831873.jpg?fit=1000%2C667&quality=89&ssl=1\" \/>\n\t<meta property=\"og:image:width\" content=\"1000\" \/>\n\t<meta property=\"og:image:height\" content=\"667\" \/>\n\t<meta property=\"og:image:type\" content=\"image\/jpeg\" \/>\n<meta name=\"author\" content=\"Pablo Guti\u00e9rrez-Rav\u00e9 Villal\u00f3n\" \/>\n<meta name=\"twitter:card\" content=\"summary_large_image\" \/>\n<meta name=\"twitter:label1\" content=\"Escrito por\" \/>\n\t<meta name=\"twitter:data1\" content=\"Pablo Guti\u00e9rrez-Rav\u00e9 Villal\u00f3n\" \/>\n\t<meta name=\"twitter:label2\" content=\"Tiempo de lectura\" \/>\n\t<meta name=\"twitter:data2\" content=\"7 minutos\" \/>\n<script type=\"application\/ld+json\" class=\"yoast-schema-graph\">{\"@context\":\"https:\\\/\\\/schema.org\",\"@graph\":[{\"@type\":\"Article\",\"@id\":\"https:\\\/\\\/luxonomy.net\\\/es\\\/tarjeta-roja-internacional-al-machismo-en-espana-repercusiones-economicas-y-en-el-turismo\\\/#article\",\"isPartOf\":{\"@id\":\"https:\\\/\\\/luxonomy.net\\\/es\\\/tarjeta-roja-internacional-al-machismo-en-espana-repercusiones-economicas-y-en-el-turismo\\\/\"},\"author\":{\"name\":\"Pablo Guti\u00e9rrez-Rav\u00e9 Villal\u00f3n\",\"@id\":\"https:\\\/\\\/luxonomy.net\\\/es\\\/#\\\/schema\\\/person\\\/aca186356f30a813f61bbf19ba52c031\"},\"headline\":\"\u00a1Tarjeta Roja internacional al Machismo en Espa\u00f1a! Repercusiones econ\u00f3micas y en el turismo\",\"datePublished\":\"2023-08-29T23:51:41+00:00\",\"dateModified\":\"2023-08-30T12:51:38+00:00\",\"mainEntityOfPage\":{\"@id\":\"https:\\\/\\\/luxonomy.net\\\/es\\\/tarjeta-roja-internacional-al-machismo-en-espana-repercusiones-economicas-y-en-el-turismo\\\/\"},\"wordCount\":1616,\"publisher\":{\"@id\":\"https:\\\/\\\/luxonomy.net\\\/es\\\/#organization\"},\"image\":{\"@id\":\"https:\\\/\\\/luxonomy.net\\\/es\\\/tarjeta-roja-internacional-al-machismo-en-espana-repercusiones-economicas-y-en-el-turismo\\\/#primaryimage\"},\"thumbnailUrl\":\"https:\\\/\\\/i0.wp.com\\\/luxonomy.net\\\/wp-content\\\/uploads\\\/2023\\\/08\\\/shutterstock_155025638_715048831873.jpg?fit=1000%2C667&ssl=1\",\"keywords\":[\"actualidad\",\"deporte\",\"Lu\u00eds Rubiales\"],\"articleSection\":[\"Actualidad\",\"Deporte\"],\"inLanguage\":\"es\"},{\"@type\":\"WebPage\",\"@id\":\"https:\\\/\\\/luxonomy.net\\\/es\\\/tarjeta-roja-internacional-al-machismo-en-espana-repercusiones-economicas-y-en-el-turismo\\\/\",\"url\":\"https:\\\/\\\/luxonomy.net\\\/es\\\/tarjeta-roja-internacional-al-machismo-en-espana-repercusiones-economicas-y-en-el-turismo\\\/\",\"name\":\"\u00a1Tarjeta Roja internacional al Machismo en Espa\u00f1a! Repercusiones econ\u00f3micas y en el turismo | LUXONOMY\",\"isPartOf\":{\"@id\":\"https:\\\/\\\/luxonomy.net\\\/es\\\/#website\"},\"primaryImageOfPage\":{\"@id\":\"https:\\\/\\\/luxonomy.net\\\/es\\\/tarjeta-roja-internacional-al-machismo-en-espana-repercusiones-economicas-y-en-el-turismo\\\/#primaryimage\"},\"image\":{\"@id\":\"https:\\\/\\\/luxonomy.net\\\/es\\\/tarjeta-roja-internacional-al-machismo-en-espana-repercusiones-economicas-y-en-el-turismo\\\/#primaryimage\"},\"thumbnailUrl\":\"https:\\\/\\\/i0.wp.com\\\/luxonomy.net\\\/wp-content\\\/uploads\\\/2023\\\/08\\\/shutterstock_155025638_715048831873.jpg?fit=1000%2C667&ssl=1\",\"datePublished\":\"2023-08-29T23:51:41+00:00\",\"dateModified\":\"2023-08-30T12:51:38+00:00\",\"breadcrumb\":{\"@id\":\"https:\\\/\\\/luxonomy.net\\\/es\\\/tarjeta-roja-internacional-al-machismo-en-espana-repercusiones-economicas-y-en-el-turismo\\\/#breadcrumb\"},\"inLanguage\":\"es\",\"potentialAction\":[{\"@type\":\"ReadAction\",\"target\":[\"https:\\\/\\\/luxonomy.net\\\/es\\\/tarjeta-roja-internacional-al-machismo-en-espana-repercusiones-economicas-y-en-el-turismo\\\/\"]}]},{\"@type\":\"ImageObject\",\"inLanguage\":\"es\",\"@id\":\"https:\\\/\\\/luxonomy.net\\\/es\\\/tarjeta-roja-internacional-al-machismo-en-espana-repercusiones-economicas-y-en-el-turismo\\\/#primaryimage\",\"url\":\"https:\\\/\\\/i0.wp.com\\\/luxonomy.net\\\/wp-content\\\/uploads\\\/2023\\\/08\\\/shutterstock_155025638_715048831873.jpg?fit=1000%2C667&ssl=1\",\"contentUrl\":\"https:\\\/\\\/i0.wp.com\\\/luxonomy.net\\\/wp-content\\\/uploads\\\/2023\\\/08\\\/shutterstock_155025638_715048831873.jpg?fit=1000%2C667&ssl=1\",\"width\":1000,\"height\":667,\"caption\":\"Hand of referee with red card and whistle in the soccer stadium.\"},{\"@type\":\"BreadcrumbList\",\"@id\":\"https:\\\/\\\/luxonomy.net\\\/es\\\/tarjeta-roja-internacional-al-machismo-en-espana-repercusiones-economicas-y-en-el-turismo\\\/#breadcrumb\",\"itemListElement\":[{\"@type\":\"ListItem\",\"position\":1,\"name\":\"Portada\",\"item\":\"https:\\\/\\\/luxonomy.net\\\/es\\\/\"},{\"@type\":\"ListItem\",\"position\":2,\"name\":\"\u00a1Tarjeta Roja internacional al Machismo en Espa\u00f1a! Repercusiones econ\u00f3micas y en el turismo\"}]},{\"@type\":\"WebSite\",\"@id\":\"https:\\\/\\\/luxonomy.net\\\/es\\\/#website\",\"url\":\"https:\\\/\\\/luxonomy.net\\\/es\\\/\",\"name\":\"LUXONOMY\",\"description\":\"The Economy of Fashion &amp; Luxury\",\"publisher\":{\"@id\":\"https:\\\/\\\/luxonomy.net\\\/es\\\/#organization\"},\"potentialAction\":[{\"@type\":\"SearchAction\",\"target\":{\"@type\":\"EntryPoint\",\"urlTemplate\":\"https:\\\/\\\/luxonomy.net\\\/es\\\/?s={search_term_string}\"},\"query-input\":{\"@type\":\"PropertyValueSpecification\",\"valueRequired\":true,\"valueName\":\"search_term_string\"}}],\"inLanguage\":\"es\"},{\"@type\":\"Organization\",\"@id\":\"https:\\\/\\\/luxonomy.net\\\/es\\\/#organization\",\"name\":\"LUXONOMY\",\"url\":\"https:\\\/\\\/luxonomy.net\\\/es\\\/\",\"logo\":{\"@type\":\"ImageObject\",\"inLanguage\":\"es\",\"@id\":\"https:\\\/\\\/luxonomy.net\\\/es\\\/#\\\/schema\\\/logo\\\/image\\\/\",\"url\":\"https:\\\/\\\/i2.wp.com\\\/luxonomy.net\\\/wp-content\\\/uploads\\\/2021\\\/09\\\/MOCKUP-TODOS-LUXONOMY.jpg?fit=1000%2C515&ssl=1\",\"contentUrl\":\"https:\\\/\\\/i2.wp.com\\\/luxonomy.net\\\/wp-content\\\/uploads\\\/2021\\\/09\\\/MOCKUP-TODOS-LUXONOMY.jpg?fit=1000%2C515&ssl=1\",\"width\":1000,\"height\":515,\"caption\":\"LUXONOMY\"},\"image\":{\"@id\":\"https:\\\/\\\/luxonomy.net\\\/es\\\/#\\\/schema\\\/logo\\\/image\\\/\"},\"sameAs\":[\"https:\\\/\\\/www.facebook.com\\\/luxonomy\",\"https:\\\/\\\/www.instagram.com\\\/luxonomy\\\/\",\"https:\\\/\\\/www.linkedin.com\\\/company\\\/luxonomy\\\/\"]},{\"@type\":\"Person\",\"@id\":\"https:\\\/\\\/luxonomy.net\\\/es\\\/#\\\/schema\\\/person\\\/aca186356f30a813f61bbf19ba52c031\",\"name\":\"Pablo Guti\u00e9rrez-Rav\u00e9 Villal\u00f3n\",\"image\":{\"@type\":\"ImageObject\",\"inLanguage\":\"es\",\"@id\":\"https:\\\/\\\/luxonomy.net\\\/wp-content\\\/litespeed\\\/avatar\\\/b80839bcd1d7840754b71e72cad801ce.jpg?ver=1787608565\",\"url\":\"https:\\\/\\\/luxonomy.net\\\/wp-content\\\/litespeed\\\/avatar\\\/b80839bcd1d7840754b71e72cad801ce.jpg?ver=1787608565\",\"contentUrl\":\"https:\\\/\\\/luxonomy.net\\\/wp-content\\\/litespeed\\\/avatar\\\/b80839bcd1d7840754b71e72cad801ce.jpg?ver=1787608565\",\"caption\":\"Pablo Guti\u00e9rrez-Rav\u00e9 Villal\u00f3n\"},\"description\":\"president LUXONOMY\u2122 Group\",\"sameAs\":[\"https:\\\/\\\/www.linkedin.com\\\/in\\\/pablogutierrezrave\\\/\"],\"url\":\"https:\\\/\\\/luxonomy.net\\\/es\\\/author\\\/pablo\\\/\"}]}<\/script>\n<!-- \/ Yoast SEO plugin. -->","yoast_head_json":{"title":"\u00a1Tarjeta Roja internacional al Machismo en Espa\u00f1a! Repercusiones econ\u00f3micas y en el turismo | LUXONOMY","robots":{"index":"index","follow":"follow","max-snippet":"max-snippet:-1","max-image-preview":"max-image-preview:large","max-video-preview":"max-video-preview:-1"},"canonical":"https:\/\/luxonomy.net\/es\/tarjeta-roja-internacional-al-machismo-en-espana-repercusiones-economicas-y-en-el-turismo\/","og_locale":"es_ES","og_type":"article","og_title":"\u00a1Tarjeta Roja internacional al Machismo en Espa\u00f1a! Repercusiones econ\u00f3micas y en el turismo | LUXONOMY","og_description":"[lwptoc toggle=&#8221;0&#8243; colorScheme=&#8221;inherit&#8221;] La igualdad de g\u00e9nero es un tema fundamental en nuestra sociedad actual, y su relaci\u00f3n con la econom\u00eda es m\u00e1s profunda de lo que muchos podr\u00edan pensar. El reciente incidente de comportamiento machista por parte de un directivo de la Federaci\u00f3n de F\u00fatbol espa\u00f1ola hacia una jugadora de la selecci\u00f3n nacional tras&hellip;","og_url":"https:\/\/luxonomy.net\/es\/tarjeta-roja-internacional-al-machismo-en-espana-repercusiones-economicas-y-en-el-turismo\/","og_site_name":"LUXONOMY","article_publisher":"https:\/\/www.facebook.com\/luxonomy","article_published_time":"2023-08-29T23:51:41+00:00","article_modified_time":"2023-08-30T12:51:38+00:00","og_image":[{"width":1000,"height":667,"url":"https:\/\/i0.wp.com\/luxonomy.net\/wp-content\/uploads\/2023\/08\/shutterstock_155025638_715048831873.jpg?fit=1000%2C667&quality=89&ssl=1","type":"image\/jpeg"}],"author":"Pablo Guti\u00e9rrez-Rav\u00e9 Villal\u00f3n","twitter_card":"summary_large_image","twitter_misc":{"Escrito por":"Pablo Guti\u00e9rrez-Rav\u00e9 Villal\u00f3n","Tiempo de lectura":"7 minutos"},"schema":{"@context":"https:\/\/schema.org","@graph":[{"@type":"Article","@id":"https:\/\/luxonomy.net\/es\/tarjeta-roja-internacional-al-machismo-en-espana-repercusiones-economicas-y-en-el-turismo\/#article","isPartOf":{"@id":"https:\/\/luxonomy.net\/es\/tarjeta-roja-internacional-al-machismo-en-espana-repercusiones-economicas-y-en-el-turismo\/"},"author":{"name":"Pablo Guti\u00e9rrez-Rav\u00e9 Villal\u00f3n","@id":"https:\/\/luxonomy.net\/es\/#\/schema\/person\/aca186356f30a813f61bbf19ba52c031"},"headline":"\u00a1Tarjeta Roja internacional al Machismo en Espa\u00f1a! Repercusiones econ\u00f3micas y en el turismo","datePublished":"2023-08-29T23:51:41+00:00","dateModified":"2023-08-30T12:51:38+00:00","mainEntityOfPage":{"@id":"https:\/\/luxonomy.net\/es\/tarjeta-roja-internacional-al-machismo-en-espana-repercusiones-economicas-y-en-el-turismo\/"},"wordCount":1616,"publisher":{"@id":"https:\/\/luxonomy.net\/es\/#organization"},"image":{"@id":"https:\/\/luxonomy.net\/es\/tarjeta-roja-internacional-al-machismo-en-espana-repercusiones-economicas-y-en-el-turismo\/#primaryimage"},"thumbnailUrl":"https:\/\/i0.wp.com\/luxonomy.net\/wp-content\/uploads\/2023\/08\/shutterstock_155025638_715048831873.jpg?fit=1000%2C667&ssl=1","keywords":["actualidad","deporte","Lu\u00eds Rubiales"],"articleSection":["Actualidad","Deporte"],"inLanguage":"es"},{"@type":"WebPage","@id":"https:\/\/luxonomy.net\/es\/tarjeta-roja-internacional-al-machismo-en-espana-repercusiones-economicas-y-en-el-turismo\/","url":"https:\/\/luxonomy.net\/es\/tarjeta-roja-internacional-al-machismo-en-espana-repercusiones-economicas-y-en-el-turismo\/","name":"\u00a1Tarjeta Roja internacional al Machismo en Espa\u00f1a! Repercusiones econ\u00f3micas y en el turismo | LUXONOMY","isPartOf":{"@id":"https:\/\/luxonomy.net\/es\/#website"},"primaryImageOfPage":{"@id":"https:\/\/luxonomy.net\/es\/tarjeta-roja-internacional-al-machismo-en-espana-repercusiones-economicas-y-en-el-turismo\/#primaryimage"},"image":{"@id":"https:\/\/luxonomy.net\/es\/tarjeta-roja-internacional-al-machismo-en-espana-repercusiones-economicas-y-en-el-turismo\/#primaryimage"},"thumbnailUrl":"https:\/\/i0.wp.com\/luxonomy.net\/wp-content\/uploads\/2023\/08\/shutterstock_155025638_715048831873.jpg?fit=1000%2C667&ssl=1","datePublished":"2023-08-29T23:51:41+00:00","dateModified":"2023-08-30T12:51:38+00:00","breadcrumb":{"@id":"https:\/\/luxonomy.net\/es\/tarjeta-roja-internacional-al-machismo-en-espana-repercusiones-economicas-y-en-el-turismo\/#breadcrumb"},"inLanguage":"es","potentialAction":[{"@type":"ReadAction","target":["https:\/\/luxonomy.net\/es\/tarjeta-roja-internacional-al-machismo-en-espana-repercusiones-economicas-y-en-el-turismo\/"]}]},{"@type":"ImageObject","inLanguage":"es","@id":"https:\/\/luxonomy.net\/es\/tarjeta-roja-internacional-al-machismo-en-espana-repercusiones-economicas-y-en-el-turismo\/#primaryimage","url":"https:\/\/i0.wp.com\/luxonomy.net\/wp-content\/uploads\/2023\/08\/shutterstock_155025638_715048831873.jpg?fit=1000%2C667&ssl=1","contentUrl":"https:\/\/i0.wp.com\/luxonomy.net\/wp-content\/uploads\/2023\/08\/shutterstock_155025638_715048831873.jpg?fit=1000%2C667&ssl=1","width":1000,"height":667,"caption":"Hand of referee with red card and whistle in the soccer stadium."},{"@type":"BreadcrumbList","@id":"https:\/\/luxonomy.net\/es\/tarjeta-roja-internacional-al-machismo-en-espana-repercusiones-economicas-y-en-el-turismo\/#breadcrumb","itemListElement":[{"@type":"ListItem","position":1,"name":"Portada","item":"https:\/\/luxonomy.net\/es\/"},{"@type":"ListItem","position":2,"name":"\u00a1Tarjeta Roja internacional al Machismo en Espa\u00f1a! Repercusiones econ\u00f3micas y en el turismo"}]},{"@type":"WebSite","@id":"https:\/\/luxonomy.net\/es\/#website","url":"https:\/\/luxonomy.net\/es\/","name":"LUXONOMY","description":"The Economy of Fashion &amp; Luxury","publisher":{"@id":"https:\/\/luxonomy.net\/es\/#organization"},"potentialAction":[{"@type":"SearchAction","target":{"@type":"EntryPoint","urlTemplate":"https:\/\/luxonomy.net\/es\/?s={search_term_string}"},"query-input":{"@type":"PropertyValueSpecification","valueRequired":true,"valueName":"search_term_string"}}],"inLanguage":"es"},{"@type":"Organization","@id":"https:\/\/luxonomy.net\/es\/#organization","name":"LUXONOMY","url":"https:\/\/luxonomy.net\/es\/","logo":{"@type":"ImageObject","inLanguage":"es","@id":"https:\/\/luxonomy.net\/es\/#\/schema\/logo\/image\/","url":"https:\/\/i2.wp.com\/luxonomy.net\/wp-content\/uploads\/2021\/09\/MOCKUP-TODOS-LUXONOMY.jpg?fit=1000%2C515&ssl=1","contentUrl":"https:\/\/i2.wp.com\/luxonomy.net\/wp-content\/uploads\/2021\/09\/MOCKUP-TODOS-LUXONOMY.jpg?fit=1000%2C515&ssl=1","width":1000,"height":515,"caption":"LUXONOMY"},"image":{"@id":"https:\/\/luxonomy.net\/es\/#\/schema\/logo\/image\/"},"sameAs":["https:\/\/www.facebook.com\/luxonomy","https:\/\/www.instagram.com\/luxonomy\/","https:\/\/www.linkedin.com\/company\/luxonomy\/"]},{"@type":"Person","@id":"https:\/\/luxonomy.net\/es\/#\/schema\/person\/aca186356f30a813f61bbf19ba52c031","name":"Pablo Guti\u00e9rrez-Rav\u00e9 Villal\u00f3n","image":{"@type":"ImageObject","inLanguage":"es","@id":"https:\/\/luxonomy.net\/wp-content\/litespeed\/avatar\/b80839bcd1d7840754b71e72cad801ce.jpg?ver=1787608565","url":"https:\/\/luxonomy.net\/wp-content\/litespeed\/avatar\/b80839bcd1d7840754b71e72cad801ce.jpg?ver=1787608565","contentUrl":"https:\/\/luxonomy.net\/wp-content\/litespeed\/avatar\/b80839bcd1d7840754b71e72cad801ce.jpg?ver=1787608565","caption":"Pablo Guti\u00e9rrez-Rav\u00e9 Villal\u00f3n"},"description":"president LUXONOMY\u2122 Group","sameAs":["https:\/\/www.linkedin.com\/in\/pablogutierrezrave\/"],"url":"https:\/\/luxonomy.net\/es\/author\/pablo\/"}]}},"jetpack_publicize_connections":[],"jetpack_shortlink":"https:\/\/wp.me\/paPhBa-chz","jetpack_sharing_enabled":true,"jetpack_featured_media_url":"https:\/\/i0.wp.com\/luxonomy.net\/wp-content\/uploads\/2023\/08\/shutterstock_155025638_715048831873.jpg?fit=1000%2C667&ssl=1","_links":{"self":[{"href":"https:\/\/luxonomy.net\/es\/wp-json\/wp\/v2\/posts\/47217","targetHints":{"allow":["GET"]}}],"collection":[{"href":"https:\/\/luxonomy.net\/es\/wp-json\/wp\/v2\/posts"}],"about":[{"href":"https:\/\/luxonomy.net\/es\/wp-json\/wp\/v2\/types\/post"}],"author":[{"embeddable":true,"href":"https:\/\/luxonomy.net\/es\/wp-json\/wp\/v2\/users\/19"}],"replies":[{"embeddable":true,"href":"https:\/\/luxonomy.net\/es\/wp-json\/wp\/v2\/comments?post=47217"}],"version-history":[{"count":28,"href":"https:\/\/luxonomy.net\/es\/wp-json\/wp\/v2\/posts\/47217\/revisions"}],"predecessor-version":[{"id":47248,"href":"https:\/\/luxonomy.net\/es\/wp-json\/wp\/v2\/posts\/47217\/revisions\/47248"}],"wp:featuredmedia":[{"embeddable":true,"href":"https:\/\/luxonomy.net\/es\/wp-json\/wp\/v2\/media\/47222"}],"wp:attachment":[{"href":"https:\/\/luxonomy.net\/es\/wp-json\/wp\/v2\/media?parent=47217"}],"wp:term":[{"taxonomy":"category","embeddable":true,"href":"https:\/\/luxonomy.net\/es\/wp-json\/wp\/v2\/categories?post=47217"},{"taxonomy":"post_tag","embeddable":true,"href":"https:\/\/luxonomy.net\/es\/wp-json\/wp\/v2\/tags?post=47217"},{"taxonomy":"thb-sponsors","embeddable":true,"href":"https:\/\/luxonomy.net\/es\/wp-json\/wp\/v2\/thb-sponsors?post=47217"}],"curies":[{"name":"wp","href":"https:\/\/api.w.org\/{rel}","templated":true}]}}