{"id":47207,"date":"2023-08-29T17:10:10","date_gmt":"2023-08-29T15:10:10","guid":{"rendered":"https:\/?p=47207"},"modified":"2023-08-29T17:10:35","modified_gmt":"2023-08-29T15:10:35","slug":"el-renacimiento-de-la-sastreria-a-medida-y-el-gentleman-del-siglo-xxi","status":"publish","type":"post","link":"https:\/\/luxonomy.net\/es\/el-renacimiento-de-la-sastreria-a-medida-y-el-gentleman-del-siglo-xxi\/","title":{"rendered":"El Renacimiento de la Sastrer\u00eda a Medida y el Gentleman del Siglo XXI"},"content":{"rendered":"[lwptoc toggle=&#8221;0&#8243; colorScheme=&#8221;inherit&#8221;]\n<p>El <strong>resurgimiento de la sastrer\u00eda a medida<\/strong> refleja un <strong>cambio en los valores y prioridades de la sociedad<\/strong> actual. El <strong>gentleman del siglo XXI busca la singularidad<\/strong>, valora la <strong>calidad<\/strong> y es consciente de la importancia de la <strong>sostenibilidad<\/strong>. La sastrer\u00eda a medida, con su enfoque en la <strong>artesan\u00eda<\/strong>, la <strong>personalizaci\u00f3n<\/strong> y la sostenibilidad, cumple con estas necesidades y, por lo tanto, est\u00e1 disfrutando de un <strong>renacimiento<\/strong> merecido.<\/p>\n<p>En un mundo cada vez m\u00e1s consciente de su impacto ambiental y social, <strong>la sastrer\u00eda a medida ofrece una alternativa atractiva y responsable a la moda r\u00e1pida y producida en masa<\/strong>.<\/p>\n<p>En los \u00faltimos a\u00f1os, hemos presenciado un <strong>renacimiento inesperado de la moda cl\u00e1sica<\/strong> y, con ello, un resurgimiento de la <strong>sastrer\u00eda a medida<\/strong>. Mientras que la era digital ha transformado la forma en que compramos y consumimos moda, la apreciaci\u00f3n por la artesan\u00eda y la personalizaci\u00f3n ha resurgido, impulsada por una nueva generaci\u00f3n de gentlemen que valoran la calidad, la singularidad y la sostenibilidad por encima de la moda r\u00e1pida y desechable.<\/p><div id=\"luxon-3041431564\" class=\"luxon-3er-parrafo luxon-entity-placement\" style=\"margin-top: 20px;margin-bottom: 20px;margin-left: auto;margin-right: auto;text-align: center;\"><a href=\"https:\/\/luxonomy.university\/course\/master-turismo-de-lujo\" target=\"_blank\" aria-label=\"master-turismo-lujo-2026-2027\"><img loading=\"lazy\" decoding=\"async\" src=\"https:\/\/i0.wp.com\/luxonomy.net\/wp-content\/uploads\/2020\/07\/master-turismo-lujo-2026-2027.jpg?fit=1672%2C941&#038;ssl=1\" alt=\"\"  srcset=\"https:\/\/i0.wp.com\/luxonomy.net\/wp-content\/uploads\/2020\/07\/master-turismo-lujo-2026-2027.jpg?w=1672&ssl=1 1672w, https:\/\/i0.wp.com\/luxonomy.net\/wp-content\/uploads\/2020\/07\/master-turismo-lujo-2026-2027.jpg?resize=300%2C169&ssl=1 300w, https:\/\/i0.wp.com\/luxonomy.net\/wp-content\/uploads\/2020\/07\/master-turismo-lujo-2026-2027.jpg?resize=1024%2C576&ssl=1 1024w, https:\/\/i0.wp.com\/luxonomy.net\/wp-content\/uploads\/2020\/07\/master-turismo-lujo-2026-2027.jpg?resize=768%2C432&ssl=1 768w, https:\/\/i0.wp.com\/luxonomy.net\/wp-content\/uploads\/2020\/07\/master-turismo-lujo-2026-2027.jpg?resize=1536%2C864&ssl=1 1536w, https:\/\/i0.wp.com\/luxonomy.net\/wp-content\/uploads\/2020\/07\/master-turismo-lujo-2026-2027.jpg?resize=370%2C208&ssl=1 370w, https:\/\/i0.wp.com\/luxonomy.net\/wp-content\/uploads\/2020\/07\/master-turismo-lujo-2026-2027.jpg?resize=800%2C450&ssl=1 800w, https:\/\/i0.wp.com\/luxonomy.net\/wp-content\/uploads\/2020\/07\/master-turismo-lujo-2026-2027.jpg?resize=20%2C11&ssl=1 20w, https:\/\/i0.wp.com\/luxonomy.net\/wp-content\/uploads\/2020\/07\/master-turismo-lujo-2026-2027.jpg?resize=740%2C416&ssl=1 740w, https:\/\/i0.wp.com\/luxonomy.net\/wp-content\/uploads\/2020\/07\/master-turismo-lujo-2026-2027.jpg?resize=1600%2C900&ssl=1 1600w, https:\/\/i0.wp.com\/luxonomy.net\/wp-content\/uploads\/2020\/07\/master-turismo-lujo-2026-2027.jpg?resize=1200%2C675&ssl=1 1200w, https:\/\/i0.wp.com\/luxonomy.net\/wp-content\/uploads\/2020\/07\/master-turismo-lujo-2026-2027.jpg?resize=85%2C48&ssl=1 85w\" sizes=\"(max-width: 1170px) 100vw, 1170px\" class=\"no-lazyload\" width=\"1672\" height=\"941\"   \/><\/a><\/div>\n<h2>El Auge de la Sastrer\u00eda a Medida<\/h2>\n<ol>\n<li>\n<h3>La B\u00fasqueda de Singularidad<\/h3>\n<\/li>\n<\/ol>\n<p>En un mundo inundado por la moda r\u00e1pida y la producci\u00f3n en masa, la sastrer\u00eda a medida ha resurgido como una forma de expresar individualidad y singularidad. La posibilidad de elegir cada detalle, desde el tipo de tela hasta el estilo de los botones, permite a los clientes crear una prenda \u00fanica que refleje su personalidad y estilo. Esto no solo se aplica a la elecci\u00f3n de los materiales, sino tambi\u00e9n a la capacidad de modificar el corte y el ajuste de la prenda para adaptarse perfectamente a la forma del cuerpo de cada individuo.<\/p>\n<ol start=\"2\">\n<li>\n<h3>El Enfoque en la Calidad<\/h3>\n<\/li>\n<\/ol>\n<p>El gentleman del siglo XXI valora la calidad por encima de la cantidad. Prefiere invertir en piezas atemporales y duraderas en lugar de comprar prendas de baja calidad que necesitar\u00e1n ser reemplazadas despu\u00e9s de unas pocas puestas. La sastrer\u00eda a medida, con su enfoque en la artesan\u00eda y la atenci\u00f3n al detalle, produce prendas de la m\u00e1s alta calidad que est\u00e1n hechas para durar. El maestro sastre utiliza t\u00e9cnicas tradicionales, perfeccionadas a lo largo de generaciones, para crear prendas que no solo son est\u00e9ticamente agradables, sino tambi\u00e9n duraderas y funcionales.<\/p>\n<ol start=\"3\">\n<li>\n<h3>La Sostenibilidad<\/h3>\n<\/li>\n<\/ol>\n<p>La moda r\u00e1pida ha sido criticada por su impacto negativo en el medio ambiente y en la sociedad. La producci\u00f3n en masa y el consumismo desenfrenado han llevado a la explotaci\u00f3n de los recursos naturales y a la creaci\u00f3n de una gran cantidad de desperdicio. Por otro lado, la sastrer\u00eda a medida, al producir prendas a pedido y minimizar el desperdicio, se alinea con un enfoque m\u00e1s sostenible y consciente. Al optar por tejidos naturales y sostenibles y minimizar el desperdicio de materiales, la sastrer\u00eda a medida contribuye a un enfoque de moda m\u00e1s consciente y responsable.<\/p>\n<h2>El Gentleman del Siglo XXI<\/h2>\n<p>El gentleman del siglo XXI no es simplemente una r\u00e9plica de sus predecesores. Si bien valora las tradiciones y la etiqueta, tambi\u00e9n es consciente de los desaf\u00edos actuales y busca incorporar pr\u00e1cticas sostenibles y \u00e9ticas en su estilo de vida. Valora la artesan\u00eda, la calidad y la personalizaci\u00f3n, y busca expresar su individualidad de manera responsable.<\/p><div id=\"luxon-757328556\" class=\"luxon-7-parrafo luxon-entity-placement\" style=\"margin-top: 20px;margin-bottom: 20px;margin-left: auto;margin-right: auto;text-align: center;\"><a href=\"https:\/\/theintelligence.institute\/course\/inteligencia-artificial-para-directivos\" target=\"_blank\" aria-label=\"CSIAD_empresas_THEI_horizontal_4x3_v5\"><img loading=\"lazy\" decoding=\"async\" src=\"https:\/\/i0.wp.com\/luxonomy.net\/wp-content\/uploads\/2025\/08\/CSIAD_empresas_THEI_horizontal_4x3_v5.png?fit=2000%2C1500&#038;ssl=1\" alt=\"\"  srcset=\"https:\/\/i0.wp.com\/luxonomy.net\/wp-content\/uploads\/2025\/08\/CSIAD_empresas_THEI_horizontal_4x3_v5.png?w=2000&ssl=1 2000w, https:\/\/i0.wp.com\/luxonomy.net\/wp-content\/uploads\/2025\/08\/CSIAD_empresas_THEI_horizontal_4x3_v5.png?resize=300%2C225&ssl=1 300w, https:\/\/i0.wp.com\/luxonomy.net\/wp-content\/uploads\/2025\/08\/CSIAD_empresas_THEI_horizontal_4x3_v5.png?resize=1024%2C768&ssl=1 1024w, https:\/\/i0.wp.com\/luxonomy.net\/wp-content\/uploads\/2025\/08\/CSIAD_empresas_THEI_horizontal_4x3_v5.png?resize=768%2C576&ssl=1 768w, https:\/\/i0.wp.com\/luxonomy.net\/wp-content\/uploads\/2025\/08\/CSIAD_empresas_THEI_horizontal_4x3_v5.png?resize=1536%2C1152&ssl=1 1536w, https:\/\/i0.wp.com\/luxonomy.net\/wp-content\/uploads\/2025\/08\/CSIAD_empresas_THEI_horizontal_4x3_v5.png?resize=370%2C278&ssl=1 370w, https:\/\/i0.wp.com\/luxonomy.net\/wp-content\/uploads\/2025\/08\/CSIAD_empresas_THEI_horizontal_4x3_v5.png?resize=800%2C600&ssl=1 800w, https:\/\/i0.wp.com\/luxonomy.net\/wp-content\/uploads\/2025\/08\/CSIAD_empresas_THEI_horizontal_4x3_v5.png?resize=20%2C15&ssl=1 20w, https:\/\/i0.wp.com\/luxonomy.net\/wp-content\/uploads\/2025\/08\/CSIAD_empresas_THEI_horizontal_4x3_v5.png?resize=740%2C555&ssl=1 740w, https:\/\/i0.wp.com\/luxonomy.net\/wp-content\/uploads\/2025\/08\/CSIAD_empresas_THEI_horizontal_4x3_v5.png?resize=1600%2C1200&ssl=1 1600w, https:\/\/i0.wp.com\/luxonomy.net\/wp-content\/uploads\/2025\/08\/CSIAD_empresas_THEI_horizontal_4x3_v5.png?resize=1200%2C900&ssl=1 1200w, https:\/\/i0.wp.com\/luxonomy.net\/wp-content\/uploads\/2025\/08\/CSIAD_empresas_THEI_horizontal_4x3_v5.png?resize=64%2C48&ssl=1 64w\" sizes=\"(max-width: 1170px) 100vw, 1170px\" class=\"no-lazyload\" width=\"2000\" height=\"1500\"   \/><\/a><\/div>\n<ol>\n<li>\n<h3>La Valoraci\u00f3n de la Tradici\u00f3n<\/h3>\n<\/li>\n<\/ol>\n<p>Aunque el gentleman moderno est\u00e1 abierto a nuevas ideas y estilos, tambi\u00e9n tiene un profundo respeto por las tradiciones. Esto se refleja en su elecci\u00f3n de la sastrer\u00eda a medida, una pr\u00e1ctica que ha perdurado durante siglos y que representa la c\u00faspide de la artesan\u00eda en moda masculina.<\/p>\n<ol start=\"2\">\n<li>\n<h3>La Responsabilidad Social<\/h3>\n<\/li>\n<\/ol>\n<p>El gentleman del siglo XXI es consciente de su impacto en el mundo y busca minimizarlo tanto como sea posible. Esto significa optar por marcas y servicios que se alinean con sus valores \u00e9ticos y sostenibles. La sastrer\u00eda a medida, al producir prendas locales y a pedido, minimiza el impacto ambiental y social asociado con la producci\u00f3n en masa.<\/p>\n<ol start=\"3\">\n<li>\n<h3>La Personalizaci\u00f3n<\/h3>\n<\/li>\n<\/ol>\n<p>En un mundo cada vez m\u00e1s homog\u00e9neo, el gentleman moderno busca formas de expresar su individualidad. La sastrer\u00eda a medida le permite hacer precisamente eso, al ofrecer un sinf\u00edn de opciones de personalizaci\u00f3n que le permiten crear una prenda verdaderamente \u00fanica.<\/p>\n<p>Firmas como la espa\u00f1ola <a href=\"https:\/\/www.silbonshop.com\/es_es\/made-to-measure.html\" target=\"_blank\" rel=\"noopener\"><strong>SILBON<\/strong><\/a> apuestan decididamente desde sus inicios por este concepto. &#8220;<strong>Made to Measure<\/strong>&#8221; es un servicio de <b>trajes a medida<\/b> en el que pr\u00e1cticamente todo es posible, proporcion\u00e1ndote una cuidada selecci\u00f3n de modelos y una excelente gama de tejidos de primera calidad, inspirados en los iconos cl\u00e1sicos de la sastrer\u00eda. Las posibilidades de personalizaci\u00f3n en cada prenda son m\u00faltiples y te permitir\u00e1n conseguir un traje \u00fanico fiel al estilo de Silbon, pero adaptado a tu personalidad.<\/p>\n","protected":false},"excerpt":{"rendered":"<p>[lwptoc toggle=&#8221;0&#8243; colorScheme=&#8221;inherit&#8221;] El resurgimiento de la sastrer\u00eda a medida refleja un cambio en los valores y prioridades de la sociedad actual. El gentleman del siglo XXI busca la singularidad, valora la calidad y es consciente de la importancia de la sostenibilidad. La sastrer\u00eda a medida, con su enfoque en la artesan\u00eda, la personalizaci\u00f3n y&hellip;<\/p>\n","protected":false},"author":19,"featured_media":47209,"comment_status":"closed","ping_status":"open","sticky":false,"template":"","format":"standard","meta":{"_jetpack_newsletter_access":"","_jetpack_dont_email_post_to_subs":false,"_jetpack_newsletter_tier_id":0,"_jetpack_memberships_contains_paywalled_content":false,"_jetpack_feature_clip_id":0,"_jetpack_memberships_contains_paid_content":false,"footnotes":"","jetpack_publicize_message":"","jetpack_publicize_feature_enabled":true,"jetpack_social_post_already_shared":true,"jetpack_social_options":{"image_generator_settings":{"template":"edge","default_image_id":0,"font":"","enabled":false},"version":2},"jetpack_post_was_ever_published":false},"categories":[1672,534],"tags":[635,586,6480,1581],"thb-sponsors":[],"class_list":["post-47207","post","type-post","status-publish","format-standard","has-post-thumbnail","hentry","category-actualidad","category-moda","tag-actualidad","tag-moda","tag-sastreria-a-medida","tag-silbon"],"yoast_head":"<!-- This site is optimized with the Yoast SEO plugin v28.3 - https:\/\/yoast.com\/product\/yoast-seo-wordpress\/ -->\n<title>El Renacimiento de la Sastrer\u00eda a Medida y el Gentleman del Siglo XXI | LUXONOMY<\/title>\n<meta name=\"robots\" content=\"index, follow, max-snippet:-1, max-image-preview:large, max-video-preview:-1\" \/>\n<link rel=\"canonical\" href=\"https:\/\/luxonomy.net\/es\/el-renacimiento-de-la-sastreria-a-medida-y-el-gentleman-del-siglo-xxi\/\" \/>\n<meta property=\"og:locale\" content=\"es_ES\" \/>\n<meta property=\"og:type\" content=\"article\" \/>\n<meta property=\"og:title\" content=\"El Renacimiento de la Sastrer\u00eda a Medida y el Gentleman del Siglo XXI | LUXONOMY\" \/>\n<meta property=\"og:description\" content=\"[lwptoc toggle=&#8221;0&#8243; colorScheme=&#8221;inherit&#8221;] El resurgimiento de la sastrer\u00eda a medida refleja un cambio en los valores y prioridades de la sociedad actual. El gentleman del siglo XXI busca la singularidad, valora la calidad y es consciente de la importancia de la sostenibilidad. La sastrer\u00eda a medida, con su enfoque en la artesan\u00eda, la personalizaci\u00f3n y&hellip;\" \/>\n<meta property=\"og:url\" content=\"https:\/\/luxonomy.net\/es\/el-renacimiento-de-la-sastreria-a-medida-y-el-gentleman-del-siglo-xxi\/\" \/>\n<meta property=\"og:site_name\" content=\"LUXONOMY\" \/>\n<meta property=\"article:publisher\" content=\"https:\/\/www.facebook.com\/luxonomy\" \/>\n<meta property=\"article:published_time\" content=\"2023-08-29T15:10:10+00:00\" \/>\n<meta property=\"article:modified_time\" content=\"2023-08-29T15:10:35+00:00\" \/>\n<meta property=\"og:image\" content=\"https:\/\/i0.wp.com\/luxonomy.net\/wp-content\/uploads\/2023\/08\/shutterstock_640171108.jpg?fit=1000%2C667&quality=89&ssl=1\" \/>\n\t<meta property=\"og:image:width\" content=\"1000\" \/>\n\t<meta property=\"og:image:height\" content=\"667\" \/>\n\t<meta property=\"og:image:type\" content=\"image\/jpeg\" \/>\n<meta name=\"author\" content=\"Pablo Guti\u00e9rrez-Rav\u00e9 Villal\u00f3n\" \/>\n<meta name=\"twitter:card\" content=\"summary_large_image\" \/>\n<meta name=\"twitter:label1\" content=\"Escrito por\" \/>\n\t<meta name=\"twitter:data1\" content=\"Pablo Guti\u00e9rrez-Rav\u00e9 Villal\u00f3n\" \/>\n\t<meta name=\"twitter:label2\" content=\"Tiempo de lectura\" \/>\n\t<meta name=\"twitter:data2\" content=\"4 minutos\" \/>\n<script type=\"application\/ld+json\" class=\"yoast-schema-graph\">{\"@context\":\"https:\\\/\\\/schema.org\",\"@graph\":[{\"@type\":\"Article\",\"@id\":\"https:\\\/\\\/luxonomy.net\\\/es\\\/el-renacimiento-de-la-sastreria-a-medida-y-el-gentleman-del-siglo-xxi\\\/#article\",\"isPartOf\":{\"@id\":\"https:\\\/\\\/luxonomy.net\\\/es\\\/el-renacimiento-de-la-sastreria-a-medida-y-el-gentleman-del-siglo-xxi\\\/\"},\"author\":{\"name\":\"Pablo Guti\u00e9rrez-Rav\u00e9 Villal\u00f3n\",\"@id\":\"https:\\\/\\\/luxonomy.net\\\/es\\\/#\\\/schema\\\/person\\\/aca186356f30a813f61bbf19ba52c031\"},\"headline\":\"El Renacimiento de la Sastrer\u00eda a Medida y el Gentleman del Siglo XXI\",\"datePublished\":\"2023-08-29T15:10:10+00:00\",\"dateModified\":\"2023-08-29T15:10:35+00:00\",\"mainEntityOfPage\":{\"@id\":\"https:\\\/\\\/luxonomy.net\\\/es\\\/el-renacimiento-de-la-sastreria-a-medida-y-el-gentleman-del-siglo-xxi\\\/\"},\"wordCount\":858,\"publisher\":{\"@id\":\"https:\\\/\\\/luxonomy.net\\\/es\\\/#organization\"},\"image\":{\"@id\":\"https:\\\/\\\/luxonomy.net\\\/es\\\/el-renacimiento-de-la-sastreria-a-medida-y-el-gentleman-del-siglo-xxi\\\/#primaryimage\"},\"thumbnailUrl\":\"https:\\\/\\\/i0.wp.com\\\/luxonomy.net\\\/wp-content\\\/uploads\\\/2023\\\/08\\\/shutterstock_640171108.jpg?fit=1000%2C667&ssl=1\",\"keywords\":[\"actualidad\",\"Moda\",\"sastrer\u00eda a medida\",\"silbon\"],\"articleSection\":[\"Actualidad\",\"Moda\"],\"inLanguage\":\"es\"},{\"@type\":\"WebPage\",\"@id\":\"https:\\\/\\\/luxonomy.net\\\/es\\\/el-renacimiento-de-la-sastreria-a-medida-y-el-gentleman-del-siglo-xxi\\\/\",\"url\":\"https:\\\/\\\/luxonomy.net\\\/es\\\/el-renacimiento-de-la-sastreria-a-medida-y-el-gentleman-del-siglo-xxi\\\/\",\"name\":\"El Renacimiento de la Sastrer\u00eda a Medida y el Gentleman del Siglo XXI | LUXONOMY\",\"isPartOf\":{\"@id\":\"https:\\\/\\\/luxonomy.net\\\/es\\\/#website\"},\"primaryImageOfPage\":{\"@id\":\"https:\\\/\\\/luxonomy.net\\\/es\\\/el-renacimiento-de-la-sastreria-a-medida-y-el-gentleman-del-siglo-xxi\\\/#primaryimage\"},\"image\":{\"@id\":\"https:\\\/\\\/luxonomy.net\\\/es\\\/el-renacimiento-de-la-sastreria-a-medida-y-el-gentleman-del-siglo-xxi\\\/#primaryimage\"},\"thumbnailUrl\":\"https:\\\/\\\/i0.wp.com\\\/luxonomy.net\\\/wp-content\\\/uploads\\\/2023\\\/08\\\/shutterstock_640171108.jpg?fit=1000%2C667&ssl=1\",\"datePublished\":\"2023-08-29T15:10:10+00:00\",\"dateModified\":\"2023-08-29T15:10:35+00:00\",\"breadcrumb\":{\"@id\":\"https:\\\/\\\/luxonomy.net\\\/es\\\/el-renacimiento-de-la-sastreria-a-medida-y-el-gentleman-del-siglo-xxi\\\/#breadcrumb\"},\"inLanguage\":\"es\",\"potentialAction\":[{\"@type\":\"ReadAction\",\"target\":[\"https:\\\/\\\/luxonomy.net\\\/es\\\/el-renacimiento-de-la-sastreria-a-medida-y-el-gentleman-del-siglo-xxi\\\/\"]}]},{\"@type\":\"ImageObject\",\"inLanguage\":\"es\",\"@id\":\"https:\\\/\\\/luxonomy.net\\\/es\\\/el-renacimiento-de-la-sastreria-a-medida-y-el-gentleman-del-siglo-xxi\\\/#primaryimage\",\"url\":\"https:\\\/\\\/i0.wp.com\\\/luxonomy.net\\\/wp-content\\\/uploads\\\/2023\\\/08\\\/shutterstock_640171108.jpg?fit=1000%2C667&ssl=1\",\"contentUrl\":\"https:\\\/\\\/i0.wp.com\\\/luxonomy.net\\\/wp-content\\\/uploads\\\/2023\\\/08\\\/shutterstock_640171108.jpg?fit=1000%2C667&ssl=1\",\"width\":1000,\"height\":667},{\"@type\":\"BreadcrumbList\",\"@id\":\"https:\\\/\\\/luxonomy.net\\\/es\\\/el-renacimiento-de-la-sastreria-a-medida-y-el-gentleman-del-siglo-xxi\\\/#breadcrumb\",\"itemListElement\":[{\"@type\":\"ListItem\",\"position\":1,\"name\":\"Portada\",\"item\":\"https:\\\/\\\/luxonomy.net\\\/es\\\/\"},{\"@type\":\"ListItem\",\"position\":2,\"name\":\"El Renacimiento de la Sastrer\u00eda a Medida y el Gentleman del Siglo XXI\"}]},{\"@type\":\"WebSite\",\"@id\":\"https:\\\/\\\/luxonomy.net\\\/es\\\/#website\",\"url\":\"https:\\\/\\\/luxonomy.net\\\/es\\\/\",\"name\":\"LUXONOMY\",\"description\":\"The Economy of Fashion &amp; Luxury\",\"publisher\":{\"@id\":\"https:\\\/\\\/luxonomy.net\\\/es\\\/#organization\"},\"potentialAction\":[{\"@type\":\"SearchAction\",\"target\":{\"@type\":\"EntryPoint\",\"urlTemplate\":\"https:\\\/\\\/luxonomy.net\\\/es\\\/?s={search_term_string}\"},\"query-input\":{\"@type\":\"PropertyValueSpecification\",\"valueRequired\":true,\"valueName\":\"search_term_string\"}}],\"inLanguage\":\"es\"},{\"@type\":\"Organization\",\"@id\":\"https:\\\/\\\/luxonomy.net\\\/es\\\/#organization\",\"name\":\"LUXONOMY\",\"url\":\"https:\\\/\\\/luxonomy.net\\\/es\\\/\",\"logo\":{\"@type\":\"ImageObject\",\"inLanguage\":\"es\",\"@id\":\"https:\\\/\\\/luxonomy.net\\\/es\\\/#\\\/schema\\\/logo\\\/image\\\/\",\"url\":\"https:\\\/\\\/i2.wp.com\\\/luxonomy.net\\\/wp-content\\\/uploads\\\/2021\\\/09\\\/MOCKUP-TODOS-LUXONOMY.jpg?fit=1000%2C515&ssl=1\",\"contentUrl\":\"https:\\\/\\\/i2.wp.com\\\/luxonomy.net\\\/wp-content\\\/uploads\\\/2021\\\/09\\\/MOCKUP-TODOS-LUXONOMY.jpg?fit=1000%2C515&ssl=1\",\"width\":1000,\"height\":515,\"caption\":\"LUXONOMY\"},\"image\":{\"@id\":\"https:\\\/\\\/luxonomy.net\\\/es\\\/#\\\/schema\\\/logo\\\/image\\\/\"},\"sameAs\":[\"https:\\\/\\\/www.facebook.com\\\/luxonomy\",\"https:\\\/\\\/www.instagram.com\\\/luxonomy\\\/\",\"https:\\\/\\\/www.linkedin.com\\\/company\\\/luxonomy\\\/\"]},{\"@type\":\"Person\",\"@id\":\"https:\\\/\\\/luxonomy.net\\\/es\\\/#\\\/schema\\\/person\\\/aca186356f30a813f61bbf19ba52c031\",\"name\":\"Pablo Guti\u00e9rrez-Rav\u00e9 Villal\u00f3n\",\"image\":{\"@type\":\"ImageObject\",\"inLanguage\":\"es\",\"@id\":\"https:\\\/\\\/luxonomy.net\\\/wp-content\\\/litespeed\\\/avatar\\\/b80839bcd1d7840754b71e72cad801ce.jpg?ver=1787608565\",\"url\":\"https:\\\/\\\/luxonomy.net\\\/wp-content\\\/litespeed\\\/avatar\\\/b80839bcd1d7840754b71e72cad801ce.jpg?ver=1787608565\",\"contentUrl\":\"https:\\\/\\\/luxonomy.net\\\/wp-content\\\/litespeed\\\/avatar\\\/b80839bcd1d7840754b71e72cad801ce.jpg?ver=1787608565\",\"caption\":\"Pablo Guti\u00e9rrez-Rav\u00e9 Villal\u00f3n\"},\"description\":\"president LUXONOMY\u2122 Group\",\"sameAs\":[\"https:\\\/\\\/www.linkedin.com\\\/in\\\/pablogutierrezrave\\\/\"],\"url\":\"https:\\\/\\\/luxonomy.net\\\/es\\\/author\\\/pablo\\\/\"}]}<\/script>\n<!-- \/ Yoast SEO plugin. -->","yoast_head_json":{"title":"El Renacimiento de la Sastrer\u00eda a Medida y el Gentleman del Siglo XXI | LUXONOMY","robots":{"index":"index","follow":"follow","max-snippet":"max-snippet:-1","max-image-preview":"max-image-preview:large","max-video-preview":"max-video-preview:-1"},"canonical":"https:\/\/luxonomy.net\/es\/el-renacimiento-de-la-sastreria-a-medida-y-el-gentleman-del-siglo-xxi\/","og_locale":"es_ES","og_type":"article","og_title":"El Renacimiento de la Sastrer\u00eda a Medida y el Gentleman del Siglo XXI | LUXONOMY","og_description":"[lwptoc toggle=&#8221;0&#8243; colorScheme=&#8221;inherit&#8221;] El resurgimiento de la sastrer\u00eda a medida refleja un cambio en los valores y prioridades de la sociedad actual. El gentleman del siglo XXI busca la singularidad, valora la calidad y es consciente de la importancia de la sostenibilidad. La sastrer\u00eda a medida, con su enfoque en la artesan\u00eda, la personalizaci\u00f3n y&hellip;","og_url":"https:\/\/luxonomy.net\/es\/el-renacimiento-de-la-sastreria-a-medida-y-el-gentleman-del-siglo-xxi\/","og_site_name":"LUXONOMY","article_publisher":"https:\/\/www.facebook.com\/luxonomy","article_published_time":"2023-08-29T15:10:10+00:00","article_modified_time":"2023-08-29T15:10:35+00:00","og_image":[{"width":1000,"height":667,"url":"https:\/\/i0.wp.com\/luxonomy.net\/wp-content\/uploads\/2023\/08\/shutterstock_640171108.jpg?fit=1000%2C667&quality=89&ssl=1","type":"image\/jpeg"}],"author":"Pablo Guti\u00e9rrez-Rav\u00e9 Villal\u00f3n","twitter_card":"summary_large_image","twitter_misc":{"Escrito por":"Pablo Guti\u00e9rrez-Rav\u00e9 Villal\u00f3n","Tiempo de lectura":"4 minutos"},"schema":{"@context":"https:\/\/schema.org","@graph":[{"@type":"Article","@id":"https:\/\/luxonomy.net\/es\/el-renacimiento-de-la-sastreria-a-medida-y-el-gentleman-del-siglo-xxi\/#article","isPartOf":{"@id":"https:\/\/luxonomy.net\/es\/el-renacimiento-de-la-sastreria-a-medida-y-el-gentleman-del-siglo-xxi\/"},"author":{"name":"Pablo Guti\u00e9rrez-Rav\u00e9 Villal\u00f3n","@id":"https:\/\/luxonomy.net\/es\/#\/schema\/person\/aca186356f30a813f61bbf19ba52c031"},"headline":"El Renacimiento de la Sastrer\u00eda a Medida y el Gentleman del Siglo XXI","datePublished":"2023-08-29T15:10:10+00:00","dateModified":"2023-08-29T15:10:35+00:00","mainEntityOfPage":{"@id":"https:\/\/luxonomy.net\/es\/el-renacimiento-de-la-sastreria-a-medida-y-el-gentleman-del-siglo-xxi\/"},"wordCount":858,"publisher":{"@id":"https:\/\/luxonomy.net\/es\/#organization"},"image":{"@id":"https:\/\/luxonomy.net\/es\/el-renacimiento-de-la-sastreria-a-medida-y-el-gentleman-del-siglo-xxi\/#primaryimage"},"thumbnailUrl":"https:\/\/i0.wp.com\/luxonomy.net\/wp-content\/uploads\/2023\/08\/shutterstock_640171108.jpg?fit=1000%2C667&ssl=1","keywords":["actualidad","Moda","sastrer\u00eda a medida","silbon"],"articleSection":["Actualidad","Moda"],"inLanguage":"es"},{"@type":"WebPage","@id":"https:\/\/luxonomy.net\/es\/el-renacimiento-de-la-sastreria-a-medida-y-el-gentleman-del-siglo-xxi\/","url":"https:\/\/luxonomy.net\/es\/el-renacimiento-de-la-sastreria-a-medida-y-el-gentleman-del-siglo-xxi\/","name":"El Renacimiento de la Sastrer\u00eda a Medida y el Gentleman del Siglo XXI | LUXONOMY","isPartOf":{"@id":"https:\/\/luxonomy.net\/es\/#website"},"primaryImageOfPage":{"@id":"https:\/\/luxonomy.net\/es\/el-renacimiento-de-la-sastreria-a-medida-y-el-gentleman-del-siglo-xxi\/#primaryimage"},"image":{"@id":"https:\/\/luxonomy.net\/es\/el-renacimiento-de-la-sastreria-a-medida-y-el-gentleman-del-siglo-xxi\/#primaryimage"},"thumbnailUrl":"https:\/\/i0.wp.com\/luxonomy.net\/wp-content\/uploads\/2023\/08\/shutterstock_640171108.jpg?fit=1000%2C667&ssl=1","datePublished":"2023-08-29T15:10:10+00:00","dateModified":"2023-08-29T15:10:35+00:00","breadcrumb":{"@id":"https:\/\/luxonomy.net\/es\/el-renacimiento-de-la-sastreria-a-medida-y-el-gentleman-del-siglo-xxi\/#breadcrumb"},"inLanguage":"es","potentialAction":[{"@type":"ReadAction","target":["https:\/\/luxonomy.net\/es\/el-renacimiento-de-la-sastreria-a-medida-y-el-gentleman-del-siglo-xxi\/"]}]},{"@type":"ImageObject","inLanguage":"es","@id":"https:\/\/luxonomy.net\/es\/el-renacimiento-de-la-sastreria-a-medida-y-el-gentleman-del-siglo-xxi\/#primaryimage","url":"https:\/\/i0.wp.com\/luxonomy.net\/wp-content\/uploads\/2023\/08\/shutterstock_640171108.jpg?fit=1000%2C667&ssl=1","contentUrl":"https:\/\/i0.wp.com\/luxonomy.net\/wp-content\/uploads\/2023\/08\/shutterstock_640171108.jpg?fit=1000%2C667&ssl=1","width":1000,"height":667},{"@type":"BreadcrumbList","@id":"https:\/\/luxonomy.net\/es\/el-renacimiento-de-la-sastreria-a-medida-y-el-gentleman-del-siglo-xxi\/#breadcrumb","itemListElement":[{"@type":"ListItem","position":1,"name":"Portada","item":"https:\/\/luxonomy.net\/es\/"},{"@type":"ListItem","position":2,"name":"El Renacimiento de la Sastrer\u00eda a Medida y el Gentleman del Siglo XXI"}]},{"@type":"WebSite","@id":"https:\/\/luxonomy.net\/es\/#website","url":"https:\/\/luxonomy.net\/es\/","name":"LUXONOMY","description":"The Economy of Fashion &amp; Luxury","publisher":{"@id":"https:\/\/luxonomy.net\/es\/#organization"},"potentialAction":[{"@type":"SearchAction","target":{"@type":"EntryPoint","urlTemplate":"https:\/\/luxonomy.net\/es\/?s={search_term_string}"},"query-input":{"@type":"PropertyValueSpecification","valueRequired":true,"valueName":"search_term_string"}}],"inLanguage":"es"},{"@type":"Organization","@id":"https:\/\/luxonomy.net\/es\/#organization","name":"LUXONOMY","url":"https:\/\/luxonomy.net\/es\/","logo":{"@type":"ImageObject","inLanguage":"es","@id":"https:\/\/luxonomy.net\/es\/#\/schema\/logo\/image\/","url":"https:\/\/i2.wp.com\/luxonomy.net\/wp-content\/uploads\/2021\/09\/MOCKUP-TODOS-LUXONOMY.jpg?fit=1000%2C515&ssl=1","contentUrl":"https:\/\/i2.wp.com\/luxonomy.net\/wp-content\/uploads\/2021\/09\/MOCKUP-TODOS-LUXONOMY.jpg?fit=1000%2C515&ssl=1","width":1000,"height":515,"caption":"LUXONOMY"},"image":{"@id":"https:\/\/luxonomy.net\/es\/#\/schema\/logo\/image\/"},"sameAs":["https:\/\/www.facebook.com\/luxonomy","https:\/\/www.instagram.com\/luxonomy\/","https:\/\/www.linkedin.com\/company\/luxonomy\/"]},{"@type":"Person","@id":"https:\/\/luxonomy.net\/es\/#\/schema\/person\/aca186356f30a813f61bbf19ba52c031","name":"Pablo Guti\u00e9rrez-Rav\u00e9 Villal\u00f3n","image":{"@type":"ImageObject","inLanguage":"es","@id":"https:\/\/luxonomy.net\/wp-content\/litespeed\/avatar\/b80839bcd1d7840754b71e72cad801ce.jpg?ver=1787608565","url":"https:\/\/luxonomy.net\/wp-content\/litespeed\/avatar\/b80839bcd1d7840754b71e72cad801ce.jpg?ver=1787608565","contentUrl":"https:\/\/luxonomy.net\/wp-content\/litespeed\/avatar\/b80839bcd1d7840754b71e72cad801ce.jpg?ver=1787608565","caption":"Pablo Guti\u00e9rrez-Rav\u00e9 Villal\u00f3n"},"description":"president LUXONOMY\u2122 Group","sameAs":["https:\/\/www.linkedin.com\/in\/pablogutierrezrave\/"],"url":"https:\/\/luxonomy.net\/es\/author\/pablo\/"}]}},"jetpack_publicize_connections":[],"jetpack_shortlink":"https:\/\/wp.me\/paPhBa-chp","jetpack_sharing_enabled":true,"jetpack_featured_media_url":"https:\/\/i0.wp.com\/luxonomy.net\/wp-content\/uploads\/2023\/08\/shutterstock_640171108.jpg?fit=1000%2C667&ssl=1","_links":{"self":[{"href":"https:\/\/luxonomy.net\/es\/wp-json\/wp\/v2\/posts\/47207","targetHints":{"allow":["GET"]}}],"collection":[{"href":"https:\/\/luxonomy.net\/es\/wp-json\/wp\/v2\/posts"}],"about":[{"href":"https:\/\/luxonomy.net\/es\/wp-json\/wp\/v2\/types\/post"}],"author":[{"embeddable":true,"href":"https:\/\/luxonomy.net\/es\/wp-json\/wp\/v2\/users\/19"}],"replies":[{"embeddable":true,"href":"https:\/\/luxonomy.net\/es\/wp-json\/wp\/v2\/comments?post=47207"}],"version-history":[{"count":5,"href":"https:\/\/luxonomy.net\/es\/wp-json\/wp\/v2\/posts\/47207\/revisions"}],"predecessor-version":[{"id":47215,"href":"https:\/\/luxonomy.net\/es\/wp-json\/wp\/v2\/posts\/47207\/revisions\/47215"}],"wp:featuredmedia":[{"embeddable":true,"href":"https:\/\/luxonomy.net\/es\/wp-json\/wp\/v2\/media\/47209"}],"wp:attachment":[{"href":"https:\/\/luxonomy.net\/es\/wp-json\/wp\/v2\/media?parent=47207"}],"wp:term":[{"taxonomy":"category","embeddable":true,"href":"https:\/\/luxonomy.net\/es\/wp-json\/wp\/v2\/categories?post=47207"},{"taxonomy":"post_tag","embeddable":true,"href":"https:\/\/luxonomy.net\/es\/wp-json\/wp\/v2\/tags?post=47207"},{"taxonomy":"thb-sponsors","embeddable":true,"href":"https:\/\/luxonomy.net\/es\/wp-json\/wp\/v2\/thb-sponsors?post=47207"}],"curies":[{"name":"wp","href":"https:\/\/api.w.org\/{rel}","templated":true}]}}