{"id":47078,"date":"2023-08-09T14:54:23","date_gmt":"2023-08-09T12:54:23","guid":{"rendered":"https:\/?p=47078"},"modified":"2023-08-09T14:54:23","modified_gmt":"2023-08-09T12:54:23","slug":"historia-del-lujo-alexander-mcqueen","status":"publish","type":"post","link":"https:\/\/luxonomy.net\/es\/historia-del-lujo-alexander-mcqueen\/","title":{"rendered":"Historia del Lujo: Alexander McQueen"},"content":{"rendered":"<p><strong>Alexander McQueen<\/strong> es considerada una de las marcas de moda m\u00e1s <strong>revolucionarias e influyentes del siglo XXI<\/strong>. Desde su debut en las pasarelas en 1992 hasta su presencia mundial actual, la marca ha obtenido reconocimiento por su <strong>est\u00e9tica \u00fanica, dise\u00f1os provocativos y creaciones vanguardistas<\/strong>.<\/p>\n<p>Alexander McQueen naci\u00f3 el 17 de marzo de 1969 en el East End de Londres. Creci\u00f3 en <strong>condiciones humildes<\/strong> y encontr\u00f3 su amor por la moda dise\u00f1ando ropa para sus tres hermanas. Su talento excepcional en la moda fue reconocido durante sus estudios en el <strong>Central Saint Martins College of Art and Design en Londres<\/strong>. Despu\u00e9s de graduarse en 1992, su colecci\u00f3n de graduaci\u00f3n, &#8220;Jack the Ripper Stalks His Victims&#8221;, inspirada en las calles de Londres y la era victoriana, fue aclamada.<\/p>\n<p>Esta colecci\u00f3n fue <strong>comprada en su totalidad por quien m\u00e1s tarde ser\u00eda su mentora y musa, la estilista de Vogue, Isabella Blow<\/strong>. Un a\u00f1o despu\u00e9s, fund\u00f3 su propia empresa de moda, Alexander McQueen Trading Limited. Con su etiqueta hom\u00f3nima, r\u00e1pidamente se hizo un nombre en el mundo de la moda por sus dise\u00f1os provocativos y presentaciones avant-garde. Una de sus colecciones m\u00e1s ic\u00f3nicas fue &#8220;Highland Rape&#8221; de 1995, que explor\u00f3 la historia brutal de Escocia y caus\u00f3 controversia.<\/p><div id=\"luxon-4191424079\" class=\"luxon-3er-parrafo luxon-entity-placement\" style=\"margin-top: 20px;margin-bottom: 20px;margin-left: auto;margin-right: auto;text-align: center;\"><a href=\"https:\/\/luxonomy.university\/course\/master-turismo-de-lujo\" target=\"_blank\" aria-label=\"master-turismo-lujo-2026-2027\"><img loading=\"lazy\" decoding=\"async\" src=\"https:\/\/i0.wp.com\/luxonomy.net\/wp-content\/uploads\/2020\/07\/master-turismo-lujo-2026-2027.jpg?fit=1672%2C941&#038;ssl=1\" alt=\"\"  srcset=\"https:\/\/i0.wp.com\/luxonomy.net\/wp-content\/uploads\/2020\/07\/master-turismo-lujo-2026-2027.jpg?w=1672&ssl=1 1672w, https:\/\/i0.wp.com\/luxonomy.net\/wp-content\/uploads\/2020\/07\/master-turismo-lujo-2026-2027.jpg?resize=300%2C169&ssl=1 300w, https:\/\/i0.wp.com\/luxonomy.net\/wp-content\/uploads\/2020\/07\/master-turismo-lujo-2026-2027.jpg?resize=1024%2C576&ssl=1 1024w, https:\/\/i0.wp.com\/luxonomy.net\/wp-content\/uploads\/2020\/07\/master-turismo-lujo-2026-2027.jpg?resize=768%2C432&ssl=1 768w, https:\/\/i0.wp.com\/luxonomy.net\/wp-content\/uploads\/2020\/07\/master-turismo-lujo-2026-2027.jpg?resize=1536%2C864&ssl=1 1536w, https:\/\/i0.wp.com\/luxonomy.net\/wp-content\/uploads\/2020\/07\/master-turismo-lujo-2026-2027.jpg?resize=370%2C208&ssl=1 370w, https:\/\/i0.wp.com\/luxonomy.net\/wp-content\/uploads\/2020\/07\/master-turismo-lujo-2026-2027.jpg?resize=800%2C450&ssl=1 800w, https:\/\/i0.wp.com\/luxonomy.net\/wp-content\/uploads\/2020\/07\/master-turismo-lujo-2026-2027.jpg?resize=20%2C11&ssl=1 20w, https:\/\/i0.wp.com\/luxonomy.net\/wp-content\/uploads\/2020\/07\/master-turismo-lujo-2026-2027.jpg?resize=740%2C416&ssl=1 740w, https:\/\/i0.wp.com\/luxonomy.net\/wp-content\/uploads\/2020\/07\/master-turismo-lujo-2026-2027.jpg?resize=1600%2C900&ssl=1 1600w, https:\/\/i0.wp.com\/luxonomy.net\/wp-content\/uploads\/2020\/07\/master-turismo-lujo-2026-2027.jpg?resize=1200%2C675&ssl=1 1200w, https:\/\/i0.wp.com\/luxonomy.net\/wp-content\/uploads\/2020\/07\/master-turismo-lujo-2026-2027.jpg?resize=85%2C48&ssl=1 85w\" sizes=\"(max-width: 1170px) 100vw, 1170px\" class=\"no-lazyload\" width=\"1672\" height=\"941\"   \/><\/a><\/div>\n<p>En 1997, fue nombrado <strong>director creativo de la casa de moda francesa Givenchy<\/strong>. A pesar del breve tiempo que pas\u00f3 all\u00ed, dej\u00f3 una marca indeleble. Sin embargo, diferencias creativas lo llevaron a vender m\u00e1s de la mitad de las acciones de su empresa a PPR, competencia directa de LVMH, a fines de 2000.<\/p>\n<p>En 2000, McQueen se cas\u00f3 con su pareja de largo tiempo, el cineasta George Forsyth, siendo la modelo brit\u00e1nica <strong>Kate Moss<\/strong> la dama de honor. A pesar de perder el control mayoritario de su empresa, la marca Alexander McQueen sigui\u00f3 creciendo. A mediados de la d\u00e9cada de 2000, trabaj\u00f3 estrechamente con la ic\u00f3nica <strong>Lady Gaga<\/strong>, dise\u00f1ando muchos de sus atuendos provocativos.<\/p>\n<p>El mundo de la moda qued\u00f3 conmocionado con el <strong>suicidio de Alexander McQueen en 2010<\/strong>. A pesar de su \u00e9xito, luch\u00f3 con la depresi\u00f3n y la ansiedad. Tras su muerte, Sarah Burton, colaboradora cercana, asumi\u00f3 como directora creativa, manteniendo viva la esencia de McQueen mientras llevaba su visi\u00f3n al futuro.<\/p>\n<p>Hoy en d\u00eda, la marca <strong>Alexander McQueen es sin\u00f3nimo de pensamiento radical, creatividad y lujo.<\/strong> Desde los inicios del talentoso dise\u00f1ador hasta la innovaci\u00f3n continua bajo la direcci\u00f3n de Sarah Burton, la marca sigue estableciendo nuevos est\u00e1ndares e inspirando al mundo de la moda. Junto a nombres como Vivienne Westwood y John Galliano, Alexander McQueen sigue siendo uno de los dise\u00f1adores de moda m\u00e1s influyentes y importantes de todos los tiempos.<\/p><div id=\"luxon-1623544347\" class=\"luxon-7-parrafo luxon-entity-placement\" style=\"margin-top: 20px;margin-bottom: 20px;margin-left: auto;margin-right: auto;text-align: center;\"><a href=\"https:\/\/theintelligence.institute\/course\/inteligencia-artificial-para-directivos\" target=\"_blank\" aria-label=\"CSIAD_empresas_THEI_horizontal_4x3_v5\"><img loading=\"lazy\" decoding=\"async\" src=\"https:\/\/i0.wp.com\/luxonomy.net\/wp-content\/uploads\/2025\/08\/CSIAD_empresas_THEI_horizontal_4x3_v5.png?fit=2000%2C1500&#038;ssl=1\" alt=\"\"  srcset=\"https:\/\/i0.wp.com\/luxonomy.net\/wp-content\/uploads\/2025\/08\/CSIAD_empresas_THEI_horizontal_4x3_v5.png?w=2000&ssl=1 2000w, https:\/\/i0.wp.com\/luxonomy.net\/wp-content\/uploads\/2025\/08\/CSIAD_empresas_THEI_horizontal_4x3_v5.png?resize=300%2C225&ssl=1 300w, https:\/\/i0.wp.com\/luxonomy.net\/wp-content\/uploads\/2025\/08\/CSIAD_empresas_THEI_horizontal_4x3_v5.png?resize=1024%2C768&ssl=1 1024w, https:\/\/i0.wp.com\/luxonomy.net\/wp-content\/uploads\/2025\/08\/CSIAD_empresas_THEI_horizontal_4x3_v5.png?resize=768%2C576&ssl=1 768w, https:\/\/i0.wp.com\/luxonomy.net\/wp-content\/uploads\/2025\/08\/CSIAD_empresas_THEI_horizontal_4x3_v5.png?resize=1536%2C1152&ssl=1 1536w, https:\/\/i0.wp.com\/luxonomy.net\/wp-content\/uploads\/2025\/08\/CSIAD_empresas_THEI_horizontal_4x3_v5.png?resize=370%2C278&ssl=1 370w, https:\/\/i0.wp.com\/luxonomy.net\/wp-content\/uploads\/2025\/08\/CSIAD_empresas_THEI_horizontal_4x3_v5.png?resize=800%2C600&ssl=1 800w, https:\/\/i0.wp.com\/luxonomy.net\/wp-content\/uploads\/2025\/08\/CSIAD_empresas_THEI_horizontal_4x3_v5.png?resize=20%2C15&ssl=1 20w, https:\/\/i0.wp.com\/luxonomy.net\/wp-content\/uploads\/2025\/08\/CSIAD_empresas_THEI_horizontal_4x3_v5.png?resize=740%2C555&ssl=1 740w, https:\/\/i0.wp.com\/luxonomy.net\/wp-content\/uploads\/2025\/08\/CSIAD_empresas_THEI_horizontal_4x3_v5.png?resize=1600%2C1200&ssl=1 1600w, https:\/\/i0.wp.com\/luxonomy.net\/wp-content\/uploads\/2025\/08\/CSIAD_empresas_THEI_horizontal_4x3_v5.png?resize=1200%2C900&ssl=1 1200w, https:\/\/i0.wp.com\/luxonomy.net\/wp-content\/uploads\/2025\/08\/CSIAD_empresas_THEI_horizontal_4x3_v5.png?resize=64%2C48&ssl=1 64w\" sizes=\"(max-width: 1170px) 100vw, 1170px\" class=\"no-lazyload\" width=\"2000\" height=\"1500\"   \/><\/a><\/div>\n<p>El <strong>legado<\/strong> de Alexander McQueen no solo reside en las prendas y colecciones que dej\u00f3 atr\u00e1s, sino tambi\u00e9n en la influencia perdurable que ha tenido en la industria de la moda. Las creaciones de McQueen, imbuidas de un profundo simbolismo y una t\u00e9cnica impecable, demostraron que la moda puede ser mucho m\u00e1s que simplemente ropa; puede ser una forma de arte en s\u00ed misma, capaz de comunicar mensajes profundos y evocar emociones intensas en el espectador.<\/p>\n<p>El enfoque revolucionario de McQueen hacia la moda <strong>desafi\u00f3 constantemente las convenciones establecidas<\/strong>. No solo reinvent\u00f3 siluetas y t\u00e9cnicas de confecci\u00f3n, sino que tambi\u00e9n redefini\u00f3 lo que significa un desfile de moda, transform\u00e1ndolo en un espect\u00e1culo teatral lleno de narrativa y drama. Su habilidad para fusionar moda, arte y teatro en presentaciones memorables le otorg\u00f3 un lugar especial en la historia de la moda.<\/p>\n<p>Adem\u00e1s, el <strong>compromiso de McQueen con la artesan\u00eda y la innovaci\u00f3n es un testimonio del respeto que ten\u00eda por su oficio<\/strong>. A pesar de su inclinaci\u00f3n por lo teatral y lo provocativo, nunca comprometi\u00f3 la calidad y la t\u00e9cnica en su trabajo. Cada prenda que sal\u00eda de su atelier era el resultado de una meticulosa atenci\u00f3n al detalle y una profunda comprensi\u00f3n de la construcci\u00f3n y el dise\u00f1o de la moda.<\/p>\n<p>No obstante, el viaje de McQueen no estuvo exento de <strong>controversias<\/strong>. Si bien es cierto que sus dise\u00f1os a menudo abordaban temas oscuros y tab\u00faes, tambi\u00e9n es crucial entender que su intenci\u00f3n no era trivializar o explotar estos temas, sino arrojar luz sobre ellos y generar un di\u00e1logo. A trav\u00e9s de su trabajo, McQueen invit\u00f3 al mundo a cuestionar y reconsiderar sus propias percepciones y prejuicios.<\/p>\n<p>En el \u00e1mbito <strong>acad\u00e9mico<\/strong>, el impacto de McQueen ha sido objeto de numerosos estudios y an\u00e1lisis. Investigadores y acad\u00e9micos han examinado su trabajo desde diversas perspectivas, explorando temas como la representaci\u00f3n del cuerpo, el g\u00e9nero, la identidad y el poder en sus dise\u00f1os. Adem\u00e1s, su influencia ha sido evidente en las colecciones y enfoques de muchos dise\u00f1adores emergentes, quienes ven en McQueen un pionero y un icono a seguir.<\/p>\n<p>La contribuci\u00f3n de Alexander McQueen al mundo de la moda de lujo va m\u00e1s all\u00e1 de las prendas y los desfiles. Su enfoque visionario y su inquebrantable compromiso con la excelencia han dejado una marca indeleble en la industria, y su legado sigue siendo una fuente de inspiraci\u00f3n y admiraci\u00f3n para las generaciones actuales y futuras de dise\u00f1adores, acad\u00e9micos y amantes de la moda. La historia de McQueen es un recordatorio poderoso de la capacidad de la moda para desafiar, provocar y, en \u00faltima instancia, cambiar la manera en que vemos el mundo.<\/p>\n","protected":false},"excerpt":{"rendered":"<p>Alexander McQueen es considerada una de las marcas de moda m\u00e1s revolucionarias e influyentes del siglo XXI. Desde su debut en las pasarelas en 1992 hasta su presencia mundial actual, la marca ha obtenido reconocimiento por su est\u00e9tica \u00fanica, dise\u00f1os provocativos y creaciones vanguardistas. Alexander McQueen naci\u00f3 el 17 de marzo de 1969 en el&hellip;<\/p>\n","protected":false},"author":19,"featured_media":47079,"comment_status":"closed","ping_status":"open","sticky":false,"template":"","format":"standard","meta":{"_jetpack_newsletter_access":"","_jetpack_dont_email_post_to_subs":false,"_jetpack_newsletter_tier_id":0,"_jetpack_memberships_contains_paywalled_content":false,"_jetpack_feature_clip_id":0,"_jetpack_memberships_contains_paid_content":false,"footnotes":"","jetpack_publicize_message":"","jetpack_publicize_feature_enabled":true,"jetpack_social_post_already_shared":true,"jetpack_social_options":{"image_generator_settings":{"template":"edge","default_image_id":0,"font":"","enabled":false},"version":2},"jetpack_post_was_ever_published":false},"categories":[4228],"tags":[6474,1979],"thb-sponsors":[],"class_list":["post-47078","post","type-post","status-publish","format-standard","has-post-thumbnail","hentry","category-historia-de-la-moda-y-el-lujo","tag-alexander-mcqueen","tag-historia-del-lujo"],"yoast_head":"<!-- This site is optimized with the Yoast SEO plugin v28.4 - https:\/\/yoast.com\/product\/yoast-seo-wordpress\/ -->\n<title>Historia del Lujo: Alexander McQueen | LUXONOMY<\/title>\n<meta name=\"robots\" content=\"index, follow, max-snippet:-1, max-image-preview:large, max-video-preview:-1\" \/>\n<link rel=\"canonical\" href=\"https:\/\/luxonomy.net\/es\/historia-del-lujo-alexander-mcqueen\/\" \/>\n<meta property=\"og:locale\" content=\"es_ES\" \/>\n<meta property=\"og:type\" content=\"article\" \/>\n<meta property=\"og:title\" content=\"Historia del Lujo: Alexander McQueen | LUXONOMY\" \/>\n<meta property=\"og:description\" content=\"Alexander McQueen es considerada una de las marcas de moda m\u00e1s revolucionarias e influyentes del siglo XXI. Desde su debut en las pasarelas en 1992 hasta su presencia mundial actual, la marca ha obtenido reconocimiento por su est\u00e9tica \u00fanica, dise\u00f1os provocativos y creaciones vanguardistas. Alexander McQueen naci\u00f3 el 17 de marzo de 1969 en el&hellip;\" \/>\n<meta property=\"og:url\" content=\"https:\/\/luxonomy.net\/es\/historia-del-lujo-alexander-mcqueen\/\" \/>\n<meta property=\"og:site_name\" content=\"LUXONOMY\" \/>\n<meta property=\"article:publisher\" content=\"https:\/\/www.facebook.com\/luxonomy\" \/>\n<meta property=\"article:published_time\" content=\"2023-08-09T12:54:23+00:00\" \/>\n<meta property=\"og:image\" content=\"https:\/\/i0.wp.com\/luxonomy.net\/wp-content\/uploads\/2023\/08\/shutterstock_725492374.jpg?fit=500%2C334&quality=89&ssl=1\" \/>\n\t<meta property=\"og:image:width\" content=\"500\" \/>\n\t<meta property=\"og:image:height\" content=\"334\" \/>\n\t<meta property=\"og:image:type\" content=\"image\/jpeg\" \/>\n<meta name=\"author\" content=\"Pablo Guti\u00e9rrez-Rav\u00e9 Villal\u00f3n\" \/>\n<meta name=\"twitter:card\" content=\"summary_large_image\" \/>\n<meta name=\"twitter:label1\" content=\"Escrito por\" \/>\n\t<meta name=\"twitter:data1\" content=\"Pablo Guti\u00e9rrez-Rav\u00e9 Villal\u00f3n\" \/>\n\t<meta name=\"twitter:label2\" content=\"Tiempo de lectura\" \/>\n\t<meta name=\"twitter:data2\" content=\"5 minutos\" \/>\n<script type=\"application\/ld+json\" class=\"yoast-schema-graph\">{\"@context\":\"https:\\\/\\\/schema.org\",\"@graph\":[{\"@type\":\"Article\",\"@id\":\"https:\\\/\\\/luxonomy.net\\\/es\\\/historia-del-lujo-alexander-mcqueen\\\/#article\",\"isPartOf\":{\"@id\":\"https:\\\/\\\/luxonomy.net\\\/es\\\/historia-del-lujo-alexander-mcqueen\\\/\"},\"author\":{\"name\":\"Pablo Guti\u00e9rrez-Rav\u00e9 Villal\u00f3n\",\"@id\":\"https:\\\/\\\/luxonomy.net\\\/es\\\/#\\\/schema\\\/person\\\/946f96026a12fb240997712bcc85943b\"},\"headline\":\"Historia del Lujo: Alexander McQueen\",\"datePublished\":\"2023-08-09T12:54:23+00:00\",\"mainEntityOfPage\":{\"@id\":\"https:\\\/\\\/luxonomy.net\\\/es\\\/historia-del-lujo-alexander-mcqueen\\\/\"},\"wordCount\":945,\"publisher\":{\"@id\":\"https:\\\/\\\/luxonomy.net\\\/es\\\/#organization\"},\"image\":{\"@id\":\"https:\\\/\\\/luxonomy.net\\\/es\\\/historia-del-lujo-alexander-mcqueen\\\/#primaryimage\"},\"thumbnailUrl\":\"https:\\\/\\\/i0.wp.com\\\/luxonomy.net\\\/wp-content\\\/uploads\\\/2023\\\/08\\\/shutterstock_725492374.jpg?fit=500%2C334&ssl=1\",\"keywords\":[\"Alexander McQueen\",\"historia del lujo\"],\"articleSection\":[\"Historia de la Moda y el Lujo\"],\"inLanguage\":\"es\"},{\"@type\":\"WebPage\",\"@id\":\"https:\\\/\\\/luxonomy.net\\\/es\\\/historia-del-lujo-alexander-mcqueen\\\/\",\"url\":\"https:\\\/\\\/luxonomy.net\\\/es\\\/historia-del-lujo-alexander-mcqueen\\\/\",\"name\":\"Historia del Lujo: Alexander McQueen | LUXONOMY\",\"isPartOf\":{\"@id\":\"https:\\\/\\\/luxonomy.net\\\/es\\\/#website\"},\"primaryImageOfPage\":{\"@id\":\"https:\\\/\\\/luxonomy.net\\\/es\\\/historia-del-lujo-alexander-mcqueen\\\/#primaryimage\"},\"image\":{\"@id\":\"https:\\\/\\\/luxonomy.net\\\/es\\\/historia-del-lujo-alexander-mcqueen\\\/#primaryimage\"},\"thumbnailUrl\":\"https:\\\/\\\/i0.wp.com\\\/luxonomy.net\\\/wp-content\\\/uploads\\\/2023\\\/08\\\/shutterstock_725492374.jpg?fit=500%2C334&ssl=1\",\"datePublished\":\"2023-08-09T12:54:23+00:00\",\"breadcrumb\":{\"@id\":\"https:\\\/\\\/luxonomy.net\\\/es\\\/historia-del-lujo-alexander-mcqueen\\\/#breadcrumb\"},\"inLanguage\":\"es\",\"potentialAction\":[{\"@type\":\"ReadAction\",\"target\":[\"https:\\\/\\\/luxonomy.net\\\/es\\\/historia-del-lujo-alexander-mcqueen\\\/\"]}]},{\"@type\":\"ImageObject\",\"inLanguage\":\"es\",\"@id\":\"https:\\\/\\\/luxonomy.net\\\/es\\\/historia-del-lujo-alexander-mcqueen\\\/#primaryimage\",\"url\":\"https:\\\/\\\/i0.wp.com\\\/luxonomy.net\\\/wp-content\\\/uploads\\\/2023\\\/08\\\/shutterstock_725492374.jpg?fit=500%2C334&ssl=1\",\"contentUrl\":\"https:\\\/\\\/i0.wp.com\\\/luxonomy.net\\\/wp-content\\\/uploads\\\/2023\\\/08\\\/shutterstock_725492374.jpg?fit=500%2C334&ssl=1\",\"width\":500,\"height\":334},{\"@type\":\"BreadcrumbList\",\"@id\":\"https:\\\/\\\/luxonomy.net\\\/es\\\/historia-del-lujo-alexander-mcqueen\\\/#breadcrumb\",\"itemListElement\":[{\"@type\":\"ListItem\",\"position\":1,\"name\":\"Portada\",\"item\":\"https:\\\/\\\/luxonomy.net\\\/es\\\/\"},{\"@type\":\"ListItem\",\"position\":2,\"name\":\"Historia del Lujo: Alexander McQueen\"}]},{\"@type\":\"WebSite\",\"@id\":\"https:\\\/\\\/luxonomy.net\\\/es\\\/#website\",\"url\":\"https:\\\/\\\/luxonomy.net\\\/es\\\/\",\"name\":\"LUXONOMY\",\"description\":\"The Economy of Fashion &amp; Luxury\",\"publisher\":{\"@id\":\"https:\\\/\\\/luxonomy.net\\\/es\\\/#organization\"},\"potentialAction\":[{\"@type\":\"SearchAction\",\"target\":{\"@type\":\"EntryPoint\",\"urlTemplate\":\"https:\\\/\\\/luxonomy.net\\\/es\\\/?s={search_term_string}\"},\"query-input\":{\"@type\":\"PropertyValueSpecification\",\"valueRequired\":true,\"valueName\":\"search_term_string\"}}],\"inLanguage\":\"es\"},{\"@type\":\"Organization\",\"@id\":\"https:\\\/\\\/luxonomy.net\\\/es\\\/#organization\",\"name\":\"LUXONOMY\",\"url\":\"https:\\\/\\\/luxonomy.net\\\/es\\\/\",\"logo\":{\"@type\":\"ImageObject\",\"inLanguage\":\"es\",\"@id\":\"https:\\\/\\\/luxonomy.net\\\/es\\\/#\\\/schema\\\/logo\\\/image\\\/\",\"url\":\"https:\\\/\\\/i2.wp.com\\\/luxonomy.net\\\/wp-content\\\/uploads\\\/2021\\\/09\\\/MOCKUP-TODOS-LUXONOMY.jpg?fit=1000%2C515&ssl=1\",\"contentUrl\":\"https:\\\/\\\/i2.wp.com\\\/luxonomy.net\\\/wp-content\\\/uploads\\\/2021\\\/09\\\/MOCKUP-TODOS-LUXONOMY.jpg?fit=1000%2C515&ssl=1\",\"width\":1000,\"height\":515,\"caption\":\"LUXONOMY\"},\"image\":{\"@id\":\"https:\\\/\\\/luxonomy.net\\\/es\\\/#\\\/schema\\\/logo\\\/image\\\/\"},\"sameAs\":[\"https:\\\/\\\/www.facebook.com\\\/luxonomy\",\"https:\\\/\\\/www.instagram.com\\\/luxonomy\\\/\",\"https:\\\/\\\/www.linkedin.com\\\/company\\\/luxonomy\\\/\"]},{\"@type\":\"Person\",\"@id\":\"https:\\\/\\\/luxonomy.net\\\/es\\\/#\\\/schema\\\/person\\\/946f96026a12fb240997712bcc85943b\",\"name\":\"Pablo Guti\u00e9rrez-Rav\u00e9 Villal\u00f3n\",\"image\":{\"@type\":\"ImageObject\",\"inLanguage\":\"es\",\"@id\":\"https:\\\/\\\/luxonomy.net\\\/wp-content\\\/litespeed\\\/avatar\\\/b80839bcd1d7840754b71e72cad801ce.jpg?ver=1788213692\",\"url\":\"https:\\\/\\\/luxonomy.net\\\/wp-content\\\/litespeed\\\/avatar\\\/b80839bcd1d7840754b71e72cad801ce.jpg?ver=1788213692\",\"contentUrl\":\"https:\\\/\\\/luxonomy.net\\\/wp-content\\\/litespeed\\\/avatar\\\/b80839bcd1d7840754b71e72cad801ce.jpg?ver=1788213692\",\"caption\":\"Pablo Guti\u00e9rrez-Rav\u00e9 Villal\u00f3n\"},\"description\":\"president LUXONOMY\u2122 Group\",\"sameAs\":[\"https:\\\/\\\/www.linkedin.com\\\/in\\\/pablogutierrezrave\\\/\"],\"url\":\"https:\\\/\\\/luxonomy.net\\\/es\\\/author\\\/pablo\\\/\"}]}<\/script>\n<!-- \/ Yoast SEO plugin. -->","yoast_head_json":{"title":"Historia del Lujo: Alexander McQueen | LUXONOMY","robots":{"index":"index","follow":"follow","max-snippet":"max-snippet:-1","max-image-preview":"max-image-preview:large","max-video-preview":"max-video-preview:-1"},"canonical":"https:\/\/luxonomy.net\/es\/historia-del-lujo-alexander-mcqueen\/","og_locale":"es_ES","og_type":"article","og_title":"Historia del Lujo: Alexander McQueen | LUXONOMY","og_description":"Alexander McQueen es considerada una de las marcas de moda m\u00e1s revolucionarias e influyentes del siglo XXI. Desde su debut en las pasarelas en 1992 hasta su presencia mundial actual, la marca ha obtenido reconocimiento por su est\u00e9tica \u00fanica, dise\u00f1os provocativos y creaciones vanguardistas. Alexander McQueen naci\u00f3 el 17 de marzo de 1969 en el&hellip;","og_url":"https:\/\/luxonomy.net\/es\/historia-del-lujo-alexander-mcqueen\/","og_site_name":"LUXONOMY","article_publisher":"https:\/\/www.facebook.com\/luxonomy","article_published_time":"2023-08-09T12:54:23+00:00","og_image":[{"width":500,"height":334,"url":"https:\/\/i0.wp.com\/luxonomy.net\/wp-content\/uploads\/2023\/08\/shutterstock_725492374.jpg?fit=500%2C334&quality=89&ssl=1","type":"image\/jpeg"}],"author":"Pablo Guti\u00e9rrez-Rav\u00e9 Villal\u00f3n","twitter_card":"summary_large_image","twitter_misc":{"Escrito por":"Pablo Guti\u00e9rrez-Rav\u00e9 Villal\u00f3n","Tiempo de lectura":"5 minutos"},"schema":{"@context":"https:\/\/schema.org","@graph":[{"@type":"Article","@id":"https:\/\/luxonomy.net\/es\/historia-del-lujo-alexander-mcqueen\/#article","isPartOf":{"@id":"https:\/\/luxonomy.net\/es\/historia-del-lujo-alexander-mcqueen\/"},"author":{"name":"Pablo Guti\u00e9rrez-Rav\u00e9 Villal\u00f3n","@id":"https:\/\/luxonomy.net\/es\/#\/schema\/person\/946f96026a12fb240997712bcc85943b"},"headline":"Historia del Lujo: Alexander McQueen","datePublished":"2023-08-09T12:54:23+00:00","mainEntityOfPage":{"@id":"https:\/\/luxonomy.net\/es\/historia-del-lujo-alexander-mcqueen\/"},"wordCount":945,"publisher":{"@id":"https:\/\/luxonomy.net\/es\/#organization"},"image":{"@id":"https:\/\/luxonomy.net\/es\/historia-del-lujo-alexander-mcqueen\/#primaryimage"},"thumbnailUrl":"https:\/\/i0.wp.com\/luxonomy.net\/wp-content\/uploads\/2023\/08\/shutterstock_725492374.jpg?fit=500%2C334&ssl=1","keywords":["Alexander McQueen","historia del lujo"],"articleSection":["Historia de la Moda y el Lujo"],"inLanguage":"es"},{"@type":"WebPage","@id":"https:\/\/luxonomy.net\/es\/historia-del-lujo-alexander-mcqueen\/","url":"https:\/\/luxonomy.net\/es\/historia-del-lujo-alexander-mcqueen\/","name":"Historia del Lujo: Alexander McQueen | LUXONOMY","isPartOf":{"@id":"https:\/\/luxonomy.net\/es\/#website"},"primaryImageOfPage":{"@id":"https:\/\/luxonomy.net\/es\/historia-del-lujo-alexander-mcqueen\/#primaryimage"},"image":{"@id":"https:\/\/luxonomy.net\/es\/historia-del-lujo-alexander-mcqueen\/#primaryimage"},"thumbnailUrl":"https:\/\/i0.wp.com\/luxonomy.net\/wp-content\/uploads\/2023\/08\/shutterstock_725492374.jpg?fit=500%2C334&ssl=1","datePublished":"2023-08-09T12:54:23+00:00","breadcrumb":{"@id":"https:\/\/luxonomy.net\/es\/historia-del-lujo-alexander-mcqueen\/#breadcrumb"},"inLanguage":"es","potentialAction":[{"@type":"ReadAction","target":["https:\/\/luxonomy.net\/es\/historia-del-lujo-alexander-mcqueen\/"]}]},{"@type":"ImageObject","inLanguage":"es","@id":"https:\/\/luxonomy.net\/es\/historia-del-lujo-alexander-mcqueen\/#primaryimage","url":"https:\/\/i0.wp.com\/luxonomy.net\/wp-content\/uploads\/2023\/08\/shutterstock_725492374.jpg?fit=500%2C334&ssl=1","contentUrl":"https:\/\/i0.wp.com\/luxonomy.net\/wp-content\/uploads\/2023\/08\/shutterstock_725492374.jpg?fit=500%2C334&ssl=1","width":500,"height":334},{"@type":"BreadcrumbList","@id":"https:\/\/luxonomy.net\/es\/historia-del-lujo-alexander-mcqueen\/#breadcrumb","itemListElement":[{"@type":"ListItem","position":1,"name":"Portada","item":"https:\/\/luxonomy.net\/es\/"},{"@type":"ListItem","position":2,"name":"Historia del Lujo: Alexander McQueen"}]},{"@type":"WebSite","@id":"https:\/\/luxonomy.net\/es\/#website","url":"https:\/\/luxonomy.net\/es\/","name":"LUXONOMY","description":"The Economy of Fashion &amp; Luxury","publisher":{"@id":"https:\/\/luxonomy.net\/es\/#organization"},"potentialAction":[{"@type":"SearchAction","target":{"@type":"EntryPoint","urlTemplate":"https:\/\/luxonomy.net\/es\/?s={search_term_string}"},"query-input":{"@type":"PropertyValueSpecification","valueRequired":true,"valueName":"search_term_string"}}],"inLanguage":"es"},{"@type":"Organization","@id":"https:\/\/luxonomy.net\/es\/#organization","name":"LUXONOMY","url":"https:\/\/luxonomy.net\/es\/","logo":{"@type":"ImageObject","inLanguage":"es","@id":"https:\/\/luxonomy.net\/es\/#\/schema\/logo\/image\/","url":"https:\/\/i2.wp.com\/luxonomy.net\/wp-content\/uploads\/2021\/09\/MOCKUP-TODOS-LUXONOMY.jpg?fit=1000%2C515&ssl=1","contentUrl":"https:\/\/i2.wp.com\/luxonomy.net\/wp-content\/uploads\/2021\/09\/MOCKUP-TODOS-LUXONOMY.jpg?fit=1000%2C515&ssl=1","width":1000,"height":515,"caption":"LUXONOMY"},"image":{"@id":"https:\/\/luxonomy.net\/es\/#\/schema\/logo\/image\/"},"sameAs":["https:\/\/www.facebook.com\/luxonomy","https:\/\/www.instagram.com\/luxonomy\/","https:\/\/www.linkedin.com\/company\/luxonomy\/"]},{"@type":"Person","@id":"https:\/\/luxonomy.net\/es\/#\/schema\/person\/946f96026a12fb240997712bcc85943b","name":"Pablo Guti\u00e9rrez-Rav\u00e9 Villal\u00f3n","image":{"@type":"ImageObject","inLanguage":"es","@id":"https:\/\/luxonomy.net\/wp-content\/litespeed\/avatar\/b80839bcd1d7840754b71e72cad801ce.jpg?ver=1788213692","url":"https:\/\/luxonomy.net\/wp-content\/litespeed\/avatar\/b80839bcd1d7840754b71e72cad801ce.jpg?ver=1788213692","contentUrl":"https:\/\/luxonomy.net\/wp-content\/litespeed\/avatar\/b80839bcd1d7840754b71e72cad801ce.jpg?ver=1788213692","caption":"Pablo Guti\u00e9rrez-Rav\u00e9 Villal\u00f3n"},"description":"president LUXONOMY\u2122 Group","sameAs":["https:\/\/www.linkedin.com\/in\/pablogutierrezrave\/"],"url":"https:\/\/luxonomy.net\/es\/author\/pablo\/"}]}},"jetpack_publicize_connections":[],"jetpack_shortlink":"https:\/\/wp.me\/paPhBa-cfk","jetpack_sharing_enabled":true,"jetpack_featured_media_url":"https:\/\/i0.wp.com\/luxonomy.net\/wp-content\/uploads\/2023\/08\/shutterstock_725492374.jpg?fit=500%2C334&ssl=1","_links":{"self":[{"href":"https:\/\/luxonomy.net\/es\/wp-json\/wp\/v2\/posts\/47078","targetHints":{"allow":["GET"]}}],"collection":[{"href":"https:\/\/luxonomy.net\/es\/wp-json\/wp\/v2\/posts"}],"about":[{"href":"https:\/\/luxonomy.net\/es\/wp-json\/wp\/v2\/types\/post"}],"author":[{"embeddable":true,"href":"https:\/\/luxonomy.net\/es\/wp-json\/wp\/v2\/users\/19"}],"replies":[{"embeddable":true,"href":"https:\/\/luxonomy.net\/es\/wp-json\/wp\/v2\/comments?post=47078"}],"version-history":[{"count":1,"href":"https:\/\/luxonomy.net\/es\/wp-json\/wp\/v2\/posts\/47078\/revisions"}],"predecessor-version":[{"id":47082,"href":"https:\/\/luxonomy.net\/es\/wp-json\/wp\/v2\/posts\/47078\/revisions\/47082"}],"wp:featuredmedia":[{"embeddable":true,"href":"https:\/\/luxonomy.net\/es\/wp-json\/wp\/v2\/media\/47079"}],"wp:attachment":[{"href":"https:\/\/luxonomy.net\/es\/wp-json\/wp\/v2\/media?parent=47078"}],"wp:term":[{"taxonomy":"category","embeddable":true,"href":"https:\/\/luxonomy.net\/es\/wp-json\/wp\/v2\/categories?post=47078"},{"taxonomy":"post_tag","embeddable":true,"href":"https:\/\/luxonomy.net\/es\/wp-json\/wp\/v2\/tags?post=47078"},{"taxonomy":"thb-sponsors","embeddable":true,"href":"https:\/\/luxonomy.net\/es\/wp-json\/wp\/v2\/thb-sponsors?post=47078"}],"curies":[{"name":"wp","href":"https:\/\/api.w.org\/{rel}","templated":true}]}}