{"id":46663,"date":"2023-07-21T14:00:19","date_gmt":"2023-07-21T12:00:19","guid":{"rendered":"https:\/?p=46663"},"modified":"2023-07-21T14:00:19","modified_gmt":"2023-07-21T12:00:19","slug":"el-epicureismo-y-el-lujo-un-vinculo-milenario","status":"publish","type":"post","link":"https:\/\/luxonomy.net\/es\/el-epicureismo-y-el-lujo-un-vinculo-milenario\/","title":{"rendered":"El Epicure\u00edsmo y el Lujo: Un V\u00ednculo Milenario"},"content":{"rendered":"<p>El lujo, como fen\u00f3meno sociocultural, ha experimentado numerosas transformaciones a lo largo de la historia. Aunque a menudo se asocia con la opulencia y el exceso, su relaci\u00f3n con la filosof\u00eda epic\u00farea nos brinda una visi\u00f3n m\u00e1s matizada. A pesar de que el epicure\u00edsmo no promueve directamente la ostentaci\u00f3n, su \u00e9nfasis en la b\u00fasqueda de la felicidad a trav\u00e9s del placer ha dejado una huella indeleble en nuestra concepci\u00f3n moderna del lujo.<\/p>\n<h2>El Epicure\u00edsmo en su contexto<\/h2>\n<p>Para desentra\u00f1ar la influencia del epicure\u00edsmo en nuestra concepci\u00f3n del lujo, es preciso entender las bases filos\u00f3ficas que sustentan esta escuela de pensamiento. Epicuro, fil\u00f3sofo griego del siglo IV a.C., estableci\u00f3 su doctrina en torno a la idea de que la vida m\u00e1s placentera es la que est\u00e1 libre de dolor y perturbaci\u00f3n.<\/p>\n<p>Epicuro defend\u00eda la ataraxia, un estado de tranquilidad mental y liberaci\u00f3n de temores, y la apon\u00eda, la ausencia de dolor f\u00edsico, como los fines \u00faltimos de una vida buena. Estos ideales, lejos de fomentar la indulgencia desmedida, orientaban hacia una vida de moderaci\u00f3n, donde el placer se encontraba en la satisfacci\u00f3n de las necesidades b\u00e1sicas y naturales, y en el cultivo de relaciones virtuosas.<\/p><div id=\"luxon-2381659530\" class=\"luxon-3er-parrafo luxon-entity-placement\" style=\"margin-top: 20px;margin-bottom: 20px;margin-left: auto;margin-right: auto;text-align: center;\"><a href=\"https:\/\/luxonomy.university\/course\/master-turismo-de-lujo\" target=\"_blank\" aria-label=\"master-turismo-lujo-2026-2027\"><img loading=\"lazy\" decoding=\"async\" src=\"https:\/\/i0.wp.com\/luxonomy.net\/wp-content\/uploads\/2020\/07\/master-turismo-lujo-2026-2027.jpg?fit=1672%2C941&#038;ssl=1\" alt=\"\"  srcset=\"https:\/\/i0.wp.com\/luxonomy.net\/wp-content\/uploads\/2020\/07\/master-turismo-lujo-2026-2027.jpg?w=1672&ssl=1 1672w, https:\/\/i0.wp.com\/luxonomy.net\/wp-content\/uploads\/2020\/07\/master-turismo-lujo-2026-2027.jpg?resize=300%2C169&ssl=1 300w, https:\/\/i0.wp.com\/luxonomy.net\/wp-content\/uploads\/2020\/07\/master-turismo-lujo-2026-2027.jpg?resize=1024%2C576&ssl=1 1024w, https:\/\/i0.wp.com\/luxonomy.net\/wp-content\/uploads\/2020\/07\/master-turismo-lujo-2026-2027.jpg?resize=768%2C432&ssl=1 768w, https:\/\/i0.wp.com\/luxonomy.net\/wp-content\/uploads\/2020\/07\/master-turismo-lujo-2026-2027.jpg?resize=1536%2C864&ssl=1 1536w, https:\/\/i0.wp.com\/luxonomy.net\/wp-content\/uploads\/2020\/07\/master-turismo-lujo-2026-2027.jpg?resize=370%2C208&ssl=1 370w, https:\/\/i0.wp.com\/luxonomy.net\/wp-content\/uploads\/2020\/07\/master-turismo-lujo-2026-2027.jpg?resize=800%2C450&ssl=1 800w, https:\/\/i0.wp.com\/luxonomy.net\/wp-content\/uploads\/2020\/07\/master-turismo-lujo-2026-2027.jpg?resize=20%2C11&ssl=1 20w, https:\/\/i0.wp.com\/luxonomy.net\/wp-content\/uploads\/2020\/07\/master-turismo-lujo-2026-2027.jpg?resize=740%2C416&ssl=1 740w, https:\/\/i0.wp.com\/luxonomy.net\/wp-content\/uploads\/2020\/07\/master-turismo-lujo-2026-2027.jpg?resize=1600%2C900&ssl=1 1600w, https:\/\/i0.wp.com\/luxonomy.net\/wp-content\/uploads\/2020\/07\/master-turismo-lujo-2026-2027.jpg?resize=1200%2C675&ssl=1 1200w, https:\/\/i0.wp.com\/luxonomy.net\/wp-content\/uploads\/2020\/07\/master-turismo-lujo-2026-2027.jpg?resize=85%2C48&ssl=1 85w\" sizes=\"(max-width: 1170px) 100vw, 1170px\" class=\"no-lazyload\" width=\"1672\" height=\"941\"   \/><\/a><\/div>\n<h2>La Conexi\u00f3n entre el Epicure\u00edsmo y el Lujo<\/h2>\n<p>Podr\u00eda parecer a primera vista que epicure\u00edsmo y lujo van de la mano, dado que ambos conceptos giran en torno a la idea de disfrute y placer. Sin embargo, una observaci\u00f3n m\u00e1s detenida revela una distinci\u00f3n importante.<\/p>\n<p>El epicure\u00edsmo no promueve la indulgencia en el lujo de la forma en que lo entendemos en el mundo moderno. Mientras que el lujo contempor\u00e1neo a menudo se relaciona con la acumulaci\u00f3n de bienes materiales y experiencias extravagantes, la filosof\u00eda epic\u00farea se centra en la satisfacci\u00f3n de los deseos naturales y necesarios, y la evitaci\u00f3n del dolor. La exuberancia y el derroche no tienen cabida en la filosof\u00eda epic\u00farea, que propugna la moderaci\u00f3n y la autosuficiencia como claves para una vida feliz.<\/p>\n<h2>Influencia del Epicure\u00edsmo en la comprensi\u00f3n moderna del Lujo<\/h2>\n<p>A pesar de las diferencias marcadas entre epicure\u00edsmo y lujo, la filosof\u00eda epic\u00farea ha influenciado nuestra concepci\u00f3n contempor\u00e1nea del lujo en varias formas.<\/p>\n<p>En primer lugar, el epicure\u00edsmo ha inculcado la idea de que los placeres, ya sean sencillos o sofisticados, son esenciales para la vida y deben ser apreciados. Esto resuena con la noci\u00f3n moderna del lujo, que ha evolucionado m\u00e1s all\u00e1 del mero consumo de bienes caros para abrazar la calidad y el disfrute que estos pueden aportar.<\/p><div id=\"luxon-3666968756\" class=\"luxon-7-parrafo luxon-entity-placement\" style=\"margin-top: 20px;margin-bottom: 20px;margin-left: auto;margin-right: auto;text-align: center;\"><a href=\"https:\/\/theintelligence.institute\/course\/inteligencia-artificial-para-directivos\" target=\"_blank\" aria-label=\"CSIAD_empresas_THEI_horizontal_4x3_v5\"><img loading=\"lazy\" decoding=\"async\" src=\"https:\/\/i0.wp.com\/luxonomy.net\/wp-content\/uploads\/2025\/08\/CSIAD_empresas_THEI_horizontal_4x3_v5.png?fit=2000%2C1500&#038;ssl=1\" alt=\"\"  srcset=\"https:\/\/i0.wp.com\/luxonomy.net\/wp-content\/uploads\/2025\/08\/CSIAD_empresas_THEI_horizontal_4x3_v5.png?w=2000&ssl=1 2000w, https:\/\/i0.wp.com\/luxonomy.net\/wp-content\/uploads\/2025\/08\/CSIAD_empresas_THEI_horizontal_4x3_v5.png?resize=300%2C225&ssl=1 300w, https:\/\/i0.wp.com\/luxonomy.net\/wp-content\/uploads\/2025\/08\/CSIAD_empresas_THEI_horizontal_4x3_v5.png?resize=1024%2C768&ssl=1 1024w, https:\/\/i0.wp.com\/luxonomy.net\/wp-content\/uploads\/2025\/08\/CSIAD_empresas_THEI_horizontal_4x3_v5.png?resize=768%2C576&ssl=1 768w, https:\/\/i0.wp.com\/luxonomy.net\/wp-content\/uploads\/2025\/08\/CSIAD_empresas_THEI_horizontal_4x3_v5.png?resize=1536%2C1152&ssl=1 1536w, https:\/\/i0.wp.com\/luxonomy.net\/wp-content\/uploads\/2025\/08\/CSIAD_empresas_THEI_horizontal_4x3_v5.png?resize=370%2C278&ssl=1 370w, https:\/\/i0.wp.com\/luxonomy.net\/wp-content\/uploads\/2025\/08\/CSIAD_empresas_THEI_horizontal_4x3_v5.png?resize=800%2C600&ssl=1 800w, https:\/\/i0.wp.com\/luxonomy.net\/wp-content\/uploads\/2025\/08\/CSIAD_empresas_THEI_horizontal_4x3_v5.png?resize=20%2C15&ssl=1 20w, https:\/\/i0.wp.com\/luxonomy.net\/wp-content\/uploads\/2025\/08\/CSIAD_empresas_THEI_horizontal_4x3_v5.png?resize=740%2C555&ssl=1 740w, https:\/\/i0.wp.com\/luxonomy.net\/wp-content\/uploads\/2025\/08\/CSIAD_empresas_THEI_horizontal_4x3_v5.png?resize=1600%2C1200&ssl=1 1600w, https:\/\/i0.wp.com\/luxonomy.net\/wp-content\/uploads\/2025\/08\/CSIAD_empresas_THEI_horizontal_4x3_v5.png?resize=1200%2C900&ssl=1 1200w, https:\/\/i0.wp.com\/luxonomy.net\/wp-content\/uploads\/2025\/08\/CSIAD_empresas_THEI_horizontal_4x3_v5.png?resize=64%2C48&ssl=1 64w\" sizes=\"(max-width: 1170px) 100vw, 1170px\" class=\"no-lazyload\" width=\"2000\" height=\"1500\"   \/><\/a><\/div>\n<p>En segundo lugar, la ense\u00f1anza epic\u00farea de encontrar placer en las cosas simples ha moldeado nuestra visi\u00f3n del lujo contempor\u00e1neo. Actualmente, se valora cada vez m\u00e1s el lujo como la posibilidad de disfrutar de experiencias sencillas pero profundas. La apreciaci\u00f3n de una comida elaborada con cuidado, la degustaci\u00f3n de un vino exquisito, el disfrute de una obra literaria bien escrita, o la libertad para tomar tiempo libre y deleitarse en estos placeres, son ejemplos de esta tendencia.<\/p>\n<p><em><strong>Aunque el epicure\u00edsmo y el lujo pueden parecer opuestos en muchos aspectos, la influencia de la filosof\u00eda epic\u00farea se puede rastrear en nuestra comprensi\u00f3n moderna del lujo. Lejos de promover el exceso y la ostentaci\u00f3n, el epicure\u00edsmo nos recuerda que el verdadero lujo radica en la capacidad de disfrutar y apreciar las cosas buenas de la vida, ya sea en su forma m\u00e1s simple o sofisticada. La huella del epicure\u00edsmo en nuestra percepci\u00f3n del lujo sirve como un recordatorio de que, a pesar de su asociaci\u00f3n con el exceso, el lujo puede, y quiz\u00e1s deber\u00eda, ser una cuesti\u00f3n de moderaci\u00f3n y disfrute consciente.<\/strong><\/em><\/p>\n","protected":false},"excerpt":{"rendered":"<p>El lujo, como fen\u00f3meno sociocultural, ha experimentado numerosas transformaciones a lo largo de la historia. Aunque a menudo se asocia con la opulencia y el exceso, su relaci\u00f3n con la filosof\u00eda epic\u00farea nos brinda una visi\u00f3n m\u00e1s matizada. A pesar de que el epicure\u00edsmo no promueve directamente la ostentaci\u00f3n, su \u00e9nfasis en la b\u00fasqueda de&hellip;<\/p>\n","protected":false},"author":19,"featured_media":46664,"comment_status":"closed","ping_status":"open","sticky":false,"template":"","format":"standard","meta":{"_jetpack_newsletter_access":"","_jetpack_dont_email_post_to_subs":false,"_jetpack_newsletter_tier_id":0,"_jetpack_memberships_contains_paywalled_content":false,"_jetpack_feature_clip_id":0,"_jetpack_memberships_contains_paid_content":false,"footnotes":"","jetpack_publicize_message":"El Epicure\u00edsmo y el Lujo: Un V\u00ednculo Milenario\r\n\r\nAunque el epicure\u00edsmo y el lujo pueden parecer opuestos en muchos aspectos, la influencia de la filosof\u00eda epic\u00farea se puede rastrear en nuestra comprensi\u00f3n moderna del lujo. Lejos de promover el exceso y la ostentaci\u00f3n, el epicure\u00edsmo nos recuerda que el verdadero lujo radica en la capacidad de disfrutar y apreciar las cosas buenas de la vida, ya sea en su forma m\u00e1s simple o sofisticada. La huella del epicure\u00edsmo en nuestra percepci\u00f3n del lujo sirve como un recordatorio de que, a pesar de su asociaci\u00f3n con el exceso, el lujo puede, y quiz\u00e1s deber\u00eda, ser una cuesti\u00f3n de moderaci\u00f3n y disfrute consciente.\r\n\r\n#historiadellujo #Epicure\u00edsmo","jetpack_publicize_feature_enabled":true,"jetpack_social_post_already_shared":true,"jetpack_social_options":{"image_generator_settings":{"template":"edge","default_image_id":0,"font":"","enabled":false},"version":2},"jetpack_post_was_ever_published":false},"categories":[4228],"tags":[6434,1979],"thb-sponsors":[],"class_list":["post-46663","post","type-post","status-publish","format-standard","has-post-thumbnail","hentry","category-historia-de-la-moda-y-el-lujo","tag-epicureismo","tag-historia-del-lujo"],"yoast_head":"<!-- This site is optimized with the Yoast SEO plugin v28.4 - https:\/\/yoast.com\/product\/yoast-seo-wordpress\/ -->\n<title>El Epicure\u00edsmo y el Lujo: Un V\u00ednculo Milenario | LUXONOMY<\/title>\n<meta name=\"robots\" content=\"index, follow, max-snippet:-1, max-image-preview:large, max-video-preview:-1\" \/>\n<link rel=\"canonical\" href=\"https:\/\/luxonomy.net\/es\/el-epicureismo-y-el-lujo-un-vinculo-milenario\/\" \/>\n<meta property=\"og:locale\" content=\"es_ES\" \/>\n<meta property=\"og:type\" content=\"article\" \/>\n<meta property=\"og:title\" content=\"El Epicure\u00edsmo y el Lujo: Un V\u00ednculo Milenario | LUXONOMY\" \/>\n<meta property=\"og:description\" content=\"El lujo, como fen\u00f3meno sociocultural, ha experimentado numerosas transformaciones a lo largo de la historia. Aunque a menudo se asocia con la opulencia y el exceso, su relaci\u00f3n con la filosof\u00eda epic\u00farea nos brinda una visi\u00f3n m\u00e1s matizada. A pesar de que el epicure\u00edsmo no promueve directamente la ostentaci\u00f3n, su \u00e9nfasis en la b\u00fasqueda de&hellip;\" \/>\n<meta property=\"og:url\" content=\"https:\/\/luxonomy.net\/es\/el-epicureismo-y-el-lujo-un-vinculo-milenario\/\" \/>\n<meta property=\"og:site_name\" content=\"LUXONOMY\" \/>\n<meta property=\"article:publisher\" content=\"https:\/\/www.facebook.com\/luxonomy\" \/>\n<meta property=\"article:published_time\" content=\"2023-07-21T12:00:19+00:00\" \/>\n<meta property=\"og:image\" content=\"https:\/\/i0.wp.com\/luxonomy.net\/wp-content\/uploads\/2023\/07\/epicureo.jpeg?fit=800%2C400&quality=89&ssl=1\" \/>\n\t<meta property=\"og:image:width\" content=\"800\" \/>\n\t<meta property=\"og:image:height\" content=\"400\" \/>\n\t<meta property=\"og:image:type\" content=\"image\/jpeg\" \/>\n<meta name=\"author\" content=\"Pablo Guti\u00e9rrez-Rav\u00e9 Villal\u00f3n\" \/>\n<meta name=\"twitter:card\" content=\"summary_large_image\" \/>\n<meta name=\"twitter:label1\" content=\"Escrito por\" \/>\n\t<meta name=\"twitter:data1\" content=\"Pablo Guti\u00e9rrez-Rav\u00e9 Villal\u00f3n\" \/>\n\t<meta name=\"twitter:label2\" content=\"Tiempo de lectura\" \/>\n\t<meta name=\"twitter:data2\" content=\"3 minutos\" \/>\n<script type=\"application\/ld+json\" class=\"yoast-schema-graph\">{\"@context\":\"https:\\\/\\\/schema.org\",\"@graph\":[{\"@type\":\"Article\",\"@id\":\"https:\\\/\\\/luxonomy.net\\\/es\\\/el-epicureismo-y-el-lujo-un-vinculo-milenario\\\/#article\",\"isPartOf\":{\"@id\":\"https:\\\/\\\/luxonomy.net\\\/es\\\/el-epicureismo-y-el-lujo-un-vinculo-milenario\\\/\"},\"author\":{\"name\":\"Pablo Guti\u00e9rrez-Rav\u00e9 Villal\u00f3n\",\"@id\":\"https:\\\/\\\/luxonomy.net\\\/es\\\/#\\\/schema\\\/person\\\/946f96026a12fb240997712bcc85943b\"},\"headline\":\"El Epicure\u00edsmo y el Lujo: Un V\u00ednculo Milenario\",\"datePublished\":\"2023-07-21T12:00:19+00:00\",\"mainEntityOfPage\":{\"@id\":\"https:\\\/\\\/luxonomy.net\\\/es\\\/el-epicureismo-y-el-lujo-un-vinculo-milenario\\\/\"},\"wordCount\":675,\"publisher\":{\"@id\":\"https:\\\/\\\/luxonomy.net\\\/es\\\/#organization\"},\"image\":{\"@id\":\"https:\\\/\\\/luxonomy.net\\\/es\\\/el-epicureismo-y-el-lujo-un-vinculo-milenario\\\/#primaryimage\"},\"thumbnailUrl\":\"https:\\\/\\\/i0.wp.com\\\/luxonomy.net\\\/wp-content\\\/uploads\\\/2023\\\/07\\\/epicureo.jpeg?fit=800%2C400&ssl=1\",\"keywords\":[\"Epicure\u00edsmo\",\"historia del lujo\"],\"articleSection\":[\"Historia de la Moda y el Lujo\"],\"inLanguage\":\"es\"},{\"@type\":\"WebPage\",\"@id\":\"https:\\\/\\\/luxonomy.net\\\/es\\\/el-epicureismo-y-el-lujo-un-vinculo-milenario\\\/\",\"url\":\"https:\\\/\\\/luxonomy.net\\\/es\\\/el-epicureismo-y-el-lujo-un-vinculo-milenario\\\/\",\"name\":\"El Epicure\u00edsmo y el Lujo: Un V\u00ednculo Milenario | LUXONOMY\",\"isPartOf\":{\"@id\":\"https:\\\/\\\/luxonomy.net\\\/es\\\/#website\"},\"primaryImageOfPage\":{\"@id\":\"https:\\\/\\\/luxonomy.net\\\/es\\\/el-epicureismo-y-el-lujo-un-vinculo-milenario\\\/#primaryimage\"},\"image\":{\"@id\":\"https:\\\/\\\/luxonomy.net\\\/es\\\/el-epicureismo-y-el-lujo-un-vinculo-milenario\\\/#primaryimage\"},\"thumbnailUrl\":\"https:\\\/\\\/i0.wp.com\\\/luxonomy.net\\\/wp-content\\\/uploads\\\/2023\\\/07\\\/epicureo.jpeg?fit=800%2C400&ssl=1\",\"datePublished\":\"2023-07-21T12:00:19+00:00\",\"breadcrumb\":{\"@id\":\"https:\\\/\\\/luxonomy.net\\\/es\\\/el-epicureismo-y-el-lujo-un-vinculo-milenario\\\/#breadcrumb\"},\"inLanguage\":\"es\",\"potentialAction\":[{\"@type\":\"ReadAction\",\"target\":[\"https:\\\/\\\/luxonomy.net\\\/es\\\/el-epicureismo-y-el-lujo-un-vinculo-milenario\\\/\"]}]},{\"@type\":\"ImageObject\",\"inLanguage\":\"es\",\"@id\":\"https:\\\/\\\/luxonomy.net\\\/es\\\/el-epicureismo-y-el-lujo-un-vinculo-milenario\\\/#primaryimage\",\"url\":\"https:\\\/\\\/i0.wp.com\\\/luxonomy.net\\\/wp-content\\\/uploads\\\/2023\\\/07\\\/epicureo.jpeg?fit=800%2C400&ssl=1\",\"contentUrl\":\"https:\\\/\\\/i0.wp.com\\\/luxonomy.net\\\/wp-content\\\/uploads\\\/2023\\\/07\\\/epicureo.jpeg?fit=800%2C400&ssl=1\",\"width\":800,\"height\":400},{\"@type\":\"BreadcrumbList\",\"@id\":\"https:\\\/\\\/luxonomy.net\\\/es\\\/el-epicureismo-y-el-lujo-un-vinculo-milenario\\\/#breadcrumb\",\"itemListElement\":[{\"@type\":\"ListItem\",\"position\":1,\"name\":\"Portada\",\"item\":\"https:\\\/\\\/luxonomy.net\\\/es\\\/\"},{\"@type\":\"ListItem\",\"position\":2,\"name\":\"El Epicure\u00edsmo y el Lujo: Un V\u00ednculo Milenario\"}]},{\"@type\":\"WebSite\",\"@id\":\"https:\\\/\\\/luxonomy.net\\\/es\\\/#website\",\"url\":\"https:\\\/\\\/luxonomy.net\\\/es\\\/\",\"name\":\"LUXONOMY\",\"description\":\"The Economy of Fashion &amp; Luxury\",\"publisher\":{\"@id\":\"https:\\\/\\\/luxonomy.net\\\/es\\\/#organization\"},\"potentialAction\":[{\"@type\":\"SearchAction\",\"target\":{\"@type\":\"EntryPoint\",\"urlTemplate\":\"https:\\\/\\\/luxonomy.net\\\/es\\\/?s={search_term_string}\"},\"query-input\":{\"@type\":\"PropertyValueSpecification\",\"valueRequired\":true,\"valueName\":\"search_term_string\"}}],\"inLanguage\":\"es\"},{\"@type\":\"Organization\",\"@id\":\"https:\\\/\\\/luxonomy.net\\\/es\\\/#organization\",\"name\":\"LUXONOMY\",\"url\":\"https:\\\/\\\/luxonomy.net\\\/es\\\/\",\"logo\":{\"@type\":\"ImageObject\",\"inLanguage\":\"es\",\"@id\":\"https:\\\/\\\/luxonomy.net\\\/es\\\/#\\\/schema\\\/logo\\\/image\\\/\",\"url\":\"https:\\\/\\\/i2.wp.com\\\/luxonomy.net\\\/wp-content\\\/uploads\\\/2021\\\/09\\\/MOCKUP-TODOS-LUXONOMY.jpg?fit=1000%2C515&ssl=1\",\"contentUrl\":\"https:\\\/\\\/i2.wp.com\\\/luxonomy.net\\\/wp-content\\\/uploads\\\/2021\\\/09\\\/MOCKUP-TODOS-LUXONOMY.jpg?fit=1000%2C515&ssl=1\",\"width\":1000,\"height\":515,\"caption\":\"LUXONOMY\"},\"image\":{\"@id\":\"https:\\\/\\\/luxonomy.net\\\/es\\\/#\\\/schema\\\/logo\\\/image\\\/\"},\"sameAs\":[\"https:\\\/\\\/www.facebook.com\\\/luxonomy\",\"https:\\\/\\\/www.instagram.com\\\/luxonomy\\\/\",\"https:\\\/\\\/www.linkedin.com\\\/company\\\/luxonomy\\\/\"]},{\"@type\":\"Person\",\"@id\":\"https:\\\/\\\/luxonomy.net\\\/es\\\/#\\\/schema\\\/person\\\/946f96026a12fb240997712bcc85943b\",\"name\":\"Pablo Guti\u00e9rrez-Rav\u00e9 Villal\u00f3n\",\"image\":{\"@type\":\"ImageObject\",\"inLanguage\":\"es\",\"@id\":\"https:\\\/\\\/luxonomy.net\\\/wp-content\\\/litespeed\\\/avatar\\\/b80839bcd1d7840754b71e72cad801ce.jpg?ver=1788213692\",\"url\":\"https:\\\/\\\/luxonomy.net\\\/wp-content\\\/litespeed\\\/avatar\\\/b80839bcd1d7840754b71e72cad801ce.jpg?ver=1788213692\",\"contentUrl\":\"https:\\\/\\\/luxonomy.net\\\/wp-content\\\/litespeed\\\/avatar\\\/b80839bcd1d7840754b71e72cad801ce.jpg?ver=1788213692\",\"caption\":\"Pablo Guti\u00e9rrez-Rav\u00e9 Villal\u00f3n\"},\"description\":\"president LUXONOMY\u2122 Group\",\"sameAs\":[\"https:\\\/\\\/www.linkedin.com\\\/in\\\/pablogutierrezrave\\\/\"],\"url\":\"https:\\\/\\\/luxonomy.net\\\/es\\\/author\\\/pablo\\\/\"}]}<\/script>\n<!-- \/ Yoast SEO plugin. -->","yoast_head_json":{"title":"El Epicure\u00edsmo y el Lujo: Un V\u00ednculo Milenario | LUXONOMY","robots":{"index":"index","follow":"follow","max-snippet":"max-snippet:-1","max-image-preview":"max-image-preview:large","max-video-preview":"max-video-preview:-1"},"canonical":"https:\/\/luxonomy.net\/es\/el-epicureismo-y-el-lujo-un-vinculo-milenario\/","og_locale":"es_ES","og_type":"article","og_title":"El Epicure\u00edsmo y el Lujo: Un V\u00ednculo Milenario | LUXONOMY","og_description":"El lujo, como fen\u00f3meno sociocultural, ha experimentado numerosas transformaciones a lo largo de la historia. Aunque a menudo se asocia con la opulencia y el exceso, su relaci\u00f3n con la filosof\u00eda epic\u00farea nos brinda una visi\u00f3n m\u00e1s matizada. A pesar de que el epicure\u00edsmo no promueve directamente la ostentaci\u00f3n, su \u00e9nfasis en la b\u00fasqueda de&hellip;","og_url":"https:\/\/luxonomy.net\/es\/el-epicureismo-y-el-lujo-un-vinculo-milenario\/","og_site_name":"LUXONOMY","article_publisher":"https:\/\/www.facebook.com\/luxonomy","article_published_time":"2023-07-21T12:00:19+00:00","og_image":[{"width":800,"height":400,"url":"https:\/\/i0.wp.com\/luxonomy.net\/wp-content\/uploads\/2023\/07\/epicureo.jpeg?fit=800%2C400&quality=89&ssl=1","type":"image\/jpeg"}],"author":"Pablo Guti\u00e9rrez-Rav\u00e9 Villal\u00f3n","twitter_card":"summary_large_image","twitter_misc":{"Escrito por":"Pablo Guti\u00e9rrez-Rav\u00e9 Villal\u00f3n","Tiempo de lectura":"3 minutos"},"schema":{"@context":"https:\/\/schema.org","@graph":[{"@type":"Article","@id":"https:\/\/luxonomy.net\/es\/el-epicureismo-y-el-lujo-un-vinculo-milenario\/#article","isPartOf":{"@id":"https:\/\/luxonomy.net\/es\/el-epicureismo-y-el-lujo-un-vinculo-milenario\/"},"author":{"name":"Pablo Guti\u00e9rrez-Rav\u00e9 Villal\u00f3n","@id":"https:\/\/luxonomy.net\/es\/#\/schema\/person\/946f96026a12fb240997712bcc85943b"},"headline":"El Epicure\u00edsmo y el Lujo: Un V\u00ednculo Milenario","datePublished":"2023-07-21T12:00:19+00:00","mainEntityOfPage":{"@id":"https:\/\/luxonomy.net\/es\/el-epicureismo-y-el-lujo-un-vinculo-milenario\/"},"wordCount":675,"publisher":{"@id":"https:\/\/luxonomy.net\/es\/#organization"},"image":{"@id":"https:\/\/luxonomy.net\/es\/el-epicureismo-y-el-lujo-un-vinculo-milenario\/#primaryimage"},"thumbnailUrl":"https:\/\/i0.wp.com\/luxonomy.net\/wp-content\/uploads\/2023\/07\/epicureo.jpeg?fit=800%2C400&ssl=1","keywords":["Epicure\u00edsmo","historia del lujo"],"articleSection":["Historia de la Moda y el Lujo"],"inLanguage":"es"},{"@type":"WebPage","@id":"https:\/\/luxonomy.net\/es\/el-epicureismo-y-el-lujo-un-vinculo-milenario\/","url":"https:\/\/luxonomy.net\/es\/el-epicureismo-y-el-lujo-un-vinculo-milenario\/","name":"El Epicure\u00edsmo y el Lujo: Un V\u00ednculo Milenario | LUXONOMY","isPartOf":{"@id":"https:\/\/luxonomy.net\/es\/#website"},"primaryImageOfPage":{"@id":"https:\/\/luxonomy.net\/es\/el-epicureismo-y-el-lujo-un-vinculo-milenario\/#primaryimage"},"image":{"@id":"https:\/\/luxonomy.net\/es\/el-epicureismo-y-el-lujo-un-vinculo-milenario\/#primaryimage"},"thumbnailUrl":"https:\/\/i0.wp.com\/luxonomy.net\/wp-content\/uploads\/2023\/07\/epicureo.jpeg?fit=800%2C400&ssl=1","datePublished":"2023-07-21T12:00:19+00:00","breadcrumb":{"@id":"https:\/\/luxonomy.net\/es\/el-epicureismo-y-el-lujo-un-vinculo-milenario\/#breadcrumb"},"inLanguage":"es","potentialAction":[{"@type":"ReadAction","target":["https:\/\/luxonomy.net\/es\/el-epicureismo-y-el-lujo-un-vinculo-milenario\/"]}]},{"@type":"ImageObject","inLanguage":"es","@id":"https:\/\/luxonomy.net\/es\/el-epicureismo-y-el-lujo-un-vinculo-milenario\/#primaryimage","url":"https:\/\/i0.wp.com\/luxonomy.net\/wp-content\/uploads\/2023\/07\/epicureo.jpeg?fit=800%2C400&ssl=1","contentUrl":"https:\/\/i0.wp.com\/luxonomy.net\/wp-content\/uploads\/2023\/07\/epicureo.jpeg?fit=800%2C400&ssl=1","width":800,"height":400},{"@type":"BreadcrumbList","@id":"https:\/\/luxonomy.net\/es\/el-epicureismo-y-el-lujo-un-vinculo-milenario\/#breadcrumb","itemListElement":[{"@type":"ListItem","position":1,"name":"Portada","item":"https:\/\/luxonomy.net\/es\/"},{"@type":"ListItem","position":2,"name":"El Epicure\u00edsmo y el Lujo: Un V\u00ednculo Milenario"}]},{"@type":"WebSite","@id":"https:\/\/luxonomy.net\/es\/#website","url":"https:\/\/luxonomy.net\/es\/","name":"LUXONOMY","description":"The Economy of Fashion &amp; Luxury","publisher":{"@id":"https:\/\/luxonomy.net\/es\/#organization"},"potentialAction":[{"@type":"SearchAction","target":{"@type":"EntryPoint","urlTemplate":"https:\/\/luxonomy.net\/es\/?s={search_term_string}"},"query-input":{"@type":"PropertyValueSpecification","valueRequired":true,"valueName":"search_term_string"}}],"inLanguage":"es"},{"@type":"Organization","@id":"https:\/\/luxonomy.net\/es\/#organization","name":"LUXONOMY","url":"https:\/\/luxonomy.net\/es\/","logo":{"@type":"ImageObject","inLanguage":"es","@id":"https:\/\/luxonomy.net\/es\/#\/schema\/logo\/image\/","url":"https:\/\/i2.wp.com\/luxonomy.net\/wp-content\/uploads\/2021\/09\/MOCKUP-TODOS-LUXONOMY.jpg?fit=1000%2C515&ssl=1","contentUrl":"https:\/\/i2.wp.com\/luxonomy.net\/wp-content\/uploads\/2021\/09\/MOCKUP-TODOS-LUXONOMY.jpg?fit=1000%2C515&ssl=1","width":1000,"height":515,"caption":"LUXONOMY"},"image":{"@id":"https:\/\/luxonomy.net\/es\/#\/schema\/logo\/image\/"},"sameAs":["https:\/\/www.facebook.com\/luxonomy","https:\/\/www.instagram.com\/luxonomy\/","https:\/\/www.linkedin.com\/company\/luxonomy\/"]},{"@type":"Person","@id":"https:\/\/luxonomy.net\/es\/#\/schema\/person\/946f96026a12fb240997712bcc85943b","name":"Pablo Guti\u00e9rrez-Rav\u00e9 Villal\u00f3n","image":{"@type":"ImageObject","inLanguage":"es","@id":"https:\/\/luxonomy.net\/wp-content\/litespeed\/avatar\/b80839bcd1d7840754b71e72cad801ce.jpg?ver=1788213692","url":"https:\/\/luxonomy.net\/wp-content\/litespeed\/avatar\/b80839bcd1d7840754b71e72cad801ce.jpg?ver=1788213692","contentUrl":"https:\/\/luxonomy.net\/wp-content\/litespeed\/avatar\/b80839bcd1d7840754b71e72cad801ce.jpg?ver=1788213692","caption":"Pablo Guti\u00e9rrez-Rav\u00e9 Villal\u00f3n"},"description":"president LUXONOMY\u2122 Group","sameAs":["https:\/\/www.linkedin.com\/in\/pablogutierrezrave\/"],"url":"https:\/\/luxonomy.net\/es\/author\/pablo\/"}]}},"jetpack_publicize_connections":[],"jetpack_shortlink":"https:\/\/wp.me\/paPhBa-c8D","jetpack_sharing_enabled":true,"jetpack_featured_media_url":"https:\/\/i0.wp.com\/luxonomy.net\/wp-content\/uploads\/2023\/07\/epicureo.jpeg?fit=800%2C400&ssl=1","_links":{"self":[{"href":"https:\/\/luxonomy.net\/es\/wp-json\/wp\/v2\/posts\/46663","targetHints":{"allow":["GET"]}}],"collection":[{"href":"https:\/\/luxonomy.net\/es\/wp-json\/wp\/v2\/posts"}],"about":[{"href":"https:\/\/luxonomy.net\/es\/wp-json\/wp\/v2\/types\/post"}],"author":[{"embeddable":true,"href":"https:\/\/luxonomy.net\/es\/wp-json\/wp\/v2\/users\/19"}],"replies":[{"embeddable":true,"href":"https:\/\/luxonomy.net\/es\/wp-json\/wp\/v2\/comments?post=46663"}],"version-history":[{"count":1,"href":"https:\/\/luxonomy.net\/es\/wp-json\/wp\/v2\/posts\/46663\/revisions"}],"predecessor-version":[{"id":46667,"href":"https:\/\/luxonomy.net\/es\/wp-json\/wp\/v2\/posts\/46663\/revisions\/46667"}],"wp:featuredmedia":[{"embeddable":true,"href":"https:\/\/luxonomy.net\/es\/wp-json\/wp\/v2\/media\/46664"}],"wp:attachment":[{"href":"https:\/\/luxonomy.net\/es\/wp-json\/wp\/v2\/media?parent=46663"}],"wp:term":[{"taxonomy":"category","embeddable":true,"href":"https:\/\/luxonomy.net\/es\/wp-json\/wp\/v2\/categories?post=46663"},{"taxonomy":"post_tag","embeddable":true,"href":"https:\/\/luxonomy.net\/es\/wp-json\/wp\/v2\/tags?post=46663"},{"taxonomy":"thb-sponsors","embeddable":true,"href":"https:\/\/luxonomy.net\/es\/wp-json\/wp\/v2\/thb-sponsors?post=46663"}],"curies":[{"name":"wp","href":"https:\/\/api.w.org\/{rel}","templated":true}]}}