{"id":46602,"date":"2023-07-19T13:14:12","date_gmt":"2023-07-19T11:14:12","guid":{"rendered":"https:\/?p=46602"},"modified":"2023-07-19T13:32:51","modified_gmt":"2023-07-19T11:32:51","slug":"un-juego-de-tronos-en-la-moda-el-ceo-de-gucci-se-retira-del-grupo-kering","status":"publish","type":"post","link":"https:\/\/luxonomy.net\/es\/un-juego-de-tronos-en-la-moda-el-ceo-de-gucci-se-retira-del-grupo-kering\/","title":{"rendered":"Un Juego de Tronos en la Moda: El CEO de Gucci se Retira del Grupo Kering"},"content":{"rendered":"<p><strong>El Mundo de la Moda al Borde de un Gran Cambio<\/strong>. En un movimiento imprevisto que ha hecho tambalear al mundo de la alta moda, <strong>el Director Ejecutivo (CEO) de Gucci ha anunciado su salida del Grupo Kering<\/strong>. Este evento significativo est\u00e1 destinado a alterar el panorama de la industria de la moda y establecer nuevas tendencias, pero a\u00fan queda por ver en qu\u00e9 direcci\u00f3n.<\/p>\n<h3>\u00bfQui\u00e9n es el CEO de Gucci?<\/h3>\n<p>El CEO de Gucci, un visionario, ha sido instrumental en la reciente evoluci\u00f3n de la marca. A lo largo de los a\u00f1os, ha sentado las bases para el ascenso de Gucci a un estatus ic\u00f3nico en el mundo de la moda de lujo, creando piezas atemporales que trascienden las fronteras de la cultura y el estilo.<\/p>\n<h3>La Repentina Salida<\/h3>\n<p>Aunque su salida puede resultar sorprendente, es importante entender que tales transiciones, aunque repentinas, suelen estar en proceso desde hace un tiempo. Entonces, \u00bfpor qu\u00e9 ha decidido el CEO abandonar el Grupo Kering ahora, y qu\u00e9 significa esto para la industria?<\/p><div id=\"luxon-1102479374\" class=\"luxon-3er-parrafo luxon-entity-placement\" style=\"margin-top: 20px;margin-bottom: 20px;margin-left: auto;margin-right: auto;text-align: center;\"><a href=\"https:\/\/luxonomy.university\/course\/master-turismo-de-lujo\" target=\"_blank\" aria-label=\"master-turismo-lujo-2026-2027\"><img loading=\"lazy\" decoding=\"async\" src=\"https:\/\/i0.wp.com\/luxonomy.net\/wp-content\/uploads\/2020\/07\/master-turismo-lujo-2026-2027.jpg?fit=1672%2C941&#038;ssl=1\" alt=\"\"  srcset=\"https:\/\/i0.wp.com\/luxonomy.net\/wp-content\/uploads\/2020\/07\/master-turismo-lujo-2026-2027.jpg?w=1672&ssl=1 1672w, https:\/\/i0.wp.com\/luxonomy.net\/wp-content\/uploads\/2020\/07\/master-turismo-lujo-2026-2027.jpg?resize=300%2C169&ssl=1 300w, https:\/\/i0.wp.com\/luxonomy.net\/wp-content\/uploads\/2020\/07\/master-turismo-lujo-2026-2027.jpg?resize=1024%2C576&ssl=1 1024w, https:\/\/i0.wp.com\/luxonomy.net\/wp-content\/uploads\/2020\/07\/master-turismo-lujo-2026-2027.jpg?resize=768%2C432&ssl=1 768w, https:\/\/i0.wp.com\/luxonomy.net\/wp-content\/uploads\/2020\/07\/master-turismo-lujo-2026-2027.jpg?resize=1536%2C864&ssl=1 1536w, https:\/\/i0.wp.com\/luxonomy.net\/wp-content\/uploads\/2020\/07\/master-turismo-lujo-2026-2027.jpg?resize=370%2C208&ssl=1 370w, https:\/\/i0.wp.com\/luxonomy.net\/wp-content\/uploads\/2020\/07\/master-turismo-lujo-2026-2027.jpg?resize=800%2C450&ssl=1 800w, https:\/\/i0.wp.com\/luxonomy.net\/wp-content\/uploads\/2020\/07\/master-turismo-lujo-2026-2027.jpg?resize=20%2C11&ssl=1 20w, https:\/\/i0.wp.com\/luxonomy.net\/wp-content\/uploads\/2020\/07\/master-turismo-lujo-2026-2027.jpg?resize=740%2C416&ssl=1 740w, https:\/\/i0.wp.com\/luxonomy.net\/wp-content\/uploads\/2020\/07\/master-turismo-lujo-2026-2027.jpg?resize=1600%2C900&ssl=1 1600w, https:\/\/i0.wp.com\/luxonomy.net\/wp-content\/uploads\/2020\/07\/master-turismo-lujo-2026-2027.jpg?resize=1200%2C675&ssl=1 1200w, https:\/\/i0.wp.com\/luxonomy.net\/wp-content\/uploads\/2020\/07\/master-turismo-lujo-2026-2027.jpg?resize=85%2C48&ssl=1 85w\" sizes=\"(max-width: 1170px) 100vw, 1170px\" class=\"no-lazyload\" width=\"1672\" height=\"941\"   \/><\/a><\/div>\n<h3>Impacto en el Grupo Kering<\/h3>\n<p>Gucci, como una de las marcas m\u00e1s rentables del Grupo Kering, ha sido un gran contribuyente al \u00e9xito de la empresa. Por lo tanto, la salida del CEO podr\u00eda llevar a cambios significativos dentro del grupo, afectando potencialmente su posici\u00f3n dentro del mundo de la moda.<\/p>\n<h3>Reacci\u00f3n del Mercado de Valores<\/h3>\n<p>Dada la significativa influencia del CEO, su decisi\u00f3n de renunciar ha provocado un efecto domin\u00f3 en el mercado de valores, resultando en fluctuaciones en las acciones del Grupo Kering. Sin embargo, la empresa sigue siendo resiliente, con una fuerte alineaci\u00f3n de otras marcas influyentes.<\/p>\n<h3>\u00bfQu\u00e9 sigue para Gucci?<\/h3>\n<p>Sin el CEO al mando, Gucci est\u00e1 en una encrucijada. Sin embargo, considerando la larga reputaci\u00f3n de la marca y su equipo dedicado, se espera que navegue exitosamente por esta transici\u00f3n y contin\u00fae su trayectoria en el mundo de la alta moda.<\/p>\n<h3>Especulaciones sobre el Posible Sucesor<\/h3>\n<p>Como ocurre con cualquier cambio de liderazgo, las especulaciones est\u00e1n al alza sobre qui\u00e9n tomar\u00e1 las riendas en Gucci. Sea quien sea, ciertamente tendr\u00e1 grandes zapatos que llenar.<\/p><div id=\"luxon-2278297647\" class=\"luxon-7-parrafo luxon-entity-placement\" style=\"margin-top: 20px;margin-bottom: 20px;margin-left: auto;margin-right: auto;text-align: center;\"><a href=\"https:\/\/theintelligence.institute\/course\/inteligencia-artificial-para-directivos\" target=\"_blank\" aria-label=\"CSIAD_empresas_THEI_horizontal_4x3_v5\"><img loading=\"lazy\" decoding=\"async\" src=\"https:\/\/i0.wp.com\/luxonomy.net\/wp-content\/uploads\/2025\/08\/CSIAD_empresas_THEI_horizontal_4x3_v5.png?fit=2000%2C1500&#038;ssl=1\" alt=\"\"  srcset=\"https:\/\/i0.wp.com\/luxonomy.net\/wp-content\/uploads\/2025\/08\/CSIAD_empresas_THEI_horizontal_4x3_v5.png?w=2000&ssl=1 2000w, https:\/\/i0.wp.com\/luxonomy.net\/wp-content\/uploads\/2025\/08\/CSIAD_empresas_THEI_horizontal_4x3_v5.png?resize=300%2C225&ssl=1 300w, https:\/\/i0.wp.com\/luxonomy.net\/wp-content\/uploads\/2025\/08\/CSIAD_empresas_THEI_horizontal_4x3_v5.png?resize=1024%2C768&ssl=1 1024w, https:\/\/i0.wp.com\/luxonomy.net\/wp-content\/uploads\/2025\/08\/CSIAD_empresas_THEI_horizontal_4x3_v5.png?resize=768%2C576&ssl=1 768w, https:\/\/i0.wp.com\/luxonomy.net\/wp-content\/uploads\/2025\/08\/CSIAD_empresas_THEI_horizontal_4x3_v5.png?resize=1536%2C1152&ssl=1 1536w, https:\/\/i0.wp.com\/luxonomy.net\/wp-content\/uploads\/2025\/08\/CSIAD_empresas_THEI_horizontal_4x3_v5.png?resize=370%2C278&ssl=1 370w, https:\/\/i0.wp.com\/luxonomy.net\/wp-content\/uploads\/2025\/08\/CSIAD_empresas_THEI_horizontal_4x3_v5.png?resize=800%2C600&ssl=1 800w, https:\/\/i0.wp.com\/luxonomy.net\/wp-content\/uploads\/2025\/08\/CSIAD_empresas_THEI_horizontal_4x3_v5.png?resize=20%2C15&ssl=1 20w, https:\/\/i0.wp.com\/luxonomy.net\/wp-content\/uploads\/2025\/08\/CSIAD_empresas_THEI_horizontal_4x3_v5.png?resize=740%2C555&ssl=1 740w, https:\/\/i0.wp.com\/luxonomy.net\/wp-content\/uploads\/2025\/08\/CSIAD_empresas_THEI_horizontal_4x3_v5.png?resize=1600%2C1200&ssl=1 1600w, https:\/\/i0.wp.com\/luxonomy.net\/wp-content\/uploads\/2025\/08\/CSIAD_empresas_THEI_horizontal_4x3_v5.png?resize=1200%2C900&ssl=1 1200w, https:\/\/i0.wp.com\/luxonomy.net\/wp-content\/uploads\/2025\/08\/CSIAD_empresas_THEI_horizontal_4x3_v5.png?resize=64%2C48&ssl=1 64w\" sizes=\"(max-width: 1170px) 100vw, 1170px\" class=\"no-lazyload\" width=\"2000\" height=\"1500\"   \/><\/a><\/div>\n<h3>Mirando el Panorama General<\/h3>\n<p>Esta salida no es solo acerca de una sola persona o marca. Significa un cambio importante en el mundo de la moda de lujo, destacando la naturaleza din\u00e1mica de esta industria.<\/p>\n<h3>Reflexionando sobre el Viaje<\/h3>\n<p>El CEO de Gucci ha tenido una carrera ilustre, y su salida del Grupo Kering marca el fin de una era significativa en la historia de la marca. Su liderazgo y visi\u00f3n creativa han dejado sin duda un impacto duradero en la industria.<\/p>\n<h2>El Futuro del Liderazgo en la Moda<\/h2>\n<p>El futuro es incierto, y el mundo de la moda espera con ansias para ver c\u00f3mo Gucci y el Grupo Kering se adaptar\u00e1n a este cambio. Sin embargo, est\u00e1 claro que los cambios de liderazgo en marcas tan significativas dan forma y redefinen el mundo de la alta moda.<\/p>\n<p><em><strong>Estamos presenciando un momento hist\u00f3rico en la industria de la moda, uno que est\u00e1 destinado a establecer nuevas tendencias y alterar el rumbo de varias marcas, incluyendo Gucci y el Grupo Kering. Mientras el mundo espera con entusiasmo los pr\u00f3ximos pasos de la marca, nos recordamos del dinamismo y la naturaleza siempre evolutiva del mundo de la moda.<\/strong><\/em><\/p>\n<h3>Preguntas Frecuentes<\/h3>\n<p><strong>1) \u00bfQui\u00e9n reemplazar\u00e1 al CEO saliente de Gucci?<\/strong> Hasta ahora, no se ha anunciado el sucesor del CEO de Gucci.<br \/>\n<strong>2) \u00bfC\u00f3mo impactar\u00e1 la salida del CEO a Gucci?<\/strong> El impacto de la salida del CEO a\u00fan es incierto, pero como Gucci es una marca bien establecida, se espera que maneje este cambio de manera efectiva.<\/p>\n<p><strong>3) \u00bfQu\u00e9 ocurrir\u00e1 con el rendimiento del Grupo Kering en el mercado de valores?<\/strong> Aunque puede haber fluctuaciones inicialmente, la diversa cartera de marcas del Grupo Kering deber\u00eda ayudar a estabilizar su rendimiento en el mercado.<\/p>\n<p><strong>4) \u00bfQu\u00e9 significa esta salida para la industria de la moda de lujo?<\/strong> Los cambios de liderazgo pueden influir significativamente en la direcci\u00f3n que toma una marca, estableciendo potencialmente nuevas tendencias en la industria de la moda.<\/p>\n<p><strong>5) \u00bfCu\u00e1l es el legado del CEO que se va?<\/strong> El liderazgo y la creatividad del CEO han contribuido significativamente a la transformaci\u00f3n de Gucci en una marca ic\u00f3nica de moda de lujo.<\/p>\n","protected":false},"excerpt":{"rendered":"<p>El Mundo de la Moda al Borde de un Gran Cambio. En un movimiento imprevisto que ha hecho tambalear al mundo de la alta moda, el Director Ejecutivo (CEO) de Gucci ha anunciado su salida del Grupo Kering. Este evento significativo est\u00e1 destinado a alterar el panorama de la industria de la moda y establecer&hellip;<\/p>\n","protected":false},"author":10,"featured_media":46601,"comment_status":"closed","ping_status":"open","sticky":false,"template":"","format":"standard","meta":{"_jetpack_newsletter_access":"","_jetpack_dont_email_post_to_subs":false,"_jetpack_newsletter_tier_id":0,"_jetpack_memberships_contains_paywalled_content":false,"_jetpack_feature_clip_id":0,"_jetpack_memberships_contains_paid_content":false,"footnotes":"","jetpack_publicize_message":"Un Juego de Tronos en la Moda: El CEO de Gucci se Retira del Grupo Kering","jetpack_publicize_feature_enabled":true,"jetpack_social_post_already_shared":true,"jetpack_social_options":{"image_generator_settings":{"template":"edge","default_image_id":0,"font":"","enabled":false},"version":2},"jetpack_post_was_ever_published":false},"categories":[1672,1128],"tags":[635,552],"thb-sponsors":[],"class_list":["post-46602","post","type-post","status-publish","format-standard","has-post-thumbnail","hentry","category-actualidad","category-economia","tag-actualidad","tag-economia"],"yoast_head":"<!-- This site is optimized with the Yoast SEO plugin v28.4 - https:\/\/yoast.com\/product\/yoast-seo-wordpress\/ -->\n<title>Un Juego de Tronos en la Moda: El CEO de Gucci se Retira del Grupo Kering | LUXONOMY<\/title>\n<meta name=\"robots\" content=\"index, follow, max-snippet:-1, max-image-preview:large, max-video-preview:-1\" \/>\n<link rel=\"canonical\" href=\"https:\/\/luxonomy.net\/es\/un-juego-de-tronos-en-la-moda-el-ceo-de-gucci-se-retira-del-grupo-kering\/\" \/>\n<meta property=\"og:locale\" content=\"es_ES\" \/>\n<meta property=\"og:type\" content=\"article\" \/>\n<meta property=\"og:title\" content=\"Un Juego de Tronos en la Moda: El CEO de Gucci se Retira del Grupo Kering | LUXONOMY\" \/>\n<meta property=\"og:description\" content=\"El Mundo de la Moda al Borde de un Gran Cambio. En un movimiento imprevisto que ha hecho tambalear al mundo de la alta moda, el Director Ejecutivo (CEO) de Gucci ha anunciado su salida del Grupo Kering. Este evento significativo est\u00e1 destinado a alterar el panorama de la industria de la moda y establecer&hellip;\" \/>\n<meta property=\"og:url\" content=\"https:\/\/luxonomy.net\/es\/un-juego-de-tronos-en-la-moda-el-ceo-de-gucci-se-retira-del-grupo-kering\/\" \/>\n<meta property=\"og:site_name\" content=\"LUXONOMY\" \/>\n<meta property=\"article:publisher\" content=\"https:\/\/www.facebook.com\/luxonomy\" \/>\n<meta property=\"article:published_time\" content=\"2023-07-19T11:14:12+00:00\" \/>\n<meta property=\"article:modified_time\" content=\"2023-07-19T11:32:51+00:00\" \/>\n<meta property=\"og:image\" content=\"https:\/\/i0.wp.com\/luxonomy.net\/wp-content\/uploads\/2023\/07\/gucci-ceo-LUXONOMY-X.jpg?fit=1000%2C680&quality=89&ssl=1\" \/>\n\t<meta property=\"og:image:width\" content=\"1000\" \/>\n\t<meta property=\"og:image:height\" content=\"680\" \/>\n\t<meta property=\"og:image:type\" content=\"image\/jpeg\" \/>\n<meta name=\"author\" content=\"Chiara Gabardi\" \/>\n<meta name=\"twitter:card\" content=\"summary_large_image\" \/>\n<meta name=\"twitter:label1\" content=\"Escrito por\" \/>\n\t<meta name=\"twitter:data1\" content=\"Chiara Gabardi\" \/>\n\t<meta name=\"twitter:label2\" content=\"Tiempo de lectura\" \/>\n\t<meta name=\"twitter:data2\" content=\"4 minutos\" \/>\n<script type=\"application\/ld+json\" class=\"yoast-schema-graph\">{\"@context\":\"https:\\\/\\\/schema.org\",\"@graph\":[{\"@type\":\"Article\",\"@id\":\"https:\\\/\\\/luxonomy.net\\\/es\\\/un-juego-de-tronos-en-la-moda-el-ceo-de-gucci-se-retira-del-grupo-kering\\\/#article\",\"isPartOf\":{\"@id\":\"https:\\\/\\\/luxonomy.net\\\/es\\\/un-juego-de-tronos-en-la-moda-el-ceo-de-gucci-se-retira-del-grupo-kering\\\/\"},\"author\":{\"name\":\"Chiara Gabardi\",\"@id\":\"https:\\\/\\\/luxonomy.net\\\/es\\\/#\\\/schema\\\/person\\\/9d526ffe93a0cc9cecc91760f49da3ef\"},\"headline\":\"Un Juego de Tronos en la Moda: El CEO de Gucci se Retira del Grupo Kering\",\"datePublished\":\"2023-07-19T11:14:12+00:00\",\"dateModified\":\"2023-07-19T11:32:51+00:00\",\"mainEntityOfPage\":{\"@id\":\"https:\\\/\\\/luxonomy.net\\\/es\\\/un-juego-de-tronos-en-la-moda-el-ceo-de-gucci-se-retira-del-grupo-kering\\\/\"},\"wordCount\":752,\"publisher\":{\"@id\":\"https:\\\/\\\/luxonomy.net\\\/es\\\/#organization\"},\"image\":{\"@id\":\"https:\\\/\\\/luxonomy.net\\\/es\\\/un-juego-de-tronos-en-la-moda-el-ceo-de-gucci-se-retira-del-grupo-kering\\\/#primaryimage\"},\"thumbnailUrl\":\"https:\\\/\\\/i0.wp.com\\\/luxonomy.net\\\/wp-content\\\/uploads\\\/2023\\\/07\\\/gucci-ceo-LUXONOMY-X.jpg?fit=1000%2C680&ssl=1\",\"keywords\":[\"actualidad\",\"econom\u00eda\"],\"articleSection\":[\"Actualidad\",\"Econom\u00eda\"],\"inLanguage\":\"es\"},{\"@type\":\"WebPage\",\"@id\":\"https:\\\/\\\/luxonomy.net\\\/es\\\/un-juego-de-tronos-en-la-moda-el-ceo-de-gucci-se-retira-del-grupo-kering\\\/\",\"url\":\"https:\\\/\\\/luxonomy.net\\\/es\\\/un-juego-de-tronos-en-la-moda-el-ceo-de-gucci-se-retira-del-grupo-kering\\\/\",\"name\":\"Un Juego de Tronos en la Moda: El CEO de Gucci se Retira del Grupo Kering | LUXONOMY\",\"isPartOf\":{\"@id\":\"https:\\\/\\\/luxonomy.net\\\/es\\\/#website\"},\"primaryImageOfPage\":{\"@id\":\"https:\\\/\\\/luxonomy.net\\\/es\\\/un-juego-de-tronos-en-la-moda-el-ceo-de-gucci-se-retira-del-grupo-kering\\\/#primaryimage\"},\"image\":{\"@id\":\"https:\\\/\\\/luxonomy.net\\\/es\\\/un-juego-de-tronos-en-la-moda-el-ceo-de-gucci-se-retira-del-grupo-kering\\\/#primaryimage\"},\"thumbnailUrl\":\"https:\\\/\\\/i0.wp.com\\\/luxonomy.net\\\/wp-content\\\/uploads\\\/2023\\\/07\\\/gucci-ceo-LUXONOMY-X.jpg?fit=1000%2C680&ssl=1\",\"datePublished\":\"2023-07-19T11:14:12+00:00\",\"dateModified\":\"2023-07-19T11:32:51+00:00\",\"breadcrumb\":{\"@id\":\"https:\\\/\\\/luxonomy.net\\\/es\\\/un-juego-de-tronos-en-la-moda-el-ceo-de-gucci-se-retira-del-grupo-kering\\\/#breadcrumb\"},\"inLanguage\":\"es\",\"potentialAction\":[{\"@type\":\"ReadAction\",\"target\":[\"https:\\\/\\\/luxonomy.net\\\/es\\\/un-juego-de-tronos-en-la-moda-el-ceo-de-gucci-se-retira-del-grupo-kering\\\/\"]}]},{\"@type\":\"ImageObject\",\"inLanguage\":\"es\",\"@id\":\"https:\\\/\\\/luxonomy.net\\\/es\\\/un-juego-de-tronos-en-la-moda-el-ceo-de-gucci-se-retira-del-grupo-kering\\\/#primaryimage\",\"url\":\"https:\\\/\\\/i0.wp.com\\\/luxonomy.net\\\/wp-content\\\/uploads\\\/2023\\\/07\\\/gucci-ceo-LUXONOMY-X.jpg?fit=1000%2C680&ssl=1\",\"contentUrl\":\"https:\\\/\\\/i0.wp.com\\\/luxonomy.net\\\/wp-content\\\/uploads\\\/2023\\\/07\\\/gucci-ceo-LUXONOMY-X.jpg?fit=1000%2C680&ssl=1\",\"width\":1000,\"height\":680},{\"@type\":\"BreadcrumbList\",\"@id\":\"https:\\\/\\\/luxonomy.net\\\/es\\\/un-juego-de-tronos-en-la-moda-el-ceo-de-gucci-se-retira-del-grupo-kering\\\/#breadcrumb\",\"itemListElement\":[{\"@type\":\"ListItem\",\"position\":1,\"name\":\"Portada\",\"item\":\"https:\\\/\\\/luxonomy.net\\\/es\\\/\"},{\"@type\":\"ListItem\",\"position\":2,\"name\":\"Un Juego de Tronos en la Moda: El CEO de Gucci se Retira del Grupo Kering\"}]},{\"@type\":\"WebSite\",\"@id\":\"https:\\\/\\\/luxonomy.net\\\/es\\\/#website\",\"url\":\"https:\\\/\\\/luxonomy.net\\\/es\\\/\",\"name\":\"LUXONOMY\",\"description\":\"The Economy of Fashion &amp; Luxury\",\"publisher\":{\"@id\":\"https:\\\/\\\/luxonomy.net\\\/es\\\/#organization\"},\"potentialAction\":[{\"@type\":\"SearchAction\",\"target\":{\"@type\":\"EntryPoint\",\"urlTemplate\":\"https:\\\/\\\/luxonomy.net\\\/es\\\/?s={search_term_string}\"},\"query-input\":{\"@type\":\"PropertyValueSpecification\",\"valueRequired\":true,\"valueName\":\"search_term_string\"}}],\"inLanguage\":\"es\"},{\"@type\":\"Organization\",\"@id\":\"https:\\\/\\\/luxonomy.net\\\/es\\\/#organization\",\"name\":\"LUXONOMY\",\"url\":\"https:\\\/\\\/luxonomy.net\\\/es\\\/\",\"logo\":{\"@type\":\"ImageObject\",\"inLanguage\":\"es\",\"@id\":\"https:\\\/\\\/luxonomy.net\\\/es\\\/#\\\/schema\\\/logo\\\/image\\\/\",\"url\":\"https:\\\/\\\/i2.wp.com\\\/luxonomy.net\\\/wp-content\\\/uploads\\\/2021\\\/09\\\/MOCKUP-TODOS-LUXONOMY.jpg?fit=1000%2C515&ssl=1\",\"contentUrl\":\"https:\\\/\\\/i2.wp.com\\\/luxonomy.net\\\/wp-content\\\/uploads\\\/2021\\\/09\\\/MOCKUP-TODOS-LUXONOMY.jpg?fit=1000%2C515&ssl=1\",\"width\":1000,\"height\":515,\"caption\":\"LUXONOMY\"},\"image\":{\"@id\":\"https:\\\/\\\/luxonomy.net\\\/es\\\/#\\\/schema\\\/logo\\\/image\\\/\"},\"sameAs\":[\"https:\\\/\\\/www.facebook.com\\\/luxonomy\",\"https:\\\/\\\/www.instagram.com\\\/luxonomy\\\/\",\"https:\\\/\\\/www.linkedin.com\\\/company\\\/luxonomy\\\/\"]},{\"@type\":\"Person\",\"@id\":\"https:\\\/\\\/luxonomy.net\\\/es\\\/#\\\/schema\\\/person\\\/9d526ffe93a0cc9cecc91760f49da3ef\",\"name\":\"Chiara Gabardi\",\"image\":{\"@type\":\"ImageObject\",\"inLanguage\":\"es\",\"@id\":\"https:\\\/\\\/luxonomy.net\\\/wp-content\\\/litespeed\\\/avatar\\\/548640c4e2c34544e66c65ab1641a5d7.jpg?ver=1787976300\",\"url\":\"https:\\\/\\\/luxonomy.net\\\/wp-content\\\/litespeed\\\/avatar\\\/548640c4e2c34544e66c65ab1641a5d7.jpg?ver=1787976300\",\"contentUrl\":\"https:\\\/\\\/luxonomy.net\\\/wp-content\\\/litespeed\\\/avatar\\\/548640c4e2c34544e66c65ab1641a5d7.jpg?ver=1787976300\",\"caption\":\"Chiara Gabardi\"},\"description\":\"Editor at LUXONOMY\u2122 Group\",\"url\":\"https:\\\/\\\/luxonomy.net\\\/es\\\/author\\\/chiara-gabardi\\\/\"}]}<\/script>\n<!-- \/ Yoast SEO plugin. -->","yoast_head_json":{"title":"Un Juego de Tronos en la Moda: El CEO de Gucci se Retira del Grupo Kering | LUXONOMY","robots":{"index":"index","follow":"follow","max-snippet":"max-snippet:-1","max-image-preview":"max-image-preview:large","max-video-preview":"max-video-preview:-1"},"canonical":"https:\/\/luxonomy.net\/es\/un-juego-de-tronos-en-la-moda-el-ceo-de-gucci-se-retira-del-grupo-kering\/","og_locale":"es_ES","og_type":"article","og_title":"Un Juego de Tronos en la Moda: El CEO de Gucci se Retira del Grupo Kering | LUXONOMY","og_description":"El Mundo de la Moda al Borde de un Gran Cambio. En un movimiento imprevisto que ha hecho tambalear al mundo de la alta moda, el Director Ejecutivo (CEO) de Gucci ha anunciado su salida del Grupo Kering. Este evento significativo est\u00e1 destinado a alterar el panorama de la industria de la moda y establecer&hellip;","og_url":"https:\/\/luxonomy.net\/es\/un-juego-de-tronos-en-la-moda-el-ceo-de-gucci-se-retira-del-grupo-kering\/","og_site_name":"LUXONOMY","article_publisher":"https:\/\/www.facebook.com\/luxonomy","article_published_time":"2023-07-19T11:14:12+00:00","article_modified_time":"2023-07-19T11:32:51+00:00","og_image":[{"width":1000,"height":680,"url":"https:\/\/i0.wp.com\/luxonomy.net\/wp-content\/uploads\/2023\/07\/gucci-ceo-LUXONOMY-X.jpg?fit=1000%2C680&quality=89&ssl=1","type":"image\/jpeg"}],"author":"Chiara Gabardi","twitter_card":"summary_large_image","twitter_misc":{"Escrito por":"Chiara Gabardi","Tiempo de lectura":"4 minutos"},"schema":{"@context":"https:\/\/schema.org","@graph":[{"@type":"Article","@id":"https:\/\/luxonomy.net\/es\/un-juego-de-tronos-en-la-moda-el-ceo-de-gucci-se-retira-del-grupo-kering\/#article","isPartOf":{"@id":"https:\/\/luxonomy.net\/es\/un-juego-de-tronos-en-la-moda-el-ceo-de-gucci-se-retira-del-grupo-kering\/"},"author":{"name":"Chiara Gabardi","@id":"https:\/\/luxonomy.net\/es\/#\/schema\/person\/9d526ffe93a0cc9cecc91760f49da3ef"},"headline":"Un Juego de Tronos en la Moda: El CEO de Gucci se Retira del Grupo Kering","datePublished":"2023-07-19T11:14:12+00:00","dateModified":"2023-07-19T11:32:51+00:00","mainEntityOfPage":{"@id":"https:\/\/luxonomy.net\/es\/un-juego-de-tronos-en-la-moda-el-ceo-de-gucci-se-retira-del-grupo-kering\/"},"wordCount":752,"publisher":{"@id":"https:\/\/luxonomy.net\/es\/#organization"},"image":{"@id":"https:\/\/luxonomy.net\/es\/un-juego-de-tronos-en-la-moda-el-ceo-de-gucci-se-retira-del-grupo-kering\/#primaryimage"},"thumbnailUrl":"https:\/\/i0.wp.com\/luxonomy.net\/wp-content\/uploads\/2023\/07\/gucci-ceo-LUXONOMY-X.jpg?fit=1000%2C680&ssl=1","keywords":["actualidad","econom\u00eda"],"articleSection":["Actualidad","Econom\u00eda"],"inLanguage":"es"},{"@type":"WebPage","@id":"https:\/\/luxonomy.net\/es\/un-juego-de-tronos-en-la-moda-el-ceo-de-gucci-se-retira-del-grupo-kering\/","url":"https:\/\/luxonomy.net\/es\/un-juego-de-tronos-en-la-moda-el-ceo-de-gucci-se-retira-del-grupo-kering\/","name":"Un Juego de Tronos en la Moda: El CEO de Gucci se Retira del Grupo Kering | LUXONOMY","isPartOf":{"@id":"https:\/\/luxonomy.net\/es\/#website"},"primaryImageOfPage":{"@id":"https:\/\/luxonomy.net\/es\/un-juego-de-tronos-en-la-moda-el-ceo-de-gucci-se-retira-del-grupo-kering\/#primaryimage"},"image":{"@id":"https:\/\/luxonomy.net\/es\/un-juego-de-tronos-en-la-moda-el-ceo-de-gucci-se-retira-del-grupo-kering\/#primaryimage"},"thumbnailUrl":"https:\/\/i0.wp.com\/luxonomy.net\/wp-content\/uploads\/2023\/07\/gucci-ceo-LUXONOMY-X.jpg?fit=1000%2C680&ssl=1","datePublished":"2023-07-19T11:14:12+00:00","dateModified":"2023-07-19T11:32:51+00:00","breadcrumb":{"@id":"https:\/\/luxonomy.net\/es\/un-juego-de-tronos-en-la-moda-el-ceo-de-gucci-se-retira-del-grupo-kering\/#breadcrumb"},"inLanguage":"es","potentialAction":[{"@type":"ReadAction","target":["https:\/\/luxonomy.net\/es\/un-juego-de-tronos-en-la-moda-el-ceo-de-gucci-se-retira-del-grupo-kering\/"]}]},{"@type":"ImageObject","inLanguage":"es","@id":"https:\/\/luxonomy.net\/es\/un-juego-de-tronos-en-la-moda-el-ceo-de-gucci-se-retira-del-grupo-kering\/#primaryimage","url":"https:\/\/i0.wp.com\/luxonomy.net\/wp-content\/uploads\/2023\/07\/gucci-ceo-LUXONOMY-X.jpg?fit=1000%2C680&ssl=1","contentUrl":"https:\/\/i0.wp.com\/luxonomy.net\/wp-content\/uploads\/2023\/07\/gucci-ceo-LUXONOMY-X.jpg?fit=1000%2C680&ssl=1","width":1000,"height":680},{"@type":"BreadcrumbList","@id":"https:\/\/luxonomy.net\/es\/un-juego-de-tronos-en-la-moda-el-ceo-de-gucci-se-retira-del-grupo-kering\/#breadcrumb","itemListElement":[{"@type":"ListItem","position":1,"name":"Portada","item":"https:\/\/luxonomy.net\/es\/"},{"@type":"ListItem","position":2,"name":"Un Juego de Tronos en la Moda: El CEO de Gucci se Retira del Grupo Kering"}]},{"@type":"WebSite","@id":"https:\/\/luxonomy.net\/es\/#website","url":"https:\/\/luxonomy.net\/es\/","name":"LUXONOMY","description":"The Economy of Fashion &amp; Luxury","publisher":{"@id":"https:\/\/luxonomy.net\/es\/#organization"},"potentialAction":[{"@type":"SearchAction","target":{"@type":"EntryPoint","urlTemplate":"https:\/\/luxonomy.net\/es\/?s={search_term_string}"},"query-input":{"@type":"PropertyValueSpecification","valueRequired":true,"valueName":"search_term_string"}}],"inLanguage":"es"},{"@type":"Organization","@id":"https:\/\/luxonomy.net\/es\/#organization","name":"LUXONOMY","url":"https:\/\/luxonomy.net\/es\/","logo":{"@type":"ImageObject","inLanguage":"es","@id":"https:\/\/luxonomy.net\/es\/#\/schema\/logo\/image\/","url":"https:\/\/i2.wp.com\/luxonomy.net\/wp-content\/uploads\/2021\/09\/MOCKUP-TODOS-LUXONOMY.jpg?fit=1000%2C515&ssl=1","contentUrl":"https:\/\/i2.wp.com\/luxonomy.net\/wp-content\/uploads\/2021\/09\/MOCKUP-TODOS-LUXONOMY.jpg?fit=1000%2C515&ssl=1","width":1000,"height":515,"caption":"LUXONOMY"},"image":{"@id":"https:\/\/luxonomy.net\/es\/#\/schema\/logo\/image\/"},"sameAs":["https:\/\/www.facebook.com\/luxonomy","https:\/\/www.instagram.com\/luxonomy\/","https:\/\/www.linkedin.com\/company\/luxonomy\/"]},{"@type":"Person","@id":"https:\/\/luxonomy.net\/es\/#\/schema\/person\/9d526ffe93a0cc9cecc91760f49da3ef","name":"Chiara Gabardi","image":{"@type":"ImageObject","inLanguage":"es","@id":"https:\/\/luxonomy.net\/wp-content\/litespeed\/avatar\/548640c4e2c34544e66c65ab1641a5d7.jpg?ver=1787976300","url":"https:\/\/luxonomy.net\/wp-content\/litespeed\/avatar\/548640c4e2c34544e66c65ab1641a5d7.jpg?ver=1787976300","contentUrl":"https:\/\/luxonomy.net\/wp-content\/litespeed\/avatar\/548640c4e2c34544e66c65ab1641a5d7.jpg?ver=1787976300","caption":"Chiara Gabardi"},"description":"Editor at LUXONOMY\u2122 Group","url":"https:\/\/luxonomy.net\/es\/author\/chiara-gabardi\/"}]}},"jetpack_publicize_connections":[],"jetpack_shortlink":"https:\/\/wp.me\/paPhBa-c7E","jetpack_sharing_enabled":true,"jetpack_featured_media_url":"https:\/\/i0.wp.com\/luxonomy.net\/wp-content\/uploads\/2023\/07\/gucci-ceo-LUXONOMY-X.jpg?fit=1000%2C680&ssl=1","_links":{"self":[{"href":"https:\/\/luxonomy.net\/es\/wp-json\/wp\/v2\/posts\/46602","targetHints":{"allow":["GET"]}}],"collection":[{"href":"https:\/\/luxonomy.net\/es\/wp-json\/wp\/v2\/posts"}],"about":[{"href":"https:\/\/luxonomy.net\/es\/wp-json\/wp\/v2\/types\/post"}],"author":[{"embeddable":true,"href":"https:\/\/luxonomy.net\/es\/wp-json\/wp\/v2\/users\/10"}],"replies":[{"embeddable":true,"href":"https:\/\/luxonomy.net\/es\/wp-json\/wp\/v2\/comments?post=46602"}],"version-history":[{"count":2,"href":"https:\/\/luxonomy.net\/es\/wp-json\/wp\/v2\/posts\/46602\/revisions"}],"predecessor-version":[{"id":46604,"href":"https:\/\/luxonomy.net\/es\/wp-json\/wp\/v2\/posts\/46602\/revisions\/46604"}],"wp:featuredmedia":[{"embeddable":true,"href":"https:\/\/luxonomy.net\/es\/wp-json\/wp\/v2\/media\/46601"}],"wp:attachment":[{"href":"https:\/\/luxonomy.net\/es\/wp-json\/wp\/v2\/media?parent=46602"}],"wp:term":[{"taxonomy":"category","embeddable":true,"href":"https:\/\/luxonomy.net\/es\/wp-json\/wp\/v2\/categories?post=46602"},{"taxonomy":"post_tag","embeddable":true,"href":"https:\/\/luxonomy.net\/es\/wp-json\/wp\/v2\/tags?post=46602"},{"taxonomy":"thb-sponsors","embeddable":true,"href":"https:\/\/luxonomy.net\/es\/wp-json\/wp\/v2\/thb-sponsors?post=46602"}],"curies":[{"name":"wp","href":"https:\/\/api.w.org\/{rel}","templated":true}]}}