{"id":46549,"date":"2023-07-18T15:55:14","date_gmt":"2023-07-18T13:55:14","guid":{"rendered":"https:\/?p=46549"},"modified":"2023-07-18T16:28:41","modified_gmt":"2023-07-18T14:28:41","slug":"el-resurgimiento-de-la-moda-digital-los-avatares-meta-de-valentino-toman-el-centro-del-escenario","status":"publish","type":"post","link":"https:\/\/luxonomy.net\/es\/el-resurgimiento-de-la-moda-digital-los-avatares-meta-de-valentino-toman-el-centro-del-escenario\/","title":{"rendered":"El resurgimiento de la moda digital: Los avatares Meta de Valentino toman el centro del escenario"},"content":{"rendered":"<p>En el vibrante panorama de la moda, estamos presenciando una transformaci\u00f3n digital que est\u00e1 moldeando no solo nuestra percepci\u00f3n, sino que tambi\u00e9n redefine nuestras interacciones con la moda. Un ejemplo perfecto de esta metamorfosis digital es el reciente desvelamiento del vestido de Valentino para los avatares de Meta. Pero, \u00bfqu\u00e9 significa esto para el futuro de la moda? Y, \u00bfc\u00f3mo est\u00e1 influyendo la tecnolog\u00eda en esta metamorfosis? Vamos a descubrirlo juntos.<\/p>\n<h2>El amanecer de una era digital en la moda<\/h2>\n<p>Imagina entrar en una tienda virtual, probarte una serie de outfits digitales y comprar un atuendo para tu avatar de Meta. \u00bfTe parece ciencia ficci\u00f3n? Bueno, estamos aqu\u00ed para decirte que el futuro es ahora.<\/p>\n<h3>El vestido de Valentino para los avatares Meta<\/h3>\n<p>La casa de moda ilustre, Valentino, ha presentado recientemente un vestido dise\u00f1ado exclusivamente para los avatares de Meta. Es un paso revolucionario, un testimonio del enfoque innovador de Valentino y una clara indicaci\u00f3n de hacia d\u00f3nde se dirige la moda.<\/p><div id=\"luxon-2854330839\" class=\"luxon-3er-parrafo luxon-entity-placement\" style=\"margin-top: 20px;margin-bottom: 20px;margin-left: auto;margin-right: auto;text-align: center;\"><a href=\"https:\/\/luxonomy.university\/course\/master-turismo-de-lujo\" target=\"_blank\" aria-label=\"master-turismo-lujo-2026-2027\"><img loading=\"lazy\" decoding=\"async\" src=\"https:\/\/i0.wp.com\/luxonomy.net\/wp-content\/uploads\/2020\/07\/master-turismo-lujo-2026-2027.jpg?fit=1672%2C941&#038;ssl=1\" alt=\"\"  srcset=\"https:\/\/i0.wp.com\/luxonomy.net\/wp-content\/uploads\/2020\/07\/master-turismo-lujo-2026-2027.jpg?w=1672&ssl=1 1672w, https:\/\/i0.wp.com\/luxonomy.net\/wp-content\/uploads\/2020\/07\/master-turismo-lujo-2026-2027.jpg?resize=300%2C169&ssl=1 300w, https:\/\/i0.wp.com\/luxonomy.net\/wp-content\/uploads\/2020\/07\/master-turismo-lujo-2026-2027.jpg?resize=1024%2C576&ssl=1 1024w, https:\/\/i0.wp.com\/luxonomy.net\/wp-content\/uploads\/2020\/07\/master-turismo-lujo-2026-2027.jpg?resize=768%2C432&ssl=1 768w, https:\/\/i0.wp.com\/luxonomy.net\/wp-content\/uploads\/2020\/07\/master-turismo-lujo-2026-2027.jpg?resize=1536%2C864&ssl=1 1536w, https:\/\/i0.wp.com\/luxonomy.net\/wp-content\/uploads\/2020\/07\/master-turismo-lujo-2026-2027.jpg?resize=370%2C208&ssl=1 370w, https:\/\/i0.wp.com\/luxonomy.net\/wp-content\/uploads\/2020\/07\/master-turismo-lujo-2026-2027.jpg?resize=800%2C450&ssl=1 800w, https:\/\/i0.wp.com\/luxonomy.net\/wp-content\/uploads\/2020\/07\/master-turismo-lujo-2026-2027.jpg?resize=20%2C11&ssl=1 20w, https:\/\/i0.wp.com\/luxonomy.net\/wp-content\/uploads\/2020\/07\/master-turismo-lujo-2026-2027.jpg?resize=740%2C416&ssl=1 740w, https:\/\/i0.wp.com\/luxonomy.net\/wp-content\/uploads\/2020\/07\/master-turismo-lujo-2026-2027.jpg?resize=1600%2C900&ssl=1 1600w, https:\/\/i0.wp.com\/luxonomy.net\/wp-content\/uploads\/2020\/07\/master-turismo-lujo-2026-2027.jpg?resize=1200%2C675&ssl=1 1200w, https:\/\/i0.wp.com\/luxonomy.net\/wp-content\/uploads\/2020\/07\/master-turismo-lujo-2026-2027.jpg?resize=85%2C48&ssl=1 85w\" sizes=\"(max-width: 1170px) 100vw, 1170px\" class=\"no-lazyload\" width=\"1672\" height=\"941\"   \/><\/a><\/div>\n<p>Valentino ha creado seis looks totalmente marcados inspirados en su colecci\u00f3n m\u00e1s reciente, incluyendo &#8220;una serie de piezas que hacen girar cabezas&#8221;, como las vibrantes piezas en el tono Rosa PP, caracter\u00edstico de la casa de moda. Los looks incluyen la Toile Iconographe de Valentino, un patr\u00f3n general que presenta el logotipo distintivo de la Maison, as\u00ed como su hist\u00f3rico estampado Panther, interpretado en un brillante Rosa PP y visto en la parte superior de un vestido flotante.<\/p>\n<p>La colecci\u00f3n tambi\u00e9n incluye las reci\u00e9n lanzadas bailarinas Rockstud de Valentino Garavani para ofrecer el toque final a cualquier atuendo. Se planea un segundo lanzamiento para m\u00e1s adelante este a\u00f1o. En una declaraci\u00f3n, Valentino dijo que la movida era parte de su estrategia para &#8220;alcanzar a a\u00fan m\u00e1s personas&#8221; al explorar la moda digital. &#8220;Fomentar la individualidad y construir comunidad es una conversaci\u00f3n y exploraci\u00f3n constante. A lo largo de los a\u00f1os, las comunidades digitales han fortalecido esta b\u00fasqueda, construyendo un ethos a\u00fan m\u00e1s potente, abierto para todos&#8221;.<\/p>\n<h3>La moda se encuentra con la tecnolog\u00eda<\/h3>\n<p>La moda y la tecnolog\u00eda no son extra\u00f1as entre s\u00ed, pero la s\u00edntesis de las dos nunca ha sido tan cautivadora o poderosa. Con la moda digital, no solo estamos redefiniendo nuestra realidad, sino que tambi\u00e9n estamos explorando nuevas y emocionantes posibilidades en el mundo virtual.<\/p>\n<h2>La moda digital y su impacto potencial<\/h2>\n<p>Entonces, \u00bfc\u00f3mo est\u00e1 revolucionando la moda digital la industria? Las posibilidades son tan numerosas como emocionantes.<\/p><div id=\"luxon-1308359006\" class=\"luxon-7-parrafo luxon-entity-placement\" style=\"margin-top: 20px;margin-bottom: 20px;margin-left: auto;margin-right: auto;text-align: center;\"><a href=\"https:\/\/theintelligence.institute\/course\/inteligencia-artificial-para-directivos\" target=\"_blank\" aria-label=\"CSIAD_empresas_THEI_horizontal_4x3_v5\"><img loading=\"lazy\" decoding=\"async\" src=\"https:\/\/i0.wp.com\/luxonomy.net\/wp-content\/uploads\/2025\/08\/CSIAD_empresas_THEI_horizontal_4x3_v5.png?fit=2000%2C1500&#038;ssl=1\" alt=\"\"  srcset=\"https:\/\/i0.wp.com\/luxonomy.net\/wp-content\/uploads\/2025\/08\/CSIAD_empresas_THEI_horizontal_4x3_v5.png?w=2000&ssl=1 2000w, https:\/\/i0.wp.com\/luxonomy.net\/wp-content\/uploads\/2025\/08\/CSIAD_empresas_THEI_horizontal_4x3_v5.png?resize=300%2C225&ssl=1 300w, https:\/\/i0.wp.com\/luxonomy.net\/wp-content\/uploads\/2025\/08\/CSIAD_empresas_THEI_horizontal_4x3_v5.png?resize=1024%2C768&ssl=1 1024w, https:\/\/i0.wp.com\/luxonomy.net\/wp-content\/uploads\/2025\/08\/CSIAD_empresas_THEI_horizontal_4x3_v5.png?resize=768%2C576&ssl=1 768w, https:\/\/i0.wp.com\/luxonomy.net\/wp-content\/uploads\/2025\/08\/CSIAD_empresas_THEI_horizontal_4x3_v5.png?resize=1536%2C1152&ssl=1 1536w, https:\/\/i0.wp.com\/luxonomy.net\/wp-content\/uploads\/2025\/08\/CSIAD_empresas_THEI_horizontal_4x3_v5.png?resize=370%2C278&ssl=1 370w, https:\/\/i0.wp.com\/luxonomy.net\/wp-content\/uploads\/2025\/08\/CSIAD_empresas_THEI_horizontal_4x3_v5.png?resize=800%2C600&ssl=1 800w, https:\/\/i0.wp.com\/luxonomy.net\/wp-content\/uploads\/2025\/08\/CSIAD_empresas_THEI_horizontal_4x3_v5.png?resize=20%2C15&ssl=1 20w, https:\/\/i0.wp.com\/luxonomy.net\/wp-content\/uploads\/2025\/08\/CSIAD_empresas_THEI_horizontal_4x3_v5.png?resize=740%2C555&ssl=1 740w, https:\/\/i0.wp.com\/luxonomy.net\/wp-content\/uploads\/2025\/08\/CSIAD_empresas_THEI_horizontal_4x3_v5.png?resize=1600%2C1200&ssl=1 1600w, https:\/\/i0.wp.com\/luxonomy.net\/wp-content\/uploads\/2025\/08\/CSIAD_empresas_THEI_horizontal_4x3_v5.png?resize=1200%2C900&ssl=1 1200w, https:\/\/i0.wp.com\/luxonomy.net\/wp-content\/uploads\/2025\/08\/CSIAD_empresas_THEI_horizontal_4x3_v5.png?resize=64%2C48&ssl=1 64w\" sizes=\"(max-width: 1170px) 100vw, 1170px\" class=\"no-lazyload\" width=\"2000\" height=\"1500\"   \/><\/a><\/div>\n<h3>Una opci\u00f3n sostenible<\/h3>\n<p>La moda digital ofrece una alternativa sostenible a la ropa f\u00edsica, reduciendo la huella medioambiental de la industria de la moda. Es una situaci\u00f3n en la que ganan tanto los amantes de la moda como la Madre Naturaleza.<\/p>\n<h3>Una nueva dimensi\u00f3n para la expresi\u00f3n personal<\/h3>\n<p>La moda siempre ha sido un medio poderoso para la expresi\u00f3n personal. Ahora, con la moda digital, las fronteras se vuelven a\u00fan m\u00e1s borrosas. En el mundo virtual, no hay reglas ni restricciones: puedes dejar volar tu imaginaci\u00f3n.<\/p>\n<h3>Accesibilidad e inclusividad<\/h3>\n<p>La moda digital abre un mundo de posibilidades para todos, independientemente de la situaci\u00f3n geogr\u00e1fica o del estatus socioecon\u00f3mico. Se trata de democratizar la moda y hacerla accesible para todos.<\/p>\n<h2>El futuro de la moda digital<\/h2>\n<p>Esta emocionante frontera digital todav\u00eda se est\u00e1 desplegando. Sin embargo, con el vestido de Valentino para avatares de Meta, est\u00e1 claro que la moda digital es m\u00e1s que una simple tendencia pasajera.<\/p>\n<h3>Transformaci\u00f3n del panorama minorista<\/h3>\n<p>Las tiendas f\u00edsicas quiz\u00e1s nunca desaparezcan, pero la introducci\u00f3n de tiendas virtuales est\u00e1 modificando indudablemente el panorama minorista. La transici\u00f3n del comercio f\u00edsico al comercio virtual est\u00e1 en pleno auge.<\/p>\n<h3>El papel de la IA y la RV<\/h3>\n<p>La integraci\u00f3n de la Inteligencia Artificial y la Realidad Virtual en la moda digital est\u00e1 preparada para tomar por asalto la industria. Estos son los dos pilares que sostendr\u00e1n y avanzar\u00e1n esta revoluci\u00f3n digital.<\/p>\n<h3>Emergencia de nuevas oportunidades de mercado<\/h3>\n<p>El advenimiento de la moda digital ha abierto nuevas oportunidades de mercado. Desde el dise\u00f1o hasta la venta al por menor y la experiencia del usuario, cada faceta de la industria de la moda se beneficia de esta evoluci\u00f3n digital.<\/p>\n<h2>Conclusi\u00f3n<\/h2>\n<p>Mientras nos encontramos en el umbral de una revoluci\u00f3n en la moda digital, es fascinante ver c\u00f3mo casas de moda como Valentino est\u00e1n liderando el cargo. Aunque la moda tradicional siempre tendr\u00e1 su lugar, est\u00e1 claro que la moda digital est\u00e1 labrando un espacio propio, impulsada por la sostenibilidad, la inclusividad y una creatividad sin l\u00edmites. Es una \u00e9poca emocionante, una \u00e9poca en la que puedes desfilar por una pasarela virtual luciendo un vestido de avatar Meta de Valentino.<\/p>\n<h1>Preguntas Frecuentes<\/h1>\n<p><strong>1) \u00bfQu\u00e9 es la moda digital?<\/strong><\/p>\n<p>La moda digital se refiere a las prendas virtuales dise\u00f1adas para avatares en espacios digitales.<\/p>\n<p><strong>2) \u00bfC\u00f3mo se integra el vestido de avatar Meta de Valentino en la moda digital?<\/strong><\/p>\n<p>El vestido de avatar Meta de Valentino es un ejemplo pionero de moda digital, ofreciendo ropa exclusiva para avatares en espacios virtuales de Meta.<\/p>\n<p><strong>3) \u00bfC\u00f3mo es la moda digital m\u00e1s sostenible?<\/strong><\/p>\n<p>La moda digital reduce la necesidad de producci\u00f3n f\u00edsica de ropa, reduciendo as\u00ed los desechos y la huella ambiental de la industria.<\/p>\n<p><strong>4) \u00bfC\u00f3mo democratiza la moda digital la moda?<\/strong><\/p>\n<p>Siendo virtual, la moda digital es accesible a cualquier persona con acceso a Internet, independientemente de su ubicaci\u00f3n geogr\u00e1fica o estatus socioecon\u00f3mico.<\/p>\n<p><strong>5) \u00bfCu\u00e1l es el futuro de la moda digital?<\/strong><\/p>\n<p>El futuro de la moda digital es vasto, con posibles impactos en el comercio minorista, el dise\u00f1o, la experiencia del usuario y la integraci\u00f3n de tecnolog\u00edas de IA y VR.<\/p>\n","protected":false},"excerpt":{"rendered":"<p>En el vibrante panorama de la moda, estamos presenciando una transformaci\u00f3n digital que est\u00e1 moldeando no solo nuestra percepci\u00f3n, sino que tambi\u00e9n redefine nuestras interacciones con la moda. Un ejemplo perfecto de esta metamorfosis digital es el reciente desvelamiento del vestido de Valentino para los avatares de Meta. Pero, \u00bfqu\u00e9 significa esto para el futuro&hellip;<\/p>\n","protected":false},"author":11,"featured_media":46541,"comment_status":"closed","ping_status":"open","sticky":false,"template":"","format":"standard","meta":{"_jetpack_newsletter_access":"","_jetpack_dont_email_post_to_subs":false,"_jetpack_newsletter_tier_id":0,"_jetpack_memberships_contains_paywalled_content":false,"_jetpack_feature_clip_id":0,"_jetpack_memberships_contains_paid_content":false,"footnotes":"","jetpack_publicize_message":"El resurgimiento de la moda digital: Los avatares Meta de Valentino toman el centro del escenario","jetpack_publicize_feature_enabled":true,"jetpack_social_post_already_shared":true,"jetpack_social_options":{"image_generator_settings":{"template":"edge","default_image_id":0,"font":"","enabled":false},"version":2},"jetpack_post_was_ever_published":false},"categories":[1376,534],"tags":[1262,1475,979,6425],"thb-sponsors":[],"class_list":["post-46549","post","type-post","status-publish","format-standard","has-post-thumbnail","hentry","category-metaverso","category-moda","tag-metaverso","tag-moda-digital","tag-valentino","tag-vestido-de-avatar-meta-de-valentino"],"yoast_head":"<!-- This site is optimized with the Yoast SEO plugin v28.4 - https:\/\/yoast.com\/product\/yoast-seo-wordpress\/ -->\n<title>El resurgimiento de la moda digital: Los avatares Meta de Valentino toman el centro del escenario | LUXONOMY<\/title>\n<meta name=\"robots\" content=\"index, follow, max-snippet:-1, max-image-preview:large, max-video-preview:-1\" \/>\n<link rel=\"canonical\" href=\"https:\/\/luxonomy.net\/es\/el-resurgimiento-de-la-moda-digital-los-avatares-meta-de-valentino-toman-el-centro-del-escenario\/\" \/>\n<meta property=\"og:locale\" content=\"es_ES\" \/>\n<meta property=\"og:type\" content=\"article\" \/>\n<meta property=\"og:title\" content=\"El resurgimiento de la moda digital: Los avatares Meta de Valentino toman el centro del escenario | LUXONOMY\" \/>\n<meta property=\"og:description\" content=\"En el vibrante panorama de la moda, estamos presenciando una transformaci\u00f3n digital que est\u00e1 moldeando no solo nuestra percepci\u00f3n, sino que tambi\u00e9n redefine nuestras interacciones con la moda. Un ejemplo perfecto de esta metamorfosis digital es el reciente desvelamiento del vestido de Valentino para los avatares de Meta. Pero, \u00bfqu\u00e9 significa esto para el futuro&hellip;\" \/>\n<meta property=\"og:url\" content=\"https:\/\/luxonomy.net\/es\/el-resurgimiento-de-la-moda-digital-los-avatares-meta-de-valentino-toman-el-centro-del-escenario\/\" \/>\n<meta property=\"og:site_name\" content=\"LUXONOMY\" \/>\n<meta property=\"article:publisher\" content=\"https:\/\/www.facebook.com\/luxonomy\" \/>\n<meta property=\"article:published_time\" content=\"2023-07-18T13:55:14+00:00\" \/>\n<meta property=\"article:modified_time\" content=\"2023-07-18T14:28:41+00:00\" \/>\n<meta property=\"og:image\" content=\"https:\/\/i0.wp.com\/luxonomy.net\/wp-content\/uploads\/2023\/07\/Valentino-launches-digital-avatar-outfits-with-Meta.jpg?fit=747%2C420&quality=89&ssl=1\" \/>\n\t<meta property=\"og:image:width\" content=\"747\" \/>\n\t<meta property=\"og:image:height\" content=\"420\" \/>\n\t<meta property=\"og:image:type\" content=\"image\/jpeg\" \/>\n<meta name=\"author\" content=\"Kristi Ellis\" \/>\n<meta name=\"twitter:card\" content=\"summary_large_image\" \/>\n<meta name=\"twitter:label1\" content=\"Escrito por\" \/>\n\t<meta name=\"twitter:data1\" content=\"Kristi Ellis\" \/>\n\t<meta name=\"twitter:label2\" content=\"Tiempo de lectura\" \/>\n\t<meta name=\"twitter:data2\" content=\"5 minutos\" \/>\n<script type=\"application\/ld+json\" class=\"yoast-schema-graph\">{\"@context\":\"https:\\\/\\\/schema.org\",\"@graph\":[{\"@type\":\"Article\",\"@id\":\"https:\\\/\\\/luxonomy.net\\\/es\\\/el-resurgimiento-de-la-moda-digital-los-avatares-meta-de-valentino-toman-el-centro-del-escenario\\\/#article\",\"isPartOf\":{\"@id\":\"https:\\\/\\\/luxonomy.net\\\/es\\\/el-resurgimiento-de-la-moda-digital-los-avatares-meta-de-valentino-toman-el-centro-del-escenario\\\/\"},\"author\":{\"name\":\"Kristi Ellis\",\"@id\":\"https:\\\/\\\/luxonomy.net\\\/es\\\/#\\\/schema\\\/person\\\/7e8a0cc9e3ca46c68cc1062d894c7019\"},\"headline\":\"El resurgimiento de la moda digital: Los avatares Meta de Valentino toman el centro del escenario\",\"datePublished\":\"2023-07-18T13:55:14+00:00\",\"dateModified\":\"2023-07-18T14:28:41+00:00\",\"mainEntityOfPage\":{\"@id\":\"https:\\\/\\\/luxonomy.net\\\/es\\\/el-resurgimiento-de-la-moda-digital-los-avatares-meta-de-valentino-toman-el-centro-del-escenario\\\/\"},\"wordCount\":1015,\"publisher\":{\"@id\":\"https:\\\/\\\/luxonomy.net\\\/es\\\/#organization\"},\"image\":{\"@id\":\"https:\\\/\\\/luxonomy.net\\\/es\\\/el-resurgimiento-de-la-moda-digital-los-avatares-meta-de-valentino-toman-el-centro-del-escenario\\\/#primaryimage\"},\"thumbnailUrl\":\"https:\\\/\\\/i0.wp.com\\\/luxonomy.net\\\/wp-content\\\/uploads\\\/2023\\\/07\\\/Valentino-launches-digital-avatar-outfits-with-Meta.jpg?fit=747%2C420&ssl=1\",\"keywords\":[\"metaverso\",\"moda digital\",\"Valentino\",\"Vestido de avatar Meta de Valentino\"],\"articleSection\":[\"Metaverso\",\"Moda\"],\"inLanguage\":\"es\"},{\"@type\":\"WebPage\",\"@id\":\"https:\\\/\\\/luxonomy.net\\\/es\\\/el-resurgimiento-de-la-moda-digital-los-avatares-meta-de-valentino-toman-el-centro-del-escenario\\\/\",\"url\":\"https:\\\/\\\/luxonomy.net\\\/es\\\/el-resurgimiento-de-la-moda-digital-los-avatares-meta-de-valentino-toman-el-centro-del-escenario\\\/\",\"name\":\"El resurgimiento de la moda digital: Los avatares Meta de Valentino toman el centro del escenario | LUXONOMY\",\"isPartOf\":{\"@id\":\"https:\\\/\\\/luxonomy.net\\\/es\\\/#website\"},\"primaryImageOfPage\":{\"@id\":\"https:\\\/\\\/luxonomy.net\\\/es\\\/el-resurgimiento-de-la-moda-digital-los-avatares-meta-de-valentino-toman-el-centro-del-escenario\\\/#primaryimage\"},\"image\":{\"@id\":\"https:\\\/\\\/luxonomy.net\\\/es\\\/el-resurgimiento-de-la-moda-digital-los-avatares-meta-de-valentino-toman-el-centro-del-escenario\\\/#primaryimage\"},\"thumbnailUrl\":\"https:\\\/\\\/i0.wp.com\\\/luxonomy.net\\\/wp-content\\\/uploads\\\/2023\\\/07\\\/Valentino-launches-digital-avatar-outfits-with-Meta.jpg?fit=747%2C420&ssl=1\",\"datePublished\":\"2023-07-18T13:55:14+00:00\",\"dateModified\":\"2023-07-18T14:28:41+00:00\",\"breadcrumb\":{\"@id\":\"https:\\\/\\\/luxonomy.net\\\/es\\\/el-resurgimiento-de-la-moda-digital-los-avatares-meta-de-valentino-toman-el-centro-del-escenario\\\/#breadcrumb\"},\"inLanguage\":\"es\",\"potentialAction\":[{\"@type\":\"ReadAction\",\"target\":[\"https:\\\/\\\/luxonomy.net\\\/es\\\/el-resurgimiento-de-la-moda-digital-los-avatares-meta-de-valentino-toman-el-centro-del-escenario\\\/\"]}]},{\"@type\":\"ImageObject\",\"inLanguage\":\"es\",\"@id\":\"https:\\\/\\\/luxonomy.net\\\/es\\\/el-resurgimiento-de-la-moda-digital-los-avatares-meta-de-valentino-toman-el-centro-del-escenario\\\/#primaryimage\",\"url\":\"https:\\\/\\\/i0.wp.com\\\/luxonomy.net\\\/wp-content\\\/uploads\\\/2023\\\/07\\\/Valentino-launches-digital-avatar-outfits-with-Meta.jpg?fit=747%2C420&ssl=1\",\"contentUrl\":\"https:\\\/\\\/i0.wp.com\\\/luxonomy.net\\\/wp-content\\\/uploads\\\/2023\\\/07\\\/Valentino-launches-digital-avatar-outfits-with-Meta.jpg?fit=747%2C420&ssl=1\",\"width\":747,\"height\":420},{\"@type\":\"BreadcrumbList\",\"@id\":\"https:\\\/\\\/luxonomy.net\\\/es\\\/el-resurgimiento-de-la-moda-digital-los-avatares-meta-de-valentino-toman-el-centro-del-escenario\\\/#breadcrumb\",\"itemListElement\":[{\"@type\":\"ListItem\",\"position\":1,\"name\":\"Portada\",\"item\":\"https:\\\/\\\/luxonomy.net\\\/es\\\/\"},{\"@type\":\"ListItem\",\"position\":2,\"name\":\"El resurgimiento de la moda digital: Los avatares Meta de Valentino toman el centro del escenario\"}]},{\"@type\":\"WebSite\",\"@id\":\"https:\\\/\\\/luxonomy.net\\\/es\\\/#website\",\"url\":\"https:\\\/\\\/luxonomy.net\\\/es\\\/\",\"name\":\"LUXONOMY\",\"description\":\"The Economy of Fashion &amp; Luxury\",\"publisher\":{\"@id\":\"https:\\\/\\\/luxonomy.net\\\/es\\\/#organization\"},\"potentialAction\":[{\"@type\":\"SearchAction\",\"target\":{\"@type\":\"EntryPoint\",\"urlTemplate\":\"https:\\\/\\\/luxonomy.net\\\/es\\\/?s={search_term_string}\"},\"query-input\":{\"@type\":\"PropertyValueSpecification\",\"valueRequired\":true,\"valueName\":\"search_term_string\"}}],\"inLanguage\":\"es\"},{\"@type\":\"Organization\",\"@id\":\"https:\\\/\\\/luxonomy.net\\\/es\\\/#organization\",\"name\":\"LUXONOMY\",\"url\":\"https:\\\/\\\/luxonomy.net\\\/es\\\/\",\"logo\":{\"@type\":\"ImageObject\",\"inLanguage\":\"es\",\"@id\":\"https:\\\/\\\/luxonomy.net\\\/es\\\/#\\\/schema\\\/logo\\\/image\\\/\",\"url\":\"https:\\\/\\\/i2.wp.com\\\/luxonomy.net\\\/wp-content\\\/uploads\\\/2021\\\/09\\\/MOCKUP-TODOS-LUXONOMY.jpg?fit=1000%2C515&ssl=1\",\"contentUrl\":\"https:\\\/\\\/i2.wp.com\\\/luxonomy.net\\\/wp-content\\\/uploads\\\/2021\\\/09\\\/MOCKUP-TODOS-LUXONOMY.jpg?fit=1000%2C515&ssl=1\",\"width\":1000,\"height\":515,\"caption\":\"LUXONOMY\"},\"image\":{\"@id\":\"https:\\\/\\\/luxonomy.net\\\/es\\\/#\\\/schema\\\/logo\\\/image\\\/\"},\"sameAs\":[\"https:\\\/\\\/www.facebook.com\\\/luxonomy\",\"https:\\\/\\\/www.instagram.com\\\/luxonomy\\\/\",\"https:\\\/\\\/www.linkedin.com\\\/company\\\/luxonomy\\\/\"]},{\"@type\":\"Person\",\"@id\":\"https:\\\/\\\/luxonomy.net\\\/es\\\/#\\\/schema\\\/person\\\/7e8a0cc9e3ca46c68cc1062d894c7019\",\"name\":\"Kristi Ellis\",\"image\":{\"@type\":\"ImageObject\",\"inLanguage\":\"es\",\"@id\":\"https:\\\/\\\/luxonomy.net\\\/wp-content\\\/litespeed\\\/avatar\\\/ae0c58256b980352bba3c97a8f9abe32.jpg?ver=1788580188\",\"url\":\"https:\\\/\\\/luxonomy.net\\\/wp-content\\\/litespeed\\\/avatar\\\/ae0c58256b980352bba3c97a8f9abe32.jpg?ver=1788580188\",\"contentUrl\":\"https:\\\/\\\/luxonomy.net\\\/wp-content\\\/litespeed\\\/avatar\\\/ae0c58256b980352bba3c97a8f9abe32.jpg?ver=1788580188\",\"caption\":\"Kristi Ellis\"},\"url\":\"https:\\\/\\\/luxonomy.net\\\/es\\\/author\\\/kristi-ellis\\\/\"}]}<\/script>\n<!-- \/ Yoast SEO plugin. -->","yoast_head_json":{"title":"El resurgimiento de la moda digital: Los avatares Meta de Valentino toman el centro del escenario | LUXONOMY","robots":{"index":"index","follow":"follow","max-snippet":"max-snippet:-1","max-image-preview":"max-image-preview:large","max-video-preview":"max-video-preview:-1"},"canonical":"https:\/\/luxonomy.net\/es\/el-resurgimiento-de-la-moda-digital-los-avatares-meta-de-valentino-toman-el-centro-del-escenario\/","og_locale":"es_ES","og_type":"article","og_title":"El resurgimiento de la moda digital: Los avatares Meta de Valentino toman el centro del escenario | LUXONOMY","og_description":"En el vibrante panorama de la moda, estamos presenciando una transformaci\u00f3n digital que est\u00e1 moldeando no solo nuestra percepci\u00f3n, sino que tambi\u00e9n redefine nuestras interacciones con la moda. Un ejemplo perfecto de esta metamorfosis digital es el reciente desvelamiento del vestido de Valentino para los avatares de Meta. Pero, \u00bfqu\u00e9 significa esto para el futuro&hellip;","og_url":"https:\/\/luxonomy.net\/es\/el-resurgimiento-de-la-moda-digital-los-avatares-meta-de-valentino-toman-el-centro-del-escenario\/","og_site_name":"LUXONOMY","article_publisher":"https:\/\/www.facebook.com\/luxonomy","article_published_time":"2023-07-18T13:55:14+00:00","article_modified_time":"2023-07-18T14:28:41+00:00","og_image":[{"width":747,"height":420,"url":"https:\/\/i0.wp.com\/luxonomy.net\/wp-content\/uploads\/2023\/07\/Valentino-launches-digital-avatar-outfits-with-Meta.jpg?fit=747%2C420&quality=89&ssl=1","type":"image\/jpeg"}],"author":"Kristi Ellis","twitter_card":"summary_large_image","twitter_misc":{"Escrito por":"Kristi Ellis","Tiempo de lectura":"5 minutos"},"schema":{"@context":"https:\/\/schema.org","@graph":[{"@type":"Article","@id":"https:\/\/luxonomy.net\/es\/el-resurgimiento-de-la-moda-digital-los-avatares-meta-de-valentino-toman-el-centro-del-escenario\/#article","isPartOf":{"@id":"https:\/\/luxonomy.net\/es\/el-resurgimiento-de-la-moda-digital-los-avatares-meta-de-valentino-toman-el-centro-del-escenario\/"},"author":{"name":"Kristi Ellis","@id":"https:\/\/luxonomy.net\/es\/#\/schema\/person\/7e8a0cc9e3ca46c68cc1062d894c7019"},"headline":"El resurgimiento de la moda digital: Los avatares Meta de Valentino toman el centro del escenario","datePublished":"2023-07-18T13:55:14+00:00","dateModified":"2023-07-18T14:28:41+00:00","mainEntityOfPage":{"@id":"https:\/\/luxonomy.net\/es\/el-resurgimiento-de-la-moda-digital-los-avatares-meta-de-valentino-toman-el-centro-del-escenario\/"},"wordCount":1015,"publisher":{"@id":"https:\/\/luxonomy.net\/es\/#organization"},"image":{"@id":"https:\/\/luxonomy.net\/es\/el-resurgimiento-de-la-moda-digital-los-avatares-meta-de-valentino-toman-el-centro-del-escenario\/#primaryimage"},"thumbnailUrl":"https:\/\/i0.wp.com\/luxonomy.net\/wp-content\/uploads\/2023\/07\/Valentino-launches-digital-avatar-outfits-with-Meta.jpg?fit=747%2C420&ssl=1","keywords":["metaverso","moda digital","Valentino","Vestido de avatar Meta de Valentino"],"articleSection":["Metaverso","Moda"],"inLanguage":"es"},{"@type":"WebPage","@id":"https:\/\/luxonomy.net\/es\/el-resurgimiento-de-la-moda-digital-los-avatares-meta-de-valentino-toman-el-centro-del-escenario\/","url":"https:\/\/luxonomy.net\/es\/el-resurgimiento-de-la-moda-digital-los-avatares-meta-de-valentino-toman-el-centro-del-escenario\/","name":"El resurgimiento de la moda digital: Los avatares Meta de Valentino toman el centro del escenario | LUXONOMY","isPartOf":{"@id":"https:\/\/luxonomy.net\/es\/#website"},"primaryImageOfPage":{"@id":"https:\/\/luxonomy.net\/es\/el-resurgimiento-de-la-moda-digital-los-avatares-meta-de-valentino-toman-el-centro-del-escenario\/#primaryimage"},"image":{"@id":"https:\/\/luxonomy.net\/es\/el-resurgimiento-de-la-moda-digital-los-avatares-meta-de-valentino-toman-el-centro-del-escenario\/#primaryimage"},"thumbnailUrl":"https:\/\/i0.wp.com\/luxonomy.net\/wp-content\/uploads\/2023\/07\/Valentino-launches-digital-avatar-outfits-with-Meta.jpg?fit=747%2C420&ssl=1","datePublished":"2023-07-18T13:55:14+00:00","dateModified":"2023-07-18T14:28:41+00:00","breadcrumb":{"@id":"https:\/\/luxonomy.net\/es\/el-resurgimiento-de-la-moda-digital-los-avatares-meta-de-valentino-toman-el-centro-del-escenario\/#breadcrumb"},"inLanguage":"es","potentialAction":[{"@type":"ReadAction","target":["https:\/\/luxonomy.net\/es\/el-resurgimiento-de-la-moda-digital-los-avatares-meta-de-valentino-toman-el-centro-del-escenario\/"]}]},{"@type":"ImageObject","inLanguage":"es","@id":"https:\/\/luxonomy.net\/es\/el-resurgimiento-de-la-moda-digital-los-avatares-meta-de-valentino-toman-el-centro-del-escenario\/#primaryimage","url":"https:\/\/i0.wp.com\/luxonomy.net\/wp-content\/uploads\/2023\/07\/Valentino-launches-digital-avatar-outfits-with-Meta.jpg?fit=747%2C420&ssl=1","contentUrl":"https:\/\/i0.wp.com\/luxonomy.net\/wp-content\/uploads\/2023\/07\/Valentino-launches-digital-avatar-outfits-with-Meta.jpg?fit=747%2C420&ssl=1","width":747,"height":420},{"@type":"BreadcrumbList","@id":"https:\/\/luxonomy.net\/es\/el-resurgimiento-de-la-moda-digital-los-avatares-meta-de-valentino-toman-el-centro-del-escenario\/#breadcrumb","itemListElement":[{"@type":"ListItem","position":1,"name":"Portada","item":"https:\/\/luxonomy.net\/es\/"},{"@type":"ListItem","position":2,"name":"El resurgimiento de la moda digital: Los avatares Meta de Valentino toman el centro del escenario"}]},{"@type":"WebSite","@id":"https:\/\/luxonomy.net\/es\/#website","url":"https:\/\/luxonomy.net\/es\/","name":"LUXONOMY","description":"The Economy of Fashion &amp; Luxury","publisher":{"@id":"https:\/\/luxonomy.net\/es\/#organization"},"potentialAction":[{"@type":"SearchAction","target":{"@type":"EntryPoint","urlTemplate":"https:\/\/luxonomy.net\/es\/?s={search_term_string}"},"query-input":{"@type":"PropertyValueSpecification","valueRequired":true,"valueName":"search_term_string"}}],"inLanguage":"es"},{"@type":"Organization","@id":"https:\/\/luxonomy.net\/es\/#organization","name":"LUXONOMY","url":"https:\/\/luxonomy.net\/es\/","logo":{"@type":"ImageObject","inLanguage":"es","@id":"https:\/\/luxonomy.net\/es\/#\/schema\/logo\/image\/","url":"https:\/\/i2.wp.com\/luxonomy.net\/wp-content\/uploads\/2021\/09\/MOCKUP-TODOS-LUXONOMY.jpg?fit=1000%2C515&ssl=1","contentUrl":"https:\/\/i2.wp.com\/luxonomy.net\/wp-content\/uploads\/2021\/09\/MOCKUP-TODOS-LUXONOMY.jpg?fit=1000%2C515&ssl=1","width":1000,"height":515,"caption":"LUXONOMY"},"image":{"@id":"https:\/\/luxonomy.net\/es\/#\/schema\/logo\/image\/"},"sameAs":["https:\/\/www.facebook.com\/luxonomy","https:\/\/www.instagram.com\/luxonomy\/","https:\/\/www.linkedin.com\/company\/luxonomy\/"]},{"@type":"Person","@id":"https:\/\/luxonomy.net\/es\/#\/schema\/person\/7e8a0cc9e3ca46c68cc1062d894c7019","name":"Kristi Ellis","image":{"@type":"ImageObject","inLanguage":"es","@id":"https:\/\/luxonomy.net\/wp-content\/litespeed\/avatar\/ae0c58256b980352bba3c97a8f9abe32.jpg?ver=1788580188","url":"https:\/\/luxonomy.net\/wp-content\/litespeed\/avatar\/ae0c58256b980352bba3c97a8f9abe32.jpg?ver=1788580188","contentUrl":"https:\/\/luxonomy.net\/wp-content\/litespeed\/avatar\/ae0c58256b980352bba3c97a8f9abe32.jpg?ver=1788580188","caption":"Kristi Ellis"},"url":"https:\/\/luxonomy.net\/es\/author\/kristi-ellis\/"}]}},"jetpack_publicize_connections":[],"jetpack_shortlink":"https:\/\/wp.me\/paPhBa-c6N","jetpack_sharing_enabled":true,"jetpack_featured_media_url":"https:\/\/i0.wp.com\/luxonomy.net\/wp-content\/uploads\/2023\/07\/Valentino-launches-digital-avatar-outfits-with-Meta.jpg?fit=747%2C420&ssl=1","_links":{"self":[{"href":"https:\/\/luxonomy.net\/es\/wp-json\/wp\/v2\/posts\/46549","targetHints":{"allow":["GET"]}}],"collection":[{"href":"https:\/\/luxonomy.net\/es\/wp-json\/wp\/v2\/posts"}],"about":[{"href":"https:\/\/luxonomy.net\/es\/wp-json\/wp\/v2\/types\/post"}],"author":[{"embeddable":true,"href":"https:\/\/luxonomy.net\/es\/wp-json\/wp\/v2\/users\/11"}],"replies":[{"embeddable":true,"href":"https:\/\/luxonomy.net\/es\/wp-json\/wp\/v2\/comments?post=46549"}],"version-history":[{"count":5,"href":"https:\/\/luxonomy.net\/es\/wp-json\/wp\/v2\/posts\/46549\/revisions"}],"predecessor-version":[{"id":46554,"href":"https:\/\/luxonomy.net\/es\/wp-json\/wp\/v2\/posts\/46549\/revisions\/46554"}],"wp:featuredmedia":[{"embeddable":true,"href":"https:\/\/luxonomy.net\/es\/wp-json\/wp\/v2\/media\/46541"}],"wp:attachment":[{"href":"https:\/\/luxonomy.net\/es\/wp-json\/wp\/v2\/media?parent=46549"}],"wp:term":[{"taxonomy":"category","embeddable":true,"href":"https:\/\/luxonomy.net\/es\/wp-json\/wp\/v2\/categories?post=46549"},{"taxonomy":"post_tag","embeddable":true,"href":"https:\/\/luxonomy.net\/es\/wp-json\/wp\/v2\/tags?post=46549"},{"taxonomy":"thb-sponsors","embeddable":true,"href":"https:\/\/luxonomy.net\/es\/wp-json\/wp\/v2\/thb-sponsors?post=46549"}],"curies":[{"name":"wp","href":"https:\/\/api.w.org\/{rel}","templated":true}]}}