{"id":46309,"date":"2023-07-10T14:02:39","date_gmt":"2023-07-10T12:02:39","guid":{"rendered":"https:\/?p=46309"},"modified":"2023-07-10T14:02:39","modified_gmt":"2023-07-10T12:02:39","slug":"armani-la-epopeya-de-una-marca-que-redefinio-el-lujo-y-la-moda","status":"publish","type":"post","link":"https:\/\/luxonomy.net\/es\/armani-la-epopeya-de-una-marca-que-redefinio-el-lujo-y-la-moda\/","title":{"rendered":"Armani: La Epopeya de una Marca que redefini\u00f3 el Lujo y la Moda"},"content":{"rendered":"<p>La historia de <b>Armani<\/b> es un relato de audacia, innovaci\u00f3n y exquisito buen gusto, todo narrado con hilos y tejidos. La marca, un tit\u00e1n indiscutible en el mundo del dise\u00f1o, ha ido mucho m\u00e1s all\u00e1 de la simple creaci\u00f3n de ropa. Es una fuerza cultural, un nombre sin\u00f3nimo de <i>elegancia, lujo y sofisticaci\u00f3n<\/i>. Con casi cinco d\u00e9cadas de existencia, Armani sigue siendo un faro de influencia y relevancia en la industria de la moda. Acomp\u00e1\u00f1anos en un fascinante recorrido por la evoluci\u00f3n de esta ic\u00f3nica firma.<\/p>\n<h2>I. Los Primeros Pasos y la Creaci\u00f3n de una Identidad (1975-1980)<\/h2>\n<h3>El nacimiento de un imperio: Armani en sus inicios<\/h3>\n<p>El inicio de la marca Armani puede rastrearse hasta 1975, cuando Giorgio Armani, un dise\u00f1ador de moda ya consolidado en la casa de moda Nino Cerruti, decidi\u00f3 emprender su propio camino. Junto a su socio de negocios Sergio Galeotti, Armani fund\u00f3 la empresa Giorgio Armani S.p.A en Mil\u00e1n.<\/p>\n<p>Estos primeros a\u00f1os fueron una \u00e9poca de experimentaci\u00f3n y exploraci\u00f3n creativa para Armani. Inspir\u00e1ndose en su visi\u00f3n de una moda relajada pero sofisticada, Armani comenz\u00f3 a desarrollar su est\u00e9tica \u00fanica, una que pronto se convertir\u00eda en el sello distintivo de la marca.<\/p><div id=\"luxon-895074743\" class=\"luxon-3er-parrafo luxon-entity-placement\" style=\"margin-top: 20px;margin-bottom: 20px;margin-left: auto;margin-right: auto;text-align: center;\"><a href=\"https:\/\/luxonomy.university\/course\/master-turismo-de-lujo\" target=\"_blank\" aria-label=\"master-turismo-lujo-2026-2027\"><img loading=\"lazy\" decoding=\"async\" src=\"https:\/\/i0.wp.com\/luxonomy.net\/wp-content\/uploads\/2020\/07\/master-turismo-lujo-2026-2027.jpg?fit=1672%2C941&#038;ssl=1\" alt=\"\"  srcset=\"https:\/\/i0.wp.com\/luxonomy.net\/wp-content\/uploads\/2020\/07\/master-turismo-lujo-2026-2027.jpg?w=1672&ssl=1 1672w, https:\/\/i0.wp.com\/luxonomy.net\/wp-content\/uploads\/2020\/07\/master-turismo-lujo-2026-2027.jpg?resize=300%2C169&ssl=1 300w, https:\/\/i0.wp.com\/luxonomy.net\/wp-content\/uploads\/2020\/07\/master-turismo-lujo-2026-2027.jpg?resize=1024%2C576&ssl=1 1024w, https:\/\/i0.wp.com\/luxonomy.net\/wp-content\/uploads\/2020\/07\/master-turismo-lujo-2026-2027.jpg?resize=768%2C432&ssl=1 768w, https:\/\/i0.wp.com\/luxonomy.net\/wp-content\/uploads\/2020\/07\/master-turismo-lujo-2026-2027.jpg?resize=1536%2C864&ssl=1 1536w, https:\/\/i0.wp.com\/luxonomy.net\/wp-content\/uploads\/2020\/07\/master-turismo-lujo-2026-2027.jpg?resize=370%2C208&ssl=1 370w, https:\/\/i0.wp.com\/luxonomy.net\/wp-content\/uploads\/2020\/07\/master-turismo-lujo-2026-2027.jpg?resize=800%2C450&ssl=1 800w, https:\/\/i0.wp.com\/luxonomy.net\/wp-content\/uploads\/2020\/07\/master-turismo-lujo-2026-2027.jpg?resize=20%2C11&ssl=1 20w, https:\/\/i0.wp.com\/luxonomy.net\/wp-content\/uploads\/2020\/07\/master-turismo-lujo-2026-2027.jpg?resize=740%2C416&ssl=1 740w, https:\/\/i0.wp.com\/luxonomy.net\/wp-content\/uploads\/2020\/07\/master-turismo-lujo-2026-2027.jpg?resize=1600%2C900&ssl=1 1600w, https:\/\/i0.wp.com\/luxonomy.net\/wp-content\/uploads\/2020\/07\/master-turismo-lujo-2026-2027.jpg?resize=1200%2C675&ssl=1 1200w, https:\/\/i0.wp.com\/luxonomy.net\/wp-content\/uploads\/2020\/07\/master-turismo-lujo-2026-2027.jpg?resize=85%2C48&ssl=1 85w\" sizes=\"(max-width: 1170px) 100vw, 1170px\" class=\"no-lazyload\" width=\"1672\" height=\"941\"   \/><\/a><\/div>\n<h3>Creaci\u00f3n de una identidad: El estilo Armani<\/h3>\n<p>El estilo de Armani se caracteriz\u00f3 por su enfoque en la comodidad y la elegancia natural. En una \u00e9poca dominada por la moda extravagante y llamativa, Armani opt\u00f3 por un enfoque minimalista y atemporal. Sus dise\u00f1os buscaban realzar la personalidad y el cuerpo del individuo, en lugar de imponer una forma o un estilo.<\/p>\n<p>Armani introdujo una paleta de colores neutros y una silueta suave y desestructurada, redefiniendo las normas de la moda tanto masculina como femenina. Sus dise\u00f1os eran sin\u00f3nimo de sofisticaci\u00f3n casual, combinando el lujo con la comodidad de una manera que nunca se hab\u00eda visto antes.<\/p>\n<p>En 1980, Armani se hab\u00eda convertido en una fuerza a tener en cuenta en la moda internacional. Con su primer desfile en Mil\u00e1n y la apertura de su primera boutique en la misma ciudad, Armani demostr\u00f3 que hab\u00eda llegado para quedarse. Su visi\u00f3n \u00fanica y su enfoque revolucionario en la moda se hab\u00edan convertido en la base de un imperio que continuar\u00eda creciendo y evolucionando en las d\u00e9cadas siguientes.<\/p>\n<p>Estos primeros a\u00f1os fueron fundamentales para el establecimiento de Armani como una marca de lujo. A trav\u00e9s de sus innovadoras propuestas de dise\u00f1o y su enfoque en la comodidad y la elegancia, Armani logr\u00f3 crear una identidad s\u00f3lida que ser\u00eda la base de su \u00e9xito futuro.<\/p><div id=\"luxon-1474296804\" class=\"luxon-7-parrafo luxon-entity-placement\" style=\"margin-top: 20px;margin-bottom: 20px;margin-left: auto;margin-right: auto;text-align: center;\"><a href=\"https:\/\/theintelligence.institute\/course\/inteligencia-artificial-para-directivos\" target=\"_blank\" aria-label=\"CSIAD_empresas_THEI_horizontal_4x3_v5\"><img loading=\"lazy\" decoding=\"async\" src=\"https:\/\/i0.wp.com\/luxonomy.net\/wp-content\/uploads\/2025\/08\/CSIAD_empresas_THEI_horizontal_4x3_v5.png?fit=2000%2C1500&#038;ssl=1\" alt=\"\"  srcset=\"https:\/\/i0.wp.com\/luxonomy.net\/wp-content\/uploads\/2025\/08\/CSIAD_empresas_THEI_horizontal_4x3_v5.png?w=2000&ssl=1 2000w, https:\/\/i0.wp.com\/luxonomy.net\/wp-content\/uploads\/2025\/08\/CSIAD_empresas_THEI_horizontal_4x3_v5.png?resize=300%2C225&ssl=1 300w, https:\/\/i0.wp.com\/luxonomy.net\/wp-content\/uploads\/2025\/08\/CSIAD_empresas_THEI_horizontal_4x3_v5.png?resize=1024%2C768&ssl=1 1024w, https:\/\/i0.wp.com\/luxonomy.net\/wp-content\/uploads\/2025\/08\/CSIAD_empresas_THEI_horizontal_4x3_v5.png?resize=768%2C576&ssl=1 768w, https:\/\/i0.wp.com\/luxonomy.net\/wp-content\/uploads\/2025\/08\/CSIAD_empresas_THEI_horizontal_4x3_v5.png?resize=1536%2C1152&ssl=1 1536w, https:\/\/i0.wp.com\/luxonomy.net\/wp-content\/uploads\/2025\/08\/CSIAD_empresas_THEI_horizontal_4x3_v5.png?resize=370%2C278&ssl=1 370w, https:\/\/i0.wp.com\/luxonomy.net\/wp-content\/uploads\/2025\/08\/CSIAD_empresas_THEI_horizontal_4x3_v5.png?resize=800%2C600&ssl=1 800w, https:\/\/i0.wp.com\/luxonomy.net\/wp-content\/uploads\/2025\/08\/CSIAD_empresas_THEI_horizontal_4x3_v5.png?resize=20%2C15&ssl=1 20w, https:\/\/i0.wp.com\/luxonomy.net\/wp-content\/uploads\/2025\/08\/CSIAD_empresas_THEI_horizontal_4x3_v5.png?resize=740%2C555&ssl=1 740w, https:\/\/i0.wp.com\/luxonomy.net\/wp-content\/uploads\/2025\/08\/CSIAD_empresas_THEI_horizontal_4x3_v5.png?resize=1600%2C1200&ssl=1 1600w, https:\/\/i0.wp.com\/luxonomy.net\/wp-content\/uploads\/2025\/08\/CSIAD_empresas_THEI_horizontal_4x3_v5.png?resize=1200%2C900&ssl=1 1200w, https:\/\/i0.wp.com\/luxonomy.net\/wp-content\/uploads\/2025\/08\/CSIAD_empresas_THEI_horizontal_4x3_v5.png?resize=64%2C48&ssl=1 64w\" sizes=\"(max-width: 1170px) 100vw, 1170px\" class=\"no-lazyload\" width=\"2000\" height=\"1500\"   \/><\/a><\/div>\n<h2>II. Reinventando el Traje y Conquistando Hollywood (1981-1990)<\/h2>\n<h3>El auge de la d\u00e9cada de los 80: Un nuevo paradigma en la moda masculina<\/h3>\n<p>Los a\u00f1os 80 fueron, sin duda, una \u00e9poca dorada para Armani, un per\u00edodo que estableci\u00f3 firmemente su lugar en la cima del mundo de la moda. Durante esta d\u00e9cada, la marca logr\u00f3 una serie de hitos y logros significativos, catapult\u00e1ndose a nuevas alturas de reconocimiento y \u00e9xito.<\/p>\n<p>El sello distintivo de este periodo fue la transformaci\u00f3n revolucionaria del traje masculino. Rompiendo con las r\u00edgidas normas de la sastrer\u00eda tradicional, Armani introdujo su interpretaci\u00f3n \u00fanica del traje, caracterizado por una silueta relajada y una ca\u00edda natural. Los trajes de Armani eran una fusi\u00f3n perfecta de confort y elegancia, una combinaci\u00f3n que hasta entonces parec\u00eda impensable.<\/p>\n<p>Sus creaciones redefinieron las reglas de la moda masculina. Los trajes se volvieron m\u00e1s suaves, m\u00e1s fluidos y mucho m\u00e1s confortables, sin perder un \u00e1pice de sofisticaci\u00f3n. El nuevo traje de Armani, con su paleta de colores neutros y su est\u00e9tica minimalista, se convirti\u00f3 en la prenda de elecci\u00f3n para hombres de todo el mundo que buscaban una combinaci\u00f3n de estilo, calidad y confort.<\/p>\n<h3>Conquistando Hollywood: La Moda se Encuentra con el Cine<\/h3>\n<p>Pero la conquista de Armani no se limit\u00f3 al mundo de la moda. La marca extendi\u00f3 su influencia a Hollywood, vistiendo a actores y actrices en la gran pantalla. El momento m\u00e1s ic\u00f3nico lleg\u00f3 en 1980 cuando Richard Gere, protagonista de la pel\u00edcula &#8220;American Gigolo&#8221;, apareci\u00f3 con un traje Armani. Esta aparici\u00f3n marc\u00f3 un hito en la industria de la moda y el cine, estableciendo a Armani como el dise\u00f1ador predilecto de Hollywood.<\/p>\n<p>Este impacto en el cine no fue un accidente. Armani comprendi\u00f3 la importancia del cine como un escaparate para la moda y trabaj\u00f3 activamente para establecer relaciones con directores y actores. El resultado fue una serie de colaboraciones cinematogr\u00e1ficas que llevaron la est\u00e9tica de Armani a audiencias globales, consolidando su lugar en la cultura popular.<\/p>\n<p>La d\u00e9cada de los 80 fue, en resumen, un per\u00edodo de expansi\u00f3n y crecimiento para Armani. Con su innovador enfoque de la moda masculina y su penetraci\u00f3n en la cultura de Hollywood, la marca se posicion\u00f3 como un pilar de la moda de lujo, un t\u00edtulo que a\u00fan ostenta hoy.<\/p>\n<h2>III. Diversificaci\u00f3n y Expansi\u00f3n: M\u00e1s All\u00e1 de la Moda (1991-2000)<\/h2>\n<h3>Innovando en la moda: Armani Exchange<\/h3>\n<p>Si la d\u00e9cada de los 80 fue la \u00e9poca de consolidaci\u00f3n de Armani en la alta moda, los 90 representaron un per\u00edodo de diversificaci\u00f3n y expansi\u00f3n para la marca. Uno de los hitos m\u00e1s destacables fue la creaci\u00f3n de <b>Armani Exchange<\/b> en 1991.<\/p>\n<p>Concebida como una l\u00ednea de moda m\u00e1s accesible, Armani Exchange ofrec\u00eda una propuesta de estilo m\u00e1s casual y orientada hacia el p\u00fablico juvenil. Pero lo que la distingu\u00eda no era solo su estilo relajado y moderno, sino tambi\u00e9n su atrevida estrategia de marketing, que inclu\u00eda la apertura de tiendas independientes y una fuerte presencia en el mercado estadounidense.<\/p>\n<p>Armani Exchange demostr\u00f3 ser un gran \u00e9xito y fue fundamental en la diversificaci\u00f3n del grupo Armani. La marca logr\u00f3 atraer a una nueva generaci\u00f3n de consumidores, demostrando que Armani pod\u00eda ser sin\u00f3nimo de moda no solo para el lujo exclusivo, sino tambi\u00e9n para una moda m\u00e1s cotidiana y accesible.<\/p>\n<h3>Trascendiendo las prendas: Armani Casa<\/h3>\n<p>Pero Armani no solo diversific\u00f3 su presencia en el mundo de la moda. La d\u00e9cada de los 90 tambi\u00e9n vio el nacimiento de <b>Armani Casa<\/b>, una divisi\u00f3n dedicada al dise\u00f1o de interiores y mobiliario.<\/p>\n<p>Armani Casa se estableci\u00f3 en 2000 como un testimonio de la visi\u00f3n integral de Giorgio Armani sobre el estilo de vida. Aqu\u00ed, el minimalismo elegante y la atenci\u00f3n meticulosa al detalle, tan caracter\u00edsticos de las creaciones de moda de Armani, encontraron una nueva expresi\u00f3n en el dise\u00f1o de interiores. Desde mobiliario hasta accesorios y textiles para el hogar, Armani Casa ofrec\u00eda un mundo de lujo y refinamiento para el hogar.<\/p>\n<p>Esta diversificaci\u00f3n demostr\u00f3 ser una jugada maestra. Armani Casa no solo ampli\u00f3 la cartera de la marca, sino que tambi\u00e9n reafirm\u00f3 el status de Armani como m\u00e1s que un dise\u00f1ador de moda: Armani se hab\u00eda convertido en un verdadero creador de estilo de vida, capaz de definir la est\u00e9tica y la sofisticaci\u00f3n en todas las facetas de la vida cotidiana.<\/p>\n<p>Con Armani Exchange y Armani Casa, la d\u00e9cada de los 90 marc\u00f3 una expansi\u00f3n significativa en el universo de Armani, consolidando su presencia no solo en el mundo de la moda, sino en toda la esfera del estilo de vida de lujo.<\/p>\n<h2>IV. La Era de la Alta Costura y la Tecnolog\u00eda (2001-2020)<\/h2>\n<h3>La entrada al exclusivo mundo de la Alta Costura: Armani Priv\u00e9<\/h3>\n<p>El nuevo milenio trajo consigo un nuevo cap\u00edtulo en la historia de Armani. La marca, que ya hab\u00eda conquistado el mundo de la moda y del dise\u00f1o de interiores, decidi\u00f3 aventurarse en el reino de la alta costura con el lanzamiento de <b>Armani Priv\u00e9<\/b> en 2005.<\/p>\n<p>Armani Priv\u00e9 es el apogeo del lujo de Armani, ofreciendo piezas de alta costura dise\u00f1adas para un p\u00fablico selecto. Cada pieza es un testamento a la maestr\u00eda artesanal y al compromiso de Armani con la calidad y el lujo. A lo largo de los a\u00f1os, Armani Priv\u00e9 ha vestido a numerosas celebridades en la alfombra roja, consolid\u00e1ndose como una de las marcas preferidas para los eventos de alto perfil.<\/p>\n<p>Esta entrada en la alta costura demostr\u00f3 la habilidad de Armani para adaptarse y evolucionar, demostrando que la marca podr\u00eda triunfar en todas las esferas de la moda, desde la ropa de diario hasta las creaciones de lujo hechas a medida.<\/p>\n<h3>Adapt\u00e1ndose al mundo digital: Armani y la Tecnolog\u00eda<\/h3>\n<p>No obstante, Armani no se qued\u00f3 atr\u00e1s en la era de la digitalizaci\u00f3n. Durante la d\u00e9cada de 2010, la marca hizo un uso estrat\u00e9gico de la tecnolog\u00eda para impulsar su negocio y su marca.<\/p>\n<p>Armani se embarc\u00f3 en una serie de iniciativas digitales, desde el lanzamiento de su tienda en l\u00ednea hasta la digitalizaci\u00f3n de sus desfiles de moda. Estas iniciativas permitieron a la marca mantenerse al d\u00eda con las cambiantes tendencias de consumo y demostrar su capacidad para adaptarse y prosperar en el mundo digital.<\/p>\n<p>Adem\u00e1s, la marca tambi\u00e9n incursion\u00f3 en el mundo de la tecnolog\u00eda wearable con la introducci\u00f3n de su l\u00ednea de relojes inteligentes, &#8220;Emporio Armani Connected&#8221;, en 2017. Con esta iniciativa, Armani combin\u00f3 su sofisticaci\u00f3n est\u00e9tica con la funcionalidad tecnol\u00f3gica, demostrando una vez m\u00e1s su habilidad para innovar y mantenerse a la vanguardia de las tendencias.<\/p>\n<p>Con el avance hacia la alta costura y la adaptaci\u00f3n al mundo digital, Armani demostr\u00f3 en el nuevo milenio que su marca es m\u00e1s que capaz de evolucionar y prosperar en un mundo en constante cambio. Su capacidad para combinar lujo, artesan\u00eda y tecnolog\u00eda la ha posicionado como una fuerza a tener en cuenta en el siglo XXI.<\/p>\n<h2>V. La Resiliencia en Tiempos de Pandemia y las Cifras Econ\u00f3micas (2021-2023)<\/h2>\n<h3>Resiliencia y adaptaci\u00f3n durante la pandemia<\/h3>\n<p>Incluso frente a la crisis mundial desencadenada por la pandemia de COVID-19, Armani ha demostrado una resiliencia admirable. En estos tiempos de incertidumbre, la marca ha tenido que adaptarse r\u00e1pidamente a los cambios en el comportamiento del consumidor y a las restricciones en las operaciones de venta al por menor.<\/p>\n<p>Armani, fieles a su esp\u00edritu innovador, hizo uso de su presencia digital establecida para mantenerse en contacto con sus clientes. La marca intensific\u00f3 su enfoque en el comercio electr\u00f3nico, mejorando la experiencia del cliente en l\u00ednea y expandiendo sus servicios digitales. Adem\u00e1s, Armani comenz\u00f3 a transmitir sus desfiles de moda en vivo en l\u00ednea, permitiendo a los fan\u00e1ticos de la moda de todo el mundo tener un asiento en primera fila desde la comodidad de sus hogares.<\/p>\n<h3>Cifras econ\u00f3micas (2021-2023)<\/h3>\n<p>A pesar de los desaf\u00edos, Armani ha logrado mantener un rendimiento financiero s\u00f3lido. Aunque los ingresos de la empresa experimentaron una ca\u00edda debido a la pandemia en 2020, la marca ha demostrado una notable recuperaci\u00f3n. En 2022, Armani report\u00f3 ingresos de 1.95 mil millones de euros, lo que representa una mejora significativa con respecto al a\u00f1o anterior. Para 2023, las estimaciones predicen un crecimiento continuo, con una proyecci\u00f3n de ingresos que supera los 2 mil millones de euros.<\/p>\n<p>Adem\u00e1s, el grupo ha mantenido un balance s\u00f3lido, con un patrimonio neto de m\u00e1s de 2.1 mil millones de euros a finales de 2022. Esto demuestra la fuerza de la marca y su capacidad para resistir per\u00edodos de incertidumbre econ\u00f3mica.<\/p>\n<p>Estas cifras son un testimonio de la fortaleza de Armani, su capacidad de adaptarse en tiempos de crisis y su compromiso continuo con la excelencia en dise\u00f1o y calidad. Armani ha demostrado una vez m\u00e1s su resiliencia, emergiendo de la crisis de la pandemia con una perspectiva positiva y preparada para enfrentar los desaf\u00edos del futuro.<\/p>\n<h2>VI. Armani Hotels: Un Sello de Lujo en la Hospitalidad<\/h2>\n<p>La marca Armani, conocida por su sofisticaci\u00f3n y estilo inconfundible, no se limita solo a la moda y al dise\u00f1o de interiores. En su b\u00fasqueda continua de la excelencia y la innovaci\u00f3n, Armani ha extendido su influencia al sector de la hospitalidad con la creaci\u00f3n de los Armani Hotels.<\/p>\n<h3>Un viaje m\u00e1s all\u00e1 de la moda: El nacimiento de Armani Hotels<\/h3>\n<p>En asociaci\u00f3n con Emaar Properties, un desarrollador inmobiliario de los Emiratos \u00c1rabes Unidos, Armani inaugur\u00f3 su primer hotel en Dub\u00e1i en 2010. Ubicado en el ic\u00f3nico Burj Khalifa, el <b>Armani Hotel Dubai<\/b> ofrece un refugio de lujo y elegancia en el coraz\u00f3n de la vibrante metr\u00f3polis.<\/p>\n<p>Este hotel, que representa el esp\u00edritu de la marca Armani, busca proporcionar una experiencia de alojamiento \u00fanica y exquisita. Cada detalle del hotel, desde la arquitectura hasta los interiores, ha sido dise\u00f1ado por Giorgio Armani. El resultado es una fusi\u00f3n perfecta de estilo, elegancia y servicio excepcional.<\/p>\n<h3>Una experiencia de lujo inigualable<\/h3>\n<p>Armani Hotels promete a sus hu\u00e9spedes una experiencia de hospitalidad inolvidable. Las habitaciones y suites del hotel son un testimonio de la est\u00e9tica atemporal y minimalista de Armani, combinando confort, funcionalidad y dise\u00f1o de vanguardia.<\/p>\n<p>Pero la experiencia va m\u00e1s all\u00e1 de las habitaciones. Los hoteles Armani cuentan con una variedad de restaurantes y bares, cada uno con su propio estilo y ambiente \u00fanico. Desde gastronom\u00eda italiana aut\u00e9ntica hasta experiencias culinarias internacionales, los restaurantes de Armani prometen satisfacer el paladar de cada hu\u00e9sped.<\/p>\n<p>Despu\u00e9s de su \u00e9xito en Dub\u00e1i, Armani inaugur\u00f3 su segundo hotel en Mil\u00e1n en 2011, situado en el prestigioso distrito de la moda de la ciudad. Al igual que su hom\u00f3logo de Dub\u00e1i, el <b>Armani Hotel Milano<\/b> ofrece una experiencia de alojamiento de lujo, combinando el dise\u00f1o excepcional de Armani con un servicio de alta calidad.<\/p>\n<p>Armani Hotels representa una extensi\u00f3n natural de la filosof\u00eda de la marca Armani. Al igual que sus colecciones de moda y su l\u00ednea de productos para el hogar, los hoteles Armani reflejan el compromiso de la marca con la elegancia, el lujo y la atenci\u00f3n al detalle. Son, en esencia, un testimonio del estilo de vida sofisticado y exclusivo que Armani representa.<\/p>\n<hr \/>\n<p>La historia de <b>Armani<\/b> es un relato de \u00e9xito sin precedentes en la industria de la moda. Cada cap\u00edtulo de su trayectoria est\u00e1 marcado por la audacia, la innovaci\u00f3n y la constante reinvenci\u00f3n. Es una marca que ha sabido mantenerse a la vanguardia, anticip\u00e1ndose a los cambios y marcando el rumbo para otros.<\/p>\n<p>Con casi medio siglo de existencia, Armani ha demostrado que la belleza est\u00e1 en los detalles, en la innovaci\u00f3n y en el amor por el dise\u00f1o. Como dijo una vez <i>Giorgio Armani<\/i>: &#8220;La moda no tiene que ver solo con ropa, sino con el cambio&#8221;. Y, sin duda, Armani es un agente de cambio, un faro de elegancia y lujo, y un emblema de la excelencia en la moda.<\/p>\n<p>Armani nos promete un futuro brillante, lleno de belleza, innovaci\u00f3n y ese lujo sutil y refinado que solo una marca con su legado puede entregar.<\/p>\n","protected":false},"excerpt":{"rendered":"<p>La historia de Armani es un relato de audacia, innovaci\u00f3n y exquisito buen gusto, todo narrado con hilos y tejidos. La marca, un tit\u00e1n indiscutible en el mundo del dise\u00f1o, ha ido mucho m\u00e1s all\u00e1 de la simple creaci\u00f3n de ropa. Es una fuerza cultural, un nombre sin\u00f3nimo de elegancia, lujo y sofisticaci\u00f3n. Con casi&hellip;<\/p>\n","protected":false},"author":19,"featured_media":46310,"comment_status":"closed","ping_status":"open","sticky":false,"template":"","format":"standard","meta":{"_jetpack_newsletter_access":"","_jetpack_dont_email_post_to_subs":false,"_jetpack_newsletter_tier_id":0,"_jetpack_memberships_contains_paywalled_content":false,"_jetpack_feature_clip_id":0,"_jetpack_memberships_contains_paid_content":false,"footnotes":"","jetpack_publicize_message":"Armani: La Epopeya de una Marca que redefini\u00f3 el Lujo y la Moda\r\n\r\nLa historia de Armani es un relato de audacia, innovaci\u00f3n y exquisito buen gusto, todo narrado con hilos y tejidos. La marca, un tit\u00e1n indiscutible en el mundo del dise\u00f1o, ha ido mucho m\u00e1s all\u00e1 de la simple creaci\u00f3n de ropa. Es una fuerza cultural, un nombre sin\u00f3nimo de elegancia, lujo y sofisticaci\u00f3n. Con casi cinco d\u00e9cadas de existencia, Armani sigue siendo un faro de influencia y relevancia en la industria de la moda. Acomp\u00e1\u00f1anos en un fascinante recorrido por la evoluci\u00f3n de esta ic\u00f3nica firma.\r\n\r\n#armani #historiadellujo","jetpack_publicize_feature_enabled":true,"jetpack_social_post_already_shared":true,"jetpack_social_options":{"image_generator_settings":{"template":"edge","default_image_id":0,"font":"","enabled":false},"version":2},"jetpack_post_was_ever_published":false},"categories":[4228],"tags":[1056,1979],"thb-sponsors":[],"class_list":["post-46309","post","type-post","status-publish","format-standard","has-post-thumbnail","hentry","category-historia-de-la-moda-y-el-lujo","tag-armani","tag-historia-del-lujo"],"yoast_head":"<!-- This site is optimized with the Yoast SEO plugin v28.3 - https:\/\/yoast.com\/product\/yoast-seo-wordpress\/ -->\n<title>Armani: La Epopeya de una Marca que redefini\u00f3 el Lujo y la Moda | LUXONOMY<\/title>\n<meta name=\"robots\" content=\"index, follow, max-snippet:-1, max-image-preview:large, max-video-preview:-1\" \/>\n<link rel=\"canonical\" href=\"https:\/\/luxonomy.net\/es\/armani-la-epopeya-de-una-marca-que-redefinio-el-lujo-y-la-moda\/\" \/>\n<meta property=\"og:locale\" content=\"es_ES\" \/>\n<meta property=\"og:type\" content=\"article\" \/>\n<meta property=\"og:title\" content=\"Armani: La Epopeya de una Marca que redefini\u00f3 el Lujo y la Moda | LUXONOMY\" \/>\n<meta property=\"og:description\" content=\"La historia de Armani es un relato de audacia, innovaci\u00f3n y exquisito buen gusto, todo narrado con hilos y tejidos. La marca, un tit\u00e1n indiscutible en el mundo del dise\u00f1o, ha ido mucho m\u00e1s all\u00e1 de la simple creaci\u00f3n de ropa. Es una fuerza cultural, un nombre sin\u00f3nimo de elegancia, lujo y sofisticaci\u00f3n. Con casi&hellip;\" \/>\n<meta property=\"og:url\" content=\"https:\/\/luxonomy.net\/es\/armani-la-epopeya-de-una-marca-que-redefinio-el-lujo-y-la-moda\/\" \/>\n<meta property=\"og:site_name\" content=\"LUXONOMY\" \/>\n<meta property=\"article:publisher\" content=\"https:\/\/www.facebook.com\/luxonomy\" \/>\n<meta property=\"article:published_time\" content=\"2023-07-10T12:02:39+00:00\" \/>\n<meta property=\"og:image\" content=\"https:\/\/i0.wp.com\/luxonomy.net\/wp-content\/uploads\/2023\/07\/Giorgio-Armani.jpg?fit=1000%2C750&quality=89&ssl=1\" \/>\n\t<meta property=\"og:image:width\" content=\"1000\" \/>\n\t<meta property=\"og:image:height\" content=\"750\" \/>\n\t<meta property=\"og:image:type\" content=\"image\/jpeg\" \/>\n<meta name=\"author\" content=\"Pablo Guti\u00e9rrez-Rav\u00e9 Villal\u00f3n\" \/>\n<meta name=\"twitter:card\" content=\"summary_large_image\" \/>\n<meta name=\"twitter:label1\" content=\"Escrito por\" \/>\n\t<meta name=\"twitter:data1\" content=\"Pablo Guti\u00e9rrez-Rav\u00e9 Villal\u00f3n\" \/>\n\t<meta name=\"twitter:label2\" content=\"Tiempo de lectura\" \/>\n\t<meta name=\"twitter:data2\" content=\"11 minutos\" \/>\n<script type=\"application\/ld+json\" class=\"yoast-schema-graph\">{\"@context\":\"https:\\\/\\\/schema.org\",\"@graph\":[{\"@type\":\"Article\",\"@id\":\"https:\\\/\\\/luxonomy.net\\\/es\\\/armani-la-epopeya-de-una-marca-que-redefinio-el-lujo-y-la-moda\\\/#article\",\"isPartOf\":{\"@id\":\"https:\\\/\\\/luxonomy.net\\\/es\\\/armani-la-epopeya-de-una-marca-que-redefinio-el-lujo-y-la-moda\\\/\"},\"author\":{\"name\":\"Pablo Guti\u00e9rrez-Rav\u00e9 Villal\u00f3n\",\"@id\":\"https:\\\/\\\/luxonomy.net\\\/es\\\/#\\\/schema\\\/person\\\/aca186356f30a813f61bbf19ba52c031\"},\"headline\":\"Armani: La Epopeya de una Marca que redefini\u00f3 el Lujo y la Moda\",\"datePublished\":\"2023-07-10T12:02:39+00:00\",\"mainEntityOfPage\":{\"@id\":\"https:\\\/\\\/luxonomy.net\\\/es\\\/armani-la-epopeya-de-una-marca-que-redefinio-el-lujo-y-la-moda\\\/\"},\"wordCount\":2596,\"publisher\":{\"@id\":\"https:\\\/\\\/luxonomy.net\\\/es\\\/#organization\"},\"image\":{\"@id\":\"https:\\\/\\\/luxonomy.net\\\/es\\\/armani-la-epopeya-de-una-marca-que-redefinio-el-lujo-y-la-moda\\\/#primaryimage\"},\"thumbnailUrl\":\"https:\\\/\\\/i0.wp.com\\\/luxonomy.net\\\/wp-content\\\/uploads\\\/2023\\\/07\\\/Giorgio-Armani.jpg?fit=1000%2C750&ssl=1\",\"keywords\":[\"Armani\",\"historia del lujo\"],\"articleSection\":[\"Historia de la Moda y el Lujo\"],\"inLanguage\":\"es\"},{\"@type\":\"WebPage\",\"@id\":\"https:\\\/\\\/luxonomy.net\\\/es\\\/armani-la-epopeya-de-una-marca-que-redefinio-el-lujo-y-la-moda\\\/\",\"url\":\"https:\\\/\\\/luxonomy.net\\\/es\\\/armani-la-epopeya-de-una-marca-que-redefinio-el-lujo-y-la-moda\\\/\",\"name\":\"Armani: La Epopeya de una Marca que redefini\u00f3 el Lujo y la Moda | LUXONOMY\",\"isPartOf\":{\"@id\":\"https:\\\/\\\/luxonomy.net\\\/es\\\/#website\"},\"primaryImageOfPage\":{\"@id\":\"https:\\\/\\\/luxonomy.net\\\/es\\\/armani-la-epopeya-de-una-marca-que-redefinio-el-lujo-y-la-moda\\\/#primaryimage\"},\"image\":{\"@id\":\"https:\\\/\\\/luxonomy.net\\\/es\\\/armani-la-epopeya-de-una-marca-que-redefinio-el-lujo-y-la-moda\\\/#primaryimage\"},\"thumbnailUrl\":\"https:\\\/\\\/i0.wp.com\\\/luxonomy.net\\\/wp-content\\\/uploads\\\/2023\\\/07\\\/Giorgio-Armani.jpg?fit=1000%2C750&ssl=1\",\"datePublished\":\"2023-07-10T12:02:39+00:00\",\"breadcrumb\":{\"@id\":\"https:\\\/\\\/luxonomy.net\\\/es\\\/armani-la-epopeya-de-una-marca-que-redefinio-el-lujo-y-la-moda\\\/#breadcrumb\"},\"inLanguage\":\"es\",\"potentialAction\":[{\"@type\":\"ReadAction\",\"target\":[\"https:\\\/\\\/luxonomy.net\\\/es\\\/armani-la-epopeya-de-una-marca-que-redefinio-el-lujo-y-la-moda\\\/\"]}]},{\"@type\":\"ImageObject\",\"inLanguage\":\"es\",\"@id\":\"https:\\\/\\\/luxonomy.net\\\/es\\\/armani-la-epopeya-de-una-marca-que-redefinio-el-lujo-y-la-moda\\\/#primaryimage\",\"url\":\"https:\\\/\\\/i0.wp.com\\\/luxonomy.net\\\/wp-content\\\/uploads\\\/2023\\\/07\\\/Giorgio-Armani.jpg?fit=1000%2C750&ssl=1\",\"contentUrl\":\"https:\\\/\\\/i0.wp.com\\\/luxonomy.net\\\/wp-content\\\/uploads\\\/2023\\\/07\\\/Giorgio-Armani.jpg?fit=1000%2C750&ssl=1\",\"width\":1000,\"height\":750},{\"@type\":\"BreadcrumbList\",\"@id\":\"https:\\\/\\\/luxonomy.net\\\/es\\\/armani-la-epopeya-de-una-marca-que-redefinio-el-lujo-y-la-moda\\\/#breadcrumb\",\"itemListElement\":[{\"@type\":\"ListItem\",\"position\":1,\"name\":\"Portada\",\"item\":\"https:\\\/\\\/luxonomy.net\\\/es\\\/\"},{\"@type\":\"ListItem\",\"position\":2,\"name\":\"Armani: La Epopeya de una Marca que redefini\u00f3 el Lujo y la Moda\"}]},{\"@type\":\"WebSite\",\"@id\":\"https:\\\/\\\/luxonomy.net\\\/es\\\/#website\",\"url\":\"https:\\\/\\\/luxonomy.net\\\/es\\\/\",\"name\":\"LUXONOMY\",\"description\":\"The Economy of Fashion &amp; Luxury\",\"publisher\":{\"@id\":\"https:\\\/\\\/luxonomy.net\\\/es\\\/#organization\"},\"potentialAction\":[{\"@type\":\"SearchAction\",\"target\":{\"@type\":\"EntryPoint\",\"urlTemplate\":\"https:\\\/\\\/luxonomy.net\\\/es\\\/?s={search_term_string}\"},\"query-input\":{\"@type\":\"PropertyValueSpecification\",\"valueRequired\":true,\"valueName\":\"search_term_string\"}}],\"inLanguage\":\"es\"},{\"@type\":\"Organization\",\"@id\":\"https:\\\/\\\/luxonomy.net\\\/es\\\/#organization\",\"name\":\"LUXONOMY\",\"url\":\"https:\\\/\\\/luxonomy.net\\\/es\\\/\",\"logo\":{\"@type\":\"ImageObject\",\"inLanguage\":\"es\",\"@id\":\"https:\\\/\\\/luxonomy.net\\\/es\\\/#\\\/schema\\\/logo\\\/image\\\/\",\"url\":\"https:\\\/\\\/i2.wp.com\\\/luxonomy.net\\\/wp-content\\\/uploads\\\/2021\\\/09\\\/MOCKUP-TODOS-LUXONOMY.jpg?fit=1000%2C515&ssl=1\",\"contentUrl\":\"https:\\\/\\\/i2.wp.com\\\/luxonomy.net\\\/wp-content\\\/uploads\\\/2021\\\/09\\\/MOCKUP-TODOS-LUXONOMY.jpg?fit=1000%2C515&ssl=1\",\"width\":1000,\"height\":515,\"caption\":\"LUXONOMY\"},\"image\":{\"@id\":\"https:\\\/\\\/luxonomy.net\\\/es\\\/#\\\/schema\\\/logo\\\/image\\\/\"},\"sameAs\":[\"https:\\\/\\\/www.facebook.com\\\/luxonomy\",\"https:\\\/\\\/www.instagram.com\\\/luxonomy\\\/\",\"https:\\\/\\\/www.linkedin.com\\\/company\\\/luxonomy\\\/\"]},{\"@type\":\"Person\",\"@id\":\"https:\\\/\\\/luxonomy.net\\\/es\\\/#\\\/schema\\\/person\\\/aca186356f30a813f61bbf19ba52c031\",\"name\":\"Pablo Guti\u00e9rrez-Rav\u00e9 Villal\u00f3n\",\"image\":{\"@type\":\"ImageObject\",\"inLanguage\":\"es\",\"@id\":\"https:\\\/\\\/luxonomy.net\\\/wp-content\\\/litespeed\\\/avatar\\\/b80839bcd1d7840754b71e72cad801ce.jpg?ver=1788213692\",\"url\":\"https:\\\/\\\/luxonomy.net\\\/wp-content\\\/litespeed\\\/avatar\\\/b80839bcd1d7840754b71e72cad801ce.jpg?ver=1788213692\",\"contentUrl\":\"https:\\\/\\\/luxonomy.net\\\/wp-content\\\/litespeed\\\/avatar\\\/b80839bcd1d7840754b71e72cad801ce.jpg?ver=1788213692\",\"caption\":\"Pablo Guti\u00e9rrez-Rav\u00e9 Villal\u00f3n\"},\"description\":\"president LUXONOMY\u2122 Group\",\"sameAs\":[\"https:\\\/\\\/www.linkedin.com\\\/in\\\/pablogutierrezrave\\\/\"],\"url\":\"https:\\\/\\\/luxonomy.net\\\/es\\\/author\\\/pablo\\\/\"}]}<\/script>\n<!-- \/ Yoast SEO plugin. -->","yoast_head_json":{"title":"Armani: La Epopeya de una Marca que redefini\u00f3 el Lujo y la Moda | LUXONOMY","robots":{"index":"index","follow":"follow","max-snippet":"max-snippet:-1","max-image-preview":"max-image-preview:large","max-video-preview":"max-video-preview:-1"},"canonical":"https:\/\/luxonomy.net\/es\/armani-la-epopeya-de-una-marca-que-redefinio-el-lujo-y-la-moda\/","og_locale":"es_ES","og_type":"article","og_title":"Armani: La Epopeya de una Marca que redefini\u00f3 el Lujo y la Moda | LUXONOMY","og_description":"La historia de Armani es un relato de audacia, innovaci\u00f3n y exquisito buen gusto, todo narrado con hilos y tejidos. La marca, un tit\u00e1n indiscutible en el mundo del dise\u00f1o, ha ido mucho m\u00e1s all\u00e1 de la simple creaci\u00f3n de ropa. Es una fuerza cultural, un nombre sin\u00f3nimo de elegancia, lujo y sofisticaci\u00f3n. Con casi&hellip;","og_url":"https:\/\/luxonomy.net\/es\/armani-la-epopeya-de-una-marca-que-redefinio-el-lujo-y-la-moda\/","og_site_name":"LUXONOMY","article_publisher":"https:\/\/www.facebook.com\/luxonomy","article_published_time":"2023-07-10T12:02:39+00:00","og_image":[{"width":1000,"height":750,"url":"https:\/\/i0.wp.com\/luxonomy.net\/wp-content\/uploads\/2023\/07\/Giorgio-Armani.jpg?fit=1000%2C750&quality=89&ssl=1","type":"image\/jpeg"}],"author":"Pablo Guti\u00e9rrez-Rav\u00e9 Villal\u00f3n","twitter_card":"summary_large_image","twitter_misc":{"Escrito por":"Pablo Guti\u00e9rrez-Rav\u00e9 Villal\u00f3n","Tiempo de lectura":"11 minutos"},"schema":{"@context":"https:\/\/schema.org","@graph":[{"@type":"Article","@id":"https:\/\/luxonomy.net\/es\/armani-la-epopeya-de-una-marca-que-redefinio-el-lujo-y-la-moda\/#article","isPartOf":{"@id":"https:\/\/luxonomy.net\/es\/armani-la-epopeya-de-una-marca-que-redefinio-el-lujo-y-la-moda\/"},"author":{"name":"Pablo Guti\u00e9rrez-Rav\u00e9 Villal\u00f3n","@id":"https:\/\/luxonomy.net\/es\/#\/schema\/person\/aca186356f30a813f61bbf19ba52c031"},"headline":"Armani: La Epopeya de una Marca que redefini\u00f3 el Lujo y la Moda","datePublished":"2023-07-10T12:02:39+00:00","mainEntityOfPage":{"@id":"https:\/\/luxonomy.net\/es\/armani-la-epopeya-de-una-marca-que-redefinio-el-lujo-y-la-moda\/"},"wordCount":2596,"publisher":{"@id":"https:\/\/luxonomy.net\/es\/#organization"},"image":{"@id":"https:\/\/luxonomy.net\/es\/armani-la-epopeya-de-una-marca-que-redefinio-el-lujo-y-la-moda\/#primaryimage"},"thumbnailUrl":"https:\/\/i0.wp.com\/luxonomy.net\/wp-content\/uploads\/2023\/07\/Giorgio-Armani.jpg?fit=1000%2C750&ssl=1","keywords":["Armani","historia del lujo"],"articleSection":["Historia de la Moda y el Lujo"],"inLanguage":"es"},{"@type":"WebPage","@id":"https:\/\/luxonomy.net\/es\/armani-la-epopeya-de-una-marca-que-redefinio-el-lujo-y-la-moda\/","url":"https:\/\/luxonomy.net\/es\/armani-la-epopeya-de-una-marca-que-redefinio-el-lujo-y-la-moda\/","name":"Armani: La Epopeya de una Marca que redefini\u00f3 el Lujo y la Moda | LUXONOMY","isPartOf":{"@id":"https:\/\/luxonomy.net\/es\/#website"},"primaryImageOfPage":{"@id":"https:\/\/luxonomy.net\/es\/armani-la-epopeya-de-una-marca-que-redefinio-el-lujo-y-la-moda\/#primaryimage"},"image":{"@id":"https:\/\/luxonomy.net\/es\/armani-la-epopeya-de-una-marca-que-redefinio-el-lujo-y-la-moda\/#primaryimage"},"thumbnailUrl":"https:\/\/i0.wp.com\/luxonomy.net\/wp-content\/uploads\/2023\/07\/Giorgio-Armani.jpg?fit=1000%2C750&ssl=1","datePublished":"2023-07-10T12:02:39+00:00","breadcrumb":{"@id":"https:\/\/luxonomy.net\/es\/armani-la-epopeya-de-una-marca-que-redefinio-el-lujo-y-la-moda\/#breadcrumb"},"inLanguage":"es","potentialAction":[{"@type":"ReadAction","target":["https:\/\/luxonomy.net\/es\/armani-la-epopeya-de-una-marca-que-redefinio-el-lujo-y-la-moda\/"]}]},{"@type":"ImageObject","inLanguage":"es","@id":"https:\/\/luxonomy.net\/es\/armani-la-epopeya-de-una-marca-que-redefinio-el-lujo-y-la-moda\/#primaryimage","url":"https:\/\/i0.wp.com\/luxonomy.net\/wp-content\/uploads\/2023\/07\/Giorgio-Armani.jpg?fit=1000%2C750&ssl=1","contentUrl":"https:\/\/i0.wp.com\/luxonomy.net\/wp-content\/uploads\/2023\/07\/Giorgio-Armani.jpg?fit=1000%2C750&ssl=1","width":1000,"height":750},{"@type":"BreadcrumbList","@id":"https:\/\/luxonomy.net\/es\/armani-la-epopeya-de-una-marca-que-redefinio-el-lujo-y-la-moda\/#breadcrumb","itemListElement":[{"@type":"ListItem","position":1,"name":"Portada","item":"https:\/\/luxonomy.net\/es\/"},{"@type":"ListItem","position":2,"name":"Armani: La Epopeya de una Marca que redefini\u00f3 el Lujo y la Moda"}]},{"@type":"WebSite","@id":"https:\/\/luxonomy.net\/es\/#website","url":"https:\/\/luxonomy.net\/es\/","name":"LUXONOMY","description":"The Economy of Fashion &amp; Luxury","publisher":{"@id":"https:\/\/luxonomy.net\/es\/#organization"},"potentialAction":[{"@type":"SearchAction","target":{"@type":"EntryPoint","urlTemplate":"https:\/\/luxonomy.net\/es\/?s={search_term_string}"},"query-input":{"@type":"PropertyValueSpecification","valueRequired":true,"valueName":"search_term_string"}}],"inLanguage":"es"},{"@type":"Organization","@id":"https:\/\/luxonomy.net\/es\/#organization","name":"LUXONOMY","url":"https:\/\/luxonomy.net\/es\/","logo":{"@type":"ImageObject","inLanguage":"es","@id":"https:\/\/luxonomy.net\/es\/#\/schema\/logo\/image\/","url":"https:\/\/i2.wp.com\/luxonomy.net\/wp-content\/uploads\/2021\/09\/MOCKUP-TODOS-LUXONOMY.jpg?fit=1000%2C515&ssl=1","contentUrl":"https:\/\/i2.wp.com\/luxonomy.net\/wp-content\/uploads\/2021\/09\/MOCKUP-TODOS-LUXONOMY.jpg?fit=1000%2C515&ssl=1","width":1000,"height":515,"caption":"LUXONOMY"},"image":{"@id":"https:\/\/luxonomy.net\/es\/#\/schema\/logo\/image\/"},"sameAs":["https:\/\/www.facebook.com\/luxonomy","https:\/\/www.instagram.com\/luxonomy\/","https:\/\/www.linkedin.com\/company\/luxonomy\/"]},{"@type":"Person","@id":"https:\/\/luxonomy.net\/es\/#\/schema\/person\/aca186356f30a813f61bbf19ba52c031","name":"Pablo Guti\u00e9rrez-Rav\u00e9 Villal\u00f3n","image":{"@type":"ImageObject","inLanguage":"es","@id":"https:\/\/luxonomy.net\/wp-content\/litespeed\/avatar\/b80839bcd1d7840754b71e72cad801ce.jpg?ver=1788213692","url":"https:\/\/luxonomy.net\/wp-content\/litespeed\/avatar\/b80839bcd1d7840754b71e72cad801ce.jpg?ver=1788213692","contentUrl":"https:\/\/luxonomy.net\/wp-content\/litespeed\/avatar\/b80839bcd1d7840754b71e72cad801ce.jpg?ver=1788213692","caption":"Pablo Guti\u00e9rrez-Rav\u00e9 Villal\u00f3n"},"description":"president LUXONOMY\u2122 Group","sameAs":["https:\/\/www.linkedin.com\/in\/pablogutierrezrave\/"],"url":"https:\/\/luxonomy.net\/es\/author\/pablo\/"}]}},"jetpack_publicize_connections":[],"jetpack_shortlink":"https:\/\/wp.me\/paPhBa-c2V","jetpack_sharing_enabled":true,"jetpack_featured_media_url":"https:\/\/i0.wp.com\/luxonomy.net\/wp-content\/uploads\/2023\/07\/Giorgio-Armani.jpg?fit=1000%2C750&ssl=1","_links":{"self":[{"href":"https:\/\/luxonomy.net\/es\/wp-json\/wp\/v2\/posts\/46309","targetHints":{"allow":["GET"]}}],"collection":[{"href":"https:\/\/luxonomy.net\/es\/wp-json\/wp\/v2\/posts"}],"about":[{"href":"https:\/\/luxonomy.net\/es\/wp-json\/wp\/v2\/types\/post"}],"author":[{"embeddable":true,"href":"https:\/\/luxonomy.net\/es\/wp-json\/wp\/v2\/users\/19"}],"replies":[{"embeddable":true,"href":"https:\/\/luxonomy.net\/es\/wp-json\/wp\/v2\/comments?post=46309"}],"version-history":[{"count":5,"href":"https:\/\/luxonomy.net\/es\/wp-json\/wp\/v2\/posts\/46309\/revisions"}],"predecessor-version":[{"id":46318,"href":"https:\/\/luxonomy.net\/es\/wp-json\/wp\/v2\/posts\/46309\/revisions\/46318"}],"wp:featuredmedia":[{"embeddable":true,"href":"https:\/\/luxonomy.net\/es\/wp-json\/wp\/v2\/media\/46310"}],"wp:attachment":[{"href":"https:\/\/luxonomy.net\/es\/wp-json\/wp\/v2\/media?parent=46309"}],"wp:term":[{"taxonomy":"category","embeddable":true,"href":"https:\/\/luxonomy.net\/es\/wp-json\/wp\/v2\/categories?post=46309"},{"taxonomy":"post_tag","embeddable":true,"href":"https:\/\/luxonomy.net\/es\/wp-json\/wp\/v2\/tags?post=46309"},{"taxonomy":"thb-sponsors","embeddable":true,"href":"https:\/\/luxonomy.net\/es\/wp-json\/wp\/v2\/thb-sponsors?post=46309"}],"curies":[{"name":"wp","href":"https:\/\/api.w.org\/{rel}","templated":true}]}}