{"id":40534,"date":"2023-06-29T12:50:54","date_gmt":"2023-06-29T10:50:54","guid":{"rendered":"https:\/?p=40534"},"modified":"2023-06-29T12:53:21","modified_gmt":"2023-06-29T10:53:21","slug":"louis-vuitton-escoge-a-carlos-alcaraz-como-nuevo-embajador-de-la-marca","status":"publish","type":"post","link":"https:\/\/luxonomy.net\/es\/louis-vuitton-escoge-a-carlos-alcaraz-como-nuevo-embajador-de-la-marca\/","title":{"rendered":"Louis Vuitton escoge a Carlos Alcaraz como nuevo embajador de la marca"},"content":{"rendered":"<p>Carlos Alcaraz, el tenista masculino n\u00famero uno del mundo, ha sido nombrado el nuevo embajador de Louis Vuitton, anunci\u00f3 la marca el mi\u00e9rcoles. El campe\u00f3n espa\u00f1ol de 20 a\u00f1os y del US Open se une a un n\u00famero creciente de atletas contratados por marcas de lujo para ayudar a ampliar su atractivo y aumentar las ventas entre nuevas audiencias.<\/p>\n<p>El joven espa\u00f1ol ha ascendido al estrellato en el \u00faltimo a\u00f1o despu\u00e9s de interrumpir el dominio que disfrutaban los grandes del tenis Rafael Nadal y Novak Djokovic. Se une a una lista creciente de j\u00f3venes atletas contratados por marcas de lujo para ayudar a ampliar su atractivo entre nuevas audiencias.<\/p>\n<p>En mayo del a\u00f1o pasado, Gucci seleccion\u00f3 al futbolista del Manchester City, Jack Grealish, para un papel de embajador, mientras que Burberry anunci\u00f3 un acuerdo con el futbolista coreano Son Heung-min al mes siguiente. Dior contrat\u00f3 al ganador de la Copa del Mundo franc\u00e9s, Kylian Mbapp\u00e9, como embajador global de la marca en 2021.<\/p><div id=\"luxon-2155210611\" class=\"luxon-3er-parrafo luxon-entity-placement\" style=\"margin-top: 20px;margin-bottom: 20px;margin-left: auto;margin-right: auto;text-align: center;\"><a href=\"https:\/\/luxonomy.university\/course\/master-turismo-de-lujo\" target=\"_blank\" aria-label=\"master-turismo-lujo-2026-2027\"><img loading=\"lazy\" decoding=\"async\" src=\"https:\/\/i0.wp.com\/luxonomy.net\/wp-content\/uploads\/2020\/07\/master-turismo-lujo-2026-2027.jpg?fit=1672%2C941&#038;ssl=1\" alt=\"\"  srcset=\"https:\/\/i0.wp.com\/luxonomy.net\/wp-content\/uploads\/2020\/07\/master-turismo-lujo-2026-2027.jpg?w=1672&ssl=1 1672w, https:\/\/i0.wp.com\/luxonomy.net\/wp-content\/uploads\/2020\/07\/master-turismo-lujo-2026-2027.jpg?resize=300%2C169&ssl=1 300w, https:\/\/i0.wp.com\/luxonomy.net\/wp-content\/uploads\/2020\/07\/master-turismo-lujo-2026-2027.jpg?resize=1024%2C576&ssl=1 1024w, https:\/\/i0.wp.com\/luxonomy.net\/wp-content\/uploads\/2020\/07\/master-turismo-lujo-2026-2027.jpg?resize=768%2C432&ssl=1 768w, https:\/\/i0.wp.com\/luxonomy.net\/wp-content\/uploads\/2020\/07\/master-turismo-lujo-2026-2027.jpg?resize=1536%2C864&ssl=1 1536w, https:\/\/i0.wp.com\/luxonomy.net\/wp-content\/uploads\/2020\/07\/master-turismo-lujo-2026-2027.jpg?resize=370%2C208&ssl=1 370w, https:\/\/i0.wp.com\/luxonomy.net\/wp-content\/uploads\/2020\/07\/master-turismo-lujo-2026-2027.jpg?resize=800%2C450&ssl=1 800w, https:\/\/i0.wp.com\/luxonomy.net\/wp-content\/uploads\/2020\/07\/master-turismo-lujo-2026-2027.jpg?resize=20%2C11&ssl=1 20w, https:\/\/i0.wp.com\/luxonomy.net\/wp-content\/uploads\/2020\/07\/master-turismo-lujo-2026-2027.jpg?resize=740%2C416&ssl=1 740w, https:\/\/i0.wp.com\/luxonomy.net\/wp-content\/uploads\/2020\/07\/master-turismo-lujo-2026-2027.jpg?resize=1600%2C900&ssl=1 1600w, https:\/\/i0.wp.com\/luxonomy.net\/wp-content\/uploads\/2020\/07\/master-turismo-lujo-2026-2027.jpg?resize=1200%2C675&ssl=1 1200w, https:\/\/i0.wp.com\/luxonomy.net\/wp-content\/uploads\/2020\/07\/master-turismo-lujo-2026-2027.jpg?resize=85%2C48&ssl=1 85w\" sizes=\"(max-width: 1170px) 100vw, 1170px\" class=\"no-lazyload\" width=\"1672\" height=\"941\"   \/><\/a><\/div>\n<p>Louis Vuitton no es ajena a trabajar con atletas, con la estrella del tenis japon\u00e9s-americana Naomi Osaka como embajadora de la casa desde 2021. La marca tambi\u00e9n incluy\u00f3 a Cristiano Ronaldo y Lionel Messi en una campa\u00f1a viral antes de la Copa del Mundo del a\u00f1o pasado en Qatar.<\/p>\n","protected":false},"excerpt":{"rendered":"<p>Carlos Alcaraz, el tenista masculino n\u00famero uno del mundo, ha sido nombrado el nuevo embajador de Louis Vuitton, anunci\u00f3 la marca el mi\u00e9rcoles. El campe\u00f3n espa\u00f1ol de 20 a\u00f1os y del US Open se une a un n\u00famero creciente de atletas contratados por marcas de lujo para ayudar a ampliar su atractivo y aumentar las&hellip;<\/p>\n","protected":false},"author":13,"featured_media":40532,"comment_status":"closed","ping_status":"open","sticky":false,"template":"","format":"standard","meta":{"_jetpack_newsletter_access":"","_jetpack_dont_email_post_to_subs":false,"_jetpack_newsletter_tier_id":0,"_jetpack_memberships_contains_paywalled_content":false,"_jetpack_feature_clip_id":0,"_jetpack_memberships_contains_paid_content":false,"footnotes":"","jetpack_publicize_message":"","jetpack_publicize_feature_enabled":true,"jetpack_social_post_already_shared":true,"jetpack_social_options":{"image_generator_settings":{"template":"edge","default_image_id":0,"font":"","enabled":false},"version":2},"jetpack_post_was_ever_published":false},"categories":[1672,534],"tags":[5955,747,5962,5956,5964,5960,5963,5970,699,5953,5961,5954,5959,5958,372,5966,5968,5387,660,2668,5969,339,5957,5965,5967,5952],"thb-sponsors":[],"class_list":["post-40534","post","type-post","status-publish","format-standard","has-post-thumbnail","hentry","category-actualidad","category-moda","tag-20-anos","tag-burberry","tag-campana-viral","tag-campeon-del-us-open","tag-carlos-alcaraz-2","tag-copa-del-mundo","tag-copa-del-mundo-en-qatar","tag-cristiano-ronaldo-2","tag-dior","tag-embajador","tag-embajador-global","tag-espanol","tag-futbolista-coreano","tag-futbolista-del-manchester-city","tag-gucci","tag-jack-grealish-2","tag-kylian-mbappe-2","tag-lionel-messi","tag-louis-vuitton","tag-marcas-de-lujo","tag-naomi-osaka-2","tag-novak-djokovic","tag-nuevas-audiencias","tag-rafael-nadal-2","tag-son-heung-min-2","tag-tenista-masculino-numero-uno-del-mundo"],"yoast_head":"<!-- This site is optimized with the Yoast SEO plugin v28.4 - https:\/\/yoast.com\/product\/yoast-seo-wordpress\/ -->\n<title>Louis Vuitton escoge a Carlos Alcaraz como nuevo embajador de la marca | LUXONOMY<\/title>\n<meta name=\"robots\" content=\"index, follow, max-snippet:-1, max-image-preview:large, max-video-preview:-1\" \/>\n<link rel=\"canonical\" href=\"https:\/\/luxonomy.net\/es\/louis-vuitton-escoge-a-carlos-alcaraz-como-nuevo-embajador-de-la-marca\/\" \/>\n<meta property=\"og:locale\" content=\"es_ES\" \/>\n<meta property=\"og:type\" content=\"article\" \/>\n<meta property=\"og:title\" content=\"Louis Vuitton escoge a Carlos Alcaraz como nuevo embajador de la marca | LUXONOMY\" \/>\n<meta property=\"og:description\" content=\"Carlos Alcaraz, el tenista masculino n\u00famero uno del mundo, ha sido nombrado el nuevo embajador de Louis Vuitton, anunci\u00f3 la marca el mi\u00e9rcoles. El campe\u00f3n espa\u00f1ol de 20 a\u00f1os y del US Open se une a un n\u00famero creciente de atletas contratados por marcas de lujo para ayudar a ampliar su atractivo y aumentar las&hellip;\" \/>\n<meta property=\"og:url\" content=\"https:\/\/luxonomy.net\/es\/louis-vuitton-escoge-a-carlos-alcaraz-como-nuevo-embajador-de-la-marca\/\" \/>\n<meta property=\"og:site_name\" content=\"LUXONOMY\" \/>\n<meta property=\"article:publisher\" content=\"https:\/\/www.facebook.com\/luxonomy\" \/>\n<meta property=\"article:published_time\" content=\"2023-06-29T10:50:54+00:00\" \/>\n<meta property=\"article:modified_time\" content=\"2023-06-29T10:53:21+00:00\" \/>\n<meta property=\"og:image\" content=\"https:\/\/i0.wp.com\/luxonomy.net\/wp-content\/uploads\/2023\/06\/Captura-de-pantalla-2023-06-29-a-las-12.47.30.png?fit=1344%2C758&quality=80&ssl=1\" \/>\n\t<meta property=\"og:image:width\" content=\"1344\" \/>\n\t<meta property=\"og:image:height\" content=\"758\" \/>\n\t<meta property=\"og:image:type\" content=\"image\/png\" \/>\n<meta name=\"author\" content=\"Dara Bernardo\" \/>\n<meta name=\"twitter:card\" content=\"summary_large_image\" \/>\n<meta name=\"twitter:label1\" content=\"Escrito por\" \/>\n\t<meta name=\"twitter:data1\" content=\"Dara Bernardo\" \/>\n\t<meta name=\"twitter:label2\" content=\"Tiempo de lectura\" \/>\n\t<meta name=\"twitter:data2\" content=\"1 minuto\" \/>\n<script type=\"application\/ld+json\" class=\"yoast-schema-graph\">{\"@context\":\"https:\\\/\\\/schema.org\",\"@graph\":[{\"@type\":\"Article\",\"@id\":\"https:\\\/\\\/luxonomy.net\\\/es\\\/louis-vuitton-escoge-a-carlos-alcaraz-como-nuevo-embajador-de-la-marca\\\/#article\",\"isPartOf\":{\"@id\":\"https:\\\/\\\/luxonomy.net\\\/es\\\/louis-vuitton-escoge-a-carlos-alcaraz-como-nuevo-embajador-de-la-marca\\\/\"},\"author\":{\"name\":\"Dara Bernardo\",\"@id\":\"https:\\\/\\\/luxonomy.net\\\/es\\\/#\\\/schema\\\/person\\\/e67bcb5ec87034adece86099e3e2fc35\"},\"headline\":\"Louis Vuitton escoge a Carlos Alcaraz como nuevo embajador de la marca\",\"datePublished\":\"2023-06-29T10:50:54+00:00\",\"dateModified\":\"2023-06-29T10:53:21+00:00\",\"mainEntityOfPage\":{\"@id\":\"https:\\\/\\\/luxonomy.net\\\/es\\\/louis-vuitton-escoge-a-carlos-alcaraz-como-nuevo-embajador-de-la-marca\\\/\"},\"wordCount\":237,\"publisher\":{\"@id\":\"https:\\\/\\\/luxonomy.net\\\/es\\\/#organization\"},\"image\":{\"@id\":\"https:\\\/\\\/luxonomy.net\\\/es\\\/louis-vuitton-escoge-a-carlos-alcaraz-como-nuevo-embajador-de-la-marca\\\/#primaryimage\"},\"thumbnailUrl\":\"https:\\\/\\\/i0.wp.com\\\/luxonomy.net\\\/wp-content\\\/uploads\\\/2023\\\/06\\\/Captura-de-pantalla-2023-06-29-a-las-12.47.30.png?fit=1344%2C758&ssl=1\",\"keywords\":[\"20 a\u00f1os\",\"Burberry\",\"campa\u00f1a viral\",\"campe\u00f3n del US Open\",\"Carlos Alcaraz\",\"Copa del Mundo\",\"Copa del Mundo en Qatar\",\"Cristiano Ronaldo\",\"Dior\",\"embajador\",\"embajador global\",\"espa\u00f1ol\",\"futbolista coreano\",\"futbolista del Manchester City\",\"Gucci\",\"Jack Grealish\",\"Kylian Mbapp\u00e9\",\"Lionel Messi\",\"Louis Vuitton\",\"marcas de lujo\",\"Naomi Osaka\",\"Novak Djokovic\",\"nuevas audiencias\",\"Rafael Nadal\",\"Son Heung-min\",\"tenista masculino n\u00famero uno del mundo\"],\"articleSection\":[\"Actualidad\",\"Moda\"],\"inLanguage\":\"es\"},{\"@type\":\"WebPage\",\"@id\":\"https:\\\/\\\/luxonomy.net\\\/es\\\/louis-vuitton-escoge-a-carlos-alcaraz-como-nuevo-embajador-de-la-marca\\\/\",\"url\":\"https:\\\/\\\/luxonomy.net\\\/es\\\/louis-vuitton-escoge-a-carlos-alcaraz-como-nuevo-embajador-de-la-marca\\\/\",\"name\":\"Louis Vuitton escoge a Carlos Alcaraz como nuevo embajador de la marca | LUXONOMY\",\"isPartOf\":{\"@id\":\"https:\\\/\\\/luxonomy.net\\\/es\\\/#website\"},\"primaryImageOfPage\":{\"@id\":\"https:\\\/\\\/luxonomy.net\\\/es\\\/louis-vuitton-escoge-a-carlos-alcaraz-como-nuevo-embajador-de-la-marca\\\/#primaryimage\"},\"image\":{\"@id\":\"https:\\\/\\\/luxonomy.net\\\/es\\\/louis-vuitton-escoge-a-carlos-alcaraz-como-nuevo-embajador-de-la-marca\\\/#primaryimage\"},\"thumbnailUrl\":\"https:\\\/\\\/i0.wp.com\\\/luxonomy.net\\\/wp-content\\\/uploads\\\/2023\\\/06\\\/Captura-de-pantalla-2023-06-29-a-las-12.47.30.png?fit=1344%2C758&ssl=1\",\"datePublished\":\"2023-06-29T10:50:54+00:00\",\"dateModified\":\"2023-06-29T10:53:21+00:00\",\"breadcrumb\":{\"@id\":\"https:\\\/\\\/luxonomy.net\\\/es\\\/louis-vuitton-escoge-a-carlos-alcaraz-como-nuevo-embajador-de-la-marca\\\/#breadcrumb\"},\"inLanguage\":\"es\",\"potentialAction\":[{\"@type\":\"ReadAction\",\"target\":[\"https:\\\/\\\/luxonomy.net\\\/es\\\/louis-vuitton-escoge-a-carlos-alcaraz-como-nuevo-embajador-de-la-marca\\\/\"]}]},{\"@type\":\"ImageObject\",\"inLanguage\":\"es\",\"@id\":\"https:\\\/\\\/luxonomy.net\\\/es\\\/louis-vuitton-escoge-a-carlos-alcaraz-como-nuevo-embajador-de-la-marca\\\/#primaryimage\",\"url\":\"https:\\\/\\\/i0.wp.com\\\/luxonomy.net\\\/wp-content\\\/uploads\\\/2023\\\/06\\\/Captura-de-pantalla-2023-06-29-a-las-12.47.30.png?fit=1344%2C758&ssl=1\",\"contentUrl\":\"https:\\\/\\\/i0.wp.com\\\/luxonomy.net\\\/wp-content\\\/uploads\\\/2023\\\/06\\\/Captura-de-pantalla-2023-06-29-a-las-12.47.30.png?fit=1344%2C758&ssl=1\",\"width\":1344,\"height\":758},{\"@type\":\"BreadcrumbList\",\"@id\":\"https:\\\/\\\/luxonomy.net\\\/es\\\/louis-vuitton-escoge-a-carlos-alcaraz-como-nuevo-embajador-de-la-marca\\\/#breadcrumb\",\"itemListElement\":[{\"@type\":\"ListItem\",\"position\":1,\"name\":\"Portada\",\"item\":\"https:\\\/\\\/luxonomy.net\\\/es\\\/\"},{\"@type\":\"ListItem\",\"position\":2,\"name\":\"Louis Vuitton escoge a Carlos Alcaraz como nuevo embajador de la marca\"}]},{\"@type\":\"WebSite\",\"@id\":\"https:\\\/\\\/luxonomy.net\\\/es\\\/#website\",\"url\":\"https:\\\/\\\/luxonomy.net\\\/es\\\/\",\"name\":\"LUXONOMY\",\"description\":\"The Economy of Fashion &amp; Luxury\",\"publisher\":{\"@id\":\"https:\\\/\\\/luxonomy.net\\\/es\\\/#organization\"},\"potentialAction\":[{\"@type\":\"SearchAction\",\"target\":{\"@type\":\"EntryPoint\",\"urlTemplate\":\"https:\\\/\\\/luxonomy.net\\\/es\\\/?s={search_term_string}\"},\"query-input\":{\"@type\":\"PropertyValueSpecification\",\"valueRequired\":true,\"valueName\":\"search_term_string\"}}],\"inLanguage\":\"es\"},{\"@type\":\"Organization\",\"@id\":\"https:\\\/\\\/luxonomy.net\\\/es\\\/#organization\",\"name\":\"LUXONOMY\",\"url\":\"https:\\\/\\\/luxonomy.net\\\/es\\\/\",\"logo\":{\"@type\":\"ImageObject\",\"inLanguage\":\"es\",\"@id\":\"https:\\\/\\\/luxonomy.net\\\/es\\\/#\\\/schema\\\/logo\\\/image\\\/\",\"url\":\"https:\\\/\\\/i2.wp.com\\\/luxonomy.net\\\/wp-content\\\/uploads\\\/2021\\\/09\\\/MOCKUP-TODOS-LUXONOMY.jpg?fit=1000%2C515&ssl=1\",\"contentUrl\":\"https:\\\/\\\/i2.wp.com\\\/luxonomy.net\\\/wp-content\\\/uploads\\\/2021\\\/09\\\/MOCKUP-TODOS-LUXONOMY.jpg?fit=1000%2C515&ssl=1\",\"width\":1000,\"height\":515,\"caption\":\"LUXONOMY\"},\"image\":{\"@id\":\"https:\\\/\\\/luxonomy.net\\\/es\\\/#\\\/schema\\\/logo\\\/image\\\/\"},\"sameAs\":[\"https:\\\/\\\/www.facebook.com\\\/luxonomy\",\"https:\\\/\\\/www.instagram.com\\\/luxonomy\\\/\",\"https:\\\/\\\/www.linkedin.com\\\/company\\\/luxonomy\\\/\"]},{\"@type\":\"Person\",\"@id\":\"https:\\\/\\\/luxonomy.net\\\/es\\\/#\\\/schema\\\/person\\\/e67bcb5ec87034adece86099e3e2fc35\",\"name\":\"Dara Bernardo\",\"image\":{\"@type\":\"ImageObject\",\"inLanguage\":\"es\",\"@id\":\"https:\\\/\\\/luxonomy.net\\\/wp-content\\\/litespeed\\\/avatar\\\/6210219c821657e60e23828a44456840.jpg?ver=1788581693\",\"url\":\"https:\\\/\\\/luxonomy.net\\\/wp-content\\\/litespeed\\\/avatar\\\/6210219c821657e60e23828a44456840.jpg?ver=1788581693\",\"contentUrl\":\"https:\\\/\\\/luxonomy.net\\\/wp-content\\\/litespeed\\\/avatar\\\/6210219c821657e60e23828a44456840.jpg?ver=1788581693\",\"caption\":\"Dara Bernardo\"},\"description\":\"Managing Director at LUXONOMY\u2122 Group Middle East\",\"sameAs\":[\"mailto:dubai@investme.capital\"],\"url\":\"https:\\\/\\\/luxonomy.net\\\/es\\\/author\\\/dara-bernardo\\\/\"}]}<\/script>\n<!-- \/ Yoast SEO plugin. -->","yoast_head_json":{"title":"Louis Vuitton escoge a Carlos Alcaraz como nuevo embajador de la marca | LUXONOMY","robots":{"index":"index","follow":"follow","max-snippet":"max-snippet:-1","max-image-preview":"max-image-preview:large","max-video-preview":"max-video-preview:-1"},"canonical":"https:\/\/luxonomy.net\/es\/louis-vuitton-escoge-a-carlos-alcaraz-como-nuevo-embajador-de-la-marca\/","og_locale":"es_ES","og_type":"article","og_title":"Louis Vuitton escoge a Carlos Alcaraz como nuevo embajador de la marca | LUXONOMY","og_description":"Carlos Alcaraz, el tenista masculino n\u00famero uno del mundo, ha sido nombrado el nuevo embajador de Louis Vuitton, anunci\u00f3 la marca el mi\u00e9rcoles. El campe\u00f3n espa\u00f1ol de 20 a\u00f1os y del US Open se une a un n\u00famero creciente de atletas contratados por marcas de lujo para ayudar a ampliar su atractivo y aumentar las&hellip;","og_url":"https:\/\/luxonomy.net\/es\/louis-vuitton-escoge-a-carlos-alcaraz-como-nuevo-embajador-de-la-marca\/","og_site_name":"LUXONOMY","article_publisher":"https:\/\/www.facebook.com\/luxonomy","article_published_time":"2023-06-29T10:50:54+00:00","article_modified_time":"2023-06-29T10:53:21+00:00","og_image":[{"width":1344,"height":758,"url":"https:\/\/i0.wp.com\/luxonomy.net\/wp-content\/uploads\/2023\/06\/Captura-de-pantalla-2023-06-29-a-las-12.47.30.png?fit=1344%2C758&quality=80&ssl=1","type":"image\/png"}],"author":"Dara Bernardo","twitter_card":"summary_large_image","twitter_misc":{"Escrito por":"Dara Bernardo","Tiempo de lectura":"1 minuto"},"schema":{"@context":"https:\/\/schema.org","@graph":[{"@type":"Article","@id":"https:\/\/luxonomy.net\/es\/louis-vuitton-escoge-a-carlos-alcaraz-como-nuevo-embajador-de-la-marca\/#article","isPartOf":{"@id":"https:\/\/luxonomy.net\/es\/louis-vuitton-escoge-a-carlos-alcaraz-como-nuevo-embajador-de-la-marca\/"},"author":{"name":"Dara Bernardo","@id":"https:\/\/luxonomy.net\/es\/#\/schema\/person\/e67bcb5ec87034adece86099e3e2fc35"},"headline":"Louis Vuitton escoge a Carlos Alcaraz como nuevo embajador de la marca","datePublished":"2023-06-29T10:50:54+00:00","dateModified":"2023-06-29T10:53:21+00:00","mainEntityOfPage":{"@id":"https:\/\/luxonomy.net\/es\/louis-vuitton-escoge-a-carlos-alcaraz-como-nuevo-embajador-de-la-marca\/"},"wordCount":237,"publisher":{"@id":"https:\/\/luxonomy.net\/es\/#organization"},"image":{"@id":"https:\/\/luxonomy.net\/es\/louis-vuitton-escoge-a-carlos-alcaraz-como-nuevo-embajador-de-la-marca\/#primaryimage"},"thumbnailUrl":"https:\/\/i0.wp.com\/luxonomy.net\/wp-content\/uploads\/2023\/06\/Captura-de-pantalla-2023-06-29-a-las-12.47.30.png?fit=1344%2C758&ssl=1","keywords":["20 a\u00f1os","Burberry","campa\u00f1a viral","campe\u00f3n del US Open","Carlos Alcaraz","Copa del Mundo","Copa del Mundo en Qatar","Cristiano Ronaldo","Dior","embajador","embajador global","espa\u00f1ol","futbolista coreano","futbolista del Manchester City","Gucci","Jack Grealish","Kylian Mbapp\u00e9","Lionel Messi","Louis Vuitton","marcas de lujo","Naomi Osaka","Novak Djokovic","nuevas audiencias","Rafael Nadal","Son Heung-min","tenista masculino n\u00famero uno del mundo"],"articleSection":["Actualidad","Moda"],"inLanguage":"es"},{"@type":"WebPage","@id":"https:\/\/luxonomy.net\/es\/louis-vuitton-escoge-a-carlos-alcaraz-como-nuevo-embajador-de-la-marca\/","url":"https:\/\/luxonomy.net\/es\/louis-vuitton-escoge-a-carlos-alcaraz-como-nuevo-embajador-de-la-marca\/","name":"Louis Vuitton escoge a Carlos Alcaraz como nuevo embajador de la marca | LUXONOMY","isPartOf":{"@id":"https:\/\/luxonomy.net\/es\/#website"},"primaryImageOfPage":{"@id":"https:\/\/luxonomy.net\/es\/louis-vuitton-escoge-a-carlos-alcaraz-como-nuevo-embajador-de-la-marca\/#primaryimage"},"image":{"@id":"https:\/\/luxonomy.net\/es\/louis-vuitton-escoge-a-carlos-alcaraz-como-nuevo-embajador-de-la-marca\/#primaryimage"},"thumbnailUrl":"https:\/\/i0.wp.com\/luxonomy.net\/wp-content\/uploads\/2023\/06\/Captura-de-pantalla-2023-06-29-a-las-12.47.30.png?fit=1344%2C758&ssl=1","datePublished":"2023-06-29T10:50:54+00:00","dateModified":"2023-06-29T10:53:21+00:00","breadcrumb":{"@id":"https:\/\/luxonomy.net\/es\/louis-vuitton-escoge-a-carlos-alcaraz-como-nuevo-embajador-de-la-marca\/#breadcrumb"},"inLanguage":"es","potentialAction":[{"@type":"ReadAction","target":["https:\/\/luxonomy.net\/es\/louis-vuitton-escoge-a-carlos-alcaraz-como-nuevo-embajador-de-la-marca\/"]}]},{"@type":"ImageObject","inLanguage":"es","@id":"https:\/\/luxonomy.net\/es\/louis-vuitton-escoge-a-carlos-alcaraz-como-nuevo-embajador-de-la-marca\/#primaryimage","url":"https:\/\/i0.wp.com\/luxonomy.net\/wp-content\/uploads\/2023\/06\/Captura-de-pantalla-2023-06-29-a-las-12.47.30.png?fit=1344%2C758&ssl=1","contentUrl":"https:\/\/i0.wp.com\/luxonomy.net\/wp-content\/uploads\/2023\/06\/Captura-de-pantalla-2023-06-29-a-las-12.47.30.png?fit=1344%2C758&ssl=1","width":1344,"height":758},{"@type":"BreadcrumbList","@id":"https:\/\/luxonomy.net\/es\/louis-vuitton-escoge-a-carlos-alcaraz-como-nuevo-embajador-de-la-marca\/#breadcrumb","itemListElement":[{"@type":"ListItem","position":1,"name":"Portada","item":"https:\/\/luxonomy.net\/es\/"},{"@type":"ListItem","position":2,"name":"Louis Vuitton escoge a Carlos Alcaraz como nuevo embajador de la marca"}]},{"@type":"WebSite","@id":"https:\/\/luxonomy.net\/es\/#website","url":"https:\/\/luxonomy.net\/es\/","name":"LUXONOMY","description":"The Economy of Fashion &amp; Luxury","publisher":{"@id":"https:\/\/luxonomy.net\/es\/#organization"},"potentialAction":[{"@type":"SearchAction","target":{"@type":"EntryPoint","urlTemplate":"https:\/\/luxonomy.net\/es\/?s={search_term_string}"},"query-input":{"@type":"PropertyValueSpecification","valueRequired":true,"valueName":"search_term_string"}}],"inLanguage":"es"},{"@type":"Organization","@id":"https:\/\/luxonomy.net\/es\/#organization","name":"LUXONOMY","url":"https:\/\/luxonomy.net\/es\/","logo":{"@type":"ImageObject","inLanguage":"es","@id":"https:\/\/luxonomy.net\/es\/#\/schema\/logo\/image\/","url":"https:\/\/i2.wp.com\/luxonomy.net\/wp-content\/uploads\/2021\/09\/MOCKUP-TODOS-LUXONOMY.jpg?fit=1000%2C515&ssl=1","contentUrl":"https:\/\/i2.wp.com\/luxonomy.net\/wp-content\/uploads\/2021\/09\/MOCKUP-TODOS-LUXONOMY.jpg?fit=1000%2C515&ssl=1","width":1000,"height":515,"caption":"LUXONOMY"},"image":{"@id":"https:\/\/luxonomy.net\/es\/#\/schema\/logo\/image\/"},"sameAs":["https:\/\/www.facebook.com\/luxonomy","https:\/\/www.instagram.com\/luxonomy\/","https:\/\/www.linkedin.com\/company\/luxonomy\/"]},{"@type":"Person","@id":"https:\/\/luxonomy.net\/es\/#\/schema\/person\/e67bcb5ec87034adece86099e3e2fc35","name":"Dara Bernardo","image":{"@type":"ImageObject","inLanguage":"es","@id":"https:\/\/luxonomy.net\/wp-content\/litespeed\/avatar\/6210219c821657e60e23828a44456840.jpg?ver=1788581693","url":"https:\/\/luxonomy.net\/wp-content\/litespeed\/avatar\/6210219c821657e60e23828a44456840.jpg?ver=1788581693","contentUrl":"https:\/\/luxonomy.net\/wp-content\/litespeed\/avatar\/6210219c821657e60e23828a44456840.jpg?ver=1788581693","caption":"Dara Bernardo"},"description":"Managing Director at LUXONOMY\u2122 Group Middle East","sameAs":["mailto:dubai@investme.capital"],"url":"https:\/\/luxonomy.net\/es\/author\/dara-bernardo\/"}]}},"jetpack_publicize_connections":[],"jetpack_shortlink":"https:\/\/wp.me\/paPhBa-axM","jetpack_sharing_enabled":true,"jetpack_featured_media_url":"https:\/\/i0.wp.com\/luxonomy.net\/wp-content\/uploads\/2023\/06\/Captura-de-pantalla-2023-06-29-a-las-12.47.30.png?fit=1344%2C758&ssl=1","_links":{"self":[{"href":"https:\/\/luxonomy.net\/es\/wp-json\/wp\/v2\/posts\/40534","targetHints":{"allow":["GET"]}}],"collection":[{"href":"https:\/\/luxonomy.net\/es\/wp-json\/wp\/v2\/posts"}],"about":[{"href":"https:\/\/luxonomy.net\/es\/wp-json\/wp\/v2\/types\/post"}],"author":[{"embeddable":true,"href":"https:\/\/luxonomy.net\/es\/wp-json\/wp\/v2\/users\/13"}],"replies":[{"embeddable":true,"href":"https:\/\/luxonomy.net\/es\/wp-json\/wp\/v2\/comments?post=40534"}],"version-history":[{"count":2,"href":"https:\/\/luxonomy.net\/es\/wp-json\/wp\/v2\/posts\/40534\/revisions"}],"predecessor-version":[{"id":40536,"href":"https:\/\/luxonomy.net\/es\/wp-json\/wp\/v2\/posts\/40534\/revisions\/40536"}],"wp:featuredmedia":[{"embeddable":true,"href":"https:\/\/luxonomy.net\/es\/wp-json\/wp\/v2\/media\/40532"}],"wp:attachment":[{"href":"https:\/\/luxonomy.net\/es\/wp-json\/wp\/v2\/media?parent=40534"}],"wp:term":[{"taxonomy":"category","embeddable":true,"href":"https:\/\/luxonomy.net\/es\/wp-json\/wp\/v2\/categories?post=40534"},{"taxonomy":"post_tag","embeddable":true,"href":"https:\/\/luxonomy.net\/es\/wp-json\/wp\/v2\/tags?post=40534"},{"taxonomy":"thb-sponsors","embeddable":true,"href":"https:\/\/luxonomy.net\/es\/wp-json\/wp\/v2\/thb-sponsors?post=40534"}],"curies":[{"name":"wp","href":"https:\/\/api.w.org\/{rel}","templated":true}]}}