{"id":35083,"date":"2023-06-21T14:46:19","date_gmt":"2023-06-21T12:46:19","guid":{"rendered":"https:\/?p=35083"},"modified":"2023-06-21T14:58:03","modified_gmt":"2023-06-21T12:58:03","slug":"hennessy-presenta-la-exposicion-cultivando-nuestros-bosques-cultivando-nuestro-futuro","status":"publish","type":"post","link":"https:\/\/luxonomy.net\/es\/hennessy-presenta-la-exposicion-cultivando-nuestros-bosques-cultivando-nuestro-futuro\/","title":{"rendered":"Hennessy presenta la exposici\u00f3n &#8220;Cultivando nuestros Bosques, Cultivando nuestro Futuro&#8221;"},"content":{"rendered":"<p><strong>La exposici\u00f3n &#8220;Cultivando nuestros Bosques, Cultivando nuestro Futuro&#8221;, abierta hasta el 9 de julio en el Jard\u00edn d&#8217;Acclimatation en Par\u00eds, destaca la importancia de los \u00e1rboles para el ecosistema global y ayuda a concienciar a los visitantes sobre la necesidad de proteger los bosques. La exhibici\u00f3n es parte del programa &#8220;Destino Bosque&#8221; de Hennessy, que tiene como objetivo regenerar 50.000 hect\u00e1reas de bosques en todo el mundo para 2030. Abierta a todos, la exposici\u00f3n est\u00e1 ilustrada con fotos de fot\u00f3grafos reconocidos de los diferentes pa\u00edses representados.<\/strong><\/p>\n<p>&#8220;Maison Hennessy se enorgullece de tener la oportunidad de albergar esta exposici\u00f3n en el Jard\u00edn d&#8217;Acclimatation para destacar el trabajo y la visi\u00f3n de los talentosos colaboradores locales que se involucran en un problema global esencial que a menudo se pasa por alto. Esta exposici\u00f3n, que est\u00e1 abierta a todos, est\u00e1 dise\u00f1ada para aumentar la conciencia entre las familias del desaf\u00edo m\u00e1s importante en nuestra historia, a saber, preservar los bosques y la biodiversidad. Estamos firmemente comprometidos a proporcionar a las futuras generaciones soluciones concretas que les ayuden a enfrentar este desaf\u00edo. \u2014 Laurent Boillot, CEO de Maison Hennessy.<\/p>\n<p>Cuatro acciones simples pero esenciales estructuran este importante programa de regeneraci\u00f3n forestal:<\/p><div id=\"luxon-2820230285\" class=\"luxon-3er-parrafo luxon-entity-placement\" style=\"margin-top: 20px;margin-bottom: 20px;margin-left: auto;margin-right: auto;text-align: center;\"><a href=\"https:\/\/luxonomy.university\/course\/master-turismo-de-lujo\" target=\"_blank\" aria-label=\"master-turismo-lujo-2026-2027\"><img loading=\"lazy\" decoding=\"async\" src=\"https:\/\/i0.wp.com\/luxonomy.net\/wp-content\/uploads\/2020\/07\/master-turismo-lujo-2026-2027.jpg?fit=1672%2C941&#038;ssl=1\" alt=\"\"  srcset=\"https:\/\/i0.wp.com\/luxonomy.net\/wp-content\/uploads\/2020\/07\/master-turismo-lujo-2026-2027.jpg?w=1672&ssl=1 1672w, https:\/\/i0.wp.com\/luxonomy.net\/wp-content\/uploads\/2020\/07\/master-turismo-lujo-2026-2027.jpg?resize=300%2C169&ssl=1 300w, https:\/\/i0.wp.com\/luxonomy.net\/wp-content\/uploads\/2020\/07\/master-turismo-lujo-2026-2027.jpg?resize=1024%2C576&ssl=1 1024w, https:\/\/i0.wp.com\/luxonomy.net\/wp-content\/uploads\/2020\/07\/master-turismo-lujo-2026-2027.jpg?resize=768%2C432&ssl=1 768w, https:\/\/i0.wp.com\/luxonomy.net\/wp-content\/uploads\/2020\/07\/master-turismo-lujo-2026-2027.jpg?resize=1536%2C864&ssl=1 1536w, https:\/\/i0.wp.com\/luxonomy.net\/wp-content\/uploads\/2020\/07\/master-turismo-lujo-2026-2027.jpg?resize=370%2C208&ssl=1 370w, https:\/\/i0.wp.com\/luxonomy.net\/wp-content\/uploads\/2020\/07\/master-turismo-lujo-2026-2027.jpg?resize=800%2C450&ssl=1 800w, https:\/\/i0.wp.com\/luxonomy.net\/wp-content\/uploads\/2020\/07\/master-turismo-lujo-2026-2027.jpg?resize=20%2C11&ssl=1 20w, https:\/\/i0.wp.com\/luxonomy.net\/wp-content\/uploads\/2020\/07\/master-turismo-lujo-2026-2027.jpg?resize=740%2C416&ssl=1 740w, https:\/\/i0.wp.com\/luxonomy.net\/wp-content\/uploads\/2020\/07\/master-turismo-lujo-2026-2027.jpg?resize=1600%2C900&ssl=1 1600w, https:\/\/i0.wp.com\/luxonomy.net\/wp-content\/uploads\/2020\/07\/master-turismo-lujo-2026-2027.jpg?resize=1200%2C675&ssl=1 1200w, https:\/\/i0.wp.com\/luxonomy.net\/wp-content\/uploads\/2020\/07\/master-turismo-lujo-2026-2027.jpg?resize=85%2C48&ssl=1 85w\" sizes=\"(max-width: 1170px) 100vw, 1170px\" class=\"no-lazyload\" width=\"1672\" height=\"941\"   \/><\/a><\/div>\n<ul>\n<li>Preparar<\/li>\n<\/ul>\n<p>El \u00e9xito de cualquier proyecto de reforestaci\u00f3n comienza con la b\u00fasqueda de un enfoque adaptado a cada paisaje y clima distintivo.<\/p>\n<ul>\n<li>Plantar<\/li>\n<\/ul>\n<p>Hennessy tiene como objetivo regenerar 50,000 hect\u00e1reas de bosques en Francia y en el resto del mundo para 2030 gracias a su programa Destino Bosque.<\/p>\n<ul>\n<li>Cultivar<\/li>\n<\/ul>\n<p>Despu\u00e9s de ser plantados, los \u00e1rboles deben ser cuidados durante varios meses para asegurar que su potencial se realice, protegerlos y asegurar su crecimiento saludable.<\/p>\n<ul>\n<li>Transmitir<\/li>\n<\/ul>\n<p>Dentro del marco del programa Destino Bosque, se capacita a las poblaciones locales para cuidar los \u00e1rboles plantados y se inician programas de concienciaci\u00f3n para compartir y transmitir una s\u00f3lida cultura de preservaci\u00f3n forestal<\/p><div id=\"luxon-857054243\" class=\"luxon-7-parrafo luxon-entity-placement\" style=\"margin-top: 20px;margin-bottom: 20px;margin-left: auto;margin-right: auto;text-align: center;\"><a href=\"https:\/\/theintelligence.institute\/course\/inteligencia-artificial-para-directivos\" target=\"_blank\" aria-label=\"CSIAD_empresas_THEI_horizontal_4x3_v5\"><img loading=\"lazy\" decoding=\"async\" src=\"https:\/\/i0.wp.com\/luxonomy.net\/wp-content\/uploads\/2025\/08\/CSIAD_empresas_THEI_horizontal_4x3_v5.png?fit=2000%2C1500&#038;ssl=1\" alt=\"\"  srcset=\"https:\/\/i0.wp.com\/luxonomy.net\/wp-content\/uploads\/2025\/08\/CSIAD_empresas_THEI_horizontal_4x3_v5.png?w=2000&ssl=1 2000w, https:\/\/i0.wp.com\/luxonomy.net\/wp-content\/uploads\/2025\/08\/CSIAD_empresas_THEI_horizontal_4x3_v5.png?resize=300%2C225&ssl=1 300w, https:\/\/i0.wp.com\/luxonomy.net\/wp-content\/uploads\/2025\/08\/CSIAD_empresas_THEI_horizontal_4x3_v5.png?resize=1024%2C768&ssl=1 1024w, https:\/\/i0.wp.com\/luxonomy.net\/wp-content\/uploads\/2025\/08\/CSIAD_empresas_THEI_horizontal_4x3_v5.png?resize=768%2C576&ssl=1 768w, https:\/\/i0.wp.com\/luxonomy.net\/wp-content\/uploads\/2025\/08\/CSIAD_empresas_THEI_horizontal_4x3_v5.png?resize=1536%2C1152&ssl=1 1536w, https:\/\/i0.wp.com\/luxonomy.net\/wp-content\/uploads\/2025\/08\/CSIAD_empresas_THEI_horizontal_4x3_v5.png?resize=370%2C278&ssl=1 370w, https:\/\/i0.wp.com\/luxonomy.net\/wp-content\/uploads\/2025\/08\/CSIAD_empresas_THEI_horizontal_4x3_v5.png?resize=800%2C600&ssl=1 800w, https:\/\/i0.wp.com\/luxonomy.net\/wp-content\/uploads\/2025\/08\/CSIAD_empresas_THEI_horizontal_4x3_v5.png?resize=20%2C15&ssl=1 20w, https:\/\/i0.wp.com\/luxonomy.net\/wp-content\/uploads\/2025\/08\/CSIAD_empresas_THEI_horizontal_4x3_v5.png?resize=740%2C555&ssl=1 740w, https:\/\/i0.wp.com\/luxonomy.net\/wp-content\/uploads\/2025\/08\/CSIAD_empresas_THEI_horizontal_4x3_v5.png?resize=1600%2C1200&ssl=1 1600w, https:\/\/i0.wp.com\/luxonomy.net\/wp-content\/uploads\/2025\/08\/CSIAD_empresas_THEI_horizontal_4x3_v5.png?resize=1200%2C900&ssl=1 1200w, https:\/\/i0.wp.com\/luxonomy.net\/wp-content\/uploads\/2025\/08\/CSIAD_empresas_THEI_horizontal_4x3_v5.png?resize=64%2C48&ssl=1 64w\" sizes=\"(max-width: 1170px) 100vw, 1170px\" class=\"no-lazyload\" width=\"2000\" height=\"1500\"   \/><\/a><\/div>\n","protected":false},"excerpt":{"rendered":"<p>La exposici\u00f3n &#8220;Cultivando nuestros Bosques, Cultivando nuestro Futuro&#8221;, abierta hasta el 9 de julio en el Jard\u00edn d&#8217;Acclimatation en Par\u00eds, destaca la importancia de los \u00e1rboles para el ecosistema global y ayuda a concienciar a los visitantes sobre la necesidad de proteger los bosques. La exhibici\u00f3n es parte del programa &#8220;Destino Bosque&#8221; de Hennessy, que&hellip;<\/p>\n","protected":false},"author":10,"featured_media":35081,"comment_status":"open","ping_status":"open","sticky":false,"template":"","format":"standard","meta":{"_jetpack_newsletter_access":"","_jetpack_dont_email_post_to_subs":false,"_jetpack_newsletter_tier_id":0,"_jetpack_memberships_contains_paywalled_content":false,"_jetpack_feature_clip_id":0,"_jetpack_memberships_contains_paid_content":false,"footnotes":"","jetpack_publicize_message":"","jetpack_publicize_feature_enabled":true,"jetpack_social_post_already_shared":true,"jetpack_social_options":{"image_generator_settings":{"template":"edge","default_image_id":0,"font":"","enabled":false},"version":2},"jetpack_post_was_ever_published":false},"categories":[227,688],"tags":[1502,796,1013],"thb-sponsors":[],"class_list":["post-35083","post","type-post","status-publish","format-standard","has-post-thumbnail","hentry","category-eventos","category-sostenibilidad","tag-forest-destination","tag-hennessy","tag-jardin-dacclimatation"],"yoast_head":"<!-- This site is optimized with the Yoast SEO plugin v28.4 - https:\/\/yoast.com\/product\/yoast-seo-wordpress\/ -->\n<title>Hennessy presenta la exposici\u00f3n &quot;Cultivando nuestros Bosques, Cultivando nuestro Futuro&quot; | LUXONOMY<\/title>\n<meta name=\"robots\" content=\"index, follow, max-snippet:-1, max-image-preview:large, max-video-preview:-1\" \/>\n<link rel=\"canonical\" href=\"https:\/\/luxonomy.net\/es\/hennessy-presenta-la-exposicion-cultivando-nuestros-bosques-cultivando-nuestro-futuro\/\" \/>\n<meta property=\"og:locale\" content=\"es_ES\" \/>\n<meta property=\"og:type\" content=\"article\" \/>\n<meta property=\"og:title\" content=\"Hennessy presenta la exposici\u00f3n &quot;Cultivando nuestros Bosques, Cultivando nuestro Futuro&quot; | LUXONOMY\" \/>\n<meta property=\"og:description\" content=\"La exposici\u00f3n &#8220;Cultivando nuestros Bosques, Cultivando nuestro Futuro&#8221;, abierta hasta el 9 de julio en el Jard\u00edn d&#8217;Acclimatation en Par\u00eds, destaca la importancia de los \u00e1rboles para el ecosistema global y ayuda a concienciar a los visitantes sobre la necesidad de proteger los bosques. La exhibici\u00f3n es parte del programa &#8220;Destino Bosque&#8221; de Hennessy, que&hellip;\" \/>\n<meta property=\"og:url\" content=\"https:\/\/luxonomy.net\/es\/hennessy-presenta-la-exposicion-cultivando-nuestros-bosques-cultivando-nuestro-futuro\/\" \/>\n<meta property=\"og:site_name\" content=\"LUXONOMY\" \/>\n<meta property=\"article:publisher\" content=\"https:\/\/www.facebook.com\/luxonomy\" \/>\n<meta property=\"article:published_time\" content=\"2023-06-21T12:46:19+00:00\" \/>\n<meta property=\"article:modified_time\" content=\"2023-06-21T12:58:03+00:00\" \/>\n<meta property=\"og:image\" content=\"https:\/\/luxonomy.net\/wp-content\/uploads\/2023\/06\/Hennessy-presents-Cultivating-our-Forests-Cultivating-our-Future-exhibition-promoting-reforestation-at-the-Jardin-dAcclimatation-in-Paris-1024x563.png\" \/>\n\t<meta property=\"og:image:width\" content=\"1024\" \/>\n\t<meta property=\"og:image:height\" content=\"563\" \/>\n\t<meta property=\"og:image:type\" content=\"image\/png\" \/>\n<meta name=\"author\" content=\"Chiara Gabardi\" \/>\n<meta name=\"twitter:card\" content=\"summary_large_image\" \/>\n<meta name=\"twitter:label1\" content=\"Escrito por\" \/>\n\t<meta name=\"twitter:data1\" content=\"Chiara Gabardi\" \/>\n\t<meta name=\"twitter:label2\" content=\"Tiempo de lectura\" \/>\n\t<meta name=\"twitter:data2\" content=\"2 minutos\" \/>\n<script type=\"application\/ld+json\" class=\"yoast-schema-graph\">{\"@context\":\"https:\\\/\\\/schema.org\",\"@graph\":[{\"@type\":\"Article\",\"@id\":\"https:\\\/\\\/luxonomy.net\\\/es\\\/hennessy-presenta-la-exposicion-cultivando-nuestros-bosques-cultivando-nuestro-futuro\\\/#article\",\"isPartOf\":{\"@id\":\"https:\\\/\\\/luxonomy.net\\\/es\\\/hennessy-presenta-la-exposicion-cultivando-nuestros-bosques-cultivando-nuestro-futuro\\\/\"},\"author\":{\"name\":\"Chiara Gabardi\",\"@id\":\"https:\\\/\\\/luxonomy.net\\\/es\\\/#\\\/schema\\\/person\\\/9d526ffe93a0cc9cecc91760f49da3ef\"},\"headline\":\"Hennessy presenta la exposici\u00f3n &#8220;Cultivando nuestros Bosques, Cultivando nuestro Futuro&#8221;\",\"datePublished\":\"2023-06-21T12:46:19+00:00\",\"dateModified\":\"2023-06-21T12:58:03+00:00\",\"mainEntityOfPage\":{\"@id\":\"https:\\\/\\\/luxonomy.net\\\/es\\\/hennessy-presenta-la-exposicion-cultivando-nuestros-bosques-cultivando-nuestro-futuro\\\/\"},\"wordCount\":337,\"commentCount\":0,\"publisher\":{\"@id\":\"https:\\\/\\\/luxonomy.net\\\/es\\\/#organization\"},\"image\":{\"@id\":\"https:\\\/\\\/luxonomy.net\\\/es\\\/hennessy-presenta-la-exposicion-cultivando-nuestros-bosques-cultivando-nuestro-futuro\\\/#primaryimage\"},\"thumbnailUrl\":\"https:\\\/\\\/i0.wp.com\\\/luxonomy.net\\\/wp-content\\\/uploads\\\/2023\\\/06\\\/Hennessy-presents-Cultivating-our-Forests-Cultivating-our-Future-exhibition-promoting-reforestation-at-the-Jardin-dAcclimatation-in-Paris.png?fit=2000%2C1100&ssl=1\",\"keywords\":[\"Forest Destination\",\"Hennessy\",\"Jardin d'Acclimatation\"],\"articleSection\":[\"Eventos\",\"Sostenibilidad\"],\"inLanguage\":\"es\",\"potentialAction\":[{\"@type\":\"CommentAction\",\"name\":\"Comment\",\"target\":[\"https:\\\/\\\/luxonomy.net\\\/es\\\/hennessy-presenta-la-exposicion-cultivando-nuestros-bosques-cultivando-nuestro-futuro\\\/#respond\"]}]},{\"@type\":\"WebPage\",\"@id\":\"https:\\\/\\\/luxonomy.net\\\/es\\\/hennessy-presenta-la-exposicion-cultivando-nuestros-bosques-cultivando-nuestro-futuro\\\/\",\"url\":\"https:\\\/\\\/luxonomy.net\\\/es\\\/hennessy-presenta-la-exposicion-cultivando-nuestros-bosques-cultivando-nuestro-futuro\\\/\",\"name\":\"Hennessy presenta la exposici\u00f3n \\\"Cultivando nuestros Bosques, Cultivando nuestro Futuro\\\" | LUXONOMY\",\"isPartOf\":{\"@id\":\"https:\\\/\\\/luxonomy.net\\\/es\\\/#website\"},\"primaryImageOfPage\":{\"@id\":\"https:\\\/\\\/luxonomy.net\\\/es\\\/hennessy-presenta-la-exposicion-cultivando-nuestros-bosques-cultivando-nuestro-futuro\\\/#primaryimage\"},\"image\":{\"@id\":\"https:\\\/\\\/luxonomy.net\\\/es\\\/hennessy-presenta-la-exposicion-cultivando-nuestros-bosques-cultivando-nuestro-futuro\\\/#primaryimage\"},\"thumbnailUrl\":\"https:\\\/\\\/i0.wp.com\\\/luxonomy.net\\\/wp-content\\\/uploads\\\/2023\\\/06\\\/Hennessy-presents-Cultivating-our-Forests-Cultivating-our-Future-exhibition-promoting-reforestation-at-the-Jardin-dAcclimatation-in-Paris.png?fit=2000%2C1100&ssl=1\",\"datePublished\":\"2023-06-21T12:46:19+00:00\",\"dateModified\":\"2023-06-21T12:58:03+00:00\",\"breadcrumb\":{\"@id\":\"https:\\\/\\\/luxonomy.net\\\/es\\\/hennessy-presenta-la-exposicion-cultivando-nuestros-bosques-cultivando-nuestro-futuro\\\/#breadcrumb\"},\"inLanguage\":\"es\",\"potentialAction\":[{\"@type\":\"ReadAction\",\"target\":[\"https:\\\/\\\/luxonomy.net\\\/es\\\/hennessy-presenta-la-exposicion-cultivando-nuestros-bosques-cultivando-nuestro-futuro\\\/\"]}]},{\"@type\":\"ImageObject\",\"inLanguage\":\"es\",\"@id\":\"https:\\\/\\\/luxonomy.net\\\/es\\\/hennessy-presenta-la-exposicion-cultivando-nuestros-bosques-cultivando-nuestro-futuro\\\/#primaryimage\",\"url\":\"https:\\\/\\\/i0.wp.com\\\/luxonomy.net\\\/wp-content\\\/uploads\\\/2023\\\/06\\\/Hennessy-presents-Cultivating-our-Forests-Cultivating-our-Future-exhibition-promoting-reforestation-at-the-Jardin-dAcclimatation-in-Paris.png?fit=2000%2C1100&ssl=1\",\"contentUrl\":\"https:\\\/\\\/i0.wp.com\\\/luxonomy.net\\\/wp-content\\\/uploads\\\/2023\\\/06\\\/Hennessy-presents-Cultivating-our-Forests-Cultivating-our-Future-exhibition-promoting-reforestation-at-the-Jardin-dAcclimatation-in-Paris.png?fit=2000%2C1100&ssl=1\",\"width\":2000,\"height\":1100},{\"@type\":\"BreadcrumbList\",\"@id\":\"https:\\\/\\\/luxonomy.net\\\/es\\\/hennessy-presenta-la-exposicion-cultivando-nuestros-bosques-cultivando-nuestro-futuro\\\/#breadcrumb\",\"itemListElement\":[{\"@type\":\"ListItem\",\"position\":1,\"name\":\"Portada\",\"item\":\"https:\\\/\\\/luxonomy.net\\\/es\\\/\"},{\"@type\":\"ListItem\",\"position\":2,\"name\":\"Hennessy presenta la exposici\u00f3n &#8220;Cultivando nuestros Bosques, Cultivando nuestro Futuro&#8221;\"}]},{\"@type\":\"WebSite\",\"@id\":\"https:\\\/\\\/luxonomy.net\\\/es\\\/#website\",\"url\":\"https:\\\/\\\/luxonomy.net\\\/es\\\/\",\"name\":\"LUXONOMY\",\"description\":\"The Economy of Fashion &amp; Luxury\",\"publisher\":{\"@id\":\"https:\\\/\\\/luxonomy.net\\\/es\\\/#organization\"},\"potentialAction\":[{\"@type\":\"SearchAction\",\"target\":{\"@type\":\"EntryPoint\",\"urlTemplate\":\"https:\\\/\\\/luxonomy.net\\\/es\\\/?s={search_term_string}\"},\"query-input\":{\"@type\":\"PropertyValueSpecification\",\"valueRequired\":true,\"valueName\":\"search_term_string\"}}],\"inLanguage\":\"es\"},{\"@type\":\"Organization\",\"@id\":\"https:\\\/\\\/luxonomy.net\\\/es\\\/#organization\",\"name\":\"LUXONOMY\",\"url\":\"https:\\\/\\\/luxonomy.net\\\/es\\\/\",\"logo\":{\"@type\":\"ImageObject\",\"inLanguage\":\"es\",\"@id\":\"https:\\\/\\\/luxonomy.net\\\/es\\\/#\\\/schema\\\/logo\\\/image\\\/\",\"url\":\"https:\\\/\\\/i2.wp.com\\\/luxonomy.net\\\/wp-content\\\/uploads\\\/2021\\\/09\\\/MOCKUP-TODOS-LUXONOMY.jpg?fit=1000%2C515&ssl=1\",\"contentUrl\":\"https:\\\/\\\/i2.wp.com\\\/luxonomy.net\\\/wp-content\\\/uploads\\\/2021\\\/09\\\/MOCKUP-TODOS-LUXONOMY.jpg?fit=1000%2C515&ssl=1\",\"width\":1000,\"height\":515,\"caption\":\"LUXONOMY\"},\"image\":{\"@id\":\"https:\\\/\\\/luxonomy.net\\\/es\\\/#\\\/schema\\\/logo\\\/image\\\/\"},\"sameAs\":[\"https:\\\/\\\/www.facebook.com\\\/luxonomy\",\"https:\\\/\\\/www.instagram.com\\\/luxonomy\\\/\",\"https:\\\/\\\/www.linkedin.com\\\/company\\\/luxonomy\\\/\"]},{\"@type\":\"Person\",\"@id\":\"https:\\\/\\\/luxonomy.net\\\/es\\\/#\\\/schema\\\/person\\\/9d526ffe93a0cc9cecc91760f49da3ef\",\"name\":\"Chiara Gabardi\",\"image\":{\"@type\":\"ImageObject\",\"inLanguage\":\"es\",\"@id\":\"https:\\\/\\\/luxonomy.net\\\/wp-content\\\/litespeed\\\/avatar\\\/548640c4e2c34544e66c65ab1641a5d7.jpg?ver=1787976300\",\"url\":\"https:\\\/\\\/luxonomy.net\\\/wp-content\\\/litespeed\\\/avatar\\\/548640c4e2c34544e66c65ab1641a5d7.jpg?ver=1787976300\",\"contentUrl\":\"https:\\\/\\\/luxonomy.net\\\/wp-content\\\/litespeed\\\/avatar\\\/548640c4e2c34544e66c65ab1641a5d7.jpg?ver=1787976300\",\"caption\":\"Chiara Gabardi\"},\"description\":\"Editor at LUXONOMY\u2122 Group\",\"url\":\"https:\\\/\\\/luxonomy.net\\\/es\\\/author\\\/chiara-gabardi\\\/\"}]}<\/script>\n<!-- \/ Yoast SEO plugin. -->","yoast_head_json":{"title":"Hennessy presenta la exposici\u00f3n \"Cultivando nuestros Bosques, Cultivando nuestro Futuro\" | LUXONOMY","robots":{"index":"index","follow":"follow","max-snippet":"max-snippet:-1","max-image-preview":"max-image-preview:large","max-video-preview":"max-video-preview:-1"},"canonical":"https:\/\/luxonomy.net\/es\/hennessy-presenta-la-exposicion-cultivando-nuestros-bosques-cultivando-nuestro-futuro\/","og_locale":"es_ES","og_type":"article","og_title":"Hennessy presenta la exposici\u00f3n \"Cultivando nuestros Bosques, Cultivando nuestro Futuro\" | LUXONOMY","og_description":"La exposici\u00f3n &#8220;Cultivando nuestros Bosques, Cultivando nuestro Futuro&#8221;, abierta hasta el 9 de julio en el Jard\u00edn d&#8217;Acclimatation en Par\u00eds, destaca la importancia de los \u00e1rboles para el ecosistema global y ayuda a concienciar a los visitantes sobre la necesidad de proteger los bosques. La exhibici\u00f3n es parte del programa &#8220;Destino Bosque&#8221; de Hennessy, que&hellip;","og_url":"https:\/\/luxonomy.net\/es\/hennessy-presenta-la-exposicion-cultivando-nuestros-bosques-cultivando-nuestro-futuro\/","og_site_name":"LUXONOMY","article_publisher":"https:\/\/www.facebook.com\/luxonomy","article_published_time":"2023-06-21T12:46:19+00:00","article_modified_time":"2023-06-21T12:58:03+00:00","og_image":[{"width":1024,"height":563,"url":"https:\/\/luxonomy.net\/wp-content\/uploads\/2023\/06\/Hennessy-presents-Cultivating-our-Forests-Cultivating-our-Future-exhibition-promoting-reforestation-at-the-Jardin-dAcclimatation-in-Paris-1024x563.png","type":"image\/png"}],"author":"Chiara Gabardi","twitter_card":"summary_large_image","twitter_misc":{"Escrito por":"Chiara Gabardi","Tiempo de lectura":"2 minutos"},"schema":{"@context":"https:\/\/schema.org","@graph":[{"@type":"Article","@id":"https:\/\/luxonomy.net\/es\/hennessy-presenta-la-exposicion-cultivando-nuestros-bosques-cultivando-nuestro-futuro\/#article","isPartOf":{"@id":"https:\/\/luxonomy.net\/es\/hennessy-presenta-la-exposicion-cultivando-nuestros-bosques-cultivando-nuestro-futuro\/"},"author":{"name":"Chiara Gabardi","@id":"https:\/\/luxonomy.net\/es\/#\/schema\/person\/9d526ffe93a0cc9cecc91760f49da3ef"},"headline":"Hennessy presenta la exposici\u00f3n &#8220;Cultivando nuestros Bosques, Cultivando nuestro Futuro&#8221;","datePublished":"2023-06-21T12:46:19+00:00","dateModified":"2023-06-21T12:58:03+00:00","mainEntityOfPage":{"@id":"https:\/\/luxonomy.net\/es\/hennessy-presenta-la-exposicion-cultivando-nuestros-bosques-cultivando-nuestro-futuro\/"},"wordCount":337,"commentCount":0,"publisher":{"@id":"https:\/\/luxonomy.net\/es\/#organization"},"image":{"@id":"https:\/\/luxonomy.net\/es\/hennessy-presenta-la-exposicion-cultivando-nuestros-bosques-cultivando-nuestro-futuro\/#primaryimage"},"thumbnailUrl":"https:\/\/i0.wp.com\/luxonomy.net\/wp-content\/uploads\/2023\/06\/Hennessy-presents-Cultivating-our-Forests-Cultivating-our-Future-exhibition-promoting-reforestation-at-the-Jardin-dAcclimatation-in-Paris.png?fit=2000%2C1100&ssl=1","keywords":["Forest Destination","Hennessy","Jardin d'Acclimatation"],"articleSection":["Eventos","Sostenibilidad"],"inLanguage":"es","potentialAction":[{"@type":"CommentAction","name":"Comment","target":["https:\/\/luxonomy.net\/es\/hennessy-presenta-la-exposicion-cultivando-nuestros-bosques-cultivando-nuestro-futuro\/#respond"]}]},{"@type":"WebPage","@id":"https:\/\/luxonomy.net\/es\/hennessy-presenta-la-exposicion-cultivando-nuestros-bosques-cultivando-nuestro-futuro\/","url":"https:\/\/luxonomy.net\/es\/hennessy-presenta-la-exposicion-cultivando-nuestros-bosques-cultivando-nuestro-futuro\/","name":"Hennessy presenta la exposici\u00f3n \"Cultivando nuestros Bosques, Cultivando nuestro Futuro\" | LUXONOMY","isPartOf":{"@id":"https:\/\/luxonomy.net\/es\/#website"},"primaryImageOfPage":{"@id":"https:\/\/luxonomy.net\/es\/hennessy-presenta-la-exposicion-cultivando-nuestros-bosques-cultivando-nuestro-futuro\/#primaryimage"},"image":{"@id":"https:\/\/luxonomy.net\/es\/hennessy-presenta-la-exposicion-cultivando-nuestros-bosques-cultivando-nuestro-futuro\/#primaryimage"},"thumbnailUrl":"https:\/\/i0.wp.com\/luxonomy.net\/wp-content\/uploads\/2023\/06\/Hennessy-presents-Cultivating-our-Forests-Cultivating-our-Future-exhibition-promoting-reforestation-at-the-Jardin-dAcclimatation-in-Paris.png?fit=2000%2C1100&ssl=1","datePublished":"2023-06-21T12:46:19+00:00","dateModified":"2023-06-21T12:58:03+00:00","breadcrumb":{"@id":"https:\/\/luxonomy.net\/es\/hennessy-presenta-la-exposicion-cultivando-nuestros-bosques-cultivando-nuestro-futuro\/#breadcrumb"},"inLanguage":"es","potentialAction":[{"@type":"ReadAction","target":["https:\/\/luxonomy.net\/es\/hennessy-presenta-la-exposicion-cultivando-nuestros-bosques-cultivando-nuestro-futuro\/"]}]},{"@type":"ImageObject","inLanguage":"es","@id":"https:\/\/luxonomy.net\/es\/hennessy-presenta-la-exposicion-cultivando-nuestros-bosques-cultivando-nuestro-futuro\/#primaryimage","url":"https:\/\/i0.wp.com\/luxonomy.net\/wp-content\/uploads\/2023\/06\/Hennessy-presents-Cultivating-our-Forests-Cultivating-our-Future-exhibition-promoting-reforestation-at-the-Jardin-dAcclimatation-in-Paris.png?fit=2000%2C1100&ssl=1","contentUrl":"https:\/\/i0.wp.com\/luxonomy.net\/wp-content\/uploads\/2023\/06\/Hennessy-presents-Cultivating-our-Forests-Cultivating-our-Future-exhibition-promoting-reforestation-at-the-Jardin-dAcclimatation-in-Paris.png?fit=2000%2C1100&ssl=1","width":2000,"height":1100},{"@type":"BreadcrumbList","@id":"https:\/\/luxonomy.net\/es\/hennessy-presenta-la-exposicion-cultivando-nuestros-bosques-cultivando-nuestro-futuro\/#breadcrumb","itemListElement":[{"@type":"ListItem","position":1,"name":"Portada","item":"https:\/\/luxonomy.net\/es\/"},{"@type":"ListItem","position":2,"name":"Hennessy presenta la exposici\u00f3n &#8220;Cultivando nuestros Bosques, Cultivando nuestro Futuro&#8221;"}]},{"@type":"WebSite","@id":"https:\/\/luxonomy.net\/es\/#website","url":"https:\/\/luxonomy.net\/es\/","name":"LUXONOMY","description":"The Economy of Fashion &amp; Luxury","publisher":{"@id":"https:\/\/luxonomy.net\/es\/#organization"},"potentialAction":[{"@type":"SearchAction","target":{"@type":"EntryPoint","urlTemplate":"https:\/\/luxonomy.net\/es\/?s={search_term_string}"},"query-input":{"@type":"PropertyValueSpecification","valueRequired":true,"valueName":"search_term_string"}}],"inLanguage":"es"},{"@type":"Organization","@id":"https:\/\/luxonomy.net\/es\/#organization","name":"LUXONOMY","url":"https:\/\/luxonomy.net\/es\/","logo":{"@type":"ImageObject","inLanguage":"es","@id":"https:\/\/luxonomy.net\/es\/#\/schema\/logo\/image\/","url":"https:\/\/i2.wp.com\/luxonomy.net\/wp-content\/uploads\/2021\/09\/MOCKUP-TODOS-LUXONOMY.jpg?fit=1000%2C515&ssl=1","contentUrl":"https:\/\/i2.wp.com\/luxonomy.net\/wp-content\/uploads\/2021\/09\/MOCKUP-TODOS-LUXONOMY.jpg?fit=1000%2C515&ssl=1","width":1000,"height":515,"caption":"LUXONOMY"},"image":{"@id":"https:\/\/luxonomy.net\/es\/#\/schema\/logo\/image\/"},"sameAs":["https:\/\/www.facebook.com\/luxonomy","https:\/\/www.instagram.com\/luxonomy\/","https:\/\/www.linkedin.com\/company\/luxonomy\/"]},{"@type":"Person","@id":"https:\/\/luxonomy.net\/es\/#\/schema\/person\/9d526ffe93a0cc9cecc91760f49da3ef","name":"Chiara Gabardi","image":{"@type":"ImageObject","inLanguage":"es","@id":"https:\/\/luxonomy.net\/wp-content\/litespeed\/avatar\/548640c4e2c34544e66c65ab1641a5d7.jpg?ver=1787976300","url":"https:\/\/luxonomy.net\/wp-content\/litespeed\/avatar\/548640c4e2c34544e66c65ab1641a5d7.jpg?ver=1787976300","contentUrl":"https:\/\/luxonomy.net\/wp-content\/litespeed\/avatar\/548640c4e2c34544e66c65ab1641a5d7.jpg?ver=1787976300","caption":"Chiara Gabardi"},"description":"Editor at LUXONOMY\u2122 Group","url":"https:\/\/luxonomy.net\/es\/author\/chiara-gabardi\/"}]}},"jetpack_publicize_connections":[],"jetpack_shortlink":"https:\/\/wp.me\/paPhBa-97R","jetpack_sharing_enabled":true,"jetpack_featured_media_url":"https:\/\/i0.wp.com\/luxonomy.net\/wp-content\/uploads\/2023\/06\/Hennessy-presents-Cultivating-our-Forests-Cultivating-our-Future-exhibition-promoting-reforestation-at-the-Jardin-dAcclimatation-in-Paris.png?fit=2000%2C1100&ssl=1","_links":{"self":[{"href":"https:\/\/luxonomy.net\/es\/wp-json\/wp\/v2\/posts\/35083","targetHints":{"allow":["GET"]}}],"collection":[{"href":"https:\/\/luxonomy.net\/es\/wp-json\/wp\/v2\/posts"}],"about":[{"href":"https:\/\/luxonomy.net\/es\/wp-json\/wp\/v2\/types\/post"}],"author":[{"embeddable":true,"href":"https:\/\/luxonomy.net\/es\/wp-json\/wp\/v2\/users\/10"}],"replies":[{"embeddable":true,"href":"https:\/\/luxonomy.net\/es\/wp-json\/wp\/v2\/comments?post=35083"}],"version-history":[{"count":3,"href":"https:\/\/luxonomy.net\/es\/wp-json\/wp\/v2\/posts\/35083\/revisions"}],"predecessor-version":[{"id":35086,"href":"https:\/\/luxonomy.net\/es\/wp-json\/wp\/v2\/posts\/35083\/revisions\/35086"}],"wp:featuredmedia":[{"embeddable":true,"href":"https:\/\/luxonomy.net\/es\/wp-json\/wp\/v2\/media\/35081"}],"wp:attachment":[{"href":"https:\/\/luxonomy.net\/es\/wp-json\/wp\/v2\/media?parent=35083"}],"wp:term":[{"taxonomy":"category","embeddable":true,"href":"https:\/\/luxonomy.net\/es\/wp-json\/wp\/v2\/categories?post=35083"},{"taxonomy":"post_tag","embeddable":true,"href":"https:\/\/luxonomy.net\/es\/wp-json\/wp\/v2\/tags?post=35083"},{"taxonomy":"thb-sponsors","embeddable":true,"href":"https:\/\/luxonomy.net\/es\/wp-json\/wp\/v2\/thb-sponsors?post=35083"}],"curies":[{"name":"wp","href":"https:\/\/api.w.org\/{rel}","templated":true}]}}