{"id":35076,"date":"2023-06-21T12:38:49","date_gmt":"2023-06-21T10:38:49","guid":{"rendered":"https:\/?p=35076"},"modified":"2023-06-21T12:44:01","modified_gmt":"2023-06-21T10:44:01","slug":"desfile-de-moda-de-primavera-verano-2024-de-louis-vuitton-para-hombres-presentado-por-pharrell-williams-en-paris","status":"publish","type":"post","link":"https:\/\/luxonomy.net\/es\/desfile-de-moda-de-primavera-verano-2024-de-louis-vuitton-para-hombres-presentado-por-pharrell-williams-en-paris\/","title":{"rendered":"Desfile de moda de primavera-verano 2024 de Louis Vuitton para hombres, presentado por Pharrell Williams en Par\u00eds"},"content":{"rendered":"<p>Desfile de primavera-verano 2024 para hombres. Presentado con una m\u00fasica producida por Pharrell Williams, el show de debut del Director Creativo para hombres present\u00f3 una gran variedad de colores vivos y motivos cautivadores, exaltando los emblemas de la Maison.<\/p>\n","protected":false},"excerpt":{"rendered":"<p>Desfile de primavera-verano 2024 para hombres. Presentado con una m\u00fasica producida por Pharrell Williams, el show de debut del Director Creativo para hombres present\u00f3 una gran variedad de colores vivos y motivos cautivadores, exaltando los emblemas de la Maison.<\/p>\n","protected":false},"author":11,"featured_media":35074,"comment_status":"open","ping_status":"open","sticky":false,"template":"","format":"video","meta":{"_jetpack_newsletter_access":"","_jetpack_dont_email_post_to_subs":false,"_jetpack_newsletter_tier_id":0,"_jetpack_memberships_contains_paywalled_content":false,"_jetpack_feature_clip_id":0,"_jetpack_memberships_contains_paid_content":false,"footnotes":"","jetpack_publicize_message":"","jetpack_publicize_feature_enabled":true,"jetpack_social_post_already_shared":true,"jetpack_social_options":{"image_generator_settings":{"template":"edge","default_image_id":0,"font":"","enabled":false},"version":2},"jetpack_post_was_ever_published":false},"categories":[227,799,534],"tags":[5675,5678,5677,660,1014,1015,5676],"thb-sponsors":[],"class_list":["post-35076","post","type-post","status-publish","format-video","has-post-thumbnail","hentry","category-eventos","category-luxonomy-tv","category-moda","tag-desfile-de-moda","tag-director-creativo","tag-hombres","tag-louis-vuitton","tag-paris","tag-pharrell-williams","tag-primavera-verano-2024","post_format-post-format-video"],"yoast_head":"<!-- This site is optimized with the Yoast SEO plugin v28.4 - https:\/\/yoast.com\/product\/yoast-seo-wordpress\/ -->\n<title>Desfile de moda de primavera-verano 2024 de Louis Vuitton para hombres, presentado por Pharrell Williams en Par\u00eds | LUXONOMY<\/title>\n<meta name=\"robots\" content=\"index, follow, max-snippet:-1, max-image-preview:large, max-video-preview:-1\" \/>\n<link rel=\"canonical\" href=\"https:\/\/luxonomy.net\/es\/desfile-de-moda-de-primavera-verano-2024-de-louis-vuitton-para-hombres-presentado-por-pharrell-williams-en-paris\/\" \/>\n<meta property=\"og:locale\" content=\"es_ES\" \/>\n<meta property=\"og:type\" content=\"article\" \/>\n<meta property=\"og:title\" content=\"Desfile de moda de primavera-verano 2024 de Louis Vuitton para hombres, presentado por Pharrell Williams en Par\u00eds | LUXONOMY\" \/>\n<meta property=\"og:description\" content=\"Desfile de primavera-verano 2024 para hombres. Presentado con una m\u00fasica producida por Pharrell Williams, el show de debut del Director Creativo para hombres present\u00f3 una gran variedad de colores vivos y motivos cautivadores, exaltando los emblemas de la Maison.\" \/>\n<meta property=\"og:url\" content=\"https:\/\/luxonomy.net\/es\/desfile-de-moda-de-primavera-verano-2024-de-louis-vuitton-para-hombres-presentado-por-pharrell-williams-en-paris\/\" \/>\n<meta property=\"og:site_name\" content=\"LUXONOMY\" \/>\n<meta property=\"article:publisher\" content=\"https:\/\/www.facebook.com\/luxonomy\" \/>\n<meta property=\"article:published_time\" content=\"2023-06-21T10:38:49+00:00\" \/>\n<meta property=\"article:modified_time\" content=\"2023-06-21T10:44:01+00:00\" \/>\n<meta property=\"og:image\" content=\"https:\/\/i0.wp.com\/luxonomy.net\/wp-content\/uploads\/2023\/06\/pharrell-williams-lv-show.jpg?fit=1500%2C1001&quality=89&ssl=1\" \/>\n\t<meta property=\"og:image:width\" content=\"1500\" \/>\n\t<meta property=\"og:image:height\" content=\"1001\" \/>\n\t<meta property=\"og:image:type\" content=\"image\/jpeg\" \/>\n<meta name=\"author\" content=\"Kristi Ellis\" \/>\n<meta name=\"twitter:card\" content=\"summary_large_image\" \/>\n<meta name=\"twitter:label1\" content=\"Escrito por\" \/>\n\t<meta name=\"twitter:data1\" content=\"Kristi Ellis\" \/>\n\t<meta name=\"twitter:label2\" content=\"Tiempo de lectura\" \/>\n\t<meta name=\"twitter:data2\" content=\"1 minuto\" \/>\n<script type=\"application\/ld+json\" class=\"yoast-schema-graph\">{\"@context\":\"https:\\\/\\\/schema.org\",\"@graph\":[{\"@type\":\"Article\",\"@id\":\"https:\\\/\\\/luxonomy.net\\\/es\\\/desfile-de-moda-de-primavera-verano-2024-de-louis-vuitton-para-hombres-presentado-por-pharrell-williams-en-paris\\\/#article\",\"isPartOf\":{\"@id\":\"https:\\\/\\\/luxonomy.net\\\/es\\\/desfile-de-moda-de-primavera-verano-2024-de-louis-vuitton-para-hombres-presentado-por-pharrell-williams-en-paris\\\/\"},\"author\":{\"name\":\"Kristi Ellis\",\"@id\":\"https:\\\/\\\/luxonomy.net\\\/es\\\/#\\\/schema\\\/person\\\/1a813e5ec518f582af236d6344aa6c01\"},\"headline\":\"Desfile de moda de primavera-verano 2024 de Louis Vuitton para hombres, presentado por Pharrell Williams en Par\u00eds\",\"datePublished\":\"2023-06-21T10:38:49+00:00\",\"dateModified\":\"2023-06-21T10:44:01+00:00\",\"mainEntityOfPage\":{\"@id\":\"https:\\\/\\\/luxonomy.net\\\/es\\\/desfile-de-moda-de-primavera-verano-2024-de-louis-vuitton-para-hombres-presentado-por-pharrell-williams-en-paris\\\/\"},\"wordCount\":56,\"commentCount\":0,\"publisher\":{\"@id\":\"https:\\\/\\\/luxonomy.net\\\/es\\\/#organization\"},\"image\":{\"@id\":\"https:\\\/\\\/luxonomy.net\\\/es\\\/desfile-de-moda-de-primavera-verano-2024-de-louis-vuitton-para-hombres-presentado-por-pharrell-williams-en-paris\\\/#primaryimage\"},\"thumbnailUrl\":\"https:\\\/\\\/i0.wp.com\\\/luxonomy.net\\\/wp-content\\\/uploads\\\/2023\\\/06\\\/pharrell-williams-lv-show.jpg?fit=1500%2C1001&ssl=1\",\"keywords\":[\"desfile de moda\",\"Director Creativo\",\"hombres\",\"Louis Vuitton\",\"Paris\",\"Pharrell Williams\",\"primavera-verano 2024\"],\"articleSection\":[\"Eventos\",\"LUXONOMY TV\",\"Moda\"],\"inLanguage\":\"es\",\"potentialAction\":[{\"@type\":\"CommentAction\",\"name\":\"Comment\",\"target\":[\"https:\\\/\\\/luxonomy.net\\\/es\\\/desfile-de-moda-de-primavera-verano-2024-de-louis-vuitton-para-hombres-presentado-por-pharrell-williams-en-paris\\\/#respond\"]}]},{\"@type\":\"WebPage\",\"@id\":\"https:\\\/\\\/luxonomy.net\\\/es\\\/desfile-de-moda-de-primavera-verano-2024-de-louis-vuitton-para-hombres-presentado-por-pharrell-williams-en-paris\\\/\",\"url\":\"https:\\\/\\\/luxonomy.net\\\/es\\\/desfile-de-moda-de-primavera-verano-2024-de-louis-vuitton-para-hombres-presentado-por-pharrell-williams-en-paris\\\/\",\"name\":\"Desfile de moda de primavera-verano 2024 de Louis Vuitton para hombres, presentado por Pharrell Williams en Par\u00eds | LUXONOMY\",\"isPartOf\":{\"@id\":\"https:\\\/\\\/luxonomy.net\\\/es\\\/#website\"},\"primaryImageOfPage\":{\"@id\":\"https:\\\/\\\/luxonomy.net\\\/es\\\/desfile-de-moda-de-primavera-verano-2024-de-louis-vuitton-para-hombres-presentado-por-pharrell-williams-en-paris\\\/#primaryimage\"},\"image\":{\"@id\":\"https:\\\/\\\/luxonomy.net\\\/es\\\/desfile-de-moda-de-primavera-verano-2024-de-louis-vuitton-para-hombres-presentado-por-pharrell-williams-en-paris\\\/#primaryimage\"},\"thumbnailUrl\":\"https:\\\/\\\/i0.wp.com\\\/luxonomy.net\\\/wp-content\\\/uploads\\\/2023\\\/06\\\/pharrell-williams-lv-show.jpg?fit=1500%2C1001&ssl=1\",\"datePublished\":\"2023-06-21T10:38:49+00:00\",\"dateModified\":\"2023-06-21T10:44:01+00:00\",\"breadcrumb\":{\"@id\":\"https:\\\/\\\/luxonomy.net\\\/es\\\/desfile-de-moda-de-primavera-verano-2024-de-louis-vuitton-para-hombres-presentado-por-pharrell-williams-en-paris\\\/#breadcrumb\"},\"inLanguage\":\"es\",\"potentialAction\":[{\"@type\":\"ReadAction\",\"target\":[\"https:\\\/\\\/luxonomy.net\\\/es\\\/desfile-de-moda-de-primavera-verano-2024-de-louis-vuitton-para-hombres-presentado-por-pharrell-williams-en-paris\\\/\"]}]},{\"@type\":\"ImageObject\",\"inLanguage\":\"es\",\"@id\":\"https:\\\/\\\/luxonomy.net\\\/es\\\/desfile-de-moda-de-primavera-verano-2024-de-louis-vuitton-para-hombres-presentado-por-pharrell-williams-en-paris\\\/#primaryimage\",\"url\":\"https:\\\/\\\/i0.wp.com\\\/luxonomy.net\\\/wp-content\\\/uploads\\\/2023\\\/06\\\/pharrell-williams-lv-show.jpg?fit=1500%2C1001&ssl=1\",\"contentUrl\":\"https:\\\/\\\/i0.wp.com\\\/luxonomy.net\\\/wp-content\\\/uploads\\\/2023\\\/06\\\/pharrell-williams-lv-show.jpg?fit=1500%2C1001&ssl=1\",\"width\":1500,\"height\":1001},{\"@type\":\"BreadcrumbList\",\"@id\":\"https:\\\/\\\/luxonomy.net\\\/es\\\/desfile-de-moda-de-primavera-verano-2024-de-louis-vuitton-para-hombres-presentado-por-pharrell-williams-en-paris\\\/#breadcrumb\",\"itemListElement\":[{\"@type\":\"ListItem\",\"position\":1,\"name\":\"Portada\",\"item\":\"https:\\\/\\\/luxonomy.net\\\/es\\\/\"},{\"@type\":\"ListItem\",\"position\":2,\"name\":\"Desfile de moda de primavera-verano 2024 de Louis Vuitton para hombres, presentado por Pharrell Williams en Par\u00eds\"}]},{\"@type\":\"WebSite\",\"@id\":\"https:\\\/\\\/luxonomy.net\\\/es\\\/#website\",\"url\":\"https:\\\/\\\/luxonomy.net\\\/es\\\/\",\"name\":\"LUXONOMY\",\"description\":\"The Economy of Fashion &amp; Luxury\",\"publisher\":{\"@id\":\"https:\\\/\\\/luxonomy.net\\\/es\\\/#organization\"},\"potentialAction\":[{\"@type\":\"SearchAction\",\"target\":{\"@type\":\"EntryPoint\",\"urlTemplate\":\"https:\\\/\\\/luxonomy.net\\\/es\\\/?s={search_term_string}\"},\"query-input\":{\"@type\":\"PropertyValueSpecification\",\"valueRequired\":true,\"valueName\":\"search_term_string\"}}],\"inLanguage\":\"es\"},{\"@type\":\"Organization\",\"@id\":\"https:\\\/\\\/luxonomy.net\\\/es\\\/#organization\",\"name\":\"LUXONOMY\",\"url\":\"https:\\\/\\\/luxonomy.net\\\/es\\\/\",\"logo\":{\"@type\":\"ImageObject\",\"inLanguage\":\"es\",\"@id\":\"https:\\\/\\\/luxonomy.net\\\/es\\\/#\\\/schema\\\/logo\\\/image\\\/\",\"url\":\"https:\\\/\\\/i2.wp.com\\\/luxonomy.net\\\/wp-content\\\/uploads\\\/2021\\\/09\\\/MOCKUP-TODOS-LUXONOMY.jpg?fit=1000%2C515&ssl=1\",\"contentUrl\":\"https:\\\/\\\/i2.wp.com\\\/luxonomy.net\\\/wp-content\\\/uploads\\\/2021\\\/09\\\/MOCKUP-TODOS-LUXONOMY.jpg?fit=1000%2C515&ssl=1\",\"width\":1000,\"height\":515,\"caption\":\"LUXONOMY\"},\"image\":{\"@id\":\"https:\\\/\\\/luxonomy.net\\\/es\\\/#\\\/schema\\\/logo\\\/image\\\/\"},\"sameAs\":[\"https:\\\/\\\/www.facebook.com\\\/luxonomy\",\"https:\\\/\\\/www.instagram.com\\\/luxonomy\\\/\",\"https:\\\/\\\/www.linkedin.com\\\/company\\\/luxonomy\\\/\"]},{\"@type\":\"Person\",\"@id\":\"https:\\\/\\\/luxonomy.net\\\/es\\\/#\\\/schema\\\/person\\\/1a813e5ec518f582af236d6344aa6c01\",\"name\":\"Kristi Ellis\",\"image\":{\"@type\":\"ImageObject\",\"inLanguage\":\"es\",\"@id\":\"https:\\\/\\\/luxonomy.net\\\/wp-content\\\/litespeed\\\/avatar\\\/ae0c58256b980352bba3c97a8f9abe32.jpg?ver=1787975034\",\"url\":\"https:\\\/\\\/luxonomy.net\\\/wp-content\\\/litespeed\\\/avatar\\\/ae0c58256b980352bba3c97a8f9abe32.jpg?ver=1787975034\",\"contentUrl\":\"https:\\\/\\\/luxonomy.net\\\/wp-content\\\/litespeed\\\/avatar\\\/ae0c58256b980352bba3c97a8f9abe32.jpg?ver=1787975034\",\"caption\":\"Kristi Ellis\"},\"url\":\"https:\\\/\\\/luxonomy.net\\\/es\\\/author\\\/kristi-ellis\\\/\"}]}<\/script>\n<!-- \/ Yoast SEO plugin. -->","yoast_head_json":{"title":"Desfile de moda de primavera-verano 2024 de Louis Vuitton para hombres, presentado por Pharrell Williams en Par\u00eds | LUXONOMY","robots":{"index":"index","follow":"follow","max-snippet":"max-snippet:-1","max-image-preview":"max-image-preview:large","max-video-preview":"max-video-preview:-1"},"canonical":"https:\/\/luxonomy.net\/es\/desfile-de-moda-de-primavera-verano-2024-de-louis-vuitton-para-hombres-presentado-por-pharrell-williams-en-paris\/","og_locale":"es_ES","og_type":"article","og_title":"Desfile de moda de primavera-verano 2024 de Louis Vuitton para hombres, presentado por Pharrell Williams en Par\u00eds | LUXONOMY","og_description":"Desfile de primavera-verano 2024 para hombres. Presentado con una m\u00fasica producida por Pharrell Williams, el show de debut del Director Creativo para hombres present\u00f3 una gran variedad de colores vivos y motivos cautivadores, exaltando los emblemas de la Maison.","og_url":"https:\/\/luxonomy.net\/es\/desfile-de-moda-de-primavera-verano-2024-de-louis-vuitton-para-hombres-presentado-por-pharrell-williams-en-paris\/","og_site_name":"LUXONOMY","article_publisher":"https:\/\/www.facebook.com\/luxonomy","article_published_time":"2023-06-21T10:38:49+00:00","article_modified_time":"2023-06-21T10:44:01+00:00","og_image":[{"width":1500,"height":1001,"url":"https:\/\/i0.wp.com\/luxonomy.net\/wp-content\/uploads\/2023\/06\/pharrell-williams-lv-show.jpg?fit=1500%2C1001&quality=89&ssl=1","type":"image\/jpeg"}],"author":"Kristi Ellis","twitter_card":"summary_large_image","twitter_misc":{"Escrito por":"Kristi Ellis","Tiempo de lectura":"1 minuto"},"schema":{"@context":"https:\/\/schema.org","@graph":[{"@type":"Article","@id":"https:\/\/luxonomy.net\/es\/desfile-de-moda-de-primavera-verano-2024-de-louis-vuitton-para-hombres-presentado-por-pharrell-williams-en-paris\/#article","isPartOf":{"@id":"https:\/\/luxonomy.net\/es\/desfile-de-moda-de-primavera-verano-2024-de-louis-vuitton-para-hombres-presentado-por-pharrell-williams-en-paris\/"},"author":{"name":"Kristi Ellis","@id":"https:\/\/luxonomy.net\/es\/#\/schema\/person\/1a813e5ec518f582af236d6344aa6c01"},"headline":"Desfile de moda de primavera-verano 2024 de Louis Vuitton para hombres, presentado por Pharrell Williams en Par\u00eds","datePublished":"2023-06-21T10:38:49+00:00","dateModified":"2023-06-21T10:44:01+00:00","mainEntityOfPage":{"@id":"https:\/\/luxonomy.net\/es\/desfile-de-moda-de-primavera-verano-2024-de-louis-vuitton-para-hombres-presentado-por-pharrell-williams-en-paris\/"},"wordCount":56,"commentCount":0,"publisher":{"@id":"https:\/\/luxonomy.net\/es\/#organization"},"image":{"@id":"https:\/\/luxonomy.net\/es\/desfile-de-moda-de-primavera-verano-2024-de-louis-vuitton-para-hombres-presentado-por-pharrell-williams-en-paris\/#primaryimage"},"thumbnailUrl":"https:\/\/i0.wp.com\/luxonomy.net\/wp-content\/uploads\/2023\/06\/pharrell-williams-lv-show.jpg?fit=1500%2C1001&ssl=1","keywords":["desfile de moda","Director Creativo","hombres","Louis Vuitton","Paris","Pharrell Williams","primavera-verano 2024"],"articleSection":["Eventos","LUXONOMY TV","Moda"],"inLanguage":"es","potentialAction":[{"@type":"CommentAction","name":"Comment","target":["https:\/\/luxonomy.net\/es\/desfile-de-moda-de-primavera-verano-2024-de-louis-vuitton-para-hombres-presentado-por-pharrell-williams-en-paris\/#respond"]}]},{"@type":"WebPage","@id":"https:\/\/luxonomy.net\/es\/desfile-de-moda-de-primavera-verano-2024-de-louis-vuitton-para-hombres-presentado-por-pharrell-williams-en-paris\/","url":"https:\/\/luxonomy.net\/es\/desfile-de-moda-de-primavera-verano-2024-de-louis-vuitton-para-hombres-presentado-por-pharrell-williams-en-paris\/","name":"Desfile de moda de primavera-verano 2024 de Louis Vuitton para hombres, presentado por Pharrell Williams en Par\u00eds | LUXONOMY","isPartOf":{"@id":"https:\/\/luxonomy.net\/es\/#website"},"primaryImageOfPage":{"@id":"https:\/\/luxonomy.net\/es\/desfile-de-moda-de-primavera-verano-2024-de-louis-vuitton-para-hombres-presentado-por-pharrell-williams-en-paris\/#primaryimage"},"image":{"@id":"https:\/\/luxonomy.net\/es\/desfile-de-moda-de-primavera-verano-2024-de-louis-vuitton-para-hombres-presentado-por-pharrell-williams-en-paris\/#primaryimage"},"thumbnailUrl":"https:\/\/i0.wp.com\/luxonomy.net\/wp-content\/uploads\/2023\/06\/pharrell-williams-lv-show.jpg?fit=1500%2C1001&ssl=1","datePublished":"2023-06-21T10:38:49+00:00","dateModified":"2023-06-21T10:44:01+00:00","breadcrumb":{"@id":"https:\/\/luxonomy.net\/es\/desfile-de-moda-de-primavera-verano-2024-de-louis-vuitton-para-hombres-presentado-por-pharrell-williams-en-paris\/#breadcrumb"},"inLanguage":"es","potentialAction":[{"@type":"ReadAction","target":["https:\/\/luxonomy.net\/es\/desfile-de-moda-de-primavera-verano-2024-de-louis-vuitton-para-hombres-presentado-por-pharrell-williams-en-paris\/"]}]},{"@type":"ImageObject","inLanguage":"es","@id":"https:\/\/luxonomy.net\/es\/desfile-de-moda-de-primavera-verano-2024-de-louis-vuitton-para-hombres-presentado-por-pharrell-williams-en-paris\/#primaryimage","url":"https:\/\/i0.wp.com\/luxonomy.net\/wp-content\/uploads\/2023\/06\/pharrell-williams-lv-show.jpg?fit=1500%2C1001&ssl=1","contentUrl":"https:\/\/i0.wp.com\/luxonomy.net\/wp-content\/uploads\/2023\/06\/pharrell-williams-lv-show.jpg?fit=1500%2C1001&ssl=1","width":1500,"height":1001},{"@type":"BreadcrumbList","@id":"https:\/\/luxonomy.net\/es\/desfile-de-moda-de-primavera-verano-2024-de-louis-vuitton-para-hombres-presentado-por-pharrell-williams-en-paris\/#breadcrumb","itemListElement":[{"@type":"ListItem","position":1,"name":"Portada","item":"https:\/\/luxonomy.net\/es\/"},{"@type":"ListItem","position":2,"name":"Desfile de moda de primavera-verano 2024 de Louis Vuitton para hombres, presentado por Pharrell Williams en Par\u00eds"}]},{"@type":"WebSite","@id":"https:\/\/luxonomy.net\/es\/#website","url":"https:\/\/luxonomy.net\/es\/","name":"LUXONOMY","description":"The Economy of Fashion &amp; Luxury","publisher":{"@id":"https:\/\/luxonomy.net\/es\/#organization"},"potentialAction":[{"@type":"SearchAction","target":{"@type":"EntryPoint","urlTemplate":"https:\/\/luxonomy.net\/es\/?s={search_term_string}"},"query-input":{"@type":"PropertyValueSpecification","valueRequired":true,"valueName":"search_term_string"}}],"inLanguage":"es"},{"@type":"Organization","@id":"https:\/\/luxonomy.net\/es\/#organization","name":"LUXONOMY","url":"https:\/\/luxonomy.net\/es\/","logo":{"@type":"ImageObject","inLanguage":"es","@id":"https:\/\/luxonomy.net\/es\/#\/schema\/logo\/image\/","url":"https:\/\/i2.wp.com\/luxonomy.net\/wp-content\/uploads\/2021\/09\/MOCKUP-TODOS-LUXONOMY.jpg?fit=1000%2C515&ssl=1","contentUrl":"https:\/\/i2.wp.com\/luxonomy.net\/wp-content\/uploads\/2021\/09\/MOCKUP-TODOS-LUXONOMY.jpg?fit=1000%2C515&ssl=1","width":1000,"height":515,"caption":"LUXONOMY"},"image":{"@id":"https:\/\/luxonomy.net\/es\/#\/schema\/logo\/image\/"},"sameAs":["https:\/\/www.facebook.com\/luxonomy","https:\/\/www.instagram.com\/luxonomy\/","https:\/\/www.linkedin.com\/company\/luxonomy\/"]},{"@type":"Person","@id":"https:\/\/luxonomy.net\/es\/#\/schema\/person\/1a813e5ec518f582af236d6344aa6c01","name":"Kristi Ellis","image":{"@type":"ImageObject","inLanguage":"es","@id":"https:\/\/luxonomy.net\/wp-content\/litespeed\/avatar\/ae0c58256b980352bba3c97a8f9abe32.jpg?ver=1787975034","url":"https:\/\/luxonomy.net\/wp-content\/litespeed\/avatar\/ae0c58256b980352bba3c97a8f9abe32.jpg?ver=1787975034","contentUrl":"https:\/\/luxonomy.net\/wp-content\/litespeed\/avatar\/ae0c58256b980352bba3c97a8f9abe32.jpg?ver=1787975034","caption":"Kristi Ellis"},"url":"https:\/\/luxonomy.net\/es\/author\/kristi-ellis\/"}]}},"jetpack_publicize_connections":[],"jetpack_shortlink":"https:\/\/wp.me\/paPhBa-97K","jetpack_sharing_enabled":true,"jetpack_featured_media_url":"https:\/\/i0.wp.com\/luxonomy.net\/wp-content\/uploads\/2023\/06\/pharrell-williams-lv-show.jpg?fit=1500%2C1001&ssl=1","_links":{"self":[{"href":"https:\/\/luxonomy.net\/es\/wp-json\/wp\/v2\/posts\/35076","targetHints":{"allow":["GET"]}}],"collection":[{"href":"https:\/\/luxonomy.net\/es\/wp-json\/wp\/v2\/posts"}],"about":[{"href":"https:\/\/luxonomy.net\/es\/wp-json\/wp\/v2\/types\/post"}],"author":[{"embeddable":true,"href":"https:\/\/luxonomy.net\/es\/wp-json\/wp\/v2\/users\/11"}],"replies":[{"embeddable":true,"href":"https:\/\/luxonomy.net\/es\/wp-json\/wp\/v2\/comments?post=35076"}],"version-history":[{"count":2,"href":"https:\/\/luxonomy.net\/es\/wp-json\/wp\/v2\/posts\/35076\/revisions"}],"predecessor-version":[{"id":35078,"href":"https:\/\/luxonomy.net\/es\/wp-json\/wp\/v2\/posts\/35076\/revisions\/35078"}],"wp:featuredmedia":[{"embeddable":true,"href":"https:\/\/luxonomy.net\/es\/wp-json\/wp\/v2\/media\/35074"}],"wp:attachment":[{"href":"https:\/\/luxonomy.net\/es\/wp-json\/wp\/v2\/media?parent=35076"}],"wp:term":[{"taxonomy":"category","embeddable":true,"href":"https:\/\/luxonomy.net\/es\/wp-json\/wp\/v2\/categories?post=35076"},{"taxonomy":"post_tag","embeddable":true,"href":"https:\/\/luxonomy.net\/es\/wp-json\/wp\/v2\/tags?post=35076"},{"taxonomy":"thb-sponsors","embeddable":true,"href":"https:\/\/luxonomy.net\/es\/wp-json\/wp\/v2\/thb-sponsors?post=35076"}],"curies":[{"name":"wp","href":"https:\/\/api.w.org\/{rel}","templated":true}]}}