{"id":34907,"date":"2023-06-12T17:19:45","date_gmt":"2023-06-12T15:19:45","guid":{"rendered":"https:\/?p=34907"},"modified":"2023-06-14T13:01:42","modified_gmt":"2023-06-14T11:01:42","slug":"cafe-con-experiencias-reales-con-expertos","status":"publish","type":"post","link":"https:\/\/luxonomy.net\/es\/cafe-con-experiencias-reales-con-expertos\/","title":{"rendered":"&#8220;Caf\u00e9 con&#8221;, experiencias reales con expertos"},"content":{"rendered":"<p>Abrimos una <strong>nueva secci\u00f3n de eventos desde LUXONOMY<\/strong>, en este caso protagonizada por <strong>profesores de TheLuxuryMBA<\/strong>, <strong>expertos<\/strong> en diferentes materiales relacionadas con el <strong>sector del Lujo<\/strong>. Para esta primera edici\u00f3n contamos con <strong>Emilio J. Luj\u00e1n<\/strong> es director general de <strong>Moddo<\/strong>, licenciado en <strong>Empresariales<\/strong> y <strong>PDG por el IESE,<\/strong> y profesor de \ud83e\udd8b<strong>TheLuxuryMBA<\/strong><sup>\u00ae<\/sup>\ud83c\uddea\ud83c\uddf8\ud83c\uddec\ud83c\udde7 y de \ud83e\udd8b<strong>TheFashionMBA<\/strong><sup>\u00ae<\/sup>\ud83c\uddea\ud83c\uddf8\ud83c\uddec\ud83c\udde7.<\/p>\n<p><a href=\"https:\/\/moddo.com\/\" target=\"_blank\" rel=\"noopener\"><strong>Moddo<\/strong><\/a> es una multinacional espa\u00f1ola de tecnolog\u00eda para retail, marcas y centros comerciales, especializada en el desarrollo de soluciones omnicanal, que aportan las posibilidades del mundo digital al mundo f\u00edsico, y viceversa, potenciando el capital humano.<\/p>\n<p>Tienen ampl\u00edan experiencia tanto en <strong>Europa<\/strong> como en <strong>Latinoam\u00e9rica<\/strong>, prestando servicio desde <strong>Espa\u00f1a, Colombia y M\u00e9xico, a m\u00e1s de 500 clientes, 10.000 tiendas y 250 marcas en 18 pa\u00edses<\/strong>.<br \/>\n<strong>Entre las empresas con las que trabajan<\/strong>, podemos destacar en <strong>Europa<\/strong> a El Corte Ingl\u00e9s, Michael Kors, Tous, Hoff, Pikolinos, Skechers, Sprinter, Barbour, Scalpers, Renatta &amp; Go, Nicoli o Alma en Pena, en <strong>Latinoam\u00e9rica<\/strong> Charly, Spring Step, Akiabara, Guante &amp; Gacel o Fortin Maure, y en <strong>Oriente Medio<\/strong> 6thStreet.<br \/>\nLa tem\u00e1tica de este <strong>Caf\u00e9 con es &#8220;Soluciones Omnicanal que integran canales para una experiencia de venta sin fronteras&#8221;.<\/strong><\/p><div id=\"luxon-2291933739\" class=\"luxon-3er-parrafo luxon-entity-placement\" style=\"margin-top: 20px;margin-bottom: 20px;margin-left: auto;margin-right: auto;text-align: center;\"><a href=\"https:\/\/luxonomy.university\/course\/master-turismo-de-lujo\" target=\"_blank\" aria-label=\"master-turismo-lujo-2026-2027\"><img loading=\"lazy\" decoding=\"async\" src=\"https:\/\/i0.wp.com\/luxonomy.net\/wp-content\/uploads\/2020\/07\/master-turismo-lujo-2026-2027.jpg?fit=1672%2C941&#038;ssl=1\" alt=\"\"  srcset=\"https:\/\/i0.wp.com\/luxonomy.net\/wp-content\/uploads\/2020\/07\/master-turismo-lujo-2026-2027.jpg?w=1672&ssl=1 1672w, https:\/\/i0.wp.com\/luxonomy.net\/wp-content\/uploads\/2020\/07\/master-turismo-lujo-2026-2027.jpg?resize=300%2C169&ssl=1 300w, https:\/\/i0.wp.com\/luxonomy.net\/wp-content\/uploads\/2020\/07\/master-turismo-lujo-2026-2027.jpg?resize=1024%2C576&ssl=1 1024w, https:\/\/i0.wp.com\/luxonomy.net\/wp-content\/uploads\/2020\/07\/master-turismo-lujo-2026-2027.jpg?resize=768%2C432&ssl=1 768w, https:\/\/i0.wp.com\/luxonomy.net\/wp-content\/uploads\/2020\/07\/master-turismo-lujo-2026-2027.jpg?resize=1536%2C864&ssl=1 1536w, https:\/\/i0.wp.com\/luxonomy.net\/wp-content\/uploads\/2020\/07\/master-turismo-lujo-2026-2027.jpg?resize=370%2C208&ssl=1 370w, https:\/\/i0.wp.com\/luxonomy.net\/wp-content\/uploads\/2020\/07\/master-turismo-lujo-2026-2027.jpg?resize=800%2C450&ssl=1 800w, https:\/\/i0.wp.com\/luxonomy.net\/wp-content\/uploads\/2020\/07\/master-turismo-lujo-2026-2027.jpg?resize=20%2C11&ssl=1 20w, https:\/\/i0.wp.com\/luxonomy.net\/wp-content\/uploads\/2020\/07\/master-turismo-lujo-2026-2027.jpg?resize=740%2C416&ssl=1 740w, https:\/\/i0.wp.com\/luxonomy.net\/wp-content\/uploads\/2020\/07\/master-turismo-lujo-2026-2027.jpg?resize=1600%2C900&ssl=1 1600w, https:\/\/i0.wp.com\/luxonomy.net\/wp-content\/uploads\/2020\/07\/master-turismo-lujo-2026-2027.jpg?resize=1200%2C675&ssl=1 1200w, https:\/\/i0.wp.com\/luxonomy.net\/wp-content\/uploads\/2020\/07\/master-turismo-lujo-2026-2027.jpg?resize=85%2C48&ssl=1 85w\" sizes=\"(max-width: 1170px) 100vw, 1170px\" class=\"no-lazyload\" width=\"1672\" height=\"941\"   \/><\/a><\/div>\n<p>Emilio compartir\u00e1 con nosotros la evoluci\u00f3n que la tecnolog\u00eda para retail ha tenido en los \u00faltimos 25 a\u00f1os, pasando de la caja registradora a un ecosistema omnicanal de soluciones tecnol\u00f3gicas, que deben interconectarse entre s\u00ed, para aportar las posibilidades digitales al mundo f\u00edsico, y viceversa.<\/p>\n<ul>\n<li>Formato: online en directo<\/li>\n<li>Fecha: martes 27 de junio<\/li>\n<li>Hora: 14h de Madrid<\/li>\n<li>Duraci\u00f3n: 1 hora<\/li>\n<li>Inscripciones gratuitas desde <a href=\"https:\/cafe-con\/\">https:\/cafe-con\/<\/a><\/li>\n<\/ul>\n","protected":false},"excerpt":{"rendered":"<p>Abrimos una nueva secci\u00f3n de eventos desde LUXONOMY, en este caso protagonizada por profesores de TheLuxuryMBA, expertos en diferentes materiales relacionadas con el sector del Lujo. Para esta primera edici\u00f3n contamos con Emilio J. Luj\u00e1n es director general de Moddo, licenciado en Empresariales y PDG por el IESE, y profesor de \ud83e\udd8bTheLuxuryMBA\u00ae\ud83c\uddea\ud83c\uddf8\ud83c\uddec\ud83c\udde7 y de \ud83e\udd8bTheFashionMBA\u00ae\ud83c\uddea\ud83c\uddf8\ud83c\uddec\ud83c\udde7.&hellip;<\/p>\n","protected":false},"author":1,"featured_media":34908,"comment_status":"open","ping_status":"open","sticky":false,"template":"","format":"standard","meta":{"_jetpack_newsletter_access":"","_jetpack_dont_email_post_to_subs":false,"_jetpack_newsletter_tier_id":0,"_jetpack_memberships_contains_paywalled_content":false,"_jetpack_feature_clip_id":0,"_jetpack_memberships_contains_paid_content":false,"footnotes":"","jetpack_publicize_message":"\"Caf\u00e9 con\", experiencias reales con expertos\r\n\r\nAbrimos una nueva secci\u00f3n de eventos desde LUXONOMY, en este caso protagonizada por profesores de TheLuxuryMBA, expertos en diferentes materiales relacionadas con el sector del Lujo. Para esta primera edici\u00f3n contamos con Emilio J. Luj\u00e1n es director general de Moddo, licenciado en Empresariales y PDG por el IESE, y profesor de \ud83e\udd8bTheLuxuryMBA\u00ae\ud83c\uddea\ud83c\uddf8\ud83c\uddec\ud83c\udde7 y de \ud83e\udd8bTheFashionMBA\u00ae\ud83c\uddea\ud83c\uddf8\ud83c\uddec\ud83c\udde7.\r\n\r\nModdo es una multinacional espa\u00f1ola de tecnolog\u00eda para retail, marcas y centros comerciales, especializada en el desarrollo de soluciones omnicanal, que aportan las posibilidades del mundo digital al mundo f\u00edsico, y viceversa, potenciando el capital humano.\r\n\r\nTienen ampl\u00edan experiencia tanto en Europa como en Latinoam\u00e9rica, prestando servicio desde Espa\u00f1a, Colombia y M\u00e9xico, a m\u00e1s de 500 clientes, 10.000 tiendas y 250 marcas en 18 pa\u00edses.\r\n\r\nEntre las marcas con las que trabajan, por mencionar algunas de las m\u00e1s de 250: El Corte Ingl\u00e9s, Michael Kors, Pikolinos, Skechers, Sprinter, Barbour, o Scalpers.\r\n\r\n-Formato: online en directo\r\n-Fecha: martes 27 de junio\r\n-Hora: 14h de Madrid\r\n-Duraci\u00f3n: 1 hora\r\n-Inscripciones gratuitas a partir del 19 de junio.","jetpack_publicize_feature_enabled":true,"jetpack_social_post_already_shared":true,"jetpack_social_options":{"image_generator_settings":{"template":"edge","default_image_id":0,"font":"","enabled":false},"version":2},"jetpack_post_was_ever_published":false},"categories":[5418],"tags":[5451,5449,5437,5439,5432,5428,2782,287,5445,5421,5450,5441,1423,5420,5423,1284,1114,228,5050,2772,1433,5446,5444,5448,5425,5452,5443,292,538,3224,5447,309,1236,5422,5426,5430,5431,5433,5424,5434,5419,5438,2421,5435,5429,5442,5436,5427,3807,2457,2542,5440],"thb-sponsors":[],"class_list":["post-34907","post","type-post","status-publish","format-standard","has-post-thumbnail","hentry","category-cafe-con","tag-1-hora","tag-14h-de-madrid","tag-barbour","tag-cafe-con","tag-capital-humano","tag-centros-comerciales","tag-clientes","tag-colombia","tag-directo","tag-director-general","tag-duracion","tag-ecosistema-omnicanal","tag-el-corte-ingles","tag-emilio-j-lujan","tag-empresariales","tag-espana","tag-europa","tag-eventos","tag-evolucion","tag-experiencia","tag-expertos","tag-fecha","tag-formato-online","tag-hora","tag-iese","tag-inscripciones-gratuitas","tag-interconexion","tag-latinoamerica","tag-luxonomy","tag-marcas","tag-martes-27-de-junio","tag-mexico","tag-michael-kors","tag-moddo","tag-multinacional-espanola","tag-mundo-digital","tag-mundo-fisico","tag-paises","tag-pdg","tag-pikolinos","tag-profesores","tag-scalpers","tag-sector-del-lujo","tag-skechers","tag-soluciones-omnicanal","tag-soluciones-tecnologicas","tag-sprinter","tag-tecnologia-para-retail","tag-thefashionmba","tag-theluxurymba","tag-tiendas","tag-venta-sin-fronteras"],"yoast_head":"<!-- This site is optimized with the Yoast SEO plugin v28.4 - https:\/\/yoast.com\/product\/yoast-seo-wordpress\/ -->\n<title>&quot;Caf\u00e9 con&quot;, experiencias reales con expertos | LUXONOMY<\/title>\n<meta name=\"robots\" content=\"index, follow, max-snippet:-1, max-image-preview:large, max-video-preview:-1\" \/>\n<link rel=\"canonical\" href=\"https:\/\/luxonomy.net\/es\/cafe-con-experiencias-reales-con-expertos\/\" \/>\n<meta property=\"og:locale\" content=\"es_ES\" \/>\n<meta property=\"og:type\" content=\"article\" \/>\n<meta property=\"og:title\" content=\"&quot;Caf\u00e9 con&quot;, experiencias reales con expertos | LUXONOMY\" \/>\n<meta property=\"og:description\" content=\"Abrimos una nueva secci\u00f3n de eventos desde LUXONOMY, en este caso protagonizada por profesores de TheLuxuryMBA, expertos en diferentes materiales relacionadas con el sector del Lujo. Para esta primera edici\u00f3n contamos con Emilio J. Luj\u00e1n es director general de Moddo, licenciado en Empresariales y PDG por el IESE, y profesor de \ud83e\udd8bTheLuxuryMBA\u00ae\ud83c\uddea\ud83c\uddf8\ud83c\uddec\ud83c\udde7 y de \ud83e\udd8bTheFashionMBA\u00ae\ud83c\uddea\ud83c\uddf8\ud83c\uddec\ud83c\udde7.&hellip;\" \/>\n<meta property=\"og:url\" content=\"https:\/\/luxonomy.net\/es\/cafe-con-experiencias-reales-con-expertos\/\" \/>\n<meta property=\"og:site_name\" content=\"LUXONOMY\" \/>\n<meta property=\"article:publisher\" content=\"https:\/\/www.facebook.com\/luxonomy\" \/>\n<meta property=\"article:published_time\" content=\"2023-06-12T15:19:45+00:00\" \/>\n<meta property=\"article:modified_time\" content=\"2023-06-14T11:01:42+00:00\" \/>\n<meta property=\"og:image\" content=\"https:\/\/i0.wp.com\/luxonomy.net\/wp-content\/uploads\/2023\/06\/bis-coffee-cup-mockup-in-a-modern-kitchen-a12273.jpg?fit=1280%2C720&quality=89&ssl=1\" \/>\n\t<meta property=\"og:image:width\" content=\"1280\" \/>\n\t<meta property=\"og:image:height\" content=\"720\" \/>\n\t<meta property=\"og:image:type\" content=\"image\/jpeg\" \/>\n<meta name=\"author\" content=\"LUXONOMY\" \/>\n<meta name=\"twitter:card\" content=\"summary_large_image\" \/>\n<meta name=\"twitter:label1\" content=\"Escrito por\" \/>\n\t<meta name=\"twitter:data1\" content=\"LUXONOMY\" \/>\n\t<meta name=\"twitter:label2\" content=\"Tiempo de lectura\" \/>\n\t<meta name=\"twitter:data2\" content=\"2 minutos\" \/>\n<script type=\"application\/ld+json\" class=\"yoast-schema-graph\">{\"@context\":\"https:\\\/\\\/schema.org\",\"@graph\":[{\"@type\":\"Article\",\"@id\":\"https:\\\/\\\/luxonomy.net\\\/es\\\/cafe-con-experiencias-reales-con-expertos\\\/#article\",\"isPartOf\":{\"@id\":\"https:\\\/\\\/luxonomy.net\\\/es\\\/cafe-con-experiencias-reales-con-expertos\\\/\"},\"author\":{\"name\":\"LUXONOMY\",\"@id\":\"https:\\\/\\\/luxonomy.net\\\/es\\\/#\\\/schema\\\/person\\\/ca588d8b741a1fdd9065289c8d98ee8c\"},\"headline\":\"&#8220;Caf\u00e9 con&#8221;, experiencias reales con expertos\",\"datePublished\":\"2023-06-12T15:19:45+00:00\",\"dateModified\":\"2023-06-14T11:01:42+00:00\",\"mainEntityOfPage\":{\"@id\":\"https:\\\/\\\/luxonomy.net\\\/es\\\/cafe-con-experiencias-reales-con-expertos\\\/\"},\"wordCount\":274,\"commentCount\":0,\"publisher\":{\"@id\":\"https:\\\/\\\/luxonomy.net\\\/es\\\/#organization\"},\"image\":{\"@id\":\"https:\\\/\\\/luxonomy.net\\\/es\\\/cafe-con-experiencias-reales-con-expertos\\\/#primaryimage\"},\"thumbnailUrl\":\"https:\\\/\\\/i0.wp.com\\\/luxonomy.net\\\/wp-content\\\/uploads\\\/2023\\\/06\\\/bis-coffee-cup-mockup-in-a-modern-kitchen-a12273.jpg?fit=1280%2C720&ssl=1\",\"keywords\":[\"1 hora\",\"14h de Madrid\",\"Barbour\",\"Caf\u00e9 con\",\"capital humano\",\"centros comerciales\",\"clientes\",\"colombia\",\"directo\",\"director general\",\"duraci\u00f3n\",\"ecosistema omnicanal\",\"El Corte Ingl\u00e9s\",\"Emilio J. Luj\u00e1n\",\"Empresariales\",\"espa\u00f1a\",\"europa\",\"Eventos\",\"evoluci\u00f3n\",\"experiencia\",\"expertos\",\"fecha\",\"formato online\",\"hora\",\"IESE\",\"inscripciones gratuitas\",\"interconexi\u00f3n\",\"latinoam\u00e9rica\",\"Luxonomy\",\"marcas\",\"martes 27 de junio\",\"M\u00e9xico\",\"Michael Kors\",\"Moddo\",\"multinacional espa\u00f1ola\",\"mundo digital\",\"mundo f\u00edsico\",\"pa\u00edses\",\"PDG\",\"Pikolinos\",\"profesores\",\"Scalpers\",\"sector del lujo\",\"Skechers\",\"soluciones omnicanal\",\"soluciones tecnol\u00f3gicas\",\"Sprinter\",\"tecnolog\u00eda para retail\",\"TheFashionMBA\",\"TheLuxuryMBA\",\"tiendas\",\"venta sin fronteras\"],\"articleSection\":[\"Caf\u00e9 con\"],\"inLanguage\":\"es\",\"potentialAction\":[{\"@type\":\"CommentAction\",\"name\":\"Comment\",\"target\":[\"https:\\\/\\\/luxonomy.net\\\/es\\\/cafe-con-experiencias-reales-con-expertos\\\/#respond\"]}]},{\"@type\":\"WebPage\",\"@id\":\"https:\\\/\\\/luxonomy.net\\\/es\\\/cafe-con-experiencias-reales-con-expertos\\\/\",\"url\":\"https:\\\/\\\/luxonomy.net\\\/es\\\/cafe-con-experiencias-reales-con-expertos\\\/\",\"name\":\"\\\"Caf\u00e9 con\\\", experiencias reales con expertos | LUXONOMY\",\"isPartOf\":{\"@id\":\"https:\\\/\\\/luxonomy.net\\\/es\\\/#website\"},\"primaryImageOfPage\":{\"@id\":\"https:\\\/\\\/luxonomy.net\\\/es\\\/cafe-con-experiencias-reales-con-expertos\\\/#primaryimage\"},\"image\":{\"@id\":\"https:\\\/\\\/luxonomy.net\\\/es\\\/cafe-con-experiencias-reales-con-expertos\\\/#primaryimage\"},\"thumbnailUrl\":\"https:\\\/\\\/i0.wp.com\\\/luxonomy.net\\\/wp-content\\\/uploads\\\/2023\\\/06\\\/bis-coffee-cup-mockup-in-a-modern-kitchen-a12273.jpg?fit=1280%2C720&ssl=1\",\"datePublished\":\"2023-06-12T15:19:45+00:00\",\"dateModified\":\"2023-06-14T11:01:42+00:00\",\"breadcrumb\":{\"@id\":\"https:\\\/\\\/luxonomy.net\\\/es\\\/cafe-con-experiencias-reales-con-expertos\\\/#breadcrumb\"},\"inLanguage\":\"es\",\"potentialAction\":[{\"@type\":\"ReadAction\",\"target\":[\"https:\\\/\\\/luxonomy.net\\\/es\\\/cafe-con-experiencias-reales-con-expertos\\\/\"]}]},{\"@type\":\"ImageObject\",\"inLanguage\":\"es\",\"@id\":\"https:\\\/\\\/luxonomy.net\\\/es\\\/cafe-con-experiencias-reales-con-expertos\\\/#primaryimage\",\"url\":\"https:\\\/\\\/i0.wp.com\\\/luxonomy.net\\\/wp-content\\\/uploads\\\/2023\\\/06\\\/bis-coffee-cup-mockup-in-a-modern-kitchen-a12273.jpg?fit=1280%2C720&ssl=1\",\"contentUrl\":\"https:\\\/\\\/i0.wp.com\\\/luxonomy.net\\\/wp-content\\\/uploads\\\/2023\\\/06\\\/bis-coffee-cup-mockup-in-a-modern-kitchen-a12273.jpg?fit=1280%2C720&ssl=1\",\"width\":1280,\"height\":720},{\"@type\":\"BreadcrumbList\",\"@id\":\"https:\\\/\\\/luxonomy.net\\\/es\\\/cafe-con-experiencias-reales-con-expertos\\\/#breadcrumb\",\"itemListElement\":[{\"@type\":\"ListItem\",\"position\":1,\"name\":\"Portada\",\"item\":\"https:\\\/\\\/luxonomy.net\\\/es\\\/\"},{\"@type\":\"ListItem\",\"position\":2,\"name\":\"&#8220;Caf\u00e9 con&#8221;, experiencias reales con expertos\"}]},{\"@type\":\"WebSite\",\"@id\":\"https:\\\/\\\/luxonomy.net\\\/es\\\/#website\",\"url\":\"https:\\\/\\\/luxonomy.net\\\/es\\\/\",\"name\":\"LUXONOMY\",\"description\":\"The Economy of Fashion &amp; Luxury\",\"publisher\":{\"@id\":\"https:\\\/\\\/luxonomy.net\\\/es\\\/#organization\"},\"potentialAction\":[{\"@type\":\"SearchAction\",\"target\":{\"@type\":\"EntryPoint\",\"urlTemplate\":\"https:\\\/\\\/luxonomy.net\\\/es\\\/?s={search_term_string}\"},\"query-input\":{\"@type\":\"PropertyValueSpecification\",\"valueRequired\":true,\"valueName\":\"search_term_string\"}}],\"inLanguage\":\"es\"},{\"@type\":\"Organization\",\"@id\":\"https:\\\/\\\/luxonomy.net\\\/es\\\/#organization\",\"name\":\"LUXONOMY\",\"url\":\"https:\\\/\\\/luxonomy.net\\\/es\\\/\",\"logo\":{\"@type\":\"ImageObject\",\"inLanguage\":\"es\",\"@id\":\"https:\\\/\\\/luxonomy.net\\\/es\\\/#\\\/schema\\\/logo\\\/image\\\/\",\"url\":\"https:\\\/\\\/i2.wp.com\\\/luxonomy.net\\\/wp-content\\\/uploads\\\/2021\\\/09\\\/MOCKUP-TODOS-LUXONOMY.jpg?fit=1000%2C515&ssl=1\",\"contentUrl\":\"https:\\\/\\\/i2.wp.com\\\/luxonomy.net\\\/wp-content\\\/uploads\\\/2021\\\/09\\\/MOCKUP-TODOS-LUXONOMY.jpg?fit=1000%2C515&ssl=1\",\"width\":1000,\"height\":515,\"caption\":\"LUXONOMY\"},\"image\":{\"@id\":\"https:\\\/\\\/luxonomy.net\\\/es\\\/#\\\/schema\\\/logo\\\/image\\\/\"},\"sameAs\":[\"https:\\\/\\\/www.facebook.com\\\/luxonomy\",\"https:\\\/\\\/www.instagram.com\\\/luxonomy\\\/\",\"https:\\\/\\\/www.linkedin.com\\\/company\\\/luxonomy\\\/\"]},{\"@type\":\"Person\",\"@id\":\"https:\\\/\\\/luxonomy.net\\\/es\\\/#\\\/schema\\\/person\\\/ca588d8b741a1fdd9065289c8d98ee8c\",\"name\":\"LUXONOMY\",\"image\":{\"@type\":\"ImageObject\",\"inLanguage\":\"es\",\"@id\":\"https:\\\/\\\/luxonomy.net\\\/wp-content\\\/litespeed\\\/avatar\\\/a6436cdb14fdaf9c21808e63d0da2055.jpg?ver=1787761934\",\"url\":\"https:\\\/\\\/luxonomy.net\\\/wp-content\\\/litespeed\\\/avatar\\\/a6436cdb14fdaf9c21808e63d0da2055.jpg?ver=1787761934\",\"contentUrl\":\"https:\\\/\\\/luxonomy.net\\\/wp-content\\\/litespeed\\\/avatar\\\/a6436cdb14fdaf9c21808e63d0da2055.jpg?ver=1787761934\",\"caption\":\"LUXONOMY\"},\"sameAs\":[\"https:\\\/\"],\"url\":\"https:\\\/\\\/luxonomy.net\\\/es\\\/author\\\/luxonomy\\\/\"}]}<\/script>\n<!-- \/ Yoast SEO plugin. -->","yoast_head_json":{"title":"\"Caf\u00e9 con\", experiencias reales con expertos | LUXONOMY","robots":{"index":"index","follow":"follow","max-snippet":"max-snippet:-1","max-image-preview":"max-image-preview:large","max-video-preview":"max-video-preview:-1"},"canonical":"https:\/\/luxonomy.net\/es\/cafe-con-experiencias-reales-con-expertos\/","og_locale":"es_ES","og_type":"article","og_title":"\"Caf\u00e9 con\", experiencias reales con expertos | LUXONOMY","og_description":"Abrimos una nueva secci\u00f3n de eventos desde LUXONOMY, en este caso protagonizada por profesores de TheLuxuryMBA, expertos en diferentes materiales relacionadas con el sector del Lujo. Para esta primera edici\u00f3n contamos con Emilio J. Luj\u00e1n es director general de Moddo, licenciado en Empresariales y PDG por el IESE, y profesor de \ud83e\udd8bTheLuxuryMBA\u00ae\ud83c\uddea\ud83c\uddf8\ud83c\uddec\ud83c\udde7 y de \ud83e\udd8bTheFashionMBA\u00ae\ud83c\uddea\ud83c\uddf8\ud83c\uddec\ud83c\udde7.&hellip;","og_url":"https:\/\/luxonomy.net\/es\/cafe-con-experiencias-reales-con-expertos\/","og_site_name":"LUXONOMY","article_publisher":"https:\/\/www.facebook.com\/luxonomy","article_published_time":"2023-06-12T15:19:45+00:00","article_modified_time":"2023-06-14T11:01:42+00:00","og_image":[{"width":1280,"height":720,"url":"https:\/\/i0.wp.com\/luxonomy.net\/wp-content\/uploads\/2023\/06\/bis-coffee-cup-mockup-in-a-modern-kitchen-a12273.jpg?fit=1280%2C720&quality=89&ssl=1","type":"image\/jpeg"}],"author":"LUXONOMY","twitter_card":"summary_large_image","twitter_misc":{"Escrito por":"LUXONOMY","Tiempo de lectura":"2 minutos"},"schema":{"@context":"https:\/\/schema.org","@graph":[{"@type":"Article","@id":"https:\/\/luxonomy.net\/es\/cafe-con-experiencias-reales-con-expertos\/#article","isPartOf":{"@id":"https:\/\/luxonomy.net\/es\/cafe-con-experiencias-reales-con-expertos\/"},"author":{"name":"LUXONOMY","@id":"https:\/\/luxonomy.net\/es\/#\/schema\/person\/ca588d8b741a1fdd9065289c8d98ee8c"},"headline":"&#8220;Caf\u00e9 con&#8221;, experiencias reales con expertos","datePublished":"2023-06-12T15:19:45+00:00","dateModified":"2023-06-14T11:01:42+00:00","mainEntityOfPage":{"@id":"https:\/\/luxonomy.net\/es\/cafe-con-experiencias-reales-con-expertos\/"},"wordCount":274,"commentCount":0,"publisher":{"@id":"https:\/\/luxonomy.net\/es\/#organization"},"image":{"@id":"https:\/\/luxonomy.net\/es\/cafe-con-experiencias-reales-con-expertos\/#primaryimage"},"thumbnailUrl":"https:\/\/i0.wp.com\/luxonomy.net\/wp-content\/uploads\/2023\/06\/bis-coffee-cup-mockup-in-a-modern-kitchen-a12273.jpg?fit=1280%2C720&ssl=1","keywords":["1 hora","14h de Madrid","Barbour","Caf\u00e9 con","capital humano","centros comerciales","clientes","colombia","directo","director general","duraci\u00f3n","ecosistema omnicanal","El Corte Ingl\u00e9s","Emilio J. Luj\u00e1n","Empresariales","espa\u00f1a","europa","Eventos","evoluci\u00f3n","experiencia","expertos","fecha","formato online","hora","IESE","inscripciones gratuitas","interconexi\u00f3n","latinoam\u00e9rica","Luxonomy","marcas","martes 27 de junio","M\u00e9xico","Michael Kors","Moddo","multinacional espa\u00f1ola","mundo digital","mundo f\u00edsico","pa\u00edses","PDG","Pikolinos","profesores","Scalpers","sector del lujo","Skechers","soluciones omnicanal","soluciones tecnol\u00f3gicas","Sprinter","tecnolog\u00eda para retail","TheFashionMBA","TheLuxuryMBA","tiendas","venta sin fronteras"],"articleSection":["Caf\u00e9 con"],"inLanguage":"es","potentialAction":[{"@type":"CommentAction","name":"Comment","target":["https:\/\/luxonomy.net\/es\/cafe-con-experiencias-reales-con-expertos\/#respond"]}]},{"@type":"WebPage","@id":"https:\/\/luxonomy.net\/es\/cafe-con-experiencias-reales-con-expertos\/","url":"https:\/\/luxonomy.net\/es\/cafe-con-experiencias-reales-con-expertos\/","name":"\"Caf\u00e9 con\", experiencias reales con expertos | LUXONOMY","isPartOf":{"@id":"https:\/\/luxonomy.net\/es\/#website"},"primaryImageOfPage":{"@id":"https:\/\/luxonomy.net\/es\/cafe-con-experiencias-reales-con-expertos\/#primaryimage"},"image":{"@id":"https:\/\/luxonomy.net\/es\/cafe-con-experiencias-reales-con-expertos\/#primaryimage"},"thumbnailUrl":"https:\/\/i0.wp.com\/luxonomy.net\/wp-content\/uploads\/2023\/06\/bis-coffee-cup-mockup-in-a-modern-kitchen-a12273.jpg?fit=1280%2C720&ssl=1","datePublished":"2023-06-12T15:19:45+00:00","dateModified":"2023-06-14T11:01:42+00:00","breadcrumb":{"@id":"https:\/\/luxonomy.net\/es\/cafe-con-experiencias-reales-con-expertos\/#breadcrumb"},"inLanguage":"es","potentialAction":[{"@type":"ReadAction","target":["https:\/\/luxonomy.net\/es\/cafe-con-experiencias-reales-con-expertos\/"]}]},{"@type":"ImageObject","inLanguage":"es","@id":"https:\/\/luxonomy.net\/es\/cafe-con-experiencias-reales-con-expertos\/#primaryimage","url":"https:\/\/i0.wp.com\/luxonomy.net\/wp-content\/uploads\/2023\/06\/bis-coffee-cup-mockup-in-a-modern-kitchen-a12273.jpg?fit=1280%2C720&ssl=1","contentUrl":"https:\/\/i0.wp.com\/luxonomy.net\/wp-content\/uploads\/2023\/06\/bis-coffee-cup-mockup-in-a-modern-kitchen-a12273.jpg?fit=1280%2C720&ssl=1","width":1280,"height":720},{"@type":"BreadcrumbList","@id":"https:\/\/luxonomy.net\/es\/cafe-con-experiencias-reales-con-expertos\/#breadcrumb","itemListElement":[{"@type":"ListItem","position":1,"name":"Portada","item":"https:\/\/luxonomy.net\/es\/"},{"@type":"ListItem","position":2,"name":"&#8220;Caf\u00e9 con&#8221;, experiencias reales con expertos"}]},{"@type":"WebSite","@id":"https:\/\/luxonomy.net\/es\/#website","url":"https:\/\/luxonomy.net\/es\/","name":"LUXONOMY","description":"The Economy of Fashion &amp; Luxury","publisher":{"@id":"https:\/\/luxonomy.net\/es\/#organization"},"potentialAction":[{"@type":"SearchAction","target":{"@type":"EntryPoint","urlTemplate":"https:\/\/luxonomy.net\/es\/?s={search_term_string}"},"query-input":{"@type":"PropertyValueSpecification","valueRequired":true,"valueName":"search_term_string"}}],"inLanguage":"es"},{"@type":"Organization","@id":"https:\/\/luxonomy.net\/es\/#organization","name":"LUXONOMY","url":"https:\/\/luxonomy.net\/es\/","logo":{"@type":"ImageObject","inLanguage":"es","@id":"https:\/\/luxonomy.net\/es\/#\/schema\/logo\/image\/","url":"https:\/\/i2.wp.com\/luxonomy.net\/wp-content\/uploads\/2021\/09\/MOCKUP-TODOS-LUXONOMY.jpg?fit=1000%2C515&ssl=1","contentUrl":"https:\/\/i2.wp.com\/luxonomy.net\/wp-content\/uploads\/2021\/09\/MOCKUP-TODOS-LUXONOMY.jpg?fit=1000%2C515&ssl=1","width":1000,"height":515,"caption":"LUXONOMY"},"image":{"@id":"https:\/\/luxonomy.net\/es\/#\/schema\/logo\/image\/"},"sameAs":["https:\/\/www.facebook.com\/luxonomy","https:\/\/www.instagram.com\/luxonomy\/","https:\/\/www.linkedin.com\/company\/luxonomy\/"]},{"@type":"Person","@id":"https:\/\/luxonomy.net\/es\/#\/schema\/person\/ca588d8b741a1fdd9065289c8d98ee8c","name":"LUXONOMY","image":{"@type":"ImageObject","inLanguage":"es","@id":"https:\/\/luxonomy.net\/wp-content\/litespeed\/avatar\/a6436cdb14fdaf9c21808e63d0da2055.jpg?ver=1787761934","url":"https:\/\/luxonomy.net\/wp-content\/litespeed\/avatar\/a6436cdb14fdaf9c21808e63d0da2055.jpg?ver=1787761934","contentUrl":"https:\/\/luxonomy.net\/wp-content\/litespeed\/avatar\/a6436cdb14fdaf9c21808e63d0da2055.jpg?ver=1787761934","caption":"LUXONOMY"},"sameAs":["https:\/"],"url":"https:\/\/luxonomy.net\/es\/author\/luxonomy\/"}]}},"jetpack_publicize_connections":[],"jetpack_shortlink":"https:\/\/wp.me\/paPhBa-951","jetpack_sharing_enabled":true,"jetpack_featured_media_url":"https:\/\/i0.wp.com\/luxonomy.net\/wp-content\/uploads\/2023\/06\/bis-coffee-cup-mockup-in-a-modern-kitchen-a12273.jpg?fit=1280%2C720&ssl=1","_links":{"self":[{"href":"https:\/\/luxonomy.net\/es\/wp-json\/wp\/v2\/posts\/34907","targetHints":{"allow":["GET"]}}],"collection":[{"href":"https:\/\/luxonomy.net\/es\/wp-json\/wp\/v2\/posts"}],"about":[{"href":"https:\/\/luxonomy.net\/es\/wp-json\/wp\/v2\/types\/post"}],"author":[{"embeddable":true,"href":"https:\/\/luxonomy.net\/es\/wp-json\/wp\/v2\/users\/1"}],"replies":[{"embeddable":true,"href":"https:\/\/luxonomy.net\/es\/wp-json\/wp\/v2\/comments?post=34907"}],"version-history":[{"count":4,"href":"https:\/\/luxonomy.net\/es\/wp-json\/wp\/v2\/posts\/34907\/revisions"}],"predecessor-version":[{"id":34942,"href":"https:\/\/luxonomy.net\/es\/wp-json\/wp\/v2\/posts\/34907\/revisions\/34942"}],"wp:featuredmedia":[{"embeddable":true,"href":"https:\/\/luxonomy.net\/es\/wp-json\/wp\/v2\/media\/34908"}],"wp:attachment":[{"href":"https:\/\/luxonomy.net\/es\/wp-json\/wp\/v2\/media?parent=34907"}],"wp:term":[{"taxonomy":"category","embeddable":true,"href":"https:\/\/luxonomy.net\/es\/wp-json\/wp\/v2\/categories?post=34907"},{"taxonomy":"post_tag","embeddable":true,"href":"https:\/\/luxonomy.net\/es\/wp-json\/wp\/v2\/tags?post=34907"},{"taxonomy":"thb-sponsors","embeddable":true,"href":"https:\/\/luxonomy.net\/es\/wp-json\/wp\/v2\/thb-sponsors?post=34907"}],"curies":[{"name":"wp","href":"https:\/\/api.w.org\/{rel}","templated":true}]}}