{"id":34783,"date":"2023-06-06T12:28:04","date_gmt":"2023-06-06T10:28:04","guid":{"rendered":"https:\/?p=34783"},"modified":"2023-06-06T12:28:04","modified_gmt":"2023-06-06T10:28:04","slug":"apple-da-el-empujon-definitivo-al-internet-inmersivo-del-metaverso","status":"publish","type":"post","link":"https:\/\/luxonomy.net\/es\/apple-da-el-empujon-definitivo-al-internet-inmersivo-del-metaverso\/","title":{"rendered":"Apple da el empuj\u00f3n definitivo al Internet Inmersivo del Metaverso"},"content":{"rendered":"<p>La innovaci\u00f3n nunca se detiene en <strong>Apple<\/strong>, y el \u00faltimo testamento de esta afirmaci\u00f3n es el lanzamiento de las <strong>Apple Vision Pro<\/strong>, sus revolucionarias gafas de realidad aumentada. Atravesando los l\u00edmites de la tecnolog\u00eda, estas gafas est\u00e1n dise\u00f1adas para <strong>cambiar la forma en que interactuamos con el mundo digital y f\u00edsico.<\/strong> Ayer lunes 5 de mayo, durante su evento en la Conferencia Mundial de Desarrolladores (<b>WWDC23<\/b>),\u00a0<b>Apple\u00a0<\/b>present\u00f3 su nuevo producto: las\u00a0 gafas de realidad aumentada llamadas Vision Pro, <strong>el empuj\u00f3n definitivo al Internet Inmersivo y el Metaverso<\/strong>.<\/p>\n<p>El sistema Visi\u00f3n Pro representa un salto cu\u00e1ntico en la tecnolog\u00eda de visualizaci\u00f3n. Esta innovadora integraci\u00f3n ofrece a los usuarios una experiencia de realidad mixta sin precedentes que desaf\u00eda los l\u00edmites de lo posible.<\/p>\n<div class=\"bbc-19j92fr ebmt73l0\" dir=\"ltr\">\n<p class=\"bbc-hhl7in e17g058b0\" dir=\"ltr\">Tim Cook ha indicado que las gafas permiten a los usuarios <b>&#8220;ver, escuchar e interactuar con contenido digital como si estuviera en su espacio f\u00edsico&#8221;.<\/b><\/p>\n<\/div>\n<div class=\"bbc-19j92fr ebmt73l0\" dir=\"ltr\">\n<p class=\"bbc-hhl7in e17g058b0\" dir=\"ltr\">Se controla usando una\u00a0<b>combinaci\u00f3n de gestos con las manos, ojos y voz.\u00a0<\/b>Por ejemplo, para seleccionar cosas o moverlas hay que juntar los dedos como cuando se usa una pantalla t\u00e1ctil.<\/p>\n<\/div>\n<div class=\"bbc-19j92fr ebmt73l0\" dir=\"ltr\">\n<p class=\"bbc-hhl7in e17g058b0\" dir=\"ltr\">Los usuarios pueden acceder a aplicaciones, ver pel\u00edculas y escribir documentos en un mundo virtual, <strong>sin necesidad de ordenador<\/strong>.<\/p>\n<div class=\"bbc-19j92fr ebmt73l0\" dir=\"ltr\">\n<p class=\"bbc-hhl7in e17g058b0\" dir=\"ltr\">Las Apple Vision Pro tendr\u00e1n un precio de lanzamiento de US$3.499 y estar\u00e1n disponibles desde comienzos de 2024, primero en EE.UU.<\/p>\n<\/div>\n<\/div>\n<h2>Caracter\u00edsticas Clave de las Apple Vision Pro<\/h2>\n<p>Las Apple Vision Pro destacan en el mercado por sus caracter\u00edsticas innovadoras, convirti\u00e9ndolas en un componente esencial en la evoluci\u00f3n de la tecnolog\u00eda de realidad aumentada.<\/p><div id=\"luxon-3818139717\" class=\"luxon-3er-parrafo luxon-entity-placement\" style=\"margin-top: 20px;margin-bottom: 20px;margin-left: auto;margin-right: auto;text-align: center;\"><a href=\"https:\/\/luxonomy.university\/course\/master-turismo-de-lujo\" target=\"_blank\" aria-label=\"master-turismo-lujo-2026-2027\"><img loading=\"lazy\" decoding=\"async\" src=\"https:\/\/i0.wp.com\/luxonomy.net\/wp-content\/uploads\/2020\/07\/master-turismo-lujo-2026-2027.jpg?fit=1672%2C941&#038;ssl=1\" alt=\"\"  srcset=\"https:\/\/i0.wp.com\/luxonomy.net\/wp-content\/uploads\/2020\/07\/master-turismo-lujo-2026-2027.jpg?w=1672&ssl=1 1672w, https:\/\/i0.wp.com\/luxonomy.net\/wp-content\/uploads\/2020\/07\/master-turismo-lujo-2026-2027.jpg?resize=300%2C169&ssl=1 300w, https:\/\/i0.wp.com\/luxonomy.net\/wp-content\/uploads\/2020\/07\/master-turismo-lujo-2026-2027.jpg?resize=1024%2C576&ssl=1 1024w, https:\/\/i0.wp.com\/luxonomy.net\/wp-content\/uploads\/2020\/07\/master-turismo-lujo-2026-2027.jpg?resize=768%2C432&ssl=1 768w, https:\/\/i0.wp.com\/luxonomy.net\/wp-content\/uploads\/2020\/07\/master-turismo-lujo-2026-2027.jpg?resize=1536%2C864&ssl=1 1536w, https:\/\/i0.wp.com\/luxonomy.net\/wp-content\/uploads\/2020\/07\/master-turismo-lujo-2026-2027.jpg?resize=370%2C208&ssl=1 370w, https:\/\/i0.wp.com\/luxonomy.net\/wp-content\/uploads\/2020\/07\/master-turismo-lujo-2026-2027.jpg?resize=800%2C450&ssl=1 800w, https:\/\/i0.wp.com\/luxonomy.net\/wp-content\/uploads\/2020\/07\/master-turismo-lujo-2026-2027.jpg?resize=20%2C11&ssl=1 20w, https:\/\/i0.wp.com\/luxonomy.net\/wp-content\/uploads\/2020\/07\/master-turismo-lujo-2026-2027.jpg?resize=740%2C416&ssl=1 740w, https:\/\/i0.wp.com\/luxonomy.net\/wp-content\/uploads\/2020\/07\/master-turismo-lujo-2026-2027.jpg?resize=1600%2C900&ssl=1 1600w, https:\/\/i0.wp.com\/luxonomy.net\/wp-content\/uploads\/2020\/07\/master-turismo-lujo-2026-2027.jpg?resize=1200%2C675&ssl=1 1200w, https:\/\/i0.wp.com\/luxonomy.net\/wp-content\/uploads\/2020\/07\/master-turismo-lujo-2026-2027.jpg?resize=85%2C48&ssl=1 85w\" sizes=\"(max-width: 1170px) 100vw, 1170px\" class=\"no-lazyload\" width=\"1672\" height=\"941\"   \/><\/a><\/div>\n<p><img loading=\"lazy\" decoding=\"async\" data-attachment-id=\"34792\" data-permalink=\"https:\/\/luxonomy.net\/es\/apple-da-el-empujon-definitivo-al-internet-inmersivo-del-metaverso\/apple-vision-pro\/\" data-orig-file=\"https:\/\/i0.wp.com\/luxonomy.net\/wp-content\/uploads\/2023\/06\/apple-vision-pro.jpeg?fit=640%2C420&amp;ssl=1\" data-orig-size=\"640,420\" data-comments-opened=\"1\" data-image-title=\"apple vision pro\" data-image-description=\"\" data-image-caption=\"\" data-large-file=\"https:\/\/i0.wp.com\/luxonomy.net\/wp-content\/uploads\/2023\/06\/apple-vision-pro.jpeg?fit=640%2C420&amp;ssl=1\" class=\"aligncenter size-full wp-image-34792 lazyload\" src=\"data:image\/gif;base64,R0lGODlhAQABAAAAACH5BAEKAAEALAAAAAABAAEAAAICTAEAOw==\" data-src=\"http:\/\/luxonomy.net\/wp-content\/uploads\/2023\/06\/apple-vision-pro.jpeg\" alt=\"\" width=\"640\" height=\"420\" data-sizes=\"auto\" data-srcset=\"https:\/\/i0.wp.com\/luxonomy.net\/wp-content\/uploads\/2023\/06\/apple-vision-pro.jpeg?w=640&amp;ssl=1 640w, https:\/\/i0.wp.com\/luxonomy.net\/wp-content\/uploads\/2023\/06\/apple-vision-pro.jpeg?resize=300%2C197&amp;ssl=1 300w, https:\/\/i0.wp.com\/luxonomy.net\/wp-content\/uploads\/2023\/06\/apple-vision-pro.jpeg?resize=370%2C243&amp;ssl=1 370w, https:\/\/i0.wp.com\/luxonomy.net\/wp-content\/uploads\/2023\/06\/apple-vision-pro.jpeg?resize=20%2C13&amp;ssl=1 20w, https:\/\/i0.wp.com\/luxonomy.net\/wp-content\/uploads\/2023\/06\/apple-vision-pro.jpeg?resize=600%2C394&amp;ssl=1 600w, https:\/\/i0.wp.com\/luxonomy.net\/wp-content\/uploads\/2023\/06\/apple-vision-pro.jpeg?resize=73%2C48&amp;ssl=1 73w\" sizes=\"auto, (max-width: 640px) 100vw, 640px\" \/><\/p>\n<h3>Dise\u00f1o Est\u00e9tico y C\u00f3modo<\/h3>\n<p>Las Apple Vision Pro combinan elegancia y comodidad, proporcionando una experiencia de usuario sin igual. La ligereza de sus materiales permite el uso prolongado sin incomodidades, manteniendo su durabilidad y resistencia.<\/p>\n<h3>Tecnolog\u00eda Punta<\/h3>\n<p>La avanzada tecnolog\u00eda integrada en las Apple Vision Pro incluye una pantalla de alta resoluci\u00f3n, rastreo ocular y reconocimiento de gestos. Esto garantiza una experiencia de realidad aumentada altamente interactiva y convincente.<\/p>\n<p><img loading=\"lazy\" decoding=\"async\" data-attachment-id=\"34790\" data-permalink=\"https:\/\/luxonomy.net\/es\/apple-da-el-empujon-definitivo-al-internet-inmersivo-del-metaverso\/apple-vision-2\/\" data-orig-file=\"https:\/\/i0.wp.com\/luxonomy.net\/wp-content\/uploads\/2023\/06\/apple-vision-2.jpeg?fit=700%2C467&amp;ssl=1\" data-orig-size=\"700,467\" data-comments-opened=\"1\" data-image-title=\"apple vision 2\" data-image-description=\"\" data-image-caption=\"\" data-large-file=\"https:\/\/i0.wp.com\/luxonomy.net\/wp-content\/uploads\/2023\/06\/apple-vision-2.jpeg?fit=700%2C467&amp;ssl=1\" class=\"aligncenter size-full wp-image-34790 lazyload\" src=\"data:image\/gif;base64,R0lGODlhAQABAAAAACH5BAEKAAEALAAAAAABAAEAAAICTAEAOw==\" data-src=\"http:\/\/luxonomy.net\/wp-content\/uploads\/2023\/06\/apple-vision-2.jpeg\" alt=\"\" width=\"700\" height=\"467\" data-sizes=\"auto\" data-srcset=\"https:\/\/i0.wp.com\/luxonomy.net\/wp-content\/uploads\/2023\/06\/apple-vision-2.jpeg?w=700&amp;ssl=1 700w, https:\/\/i0.wp.com\/luxonomy.net\/wp-content\/uploads\/2023\/06\/apple-vision-2.jpeg?resize=300%2C200&amp;ssl=1 300w, https:\/\/i0.wp.com\/luxonomy.net\/wp-content\/uploads\/2023\/06\/apple-vision-2.jpeg?resize=370%2C247&amp;ssl=1 370w, https:\/\/i0.wp.com\/luxonomy.net\/wp-content\/uploads\/2023\/06\/apple-vision-2.jpeg?resize=20%2C13&amp;ssl=1 20w, https:\/\/i0.wp.com\/luxonomy.net\/wp-content\/uploads\/2023\/06\/apple-vision-2.jpeg?resize=600%2C400&amp;ssl=1 600w, https:\/\/i0.wp.com\/luxonomy.net\/wp-content\/uploads\/2023\/06\/apple-vision-2.jpeg?resize=72%2C48&amp;ssl=1 72w\" sizes=\"auto, (max-width: 700px) 100vw, 700px\" \/><\/p>\n<h3>Integraci\u00f3n Perfecta con el Ecosistema Apple<\/h3>\n<p>Las gafas de realidad aumentada se integran perfectamente con todos los dispositivos Apple. Esto permite una sincronizaci\u00f3n inmediata con tu iPhone, iPad y Mac, proporcionando una experiencia de usuario fluida y sin fisuras.<\/p>\n<h2>Los Avances T\u00e9cnicos del Apple Vision Pro<\/h2>\n<p>Las Apple Vision Pro est\u00e1 a la vanguardia de la tecnolog\u00eda de realidad aumentada, presentando avances significativos que permiten una experiencia envolvente y realista.<\/p><div id=\"luxon-3817066413\" class=\"luxon-7-parrafo luxon-entity-placement\" style=\"margin-top: 20px;margin-bottom: 20px;margin-left: auto;margin-right: auto;text-align: center;\"><a href=\"https:\/\/theintelligence.institute\/course\/inteligencia-artificial-para-directivos\" target=\"_blank\" aria-label=\"CSIAD_empresas_THEI_horizontal_4x3_v5\"><img loading=\"lazy\" decoding=\"async\" src=\"https:\/\/i0.wp.com\/luxonomy.net\/wp-content\/uploads\/2025\/08\/CSIAD_empresas_THEI_horizontal_4x3_v5.png?fit=2000%2C1500&#038;ssl=1\" alt=\"\"  srcset=\"https:\/\/i0.wp.com\/luxonomy.net\/wp-content\/uploads\/2025\/08\/CSIAD_empresas_THEI_horizontal_4x3_v5.png?w=2000&ssl=1 2000w, https:\/\/i0.wp.com\/luxonomy.net\/wp-content\/uploads\/2025\/08\/CSIAD_empresas_THEI_horizontal_4x3_v5.png?resize=300%2C225&ssl=1 300w, https:\/\/i0.wp.com\/luxonomy.net\/wp-content\/uploads\/2025\/08\/CSIAD_empresas_THEI_horizontal_4x3_v5.png?resize=1024%2C768&ssl=1 1024w, https:\/\/i0.wp.com\/luxonomy.net\/wp-content\/uploads\/2025\/08\/CSIAD_empresas_THEI_horizontal_4x3_v5.png?resize=768%2C576&ssl=1 768w, https:\/\/i0.wp.com\/luxonomy.net\/wp-content\/uploads\/2025\/08\/CSIAD_empresas_THEI_horizontal_4x3_v5.png?resize=1536%2C1152&ssl=1 1536w, https:\/\/i0.wp.com\/luxonomy.net\/wp-content\/uploads\/2025\/08\/CSIAD_empresas_THEI_horizontal_4x3_v5.png?resize=370%2C278&ssl=1 370w, https:\/\/i0.wp.com\/luxonomy.net\/wp-content\/uploads\/2025\/08\/CSIAD_empresas_THEI_horizontal_4x3_v5.png?resize=800%2C600&ssl=1 800w, https:\/\/i0.wp.com\/luxonomy.net\/wp-content\/uploads\/2025\/08\/CSIAD_empresas_THEI_horizontal_4x3_v5.png?resize=20%2C15&ssl=1 20w, https:\/\/i0.wp.com\/luxonomy.net\/wp-content\/uploads\/2025\/08\/CSIAD_empresas_THEI_horizontal_4x3_v5.png?resize=740%2C555&ssl=1 740w, https:\/\/i0.wp.com\/luxonomy.net\/wp-content\/uploads\/2025\/08\/CSIAD_empresas_THEI_horizontal_4x3_v5.png?resize=1600%2C1200&ssl=1 1600w, https:\/\/i0.wp.com\/luxonomy.net\/wp-content\/uploads\/2025\/08\/CSIAD_empresas_THEI_horizontal_4x3_v5.png?resize=1200%2C900&ssl=1 1200w, https:\/\/i0.wp.com\/luxonomy.net\/wp-content\/uploads\/2025\/08\/CSIAD_empresas_THEI_horizontal_4x3_v5.png?resize=64%2C48&ssl=1 64w\" sizes=\"(max-width: 1170px) 100vw, 1170px\" class=\"no-lazyload\" width=\"2000\" height=\"1500\"   \/><\/a><\/div>\n<h3>Procesamiento de Im\u00e1genes<\/h3>\n<p>La calidad de la imagen es crucial para una experiencia de realidad aumentada convincente. Las Apple Vision Pro utiliza tecnolog\u00eda avanzada de procesamiento de im\u00e1genes para proporcionar im\u00e1genes claras y detalladas.<\/p>\n<h3>Realidad Mixta<\/h3>\n<p>Las gafas Apple Vision Pro permiten la coexistencia de objetos virtuales y f\u00edsicos, proporcionando una experiencia de realidad mixta. Esto permite a los usuarios interactuar con ambos tipos de objetos de una manera integrada.<\/p>\n<h2>El Futuro con Apple Vision Pro<\/h2>\n<p>Las Apple Vision Pro no solo est\u00e1n cambiando nuestra percepci\u00f3n de la realidad, sino que tambi\u00e9n est\u00e1n redefiniendo nuestra relaci\u00f3n con la tecnolog\u00eda. Con su capacidad para mezclar el mundo f\u00edsico y digital de una manera intuitiva y convincente, las gafas de realidad aumentada de Apple est\u00e1n estableciendo un nuevo est\u00e1ndar en el campo de la realidad aumentada.<\/p>\n<p>Al brindar una experiencia de usuario excepcional a trav\u00e9s de su dise\u00f1o elegante, tecnolog\u00eda avanzada y perfecta integraci\u00f3n con el ecosistema Apple, el Apple Vision Pro es un testimonio de la dedicaci\u00f3n de Apple a la innovaci\u00f3n y la excelencia. A medida que continuamos explorando y experimentando con estas gafas de realidad aumentada, podemos esperar que la brecha entre la tecnolog\u00eda y la realidad se cierre a\u00fan m\u00e1s.<\/p>\n<p><img loading=\"lazy\" decoding=\"async\" data-attachment-id=\"34794\" data-permalink=\"https:\/\/luxonomy.net\/es\/apple-da-el-empujon-definitivo-al-internet-inmersivo-del-metaverso\/apple-vision-pro-2\/\" data-orig-file=\"https:\/\/i0.wp.com\/luxonomy.net\/wp-content\/uploads\/2023\/06\/apple-vision-pro-2.jpg?fit=1920%2C1080&amp;ssl=1\" data-orig-size=\"1920,1080\" data-comments-opened=\"1\" data-image-title=\"apple vision pro 2\" data-image-description=\"\" data-image-caption=\"\" data-large-file=\"https:\/\/i0.wp.com\/luxonomy.net\/wp-content\/uploads\/2023\/06\/apple-vision-pro-2.jpg?fit=1024%2C576&amp;ssl=1\" class=\"aligncenter size-full wp-image-34794 lazyload\" src=\"data:image\/gif;base64,R0lGODlhAQABAAAAACH5BAEKAAEALAAAAAABAAEAAAICTAEAOw==\" data-src=\"http:\/\/luxonomy.net\/wp-content\/uploads\/2023\/06\/apple-vision-pro-2.jpg\" alt=\"\" width=\"1920\" height=\"1080\" data-sizes=\"auto\" data-srcset=\"https:\/\/i0.wp.com\/luxonomy.net\/wp-content\/uploads\/2023\/06\/apple-vision-pro-2.jpg?w=1920&amp;ssl=1 1920w, https:\/\/i0.wp.com\/luxonomy.net\/wp-content\/uploads\/2023\/06\/apple-vision-pro-2.jpg?resize=300%2C169&amp;ssl=1 300w, https:\/\/i0.wp.com\/luxonomy.net\/wp-content\/uploads\/2023\/06\/apple-vision-pro-2.jpg?resize=1024%2C576&amp;ssl=1 1024w, https:\/\/i0.wp.com\/luxonomy.net\/wp-content\/uploads\/2023\/06\/apple-vision-pro-2.jpg?resize=768%2C432&amp;ssl=1 768w, https:\/\/i0.wp.com\/luxonomy.net\/wp-content\/uploads\/2023\/06\/apple-vision-pro-2.jpg?resize=1536%2C864&amp;ssl=1 1536w, https:\/\/i0.wp.com\/luxonomy.net\/wp-content\/uploads\/2023\/06\/apple-vision-pro-2.jpg?resize=370%2C208&amp;ssl=1 370w, https:\/\/i0.wp.com\/luxonomy.net\/wp-content\/uploads\/2023\/06\/apple-vision-pro-2.jpg?resize=800%2C450&amp;ssl=1 800w, https:\/\/i0.wp.com\/luxonomy.net\/wp-content\/uploads\/2023\/06\/apple-vision-pro-2.jpg?resize=20%2C11&amp;ssl=1 20w, https:\/\/i0.wp.com\/luxonomy.net\/wp-content\/uploads\/2023\/06\/apple-vision-pro-2.jpg?resize=740%2C416&amp;ssl=1 740w, https:\/\/i0.wp.com\/luxonomy.net\/wp-content\/uploads\/2023\/06\/apple-vision-pro-2.jpg?resize=1600%2C900&amp;ssl=1 1600w, https:\/\/i0.wp.com\/luxonomy.net\/wp-content\/uploads\/2023\/06\/apple-vision-pro-2.jpg?resize=600%2C338&amp;ssl=1 600w, https:\/\/i0.wp.com\/luxonomy.net\/wp-content\/uploads\/2023\/06\/apple-vision-pro-2.jpg?resize=85%2C48&amp;ssl=1 85w\" sizes=\"auto, (max-width: 1170px) 100vw, 1170px\" \/><\/p>\n<p>Las Apple Vision Pro representa una nueva era de interacci\u00f3n con la tecnolog\u00eda, una que trasciende las pantallas y se integra de manera fluida en nuestro mundo. Con las Apple Vision Pro, el futuro est\u00e1 literalmente ante nuestros ojos.<\/p>\n","protected":false},"excerpt":{"rendered":"<p>La innovaci\u00f3n nunca se detiene en Apple, y el \u00faltimo testamento de esta afirmaci\u00f3n es el lanzamiento de las Apple Vision Pro, sus revolucionarias gafas de realidad aumentada. Atravesando los l\u00edmites de la tecnolog\u00eda, estas gafas est\u00e1n dise\u00f1adas para cambiar la forma en que interactuamos con el mundo digital y f\u00edsico. Ayer lunes 5 de&hellip;<\/p>\n","protected":false},"author":19,"featured_media":34784,"comment_status":"open","ping_status":"open","sticky":false,"template":"","format":"video","meta":{"_jetpack_newsletter_access":"","_jetpack_dont_email_post_to_subs":false,"_jetpack_newsletter_tier_id":0,"_jetpack_memberships_contains_paywalled_content":false,"_jetpack_feature_clip_id":0,"_jetpack_memberships_contains_paid_content":false,"footnotes":"","jetpack_publicize_message":"Apple da el empuj\u00f3n definitivo al Internet Inmersivo del Metaverso\r\n\r\nLa innovaci\u00f3n nunca se detiene en Apple, y el \u00faltimo testamento de esta afirmaci\u00f3n es el lanzamiento de las Apple Vision Pro, sus revolucionarias gafas de realidad aumentada. Atravesando los l\u00edmites de la tecnolog\u00eda, estas gafas est\u00e1n dise\u00f1adas para cambiar la forma en que interactuamos con el mundo digital y f\u00edsico. Ayer lunes 5 de mayo, durante su evento en la Conferencia Mundial de Desarrolladores (WWDC23),\u00a0Apple\u00a0present\u00f3 su nuevo producto: las\u00a0 gafas de realidad aumentada llamadas Vision Pro, el empuj\u00f3n definitivo al Internet Inmersivo y el Metaverso.","jetpack_publicize_feature_enabled":true,"jetpack_social_post_already_shared":true,"jetpack_social_options":{"image_generator_settings":{"template":"edge","default_image_id":0,"font":"","enabled":false},"version":2},"jetpack_post_was_ever_published":false},"categories":[1672,799,1376,541],"tags":[842,5224,1262,327],"thb-sponsors":[],"class_list":["post-34783","post","type-post","status-publish","format-video","has-post-thumbnail","hentry","category-actualidad","category-luxonomy-tv","category-metaverso","category-tech","tag-apple","tag-apple-vision-pro","tag-metaverso","tag-tecnologia","post_format-post-format-video"],"yoast_head":"<!-- This site is optimized with the Yoast SEO plugin v28.4 - https:\/\/yoast.com\/product\/yoast-seo-wordpress\/ -->\n<title>Apple da el empuj\u00f3n definitivo al Internet Inmersivo del Metaverso | LUXONOMY<\/title>\n<meta name=\"robots\" content=\"index, follow, max-snippet:-1, max-image-preview:large, max-video-preview:-1\" \/>\n<link rel=\"canonical\" href=\"https:\/\/luxonomy.net\/es\/apple-da-el-empujon-definitivo-al-internet-inmersivo-del-metaverso\/\" \/>\n<meta property=\"og:locale\" content=\"es_ES\" \/>\n<meta property=\"og:type\" content=\"article\" \/>\n<meta property=\"og:title\" content=\"Apple da el empuj\u00f3n definitivo al Internet Inmersivo del Metaverso | LUXONOMY\" \/>\n<meta property=\"og:description\" content=\"La innovaci\u00f3n nunca se detiene en Apple, y el \u00faltimo testamento de esta afirmaci\u00f3n es el lanzamiento de las Apple Vision Pro, sus revolucionarias gafas de realidad aumentada. Atravesando los l\u00edmites de la tecnolog\u00eda, estas gafas est\u00e1n dise\u00f1adas para cambiar la forma en que interactuamos con el mundo digital y f\u00edsico. Ayer lunes 5 de&hellip;\" \/>\n<meta property=\"og:url\" content=\"https:\/\/luxonomy.net\/es\/apple-da-el-empujon-definitivo-al-internet-inmersivo-del-metaverso\/\" \/>\n<meta property=\"og:site_name\" content=\"LUXONOMY\" \/>\n<meta property=\"article:publisher\" content=\"https:\/\/www.facebook.com\/luxonomy\" \/>\n<meta property=\"article:published_time\" content=\"2023-06-06T10:28:04+00:00\" \/>\n<meta property=\"og:image\" content=\"https:\/\/i0.wp.com\/luxonomy.net\/wp-content\/uploads\/2023\/06\/apple-vision.jpg?fit=768%2C432&quality=89&ssl=1\" \/>\n\t<meta property=\"og:image:width\" content=\"768\" \/>\n\t<meta property=\"og:image:height\" content=\"432\" \/>\n\t<meta property=\"og:image:type\" content=\"image\/jpeg\" \/>\n<meta name=\"author\" content=\"Pablo Guti\u00e9rrez-Rav\u00e9 Villal\u00f3n\" \/>\n<meta name=\"twitter:card\" content=\"summary_large_image\" \/>\n<meta name=\"twitter:label1\" content=\"Escrito por\" \/>\n\t<meta name=\"twitter:data1\" content=\"Pablo Guti\u00e9rrez-Rav\u00e9 Villal\u00f3n\" \/>\n\t<meta name=\"twitter:label2\" content=\"Tiempo de lectura\" \/>\n\t<meta name=\"twitter:data2\" content=\"4 minutos\" \/>\n<script type=\"application\/ld+json\" class=\"yoast-schema-graph\">{\"@context\":\"https:\\\/\\\/schema.org\",\"@graph\":[{\"@type\":\"Article\",\"@id\":\"https:\\\/\\\/luxonomy.net\\\/es\\\/apple-da-el-empujon-definitivo-al-internet-inmersivo-del-metaverso\\\/#article\",\"isPartOf\":{\"@id\":\"https:\\\/\\\/luxonomy.net\\\/es\\\/apple-da-el-empujon-definitivo-al-internet-inmersivo-del-metaverso\\\/\"},\"author\":{\"name\":\"Pablo Guti\u00e9rrez-Rav\u00e9 Villal\u00f3n\",\"@id\":\"https:\\\/\\\/luxonomy.net\\\/es\\\/#\\\/schema\\\/person\\\/aca186356f30a813f61bbf19ba52c031\"},\"headline\":\"Apple da el empuj\u00f3n definitivo al Internet Inmersivo del Metaverso\",\"datePublished\":\"2023-06-06T10:28:04+00:00\",\"mainEntityOfPage\":{\"@id\":\"https:\\\/\\\/luxonomy.net\\\/es\\\/apple-da-el-empujon-definitivo-al-internet-inmersivo-del-metaverso\\\/\"},\"wordCount\":703,\"commentCount\":0,\"publisher\":{\"@id\":\"https:\\\/\\\/luxonomy.net\\\/es\\\/#organization\"},\"image\":{\"@id\":\"https:\\\/\\\/luxonomy.net\\\/es\\\/apple-da-el-empujon-definitivo-al-internet-inmersivo-del-metaverso\\\/#primaryimage\"},\"thumbnailUrl\":\"https:\\\/\\\/i0.wp.com\\\/luxonomy.net\\\/wp-content\\\/uploads\\\/2023\\\/06\\\/apple-vision.jpg?fit=768%2C432&ssl=1\",\"keywords\":[\"Apple\",\"Apple Vision Pro\",\"metaverso\",\"tecnolog\u00eda\"],\"articleSection\":[\"Actualidad\",\"LUXONOMY TV\",\"Metaverso\",\"Tech\"],\"inLanguage\":\"es\",\"potentialAction\":[{\"@type\":\"CommentAction\",\"name\":\"Comment\",\"target\":[\"https:\\\/\\\/luxonomy.net\\\/es\\\/apple-da-el-empujon-definitivo-al-internet-inmersivo-del-metaverso\\\/#respond\"]}]},{\"@type\":\"WebPage\",\"@id\":\"https:\\\/\\\/luxonomy.net\\\/es\\\/apple-da-el-empujon-definitivo-al-internet-inmersivo-del-metaverso\\\/\",\"url\":\"https:\\\/\\\/luxonomy.net\\\/es\\\/apple-da-el-empujon-definitivo-al-internet-inmersivo-del-metaverso\\\/\",\"name\":\"Apple da el empuj\u00f3n definitivo al Internet Inmersivo del Metaverso | LUXONOMY\",\"isPartOf\":{\"@id\":\"https:\\\/\\\/luxonomy.net\\\/es\\\/#website\"},\"primaryImageOfPage\":{\"@id\":\"https:\\\/\\\/luxonomy.net\\\/es\\\/apple-da-el-empujon-definitivo-al-internet-inmersivo-del-metaverso\\\/#primaryimage\"},\"image\":{\"@id\":\"https:\\\/\\\/luxonomy.net\\\/es\\\/apple-da-el-empujon-definitivo-al-internet-inmersivo-del-metaverso\\\/#primaryimage\"},\"thumbnailUrl\":\"https:\\\/\\\/i0.wp.com\\\/luxonomy.net\\\/wp-content\\\/uploads\\\/2023\\\/06\\\/apple-vision.jpg?fit=768%2C432&ssl=1\",\"datePublished\":\"2023-06-06T10:28:04+00:00\",\"breadcrumb\":{\"@id\":\"https:\\\/\\\/luxonomy.net\\\/es\\\/apple-da-el-empujon-definitivo-al-internet-inmersivo-del-metaverso\\\/#breadcrumb\"},\"inLanguage\":\"es\",\"potentialAction\":[{\"@type\":\"ReadAction\",\"target\":[\"https:\\\/\\\/luxonomy.net\\\/es\\\/apple-da-el-empujon-definitivo-al-internet-inmersivo-del-metaverso\\\/\"]}]},{\"@type\":\"ImageObject\",\"inLanguage\":\"es\",\"@id\":\"https:\\\/\\\/luxonomy.net\\\/es\\\/apple-da-el-empujon-definitivo-al-internet-inmersivo-del-metaverso\\\/#primaryimage\",\"url\":\"https:\\\/\\\/i0.wp.com\\\/luxonomy.net\\\/wp-content\\\/uploads\\\/2023\\\/06\\\/apple-vision.jpg?fit=768%2C432&ssl=1\",\"contentUrl\":\"https:\\\/\\\/i0.wp.com\\\/luxonomy.net\\\/wp-content\\\/uploads\\\/2023\\\/06\\\/apple-vision.jpg?fit=768%2C432&ssl=1\",\"width\":768,\"height\":432},{\"@type\":\"BreadcrumbList\",\"@id\":\"https:\\\/\\\/luxonomy.net\\\/es\\\/apple-da-el-empujon-definitivo-al-internet-inmersivo-del-metaverso\\\/#breadcrumb\",\"itemListElement\":[{\"@type\":\"ListItem\",\"position\":1,\"name\":\"Portada\",\"item\":\"https:\\\/\\\/luxonomy.net\\\/es\\\/\"},{\"@type\":\"ListItem\",\"position\":2,\"name\":\"Apple da el empuj\u00f3n definitivo al Internet Inmersivo del Metaverso\"}]},{\"@type\":\"WebSite\",\"@id\":\"https:\\\/\\\/luxonomy.net\\\/es\\\/#website\",\"url\":\"https:\\\/\\\/luxonomy.net\\\/es\\\/\",\"name\":\"LUXONOMY\",\"description\":\"The Economy of Fashion &amp; Luxury\",\"publisher\":{\"@id\":\"https:\\\/\\\/luxonomy.net\\\/es\\\/#organization\"},\"potentialAction\":[{\"@type\":\"SearchAction\",\"target\":{\"@type\":\"EntryPoint\",\"urlTemplate\":\"https:\\\/\\\/luxonomy.net\\\/es\\\/?s={search_term_string}\"},\"query-input\":{\"@type\":\"PropertyValueSpecification\",\"valueRequired\":true,\"valueName\":\"search_term_string\"}}],\"inLanguage\":\"es\"},{\"@type\":\"Organization\",\"@id\":\"https:\\\/\\\/luxonomy.net\\\/es\\\/#organization\",\"name\":\"LUXONOMY\",\"url\":\"https:\\\/\\\/luxonomy.net\\\/es\\\/\",\"logo\":{\"@type\":\"ImageObject\",\"inLanguage\":\"es\",\"@id\":\"https:\\\/\\\/luxonomy.net\\\/es\\\/#\\\/schema\\\/logo\\\/image\\\/\",\"url\":\"https:\\\/\\\/i2.wp.com\\\/luxonomy.net\\\/wp-content\\\/uploads\\\/2021\\\/09\\\/MOCKUP-TODOS-LUXONOMY.jpg?fit=1000%2C515&ssl=1\",\"contentUrl\":\"https:\\\/\\\/i2.wp.com\\\/luxonomy.net\\\/wp-content\\\/uploads\\\/2021\\\/09\\\/MOCKUP-TODOS-LUXONOMY.jpg?fit=1000%2C515&ssl=1\",\"width\":1000,\"height\":515,\"caption\":\"LUXONOMY\"},\"image\":{\"@id\":\"https:\\\/\\\/luxonomy.net\\\/es\\\/#\\\/schema\\\/logo\\\/image\\\/\"},\"sameAs\":[\"https:\\\/\\\/www.facebook.com\\\/luxonomy\",\"https:\\\/\\\/www.instagram.com\\\/luxonomy\\\/\",\"https:\\\/\\\/www.linkedin.com\\\/company\\\/luxonomy\\\/\"]},{\"@type\":\"Person\",\"@id\":\"https:\\\/\\\/luxonomy.net\\\/es\\\/#\\\/schema\\\/person\\\/aca186356f30a813f61bbf19ba52c031\",\"name\":\"Pablo Guti\u00e9rrez-Rav\u00e9 Villal\u00f3n\",\"image\":{\"@type\":\"ImageObject\",\"inLanguage\":\"es\",\"@id\":\"https:\\\/\\\/luxonomy.net\\\/wp-content\\\/litespeed\\\/avatar\\\/b80839bcd1d7840754b71e72cad801ce.jpg?ver=1788213692\",\"url\":\"https:\\\/\\\/luxonomy.net\\\/wp-content\\\/litespeed\\\/avatar\\\/b80839bcd1d7840754b71e72cad801ce.jpg?ver=1788213692\",\"contentUrl\":\"https:\\\/\\\/luxonomy.net\\\/wp-content\\\/litespeed\\\/avatar\\\/b80839bcd1d7840754b71e72cad801ce.jpg?ver=1788213692\",\"caption\":\"Pablo Guti\u00e9rrez-Rav\u00e9 Villal\u00f3n\"},\"description\":\"president LUXONOMY\u2122 Group\",\"sameAs\":[\"https:\\\/\\\/www.linkedin.com\\\/in\\\/pablogutierrezrave\\\/\"],\"url\":\"https:\\\/\\\/luxonomy.net\\\/es\\\/author\\\/pablo\\\/\"}]}<\/script>\n<!-- \/ Yoast SEO plugin. -->","yoast_head_json":{"title":"Apple da el empuj\u00f3n definitivo al Internet Inmersivo del Metaverso | LUXONOMY","robots":{"index":"index","follow":"follow","max-snippet":"max-snippet:-1","max-image-preview":"max-image-preview:large","max-video-preview":"max-video-preview:-1"},"canonical":"https:\/\/luxonomy.net\/es\/apple-da-el-empujon-definitivo-al-internet-inmersivo-del-metaverso\/","og_locale":"es_ES","og_type":"article","og_title":"Apple da el empuj\u00f3n definitivo al Internet Inmersivo del Metaverso | LUXONOMY","og_description":"La innovaci\u00f3n nunca se detiene en Apple, y el \u00faltimo testamento de esta afirmaci\u00f3n es el lanzamiento de las Apple Vision Pro, sus revolucionarias gafas de realidad aumentada. Atravesando los l\u00edmites de la tecnolog\u00eda, estas gafas est\u00e1n dise\u00f1adas para cambiar la forma en que interactuamos con el mundo digital y f\u00edsico. Ayer lunes 5 de&hellip;","og_url":"https:\/\/luxonomy.net\/es\/apple-da-el-empujon-definitivo-al-internet-inmersivo-del-metaverso\/","og_site_name":"LUXONOMY","article_publisher":"https:\/\/www.facebook.com\/luxonomy","article_published_time":"2023-06-06T10:28:04+00:00","og_image":[{"width":768,"height":432,"url":"https:\/\/i0.wp.com\/luxonomy.net\/wp-content\/uploads\/2023\/06\/apple-vision.jpg?fit=768%2C432&quality=89&ssl=1","type":"image\/jpeg"}],"author":"Pablo Guti\u00e9rrez-Rav\u00e9 Villal\u00f3n","twitter_card":"summary_large_image","twitter_misc":{"Escrito por":"Pablo Guti\u00e9rrez-Rav\u00e9 Villal\u00f3n","Tiempo de lectura":"4 minutos"},"schema":{"@context":"https:\/\/schema.org","@graph":[{"@type":"Article","@id":"https:\/\/luxonomy.net\/es\/apple-da-el-empujon-definitivo-al-internet-inmersivo-del-metaverso\/#article","isPartOf":{"@id":"https:\/\/luxonomy.net\/es\/apple-da-el-empujon-definitivo-al-internet-inmersivo-del-metaverso\/"},"author":{"name":"Pablo Guti\u00e9rrez-Rav\u00e9 Villal\u00f3n","@id":"https:\/\/luxonomy.net\/es\/#\/schema\/person\/aca186356f30a813f61bbf19ba52c031"},"headline":"Apple da el empuj\u00f3n definitivo al Internet Inmersivo del Metaverso","datePublished":"2023-06-06T10:28:04+00:00","mainEntityOfPage":{"@id":"https:\/\/luxonomy.net\/es\/apple-da-el-empujon-definitivo-al-internet-inmersivo-del-metaverso\/"},"wordCount":703,"commentCount":0,"publisher":{"@id":"https:\/\/luxonomy.net\/es\/#organization"},"image":{"@id":"https:\/\/luxonomy.net\/es\/apple-da-el-empujon-definitivo-al-internet-inmersivo-del-metaverso\/#primaryimage"},"thumbnailUrl":"https:\/\/i0.wp.com\/luxonomy.net\/wp-content\/uploads\/2023\/06\/apple-vision.jpg?fit=768%2C432&ssl=1","keywords":["Apple","Apple Vision Pro","metaverso","tecnolog\u00eda"],"articleSection":["Actualidad","LUXONOMY TV","Metaverso","Tech"],"inLanguage":"es","potentialAction":[{"@type":"CommentAction","name":"Comment","target":["https:\/\/luxonomy.net\/es\/apple-da-el-empujon-definitivo-al-internet-inmersivo-del-metaverso\/#respond"]}]},{"@type":"WebPage","@id":"https:\/\/luxonomy.net\/es\/apple-da-el-empujon-definitivo-al-internet-inmersivo-del-metaverso\/","url":"https:\/\/luxonomy.net\/es\/apple-da-el-empujon-definitivo-al-internet-inmersivo-del-metaverso\/","name":"Apple da el empuj\u00f3n definitivo al Internet Inmersivo del Metaverso | LUXONOMY","isPartOf":{"@id":"https:\/\/luxonomy.net\/es\/#website"},"primaryImageOfPage":{"@id":"https:\/\/luxonomy.net\/es\/apple-da-el-empujon-definitivo-al-internet-inmersivo-del-metaverso\/#primaryimage"},"image":{"@id":"https:\/\/luxonomy.net\/es\/apple-da-el-empujon-definitivo-al-internet-inmersivo-del-metaverso\/#primaryimage"},"thumbnailUrl":"https:\/\/i0.wp.com\/luxonomy.net\/wp-content\/uploads\/2023\/06\/apple-vision.jpg?fit=768%2C432&ssl=1","datePublished":"2023-06-06T10:28:04+00:00","breadcrumb":{"@id":"https:\/\/luxonomy.net\/es\/apple-da-el-empujon-definitivo-al-internet-inmersivo-del-metaverso\/#breadcrumb"},"inLanguage":"es","potentialAction":[{"@type":"ReadAction","target":["https:\/\/luxonomy.net\/es\/apple-da-el-empujon-definitivo-al-internet-inmersivo-del-metaverso\/"]}]},{"@type":"ImageObject","inLanguage":"es","@id":"https:\/\/luxonomy.net\/es\/apple-da-el-empujon-definitivo-al-internet-inmersivo-del-metaverso\/#primaryimage","url":"https:\/\/i0.wp.com\/luxonomy.net\/wp-content\/uploads\/2023\/06\/apple-vision.jpg?fit=768%2C432&ssl=1","contentUrl":"https:\/\/i0.wp.com\/luxonomy.net\/wp-content\/uploads\/2023\/06\/apple-vision.jpg?fit=768%2C432&ssl=1","width":768,"height":432},{"@type":"BreadcrumbList","@id":"https:\/\/luxonomy.net\/es\/apple-da-el-empujon-definitivo-al-internet-inmersivo-del-metaverso\/#breadcrumb","itemListElement":[{"@type":"ListItem","position":1,"name":"Portada","item":"https:\/\/luxonomy.net\/es\/"},{"@type":"ListItem","position":2,"name":"Apple da el empuj\u00f3n definitivo al Internet Inmersivo del Metaverso"}]},{"@type":"WebSite","@id":"https:\/\/luxonomy.net\/es\/#website","url":"https:\/\/luxonomy.net\/es\/","name":"LUXONOMY","description":"The Economy of Fashion &amp; Luxury","publisher":{"@id":"https:\/\/luxonomy.net\/es\/#organization"},"potentialAction":[{"@type":"SearchAction","target":{"@type":"EntryPoint","urlTemplate":"https:\/\/luxonomy.net\/es\/?s={search_term_string}"},"query-input":{"@type":"PropertyValueSpecification","valueRequired":true,"valueName":"search_term_string"}}],"inLanguage":"es"},{"@type":"Organization","@id":"https:\/\/luxonomy.net\/es\/#organization","name":"LUXONOMY","url":"https:\/\/luxonomy.net\/es\/","logo":{"@type":"ImageObject","inLanguage":"es","@id":"https:\/\/luxonomy.net\/es\/#\/schema\/logo\/image\/","url":"https:\/\/i2.wp.com\/luxonomy.net\/wp-content\/uploads\/2021\/09\/MOCKUP-TODOS-LUXONOMY.jpg?fit=1000%2C515&ssl=1","contentUrl":"https:\/\/i2.wp.com\/luxonomy.net\/wp-content\/uploads\/2021\/09\/MOCKUP-TODOS-LUXONOMY.jpg?fit=1000%2C515&ssl=1","width":1000,"height":515,"caption":"LUXONOMY"},"image":{"@id":"https:\/\/luxonomy.net\/es\/#\/schema\/logo\/image\/"},"sameAs":["https:\/\/www.facebook.com\/luxonomy","https:\/\/www.instagram.com\/luxonomy\/","https:\/\/www.linkedin.com\/company\/luxonomy\/"]},{"@type":"Person","@id":"https:\/\/luxonomy.net\/es\/#\/schema\/person\/aca186356f30a813f61bbf19ba52c031","name":"Pablo Guti\u00e9rrez-Rav\u00e9 Villal\u00f3n","image":{"@type":"ImageObject","inLanguage":"es","@id":"https:\/\/luxonomy.net\/wp-content\/litespeed\/avatar\/b80839bcd1d7840754b71e72cad801ce.jpg?ver=1788213692","url":"https:\/\/luxonomy.net\/wp-content\/litespeed\/avatar\/b80839bcd1d7840754b71e72cad801ce.jpg?ver=1788213692","contentUrl":"https:\/\/luxonomy.net\/wp-content\/litespeed\/avatar\/b80839bcd1d7840754b71e72cad801ce.jpg?ver=1788213692","caption":"Pablo Guti\u00e9rrez-Rav\u00e9 Villal\u00f3n"},"description":"president LUXONOMY\u2122 Group","sameAs":["https:\/\/www.linkedin.com\/in\/pablogutierrezrave\/"],"url":"https:\/\/luxonomy.net\/es\/author\/pablo\/"}]}},"jetpack_publicize_connections":[],"jetpack_shortlink":"https:\/\/wp.me\/paPhBa-931","jetpack_sharing_enabled":true,"jetpack_featured_media_url":"https:\/\/i0.wp.com\/luxonomy.net\/wp-content\/uploads\/2023\/06\/apple-vision.jpg?fit=768%2C432&ssl=1","_links":{"self":[{"href":"https:\/\/luxonomy.net\/es\/wp-json\/wp\/v2\/posts\/34783","targetHints":{"allow":["GET"]}}],"collection":[{"href":"https:\/\/luxonomy.net\/es\/wp-json\/wp\/v2\/posts"}],"about":[{"href":"https:\/\/luxonomy.net\/es\/wp-json\/wp\/v2\/types\/post"}],"author":[{"embeddable":true,"href":"https:\/\/luxonomy.net\/es\/wp-json\/wp\/v2\/users\/19"}],"replies":[{"embeddable":true,"href":"https:\/\/luxonomy.net\/es\/wp-json\/wp\/v2\/comments?post=34783"}],"version-history":[{"count":6,"href":"https:\/\/luxonomy.net\/es\/wp-json\/wp\/v2\/posts\/34783\/revisions"}],"predecessor-version":[{"id":34797,"href":"https:\/\/luxonomy.net\/es\/wp-json\/wp\/v2\/posts\/34783\/revisions\/34797"}],"wp:featuredmedia":[{"embeddable":true,"href":"https:\/\/luxonomy.net\/es\/wp-json\/wp\/v2\/media\/34784"}],"wp:attachment":[{"href":"https:\/\/luxonomy.net\/es\/wp-json\/wp\/v2\/media?parent=34783"}],"wp:term":[{"taxonomy":"category","embeddable":true,"href":"https:\/\/luxonomy.net\/es\/wp-json\/wp\/v2\/categories?post=34783"},{"taxonomy":"post_tag","embeddable":true,"href":"https:\/\/luxonomy.net\/es\/wp-json\/wp\/v2\/tags?post=34783"},{"taxonomy":"thb-sponsors","embeddable":true,"href":"https:\/\/luxonomy.net\/es\/wp-json\/wp\/v2\/thb-sponsors?post=34783"}],"curies":[{"name":"wp","href":"https:\/\/api.w.org\/{rel}","templated":true}]}}