{"id":34650,"date":"2023-05-26T15:04:15","date_gmt":"2023-05-26T13:04:15","guid":{"rendered":"https:\/?p=34650"},"modified":"2023-05-26T15:21:36","modified_gmt":"2023-05-26T13:21:36","slug":"lujo-y-filantropia","status":"publish","type":"post","link":"https:\/\/luxonomy.net\/es\/lujo-y-filantropia\/","title":{"rendered":"Lujo y filantrop\u00eda"},"content":{"rendered":"<p>El lujo y la filantrop\u00eda pueden parecer mundos aparte, pero en realidad, estas dos esferas est\u00e1n convergiendo cada vez m\u00e1s. Las marcas de lujo est\u00e1n utilizando su influencia para impulsar iniciativas filantr\u00f3picas, promoviendo la sostenibilidad y la justicia social.<\/p>\n<h2><strong>Definici\u00f3n de lujo y filantrop\u00eda<\/strong><\/h2>\n<p>El lujo es sin\u00f3nimo de exclusividad y calidad excepcional. La filantrop\u00eda, por otro lado, es el deseo de promover el bienestar de los dem\u00e1s, generalmente a trav\u00e9s de donaciones generosas de dinero, recursos o tiempo.<\/p>\n<h2><strong>La intersecci\u00f3n de lujo y filantrop\u00eda<\/strong><\/h2>\n<h3><strong>Por qu\u00e9 las marcas de lujo est\u00e1n impulsando iniciativas filantr\u00f3picas<\/strong><\/h3>\n<p>Las marcas de lujo tienen el poder y los recursos para hacer cambios significativos. Al invertir en iniciativas filantr\u00f3picas, estas marcas pueden ayudar a abordar problemas sociales y ambientales, al tiempo que fortalecen su imagen de marca.<\/p><div id=\"luxon-2004523099\" class=\"luxon-3er-parrafo luxon-entity-placement\" style=\"margin-top: 20px;margin-bottom: 20px;margin-left: auto;margin-right: auto;text-align: center;\"><a href=\"https:\/\/luxonomy.university\/course\/master-turismo-de-lujo\" target=\"_blank\" aria-label=\"master-turismo-lujo-2026-2027\"><img loading=\"lazy\" decoding=\"async\" src=\"https:\/\/i0.wp.com\/luxonomy.net\/wp-content\/uploads\/2020\/07\/master-turismo-lujo-2026-2027.jpg?fit=1672%2C941&#038;ssl=1\" alt=\"\"  srcset=\"https:\/\/i0.wp.com\/luxonomy.net\/wp-content\/uploads\/2020\/07\/master-turismo-lujo-2026-2027.jpg?w=1672&ssl=1 1672w, https:\/\/i0.wp.com\/luxonomy.net\/wp-content\/uploads\/2020\/07\/master-turismo-lujo-2026-2027.jpg?resize=300%2C169&ssl=1 300w, https:\/\/i0.wp.com\/luxonomy.net\/wp-content\/uploads\/2020\/07\/master-turismo-lujo-2026-2027.jpg?resize=1024%2C576&ssl=1 1024w, https:\/\/i0.wp.com\/luxonomy.net\/wp-content\/uploads\/2020\/07\/master-turismo-lujo-2026-2027.jpg?resize=768%2C432&ssl=1 768w, https:\/\/i0.wp.com\/luxonomy.net\/wp-content\/uploads\/2020\/07\/master-turismo-lujo-2026-2027.jpg?resize=1536%2C864&ssl=1 1536w, https:\/\/i0.wp.com\/luxonomy.net\/wp-content\/uploads\/2020\/07\/master-turismo-lujo-2026-2027.jpg?resize=370%2C208&ssl=1 370w, https:\/\/i0.wp.com\/luxonomy.net\/wp-content\/uploads\/2020\/07\/master-turismo-lujo-2026-2027.jpg?resize=800%2C450&ssl=1 800w, https:\/\/i0.wp.com\/luxonomy.net\/wp-content\/uploads\/2020\/07\/master-turismo-lujo-2026-2027.jpg?resize=20%2C11&ssl=1 20w, https:\/\/i0.wp.com\/luxonomy.net\/wp-content\/uploads\/2020\/07\/master-turismo-lujo-2026-2027.jpg?resize=740%2C416&ssl=1 740w, https:\/\/i0.wp.com\/luxonomy.net\/wp-content\/uploads\/2020\/07\/master-turismo-lujo-2026-2027.jpg?resize=1600%2C900&ssl=1 1600w, https:\/\/i0.wp.com\/luxonomy.net\/wp-content\/uploads\/2020\/07\/master-turismo-lujo-2026-2027.jpg?resize=1200%2C675&ssl=1 1200w, https:\/\/i0.wp.com\/luxonomy.net\/wp-content\/uploads\/2020\/07\/master-turismo-lujo-2026-2027.jpg?resize=85%2C48&ssl=1 85w\" sizes=\"(max-width: 1170px) 100vw, 1170px\" class=\"no-lazyload\" width=\"1672\" height=\"941\"   \/><\/a><\/div>\n<h2><strong>Ejemplos de marcas de lujo que promueven la sostenibilidad y la justicia social<\/strong><\/h2>\n<h3><strong>Marcas de moda de lujo<\/strong><\/h3>\n<h4><strong>Gucci<\/strong><\/h4>\n<p>Gucci lanz\u00f3 en 2019 su iniciativa Gucci Changemakers, que incluye un fondo de inversi\u00f3n de 5 millones de euros para apoyar proyectos comunitarios y organizaciones sin fines de lucro que trabajan en temas de diversidad e inclusi\u00f3n. Adem\u00e1s, la marca ha establecido un programa de becas para estudiantes de comunidades marginadas, proporcionando as\u00ed oportunidades educativas y de formaci\u00f3n para j\u00f3venes talentos.<\/p>\n<h4><strong>Louis Vuitton<\/strong><\/h4>\n<p>La famosa casa de moda francesa Louis Vuitton ha hecho de la educaci\u00f3n y la cultura sus principales \u00e1reas de enfoque filantr\u00f3pico. La Louis Vuitton Foundation, creada en 2006, es un centro cultural y art\u00edstico que promueve el arte contempor\u00e1neo y apoya a artistas emergentes. Adem\u00e1s, la fundaci\u00f3n tambi\u00e9n se dedica a proporcionar programas educativos y recursos para j\u00f3venes y adultos.<\/p>\n<h4><strong>Chopard<\/strong><\/h4>\n<p>La marca de relojes y joyer\u00eda suiza Chopard ha demostrado su compromiso con la sostenibilidad y la justicia social al abogar por la miner\u00eda de oro \u00e9tica. En 2013, Chopard se convirti\u00f3 en la primera marca de lujo en utilizar oro certificado Fairmined en sus productos. Adem\u00e1s, la marca colabora con la Alianza por la Miner\u00eda Responsable.<\/p>\n<h2><strong>La influencia de las marcas de lujo en la educaci\u00f3n y capacitaci\u00f3n<\/strong><\/h2>\n<h3><strong>Bulgari<\/strong><\/h3>\n<p>La colaboraci\u00f3n entre la marca italiana de joyer\u00eda y accesorios Bulgari y la organizaci\u00f3n ben\u00e9fica Save the Children es un ejemplo destacado de c\u00f3mo las marcas de lujo pueden unirse a organizaciones sin fines de lucro para promover la justicia social y la sostenibilidad. Desde 2009, Bulgari ha recaudado m\u00e1s de 100 millones de d\u00f3lares para apoyar programas de educaci\u00f3n, salud y protecci\u00f3n de los derechos de los ni\u00f1os en m\u00e1s de 30 pa\u00edses.<\/p><div id=\"luxon-2197166846\" class=\"luxon-7-parrafo luxon-entity-placement\" style=\"margin-top: 20px;margin-bottom: 20px;margin-left: auto;margin-right: auto;text-align: center;\"><a href=\"https:\/\/theintelligence.institute\/course\/inteligencia-artificial-para-directivos\" target=\"_blank\" aria-label=\"CSIAD_empresas_THEI_horizontal_4x3_v5\"><img loading=\"lazy\" decoding=\"async\" src=\"https:\/\/i0.wp.com\/luxonomy.net\/wp-content\/uploads\/2025\/08\/CSIAD_empresas_THEI_horizontal_4x3_v5.png?fit=2000%2C1500&#038;ssl=1\" alt=\"\"  srcset=\"https:\/\/i0.wp.com\/luxonomy.net\/wp-content\/uploads\/2025\/08\/CSIAD_empresas_THEI_horizontal_4x3_v5.png?w=2000&ssl=1 2000w, https:\/\/i0.wp.com\/luxonomy.net\/wp-content\/uploads\/2025\/08\/CSIAD_empresas_THEI_horizontal_4x3_v5.png?resize=300%2C225&ssl=1 300w, https:\/\/i0.wp.com\/luxonomy.net\/wp-content\/uploads\/2025\/08\/CSIAD_empresas_THEI_horizontal_4x3_v5.png?resize=1024%2C768&ssl=1 1024w, https:\/\/i0.wp.com\/luxonomy.net\/wp-content\/uploads\/2025\/08\/CSIAD_empresas_THEI_horizontal_4x3_v5.png?resize=768%2C576&ssl=1 768w, https:\/\/i0.wp.com\/luxonomy.net\/wp-content\/uploads\/2025\/08\/CSIAD_empresas_THEI_horizontal_4x3_v5.png?resize=1536%2C1152&ssl=1 1536w, https:\/\/i0.wp.com\/luxonomy.net\/wp-content\/uploads\/2025\/08\/CSIAD_empresas_THEI_horizontal_4x3_v5.png?resize=370%2C278&ssl=1 370w, https:\/\/i0.wp.com\/luxonomy.net\/wp-content\/uploads\/2025\/08\/CSIAD_empresas_THEI_horizontal_4x3_v5.png?resize=800%2C600&ssl=1 800w, https:\/\/i0.wp.com\/luxonomy.net\/wp-content\/uploads\/2025\/08\/CSIAD_empresas_THEI_horizontal_4x3_v5.png?resize=20%2C15&ssl=1 20w, https:\/\/i0.wp.com\/luxonomy.net\/wp-content\/uploads\/2025\/08\/CSIAD_empresas_THEI_horizontal_4x3_v5.png?resize=740%2C555&ssl=1 740w, https:\/\/i0.wp.com\/luxonomy.net\/wp-content\/uploads\/2025\/08\/CSIAD_empresas_THEI_horizontal_4x3_v5.png?resize=1600%2C1200&ssl=1 1600w, https:\/\/i0.wp.com\/luxonomy.net\/wp-content\/uploads\/2025\/08\/CSIAD_empresas_THEI_horizontal_4x3_v5.png?resize=1200%2C900&ssl=1 1200w, https:\/\/i0.wp.com\/luxonomy.net\/wp-content\/uploads\/2025\/08\/CSIAD_empresas_THEI_horizontal_4x3_v5.png?resize=64%2C48&ssl=1 64w\" sizes=\"(max-width: 1170px) 100vw, 1170px\" class=\"no-lazyload\" width=\"2000\" height=\"1500\"   \/><\/a><\/div>\n<h3><strong>Cartier<\/strong><\/h3>\n<p>Cartier ha estado activamente involucrado en la promoci\u00f3n de la cultura y el arte a trav\u00e9s de su Fundaci\u00f3n Cartier para el Arte Contempor\u00e1neo desde 1984. Adem\u00e1s, la marca tambi\u00e9n ha establecido el Women\u2019s Forum, que es un evento anual que re\u00fane a l\u00edderes empresariales y del mundo del arte para abordar temas relacionados con la igualdad de g\u00e9nero y la inclusi\u00f3n.<\/p>\n<h2><strong>Iniciativas de sostenibilidad en la industria de la moda de lujo<\/strong><\/h2>\n<h3><strong>Stella McCartney<\/strong><\/h3>\n<p>La dise\u00f1adora brit\u00e1nica Stella McCartney ha sido pionera en la promoci\u00f3n de la sostenibilidad en la industria de la moda de lujo. Su marca hom\u00f3nima utiliza materiales org\u00e1nicos, reciclados y libres de crueldad animal en sus productos, y tambi\u00e9n ha implementado pr\u00e1cticas de producci\u00f3n y distribuci\u00f3n ecol\u00f3gicas.<\/p>\n<h3><strong>Kering<\/strong><\/h3>\n<p>El Grupo Kering, propietario de marcas de lujo como Gucci, Saint Laurent y Balenciaga, ha demostrado su compromiso con la sostenibilidad y la justicia social a trav\u00e9s de varias iniciativas. Entre ellas se encuentra el lanzamiento de su Plan de Sostenibilidad 2025, que establece metas ambiciosas para reducir las emisiones de gases de efecto invernadero, mejorar la gesti\u00f3n de recursos y garantizar pr\u00e1cticas laborales justas en toda su cadena de suministro.<\/p>\n<p><strong><em>Las marcas de lujo est\u00e1n utilizando su influencia para impulsar iniciativas filantr\u00f3picas y proyectos que promueven la sostenibilidad y la justicia social. A trav\u00e9s de programas de educaci\u00f3n y capacitaci\u00f3n, apoyo a organizaciones ben\u00e9ficas y proyectos de conservaci\u00f3n, estas marcas est\u00e1n marcando la diferencia en este \u00e1mbito.<\/em><\/strong><\/p>\n","protected":false},"excerpt":{"rendered":"<p>El lujo y la filantrop\u00eda pueden parecer mundos aparte, pero en realidad, estas dos esferas est\u00e1n convergiendo cada vez m\u00e1s. Las marcas de lujo est\u00e1n utilizando su influencia para impulsar iniciativas filantr\u00f3picas, promoviendo la sostenibilidad y la justicia social. Definici\u00f3n de lujo y filantrop\u00eda El lujo es sin\u00f3nimo de exclusividad y calidad excepcional. La filantrop\u00eda,&hellip;<\/p>\n","protected":false},"author":19,"featured_media":34652,"comment_status":"open","ping_status":"open","sticky":false,"template":"","format":"standard","meta":{"_jetpack_newsletter_access":"","_jetpack_dont_email_post_to_subs":false,"_jetpack_newsletter_tier_id":0,"_jetpack_memberships_contains_paywalled_content":false,"_jetpack_feature_clip_id":0,"_jetpack_memberships_contains_paid_content":false,"footnotes":"","jetpack_publicize_message":"","jetpack_publicize_feature_enabled":true,"jetpack_social_post_already_shared":true,"jetpack_social_options":{"image_generator_settings":{"template":"edge","default_image_id":0,"font":"","enabled":false},"version":2},"jetpack_post_was_ever_published":false},"categories":[1672,1128],"tags":[4642,810,2774,878,764,2903,4646,4641,4647,2847,372,1476,1927,3359,4645,660,2668,4643,3362,2261,3802,3360,3361,4644,634,395],"thb-sponsors":[],"class_list":["post-34650","post","type-post","status-publish","format-standard","has-post-thumbnail","hentry","category-actualidad","category-economia","tag-arte-contemporaneo","tag-bulgari","tag-capacitacion","tag-cartier","tag-chopard","tag-diversidad","tag-emisiones-de-gases-de-efecto-invernadero","tag-filantropia","tag-gestion-de-recursos","tag-grupo-kering","tag-gucci","tag-igualdad-de-genero","tag-inclusion","tag-justicia-social","tag-libres-de-crueldad-animal","tag-louis-vuitton","tag-marcas-de-lujo","tag-materiales-organicos","tag-mineria-de-oro-etica","tag-organizaciones-beneficas","tag-practicas-laborales-justas","tag-programas-de-educacion","tag-proyectos-de-conservacion","tag-reciclados","tag-sostenibilidad","tag-stella-mccartney"],"yoast_head":"<!-- This site is optimized with the Yoast SEO plugin v28.4 - https:\/\/yoast.com\/product\/yoast-seo-wordpress\/ -->\n<title>Lujo y filantrop\u00eda | LUXONOMY<\/title>\n<meta name=\"robots\" content=\"index, follow, max-snippet:-1, max-image-preview:large, max-video-preview:-1\" \/>\n<link rel=\"canonical\" href=\"https:\/\/luxonomy.net\/es\/lujo-y-filantropia\/\" \/>\n<meta property=\"og:locale\" content=\"es_ES\" \/>\n<meta property=\"og:type\" content=\"article\" \/>\n<meta property=\"og:title\" content=\"Lujo y filantrop\u00eda | LUXONOMY\" \/>\n<meta property=\"og:description\" content=\"El lujo y la filantrop\u00eda pueden parecer mundos aparte, pero en realidad, estas dos esferas est\u00e1n convergiendo cada vez m\u00e1s. Las marcas de lujo est\u00e1n utilizando su influencia para impulsar iniciativas filantr\u00f3picas, promoviendo la sostenibilidad y la justicia social. Definici\u00f3n de lujo y filantrop\u00eda El lujo es sin\u00f3nimo de exclusividad y calidad excepcional. La filantrop\u00eda,&hellip;\" \/>\n<meta property=\"og:url\" content=\"https:\/\/luxonomy.net\/es\/lujo-y-filantropia\/\" \/>\n<meta property=\"og:site_name\" content=\"LUXONOMY\" \/>\n<meta property=\"article:publisher\" content=\"https:\/\/www.facebook.com\/luxonomy\" \/>\n<meta property=\"article:published_time\" content=\"2023-05-26T13:04:15+00:00\" \/>\n<meta property=\"article:modified_time\" content=\"2023-05-26T13:21:36+00:00\" \/>\n<meta property=\"og:image\" content=\"https:\/\/i0.wp.com\/luxonomy.net\/wp-content\/uploads\/2023\/05\/Fundacion-Cartier-para-el-Arte-Contemporaneo.jpg?fit=630%2C405&quality=89&ssl=1\" \/>\n\t<meta property=\"og:image:width\" content=\"630\" \/>\n\t<meta property=\"og:image:height\" content=\"405\" \/>\n\t<meta property=\"og:image:type\" content=\"image\/jpeg\" \/>\n<meta name=\"author\" content=\"Pablo Guti\u00e9rrez-Rav\u00e9 Villal\u00f3n\" \/>\n<meta name=\"twitter:card\" content=\"summary_large_image\" \/>\n<meta name=\"twitter:label1\" content=\"Escrito por\" \/>\n\t<meta name=\"twitter:data1\" content=\"Pablo Guti\u00e9rrez-Rav\u00e9 Villal\u00f3n\" \/>\n\t<meta name=\"twitter:label2\" content=\"Tiempo de lectura\" \/>\n\t<meta name=\"twitter:data2\" content=\"4 minutos\" \/>\n<script type=\"application\/ld+json\" class=\"yoast-schema-graph\">{\"@context\":\"https:\\\/\\\/schema.org\",\"@graph\":[{\"@type\":\"Article\",\"@id\":\"https:\\\/\\\/luxonomy.net\\\/es\\\/lujo-y-filantropia\\\/#article\",\"isPartOf\":{\"@id\":\"https:\\\/\\\/luxonomy.net\\\/es\\\/lujo-y-filantropia\\\/\"},\"author\":{\"name\":\"Pablo Guti\u00e9rrez-Rav\u00e9 Villal\u00f3n\",\"@id\":\"https:\\\/\\\/luxonomy.net\\\/es\\\/#\\\/schema\\\/person\\\/aca186356f30a813f61bbf19ba52c031\"},\"headline\":\"Lujo y filantrop\u00eda\",\"datePublished\":\"2023-05-26T13:04:15+00:00\",\"dateModified\":\"2023-05-26T13:21:36+00:00\",\"mainEntityOfPage\":{\"@id\":\"https:\\\/\\\/luxonomy.net\\\/es\\\/lujo-y-filantropia\\\/\"},\"wordCount\":736,\"commentCount\":0,\"publisher\":{\"@id\":\"https:\\\/\\\/luxonomy.net\\\/es\\\/#organization\"},\"image\":{\"@id\":\"https:\\\/\\\/luxonomy.net\\\/es\\\/lujo-y-filantropia\\\/#primaryimage\"},\"thumbnailUrl\":\"https:\\\/\\\/i0.wp.com\\\/luxonomy.net\\\/wp-content\\\/uploads\\\/2023\\\/05\\\/Fundacion-Cartier-para-el-Arte-Contemporaneo.jpg?fit=630%2C405&ssl=1\",\"keywords\":[\"arte contempor\u00e1neo\",\"Bulgari\",\"capacitaci\u00f3n\",\"Cartier\",\"Chopard\",\"diversidad\",\"emisiones de gases de efecto invernadero\",\"filantrop\u00eda\",\"gesti\u00f3n de recursos\",\"Grupo Kering\",\"Gucci\",\"igualdad de g\u00e9nero\",\"Inclusi\u00f3n\",\"justicia social\",\"libres de crueldad animal\",\"Louis Vuitton\",\"marcas de lujo\",\"materiales org\u00e1nicos\",\"miner\u00eda de oro \u00e9tica\",\"organizaciones ben\u00e9ficas\",\"Pr\u00e1cticas Laborales Justas\",\"programas de educaci\u00f3n\",\"proyectos de conservaci\u00f3n\",\"reciclados\",\"sostenibilidad\",\"Stella McCartney\"],\"articleSection\":[\"Actualidad\",\"Econom\u00eda\"],\"inLanguage\":\"es\",\"potentialAction\":[{\"@type\":\"CommentAction\",\"name\":\"Comment\",\"target\":[\"https:\\\/\\\/luxonomy.net\\\/es\\\/lujo-y-filantropia\\\/#respond\"]}]},{\"@type\":\"WebPage\",\"@id\":\"https:\\\/\\\/luxonomy.net\\\/es\\\/lujo-y-filantropia\\\/\",\"url\":\"https:\\\/\\\/luxonomy.net\\\/es\\\/lujo-y-filantropia\\\/\",\"name\":\"Lujo y filantrop\u00eda | LUXONOMY\",\"isPartOf\":{\"@id\":\"https:\\\/\\\/luxonomy.net\\\/es\\\/#website\"},\"primaryImageOfPage\":{\"@id\":\"https:\\\/\\\/luxonomy.net\\\/es\\\/lujo-y-filantropia\\\/#primaryimage\"},\"image\":{\"@id\":\"https:\\\/\\\/luxonomy.net\\\/es\\\/lujo-y-filantropia\\\/#primaryimage\"},\"thumbnailUrl\":\"https:\\\/\\\/i0.wp.com\\\/luxonomy.net\\\/wp-content\\\/uploads\\\/2023\\\/05\\\/Fundacion-Cartier-para-el-Arte-Contemporaneo.jpg?fit=630%2C405&ssl=1\",\"datePublished\":\"2023-05-26T13:04:15+00:00\",\"dateModified\":\"2023-05-26T13:21:36+00:00\",\"breadcrumb\":{\"@id\":\"https:\\\/\\\/luxonomy.net\\\/es\\\/lujo-y-filantropia\\\/#breadcrumb\"},\"inLanguage\":\"es\",\"potentialAction\":[{\"@type\":\"ReadAction\",\"target\":[\"https:\\\/\\\/luxonomy.net\\\/es\\\/lujo-y-filantropia\\\/\"]}]},{\"@type\":\"ImageObject\",\"inLanguage\":\"es\",\"@id\":\"https:\\\/\\\/luxonomy.net\\\/es\\\/lujo-y-filantropia\\\/#primaryimage\",\"url\":\"https:\\\/\\\/i0.wp.com\\\/luxonomy.net\\\/wp-content\\\/uploads\\\/2023\\\/05\\\/Fundacion-Cartier-para-el-Arte-Contemporaneo.jpg?fit=630%2C405&ssl=1\",\"contentUrl\":\"https:\\\/\\\/i0.wp.com\\\/luxonomy.net\\\/wp-content\\\/uploads\\\/2023\\\/05\\\/Fundacion-Cartier-para-el-Arte-Contemporaneo.jpg?fit=630%2C405&ssl=1\",\"width\":630,\"height\":405},{\"@type\":\"BreadcrumbList\",\"@id\":\"https:\\\/\\\/luxonomy.net\\\/es\\\/lujo-y-filantropia\\\/#breadcrumb\",\"itemListElement\":[{\"@type\":\"ListItem\",\"position\":1,\"name\":\"Portada\",\"item\":\"https:\\\/\\\/luxonomy.net\\\/es\\\/\"},{\"@type\":\"ListItem\",\"position\":2,\"name\":\"Lujo y filantrop\u00eda\"}]},{\"@type\":\"WebSite\",\"@id\":\"https:\\\/\\\/luxonomy.net\\\/es\\\/#website\",\"url\":\"https:\\\/\\\/luxonomy.net\\\/es\\\/\",\"name\":\"LUXONOMY\",\"description\":\"The Economy of Fashion &amp; Luxury\",\"publisher\":{\"@id\":\"https:\\\/\\\/luxonomy.net\\\/es\\\/#organization\"},\"potentialAction\":[{\"@type\":\"SearchAction\",\"target\":{\"@type\":\"EntryPoint\",\"urlTemplate\":\"https:\\\/\\\/luxonomy.net\\\/es\\\/?s={search_term_string}\"},\"query-input\":{\"@type\":\"PropertyValueSpecification\",\"valueRequired\":true,\"valueName\":\"search_term_string\"}}],\"inLanguage\":\"es\"},{\"@type\":\"Organization\",\"@id\":\"https:\\\/\\\/luxonomy.net\\\/es\\\/#organization\",\"name\":\"LUXONOMY\",\"url\":\"https:\\\/\\\/luxonomy.net\\\/es\\\/\",\"logo\":{\"@type\":\"ImageObject\",\"inLanguage\":\"es\",\"@id\":\"https:\\\/\\\/luxonomy.net\\\/es\\\/#\\\/schema\\\/logo\\\/image\\\/\",\"url\":\"https:\\\/\\\/i2.wp.com\\\/luxonomy.net\\\/wp-content\\\/uploads\\\/2021\\\/09\\\/MOCKUP-TODOS-LUXONOMY.jpg?fit=1000%2C515&ssl=1\",\"contentUrl\":\"https:\\\/\\\/i2.wp.com\\\/luxonomy.net\\\/wp-content\\\/uploads\\\/2021\\\/09\\\/MOCKUP-TODOS-LUXONOMY.jpg?fit=1000%2C515&ssl=1\",\"width\":1000,\"height\":515,\"caption\":\"LUXONOMY\"},\"image\":{\"@id\":\"https:\\\/\\\/luxonomy.net\\\/es\\\/#\\\/schema\\\/logo\\\/image\\\/\"},\"sameAs\":[\"https:\\\/\\\/www.facebook.com\\\/luxonomy\",\"https:\\\/\\\/www.instagram.com\\\/luxonomy\\\/\",\"https:\\\/\\\/www.linkedin.com\\\/company\\\/luxonomy\\\/\"]},{\"@type\":\"Person\",\"@id\":\"https:\\\/\\\/luxonomy.net\\\/es\\\/#\\\/schema\\\/person\\\/aca186356f30a813f61bbf19ba52c031\",\"name\":\"Pablo Guti\u00e9rrez-Rav\u00e9 Villal\u00f3n\",\"image\":{\"@type\":\"ImageObject\",\"inLanguage\":\"es\",\"@id\":\"https:\\\/\\\/luxonomy.net\\\/wp-content\\\/litespeed\\\/avatar\\\/b80839bcd1d7840754b71e72cad801ce.jpg?ver=1788213692\",\"url\":\"https:\\\/\\\/luxonomy.net\\\/wp-content\\\/litespeed\\\/avatar\\\/b80839bcd1d7840754b71e72cad801ce.jpg?ver=1788213692\",\"contentUrl\":\"https:\\\/\\\/luxonomy.net\\\/wp-content\\\/litespeed\\\/avatar\\\/b80839bcd1d7840754b71e72cad801ce.jpg?ver=1788213692\",\"caption\":\"Pablo Guti\u00e9rrez-Rav\u00e9 Villal\u00f3n\"},\"description\":\"president LUXONOMY\u2122 Group\",\"sameAs\":[\"https:\\\/\\\/www.linkedin.com\\\/in\\\/pablogutierrezrave\\\/\"],\"url\":\"https:\\\/\\\/luxonomy.net\\\/es\\\/author\\\/pablo\\\/\"}]}<\/script>\n<!-- \/ Yoast SEO plugin. -->","yoast_head_json":{"title":"Lujo y filantrop\u00eda | LUXONOMY","robots":{"index":"index","follow":"follow","max-snippet":"max-snippet:-1","max-image-preview":"max-image-preview:large","max-video-preview":"max-video-preview:-1"},"canonical":"https:\/\/luxonomy.net\/es\/lujo-y-filantropia\/","og_locale":"es_ES","og_type":"article","og_title":"Lujo y filantrop\u00eda | LUXONOMY","og_description":"El lujo y la filantrop\u00eda pueden parecer mundos aparte, pero en realidad, estas dos esferas est\u00e1n convergiendo cada vez m\u00e1s. Las marcas de lujo est\u00e1n utilizando su influencia para impulsar iniciativas filantr\u00f3picas, promoviendo la sostenibilidad y la justicia social. Definici\u00f3n de lujo y filantrop\u00eda El lujo es sin\u00f3nimo de exclusividad y calidad excepcional. La filantrop\u00eda,&hellip;","og_url":"https:\/\/luxonomy.net\/es\/lujo-y-filantropia\/","og_site_name":"LUXONOMY","article_publisher":"https:\/\/www.facebook.com\/luxonomy","article_published_time":"2023-05-26T13:04:15+00:00","article_modified_time":"2023-05-26T13:21:36+00:00","og_image":[{"width":630,"height":405,"url":"https:\/\/i0.wp.com\/luxonomy.net\/wp-content\/uploads\/2023\/05\/Fundacion-Cartier-para-el-Arte-Contemporaneo.jpg?fit=630%2C405&quality=89&ssl=1","type":"image\/jpeg"}],"author":"Pablo Guti\u00e9rrez-Rav\u00e9 Villal\u00f3n","twitter_card":"summary_large_image","twitter_misc":{"Escrito por":"Pablo Guti\u00e9rrez-Rav\u00e9 Villal\u00f3n","Tiempo de lectura":"4 minutos"},"schema":{"@context":"https:\/\/schema.org","@graph":[{"@type":"Article","@id":"https:\/\/luxonomy.net\/es\/lujo-y-filantropia\/#article","isPartOf":{"@id":"https:\/\/luxonomy.net\/es\/lujo-y-filantropia\/"},"author":{"name":"Pablo Guti\u00e9rrez-Rav\u00e9 Villal\u00f3n","@id":"https:\/\/luxonomy.net\/es\/#\/schema\/person\/aca186356f30a813f61bbf19ba52c031"},"headline":"Lujo y filantrop\u00eda","datePublished":"2023-05-26T13:04:15+00:00","dateModified":"2023-05-26T13:21:36+00:00","mainEntityOfPage":{"@id":"https:\/\/luxonomy.net\/es\/lujo-y-filantropia\/"},"wordCount":736,"commentCount":0,"publisher":{"@id":"https:\/\/luxonomy.net\/es\/#organization"},"image":{"@id":"https:\/\/luxonomy.net\/es\/lujo-y-filantropia\/#primaryimage"},"thumbnailUrl":"https:\/\/i0.wp.com\/luxonomy.net\/wp-content\/uploads\/2023\/05\/Fundacion-Cartier-para-el-Arte-Contemporaneo.jpg?fit=630%2C405&ssl=1","keywords":["arte contempor\u00e1neo","Bulgari","capacitaci\u00f3n","Cartier","Chopard","diversidad","emisiones de gases de efecto invernadero","filantrop\u00eda","gesti\u00f3n de recursos","Grupo Kering","Gucci","igualdad de g\u00e9nero","Inclusi\u00f3n","justicia social","libres de crueldad animal","Louis Vuitton","marcas de lujo","materiales org\u00e1nicos","miner\u00eda de oro \u00e9tica","organizaciones ben\u00e9ficas","Pr\u00e1cticas Laborales Justas","programas de educaci\u00f3n","proyectos de conservaci\u00f3n","reciclados","sostenibilidad","Stella McCartney"],"articleSection":["Actualidad","Econom\u00eda"],"inLanguage":"es","potentialAction":[{"@type":"CommentAction","name":"Comment","target":["https:\/\/luxonomy.net\/es\/lujo-y-filantropia\/#respond"]}]},{"@type":"WebPage","@id":"https:\/\/luxonomy.net\/es\/lujo-y-filantropia\/","url":"https:\/\/luxonomy.net\/es\/lujo-y-filantropia\/","name":"Lujo y filantrop\u00eda | LUXONOMY","isPartOf":{"@id":"https:\/\/luxonomy.net\/es\/#website"},"primaryImageOfPage":{"@id":"https:\/\/luxonomy.net\/es\/lujo-y-filantropia\/#primaryimage"},"image":{"@id":"https:\/\/luxonomy.net\/es\/lujo-y-filantropia\/#primaryimage"},"thumbnailUrl":"https:\/\/i0.wp.com\/luxonomy.net\/wp-content\/uploads\/2023\/05\/Fundacion-Cartier-para-el-Arte-Contemporaneo.jpg?fit=630%2C405&ssl=1","datePublished":"2023-05-26T13:04:15+00:00","dateModified":"2023-05-26T13:21:36+00:00","breadcrumb":{"@id":"https:\/\/luxonomy.net\/es\/lujo-y-filantropia\/#breadcrumb"},"inLanguage":"es","potentialAction":[{"@type":"ReadAction","target":["https:\/\/luxonomy.net\/es\/lujo-y-filantropia\/"]}]},{"@type":"ImageObject","inLanguage":"es","@id":"https:\/\/luxonomy.net\/es\/lujo-y-filantropia\/#primaryimage","url":"https:\/\/i0.wp.com\/luxonomy.net\/wp-content\/uploads\/2023\/05\/Fundacion-Cartier-para-el-Arte-Contemporaneo.jpg?fit=630%2C405&ssl=1","contentUrl":"https:\/\/i0.wp.com\/luxonomy.net\/wp-content\/uploads\/2023\/05\/Fundacion-Cartier-para-el-Arte-Contemporaneo.jpg?fit=630%2C405&ssl=1","width":630,"height":405},{"@type":"BreadcrumbList","@id":"https:\/\/luxonomy.net\/es\/lujo-y-filantropia\/#breadcrumb","itemListElement":[{"@type":"ListItem","position":1,"name":"Portada","item":"https:\/\/luxonomy.net\/es\/"},{"@type":"ListItem","position":2,"name":"Lujo y filantrop\u00eda"}]},{"@type":"WebSite","@id":"https:\/\/luxonomy.net\/es\/#website","url":"https:\/\/luxonomy.net\/es\/","name":"LUXONOMY","description":"The Economy of Fashion &amp; Luxury","publisher":{"@id":"https:\/\/luxonomy.net\/es\/#organization"},"potentialAction":[{"@type":"SearchAction","target":{"@type":"EntryPoint","urlTemplate":"https:\/\/luxonomy.net\/es\/?s={search_term_string}"},"query-input":{"@type":"PropertyValueSpecification","valueRequired":true,"valueName":"search_term_string"}}],"inLanguage":"es"},{"@type":"Organization","@id":"https:\/\/luxonomy.net\/es\/#organization","name":"LUXONOMY","url":"https:\/\/luxonomy.net\/es\/","logo":{"@type":"ImageObject","inLanguage":"es","@id":"https:\/\/luxonomy.net\/es\/#\/schema\/logo\/image\/","url":"https:\/\/i2.wp.com\/luxonomy.net\/wp-content\/uploads\/2021\/09\/MOCKUP-TODOS-LUXONOMY.jpg?fit=1000%2C515&ssl=1","contentUrl":"https:\/\/i2.wp.com\/luxonomy.net\/wp-content\/uploads\/2021\/09\/MOCKUP-TODOS-LUXONOMY.jpg?fit=1000%2C515&ssl=1","width":1000,"height":515,"caption":"LUXONOMY"},"image":{"@id":"https:\/\/luxonomy.net\/es\/#\/schema\/logo\/image\/"},"sameAs":["https:\/\/www.facebook.com\/luxonomy","https:\/\/www.instagram.com\/luxonomy\/","https:\/\/www.linkedin.com\/company\/luxonomy\/"]},{"@type":"Person","@id":"https:\/\/luxonomy.net\/es\/#\/schema\/person\/aca186356f30a813f61bbf19ba52c031","name":"Pablo Guti\u00e9rrez-Rav\u00e9 Villal\u00f3n","image":{"@type":"ImageObject","inLanguage":"es","@id":"https:\/\/luxonomy.net\/wp-content\/litespeed\/avatar\/b80839bcd1d7840754b71e72cad801ce.jpg?ver=1788213692","url":"https:\/\/luxonomy.net\/wp-content\/litespeed\/avatar\/b80839bcd1d7840754b71e72cad801ce.jpg?ver=1788213692","contentUrl":"https:\/\/luxonomy.net\/wp-content\/litespeed\/avatar\/b80839bcd1d7840754b71e72cad801ce.jpg?ver=1788213692","caption":"Pablo Guti\u00e9rrez-Rav\u00e9 Villal\u00f3n"},"description":"president LUXONOMY\u2122 Group","sameAs":["https:\/\/www.linkedin.com\/in\/pablogutierrezrave\/"],"url":"https:\/\/luxonomy.net\/es\/author\/pablo\/"}]}},"jetpack_publicize_connections":[],"jetpack_shortlink":"https:\/\/wp.me\/paPhBa-90S","jetpack_sharing_enabled":true,"jetpack_featured_media_url":"https:\/\/i0.wp.com\/luxonomy.net\/wp-content\/uploads\/2023\/05\/Fundacion-Cartier-para-el-Arte-Contemporaneo.jpg?fit=630%2C405&ssl=1","_links":{"self":[{"href":"https:\/\/luxonomy.net\/es\/wp-json\/wp\/v2\/posts\/34650","targetHints":{"allow":["GET"]}}],"collection":[{"href":"https:\/\/luxonomy.net\/es\/wp-json\/wp\/v2\/posts"}],"about":[{"href":"https:\/\/luxonomy.net\/es\/wp-json\/wp\/v2\/types\/post"}],"author":[{"embeddable":true,"href":"https:\/\/luxonomy.net\/es\/wp-json\/wp\/v2\/users\/19"}],"replies":[{"embeddable":true,"href":"https:\/\/luxonomy.net\/es\/wp-json\/wp\/v2\/comments?post=34650"}],"version-history":[{"count":3,"href":"https:\/\/luxonomy.net\/es\/wp-json\/wp\/v2\/posts\/34650\/revisions"}],"predecessor-version":[{"id":34658,"href":"https:\/\/luxonomy.net\/es\/wp-json\/wp\/v2\/posts\/34650\/revisions\/34658"}],"wp:featuredmedia":[{"embeddable":true,"href":"https:\/\/luxonomy.net\/es\/wp-json\/wp\/v2\/media\/34652"}],"wp:attachment":[{"href":"https:\/\/luxonomy.net\/es\/wp-json\/wp\/v2\/media?parent=34650"}],"wp:term":[{"taxonomy":"category","embeddable":true,"href":"https:\/\/luxonomy.net\/es\/wp-json\/wp\/v2\/categories?post=34650"},{"taxonomy":"post_tag","embeddable":true,"href":"https:\/\/luxonomy.net\/es\/wp-json\/wp\/v2\/tags?post=34650"},{"taxonomy":"thb-sponsors","embeddable":true,"href":"https:\/\/luxonomy.net\/es\/wp-json\/wp\/v2\/thb-sponsors?post=34650"}],"curies":[{"name":"wp","href":"https:\/\/api.w.org\/{rel}","templated":true}]}}