{"id":34153,"date":"2023-05-06T16:34:55","date_gmt":"2023-05-06T14:34:55","guid":{"rendered":"https:\/?p=34153"},"modified":"2023-05-06T16:40:59","modified_gmt":"2023-05-06T14:40:59","slug":"la-fusion-del-lujo-y-el-reciclaje-marcas-de-lujo-promoviendo-la-moda-circular","status":"publish","type":"post","link":"https:\/\/luxonomy.net\/es\/la-fusion-del-lujo-y-el-reciclaje-marcas-de-lujo-promoviendo-la-moda-circular\/","title":{"rendered":"La fusi\u00f3n del lujo y el reciclaje: Marcas de lujo promoviendo la moda circular"},"content":{"rendered":"<p>En los \u00faltimos a\u00f1os, <strong>la industria de la moda ha enfrentado crecientes cr\u00edticas<\/strong> por su impacto negativo en el medio ambiente. La producci\u00f3n masiva de ropa, el uso intensivo de recursos naturales y la generaci\u00f3n de residuos han llevado a la b\u00fasqueda de soluciones sostenibles. Una de las respuestas a esta problem\u00e1tica es <strong>la moda circular<\/strong>, que promueve la reutilizaci\u00f3n, el reciclaje y el upcycling de materiales y productos. En este art\u00edculo, analizaremos c\u00f3mo las marcas de lujo est\u00e1n adoptando esta tendencia y liderando el camino hacia un futuro m\u00e1s ecol\u00f3gico.<\/p>\n<h2>La moda circular y el lujo: Una uni\u00f3n necesaria<\/h2>\n<p>A pesar de su imagen de exclusividad, las <strong>marcas de lujo<\/strong> no son ajenas a la crisis ambiental. Por el contrario, estas compa\u00f1\u00edas tienen un rol fundamental en la promoci\u00f3n de pr\u00e1cticas sostenibles y en la creaci\u00f3n de una industria m\u00e1s respetuosa con el medio ambiente. As\u00ed, la fusi\u00f3n entre el lujo y la moda circular se ha convertido en una estrategia esencial para la supervivencia y \u00e9xito de estas empresas.<\/p>\n<h3>Ejemplos de marcas de lujo adoptando la moda circular<\/h3>\n<p>A continuaci\u00f3n, presentaremos ejemplos de marcas de lujo que han implementado la moda circular en sus colecciones y campa\u00f1as, demostrando que es posible combinar estilo y sostenibilidad.<\/p><div id=\"luxon-326632695\" class=\"luxon-3er-parrafo luxon-entity-placement\" style=\"margin-top: 20px;margin-bottom: 20px;margin-left: auto;margin-right: auto;text-align: center;\"><a href=\"https:\/\/luxonomy.university\/course\/master-turismo-de-lujo\" target=\"_blank\" aria-label=\"master-turismo-lujo-2026-2027\"><img loading=\"lazy\" decoding=\"async\" src=\"https:\/\/i0.wp.com\/luxonomy.net\/wp-content\/uploads\/2020\/07\/master-turismo-lujo-2026-2027.jpg?fit=1672%2C941&#038;ssl=1\" alt=\"\"  srcset=\"https:\/\/i0.wp.com\/luxonomy.net\/wp-content\/uploads\/2020\/07\/master-turismo-lujo-2026-2027.jpg?w=1672&ssl=1 1672w, https:\/\/i0.wp.com\/luxonomy.net\/wp-content\/uploads\/2020\/07\/master-turismo-lujo-2026-2027.jpg?resize=300%2C169&ssl=1 300w, https:\/\/i0.wp.com\/luxonomy.net\/wp-content\/uploads\/2020\/07\/master-turismo-lujo-2026-2027.jpg?resize=1024%2C576&ssl=1 1024w, https:\/\/i0.wp.com\/luxonomy.net\/wp-content\/uploads\/2020\/07\/master-turismo-lujo-2026-2027.jpg?resize=768%2C432&ssl=1 768w, https:\/\/i0.wp.com\/luxonomy.net\/wp-content\/uploads\/2020\/07\/master-turismo-lujo-2026-2027.jpg?resize=1536%2C864&ssl=1 1536w, https:\/\/i0.wp.com\/luxonomy.net\/wp-content\/uploads\/2020\/07\/master-turismo-lujo-2026-2027.jpg?resize=370%2C208&ssl=1 370w, https:\/\/i0.wp.com\/luxonomy.net\/wp-content\/uploads\/2020\/07\/master-turismo-lujo-2026-2027.jpg?resize=800%2C450&ssl=1 800w, https:\/\/i0.wp.com\/luxonomy.net\/wp-content\/uploads\/2020\/07\/master-turismo-lujo-2026-2027.jpg?resize=20%2C11&ssl=1 20w, https:\/\/i0.wp.com\/luxonomy.net\/wp-content\/uploads\/2020\/07\/master-turismo-lujo-2026-2027.jpg?resize=740%2C416&ssl=1 740w, https:\/\/i0.wp.com\/luxonomy.net\/wp-content\/uploads\/2020\/07\/master-turismo-lujo-2026-2027.jpg?resize=1600%2C900&ssl=1 1600w, https:\/\/i0.wp.com\/luxonomy.net\/wp-content\/uploads\/2020\/07\/master-turismo-lujo-2026-2027.jpg?resize=1200%2C675&ssl=1 1200w, https:\/\/i0.wp.com\/luxonomy.net\/wp-content\/uploads\/2020\/07\/master-turismo-lujo-2026-2027.jpg?resize=85%2C48&ssl=1 85w\" sizes=\"(max-width: 1170px) 100vw, 1170px\" class=\"no-lazyload\" width=\"1672\" height=\"941\"   \/><\/a><\/div>\n<ol>\n<li><strong>Stella McCartney<\/strong>: La dise\u00f1adora brit\u00e1nica ha sido pionera en la promoci\u00f3n de la moda sostenible y \u00e9tica. Sus colecciones incluyen piezas creadas a partir de materiales reciclados y upcycling, como el poli\u00e9ster reciclado y el cuero vegano.<\/li>\n<li><strong>Gucci<\/strong>: La marca italiana ha lanzado su iniciativa &#8220;Gucci Circular Lines&#8221;, que busca reducir su huella ambiental mediante el uso de materiales reciclados y la implementaci\u00f3n de procesos de producci\u00f3n m\u00e1s sostenibles. Adem\u00e1s, Gucci ha introducido una l\u00ednea de productos &#8220;Gucci Off The Grid&#8221;, confeccionada con materiales reciclados y org\u00e1nicos.<\/li>\n<li><strong>Chanel<\/strong>: La casa de moda francesa ha invertido en la empresa Evolved by Nature, que desarrolla tecnolog\u00edas para el reciclaje y la reutilizaci\u00f3n de materiales en la industria textil. Adem\u00e1s, Chanel ha presentado colecciones que incluyen prendas elaboradas con tejidos reciclados y upcycling.<\/li>\n<\/ol>\n<h3>La importancia de la comunicaci\u00f3n y la transparencia en la moda circular<\/h3>\n<p>Las marcas de lujo deben comunicar de manera efectiva sus esfuerzos en sostenibilidad y moda circular para generar confianza en los consumidores y promover la adopci\u00f3n de estas pr\u00e1cticas en la industria. La transparencia en la cadena de suministro, la certificaci\u00f3n de materiales sostenibles y la presentaci\u00f3n de informes de impacto ambiental son algunas de las estrategias que pueden ayudar a las empresas a destacar su compromiso con la moda circular.<\/p>\n<h3>El papel de la tecnolog\u00eda en la promoci\u00f3n de la moda circular<\/h3>\n<p>La innovaci\u00f3n tecnol\u00f3gica es clave para impulsar la moda circular en la industria del lujo. El desarrollo de nuevos materiales reciclados y biodegradables, as\u00ed como la implementaci\u00f3n de tecnolog\u00edas de trazabilidad y la econom\u00eda digital, son fundamentales para mejorar la sostenibilidad de la industria de la moda.<\/p>\n<h3>La econom\u00eda circular y el modelo de negocio<\/h3>\n<p>Adem\u00e1s de la incorporaci\u00f3n de materiales reciclados y el upcycling en sus colecciones, las marcas de lujo deben repensar sus modelos de negocio para adaptarse a los principios de la econom\u00eda circular. Esto incluye la promoci\u00f3n de pr\u00e1cticas de consumo responsable, como el alquiler de prendas, la venta de art\u00edculos de segunda mano y la reparaci\u00f3n de productos.<\/p>\n<h3>La colaboraci\u00f3n entre marcas y la moda circular<\/h3>\n<p>La colaboraci\u00f3n entre marcas de lujo y empresas de la cadena de suministro es fundamental para impulsar la moda circular. Al trabajar juntas, estas compa\u00f1\u00edas pueden compartir conocimientos, tecnolog\u00edas y recursos para desarrollar soluciones sostenibles y reducir el impacto ambiental de la industria de la moda.<\/p><div id=\"luxon-2408537487\" class=\"luxon-7-parrafo luxon-entity-placement\" style=\"margin-top: 20px;margin-bottom: 20px;margin-left: auto;margin-right: auto;text-align: center;\"><a href=\"https:\/\/theintelligence.institute\/course\/inteligencia-artificial-para-directivos\" target=\"_blank\" aria-label=\"CSIAD_empresas_THEI_horizontal_4x3_v5\"><img loading=\"lazy\" decoding=\"async\" src=\"https:\/\/i0.wp.com\/luxonomy.net\/wp-content\/uploads\/2025\/08\/CSIAD_empresas_THEI_horizontal_4x3_v5.png?fit=2000%2C1500&#038;ssl=1\" alt=\"\"  srcset=\"https:\/\/i0.wp.com\/luxonomy.net\/wp-content\/uploads\/2025\/08\/CSIAD_empresas_THEI_horizontal_4x3_v5.png?w=2000&ssl=1 2000w, https:\/\/i0.wp.com\/luxonomy.net\/wp-content\/uploads\/2025\/08\/CSIAD_empresas_THEI_horizontal_4x3_v5.png?resize=300%2C225&ssl=1 300w, https:\/\/i0.wp.com\/luxonomy.net\/wp-content\/uploads\/2025\/08\/CSIAD_empresas_THEI_horizontal_4x3_v5.png?resize=1024%2C768&ssl=1 1024w, https:\/\/i0.wp.com\/luxonomy.net\/wp-content\/uploads\/2025\/08\/CSIAD_empresas_THEI_horizontal_4x3_v5.png?resize=768%2C576&ssl=1 768w, https:\/\/i0.wp.com\/luxonomy.net\/wp-content\/uploads\/2025\/08\/CSIAD_empresas_THEI_horizontal_4x3_v5.png?resize=1536%2C1152&ssl=1 1536w, https:\/\/i0.wp.com\/luxonomy.net\/wp-content\/uploads\/2025\/08\/CSIAD_empresas_THEI_horizontal_4x3_v5.png?resize=370%2C278&ssl=1 370w, https:\/\/i0.wp.com\/luxonomy.net\/wp-content\/uploads\/2025\/08\/CSIAD_empresas_THEI_horizontal_4x3_v5.png?resize=800%2C600&ssl=1 800w, https:\/\/i0.wp.com\/luxonomy.net\/wp-content\/uploads\/2025\/08\/CSIAD_empresas_THEI_horizontal_4x3_v5.png?resize=20%2C15&ssl=1 20w, https:\/\/i0.wp.com\/luxonomy.net\/wp-content\/uploads\/2025\/08\/CSIAD_empresas_THEI_horizontal_4x3_v5.png?resize=740%2C555&ssl=1 740w, https:\/\/i0.wp.com\/luxonomy.net\/wp-content\/uploads\/2025\/08\/CSIAD_empresas_THEI_horizontal_4x3_v5.png?resize=1600%2C1200&ssl=1 1600w, https:\/\/i0.wp.com\/luxonomy.net\/wp-content\/uploads\/2025\/08\/CSIAD_empresas_THEI_horizontal_4x3_v5.png?resize=1200%2C900&ssl=1 1200w, https:\/\/i0.wp.com\/luxonomy.net\/wp-content\/uploads\/2025\/08\/CSIAD_empresas_THEI_horizontal_4x3_v5.png?resize=64%2C48&ssl=1 64w\" sizes=\"(max-width: 1170px) 100vw, 1170px\" class=\"no-lazyload\" width=\"2000\" height=\"1500\"   \/><\/a><\/div>\n<h3>La educaci\u00f3n y la concienciaci\u00f3n del consumidor<\/h3>\n<p>Para que la moda circular tenga \u00e9xito en el mercado, es crucial educar y concienciar a los consumidores sobre la importancia de la sostenibilidad y las pr\u00e1cticas de consumo responsable. Las marcas de lujo tienen un papel importante en la promoci\u00f3n de esta concienciaci\u00f3n, ya que su influencia puede ayudar a cambiar las percepciones y comportamientos de los consumidores.<\/p>\n<h3>El futuro de la moda circular en la industria del lujo<\/h3>\n<p>El avance de la moda circular en la industria del lujo es una tendencia que continuar\u00e1 en los pr\u00f3ximos a\u00f1os. La creciente demanda de productos sostenibles, la innovaci\u00f3n tecnol\u00f3gica y la necesidad de reducir el impacto ambiental de la industria de la moda impulsar\u00e1n a las marcas de lujo a seguir adoptando pr\u00e1cticas de moda circular.<\/p>\n<p><em>La fusi\u00f3n del lujo y el reciclaje representa una oportunidad para que las marcas de lujo lideren el camino hacia un futuro m\u00e1s sostenible en la industria de la moda. Al adoptar la moda circular, estas empresas pueden demostrar su compromiso con la protecci\u00f3n del medio ambiente y promover la adopci\u00f3n de pr\u00e1cticas de consumo responsable entre los consumidores.<\/em><\/p>\n","protected":false},"excerpt":{"rendered":"<p>En los \u00faltimos a\u00f1os, la industria de la moda ha enfrentado crecientes cr\u00edticas por su impacto negativo en el medio ambiente. La producci\u00f3n masiva de ropa, el uso intensivo de recursos naturales y la generaci\u00f3n de residuos han llevado a la b\u00fasqueda de soluciones sostenibles. Una de las respuestas a esta problem\u00e1tica es la moda&hellip;<\/p>\n","protected":false},"author":19,"featured_media":34154,"comment_status":"open","ping_status":"open","sticky":false,"template":"","format":"standard","meta":{"_jetpack_newsletter_access":"","_jetpack_dont_email_post_to_subs":false,"_jetpack_newsletter_tier_id":0,"_jetpack_memberships_contains_paywalled_content":false,"_jetpack_feature_clip_id":0,"_jetpack_memberships_contains_paid_content":false,"footnotes":"","jetpack_publicize_message":"","jetpack_publicize_feature_enabled":true,"jetpack_social_post_already_shared":true,"jetpack_social_options":{"image_generator_settings":{"template":"edge","default_image_id":0,"font":"","enabled":false},"version":2},"jetpack_post_was_ever_published":false},"categories":[534,688],"tags":[3344,755,2275,2242,3345,3343,3341,2773,3338,3346,372,3102,2507,718,2668,2419,2946,3342,2491,3339,1207,634,395,327,3237,3340],"thb-sponsors":[],"class_list":["post-34153","post","type-post","status-publish","format-standard","has-post-thumbnail","hentry","category-moda","category-sostenibilidad","tag-alquiler-de-prendas","tag-chanel","tag-colaboracion","tag-comunicacion","tag-concienciacion-del-consumidor","tag-consumo-responsable","tag-economia-circular","tag-educacion","tag-fusion-del-lujo","tag-futuro-de-la-moda-circular","tag-gucci","tag-impacto-ambiental","tag-industria-de-la-moda","tag-innovacion","tag-marcas-de-lujo","tag-medio-ambiente","tag-moda-circular","tag-modelo-de-negocio","tag-reciclaje","tag-reutilizacion","tag-segunda-mano","tag-sostenibilidad","tag-stella-mccartney","tag-tecnologia","tag-transparencia","tag-upcycling"],"yoast_head":"<!-- This site is optimized with the Yoast SEO plugin v28.4 - https:\/\/yoast.com\/product\/yoast-seo-wordpress\/ -->\n<title>La fusi\u00f3n del lujo y el reciclaje: Marcas de lujo promoviendo la moda circular | LUXONOMY<\/title>\n<meta name=\"robots\" content=\"index, follow, max-snippet:-1, max-image-preview:large, max-video-preview:-1\" \/>\n<link rel=\"canonical\" href=\"https:\/\/luxonomy.net\/es\/la-fusion-del-lujo-y-el-reciclaje-marcas-de-lujo-promoviendo-la-moda-circular\/\" \/>\n<meta property=\"og:locale\" content=\"es_ES\" \/>\n<meta property=\"og:type\" content=\"article\" \/>\n<meta property=\"og:title\" content=\"La fusi\u00f3n del lujo y el reciclaje: Marcas de lujo promoviendo la moda circular | LUXONOMY\" \/>\n<meta property=\"og:description\" content=\"En los \u00faltimos a\u00f1os, la industria de la moda ha enfrentado crecientes cr\u00edticas por su impacto negativo en el medio ambiente. La producci\u00f3n masiva de ropa, el uso intensivo de recursos naturales y la generaci\u00f3n de residuos han llevado a la b\u00fasqueda de soluciones sostenibles. Una de las respuestas a esta problem\u00e1tica es la moda&hellip;\" \/>\n<meta property=\"og:url\" content=\"https:\/\/luxonomy.net\/es\/la-fusion-del-lujo-y-el-reciclaje-marcas-de-lujo-promoviendo-la-moda-circular\/\" \/>\n<meta property=\"og:site_name\" content=\"LUXONOMY\" \/>\n<meta property=\"article:publisher\" content=\"https:\/\/www.facebook.com\/luxonomy\" \/>\n<meta property=\"article:published_time\" content=\"2023-05-06T14:34:55+00:00\" \/>\n<meta property=\"article:modified_time\" content=\"2023-05-06T14:40:59+00:00\" \/>\n<meta property=\"og:image\" content=\"https:\/\/i0.wp.com\/luxonomy.net\/wp-content\/uploads\/2023\/05\/Gucci-Circular-Lines.jpg?fit=730%2C473&quality=89&ssl=1\" \/>\n\t<meta property=\"og:image:width\" content=\"730\" \/>\n\t<meta property=\"og:image:height\" content=\"473\" \/>\n\t<meta property=\"og:image:type\" content=\"image\/jpeg\" \/>\n<meta name=\"author\" content=\"Pablo Guti\u00e9rrez-Rav\u00e9 Villal\u00f3n\" \/>\n<meta name=\"twitter:card\" content=\"summary_large_image\" \/>\n<meta name=\"twitter:label1\" content=\"Escrito por\" \/>\n\t<meta name=\"twitter:data1\" content=\"Pablo Guti\u00e9rrez-Rav\u00e9 Villal\u00f3n\" \/>\n\t<meta name=\"twitter:label2\" content=\"Tiempo de lectura\" \/>\n\t<meta name=\"twitter:data2\" content=\"4 minutos\" \/>\n<script type=\"application\/ld+json\" class=\"yoast-schema-graph\">{\"@context\":\"https:\\\/\\\/schema.org\",\"@graph\":[{\"@type\":\"Article\",\"@id\":\"https:\\\/\\\/luxonomy.net\\\/es\\\/la-fusion-del-lujo-y-el-reciclaje-marcas-de-lujo-promoviendo-la-moda-circular\\\/#article\",\"isPartOf\":{\"@id\":\"https:\\\/\\\/luxonomy.net\\\/es\\\/la-fusion-del-lujo-y-el-reciclaje-marcas-de-lujo-promoviendo-la-moda-circular\\\/\"},\"author\":{\"name\":\"Pablo Guti\u00e9rrez-Rav\u00e9 Villal\u00f3n\",\"@id\":\"https:\\\/\\\/luxonomy.net\\\/es\\\/#\\\/schema\\\/person\\\/aca186356f30a813f61bbf19ba52c031\"},\"headline\":\"La fusi\u00f3n del lujo y el reciclaje: Marcas de lujo promoviendo la moda circular\",\"datePublished\":\"2023-05-06T14:34:55+00:00\",\"dateModified\":\"2023-05-06T14:40:59+00:00\",\"mainEntityOfPage\":{\"@id\":\"https:\\\/\\\/luxonomy.net\\\/es\\\/la-fusion-del-lujo-y-el-reciclaje-marcas-de-lujo-promoviendo-la-moda-circular\\\/\"},\"wordCount\":880,\"commentCount\":0,\"publisher\":{\"@id\":\"https:\\\/\\\/luxonomy.net\\\/es\\\/#organization\"},\"image\":{\"@id\":\"https:\\\/\\\/luxonomy.net\\\/es\\\/la-fusion-del-lujo-y-el-reciclaje-marcas-de-lujo-promoviendo-la-moda-circular\\\/#primaryimage\"},\"thumbnailUrl\":\"https:\\\/\\\/i0.wp.com\\\/luxonomy.net\\\/wp-content\\\/uploads\\\/2023\\\/05\\\/Gucci-Circular-Lines.jpg?fit=730%2C473&ssl=1\",\"keywords\":[\"alquiler de prendas\",\"Chanel\",\"colaboraci\u00f3n\",\"comunicaci\u00f3n\",\"concienciaci\u00f3n del consumidor\",\"consumo responsable\",\"econom\u00eda circular\",\"educaci\u00f3n\",\"fusi\u00f3n del lujo\",\"futuro de la moda circular\",\"Gucci\",\"impacto ambiental\",\"industria de la moda\",\"innovaci\u00f3n\",\"marcas de lujo\",\"medio ambiente\",\"moda circular\",\"modelo de negocio\",\"reciclaje\",\"reutilizaci\u00f3n\",\"segunda mano\",\"sostenibilidad\",\"Stella McCartney\",\"tecnolog\u00eda\",\"transparencia\",\"upcycling\"],\"articleSection\":[\"Moda\",\"Sostenibilidad\"],\"inLanguage\":\"es\",\"potentialAction\":[{\"@type\":\"CommentAction\",\"name\":\"Comment\",\"target\":[\"https:\\\/\\\/luxonomy.net\\\/es\\\/la-fusion-del-lujo-y-el-reciclaje-marcas-de-lujo-promoviendo-la-moda-circular\\\/#respond\"]}]},{\"@type\":\"WebPage\",\"@id\":\"https:\\\/\\\/luxonomy.net\\\/es\\\/la-fusion-del-lujo-y-el-reciclaje-marcas-de-lujo-promoviendo-la-moda-circular\\\/\",\"url\":\"https:\\\/\\\/luxonomy.net\\\/es\\\/la-fusion-del-lujo-y-el-reciclaje-marcas-de-lujo-promoviendo-la-moda-circular\\\/\",\"name\":\"La fusi\u00f3n del lujo y el reciclaje: Marcas de lujo promoviendo la moda circular | LUXONOMY\",\"isPartOf\":{\"@id\":\"https:\\\/\\\/luxonomy.net\\\/es\\\/#website\"},\"primaryImageOfPage\":{\"@id\":\"https:\\\/\\\/luxonomy.net\\\/es\\\/la-fusion-del-lujo-y-el-reciclaje-marcas-de-lujo-promoviendo-la-moda-circular\\\/#primaryimage\"},\"image\":{\"@id\":\"https:\\\/\\\/luxonomy.net\\\/es\\\/la-fusion-del-lujo-y-el-reciclaje-marcas-de-lujo-promoviendo-la-moda-circular\\\/#primaryimage\"},\"thumbnailUrl\":\"https:\\\/\\\/i0.wp.com\\\/luxonomy.net\\\/wp-content\\\/uploads\\\/2023\\\/05\\\/Gucci-Circular-Lines.jpg?fit=730%2C473&ssl=1\",\"datePublished\":\"2023-05-06T14:34:55+00:00\",\"dateModified\":\"2023-05-06T14:40:59+00:00\",\"breadcrumb\":{\"@id\":\"https:\\\/\\\/luxonomy.net\\\/es\\\/la-fusion-del-lujo-y-el-reciclaje-marcas-de-lujo-promoviendo-la-moda-circular\\\/#breadcrumb\"},\"inLanguage\":\"es\",\"potentialAction\":[{\"@type\":\"ReadAction\",\"target\":[\"https:\\\/\\\/luxonomy.net\\\/es\\\/la-fusion-del-lujo-y-el-reciclaje-marcas-de-lujo-promoviendo-la-moda-circular\\\/\"]}]},{\"@type\":\"ImageObject\",\"inLanguage\":\"es\",\"@id\":\"https:\\\/\\\/luxonomy.net\\\/es\\\/la-fusion-del-lujo-y-el-reciclaje-marcas-de-lujo-promoviendo-la-moda-circular\\\/#primaryimage\",\"url\":\"https:\\\/\\\/i0.wp.com\\\/luxonomy.net\\\/wp-content\\\/uploads\\\/2023\\\/05\\\/Gucci-Circular-Lines.jpg?fit=730%2C473&ssl=1\",\"contentUrl\":\"https:\\\/\\\/i0.wp.com\\\/luxonomy.net\\\/wp-content\\\/uploads\\\/2023\\\/05\\\/Gucci-Circular-Lines.jpg?fit=730%2C473&ssl=1\",\"width\":730,\"height\":473},{\"@type\":\"BreadcrumbList\",\"@id\":\"https:\\\/\\\/luxonomy.net\\\/es\\\/la-fusion-del-lujo-y-el-reciclaje-marcas-de-lujo-promoviendo-la-moda-circular\\\/#breadcrumb\",\"itemListElement\":[{\"@type\":\"ListItem\",\"position\":1,\"name\":\"Portada\",\"item\":\"https:\\\/\\\/luxonomy.net\\\/es\\\/\"},{\"@type\":\"ListItem\",\"position\":2,\"name\":\"La fusi\u00f3n del lujo y el reciclaje: Marcas de lujo promoviendo la moda circular\"}]},{\"@type\":\"WebSite\",\"@id\":\"https:\\\/\\\/luxonomy.net\\\/es\\\/#website\",\"url\":\"https:\\\/\\\/luxonomy.net\\\/es\\\/\",\"name\":\"LUXONOMY\",\"description\":\"The Economy of Fashion &amp; Luxury\",\"publisher\":{\"@id\":\"https:\\\/\\\/luxonomy.net\\\/es\\\/#organization\"},\"potentialAction\":[{\"@type\":\"SearchAction\",\"target\":{\"@type\":\"EntryPoint\",\"urlTemplate\":\"https:\\\/\\\/luxonomy.net\\\/es\\\/?s={search_term_string}\"},\"query-input\":{\"@type\":\"PropertyValueSpecification\",\"valueRequired\":true,\"valueName\":\"search_term_string\"}}],\"inLanguage\":\"es\"},{\"@type\":\"Organization\",\"@id\":\"https:\\\/\\\/luxonomy.net\\\/es\\\/#organization\",\"name\":\"LUXONOMY\",\"url\":\"https:\\\/\\\/luxonomy.net\\\/es\\\/\",\"logo\":{\"@type\":\"ImageObject\",\"inLanguage\":\"es\",\"@id\":\"https:\\\/\\\/luxonomy.net\\\/es\\\/#\\\/schema\\\/logo\\\/image\\\/\",\"url\":\"https:\\\/\\\/i2.wp.com\\\/luxonomy.net\\\/wp-content\\\/uploads\\\/2021\\\/09\\\/MOCKUP-TODOS-LUXONOMY.jpg?fit=1000%2C515&ssl=1\",\"contentUrl\":\"https:\\\/\\\/i2.wp.com\\\/luxonomy.net\\\/wp-content\\\/uploads\\\/2021\\\/09\\\/MOCKUP-TODOS-LUXONOMY.jpg?fit=1000%2C515&ssl=1\",\"width\":1000,\"height\":515,\"caption\":\"LUXONOMY\"},\"image\":{\"@id\":\"https:\\\/\\\/luxonomy.net\\\/es\\\/#\\\/schema\\\/logo\\\/image\\\/\"},\"sameAs\":[\"https:\\\/\\\/www.facebook.com\\\/luxonomy\",\"https:\\\/\\\/www.instagram.com\\\/luxonomy\\\/\",\"https:\\\/\\\/www.linkedin.com\\\/company\\\/luxonomy\\\/\"]},{\"@type\":\"Person\",\"@id\":\"https:\\\/\\\/luxonomy.net\\\/es\\\/#\\\/schema\\\/person\\\/aca186356f30a813f61bbf19ba52c031\",\"name\":\"Pablo Guti\u00e9rrez-Rav\u00e9 Villal\u00f3n\",\"image\":{\"@type\":\"ImageObject\",\"inLanguage\":\"es\",\"@id\":\"https:\\\/\\\/luxonomy.net\\\/wp-content\\\/litespeed\\\/avatar\\\/b80839bcd1d7840754b71e72cad801ce.jpg?ver=1788213692\",\"url\":\"https:\\\/\\\/luxonomy.net\\\/wp-content\\\/litespeed\\\/avatar\\\/b80839bcd1d7840754b71e72cad801ce.jpg?ver=1788213692\",\"contentUrl\":\"https:\\\/\\\/luxonomy.net\\\/wp-content\\\/litespeed\\\/avatar\\\/b80839bcd1d7840754b71e72cad801ce.jpg?ver=1788213692\",\"caption\":\"Pablo Guti\u00e9rrez-Rav\u00e9 Villal\u00f3n\"},\"description\":\"president LUXONOMY\u2122 Group\",\"sameAs\":[\"https:\\\/\\\/www.linkedin.com\\\/in\\\/pablogutierrezrave\\\/\"],\"url\":\"https:\\\/\\\/luxonomy.net\\\/es\\\/author\\\/pablo\\\/\"}]}<\/script>\n<!-- \/ Yoast SEO plugin. -->","yoast_head_json":{"title":"La fusi\u00f3n del lujo y el reciclaje: Marcas de lujo promoviendo la moda circular | LUXONOMY","robots":{"index":"index","follow":"follow","max-snippet":"max-snippet:-1","max-image-preview":"max-image-preview:large","max-video-preview":"max-video-preview:-1"},"canonical":"https:\/\/luxonomy.net\/es\/la-fusion-del-lujo-y-el-reciclaje-marcas-de-lujo-promoviendo-la-moda-circular\/","og_locale":"es_ES","og_type":"article","og_title":"La fusi\u00f3n del lujo y el reciclaje: Marcas de lujo promoviendo la moda circular | LUXONOMY","og_description":"En los \u00faltimos a\u00f1os, la industria de la moda ha enfrentado crecientes cr\u00edticas por su impacto negativo en el medio ambiente. La producci\u00f3n masiva de ropa, el uso intensivo de recursos naturales y la generaci\u00f3n de residuos han llevado a la b\u00fasqueda de soluciones sostenibles. Una de las respuestas a esta problem\u00e1tica es la moda&hellip;","og_url":"https:\/\/luxonomy.net\/es\/la-fusion-del-lujo-y-el-reciclaje-marcas-de-lujo-promoviendo-la-moda-circular\/","og_site_name":"LUXONOMY","article_publisher":"https:\/\/www.facebook.com\/luxonomy","article_published_time":"2023-05-06T14:34:55+00:00","article_modified_time":"2023-05-06T14:40:59+00:00","og_image":[{"width":730,"height":473,"url":"https:\/\/i0.wp.com\/luxonomy.net\/wp-content\/uploads\/2023\/05\/Gucci-Circular-Lines.jpg?fit=730%2C473&quality=89&ssl=1","type":"image\/jpeg"}],"author":"Pablo Guti\u00e9rrez-Rav\u00e9 Villal\u00f3n","twitter_card":"summary_large_image","twitter_misc":{"Escrito por":"Pablo Guti\u00e9rrez-Rav\u00e9 Villal\u00f3n","Tiempo de lectura":"4 minutos"},"schema":{"@context":"https:\/\/schema.org","@graph":[{"@type":"Article","@id":"https:\/\/luxonomy.net\/es\/la-fusion-del-lujo-y-el-reciclaje-marcas-de-lujo-promoviendo-la-moda-circular\/#article","isPartOf":{"@id":"https:\/\/luxonomy.net\/es\/la-fusion-del-lujo-y-el-reciclaje-marcas-de-lujo-promoviendo-la-moda-circular\/"},"author":{"name":"Pablo Guti\u00e9rrez-Rav\u00e9 Villal\u00f3n","@id":"https:\/\/luxonomy.net\/es\/#\/schema\/person\/aca186356f30a813f61bbf19ba52c031"},"headline":"La fusi\u00f3n del lujo y el reciclaje: Marcas de lujo promoviendo la moda circular","datePublished":"2023-05-06T14:34:55+00:00","dateModified":"2023-05-06T14:40:59+00:00","mainEntityOfPage":{"@id":"https:\/\/luxonomy.net\/es\/la-fusion-del-lujo-y-el-reciclaje-marcas-de-lujo-promoviendo-la-moda-circular\/"},"wordCount":880,"commentCount":0,"publisher":{"@id":"https:\/\/luxonomy.net\/es\/#organization"},"image":{"@id":"https:\/\/luxonomy.net\/es\/la-fusion-del-lujo-y-el-reciclaje-marcas-de-lujo-promoviendo-la-moda-circular\/#primaryimage"},"thumbnailUrl":"https:\/\/i0.wp.com\/luxonomy.net\/wp-content\/uploads\/2023\/05\/Gucci-Circular-Lines.jpg?fit=730%2C473&ssl=1","keywords":["alquiler de prendas","Chanel","colaboraci\u00f3n","comunicaci\u00f3n","concienciaci\u00f3n del consumidor","consumo responsable","econom\u00eda circular","educaci\u00f3n","fusi\u00f3n del lujo","futuro de la moda circular","Gucci","impacto ambiental","industria de la moda","innovaci\u00f3n","marcas de lujo","medio ambiente","moda circular","modelo de negocio","reciclaje","reutilizaci\u00f3n","segunda mano","sostenibilidad","Stella McCartney","tecnolog\u00eda","transparencia","upcycling"],"articleSection":["Moda","Sostenibilidad"],"inLanguage":"es","potentialAction":[{"@type":"CommentAction","name":"Comment","target":["https:\/\/luxonomy.net\/es\/la-fusion-del-lujo-y-el-reciclaje-marcas-de-lujo-promoviendo-la-moda-circular\/#respond"]}]},{"@type":"WebPage","@id":"https:\/\/luxonomy.net\/es\/la-fusion-del-lujo-y-el-reciclaje-marcas-de-lujo-promoviendo-la-moda-circular\/","url":"https:\/\/luxonomy.net\/es\/la-fusion-del-lujo-y-el-reciclaje-marcas-de-lujo-promoviendo-la-moda-circular\/","name":"La fusi\u00f3n del lujo y el reciclaje: Marcas de lujo promoviendo la moda circular | LUXONOMY","isPartOf":{"@id":"https:\/\/luxonomy.net\/es\/#website"},"primaryImageOfPage":{"@id":"https:\/\/luxonomy.net\/es\/la-fusion-del-lujo-y-el-reciclaje-marcas-de-lujo-promoviendo-la-moda-circular\/#primaryimage"},"image":{"@id":"https:\/\/luxonomy.net\/es\/la-fusion-del-lujo-y-el-reciclaje-marcas-de-lujo-promoviendo-la-moda-circular\/#primaryimage"},"thumbnailUrl":"https:\/\/i0.wp.com\/luxonomy.net\/wp-content\/uploads\/2023\/05\/Gucci-Circular-Lines.jpg?fit=730%2C473&ssl=1","datePublished":"2023-05-06T14:34:55+00:00","dateModified":"2023-05-06T14:40:59+00:00","breadcrumb":{"@id":"https:\/\/luxonomy.net\/es\/la-fusion-del-lujo-y-el-reciclaje-marcas-de-lujo-promoviendo-la-moda-circular\/#breadcrumb"},"inLanguage":"es","potentialAction":[{"@type":"ReadAction","target":["https:\/\/luxonomy.net\/es\/la-fusion-del-lujo-y-el-reciclaje-marcas-de-lujo-promoviendo-la-moda-circular\/"]}]},{"@type":"ImageObject","inLanguage":"es","@id":"https:\/\/luxonomy.net\/es\/la-fusion-del-lujo-y-el-reciclaje-marcas-de-lujo-promoviendo-la-moda-circular\/#primaryimage","url":"https:\/\/i0.wp.com\/luxonomy.net\/wp-content\/uploads\/2023\/05\/Gucci-Circular-Lines.jpg?fit=730%2C473&ssl=1","contentUrl":"https:\/\/i0.wp.com\/luxonomy.net\/wp-content\/uploads\/2023\/05\/Gucci-Circular-Lines.jpg?fit=730%2C473&ssl=1","width":730,"height":473},{"@type":"BreadcrumbList","@id":"https:\/\/luxonomy.net\/es\/la-fusion-del-lujo-y-el-reciclaje-marcas-de-lujo-promoviendo-la-moda-circular\/#breadcrumb","itemListElement":[{"@type":"ListItem","position":1,"name":"Portada","item":"https:\/\/luxonomy.net\/es\/"},{"@type":"ListItem","position":2,"name":"La fusi\u00f3n del lujo y el reciclaje: Marcas de lujo promoviendo la moda circular"}]},{"@type":"WebSite","@id":"https:\/\/luxonomy.net\/es\/#website","url":"https:\/\/luxonomy.net\/es\/","name":"LUXONOMY","description":"The Economy of Fashion &amp; Luxury","publisher":{"@id":"https:\/\/luxonomy.net\/es\/#organization"},"potentialAction":[{"@type":"SearchAction","target":{"@type":"EntryPoint","urlTemplate":"https:\/\/luxonomy.net\/es\/?s={search_term_string}"},"query-input":{"@type":"PropertyValueSpecification","valueRequired":true,"valueName":"search_term_string"}}],"inLanguage":"es"},{"@type":"Organization","@id":"https:\/\/luxonomy.net\/es\/#organization","name":"LUXONOMY","url":"https:\/\/luxonomy.net\/es\/","logo":{"@type":"ImageObject","inLanguage":"es","@id":"https:\/\/luxonomy.net\/es\/#\/schema\/logo\/image\/","url":"https:\/\/i2.wp.com\/luxonomy.net\/wp-content\/uploads\/2021\/09\/MOCKUP-TODOS-LUXONOMY.jpg?fit=1000%2C515&ssl=1","contentUrl":"https:\/\/i2.wp.com\/luxonomy.net\/wp-content\/uploads\/2021\/09\/MOCKUP-TODOS-LUXONOMY.jpg?fit=1000%2C515&ssl=1","width":1000,"height":515,"caption":"LUXONOMY"},"image":{"@id":"https:\/\/luxonomy.net\/es\/#\/schema\/logo\/image\/"},"sameAs":["https:\/\/www.facebook.com\/luxonomy","https:\/\/www.instagram.com\/luxonomy\/","https:\/\/www.linkedin.com\/company\/luxonomy\/"]},{"@type":"Person","@id":"https:\/\/luxonomy.net\/es\/#\/schema\/person\/aca186356f30a813f61bbf19ba52c031","name":"Pablo Guti\u00e9rrez-Rav\u00e9 Villal\u00f3n","image":{"@type":"ImageObject","inLanguage":"es","@id":"https:\/\/luxonomy.net\/wp-content\/litespeed\/avatar\/b80839bcd1d7840754b71e72cad801ce.jpg?ver=1788213692","url":"https:\/\/luxonomy.net\/wp-content\/litespeed\/avatar\/b80839bcd1d7840754b71e72cad801ce.jpg?ver=1788213692","contentUrl":"https:\/\/luxonomy.net\/wp-content\/litespeed\/avatar\/b80839bcd1d7840754b71e72cad801ce.jpg?ver=1788213692","caption":"Pablo Guti\u00e9rrez-Rav\u00e9 Villal\u00f3n"},"description":"president LUXONOMY\u2122 Group","sameAs":["https:\/\/www.linkedin.com\/in\/pablogutierrezrave\/"],"url":"https:\/\/luxonomy.net\/es\/author\/pablo\/"}]}},"jetpack_publicize_connections":[],"jetpack_shortlink":"https:\/\/wp.me\/paPhBa-8SR","jetpack_sharing_enabled":true,"jetpack_featured_media_url":"https:\/\/i0.wp.com\/luxonomy.net\/wp-content\/uploads\/2023\/05\/Gucci-Circular-Lines.jpg?fit=730%2C473&ssl=1","_links":{"self":[{"href":"https:\/\/luxonomy.net\/es\/wp-json\/wp\/v2\/posts\/34153","targetHints":{"allow":["GET"]}}],"collection":[{"href":"https:\/\/luxonomy.net\/es\/wp-json\/wp\/v2\/posts"}],"about":[{"href":"https:\/\/luxonomy.net\/es\/wp-json\/wp\/v2\/types\/post"}],"author":[{"embeddable":true,"href":"https:\/\/luxonomy.net\/es\/wp-json\/wp\/v2\/users\/19"}],"replies":[{"embeddable":true,"href":"https:\/\/luxonomy.net\/es\/wp-json\/wp\/v2\/comments?post=34153"}],"version-history":[{"count":3,"href":"https:\/\/luxonomy.net\/es\/wp-json\/wp\/v2\/posts\/34153\/revisions"}],"predecessor-version":[{"id":34158,"href":"https:\/\/luxonomy.net\/es\/wp-json\/wp\/v2\/posts\/34153\/revisions\/34158"}],"wp:featuredmedia":[{"embeddable":true,"href":"https:\/\/luxonomy.net\/es\/wp-json\/wp\/v2\/media\/34154"}],"wp:attachment":[{"href":"https:\/\/luxonomy.net\/es\/wp-json\/wp\/v2\/media?parent=34153"}],"wp:term":[{"taxonomy":"category","embeddable":true,"href":"https:\/\/luxonomy.net\/es\/wp-json\/wp\/v2\/categories?post=34153"},{"taxonomy":"post_tag","embeddable":true,"href":"https:\/\/luxonomy.net\/es\/wp-json\/wp\/v2\/tags?post=34153"},{"taxonomy":"thb-sponsors","embeddable":true,"href":"https:\/\/luxonomy.net\/es\/wp-json\/wp\/v2\/thb-sponsors?post=34153"}],"curies":[{"name":"wp","href":"https:\/\/api.w.org\/{rel}","templated":true}]}}