{"id":33388,"date":"2023-03-27T11:22:16","date_gmt":"2023-03-27T09:22:16","guid":{"rendered":"https:\/?p=33388"},"modified":"2023-03-29T11:34:00","modified_gmt":"2023-03-29T09:34:00","slug":"lvmh-anuncia-la-lista-de-los-9-finalistas-del-premio-lvmh-2023","status":"publish","type":"post","link":"https:\/\/luxonomy.net\/es\/lvmh-anuncia-la-lista-de-los-9-finalistas-del-premio-lvmh-2023\/","title":{"rendered":"LVMH anuncia la lista de los 9 finalistas del Premio LVMH 2023"},"content":{"rendered":"<p>La semifinal del Premio LVMH para J\u00f3venes Dise\u00f1adores de Moda tuvo lugar el 2 y 3 de marzo de 2023: veintid\u00f3s j\u00f3venes dise\u00f1adores seleccionados entre 2,400 candidatos presentaron sus colecciones durante un showroom celebrado en Par\u00eds, as\u00ed como en la plataforma digital <a href=\"http:\/\/lvmhprize.com\/\" target=\"_blank\" rel=\"noopener\">lvmhprize.com<\/a>. Este a\u00f1o, el Comit\u00e9 de Expertos del Premio, junto con el p\u00fablico, seleccion\u00f3 a nueve finalistas y sus marcas. Los dise\u00f1adores preseleccionados presentar\u00e1n sus dise\u00f1os al Jurado en la final el 7 de junio en la Fundaci\u00f3n Louis Vuitton.<\/p>\n<p>El 7 de junio, el Jurado elegir\u00e1 entre los finalistas al ganador del Premio LVMH y al ganador del Premio Karl Lagerfeld. Este a\u00f1o, el Jurado incluye a Jonathan Anderson, Maria Grazia Chiuri, Nicolas Ghesqui\u00e8re, Marc Jacobs, Kim Jones, Nigo, Stella McCartney y Silvia Venturini Fendi, as\u00ed como a Delphine Arnault, Jean-Paul Claverie y Sidney Toledano.<\/p>\n<h3>Los nueve finalistas son:<\/h3>\n<p>AARON ESH de Aaron Esh, Reino Unido, moda masculina<\/p><div id=\"luxon-2350843714\" class=\"luxon-3er-parrafo luxon-entity-placement\" style=\"margin-top: 20px;margin-bottom: 20px;margin-left: auto;margin-right: auto;text-align: center;\"><a href=\"https:\/\/luxonomy.university\/course\/master-turismo-de-lujo\" target=\"_blank\" aria-label=\"master-turismo-lujo-2026-2027\"><img loading=\"lazy\" decoding=\"async\" src=\"https:\/\/i0.wp.com\/luxonomy.net\/wp-content\/uploads\/2020\/07\/master-turismo-lujo-2026-2027.jpg?fit=1672%2C941&#038;ssl=1\" alt=\"\"  srcset=\"https:\/\/i0.wp.com\/luxonomy.net\/wp-content\/uploads\/2020\/07\/master-turismo-lujo-2026-2027.jpg?w=1672&ssl=1 1672w, https:\/\/i0.wp.com\/luxonomy.net\/wp-content\/uploads\/2020\/07\/master-turismo-lujo-2026-2027.jpg?resize=300%2C169&ssl=1 300w, https:\/\/i0.wp.com\/luxonomy.net\/wp-content\/uploads\/2020\/07\/master-turismo-lujo-2026-2027.jpg?resize=1024%2C576&ssl=1 1024w, https:\/\/i0.wp.com\/luxonomy.net\/wp-content\/uploads\/2020\/07\/master-turismo-lujo-2026-2027.jpg?resize=768%2C432&ssl=1 768w, https:\/\/i0.wp.com\/luxonomy.net\/wp-content\/uploads\/2020\/07\/master-turismo-lujo-2026-2027.jpg?resize=1536%2C864&ssl=1 1536w, https:\/\/i0.wp.com\/luxonomy.net\/wp-content\/uploads\/2020\/07\/master-turismo-lujo-2026-2027.jpg?resize=370%2C208&ssl=1 370w, https:\/\/i0.wp.com\/luxonomy.net\/wp-content\/uploads\/2020\/07\/master-turismo-lujo-2026-2027.jpg?resize=800%2C450&ssl=1 800w, https:\/\/i0.wp.com\/luxonomy.net\/wp-content\/uploads\/2020\/07\/master-turismo-lujo-2026-2027.jpg?resize=20%2C11&ssl=1 20w, https:\/\/i0.wp.com\/luxonomy.net\/wp-content\/uploads\/2020\/07\/master-turismo-lujo-2026-2027.jpg?resize=740%2C416&ssl=1 740w, https:\/\/i0.wp.com\/luxonomy.net\/wp-content\/uploads\/2020\/07\/master-turismo-lujo-2026-2027.jpg?resize=1600%2C900&ssl=1 1600w, https:\/\/i0.wp.com\/luxonomy.net\/wp-content\/uploads\/2020\/07\/master-turismo-lujo-2026-2027.jpg?resize=1200%2C675&ssl=1 1200w, https:\/\/i0.wp.com\/luxonomy.net\/wp-content\/uploads\/2020\/07\/master-turismo-lujo-2026-2027.jpg?resize=85%2C48&ssl=1 85w\" sizes=\"(max-width: 1170px) 100vw, 1170px\" class=\"no-lazyload\" width=\"1672\" height=\"941\"   \/><\/a><\/div>\n<p>BETTTER de Julie Pelipas, Ucrania, moda femenina<\/p>\n<p>BURC AKYOL de Burc Akyol, Francia, moda femenina, moda masculina y colecciones sin g\u00e9nero<\/p>\n<p>DIOTIMA de Rachel Scott, Jamaica, moda femenina<\/p>\n<p>LUAR de Raul Lopez, Estados Unidos, moda femenina, moda masculina y colecciones sin g\u00e9nero<\/p><div id=\"luxon-884307373\" class=\"luxon-7-parrafo luxon-entity-placement\" style=\"margin-top: 20px;margin-bottom: 20px;margin-left: auto;margin-right: auto;text-align: center;\"><a href=\"https:\/\/theintelligence.institute\/course\/inteligencia-artificial-para-directivos\" target=\"_blank\" aria-label=\"CSIAD_empresas_THEI_horizontal_4x3_v5\"><img loading=\"lazy\" decoding=\"async\" src=\"https:\/\/i0.wp.com\/luxonomy.net\/wp-content\/uploads\/2025\/08\/CSIAD_empresas_THEI_horizontal_4x3_v5.png?fit=2000%2C1500&#038;ssl=1\" alt=\"\"  srcset=\"https:\/\/i0.wp.com\/luxonomy.net\/wp-content\/uploads\/2025\/08\/CSIAD_empresas_THEI_horizontal_4x3_v5.png?w=2000&ssl=1 2000w, https:\/\/i0.wp.com\/luxonomy.net\/wp-content\/uploads\/2025\/08\/CSIAD_empresas_THEI_horizontal_4x3_v5.png?resize=300%2C225&ssl=1 300w, https:\/\/i0.wp.com\/luxonomy.net\/wp-content\/uploads\/2025\/08\/CSIAD_empresas_THEI_horizontal_4x3_v5.png?resize=1024%2C768&ssl=1 1024w, https:\/\/i0.wp.com\/luxonomy.net\/wp-content\/uploads\/2025\/08\/CSIAD_empresas_THEI_horizontal_4x3_v5.png?resize=768%2C576&ssl=1 768w, https:\/\/i0.wp.com\/luxonomy.net\/wp-content\/uploads\/2025\/08\/CSIAD_empresas_THEI_horizontal_4x3_v5.png?resize=1536%2C1152&ssl=1 1536w, https:\/\/i0.wp.com\/luxonomy.net\/wp-content\/uploads\/2025\/08\/CSIAD_empresas_THEI_horizontal_4x3_v5.png?resize=370%2C278&ssl=1 370w, https:\/\/i0.wp.com\/luxonomy.net\/wp-content\/uploads\/2025\/08\/CSIAD_empresas_THEI_horizontal_4x3_v5.png?resize=800%2C600&ssl=1 800w, https:\/\/i0.wp.com\/luxonomy.net\/wp-content\/uploads\/2025\/08\/CSIAD_empresas_THEI_horizontal_4x3_v5.png?resize=20%2C15&ssl=1 20w, https:\/\/i0.wp.com\/luxonomy.net\/wp-content\/uploads\/2025\/08\/CSIAD_empresas_THEI_horizontal_4x3_v5.png?resize=740%2C555&ssl=1 740w, https:\/\/i0.wp.com\/luxonomy.net\/wp-content\/uploads\/2025\/08\/CSIAD_empresas_THEI_horizontal_4x3_v5.png?resize=1600%2C1200&ssl=1 1600w, https:\/\/i0.wp.com\/luxonomy.net\/wp-content\/uploads\/2025\/08\/CSIAD_empresas_THEI_horizontal_4x3_v5.png?resize=1200%2C900&ssl=1 1200w, https:\/\/i0.wp.com\/luxonomy.net\/wp-content\/uploads\/2025\/08\/CSIAD_empresas_THEI_horizontal_4x3_v5.png?resize=64%2C48&ssl=1 64w\" sizes=\"(max-width: 1170px) 100vw, 1170px\" class=\"no-lazyload\" width=\"2000\" height=\"1500\"   \/><\/a><\/div>\n<p>MAGLIANO de Luca Magliano, Italia, moda masculina<\/p>\n<p>PAOLINA RUSSO de Paolina Russo, Canad\u00e1, y Lucile Guilmard, Francia, moda femenina<\/p>\n<p>QUIRA de Veronica Leoni, Italia, moda femenina<\/p>\n<p>SETCHU de Satoshi Kuwata, Jap\u00f3n, colecciones sin g\u00e9nero<\/p>\n<p>Delphine Arnault: \u201cLa semifinal de la d\u00e9cima edici\u00f3n del Premio ha destacado una gran madurez en el enfoque y trabajo de los dise\u00f1adores. La diversidad cultural, la celebraci\u00f3n de las artesan\u00edas tradicionales y la audacia creativa definen esta selecci\u00f3n. Naturalmente, los finalistas est\u00e1n totalmente comprometidos con la gesti\u00f3n de temas medioambientales y juegan con las fronteras entre la moda masculina y femenina. Su experiencia, su creatividad, su singularidad y su compromiso me han impresionado mucho. Quiero agradecer a todos los Expertos por su entusiasmo, su dedicaci\u00f3n y la atenci\u00f3n que dedicaron a descubrir y valorar el trabajo de los dise\u00f1adores que participaron en la semifinal. Los miembros del Jurado y yo estamos deseando ver a los nueve dise\u00f1adores preseleccionados en la final en la Fundaci\u00f3n Louis Vuitton&#8221;.<\/p>\n<p>El premio tambi\u00e9n est\u00e1 abierto a las escuelas de moda y distingue a tres estudiantes reci\u00e9n graduados cada a\u00f1o. Los ganadores y sus respectivas escuelas reciben cada uno una dotaci\u00f3n de 10,000 euros. Los graduados ganadores se unen al estudio de dise\u00f1o de una de las Maisons del grupo durante un a\u00f1o.<\/p>\n<h3>LVMH celebra 25 a\u00f1os de promoci\u00f3n de j\u00f3venes dise\u00f1adores de moda<\/h3>\n<p>Durante los 25 a\u00f1os desde la fundaci\u00f3n de LVMH, las Casas del Grupo se han inspirado en una pasi\u00f3n por la creatividad y la innovaci\u00f3n mientras alimentan un excepcional patrimonio arraigado en el conocimiento tradicional. Como explica Bernard Arnault: \u201cLa innovaci\u00f3n es m\u00e1s poderosa cuando surge de un patrimonio preservado\u201d.<\/p>\n<p>En oficios tan diversos como la moda, la joyer\u00eda, los perfumes, la marroquiner\u00eda, la viticultura o los relojes, las marcas y dise\u00f1adores de LVMH se distinguen en su b\u00fasqueda de la excelencia y su pasi\u00f3n \u00fanica por la innovaci\u00f3n, invenci\u00f3n y creatividad.<\/p>\n<p>Debido a que sus ra\u00edces y su futuro est\u00e1n \u00edntimamente ligados a la creatividad, LVMH y sus marcas siempre han alimentado activamente el talento creativo. La creatividad es uno de los valores fundamentales del Grupo, que gu\u00eda a todos sus equipos, desde los dise\u00f1adores hasta los narices y los maestros bodegueros. Este compromiso inspira a todas las casas de LVMH a apoyar activamente la creatividad en todas sus formas. Por esa raz\u00f3n, la Fundaci\u00f3n Louis Vuitton para el arte contempor\u00e1neo se abri\u00f3 al p\u00fablico en octubre de 2014 en un suntuoso edificio creado por Frank Gehry, sum\u00e1ndose al duradero patrocinio de las artes de LVMH.<\/p>\n<p>Motivado por esta &#8220;pasi\u00f3n por la creatividad&#8221;, LVMH ha apoyado durante muchos a\u00f1os al mundo de la moda a nivel mundial a trav\u00e9s de iniciativas filantr\u00f3picas corporativas, que incluyen:<\/p>\n<ul>\n<li>los premios ANDAM Fashion (Association Nationale de D\u00e9veloppement des Arts de la Mode)<\/li>\n<li>el Festival Internacional de Moda y Fotograf\u00eda de Hy\u00e8res<\/li>\n<li>el Central Saint Martins College of Art and Design en Londres<\/li>\n<li>el fondo de inversi\u00f3n para j\u00f3venes dise\u00f1adores creado por el Ministerio de Cultura y Comunicaci\u00f3n de Francia<\/li>\n<\/ul>\n<p>Esta misma pasi\u00f3n ha llevado al Grupo LVMH a lanzar el Premio LVMH para J\u00f3venes Dise\u00f1adores de Moda. Esta iniciativa ayuda a impulsar el \u00edmpetu y la aparici\u00f3n de nuevos talentos que son esenciales para la vitalidad y diversidad del ecosistema de la moda, un papel que est\u00e1 perfectamente en sinton\u00eda con las responsabilidades del l\u00edder mundial en lujo.<\/p>\n<p>El Premio LVMH recompensa al ganador del Premio LVMH para J\u00f3venes Dise\u00f1adores de Moda con una dotaci\u00f3n de 300,000 euros y un tutor\u00eda personalizada por parte de los equipos de LVMH. Adem\u00e1s, el ganador del Premio Karl Lagerfeld recibe una asignaci\u00f3n de 150,000 euros y tambi\u00e9n disfruta de un a\u00f1o de tutor\u00eda por parte de los equipos de LVMH.<\/p>\n","protected":false},"excerpt":{"rendered":"<p>La semifinal del Premio LVMH para J\u00f3venes Dise\u00f1adores de Moda tuvo lugar el 2 y 3 de marzo de 2023: veintid\u00f3s j\u00f3venes dise\u00f1adores seleccionados entre 2,400 candidatos presentaron sus colecciones durante un showroom celebrado en Par\u00eds, as\u00ed como en la plataforma digital lvmhprize.com. Este a\u00f1o, el Comit\u00e9 de Expertos del Premio, junto con el p\u00fablico,&hellip;<\/p>\n","protected":false},"author":11,"featured_media":33386,"comment_status":"open","ping_status":"open","sticky":false,"template":"","format":"standard","meta":{"_jetpack_newsletter_access":"","_jetpack_dont_email_post_to_subs":false,"_jetpack_newsletter_tier_id":0,"_jetpack_memberships_contains_paywalled_content":false,"_jetpack_feature_clip_id":0,"_jetpack_memberships_contains_paid_content":false,"footnotes":"","jetpack_publicize_message":"","jetpack_publicize_feature_enabled":true,"jetpack_social_post_already_shared":true,"jetpack_social_options":{"image_generator_settings":{"template":"edge","default_image_id":0,"font":"","enabled":false},"version":2},"jetpack_post_was_ever_published":false},"categories":[227],"tags":[2381,2379,1083,585,586,2380],"thb-sponsors":[],"class_list":["post-33388","post","type-post","status-publish","format-standard","has-post-thumbnail","hentry","category-eventos","tag-disenadores-jovenes","tag-finalistas","tag-innovation","tag-lvmh","tag-moda","tag-premio-lvmh-2023"],"yoast_head":"<!-- This site is optimized with the Yoast SEO plugin v28.4 - https:\/\/yoast.com\/product\/yoast-seo-wordpress\/ -->\n<title>LVMH anuncia la lista de los 9 finalistas del Premio LVMH 2023 | LUXONOMY<\/title>\n<meta name=\"robots\" content=\"index, follow, max-snippet:-1, max-image-preview:large, max-video-preview:-1\" \/>\n<link rel=\"canonical\" href=\"https:\/\/luxonomy.net\/es\/lvmh-anuncia-la-lista-de-los-9-finalistas-del-premio-lvmh-2023\/\" \/>\n<meta property=\"og:locale\" content=\"es_ES\" \/>\n<meta property=\"og:type\" content=\"article\" \/>\n<meta property=\"og:title\" content=\"LVMH anuncia la lista de los 9 finalistas del Premio LVMH 2023 | LUXONOMY\" \/>\n<meta property=\"og:description\" content=\"La semifinal del Premio LVMH para J\u00f3venes Dise\u00f1adores de Moda tuvo lugar el 2 y 3 de marzo de 2023: veintid\u00f3s j\u00f3venes dise\u00f1adores seleccionados entre 2,400 candidatos presentaron sus colecciones durante un showroom celebrado en Par\u00eds, as\u00ed como en la plataforma digital lvmhprize.com. Este a\u00f1o, el Comit\u00e9 de Expertos del Premio, junto con el p\u00fablico,&hellip;\" \/>\n<meta property=\"og:url\" content=\"https:\/\/luxonomy.net\/es\/lvmh-anuncia-la-lista-de-los-9-finalistas-del-premio-lvmh-2023\/\" \/>\n<meta property=\"og:site_name\" content=\"LUXONOMY\" \/>\n<meta property=\"article:publisher\" content=\"https:\/\/www.facebook.com\/luxonomy\" \/>\n<meta property=\"article:published_time\" content=\"2023-03-27T09:22:16+00:00\" \/>\n<meta property=\"article:modified_time\" content=\"2023-03-29T09:34:00+00:00\" \/>\n<meta property=\"og:image\" content=\"https:\/\/i0.wp.com\/luxonomy.net\/wp-content\/uploads\/2023\/03\/LVMH-announces-the-list-of-9-%EF%AC%81nalists-of-the-2023-LVMH-Prize.png?fit=1956%2C1100&quality=80&ssl=1\" \/>\n\t<meta property=\"og:image:width\" content=\"1956\" \/>\n\t<meta property=\"og:image:height\" content=\"1100\" \/>\n\t<meta property=\"og:image:type\" content=\"image\/png\" \/>\n<meta name=\"author\" content=\"Kristi Ellis\" \/>\n<meta name=\"twitter:card\" content=\"summary_large_image\" \/>\n<meta name=\"twitter:label1\" content=\"Escrito por\" \/>\n\t<meta name=\"twitter:data1\" content=\"Kristi Ellis\" \/>\n\t<meta name=\"twitter:label2\" content=\"Tiempo de lectura\" \/>\n\t<meta name=\"twitter:data2\" content=\"4 minutos\" \/>\n<script type=\"application\/ld+json\" class=\"yoast-schema-graph\">{\"@context\":\"https:\\\/\\\/schema.org\",\"@graph\":[{\"@type\":\"Article\",\"@id\":\"https:\\\/\\\/luxonomy.net\\\/es\\\/lvmh-anuncia-la-lista-de-los-9-finalistas-del-premio-lvmh-2023\\\/#article\",\"isPartOf\":{\"@id\":\"https:\\\/\\\/luxonomy.net\\\/es\\\/lvmh-anuncia-la-lista-de-los-9-finalistas-del-premio-lvmh-2023\\\/\"},\"author\":{\"name\":\"Kristi Ellis\",\"@id\":\"https:\\\/\\\/luxonomy.net\\\/es\\\/#\\\/schema\\\/person\\\/1a813e5ec518f582af236d6344aa6c01\"},\"headline\":\"LVMH anuncia la lista de los 9 finalistas del Premio LVMH 2023\",\"datePublished\":\"2023-03-27T09:22:16+00:00\",\"dateModified\":\"2023-03-29T09:34:00+00:00\",\"mainEntityOfPage\":{\"@id\":\"https:\\\/\\\/luxonomy.net\\\/es\\\/lvmh-anuncia-la-lista-de-los-9-finalistas-del-premio-lvmh-2023\\\/\"},\"wordCount\":899,\"commentCount\":0,\"publisher\":{\"@id\":\"https:\\\/\\\/luxonomy.net\\\/es\\\/#organization\"},\"image\":{\"@id\":\"https:\\\/\\\/luxonomy.net\\\/es\\\/lvmh-anuncia-la-lista-de-los-9-finalistas-del-premio-lvmh-2023\\\/#primaryimage\"},\"thumbnailUrl\":\"https:\\\/\\\/i0.wp.com\\\/luxonomy.net\\\/wp-content\\\/uploads\\\/2023\\\/03\\\/LVMH-announces-the-list-of-9-%EF%AC%81nalists-of-the-2023-LVMH-Prize.png?fit=1956%2C1100&ssl=1\",\"keywords\":[\"dise\u00f1adores j\u00f3venes\",\"finalistas\",\"innovation\",\"LVMH\",\"Moda\",\"Premio LVMH 2023\"],\"articleSection\":[\"Eventos\"],\"inLanguage\":\"es\",\"potentialAction\":[{\"@type\":\"CommentAction\",\"name\":\"Comment\",\"target\":[\"https:\\\/\\\/luxonomy.net\\\/es\\\/lvmh-anuncia-la-lista-de-los-9-finalistas-del-premio-lvmh-2023\\\/#respond\"]}]},{\"@type\":\"WebPage\",\"@id\":\"https:\\\/\\\/luxonomy.net\\\/es\\\/lvmh-anuncia-la-lista-de-los-9-finalistas-del-premio-lvmh-2023\\\/\",\"url\":\"https:\\\/\\\/luxonomy.net\\\/es\\\/lvmh-anuncia-la-lista-de-los-9-finalistas-del-premio-lvmh-2023\\\/\",\"name\":\"LVMH anuncia la lista de los 9 finalistas del Premio LVMH 2023 | LUXONOMY\",\"isPartOf\":{\"@id\":\"https:\\\/\\\/luxonomy.net\\\/es\\\/#website\"},\"primaryImageOfPage\":{\"@id\":\"https:\\\/\\\/luxonomy.net\\\/es\\\/lvmh-anuncia-la-lista-de-los-9-finalistas-del-premio-lvmh-2023\\\/#primaryimage\"},\"image\":{\"@id\":\"https:\\\/\\\/luxonomy.net\\\/es\\\/lvmh-anuncia-la-lista-de-los-9-finalistas-del-premio-lvmh-2023\\\/#primaryimage\"},\"thumbnailUrl\":\"https:\\\/\\\/i0.wp.com\\\/luxonomy.net\\\/wp-content\\\/uploads\\\/2023\\\/03\\\/LVMH-announces-the-list-of-9-%EF%AC%81nalists-of-the-2023-LVMH-Prize.png?fit=1956%2C1100&ssl=1\",\"datePublished\":\"2023-03-27T09:22:16+00:00\",\"dateModified\":\"2023-03-29T09:34:00+00:00\",\"breadcrumb\":{\"@id\":\"https:\\\/\\\/luxonomy.net\\\/es\\\/lvmh-anuncia-la-lista-de-los-9-finalistas-del-premio-lvmh-2023\\\/#breadcrumb\"},\"inLanguage\":\"es\",\"potentialAction\":[{\"@type\":\"ReadAction\",\"target\":[\"https:\\\/\\\/luxonomy.net\\\/es\\\/lvmh-anuncia-la-lista-de-los-9-finalistas-del-premio-lvmh-2023\\\/\"]}]},{\"@type\":\"ImageObject\",\"inLanguage\":\"es\",\"@id\":\"https:\\\/\\\/luxonomy.net\\\/es\\\/lvmh-anuncia-la-lista-de-los-9-finalistas-del-premio-lvmh-2023\\\/#primaryimage\",\"url\":\"https:\\\/\\\/i0.wp.com\\\/luxonomy.net\\\/wp-content\\\/uploads\\\/2023\\\/03\\\/LVMH-announces-the-list-of-9-%EF%AC%81nalists-of-the-2023-LVMH-Prize.png?fit=1956%2C1100&ssl=1\",\"contentUrl\":\"https:\\\/\\\/i0.wp.com\\\/luxonomy.net\\\/wp-content\\\/uploads\\\/2023\\\/03\\\/LVMH-announces-the-list-of-9-%EF%AC%81nalists-of-the-2023-LVMH-Prize.png?fit=1956%2C1100&ssl=1\",\"width\":1956,\"height\":1100},{\"@type\":\"BreadcrumbList\",\"@id\":\"https:\\\/\\\/luxonomy.net\\\/es\\\/lvmh-anuncia-la-lista-de-los-9-finalistas-del-premio-lvmh-2023\\\/#breadcrumb\",\"itemListElement\":[{\"@type\":\"ListItem\",\"position\":1,\"name\":\"Portada\",\"item\":\"https:\\\/\\\/luxonomy.net\\\/es\\\/\"},{\"@type\":\"ListItem\",\"position\":2,\"name\":\"LVMH anuncia la lista de los 9 finalistas del Premio LVMH 2023\"}]},{\"@type\":\"WebSite\",\"@id\":\"https:\\\/\\\/luxonomy.net\\\/es\\\/#website\",\"url\":\"https:\\\/\\\/luxonomy.net\\\/es\\\/\",\"name\":\"LUXONOMY\",\"description\":\"The Economy of Fashion &amp; Luxury\",\"publisher\":{\"@id\":\"https:\\\/\\\/luxonomy.net\\\/es\\\/#organization\"},\"potentialAction\":[{\"@type\":\"SearchAction\",\"target\":{\"@type\":\"EntryPoint\",\"urlTemplate\":\"https:\\\/\\\/luxonomy.net\\\/es\\\/?s={search_term_string}\"},\"query-input\":{\"@type\":\"PropertyValueSpecification\",\"valueRequired\":true,\"valueName\":\"search_term_string\"}}],\"inLanguage\":\"es\"},{\"@type\":\"Organization\",\"@id\":\"https:\\\/\\\/luxonomy.net\\\/es\\\/#organization\",\"name\":\"LUXONOMY\",\"url\":\"https:\\\/\\\/luxonomy.net\\\/es\\\/\",\"logo\":{\"@type\":\"ImageObject\",\"inLanguage\":\"es\",\"@id\":\"https:\\\/\\\/luxonomy.net\\\/es\\\/#\\\/schema\\\/logo\\\/image\\\/\",\"url\":\"https:\\\/\\\/i2.wp.com\\\/luxonomy.net\\\/wp-content\\\/uploads\\\/2021\\\/09\\\/MOCKUP-TODOS-LUXONOMY.jpg?fit=1000%2C515&ssl=1\",\"contentUrl\":\"https:\\\/\\\/i2.wp.com\\\/luxonomy.net\\\/wp-content\\\/uploads\\\/2021\\\/09\\\/MOCKUP-TODOS-LUXONOMY.jpg?fit=1000%2C515&ssl=1\",\"width\":1000,\"height\":515,\"caption\":\"LUXONOMY\"},\"image\":{\"@id\":\"https:\\\/\\\/luxonomy.net\\\/es\\\/#\\\/schema\\\/logo\\\/image\\\/\"},\"sameAs\":[\"https:\\\/\\\/www.facebook.com\\\/luxonomy\",\"https:\\\/\\\/www.instagram.com\\\/luxonomy\\\/\",\"https:\\\/\\\/www.linkedin.com\\\/company\\\/luxonomy\\\/\"]},{\"@type\":\"Person\",\"@id\":\"https:\\\/\\\/luxonomy.net\\\/es\\\/#\\\/schema\\\/person\\\/1a813e5ec518f582af236d6344aa6c01\",\"name\":\"Kristi Ellis\",\"image\":{\"@type\":\"ImageObject\",\"inLanguage\":\"es\",\"@id\":\"https:\\\/\\\/luxonomy.net\\\/wp-content\\\/litespeed\\\/avatar\\\/ae0c58256b980352bba3c97a8f9abe32.jpg?ver=1787975034\",\"url\":\"https:\\\/\\\/luxonomy.net\\\/wp-content\\\/litespeed\\\/avatar\\\/ae0c58256b980352bba3c97a8f9abe32.jpg?ver=1787975034\",\"contentUrl\":\"https:\\\/\\\/luxonomy.net\\\/wp-content\\\/litespeed\\\/avatar\\\/ae0c58256b980352bba3c97a8f9abe32.jpg?ver=1787975034\",\"caption\":\"Kristi Ellis\"},\"url\":\"https:\\\/\\\/luxonomy.net\\\/es\\\/author\\\/kristi-ellis\\\/\"}]}<\/script>\n<!-- \/ Yoast SEO plugin. -->","yoast_head_json":{"title":"LVMH anuncia la lista de los 9 finalistas del Premio LVMH 2023 | LUXONOMY","robots":{"index":"index","follow":"follow","max-snippet":"max-snippet:-1","max-image-preview":"max-image-preview:large","max-video-preview":"max-video-preview:-1"},"canonical":"https:\/\/luxonomy.net\/es\/lvmh-anuncia-la-lista-de-los-9-finalistas-del-premio-lvmh-2023\/","og_locale":"es_ES","og_type":"article","og_title":"LVMH anuncia la lista de los 9 finalistas del Premio LVMH 2023 | LUXONOMY","og_description":"La semifinal del Premio LVMH para J\u00f3venes Dise\u00f1adores de Moda tuvo lugar el 2 y 3 de marzo de 2023: veintid\u00f3s j\u00f3venes dise\u00f1adores seleccionados entre 2,400 candidatos presentaron sus colecciones durante un showroom celebrado en Par\u00eds, as\u00ed como en la plataforma digital lvmhprize.com. Este a\u00f1o, el Comit\u00e9 de Expertos del Premio, junto con el p\u00fablico,&hellip;","og_url":"https:\/\/luxonomy.net\/es\/lvmh-anuncia-la-lista-de-los-9-finalistas-del-premio-lvmh-2023\/","og_site_name":"LUXONOMY","article_publisher":"https:\/\/www.facebook.com\/luxonomy","article_published_time":"2023-03-27T09:22:16+00:00","article_modified_time":"2023-03-29T09:34:00+00:00","og_image":[{"width":1956,"height":1100,"url":"https:\/\/i0.wp.com\/luxonomy.net\/wp-content\/uploads\/2023\/03\/LVMH-announces-the-list-of-9-%EF%AC%81nalists-of-the-2023-LVMH-Prize.png?fit=1956%2C1100&quality=80&ssl=1","type":"image\/png"}],"author":"Kristi Ellis","twitter_card":"summary_large_image","twitter_misc":{"Escrito por":"Kristi Ellis","Tiempo de lectura":"4 minutos"},"schema":{"@context":"https:\/\/schema.org","@graph":[{"@type":"Article","@id":"https:\/\/luxonomy.net\/es\/lvmh-anuncia-la-lista-de-los-9-finalistas-del-premio-lvmh-2023\/#article","isPartOf":{"@id":"https:\/\/luxonomy.net\/es\/lvmh-anuncia-la-lista-de-los-9-finalistas-del-premio-lvmh-2023\/"},"author":{"name":"Kristi Ellis","@id":"https:\/\/luxonomy.net\/es\/#\/schema\/person\/1a813e5ec518f582af236d6344aa6c01"},"headline":"LVMH anuncia la lista de los 9 finalistas del Premio LVMH 2023","datePublished":"2023-03-27T09:22:16+00:00","dateModified":"2023-03-29T09:34:00+00:00","mainEntityOfPage":{"@id":"https:\/\/luxonomy.net\/es\/lvmh-anuncia-la-lista-de-los-9-finalistas-del-premio-lvmh-2023\/"},"wordCount":899,"commentCount":0,"publisher":{"@id":"https:\/\/luxonomy.net\/es\/#organization"},"image":{"@id":"https:\/\/luxonomy.net\/es\/lvmh-anuncia-la-lista-de-los-9-finalistas-del-premio-lvmh-2023\/#primaryimage"},"thumbnailUrl":"https:\/\/i0.wp.com\/luxonomy.net\/wp-content\/uploads\/2023\/03\/LVMH-announces-the-list-of-9-%EF%AC%81nalists-of-the-2023-LVMH-Prize.png?fit=1956%2C1100&ssl=1","keywords":["dise\u00f1adores j\u00f3venes","finalistas","innovation","LVMH","Moda","Premio LVMH 2023"],"articleSection":["Eventos"],"inLanguage":"es","potentialAction":[{"@type":"CommentAction","name":"Comment","target":["https:\/\/luxonomy.net\/es\/lvmh-anuncia-la-lista-de-los-9-finalistas-del-premio-lvmh-2023\/#respond"]}]},{"@type":"WebPage","@id":"https:\/\/luxonomy.net\/es\/lvmh-anuncia-la-lista-de-los-9-finalistas-del-premio-lvmh-2023\/","url":"https:\/\/luxonomy.net\/es\/lvmh-anuncia-la-lista-de-los-9-finalistas-del-premio-lvmh-2023\/","name":"LVMH anuncia la lista de los 9 finalistas del Premio LVMH 2023 | LUXONOMY","isPartOf":{"@id":"https:\/\/luxonomy.net\/es\/#website"},"primaryImageOfPage":{"@id":"https:\/\/luxonomy.net\/es\/lvmh-anuncia-la-lista-de-los-9-finalistas-del-premio-lvmh-2023\/#primaryimage"},"image":{"@id":"https:\/\/luxonomy.net\/es\/lvmh-anuncia-la-lista-de-los-9-finalistas-del-premio-lvmh-2023\/#primaryimage"},"thumbnailUrl":"https:\/\/i0.wp.com\/luxonomy.net\/wp-content\/uploads\/2023\/03\/LVMH-announces-the-list-of-9-%EF%AC%81nalists-of-the-2023-LVMH-Prize.png?fit=1956%2C1100&ssl=1","datePublished":"2023-03-27T09:22:16+00:00","dateModified":"2023-03-29T09:34:00+00:00","breadcrumb":{"@id":"https:\/\/luxonomy.net\/es\/lvmh-anuncia-la-lista-de-los-9-finalistas-del-premio-lvmh-2023\/#breadcrumb"},"inLanguage":"es","potentialAction":[{"@type":"ReadAction","target":["https:\/\/luxonomy.net\/es\/lvmh-anuncia-la-lista-de-los-9-finalistas-del-premio-lvmh-2023\/"]}]},{"@type":"ImageObject","inLanguage":"es","@id":"https:\/\/luxonomy.net\/es\/lvmh-anuncia-la-lista-de-los-9-finalistas-del-premio-lvmh-2023\/#primaryimage","url":"https:\/\/i0.wp.com\/luxonomy.net\/wp-content\/uploads\/2023\/03\/LVMH-announces-the-list-of-9-%EF%AC%81nalists-of-the-2023-LVMH-Prize.png?fit=1956%2C1100&ssl=1","contentUrl":"https:\/\/i0.wp.com\/luxonomy.net\/wp-content\/uploads\/2023\/03\/LVMH-announces-the-list-of-9-%EF%AC%81nalists-of-the-2023-LVMH-Prize.png?fit=1956%2C1100&ssl=1","width":1956,"height":1100},{"@type":"BreadcrumbList","@id":"https:\/\/luxonomy.net\/es\/lvmh-anuncia-la-lista-de-los-9-finalistas-del-premio-lvmh-2023\/#breadcrumb","itemListElement":[{"@type":"ListItem","position":1,"name":"Portada","item":"https:\/\/luxonomy.net\/es\/"},{"@type":"ListItem","position":2,"name":"LVMH anuncia la lista de los 9 finalistas del Premio LVMH 2023"}]},{"@type":"WebSite","@id":"https:\/\/luxonomy.net\/es\/#website","url":"https:\/\/luxonomy.net\/es\/","name":"LUXONOMY","description":"The Economy of Fashion &amp; Luxury","publisher":{"@id":"https:\/\/luxonomy.net\/es\/#organization"},"potentialAction":[{"@type":"SearchAction","target":{"@type":"EntryPoint","urlTemplate":"https:\/\/luxonomy.net\/es\/?s={search_term_string}"},"query-input":{"@type":"PropertyValueSpecification","valueRequired":true,"valueName":"search_term_string"}}],"inLanguage":"es"},{"@type":"Organization","@id":"https:\/\/luxonomy.net\/es\/#organization","name":"LUXONOMY","url":"https:\/\/luxonomy.net\/es\/","logo":{"@type":"ImageObject","inLanguage":"es","@id":"https:\/\/luxonomy.net\/es\/#\/schema\/logo\/image\/","url":"https:\/\/i2.wp.com\/luxonomy.net\/wp-content\/uploads\/2021\/09\/MOCKUP-TODOS-LUXONOMY.jpg?fit=1000%2C515&ssl=1","contentUrl":"https:\/\/i2.wp.com\/luxonomy.net\/wp-content\/uploads\/2021\/09\/MOCKUP-TODOS-LUXONOMY.jpg?fit=1000%2C515&ssl=1","width":1000,"height":515,"caption":"LUXONOMY"},"image":{"@id":"https:\/\/luxonomy.net\/es\/#\/schema\/logo\/image\/"},"sameAs":["https:\/\/www.facebook.com\/luxonomy","https:\/\/www.instagram.com\/luxonomy\/","https:\/\/www.linkedin.com\/company\/luxonomy\/"]},{"@type":"Person","@id":"https:\/\/luxonomy.net\/es\/#\/schema\/person\/1a813e5ec518f582af236d6344aa6c01","name":"Kristi Ellis","image":{"@type":"ImageObject","inLanguage":"es","@id":"https:\/\/luxonomy.net\/wp-content\/litespeed\/avatar\/ae0c58256b980352bba3c97a8f9abe32.jpg?ver=1787975034","url":"https:\/\/luxonomy.net\/wp-content\/litespeed\/avatar\/ae0c58256b980352bba3c97a8f9abe32.jpg?ver=1787975034","contentUrl":"https:\/\/luxonomy.net\/wp-content\/litespeed\/avatar\/ae0c58256b980352bba3c97a8f9abe32.jpg?ver=1787975034","caption":"Kristi Ellis"},"url":"https:\/\/luxonomy.net\/es\/author\/kristi-ellis\/"}]}},"jetpack_publicize_connections":[],"jetpack_shortlink":"https:\/\/wp.me\/paPhBa-8Gw","jetpack_sharing_enabled":true,"jetpack_featured_media_url":"https:\/\/i0.wp.com\/luxonomy.net\/wp-content\/uploads\/2023\/03\/LVMH-announces-the-list-of-9-%EF%AC%81nalists-of-the-2023-LVMH-Prize.png?fit=1956%2C1100&ssl=1","_links":{"self":[{"href":"https:\/\/luxonomy.net\/es\/wp-json\/wp\/v2\/posts\/33388","targetHints":{"allow":["GET"]}}],"collection":[{"href":"https:\/\/luxonomy.net\/es\/wp-json\/wp\/v2\/posts"}],"about":[{"href":"https:\/\/luxonomy.net\/es\/wp-json\/wp\/v2\/types\/post"}],"author":[{"embeddable":true,"href":"https:\/\/luxonomy.net\/es\/wp-json\/wp\/v2\/users\/11"}],"replies":[{"embeddable":true,"href":"https:\/\/luxonomy.net\/es\/wp-json\/wp\/v2\/comments?post=33388"}],"version-history":[{"count":2,"href":"https:\/\/luxonomy.net\/es\/wp-json\/wp\/v2\/posts\/33388\/revisions"}],"predecessor-version":[{"id":33390,"href":"https:\/\/luxonomy.net\/es\/wp-json\/wp\/v2\/posts\/33388\/revisions\/33390"}],"wp:featuredmedia":[{"embeddable":true,"href":"https:\/\/luxonomy.net\/es\/wp-json\/wp\/v2\/media\/33386"}],"wp:attachment":[{"href":"https:\/\/luxonomy.net\/es\/wp-json\/wp\/v2\/media?parent=33388"}],"wp:term":[{"taxonomy":"category","embeddable":true,"href":"https:\/\/luxonomy.net\/es\/wp-json\/wp\/v2\/categories?post=33388"},{"taxonomy":"post_tag","embeddable":true,"href":"https:\/\/luxonomy.net\/es\/wp-json\/wp\/v2\/tags?post=33388"},{"taxonomy":"thb-sponsors","embeddable":true,"href":"https:\/\/luxonomy.net\/es\/wp-json\/wp\/v2\/thb-sponsors?post=33388"}],"curies":[{"name":"wp","href":"https:\/\/api.w.org\/{rel}","templated":true}]}}